{"id":5833,"date":"2026-01-06T14:58:02","date_gmt":"2026-01-06T13:58:02","guid":{"rendered":"https:\/\/www.bymycar.be\/webzine\/?p=5833"},"modified":"2026-01-06T15:03:32","modified_gmt":"2026-01-06T14:03:32","slug":"acheter-une-mercedes-cla-doccasion-quels-sont-les-modeles-les-plus-fiables","status":"publish","type":"post","link":"https:\/\/www.bymycar.be\/webzine\/acheter-une-mercedes-cla-doccasion-quels-sont-les-modeles-les-plus-fiables\/","title":{"rendered":"Acheter une Mercedes CLA d&rsquo;occasion : quels sont les mod\u00e8les les plus fiables ?"},"content":{"rendered":"","protected":false},"excerpt":{"rendered":"","protected":false},"author":17,"featured_media":0,"comment_status":"closed","ping_status":"closed","sticky":false,"template":"","format":"standard","meta":{"_acf_changed":false,"footnotes":""},"categories":[1458],"tags":[],"class_list":["post-5833","post","type-post","status-publish","format-standard","hentry","category-guide-dachat-mercedes"],"acf":{"image":{"ID":5834,"id":5834,"title":"Mercedes-Benz Concept CLA ClassMercedes-Benz Concept CLA Class","filename":"23c0311-100-scaled.jpg","filesize":270352,"url":"https:\/\/cdn.bymycar.eu\/be-webzine\/wp-content\/uploads\/2026\/01\/06145512\/23c0311-100-scaled.jpg","link":"https:\/\/www.bymycar.be\/webzine\/acheter-une-mercedes-cla-doccasion-quels-sont-les-modeles-les-plus-fiables\/mercedes-benz-concept-cla-classmercedes-benz-concept-cla-class-2\/","alt":"Mercedes Classe CLA","author":"17","description":"","caption":"Mercedes-Benz Concept CLA Class: Repr\u00e4sentiert den Einstieg in die elektrische Zukunft von Mercedes-Benz \n\nMercedes-Benz Concept CLA Class: Represents the electric future of desire. at the gateway to Mercedes-Benz.","name":"mercedes-benz-concept-cla-classmercedes-benz-concept-cla-class-2","status":"inherit","uploaded_to":5833,"date":"2026-01-06 13:55:03","modified":"2026-01-06 13:55:28","menu_order":0,"mime_type":"image\/jpeg","type":"image","subtype":"jpeg","icon":"https:\/\/www.bymycar.be\/webzine\/wp-includes\/images\/media\/default.png","width":2560,"height":1440,"sizes":{"thumbnail":"https:\/\/cdn.bymycar.eu\/be-webzine\/wp-content\/uploads\/2026\/01\/06145512\/23c0311-100-150x150.jpg","thumbnail-width":150,"thumbnail-height":150,"medium":"https:\/\/cdn.bymycar.eu\/be-webzine\/wp-content\/uploads\/2026\/01\/06145512\/23c0311-100-300x169.jpg","medium-width":300,"medium-height":169,"medium_large":"https:\/\/cdn.bymycar.eu\/be-webzine\/wp-content\/uploads\/2026\/01\/06145512\/23c0311-100-768x432.jpg","medium_large-width":768,"medium_large-height":432,"large":"https:\/\/cdn.bymycar.eu\/be-webzine\/wp-content\/uploads\/2026\/01\/06145512\/23c0311-100-1024x576.jpg","large-width":1024,"large-height":576,"1536x1536":"https:\/\/cdn.bymycar.eu\/be-webzine\/wp-content\/uploads\/2026\/01\/06145512\/23c0311-100-1536x864.jpg","1536x1536-width":1536,"1536x1536-height":864,"2048x2048":"https:\/\/cdn.bymycar.eu\/be-webzine\/wp-content\/uploads\/2026\/01\/06145512\/23c0311-100-2048x1152.jpg","2048x2048-width":2048,"2048x2048-height":1152}},"introduction":"<p>\u00c0 la recherche d&rsquo;une <a href=\"https:\/\/www.bymycar.be\/fr\/v\/mercedes-cla-occasion\">Mercedes CLA d&rsquo;occasion<\/a> ? Les Mercedes-Benz CLA d&rsquo;occasion se distinguent par leur design s\u00e9duisant et leur r\u00e9putation d&rsquo;endurance sur le long terme, m\u00eame avec un kilom\u00e9trage \u00e9lev\u00e9. Pour vous guider vers la version id\u00e9ale, BYmyCAR vous propose un guide complet des motorisations les plus robustes et fiables du march\u00e9.<\/p>\n<p>&nbsp;<\/p>\n<p style=\"text-align: center;\"><a href=\"https:\/\/www.bymycar.be\/webzine\/mercedes-cla-le-coupe-4-portes-est-il-un-bon-choix-en-2025\/\"  class=\"css-button css-button--gold\" >\n                Tout savoir sur la Mercedes Classe CLA\n        <\/a><\/p>\n","add-to-bo":false,"page_content":{"block_content":[{"acf_fc_layout":"carousel-produits"},{"acf_fc_layout":"text-simple","--nav":{"-withNav":false,"-ancre":""},"--group":{"-text":"<h2>Diesel : le choix de la fiabilit\u00e9 de la Mercedes CLA 200d d&rsquo;occasion<\/h2>\n<p>Les versions diesel <a href=\"https:\/\/www.bymycar.be\/fr\/v\/mercedes-cla\">Mercedes-Benz CLA<\/a> 200d (150 ch) et CLA 220d (194 ch, moteur OM654) se distinguent par leur robustesse exceptionnelle et leur technologie \u00e9prouv\u00e9e. Ces motorisations offrent un \u00e9quilibre parfait entre performance et long\u00e9vit\u00e9, id\u00e9al pour une acquisition en seconde main.<\/p>\n<p>D\u00e9couvrez les atouts majeurs de cette version :<\/p>\n<ul>\n<li>Performances dynamiques avec une conduite r\u00e9active et sportive, particuli\u00e8rement adapt\u00e9e aux longs trajets ;<\/li>\n<li>Assistance \u00e0 la conduite de haut niveau avec syst\u00e8mes de s\u00e9curit\u00e9 avanc\u00e9s ;<\/li>\n<li>Consommation remarquablement faible (4,2\u20134,8 l\/100 km) permettant une autonomie g\u00e9n\u00e9reuse ;<\/li>\n<li>Conformit\u00e9 aux normes Euro 6d garantissant un acc\u00e8s aux zones \u00e0 faibles \u00e9missions.<\/li>\n<\/ul>\n<p>Ces caract\u00e9ristiques font de la Mercedes CLA diesel un choix judicieux pour les conducteurs recherchant fiabilit\u00e9 et \u00e9conomies au quotidien.<\/p>\n<h2>Essence micro-hybride EQBoost : Mercedes CLA 180 et 250e d&rsquo;occasion<\/h2>\n<p>Les Mercedes-Benz CLA 180 (136 ch, moteur M282) et CLA 200 (163 ch, M282) de deuxi\u00e8me g\u00e9n\u00e9ration se distinguent par une fiabilit\u00e9 remarquablement am\u00e9lior\u00e9e. La Mercedes CLA 250e EQBoost, avec son syst\u00e8me hybride rechargeable de 218 ch et son autonomie \u00e9lectrique g\u00e9n\u00e9reuse, allie performances dynamiques et technologie avanc\u00e9e. Ces mod\u00e8les s\u00e9duisent \u00e9galement par leur habitacle raffin\u00e9, incluant un \u00e9clairage d&rsquo;ambiance personnalisable selon les versions. Une exp\u00e9rience de conduite Mercedes-Benz alliant sportivit\u00e9 et sobri\u00e9t\u00e9 \u00e9nerg\u00e9tique.<\/p>\n<h2>Moteurs AMG : performances dynamiques de la Mercedes CLA 45 S AMG d&rsquo;occasion<\/h2>\n<p>La Mercedes CLA 45 S AMG impressionne avec son moteur 2.0 L turbo d\u00e9veloppant 421 chevaux, l&rsquo;un des quatre cylindres les plus puissants produits en s\u00e9rie. Cette version sportive offre des sensations de conduite exceptionnelles gr\u00e2ce \u00e0 sa transmission int\u00e9grale 4MATIC+ et son syst\u00e8me AMG DYNAMIC SELECT qui adapte le comportement du v\u00e9hicule \u00e0 votre style de conduite. Pour ceux qui recherchent l&rsquo;\u00e9l\u00e9gance sportive, la finition AMG Line propose un look distinctif avec ses jantes 18 pouces et ses \u00e9quipements sp\u00e9cifiques. Les technologies d&rsquo;assistance \u00e0 la conduite \u00e9volu\u00e9es compl\u00e8tent parfaitement cette exp\u00e9rience de conduite dynamique que nos conseillers BYmyCAR vous feront d\u00e9couvrir.<\/p>\n<h2>Bilan : quels mod\u00e8les privil\u00e9gier pour une Mercedes CLA d&rsquo;occasion ?<\/h2>\n<p>Pour une fiabilit\u00e9 optimale parmi les v\u00e9hicules d&rsquo;occasion Mercedes CLA, privil\u00e9giez ces versions :<\/p>\n<ul>\n<li>CLA 220d (194 ch, g\u00e9n\u00e9ration II) pour son moteur OM654 r\u00e9put\u00e9 endurant ;<\/li>\n<li>CLA 200d (150 ch, g\u00e9n\u00e9ration II) offrant un excellent compromis \u00e9conomie-fiabilit\u00e9 ;<\/li>\n<li>CLA 250e EQBoost (essence micro-hybride g\u00e9n\u00e9ration II) avec sa technologie 48V moderne ;<\/li>\n<li>CLA 180 et CLA 200 essence post-2019 (g\u00e9n\u00e9ration II) pour leur fiabilit\u00e9 am\u00e9lior\u00e9e.<\/li>\n<\/ul>\n<p>Ces mod\u00e8les allient robustesse m\u00e9canique, co\u00fbts d&rsquo;entretien ma\u00eetris\u00e9s et \u00e9quipements r\u00e9cents. D\u00e9couvrez notre s\u00e9lection de Mercedes CLA d&rsquo;occasion pour trouver votre futur v\u00e9hicule.<\/p>\n<h2>Versions et finitions : Coup\u00e9, Shooting Brake et AMG Line<\/h2>\n<h3>Mercedes CLA Coup\u00e9 : \u00e9l\u00e9gance intemporelle<\/h3>\n<p>La Mercedes-Benz CLA Coup\u00e9 s\u00e9duit par son design sportif et raffin\u00e9. Avec sa silhouette \u00e9lanc\u00e9e, ses voies \u00e9largies et sa grille de calandre verticale diamant, elle attire imm\u00e9diatement tous les regards. Les feux arri\u00e8re divis\u00e9s en deux parties, partiellement int\u00e9gr\u00e9s dans le hayon, lui conf\u00e8rent une allure particuli\u00e8rement muscl\u00e9e et athl\u00e9tique.<\/p>\n<p>\u00c0 l&rsquo;int\u00e9rieur, la technologie se met au service du confort avec le syst\u00e8me MBUX derni\u00e8re g\u00e9n\u00e9ration offrant un \u00e9clairage d&rsquo;ambiance personnalisable. La finition AMG Line sublime davantage cette \u00e9l\u00e9gance avec des d\u00e9tails sportifs exclusifs et des assistances \u00e0 la conduite perfectionn\u00e9es pour une exp\u00e9rience de conduite \u00e0 la fois dynamique et s\u00e9curisante.<\/p>\n<h3>Mercedes CLA Shooting Brake : style et polyvalence<\/h3>\n<p>Le Mercedes CLA Shooting Brake combine harmonieusement l&rsquo;esth\u00e9tique d&rsquo;un coup\u00e9 avec la fonctionnalit\u00e9 d&rsquo;un break. Son design ext\u00e9rieur distinctif se caract\u00e9rise par une ligne de toit plongeante qui n&rsquo;entrave en rien l&rsquo;habitabilit\u00e9 pour les passagers arri\u00e8re. Son atout majeur : un coffre g\u00e9n\u00e9reux de 505 litres qui peut atteindre 1 370 litres une fois la banquette rabattue.<\/p>\n<p>La modularit\u00e9 exceptionnelle du CLA Shooting Brake s&rsquo;accompagne d&rsquo;une exp\u00e9rience de conduite tout aussi remarquable. En version AMG Line, il b\u00e9n\u00e9ficie d&rsquo;un ch\u00e2ssis sport, d&rsquo;une direction plus directe et d&rsquo;un comportement routier pr\u00e9cis. L&rsquo;alliance parfaite entre \u00e9l\u00e9gance, polyvalence et performances dynamiques pour ceux qui ne veulent faire aucun compromis.<\/p>\n<h2>Bien choisir votre Mercedes CLA d&rsquo;occasion : nos conseils BYmyCAR<\/h2>\n<h3>Kilom\u00e9trage et historique d&rsquo;entretien<\/h3>\n<p>Lors de l&rsquo;achat d&rsquo;une Mercedes CLA d&rsquo;occasion, v\u00e9rifiez m\u00e9ticuleusement le carnet d&rsquo;entretien pour vous assurer que toutes les r\u00e9visions ont \u00e9t\u00e9 effectu\u00e9es dans un r\u00e9seau agr\u00e9\u00e9. Une CLA occasion avec moins de 100 000 km et un historique d&rsquo;entretien complet vous garantit une fiabilit\u00e9 optimale sur le long terme.<\/p>\n<h3>\u00c9quipements d&rsquo;assistance \u00e0 la conduite<\/h3>\n<p>Privil\u00e9giez les mod\u00e8les \u00e9quip\u00e9s de l&rsquo;assistant de trajectoire actif et de l&rsquo;avertisseur d&rsquo;angle mort qui renforcent consid\u00e9rablement la s\u00e9curit\u00e9 de votre voiture d&rsquo;occasion. Les Mercedes CLA r\u00e9centes disposent \u00e9galement du syst\u00e8me MBUX avec commandes vocales, un atout technologique qui valorise votre v\u00e9hicule.<\/p>\n<h3>Finition AMG Line ou Progressive ?<\/h3>\n<p>La finition AMG Line s\u00e9duit par son look sportif avec kit carrosserie sp\u00e9cifique, jantes 18 pouces et si\u00e8ges sport pour une exp\u00e9rience de conduite plus dynamique. La Progressive Line offre quant \u00e0 elle un excellent \u00e9quilibre entre \u00e9l\u00e9gance et confort, id\u00e9al pour un usage quotidien de votre CLA occasion.<\/p>\n<table>\n<thead>\n<tr>\n<th>Crit\u00e8res<\/th>\n<th>Points \u00e0 v\u00e9rifier<\/th>\n<\/tr>\n<\/thead>\n<tbody>\n<tr>\n<td>Motorisation<\/td>\n<td>\u00c9tat du turbo et syst\u00e8me d&rsquo;injection<\/td>\n<\/tr>\n<tr>\n<td>Carrosserie<\/td>\n<td>Absence de corrosion et alignement des panneaux<\/td>\n<\/tr>\n<tr>\n<td>\u00c9quipements<\/td>\n<td>Fonctionnement de l&rsquo;\u00e9cran tactile et des syst\u00e8mes d&rsquo;aide \u00e0 la conduite<\/td>\n<\/tr>\n<tr>\n<td>Entretien<\/td>\n<td>Carnet complet et r\u00e9visions respect\u00e9es<\/td>\n<\/tr>\n<\/tbody>\n<\/table>\n<p>Pour toute question concernant le prix d&rsquo;une Mercedes CLA d&rsquo;occasion, n&rsquo;h\u00e9sitez pas \u00e0 contacter nos conseillers BYmyCAR qui vous proposeront une estimation personnalis\u00e9e selon la finition et l&rsquo;\u00e9tat du v\u00e9hicule.<\/p>\n<h2>FAQ Mercedes CLA occasion<\/h2>\n<h3>Quel est le kilom\u00e9trage id\u00e9al pour une Mercedes CLA d&rsquo;occasion ?<\/h3>\n<p>Pour une Mercedes CLA d&rsquo;occasion, un kilom\u00e9trage entre 80 000 et 110 000 km repr\u00e9sente un bon compromis entre prix et usure. Les mod\u00e8les diesel comme le CLA 200d et 220d supportent bien les kilom\u00e9trages plus \u00e9lev\u00e9s, tandis que les versions essence sont id\u00e9ales avec moins de 100 000 km au compteur. Privil\u00e9giez toujours un v\u00e9hicule avec un carnet d&rsquo;entretien complet, gage de fiabilit\u00e9 sur le long terme.<\/p>\n<h3>Quel est le prix d&rsquo;une Mercedes CLA d&rsquo;occasion ?<\/h3>\n<p>Les tarifs d&rsquo;une Mercedes CLA d&rsquo;occasion varient consid\u00e9rablement selon l&rsquo;ann\u00e9e, la version et l&rsquo;\u00e9tat du v\u00e9hicule. Pour conna\u00eetre pr\u00e9cis\u00e9ment les prix actuels et les offres disponibles, nous vous invitons \u00e0 consulter nos conseillers BYmyCAR qui vous proposeront les meilleures opportunit\u00e9s adapt\u00e9es \u00e0 votre budget et \u00e0 vos besoins sp\u00e9cifiques.<\/p>\n<h3>Quelle version AMG Line choisir pour un usage quotidien ?<\/h3>\n<p>Pour un usage quotidien, la CLA 200d AMG Line offre le meilleur compromis entre performances, \u00e9conomie et confort. Avec ses 150 ch, elle combine sobri\u00e9t\u00e9 et agr\u00e9ment de conduite, tout en b\u00e9n\u00e9ficiant du style sportif AMG. Ses syst\u00e8mes d&rsquo;assistance \u00e0 la conduite et sa bo\u00eete automatique 8G-DCT en font une partenaire id\u00e9ale pour les trajets quotidiens comme pour les longs voyages.<\/p>\n<h3>La Mercedes CLA Shooting Brake est-elle disponible en hybride ?<\/h3>\n<p>Oui, la Mercedes CLA Shooting Brake est disponible en version hybride rechargeable, notamment en CLA 250e d\u00e9veloppant 218 ch et combinant un moteur essence avec un moteur \u00e9lectrique. <a href=\"https:\/\/www.bymycar.be\/fr\/v\/mercedes\">Mercedes-Benz<\/a> propose \u00e9galement des versions micro-hybrides 48V sur les motorisations essence, offrant un excellent compromis entre performances et sobri\u00e9t\u00e9, avec une consommation r\u00e9duite en milieu urbain.<\/p>\n<p><strong>Sources :<\/strong><\/p>\n<ul>\n<li><a href=\"https:\/\/www.auto-doc.fr\/info\/moteurs-mercedes-benz-cla\" target=\"_blank\" rel=\"noopener\">Moteurs Mercedes-Benz CLA<\/a><\/li>\n<\/ul>\n<p><!--StartFragment --><\/p>\n<p class=\"pf0\"><strong><span class=\"cf0\">D\u00e9couvrez aussi :<\/span><\/strong><\/p>\n<ul>\n<li class=\"pf1\"><a href=\"https:\/\/www.bymycar.be\/webzine\/mercedes-cla-vs-audi-a5-sportback-quel-modele-offre-le-meilleur-compromis\/\"><span class=\"cf1\">Mercedes CLA vs Audi A5 <\/span><span class=\"cf1\">Sportback<\/span><span class=\"cf1\"> : quel mod\u00e8le offre le meilleur compromis ?<\/span><\/a><\/li>\n<li class=\"pf1\"><a href=\"https:\/\/www.bymycar.be\/webzine\/mercedes-cla-amg-180-200-250-ou-45-s-quelle-motorisation-choisir\/\"><span class=\"cf1\">CLA 180, 200, 250 ou AMG 45 S : quelle motorisation choisir pour un usage optimal ?<\/span><\/a><\/li>\n<li class=\"pf1\"><a href=\"https:\/\/www.bymycar.be\/webzine\/mercedes-cla-shooting-brake-ou-berline-quelle-version-est-la-plus-polyvalente\/\"><span class=\"cf1\">Mercedes CLA Shooting <\/span><span class=\"cf1\">Brake<\/span><span class=\"cf1\"> ou berline : quelle version est la plus polyvalente ?<\/span><\/a><\/li>\n<li class=\"pf1\"><a href=\"https:\/\/www.bymycar.be\/webzine\/mercedes-cla-hybride-rechargeable-choix-pertinent-ou-simple-argument-marketing\/\"><span class=\"cf1\">CLA hybride rechargeable : un choix pertinent ou un simple argument marketing ?<\/span><\/a><\/li>\n<\/ul>\n<p><!--EndFragment --><\/p>\n"}}]}},"yoast_head":"<!-- This site is optimized with the Yoast SEO Premium plugin v26.4 (Yoast SEO v27.1.1) - https:\/\/yoast.com\/product\/yoast-seo-premium-wordpress\/ -->\n<title>Acheter une Mercedes CLA d&#039;occasion : quels sont les mod\u00e8les les plus fiables ? - Webzine BE | BYmyCAR<\/title>\n<meta name=\"robots\" content=\"index, follow, max-snippet:-1, max-image-preview:large, max-video-preview:-1\" \/>\n<link rel=\"canonical\" href=\"https:\/\/www.bymycar.be\/webzine\/acheter-une-mercedes-cla-doccasion-quels-sont-les-modeles-les-plus-fiables\/\" \/>\n<meta property=\"og:locale\" content=\"fr_FR\" \/>\n<meta property=\"og:type\" content=\"article\" \/>\n<meta property=\"og:title\" content=\"Acheter une Mercedes CLA d&#039;occasion : quels sont les mod\u00e8les les plus fiables ?\" \/>\n<meta property=\"og:url\" content=\"https:\/\/www.bymycar.be\/webzine\/acheter-une-mercedes-cla-doccasion-quels-sont-les-modeles-les-plus-fiables\/\" \/>\n<meta property=\"og:site_name\" content=\"Webzine BE | BYmyCAR\" \/>\n<meta property=\"article:publisher\" content=\"https:\/\/www.facebook.com\/BYmyCAR.officiel\/\" \/>\n<meta property=\"article:published_time\" content=\"2026-01-06T13:58:02+00:00\" \/>\n<meta property=\"article:modified_time\" content=\"2026-01-06T14:03:32+00:00\" \/>\n<meta name=\"author\" content=\"Tom Fernandes\" \/>\n<meta name=\"twitter:card\" content=\"summary_large_image\" \/>\n<meta name=\"twitter:label1\" content=\"\u00c9crit par\" \/>\n\t<meta name=\"twitter:data1\" content=\"Tom Fernandes\" \/>\n<script type=\"application\/ld+json\" class=\"yoast-schema-graph\">{\"@context\":\"https:\/\/schema.org\",\"@graph\":[{\"@type\":\"Article\",\"@id\":\"https:\/\/www.bymycar.be\/webzine\/acheter-une-mercedes-cla-doccasion-quels-sont-les-modeles-les-plus-fiables\/#article\",\"isPartOf\":{\"@id\":\"https:\/\/www.bymycar.be\/webzine\/acheter-une-mercedes-cla-doccasion-quels-sont-les-modeles-les-plus-fiables\/\"},\"author\":{\"name\":\"Tom Fernandes\",\"@id\":\"https:\/\/www.bymycar.be\/webzine\/nl\/#\/schema\/person\/6cd99e624bbd64604349ff20ee1ed853\"},\"headline\":\"Acheter une Mercedes CLA d&rsquo;occasion : quels sont les mod\u00e8les les plus fiables ?\",\"datePublished\":\"2026-01-06T13:58:02+00:00\",\"dateModified\":\"2026-01-06T14:03:32+00:00\",\"mainEntityOfPage\":{\"@id\":\"https:\/\/www.bymycar.be\/webzine\/acheter-une-mercedes-cla-doccasion-quels-sont-les-modeles-les-plus-fiables\/\"},\"wordCount\":14,\"publisher\":{\"@id\":\"https:\/\/www.bymycar.be\/webzine\/nl\/#organization\"},\"articleSection\":[\"Guide d'achat Mercedes\"],\"inLanguage\":\"fr-FR\"},{\"@type\":\"WebPage\",\"@id\":\"https:\/\/www.bymycar.be\/webzine\/acheter-une-mercedes-cla-doccasion-quels-sont-les-modeles-les-plus-fiables\/\",\"url\":\"https:\/\/www.bymycar.be\/webzine\/acheter-une-mercedes-cla-doccasion-quels-sont-les-modeles-les-plus-fiables\/\",\"name\":\"Acheter une Mercedes CLA d'occasion : quels sont les mod\u00e8les les plus fiables ? - Webzine BE | BYmyCAR\",\"isPartOf\":{\"@id\":\"https:\/\/www.bymycar.be\/webzine\/nl\/#website\"},\"datePublished\":\"2026-01-06T13:58:02+00:00\",\"dateModified\":\"2026-01-06T14:03:32+00:00\",\"breadcrumb\":{\"@id\":\"https:\/\/www.bymycar.be\/webzine\/acheter-une-mercedes-cla-doccasion-quels-sont-les-modeles-les-plus-fiables\/#breadcrumb\"},\"inLanguage\":\"fr-FR\",\"potentialAction\":[{\"@type\":\"ReadAction\",\"target\":[\"https:\/\/www.bymycar.be\/webzine\/acheter-une-mercedes-cla-doccasion-quels-sont-les-modeles-les-plus-fiables\/\"]}]},{\"@type\":\"BreadcrumbList\",\"@id\":\"https:\/\/www.bymycar.be\/webzine\/acheter-une-mercedes-cla-doccasion-quels-sont-les-modeles-les-plus-fiables\/#breadcrumb\",\"itemListElement\":[{\"@type\":\"ListItem\",\"position\":1,\"name\":\"Accueil\",\"item\":\"https:\/\/www.bymycar.be\/webzine\/\"},{\"@type\":\"ListItem\",\"position\":2,\"name\":\"Acheter une Mercedes CLA d&rsquo;occasion : quels sont les mod\u00e8les les plus fiables ?\"}]},{\"@type\":\"WebSite\",\"@id\":\"https:\/\/www.bymycar.be\/webzine\/nl\/#website\",\"url\":\"https:\/\/www.bymycar.be\/webzine\/nl\/\",\"name\":\"Webzine | BYmyCAR\",\"description\":\"_Le webzine auto de\",\"publisher\":{\"@id\":\"https:\/\/www.bymycar.be\/webzine\/nl\/#organization\"},\"potentialAction\":[{\"@type\":\"SearchAction\",\"target\":{\"@type\":\"EntryPoint\",\"urlTemplate\":\"https:\/\/www.bymycar.be\/webzine\/nl\/?s={search_term_string}\"},\"query-input\":{\"@type\":\"PropertyValueSpecification\",\"valueRequired\":true,\"valueName\":\"search_term_string\"}}],\"inLanguage\":\"fr-FR\"},{\"@type\":\"Organization\",\"@id\":\"https:\/\/www.bymycar.be\/webzine\/nl\/#organization\",\"name\":\"Webzine | BYmyCAR\",\"url\":\"https:\/\/www.bymycar.be\/webzine\/nl\/\",\"logo\":{\"@type\":\"ImageObject\",\"inLanguage\":\"fr-FR\",\"@id\":\"https:\/\/www.bymycar.be\/webzine\/nl\/#\/schema\/logo\/image\/\",\"url\":\"https:\/\/cdn.bymycar.eu\/be-webzine\/wp-content\/uploads\/2024\/11\/20203047\/logo.png\",\"contentUrl\":\"https:\/\/cdn.bymycar.eu\/be-webzine\/wp-content\/uploads\/2024\/11\/20203047\/logo.png\",\"width\":1280,\"height\":512,\"caption\":\"Webzine | BYmyCAR\"},\"image\":{\"@id\":\"https:\/\/www.bymycar.be\/webzine\/nl\/#\/schema\/logo\/image\/\"},\"sameAs\":[\"https:\/\/www.facebook.com\/BYmyCAR.officiel\/\",\"https:\/\/www.instagram.com\/bymycar.officiel\/\"]},{\"@type\":\"Person\",\"@id\":\"https:\/\/www.bymycar.be\/webzine\/nl\/#\/schema\/person\/6cd99e624bbd64604349ff20ee1ed853\",\"name\":\"Tom Fernandes\",\"image\":{\"@type\":\"ImageObject\",\"inLanguage\":\"fr-FR\",\"@id\":\"https:\/\/www.bymycar.be\/webzine\/nl\/#\/schema\/person\/image\/\",\"url\":\"https:\/\/secure.gravatar.com\/avatar\/81b17c0cc5a6f1f7f394984269a7cbad9c7cca9604839da024242cf665051fbf?s=96&d=mm&r=g\",\"contentUrl\":\"https:\/\/secure.gravatar.com\/avatar\/81b17c0cc5a6f1f7f394984269a7cbad9c7cca9604839da024242cf665051fbf?s=96&d=mm&r=g\",\"caption\":\"Tom Fernandes\"}}]}<\/script>\n<!-- \/ Yoast SEO Premium plugin. -->","yoast_head_json":{"title":"Acheter une Mercedes CLA d'occasion : quels sont les mod\u00e8les les plus fiables ? - Webzine BE | BYmyCAR","robots":{"index":"index","follow":"follow","max-snippet":"max-snippet:-1","max-image-preview":"max-image-preview:large","max-video-preview":"max-video-preview:-1"},"canonical":"https:\/\/www.bymycar.be\/webzine\/acheter-une-mercedes-cla-doccasion-quels-sont-les-modeles-les-plus-fiables\/","og_locale":"fr_FR","og_type":"article","og_title":"Acheter une Mercedes CLA d'occasion : quels sont les mod\u00e8les les plus fiables ?","og_url":"https:\/\/www.bymycar.be\/webzine\/acheter-une-mercedes-cla-doccasion-quels-sont-les-modeles-les-plus-fiables\/","og_site_name":"Webzine BE | BYmyCAR","article_publisher":"https:\/\/www.facebook.com\/BYmyCAR.officiel\/","article_published_time":"2026-01-06T13:58:02+00:00","article_modified_time":"2026-01-06T14:03:32+00:00","author":"Tom Fernandes","twitter_card":"summary_large_image","twitter_misc":{"\u00c9crit par":"Tom Fernandes"},"schema":{"@context":"https:\/\/schema.org","@graph":[{"@type":"Article","@id":"https:\/\/www.bymycar.be\/webzine\/acheter-une-mercedes-cla-doccasion-quels-sont-les-modeles-les-plus-fiables\/#article","isPartOf":{"@id":"https:\/\/www.bymycar.be\/webzine\/acheter-une-mercedes-cla-doccasion-quels-sont-les-modeles-les-plus-fiables\/"},"author":{"name":"Tom Fernandes","@id":"https:\/\/www.bymycar.be\/webzine\/nl\/#\/schema\/person\/6cd99e624bbd64604349ff20ee1ed853"},"headline":"Acheter une Mercedes CLA d&rsquo;occasion : quels sont les mod\u00e8les les plus fiables ?","datePublished":"2026-01-06T13:58:02+00:00","dateModified":"2026-01-06T14:03:32+00:00","mainEntityOfPage":{"@id":"https:\/\/www.bymycar.be\/webzine\/acheter-une-mercedes-cla-doccasion-quels-sont-les-modeles-les-plus-fiables\/"},"wordCount":14,"publisher":{"@id":"https:\/\/www.bymycar.be\/webzine\/nl\/#organization"},"articleSection":["Guide d'achat Mercedes"],"inLanguage":"fr-FR"},{"@type":"WebPage","@id":"https:\/\/www.bymycar.be\/webzine\/acheter-une-mercedes-cla-doccasion-quels-sont-les-modeles-les-plus-fiables\/","url":"https:\/\/www.bymycar.be\/webzine\/acheter-une-mercedes-cla-doccasion-quels-sont-les-modeles-les-plus-fiables\/","name":"Acheter une Mercedes CLA d'occasion : quels sont les mod\u00e8les les plus fiables ? - Webzine BE | BYmyCAR","isPartOf":{"@id":"https:\/\/www.bymycar.be\/webzine\/nl\/#website"},"datePublished":"2026-01-06T13:58:02+00:00","dateModified":"2026-01-06T14:03:32+00:00","breadcrumb":{"@id":"https:\/\/www.bymycar.be\/webzine\/acheter-une-mercedes-cla-doccasion-quels-sont-les-modeles-les-plus-fiables\/#breadcrumb"},"inLanguage":"fr-FR","potentialAction":[{"@type":"ReadAction","target":["https:\/\/www.bymycar.be\/webzine\/acheter-une-mercedes-cla-doccasion-quels-sont-les-modeles-les-plus-fiables\/"]}]},{"@type":"BreadcrumbList","@id":"https:\/\/www.bymycar.be\/webzine\/acheter-une-mercedes-cla-doccasion-quels-sont-les-modeles-les-plus-fiables\/#breadcrumb","itemListElement":[{"@type":"ListItem","position":1,"name":"Accueil","item":"https:\/\/www.bymycar.be\/webzine\/"},{"@type":"ListItem","position":2,"name":"Acheter une Mercedes CLA d&rsquo;occasion : quels sont les mod\u00e8les les plus fiables ?"}]},{"@type":"WebSite","@id":"https:\/\/www.bymycar.be\/webzine\/nl\/#website","url":"https:\/\/www.bymycar.be\/webzine\/nl\/","name":"Webzine | BYmyCAR","description":"_Le webzine auto de","publisher":{"@id":"https:\/\/www.bymycar.be\/webzine\/nl\/#organization"},"potentialAction":[{"@type":"SearchAction","target":{"@type":"EntryPoint","urlTemplate":"https:\/\/www.bymycar.be\/webzine\/nl\/?s={search_term_string}"},"query-input":{"@type":"PropertyValueSpecification","valueRequired":true,"valueName":"search_term_string"}}],"inLanguage":"fr-FR"},{"@type":"Organization","@id":"https:\/\/www.bymycar.be\/webzine\/nl\/#organization","name":"Webzine | BYmyCAR","url":"https:\/\/www.bymycar.be\/webzine\/nl\/","logo":{"@type":"ImageObject","inLanguage":"fr-FR","@id":"https:\/\/www.bymycar.be\/webzine\/nl\/#\/schema\/logo\/image\/","url":"https:\/\/cdn.bymycar.eu\/be-webzine\/wp-content\/uploads\/2024\/11\/20203047\/logo.png","contentUrl":"https:\/\/cdn.bymycar.eu\/be-webzine\/wp-content\/uploads\/2024\/11\/20203047\/logo.png","width":1280,"height":512,"caption":"Webzine | BYmyCAR"},"image":{"@id":"https:\/\/www.bymycar.be\/webzine\/nl\/#\/schema\/logo\/image\/"},"sameAs":["https:\/\/www.facebook.com\/BYmyCAR.officiel\/","https:\/\/www.instagram.com\/bymycar.officiel\/"]},{"@type":"Person","@id":"https:\/\/www.bymycar.be\/webzine\/nl\/#\/schema\/person\/6cd99e624bbd64604349ff20ee1ed853","name":"Tom Fernandes","image":{"@type":"ImageObject","inLanguage":"fr-FR","@id":"https:\/\/www.bymycar.be\/webzine\/nl\/#\/schema\/person\/image\/","url":"https:\/\/secure.gravatar.com\/avatar\/81b17c0cc5a6f1f7f394984269a7cbad9c7cca9604839da024242cf665051fbf?s=96&d=mm&r=g","contentUrl":"https:\/\/secure.gravatar.com\/avatar\/81b17c0cc5a6f1f7f394984269a7cbad9c7cca9604839da024242cf665051fbf?s=96&d=mm&r=g","caption":"Tom Fernandes"}}]}},"_links":{"self":[{"href":"https:\/\/www.bymycar.be\/webzine\/wp-json\/wp\/v2\/posts\/5833","targetHints":{"allow":["GET"]}}],"collection":[{"href":"https:\/\/www.bymycar.be\/webzine\/wp-json\/wp\/v2\/posts"}],"about":[{"href":"https:\/\/www.bymycar.be\/webzine\/wp-json\/wp\/v2\/types\/post"}],"author":[{"embeddable":true,"href":"https:\/\/www.bymycar.be\/webzine\/wp-json\/wp\/v2\/users\/17"}],"replies":[{"embeddable":true,"href":"https:\/\/www.bymycar.be\/webzine\/wp-json\/wp\/v2\/comments?post=5833"}],"version-history":[{"count":3,"href":"https:\/\/www.bymycar.be\/webzine\/wp-json\/wp\/v2\/posts\/5833\/revisions"}],"predecessor-version":[{"id":5842,"href":"https:\/\/www.bymycar.be\/webzine\/wp-json\/wp\/v2\/posts\/5833\/revisions\/5842"}],"wp:attachment":[{"href":"https:\/\/www.bymycar.be\/webzine\/wp-json\/wp\/v2\/media?parent=5833"}],"wp:term":[{"taxonomy":"category","embeddable":true,"href":"https:\/\/www.bymycar.be\/webzine\/wp-json\/wp\/v2\/categories?post=5833"},{"taxonomy":"post_tag","embeddable":true,"href":"https:\/\/www.bymycar.be\/webzine\/wp-json\/wp\/v2\/tags?post=5833"}],"curies":[{"name":"wp","href":"https:\/\/api.w.org\/{rel}","templated":true}]}}