{"id":5828,"date":"2026-01-06T14:49:30","date_gmt":"2026-01-06T13:49:30","guid":{"rendered":"https:\/\/www.bymycar.be\/webzine\/?p=5828"},"modified":"2026-01-06T15:03:26","modified_gmt":"2026-01-06T14:03:26","slug":"mercedes-cla-hybride-rechargeable-choix-pertinent-ou-simple-argument-marketing","status":"publish","type":"post","link":"https:\/\/www.bymycar.be\/webzine\/mercedes-cla-hybride-rechargeable-choix-pertinent-ou-simple-argument-marketing\/","title":{"rendered":"Mercedes CLA hybride rechargeable : choix pertinent ou simple argument marketing ?"},"content":{"rendered":"","protected":false},"excerpt":{"rendered":"","protected":false},"author":17,"featured_media":0,"comment_status":"closed","ping_status":"closed","sticky":false,"template":"","format":"standard","meta":{"_acf_changed":false,"footnotes":""},"categories":[1458],"tags":[],"class_list":["post-5828","post","type-post","status-publish","format-standard","hentry","category-guide-dachat-mercedes"],"acf":{"image":{"ID":5829,"id":5829,"title":"Mercedes-Benz Concept CLA ClassMercedes-Benz Concept CLA Class","filename":"23c0311-114-scaled.jpg","filesize":196636,"url":"https:\/\/cdn.bymycar.eu\/be-webzine\/wp-content\/uploads\/2026\/01\/06144632\/23c0311-114-scaled.jpg","link":"https:\/\/www.bymycar.be\/webzine\/mercedes-cla-hybride-rechargeable-choix-pertinent-ou-simple-argument-marketing\/mercedes-benz-concept-cla-classmercedes-benz-concept-cla-class\/","alt":"Mercedes Classe CLA","author":"17","description":"","caption":"Mercedes-Benz Concept CLA Class \u2013 Exterieur \n\nMercedes-Benz Concept CLA Class \u2013 Exterior","name":"mercedes-benz-concept-cla-classmercedes-benz-concept-cla-class","status":"inherit","uploaded_to":5828,"date":"2026-01-06 13:46:31","modified":"2026-01-06 13:46:58","menu_order":0,"mime_type":"image\/jpeg","type":"image","subtype":"jpeg","icon":"https:\/\/www.bymycar.be\/webzine\/wp-includes\/images\/media\/default.png","width":2560,"height":1440,"sizes":{"thumbnail":"https:\/\/cdn.bymycar.eu\/be-webzine\/wp-content\/uploads\/2026\/01\/06144632\/23c0311-114-150x150.jpg","thumbnail-width":150,"thumbnail-height":150,"medium":"https:\/\/cdn.bymycar.eu\/be-webzine\/wp-content\/uploads\/2026\/01\/06144632\/23c0311-114-300x169.jpg","medium-width":300,"medium-height":169,"medium_large":"https:\/\/cdn.bymycar.eu\/be-webzine\/wp-content\/uploads\/2026\/01\/06144632\/23c0311-114-768x432.jpg","medium_large-width":768,"medium_large-height":432,"large":"https:\/\/cdn.bymycar.eu\/be-webzine\/wp-content\/uploads\/2026\/01\/06144632\/23c0311-114-1024x576.jpg","large-width":1024,"large-height":576,"1536x1536":"https:\/\/cdn.bymycar.eu\/be-webzine\/wp-content\/uploads\/2026\/01\/06144632\/23c0311-114-1536x864.jpg","1536x1536-width":1536,"1536x1536-height":864,"2048x2048":"https:\/\/cdn.bymycar.eu\/be-webzine\/wp-content\/uploads\/2026\/01\/06144632\/23c0311-114-2048x1152.jpg","2048x2048-width":2048,"2048x2048-height":1152}},"introduction":"<p>La<a href=\"https:\/\/www.bymycar.be\/fr\/v\/mercedes-cla\"> Mercedes CLA<\/a> hybride rechargeable repr\u00e9sente une solution technique avanc\u00e9e, bien au-del\u00e0 d&rsquo;un simple argument marketing. Ce mod\u00e8le allie efficience \u00e9nerg\u00e9tique offrant jusqu&rsquo;\u00e0 79 kilom\u00e8tres d&rsquo;autonomie en mode \u00e9lectrique pur, polyvalence d&rsquo;usage quotidien et innovations majeures pour une conduite responsable et dynamique.<\/p>\n<p>&nbsp;<\/p>\n<p style=\"text-align: center;\"><a href=\"https:\/\/www.bymycar.be\/webzine\/mercedes-cla-le-coupe-4-portes-est-il-un-bon-choix-en-2025\/\"  class=\"css-button css-button--gold\" >\n                Tout savoir sur la Mercedes Classe CLA\n        <\/a><\/p>\n","add-to-bo":false,"page_content":{"block_content":[{"acf_fc_layout":"carousel-produits"},{"acf_fc_layout":"text-simple","--nav":{"-withNav":false,"-ancre":""},"--group":{"-text":"<h2>Efficience \u00e9lectrique et technologie de la Mercedes CLA hybride<\/h2>\n<h3>Motorisations et performances<\/h3>\n<p>La Mercedes-Benz CLA hybride rechargeable combine un moteur 4 cylindres turbo avec un moteur \u00e9lectrique de 20 kW et une batterie lithium-ion. Ce groupe motopropulseur offre trois niveaux de puissance pour r\u00e9pondre \u00e0 tous vos besoins de conduite, avec une vitesse maximale pouvant atteindre 240 km\/h en mode hybride. En mode 100 % \u00e9lectrique, vous pouvez rouler jusqu&rsquo;\u00e0 140 km\/h sans \u00e9missions locales.<\/p>\n<h3>Temps de recharge et architecture 800 V<\/h3>\n<p>Gr\u00e2ce \u00e0 son architecture 800 V, la recharge de la <a href=\"https:\/\/www.bymycar.be\/fr\/marques\/mercedes-benz\/cla-coupe-hybride\">Mercedes-Benz CLA Coup\u00e9 hybride<\/a> devient ultra-rapide. Le syst\u00e8me de gestion \u00e9nerg\u00e9tique vous permet de suivre la progression en temps r\u00e9el, tandis que le tableau de bord num\u00e9rique affiche toutes les informations essentielles. Cette technologie avanc\u00e9e vous offre une exp\u00e9rience de conduite polyvalente, combinant l&rsquo;efficacit\u00e9 \u00e9lectrique et la puissance thermique.<\/p>\n<table>\n<thead>\n<tr>\n<th>Caract\u00e9ristique<\/th>\n<th>Sp\u00e9cification<\/th>\n<\/tr>\n<\/thead>\n<tbody>\n<tr>\n<td>Puissance<\/td>\n<td>136 \u00e0 190 ch<\/td>\n<\/tr>\n<tr>\n<td>Autonomie \u00e9lectrique<\/td>\n<td>71 \u00e0 79 km<\/td>\n<\/tr>\n<tr>\n<td>Temps de recharge (10-80 %)<\/td>\n<td>25 minutes<\/td>\n<\/tr>\n<tr>\n<td>Vitesse max \u00e9lectrique<\/td>\n<td>140 km\/h<\/td>\n<\/tr>\n<\/tbody>\n<\/table>\n<h2>Design, tableau de bord et exp\u00e9rience de conduite de la nouvelle Mercedes-Benz CLA hybride<\/h2>\n<h3>\u00c9l\u00e9gance ext\u00e9rieure Coup\u00e9 ou Shooting Brake<\/h3>\n<p>La nouvelle Mercedes-Benz CLA hybride s\u00e9duit par sa silhouette sportive et fluide. Le design ext\u00e9rieur allie \u00e9l\u00e9gance et caract\u00e8re avec une ligne de coup\u00e9 dynamique. Pour les familles exigeantes, la version Shooting Brake offre une polyvalence accrue tout en conservant l&rsquo;ADN stylistique de la berline.<\/p>\n<h3>Ambiance high-tech \u00e0 bord<\/h3>\n<p>L&rsquo;habitacle du CLA hybride vous plonge dans un univers technologique \u00e9pur\u00e9 o\u00f9 l&rsquo;essentiel prime.<\/p>\n<p>L&rsquo;exp\u00e9rience de conduite est sublim\u00e9e par :<\/p>\n<ul>\n<li>Le Superscreen MBUX flottant qui s&rsquo;\u00e9tend sur toute la largeur du tableau de bord ;<\/li>\n<li>L&rsquo;assistant virtuel MBUX avec commande gestuelle intuitive ;<\/li>\n<li>La navigation intelligente bas\u00e9e sur Google Maps personnalis\u00e9e ;<\/li>\n<li>Le syst\u00e8me MBUX Surround Navigation avec repr\u00e9sentation 3D de l&rsquo;environnement.<\/li>\n<\/ul>\n<p>Cette interface high-tech transforme chaque trajet en une exp\u00e9rience immersive et connect\u00e9e, parfaitement adapt\u00e9e \u00e0 vos besoins quotidiens.<\/p>\n<h2>Autonomie et usages hybrides au quotidien<\/h2>\n<p>La technologie EQ Power de la Mercedes CLA permet de parcourir jusqu&rsquo;\u00e0 79 kilom\u00e8tres en mode 100 % \u00e9lectrique, parfaite pour vos trajets urbains quotidiens. Lors de d\u00e9placements plus longs, le syst\u00e8me bascule automatiquement vers le mode hybride pour une autonomie totale pouvant atteindre 791 km en cycle WLTP. Vous appr\u00e9cierez particuli\u00e8rement les deux modes de conduite \u00ab Electric \u00bb et \u00ab Battery Level \u00bb qui optimisent intelligemment la gestion \u00e9nerg\u00e9tique selon vos besoins.<\/p>\n<p>La recharge de votre Mercedes CLA est toujours \u00e0 port\u00e9e de main gr\u00e2ce \u00e0 la trappe id\u00e9alement positionn\u00e9e sur le flanc arri\u00e8re droit du v\u00e9hicule. Que vous optiez pour une recharge en courant alternatif ou continu, le processus reste simple et rapide, vous permettant de reprendre la route en toute s\u00e9r\u00e9nit\u00e9.<\/p>\n<h2>\u00c9conomies et \u00e9missions r\u00e9duites avec la Mercedes CLA hybride<\/h2>\n<p>La Mercedes CLA hybride rechargeable vous offre une solution \u00e9conomique et \u00e9cologique pour vos d\u00e9placements quotidiens.<\/p>\n<p>Gr\u00e2ce \u00e0 son mode \u00e9lectrique sans \u00e9missions locales, vous b\u00e9n\u00e9ficiez de nombreux avantages :<\/p>\n<ul>\n<li>Une consommation r\u00e9duite sur les trajets urbains, permettant des \u00e9conomies significatives de carburant ;<\/li>\n<li>Des avantages fiscaux attractifs, avec des \u00e9missions de CO2 particuli\u00e8rement faibles ;<\/li>\n<li>Un acc\u00e8s facilit\u00e9 aux zones \u00e0 basses \u00e9missions pr\u00e9sentes dans plusieurs villes belges ;<\/li>\n<li>Des co\u00fbts d&rsquo;usage optimis\u00e9s gr\u00e2ce \u00e0 la r\u00e9cup\u00e9ration intelligente d&rsquo;\u00e9nergie au freinage.<\/li>\n<\/ul>\n<p>Cette approche \u00e9conomique n&rsquo;alt\u00e8re en rien l&rsquo;exp\u00e9rience de conduite premium que vous \u00eates en droit d&rsquo;attendre d&rsquo;une <a href=\"https:\/\/www.bymycar.be\/fr\/v\/mercedes\">Mercedes<\/a>. Nos conseillers BYmyCAR vous accompagnent pour d\u00e9couvrir tous les avantages de ce mod\u00e8le alliant performance et responsabilit\u00e9.<\/p>\n<h2>Pourquoi choisir votre Mercedes CLA hybride avec BYmyCAR<\/h2>\n<p>Avec son architecture 800 V, son autonomie \u00e9lectrique jusqu&rsquo;\u00e0 79 km et sa recharge ultra-rapide, la Mercedes CLA hybride rechargeable repr\u00e9sente l&rsquo;\u00e9quilibre parfait entre performances et \u00e9co-responsabilit\u00e9. Nos conseillers BYmyCAR sont \u00e0 votre disposition pour organiser un essai personnalis\u00e9 et vous pr\u00e9senter nos solutions de financement en LOA pour votre <a href=\"https:\/\/www.bymycar.be\/fr\/marques\/mercedes\/cla-shooting-brake-hybride\">Mercedes CLA Shooting Brake hybride<\/a>.<\/p>\n<h2>FAQ : Mercedes CLA hybride rechargeable<\/h2>\n<h3>Mercedes CLA 250 e hybride : quelles performances ?<\/h3>\n<p>La Mercedes-Benz CLA 250 e offre des performances remarquables gr\u00e2ce \u00e0 sa motorisation hybride rechargeable d\u00e9livrant une puissance syst\u00e8me de 218 ch et un couple impressionnant de 450 Nm. Cette combinaison permet une acc\u00e9l\u00e9ration dynamique et une vitesse maximale de 225 km\/h. En mode \u00e9lectrique pur, vous pouvez atteindre 140 km\/h avec une autonomie \u00e9lectrique allant jusqu&rsquo;\u00e0 79 km.<\/p>\n<h3>La Mercedes CLA hybride est-elle disponible en occasion ?<\/h3>\n<p>La Mercedes CLA hybride rechargeable se trouve de plus en plus sur le march\u00e9 de l&rsquo;occasion. Ces berlines compactes premium allient \u00e9l\u00e9gance et efficience \u00e9nerg\u00e9tique avec diff\u00e9rentes configurations disponibles. Les <a href=\"https:\/\/www.bymycar.be\/fr\/v\/mercedes-cla-occasion\">versions d&rsquo;occasion<\/a> sont souvent propos\u00e9es avec des kilom\u00e9trages raisonnables et des \u00e9quipements complets. Pour d\u00e9couvrir les meilleures opportunit\u00e9s, nos conseillers BYmyCAR peuvent vous orienter vers des mod\u00e8les certifi\u00e9s avec garantie.<\/p>\n<h3>Peut-on choisir la Mercedes CLA hybride en LOA ?<\/h3>\n<p>La formule LOA repr\u00e9sente une option avantageuse pour acqu\u00e9rir la Mercedes CLA hybride rechargeable, permettant de b\u00e9n\u00e9ficier de mensualit\u00e9s optimis\u00e9es et d&rsquo;une grande flexibilit\u00e9 en fin de contrat. Cette solution de financement s&rsquo;adapte parfaitement \u00e0 vos besoins avec des dur\u00e9es personnalisables. Pour obtenir une offre LOA personnalis\u00e9e incluant les services d&rsquo;entretien et les garanties, nos conseillers BYmyCAR sont \u00e0 votre disposition.<\/p>\n<h3>Diff\u00e9rences entre Mercedes CLA Coup\u00e9 hybride et version Shooting Brake ?<\/h3>\n<p>La principale diff\u00e9rence entre la Mercedes CLA Coup\u00e9 hybride et sa version Shooting Brake r\u00e9side dans leur silhouette et leur praticit\u00e9. Le Shooting Brake offre un volume de coffre sup\u00e9rieur et une habitabilit\u00e9 arri\u00e8re am\u00e9lior\u00e9e gr\u00e2ce \u00e0 son architecture de break \u00e9l\u00e9gant, tout en conservant les m\u00eames motorisations hybrides rechargeables et \u00e9quipements technologiques. Esth\u00e9tiquement, il se distingue par sa ligne de toit prolong\u00e9e et son design familial raffin\u00e9.<\/p>\n<p><strong>Sources :<\/strong><\/p>\n<ul>\n<li><a href=\"https:\/\/www.mercedes-kroely.fr\/gammes-mercedes-benz\/cla-2025\" target=\"_blank\" rel=\"noopener\">Nouveau Mercedes CLA \u00e9lectrique 2025<\/a><\/li>\n<li><a href=\"https:\/\/media.mercedes-benz.fr\/trois-nouveaux-modeles-hybrides-rechargeables-viennent-completer-la-famille-des-vehicules-compacts-de-mercedes-benz\/\" target=\"_blank\" rel=\"noopener\">Trois nouveaux mod\u00e8les hybrides rechargeables viennent &#8230;<\/a><\/li>\n<\/ul>\n<p><!--StartFragment --><\/p>\n<p class=\"pf0\"><strong><span class=\"cf0\">D\u00e9couvrez aussi :<\/span><\/strong><\/p>\n<ul>\n<li class=\"pf1\"><a href=\"https:\/\/www.bymycar.be\/webzine\/mercedes-cla-vs-audi-a5-sportback-quel-modele-offre-le-meilleur-compromis\/\"><span class=\"cf1\">Mercedes CLA vs Audi A5 <\/span><span class=\"cf1\">Sportback<\/span><span class=\"cf1\"> : quel mod\u00e8le offre le meilleur compromis ?<\/span><\/a><\/li>\n<li class=\"pf1\"><a href=\"https:\/\/www.bymycar.be\/webzine\/mercedes-cla-amg-180-200-250-ou-45-s-quelle-motorisation-choisir\/\"><span class=\"cf1\">CLA 180, 200, 250 ou AMG 45 S : quelle motorisation choisir pour un usage optimal ?<\/span><\/a><\/li>\n<li class=\"pf1\"><a href=\"https:\/\/www.bymycar.be\/webzine\/mercedes-cla-shooting-brake-ou-berline-quelle-version-est-la-plus-polyvalente\/\"><span class=\"cf1\">Mercedes CLA Shooting <\/span><span class=\"cf1\">Brake<\/span><span class=\"cf1\"> ou berline : quelle version est la plus polyvalente ?<\/span><\/a><\/li>\n<li class=\"pf1\"><a href=\"https:\/\/www.bymycar.be\/webzine\/acheter-une-mercedes-cla-doccasion-quels-sont-les-modeles-les-plus-fiables\/\"><span class=\"cf1\">Acheter un Mercedes CLA d\u2019occasion : quels sont les mod\u00e8les les plus fiables ?<\/span><\/a><\/li>\n<\/ul>\n<p><!--EndFragment --><\/p>\n"}}]}},"yoast_head":"<!-- This site is optimized with the Yoast SEO Premium plugin v26.4 (Yoast SEO v27.1.1) - https:\/\/yoast.com\/product\/yoast-seo-premium-wordpress\/ -->\n<title>Mercedes CLA hybride rechargeable : choix pertinent ou simple argument marketing ? - Webzine BE | BYmyCAR<\/title>\n<meta name=\"robots\" content=\"index, follow, max-snippet:-1, max-image-preview:large, max-video-preview:-1\" \/>\n<link rel=\"canonical\" href=\"https:\/\/www.bymycar.be\/webzine\/mercedes-cla-hybride-rechargeable-choix-pertinent-ou-simple-argument-marketing\/\" \/>\n<meta property=\"og:locale\" content=\"fr_FR\" \/>\n<meta property=\"og:type\" content=\"article\" \/>\n<meta property=\"og:title\" content=\"Mercedes CLA hybride rechargeable : choix pertinent ou simple argument marketing ?\" \/>\n<meta property=\"og:url\" content=\"https:\/\/www.bymycar.be\/webzine\/mercedes-cla-hybride-rechargeable-choix-pertinent-ou-simple-argument-marketing\/\" \/>\n<meta property=\"og:site_name\" content=\"Webzine BE | BYmyCAR\" \/>\n<meta property=\"article:publisher\" content=\"https:\/\/www.facebook.com\/BYmyCAR.officiel\/\" \/>\n<meta property=\"article:published_time\" content=\"2026-01-06T13:49:30+00:00\" \/>\n<meta property=\"article:modified_time\" content=\"2026-01-06T14:03:26+00:00\" \/>\n<meta name=\"author\" content=\"Tom Fernandes\" \/>\n<meta name=\"twitter:card\" content=\"summary_large_image\" \/>\n<meta name=\"twitter:label1\" content=\"\u00c9crit par\" \/>\n\t<meta name=\"twitter:data1\" content=\"Tom Fernandes\" \/>\n<script type=\"application\/ld+json\" class=\"yoast-schema-graph\">{\"@context\":\"https:\/\/schema.org\",\"@graph\":[{\"@type\":\"Article\",\"@id\":\"https:\/\/www.bymycar.be\/webzine\/mercedes-cla-hybride-rechargeable-choix-pertinent-ou-simple-argument-marketing\/#article\",\"isPartOf\":{\"@id\":\"https:\/\/www.bymycar.be\/webzine\/mercedes-cla-hybride-rechargeable-choix-pertinent-ou-simple-argument-marketing\/\"},\"author\":{\"name\":\"Tom Fernandes\",\"@id\":\"https:\/\/www.bymycar.be\/webzine\/nl\/#\/schema\/person\/6cd99e624bbd64604349ff20ee1ed853\"},\"headline\":\"Mercedes CLA hybride rechargeable : choix pertinent ou simple argument marketing ?\",\"datePublished\":\"2026-01-06T13:49:30+00:00\",\"dateModified\":\"2026-01-06T14:03:26+00:00\",\"mainEntityOfPage\":{\"@id\":\"https:\/\/www.bymycar.be\/webzine\/mercedes-cla-hybride-rechargeable-choix-pertinent-ou-simple-argument-marketing\/\"},\"wordCount\":10,\"publisher\":{\"@id\":\"https:\/\/www.bymycar.be\/webzine\/nl\/#organization\"},\"articleSection\":[\"Guide d'achat Mercedes\"],\"inLanguage\":\"fr-FR\"},{\"@type\":\"WebPage\",\"@id\":\"https:\/\/www.bymycar.be\/webzine\/mercedes-cla-hybride-rechargeable-choix-pertinent-ou-simple-argument-marketing\/\",\"url\":\"https:\/\/www.bymycar.be\/webzine\/mercedes-cla-hybride-rechargeable-choix-pertinent-ou-simple-argument-marketing\/\",\"name\":\"Mercedes CLA hybride rechargeable : choix pertinent ou simple argument marketing ? - Webzine BE | BYmyCAR\",\"isPartOf\":{\"@id\":\"https:\/\/www.bymycar.be\/webzine\/nl\/#website\"},\"datePublished\":\"2026-01-06T13:49:30+00:00\",\"dateModified\":\"2026-01-06T14:03:26+00:00\",\"breadcrumb\":{\"@id\":\"https:\/\/www.bymycar.be\/webzine\/mercedes-cla-hybride-rechargeable-choix-pertinent-ou-simple-argument-marketing\/#breadcrumb\"},\"inLanguage\":\"fr-FR\",\"potentialAction\":[{\"@type\":\"ReadAction\",\"target\":[\"https:\/\/www.bymycar.be\/webzine\/mercedes-cla-hybride-rechargeable-choix-pertinent-ou-simple-argument-marketing\/\"]}]},{\"@type\":\"BreadcrumbList\",\"@id\":\"https:\/\/www.bymycar.be\/webzine\/mercedes-cla-hybride-rechargeable-choix-pertinent-ou-simple-argument-marketing\/#breadcrumb\",\"itemListElement\":[{\"@type\":\"ListItem\",\"position\":1,\"name\":\"Accueil\",\"item\":\"https:\/\/www.bymycar.be\/webzine\/\"},{\"@type\":\"ListItem\",\"position\":2,\"name\":\"Mercedes CLA hybride rechargeable : choix pertinent ou simple argument marketing ?\"}]},{\"@type\":\"WebSite\",\"@id\":\"https:\/\/www.bymycar.be\/webzine\/nl\/#website\",\"url\":\"https:\/\/www.bymycar.be\/webzine\/nl\/\",\"name\":\"Webzine | BYmyCAR\",\"description\":\"_Le webzine auto de\",\"publisher\":{\"@id\":\"https:\/\/www.bymycar.be\/webzine\/nl\/#organization\"},\"potentialAction\":[{\"@type\":\"SearchAction\",\"target\":{\"@type\":\"EntryPoint\",\"urlTemplate\":\"https:\/\/www.bymycar.be\/webzine\/nl\/?s={search_term_string}\"},\"query-input\":{\"@type\":\"PropertyValueSpecification\",\"valueRequired\":true,\"valueName\":\"search_term_string\"}}],\"inLanguage\":\"fr-FR\"},{\"@type\":\"Organization\",\"@id\":\"https:\/\/www.bymycar.be\/webzine\/nl\/#organization\",\"name\":\"Webzine | BYmyCAR\",\"url\":\"https:\/\/www.bymycar.be\/webzine\/nl\/\",\"logo\":{\"@type\":\"ImageObject\",\"inLanguage\":\"fr-FR\",\"@id\":\"https:\/\/www.bymycar.be\/webzine\/nl\/#\/schema\/logo\/image\/\",\"url\":\"https:\/\/cdn.bymycar.eu\/be-webzine\/wp-content\/uploads\/2024\/11\/20203047\/logo.png\",\"contentUrl\":\"https:\/\/cdn.bymycar.eu\/be-webzine\/wp-content\/uploads\/2024\/11\/20203047\/logo.png\",\"width\":1280,\"height\":512,\"caption\":\"Webzine | BYmyCAR\"},\"image\":{\"@id\":\"https:\/\/www.bymycar.be\/webzine\/nl\/#\/schema\/logo\/image\/\"},\"sameAs\":[\"https:\/\/www.facebook.com\/BYmyCAR.officiel\/\",\"https:\/\/www.instagram.com\/bymycar.officiel\/\"]},{\"@type\":\"Person\",\"@id\":\"https:\/\/www.bymycar.be\/webzine\/nl\/#\/schema\/person\/6cd99e624bbd64604349ff20ee1ed853\",\"name\":\"Tom Fernandes\",\"image\":{\"@type\":\"ImageObject\",\"inLanguage\":\"fr-FR\",\"@id\":\"https:\/\/www.bymycar.be\/webzine\/nl\/#\/schema\/person\/image\/\",\"url\":\"https:\/\/secure.gravatar.com\/avatar\/81b17c0cc5a6f1f7f394984269a7cbad9c7cca9604839da024242cf665051fbf?s=96&d=mm&r=g\",\"contentUrl\":\"https:\/\/secure.gravatar.com\/avatar\/81b17c0cc5a6f1f7f394984269a7cbad9c7cca9604839da024242cf665051fbf?s=96&d=mm&r=g\",\"caption\":\"Tom Fernandes\"}}]}<\/script>\n<!-- \/ Yoast SEO Premium plugin. -->","yoast_head_json":{"title":"Mercedes CLA hybride rechargeable : choix pertinent ou simple argument marketing ? - Webzine BE | BYmyCAR","robots":{"index":"index","follow":"follow","max-snippet":"max-snippet:-1","max-image-preview":"max-image-preview:large","max-video-preview":"max-video-preview:-1"},"canonical":"https:\/\/www.bymycar.be\/webzine\/mercedes-cla-hybride-rechargeable-choix-pertinent-ou-simple-argument-marketing\/","og_locale":"fr_FR","og_type":"article","og_title":"Mercedes CLA hybride rechargeable : choix pertinent ou simple argument marketing ?","og_url":"https:\/\/www.bymycar.be\/webzine\/mercedes-cla-hybride-rechargeable-choix-pertinent-ou-simple-argument-marketing\/","og_site_name":"Webzine BE | BYmyCAR","article_publisher":"https:\/\/www.facebook.com\/BYmyCAR.officiel\/","article_published_time":"2026-01-06T13:49:30+00:00","article_modified_time":"2026-01-06T14:03:26+00:00","author":"Tom Fernandes","twitter_card":"summary_large_image","twitter_misc":{"\u00c9crit par":"Tom Fernandes"},"schema":{"@context":"https:\/\/schema.org","@graph":[{"@type":"Article","@id":"https:\/\/www.bymycar.be\/webzine\/mercedes-cla-hybride-rechargeable-choix-pertinent-ou-simple-argument-marketing\/#article","isPartOf":{"@id":"https:\/\/www.bymycar.be\/webzine\/mercedes-cla-hybride-rechargeable-choix-pertinent-ou-simple-argument-marketing\/"},"author":{"name":"Tom Fernandes","@id":"https:\/\/www.bymycar.be\/webzine\/nl\/#\/schema\/person\/6cd99e624bbd64604349ff20ee1ed853"},"headline":"Mercedes CLA hybride rechargeable : choix pertinent ou simple argument marketing ?","datePublished":"2026-01-06T13:49:30+00:00","dateModified":"2026-01-06T14:03:26+00:00","mainEntityOfPage":{"@id":"https:\/\/www.bymycar.be\/webzine\/mercedes-cla-hybride-rechargeable-choix-pertinent-ou-simple-argument-marketing\/"},"wordCount":10,"publisher":{"@id":"https:\/\/www.bymycar.be\/webzine\/nl\/#organization"},"articleSection":["Guide d'achat Mercedes"],"inLanguage":"fr-FR"},{"@type":"WebPage","@id":"https:\/\/www.bymycar.be\/webzine\/mercedes-cla-hybride-rechargeable-choix-pertinent-ou-simple-argument-marketing\/","url":"https:\/\/www.bymycar.be\/webzine\/mercedes-cla-hybride-rechargeable-choix-pertinent-ou-simple-argument-marketing\/","name":"Mercedes CLA hybride rechargeable : choix pertinent ou simple argument marketing ? - Webzine BE | BYmyCAR","isPartOf":{"@id":"https:\/\/www.bymycar.be\/webzine\/nl\/#website"},"datePublished":"2026-01-06T13:49:30+00:00","dateModified":"2026-01-06T14:03:26+00:00","breadcrumb":{"@id":"https:\/\/www.bymycar.be\/webzine\/mercedes-cla-hybride-rechargeable-choix-pertinent-ou-simple-argument-marketing\/#breadcrumb"},"inLanguage":"fr-FR","potentialAction":[{"@type":"ReadAction","target":["https:\/\/www.bymycar.be\/webzine\/mercedes-cla-hybride-rechargeable-choix-pertinent-ou-simple-argument-marketing\/"]}]},{"@type":"BreadcrumbList","@id":"https:\/\/www.bymycar.be\/webzine\/mercedes-cla-hybride-rechargeable-choix-pertinent-ou-simple-argument-marketing\/#breadcrumb","itemListElement":[{"@type":"ListItem","position":1,"name":"Accueil","item":"https:\/\/www.bymycar.be\/webzine\/"},{"@type":"ListItem","position":2,"name":"Mercedes CLA hybride rechargeable : choix pertinent ou simple argument marketing ?"}]},{"@type":"WebSite","@id":"https:\/\/www.bymycar.be\/webzine\/nl\/#website","url":"https:\/\/www.bymycar.be\/webzine\/nl\/","name":"Webzine | BYmyCAR","description":"_Le webzine auto de","publisher":{"@id":"https:\/\/www.bymycar.be\/webzine\/nl\/#organization"},"potentialAction":[{"@type":"SearchAction","target":{"@type":"EntryPoint","urlTemplate":"https:\/\/www.bymycar.be\/webzine\/nl\/?s={search_term_string}"},"query-input":{"@type":"PropertyValueSpecification","valueRequired":true,"valueName":"search_term_string"}}],"inLanguage":"fr-FR"},{"@type":"Organization","@id":"https:\/\/www.bymycar.be\/webzine\/nl\/#organization","name":"Webzine | BYmyCAR","url":"https:\/\/www.bymycar.be\/webzine\/nl\/","logo":{"@type":"ImageObject","inLanguage":"fr-FR","@id":"https:\/\/www.bymycar.be\/webzine\/nl\/#\/schema\/logo\/image\/","url":"https:\/\/cdn.bymycar.eu\/be-webzine\/wp-content\/uploads\/2024\/11\/20203047\/logo.png","contentUrl":"https:\/\/cdn.bymycar.eu\/be-webzine\/wp-content\/uploads\/2024\/11\/20203047\/logo.png","width":1280,"height":512,"caption":"Webzine | BYmyCAR"},"image":{"@id":"https:\/\/www.bymycar.be\/webzine\/nl\/#\/schema\/logo\/image\/"},"sameAs":["https:\/\/www.facebook.com\/BYmyCAR.officiel\/","https:\/\/www.instagram.com\/bymycar.officiel\/"]},{"@type":"Person","@id":"https:\/\/www.bymycar.be\/webzine\/nl\/#\/schema\/person\/6cd99e624bbd64604349ff20ee1ed853","name":"Tom Fernandes","image":{"@type":"ImageObject","inLanguage":"fr-FR","@id":"https:\/\/www.bymycar.be\/webzine\/nl\/#\/schema\/person\/image\/","url":"https:\/\/secure.gravatar.com\/avatar\/81b17c0cc5a6f1f7f394984269a7cbad9c7cca9604839da024242cf665051fbf?s=96&d=mm&r=g","contentUrl":"https:\/\/secure.gravatar.com\/avatar\/81b17c0cc5a6f1f7f394984269a7cbad9c7cca9604839da024242cf665051fbf?s=96&d=mm&r=g","caption":"Tom Fernandes"}}]}},"_links":{"self":[{"href":"https:\/\/www.bymycar.be\/webzine\/wp-json\/wp\/v2\/posts\/5828","targetHints":{"allow":["GET"]}}],"collection":[{"href":"https:\/\/www.bymycar.be\/webzine\/wp-json\/wp\/v2\/posts"}],"about":[{"href":"https:\/\/www.bymycar.be\/webzine\/wp-json\/wp\/v2\/types\/post"}],"author":[{"embeddable":true,"href":"https:\/\/www.bymycar.be\/webzine\/wp-json\/wp\/v2\/users\/17"}],"replies":[{"embeddable":true,"href":"https:\/\/www.bymycar.be\/webzine\/wp-json\/wp\/v2\/comments?post=5828"}],"version-history":[{"count":3,"href":"https:\/\/www.bymycar.be\/webzine\/wp-json\/wp\/v2\/posts\/5828\/revisions"}],"predecessor-version":[{"id":5840,"href":"https:\/\/www.bymycar.be\/webzine\/wp-json\/wp\/v2\/posts\/5828\/revisions\/5840"}],"wp:attachment":[{"href":"https:\/\/www.bymycar.be\/webzine\/wp-json\/wp\/v2\/media?parent=5828"}],"wp:term":[{"taxonomy":"category","embeddable":true,"href":"https:\/\/www.bymycar.be\/webzine\/wp-json\/wp\/v2\/categories?post=5828"},{"taxonomy":"post_tag","embeddable":true,"href":"https:\/\/www.bymycar.be\/webzine\/wp-json\/wp\/v2\/tags?post=5828"}],"curies":[{"name":"wp","href":"https:\/\/api.w.org\/{rel}","templated":true}]}}