{"id":5823,"date":"2026-01-06T14:41:27","date_gmt":"2026-01-06T13:41:27","guid":{"rendered":"https:\/\/www.bymycar.be\/webzine\/?p=5823"},"modified":"2026-01-06T15:03:27","modified_gmt":"2026-01-06T14:03:27","slug":"mercedes-cla-shooting-brake-ou-berline-quelle-version-est-la-plus-polyvalente","status":"publish","type":"post","link":"https:\/\/www.bymycar.be\/webzine\/mercedes-cla-shooting-brake-ou-berline-quelle-version-est-la-plus-polyvalente\/","title":{"rendered":"Mercedes CLA Shooting Brake ou berline : quelle version est la plus polyvalente ?"},"content":{"rendered":"","protected":false},"excerpt":{"rendered":"","protected":false},"author":17,"featured_media":0,"comment_status":"closed","ping_status":"closed","sticky":false,"template":"","format":"standard","meta":{"_acf_changed":false,"footnotes":""},"categories":[],"tags":[],"class_list":["post-5823","post","type-post","status-publish","format-standard","hentry"],"acf":{"image":{"ID":5824,"id":5824,"title":"23c0311-001 (1)","filename":"23c0311-001-1-scaled.jpg","filesize":175662,"url":"https:\/\/cdn.bymycar.eu\/be-webzine\/wp-content\/uploads\/2026\/01\/06143624\/23c0311-001-1-scaled.jpg","link":"https:\/\/www.bymycar.be\/webzine\/mercedes-cla-shooting-brake-ou-berline-quelle-version-est-la-plus-polyvalente\/23c0311-001-1\/","alt":"Mercedes Classe CLA","author":"17","description":"","caption":"","name":"23c0311-001-1","status":"inherit","uploaded_to":5823,"date":"2026-01-06 13:36:22","modified":"2026-01-06 13:36:42","menu_order":0,"mime_type":"image\/jpeg","type":"image","subtype":"jpeg","icon":"https:\/\/www.bymycar.be\/webzine\/wp-includes\/images\/media\/default.png","width":2560,"height":1440,"sizes":{"thumbnail":"https:\/\/cdn.bymycar.eu\/be-webzine\/wp-content\/uploads\/2026\/01\/06143624\/23c0311-001-1-150x150.jpg","thumbnail-width":150,"thumbnail-height":150,"medium":"https:\/\/cdn.bymycar.eu\/be-webzine\/wp-content\/uploads\/2026\/01\/06143624\/23c0311-001-1-300x169.jpg","medium-width":300,"medium-height":169,"medium_large":"https:\/\/cdn.bymycar.eu\/be-webzine\/wp-content\/uploads\/2026\/01\/06143624\/23c0311-001-1-768x432.jpg","medium_large-width":768,"medium_large-height":432,"large":"https:\/\/cdn.bymycar.eu\/be-webzine\/wp-content\/uploads\/2026\/01\/06143624\/23c0311-001-1-1024x576.jpg","large-width":1024,"large-height":576,"1536x1536":"https:\/\/cdn.bymycar.eu\/be-webzine\/wp-content\/uploads\/2026\/01\/06143624\/23c0311-001-1-1536x864.jpg","1536x1536-width":1536,"1536x1536-height":864,"2048x2048":"https:\/\/cdn.bymycar.eu\/be-webzine\/wp-content\/uploads\/2026\/01\/06143624\/23c0311-001-1-2048x1152.jpg","2048x2048-width":2048,"2048x2048-height":1152}},"introduction":"<p>Le <a href=\"https:\/\/www.bymycar.be\/fr\/v\/mercedes-cla\">Mercedes CLA<\/a> se d\u00e9cline en deux carrosseries distinctes : Shooting Brake et berline, chacune r\u00e9pondant \u00e0 des besoins de polyvalence diff\u00e9rents. Chez BYmyCAR, cette comparaison vous aide \u00e0 choisir parmi nos v\u00e9hicules neufs <a href=\"https:\/\/www.bymycar.be\/fr\/v\/mercedes\">Mercedes<\/a>. Le choix repose sur plusieurs crit\u00e8res d\u00e9terminants : dimensions et volume utile, autonomie \u00e9lectrique, technologies embarqu\u00e9es, et capacit\u00e9 \u00e0 s&rsquo;adapter \u00e0 vos usages quotidiens comme \u00e0 vos escapades.<\/p>\n<p>&nbsp;<\/p>\n<p style=\"text-align: center;\"><a href=\"https:\/\/www.bymycar.be\/webzine\/mercedes-cla-le-coupe-4-portes-est-il-un-bon-choix-en-2025\/\"  class=\"css-button css-button--gold\" >\n                Tout savoir sur la Mercedes CLA\n        <\/a><\/p>\n","add-to-bo":false,"page_content":{"block_content":[{"acf_fc_layout":"carousel-produits"},{"acf_fc_layout":"text-simple","--nav":{"-withNav":false,"-ancre":""},"--group":{"-text":"<h2>Volume, dimensions et modularit\u00e9 : les points forts du Mercedes CLA Shooting Brake<\/h2>\n<p>Le nouveau CLA Shooting Brake affiche des dimensions de 4,72 m de longueur pour 1,86 m de largeur et 1,47 m de hauteur, des proportions qui dissimulent un espace int\u00e9rieur remarquablement g\u00e9n\u00e9reux. Cette silhouette \u00e9l\u00e9gante ne compromet en rien le design rac\u00e9 de coup\u00e9 tout en offrant une habitabilit\u00e9 sup\u00e9rieure.<\/p>\n<h3>Tableau des dimensions et du coffre<\/h3>\n<table>\n<thead>\n<tr>\n<th>Configuration<\/th>\n<th>Volume<\/th>\n<th>Particularit\u00e9<\/th>\n<\/tr>\n<\/thead>\n<tbody>\n<tr>\n<td>Configuration standard<\/td>\n<td>455 litres<\/td>\n<td>Hayon \u00e9lectrique EASY-PACK<\/td>\n<\/tr>\n<tr>\n<td>Si\u00e8ges rabattus<\/td>\n<td>1 290 litres<\/td>\n<td>Modularit\u00e9 40:20:40<\/td>\n<\/tr>\n<tr>\n<td>Frunk avant<\/td>\n<td>101 litres<\/td>\n<td>Espace de rangement suppl\u00e9mentaire<\/td>\n<\/tr>\n<\/tbody>\n<\/table>\n<p>La modularit\u00e9 exceptionnelle du Mercedes CLA Shooting Brake s&rsquo;exprime \u00e0 travers ses si\u00e8ges arri\u00e8re rabattables selon la configuration 40:20:40, vous offrant une flexibilit\u00e9 maximale pour transporter vos \u00e9quipements. M\u00eame les finitions Mercedes-AMG CLA conservent les rails de toit de s\u00e9rie, permettant d&#8217;emporter v\u00e9los, planches ou mat\u00e9riel sportif en toute s\u00e9curit\u00e9. Avec sa capacit\u00e9 de remorquage atteignant 1 800 kg, le <a href=\"https:\/\/www.bymycar.be\/fr\/marques\/mercedes-benz\/cla-shooting-brake-hybride\">Mercedes-Benz CLA Shooting Brake hybride rechargeable<\/a> s&rsquo;adapte \u00e0 tous vos projets. Cette polyvalence ne fait pas tout : la berline CLA propose d&rsquo;autres atouts en mati\u00e8re d&rsquo;\u00e9l\u00e9gance et d&rsquo;efficience \u00e9lectrique.<\/p>\n<h2>Berline Mercedes CLA : \u00e9l\u00e9gance et efficience \u00e9lectrique sur la route<\/h2>\n<h3>Design a\u00e9rodynamique<\/h3>\n<p>La berline Mercedes CLA \u00e9lectrique se distingue par son a\u00e9rodynamisme exceptionnel avec un coefficient de tra\u00een\u00e9e (Cx) de seulement 0,21, optimisant ainsi son autonomie qui peut atteindre jusqu&rsquo;\u00e0 791 km. Sa silhouette fastback aux proportions dynamiques facilite l&rsquo;acc\u00e8s \u00e0 bord et int\u00e8gre un coffre de 405 litres, parfaitement dimensionn\u00e9 pour vos usages urbains et professionnels. Avec ses 4,72 m de longueur, elle privil\u00e9gie la compacit\u00e9 et l&rsquo;efficience routi\u00e8re tout en pr\u00e9servant un espace int\u00e9rieur confortable.<\/p>\n<h3>Technologies embarqu\u00e9es<\/h3>\n<p>La berline Mercedes CLA int\u00e8gre le syst\u00e8me d&rsquo;exploitation MB.OS coupl\u00e9 au MBUX Superscreen, une interface cockpit avanc\u00e9e compos\u00e9e de trois \u00e9crans distincts qui s&rsquo;\u00e9tend \u00e9l\u00e9gamment sur le tableau de bord. Les derni\u00e8res aides \u00e0 la conduite Mercedes-Benz garantissent une exp\u00e9rience de conduite sereine et intuitive, avec des assistances adapt\u00e9es \u00e0 tous vos trajets. La Mercedes-AMG CLA, version sportive de la gamme, b\u00e9n\u00e9ficie \u00e9galement de ces technologies de pointe tout en proposant un design plus affirm\u00e9 et des performances dynamiques rehauss\u00e9es.<\/p>\n<h2>Nouvelle CLA : autonomie, capacit\u00e9s \u00e9lectriques et confort au quotidien<\/h2>\n<h3>Autonomie et recharge<\/h3>\n<p>Les deux carrosseries de la nouvelle CLA offrent une autonomie impressionnante atteignant 791 km en cycle combin\u00e9 WLTP, pouvant m\u00eame atteindre 922 km en cycle urbain. \u00c9quip\u00e9es d&rsquo;une batterie de 85 kWh, elles b\u00e9n\u00e9ficient d&rsquo;une recharge ultra-rapide de 320 kW permettant de r\u00e9cup\u00e9rer jusqu&rsquo;\u00e0 325 km d&rsquo;autonomie en seulement 10 minutes. Cette technologie de pointe assure une mobilit\u00e9 \u00e9lectrique sans compromis, quelle que soit la carrosserie choisie.<\/p>\n<h3>Confort au quotidien et usage adapt\u00e9<\/h3>\n<p>Le Mercedes CLA Shooting Brake se distingue par son volume de coffre de 455 litres en configuration standard, extensible \u00e0 1 290 litres si\u00e8ges rabattus, id\u00e9al pour les loisirs actifs et les voyages en famille. M\u00eame en version Mercedes-AMG CLA, il conserve sa polyvalence exceptionnelle tout en offrant des performances dynamiques sup\u00e9rieures. La berline Mercedes CLA, quant \u00e0 elle, privil\u00e9gie l&rsquo;\u00e9l\u00e9gance urbaine et professionnelle avec ses 405 litres de coffre et son a\u00e9rodynamisme optimis\u00e9. Pour d\u00e9couvrir ces mod\u00e8les et les solutions de financement en LOA adapt\u00e9es \u00e0 vos besoins, n&rsquo;h\u00e9sitez pas \u00e0 contacter nos conseillers BYmyCAR qui vous accompagneront dans votre choix.<\/p>\n<p><strong>Quel mod\u00e8le privil\u00e9gier ?<\/strong> Si vous recherchez une polyvalence maximale pour les activit\u00e9s familiales, sportives ou les voyages avec bagages volumineux, le Mercedes CLA Shooting Brake s&rsquo;impose gr\u00e2ce \u00e0 son volume sup\u00e9rieur et sa modularit\u00e9. La berline <a href=\"https:\/\/www.bymycar.be\/fr\/v\/mercedes-cla-occasion\">Mercedes CLA d&rsquo;occasion<\/a> conserve ses atouts d&rsquo;\u00e9l\u00e9gance, d&rsquo;a\u00e9rodynamisme et se destine davantage \u00e0 une utilisation citadine ou professionnelle o\u00f9 la compacit\u00e9 prime.<\/p>\n<h2>FAQ : vos questions sur le Mercedes CLA Shooting Brake<\/h2>\n<h3>La Mercedes CLA Shooting Brake est-elle une bonne voiture ?<\/h3>\n<p>Le Mercedes CLA Shooting Brake allie \u00e9l\u00e9gance et praticit\u00e9 avec son design dynamique, son volume g\u00e9n\u00e9reux et ses technologies avanc\u00e9es. Nos conseillers BYmyCAR confirment qu&rsquo;il repr\u00e9sente un excellent choix pour ceux qui recherchent style et fonctionnalit\u00e9 au quotidien.<\/p>\n<h3>Pourquoi ce mod\u00e8le est-il appel\u00e9 Shooting Brake ?<\/h3>\n<p>Le terme \u00ab Shooting Brake \u00bb d\u00e9signe historiquement un v\u00e9hicule \u00e9l\u00e9gant et pratique. Mercedes-Benz l&rsquo;a repris pour ses breaks au design sportif, mariant l&rsquo;allure d&rsquo;un coup\u00e9 \u00e0 la fonctionnalit\u00e9 d&rsquo;un break. Nos conseillers BYmyCAR vous expliqueront comment cette silhouette distinctive cr\u00e9e une identit\u00e9 unique dans la gamme Mercedes.<\/p>\n<h3>Quelle diff\u00e9rence entre Mercedes CLA et CLA Shooting Brake ?<\/h3>\n<p>La principale diff\u00e9rence r\u00e9side dans l&rsquo;arri\u00e8re : la Mercedes CLA berline offre une ligne fuyante et 405 litres de coffre, tandis que le Shooting Brake propose un hayon et 455 litres extensibles \u00e0 1 290 litres. Chez BYmyCAR, nos conseillers vous aident \u00e0 d\u00e9terminer quelle version correspond \u00e0 votre style de vie.<\/p>\n<h3>Que signifie Shooting Brake chez Mercedes ?<\/h3>\n<p>Chez Mercedes, \u00ab Shooting Brake \u00bb repr\u00e9sente une philosophie alliant l&rsquo;esth\u00e9tique d&rsquo;un coup\u00e9 \u00e0 la praticit\u00e9 d&rsquo;un break. Ce concept offre un design distinctif avec son pavillon prolong\u00e9 et son hayon fonctionnel. Nos experts BYmyCAR vous d\u00e9tailleront comment cette carrosserie exclusive combine \u00e9l\u00e9gance et aspects pratiques.<\/p>\n<p><strong>Sources :\u00a0<\/strong><\/p>\n<ul>\n<li><a href=\"https:\/\/www.mercedes-benz.fr\/passengercars\/models\/estate\/new\/cla-shooting-brake-electric.html\" target=\"_blank\" rel=\"noopener\">Nouveau CLA Shooting Brake 100% \u00e9lectrique. &#8211; Mercedes<\/a><\/li>\n<li><a href=\"https:\/\/media.mercedes-benz.fr\/la-toute-nouvelle-mercedes-benz-cla-shooting-brake-avec-technologie-eq--plus-de-place-pour-lintelligence\/\" target=\"_blank\" rel=\"noopener\">La toute nouvelle Mercedes Benz CLA Shooting Brake &#8230;<\/a><\/li>\n<\/ul>\n<p><!--StartFragment --><\/p>\n<p class=\"pf0\"><strong><span class=\"cf0\">D\u00e9couvrez aussi :<\/span><\/strong><\/p>\n<ul>\n<li class=\"pf1\"><a href=\"https:\/\/www.bymycar.be\/webzine\/mercedes-cla-vs-audi-a5-sportback-quel-modele-offre-le-meilleur-compromis\/\"><span class=\"cf1\">Mercedes CLA vs Audi A5 <\/span><span class=\"cf1\">Sportback<\/span><span class=\"cf1\"> : quel mod\u00e8le offre le meilleur compromis ?<\/span><\/a><\/li>\n<li class=\"pf1\"><a href=\"https:\/\/www.bymycar.be\/webzine\/mercedes-cla-amg-180-200-250-ou-45-s-quelle-motorisation-choisir\/\"><span class=\"cf1\">CLA 180, 200, 250 ou AMG 45 S : quelle motorisation choisir pour un usage optimal ?<\/span><\/a><\/li>\n<li class=\"pf1\"><a href=\"https:\/\/www.bymycar.be\/webzine\/mercedes-cla-hybride-rechargeable-choix-pertinent-ou-simple-argument-marketing\/\"><span class=\"cf1\">CLA hybride rechargeable : un choix pertinent ou un simple argument marketing ?<\/span><\/a><\/li>\n<li class=\"pf1\"><a href=\"https:\/\/www.bymycar.be\/webzine\/acheter-une-mercedes-cla-doccasion-quels-sont-les-modeles-les-plus-fiables\/\"><span class=\"cf1\">Acheter un Mercedes CLA d\u2019occasion : quels sont les mod\u00e8les les plus fiables ?<\/span><\/a><\/li>\n<\/ul>\n<p><!--EndFragment --><\/p>\n"}}]}},"yoast_head":"<!-- This site is optimized with the Yoast SEO Premium plugin v26.4 (Yoast SEO v27.1.1) - https:\/\/yoast.com\/product\/yoast-seo-premium-wordpress\/ -->\n<title>Mercedes CLA Shooting Brake ou berline : quelle version est la plus polyvalente ? - Webzine BE | BYmyCAR<\/title>\n<meta name=\"robots\" content=\"index, follow, max-snippet:-1, max-image-preview:large, max-video-preview:-1\" \/>\n<link rel=\"canonical\" href=\"https:\/\/www.bymycar.be\/webzine\/mercedes-cla-shooting-brake-ou-berline-quelle-version-est-la-plus-polyvalente\/\" \/>\n<meta property=\"og:locale\" content=\"fr_FR\" \/>\n<meta property=\"og:type\" content=\"article\" \/>\n<meta property=\"og:title\" content=\"Mercedes CLA Shooting Brake ou berline : quelle version est la plus polyvalente ?\" \/>\n<meta property=\"og:url\" content=\"https:\/\/www.bymycar.be\/webzine\/mercedes-cla-shooting-brake-ou-berline-quelle-version-est-la-plus-polyvalente\/\" \/>\n<meta property=\"og:site_name\" content=\"Webzine BE | BYmyCAR\" \/>\n<meta property=\"article:publisher\" content=\"https:\/\/www.facebook.com\/BYmyCAR.officiel\/\" \/>\n<meta property=\"article:published_time\" content=\"2026-01-06T13:41:27+00:00\" \/>\n<meta property=\"article:modified_time\" content=\"2026-01-06T14:03:27+00:00\" \/>\n<meta name=\"author\" content=\"Tom Fernandes\" \/>\n<meta name=\"twitter:card\" content=\"summary_large_image\" \/>\n<meta name=\"twitter:label1\" content=\"\u00c9crit par\" \/>\n\t<meta name=\"twitter:data1\" content=\"Tom Fernandes\" \/>\n<script type=\"application\/ld+json\" class=\"yoast-schema-graph\">{\"@context\":\"https:\/\/schema.org\",\"@graph\":[{\"@type\":\"Article\",\"@id\":\"https:\/\/www.bymycar.be\/webzine\/mercedes-cla-shooting-brake-ou-berline-quelle-version-est-la-plus-polyvalente\/#article\",\"isPartOf\":{\"@id\":\"https:\/\/www.bymycar.be\/webzine\/mercedes-cla-shooting-brake-ou-berline-quelle-version-est-la-plus-polyvalente\/\"},\"author\":{\"name\":\"Tom Fernandes\",\"@id\":\"https:\/\/www.bymycar.be\/webzine\/nl\/#\/schema\/person\/6cd99e624bbd64604349ff20ee1ed853\"},\"headline\":\"Mercedes CLA Shooting Brake ou berline : quelle version est la plus polyvalente ?\",\"datePublished\":\"2026-01-06T13:41:27+00:00\",\"dateModified\":\"2026-01-06T14:03:27+00:00\",\"mainEntityOfPage\":{\"@id\":\"https:\/\/www.bymycar.be\/webzine\/mercedes-cla-shooting-brake-ou-berline-quelle-version-est-la-plus-polyvalente\/\"},\"wordCount\":12,\"publisher\":{\"@id\":\"https:\/\/www.bymycar.be\/webzine\/nl\/#organization\"},\"inLanguage\":\"fr-FR\"},{\"@type\":\"WebPage\",\"@id\":\"https:\/\/www.bymycar.be\/webzine\/mercedes-cla-shooting-brake-ou-berline-quelle-version-est-la-plus-polyvalente\/\",\"url\":\"https:\/\/www.bymycar.be\/webzine\/mercedes-cla-shooting-brake-ou-berline-quelle-version-est-la-plus-polyvalente\/\",\"name\":\"Mercedes CLA Shooting Brake ou berline : quelle version est la plus polyvalente ? - Webzine BE | BYmyCAR\",\"isPartOf\":{\"@id\":\"https:\/\/www.bymycar.be\/webzine\/nl\/#website\"},\"datePublished\":\"2026-01-06T13:41:27+00:00\",\"dateModified\":\"2026-01-06T14:03:27+00:00\",\"breadcrumb\":{\"@id\":\"https:\/\/www.bymycar.be\/webzine\/mercedes-cla-shooting-brake-ou-berline-quelle-version-est-la-plus-polyvalente\/#breadcrumb\"},\"inLanguage\":\"fr-FR\",\"potentialAction\":[{\"@type\":\"ReadAction\",\"target\":[\"https:\/\/www.bymycar.be\/webzine\/mercedes-cla-shooting-brake-ou-berline-quelle-version-est-la-plus-polyvalente\/\"]}]},{\"@type\":\"BreadcrumbList\",\"@id\":\"https:\/\/www.bymycar.be\/webzine\/mercedes-cla-shooting-brake-ou-berline-quelle-version-est-la-plus-polyvalente\/#breadcrumb\",\"itemListElement\":[{\"@type\":\"ListItem\",\"position\":1,\"name\":\"Accueil\",\"item\":\"https:\/\/www.bymycar.be\/webzine\/\"},{\"@type\":\"ListItem\",\"position\":2,\"name\":\"Mercedes CLA Shooting Brake ou berline : quelle version est la plus polyvalente ?\"}]},{\"@type\":\"WebSite\",\"@id\":\"https:\/\/www.bymycar.be\/webzine\/nl\/#website\",\"url\":\"https:\/\/www.bymycar.be\/webzine\/nl\/\",\"name\":\"Webzine | BYmyCAR\",\"description\":\"_Le webzine auto de\",\"publisher\":{\"@id\":\"https:\/\/www.bymycar.be\/webzine\/nl\/#organization\"},\"potentialAction\":[{\"@type\":\"SearchAction\",\"target\":{\"@type\":\"EntryPoint\",\"urlTemplate\":\"https:\/\/www.bymycar.be\/webzine\/nl\/?s={search_term_string}\"},\"query-input\":{\"@type\":\"PropertyValueSpecification\",\"valueRequired\":true,\"valueName\":\"search_term_string\"}}],\"inLanguage\":\"fr-FR\"},{\"@type\":\"Organization\",\"@id\":\"https:\/\/www.bymycar.be\/webzine\/nl\/#organization\",\"name\":\"Webzine | BYmyCAR\",\"url\":\"https:\/\/www.bymycar.be\/webzine\/nl\/\",\"logo\":{\"@type\":\"ImageObject\",\"inLanguage\":\"fr-FR\",\"@id\":\"https:\/\/www.bymycar.be\/webzine\/nl\/#\/schema\/logo\/image\/\",\"url\":\"https:\/\/cdn.bymycar.eu\/be-webzine\/wp-content\/uploads\/2024\/11\/20203047\/logo.png\",\"contentUrl\":\"https:\/\/cdn.bymycar.eu\/be-webzine\/wp-content\/uploads\/2024\/11\/20203047\/logo.png\",\"width\":1280,\"height\":512,\"caption\":\"Webzine | BYmyCAR\"},\"image\":{\"@id\":\"https:\/\/www.bymycar.be\/webzine\/nl\/#\/schema\/logo\/image\/\"},\"sameAs\":[\"https:\/\/www.facebook.com\/BYmyCAR.officiel\/\",\"https:\/\/www.instagram.com\/bymycar.officiel\/\"]},{\"@type\":\"Person\",\"@id\":\"https:\/\/www.bymycar.be\/webzine\/nl\/#\/schema\/person\/6cd99e624bbd64604349ff20ee1ed853\",\"name\":\"Tom Fernandes\",\"image\":{\"@type\":\"ImageObject\",\"inLanguage\":\"fr-FR\",\"@id\":\"https:\/\/www.bymycar.be\/webzine\/nl\/#\/schema\/person\/image\/\",\"url\":\"https:\/\/secure.gravatar.com\/avatar\/81b17c0cc5a6f1f7f394984269a7cbad9c7cca9604839da024242cf665051fbf?s=96&d=mm&r=g\",\"contentUrl\":\"https:\/\/secure.gravatar.com\/avatar\/81b17c0cc5a6f1f7f394984269a7cbad9c7cca9604839da024242cf665051fbf?s=96&d=mm&r=g\",\"caption\":\"Tom Fernandes\"}}]}<\/script>\n<!-- \/ Yoast SEO Premium plugin. -->","yoast_head_json":{"title":"Mercedes CLA Shooting Brake ou berline : quelle version est la plus polyvalente ? - Webzine BE | BYmyCAR","robots":{"index":"index","follow":"follow","max-snippet":"max-snippet:-1","max-image-preview":"max-image-preview:large","max-video-preview":"max-video-preview:-1"},"canonical":"https:\/\/www.bymycar.be\/webzine\/mercedes-cla-shooting-brake-ou-berline-quelle-version-est-la-plus-polyvalente\/","og_locale":"fr_FR","og_type":"article","og_title":"Mercedes CLA Shooting Brake ou berline : quelle version est la plus polyvalente ?","og_url":"https:\/\/www.bymycar.be\/webzine\/mercedes-cla-shooting-brake-ou-berline-quelle-version-est-la-plus-polyvalente\/","og_site_name":"Webzine BE | BYmyCAR","article_publisher":"https:\/\/www.facebook.com\/BYmyCAR.officiel\/","article_published_time":"2026-01-06T13:41:27+00:00","article_modified_time":"2026-01-06T14:03:27+00:00","author":"Tom Fernandes","twitter_card":"summary_large_image","twitter_misc":{"\u00c9crit par":"Tom Fernandes"},"schema":{"@context":"https:\/\/schema.org","@graph":[{"@type":"Article","@id":"https:\/\/www.bymycar.be\/webzine\/mercedes-cla-shooting-brake-ou-berline-quelle-version-est-la-plus-polyvalente\/#article","isPartOf":{"@id":"https:\/\/www.bymycar.be\/webzine\/mercedes-cla-shooting-brake-ou-berline-quelle-version-est-la-plus-polyvalente\/"},"author":{"name":"Tom Fernandes","@id":"https:\/\/www.bymycar.be\/webzine\/nl\/#\/schema\/person\/6cd99e624bbd64604349ff20ee1ed853"},"headline":"Mercedes CLA Shooting Brake ou berline : quelle version est la plus polyvalente ?","datePublished":"2026-01-06T13:41:27+00:00","dateModified":"2026-01-06T14:03:27+00:00","mainEntityOfPage":{"@id":"https:\/\/www.bymycar.be\/webzine\/mercedes-cla-shooting-brake-ou-berline-quelle-version-est-la-plus-polyvalente\/"},"wordCount":12,"publisher":{"@id":"https:\/\/www.bymycar.be\/webzine\/nl\/#organization"},"inLanguage":"fr-FR"},{"@type":"WebPage","@id":"https:\/\/www.bymycar.be\/webzine\/mercedes-cla-shooting-brake-ou-berline-quelle-version-est-la-plus-polyvalente\/","url":"https:\/\/www.bymycar.be\/webzine\/mercedes-cla-shooting-brake-ou-berline-quelle-version-est-la-plus-polyvalente\/","name":"Mercedes CLA Shooting Brake ou berline : quelle version est la plus polyvalente ? - Webzine BE | BYmyCAR","isPartOf":{"@id":"https:\/\/www.bymycar.be\/webzine\/nl\/#website"},"datePublished":"2026-01-06T13:41:27+00:00","dateModified":"2026-01-06T14:03:27+00:00","breadcrumb":{"@id":"https:\/\/www.bymycar.be\/webzine\/mercedes-cla-shooting-brake-ou-berline-quelle-version-est-la-plus-polyvalente\/#breadcrumb"},"inLanguage":"fr-FR","potentialAction":[{"@type":"ReadAction","target":["https:\/\/www.bymycar.be\/webzine\/mercedes-cla-shooting-brake-ou-berline-quelle-version-est-la-plus-polyvalente\/"]}]},{"@type":"BreadcrumbList","@id":"https:\/\/www.bymycar.be\/webzine\/mercedes-cla-shooting-brake-ou-berline-quelle-version-est-la-plus-polyvalente\/#breadcrumb","itemListElement":[{"@type":"ListItem","position":1,"name":"Accueil","item":"https:\/\/www.bymycar.be\/webzine\/"},{"@type":"ListItem","position":2,"name":"Mercedes CLA Shooting Brake ou berline : quelle version est la plus polyvalente ?"}]},{"@type":"WebSite","@id":"https:\/\/www.bymycar.be\/webzine\/nl\/#website","url":"https:\/\/www.bymycar.be\/webzine\/nl\/","name":"Webzine | BYmyCAR","description":"_Le webzine auto de","publisher":{"@id":"https:\/\/www.bymycar.be\/webzine\/nl\/#organization"},"potentialAction":[{"@type":"SearchAction","target":{"@type":"EntryPoint","urlTemplate":"https:\/\/www.bymycar.be\/webzine\/nl\/?s={search_term_string}"},"query-input":{"@type":"PropertyValueSpecification","valueRequired":true,"valueName":"search_term_string"}}],"inLanguage":"fr-FR"},{"@type":"Organization","@id":"https:\/\/www.bymycar.be\/webzine\/nl\/#organization","name":"Webzine | BYmyCAR","url":"https:\/\/www.bymycar.be\/webzine\/nl\/","logo":{"@type":"ImageObject","inLanguage":"fr-FR","@id":"https:\/\/www.bymycar.be\/webzine\/nl\/#\/schema\/logo\/image\/","url":"https:\/\/cdn.bymycar.eu\/be-webzine\/wp-content\/uploads\/2024\/11\/20203047\/logo.png","contentUrl":"https:\/\/cdn.bymycar.eu\/be-webzine\/wp-content\/uploads\/2024\/11\/20203047\/logo.png","width":1280,"height":512,"caption":"Webzine | BYmyCAR"},"image":{"@id":"https:\/\/www.bymycar.be\/webzine\/nl\/#\/schema\/logo\/image\/"},"sameAs":["https:\/\/www.facebook.com\/BYmyCAR.officiel\/","https:\/\/www.instagram.com\/bymycar.officiel\/"]},{"@type":"Person","@id":"https:\/\/www.bymycar.be\/webzine\/nl\/#\/schema\/person\/6cd99e624bbd64604349ff20ee1ed853","name":"Tom Fernandes","image":{"@type":"ImageObject","inLanguage":"fr-FR","@id":"https:\/\/www.bymycar.be\/webzine\/nl\/#\/schema\/person\/image\/","url":"https:\/\/secure.gravatar.com\/avatar\/81b17c0cc5a6f1f7f394984269a7cbad9c7cca9604839da024242cf665051fbf?s=96&d=mm&r=g","contentUrl":"https:\/\/secure.gravatar.com\/avatar\/81b17c0cc5a6f1f7f394984269a7cbad9c7cca9604839da024242cf665051fbf?s=96&d=mm&r=g","caption":"Tom Fernandes"}}]}},"_links":{"self":[{"href":"https:\/\/www.bymycar.be\/webzine\/wp-json\/wp\/v2\/posts\/5823","targetHints":{"allow":["GET"]}}],"collection":[{"href":"https:\/\/www.bymycar.be\/webzine\/wp-json\/wp\/v2\/posts"}],"about":[{"href":"https:\/\/www.bymycar.be\/webzine\/wp-json\/wp\/v2\/types\/post"}],"author":[{"embeddable":true,"href":"https:\/\/www.bymycar.be\/webzine\/wp-json\/wp\/v2\/users\/17"}],"replies":[{"embeddable":true,"href":"https:\/\/www.bymycar.be\/webzine\/wp-json\/wp\/v2\/comments?post=5823"}],"version-history":[{"count":3,"href":"https:\/\/www.bymycar.be\/webzine\/wp-json\/wp\/v2\/posts\/5823\/revisions"}],"predecessor-version":[{"id":5841,"href":"https:\/\/www.bymycar.be\/webzine\/wp-json\/wp\/v2\/posts\/5823\/revisions\/5841"}],"wp:attachment":[{"href":"https:\/\/www.bymycar.be\/webzine\/wp-json\/wp\/v2\/media?parent=5823"}],"wp:term":[{"taxonomy":"category","embeddable":true,"href":"https:\/\/www.bymycar.be\/webzine\/wp-json\/wp\/v2\/categories?post=5823"},{"taxonomy":"post_tag","embeddable":true,"href":"https:\/\/www.bymycar.be\/webzine\/wp-json\/wp\/v2\/tags?post=5823"}],"curies":[{"name":"wp","href":"https:\/\/api.w.org\/{rel}","templated":true}]}}