{"id":5817,"date":"2026-01-06T14:29:49","date_gmt":"2026-01-06T13:29:49","guid":{"rendered":"https:\/\/www.bymycar.be\/webzine\/?p=5817"},"modified":"2026-01-06T15:03:22","modified_gmt":"2026-01-06T14:03:22","slug":"mercedes-cla-amg-180-200-250-ou-45-s-quelle-motorisation-choisir","status":"publish","type":"post","link":"https:\/\/www.bymycar.be\/webzine\/mercedes-cla-amg-180-200-250-ou-45-s-quelle-motorisation-choisir\/","title":{"rendered":"Mercedes CLA AMG : 180, 200, 250 ou 45 S, quelle motorisation choisir ?"},"content":{"rendered":"","protected":false},"excerpt":{"rendered":"","protected":false},"author":17,"featured_media":0,"comment_status":"closed","ping_status":"closed","sticky":false,"template":"","format":"standard","meta":{"_acf_changed":false,"footnotes":""},"categories":[1458],"tags":[],"class_list":["post-5817","post","type-post","status-publish","format-standard","hentry","category-guide-dachat-mercedes"],"acf":{"image":{"ID":5819,"id":5819,"title":"23c0311-003 (1)","filename":"23c0311-003-1-scaled.jpg","filesize":140353,"url":"https:\/\/cdn.bymycar.eu\/be-webzine\/wp-content\/uploads\/2026\/01\/06142827\/23c0311-003-1-scaled.jpg","link":"https:\/\/www.bymycar.be\/webzine\/mercedes-cla-amg-180-200-250-ou-45-s-quelle-motorisation-choisir\/23c0311-003-1\/","alt":"Mercedes CLA","author":"17","description":"","caption":"","name":"23c0311-003-1","status":"inherit","uploaded_to":5817,"date":"2026-01-06 13:28:21","modified":"2026-01-06 13:28:58","menu_order":0,"mime_type":"image\/jpeg","type":"image","subtype":"jpeg","icon":"https:\/\/www.bymycar.be\/webzine\/wp-includes\/images\/media\/default.png","width":2560,"height":1440,"sizes":{"thumbnail":"https:\/\/cdn.bymycar.eu\/be-webzine\/wp-content\/uploads\/2026\/01\/06142827\/23c0311-003-1-150x150.jpg","thumbnail-width":150,"thumbnail-height":150,"medium":"https:\/\/cdn.bymycar.eu\/be-webzine\/wp-content\/uploads\/2026\/01\/06142827\/23c0311-003-1-300x169.jpg","medium-width":300,"medium-height":169,"medium_large":"https:\/\/cdn.bymycar.eu\/be-webzine\/wp-content\/uploads\/2026\/01\/06142827\/23c0311-003-1-768x432.jpg","medium_large-width":768,"medium_large-height":432,"large":"https:\/\/cdn.bymycar.eu\/be-webzine\/wp-content\/uploads\/2026\/01\/06142827\/23c0311-003-1-1024x576.jpg","large-width":1024,"large-height":576,"1536x1536":"https:\/\/cdn.bymycar.eu\/be-webzine\/wp-content\/uploads\/2026\/01\/06142827\/23c0311-003-1-1536x864.jpg","1536x1536-width":1536,"1536x1536-height":864,"2048x2048":"https:\/\/cdn.bymycar.eu\/be-webzine\/wp-content\/uploads\/2026\/01\/06142827\/23c0311-003-1-2048x1152.jpg","2048x2048-width":2048,"2048x2048-height":1152}},"introduction":"<p>Alliance parfaite entre \u00e9l\u00e9gance et performances, la <a href=\"https:\/\/www.bymycar.be\/fr\/v\/mercedes-cla\">Mercedes-Benz CLA<\/a> s\u00e9duit par sa silhouette dynamique et ses motorisations vari\u00e9es. Que vous soyez attir\u00e9 par l&rsquo;efficience de la CLA 180, la polyvalence de la CLA 200, la sportivit\u00e9 de la CLA 250 ou la puissance exceptionnelle de la Mercedes-AMG CLA 45 S, chaque version offre une exp\u00e9rience de conduite unique. Dans cet article, nous comparons ces diff\u00e9rentes motorisations pour vous aider \u00e0 identifier celle qui correspondra parfaitement \u00e0 votre style de conduite. Nos conseillers BYmyCAR sont \u00e0 votre disposition pour vous guider dans ce choix important.<\/p>\n<p>&nbsp;<\/p>\n<p style=\"text-align: center;\"><a href=\"https:\/\/www.bymycar.be\/webzine\/mercedes-cla-le-coupe-4-portes-est-il-un-bon-choix-en-2025\/\"  class=\"css-button css-button--gold\" >\n                Tout savoir sur la Mercedes CLA\n        <\/a><\/p>\n","add-to-bo":false,"page_content":{"block_content":[{"acf_fc_layout":"carousel-produits"},{"acf_fc_layout":"text-simple","--nav":{"-withNav":false,"-ancre":""},"--group":{"-text":"<h2>Mercedes-Benz CLA : la gamme AMG en un clin d&rsquo;\u0153il<\/h2>\n<h3>Mercedes-AMG CLA Class : esprit haute performance<\/h3>\n<p>La gamme Mercedes-AMG CLA incarne l&rsquo;excellence sportive de la marque \u00e0 l&rsquo;\u00e9toile. Ce v\u00e9hicule d&rsquo;exception se distingue par sa calandre AMG orn\u00e9e du c\u00e9l\u00e8bre logo et son syst\u00e8me de freinage haute performance. L&rsquo;AMG CLA Coup\u00e9 offre une exp\u00e9rience de conduite intense avec des motorisations d\u00e9veloppant jusqu&rsquo;\u00e0 421 chevaux, capables de performances sup\u00e9rieures avec une acc\u00e9l\u00e9ration de 0 \u00e0 100 km\/h en seulement 4,0 secondes pour la version la plus puissante.<\/p>\n<h3>Mercedes-Benz CLA : design coup\u00e9 affirm\u00e9<\/h3>\n<p>Le Mercedes-Benz CLA s\u00e9duit par son design coup\u00e9 spectaculaire avec ses portes sans cadre et sa ligne de toit dynamique. Sa silhouette \u00e9lanc\u00e9e combine l&rsquo;\u00e9l\u00e9gance d&rsquo;un coup\u00e9 avec la praticit\u00e9 de quatre portes. La grille de calandre diamant et les voies \u00e9largies renforcent son caract\u00e8re sportif. Chez BYmyCAR, nos conseillers vous accompagnent pour d\u00e9couvrir toutes les facettes de ce mod\u00e8le d&rsquo;exception.<\/p>\n<h2>Comparatif motorisations : Mercedes-AMG CLA 180, 200, 250 et 45 S<\/h2>\n<h3>CLA 180 : efficacit\u00e9 pour la ville<\/h3>\n<p>Motorisation d&rsquo;entr\u00e9e de gamme, le Mercedes-Benz CLA 180 d\u00e9livre une puissance de 136 ch pour un couple g\u00e9n\u00e9reux de 216 Nm. Id\u00e9al pour une conduite urbaine, ce moteur 1,6 litre turbo essence offre un \u00e9quilibre parfait entre sobri\u00e9t\u00e9 et performances. Avec sa bo\u00eete 7G-DCT, il s&rsquo;av\u00e8re particuli\u00e8rement agr\u00e9able dans les d\u00e9placements quotidiens tout en conservant l&rsquo;ADN dynamique de la marque.<\/p>\n<h3>CLA 200 : polyvalence au quotidien<\/h3>\n<p>Avec ses 163 ch, le Mercedes-Benz CLA 200 propose une exp\u00e9rience de conduite plus affirm\u00e9e. Son moteur 4 cylindres de 1 332 cm\u00b3 lui conf\u00e8re une polyvalence remarquable, capable d&rsquo;atteindre 229 km\/h en vitesse de pointe. Cette version interm\u00e9diaire s&rsquo;adresse aux conducteurs recherchant un bon compromis entre performances et ma\u00eetrise, id\u00e9ale pour les trajets mixtes ville-route.<\/p>\n<h3>CLA 250 : caract\u00e8re sportif affirm\u00e9<\/h3>\n<p>V\u00e9ritable concentr\u00e9 de puissance avec ses 224 ch, le Mercedes-Benz CLA 250 offre des acc\u00e9l\u00e9rations impressionnantes (0-100 km\/h en 6,3 s). Sa transmission 4MATIC assure une motricit\u00e9 optimale en toutes circonstances. Son caract\u00e8re sportif se r\u00e9v\u00e8le pleinement sur routes sinueuses o\u00f9 sa tenue de route exemplaire et sa direction pr\u00e9cise font merveille pour les conducteurs exigeants.<\/p>\n<h3>CLA 45 S : performances exceptionnelles<\/h3>\n<p>Fleuron de la gamme, le Mercedes-AMG CLA 45 S d\u00e9livre une puissance impressionnante de 421 ch. Sa transmission 8 vitesses AMG SPEEDSHIFT DCT-8G et sa transmission int\u00e9grale 4MATIC+ garantissent des performances exceptionnelles (0-100 km\/h en 4,0 s). Con\u00e7u pour les amateurs de sensations fortes, ce mod\u00e8le haute performance combine sportivit\u00e9 extr\u00eame et technologie de pointe.<\/p>\n<table>\n<thead>\n<tr>\n<th>Version<\/th>\n<th>Puissance<\/th>\n<th>Transmission<\/th>\n<th>Atout principal<\/th>\n<\/tr>\n<\/thead>\n<tbody>\n<tr>\n<td>CLA 180<\/td>\n<td>136 ch<\/td>\n<td>7G-DCT<\/td>\n<td>\u00c9conomie<\/td>\n<\/tr>\n<tr>\n<td>CLA 200<\/td>\n<td>163 ch<\/td>\n<td>7G-DCT<\/td>\n<td>Polyvalence<\/td>\n<\/tr>\n<tr>\n<td>CLA 250<\/td>\n<td>224 ch<\/td>\n<td>4MATIC DCT<\/td>\n<td>Dynamisme<\/td>\n<\/tr>\n<tr>\n<td>CLA 45 S<\/td>\n<td>421 ch<\/td>\n<td>8G SPEEDSHIFT DCT<\/td>\n<td>Performance<\/td>\n<\/tr>\n<\/tbody>\n<\/table>\n<p>Quelle que soit la motorisation choisie, toutes les versions de la Mercedes-AMG CLA b\u00e9n\u00e9ficient des derni\u00e8res aides \u00e0 la conduite pour une s\u00e9curit\u00e9 optimale. Le syst\u00e8me multim\u00e9dia MBUX avec son \u00e9cran tactile de 10,25 pouces et ses graphismes haute d\u00e9finition compl\u00e8te l&rsquo;exp\u00e9rience premium \u00e0 bord de ce coup\u00e9 quatre portes d&rsquo;exception.<\/p>\n<h2>Choisir entre CLA Coup\u00e9 et Mercedes-AMG CLA Shooting Brake<\/h2>\n<h3>Lignes sportives du Coup\u00e9<\/h3>\n<p>Le Mercedes-Benz CLA Coup\u00e9 s\u00e9duit par son design aux lignes fluides et dynamiques. Sa silhouette muscl\u00e9e se distingue par ses voies \u00e9largies, sa calandre diamant verticale et ses \u00e9paules athl\u00e9tiques qui s&rsquo;\u00e9tendent des roues avant jusqu&rsquo;aux roues arri\u00e8re. Ce profil r\u00e9solument sportif attire imm\u00e9diatement les regards et vous conf\u00e8re une pr\u00e9sence remarquable sur la route, tout en conservant l&rsquo;\u00e9l\u00e9gance caract\u00e9ristique de la marque \u00e0 l&rsquo;\u00e9toile.<\/p>\n<h3>Praticit\u00e9 du Shooting Brake<\/h3>\n<p>Le Mercedes-AMG CLA Shooting Brake allie quant \u00e0 lui performance et polyvalence au quotidien. Cette variante conserve le caract\u00e8re sportif du Coup\u00e9 tout en offrant un volume de chargement g\u00e9n\u00e9reux allant jusqu&rsquo;\u00e0 1 370 litres une fois la banquette rabattue. Le concept Shooting Brake r\u00e9invente le break traditionnel avec une silhouette dynamique sans compromettre l&rsquo;aspect pratique. Nos conseillers BYmyCAR vous guideront avec expertise pour d\u00e9terminer le mod\u00e8le qui correspond parfaitement \u00e0 votre style de vie et \u00e0 vos besoins.<\/p>\n<h2>Technologies et aides \u00e0 la conduite du Mercedes-AMG CLA<\/h2>\n<p>Le Mercedes-AMG CLA vous offre une exp\u00e9rience technologique de pointe avec son syst\u00e8me multim\u00e9dia MBUX. Cette interface intuitive int\u00e8gre l&rsquo;assistant vocal \u00ab Hey Mercedes \u00bb, la commande gestuelle Interior Assist et des \u00e9crans num\u00e9riques pouvant atteindre 10,25 pouces. Les aides \u00e0 la conduite sont tout aussi impressionnantes avec le pack MB.DRIVE comprenant l&rsquo;assistant de maintien de voie, le r\u00e9gulateur de vitesse adaptatif et l&rsquo;assistance \u00e0 la direction d&rsquo;\u00e9vitement. Nos conseillers BYmyCAR se feront un plaisir de vous d\u00e9montrer toutes ces fonctionnalit\u00e9s lors d&rsquo;un essai personnalis\u00e9 en concession.<\/p>\n<h2>FAQ Mercedes-AMG CLA<\/h2>\n<h3>Que signifie la d\u00e9signation Mercedes-AMG CLA ?<\/h3>\n<p>La d\u00e9signation Mercedes-AMG CLA combine plusieurs \u00e9l\u00e9ments : \u00ab CL \u00bb indique qu&rsquo;il s&rsquo;agit d&rsquo;un coup\u00e9 4 portes, \u00ab A \u00bb fait r\u00e9f\u00e9rence \u00e0 son positionnement dans la gamme bas\u00e9 sur la Classe A, tandis que \u00ab AMG \u00bb repr\u00e9sente la norme de motorisation la plus \u00e9lev\u00e9e de <a href=\"https:\/\/www.bymycar.be\/fr\/v\/mercedes\">Mercedes-Benz<\/a>, symbolisant performance et sportivit\u00e9.<\/p>\n<h3>Quelle est la consommation de la Mercedes-AMG CLA 200 ?<\/h3>\n<p>La Mercedes-AMG CLA 200, \u00e9quip\u00e9e d&rsquo;un moteur essence 1,3 litre de 163 ch, affiche une consommation moyenne d&rsquo;environ 7,5 l\/100 km en conditions r\u00e9elles. Ce moteur offre un excellent compromis entre performance et efficacit\u00e9, parfaitement adapt\u00e9 pour les trajets urbains comme autoroutiers.<\/p>\n<h3>La Mercedes-Benz CLA AMG Line est-elle disponible en LOA ?<\/h3>\n<p>Oui, la Mercedes-Benz CLA AMG Line est disponible en LOA (Location avec Option d&rsquo;Achat). Cette formule de financement flexible vous permet de rouler en Mercedes-AMG CLA neuve ou d&rsquo;occasion. Pour conna\u00eetre les conditions pr\u00e9cises, consultez nos conseillers BYmyCAR qui vous proposeront l&rsquo;offre la plus adapt\u00e9e.<\/p>\n<h3>Les jantes Mercedes CLA AMG peuvent-elles \u00eatre personnalis\u00e9es ?<\/h3>\n<p>Absolument, les jantes Mercedes CLA AMG offrent de nombreuses possibilit\u00e9s de personnalisation. BYmyCAR propose une gamme compl\u00e8te de jantes d&rsquo;origine Mercedes-Benz et AMG en diff\u00e9rentes dimensions et finitions pour rendre votre Mercedes-AMG CLA unique et encore plus sportive.<\/p>\n<h3>Comment trouver une Mercedes CLA occasion chez BYmyCAR ?<\/h3>\n<p>Pour trouver une <a href=\"https:\/\/www.bymycar.be\/fr\/v\/mercedes-cla-occasion\">Mercedes CLA d&rsquo;occasion<\/a> qui correspond \u00e0 vos attentes, consultez notre plateforme en ligne o\u00f9 vous pourrez filtrer les mod\u00e8les selon vos crit\u00e8res. Nos experts BYmyCAR v\u00e9rifient minutieusement chaque v\u00e9hicule pour vous garantir qualit\u00e9 et fiabilit\u00e9.<\/p>\n<h3>Quels sont les atouts du kit AMG Mercedes CLA ?<\/h3>\n<p>Le kit AMG Mercedes CLA transforme radicalement l&rsquo;apparence de votre v\u00e9hicule avec ses boucliers sp\u00e9cifiques, sa calandre distinctive et son diffuseur arri\u00e8re. Il inclut \u00e9galement des jantes exclusives et un int\u00e9rieur sportif avec si\u00e8ges baquets et volant performance, pour une exp\u00e9rience de conduite incomparable.<\/p>\n<p><strong>Sources :\u00a0<\/strong><\/p>\n<ul>\n<li><a href=\"https:\/\/www.mercedes-benz.fr\/passengercars\/models\/coupe\/cla\/amg.html\" target=\"_blank\" rel=\"noopener\">Mercedes-AMG CLA Coup\u00e9<\/a><\/li>\n<li><a href=\"https:\/\/www.auto-selection.com\/fiche-technique\/mercedes-benz\/cla\/2025\/250~-eq-272ch-edition-one-2944143.php\" target=\"_blank\" rel=\"noopener\">Fiche technique MERCEDES-BENZ CLA 2025 250+ EQ &#8230;<\/a><\/li>\n<\/ul>\n<p><!--StartFragment --><\/p>\n<p class=\"pf0\"><strong><span class=\"cf0\">D\u00e9couvrez aussi :<\/span><\/strong><\/p>\n<ul>\n<li class=\"pf1\"><a href=\"https:\/\/www.bymycar.be\/webzine\/mercedes-cla-vs-audi-a5-sportback-quel-modele-offre-le-meilleur-compromis\/\"><span class=\"cf1\">Mercedes CLA vs Audi A5 <\/span><span class=\"cf1\">Sportback<\/span><span class=\"cf1\"> : quel mod\u00e8le offre le meilleur compromis ?<\/span><\/a><\/li>\n<li class=\"pf1\"><a href=\"https:\/\/www.bymycar.be\/webzine\/mercedes-cla-shooting-brake-ou-berline-quelle-version-est-la-plus-polyvalente\/\"><span class=\"cf1\">Mercedes CLA Shooting <\/span><span class=\"cf1\">Brake<\/span><span class=\"cf1\"> ou berline : quelle version est la plus polyvalente ?<\/span><\/a><\/li>\n<li class=\"pf1\"><a href=\"https:\/\/www.bymycar.be\/webzine\/mercedes-cla-hybride-rechargeable-choix-pertinent-ou-simple-argument-marketing\/\"><span class=\"cf1\">CLA hybride rechargeable : un choix pertinent ou un simple argument marketing ?<\/span><\/a><\/li>\n<li class=\"pf1\"><a href=\"https:\/\/www.bymycar.be\/webzine\/acheter-une-mercedes-cla-doccasion-quels-sont-les-modeles-les-plus-fiables\/\"><span class=\"cf1\">Acheter un Mercedes CLA d\u2019occasion : quels sont les mod\u00e8les les plus fiables ?<\/span><\/a><\/li>\n<\/ul>\n<p><!--EndFragment --><\/p>\n"}}]}},"yoast_head":"<!-- This site is optimized with the Yoast SEO Premium plugin v26.4 (Yoast SEO v27.1.1) - https:\/\/yoast.com\/product\/yoast-seo-premium-wordpress\/ -->\n<title>Mercedes CLA AMG : 180, 200, 250 ou 45 S, quelle motorisation choisir ? - Webzine BE | BYmyCAR<\/title>\n<meta name=\"robots\" content=\"index, follow, max-snippet:-1, max-image-preview:large, max-video-preview:-1\" \/>\n<link rel=\"canonical\" href=\"https:\/\/www.bymycar.be\/webzine\/mercedes-cla-amg-180-200-250-ou-45-s-quelle-motorisation-choisir\/\" \/>\n<meta property=\"og:locale\" content=\"fr_FR\" \/>\n<meta property=\"og:type\" content=\"article\" \/>\n<meta property=\"og:title\" content=\"Mercedes CLA AMG : 180, 200, 250 ou 45 S, quelle motorisation choisir ?\" \/>\n<meta property=\"og:url\" content=\"https:\/\/www.bymycar.be\/webzine\/mercedes-cla-amg-180-200-250-ou-45-s-quelle-motorisation-choisir\/\" \/>\n<meta property=\"og:site_name\" content=\"Webzine BE | BYmyCAR\" \/>\n<meta property=\"article:publisher\" content=\"https:\/\/www.facebook.com\/BYmyCAR.officiel\/\" \/>\n<meta property=\"article:published_time\" content=\"2026-01-06T13:29:49+00:00\" \/>\n<meta property=\"article:modified_time\" content=\"2026-01-06T14:03:22+00:00\" \/>\n<meta name=\"author\" content=\"Tom Fernandes\" \/>\n<meta name=\"twitter:card\" content=\"summary_large_image\" \/>\n<meta name=\"twitter:label1\" content=\"\u00c9crit par\" \/>\n\t<meta name=\"twitter:data1\" content=\"Tom Fernandes\" \/>\n<script type=\"application\/ld+json\" class=\"yoast-schema-graph\">{\"@context\":\"https:\/\/schema.org\",\"@graph\":[{\"@type\":\"Article\",\"@id\":\"https:\/\/www.bymycar.be\/webzine\/mercedes-cla-amg-180-200-250-ou-45-s-quelle-motorisation-choisir\/#article\",\"isPartOf\":{\"@id\":\"https:\/\/www.bymycar.be\/webzine\/mercedes-cla-amg-180-200-250-ou-45-s-quelle-motorisation-choisir\/\"},\"author\":{\"name\":\"Tom Fernandes\",\"@id\":\"https:\/\/www.bymycar.be\/webzine\/nl\/#\/schema\/person\/6cd99e624bbd64604349ff20ee1ed853\"},\"headline\":\"Mercedes CLA AMG : 180, 200, 250 ou 45 S, quelle motorisation choisir ?\",\"datePublished\":\"2026-01-06T13:29:49+00:00\",\"dateModified\":\"2026-01-06T14:03:22+00:00\",\"mainEntityOfPage\":{\"@id\":\"https:\/\/www.bymycar.be\/webzine\/mercedes-cla-amg-180-200-250-ou-45-s-quelle-motorisation-choisir\/\"},\"wordCount\":8,\"publisher\":{\"@id\":\"https:\/\/www.bymycar.be\/webzine\/nl\/#organization\"},\"articleSection\":[\"Guide d'achat Mercedes\"],\"inLanguage\":\"fr-FR\"},{\"@type\":\"WebPage\",\"@id\":\"https:\/\/www.bymycar.be\/webzine\/mercedes-cla-amg-180-200-250-ou-45-s-quelle-motorisation-choisir\/\",\"url\":\"https:\/\/www.bymycar.be\/webzine\/mercedes-cla-amg-180-200-250-ou-45-s-quelle-motorisation-choisir\/\",\"name\":\"Mercedes CLA AMG : 180, 200, 250 ou 45 S, quelle motorisation choisir ? - Webzine BE | BYmyCAR\",\"isPartOf\":{\"@id\":\"https:\/\/www.bymycar.be\/webzine\/nl\/#website\"},\"datePublished\":\"2026-01-06T13:29:49+00:00\",\"dateModified\":\"2026-01-06T14:03:22+00:00\",\"breadcrumb\":{\"@id\":\"https:\/\/www.bymycar.be\/webzine\/mercedes-cla-amg-180-200-250-ou-45-s-quelle-motorisation-choisir\/#breadcrumb\"},\"inLanguage\":\"fr-FR\",\"potentialAction\":[{\"@type\":\"ReadAction\",\"target\":[\"https:\/\/www.bymycar.be\/webzine\/mercedes-cla-amg-180-200-250-ou-45-s-quelle-motorisation-choisir\/\"]}]},{\"@type\":\"BreadcrumbList\",\"@id\":\"https:\/\/www.bymycar.be\/webzine\/mercedes-cla-amg-180-200-250-ou-45-s-quelle-motorisation-choisir\/#breadcrumb\",\"itemListElement\":[{\"@type\":\"ListItem\",\"position\":1,\"name\":\"Accueil\",\"item\":\"https:\/\/www.bymycar.be\/webzine\/\"},{\"@type\":\"ListItem\",\"position\":2,\"name\":\"Mercedes CLA AMG : 180, 200, 250 ou 45 S, quelle motorisation choisir ?\"}]},{\"@type\":\"WebSite\",\"@id\":\"https:\/\/www.bymycar.be\/webzine\/nl\/#website\",\"url\":\"https:\/\/www.bymycar.be\/webzine\/nl\/\",\"name\":\"Webzine | BYmyCAR\",\"description\":\"_Le webzine auto de\",\"publisher\":{\"@id\":\"https:\/\/www.bymycar.be\/webzine\/nl\/#organization\"},\"potentialAction\":[{\"@type\":\"SearchAction\",\"target\":{\"@type\":\"EntryPoint\",\"urlTemplate\":\"https:\/\/www.bymycar.be\/webzine\/nl\/?s={search_term_string}\"},\"query-input\":{\"@type\":\"PropertyValueSpecification\",\"valueRequired\":true,\"valueName\":\"search_term_string\"}}],\"inLanguage\":\"fr-FR\"},{\"@type\":\"Organization\",\"@id\":\"https:\/\/www.bymycar.be\/webzine\/nl\/#organization\",\"name\":\"Webzine | BYmyCAR\",\"url\":\"https:\/\/www.bymycar.be\/webzine\/nl\/\",\"logo\":{\"@type\":\"ImageObject\",\"inLanguage\":\"fr-FR\",\"@id\":\"https:\/\/www.bymycar.be\/webzine\/nl\/#\/schema\/logo\/image\/\",\"url\":\"https:\/\/cdn.bymycar.eu\/be-webzine\/wp-content\/uploads\/2024\/11\/20203047\/logo.png\",\"contentUrl\":\"https:\/\/cdn.bymycar.eu\/be-webzine\/wp-content\/uploads\/2024\/11\/20203047\/logo.png\",\"width\":1280,\"height\":512,\"caption\":\"Webzine | BYmyCAR\"},\"image\":{\"@id\":\"https:\/\/www.bymycar.be\/webzine\/nl\/#\/schema\/logo\/image\/\"},\"sameAs\":[\"https:\/\/www.facebook.com\/BYmyCAR.officiel\/\",\"https:\/\/www.instagram.com\/bymycar.officiel\/\"]},{\"@type\":\"Person\",\"@id\":\"https:\/\/www.bymycar.be\/webzine\/nl\/#\/schema\/person\/6cd99e624bbd64604349ff20ee1ed853\",\"name\":\"Tom Fernandes\",\"image\":{\"@type\":\"ImageObject\",\"inLanguage\":\"fr-FR\",\"@id\":\"https:\/\/www.bymycar.be\/webzine\/nl\/#\/schema\/person\/image\/\",\"url\":\"https:\/\/secure.gravatar.com\/avatar\/81b17c0cc5a6f1f7f394984269a7cbad9c7cca9604839da024242cf665051fbf?s=96&d=mm&r=g\",\"contentUrl\":\"https:\/\/secure.gravatar.com\/avatar\/81b17c0cc5a6f1f7f394984269a7cbad9c7cca9604839da024242cf665051fbf?s=96&d=mm&r=g\",\"caption\":\"Tom Fernandes\"}}]}<\/script>\n<!-- \/ Yoast SEO Premium plugin. -->","yoast_head_json":{"title":"Mercedes CLA AMG : 180, 200, 250 ou 45 S, quelle motorisation choisir ? - Webzine BE | BYmyCAR","robots":{"index":"index","follow":"follow","max-snippet":"max-snippet:-1","max-image-preview":"max-image-preview:large","max-video-preview":"max-video-preview:-1"},"canonical":"https:\/\/www.bymycar.be\/webzine\/mercedes-cla-amg-180-200-250-ou-45-s-quelle-motorisation-choisir\/","og_locale":"fr_FR","og_type":"article","og_title":"Mercedes CLA AMG : 180, 200, 250 ou 45 S, quelle motorisation choisir ?","og_url":"https:\/\/www.bymycar.be\/webzine\/mercedes-cla-amg-180-200-250-ou-45-s-quelle-motorisation-choisir\/","og_site_name":"Webzine BE | BYmyCAR","article_publisher":"https:\/\/www.facebook.com\/BYmyCAR.officiel\/","article_published_time":"2026-01-06T13:29:49+00:00","article_modified_time":"2026-01-06T14:03:22+00:00","author":"Tom Fernandes","twitter_card":"summary_large_image","twitter_misc":{"\u00c9crit par":"Tom Fernandes"},"schema":{"@context":"https:\/\/schema.org","@graph":[{"@type":"Article","@id":"https:\/\/www.bymycar.be\/webzine\/mercedes-cla-amg-180-200-250-ou-45-s-quelle-motorisation-choisir\/#article","isPartOf":{"@id":"https:\/\/www.bymycar.be\/webzine\/mercedes-cla-amg-180-200-250-ou-45-s-quelle-motorisation-choisir\/"},"author":{"name":"Tom Fernandes","@id":"https:\/\/www.bymycar.be\/webzine\/nl\/#\/schema\/person\/6cd99e624bbd64604349ff20ee1ed853"},"headline":"Mercedes CLA AMG : 180, 200, 250 ou 45 S, quelle motorisation choisir ?","datePublished":"2026-01-06T13:29:49+00:00","dateModified":"2026-01-06T14:03:22+00:00","mainEntityOfPage":{"@id":"https:\/\/www.bymycar.be\/webzine\/mercedes-cla-amg-180-200-250-ou-45-s-quelle-motorisation-choisir\/"},"wordCount":8,"publisher":{"@id":"https:\/\/www.bymycar.be\/webzine\/nl\/#organization"},"articleSection":["Guide d'achat Mercedes"],"inLanguage":"fr-FR"},{"@type":"WebPage","@id":"https:\/\/www.bymycar.be\/webzine\/mercedes-cla-amg-180-200-250-ou-45-s-quelle-motorisation-choisir\/","url":"https:\/\/www.bymycar.be\/webzine\/mercedes-cla-amg-180-200-250-ou-45-s-quelle-motorisation-choisir\/","name":"Mercedes CLA AMG : 180, 200, 250 ou 45 S, quelle motorisation choisir ? - Webzine BE | BYmyCAR","isPartOf":{"@id":"https:\/\/www.bymycar.be\/webzine\/nl\/#website"},"datePublished":"2026-01-06T13:29:49+00:00","dateModified":"2026-01-06T14:03:22+00:00","breadcrumb":{"@id":"https:\/\/www.bymycar.be\/webzine\/mercedes-cla-amg-180-200-250-ou-45-s-quelle-motorisation-choisir\/#breadcrumb"},"inLanguage":"fr-FR","potentialAction":[{"@type":"ReadAction","target":["https:\/\/www.bymycar.be\/webzine\/mercedes-cla-amg-180-200-250-ou-45-s-quelle-motorisation-choisir\/"]}]},{"@type":"BreadcrumbList","@id":"https:\/\/www.bymycar.be\/webzine\/mercedes-cla-amg-180-200-250-ou-45-s-quelle-motorisation-choisir\/#breadcrumb","itemListElement":[{"@type":"ListItem","position":1,"name":"Accueil","item":"https:\/\/www.bymycar.be\/webzine\/"},{"@type":"ListItem","position":2,"name":"Mercedes CLA AMG : 180, 200, 250 ou 45 S, quelle motorisation choisir ?"}]},{"@type":"WebSite","@id":"https:\/\/www.bymycar.be\/webzine\/nl\/#website","url":"https:\/\/www.bymycar.be\/webzine\/nl\/","name":"Webzine | BYmyCAR","description":"_Le webzine auto de","publisher":{"@id":"https:\/\/www.bymycar.be\/webzine\/nl\/#organization"},"potentialAction":[{"@type":"SearchAction","target":{"@type":"EntryPoint","urlTemplate":"https:\/\/www.bymycar.be\/webzine\/nl\/?s={search_term_string}"},"query-input":{"@type":"PropertyValueSpecification","valueRequired":true,"valueName":"search_term_string"}}],"inLanguage":"fr-FR"},{"@type":"Organization","@id":"https:\/\/www.bymycar.be\/webzine\/nl\/#organization","name":"Webzine | BYmyCAR","url":"https:\/\/www.bymycar.be\/webzine\/nl\/","logo":{"@type":"ImageObject","inLanguage":"fr-FR","@id":"https:\/\/www.bymycar.be\/webzine\/nl\/#\/schema\/logo\/image\/","url":"https:\/\/cdn.bymycar.eu\/be-webzine\/wp-content\/uploads\/2024\/11\/20203047\/logo.png","contentUrl":"https:\/\/cdn.bymycar.eu\/be-webzine\/wp-content\/uploads\/2024\/11\/20203047\/logo.png","width":1280,"height":512,"caption":"Webzine | BYmyCAR"},"image":{"@id":"https:\/\/www.bymycar.be\/webzine\/nl\/#\/schema\/logo\/image\/"},"sameAs":["https:\/\/www.facebook.com\/BYmyCAR.officiel\/","https:\/\/www.instagram.com\/bymycar.officiel\/"]},{"@type":"Person","@id":"https:\/\/www.bymycar.be\/webzine\/nl\/#\/schema\/person\/6cd99e624bbd64604349ff20ee1ed853","name":"Tom Fernandes","image":{"@type":"ImageObject","inLanguage":"fr-FR","@id":"https:\/\/www.bymycar.be\/webzine\/nl\/#\/schema\/person\/image\/","url":"https:\/\/secure.gravatar.com\/avatar\/81b17c0cc5a6f1f7f394984269a7cbad9c7cca9604839da024242cf665051fbf?s=96&d=mm&r=g","contentUrl":"https:\/\/secure.gravatar.com\/avatar\/81b17c0cc5a6f1f7f394984269a7cbad9c7cca9604839da024242cf665051fbf?s=96&d=mm&r=g","caption":"Tom Fernandes"}}]}},"_links":{"self":[{"href":"https:\/\/www.bymycar.be\/webzine\/wp-json\/wp\/v2\/posts\/5817","targetHints":{"allow":["GET"]}}],"collection":[{"href":"https:\/\/www.bymycar.be\/webzine\/wp-json\/wp\/v2\/posts"}],"about":[{"href":"https:\/\/www.bymycar.be\/webzine\/wp-json\/wp\/v2\/types\/post"}],"author":[{"embeddable":true,"href":"https:\/\/www.bymycar.be\/webzine\/wp-json\/wp\/v2\/users\/17"}],"replies":[{"embeddable":true,"href":"https:\/\/www.bymycar.be\/webzine\/wp-json\/wp\/v2\/comments?post=5817"}],"version-history":[{"count":4,"href":"https:\/\/www.bymycar.be\/webzine\/wp-json\/wp\/v2\/posts\/5817\/revisions"}],"predecessor-version":[{"id":5839,"href":"https:\/\/www.bymycar.be\/webzine\/wp-json\/wp\/v2\/posts\/5817\/revisions\/5839"}],"wp:attachment":[{"href":"https:\/\/www.bymycar.be\/webzine\/wp-json\/wp\/v2\/media?parent=5817"}],"wp:term":[{"taxonomy":"category","embeddable":true,"href":"https:\/\/www.bymycar.be\/webzine\/wp-json\/wp\/v2\/categories?post=5817"},{"taxonomy":"post_tag","embeddable":true,"href":"https:\/\/www.bymycar.be\/webzine\/wp-json\/wp\/v2\/tags?post=5817"}],"curies":[{"name":"wp","href":"https:\/\/api.w.org\/{rel}","templated":true}]}}