{"id":5796,"date":"2026-01-06T11:01:02","date_gmt":"2026-01-06T10:01:02","guid":{"rendered":"https:\/\/www.bymycar.be\/webzine\/?p=5796"},"modified":"2026-01-06T11:17:26","modified_gmt":"2026-01-06T10:17:26","slug":"acheter-une-amg-gt-doccasion-quels-sont-les-modeles-les-plus-recherches","status":"publish","type":"post","link":"https:\/\/www.bymycar.be\/webzine\/acheter-une-amg-gt-doccasion-quels-sont-les-modeles-les-plus-recherches\/","title":{"rendered":"Acheter une AMG GT d&rsquo;occasion : quels sont les mod\u00e8les les plus recherch\u00e9s ?"},"content":{"rendered":"","protected":false},"excerpt":{"rendered":"","protected":false},"author":17,"featured_media":0,"comment_status":"closed","ping_status":"closed","sticky":false,"template":"","format":"standard","meta":{"_acf_changed":false,"footnotes":""},"categories":[1458],"tags":[],"class_list":["post-5796","post","type-post","status-publish","format-standard","hentry","category-guide-dachat-mercedes"],"acf":{"image":{"ID":5798,"id":5798,"title":"23c0233-001","filename":"23c0233-001-scaled.jpg","filesize":422334,"url":"https:\/\/cdn.bymycar.eu\/be-webzine\/wp-content\/uploads\/2026\/01\/06110022\/23c0233-001-scaled.jpg","link":"https:\/\/www.bymycar.be\/webzine\/acheter-une-amg-gt-doccasion-quels-sont-les-modeles-les-plus-recherches\/23c0233-001\/","alt":"Mercedes AMG GT","author":"17","description":"","caption":"","name":"23c0233-001","status":"inherit","uploaded_to":5796,"date":"2026-01-06 10:00:19","modified":"2026-01-06 10:00:37","menu_order":0,"mime_type":"image\/jpeg","type":"image","subtype":"jpeg","icon":"https:\/\/www.bymycar.be\/webzine\/wp-includes\/images\/media\/default.png","width":2560,"height":1707,"sizes":{"thumbnail":"https:\/\/cdn.bymycar.eu\/be-webzine\/wp-content\/uploads\/2026\/01\/06110022\/23c0233-001-150x150.jpg","thumbnail-width":150,"thumbnail-height":150,"medium":"https:\/\/cdn.bymycar.eu\/be-webzine\/wp-content\/uploads\/2026\/01\/06110022\/23c0233-001-300x200.jpg","medium-width":300,"medium-height":200,"medium_large":"https:\/\/cdn.bymycar.eu\/be-webzine\/wp-content\/uploads\/2026\/01\/06110022\/23c0233-001-768x512.jpg","medium_large-width":768,"medium_large-height":512,"large":"https:\/\/cdn.bymycar.eu\/be-webzine\/wp-content\/uploads\/2026\/01\/06110022\/23c0233-001-1024x683.jpg","large-width":1024,"large-height":683,"1536x1536":"https:\/\/cdn.bymycar.eu\/be-webzine\/wp-content\/uploads\/2026\/01\/06110022\/23c0233-001-1536x1024.jpg","1536x1536-width":1536,"1536x1536-height":1024,"2048x2048":"https:\/\/cdn.bymycar.eu\/be-webzine\/wp-content\/uploads\/2026\/01\/06110022\/23c0233-001-2048x1366.jpg","2048x2048-width":2048,"2048x2048-height":1366}},"introduction":"<p>V\u00e9ritable ic\u00f4ne sportive de la marque \u00e0 l&rsquo;\u00e9toile, la Mercedes-AMG GT fascine par ses performances exceptionnelles et son design expressif. Que vous soyez attir\u00e9 par l&rsquo;\u00e9l\u00e9gance du Coup\u00e9, la sensation de libert\u00e9 du Roadster ou la polyvalence du mod\u00e8le 4 portes, BYmyCAR vous accompagne dans votre recherche de voitures d&rsquo;occasion d&rsquo;exception. D\u00e9couvrez avec nos conseillers les versions les plus pris\u00e9es de la Mercedes-AMG GT sur le march\u00e9 de seconde main.<\/p>\n<p>&nbsp;<\/p>\n<p style=\"text-align: center;\"><a href=\"https:\/\/www.bymycar.be\/webzine\/pourquoi-la-mercedes-amg-gt-est-elle-en-passe-de-devenir-un-modele-collector\/\"  class=\"css-button css-button--gold\" >\n                Tout savoir sur la Mercedes AMG GT\n        <\/a><\/p>\n","add-to-bo":false,"page_content":{"block_content":[{"acf_fc_layout":"carousel-produits"},{"acf_fc_layout":"text-simple","--nav":{"-withNav":false,"-ancre":""},"--group":{"-text":"<h2>Comprendre la gamme Mercedes-AMG GT d&rsquo;occasion<\/h2>\n<p>La Mercedes-AMG GT repr\u00e9sente l&rsquo;excellence sportive de la marque \u00e0 l&rsquo;\u00e9toile avec trois silhouettes distinctives qui allient performances exceptionnelles et luxe raffin\u00e9. D\u00e9couvrez les diff\u00e9rentes d\u00e9clinaisons de ce mod\u00e8le embl\u00e9matique qui saura r\u00e9pondre \u00e0 vos attentes les plus exigeantes.<\/p>\n<h3>Coup\u00e9<\/h3>\n<p>Le Mercedes-AMG GT Coup\u00e9 incarne l&rsquo;essence m\u00eame de la sportivit\u00e9 avec sa silhouette rac\u00e9e et compacte. R\u00e9solument orient\u00e9 performance, ce mod\u00e8le deux portes vous offre une exp\u00e9rience de conduite exceptionnelle gr\u00e2ce \u00e0 son puissant V8 biturbo de 4,0 litres. La transmission Speedshift 7G-DCT assure des passages de rapports fulgurants, tandis que l&rsquo;arri\u00e8re-train directionnel avec freins c\u00e9ramiques optimise la tenue de route dans les virages les plus serr\u00e9s. Son design agressif soulign\u00e9 par le pack night en option renforce son caract\u00e8re exclusif.<\/p>\n<h3>Roadster<\/h3>\n<p>Pour les amateurs de sensations \u00e0 ciel ouvert, le Mercedes-AMG GT Roadster combine le plaisir de la conduite cheveux au vent avec des performances \u00e9poustouflantes. Propuls\u00e9 par le m\u00eame V8 biturbo que son homologue ferm\u00e9, ce cabriolet peut d\u00e9livrer jusqu&rsquo;\u00e0 557 ch selon les versions. Sa bo\u00eete Speedshift 7G-DCT garantit une r\u00e9activit\u00e9 imm\u00e9diate \u00e0 chaque acc\u00e9l\u00e9ration. L&rsquo;arri\u00e8re-train directionnel avec freins c\u00e9ramiques assure une agilit\u00e9 remarquable malgr\u00e9 son gabarit imposant, vous permettant de profiter pleinement de chaque virage.<\/p>\n<h3>4 portes<\/h3>\n<p>La Mercedes-AMG GT 4 portes allie praticit\u00e9 quotidienne et performances exceptionnelles dans une berline-coup\u00e9 \u00e9l\u00e9gante. Cette version familiale ne sacrifie rien aux sensations fortes avec son V8 biturbo pouvant d\u00e9velopper plus de 800 ch dans sa version hybride. Sa transmission Speedshift 7G-DCT et son arri\u00e8re-train directionnel avec freins c\u00e9ramiques lui permettent d&rsquo;atteindre des performances impressionnantes, comme en t\u00e9moigne son record sur le circuit du N\u00fcrburgring. Une sportive polyvalente qui combine luxe, espace et performances.<\/p>\n<h2>Les versions Coup\u00e9 les plus convoit\u00e9es<\/h2>\n<h3>Mercedes AMG GT S<\/h3>\n<p>La Mercedes-AMG GT S repr\u00e9sente l&rsquo;\u00e9quilibre parfait entre performances et raffinement. Avec son moteur V8 biturbo de 4,0 litres d\u00e9veloppant 510 chevaux, elle offre des acc\u00e9l\u00e9rations fulgurantes et une sonorit\u00e9 envo\u00fbtante qui ravira tous les amateurs de sportives. Son ch\u00e2ssis parfaitement \u00e9quilibr\u00e9 et sa maniabilit\u00e9 exceptionnelle en font une v\u00e9ritable r\u00e9f\u00e9rence dans sa cat\u00e9gorie. Quelle que soit l&rsquo;ann\u00e9e du mod\u00e8le que vous recherchez, cette version saura vous s\u00e9duire par son caract\u00e8re affirm\u00e9 et sa polyvalence.<\/p>\n<h3>Mercedes AMG GT R<\/h3>\n<p>N\u00e9e sur le l\u00e9gendaire circuit du N\u00fcrburgring, la Mercedes-AMG GT R est une v\u00e9ritable voiture de course homologu\u00e9e pour la route. Son V8 biturbo de 577 chevaux propulse cette b\u00eate de course avec une puissance impressionnante. Elle se distingue par sa direction active de l&rsquo;essieu arri\u00e8re, son contr\u00f4le de motricit\u00e9 ajustable sur neuf niveaux et son ch\u00e2ssis filet\u00e9 r\u00e9glable. Sa carrosserie all\u00e9g\u00e9e avec des \u00e9l\u00e9ments en carbone et titane am\u00e9liore encore ses performances d\u00e9j\u00e0 exceptionnelles. La GT R incarne l&rsquo;esprit de performance pure d&rsquo;AMG.<\/p>\n<h3>Mercedes AMG GT Black Series<\/h3>\n<p>La <a href=\"https:\/\/www.bymycar.be\/fr\/mercedes-amg-gt-coupe-510-ch-ba7-occasion-2017-import-1010500\">Mercedes-AMG GT Black Series<\/a> repr\u00e9sente le summum de l&rsquo;excellence <a href=\"https:\/\/www.bymycar.be\/fr\/v\/mercedes\">Mercedes-AMG<\/a>. Cette \u00e9dition ultra-exclusive a marqu\u00e9 l&rsquo;histoire en battant le record du N\u00fcrburgring avec un temps de 6:43.62, surpassant m\u00eame la Lamborghini Aventador SVJ. Avec une puissance ph\u00e9nom\u00e9nale et un comportement dynamique incomparable, elle offre une exp\u00e9rience de conduite digne des meilleures voitures de comp\u00e9tition. La Black Series incarne la philosophie de performance ultime, sans compromis, qui fait la r\u00e9putation d&rsquo;AMG.<\/p>\n<h3>Mercedes AMG GT Edition 50<\/h3>\n<p>Cr\u00e9\u00e9e pour c\u00e9l\u00e9brer le 50\u00e8me anniversaire d&rsquo;AMG, l&rsquo;Edition 50 est une s\u00e9rie limit\u00e9e \u00e0 seulement 100 exemplaires dans le monde. Elle se distingue par ses finitions exclusives, notamment ses teintes sp\u00e9ciales Graphite Grey Magno ou Blanc Designo, et ses d\u00e9tails en chrome noir. L&rsquo;habitacle b\u00e9n\u00e9ficie d&rsquo;une sellerie en cuir Nappa noir et argent avec surpiq\u00fbres contrast\u00e9es et badges comm\u00e9moratifs. Cette \u00e9dition collector allie performances et raffinement pour les collectionneurs les plus exigeants.<\/p>\n<p>Pour d\u00e9couvrir ces mod\u00e8les d&rsquo;exception et obtenir des informations sur les prix, n&rsquo;h\u00e9sitez pas \u00e0 contacter nos conseillers BYmyCAR qui se feront un plaisir de vous accompagner dans votre recherche du mod\u00e8le AMG GT parfait.<\/p>\n<h2>Mercedes AMG GT : les d\u00e9clinaisons 43, 53, 63 et 63 S<\/h2>\n<h3>Mercedes AMG GT 43<\/h3>\n<p>La Mercedes-AMG GT 43 repr\u00e9sente l&rsquo;entr\u00e9e de gamme de cette berline-coup\u00e9 sportive \u00e0 quatre portes. \u00c9quip\u00e9e d&rsquo;un moteur six cylindres en ligne de 3,0 litres d\u00e9veloppant 367 ch, elle allie performance et confort quotidien. La transmission int\u00e9grale 4MATIC+ enti\u00e8rement variable garantit une tenue de route exemplaire en toutes circonstances, tout en pr\u00e9servant l&rsquo;agilit\u00e9 caract\u00e9ristique des mod\u00e8les AMG. Malgr\u00e9 son statut d&rsquo;entr\u00e9e de gamme, cette version offre un espace g\u00e9n\u00e9reux pour toute la famille et des \u00e9quipements haut de gamme.<\/p>\n<h3>Mercedes AMG GT 53<\/h3>\n<p>La Mercedes-AMG GT 53 monte en puissance avec son six cylindres en ligne de 3,0 litres port\u00e9 \u00e0 435 ch. Cette d\u00e9clinaison interm\u00e9diaire offre un \u00e9quilibre parfait entre performances sportives et polyvalence quotidienne. Comme sa petite s\u0153ur, elle b\u00e9n\u00e9ficie de la transmission 4MATIC+ qui r\u00e9partit intelligemment le couple entre les quatre roues pour une adh\u00e9rence optimale. L&rsquo;habitacle spacieux et luxueux permet d&rsquo;accueillir confortablement quatre passagers, faisant de cette Mercedes-AMG GT une sportive utilisable au quotidien.<\/p>\n<h3>Mercedes AMG GT 63<\/h3>\n<p>La Mercedes-AMG GT 63 marque une nette mont\u00e9e en puissance avec son imposant V8 biturbo de 4,0 litres d\u00e9veloppant 585 ch. Cette motorisation permet des performances exceptionnelles avec un 0 \u00e0 100 km\/h abattu en seulement 3,4 secondes. La transmission int\u00e9grale 4MATIC+ est ici compl\u00e9t\u00e9e par un syst\u00e8me de roues arri\u00e8re directrices pour une agilit\u00e9 accrue. Le confort n&rsquo;est pas en reste gr\u00e2ce \u00e0 la suspension AMG RIDE CONTROL+ qui s&rsquo;adapte aux conditions de conduite, offrant ainsi une exp\u00e9rience familiale unique dans l&rsquo;univers des berlines sportives.<\/p>\n<h3>Mercedes AMG GT 63 S<\/h3>\n<p>Au sommet de la gamme, la Mercedes-AMG GT 63 S repr\u00e9sente l&rsquo;expression ultime de la sportivit\u00e9 avec son V8 biturbo de 4,0 litres pouss\u00e9 \u00e0 639 ch. Cette version d&rsquo;exception catapulte ses occupants de 0 \u00e0 100 km\/h en seulement 3,2 secondes pour une vitesse maximale de 315 km\/h. La transmission 4MATIC+ et la bo\u00eete automatique SPEEDSHIFT MCT 9G garantissent une exploitation optimale de cette puissance ph\u00e9nom\u00e9nale. Pour d\u00e9couvrir <a href=\"https:\/\/www.bymycar.be\/fr\/mercedes-amg-gt-coupe-63-s-speedshift-mct-amg-4-matic-occasion-2019-import-958765\">cette version haut de gamme<\/a> dans sa forme la plus aboutie, nos conseillers BYmyCAR vous accompagnent pour un financement LOA adapt\u00e9 \u00e0 vos besoins.<\/p>\n<h2>Roadster et Cabriolet : plaisir \u00e0 ciel ouvert<\/h2>\n<h3>Mercedes AMG GT Roadster<\/h3>\n<p>Le Mercedes-AMG GT Roadster incarne l&rsquo;essence m\u00eame de la conduite cheveux au vent. Dot\u00e9 du puissant V8 biturbo, ce bolide offre une exp\u00e9rience sensorielle incomparable. La souplesse de sa capote triple couche, combinant acier, aluminium et magn\u00e9sium, s&rsquo;ouvre en quelques secondes pour vous plonger dans un univers de sensations. Malgr\u00e9 l&rsquo;absence de toit fixe, la rigidit\u00e9 exceptionnelle du ch\u00e2ssis garantit une tenue de route irr\u00e9prochable, m\u00eame dans les virages les plus serr\u00e9s. Le grondement caract\u00e9ristique du V8 prend une dimension encore plus impressionnante \u00e0 ciel ouvert, transformant chaque acc\u00e9l\u00e9ration en un concert m\u00e9canique enivrant.<\/p>\n<h3>Mercedes AMG GT Cabriolet<\/h3>\n<p>La Mercedes-AMG GT Cabriolet se distingue par son \u00e9l\u00e9gance raffin\u00e9e tout en conservant les performances exceptionnelles de la gamme. Son design s\u00e9duisant s&rsquo;accompagne d&rsquo;une technologie de pointe avec son essieu arri\u00e8re directionnel \u00e9quip\u00e9 de freins c\u00e9ramiques offrant une pr\u00e9cision de conduite remarquable. Le V8 biturbo d\u00e9livre une sonorit\u00e9 exceptionnelle qui fait se retourner les passants \u00e0 chaque d\u00e9marrage. L&rsquo;habitacle ultra-luxueux associe cuir et microfibre pour une exp\u00e9rience premium digne de la marque \u00e0 l&rsquo;\u00e9toile.<\/p>\n<p>Ces versions d\u00e9couvrables repr\u00e9sentent le summum de l&rsquo;exclusivit\u00e9 automobile. Chez BYmyCAR, nos conseillers vous accompagnent pour d\u00e9couvrir ces joyaux technologiques et vivre l&rsquo;exp\u00e9rience unique de la conduite \u00e0 ciel ouvert selon l&rsquo;expertise AMG.<\/p>\n<h2>O\u00f9 trouver votre Mercedes-AMG GT d&rsquo;occasion ?<\/h2>\n<p>La recherche de votre Mercedes-AMG GT d&rsquo;occasion m\u00e9rite une attention particuli\u00e8re. Ce bolide d&rsquo;exception se trouve sur diff\u00e9rents march\u00e9s europ\u00e9ens, chacun offrant ses avantages sp\u00e9cifiques. BYmyCAR vous accompagne dans cette qu\u00eate pour d\u00e9nicher la perle rare, qu&rsquo;elle se trouve en Belgique ou ailleurs en Europe.<\/p>\n<h3>Belgique<\/h3>\n<p>Le march\u00e9 belge constitue une excellente option pour l&rsquo;acquisition d&rsquo;une Mercedes-AMG GT d&rsquo;occasion. Avec une forte densit\u00e9 de voitures de luxe par habitant (une pour 31 personnes), la Belgique offre un choix vari\u00e9 et de qualit\u00e9. Vous y trouverez des exemplaires soigneusement entretenus, avec un historique transparent et complet. Nos experts BYmyCAR connaissent parfaitement ce march\u00e9 local et peuvent vous orienter vers les meilleures <a href=\"https:\/\/www.bymycar.be\/fr\/v\/voiture-occasion\">voitures d&rsquo;occasion<\/a> disponibles sur le territoire belge.<\/p>\n<h3>Allemagne &amp; France<\/h3>\n<p>L&rsquo;Allemagne, berceau de Mercedes-Benz, repr\u00e9sente un march\u00e9 incontournable pour les Mercedes-AMG GT d&rsquo;occasion. Vous y d\u00e9couvrirez un choix plus vaste et souvent des v\u00e9hicules aux configurations exclusives. BYmyCAR g\u00e8re pour vous toutes les formalit\u00e9s d&rsquo;importation et garantit la conformit\u00e9 administrative de votre acquisition. La France voisine offre \u00e9galement d&rsquo;excellentes opportunit\u00e9s, avec des mod\u00e8les parfois moins kilom\u00e9tr\u00e9s et b\u00e9n\u00e9ficiant d&rsquo;un suivi rigoureux en concession.<\/p>\n<h2>Crit\u00e8res pour bien choisir votre Mercedes AMG GT d&rsquo;occasion<\/h2>\n<h3>Historique d&rsquo;entretien et ann\u00e9e<\/h3>\n<p>L&rsquo;acquisition d&rsquo;une Mercedes-AMG GT d&rsquo;occasion m\u00e9rite une attention particuli\u00e8re \u00e0 son historique. Un v\u00e9hicule bien entretenu vous garantira une exp\u00e9rience de conduite optimale avec cette sportive d&rsquo;exception.<\/p>\n<p>Voici les points essentiels \u00e0 v\u00e9rifier :<\/p>\n<ul>\n<li>Le carnet d&rsquo;entretien complet avec l&rsquo;historique des r\u00e9visions chez un concessionnaire agr\u00e9\u00e9 Mercedes-AMG ;<\/li>\n<li>La fr\u00e9quence des entretiens recommand\u00e9s par le constructeur (g\u00e9n\u00e9ralement tous les 15 000 km) ;<\/li>\n<li>Les \u00e9ventuelles r\u00e9parations majeures document\u00e9es ;<\/li>\n<li>L&rsquo;ann\u00e9e de production qui d\u00e9termine la g\u00e9n\u00e9ration et les sp\u00e9cificit\u00e9s techniques ;<\/li>\n<li>Les mises \u00e0 jour \u00e9lectroniques effectu\u00e9es sur le v\u00e9hicule.<\/li>\n<\/ul>\n<p>Un historique transparent est le premier indicateur de la qualit\u00e9 d&rsquo;une Mercedes-AMG GT d&rsquo;occasion.<\/p>\n<h3>Kilom\u00e9trage et options techniques<\/h3>\n<p>Au-del\u00e0 du compteur kilom\u00e9trique, les \u00e9quipements techniques de votre future Mercedes-AMG GT m\u00e9ritent une inspection minutieuse.<\/p>\n<p>Ces \u00e9l\u00e9ments influencent directement les performances et le plaisir de conduite :<\/p>\n<ul>\n<li>La transmission Speedshift 7G-DCT et son \u00e9tat de fonctionnement optimal ;<\/li>\n<li>Le syst\u00e8me de freinage, particuli\u00e8rement si \u00e9quip\u00e9 de freins c\u00e9ramiques haute performance ;<\/li>\n<li>Le V8 biturbo et son entretien sp\u00e9cifique (courroie, pompe \u00e0 eau, turbocompresseurs) ;<\/li>\n<li>Le Pack Night qui apporte une signature visuelle distinctive avec ses \u00e9l\u00e9ments noir brillant ;<\/li>\n<li>Les modes de conduite et leur bon fonctionnement (RACE, Sport+, Sport).<\/li>\n<\/ul>\n<p>Ces caract\u00e9ristiques techniques constituent l&rsquo;ADN de votre future sportive et garantissent l&rsquo;exp\u00e9rience AMG authentique.<\/p>\n<h3>Accompagnement BYmyCAR<\/h3>\n<p>Chez BYmyCAR, nous vous proposons un accompagnement personnalis\u00e9 pour l&rsquo;acquisition de votre Mercedes-AMG GT d&rsquo;occasion.<\/p>\n<p>Nos experts vous offrent :<\/p>\n<ul>\n<li>Une inspection compl\u00e8te de 100 points de contr\u00f4le sur chaque v\u00e9hicule ;<\/li>\n<li>Une v\u00e9rification approfondie de l&rsquo;historique et de l&rsquo;authenticit\u00e9 des documents ;<\/li>\n<li>Des garanties adapt\u00e9es pour vous assurer une tranquillit\u00e9 d&rsquo;esprit ;<\/li>\n<li>Un diagnostic \u00e9lectronique complet des syst\u00e8mes embarqu\u00e9s ;<\/li>\n<li>Un essai routier avec nos conseillers sp\u00e9cialis\u00e9s Mercedes-AMG.<\/li>\n<\/ul>\n<p>Nos conseillers BYmyCAR vous accompagnent dans le choix de votre Mercedes-AMG GT pour trouver le mod\u00e8le qui correspond parfaitement \u00e0 vos attentes et vos exigences.<\/p>\n<h2>Les services BYmyCAR pour votre Mercedes-AMG GT<\/h2>\n<p>La Mercedes-AMG GT, avec son long capot, sa silhouette \u00e9l\u00e9gante et ses performances exceptionnelles, m\u00e9rite un accompagnement \u00e0 sa hauteur. Chez BYmyCAR, nous vous proposons des services premium adapt\u00e9s \u00e0 ce v\u00e9hicule d&rsquo;exception.<\/p>\n<h3>Financement et LOA personnalis\u00e9s<\/h3>\n<p>Pour acqu\u00e9rir votre Mercedes-AMG GT, nos conseillers BYmyCAR vous accompagnent avec des solutions de financement sur mesure. La Location avec Option d&rsquo;Achat (LOA) vous offre une flexibilit\u00e9 appr\u00e9ciable, avec des mensualit\u00e9s souvent plus avantageuses qu&rsquo;un cr\u00e9dit auto classique. Cette formule est particuli\u00e8rement adapt\u00e9e si vous parcourez entre 15 000 et 20 000 kilom\u00e8tres par an, vous permettant de profiter pleinement des sensations uniques de votre Mercedes-AMG GT.<\/p>\n<p>Vous pouvez \u00e9galement choisir entre diff\u00e9rentes dur\u00e9es de contrat et montants d&rsquo;apport pour cr\u00e9er un plan de financement parfaitement ajust\u00e9 \u00e0 votre budget et \u00e0 vos habitudes de conduite.<\/p>\n<h3>Reprise et garantie<\/h3>\n<p>BYmyCAR vous propose une reprise de votre v\u00e9hicule actuel aux meilleures conditions, pour faciliter votre passage \u00e0 la Mercedes-AMG GT. Nos experts \u00e9valuent votre voiture avec pr\u00e9cision pour vous offrir une proposition juste et transparente.<\/p>\n<p>C\u00f4t\u00e9 s\u00e9r\u00e9nit\u00e9, tous nos v\u00e9hicules d&rsquo;occasion premium b\u00e9n\u00e9ficient d&rsquo;une garantie de 24 mois, vous assurant une tranquillit\u00e9 d&rsquo;esprit totale. Gr\u00e2ce \u00e0 notre r\u00e9seau national, vous pouvez compter sur un service d&rsquo;entretien de qualit\u00e9 partout en Belgique.<\/p>\n<p>N&rsquo;h\u00e9sitez pas \u00e0 contacter nos \u00e9quipes pour organiser un essai de la Mercedes-AMG GT et d\u00e9couvrir l&rsquo;ensemble des services que BYmyCAR peut vous proposer.<\/p>\n<h2>FAQ sur la Mercedes-AMG GT d&rsquo;occasion<\/h2>\n<h3>Quelle version de la Mercedes-AMG GT est la plus adapt\u00e9e \u00e0 un usage quotidien ?<\/h3>\n<p>Pour un usage quotidien, la Mercedes-AMG GT standard avec ses 476 ch offre le meilleur \u00e9quilibre entre performances et praticit\u00e9. Son ch\u00e2ssis moins radical que les versions plus sportives assure un confort optimal lors des trajets r\u00e9guliers. Chez BYmyCAR, nous recommandons cette version pour ceux qui souhaitent profiter d&rsquo;une sportive polyvalente au quotidien.<\/p>\n<h3>Comment v\u00e9rifier l&rsquo;authenticit\u00e9 d&rsquo;un historique Mercedes-AMG GT ?<\/h3>\n<p>La v\u00e9rification de l&rsquo;historique d&rsquo;une Mercedes-AMG GT passe par plusieurs \u00e9tapes essentielles : contr\u00f4le du carnet d&rsquo;entretien tamponn\u00e9 par des centres agr\u00e9\u00e9s, v\u00e9rification des factures d&rsquo;entretien et inspection du num\u00e9ro de ch\u00e2ssis. Chez BYmyCAR, nos experts examinent minutieusement chaque v\u00e9hicule pour garantir une transparence totale sur son parcours et vous \u00e9viter les mauvaises surprises.<\/p>\n<h3>Mercedes AMG GT 63 S ou Mercedes AMG GT R : que choisir ?<\/h3>\n<p>La Mercedes-AMG GT 63 S offre 630 ch et privil\u00e9gie le confort avec quatre portes et une polyvalence accrue, tandis que la Mercedes-AMG GT R, avec ses 585 ch, propose une exp\u00e9rience plus radicale orient\u00e9e circuit. Votre choix d\u00e9pendra de votre usage : grand tourisme luxueux pour la 63 S ou sensations pures pour la GT R. Nos conseillers BYmyCAR vous guideront selon vos attentes.<\/p>\n<h3>Existe-t-il des Mercedes-AMG GT hybrides d&rsquo;occasion ?<\/h3>\n<p>Oui, la Mercedes-AMG GT 63 S E Performance hybride rechargeable est disponible en occasion. D\u00e9veloppant une puissance impressionnante de 831 ch gr\u00e2ce \u00e0 la combinaison d&rsquo;un V8 biturbo et d&rsquo;un moteur \u00e9lectrique, elle repr\u00e9sente le summum de la gamme. Chez BYmyCAR, nous proposons r\u00e9guli\u00e8rement ces mod\u00e8les d&rsquo;exception alliant performances et technologie avanc\u00e9e.<\/p>\n<h3>Quelles assurances pour une Mercedes-AMG GT ?<\/h3>\n<p>Pour une Mercedes-AMG GT d&rsquo;occasion, une assurance tous risques est vivement recommand\u00e9e. Compte tenu de sa valeur et de ses performances, optez pour des garanties sp\u00e9cifiques comme la protection du moteur et l&rsquo;assistance 0 km. BYmyCAR peut vous mettre en relation avec des assureurs sp\u00e9cialis\u00e9s dans les v\u00e9hicules haute performance pour une couverture optimale adapt\u00e9e \u00e0 vos besoins.<\/p>\n<h3>Puis-je financer ma Mercedes-AMG GT en LOA ?<\/h3>\n<p>Absolument, la LOA est une solution id\u00e9ale pour acqu\u00e9rir une Mercedes-AMG GT d&rsquo;occasion. Cette formule vous permet de ma\u00eetriser votre budget avec des mensualit\u00e9s adapt\u00e9es tout en profitant d&rsquo;options de fin de contrat flexibles. Nos conseillers BYmyCAR vous proposeront un financement personnalis\u00e9 pour votre sportive d&rsquo;exception, avec ou sans apport initial selon vos pr\u00e9f\u00e9rences.<\/p>\n<p><strong>Sources :\u00a0<\/strong><\/p>\n<ul>\n<li><a href=\"https:\/\/www.mercedes-benz.fr\/passengercars\/models\/coupe\/amg-gt-2-door\/overview.html\" target=\"_blank\" rel=\"noopener\">Mercedes-AMG GT Coup\u00e9<\/a><\/li>\n<li><a href=\"https:\/\/www.mbusa.com\/en\/vehicles\/class\/amg-gt-2-door\/mercedes-amg-gt-2-door-coupe\" target=\"_blank\" rel=\"noopener\">Mercedes-AMG GT Coupe<\/a><\/li>\n<\/ul>\n<p><!--StartFragment --><\/p>\n<p class=\"pf0\"><strong><span class=\"cf0\">D\u00e9couvrez aussi :<\/span><\/strong><\/p>\n<ul>\n<li class=\"pf2\"><span class=\"cf1\">AMG GT Black <\/span><span class=\"cf1\">Series<\/span><span class=\"cf1\"> : une \u00e9dition limit\u00e9e r\u00e9serv\u00e9e aux passionn\u00e9s ?<\/span><\/li>\n<\/ul>\n<p><!--EndFragment --><\/p>\n<p><!--StartFragment --><\/p>\n<ul>\n<li class=\"pf1\" style=\"list-style-type: none;\"><!--EndFragment --><\/li>\n<\/ul>\n<p><!--EndFragment --><\/p>\n<p><!--StartFragment --><\/p>\n<p><!--EndFragment --><\/p>\n<p><!--EndFragment --><\/p>\n"}}]}},"yoast_head":"<!-- This site is optimized with the Yoast SEO Premium plugin v26.4 (Yoast SEO v27.1.1) - https:\/\/yoast.com\/product\/yoast-seo-premium-wordpress\/ -->\n<title>Acheter une AMG GT d&#039;occasion : quels sont les mod\u00e8les les plus recherch\u00e9s ? - Webzine BE | BYmyCAR<\/title>\n<meta name=\"robots\" content=\"index, follow, max-snippet:-1, max-image-preview:large, max-video-preview:-1\" \/>\n<link rel=\"canonical\" href=\"https:\/\/www.bymycar.be\/webzine\/acheter-une-amg-gt-doccasion-quels-sont-les-modeles-les-plus-recherches\/\" \/>\n<meta property=\"og:locale\" content=\"fr_FR\" \/>\n<meta property=\"og:type\" content=\"article\" \/>\n<meta property=\"og:title\" content=\"Acheter une AMG GT d&#039;occasion : quels sont les mod\u00e8les les plus recherch\u00e9s ?\" \/>\n<meta property=\"og:url\" content=\"https:\/\/www.bymycar.be\/webzine\/acheter-une-amg-gt-doccasion-quels-sont-les-modeles-les-plus-recherches\/\" \/>\n<meta property=\"og:site_name\" content=\"Webzine BE | BYmyCAR\" \/>\n<meta property=\"article:publisher\" content=\"https:\/\/www.facebook.com\/BYmyCAR.officiel\/\" \/>\n<meta property=\"article:published_time\" content=\"2026-01-06T10:01:02+00:00\" \/>\n<meta property=\"article:modified_time\" content=\"2026-01-06T10:17:26+00:00\" \/>\n<meta name=\"author\" content=\"Tom Fernandes\" \/>\n<meta name=\"twitter:card\" content=\"summary_large_image\" \/>\n<meta name=\"twitter:label1\" content=\"\u00c9crit par\" \/>\n\t<meta name=\"twitter:data1\" content=\"Tom Fernandes\" \/>\n<script type=\"application\/ld+json\" class=\"yoast-schema-graph\">{\"@context\":\"https:\/\/schema.org\",\"@graph\":[{\"@type\":\"Article\",\"@id\":\"https:\/\/www.bymycar.be\/webzine\/acheter-une-amg-gt-doccasion-quels-sont-les-modeles-les-plus-recherches\/#article\",\"isPartOf\":{\"@id\":\"https:\/\/www.bymycar.be\/webzine\/acheter-une-amg-gt-doccasion-quels-sont-les-modeles-les-plus-recherches\/\"},\"author\":{\"name\":\"Tom Fernandes\",\"@id\":\"https:\/\/www.bymycar.be\/webzine\/nl\/#\/schema\/person\/6cd99e624bbd64604349ff20ee1ed853\"},\"headline\":\"Acheter une AMG GT d&rsquo;occasion : quels sont les mod\u00e8les les plus recherch\u00e9s ?\",\"datePublished\":\"2026-01-06T10:01:02+00:00\",\"dateModified\":\"2026-01-06T10:17:26+00:00\",\"mainEntityOfPage\":{\"@id\":\"https:\/\/www.bymycar.be\/webzine\/acheter-une-amg-gt-doccasion-quels-sont-les-modeles-les-plus-recherches\/\"},\"wordCount\":15,\"publisher\":{\"@id\":\"https:\/\/www.bymycar.be\/webzine\/nl\/#organization\"},\"articleSection\":[\"Guide d'achat Mercedes\"],\"inLanguage\":\"fr-FR\"},{\"@type\":\"WebPage\",\"@id\":\"https:\/\/www.bymycar.be\/webzine\/acheter-une-amg-gt-doccasion-quels-sont-les-modeles-les-plus-recherches\/\",\"url\":\"https:\/\/www.bymycar.be\/webzine\/acheter-une-amg-gt-doccasion-quels-sont-les-modeles-les-plus-recherches\/\",\"name\":\"Acheter une AMG GT d'occasion : quels sont les mod\u00e8les les plus recherch\u00e9s ? - Webzine BE | BYmyCAR\",\"isPartOf\":{\"@id\":\"https:\/\/www.bymycar.be\/webzine\/nl\/#website\"},\"datePublished\":\"2026-01-06T10:01:02+00:00\",\"dateModified\":\"2026-01-06T10:17:26+00:00\",\"breadcrumb\":{\"@id\":\"https:\/\/www.bymycar.be\/webzine\/acheter-une-amg-gt-doccasion-quels-sont-les-modeles-les-plus-recherches\/#breadcrumb\"},\"inLanguage\":\"fr-FR\",\"potentialAction\":[{\"@type\":\"ReadAction\",\"target\":[\"https:\/\/www.bymycar.be\/webzine\/acheter-une-amg-gt-doccasion-quels-sont-les-modeles-les-plus-recherches\/\"]}]},{\"@type\":\"BreadcrumbList\",\"@id\":\"https:\/\/www.bymycar.be\/webzine\/acheter-une-amg-gt-doccasion-quels-sont-les-modeles-les-plus-recherches\/#breadcrumb\",\"itemListElement\":[{\"@type\":\"ListItem\",\"position\":1,\"name\":\"Accueil\",\"item\":\"https:\/\/www.bymycar.be\/webzine\/\"},{\"@type\":\"ListItem\",\"position\":2,\"name\":\"Acheter une AMG GT d&rsquo;occasion : quels sont les mod\u00e8les les plus recherch\u00e9s ?\"}]},{\"@type\":\"WebSite\",\"@id\":\"https:\/\/www.bymycar.be\/webzine\/nl\/#website\",\"url\":\"https:\/\/www.bymycar.be\/webzine\/nl\/\",\"name\":\"Webzine | BYmyCAR\",\"description\":\"_Le webzine auto de\",\"publisher\":{\"@id\":\"https:\/\/www.bymycar.be\/webzine\/nl\/#organization\"},\"potentialAction\":[{\"@type\":\"SearchAction\",\"target\":{\"@type\":\"EntryPoint\",\"urlTemplate\":\"https:\/\/www.bymycar.be\/webzine\/nl\/?s={search_term_string}\"},\"query-input\":{\"@type\":\"PropertyValueSpecification\",\"valueRequired\":true,\"valueName\":\"search_term_string\"}}],\"inLanguage\":\"fr-FR\"},{\"@type\":\"Organization\",\"@id\":\"https:\/\/www.bymycar.be\/webzine\/nl\/#organization\",\"name\":\"Webzine | BYmyCAR\",\"url\":\"https:\/\/www.bymycar.be\/webzine\/nl\/\",\"logo\":{\"@type\":\"ImageObject\",\"inLanguage\":\"fr-FR\",\"@id\":\"https:\/\/www.bymycar.be\/webzine\/nl\/#\/schema\/logo\/image\/\",\"url\":\"https:\/\/cdn.bymycar.eu\/be-webzine\/wp-content\/uploads\/2024\/11\/20203047\/logo.png\",\"contentUrl\":\"https:\/\/cdn.bymycar.eu\/be-webzine\/wp-content\/uploads\/2024\/11\/20203047\/logo.png\",\"width\":1280,\"height\":512,\"caption\":\"Webzine | BYmyCAR\"},\"image\":{\"@id\":\"https:\/\/www.bymycar.be\/webzine\/nl\/#\/schema\/logo\/image\/\"},\"sameAs\":[\"https:\/\/www.facebook.com\/BYmyCAR.officiel\/\",\"https:\/\/www.instagram.com\/bymycar.officiel\/\"]},{\"@type\":\"Person\",\"@id\":\"https:\/\/www.bymycar.be\/webzine\/nl\/#\/schema\/person\/6cd99e624bbd64604349ff20ee1ed853\",\"name\":\"Tom Fernandes\",\"image\":{\"@type\":\"ImageObject\",\"inLanguage\":\"fr-FR\",\"@id\":\"https:\/\/www.bymycar.be\/webzine\/nl\/#\/schema\/person\/image\/\",\"url\":\"https:\/\/secure.gravatar.com\/avatar\/81b17c0cc5a6f1f7f394984269a7cbad9c7cca9604839da024242cf665051fbf?s=96&d=mm&r=g\",\"contentUrl\":\"https:\/\/secure.gravatar.com\/avatar\/81b17c0cc5a6f1f7f394984269a7cbad9c7cca9604839da024242cf665051fbf?s=96&d=mm&r=g\",\"caption\":\"Tom Fernandes\"}}]}<\/script>\n<!-- \/ Yoast SEO Premium plugin. -->","yoast_head_json":{"title":"Acheter une AMG GT d'occasion : quels sont les mod\u00e8les les plus recherch\u00e9s ? - Webzine BE | BYmyCAR","robots":{"index":"index","follow":"follow","max-snippet":"max-snippet:-1","max-image-preview":"max-image-preview:large","max-video-preview":"max-video-preview:-1"},"canonical":"https:\/\/www.bymycar.be\/webzine\/acheter-une-amg-gt-doccasion-quels-sont-les-modeles-les-plus-recherches\/","og_locale":"fr_FR","og_type":"article","og_title":"Acheter une AMG GT d'occasion : quels sont les mod\u00e8les les plus recherch\u00e9s ?","og_url":"https:\/\/www.bymycar.be\/webzine\/acheter-une-amg-gt-doccasion-quels-sont-les-modeles-les-plus-recherches\/","og_site_name":"Webzine BE | BYmyCAR","article_publisher":"https:\/\/www.facebook.com\/BYmyCAR.officiel\/","article_published_time":"2026-01-06T10:01:02+00:00","article_modified_time":"2026-01-06T10:17:26+00:00","author":"Tom Fernandes","twitter_card":"summary_large_image","twitter_misc":{"\u00c9crit par":"Tom Fernandes"},"schema":{"@context":"https:\/\/schema.org","@graph":[{"@type":"Article","@id":"https:\/\/www.bymycar.be\/webzine\/acheter-une-amg-gt-doccasion-quels-sont-les-modeles-les-plus-recherches\/#article","isPartOf":{"@id":"https:\/\/www.bymycar.be\/webzine\/acheter-une-amg-gt-doccasion-quels-sont-les-modeles-les-plus-recherches\/"},"author":{"name":"Tom Fernandes","@id":"https:\/\/www.bymycar.be\/webzine\/nl\/#\/schema\/person\/6cd99e624bbd64604349ff20ee1ed853"},"headline":"Acheter une AMG GT d&rsquo;occasion : quels sont les mod\u00e8les les plus recherch\u00e9s ?","datePublished":"2026-01-06T10:01:02+00:00","dateModified":"2026-01-06T10:17:26+00:00","mainEntityOfPage":{"@id":"https:\/\/www.bymycar.be\/webzine\/acheter-une-amg-gt-doccasion-quels-sont-les-modeles-les-plus-recherches\/"},"wordCount":15,"publisher":{"@id":"https:\/\/www.bymycar.be\/webzine\/nl\/#organization"},"articleSection":["Guide d'achat Mercedes"],"inLanguage":"fr-FR"},{"@type":"WebPage","@id":"https:\/\/www.bymycar.be\/webzine\/acheter-une-amg-gt-doccasion-quels-sont-les-modeles-les-plus-recherches\/","url":"https:\/\/www.bymycar.be\/webzine\/acheter-une-amg-gt-doccasion-quels-sont-les-modeles-les-plus-recherches\/","name":"Acheter une AMG GT d'occasion : quels sont les mod\u00e8les les plus recherch\u00e9s ? - Webzine BE | BYmyCAR","isPartOf":{"@id":"https:\/\/www.bymycar.be\/webzine\/nl\/#website"},"datePublished":"2026-01-06T10:01:02+00:00","dateModified":"2026-01-06T10:17:26+00:00","breadcrumb":{"@id":"https:\/\/www.bymycar.be\/webzine\/acheter-une-amg-gt-doccasion-quels-sont-les-modeles-les-plus-recherches\/#breadcrumb"},"inLanguage":"fr-FR","potentialAction":[{"@type":"ReadAction","target":["https:\/\/www.bymycar.be\/webzine\/acheter-une-amg-gt-doccasion-quels-sont-les-modeles-les-plus-recherches\/"]}]},{"@type":"BreadcrumbList","@id":"https:\/\/www.bymycar.be\/webzine\/acheter-une-amg-gt-doccasion-quels-sont-les-modeles-les-plus-recherches\/#breadcrumb","itemListElement":[{"@type":"ListItem","position":1,"name":"Accueil","item":"https:\/\/www.bymycar.be\/webzine\/"},{"@type":"ListItem","position":2,"name":"Acheter une AMG GT d&rsquo;occasion : quels sont les mod\u00e8les les plus recherch\u00e9s ?"}]},{"@type":"WebSite","@id":"https:\/\/www.bymycar.be\/webzine\/nl\/#website","url":"https:\/\/www.bymycar.be\/webzine\/nl\/","name":"Webzine | BYmyCAR","description":"_Le webzine auto de","publisher":{"@id":"https:\/\/www.bymycar.be\/webzine\/nl\/#organization"},"potentialAction":[{"@type":"SearchAction","target":{"@type":"EntryPoint","urlTemplate":"https:\/\/www.bymycar.be\/webzine\/nl\/?s={search_term_string}"},"query-input":{"@type":"PropertyValueSpecification","valueRequired":true,"valueName":"search_term_string"}}],"inLanguage":"fr-FR"},{"@type":"Organization","@id":"https:\/\/www.bymycar.be\/webzine\/nl\/#organization","name":"Webzine | BYmyCAR","url":"https:\/\/www.bymycar.be\/webzine\/nl\/","logo":{"@type":"ImageObject","inLanguage":"fr-FR","@id":"https:\/\/www.bymycar.be\/webzine\/nl\/#\/schema\/logo\/image\/","url":"https:\/\/cdn.bymycar.eu\/be-webzine\/wp-content\/uploads\/2024\/11\/20203047\/logo.png","contentUrl":"https:\/\/cdn.bymycar.eu\/be-webzine\/wp-content\/uploads\/2024\/11\/20203047\/logo.png","width":1280,"height":512,"caption":"Webzine | BYmyCAR"},"image":{"@id":"https:\/\/www.bymycar.be\/webzine\/nl\/#\/schema\/logo\/image\/"},"sameAs":["https:\/\/www.facebook.com\/BYmyCAR.officiel\/","https:\/\/www.instagram.com\/bymycar.officiel\/"]},{"@type":"Person","@id":"https:\/\/www.bymycar.be\/webzine\/nl\/#\/schema\/person\/6cd99e624bbd64604349ff20ee1ed853","name":"Tom Fernandes","image":{"@type":"ImageObject","inLanguage":"fr-FR","@id":"https:\/\/www.bymycar.be\/webzine\/nl\/#\/schema\/person\/image\/","url":"https:\/\/secure.gravatar.com\/avatar\/81b17c0cc5a6f1f7f394984269a7cbad9c7cca9604839da024242cf665051fbf?s=96&d=mm&r=g","contentUrl":"https:\/\/secure.gravatar.com\/avatar\/81b17c0cc5a6f1f7f394984269a7cbad9c7cca9604839da024242cf665051fbf?s=96&d=mm&r=g","caption":"Tom Fernandes"}}]}},"_links":{"self":[{"href":"https:\/\/www.bymycar.be\/webzine\/wp-json\/wp\/v2\/posts\/5796","targetHints":{"allow":["GET"]}}],"collection":[{"href":"https:\/\/www.bymycar.be\/webzine\/wp-json\/wp\/v2\/posts"}],"about":[{"href":"https:\/\/www.bymycar.be\/webzine\/wp-json\/wp\/v2\/types\/post"}],"author":[{"embeddable":true,"href":"https:\/\/www.bymycar.be\/webzine\/wp-json\/wp\/v2\/users\/17"}],"replies":[{"embeddable":true,"href":"https:\/\/www.bymycar.be\/webzine\/wp-json\/wp\/v2\/comments?post=5796"}],"version-history":[{"count":2,"href":"https:\/\/www.bymycar.be\/webzine\/wp-json\/wp\/v2\/posts\/5796\/revisions"}],"predecessor-version":[{"id":5804,"href":"https:\/\/www.bymycar.be\/webzine\/wp-json\/wp\/v2\/posts\/5796\/revisions\/5804"}],"wp:attachment":[{"href":"https:\/\/www.bymycar.be\/webzine\/wp-json\/wp\/v2\/media?parent=5796"}],"wp:term":[{"taxonomy":"category","embeddable":true,"href":"https:\/\/www.bymycar.be\/webzine\/wp-json\/wp\/v2\/categories?post=5796"},{"taxonomy":"post_tag","embeddable":true,"href":"https:\/\/www.bymycar.be\/webzine\/wp-json\/wp\/v2\/tags?post=5796"}],"curies":[{"name":"wp","href":"https:\/\/api.w.org\/{rel}","templated":true}]}}