{"id":5784,"date":"2026-01-06T10:31:11","date_gmt":"2026-01-06T09:31:11","guid":{"rendered":"https:\/\/www.bymycar.be\/webzine\/?p=5784"},"modified":"2026-01-06T10:36:24","modified_gmt":"2026-01-06T09:36:24","slug":"mercedes-classe-g-electrique-que-sait-on-du-futur-eqg","status":"publish","type":"post","link":"https:\/\/www.bymycar.be\/webzine\/mercedes-classe-g-electrique-que-sait-on-du-futur-eqg\/","title":{"rendered":"Mercedes Classe G \u00e9lectrique : que sait-on du futur EQG ?"},"content":{"rendered":"","protected":false},"excerpt":{"rendered":"","protected":false},"author":17,"featured_media":0,"comment_status":"closed","ping_status":"closed","sticky":false,"template":"","format":"standard","meta":{"_acf_changed":false,"footnotes":""},"categories":[1458],"tags":[],"class_list":["post-5784","post","type-post","status-publish","format-standard","hentry","category-guide-dachat-mercedes"],"acf":{"image":{"ID":5785,"id":5785,"title":"pre-media-24c0077-016","filename":"pre-media-24c0077-016-scaled.jpg","filesize":337811,"url":"https:\/\/cdn.bymycar.eu\/be-webzine\/wp-content\/uploads\/2026\/01\/06102411\/pre-media-24c0077-016-scaled.jpg","link":"https:\/\/www.bymycar.be\/webzine\/mercedes-classe-g-electrique-que-sait-on-du-futur-eqg\/pre-media-24c0077-016\/","alt":"Mercedes Classe G","author":"17","description":"","caption":"","name":"pre-media-24c0077-016","status":"inherit","uploaded_to":5784,"date":"2026-01-06 09:24:08","modified":"2026-01-06 09:24:40","menu_order":0,"mime_type":"image\/jpeg","type":"image","subtype":"jpeg","icon":"https:\/\/www.bymycar.be\/webzine\/wp-includes\/images\/media\/default.png","width":2560,"height":1708,"sizes":{"thumbnail":"https:\/\/cdn.bymycar.eu\/be-webzine\/wp-content\/uploads\/2026\/01\/06102411\/pre-media-24c0077-016-150x150.jpg","thumbnail-width":150,"thumbnail-height":150,"medium":"https:\/\/cdn.bymycar.eu\/be-webzine\/wp-content\/uploads\/2026\/01\/06102411\/pre-media-24c0077-016-300x200.jpg","medium-width":300,"medium-height":200,"medium_large":"https:\/\/cdn.bymycar.eu\/be-webzine\/wp-content\/uploads\/2026\/01\/06102411\/pre-media-24c0077-016-768x512.jpg","medium_large-width":768,"medium_large-height":512,"large":"https:\/\/cdn.bymycar.eu\/be-webzine\/wp-content\/uploads\/2026\/01\/06102411\/pre-media-24c0077-016-1024x683.jpg","large-width":1024,"large-height":683,"1536x1536":"https:\/\/cdn.bymycar.eu\/be-webzine\/wp-content\/uploads\/2026\/01\/06102411\/pre-media-24c0077-016-1536x1025.jpg","1536x1536-width":1536,"1536x1536-height":1025,"2048x2048":"https:\/\/cdn.bymycar.eu\/be-webzine\/wp-content\/uploads\/2026\/01\/06102411\/pre-media-24c0077-016-2048x1366.jpg","2048x2048-width":2048,"2048x2048-height":1366}},"introduction":"<p>Le Mercedes EQG repr\u00e9sente l&rsquo;\u00e9volution \u00e9lectrique du l\u00e9gendaire 4&#215;4 de <a href=\"https:\/\/www.bymycar.be\/fr\/v\/mercedes\">Mercedes-Benz<\/a>. Ce v\u00e9hicule tout-terrain iconique conserve son design cubique caract\u00e9ristique tout en int\u00e9grant quatre moteurs \u00e9lectriques individuels pour des performances exceptionnelles. Officiellement baptis\u00e9 G 580 EQ, il promet aux conducteurs belges des capacit\u00e9s tout-terrain encore am\u00e9lior\u00e9es et sera disponible dans une \u00e9dition de lancement sp\u00e9ciale \u00ab Edition One \u00bb.<\/p>\n<p>&nbsp;<\/p>\n<p style=\"text-align: center;\"><a href=\"https:\/\/www.bymycar.be\/webzine\/mercedes-classe-g-un-4x4-de-luxe-tout-terrain-incontournable\/\"  class=\"css-button css-button--gold\" >\n                Tout savoir sur la Mercedes classe G\n        <\/a><\/p>\n","add-to-bo":false,"page_content":{"block_content":[{"acf_fc_layout":"carousel-produits"},{"acf_fc_layout":"text-simple","--nav":{"-withNav":false,"-ancre":""},"--group":{"-text":"<h2>Pr\u00e9sentation de la Mercedes EQG : le futur de la Classe G \u00e9lectrique<\/h2>\n<h3>Concept et ADN de la Mercedes G Klasse<\/h3>\n<p>La Mercedes EQG incarne la transition \u00e9lectrique de l&#8217;embl\u00e9matique Classe G tout en pr\u00e9servant son ADN l\u00e9gendaire. Fid\u00e8le \u00e0 ses origines, ce mod\u00e8le conserve son ch\u00e2ssis en \u00e9chelle caract\u00e9ristique, \u00e9l\u00e9ment fondamental de sa robustesse. Mercedes-Benz maintient ainsi la philosophie tout-terrain qui a fait le succ\u00e8s de la Classe G depuis plus de quatre d\u00e9cennies, tout en int\u00e9grant la technologie EQ de pointe.<\/p>\n<h3>Mercedes EQG : objectifs et positionnement<\/h3>\n<p>Cette version \u00e9lectrique premium se distingue par sa configuration \u00e0 quatre moteurs \u00e9lectriques, offrant une puissance impressionnante et des capacit\u00e9s de franchissement in\u00e9dites. BYmyCAR vous invite \u00e0 d\u00e9couvrir prochainement ce mod\u00e8le qui allie tradition et innovation. Pour conna\u00eetre les d\u00e9tails concernant sa disponibilit\u00e9, n&rsquo;h\u00e9sitez pas \u00e0 contacter nos conseillers qui vous fourniront toutes les informations n\u00e9cessaires sur ce futur fleuron de la gamme.<\/p>\n<h2>Design ext\u00e9rieur et int\u00e9rieur : l&rsquo;ic\u00f4ne Mercedes Classe G r\u00e9invent\u00e9e<\/h2>\n<h3>Un ext\u00e9rieur fid\u00e8lement cubique<\/h3>\n<p>La Mercedes Classe G conserve sa silhouette embl\u00e9matique et ses lignes cubiques l\u00e9gendaires qui font son identit\u00e9 depuis des d\u00e9cennies. La face avant se distingue par sa Black Panel grille illumin\u00e9e et ses phares LED distinctifs qui apportent une touche de modernit\u00e9.<\/p>\n<p>Vous appr\u00e9cierez particuli\u00e8rement :<\/p>\n<ul>\n<li>La robustesse intemporelle de sa carrosserie cubique ;<\/li>\n<li>Les d\u00e9tails chrom\u00e9s soulignant son statut premium ;<\/li>\n<li>L&rsquo;\u00e9clairage LED sophistiqu\u00e9 pour une signature visuelle unique.<\/li>\n<\/ul>\n<p>Cette silhouette iconique allie h\u00e9ritage et innovation technologique.<\/p>\n<h3>Mercedes EQG interior : luxe et technologie<\/h3>\n<p>L&rsquo;habitacle de la Mercedes Classe G vous plonge dans un univers o\u00f9 luxe et technologie se rencontrent harmonieusement. Le tableau de bord num\u00e9rique avec ses deux \u00e9crans de 12,3 pouces offre une interface intuitive et moderne. Les mat\u00e9riaux haut de gamme dominent l&rsquo;espace, avec notamment l&rsquo;option cuir nappa proposant des finitions quilting diamant raffin\u00e9es sur les si\u00e8ges et les panneaux de porte.<\/p>\n<h2>Motorisation et performances : quatre moteurs \u00e9lectriques pour un SUV d&rsquo;exception<\/h2>\n<h3>Caract\u00e9ristiques techniques de la Mercedes EQG : puissance et couple<\/h3>\n<p>La Mercedes EQG impressionne avec sa configuration \u00e0 quatre moteurs \u00e9lectriques \u2014 un par roue \u2014 d\u00e9livrant une puissance cumul\u00e9e de 587 ch et un couple instantan\u00e9 atteignant 1164 Nm. Cette architecture innovante offre une gestion ind\u00e9pendante de chaque roue, garantissant des performances exceptionnelles tant sur route que hors-piste. La version Mercedes EQG AMG promet d&rsquo;\u00e9lever encore davantage ces caract\u00e9ristiques techniques.<\/p>\n<h3>Centre de gravit\u00e9 optimis\u00e9 pour la conduite tout-terrain<\/h3>\n<p>Malgr\u00e9 son poids cons\u00e9quent, la Mercedes EQG b\u00e9n\u00e9ficie d&rsquo;un centre de gravit\u00e9 parfaitement \u00e9quilibr\u00e9 gr\u00e2ce au positionnement strat\u00e9gique de sa batterie. Cette conception ing\u00e9nieuse maximise la stabilit\u00e9 du v\u00e9hicule en conditions difficiles, pr\u00e9servant les l\u00e9gendaires capacit\u00e9s de franchissement de la Classe G dans sa version \u00e9lectrique.<\/p>\n<h3>Rayon de braquage et 360 turn innovant<\/h3>\n<p>La fonction G-Turn r\u00e9volutionnaire permet \u00e0 la Mercedes EQG de pivoter sur elle-m\u00eame \u00e0 360 degr\u00e9s. Compl\u00e9mentaire \u00e0 cette prouesse technique, le G-Steering r\u00e9duit consid\u00e9rablement le rayon de braquage sur surfaces meubles en modulant pr\u00e9cis\u00e9ment le couple de chaque moteur \u00e9lectrique, offrant une maniabilit\u00e9 exceptionnelle en tout-terrain.<\/p>\n<h2>Batterie, autonomie et consommation de la Mercedes EQG<\/h2>\n<h3>Autonomie annonc\u00e9e et gestion de l&rsquo;\u00e9nergie<\/h3>\n<p>La Mercedes EQG propose une autonomie estim\u00e9e entre 450 et 500 km selon le cycle WLTP, avec une consommation moyenne d&rsquo;environ 27,7 kWh aux 100 km. Sa batterie haute capacit\u00e9 et son syst\u00e8me de gestion \u00e9nerg\u00e9tique intelligent optimisent l&rsquo;utilisation de l&rsquo;\u00e9nergie pour maximiser l&rsquo;autonomie.<\/p>\n<h3>Recharge en courant continu : c\u00e2ble et temps estim\u00e9s<\/h3>\n<p>La recharge rapide en courant continu via le c\u00e2ble de recharge Combo CCS permet d&rsquo;optimiser votre temps d&rsquo;attente. Voici les temps indicatifs selon le mode de recharge :<\/p>\n<table>\n<thead>\n<tr>\n<th><strong>Mode de recharge<\/strong><\/th>\n<th><strong>Temps indicatif<\/strong><\/th>\n<\/tr>\n<\/thead>\n<tbody>\n<tr>\n<td>Courant continu 200 kW<\/td>\n<td>32 min (20-80 %)<\/td>\n<\/tr>\n<tr>\n<td>Courant alternatif 11 kW<\/td>\n<td>8-9h (0-100 %)<\/td>\n<\/tr>\n<\/tbody>\n<\/table>\n<p>Ces performances garantissent une flexibilit\u00e9 optimale pour vos d\u00e9placements quotidiens comme pour vos aventures prolong\u00e9es.<\/p>\n<h2>Fonctions tout-terrain : la Mercedes G Wagon EQG face aux d\u00e9fis<\/h2>\n<h3>Conduite tout-terrain assist\u00e9e<\/h3>\n<p>La Mercedes G Wagon EQG excelle en conduite tout-terrain gr\u00e2ce \u00e0 son impressionnante garde au sol, son syst\u00e8me LOW RANGE d\u00e9di\u00e9 et sa suspension adaptative. Vous franchirez des pentes jusqu&rsquo;\u00e0 35\u00b0 et des passages \u00e0 gu\u00e9 de 850 mm avec confiance, sans compromettre votre confort.<\/p>\n<h3>G-Turn et autres fonctions innovantes<\/h3>\n<p>Le G-Turn transforme votre exp\u00e9rience off-road en permettant une rotation sur place de 720\u00b0, id\u00e9al pour les terrains difficiles. \u00c9quip\u00e9e d&rsquo;une roue de secours et de quatre moteurs \u00e9lectriques ind\u00e9pendants, la Mercedes G Wagon EQG red\u00e9finit l&rsquo;aventure tout-terrain.<\/p>\n<h2>Commercialisation BYmyCAR et disponibilit\u00e9 du Mercedes EQG<\/h2>\n<h3>Mercedes EQG for sale : comment r\u00e9server votre exemplaire<\/h3>\n<p>Vous souhaitez acqu\u00e9rir la r\u00e9volutionnaire Mercedes EQG \u00e9quip\u00e9e de ses quatre moteurs \u00e9lectriques ? BYmyCAR vous offre la possibilit\u00e9 de r\u00e9server d\u00e8s maintenant votre <a href=\"https:\/\/www.bymycar.be\/fr\/mercedes-benz-eqg-n465-eqg-116-kwh-580-eq-edition-one-neuf-wavre-976204\">Classe G neuve disponible<\/a>. Nos conseillers vous accompagnent pour organiser un essai personnalis\u00e9 et \u00e9valuer la reprise de votre v\u00e9hicule actuel.<\/p>\n<h3>Quel est le prix d&rsquo;une Mercedes EQG ?<\/h3>\n<p>Pour conna\u00eetre les d\u00e9tails de prix et les options de financement LOA de la Mercedes EQG, prenez contact avec nos conseillers BYmyCAR. Ils vous pr\u00e9senteront les diff\u00e9rentes versions disponibles et \u00e9tabliront une offre adapt\u00e9e \u00e0 vos besoins.<\/p>\n<h2>FAQ sur la Mercedes EQG<\/h2>\n<h3>Mercedes EQG concept : quelles diff\u00e9rences avec le mod\u00e8le de s\u00e9rie ?<\/h3>\n<p>Le concept EQG se distingue par ses lignes lumineuses omnipr\u00e9sentes et ses \u00e9l\u00e9ments stylistiques futuristes. Le mod\u00e8le de s\u00e9rie conserve l&rsquo;ADN de la Classe G tout en adoptant des \u00e9l\u00e9ments sp\u00e9cifiques comme la calandre exclusive et le becquet de toit. Les jantes de 22 pouces du concept ont \u00e9t\u00e9 remplac\u00e9es par des roues plus adapt\u00e9es au tout-terrain.<\/p>\n<h3>Mercedes Maybach EQG existera-t-il ?<\/h3>\n<p>Oui, Mercedes-Maybach d\u00e9veloppe une version ultra-luxueuse de l&rsquo;EQG. Cette d\u00e9clinaison prestigieuse b\u00e9n\u00e9ficiera d&rsquo;une finition bicolore caract\u00e9ristique et d&rsquo;un habitacle encore plus raffin\u00e9. Le v\u00e9hicule \u00e9lectrique conservera l&rsquo;ADN Maybach avec une exp\u00e9rience de conduite exceptionnellement silencieuse et des \u00e9quipements exclusifs.<\/p>\n<h3>La Mercedes G 580 remplace-t-elle l&rsquo;EQG ?<\/h3>\n<p>Non, la G 580 est simplement la d\u00e9signation commerciale de l&rsquo;EQG. Ce mod\u00e8le \u00e9lectrique compl\u00e8te la gamme Classe G sans remplacer les versions thermiques. \u00c9quip\u00e9e de quatre moteurs \u00e9lectriques ind\u00e9pendants d\u00e9veloppant 587 chevaux, cette version offre des capacit\u00e9s tout-terrain sup\u00e9rieures gr\u00e2ce \u00e0 son syst\u00e8me de verrouillage \u00e9lectronique des diff\u00e9rentiels.<\/p>\n<h3>Quelle capacit\u00e9 de batterie pour la Mercedes EQG ?<\/h3>\n<p>La Mercedes EQG est \u00e9quip\u00e9e d&rsquo;une batterie d&rsquo;environ 100 kWh utilisant la technologie r\u00e9volutionnaire TitanSilicon avec anode en silicone. Cette innovation augmente la densit\u00e9 \u00e9nerg\u00e9tique de 20 % pour une meilleure autonomie. La puissance de recharge atteint 200 kW, permettant de passer de 10 \u00e0 80 % en 32 minutes.<\/p>\n<p><strong>Sources :<\/strong><\/p>\n<ul>\n<li><a href=\"https:\/\/www.mercedes-benz.fr\/passengercars\/models\/suv\/g-class-electric\/overview.html\" target=\"_blank\" rel=\"noopener\">Classe G \u00e9lectrique | Prix et sp\u00e9cifications<\/a><\/li>\n<li><a href=\"https:\/\/www.automobile-propre.com\/voitures\/mercedes-classe-g-580-eq\/\" target=\"_blank\" rel=\"noopener\">Mercedes Classe G 580 EQ<\/a><\/li>\n<li><a href=\"https:\/\/www.motorsdb.com\/fiche-technique\/auto\/57626\/Mercedes-Benz-G-580-EQ-Technology-W465-2024.html\" target=\"_blank\" rel=\"noopener\">Fiche technique Mercedes-Benz G 580 EQ-Technology W465-2024<\/a><\/li>\n<li><a href=\"https:\/\/mesinfos.fr\/mercedes-g-580-eq-2025-une-legende-reinventee-218990.html\" target=\"_blank\" rel=\"noopener\">Mercedes Classe G 580 EQ 2025 : une l\u00e9gende r\u00e9invent\u00e9e<\/a><\/li>\n<li><a href=\"https:\/\/www.automobile-propre.com\/articles\/le-mercedes-classe-g-passe-a-lelectrique-avec-quatre-moteurs\/\" target=\"_blank\" rel=\"noopener\">Le Mercedes Classe G passe \u00e0 l&rsquo;\u00e9lectrique avec une fiche technique<\/a><\/li>\n<li><a href=\"https:\/\/www.mercedes-benz.be\/fr\/passengercars\/models\/suv\/g-class-electric\/overview.html\" target=\"_blank\" rel=\"noopener\">La toute nouvelle Classe G enti\u00e8rement \u00e9lectrique<\/a><\/li>\n<li><a href=\"https:\/\/cars.caravenuemercedes.be\/les-innovations-dans-la-gamme-mercedes-eq-plongee-dans-les-avancees-technologiques-des-modeles-100-electriques-de-la-serie-eq-de-mercedes-benz\/\" target=\"_blank\" rel=\"noopener\">Innovations de la gamme Mercedes EQ<\/a><\/li>\n<li><a href=\"https:\/\/www.mercedes-benz.fr\/passengercars\/technology\/e-mobility\/score-environnemental.html\" target=\"_blank\" rel=\"noopener\">Score environnemental 2025<\/a><\/li>\n<li><a href=\"https:\/\/media.mercedes-benz.fr\/un-defi-au-temps--la-mercedes-benz-classe-g-prete-pour-lere-de-le-mobilite\/\" target=\"_blank\" rel=\"noopener\">Un d\u00e9fi au temps : la Mercedes-Benz Classe G pr\u00eate pour l\u2019\u00e8re de la mobilit\u00e9<\/a><\/li>\n<li><a href=\"https:\/\/www.autoscout24.lu\/voiture\/mercedes-benz\/mercedes-benz-eqg\/\" target=\"_blank\" rel=\"noopener\">Mercedes-Benz EQG &#8211; info, prix, alternatives AutoScout24<\/a><\/li>\n<\/ul>\n<p><!--StartFragment --><\/p>\n<p class=\"pf0\"><strong><span class=\"cf0\">D\u00e9couvrez aussi :<\/span><\/strong><\/p>\n<ul>\n<li class=\"pf1\"><a href=\"https:\/\/www.bymycar.be\/webzine\/mercedes-classe-g-doccasion-comment-bien-acheter\/\"><span class=\"cf1\">Mercedes Classe G d\u2019occasion : comment bien acheter ?<\/span><\/a><\/li>\n<\/ul>\n<p><!--EndFragment --><\/p>\n<p><!--StartFragment --><\/p>\n<p><!--EndFragment --><\/p>\n"}}]}},"yoast_head":"<!-- This site is optimized with the Yoast SEO Premium plugin v26.4 (Yoast SEO v27.1.1) - https:\/\/yoast.com\/product\/yoast-seo-premium-wordpress\/ -->\n<title>Mercedes Classe G \u00e9lectrique : que sait-on du futur EQG ? - Webzine BE | BYmyCAR<\/title>\n<meta name=\"robots\" content=\"index, follow, max-snippet:-1, max-image-preview:large, max-video-preview:-1\" \/>\n<link rel=\"canonical\" href=\"https:\/\/www.bymycar.be\/webzine\/mercedes-classe-g-electrique-que-sait-on-du-futur-eqg\/\" \/>\n<meta property=\"og:locale\" content=\"fr_FR\" \/>\n<meta property=\"og:type\" content=\"article\" \/>\n<meta property=\"og:title\" content=\"Mercedes Classe G \u00e9lectrique : que sait-on du futur EQG ?\" \/>\n<meta property=\"og:url\" content=\"https:\/\/www.bymycar.be\/webzine\/mercedes-classe-g-electrique-que-sait-on-du-futur-eqg\/\" \/>\n<meta property=\"og:site_name\" content=\"Webzine BE | BYmyCAR\" \/>\n<meta property=\"article:publisher\" content=\"https:\/\/www.facebook.com\/BYmyCAR.officiel\/\" \/>\n<meta property=\"article:published_time\" content=\"2026-01-06T09:31:11+00:00\" \/>\n<meta property=\"article:modified_time\" content=\"2026-01-06T09:36:24+00:00\" \/>\n<meta name=\"author\" content=\"Tom Fernandes\" \/>\n<meta name=\"twitter:card\" content=\"summary_large_image\" \/>\n<meta name=\"twitter:label1\" content=\"\u00c9crit par\" \/>\n\t<meta name=\"twitter:data1\" content=\"Tom Fernandes\" \/>\n<script type=\"application\/ld+json\" class=\"yoast-schema-graph\">{\"@context\":\"https:\/\/schema.org\",\"@graph\":[{\"@type\":\"Article\",\"@id\":\"https:\/\/www.bymycar.be\/webzine\/mercedes-classe-g-electrique-que-sait-on-du-futur-eqg\/#article\",\"isPartOf\":{\"@id\":\"https:\/\/www.bymycar.be\/webzine\/mercedes-classe-g-electrique-que-sait-on-du-futur-eqg\/\"},\"author\":{\"name\":\"Tom Fernandes\",\"@id\":\"https:\/\/www.bymycar.be\/webzine\/nl\/#\/schema\/person\/6cd99e624bbd64604349ff20ee1ed853\"},\"headline\":\"Mercedes Classe G \u00e9lectrique : que sait-on du futur EQG ?\",\"datePublished\":\"2026-01-06T09:31:11+00:00\",\"dateModified\":\"2026-01-06T09:36:24+00:00\",\"mainEntityOfPage\":{\"@id\":\"https:\/\/www.bymycar.be\/webzine\/mercedes-classe-g-electrique-que-sait-on-du-futur-eqg\/\"},\"wordCount\":9,\"publisher\":{\"@id\":\"https:\/\/www.bymycar.be\/webzine\/nl\/#organization\"},\"articleSection\":[\"Guide d'achat Mercedes\"],\"inLanguage\":\"fr-FR\"},{\"@type\":\"WebPage\",\"@id\":\"https:\/\/www.bymycar.be\/webzine\/mercedes-classe-g-electrique-que-sait-on-du-futur-eqg\/\",\"url\":\"https:\/\/www.bymycar.be\/webzine\/mercedes-classe-g-electrique-que-sait-on-du-futur-eqg\/\",\"name\":\"Mercedes Classe G \u00e9lectrique : que sait-on du futur EQG ? - Webzine BE | BYmyCAR\",\"isPartOf\":{\"@id\":\"https:\/\/www.bymycar.be\/webzine\/nl\/#website\"},\"datePublished\":\"2026-01-06T09:31:11+00:00\",\"dateModified\":\"2026-01-06T09:36:24+00:00\",\"breadcrumb\":{\"@id\":\"https:\/\/www.bymycar.be\/webzine\/mercedes-classe-g-electrique-que-sait-on-du-futur-eqg\/#breadcrumb\"},\"inLanguage\":\"fr-FR\",\"potentialAction\":[{\"@type\":\"ReadAction\",\"target\":[\"https:\/\/www.bymycar.be\/webzine\/mercedes-classe-g-electrique-que-sait-on-du-futur-eqg\/\"]}]},{\"@type\":\"BreadcrumbList\",\"@id\":\"https:\/\/www.bymycar.be\/webzine\/mercedes-classe-g-electrique-que-sait-on-du-futur-eqg\/#breadcrumb\",\"itemListElement\":[{\"@type\":\"ListItem\",\"position\":1,\"name\":\"Accueil\",\"item\":\"https:\/\/www.bymycar.be\/webzine\/\"},{\"@type\":\"ListItem\",\"position\":2,\"name\":\"Mercedes Classe G \u00e9lectrique : que sait-on du futur EQG ?\"}]},{\"@type\":\"WebSite\",\"@id\":\"https:\/\/www.bymycar.be\/webzine\/nl\/#website\",\"url\":\"https:\/\/www.bymycar.be\/webzine\/nl\/\",\"name\":\"Webzine | BYmyCAR\",\"description\":\"_Le webzine auto de\",\"publisher\":{\"@id\":\"https:\/\/www.bymycar.be\/webzine\/nl\/#organization\"},\"potentialAction\":[{\"@type\":\"SearchAction\",\"target\":{\"@type\":\"EntryPoint\",\"urlTemplate\":\"https:\/\/www.bymycar.be\/webzine\/nl\/?s={search_term_string}\"},\"query-input\":{\"@type\":\"PropertyValueSpecification\",\"valueRequired\":true,\"valueName\":\"search_term_string\"}}],\"inLanguage\":\"fr-FR\"},{\"@type\":\"Organization\",\"@id\":\"https:\/\/www.bymycar.be\/webzine\/nl\/#organization\",\"name\":\"Webzine | BYmyCAR\",\"url\":\"https:\/\/www.bymycar.be\/webzine\/nl\/\",\"logo\":{\"@type\":\"ImageObject\",\"inLanguage\":\"fr-FR\",\"@id\":\"https:\/\/www.bymycar.be\/webzine\/nl\/#\/schema\/logo\/image\/\",\"url\":\"https:\/\/cdn.bymycar.eu\/be-webzine\/wp-content\/uploads\/2024\/11\/20203047\/logo.png\",\"contentUrl\":\"https:\/\/cdn.bymycar.eu\/be-webzine\/wp-content\/uploads\/2024\/11\/20203047\/logo.png\",\"width\":1280,\"height\":512,\"caption\":\"Webzine | BYmyCAR\"},\"image\":{\"@id\":\"https:\/\/www.bymycar.be\/webzine\/nl\/#\/schema\/logo\/image\/\"},\"sameAs\":[\"https:\/\/www.facebook.com\/BYmyCAR.officiel\/\",\"https:\/\/www.instagram.com\/bymycar.officiel\/\"]},{\"@type\":\"Person\",\"@id\":\"https:\/\/www.bymycar.be\/webzine\/nl\/#\/schema\/person\/6cd99e624bbd64604349ff20ee1ed853\",\"name\":\"Tom Fernandes\",\"image\":{\"@type\":\"ImageObject\",\"inLanguage\":\"fr-FR\",\"@id\":\"https:\/\/www.bymycar.be\/webzine\/nl\/#\/schema\/person\/image\/\",\"url\":\"https:\/\/secure.gravatar.com\/avatar\/81b17c0cc5a6f1f7f394984269a7cbad9c7cca9604839da024242cf665051fbf?s=96&d=mm&r=g\",\"contentUrl\":\"https:\/\/secure.gravatar.com\/avatar\/81b17c0cc5a6f1f7f394984269a7cbad9c7cca9604839da024242cf665051fbf?s=96&d=mm&r=g\",\"caption\":\"Tom Fernandes\"}}]}<\/script>\n<!-- \/ Yoast SEO Premium plugin. -->","yoast_head_json":{"title":"Mercedes Classe G \u00e9lectrique : que sait-on du futur EQG ? - Webzine BE | BYmyCAR","robots":{"index":"index","follow":"follow","max-snippet":"max-snippet:-1","max-image-preview":"max-image-preview:large","max-video-preview":"max-video-preview:-1"},"canonical":"https:\/\/www.bymycar.be\/webzine\/mercedes-classe-g-electrique-que-sait-on-du-futur-eqg\/","og_locale":"fr_FR","og_type":"article","og_title":"Mercedes Classe G \u00e9lectrique : que sait-on du futur EQG ?","og_url":"https:\/\/www.bymycar.be\/webzine\/mercedes-classe-g-electrique-que-sait-on-du-futur-eqg\/","og_site_name":"Webzine BE | BYmyCAR","article_publisher":"https:\/\/www.facebook.com\/BYmyCAR.officiel\/","article_published_time":"2026-01-06T09:31:11+00:00","article_modified_time":"2026-01-06T09:36:24+00:00","author":"Tom Fernandes","twitter_card":"summary_large_image","twitter_misc":{"\u00c9crit par":"Tom Fernandes"},"schema":{"@context":"https:\/\/schema.org","@graph":[{"@type":"Article","@id":"https:\/\/www.bymycar.be\/webzine\/mercedes-classe-g-electrique-que-sait-on-du-futur-eqg\/#article","isPartOf":{"@id":"https:\/\/www.bymycar.be\/webzine\/mercedes-classe-g-electrique-que-sait-on-du-futur-eqg\/"},"author":{"name":"Tom Fernandes","@id":"https:\/\/www.bymycar.be\/webzine\/nl\/#\/schema\/person\/6cd99e624bbd64604349ff20ee1ed853"},"headline":"Mercedes Classe G \u00e9lectrique : que sait-on du futur EQG ?","datePublished":"2026-01-06T09:31:11+00:00","dateModified":"2026-01-06T09:36:24+00:00","mainEntityOfPage":{"@id":"https:\/\/www.bymycar.be\/webzine\/mercedes-classe-g-electrique-que-sait-on-du-futur-eqg\/"},"wordCount":9,"publisher":{"@id":"https:\/\/www.bymycar.be\/webzine\/nl\/#organization"},"articleSection":["Guide d'achat Mercedes"],"inLanguage":"fr-FR"},{"@type":"WebPage","@id":"https:\/\/www.bymycar.be\/webzine\/mercedes-classe-g-electrique-que-sait-on-du-futur-eqg\/","url":"https:\/\/www.bymycar.be\/webzine\/mercedes-classe-g-electrique-que-sait-on-du-futur-eqg\/","name":"Mercedes Classe G \u00e9lectrique : que sait-on du futur EQG ? - Webzine BE | BYmyCAR","isPartOf":{"@id":"https:\/\/www.bymycar.be\/webzine\/nl\/#website"},"datePublished":"2026-01-06T09:31:11+00:00","dateModified":"2026-01-06T09:36:24+00:00","breadcrumb":{"@id":"https:\/\/www.bymycar.be\/webzine\/mercedes-classe-g-electrique-que-sait-on-du-futur-eqg\/#breadcrumb"},"inLanguage":"fr-FR","potentialAction":[{"@type":"ReadAction","target":["https:\/\/www.bymycar.be\/webzine\/mercedes-classe-g-electrique-que-sait-on-du-futur-eqg\/"]}]},{"@type":"BreadcrumbList","@id":"https:\/\/www.bymycar.be\/webzine\/mercedes-classe-g-electrique-que-sait-on-du-futur-eqg\/#breadcrumb","itemListElement":[{"@type":"ListItem","position":1,"name":"Accueil","item":"https:\/\/www.bymycar.be\/webzine\/"},{"@type":"ListItem","position":2,"name":"Mercedes Classe G \u00e9lectrique : que sait-on du futur EQG ?"}]},{"@type":"WebSite","@id":"https:\/\/www.bymycar.be\/webzine\/nl\/#website","url":"https:\/\/www.bymycar.be\/webzine\/nl\/","name":"Webzine | BYmyCAR","description":"_Le webzine auto de","publisher":{"@id":"https:\/\/www.bymycar.be\/webzine\/nl\/#organization"},"potentialAction":[{"@type":"SearchAction","target":{"@type":"EntryPoint","urlTemplate":"https:\/\/www.bymycar.be\/webzine\/nl\/?s={search_term_string}"},"query-input":{"@type":"PropertyValueSpecification","valueRequired":true,"valueName":"search_term_string"}}],"inLanguage":"fr-FR"},{"@type":"Organization","@id":"https:\/\/www.bymycar.be\/webzine\/nl\/#organization","name":"Webzine | BYmyCAR","url":"https:\/\/www.bymycar.be\/webzine\/nl\/","logo":{"@type":"ImageObject","inLanguage":"fr-FR","@id":"https:\/\/www.bymycar.be\/webzine\/nl\/#\/schema\/logo\/image\/","url":"https:\/\/cdn.bymycar.eu\/be-webzine\/wp-content\/uploads\/2024\/11\/20203047\/logo.png","contentUrl":"https:\/\/cdn.bymycar.eu\/be-webzine\/wp-content\/uploads\/2024\/11\/20203047\/logo.png","width":1280,"height":512,"caption":"Webzine | BYmyCAR"},"image":{"@id":"https:\/\/www.bymycar.be\/webzine\/nl\/#\/schema\/logo\/image\/"},"sameAs":["https:\/\/www.facebook.com\/BYmyCAR.officiel\/","https:\/\/www.instagram.com\/bymycar.officiel\/"]},{"@type":"Person","@id":"https:\/\/www.bymycar.be\/webzine\/nl\/#\/schema\/person\/6cd99e624bbd64604349ff20ee1ed853","name":"Tom Fernandes","image":{"@type":"ImageObject","inLanguage":"fr-FR","@id":"https:\/\/www.bymycar.be\/webzine\/nl\/#\/schema\/person\/image\/","url":"https:\/\/secure.gravatar.com\/avatar\/81b17c0cc5a6f1f7f394984269a7cbad9c7cca9604839da024242cf665051fbf?s=96&d=mm&r=g","contentUrl":"https:\/\/secure.gravatar.com\/avatar\/81b17c0cc5a6f1f7f394984269a7cbad9c7cca9604839da024242cf665051fbf?s=96&d=mm&r=g","caption":"Tom Fernandes"}}]}},"_links":{"self":[{"href":"https:\/\/www.bymycar.be\/webzine\/wp-json\/wp\/v2\/posts\/5784","targetHints":{"allow":["GET"]}}],"collection":[{"href":"https:\/\/www.bymycar.be\/webzine\/wp-json\/wp\/v2\/posts"}],"about":[{"href":"https:\/\/www.bymycar.be\/webzine\/wp-json\/wp\/v2\/types\/post"}],"author":[{"embeddable":true,"href":"https:\/\/www.bymycar.be\/webzine\/wp-json\/wp\/v2\/users\/17"}],"replies":[{"embeddable":true,"href":"https:\/\/www.bymycar.be\/webzine\/wp-json\/wp\/v2\/comments?post=5784"}],"version-history":[{"count":2,"href":"https:\/\/www.bymycar.be\/webzine\/wp-json\/wp\/v2\/posts\/5784\/revisions"}],"predecessor-version":[{"id":5789,"href":"https:\/\/www.bymycar.be\/webzine\/wp-json\/wp\/v2\/posts\/5784\/revisions\/5789"}],"wp:attachment":[{"href":"https:\/\/www.bymycar.be\/webzine\/wp-json\/wp\/v2\/media?parent=5784"}],"wp:term":[{"taxonomy":"category","embeddable":true,"href":"https:\/\/www.bymycar.be\/webzine\/wp-json\/wp\/v2\/categories?post=5784"},{"taxonomy":"post_tag","embeddable":true,"href":"https:\/\/www.bymycar.be\/webzine\/wp-json\/wp\/v2\/tags?post=5784"}],"curies":[{"name":"wp","href":"https:\/\/api.w.org\/{rel}","templated":true}]}}