{"id":5773,"date":"2026-01-06T09:55:09","date_gmt":"2026-01-06T08:55:09","guid":{"rendered":"https:\/\/www.bymycar.be\/webzine\/?p=5773"},"modified":"2026-01-06T09:56:20","modified_gmt":"2026-01-06T08:56:20","slug":"mercedes-classe-g-un-4x4-de-luxe-tout-terrain-incontournable","status":"publish","type":"post","link":"https:\/\/www.bymycar.be\/webzine\/mercedes-classe-g-un-4x4-de-luxe-tout-terrain-incontournable\/","title":{"rendered":"Mercedes Classe G : un 4&#215;4 de luxe tout-terrain incontournable"},"content":{"rendered":"","protected":false},"excerpt":{"rendered":"","protected":false},"author":17,"featured_media":0,"comment_status":"closed","ping_status":"closed","sticky":false,"template":"","format":"standard","meta":{"_acf_changed":false,"footnotes":""},"categories":[1458],"tags":[],"class_list":["post-5773","post","type-post","status-publish","format-standard","hentry","category-guide-dachat-mercedes"],"acf":{"image":{"ID":5774,"id":5774,"title":"pre-media24c0102-121 (1)","filename":"pre-media24c0102-121-1-scaled.jpg","filesize":430393,"url":"https:\/\/cdn.bymycar.eu\/be-webzine\/wp-content\/uploads\/2026\/01\/06095242\/pre-media24c0102-121-1-scaled.jpg","link":"https:\/\/www.bymycar.be\/webzine\/mercedes-classe-g-un-4x4-de-luxe-tout-terrain-incontournable\/pre-media24c0102-121-1\/","alt":"Mercedes Classe G","author":"17","description":"","caption":"","name":"pre-media24c0102-121-1","status":"inherit","uploaded_to":5773,"date":"2026-01-06 08:52:38","modified":"2026-01-06 08:53:01","menu_order":0,"mime_type":"image\/jpeg","type":"image","subtype":"jpeg","icon":"https:\/\/www.bymycar.be\/webzine\/wp-includes\/images\/media\/default.png","width":2560,"height":1707,"sizes":{"thumbnail":"https:\/\/cdn.bymycar.eu\/be-webzine\/wp-content\/uploads\/2026\/01\/06095242\/pre-media24c0102-121-1-150x150.jpg","thumbnail-width":150,"thumbnail-height":150,"medium":"https:\/\/cdn.bymycar.eu\/be-webzine\/wp-content\/uploads\/2026\/01\/06095242\/pre-media24c0102-121-1-300x200.jpg","medium-width":300,"medium-height":200,"medium_large":"https:\/\/cdn.bymycar.eu\/be-webzine\/wp-content\/uploads\/2026\/01\/06095242\/pre-media24c0102-121-1-768x512.jpg","medium_large-width":768,"medium_large-height":512,"large":"https:\/\/cdn.bymycar.eu\/be-webzine\/wp-content\/uploads\/2026\/01\/06095242\/pre-media24c0102-121-1-1024x683.jpg","large-width":1024,"large-height":683,"1536x1536":"https:\/\/cdn.bymycar.eu\/be-webzine\/wp-content\/uploads\/2026\/01\/06095242\/pre-media24c0102-121-1-1536x1024.jpg","1536x1536-width":1536,"1536x1536-height":1024,"2048x2048":"https:\/\/cdn.bymycar.eu\/be-webzine\/wp-content\/uploads\/2026\/01\/06095242\/pre-media24c0102-121-1-2048x1365.jpg","2048x2048-width":2048,"2048x2048-height":1365}},"introduction":"<p>La Mercedes Classe G s&rsquo;impose depuis plus de 45 ans comme l&#8217;embl\u00e8me du luxe tout-terrain. Ce mod\u00e8le iconique de <a href=\"https:\/\/www.bymycar.be\/fr\/v\/mercedes\">Mercedes-Benz<\/a> allie robustesse m\u00e9canique exceptionnelle et technologies avanc\u00e9es issues du savoir-faire de la marque. Avec ses capacit\u00e9s de conduite tout-terrain l\u00e9gendaires, elle s\u00e9duit autant les amateurs d&rsquo;aventures extr\u00eames qu&rsquo;une client\u00e8le exigeante en qu\u00eate de raffinement et de prestige.<\/p>\n","add-to-bo":false,"page_content":{"block_content":[{"acf_fc_layout":"carousel-produits"},{"acf_fc_layout":"text-simple","--nav":{"-withNav":false,"-ancre":""},"--group":{"-text":"<h2>ADN tout-terrain du SUV Mercedes Classe G<\/h2>\n<p>La Mercedes Classe G se distingue par sa fabrication sur ch\u00e2ssis \u00e9chelle, trois blocages de diff\u00e9rentiel m\u00e9caniques et sa r\u00e9duction LOW RANGE. Avec une garde au sol sup\u00e9rieure \u00e0 240 mm et un passage \u00e0 gu\u00e9 de 70 cm, ce SUV Mercedes Classe G offre une conduite tout-terrain exceptionnelle sur des pentes lat\u00e9rales jusqu&rsquo;\u00e0 35\u00b0 et des angles d&rsquo;attaque d&rsquo;environ 30\u00b0.<\/p>\n<p>Alors que le Land Rover Range Rover privil\u00e9gie le confort routier, la Classe G conserve une stabilit\u00e9 redoutable sur terrains accident\u00e9s gr\u00e2ce \u00e0 son essieu rigide arri\u00e8re et sa structure robuste assembl\u00e9e \u00e0 la main. Cette conception unique lui conf\u00e8re des capacit\u00e9s de franchissement hors du commun, faisant d&rsquo;elle une r\u00e9f\u00e9rence incontest\u00e9e dans l&rsquo;univers des 4&#215;4 de luxe.<\/p>\n<h2>Int\u00e9rieur et innovations : le luxe Mercedes Classe G<\/h2>\n<h3>Syst\u00e8me multim\u00e9dia MBUX et connectivit\u00e9<\/h3>\n<p>\u00c0 bord de la Mercedes Classe G, l&rsquo;int\u00e9rieur vous offre une exp\u00e9rience premium unique. Le syst\u00e8me multim\u00e9dia MBUX int\u00e8gre une intelligence artificielle avanc\u00e9e, un \u00e9cran tactile central et des commandes vocales intuitives. Cette technologie de pointe transforme chaque trajet en une exp\u00e9rience connect\u00e9e, avec une instrumentation num\u00e9rique compl\u00e8te et des commandes ergonomiques via molette centrale.<\/p>\n<h3>Mat\u00e9riaux haut de gamme MANUFAKTUR<\/h3>\n<p>Le programme MANUFAKTUR vous propose des options de personnalisation exclusives qui subliment votre Classe G :<\/p>\n<ul>\n<li>Garnissages en cuir Nappa avec surpiq\u00fbres d\u00e9coratives personnalisables ;<\/li>\n<li>Inserts en bois pr\u00e9cieux travaill\u00e9s \u00e0 la main ;<\/li>\n<li>\u00c9clairages d&rsquo;ambiance exclusifs projetant le logo Mercedes-Benz.<\/li>\n<\/ul>\n<p>Ces finitions sur mesure font de chaque Mercedes Classe G un v\u00e9hicule unique, refl\u00e9tant parfaitement votre personnalit\u00e9. Pour d\u00e9couvrir l&rsquo;ensemble des possibilit\u00e9s d&rsquo;am\u00e9nagement int\u00e9rieur et cr\u00e9er votre configuration id\u00e9ale, nos conseillers BYmyCAR sont \u00e0 votre disposition dans nos concessions.<\/p>\n<h2>Versions AMG G 63 et \u00e9lectrique : prouesses techniques<\/h2>\n<p>D\u00e9couvrez la puissance exceptionnelle de la gamme Mercedes Classe G, qui allie performances remarquables et technologies de pointe. Voici les principales versions disponibles :<\/p>\n<table>\n<thead>\n<tr>\n<th>Mod\u00e8le<\/th>\n<th>Motorisation<\/th>\n<th>Puissance<\/th>\n<th>Sp\u00e9cificit\u00e9<\/th>\n<\/tr>\n<\/thead>\n<tbody>\n<tr>\n<td>G 500<\/td>\n<td>6 cylindres essence<\/td>\n<td>449 ch<\/td>\n<td>Hybridation l\u00e9g\u00e8re 48V<\/td>\n<\/tr>\n<tr>\n<td>AMG G 63<\/td>\n<td>V8 4.0L biturbo<\/td>\n<td>585 ch<\/td>\n<td>850 Nm de couple<\/td>\n<\/tr>\n<tr>\n<td>G 580 EQ<\/td>\n<td>\u00c9lectrique (4 moteurs)<\/td>\n<td>587 ch<\/td>\n<td>Rotation G-TURN \u00e0 360\u00b0<\/td>\n<\/tr>\n<tr>\n<td>Brabus 800<\/td>\n<td>V8 pr\u00e9par\u00e9<\/td>\n<td>800 ch<\/td>\n<td>Versions Superblack\/Mean Green<\/td>\n<\/tr>\n<\/tbody>\n<\/table>\n<p>La <a href=\"https:\/\/www.bymycar.be\/fr\/mercedes-g-63-amg-9g-speedshift-tct-amg-occasion-2025-import-1016311\">Mercedes Classe G 2025<\/a> impressionne par sa polyvalence, notamment avec l&rsquo;AMG G 63 et ses 850 Nm de couple qui garantissent des acc\u00e9l\u00e9rations fulgurantes et une capacit\u00e9 de remorquage impressionnante. Pour une exp\u00e9rience plus respectueuse de l&rsquo;environnement, la <a href=\"https:\/\/www.bymycar.be\/fr\/mercedes-g-580-eq-occasion-2024-import-926080\">Mercedes Classe G 2024<\/a> propose la version G 580 EQ, premi\u00e8re Classe G \u00e9lectrique dot\u00e9e d&rsquo;une autonomie de 455 km et d&rsquo;une recharge rapide jusqu&rsquo;\u00e0 200 kW, tout en conservant les l\u00e9gendaires capacit\u00e9s tout-terrain du mod\u00e8le.<\/p>\n<h2>Long\u00e9vit\u00e9 d&rsquo;exception : Mercedes Classe G d&rsquo;occasion<\/h2>\n<p>Initialement con\u00e7ue pour les besoins militaires, la Mercedes-Benz Classe G affiche une fiabilit\u00e9 l\u00e9gendaire avec pr\u00e8s de 80 % des exemplaires vendus depuis 1979 toujours en circulation. Cette robustesse exceptionnelle explique sa valeur r\u00e9siduelle remarquablement \u00e9lev\u00e9e sur le march\u00e9 de l&rsquo;<a href=\"https:\/\/www.bymycar.be\/fr\/mercedes-g-63-amg-bva9-occasion-2019-import-1022161\">occasion<\/a>.<\/p>\n<p>Les propri\u00e9taires de Mercedes Classe G t\u00e9moignent d&rsquo;une satisfaction exceptionnelle, beaucoup choisissant de renouveler l&rsquo;exp\u00e9rience avec le m\u00eame mod\u00e8le, confirmant ainsi son statut d&rsquo;ic\u00f4ne intemporelle. Cette long\u00e9vit\u00e9 remarquable fait de la Classe G un investissement durable qui traverse les d\u00e9cennies sans perdre son caract\u00e8re ni ses performances.<\/p>\n<h2>FAQ Mercedes Classe G<\/h2>\n<h3>Quel est le prix de la Mercedes Classe G ?<\/h3>\n<p>Pour conna\u00eetre en d\u00e9tail les tarifs actuels de la Mercedes Classe G, nous vous invitons \u00e0 contacter nos conseillers BYmyCAR qui vous proposeront les meilleures offres personnalis\u00e9es selon votre configuration souhait\u00e9e.<\/p>\n<h3>Pourquoi la Classe G est-elle si ch\u00e8re ?<\/h3>\n<p>Son positionnement tarifaire refl\u00e8te sa fabrication artisanale \u00e0 Graz en Autriche, ses performances tout-terrain exceptionnelles et son luxe int\u00e9rieur raffin\u00e9. La Mercedes Classe G repr\u00e9sente un investissement durable avec une valeur r\u00e9siduelle remarquable qui compense largement l&rsquo;acquisition initiale.<\/p>\n<h3>Quelle est la fiabilit\u00e9 du Mercedes Classe G ?<\/h3>\n<p>La Classe G offre une fiabilit\u00e9 l\u00e9gendaire, avec 80 % des mod\u00e8les vendus depuis 1979 toujours en circulation. Sa conception robuste sur ch\u00e2ssis \u00e9chelle et sa qualit\u00e9 de fabrication garantissent une excellente long\u00e9vit\u00e9, m\u00eame en conduite tout-terrain intensive.<\/p>\n<h3>Quel Mercedes Classe G choisir ?<\/h3>\n<p>Le choix d\u00e9pend de vos priorit\u00e9s : performances avec l&rsquo;AMG G 63, \u00e9cologie avec la G 580 EQ \u00e9lectrique, ou polyvalence avec la G 500. Nos conseillers BYmyCAR vous aideront \u00e0 s\u00e9lectionner la version id\u00e9ale selon vos besoins pour une exp\u00e9rience luxueuse unique.<\/p>\n<p><strong>Sources :\u00a0<\/strong><\/p>\n<ul>\n<li><a href=\"https:\/\/media.mercedes-benz.fr\/decouvrez-la-nouvelle-classe-g\/\" target=\"_blank\" rel=\"noopener\">D\u00e9couvrez la nouvelle classe G<\/a><\/li>\n<li><a href=\"https:\/\/www.motorlegend.com\/fiche-technique\/mercedes-classe-g-w463-gen1-63-amg\/2238.html\" target=\"_blank\" rel=\"noopener\">Fiche technique MERCEDES CLASSE G (W463 Gen1) 63 AMG \u2013 Motorlegend<\/a><\/li>\n<li><a href=\"https:\/\/www.topcarsmotion.com\/fr\/mercedes-classe-g-le-tout-terrain-emblematique-qui-transcende-les-generations-et-conquiert-de-nouveaux-horizons\/\" target=\"_blank\" rel=\"noopener\">Mercedes Classe G : le tout-terrain de luxe embl\u00e9matique<\/a><\/li>\n<li><a href=\"https:\/\/www.beev.co\/blog\/voitures-electriques\/nouveau-mercedes-classe-g-580-avec-technologie-eq\/\" target=\"_blank\" rel=\"noopener\">Nouveau Mercedes Classe G 580 avec technologie EQ<\/a><\/li>\n<li><a href=\"https:\/\/www.caradisiac.com\/la-durabilite-impressionnante-du-mercedes-classe-g-208618.htm\" target=\"_blank\" rel=\"noopener\">La durabilit\u00e9 impressionnante du Mercedes Classe G<\/a><\/li>\n<\/ul>\n"}}]}},"yoast_head":"<!-- This site is optimized with the Yoast SEO Premium plugin v26.4 (Yoast SEO v27.1.1) - https:\/\/yoast.com\/product\/yoast-seo-premium-wordpress\/ -->\n<title>Mercedes Classe G : un 4x4 de luxe tout-terrain incontournable - Webzine BE | BYmyCAR<\/title>\n<meta name=\"robots\" content=\"index, follow, max-snippet:-1, max-image-preview:large, max-video-preview:-1\" \/>\n<link rel=\"canonical\" href=\"https:\/\/www.bymycar.be\/webzine\/mercedes-classe-g-un-4x4-de-luxe-tout-terrain-incontournable\/\" \/>\n<meta property=\"og:locale\" content=\"fr_FR\" \/>\n<meta property=\"og:type\" content=\"article\" \/>\n<meta property=\"og:title\" content=\"Mercedes Classe G : un 4x4 de luxe tout-terrain incontournable\" \/>\n<meta property=\"og:url\" content=\"https:\/\/www.bymycar.be\/webzine\/mercedes-classe-g-un-4x4-de-luxe-tout-terrain-incontournable\/\" \/>\n<meta property=\"og:site_name\" content=\"Webzine BE | BYmyCAR\" \/>\n<meta property=\"article:publisher\" content=\"https:\/\/www.facebook.com\/BYmyCAR.officiel\/\" \/>\n<meta property=\"article:published_time\" content=\"2026-01-06T08:55:09+00:00\" \/>\n<meta property=\"article:modified_time\" content=\"2026-01-06T08:56:20+00:00\" \/>\n<meta name=\"author\" content=\"Tom Fernandes\" \/>\n<meta name=\"twitter:card\" content=\"summary_large_image\" \/>\n<meta name=\"twitter:label1\" content=\"\u00c9crit par\" \/>\n\t<meta name=\"twitter:data1\" content=\"Tom Fernandes\" \/>\n<script type=\"application\/ld+json\" class=\"yoast-schema-graph\">{\"@context\":\"https:\/\/schema.org\",\"@graph\":[{\"@type\":\"Article\",\"@id\":\"https:\/\/www.bymycar.be\/webzine\/mercedes-classe-g-un-4x4-de-luxe-tout-terrain-incontournable\/#article\",\"isPartOf\":{\"@id\":\"https:\/\/www.bymycar.be\/webzine\/mercedes-classe-g-un-4x4-de-luxe-tout-terrain-incontournable\/\"},\"author\":{\"name\":\"Tom Fernandes\",\"@id\":\"https:\/\/www.bymycar.be\/webzine\/nl\/#\/schema\/person\/6cd99e624bbd64604349ff20ee1ed853\"},\"headline\":\"Mercedes Classe G : un 4&#215;4 de luxe tout-terrain incontournable\",\"datePublished\":\"2026-01-06T08:55:09+00:00\",\"dateModified\":\"2026-01-06T08:56:20+00:00\",\"mainEntityOfPage\":{\"@id\":\"https:\/\/www.bymycar.be\/webzine\/mercedes-classe-g-un-4x4-de-luxe-tout-terrain-incontournable\/\"},\"wordCount\":9,\"publisher\":{\"@id\":\"https:\/\/www.bymycar.be\/webzine\/nl\/#organization\"},\"articleSection\":[\"Guide d'achat Mercedes\"],\"inLanguage\":\"fr-FR\"},{\"@type\":\"WebPage\",\"@id\":\"https:\/\/www.bymycar.be\/webzine\/mercedes-classe-g-un-4x4-de-luxe-tout-terrain-incontournable\/\",\"url\":\"https:\/\/www.bymycar.be\/webzine\/mercedes-classe-g-un-4x4-de-luxe-tout-terrain-incontournable\/\",\"name\":\"Mercedes Classe G : un 4x4 de luxe tout-terrain incontournable - Webzine BE | BYmyCAR\",\"isPartOf\":{\"@id\":\"https:\/\/www.bymycar.be\/webzine\/nl\/#website\"},\"datePublished\":\"2026-01-06T08:55:09+00:00\",\"dateModified\":\"2026-01-06T08:56:20+00:00\",\"breadcrumb\":{\"@id\":\"https:\/\/www.bymycar.be\/webzine\/mercedes-classe-g-un-4x4-de-luxe-tout-terrain-incontournable\/#breadcrumb\"},\"inLanguage\":\"fr-FR\",\"potentialAction\":[{\"@type\":\"ReadAction\",\"target\":[\"https:\/\/www.bymycar.be\/webzine\/mercedes-classe-g-un-4x4-de-luxe-tout-terrain-incontournable\/\"]}]},{\"@type\":\"BreadcrumbList\",\"@id\":\"https:\/\/www.bymycar.be\/webzine\/mercedes-classe-g-un-4x4-de-luxe-tout-terrain-incontournable\/#breadcrumb\",\"itemListElement\":[{\"@type\":\"ListItem\",\"position\":1,\"name\":\"Accueil\",\"item\":\"https:\/\/www.bymycar.be\/webzine\/\"},{\"@type\":\"ListItem\",\"position\":2,\"name\":\"Mercedes Classe G : un 4&#215;4 de luxe tout-terrain incontournable\"}]},{\"@type\":\"WebSite\",\"@id\":\"https:\/\/www.bymycar.be\/webzine\/nl\/#website\",\"url\":\"https:\/\/www.bymycar.be\/webzine\/nl\/\",\"name\":\"Webzine | BYmyCAR\",\"description\":\"_Le webzine auto de\",\"publisher\":{\"@id\":\"https:\/\/www.bymycar.be\/webzine\/nl\/#organization\"},\"potentialAction\":[{\"@type\":\"SearchAction\",\"target\":{\"@type\":\"EntryPoint\",\"urlTemplate\":\"https:\/\/www.bymycar.be\/webzine\/nl\/?s={search_term_string}\"},\"query-input\":{\"@type\":\"PropertyValueSpecification\",\"valueRequired\":true,\"valueName\":\"search_term_string\"}}],\"inLanguage\":\"fr-FR\"},{\"@type\":\"Organization\",\"@id\":\"https:\/\/www.bymycar.be\/webzine\/nl\/#organization\",\"name\":\"Webzine | BYmyCAR\",\"url\":\"https:\/\/www.bymycar.be\/webzine\/nl\/\",\"logo\":{\"@type\":\"ImageObject\",\"inLanguage\":\"fr-FR\",\"@id\":\"https:\/\/www.bymycar.be\/webzine\/nl\/#\/schema\/logo\/image\/\",\"url\":\"https:\/\/cdn.bymycar.eu\/be-webzine\/wp-content\/uploads\/2024\/11\/20203047\/logo.png\",\"contentUrl\":\"https:\/\/cdn.bymycar.eu\/be-webzine\/wp-content\/uploads\/2024\/11\/20203047\/logo.png\",\"width\":1280,\"height\":512,\"caption\":\"Webzine | BYmyCAR\"},\"image\":{\"@id\":\"https:\/\/www.bymycar.be\/webzine\/nl\/#\/schema\/logo\/image\/\"},\"sameAs\":[\"https:\/\/www.facebook.com\/BYmyCAR.officiel\/\",\"https:\/\/www.instagram.com\/bymycar.officiel\/\"]},{\"@type\":\"Person\",\"@id\":\"https:\/\/www.bymycar.be\/webzine\/nl\/#\/schema\/person\/6cd99e624bbd64604349ff20ee1ed853\",\"name\":\"Tom Fernandes\",\"image\":{\"@type\":\"ImageObject\",\"inLanguage\":\"fr-FR\",\"@id\":\"https:\/\/www.bymycar.be\/webzine\/nl\/#\/schema\/person\/image\/\",\"url\":\"https:\/\/secure.gravatar.com\/avatar\/81b17c0cc5a6f1f7f394984269a7cbad9c7cca9604839da024242cf665051fbf?s=96&d=mm&r=g\",\"contentUrl\":\"https:\/\/secure.gravatar.com\/avatar\/81b17c0cc5a6f1f7f394984269a7cbad9c7cca9604839da024242cf665051fbf?s=96&d=mm&r=g\",\"caption\":\"Tom Fernandes\"}}]}<\/script>\n<!-- \/ Yoast SEO Premium plugin. -->","yoast_head_json":{"title":"Mercedes Classe G : un 4x4 de luxe tout-terrain incontournable - Webzine BE | BYmyCAR","robots":{"index":"index","follow":"follow","max-snippet":"max-snippet:-1","max-image-preview":"max-image-preview:large","max-video-preview":"max-video-preview:-1"},"canonical":"https:\/\/www.bymycar.be\/webzine\/mercedes-classe-g-un-4x4-de-luxe-tout-terrain-incontournable\/","og_locale":"fr_FR","og_type":"article","og_title":"Mercedes Classe G : un 4x4 de luxe tout-terrain incontournable","og_url":"https:\/\/www.bymycar.be\/webzine\/mercedes-classe-g-un-4x4-de-luxe-tout-terrain-incontournable\/","og_site_name":"Webzine BE | BYmyCAR","article_publisher":"https:\/\/www.facebook.com\/BYmyCAR.officiel\/","article_published_time":"2026-01-06T08:55:09+00:00","article_modified_time":"2026-01-06T08:56:20+00:00","author":"Tom Fernandes","twitter_card":"summary_large_image","twitter_misc":{"\u00c9crit par":"Tom Fernandes"},"schema":{"@context":"https:\/\/schema.org","@graph":[{"@type":"Article","@id":"https:\/\/www.bymycar.be\/webzine\/mercedes-classe-g-un-4x4-de-luxe-tout-terrain-incontournable\/#article","isPartOf":{"@id":"https:\/\/www.bymycar.be\/webzine\/mercedes-classe-g-un-4x4-de-luxe-tout-terrain-incontournable\/"},"author":{"name":"Tom Fernandes","@id":"https:\/\/www.bymycar.be\/webzine\/nl\/#\/schema\/person\/6cd99e624bbd64604349ff20ee1ed853"},"headline":"Mercedes Classe G : un 4&#215;4 de luxe tout-terrain incontournable","datePublished":"2026-01-06T08:55:09+00:00","dateModified":"2026-01-06T08:56:20+00:00","mainEntityOfPage":{"@id":"https:\/\/www.bymycar.be\/webzine\/mercedes-classe-g-un-4x4-de-luxe-tout-terrain-incontournable\/"},"wordCount":9,"publisher":{"@id":"https:\/\/www.bymycar.be\/webzine\/nl\/#organization"},"articleSection":["Guide d'achat Mercedes"],"inLanguage":"fr-FR"},{"@type":"WebPage","@id":"https:\/\/www.bymycar.be\/webzine\/mercedes-classe-g-un-4x4-de-luxe-tout-terrain-incontournable\/","url":"https:\/\/www.bymycar.be\/webzine\/mercedes-classe-g-un-4x4-de-luxe-tout-terrain-incontournable\/","name":"Mercedes Classe G : un 4x4 de luxe tout-terrain incontournable - Webzine BE | BYmyCAR","isPartOf":{"@id":"https:\/\/www.bymycar.be\/webzine\/nl\/#website"},"datePublished":"2026-01-06T08:55:09+00:00","dateModified":"2026-01-06T08:56:20+00:00","breadcrumb":{"@id":"https:\/\/www.bymycar.be\/webzine\/mercedes-classe-g-un-4x4-de-luxe-tout-terrain-incontournable\/#breadcrumb"},"inLanguage":"fr-FR","potentialAction":[{"@type":"ReadAction","target":["https:\/\/www.bymycar.be\/webzine\/mercedes-classe-g-un-4x4-de-luxe-tout-terrain-incontournable\/"]}]},{"@type":"BreadcrumbList","@id":"https:\/\/www.bymycar.be\/webzine\/mercedes-classe-g-un-4x4-de-luxe-tout-terrain-incontournable\/#breadcrumb","itemListElement":[{"@type":"ListItem","position":1,"name":"Accueil","item":"https:\/\/www.bymycar.be\/webzine\/"},{"@type":"ListItem","position":2,"name":"Mercedes Classe G : un 4&#215;4 de luxe tout-terrain incontournable"}]},{"@type":"WebSite","@id":"https:\/\/www.bymycar.be\/webzine\/nl\/#website","url":"https:\/\/www.bymycar.be\/webzine\/nl\/","name":"Webzine | BYmyCAR","description":"_Le webzine auto de","publisher":{"@id":"https:\/\/www.bymycar.be\/webzine\/nl\/#organization"},"potentialAction":[{"@type":"SearchAction","target":{"@type":"EntryPoint","urlTemplate":"https:\/\/www.bymycar.be\/webzine\/nl\/?s={search_term_string}"},"query-input":{"@type":"PropertyValueSpecification","valueRequired":true,"valueName":"search_term_string"}}],"inLanguage":"fr-FR"},{"@type":"Organization","@id":"https:\/\/www.bymycar.be\/webzine\/nl\/#organization","name":"Webzine | BYmyCAR","url":"https:\/\/www.bymycar.be\/webzine\/nl\/","logo":{"@type":"ImageObject","inLanguage":"fr-FR","@id":"https:\/\/www.bymycar.be\/webzine\/nl\/#\/schema\/logo\/image\/","url":"https:\/\/cdn.bymycar.eu\/be-webzine\/wp-content\/uploads\/2024\/11\/20203047\/logo.png","contentUrl":"https:\/\/cdn.bymycar.eu\/be-webzine\/wp-content\/uploads\/2024\/11\/20203047\/logo.png","width":1280,"height":512,"caption":"Webzine | BYmyCAR"},"image":{"@id":"https:\/\/www.bymycar.be\/webzine\/nl\/#\/schema\/logo\/image\/"},"sameAs":["https:\/\/www.facebook.com\/BYmyCAR.officiel\/","https:\/\/www.instagram.com\/bymycar.officiel\/"]},{"@type":"Person","@id":"https:\/\/www.bymycar.be\/webzine\/nl\/#\/schema\/person\/6cd99e624bbd64604349ff20ee1ed853","name":"Tom Fernandes","image":{"@type":"ImageObject","inLanguage":"fr-FR","@id":"https:\/\/www.bymycar.be\/webzine\/nl\/#\/schema\/person\/image\/","url":"https:\/\/secure.gravatar.com\/avatar\/81b17c0cc5a6f1f7f394984269a7cbad9c7cca9604839da024242cf665051fbf?s=96&d=mm&r=g","contentUrl":"https:\/\/secure.gravatar.com\/avatar\/81b17c0cc5a6f1f7f394984269a7cbad9c7cca9604839da024242cf665051fbf?s=96&d=mm&r=g","caption":"Tom Fernandes"}}]}},"_links":{"self":[{"href":"https:\/\/www.bymycar.be\/webzine\/wp-json\/wp\/v2\/posts\/5773","targetHints":{"allow":["GET"]}}],"collection":[{"href":"https:\/\/www.bymycar.be\/webzine\/wp-json\/wp\/v2\/posts"}],"about":[{"href":"https:\/\/www.bymycar.be\/webzine\/wp-json\/wp\/v2\/types\/post"}],"author":[{"embeddable":true,"href":"https:\/\/www.bymycar.be\/webzine\/wp-json\/wp\/v2\/users\/17"}],"replies":[{"embeddable":true,"href":"https:\/\/www.bymycar.be\/webzine\/wp-json\/wp\/v2\/comments?post=5773"}],"version-history":[{"count":2,"href":"https:\/\/www.bymycar.be\/webzine\/wp-json\/wp\/v2\/posts\/5773\/revisions"}],"predecessor-version":[{"id":5777,"href":"https:\/\/www.bymycar.be\/webzine\/wp-json\/wp\/v2\/posts\/5773\/revisions\/5777"}],"wp:attachment":[{"href":"https:\/\/www.bymycar.be\/webzine\/wp-json\/wp\/v2\/media?parent=5773"}],"wp:term":[{"taxonomy":"category","embeddable":true,"href":"https:\/\/www.bymycar.be\/webzine\/wp-json\/wp\/v2\/categories?post=5773"},{"taxonomy":"post_tag","embeddable":true,"href":"https:\/\/www.bymycar.be\/webzine\/wp-json\/wp\/v2\/tags?post=5773"}],"curies":[{"name":"wp","href":"https:\/\/api.w.org\/{rel}","templated":true}]}}