{"id":5738,"date":"2026-01-05T17:11:26","date_gmt":"2026-01-05T16:11:26","guid":{"rendered":"https:\/\/www.bymycar.be\/webzine\/?p=5738"},"modified":"2026-01-05T17:16:09","modified_gmt":"2026-01-05T16:16:09","slug":"mercedes-classe-c-amg-performances-design-et-finitions-premium","status":"publish","type":"post","link":"https:\/\/www.bymycar.be\/webzine\/mercedes-classe-c-amg-performances-design-et-finitions-premium\/","title":{"rendered":"Mercedes Classe C AMG : performances, design et finitions premium"},"content":{"rendered":"","protected":false},"excerpt":{"rendered":"","protected":false},"author":17,"featured_media":0,"comment_status":"closed","ping_status":"closed","sticky":false,"template":"","format":"standard","meta":{"_acf_changed":false,"footnotes":""},"categories":[1458],"tags":[],"class_list":["post-5738","post","type-post","status-publish","format-standard","hentry","category-guide-dachat-mercedes"],"acf":{"image":{"ID":5740,"id":5740,"title":"21c0295-008lr","filename":"21c0295-008lr.jpg","filesize":272482,"url":"https:\/\/cdn.bymycar.eu\/be-webzine\/wp-content\/uploads\/2026\/01\/05171106\/21c0295-008lr.jpg","link":"https:\/\/www.bymycar.be\/webzine\/mercedes-classe-c-amg-performances-design-et-finitions-premium\/21c0295-008lr\/","alt":"Mercedes Classe C","author":"17","description":"","caption":"","name":"21c0295-008lr","status":"inherit","uploaded_to":5738,"date":"2026-01-05 16:11:04","modified":"2026-01-05 16:11:21","menu_order":0,"mime_type":"image\/jpeg","type":"image","subtype":"jpeg","icon":"https:\/\/www.bymycar.be\/webzine\/wp-includes\/images\/media\/default.png","width":1773,"height":1182,"sizes":{"thumbnail":"https:\/\/cdn.bymycar.eu\/be-webzine\/wp-content\/uploads\/2026\/01\/05171106\/21c0295-008lr-150x150.jpg","thumbnail-width":150,"thumbnail-height":150,"medium":"https:\/\/cdn.bymycar.eu\/be-webzine\/wp-content\/uploads\/2026\/01\/05171106\/21c0295-008lr-300x200.jpg","medium-width":300,"medium-height":200,"medium_large":"https:\/\/cdn.bymycar.eu\/be-webzine\/wp-content\/uploads\/2026\/01\/05171106\/21c0295-008lr-768x512.jpg","medium_large-width":768,"medium_large-height":512,"large":"https:\/\/cdn.bymycar.eu\/be-webzine\/wp-content\/uploads\/2026\/01\/05171106\/21c0295-008lr-1024x683.jpg","large-width":1024,"large-height":683,"1536x1536":"https:\/\/cdn.bymycar.eu\/be-webzine\/wp-content\/uploads\/2026\/01\/05171106\/21c0295-008lr-1536x1024.jpg","1536x1536-width":1536,"1536x1536-height":1024,"2048x2048":"https:\/\/cdn.bymycar.eu\/be-webzine\/wp-content\/uploads\/2026\/01\/05171106\/21c0295-008lr.jpg","2048x2048-width":1773,"2048x2048-height":1182}},"introduction":"<p>La <a href=\"https:\/\/www.bymycar.be\/fr\/v\/mercedes-classe-c\">Mercedes-Benz Classe C<\/a> AMG s&rsquo;impose comme un joyau de la gamme sportive de l&rsquo;\u00e9toile, combinant \u00e9l\u00e9gance et performances exceptionnelles. Disponible en version C 63 S E Performance avec 680 ch issus d&rsquo;une motorisation \u00e9lectrifi\u00e9e sophistiqu\u00e9e, elle offre un caract\u00e8re unique dans l&rsquo;univers des berlines sportives. Vous appr\u00e9cierez son design dynamique, ses finitions luxueuses et ses performances dignes d&rsquo;une supercar. Chez BYmyCAR, nos conseillers vous accompagnent pour d\u00e9couvrir toutes les facettes de la Mercedes-AMG C qui r\u00e9volutionne le segment des berlines sportives premium.<\/p>\n<p>&nbsp;<\/p>\n<p style=\"text-align: center;\"><a href=\"https:\/\/www.bymycar.be\/webzine\/mercedes-classe-c-la-berline-premium-iconique\/\"  class=\"css-button css-button--gold\" >\n                Tout savoir sur la Mercedes Classe C\n        <\/a><\/p>\n","add-to-bo":false,"page_content":{"block_content":[{"acf_fc_layout":"carousel-produits"},{"acf_fc_layout":"text-simple","--nav":{"-withNav":false,"-ancre":""},"--group":{"-text":"<h2>Design ext\u00e9rieur : calandre distinctive et look rac\u00e9<\/h2>\n<h3>Une silhouette \u00e9l\u00e9gante et a\u00e9rodynamique<\/h3>\n<p>La Mercedes-AMG C arbore fi\u00e8rement sa calandre Panamericana, signature visuelle reconnaissable entre mille avec ses lamelles verticales chrom\u00e9es et son \u00e9toile embl\u00e9matique au centre. Cette fa\u00e7ade impressionnante s&rsquo;accompagne de jantes en alliage forg\u00e9 \u00e0 5 doubles branches disponibles en 19 ou 20 pouces, renfor\u00e7ant sa posture athl\u00e9tique et dynamique sur la route.<\/p>\n<h3>Un arri\u00e8re sculptural et performant<\/h3>\n<p>L&rsquo;arri\u00e8re de la Mercedes-AMG C se distingue par son diffuseur a\u00e9rodynamique int\u00e9grant harmonieusement les sorties d&rsquo;\u00e9chappement sport. Cette partie arri\u00e8re compl\u00e8te parfaitement la silhouette muscl\u00e9e du v\u00e9hicule, affirmant son caract\u00e8re sportif et sa vocation performante.<\/p>\n<p>Les atouts stylistiques majeurs de la Classe C AMG :<\/p>\n<ul>\n<li>Une calandre Panamericana inspir\u00e9e des voitures de course des ann\u00e9es 1950 ;<\/li>\n<li>Des jantes sp\u00e9cifiques AMG disponibles en diff\u00e9rentes finitions exclusives ;<\/li>\n<li>Un diffuseur arri\u00e8re optimis\u00e9 pour l&rsquo;a\u00e9rodynamisme et l&rsquo;esth\u00e9tique sportive.<\/li>\n<\/ul>\n<p>Ces \u00e9l\u00e9ments de design renforcent l&rsquo;identit\u00e9 sportive de cette berline d&rsquo;exception.<\/p>\n<h2>Motorisations hybrides et badge TURBO ELECTRIFIED : jusqu&rsquo;\u00e0 680 chevaux de passion<\/h2>\n<h3>C 43 4MATIC : sportivit\u00e9 sans compromis<\/h3>\n<p>La Mercedes-AMG C 43 offre une sportivit\u00e9 remarquable avec son moteur 4 cylindres turbocompress\u00e9 de 421 chevaux. Cette version arbore le badge TURBO ELECTRIFIED, symbole de la technologie \u00e9lectrifi\u00e9e AMG. Fid\u00e8le \u00e0 la philosophie \u00ab One man, one engine \u00bb, chaque moteur est assembl\u00e9 \u00e0 la main par un seul technicien qui y appose sa signature, garantissant une qualit\u00e9 d&rsquo;assemblage exceptionnelle.<\/p>\n<h3>C 63 S E Performance : l&rsquo;h\u00e9ritage de la F1\u00ae<\/h3>\n<p>La Mercedes-AMG C 63 S E Performance repr\u00e9sente le summum avec sa technologie hybride inspir\u00e9e directement de la Formule 1\u00ae. Son syst\u00e8me combine un moteur 4 cylindres haute performance et un moteur \u00e9lectrique arri\u00e8re pour une puissance totale de 680 chevaux et un couple de 1 020 Nm. Cette architecture novatrice offre des performances \u00e9poustouflantes tout en permettant un mode de conduite 100 % \u00e9lectrique sur de courtes distances.<\/p>\n<table>\n<thead>\n<tr>\n<th>Version<\/th>\n<th>Puissance<\/th>\n<\/tr>\n<\/thead>\n<tbody>\n<tr>\n<td>C 43 4MATIC<\/td>\n<td>421 ch<\/td>\n<\/tr>\n<tr>\n<td>C 63 S E Performance<\/td>\n<td>680 ch<\/td>\n<\/tr>\n<\/tbody>\n<\/table>\n<h2>Gammes, packs et finitions : AMG Line, Pack AMG ou 63 S Edition 1 ?<\/h2>\n<h3>AMG Line : le style dynamique accessible<\/h3>\n<p>La finition AMG Line conf\u00e8re \u00e0 la Mercedes Classe C un style expressif avec son kit a\u00e9rodynamique exclusif. Vous profiterez d&rsquo;\u00e9l\u00e9ments sportifs comme les jantes sp\u00e9cifiques, la calandre \u00e0 baguettes verticales et un habitacle rehauss\u00e9 par des si\u00e8ges sport et un volant multifonctions. Cette finition offre l&rsquo;apparence sportive typique de la Mercedes-AMG C sans le surco\u00fbt des versions hautes performances.<\/p>\n<h3>S\u00e9ries sp\u00e9ciales Night Edition et Edition 1<\/h3>\n<p>Pour une exclusivit\u00e9 maximale, optez pour la Night Edition avec ses \u00e9l\u00e9ments noir brillant qui accentuent le caract\u00e8re sportif et raffin\u00e9 de la berline. L&rsquo;Edition 1, disponible au lancement de la C 63 S E Performance, se d\u00e9marque par ses d\u00e9tails distinctifs et \u00e9quipements premium exclusifs. Nos conseillers BYmyCAR vous guideront vers la configuration qui correspond parfaitement \u00e0 vos attentes et votre style de conduite.<\/p>\n<h2>Confort int\u00e9rieur et technologies connect\u00e9es \u00e0 bord<\/h2>\n<h3>Ambiance premium et si\u00e8ges Performance<\/h3>\n<p>L&rsquo;habitacle de la Mercedes-AMG C se distingue par son ambiance premium alliant cuir noir et touches de rouge. Les si\u00e8ges Performance offrent un maintien lat\u00e9ral optimal avec leurs appuis renforc\u00e9s, tout en garantissant un confort exceptionnel m\u00eame lors d&rsquo;une conduite sportive soutenue sur route ou circuit.<\/p>\n<h3>Aides \u00e0 la conduite et MBUX derni\u00e8re g\u00e9n\u00e9ration<\/h3>\n<p>Le syst\u00e8me MBUX derni\u00e8re g\u00e9n\u00e9ration transforme l&rsquo;exp\u00e9rience \u00e0 bord avec son affichage head-up display et sa commande vocale intuitive. La technologie embarqu\u00e9e inclut la direction de l&rsquo;essieu arri\u00e8re pour une maniabilit\u00e9 accrue en virages, tandis que les aides \u00e0 la conduite de pointe assurent une s\u00e9curit\u00e9 optimale au quotidien.<\/p>\n<h2>Pourquoi choisir votre Mercedes-Benz C Class AMG chez BYmyCAR ?<\/h2>\n<h3>Conseil personnalis\u00e9 et essais dynamiques<\/h3>\n<p>Chez BYmyCAR, nos conseillers experts <a href=\"https:\/\/www.bymycar.be\/fr\/v\/mercedes\">Mercedes-Benz<\/a> vous accompagnent dans le choix de votre C Class AMG. Profitez d&rsquo;essais dynamiques pour ressentir la puissance et l&rsquo;agr\u00e9ment de conduite de ces berlines sportives d&rsquo;exception. Pour toute question tarifaire, de financement ou de reprise de votre v\u00e9hicule actuel, nos \u00e9quipes sont \u00e0 votre disposition pour vous proposer une solution personnalis\u00e9e.<\/p>\n<h3>Financement LOA et services atelier agr\u00e9\u00e9<\/h3>\n<p>BYmyCAR vous propose des solutions de financement en LOA adapt\u00e9es \u00e0 votre budget. Votre C Class AMG b\u00e9n\u00e9ficie \u00e9galement d&rsquo;un suivi d&rsquo;entretien complet dans nos ateliers agr\u00e9\u00e9s Mercedes-Benz, avec un v\u00e9hicule de remplacement mis \u00e0 votre disposition pendant les interventions.<\/p>\n<h2>FAQ sur la Mercedes Classe C AMG<\/h2>\n<h3>Combien co\u00fbte une Mercedes C63 AMG ?<\/h3>\n<p>Pour conna\u00eetre le tarif d&rsquo;une Mercedes-AMG C63, nous vous invitons \u00e0 contacter directement nos conseillers BYmyCAR qui vous proposeront une offre personnalis\u00e9e adapt\u00e9e \u00e0 vos besoins et incluant les \u00e9ventuelles reprises ou solutions de financement.<\/p>\n<h3>La Mercedes Classe C existe-t-elle en version AMG ?<\/h3>\n<p>Oui, la Mercedes Classe C existe bien en version AMG avec plusieurs d\u00e9clinaisons sportives : la C 43 4MATIC et la puissante C 63 S E Performance. Ces versions sont disponibles en carrosserie berline, break et coup\u00e9 selon vos pr\u00e9f\u00e9rences.<\/p>\n<h3>Quelle est la diff\u00e9rence entre la C 43 et la C 63 S ?<\/h3>\n<p>La Mercedes-AMG C 43 d\u00e9veloppe 421 ch avec un 4 cylindres turbocompress\u00e9, tandis que la C 63 S E Performance atteint 680 ch gr\u00e2ce \u00e0 sa technologie hybride rechargeable. La C 63 S offre \u00e9galement des \u00e9quipements plus exclusifs et des performances sup\u00e9rieures.<\/p>\n<p><strong>Sources :<\/strong><\/p>\n<ul>\n<li><a href=\"https:\/\/www.automobile-magazine.fr\/fiches-techniques\/mercedes-benz\/c\/2025\/2864320-mercedes-benz-c-63-s-amg-476ch-204ch-e-performance-speedshift-mct-amg\" target=\"_blank\" rel=\"noopener\">Fiche technique Mercedes Classe C Break 63 S AMG &#8230;<\/a><\/li>\n<li><a href=\"https:\/\/sport-auto.ch\/essais\/post\/mercedes-amg-c63-s-e-performance\/\" target=\"_blank\" rel=\"noopener\">ESSAI MERCEDES-AMG C63 S E PERFORMANCE<\/a><\/li>\n<li><a href=\"https:\/\/www.sportauto.fr\/essai\/mercedes-amg-c-63-s-e-performance-essai-test-2024-417629.html\" target=\"_blank\" rel=\"noopener\">Mercedes-AMG C 63 S E Performance : c&rsquo;est du lourd<\/a><\/li>\n<li><a href=\"https:\/\/www.turbo.fr\/essai-comparatif-auto\/match-bmw-m3-touring-vs-mercedes-amg-c-63-s-guerre-des-breaks-breaks-de-guerre-195227\" target=\"_blank\" rel=\"noopener\">MATCH \u2013 BMW M3 Touring vs Mercedes-AMG C 63 S<\/a><\/li>\n<li><a href=\"https:\/\/www.automobile-magazine.fr\/insolite\/article\/49095-cette-mercedes-classe-c-63-amg-soffre-enfin-le-moteur-quelle-merite-mais-il-faut-assumer-son-look\" target=\"_blank\" rel=\"noopener\">Cette Mercedes Classe C 63 AMG s&rsquo;offre enfin le moteur &#8230;<\/a><\/li>\n<li><a href=\"https:\/\/www.auto123.com\/fr\/specs\/mercedes-benz\/c-43-amg\/mercedes-benz-c-43-amg-2025-c-43-amg-berline-4matic-462113\/\" target=\"_blank\" rel=\"noopener\">Fiche Technique Mercedes-Benz C 43 AMG 2025 C 43 AMG<\/a><\/li>\n<li><a href=\"https:\/\/mobiliteclub.fr\/actualites\/essai-et-nouveaute\/mercedes-c63-amg-e-performance-en-avance-sur-son-temps\/\" target=\"_blank\" rel=\"noopener\">Mercedes C63 AMG E-Performance : en avance sur son &#8230;<\/a><\/li>\n<\/ul>\n<p><!--StartFragment --><\/p>\n<p class=\"pf0\"><span class=\"cf0\"><strong>D\u00e9couvrez aussi :<\/strong> <\/span><\/p>\n<ul>\n<li class=\"pf1\"><a href=\"https:\/\/www.bymycar.be\/webzine\/mercedes-classe-c-vs-audi-a4-laquelle-choisir\/\"><span class=\"cf1\">Mercedes Classe C vs Audi A4 : laquelle choisir ?<\/span><\/a><\/li>\n<li class=\"pf1\"><a href=\"https:\/\/www.bymycar.be\/webzine\/mercedes-classe-c-doccasion-comment-bien-acheter\/\"><span class=\"cf1\">Mercedes Classe C d\u2019occasion : comment bien acheter ?<\/span><\/a><\/li>\n<li class=\"pf1\"><a href=\"https:\/\/www.bymycar.be\/webzine\/classe-c-hybride-rechargeable-que-vaut-son-autonomie-en-ville-et-sur-route\/\"><span class=\"cf1\">Classe C hybride rechargeable : que vaut son autonomie en ville et sur route ?<\/span><\/a><\/li>\n<li class=\"pf1\"><a href=\"https:\/\/www.bymycar.be\/webzine\/classe-c-pourquoi-ses-ventes-restent-au-sommet-chez-mercedes\/\"><span class=\"cf1\">Pourquoi la Classe C reste-t-elle l\u2019un des mod\u00e8les les plus vendus de Mercedes ?<\/span><\/a><\/li>\n<\/ul>\n<p><!--EndFragment --><\/p>\n"}}]}},"yoast_head":"<!-- This site is optimized with the Yoast SEO Premium plugin v26.4 (Yoast SEO v27.1.1) - https:\/\/yoast.com\/product\/yoast-seo-premium-wordpress\/ -->\n<title>Mercedes Classe C AMG : performances, design et finitions premium - Webzine BE | BYmyCAR<\/title>\n<meta name=\"robots\" content=\"index, follow, max-snippet:-1, max-image-preview:large, max-video-preview:-1\" \/>\n<link rel=\"canonical\" href=\"https:\/\/www.bymycar.be\/webzine\/mercedes-classe-c-amg-performances-design-et-finitions-premium\/\" \/>\n<meta property=\"og:locale\" content=\"fr_FR\" \/>\n<meta property=\"og:type\" content=\"article\" \/>\n<meta property=\"og:title\" content=\"Mercedes Classe C AMG : performances, design et finitions premium\" \/>\n<meta property=\"og:url\" content=\"https:\/\/www.bymycar.be\/webzine\/mercedes-classe-c-amg-performances-design-et-finitions-premium\/\" \/>\n<meta property=\"og:site_name\" content=\"Webzine BE | BYmyCAR\" \/>\n<meta property=\"article:publisher\" content=\"https:\/\/www.facebook.com\/BYmyCAR.officiel\/\" \/>\n<meta property=\"article:published_time\" content=\"2026-01-05T16:11:26+00:00\" \/>\n<meta property=\"article:modified_time\" content=\"2026-01-05T16:16:09+00:00\" \/>\n<meta name=\"author\" content=\"Tom Fernandes\" \/>\n<meta name=\"twitter:card\" content=\"summary_large_image\" \/>\n<meta name=\"twitter:label1\" content=\"\u00c9crit par\" \/>\n\t<meta name=\"twitter:data1\" content=\"Tom Fernandes\" \/>\n<script type=\"application\/ld+json\" class=\"yoast-schema-graph\">{\"@context\":\"https:\/\/schema.org\",\"@graph\":[{\"@type\":\"Article\",\"@id\":\"https:\/\/www.bymycar.be\/webzine\/mercedes-classe-c-amg-performances-design-et-finitions-premium\/#article\",\"isPartOf\":{\"@id\":\"https:\/\/www.bymycar.be\/webzine\/mercedes-classe-c-amg-performances-design-et-finitions-premium\/\"},\"author\":{\"name\":\"Tom Fernandes\",\"@id\":\"https:\/\/www.bymycar.be\/webzine\/nl\/#\/schema\/person\/6cd99e624bbd64604349ff20ee1ed853\"},\"headline\":\"Mercedes Classe C AMG : performances, design et finitions premium\",\"datePublished\":\"2026-01-05T16:11:26+00:00\",\"dateModified\":\"2026-01-05T16:16:09+00:00\",\"mainEntityOfPage\":{\"@id\":\"https:\/\/www.bymycar.be\/webzine\/mercedes-classe-c-amg-performances-design-et-finitions-premium\/\"},\"wordCount\":9,\"publisher\":{\"@id\":\"https:\/\/www.bymycar.be\/webzine\/nl\/#organization\"},\"articleSection\":[\"Guide d'achat Mercedes\"],\"inLanguage\":\"fr-FR\"},{\"@type\":\"WebPage\",\"@id\":\"https:\/\/www.bymycar.be\/webzine\/mercedes-classe-c-amg-performances-design-et-finitions-premium\/\",\"url\":\"https:\/\/www.bymycar.be\/webzine\/mercedes-classe-c-amg-performances-design-et-finitions-premium\/\",\"name\":\"Mercedes Classe C AMG : performances, design et finitions premium - Webzine BE | BYmyCAR\",\"isPartOf\":{\"@id\":\"https:\/\/www.bymycar.be\/webzine\/nl\/#website\"},\"datePublished\":\"2026-01-05T16:11:26+00:00\",\"dateModified\":\"2026-01-05T16:16:09+00:00\",\"breadcrumb\":{\"@id\":\"https:\/\/www.bymycar.be\/webzine\/mercedes-classe-c-amg-performances-design-et-finitions-premium\/#breadcrumb\"},\"inLanguage\":\"fr-FR\",\"potentialAction\":[{\"@type\":\"ReadAction\",\"target\":[\"https:\/\/www.bymycar.be\/webzine\/mercedes-classe-c-amg-performances-design-et-finitions-premium\/\"]}]},{\"@type\":\"BreadcrumbList\",\"@id\":\"https:\/\/www.bymycar.be\/webzine\/mercedes-classe-c-amg-performances-design-et-finitions-premium\/#breadcrumb\",\"itemListElement\":[{\"@type\":\"ListItem\",\"position\":1,\"name\":\"Accueil\",\"item\":\"https:\/\/www.bymycar.be\/webzine\/\"},{\"@type\":\"ListItem\",\"position\":2,\"name\":\"Mercedes Classe C AMG : performances, design et finitions premium\"}]},{\"@type\":\"WebSite\",\"@id\":\"https:\/\/www.bymycar.be\/webzine\/nl\/#website\",\"url\":\"https:\/\/www.bymycar.be\/webzine\/nl\/\",\"name\":\"Webzine | BYmyCAR\",\"description\":\"_Le webzine auto de\",\"publisher\":{\"@id\":\"https:\/\/www.bymycar.be\/webzine\/nl\/#organization\"},\"potentialAction\":[{\"@type\":\"SearchAction\",\"target\":{\"@type\":\"EntryPoint\",\"urlTemplate\":\"https:\/\/www.bymycar.be\/webzine\/nl\/?s={search_term_string}\"},\"query-input\":{\"@type\":\"PropertyValueSpecification\",\"valueRequired\":true,\"valueName\":\"search_term_string\"}}],\"inLanguage\":\"fr-FR\"},{\"@type\":\"Organization\",\"@id\":\"https:\/\/www.bymycar.be\/webzine\/nl\/#organization\",\"name\":\"Webzine | BYmyCAR\",\"url\":\"https:\/\/www.bymycar.be\/webzine\/nl\/\",\"logo\":{\"@type\":\"ImageObject\",\"inLanguage\":\"fr-FR\",\"@id\":\"https:\/\/www.bymycar.be\/webzine\/nl\/#\/schema\/logo\/image\/\",\"url\":\"https:\/\/cdn.bymycar.eu\/be-webzine\/wp-content\/uploads\/2024\/11\/20203047\/logo.png\",\"contentUrl\":\"https:\/\/cdn.bymycar.eu\/be-webzine\/wp-content\/uploads\/2024\/11\/20203047\/logo.png\",\"width\":1280,\"height\":512,\"caption\":\"Webzine | BYmyCAR\"},\"image\":{\"@id\":\"https:\/\/www.bymycar.be\/webzine\/nl\/#\/schema\/logo\/image\/\"},\"sameAs\":[\"https:\/\/www.facebook.com\/BYmyCAR.officiel\/\",\"https:\/\/www.instagram.com\/bymycar.officiel\/\"]},{\"@type\":\"Person\",\"@id\":\"https:\/\/www.bymycar.be\/webzine\/nl\/#\/schema\/person\/6cd99e624bbd64604349ff20ee1ed853\",\"name\":\"Tom Fernandes\",\"image\":{\"@type\":\"ImageObject\",\"inLanguage\":\"fr-FR\",\"@id\":\"https:\/\/www.bymycar.be\/webzine\/nl\/#\/schema\/person\/image\/\",\"url\":\"https:\/\/secure.gravatar.com\/avatar\/81b17c0cc5a6f1f7f394984269a7cbad9c7cca9604839da024242cf665051fbf?s=96&d=mm&r=g\",\"contentUrl\":\"https:\/\/secure.gravatar.com\/avatar\/81b17c0cc5a6f1f7f394984269a7cbad9c7cca9604839da024242cf665051fbf?s=96&d=mm&r=g\",\"caption\":\"Tom Fernandes\"}}]}<\/script>\n<!-- \/ Yoast SEO Premium plugin. -->","yoast_head_json":{"title":"Mercedes Classe C AMG : performances, design et finitions premium - Webzine BE | BYmyCAR","robots":{"index":"index","follow":"follow","max-snippet":"max-snippet:-1","max-image-preview":"max-image-preview:large","max-video-preview":"max-video-preview:-1"},"canonical":"https:\/\/www.bymycar.be\/webzine\/mercedes-classe-c-amg-performances-design-et-finitions-premium\/","og_locale":"fr_FR","og_type":"article","og_title":"Mercedes Classe C AMG : performances, design et finitions premium","og_url":"https:\/\/www.bymycar.be\/webzine\/mercedes-classe-c-amg-performances-design-et-finitions-premium\/","og_site_name":"Webzine BE | BYmyCAR","article_publisher":"https:\/\/www.facebook.com\/BYmyCAR.officiel\/","article_published_time":"2026-01-05T16:11:26+00:00","article_modified_time":"2026-01-05T16:16:09+00:00","author":"Tom Fernandes","twitter_card":"summary_large_image","twitter_misc":{"\u00c9crit par":"Tom Fernandes"},"schema":{"@context":"https:\/\/schema.org","@graph":[{"@type":"Article","@id":"https:\/\/www.bymycar.be\/webzine\/mercedes-classe-c-amg-performances-design-et-finitions-premium\/#article","isPartOf":{"@id":"https:\/\/www.bymycar.be\/webzine\/mercedes-classe-c-amg-performances-design-et-finitions-premium\/"},"author":{"name":"Tom Fernandes","@id":"https:\/\/www.bymycar.be\/webzine\/nl\/#\/schema\/person\/6cd99e624bbd64604349ff20ee1ed853"},"headline":"Mercedes Classe C AMG : performances, design et finitions premium","datePublished":"2026-01-05T16:11:26+00:00","dateModified":"2026-01-05T16:16:09+00:00","mainEntityOfPage":{"@id":"https:\/\/www.bymycar.be\/webzine\/mercedes-classe-c-amg-performances-design-et-finitions-premium\/"},"wordCount":9,"publisher":{"@id":"https:\/\/www.bymycar.be\/webzine\/nl\/#organization"},"articleSection":["Guide d'achat Mercedes"],"inLanguage":"fr-FR"},{"@type":"WebPage","@id":"https:\/\/www.bymycar.be\/webzine\/mercedes-classe-c-amg-performances-design-et-finitions-premium\/","url":"https:\/\/www.bymycar.be\/webzine\/mercedes-classe-c-amg-performances-design-et-finitions-premium\/","name":"Mercedes Classe C AMG : performances, design et finitions premium - Webzine BE | BYmyCAR","isPartOf":{"@id":"https:\/\/www.bymycar.be\/webzine\/nl\/#website"},"datePublished":"2026-01-05T16:11:26+00:00","dateModified":"2026-01-05T16:16:09+00:00","breadcrumb":{"@id":"https:\/\/www.bymycar.be\/webzine\/mercedes-classe-c-amg-performances-design-et-finitions-premium\/#breadcrumb"},"inLanguage":"fr-FR","potentialAction":[{"@type":"ReadAction","target":["https:\/\/www.bymycar.be\/webzine\/mercedes-classe-c-amg-performances-design-et-finitions-premium\/"]}]},{"@type":"BreadcrumbList","@id":"https:\/\/www.bymycar.be\/webzine\/mercedes-classe-c-amg-performances-design-et-finitions-premium\/#breadcrumb","itemListElement":[{"@type":"ListItem","position":1,"name":"Accueil","item":"https:\/\/www.bymycar.be\/webzine\/"},{"@type":"ListItem","position":2,"name":"Mercedes Classe C AMG : performances, design et finitions premium"}]},{"@type":"WebSite","@id":"https:\/\/www.bymycar.be\/webzine\/nl\/#website","url":"https:\/\/www.bymycar.be\/webzine\/nl\/","name":"Webzine | BYmyCAR","description":"_Le webzine auto de","publisher":{"@id":"https:\/\/www.bymycar.be\/webzine\/nl\/#organization"},"potentialAction":[{"@type":"SearchAction","target":{"@type":"EntryPoint","urlTemplate":"https:\/\/www.bymycar.be\/webzine\/nl\/?s={search_term_string}"},"query-input":{"@type":"PropertyValueSpecification","valueRequired":true,"valueName":"search_term_string"}}],"inLanguage":"fr-FR"},{"@type":"Organization","@id":"https:\/\/www.bymycar.be\/webzine\/nl\/#organization","name":"Webzine | BYmyCAR","url":"https:\/\/www.bymycar.be\/webzine\/nl\/","logo":{"@type":"ImageObject","inLanguage":"fr-FR","@id":"https:\/\/www.bymycar.be\/webzine\/nl\/#\/schema\/logo\/image\/","url":"https:\/\/cdn.bymycar.eu\/be-webzine\/wp-content\/uploads\/2024\/11\/20203047\/logo.png","contentUrl":"https:\/\/cdn.bymycar.eu\/be-webzine\/wp-content\/uploads\/2024\/11\/20203047\/logo.png","width":1280,"height":512,"caption":"Webzine | BYmyCAR"},"image":{"@id":"https:\/\/www.bymycar.be\/webzine\/nl\/#\/schema\/logo\/image\/"},"sameAs":["https:\/\/www.facebook.com\/BYmyCAR.officiel\/","https:\/\/www.instagram.com\/bymycar.officiel\/"]},{"@type":"Person","@id":"https:\/\/www.bymycar.be\/webzine\/nl\/#\/schema\/person\/6cd99e624bbd64604349ff20ee1ed853","name":"Tom Fernandes","image":{"@type":"ImageObject","inLanguage":"fr-FR","@id":"https:\/\/www.bymycar.be\/webzine\/nl\/#\/schema\/person\/image\/","url":"https:\/\/secure.gravatar.com\/avatar\/81b17c0cc5a6f1f7f394984269a7cbad9c7cca9604839da024242cf665051fbf?s=96&d=mm&r=g","contentUrl":"https:\/\/secure.gravatar.com\/avatar\/81b17c0cc5a6f1f7f394984269a7cbad9c7cca9604839da024242cf665051fbf?s=96&d=mm&r=g","caption":"Tom Fernandes"}}]}},"_links":{"self":[{"href":"https:\/\/www.bymycar.be\/webzine\/wp-json\/wp\/v2\/posts\/5738","targetHints":{"allow":["GET"]}}],"collection":[{"href":"https:\/\/www.bymycar.be\/webzine\/wp-json\/wp\/v2\/posts"}],"about":[{"href":"https:\/\/www.bymycar.be\/webzine\/wp-json\/wp\/v2\/types\/post"}],"author":[{"embeddable":true,"href":"https:\/\/www.bymycar.be\/webzine\/wp-json\/wp\/v2\/users\/17"}],"replies":[{"embeddable":true,"href":"https:\/\/www.bymycar.be\/webzine\/wp-json\/wp\/v2\/comments?post=5738"}],"version-history":[{"count":3,"href":"https:\/\/www.bymycar.be\/webzine\/wp-json\/wp\/v2\/posts\/5738\/revisions"}],"predecessor-version":[{"id":5744,"href":"https:\/\/www.bymycar.be\/webzine\/wp-json\/wp\/v2\/posts\/5738\/revisions\/5744"}],"wp:attachment":[{"href":"https:\/\/www.bymycar.be\/webzine\/wp-json\/wp\/v2\/media?parent=5738"}],"wp:term":[{"taxonomy":"category","embeddable":true,"href":"https:\/\/www.bymycar.be\/webzine\/wp-json\/wp\/v2\/categories?post=5738"},{"taxonomy":"post_tag","embeddable":true,"href":"https:\/\/www.bymycar.be\/webzine\/wp-json\/wp\/v2\/tags?post=5738"}],"curies":[{"name":"wp","href":"https:\/\/api.w.org\/{rel}","templated":true}]}}