{"id":5704,"date":"2026-01-05T15:54:33","date_gmt":"2026-01-05T14:54:33","guid":{"rendered":"https:\/\/www.bymycar.be\/webzine\/?p=5704"},"modified":"2026-01-05T15:59:10","modified_gmt":"2026-01-05T14:59:10","slug":"mercedes-classe-b-amg-tout-savoir-sur-la-version-sportive","status":"publish","type":"post","link":"https:\/\/www.bymycar.be\/webzine\/mercedes-classe-b-amg-tout-savoir-sur-la-version-sportive\/","title":{"rendered":"Mercedes Classe B AMG : tout savoir sur la version sportive"},"content":{"rendered":"","protected":false},"excerpt":{"rendered":"","protected":false},"author":17,"featured_media":0,"comment_status":"closed","ping_status":"closed","sticky":false,"template":"","format":"standard","meta":{"_acf_changed":false,"footnotes":""},"categories":[1458],"tags":[],"class_list":["post-5704","post","type-post","status-publish","format-standard","hentry","category-guide-dachat-mercedes"],"acf":{"image":{"ID":5705,"id":5705,"title":"b-180-007-328076","filename":"b-180-007-328076-scaled.jpg","filesize":337614,"url":"https:\/\/cdn.bymycar.eu\/be-webzine\/wp-content\/uploads\/2026\/01\/05155201\/b-180-007-328076-scaled.jpg","link":"https:\/\/www.bymycar.be\/webzine\/mercedes-classe-b-amg-tout-savoir-sur-la-version-sportive\/b-180-007-328076\/","alt":"Mercedes Classe B","author":"17","description":"","caption":"","name":"b-180-007-328076","status":"inherit","uploaded_to":5704,"date":"2026-01-05 14:51:59","modified":"2026-01-05 14:52:25","menu_order":0,"mime_type":"image\/jpeg","type":"image","subtype":"jpeg","icon":"https:\/\/www.bymycar.be\/webzine\/wp-includes\/images\/media\/default.png","width":2560,"height":1706,"sizes":{"thumbnail":"https:\/\/cdn.bymycar.eu\/be-webzine\/wp-content\/uploads\/2026\/01\/05155201\/b-180-007-328076-150x150.jpg","thumbnail-width":150,"thumbnail-height":150,"medium":"https:\/\/cdn.bymycar.eu\/be-webzine\/wp-content\/uploads\/2026\/01\/05155201\/b-180-007-328076-300x200.jpg","medium-width":300,"medium-height":200,"medium_large":"https:\/\/cdn.bymycar.eu\/be-webzine\/wp-content\/uploads\/2026\/01\/05155201\/b-180-007-328076-768x512.jpg","medium_large-width":768,"medium_large-height":512,"large":"https:\/\/cdn.bymycar.eu\/be-webzine\/wp-content\/uploads\/2026\/01\/05155201\/b-180-007-328076-1024x682.jpg","large-width":1024,"large-height":682,"1536x1536":"https:\/\/cdn.bymycar.eu\/be-webzine\/wp-content\/uploads\/2026\/01\/05155201\/b-180-007-328076-1536x1023.jpg","1536x1536-width":1536,"1536x1536-height":1023,"2048x2048":"https:\/\/cdn.bymycar.eu\/be-webzine\/wp-content\/uploads\/2026\/01\/05155201\/b-180-007-328076-2048x1365.jpg","2048x2048-width":2048,"2048x2048-height":1365}},"introduction":"<p>La Mercedes-Benz Classe B AMG Line incarne l&rsquo;alliance parfaite entre sportivit\u00e9 et fonctionnalit\u00e9 dans l&rsquo;univers des monospaces premium. Avec sa grille de calandre diamant, son train de roulement surbaiss\u00e9 et son habitabilit\u00e9 g\u00e9n\u00e9reuse, elle s\u00e9duit par son design distinctif, ses motorisations performantes et son int\u00e9rieur raffin\u00e9. D\u00e9couvrez avec nos conseillers BYmyCAR tous ses atouts.<\/p>\n<p>&nbsp;<\/p>\n<p style=\"text-align: center;\"><a href=\"https:\/\/www.bymycar.be\/webzine\/mercedes-classe-b-pourquoi-cette-voiture-premium-seduit-toujours\/\"  class=\"css-button css-button--gold\" >\n                Tout savoir sur la Mercedes Classe B\n        <\/a><\/p>\n","add-to-bo":false,"page_content":{"block_content":[{"acf_fc_layout":"carousel-produits"},{"acf_fc_layout":"text-simple","--nav":{"-withNav":false,"-ancre":""},"--group":{"-text":"<h2>Design AMG Line Edition : style et \u00e9quipements sportifs<\/h2>\n<p>La Mercedes Classe B AMG Line Edition se distingue par sa pr\u00e9sentation r\u00e9solument sportive. Cette version du monospace premium arbore des \u00e9l\u00e9ments qui soulignent son caract\u00e8re dynamique.<\/p>\n<p>Nos conseillers BYmyCAR vous proposent de d\u00e9couvrir ses atouts distinctifs :<\/p>\n<ul>\n<li>Des jantes alliage 18 pouces au design exclusif AMG ;<\/li>\n<li>Un kit carrosserie complet avec boucliers sp\u00e9cifiques et bas de caisse \u00e9largis ;<\/li>\n<li>Un volant sport multifonction en cuir avec surpiq\u00fbres contrast\u00e9es.<\/li>\n<\/ul>\n<p>Ces \u00e9l\u00e9ments esth\u00e9tiques s&rsquo;accompagnent d&rsquo;am\u00e9liorations techniques comme les suspensions raffermies et le syst\u00e8me Dynamic Select qui permet d&rsquo;adapter le comportement du v\u00e9hicule selon vos envies. Le tout sans compromettre le confort familial qui fait la renomm\u00e9e de la <a href=\"https:\/\/www.bymycar.be\/fr\/v\/mercedes-classe-b\">Mercedes Classe B<\/a>, offrant ainsi une exp\u00e9rience de conduite valorisante avec un service apr\u00e8s-vente irr\u00e9prochable.<\/p>\n<h2>Motorisations et performances : essence, diesel et plug-in hybrid<\/h2>\n<p>Contrairement aux vraies AMG (sign\u00e9es 35 ou 45), la Mercedes Classe B AMG Line se positionne comme une version dynamique mais raisonnable. BYmyCAR vous propose une gamme compl\u00e8te de motorisations : les versions essence Mercedes B 180 (136 ch) et B 200 (163 ch), les diesels B 180d (116 ch) et B 200d (150 ch), ainsi que la version hybride rechargeable B 250e permettant de parcourir jusqu&rsquo;\u00e0 70 km en mode tout \u00e9lectrique.<\/p>\n<p>Au volant, vous appr\u00e9cierez la direction r\u00e9active et la pr\u00e9cision du train avant, avec une ma\u00eetrise remarquable des mouvements de caisse pour un monospace. Le syst\u00e8me Dynamic Select vous permet d&rsquo;adapter le comportement du v\u00e9hicule selon vos envies : mode Eco pour optimiser les \u00e9conomies de carburant, Sport pour des sensations plus intenses, ou Individual pour une personnalisation compl\u00e8te. La bo\u00eete automatique 8 rapports, privil\u00e9giant le confort, assure des transitions fluides entre les rapports pour une conduite sereine au quotidien.<\/p>\n<h2>Int\u00e9rieur et vie \u00e0 bord : praticit\u00e9 premium<\/h2>\n<p>La Mercedes Classe B AMG Line offre un habitacle spacieux associ\u00e9 \u00e0 une hauteur d&rsquo;acc\u00e8s confortable, id\u00e9ale pour toute la famille. L&rsquo;int\u00e9rieur conserve tous les atouts pratiques avec un volume de coffre g\u00e9n\u00e9reux (jusqu&rsquo;\u00e0 1 540 litres), une banquette arri\u00e8re modulable et le double \u00e9cran MBUX. Les si\u00e8ges sport apportent un maintien optimal sans compromettre la visibilit\u00e9 panoramique ni l&rsquo;accessibilit\u00e9, caract\u00e9ristiques appr\u00e9ci\u00e9es de ce monospace premium.<\/p>\n<p>L&rsquo;ambiance \u00e0 bord est sublim\u00e9e par un \u00e9clairage d&rsquo;ambiance proposant jusqu&rsquo;\u00e0 64 coloris, cr\u00e9ant une atmosph\u00e8re personnalisable et raffin\u00e9e. La qualit\u00e9 per\u00e7ue est exemplaire avec des mat\u00e9riaux soign\u00e9s et des finitions irr\u00e9prochables. C\u00f4t\u00e9 connectivit\u00e9, le syst\u00e8me MBUX derni\u00e8re g\u00e9n\u00e9ration offre une interface intuitive compatible avec Apple CarPlay et Android Auto sans fil. Vous souhaitez d\u00e9couvrir cette alliance parfaite entre sportivit\u00e9 et confort familial ? Nos conseillers BYmyCAR vous attendent pour un essai de la Classe B AMG Line.<\/p>\n<h2>Pour qui est faite la Mercedes Classe B AMG Line ?<\/h2>\n<p>La Mercedes Classe B AMG Line s\u00e9duit particuli\u00e8rement les familles actives \u00e0 la recherche d&rsquo;un monospace alliant praticit\u00e9 et \u00e9l\u00e9gance sportive. Elle r\u00e9pond \u00e9galement aux attentes des professionnels appr\u00e9ciant son design dynamique et sa position de conduite sur\u00e9lev\u00e9e, ainsi qu&rsquo;aux seniors privil\u00e9giant une accessibilit\u00e9 facilit\u00e9e gr\u00e2ce \u00e0 sa hauteur d&rsquo;acc\u00e8s confortable. Chez BYmyCAR, nos conseillers vous proposent des solutions personnalis\u00e9es en LOA et des services d&rsquo;entretien d\u00e9di\u00e9s pour votre Mercedes.<\/p>\n<h2>Mercedes Classe B AMG d&rsquo;occasion : l&rsquo;essentiel \u00e0 savoir<\/h2>\n<p>Opter pour une <a href=\"https:\/\/www.bymycar.be\/fr\/v\/mercedes-classe-b-occasion\">Mercedes-Benz Classe B d&rsquo;occasion<\/a> chez BYmyCAR, c&rsquo;est choisir la s\u00e9r\u00e9nit\u00e9. Chaque v\u00e9hicule b\u00e9n\u00e9ficie d&rsquo;un contr\u00f4le qualit\u00e9 rigoureux avant sa mise en vente, garantissant une fiabilit\u00e9 optimale. Notre s\u00e9lection de Classe B d&rsquo;occasion vous offre l&rsquo;\u00e9l\u00e9gance et les performances <a href=\"https:\/\/www.bymycar.be\/fr\/v\/mercedes\">Mercedes<\/a> \u00e0 un tarif plus accessible, tout en conservant les atouts dynamiques de la finition AMG Line.<\/p>\n<p>Nos conseillers BYmyCAR vous accompagnent personnellement dans votre recherche de la Mercedes Classe B id\u00e9ale. Ils vous guideront \u00e0 travers notre stock de v\u00e9hicules garantis et vous proposeront les meilleures solutions de financement adapt\u00e9es \u00e0 votre budget. N&rsquo;h\u00e9sitez pas \u00e0 les contacter pour d\u00e9couvrir notre offre compl\u00e8te et b\u00e9n\u00e9ficier d&rsquo;un service personnalis\u00e9.<\/p>\n<h2>Mercedes Classe B AMG : conna\u00eetre son prix avec nos conseillers<\/h2>\n<p>Le tarif de la Mercedes Classe B AMG varie consid\u00e9rablement selon vos choix personnels. Pour obtenir une offre adapt\u00e9e \u00e0 vos besoins, nos conseillers BYmyCAR sont \u00e0 votre disposition.<\/p>\n<p>Plusieurs facteurs influencent le co\u00fbt final de votre v\u00e9hicule :<\/p>\n<ul>\n<li>La finition AMG Line et ses diff\u00e9rents niveaux d&rsquo;\u00e9quipements disponibles ;<\/li>\n<li>La motorisation choisie parmi la gamme essence, diesel ou hybride rechargeable ;<\/li>\n<li>La valeur de reprise de votre v\u00e9hicule actuel.<\/li>\n<\/ul>\n<p>N&rsquo;h\u00e9sitez pas \u00e0 prendre rendez-vous dans nos concessions pour une proposition sur mesure.<\/p>\n<h2>FAQ Mercedes Classe B AMG<\/h2>\n<h3>Quel est le prix d&rsquo;une Mercedes Classe B AMG Line ?<\/h3>\n<p>Pour conna\u00eetre le prix exact d&rsquo;une Mercedes-Benz Classe B en finition AMG Line, nous vous invitons \u00e0 prendre contact avec nos conseillers BYmyCAR. Ils pourront vous pr\u00e9senter les diff\u00e9rentes options disponibles et vous proposer une offre personnalis\u00e9e selon vos besoins et pr\u00e9f\u00e9rences. Nos experts vous guideront \u00e0 travers les multiples configurations possibles pour trouver le v\u00e9hicule qui vous correspond parfaitement.<\/p>\n<h3>Quel moteur \u00e9quipe la Mercedes Classe B AMG ?<\/h3>\n<p>La Mercedes-Benz Classe B AMG Line propose une gamme compl\u00e8te de motorisations adapt\u00e9es \u00e0 tous les usages. Vous avez le choix entre les versions essence (B 180 de 136 ch, B 200 de 163 ch), diesel (B 180d de 116 ch, B 200d de 150 ch) et m\u00eame la version hybride rechargeable B 250e. Toutes ces motorisations sont associ\u00e9es \u00e0 une bo\u00eete automatique performante pour vous garantir confort de conduite et \u00e9conomies de carburant au quotidien.<\/p>\n<h3>Quelle est la Classe B la plus puissante ?<\/h3>\n<p>La Mercedes-Benz Classe B la plus performante est sans conteste la B 250e, version hybride rechargeable qui combine un moteur essence avec un moteur \u00e9lectrique. Cette motorisation offre des acc\u00e9l\u00e9rations impressionnantes et une r\u00e9activit\u00e9 exceptionnelle, tout en permettant de r\u00e9duire significativement votre consommation. La technologie hybride rechargeable repr\u00e9sente l&rsquo;alliance parfaite entre puissance et efficience pour votre usage quotidien.<\/p>\n<h2>Informations compl\u00e9mentaires<\/h2>\n<h3>\u00c0 lire \u00e9galement<\/h3>\n<p>D\u00e9couvrez \u00e9galement les autres mod\u00e8les Mercedes-Benz : la Classe A pour une compacte sportive, le GLA pour un SUV dynamique, ou encore la Classe C pour une berline \u00e9l\u00e9gante.<\/p>\n<p><strong>Sources :<\/strong><\/p>\n<ul>\n<li><a href=\"https:\/\/www.caroom.fr\/guide\/marques\/mercedes\/quelle-classe-b-choisir\" target=\"_blank\" rel=\"noopener\">Quelle Mercedes Classe B choisir ? Dimensions, finitions &#8230;<\/a><\/li>\n<li><a href=\"https:\/\/bpmcars.fr\/actualites\/mercedes-classe-b-occasion-prix-finition\" target=\"_blank\" rel=\"noopener\">Mercedes Classe B occasion : prix, quelle version choisir ?<\/a><\/li>\n<li><a href=\"https:\/\/www.latribuneauto.com\/descriptif-mercedes\/classe-b\/MERC-CLAB-MO-19-112664\/equipement-de-serie\" target=\"_blank\" rel=\"noopener\">MERCEDES CLASSE B 180 AMG Line Edition<\/a><\/li>\n<li><a href=\"https:\/\/www.auto-selection.com\/fiche-technique\/mercedes-benz\/classe-b\/2022\/200-163ch-amg-line-7g-dct-2701897.php\" target=\"_blank\" rel=\"noopener\">Fiche technique MERCEDES-BENZ Classe B 2022 200 &#8230;<\/a><\/li>\n<li><a href=\"https:\/\/www.auto-moto.com\/mercedes\/actualites\/essai-mercedes-classe-b-200-amg-line-6364\" target=\"_blank\" rel=\"noopener\">Essai Mercedes Classe B 200 : Un monospace bien balanc\u00e9<\/a><\/li>\n<li><a href=\"https:\/\/www.mercedes-benz.lu\/fr\/passengercars\/models\/hatchback\/b-class\/overview.html\" target=\"_blank\" rel=\"noopener\">Classe B<\/a><\/li>\n<li><a href=\"https:\/\/www.youtube.com\/watch?v=_0xuCdT8aok\" target=\"_blank\" rel=\"noopener\">Pr\u00e9sentation, essai statique MERCEDES BENZ CLASSE B &#8230;<\/a><\/li>\n<li><a href=\"https:\/\/www.lagence-automobile.fr\/details-acheter+une+mercedes-benz+classe+b+180+d+116+ch+finition+amg+line+au+havre-651\" target=\"_blank\" rel=\"noopener\">Acheter une Mercedes-Benz Classe B 180 d 116 ch &#8230;<\/a><\/li>\n<\/ul>\n<p><!--StartFragment --><\/p>\n<p class=\"pf0\"><span class=\"cf0\"><strong>D\u00e9couvrez aussi :<\/strong> <\/span><\/p>\n<ul>\n<li class=\"pf1\"><a href=\"https:\/\/www.bymycar.be\/webzine\/mercedes-classe-b-vs-bmw-serie-2-active-tourer-quel-monospace-choisir\/\"><span class=\"cf1\">Mercedes Classe B vs BMW S\u00e9rie 2 Active Tourer : quel monospace choisir ?<\/span><\/a><\/li>\n<li class=\"pf1\"><a href=\"https:\/\/www.bymycar.be\/webzine\/acheter-une-classe-b-doccasion-quelles-sont-les-annees-a-privilegier\/\"><span class=\"cf1\">Acheter une Classe B d\u2019occasion : quelles sont les ann\u00e9es \u00e0 privil\u00e9gier ?<\/span><\/a><\/li>\n<li class=\"pf1\"><a href=\"https:\/\/www.bymycar.be\/webzine\/mercedes-classe-b-hybride-rechargeable-est-ce-un-bon-choix\/\"><span class=\"cf1\">Mercedes Classe B hybride rechargeable : est-ce un bon choix ?<\/span><\/a><\/li>\n<\/ul>\n<p><!--EndFragment --><\/p>\n"}}]}},"yoast_head":"<!-- This site is optimized with the Yoast SEO Premium plugin v26.4 (Yoast SEO v27.1.1) - https:\/\/yoast.com\/product\/yoast-seo-premium-wordpress\/ -->\n<title>Mercedes Classe B AMG : tout savoir sur la version sportive - Webzine BE | BYmyCAR<\/title>\n<meta name=\"robots\" content=\"index, follow, max-snippet:-1, max-image-preview:large, max-video-preview:-1\" \/>\n<link rel=\"canonical\" href=\"https:\/\/www.bymycar.be\/webzine\/mercedes-classe-b-amg-tout-savoir-sur-la-version-sportive\/\" \/>\n<meta property=\"og:locale\" content=\"fr_FR\" \/>\n<meta property=\"og:type\" content=\"article\" \/>\n<meta property=\"og:title\" content=\"Mercedes Classe B AMG : tout savoir sur la version sportive\" \/>\n<meta property=\"og:url\" content=\"https:\/\/www.bymycar.be\/webzine\/mercedes-classe-b-amg-tout-savoir-sur-la-version-sportive\/\" \/>\n<meta property=\"og:site_name\" content=\"Webzine BE | BYmyCAR\" \/>\n<meta property=\"article:publisher\" content=\"https:\/\/www.facebook.com\/BYmyCAR.officiel\/\" \/>\n<meta property=\"article:published_time\" content=\"2026-01-05T14:54:33+00:00\" \/>\n<meta property=\"article:modified_time\" content=\"2026-01-05T14:59:10+00:00\" \/>\n<meta name=\"author\" content=\"Tom Fernandes\" \/>\n<meta name=\"twitter:card\" content=\"summary_large_image\" \/>\n<meta name=\"twitter:label1\" content=\"\u00c9crit par\" \/>\n\t<meta name=\"twitter:data1\" content=\"Tom Fernandes\" \/>\n<script type=\"application\/ld+json\" class=\"yoast-schema-graph\">{\"@context\":\"https:\/\/schema.org\",\"@graph\":[{\"@type\":\"Article\",\"@id\":\"https:\/\/www.bymycar.be\/webzine\/mercedes-classe-b-amg-tout-savoir-sur-la-version-sportive\/#article\",\"isPartOf\":{\"@id\":\"https:\/\/www.bymycar.be\/webzine\/mercedes-classe-b-amg-tout-savoir-sur-la-version-sportive\/\"},\"author\":{\"name\":\"Tom Fernandes\",\"@id\":\"https:\/\/www.bymycar.be\/webzine\/nl\/#\/schema\/person\/6cd99e624bbd64604349ff20ee1ed853\"},\"headline\":\"Mercedes Classe B AMG : tout savoir sur la version sportive\",\"datePublished\":\"2026-01-05T14:54:33+00:00\",\"dateModified\":\"2026-01-05T14:59:10+00:00\",\"mainEntityOfPage\":{\"@id\":\"https:\/\/www.bymycar.be\/webzine\/mercedes-classe-b-amg-tout-savoir-sur-la-version-sportive\/\"},\"wordCount\":10,\"publisher\":{\"@id\":\"https:\/\/www.bymycar.be\/webzine\/nl\/#organization\"},\"articleSection\":[\"Guide d'achat Mercedes\"],\"inLanguage\":\"fr-FR\"},{\"@type\":\"WebPage\",\"@id\":\"https:\/\/www.bymycar.be\/webzine\/mercedes-classe-b-amg-tout-savoir-sur-la-version-sportive\/\",\"url\":\"https:\/\/www.bymycar.be\/webzine\/mercedes-classe-b-amg-tout-savoir-sur-la-version-sportive\/\",\"name\":\"Mercedes Classe B AMG : tout savoir sur la version sportive - Webzine BE | BYmyCAR\",\"isPartOf\":{\"@id\":\"https:\/\/www.bymycar.be\/webzine\/nl\/#website\"},\"datePublished\":\"2026-01-05T14:54:33+00:00\",\"dateModified\":\"2026-01-05T14:59:10+00:00\",\"breadcrumb\":{\"@id\":\"https:\/\/www.bymycar.be\/webzine\/mercedes-classe-b-amg-tout-savoir-sur-la-version-sportive\/#breadcrumb\"},\"inLanguage\":\"fr-FR\",\"potentialAction\":[{\"@type\":\"ReadAction\",\"target\":[\"https:\/\/www.bymycar.be\/webzine\/mercedes-classe-b-amg-tout-savoir-sur-la-version-sportive\/\"]}]},{\"@type\":\"BreadcrumbList\",\"@id\":\"https:\/\/www.bymycar.be\/webzine\/mercedes-classe-b-amg-tout-savoir-sur-la-version-sportive\/#breadcrumb\",\"itemListElement\":[{\"@type\":\"ListItem\",\"position\":1,\"name\":\"Accueil\",\"item\":\"https:\/\/www.bymycar.be\/webzine\/\"},{\"@type\":\"ListItem\",\"position\":2,\"name\":\"Mercedes Classe B AMG : tout savoir sur la version sportive\"}]},{\"@type\":\"WebSite\",\"@id\":\"https:\/\/www.bymycar.be\/webzine\/nl\/#website\",\"url\":\"https:\/\/www.bymycar.be\/webzine\/nl\/\",\"name\":\"Webzine | BYmyCAR\",\"description\":\"_Le webzine auto de\",\"publisher\":{\"@id\":\"https:\/\/www.bymycar.be\/webzine\/nl\/#organization\"},\"potentialAction\":[{\"@type\":\"SearchAction\",\"target\":{\"@type\":\"EntryPoint\",\"urlTemplate\":\"https:\/\/www.bymycar.be\/webzine\/nl\/?s={search_term_string}\"},\"query-input\":{\"@type\":\"PropertyValueSpecification\",\"valueRequired\":true,\"valueName\":\"search_term_string\"}}],\"inLanguage\":\"fr-FR\"},{\"@type\":\"Organization\",\"@id\":\"https:\/\/www.bymycar.be\/webzine\/nl\/#organization\",\"name\":\"Webzine | BYmyCAR\",\"url\":\"https:\/\/www.bymycar.be\/webzine\/nl\/\",\"logo\":{\"@type\":\"ImageObject\",\"inLanguage\":\"fr-FR\",\"@id\":\"https:\/\/www.bymycar.be\/webzine\/nl\/#\/schema\/logo\/image\/\",\"url\":\"https:\/\/cdn.bymycar.eu\/be-webzine\/wp-content\/uploads\/2024\/11\/20203047\/logo.png\",\"contentUrl\":\"https:\/\/cdn.bymycar.eu\/be-webzine\/wp-content\/uploads\/2024\/11\/20203047\/logo.png\",\"width\":1280,\"height\":512,\"caption\":\"Webzine | BYmyCAR\"},\"image\":{\"@id\":\"https:\/\/www.bymycar.be\/webzine\/nl\/#\/schema\/logo\/image\/\"},\"sameAs\":[\"https:\/\/www.facebook.com\/BYmyCAR.officiel\/\",\"https:\/\/www.instagram.com\/bymycar.officiel\/\"]},{\"@type\":\"Person\",\"@id\":\"https:\/\/www.bymycar.be\/webzine\/nl\/#\/schema\/person\/6cd99e624bbd64604349ff20ee1ed853\",\"name\":\"Tom Fernandes\",\"image\":{\"@type\":\"ImageObject\",\"inLanguage\":\"fr-FR\",\"@id\":\"https:\/\/www.bymycar.be\/webzine\/nl\/#\/schema\/person\/image\/\",\"url\":\"https:\/\/secure.gravatar.com\/avatar\/81b17c0cc5a6f1f7f394984269a7cbad9c7cca9604839da024242cf665051fbf?s=96&d=mm&r=g\",\"contentUrl\":\"https:\/\/secure.gravatar.com\/avatar\/81b17c0cc5a6f1f7f394984269a7cbad9c7cca9604839da024242cf665051fbf?s=96&d=mm&r=g\",\"caption\":\"Tom Fernandes\"}}]}<\/script>\n<!-- \/ Yoast SEO Premium plugin. -->","yoast_head_json":{"title":"Mercedes Classe B AMG : tout savoir sur la version sportive - Webzine BE | BYmyCAR","robots":{"index":"index","follow":"follow","max-snippet":"max-snippet:-1","max-image-preview":"max-image-preview:large","max-video-preview":"max-video-preview:-1"},"canonical":"https:\/\/www.bymycar.be\/webzine\/mercedes-classe-b-amg-tout-savoir-sur-la-version-sportive\/","og_locale":"fr_FR","og_type":"article","og_title":"Mercedes Classe B AMG : tout savoir sur la version sportive","og_url":"https:\/\/www.bymycar.be\/webzine\/mercedes-classe-b-amg-tout-savoir-sur-la-version-sportive\/","og_site_name":"Webzine BE | BYmyCAR","article_publisher":"https:\/\/www.facebook.com\/BYmyCAR.officiel\/","article_published_time":"2026-01-05T14:54:33+00:00","article_modified_time":"2026-01-05T14:59:10+00:00","author":"Tom Fernandes","twitter_card":"summary_large_image","twitter_misc":{"\u00c9crit par":"Tom Fernandes"},"schema":{"@context":"https:\/\/schema.org","@graph":[{"@type":"Article","@id":"https:\/\/www.bymycar.be\/webzine\/mercedes-classe-b-amg-tout-savoir-sur-la-version-sportive\/#article","isPartOf":{"@id":"https:\/\/www.bymycar.be\/webzine\/mercedes-classe-b-amg-tout-savoir-sur-la-version-sportive\/"},"author":{"name":"Tom Fernandes","@id":"https:\/\/www.bymycar.be\/webzine\/nl\/#\/schema\/person\/6cd99e624bbd64604349ff20ee1ed853"},"headline":"Mercedes Classe B AMG : tout savoir sur la version sportive","datePublished":"2026-01-05T14:54:33+00:00","dateModified":"2026-01-05T14:59:10+00:00","mainEntityOfPage":{"@id":"https:\/\/www.bymycar.be\/webzine\/mercedes-classe-b-amg-tout-savoir-sur-la-version-sportive\/"},"wordCount":10,"publisher":{"@id":"https:\/\/www.bymycar.be\/webzine\/nl\/#organization"},"articleSection":["Guide d'achat Mercedes"],"inLanguage":"fr-FR"},{"@type":"WebPage","@id":"https:\/\/www.bymycar.be\/webzine\/mercedes-classe-b-amg-tout-savoir-sur-la-version-sportive\/","url":"https:\/\/www.bymycar.be\/webzine\/mercedes-classe-b-amg-tout-savoir-sur-la-version-sportive\/","name":"Mercedes Classe B AMG : tout savoir sur la version sportive - Webzine BE | BYmyCAR","isPartOf":{"@id":"https:\/\/www.bymycar.be\/webzine\/nl\/#website"},"datePublished":"2026-01-05T14:54:33+00:00","dateModified":"2026-01-05T14:59:10+00:00","breadcrumb":{"@id":"https:\/\/www.bymycar.be\/webzine\/mercedes-classe-b-amg-tout-savoir-sur-la-version-sportive\/#breadcrumb"},"inLanguage":"fr-FR","potentialAction":[{"@type":"ReadAction","target":["https:\/\/www.bymycar.be\/webzine\/mercedes-classe-b-amg-tout-savoir-sur-la-version-sportive\/"]}]},{"@type":"BreadcrumbList","@id":"https:\/\/www.bymycar.be\/webzine\/mercedes-classe-b-amg-tout-savoir-sur-la-version-sportive\/#breadcrumb","itemListElement":[{"@type":"ListItem","position":1,"name":"Accueil","item":"https:\/\/www.bymycar.be\/webzine\/"},{"@type":"ListItem","position":2,"name":"Mercedes Classe B AMG : tout savoir sur la version sportive"}]},{"@type":"WebSite","@id":"https:\/\/www.bymycar.be\/webzine\/nl\/#website","url":"https:\/\/www.bymycar.be\/webzine\/nl\/","name":"Webzine | BYmyCAR","description":"_Le webzine auto de","publisher":{"@id":"https:\/\/www.bymycar.be\/webzine\/nl\/#organization"},"potentialAction":[{"@type":"SearchAction","target":{"@type":"EntryPoint","urlTemplate":"https:\/\/www.bymycar.be\/webzine\/nl\/?s={search_term_string}"},"query-input":{"@type":"PropertyValueSpecification","valueRequired":true,"valueName":"search_term_string"}}],"inLanguage":"fr-FR"},{"@type":"Organization","@id":"https:\/\/www.bymycar.be\/webzine\/nl\/#organization","name":"Webzine | BYmyCAR","url":"https:\/\/www.bymycar.be\/webzine\/nl\/","logo":{"@type":"ImageObject","inLanguage":"fr-FR","@id":"https:\/\/www.bymycar.be\/webzine\/nl\/#\/schema\/logo\/image\/","url":"https:\/\/cdn.bymycar.eu\/be-webzine\/wp-content\/uploads\/2024\/11\/20203047\/logo.png","contentUrl":"https:\/\/cdn.bymycar.eu\/be-webzine\/wp-content\/uploads\/2024\/11\/20203047\/logo.png","width":1280,"height":512,"caption":"Webzine | BYmyCAR"},"image":{"@id":"https:\/\/www.bymycar.be\/webzine\/nl\/#\/schema\/logo\/image\/"},"sameAs":["https:\/\/www.facebook.com\/BYmyCAR.officiel\/","https:\/\/www.instagram.com\/bymycar.officiel\/"]},{"@type":"Person","@id":"https:\/\/www.bymycar.be\/webzine\/nl\/#\/schema\/person\/6cd99e624bbd64604349ff20ee1ed853","name":"Tom Fernandes","image":{"@type":"ImageObject","inLanguage":"fr-FR","@id":"https:\/\/www.bymycar.be\/webzine\/nl\/#\/schema\/person\/image\/","url":"https:\/\/secure.gravatar.com\/avatar\/81b17c0cc5a6f1f7f394984269a7cbad9c7cca9604839da024242cf665051fbf?s=96&d=mm&r=g","contentUrl":"https:\/\/secure.gravatar.com\/avatar\/81b17c0cc5a6f1f7f394984269a7cbad9c7cca9604839da024242cf665051fbf?s=96&d=mm&r=g","caption":"Tom Fernandes"}}]}},"_links":{"self":[{"href":"https:\/\/www.bymycar.be\/webzine\/wp-json\/wp\/v2\/posts\/5704","targetHints":{"allow":["GET"]}}],"collection":[{"href":"https:\/\/www.bymycar.be\/webzine\/wp-json\/wp\/v2\/posts"}],"about":[{"href":"https:\/\/www.bymycar.be\/webzine\/wp-json\/wp\/v2\/types\/post"}],"author":[{"embeddable":true,"href":"https:\/\/www.bymycar.be\/webzine\/wp-json\/wp\/v2\/users\/17"}],"replies":[{"embeddable":true,"href":"https:\/\/www.bymycar.be\/webzine\/wp-json\/wp\/v2\/comments?post=5704"}],"version-history":[{"count":3,"href":"https:\/\/www.bymycar.be\/webzine\/wp-json\/wp\/v2\/posts\/5704\/revisions"}],"predecessor-version":[{"id":5710,"href":"https:\/\/www.bymycar.be\/webzine\/wp-json\/wp\/v2\/posts\/5704\/revisions\/5710"}],"wp:attachment":[{"href":"https:\/\/www.bymycar.be\/webzine\/wp-json\/wp\/v2\/media?parent=5704"}],"wp:term":[{"taxonomy":"category","embeddable":true,"href":"https:\/\/www.bymycar.be\/webzine\/wp-json\/wp\/v2\/categories?post=5704"},{"taxonomy":"post_tag","embeddable":true,"href":"https:\/\/www.bymycar.be\/webzine\/wp-json\/wp\/v2\/tags?post=5704"}],"curies":[{"name":"wp","href":"https:\/\/api.w.org\/{rel}","templated":true}]}}