{"id":5683,"date":"2026-01-05T15:13:55","date_gmt":"2026-01-05T14:13:55","guid":{"rendered":"https:\/\/www.bymycar.be\/webzine\/?p=5683"},"modified":"2026-01-05T15:13:55","modified_gmt":"2026-01-05T14:13:55","slug":"mercedes-classe-b-pourquoi-cette-voiture-premium-seduit-toujours","status":"publish","type":"post","link":"https:\/\/www.bymycar.be\/webzine\/mercedes-classe-b-pourquoi-cette-voiture-premium-seduit-toujours\/","title":{"rendered":"Mercedes Classe B : pourquoi cette voiture premium s\u00e9duit toujours ?"},"content":{"rendered":"","protected":false},"excerpt":{"rendered":"","protected":false},"author":17,"featured_media":0,"comment_status":"closed","ping_status":"closed","sticky":false,"template":"","format":"standard","meta":{"_acf_changed":false,"footnotes":""},"categories":[1458],"tags":[],"class_list":["post-5683","post","type-post","status-publish","format-standard","hentry","category-guide-dachat-mercedes"],"acf":{"image":{"ID":5684,"id":5684,"title":"Hi, Life: die neue Mercedes-Benz B-KlasseHi, Life: the new Mercedes-Benz B-Class","filename":"22c0350-018.jpg","filesize":112907,"url":"https:\/\/cdn.bymycar.eu\/be-webzine\/wp-content\/uploads\/2026\/01\/05150631\/22c0350-018.jpg","link":"https:\/\/www.bymycar.be\/webzine\/mercedes-classe-b-pourquoi-cette-voiture-premium-seduit-toujours\/hi-life-die-neue-mercedes-benz-b-klassehi-life-the-new-mercedes-benz-b-class\/","alt":"Mercedes Classe B","author":"17","description":"","caption":"Mercedes-Benz B-Class; exterior: digital white; progressive line \n\nMercedes-Benz B-Class; exterior: digital white; progressive line","name":"hi-life-die-neue-mercedes-benz-b-klassehi-life-the-new-mercedes-benz-b-class","status":"inherit","uploaded_to":5683,"date":"2026-01-05 14:06:30","modified":"2026-01-05 14:09:15","menu_order":0,"mime_type":"image\/jpeg","type":"image","subtype":"jpeg","icon":"https:\/\/www.bymycar.be\/webzine\/wp-includes\/images\/media\/default.png","width":1024,"height":768,"sizes":{"thumbnail":"https:\/\/cdn.bymycar.eu\/be-webzine\/wp-content\/uploads\/2026\/01\/05150631\/22c0350-018-150x150.jpg","thumbnail-width":150,"thumbnail-height":150,"medium":"https:\/\/cdn.bymycar.eu\/be-webzine\/wp-content\/uploads\/2026\/01\/05150631\/22c0350-018-300x225.jpg","medium-width":300,"medium-height":225,"medium_large":"https:\/\/cdn.bymycar.eu\/be-webzine\/wp-content\/uploads\/2026\/01\/05150631\/22c0350-018-768x576.jpg","medium_large-width":768,"medium_large-height":576,"large":"https:\/\/cdn.bymycar.eu\/be-webzine\/wp-content\/uploads\/2026\/01\/05150631\/22c0350-018.jpg","large-width":1024,"large-height":768,"1536x1536":"https:\/\/cdn.bymycar.eu\/be-webzine\/wp-content\/uploads\/2026\/01\/05150631\/22c0350-018.jpg","1536x1536-width":1024,"1536x1536-height":768,"2048x2048":"https:\/\/cdn.bymycar.eu\/be-webzine\/wp-content\/uploads\/2026\/01\/05150631\/22c0350-018.jpg","2048x2048-width":1024,"2048x2048-height":768}},"introduction":"<p>La Mercedes Classe B repr\u00e9sente une solution familiale alliant praticit\u00e9, innovation technologique et confort premium dans un march\u00e9 o\u00f9 les monospaces se rar\u00e9fient. Positionn\u00e9e entre la Classe A compacte et les SUV GLA\/GLB dans la gamme des mod\u00e8les Mercedes-Benz, cette r\u00e9f\u00e9rence se distingue par sa modularit\u00e9 exceptionnelle, son habitabilit\u00e9 remarquable et ses technologies de pointe, tout en pr\u00e9servant l&rsquo;ADN de la marque \u00e0 l&rsquo;\u00e9toile. D\u00e9couvrez tous les atouts de la <a href=\"https:\/\/www.bymycar.be\/fr\/v\/mercedes-classe-b\">Mercedes Classe B<\/a>.<\/p>\n","add-to-bo":false,"page_content":{"block_content":[{"acf_fc_layout":"carousel-produits"},{"acf_fc_layout":"text-simple","--nav":{"-withNav":false,"-ancre":""},"--group":{"-text":"<h2>Pourquoi Mercedes maintient la Classe B dans son catalogue, ann\u00e9e apr\u00e8s ann\u00e9e ?<\/h2>\n<p>Dans l&rsquo;univers des voitures familiales <a href=\"https:\/\/www.bymycar.be\/fr\/v\/mercedes\">Mercedes-Benz<\/a>, la Classe B occupe une place strat\u00e9gique en r\u00e9pondant \u00e0 une demande sp\u00e9cifique. Ce monospace compact premium se distingue par sa polyvalence exceptionnelle, offrant aux familles une alternative aux SUV qui dominent aujourd&rsquo;hui le march\u00e9. Malgr\u00e9 l&rsquo;\u00e9volution des tendances automobiles, Mercedes-Benz persiste avec ce mod\u00e8le qui s\u00e9duit une client\u00e8le fid\u00e8le recherchant un v\u00e9hicule \u00e0 toit haut combinant praticit\u00e9 et prestige.<\/p>\n<p>La Mercedes-Benz Classe B repr\u00e9sente un choix judicieux pour les conducteurs privil\u00e9giant l&rsquo;espace int\u00e9rieur et la modularit\u00e9 sans sacrifier le confort premium. Son maintien au catalogue t\u00e9moigne de la volont\u00e9 du constructeur allemand de proposer une gamme diversifi\u00e9e, o\u00f9 chaque type de voiture r\u00e9pond \u00e0 des besoins sp\u00e9cifiques, m\u00eame dans un segment o\u00f9 la concurrence s&rsquo;est consid\u00e9rablement r\u00e9duite.<\/p>\n<h2>Modularit\u00e9, coffre et dimensions de la Mercedes Classe B<\/h2>\n<h3>Un habitacle lumineux et modulable<\/h3>\n<p>La Mercedes Classe B impressionne par sa conception ax\u00e9e sur la praticit\u00e9. Avec ses 4,42 m\u00e8tres de long, 1,80 m\u00e8tre de large et 1,56 m\u00e8tre de haut, ce monospace compact premium offre un espace g\u00e9n\u00e9reux pour tous les occupants. Son habitacle lumineux est parfaitement pens\u00e9 pour le confort quotidien : position de conduite sur\u00e9lev\u00e9e offrant une excellente visibilit\u00e9, hauteur sous pavillon g\u00e9n\u00e9reuse et nombreux rangements astucieux. Ces dimensions \u00e9quilibr\u00e9es permettent \u00e0 la Classe B de rester maniable en ville tout en offrant un espace int\u00e9rieur digne d&rsquo;un v\u00e9hicule plus imposant. Une Classe B d&rsquo;occasion conserve d&rsquo;ailleurs ces qualit\u00e9s qui font le succ\u00e8s de ce mod\u00e8le aupr\u00e8s des familles.<\/p>\n<h3>Banquette arri\u00e8re coulissante et volume de coffre record<\/h3>\n<p>La modularit\u00e9 est l&rsquo;un des atouts majeurs de la Mercedes Classe B. Sa banquette arri\u00e8re coulissante sur 14 centim\u00e8tres permet d&rsquo;adapter l&rsquo;espace selon vos besoins : privil\u00e9gier le confort des passagers ou maximiser le volume de chargement. Cette flexibilit\u00e9 transforme le volume du coffre qui peut varier de 455 \u00e0 705 litres selon la position de la banquette. Une fois les si\u00e8ges rabattus (fractionnables 40\/20\/40), la capacit\u00e9 grimpe jusqu&rsquo;\u00e0 1 540 litres, un record dans cette cat\u00e9gorie. Cette modularit\u00e9 intelligente s&rsquo;accompagne d&rsquo;une excellente \u00e9conomie de carburant gr\u00e2ce \u00e0 des motorisations optimis\u00e9es.<\/p>\n<table>\n<thead>\n<tr>\n<th>Caract\u00e9ristiques<\/th>\n<th>Mercedes Classe B<\/th>\n<\/tr>\n<\/thead>\n<tbody>\n<tr>\n<td>Dimensions ext\u00e9rieures<\/td>\n<td>4,42 m \u00d7 1,80 m \u00d7 1,56 m<\/td>\n<\/tr>\n<tr>\n<td>Volume de coffre si\u00e8ges en place<\/td>\n<td>455-705 litres (avec banquette coulissante)<\/td>\n<\/tr>\n<tr>\n<td>Volume si\u00e8ges rabattus<\/td>\n<td>1 540 litres<\/td>\n<\/tr>\n<\/tbody>\n<\/table>\n<h2>Int\u00e9rieur high-tech : technologies et aides \u00e0 la conduite<\/h2>\n<h3>MBUX, CarPlay et \u00e9crans panoramiques<\/h3>\n<p>La Mercedes Classe B s&rsquo;\u00e9quipe du syst\u00e8me multim\u00e9dia MBUX (Mercedes-Benz User Experience) avec intelligence artificielle, qui s&rsquo;adapte \u00e0 vos habitudes de conduite. Cette technologie offre une connectivit\u00e9 sans fil avec Apple CarPlay, accessible via les doubles \u00e9crans panoramiques haute d\u00e9finition. L&rsquo;interface intuitive r\u00e9pond \u00e0 vos commandes vocales gr\u00e2ce \u00e0 la fonction \u00ab\u00a0Hey Mercedes\u00a0\u00bb, tandis que les commandes tactiles sur le volant et la console centrale vous permettent de naviguer facilement dans les menus sans quitter la route des yeux.<\/p>\n<h3>Dynamic Select et aides \u00e0 la conduite de r\u00e9f\u00e9rence<\/h3>\n<p>La voiture se dote du syst\u00e8me Dynamic Select qui transforme votre exp\u00e9rience de conduite \u00e0 la simple pression d&rsquo;un bouton. Ce dispositif vous permet de basculer instantan\u00e9ment entre diff\u00e9rents modes de conduite adapt\u00e9s \u00e0 vos pr\u00e9f\u00e9rences ou aux conditions routi\u00e8res. La version AMG Line renforce cette polyvalence avec une direction param\u00e9trique et un train de roulement sp\u00e9cifique pour une conduite plus sportive et pr\u00e9cise.<\/p>\n<p>Les principales aides \u00e0 la conduite disponibles sur la Mercedes Classe B incluent :<\/p>\n<ul>\n<li>le syst\u00e8me de maintien actif dans la voie qui corrige la trajectoire en douceur ;<\/li>\n<li>le freinage d&rsquo;urgence actif avec d\u00e9tection des pi\u00e9tons et cyclistes ;<\/li>\n<li>la cam\u00e9ra 360\u00b0 offrant une vision panoramique lors des man\u0153uvres ;<\/li>\n<li>l&rsquo;assistant de stationnement actif qui facilite les cr\u00e9neaux en ville.<\/li>\n<\/ul>\n<p>Ces \u00e9quipements de pointe placent la Mercedes Classe B au sommet de sa cat\u00e9gorie en mati\u00e8re de s\u00e9curit\u00e9 et d&rsquo;assistance au conducteur.<\/p>\n<h2>Motorisations et performances de la Mercedes Classe B<\/h2>\n<p>La Mercedes-Benz Classe B propose une gamme de motorisations adapt\u00e9es \u00e0 tous les usages, combinant puissance, sobri\u00e9t\u00e9 et agr\u00e9ment de conduite pour r\u00e9pondre aux besoins des familles exigeantes.<\/p>\n<h3>Essence et Diesel, du B 180 au B 220<\/h3>\n<p>De l&rsquo;entr\u00e9e de gamme B 180 offrant une puissance g\u00e9n\u00e9reuse et \u00e9quilibr\u00e9e, jusqu&rsquo;au dynamique B 220 d\u00e9veloppant une motorisation plus muscl\u00e9e, la Classe B propose un large \u00e9ventail d&rsquo;options. Les moteurs essence se distinguent par leur souplesse et leur silence de fonctionnement, tandis que les versions diesel privil\u00e9gient le couple et l&rsquo;\u00e9conomie au quotidien. Toutes ces motorisations sont associ\u00e9es \u00e0 la remarquable bo\u00eete automatique 7G-DCT, garantissant des passages de rapports fluides et pr\u00e9cis pour une exp\u00e9rience de conduite premium.<\/p>\n<h3>La motorisation Plug-in Hybrid B 250 e<\/h3>\n<p>V\u00e9ritable concentr\u00e9 de technologie, la version B 250 e plug-in hybrid combine un moteur thermique avec un bloc \u00e9lectrique pour une puissance cumul\u00e9e impressionnante. Cette motorisation hybride rechargeable offre plus de 40 kilom\u00e8tres d&rsquo;autonomie en mode tout \u00e9lectrique, id\u00e9ale pour les trajets urbains quotidiens sans consommation de carburant. \u00c9quip\u00e9e de la transmission automatique 8G-DCT sp\u00e9cialement calibr\u00e9e, elle assure une transition imperceptible entre les deux sources d&rsquo;\u00e9nergie pour un confort optimal.<\/p>\n<h3>\u00c9conomie de carburant et agr\u00e9ment de conduite<\/h3>\n<p>La Mercedes Classe B excelle dans l&rsquo;\u00e9quilibre entre performances et sobri\u00e9t\u00e9. Les diff\u00e9rentes motorisations b\u00e9n\u00e9ficient de technologies d&rsquo;optimisation comme le syst\u00e8me Start\/Stop ou le mode ECO, permettant de r\u00e9duire significativement la consommation sans compromettre l&rsquo;agr\u00e9ment. La pr\u00e9cision de la direction, associ\u00e9e \u00e0 un ch\u00e2ssis parfaitement calibr\u00e9, garantit une tenue de route exemplaire, tandis que les suspensions filtrent efficacement les irr\u00e9gularit\u00e9s de la chauss\u00e9e pour un confort digne de la marque \u00e0 l&rsquo;\u00e9toile.<\/p>\n<h2>Versions, finitions et AMG Line<\/h2>\n<h3>Style, Progressive et AMG Line : que choisir ?<\/h3>\n<p>La Mercedes Classe B se d\u00e9cline en trois finitions distinctes : Style Line, Progressive Line et AMG Line. La finition Style Line constitue l&rsquo;entr\u00e9e de gamme avec un \u00e9quipement complet incluant le syst\u00e8me multim\u00e9dia MBUX. La Progressive Line enrichit l&rsquo;exp\u00e9rience avec une sellerie plus raffin\u00e9e et des jantes alliage \u00e9l\u00e9gantes. La version AMG Line, v\u00e9ritable fleuron de la gamme, transforme ce monospace en v\u00e9hicule sportif gr\u00e2ce \u00e0 son kit carrosserie AMG, ses jantes alliage 18 pouces, son ch\u00e2ssis surbaiss\u00e9 et sa direction param\u00e9trique sport. Cette version s\u00e9duira les conducteurs en qu\u00eate d&rsquo;une touche dynamique sans sacrifier la praticit\u00e9.<\/p>\n<h3>Personnalisation int\u00e9rieure et ext\u00e9rieure<\/h3>\n<p>Mercedes offre un haut degr\u00e9 de personnalisation pour la Classe B. \u00c0 l&rsquo;ext\u00e9rieur, dix teintes de carrosserie sont disponibles, des couleurs unies aux finitions m\u00e9tallis\u00e9es et sp\u00e9ciales. L&rsquo;habitacle propose plusieurs ambiances avec diff\u00e9rentes selleries : le tissu gaufr\u00e9 ARTICO pour la Style Line, les combinaisons noir\/macchiato ou noir\/gris soleil pour la Progressive, et la sportive sellerie ARTICO\/MICROCUT avec surpiq\u00fbres rouges pour l&rsquo;AMG Line. La console centrale au design Black Panel et le volant en cuir Nappa compl\u00e8tent cette atmosph\u00e8re premium. D\u00e9couvrez la <a href=\"https:\/\/www.bymycar.be\/fr\/mercedes-classe-b-250-7g-dct-4-matic-occasion-2020-import-1006343\">Classe B Mercedes 2020 d&rsquo;occasion<\/a> dans notre s\u00e9lection.<\/p>\n<h2>Focus sur la Mercedes B 180<\/h2>\n<h3>Polyvalence et faible consommation<\/h3>\n<p>La Mercedes B 180 repr\u00e9sente l&rsquo;entr\u00e9e de gamme id\u00e9ale de la Classe B avec un excellent compromis entre performances et \u00e9conomie au quotidien. \u00c9quip\u00e9e d&rsquo;un moteur essence de 136 ch, cette voiture se distingue par sa souplesse en milieu urbain et sa stabilit\u00e9 sur route. Sa consommation ma\u00eetris\u00e9e (entre 5,8 et 6,3 litres aux 100 km selon les versions) en fait une alli\u00e9e pour vos d\u00e9placements quotidiens.<\/p>\n<p>C\u00f4t\u00e9 \u00e9quipements, la B 180 ne sacrifie rien au confort premium : syst\u00e8me multim\u00e9dia MBUX, assistant de maintien de voie, climatisation automatique et mat\u00e9riaux de qualit\u00e9 font partie de la dotation de s\u00e9rie. La position de conduite sur\u00e9lev\u00e9e et l&rsquo;acc\u00e8s facile s\u00e9duisent particuli\u00e8rement les familles et seniors.<\/p>\n<p>Vous recherchez ce mod\u00e8le Mercedes-Benz en occasion certifi\u00e9e ? BYmyCAR propose plusieurs B 180 rigoureusement s\u00e9lectionn\u00e9es. N&rsquo;h\u00e9sitez pas \u00e0 contacter nos conseillers pour d\u00e9couvrir notre s\u00e9lection.<\/p>\n<h2>Mercedes Classe B : hybride rechargeable et version Electric Drive<\/h2>\n<h3>La B 250 e Plug-in Hybrid<\/h3>\n<p>La Mercedes Classe B s&rsquo;adapte aux nouvelles mobilit\u00e9s avec sa version B 250 e Plug-in Hybrid. Ce monospace compact premium associe un moteur essence 1,3 litre \u00e0 un moteur \u00e9lectrique, pour une puissance combin\u00e9e de 218 ch. Cette motorisation hybride rechargeable offre des performances remarquables avec un 0 \u00e0 100 km\/h en 6,8 secondes. Parfaitement int\u00e9gr\u00e9e \u00e0 l&rsquo;ADN Mercedes, cette technologie permet de r\u00e9duire consid\u00e9rablement la consommation de carburant, avec seulement 1,2 l\/100 km en cycle mixte selon les normes WLTP. Id\u00e9ale pour les trajets urbains et p\u00e9riurbains, la B 250 e constitue une alternative \u00e9cologique sans compromis sur le confort et la modularit\u00e9 qui font la renomm\u00e9e de la Classe B.<\/p>\n<h3>Autonomie \u00e9lectrique et recharge pratique<\/h3>\n<p>La batterie de 15,6 kWh de la B 250 e permet une autonomie \u00e9lectrique impressionnante allant jusqu&rsquo;\u00e0 70 km en cycle mixte et m\u00eame plus de 80 km en conduite urbaine. Cette capacit\u00e9 vous permet d&rsquo;effectuer la plupart de vos trajets quotidiens sans consommer une goutte de carburant. C\u00f4t\u00e9 recharge, la B 250 e se montre particuli\u00e8rement pratique : comptez environ 25 minutes pour passer de 10 \u00e0 80 % sur une borne de recharge rapide. Pour conna\u00eetre les d\u00e9tails sur les solutions de recharge adapt\u00e9es \u00e0 votre usage et les avantages fiscaux li\u00e9s \u00e0 cette motorisation hybride rechargeable, nous vous invitons \u00e0 consulter nos conseillers BYmyCAR qui vous apporteront toutes les informations n\u00e9cessaires.<\/p>\n<h2>Pourquoi choisir une Mercedes Classe B d&rsquo;occasion ?<\/h2>\n<p>La Mercedes Classe B d&rsquo;occasion repr\u00e9sente un choix judicieux pour les automobilistes en qu\u00eate d&rsquo;un monospace premium alliant praticit\u00e9 et prestige. Disponible sur plusieurs g\u00e9n\u00e9rations (2012, 2015, 2020, 2025), ce mod\u00e8le conserve ses qualit\u00e9s fondamentales tout en b\u00e9n\u00e9ficiant d&rsquo;am\u00e9liorations constantes. Sa fiabilit\u00e9 reconnue et son habitabilit\u00e9 g\u00e9n\u00e9reuse en font un v\u00e9hicule familial particuli\u00e8rement pris\u00e9 sur le march\u00e9 de l&rsquo;occasion.<\/p>\n<h3>Contr\u00f4le qualit\u00e9 BYmyCAR Certified<\/h3>\n<p>Chez BYmyCAR, chaque Mercedes Classe B d&rsquo;occasion b\u00e9n\u00e9ficie du programme Certified, garantissant un contr\u00f4le rigoureux sur 126 points techniques. Nos experts vous proposent uniquement des v\u00e9hicules r\u00e9pondant aux standards les plus exigeants, accompagn\u00e9s d&rsquo;une garantie de 24 mois pour votre tranquillit\u00e9 d&rsquo;esprit. Vous profitez ainsi de l&rsquo;excellence Mercedes sans compromis sur la qualit\u00e9, avec l&rsquo;assurance d&rsquo;un suivi d&rsquo;entretien irr\u00e9prochable valid\u00e9 par nos conseillers.<\/p>\n<h3>Valeur de revente et exclusivit\u00e9<\/h3>\n<p>La Mercedes Classe B conserve une excellente valeur r\u00e9siduelle sur le march\u00e9 de l&rsquo;occasion, notamment gr\u00e2ce \u00e0 son statut de monospace premium. Sa raret\u00e9 relative face \u00e0 la domination des SUV en fait un v\u00e9hicule distinctif qui se d\u00e9marque par son confort et sa polyvalence. En choisissant une <a href=\"https:\/\/www.bymycar.be\/fr\/v\/mercedes-classe-b-occasion\">Mercedes Classe B d&rsquo;occasion<\/a>, vous investissez dans un mod\u00e8le qui pr\u00e9serve sa valeur dans le temps tout en b\u00e9n\u00e9ficiant de l&rsquo;exclusivit\u00e9 d&rsquo;un v\u00e9hicule devenu unique dans sa cat\u00e9gorie.<\/p>\n<h2>Entretien et fiabilit\u00e9 de la Mercedes Classe B<\/h2>\n<h3>Plan d&rsquo;entretien conseill\u00e9 par Mercedes-Benz<\/h3>\n<p>La Mercedes-Benz Classe B b\u00e9n\u00e9ficie d&rsquo;un programme d&rsquo;entretien rigoureux qui garantit sa long\u00e9vit\u00e9. Mercedes-Benz recommande des r\u00e9visions tous les 15 000 km ou une fois par an, incluant le remplacement du filtre \u00e0 huile, la v\u00e9rification des niveaux et le contr\u00f4le des \u00e9l\u00e9ments de s\u00e9curit\u00e9. Un entretien plus complet est pr\u00e9conis\u00e9 tous les 30 000 km avec inspection des freins et des suspensions.<\/p>\n<h3>Batterie, courroie accessoire et autres pi\u00e8ces d&rsquo;usure<\/h3>\n<p>La courroie d&rsquo;accessoire de votre Mercedes Classe B doit \u00eatre remplac\u00e9e entre 120 000 et 200 000 km. Cette pi\u00e8ce essentielle assure le fonctionnement de l&rsquo;alternateur, de la pompe \u00e0 eau et de la climatisation. La batterie, quant \u00e0 elle, pr\u00e9sente une excellente durabilit\u00e9, g\u00e9n\u00e9ralement sup\u00e9rieure \u00e0 5 ans. Les amortisseurs et disques de freins montrent une bonne long\u00e9vit\u00e9, n\u00e9cessitant souvent un remplacement au-del\u00e0 de 200 000 km.<\/p>\n<h3>Rendez-vous atelier BYmyCAR<\/h3>\n<p>Pour maintenir votre Mercedes Classe B dans un \u00e9tat optimal, nos conseillers BYmyCAR sont \u00e0 votre disposition pour planifier vos entretiens r\u00e9guliers. Nos ateliers agr\u00e9\u00e9s disposent de toutes les pi\u00e8ces d&rsquo;origine Mercedes-Benz et de l&rsquo;expertise n\u00e9cessaire pour intervenir sur votre voiture. N&rsquo;h\u00e9sitez pas \u00e0 nous contacter pour prendre rendez-vous et assurer la fiabilit\u00e9 de votre Mercedes-Benz Classe B.<\/p>\n<h2>FAQ Mercedes Classe B<\/h2>\n<h3>La Mercedes Classe B est-elle une voiture fiable ?<\/h3>\n<p>Absolument, la Mercedes Classe B se distingue par son excellente fiabilit\u00e9. Nos clients appr\u00e9cient sa robustesse et sa conception soign\u00e9e qui garantit une long\u00e9vit\u00e9 remarquable. Pour plus de d\u00e9tails, consultez nos conseillers BYmyCAR.<\/p>\n<h3>Quel moteur choisir pour votre Mercedes Classe B ?<\/h3>\n<p>La gamme propose plusieurs motorisations adapt\u00e9es \u00e0 vos besoins : essence, diesel ou hybride rechargeable. Pour un \u00e9quilibre parfait entre performances et \u00e9conomie, nos conseillers BYmyCAR vous guideront vers le choix id\u00e9al selon votre profil d&rsquo;utilisation.<\/p>\n<h3>Comment changer la batterie d&rsquo;une Mercedes Classe B ?<\/h3>\n<p>Le remplacement de la batterie n\u00e9cessite une expertise sp\u00e9cifique pour pr\u00e9server les syst\u00e8mes \u00e9lectroniques. Nos ateliers BYmyCAR disposent des outils et comp\u00e9tences pour r\u00e9aliser cette intervention dans les r\u00e8gles de l&rsquo;art.<\/p>\n<h3>Quel est le prix d&rsquo;une Mercedes Classe B neuve ?<\/h3>\n<p>La Mercedes Classe B offre un excellent rapport \u00e9quipement\/prix dans sa cat\u00e9gorie. Pour obtenir un devis personnalis\u00e9 selon la finition et les options souhait\u00e9es, nos conseillers BYmyCAR sont \u00e0 votre disposition.<\/p>\n<h3>Quelles sont les dimensions de la Mercedes Classe B ?<\/h3>\n<p>Avec ses 4,42 m de long, 1,80 m de large et 1,56 m de haut, la Mercedes Classe B offre un habitacle spacieux sans sacrifier la maniabilit\u00e9 urbaine. Pour d\u00e9couvrir son espace int\u00e9rieur, rendez-vous dans nos concessions BYmyCAR.<\/p>\n<h3>Quelle Mercedes Classe B choisir pour la famille ?<\/h3>\n<p>La version avec banquette coulissante et coffre modulable jusqu&rsquo;\u00e0 705 litres est id\u00e9ale pour les familles. Son habitabilit\u00e9 g\u00e9n\u00e9reuse et ses \u00e9quipements de s\u00e9curit\u00e9 avanc\u00e9s en font le choix parfait. Nos conseillers BYmyCAR vous accompagneront dans votre s\u00e9lection.<\/p>\n<p><strong>Sources :<\/strong><\/p>\n<ul>\n<li><a href=\"https:\/\/www.mercedes-benz.fr\/passengercars\/models\/hatchback\/b-class\/overview.html\" target=\"_blank\" rel=\"noopener\">Classe B | Prix et sp\u00e9cifications<\/a><\/li>\n<li><a href=\"https:\/\/www.lebilletauto.com\/essaie-mercedes-classe-b\/\" target=\"_blank\" rel=\"noopener\">Essai Mercedes Classe B 2025 : Notre Test Complet du &#8230;<\/a><\/li>\n<li><a href=\"https:\/\/motorsactu.com\/nouvelle-classe-b-le-nouveau-monospace-de-mercedes%E2%80%91benz-est-pret\/\" target=\"_blank\" rel=\"noopener\">Nouvelle Classe B : le nouveau Monospace de Mercedes &#8230;<\/a><\/li>\n<li><a href=\"https:\/\/bpmcars.fr\/actualites\/mercedes-classe-b-occasion-prix-finition\" target=\"_blank\" rel=\"noopener\">Mercedes Classe B occasion : prix, quelle version choisir ?<\/a><\/li>\n<li><a href=\"https:\/\/www.caroom.fr\/guide\/marques\/mercedes\/quelle-classe-b-choisir\" target=\"_blank\" rel=\"noopener\">Quelle Mercedes Classe B choisir ? Dimensions, finitions &#8230;<\/a><\/li>\n<li><a href=\"https:\/\/www.caradisiac.com\/la-fin-programmee-des-monospaces-premium-allemands-213029.htm\" target=\"_blank\" rel=\"noopener\">La fin programm\u00e9e des monospaces premium allemands<\/a><\/li>\n<li><a href=\"https:\/\/www.caradisiac.com\/monospace-mercedes-classe-b-lequel-choisir-180128.htm\" target=\"_blank\" rel=\"noopener\">Monospace Mercedes Classe B : lequel choisir ?<\/a><\/li>\n<li><a href=\"https:\/\/www.autoplus.fr\/podcast\/la-bonne-occaz\/la-bonne-occaz-ep-16-mercedes-classe-b-le-monospace-premium-1293878.html\" target=\"_blank\" rel=\"noopener\">La Bonne Occaz Ep. 16 : Mercedes classe B, monospace &#8230;<\/a><\/li>\n<li><a href=\"https:\/\/www.latribuneauto.com\/evaluations-automobiles\/MERC-CLAB-MO-14-65613\/synthese\" target=\"_blank\" rel=\"noopener\">MERCEDES Classe B &#8211; Synth\u00e8se &#8211; Un monospace &#8230;<\/a><\/li>\n<\/ul>\n"}}]}},"yoast_head":"<!-- This site is optimized with the Yoast SEO Premium plugin v26.4 (Yoast SEO v27.1.1) - https:\/\/yoast.com\/product\/yoast-seo-premium-wordpress\/ -->\n<title>Mercedes Classe B : pourquoi cette voiture premium s\u00e9duit toujours ? - Webzine BE | BYmyCAR<\/title>\n<meta name=\"robots\" content=\"index, follow, max-snippet:-1, max-image-preview:large, max-video-preview:-1\" \/>\n<link rel=\"canonical\" href=\"https:\/\/www.bymycar.be\/webzine\/mercedes-classe-b-pourquoi-cette-voiture-premium-seduit-toujours\/\" \/>\n<meta property=\"og:locale\" content=\"fr_FR\" \/>\n<meta property=\"og:type\" content=\"article\" \/>\n<meta property=\"og:title\" content=\"Mercedes Classe B : pourquoi cette voiture premium s\u00e9duit toujours ?\" \/>\n<meta property=\"og:url\" content=\"https:\/\/www.bymycar.be\/webzine\/mercedes-classe-b-pourquoi-cette-voiture-premium-seduit-toujours\/\" \/>\n<meta property=\"og:site_name\" content=\"Webzine BE | BYmyCAR\" \/>\n<meta property=\"article:publisher\" content=\"https:\/\/www.facebook.com\/BYmyCAR.officiel\/\" \/>\n<meta property=\"article:published_time\" content=\"2026-01-05T14:13:55+00:00\" \/>\n<meta name=\"author\" content=\"Tom Fernandes\" \/>\n<meta name=\"twitter:card\" content=\"summary_large_image\" \/>\n<meta name=\"twitter:label1\" content=\"\u00c9crit par\" \/>\n\t<meta name=\"twitter:data1\" content=\"Tom Fernandes\" \/>\n<script type=\"application\/ld+json\" class=\"yoast-schema-graph\">{\"@context\":\"https:\/\/schema.org\",\"@graph\":[{\"@type\":\"Article\",\"@id\":\"https:\/\/www.bymycar.be\/webzine\/mercedes-classe-b-pourquoi-cette-voiture-premium-seduit-toujours\/#article\",\"isPartOf\":{\"@id\":\"https:\/\/www.bymycar.be\/webzine\/mercedes-classe-b-pourquoi-cette-voiture-premium-seduit-toujours\/\"},\"author\":{\"name\":\"Tom Fernandes\",\"@id\":\"https:\/\/www.bymycar.be\/webzine\/nl\/#\/schema\/person\/6cd99e624bbd64604349ff20ee1ed853\"},\"headline\":\"Mercedes Classe B : pourquoi cette voiture premium s\u00e9duit toujours ?\",\"datePublished\":\"2026-01-05T14:13:55+00:00\",\"mainEntityOfPage\":{\"@id\":\"https:\/\/www.bymycar.be\/webzine\/mercedes-classe-b-pourquoi-cette-voiture-premium-seduit-toujours\/\"},\"wordCount\":10,\"publisher\":{\"@id\":\"https:\/\/www.bymycar.be\/webzine\/nl\/#organization\"},\"articleSection\":[\"Guide d'achat Mercedes\"],\"inLanguage\":\"fr-FR\"},{\"@type\":\"WebPage\",\"@id\":\"https:\/\/www.bymycar.be\/webzine\/mercedes-classe-b-pourquoi-cette-voiture-premium-seduit-toujours\/\",\"url\":\"https:\/\/www.bymycar.be\/webzine\/mercedes-classe-b-pourquoi-cette-voiture-premium-seduit-toujours\/\",\"name\":\"Mercedes Classe B : pourquoi cette voiture premium s\u00e9duit toujours ? - Webzine BE | BYmyCAR\",\"isPartOf\":{\"@id\":\"https:\/\/www.bymycar.be\/webzine\/nl\/#website\"},\"datePublished\":\"2026-01-05T14:13:55+00:00\",\"breadcrumb\":{\"@id\":\"https:\/\/www.bymycar.be\/webzine\/mercedes-classe-b-pourquoi-cette-voiture-premium-seduit-toujours\/#breadcrumb\"},\"inLanguage\":\"fr-FR\",\"potentialAction\":[{\"@type\":\"ReadAction\",\"target\":[\"https:\/\/www.bymycar.be\/webzine\/mercedes-classe-b-pourquoi-cette-voiture-premium-seduit-toujours\/\"]}]},{\"@type\":\"BreadcrumbList\",\"@id\":\"https:\/\/www.bymycar.be\/webzine\/mercedes-classe-b-pourquoi-cette-voiture-premium-seduit-toujours\/#breadcrumb\",\"itemListElement\":[{\"@type\":\"ListItem\",\"position\":1,\"name\":\"Accueil\",\"item\":\"https:\/\/www.bymycar.be\/webzine\/\"},{\"@type\":\"ListItem\",\"position\":2,\"name\":\"Mercedes Classe B : pourquoi cette voiture premium s\u00e9duit toujours ?\"}]},{\"@type\":\"WebSite\",\"@id\":\"https:\/\/www.bymycar.be\/webzine\/nl\/#website\",\"url\":\"https:\/\/www.bymycar.be\/webzine\/nl\/\",\"name\":\"Webzine | BYmyCAR\",\"description\":\"_Le webzine auto de\",\"publisher\":{\"@id\":\"https:\/\/www.bymycar.be\/webzine\/nl\/#organization\"},\"potentialAction\":[{\"@type\":\"SearchAction\",\"target\":{\"@type\":\"EntryPoint\",\"urlTemplate\":\"https:\/\/www.bymycar.be\/webzine\/nl\/?s={search_term_string}\"},\"query-input\":{\"@type\":\"PropertyValueSpecification\",\"valueRequired\":true,\"valueName\":\"search_term_string\"}}],\"inLanguage\":\"fr-FR\"},{\"@type\":\"Organization\",\"@id\":\"https:\/\/www.bymycar.be\/webzine\/nl\/#organization\",\"name\":\"Webzine | BYmyCAR\",\"url\":\"https:\/\/www.bymycar.be\/webzine\/nl\/\",\"logo\":{\"@type\":\"ImageObject\",\"inLanguage\":\"fr-FR\",\"@id\":\"https:\/\/www.bymycar.be\/webzine\/nl\/#\/schema\/logo\/image\/\",\"url\":\"https:\/\/cdn.bymycar.eu\/be-webzine\/wp-content\/uploads\/2024\/11\/20203047\/logo.png\",\"contentUrl\":\"https:\/\/cdn.bymycar.eu\/be-webzine\/wp-content\/uploads\/2024\/11\/20203047\/logo.png\",\"width\":1280,\"height\":512,\"caption\":\"Webzine | BYmyCAR\"},\"image\":{\"@id\":\"https:\/\/www.bymycar.be\/webzine\/nl\/#\/schema\/logo\/image\/\"},\"sameAs\":[\"https:\/\/www.facebook.com\/BYmyCAR.officiel\/\",\"https:\/\/www.instagram.com\/bymycar.officiel\/\"]},{\"@type\":\"Person\",\"@id\":\"https:\/\/www.bymycar.be\/webzine\/nl\/#\/schema\/person\/6cd99e624bbd64604349ff20ee1ed853\",\"name\":\"Tom Fernandes\",\"image\":{\"@type\":\"ImageObject\",\"inLanguage\":\"fr-FR\",\"@id\":\"https:\/\/www.bymycar.be\/webzine\/nl\/#\/schema\/person\/image\/\",\"url\":\"https:\/\/secure.gravatar.com\/avatar\/81b17c0cc5a6f1f7f394984269a7cbad9c7cca9604839da024242cf665051fbf?s=96&d=mm&r=g\",\"contentUrl\":\"https:\/\/secure.gravatar.com\/avatar\/81b17c0cc5a6f1f7f394984269a7cbad9c7cca9604839da024242cf665051fbf?s=96&d=mm&r=g\",\"caption\":\"Tom Fernandes\"}}]}<\/script>\n<!-- \/ Yoast SEO Premium plugin. -->","yoast_head_json":{"title":"Mercedes Classe B : pourquoi cette voiture premium s\u00e9duit toujours ? - Webzine BE | BYmyCAR","robots":{"index":"index","follow":"follow","max-snippet":"max-snippet:-1","max-image-preview":"max-image-preview:large","max-video-preview":"max-video-preview:-1"},"canonical":"https:\/\/www.bymycar.be\/webzine\/mercedes-classe-b-pourquoi-cette-voiture-premium-seduit-toujours\/","og_locale":"fr_FR","og_type":"article","og_title":"Mercedes Classe B : pourquoi cette voiture premium s\u00e9duit toujours ?","og_url":"https:\/\/www.bymycar.be\/webzine\/mercedes-classe-b-pourquoi-cette-voiture-premium-seduit-toujours\/","og_site_name":"Webzine BE | BYmyCAR","article_publisher":"https:\/\/www.facebook.com\/BYmyCAR.officiel\/","article_published_time":"2026-01-05T14:13:55+00:00","author":"Tom Fernandes","twitter_card":"summary_large_image","twitter_misc":{"\u00c9crit par":"Tom Fernandes"},"schema":{"@context":"https:\/\/schema.org","@graph":[{"@type":"Article","@id":"https:\/\/www.bymycar.be\/webzine\/mercedes-classe-b-pourquoi-cette-voiture-premium-seduit-toujours\/#article","isPartOf":{"@id":"https:\/\/www.bymycar.be\/webzine\/mercedes-classe-b-pourquoi-cette-voiture-premium-seduit-toujours\/"},"author":{"name":"Tom Fernandes","@id":"https:\/\/www.bymycar.be\/webzine\/nl\/#\/schema\/person\/6cd99e624bbd64604349ff20ee1ed853"},"headline":"Mercedes Classe B : pourquoi cette voiture premium s\u00e9duit toujours ?","datePublished":"2026-01-05T14:13:55+00:00","mainEntityOfPage":{"@id":"https:\/\/www.bymycar.be\/webzine\/mercedes-classe-b-pourquoi-cette-voiture-premium-seduit-toujours\/"},"wordCount":10,"publisher":{"@id":"https:\/\/www.bymycar.be\/webzine\/nl\/#organization"},"articleSection":["Guide d'achat Mercedes"],"inLanguage":"fr-FR"},{"@type":"WebPage","@id":"https:\/\/www.bymycar.be\/webzine\/mercedes-classe-b-pourquoi-cette-voiture-premium-seduit-toujours\/","url":"https:\/\/www.bymycar.be\/webzine\/mercedes-classe-b-pourquoi-cette-voiture-premium-seduit-toujours\/","name":"Mercedes Classe B : pourquoi cette voiture premium s\u00e9duit toujours ? - Webzine BE | BYmyCAR","isPartOf":{"@id":"https:\/\/www.bymycar.be\/webzine\/nl\/#website"},"datePublished":"2026-01-05T14:13:55+00:00","breadcrumb":{"@id":"https:\/\/www.bymycar.be\/webzine\/mercedes-classe-b-pourquoi-cette-voiture-premium-seduit-toujours\/#breadcrumb"},"inLanguage":"fr-FR","potentialAction":[{"@type":"ReadAction","target":["https:\/\/www.bymycar.be\/webzine\/mercedes-classe-b-pourquoi-cette-voiture-premium-seduit-toujours\/"]}]},{"@type":"BreadcrumbList","@id":"https:\/\/www.bymycar.be\/webzine\/mercedes-classe-b-pourquoi-cette-voiture-premium-seduit-toujours\/#breadcrumb","itemListElement":[{"@type":"ListItem","position":1,"name":"Accueil","item":"https:\/\/www.bymycar.be\/webzine\/"},{"@type":"ListItem","position":2,"name":"Mercedes Classe B : pourquoi cette voiture premium s\u00e9duit toujours ?"}]},{"@type":"WebSite","@id":"https:\/\/www.bymycar.be\/webzine\/nl\/#website","url":"https:\/\/www.bymycar.be\/webzine\/nl\/","name":"Webzine | BYmyCAR","description":"_Le webzine auto de","publisher":{"@id":"https:\/\/www.bymycar.be\/webzine\/nl\/#organization"},"potentialAction":[{"@type":"SearchAction","target":{"@type":"EntryPoint","urlTemplate":"https:\/\/www.bymycar.be\/webzine\/nl\/?s={search_term_string}"},"query-input":{"@type":"PropertyValueSpecification","valueRequired":true,"valueName":"search_term_string"}}],"inLanguage":"fr-FR"},{"@type":"Organization","@id":"https:\/\/www.bymycar.be\/webzine\/nl\/#organization","name":"Webzine | BYmyCAR","url":"https:\/\/www.bymycar.be\/webzine\/nl\/","logo":{"@type":"ImageObject","inLanguage":"fr-FR","@id":"https:\/\/www.bymycar.be\/webzine\/nl\/#\/schema\/logo\/image\/","url":"https:\/\/cdn.bymycar.eu\/be-webzine\/wp-content\/uploads\/2024\/11\/20203047\/logo.png","contentUrl":"https:\/\/cdn.bymycar.eu\/be-webzine\/wp-content\/uploads\/2024\/11\/20203047\/logo.png","width":1280,"height":512,"caption":"Webzine | BYmyCAR"},"image":{"@id":"https:\/\/www.bymycar.be\/webzine\/nl\/#\/schema\/logo\/image\/"},"sameAs":["https:\/\/www.facebook.com\/BYmyCAR.officiel\/","https:\/\/www.instagram.com\/bymycar.officiel\/"]},{"@type":"Person","@id":"https:\/\/www.bymycar.be\/webzine\/nl\/#\/schema\/person\/6cd99e624bbd64604349ff20ee1ed853","name":"Tom Fernandes","image":{"@type":"ImageObject","inLanguage":"fr-FR","@id":"https:\/\/www.bymycar.be\/webzine\/nl\/#\/schema\/person\/image\/","url":"https:\/\/secure.gravatar.com\/avatar\/81b17c0cc5a6f1f7f394984269a7cbad9c7cca9604839da024242cf665051fbf?s=96&d=mm&r=g","contentUrl":"https:\/\/secure.gravatar.com\/avatar\/81b17c0cc5a6f1f7f394984269a7cbad9c7cca9604839da024242cf665051fbf?s=96&d=mm&r=g","caption":"Tom Fernandes"}}]}},"_links":{"self":[{"href":"https:\/\/www.bymycar.be\/webzine\/wp-json\/wp\/v2\/posts\/5683","targetHints":{"allow":["GET"]}}],"collection":[{"href":"https:\/\/www.bymycar.be\/webzine\/wp-json\/wp\/v2\/posts"}],"about":[{"href":"https:\/\/www.bymycar.be\/webzine\/wp-json\/wp\/v2\/types\/post"}],"author":[{"embeddable":true,"href":"https:\/\/www.bymycar.be\/webzine\/wp-json\/wp\/v2\/users\/17"}],"replies":[{"embeddable":true,"href":"https:\/\/www.bymycar.be\/webzine\/wp-json\/wp\/v2\/comments?post=5683"}],"version-history":[{"count":2,"href":"https:\/\/www.bymycar.be\/webzine\/wp-json\/wp\/v2\/posts\/5683\/revisions"}],"predecessor-version":[{"id":5687,"href":"https:\/\/www.bymycar.be\/webzine\/wp-json\/wp\/v2\/posts\/5683\/revisions\/5687"}],"wp:attachment":[{"href":"https:\/\/www.bymycar.be\/webzine\/wp-json\/wp\/v2\/media?parent=5683"}],"wp:term":[{"taxonomy":"category","embeddable":true,"href":"https:\/\/www.bymycar.be\/webzine\/wp-json\/wp\/v2\/categories?post=5683"},{"taxonomy":"post_tag","embeddable":true,"href":"https:\/\/www.bymycar.be\/webzine\/wp-json\/wp\/v2\/tags?post=5683"}],"curies":[{"name":"wp","href":"https:\/\/api.w.org\/{rel}","templated":true}]}}