{"id":5610,"date":"2026-01-05T10:01:01","date_gmt":"2026-01-05T09:01:01","guid":{"rendered":"https:\/\/www.bymycar.be\/webzine\/?p=5610"},"modified":"2026-01-05T10:05:39","modified_gmt":"2026-01-05T09:05:39","slug":"eqs-amg-luxe-et-sportivite-font-ils-bon-menage","status":"publish","type":"post","link":"https:\/\/www.bymycar.be\/webzine\/eqs-amg-luxe-et-sportivite-font-ils-bon-menage\/","title":{"rendered":"EQS AMG : luxe et sportivit\u00e9 font-ils bon m\u00e9nage ?"},"content":{"rendered":"","protected":false},"excerpt":{"rendered":"","protected":false},"author":17,"featured_media":0,"comment_status":"closed","ping_status":"closed","sticky":false,"template":"","format":"standard","meta":{"_acf_changed":false,"footnotes":""},"categories":[1458],"tags":[],"class_list":["post-5610","post","type-post","status-publish","format-standard","hentry","category-guide-dachat-mercedes"],"acf":{"image":{"ID":5611,"id":5611,"title":"24c0112-001","filename":"24c0112-001-scaled.jpg","filesize":213921,"url":"https:\/\/cdn.bymycar.eu\/be-webzine\/wp-content\/uploads\/2026\/01\/05095622\/24c0112-001-scaled.jpg","link":"https:\/\/www.bymycar.be\/webzine\/eqs-amg-luxe-et-sportivite-font-ils-bon-menage\/24c0112-001\/","alt":"Mercedes EQS","author":"17","description":"","caption":"","name":"24c0112-001","status":"inherit","uploaded_to":5610,"date":"2026-01-05 08:56:19","modified":"2026-01-05 08:56:44","menu_order":0,"mime_type":"image\/jpeg","type":"image","subtype":"jpeg","icon":"https:\/\/www.bymycar.be\/webzine\/wp-includes\/images\/media\/default.png","width":2560,"height":1706,"sizes":{"thumbnail":"https:\/\/cdn.bymycar.eu\/be-webzine\/wp-content\/uploads\/2026\/01\/05095622\/24c0112-001-150x150.jpg","thumbnail-width":150,"thumbnail-height":150,"medium":"https:\/\/cdn.bymycar.eu\/be-webzine\/wp-content\/uploads\/2026\/01\/05095622\/24c0112-001-300x200.jpg","medium-width":300,"medium-height":200,"medium_large":"https:\/\/cdn.bymycar.eu\/be-webzine\/wp-content\/uploads\/2026\/01\/05095622\/24c0112-001-768x512.jpg","medium_large-width":768,"medium_large-height":512,"large":"https:\/\/cdn.bymycar.eu\/be-webzine\/wp-content\/uploads\/2026\/01\/05095622\/24c0112-001-1024x683.jpg","large-width":1024,"large-height":683,"1536x1536":"https:\/\/cdn.bymycar.eu\/be-webzine\/wp-content\/uploads\/2026\/01\/05095622\/24c0112-001-1536x1024.jpg","1536x1536-width":1536,"1536x1536-height":1024,"2048x2048":"https:\/\/cdn.bymycar.eu\/be-webzine\/wp-content\/uploads\/2026\/01\/05095622\/24c0112-001-2048x1365.jpg","2048x2048-width":2048,"2048x2048-height":1365}},"introduction":"<p>La <a href=\"https:\/\/www.bymycar.be\/fr\/v\/mercedes-eqs\">Mercedes EQS<\/a> AMG incarne l&rsquo;alliance parfaite entre luxe et sportivit\u00e9 dans l&rsquo;univers des v\u00e9hicules neufs \u00e9lectriques premium. Avec une puissance atteignant 761 ch et une autonomie WLTP pouvant aller jusqu&rsquo;\u00e0 613 km, cette berline offre des performances \u00e9clatantes tout en pr\u00e9servant le confort exceptionnel propre \u00e0 la marque. Chez BYmyCAR, nos conseillers vous accompagnent pour d\u00e9couvrir cette merveille technologique qui red\u00e9finit les codes du luxe sportif \u00e9lectrique.<\/p>\n<p>&nbsp;<\/p>\n<p style=\"text-align: center;\"><a href=\"https:\/\/www.bymycar.be\/webzine\/eqs-mercedes-reussit-elle-a-reinventer-la-berline-de-luxe-electrique\/\"  class=\"css-button css-button--gold\" >\n                Tout savoir sur la Mercedes EQS\n        <\/a><\/p>\n","add-to-bo":false,"page_content":{"block_content":[{"acf_fc_layout":"carousel-produits"},{"acf_fc_layout":"text-simple","--nav":{"-withNav":false,"-ancre":""},"--group":{"-text":"<h2>Mercedes-AMG EQS 53 : puissance et technologie<\/h2>\n<p>La Mercedes-AMG EQS 53 4MATIC+ \u00e9tablit de nouveaux standards dans la cat\u00e9gorie des berlines \u00e9lectriques premium.<\/p>\n<p>Sa fiche technique impressionne par des performances dignes de la signature AMG :<\/p>\n<ul>\n<li>Puissance maximale atteignant 761 ch en mode boost (658 ch en configuration standard) ;<\/li>\n<li>Couple impressionnant de 1020 Nm pour des acc\u00e9l\u00e9rations fulgurantes ;<\/li>\n<li>Sprint de 0 \u00e0 100 km\/h en seulement 3,4 secondes ;<\/li>\n<li>Transmission int\u00e9grale variable Performance AMG 4MATIC+ ;<\/li>\n<li>Mode RACE START pour des d\u00e9parts canon ;<\/li>\n<li>Suspension AMG RIDE CONTROL+ pour un \u00e9quilibre parfait entre confort et dynamisme.<\/li>\n<\/ul>\n<p>Ces caract\u00e9ristiques techniques, associ\u00e9es au pack AMG Dynamic Plus, font de cette berline \u00e9lectrique premium un v\u00e9ritable concentr\u00e9 de technologie et de performances au service de votre plaisir de conduite.<\/p>\n<h2>Confort haut de gamme et int\u00e9rieur Mercedes EQS AMG<\/h2>\n<p>L&rsquo;habitacle spacieux de la Mercedes EQS AMG offre une exp\u00e9rience de luxe exceptionnelle malgr\u00e9 son caract\u00e8re sportif affirm\u00e9. Au c\u0153ur de cet environnement raffin\u00e9 tr\u00f4ne le spectaculaire MBUX Hyperscreen, une surface vitr\u00e9e incurv\u00e9e de 56 pouces int\u00e9grant trois \u00e9crans distincts qui semblent fusionner en un seul \u00e9l\u00e9ment. Cet \u00e9cran central flotte visuellement au-dessus du tableau de bord gr\u00e2ce \u00e0 un \u00e9clairage d&rsquo;ambiance personnalisable qui s&rsquo;adapte intelligemment aux conditions lumineuses de l&rsquo;habitacle.<\/p>\n<p>Les technologies embarqu\u00e9es atteignent un niveau in\u00e9gal\u00e9 avec une navigation \u00e0 r\u00e9alit\u00e9 augment\u00e9e, une connectivit\u00e9 avanc\u00e9e et une interface intuitive qui anticipe vos besoins. Le silence de fonctionnement est renforc\u00e9 par une insonorisation active, tandis que les mat\u00e9riaux nobles, les si\u00e8ges massants et la suspension adaptative garantissent un confort absolu, m\u00eame \u00e0 vitesse \u00e9lev\u00e9e. Cette berline \u00e9lectrique sportive pr\u00e9serve ainsi l&rsquo;ADN Mercedes-Benz jusque dans ses moindres d\u00e9tails.<\/p>\n<h2>Design ext\u00e9rieur AMG Line et grill sp\u00e9cifique<\/h2>\n<p>L&rsquo;esth\u00e9tique ext\u00e9rieure de la Mercedes-AMG EQS affirme son caract\u00e8re sportif tout en pr\u00e9servant l&rsquo;\u00e9l\u00e9gance propre \u00e0 la marque :<\/p>\n<ul>\n<li>Calandre Panamericana sp\u00e9cifique AMG avec ses \u00e9l\u00e9gantes barrettes chrom\u00e9es verticales ;<\/li>\n<li>Jantes a\u00e9rodynamiques de 21 ou 22 pouces optimisant l&rsquo;efficience \u00e9nerg\u00e9tique ;<\/li>\n<li>Inserts chrom\u00e9s renfor\u00e7ant le caract\u00e8re premium du v\u00e9hicule ;<\/li>\n<li>A\u00e9rodynamisme record avec un coefficient de p\u00e9n\u00e9tration dans l&rsquo;air (Cx) de 0,20.<\/li>\n<\/ul>\n<p>Ce travail minutieux sur chaque d\u00e9tail de carrosserie permet non seulement d&rsquo;affirmer le caract\u00e8re sportif de l&rsquo;AMG EQS, mais aussi d&rsquo;optimiser son autonomie. La signature lumineuse sp\u00e9cifique avec ses phares Digital Light compl\u00e8te cette esth\u00e9tique \u00e0 la fois \u00e9l\u00e9gante et performante.<\/p>\n<h2>Autonomie et sportivit\u00e9 ma\u00eetris\u00e9e de la Mercedes EQS AMG 53<\/h2>\n<p>La Mercedes EQS AMG 53 combine une impressionnante autonomie WLTP de 570 \u00e0 613 km avec une efficience \u00e9nerg\u00e9tique remarquable (consommation de 16,5 \u00e0 21 kWh\/100 km). Gr\u00e2ce \u00e0 sa recharge rapide permettant de passer de 10 \u00e0 80 % en seulement 30 minutes avec une puissance allant jusqu&rsquo;\u00e0 200 kW, cette berline sportive s&rsquo;adapte parfaitement \u00e0 tous vos trajets. Son a\u00e9rodynamisme record (Cx 0,20) et sa r\u00e9g\u00e9n\u00e9ration intelligente garantissent une consommation ma\u00eetris\u00e9e, m\u00eame \u00e0 rythme soutenu, que ce soit en ville ou sur autoroute.<\/p>\n<h2>Pour quel public ?<\/h2>\n<p>Cette berline de <a href=\"https:\/\/www.bymycar.be\/fr\/v\/mercedes\">Mercedes<\/a> s&rsquo;adresse \u00e0 une client\u00e8le exigeante recherchant le prestige et l&rsquo;\u00e9motion sportive. Les amateurs de la finition AMG Line y trouveront l&rsquo;\u00e9quilibre parfait entre performance et raffinement. Chez BYmyCAR, nos conseillers vous guident dans votre choix de cette Mercedes EQS AMG, v\u00e9ritable concentr\u00e9 d&rsquo;innovation technologique et de luxe absolu qui ne renonce jamais au silence l\u00e9gendaire de la marque.<\/p>\n<h2>FAQ Mercedes EQS AMG<\/h2>\n<h3>Quel est le prix d&rsquo;une Mercedes EQS AMG ?<\/h3>\n<p>La version AMG de la Mercedes EQS propose un niveau de performance sup\u00e9rieur avec un prix adapt\u00e9. Nos conseillers BYmyCAR vous pr\u00e9senteront les diff\u00e9rentes formules disponibles.<\/p>\n<h3>Quel est le prix d&rsquo;une Mercedes-AMG EQS 53 4MATIC+ ?<\/h3>\n<p>Le mod\u00e8le haut de gamme Mercedes-AMG EQS 53 4MATIC+ offre des performances exceptionnelles. Pour d\u00e9couvrir son tarif personnalis\u00e9, prenez rendez-vous avec nos conseillers BYmyCAR.<\/p>\n<h3>Quelle est l&rsquo;AMG la plus puissante du monde ?<\/h3>\n<p>La Mercedes-AMG EQS 53 4MATIC+ figure parmi les mod\u00e8les AMG les plus impressionnants avec ses 761 ch en mode boost et 1020 Nm de couple. Pour d\u00e9couvrir toute la puissance de ce mod\u00e8le, contactez nos conseillers BYmyCAR.<\/p>\n<p><strong>Sources :<\/strong><\/p>\n<ul>\n<li><a href=\"https:\/\/media.mercedes-benz.fr\/nouvelle-mercedes-amg-eqs-53-4matic\/\" target=\"_blank\" rel=\"noopener\">Mercedes-AMG EQS 53 4MATIC+ : Driving Performance &#8230;<\/a><\/li>\n<li><a href=\"https:\/\/www.mercedes-kroely.fr\/gammes-mercedes-benz\/eqs\" target=\"_blank\" rel=\"noopener\">Mercedes EQS Berline &#8211; D\u00e9couvrez la nouvelle gamme &#8230;<\/a><\/li>\n<li><a href=\"https:\/\/www.autoscout24.fr\/voiture\/mercedes-benz\/mercedes-benz-eqs\/\" target=\"_blank\" rel=\"noopener\">Mercedes-Benz EQS &#8211; Info, prix, alternatives Autoscout24<\/a><\/li>\n<li><a href=\"https:\/\/www.turbo.fr\/mercedes\/eqs\/essai-auto\/essai-mercedes-amg-eqs-53-4matic-une-amg-sans-bruit-t-elle-le-droit-dexister-189533\" target=\"_blank\" rel=\"noopener\">ESSAI \u2013 Mercedes-AMG EQS 53 4MATIC+<\/a><\/li>\n<li><a href=\"https:\/\/zeperfs.com\/fiche9971-mercedes-eqs-53-amg-4matic-dynamic.htm\" target=\"_blank\" rel=\"noopener\">Mercedes EQS 53 AMG 4Matic Dynamic 761 ch<\/a><\/li>\n<li><a href=\"https:\/\/www.caradisiac.com\/plus-de-500-km-d-autonomie-reelle-ca-change-la-vie-en-voiture-electrique-216961.htm\" target=\"_blank\" rel=\"noopener\">Plus de 500 km d&rsquo;autonomie r\u00e9elle, \u00e7a change la vie en &#8230;<\/a><\/li>\n<li><a href=\"https:\/\/www.lesnumeriques.com\/voiture\/essai-mercedes-eqs-450-amg-line-quand-electrique-rime-avec-excellence-et-performance-n172049.html\" target=\"_blank\" rel=\"noopener\">Essai Mercedes EQS 450+ AMG Line : quand \u00e9lectrique &#8230;<\/a><\/li>\n<li><a href=\"https:\/\/www.frandroid.com\/marques\/mercedes-benz\/1134417_essai-de-la-mercedes-eqs-le-luxe-et-la-technologie-a-outrance\" target=\"_blank\" rel=\"noopener\">Essai Mercedes EQS : notre avis complet &#8211; Frandroid<\/a><\/li>\n<\/ul>\n<p><!--StartFragment --><\/p>\n<p class=\"pf0\"><span class=\"cf0\"><strong>D\u00e9couvrez aussi :<\/strong> <\/span><\/p>\n<ul>\n<li class=\"pf1\"><a href=\"https:\/\/www.bymycar.be\/webzine\/mercedes-eqs-quelle-autonomie-reelle-sur-route-et-autoroute\/\"><span class=\"cf1\">Mercedes EQS : quelle autonomie r\u00e9elle sur route et autoroute ?<\/span><\/a><\/li>\n<li class=\"pf1\"><a href=\"https:\/\/www.bymycar.be\/webzine\/acheter-une-mercedes-benz-eqs-doccasion-une-limousine-electrique-accompagnee-par-bymycar\/\"><span class=\"cf1\">Acheter une Mercedes EQS d\u2019occasion : bonne affaire ou risque financier ?<\/span><\/a><\/li>\n<\/ul>\n<p><!--EndFragment --><\/p>\n"}}]}},"yoast_head":"<!-- This site is optimized with the Yoast SEO Premium plugin v26.4 (Yoast SEO v27.1.1) - https:\/\/yoast.com\/product\/yoast-seo-premium-wordpress\/ -->\n<title>EQS AMG : luxe et sportivit\u00e9 font-ils bon m\u00e9nage ? - Webzine BE | BYmyCAR<\/title>\n<meta name=\"robots\" content=\"index, follow, max-snippet:-1, max-image-preview:large, max-video-preview:-1\" \/>\n<link rel=\"canonical\" href=\"https:\/\/www.bymycar.be\/webzine\/eqs-amg-luxe-et-sportivite-font-ils-bon-menage\/\" \/>\n<meta property=\"og:locale\" content=\"fr_FR\" \/>\n<meta property=\"og:type\" content=\"article\" \/>\n<meta property=\"og:title\" content=\"EQS AMG : luxe et sportivit\u00e9 font-ils bon m\u00e9nage ?\" \/>\n<meta property=\"og:url\" content=\"https:\/\/www.bymycar.be\/webzine\/eqs-amg-luxe-et-sportivite-font-ils-bon-menage\/\" \/>\n<meta property=\"og:site_name\" content=\"Webzine BE | BYmyCAR\" \/>\n<meta property=\"article:publisher\" content=\"https:\/\/www.facebook.com\/BYmyCAR.officiel\/\" \/>\n<meta property=\"article:published_time\" content=\"2026-01-05T09:01:01+00:00\" \/>\n<meta property=\"article:modified_time\" content=\"2026-01-05T09:05:39+00:00\" \/>\n<meta name=\"author\" content=\"Tom Fernandes\" \/>\n<meta name=\"twitter:card\" content=\"summary_large_image\" \/>\n<meta name=\"twitter:label1\" content=\"\u00c9crit par\" \/>\n\t<meta name=\"twitter:data1\" content=\"Tom Fernandes\" \/>\n<script type=\"application\/ld+json\" class=\"yoast-schema-graph\">{\"@context\":\"https:\/\/schema.org\",\"@graph\":[{\"@type\":\"Article\",\"@id\":\"https:\/\/www.bymycar.be\/webzine\/eqs-amg-luxe-et-sportivite-font-ils-bon-menage\/#article\",\"isPartOf\":{\"@id\":\"https:\/\/www.bymycar.be\/webzine\/eqs-amg-luxe-et-sportivite-font-ils-bon-menage\/\"},\"author\":{\"name\":\"Tom Fernandes\",\"@id\":\"https:\/\/www.bymycar.be\/webzine\/nl\/#\/schema\/person\/6cd99e624bbd64604349ff20ee1ed853\"},\"headline\":\"EQS AMG : luxe et sportivit\u00e9 font-ils bon m\u00e9nage ?\",\"datePublished\":\"2026-01-05T09:01:01+00:00\",\"dateModified\":\"2026-01-05T09:05:39+00:00\",\"mainEntityOfPage\":{\"@id\":\"https:\/\/www.bymycar.be\/webzine\/eqs-amg-luxe-et-sportivite-font-ils-bon-menage\/\"},\"wordCount\":9,\"publisher\":{\"@id\":\"https:\/\/www.bymycar.be\/webzine\/nl\/#organization\"},\"articleSection\":[\"Guide d'achat Mercedes\"],\"inLanguage\":\"fr-FR\"},{\"@type\":\"WebPage\",\"@id\":\"https:\/\/www.bymycar.be\/webzine\/eqs-amg-luxe-et-sportivite-font-ils-bon-menage\/\",\"url\":\"https:\/\/www.bymycar.be\/webzine\/eqs-amg-luxe-et-sportivite-font-ils-bon-menage\/\",\"name\":\"EQS AMG : luxe et sportivit\u00e9 font-ils bon m\u00e9nage ? - Webzine BE | BYmyCAR\",\"isPartOf\":{\"@id\":\"https:\/\/www.bymycar.be\/webzine\/nl\/#website\"},\"datePublished\":\"2026-01-05T09:01:01+00:00\",\"dateModified\":\"2026-01-05T09:05:39+00:00\",\"breadcrumb\":{\"@id\":\"https:\/\/www.bymycar.be\/webzine\/eqs-amg-luxe-et-sportivite-font-ils-bon-menage\/#breadcrumb\"},\"inLanguage\":\"fr-FR\",\"potentialAction\":[{\"@type\":\"ReadAction\",\"target\":[\"https:\/\/www.bymycar.be\/webzine\/eqs-amg-luxe-et-sportivite-font-ils-bon-menage\/\"]}]},{\"@type\":\"BreadcrumbList\",\"@id\":\"https:\/\/www.bymycar.be\/webzine\/eqs-amg-luxe-et-sportivite-font-ils-bon-menage\/#breadcrumb\",\"itemListElement\":[{\"@type\":\"ListItem\",\"position\":1,\"name\":\"Accueil\",\"item\":\"https:\/\/www.bymycar.be\/webzine\/\"},{\"@type\":\"ListItem\",\"position\":2,\"name\":\"EQS AMG : luxe et sportivit\u00e9 font-ils bon m\u00e9nage ?\"}]},{\"@type\":\"WebSite\",\"@id\":\"https:\/\/www.bymycar.be\/webzine\/nl\/#website\",\"url\":\"https:\/\/www.bymycar.be\/webzine\/nl\/\",\"name\":\"Webzine | BYmyCAR\",\"description\":\"_Le webzine auto de\",\"publisher\":{\"@id\":\"https:\/\/www.bymycar.be\/webzine\/nl\/#organization\"},\"potentialAction\":[{\"@type\":\"SearchAction\",\"target\":{\"@type\":\"EntryPoint\",\"urlTemplate\":\"https:\/\/www.bymycar.be\/webzine\/nl\/?s={search_term_string}\"},\"query-input\":{\"@type\":\"PropertyValueSpecification\",\"valueRequired\":true,\"valueName\":\"search_term_string\"}}],\"inLanguage\":\"fr-FR\"},{\"@type\":\"Organization\",\"@id\":\"https:\/\/www.bymycar.be\/webzine\/nl\/#organization\",\"name\":\"Webzine | BYmyCAR\",\"url\":\"https:\/\/www.bymycar.be\/webzine\/nl\/\",\"logo\":{\"@type\":\"ImageObject\",\"inLanguage\":\"fr-FR\",\"@id\":\"https:\/\/www.bymycar.be\/webzine\/nl\/#\/schema\/logo\/image\/\",\"url\":\"https:\/\/cdn.bymycar.eu\/be-webzine\/wp-content\/uploads\/2024\/11\/20203047\/logo.png\",\"contentUrl\":\"https:\/\/cdn.bymycar.eu\/be-webzine\/wp-content\/uploads\/2024\/11\/20203047\/logo.png\",\"width\":1280,\"height\":512,\"caption\":\"Webzine | BYmyCAR\"},\"image\":{\"@id\":\"https:\/\/www.bymycar.be\/webzine\/nl\/#\/schema\/logo\/image\/\"},\"sameAs\":[\"https:\/\/www.facebook.com\/BYmyCAR.officiel\/\",\"https:\/\/www.instagram.com\/bymycar.officiel\/\"]},{\"@type\":\"Person\",\"@id\":\"https:\/\/www.bymycar.be\/webzine\/nl\/#\/schema\/person\/6cd99e624bbd64604349ff20ee1ed853\",\"name\":\"Tom Fernandes\",\"image\":{\"@type\":\"ImageObject\",\"inLanguage\":\"fr-FR\",\"@id\":\"https:\/\/www.bymycar.be\/webzine\/nl\/#\/schema\/person\/image\/\",\"url\":\"https:\/\/secure.gravatar.com\/avatar\/81b17c0cc5a6f1f7f394984269a7cbad9c7cca9604839da024242cf665051fbf?s=96&d=mm&r=g\",\"contentUrl\":\"https:\/\/secure.gravatar.com\/avatar\/81b17c0cc5a6f1f7f394984269a7cbad9c7cca9604839da024242cf665051fbf?s=96&d=mm&r=g\",\"caption\":\"Tom Fernandes\"}}]}<\/script>\n<!-- \/ Yoast SEO Premium plugin. -->","yoast_head_json":{"title":"EQS AMG : luxe et sportivit\u00e9 font-ils bon m\u00e9nage ? - Webzine BE | BYmyCAR","robots":{"index":"index","follow":"follow","max-snippet":"max-snippet:-1","max-image-preview":"max-image-preview:large","max-video-preview":"max-video-preview:-1"},"canonical":"https:\/\/www.bymycar.be\/webzine\/eqs-amg-luxe-et-sportivite-font-ils-bon-menage\/","og_locale":"fr_FR","og_type":"article","og_title":"EQS AMG : luxe et sportivit\u00e9 font-ils bon m\u00e9nage ?","og_url":"https:\/\/www.bymycar.be\/webzine\/eqs-amg-luxe-et-sportivite-font-ils-bon-menage\/","og_site_name":"Webzine BE | BYmyCAR","article_publisher":"https:\/\/www.facebook.com\/BYmyCAR.officiel\/","article_published_time":"2026-01-05T09:01:01+00:00","article_modified_time":"2026-01-05T09:05:39+00:00","author":"Tom Fernandes","twitter_card":"summary_large_image","twitter_misc":{"\u00c9crit par":"Tom Fernandes"},"schema":{"@context":"https:\/\/schema.org","@graph":[{"@type":"Article","@id":"https:\/\/www.bymycar.be\/webzine\/eqs-amg-luxe-et-sportivite-font-ils-bon-menage\/#article","isPartOf":{"@id":"https:\/\/www.bymycar.be\/webzine\/eqs-amg-luxe-et-sportivite-font-ils-bon-menage\/"},"author":{"name":"Tom Fernandes","@id":"https:\/\/www.bymycar.be\/webzine\/nl\/#\/schema\/person\/6cd99e624bbd64604349ff20ee1ed853"},"headline":"EQS AMG : luxe et sportivit\u00e9 font-ils bon m\u00e9nage ?","datePublished":"2026-01-05T09:01:01+00:00","dateModified":"2026-01-05T09:05:39+00:00","mainEntityOfPage":{"@id":"https:\/\/www.bymycar.be\/webzine\/eqs-amg-luxe-et-sportivite-font-ils-bon-menage\/"},"wordCount":9,"publisher":{"@id":"https:\/\/www.bymycar.be\/webzine\/nl\/#organization"},"articleSection":["Guide d'achat Mercedes"],"inLanguage":"fr-FR"},{"@type":"WebPage","@id":"https:\/\/www.bymycar.be\/webzine\/eqs-amg-luxe-et-sportivite-font-ils-bon-menage\/","url":"https:\/\/www.bymycar.be\/webzine\/eqs-amg-luxe-et-sportivite-font-ils-bon-menage\/","name":"EQS AMG : luxe et sportivit\u00e9 font-ils bon m\u00e9nage ? - Webzine BE | BYmyCAR","isPartOf":{"@id":"https:\/\/www.bymycar.be\/webzine\/nl\/#website"},"datePublished":"2026-01-05T09:01:01+00:00","dateModified":"2026-01-05T09:05:39+00:00","breadcrumb":{"@id":"https:\/\/www.bymycar.be\/webzine\/eqs-amg-luxe-et-sportivite-font-ils-bon-menage\/#breadcrumb"},"inLanguage":"fr-FR","potentialAction":[{"@type":"ReadAction","target":["https:\/\/www.bymycar.be\/webzine\/eqs-amg-luxe-et-sportivite-font-ils-bon-menage\/"]}]},{"@type":"BreadcrumbList","@id":"https:\/\/www.bymycar.be\/webzine\/eqs-amg-luxe-et-sportivite-font-ils-bon-menage\/#breadcrumb","itemListElement":[{"@type":"ListItem","position":1,"name":"Accueil","item":"https:\/\/www.bymycar.be\/webzine\/"},{"@type":"ListItem","position":2,"name":"EQS AMG : luxe et sportivit\u00e9 font-ils bon m\u00e9nage ?"}]},{"@type":"WebSite","@id":"https:\/\/www.bymycar.be\/webzine\/nl\/#website","url":"https:\/\/www.bymycar.be\/webzine\/nl\/","name":"Webzine | BYmyCAR","description":"_Le webzine auto de","publisher":{"@id":"https:\/\/www.bymycar.be\/webzine\/nl\/#organization"},"potentialAction":[{"@type":"SearchAction","target":{"@type":"EntryPoint","urlTemplate":"https:\/\/www.bymycar.be\/webzine\/nl\/?s={search_term_string}"},"query-input":{"@type":"PropertyValueSpecification","valueRequired":true,"valueName":"search_term_string"}}],"inLanguage":"fr-FR"},{"@type":"Organization","@id":"https:\/\/www.bymycar.be\/webzine\/nl\/#organization","name":"Webzine | BYmyCAR","url":"https:\/\/www.bymycar.be\/webzine\/nl\/","logo":{"@type":"ImageObject","inLanguage":"fr-FR","@id":"https:\/\/www.bymycar.be\/webzine\/nl\/#\/schema\/logo\/image\/","url":"https:\/\/cdn.bymycar.eu\/be-webzine\/wp-content\/uploads\/2024\/11\/20203047\/logo.png","contentUrl":"https:\/\/cdn.bymycar.eu\/be-webzine\/wp-content\/uploads\/2024\/11\/20203047\/logo.png","width":1280,"height":512,"caption":"Webzine | BYmyCAR"},"image":{"@id":"https:\/\/www.bymycar.be\/webzine\/nl\/#\/schema\/logo\/image\/"},"sameAs":["https:\/\/www.facebook.com\/BYmyCAR.officiel\/","https:\/\/www.instagram.com\/bymycar.officiel\/"]},{"@type":"Person","@id":"https:\/\/www.bymycar.be\/webzine\/nl\/#\/schema\/person\/6cd99e624bbd64604349ff20ee1ed853","name":"Tom Fernandes","image":{"@type":"ImageObject","inLanguage":"fr-FR","@id":"https:\/\/www.bymycar.be\/webzine\/nl\/#\/schema\/person\/image\/","url":"https:\/\/secure.gravatar.com\/avatar\/81b17c0cc5a6f1f7f394984269a7cbad9c7cca9604839da024242cf665051fbf?s=96&d=mm&r=g","contentUrl":"https:\/\/secure.gravatar.com\/avatar\/81b17c0cc5a6f1f7f394984269a7cbad9c7cca9604839da024242cf665051fbf?s=96&d=mm&r=g","caption":"Tom Fernandes"}}]}},"_links":{"self":[{"href":"https:\/\/www.bymycar.be\/webzine\/wp-json\/wp\/v2\/posts\/5610","targetHints":{"allow":["GET"]}}],"collection":[{"href":"https:\/\/www.bymycar.be\/webzine\/wp-json\/wp\/v2\/posts"}],"about":[{"href":"https:\/\/www.bymycar.be\/webzine\/wp-json\/wp\/v2\/types\/post"}],"author":[{"embeddable":true,"href":"https:\/\/www.bymycar.be\/webzine\/wp-json\/wp\/v2\/users\/17"}],"replies":[{"embeddable":true,"href":"https:\/\/www.bymycar.be\/webzine\/wp-json\/wp\/v2\/comments?post=5610"}],"version-history":[{"count":3,"href":"https:\/\/www.bymycar.be\/webzine\/wp-json\/wp\/v2\/posts\/5610\/revisions"}],"predecessor-version":[{"id":5616,"href":"https:\/\/www.bymycar.be\/webzine\/wp-json\/wp\/v2\/posts\/5610\/revisions\/5616"}],"wp:attachment":[{"href":"https:\/\/www.bymycar.be\/webzine\/wp-json\/wp\/v2\/media?parent=5610"}],"wp:term":[{"taxonomy":"category","embeddable":true,"href":"https:\/\/www.bymycar.be\/webzine\/wp-json\/wp\/v2\/categories?post=5610"},{"taxonomy":"post_tag","embeddable":true,"href":"https:\/\/www.bymycar.be\/webzine\/wp-json\/wp\/v2\/tags?post=5610"}],"curies":[{"name":"wp","href":"https:\/\/api.w.org\/{rel}","templated":true}]}}