{"id":5605,"date":"2026-01-05T09:51:38","date_gmt":"2026-01-05T08:51:38","guid":{"rendered":"https:\/\/www.bymycar.be\/webzine\/?p=5605"},"modified":"2026-01-05T10:05:45","modified_gmt":"2026-01-05T09:05:45","slug":"acheter-une-mercedes-benz-eqs-doccasion-une-limousine-electrique-accompagnee-par-bymycar","status":"publish","type":"post","link":"https:\/\/www.bymycar.be\/webzine\/acheter-une-mercedes-benz-eqs-doccasion-une-limousine-electrique-accompagnee-par-bymycar\/","title":{"rendered":"Acheter une Mercedes-Benz EQS d&rsquo;occasion : une limousine \u00e9lectrique accompagn\u00e9e par BYmyCAR"},"content":{"rendered":"","protected":false},"excerpt":{"rendered":"","protected":false},"author":17,"featured_media":0,"comment_status":"closed","ping_status":"closed","sticky":false,"template":"","format":"standard","meta":{"_acf_changed":false,"footnotes":""},"categories":[1458],"tags":[],"class_list":["post-5605","post","type-post","status-publish","format-standard","hentry","category-guide-dachat-mercedes"],"acf":{"image":{"ID":5606,"id":5606,"title":"24c0112-004","filename":"24c0112-004-scaled.jpg","filesize":169365,"url":"https:\/\/cdn.bymycar.eu\/be-webzine\/wp-content\/uploads\/2026\/01\/05095010\/24c0112-004-scaled.jpg","link":"https:\/\/www.bymycar.be\/webzine\/acheter-une-mercedes-benz-eqs-doccasion-une-limousine-electrique-accompagnee-par-bymycar\/24c0112-004\/","alt":"Mercedes EQS","author":"17","description":"","caption":"","name":"24c0112-004","status":"inherit","uploaded_to":5605,"date":"2026-01-05 08:50:06","modified":"2026-01-05 08:50:34","menu_order":0,"mime_type":"image\/jpeg","type":"image","subtype":"jpeg","icon":"https:\/\/www.bymycar.be\/webzine\/wp-includes\/images\/media\/default.png","width":2560,"height":1706,"sizes":{"thumbnail":"https:\/\/cdn.bymycar.eu\/be-webzine\/wp-content\/uploads\/2026\/01\/05095010\/24c0112-004-150x150.jpg","thumbnail-width":150,"thumbnail-height":150,"medium":"https:\/\/cdn.bymycar.eu\/be-webzine\/wp-content\/uploads\/2026\/01\/05095010\/24c0112-004-300x200.jpg","medium-width":300,"medium-height":200,"medium_large":"https:\/\/cdn.bymycar.eu\/be-webzine\/wp-content\/uploads\/2026\/01\/05095010\/24c0112-004-768x512.jpg","medium_large-width":768,"medium_large-height":512,"large":"https:\/\/cdn.bymycar.eu\/be-webzine\/wp-content\/uploads\/2026\/01\/05095010\/24c0112-004-1024x683.jpg","large-width":1024,"large-height":683,"1536x1536":"https:\/\/cdn.bymycar.eu\/be-webzine\/wp-content\/uploads\/2026\/01\/05095010\/24c0112-004-1536x1024.jpg","1536x1536-width":1536,"1536x1536-height":1024,"2048x2048":"https:\/\/cdn.bymycar.eu\/be-webzine\/wp-content\/uploads\/2026\/01\/05095010\/24c0112-004-2048x1365.jpg","2048x2048-width":2048,"2048x2048-height":1365}},"introduction":"<p>Entrez dans l&rsquo;univers du luxe \u00e9lectrique sans supporter le co\u00fbt du neuf avec la Mercedes-Benz EQS d&rsquo;occasion. Cette berline d&rsquo;exception allie technologie de pointe et confort premium pour une exp\u00e9rience de conduite haut de gamme. Chez BYmyCAR, nos conseillers vous accompagnent dans la s\u00e9lection du mod\u00e8le id\u00e9al parmi notre gamme de v\u00e9hicules d&rsquo;occasion certifi\u00e9s, garantissant une exp\u00e9rience d&rsquo;achat sereine pour cette voiture d&rsquo;occasion prestigieuse.<\/p>\n<p>&nbsp;<\/p>\n<p style=\"text-align: center;\"><a href=\"https:\/\/www.bymycar.be\/webzine\/eqs-mercedes-reussit-elle-a-reinventer-la-berline-de-luxe-electrique\/\"  class=\"css-button css-button--gold\" >\n                Tout savoir sur la Mercedes EQS\n        <\/a><\/p>\n","add-to-bo":false,"page_content":{"block_content":[{"acf_fc_layout":"carousel-produits"},{"acf_fc_layout":"text-simple","--nav":{"-withNav":false,"-ancre":""},"--group":{"-text":"<h2>Mercedes EQS d&rsquo;occasion : un rapport luxe-prix irr\u00e9sistible<\/h2>\n<p>La Mercedes-Benz EQS d&rsquo;occasion vous offre un avantage financier consid\u00e9rable \u00e0 l&rsquo;acquisition, tout en vous permettant d&rsquo;acc\u00e9der \u00e0 l&rsquo;excellence automobile \u00e9lectrique. Cette berline premium conjugue mat\u00e9riaux nobles, technologies de pointe et confort exceptionnel pour une exp\u00e9rience de conduite v\u00e9ritablement haut de gamme.<\/p>\n<p>L&rsquo;achat d&rsquo;une EQS d&rsquo;occasion chez BYmyCAR vous garantit un v\u00e9hicule rigoureusement contr\u00f4l\u00e9, dot\u00e9 d&rsquo;\u00e9quipements luxueux comme l&rsquo;impressionnant MBUX Hyperscreen et son habitacle raffin\u00e9. Nos conseillers vous accompagnent pour trouver l&rsquo;EQS qui correspond parfaitement \u00e0 vos attentes, avec tout le prestige <a href=\"https:\/\/www.bymycar.be\/fr\/v\/mercedes\">Mercedes-Benz<\/a> \u00e0 un rapport qualit\u00e9-prix particuli\u00e8rement attractif.<\/p>\n<h2>Fiabilit\u00e9 et garantie : l&rsquo;essentiel<\/h2>\n<h3>Garantie batterie et programme Certified Mercedes-Benz<\/h3>\n<p>La <a href=\"https:\/\/www.bymycar.be\/fr\/v\/mercedes-eqs\" target=\"_blank\" rel=\"noopener\">Mercedes-Benz EQS<\/a> b\u00e9n\u00e9ficie d&rsquo;une garantie batterie exceptionnelle de 10 ans ou 250 000 km, assurant que la capacit\u00e9 maximale ne descendra pas sous les 70 %. Cette protection substantielle t\u00e9moigne de la confiance du constructeur dans sa technologie. Les v\u00e9hicules d&rsquo;occasion certifi\u00e9s Mercedes-Benz passent par plus d&rsquo;une centaine de points de contr\u00f4le qualit\u00e9 et profitent d&rsquo;une garantie standard de 24 mois, avec possibilit\u00e9 d&rsquo;extension jusqu&rsquo;\u00e0 5 ans pour certains mod\u00e8les \u00e9lectriques.<\/p>\n<h3>Car-Pass et historique transparent<\/h3>\n<p>Lors de l&rsquo;achat d&rsquo;une Mercedes-Benz EQS d&rsquo;occasion en Belgique, le Car-Pass constitue un document l\u00e9galement obligatoire que le vendeur doit vous remettre. Ce document officiel, valable deux mois, garantit la transparence sur l&rsquo;historique kilom\u00e9trique du v\u00e9hicule et, depuis 2024, inclut \u00e9galement l&rsquo;historique d&rsquo;entretien complet. Nos conseillers BYmyCAR s&rsquo;assurent que chaque v\u00e9hicule d&rsquo;occasion propos\u00e9 respecte ces normes de qualit\u00e9 pour vous offrir une exp\u00e9rience d&rsquo;achat en toute s\u00e9r\u00e9nit\u00e9.<\/p>\n<h2>Entretien simplifi\u00e9 et ma\u00eetrise des co\u00fbts<\/h2>\n<p>La Mercedes-Benz EQS offre une tranquillit\u00e9 d&rsquo;esprit appr\u00e9ciable gr\u00e2ce \u00e0 sa conception \u00e9lectrique qui simplifie consid\u00e9rablement l&rsquo;entretien courant. Son architecture sans bo\u00eete de vitesses complexe ni syst\u00e8me d&rsquo;\u00e9chappement r\u00e9duit significativement les interventions r\u00e9guli\u00e8res n\u00e9cessaires. Pour les propri\u00e9taires d&rsquo;une voiture d&rsquo;occasion, cela repr\u00e9sente une \u00e9conomie notable sur le long terme.<\/p>\n<p>La batterie, souvent per\u00e7ue comme un point d&rsquo;inqui\u00e9tude, b\u00e9n\u00e9ficie d&rsquo;une garantie exceptionnelle de 10 ans ou 250 000 km avec une capacit\u00e9 restante garantie d&rsquo;au moins 70 %. Cette durabilit\u00e9 remarquable assure une excellente protection de votre investissement, m\u00eame en seconde main.<\/p>\n<table>\n<thead>\n<tr>\n<th>\u00c9l\u00e9ment d&rsquo;entretien<\/th>\n<th>V\u00e9hicule thermique haut de gamme<\/th>\n<th>Mercedes-Benz EQS<\/th>\n<\/tr>\n<\/thead>\n<tbody>\n<tr>\n<td>Vidange et filtres<\/td>\n<td>R\u00e9guliers<\/td>\n<td>Inexistants<\/td>\n<\/tr>\n<tr>\n<td>Courroie\/distribution<\/td>\n<td>P\u00e9riodique<\/td>\n<td>Aucun<\/td>\n<\/tr>\n<tr>\n<td>Freins<\/td>\n<td>Usure rapide<\/td>\n<td>Usure r\u00e9duite (freinage r\u00e9g\u00e9n\u00e9ratif)<\/td>\n<\/tr>\n<tr>\n<td>Suspension<\/td>\n<td>Entretien standard<\/td>\n<td>Identique<\/td>\n<\/tr>\n<tr>\n<td>Climatisation<\/td>\n<td>Entretien standard<\/td>\n<td>Syst\u00e8me optimis\u00e9 avec pompe \u00e0 chaleur<\/td>\n<\/tr>\n<tr>\n<td>Pneumatiques<\/td>\n<td>Usure standard<\/td>\n<td>Usure comparable<\/td>\n<\/tr>\n<\/tbody>\n<\/table>\n<p>La simplicit\u00e9 m\u00e9canique de la Mercedes-Benz EQS vous permet ainsi de profiter d&rsquo;une exp\u00e9rience de luxe tout en ma\u00eetrisant vos co\u00fbts d&rsquo;entretien, un avantage consid\u00e9rable pour une voiture d&rsquo;occasion de ce standing.<\/p>\n<h2>Conseils pour un achat serein, m\u00eame pour une EQS d&rsquo;occasion Allemagne<\/h2>\n<p>Voici les points essentiels \u00e0 v\u00e9rifier avant de vous engager dans l&rsquo;achat d&rsquo;une Mercedes EQS d&rsquo;occasion :<\/p>\n<ul>\n<li>Privil\u00e9gier les mod\u00e8les encore sous garantie constructeur ou Certified Mercedes-Benz pour b\u00e9n\u00e9ficier d&rsquo;une couverture technique compl\u00e8te pendant 24 mois suppl\u00e9mentaires ;<\/li>\n<li>Toujours v\u00e9rifier l&rsquo;historique de la batterie et sa capacit\u00e9 restante, qui doit conserver au moins 70 % apr\u00e8s 8 ans\/160 000 km pour assurer une autonomie satisfaisante ;<\/li>\n<li>V\u00e9rifier le Car-Pass et l&rsquo;historique d&rsquo;entretien, particuli\u00e8rement important pour les v\u00e9hicules import\u00e9s d&rsquo;Allemagne o\u00f9 les donn\u00e9es kilom\u00e9triques peuvent \u00eatre moins tra\u00e7ables qu&rsquo;en Belgique ;<\/li>\n<li>Tester l&rsquo;ensemble des fonctionnalit\u00e9s embarqu\u00e9es et le bon fonctionnement du processus de recharge pour \u00e9viter toute mauvaise surprise apr\u00e8s l&rsquo;achat ;<\/li>\n<li>Comparer le rapport \u00e9quipement\/prix avec le neuf pour \u00e9valuer la pertinence de l&rsquo;achat, sachant que l&rsquo;avantage financier des <a href=\"https:\/\/www.bymycar.be\/fr\/v\/mercedes-eqs-occasion\">Mercedes EQS occasion<\/a> permet d&rsquo;acc\u00e9der au luxe premium \u00e0 co\u00fbt r\u00e9duit ;<\/li>\n<li>Solliciter nos conseillers BYmyCAR pour un essai personnalis\u00e9 qui vous permettra d&rsquo;appr\u00e9cier pleinement les qualit\u00e9s de cette berline \u00e9lectrique haut de gamme.<\/li>\n<\/ul>\n<p>L&rsquo;Allemagne repr\u00e9sente une source int\u00e9ressante pour l&rsquo;acquisition d&rsquo;une Mercedes EQS d&rsquo;occasion, offrant souvent un choix plus large et des \u00e9quipements premium.<\/p>\n<h2>Berline ou SUV ? Choisir la Mercedes EQS d&rsquo;occasion qui vous ressemble<\/h2>\n<h3>Design et espace int\u00e9rieur<\/h3>\n<p>La Mercedes EQS se d\u00e9cline en deux silhouettes distinctes pour r\u00e9pondre \u00e0 tous les besoins. La berline s\u00e9duit par son design futuriste et son a\u00e9rodynamisme exceptionnel avec un coefficient de tra\u00een\u00e9e (Cx) de seulement 0,20, garantissant une efficience \u00e9nerg\u00e9tique optimale. Le SUV, plus imposant avec ses 5,13 m\u00e8tres de long, offre une modularit\u00e9 sup\u00e9rieure et la possibilit\u00e9 d&rsquo;opter pour une configuration 7 places. Dans les deux versions, vous retrouverez le m\u00eame niveau de raffinement int\u00e9rieur avec des mat\u00e9riaux nobles et une technologie embarqu\u00e9e de pointe, signature de la marque \u00e0 l&rsquo;\u00e9toile.<\/p>\n<h3>Fiche express Mercedes EQS 450 et 580<\/h3>\n<p>La Mercedes EQS 450+ propose une motorisation \u00e9lectrique de 360 ch avec une autonomie pouvant atteindre 780 km en cycle WLTP pour la berline. Plus puissante, la version 580 4MATIC d\u00e9veloppe 544 ch gr\u00e2ce \u00e0 sa transmission int\u00e9grale, permettant une acc\u00e9l\u00e9ration de 0 \u00e0 100 km\/h en seulement 4,6 secondes. Les deux versions disposent d&rsquo;une imposante batterie de 108,4 kWh acceptant une charge rapide jusqu&rsquo;\u00e0 200 kW. Si vous recherchez un compromis entre autonomie et performances, l&rsquo;<a href=\"https:\/\/www.bymycar.be\/fr\/v\/mercedes-eqe-occasion\">EQE occasion<\/a> pourrait \u00e9galement r\u00e9pondre \u00e0 vos attentes.<\/p>\n<h3>Options AMG et Maybach : le luxe ultime<\/h3>\n<p>Pour les amateurs d&rsquo;exclusivit\u00e9, la finition AMG sublime l&rsquo;EQS avec un design sportif, des jantes sp\u00e9cifiques et un ch\u00e2ssis optimis\u00e9 pour une conduite plus dynamique. La version AMG EQS 53 4MATIC+ offre jusqu&rsquo;\u00e0 658 ch pour des sensations \u00e9lectriques incomparables. Au sommet de la gamme, la d\u00e9clinaison Maybach EQS 680 repr\u00e9sente le nec plus ultra du luxe avec ses finitions sur-mesure, ses si\u00e8ges arri\u00e8re fa\u00e7on classe affaires et ses \u00e9quipements exclusifs. Nos conseillers BYmyCAR vous accompagnent pour d\u00e9couvrir ces versions d&rsquo;exception qui subliment l&rsquo;exp\u00e9rience \u00e9lectrique premium.<\/p>\n<h2>FAQ sur la Mercedes EQS d&rsquo;occasion<\/h2>\n<h3>O\u00f9 acheter une Mercedes-Benz EQS d&rsquo;occasion ?<\/h3>\n<p>BYmyCAR est votre partenaire id\u00e9al pour l&rsquo;achat d&rsquo;une Mercedes EQS d&rsquo;occasion. Nos concessions vous offrent des v\u00e9hicules rigoureusement contr\u00f4l\u00e9s selon plus de 100 points de v\u00e9rification et b\u00e9n\u00e9ficiant du label Mercedes-Benz Certified avec une garantie \u00e9tendue jusqu&rsquo;\u00e0 24 mois. Nos conseillers vous accompagnent pour trouver le mod\u00e8le qui correspond parfaitement \u00e0 vos attentes.<\/p>\n<h3>Quels atouts pour une Mercedes EQS 450 d&rsquo;occasion ?<\/h3>\n<p>La Mercedes EQS 450+ d&rsquo;occasion s\u00e9duit par sa motorisation \u00e9lectrique de 333 ch, son autonomie g\u00e9n\u00e9reuse jusqu&rsquo;\u00e0 700 km et son confort de conduite exceptionnel. Chez BYmyCAR, vous b\u00e9n\u00e9ficiez d&rsquo;un v\u00e9hicule reconditionn\u00e9 par nos techniciens certifi\u00e9s avec la garantie d&rsquo;une batterie en excellent \u00e9tat et d&rsquo;un historique d&rsquo;entretien complet.<\/p>\n<h3>Quelle diff\u00e9rence entre la Mercedes EQS berline et SUV ?<\/h3>\n<p>La Mercedes EQS SUV se distingue de la berline par sa position de conduite sur\u00e9lev\u00e9e, son habitacle plus spacieux avec option 7 places et sa polyvalence accrue. L\u00e9g\u00e8rement plus courte, elle offre un volume de coffre sup\u00e9rieur tout en conservant l&rsquo;excellence technologique de la berline. Nos conseillers BYmyCAR vous accompagnent pour choisir la configuration qui correspond le mieux \u00e0 vos besoins.<\/p>\n<h3>La Mercedes EQS AMG d&rsquo;occasion vaut-elle le d\u00e9tour ?<\/h3>\n<p>Absolument ! La Mercedes-AMG EQS 53 4MATIC+ offre des performances exceptionnelles avec 649 ch et une acc\u00e9l\u00e9ration fulgurante. Son caract\u00e8re sportif, sa sonorit\u00e9 sp\u00e9cifique et ses \u00e9quipements exclusifs en font un mod\u00e8le d&rsquo;exception. Chez BYmyCAR, vous profitez de l&rsquo;expertise de nos conseillers pour acqu\u00e9rir ce mod\u00e8le prestigieux avec toutes les garanties n\u00e9cessaires.<\/p>\n<p><strong>Sources :<\/strong><\/p>\n<ul>\n<li><a href=\"https:\/\/www.quechoisir.org\/actualite-mercedes-eqs-premieres-impressions-n96688\/\" target=\"_blank\" rel=\"noopener\">Mercedes EQS &#8211; Premi\u00e8res impressions &#8211; Actualit\u00e9<\/a><\/li>\n<li><a href=\"https:\/\/www.annonces-automobile.com\/l-bm\/mercedes\/eqs\" target=\"_blank\" rel=\"noopener\">Mercedes EQS occasion en vente<\/a><\/li>\n<li><a href=\"https:\/\/certified.cars.mercedes-benz.be\/fr\/modelles\/eqs\" target=\"_blank\" rel=\"noopener\">L&rsquo;EQS | Occasion Mercedes-Benz Certified.<\/a><\/li>\n<li><a href=\"https:\/\/www.groupemet.fr\/vehicules\/occasion\/mercedes-benz-eqs\/\" target=\"_blank\" rel=\"noopener\">Voitures Mercedes EQS Occasion &#8211; Meilleur Prix<\/a><\/li>\n<li><a href=\"https:\/\/mercedes-chevalley.ch\/actualites\/bien-acheter-occasion-electrique\" target=\"_blank\" rel=\"noopener\">Comment bien acheter son v\u00e9hicule d&rsquo;occasion \u00e9lectrique ?<\/a><\/li>\n<li><a href=\"https:\/\/www.reddit.com\/r\/mercedes_benz\/comments\/1jk7t9n\/how_expensive_is_mercedes_maintenance\/\" target=\"_blank\" rel=\"noopener\">Combien co\u00fbte l&rsquo;entretien d&rsquo;une Mercedes<\/a><\/li>\n<li><a href=\"https:\/\/www.groupechopard.com\/mercedes-benz\/apres-vente\/nos-forfaits-utilitaires\/forfaits-entretien-mercedes-vito-electrique\/\" target=\"_blank\" rel=\"noopener\">Nos Forfaits pour l&rsquo;Entretien de votre Mercedes e-Vito &#8230;<\/a><\/li>\n<li><a href=\"https:\/\/www.autoplus.fr\/mercedes\/eqs\/mercedes-eqs-rappel-risque-dincendie-561733.html\" target=\"_blank\" rel=\"noopener\">La Mercedes EQS au rappel pour un risque d&rsquo;incendie<\/a><\/li>\n<li><a href=\"https:\/\/www.automobile-propre.com\/voitures\/mercedes-eqs\/preparer-mon-achat\/\" target=\"_blank\" rel=\"noopener\">Guide d&rsquo;achat Mercedes EQS : tout ce qu&rsquo;il faut savoir<\/a><\/li>\n<\/ul>\n<p><!--StartFragment --><\/p>\n<p class=\"pf0\"><span class=\"cf0\"><strong>D\u00e9couvrez aussi :<\/strong> <\/span><\/p>\n<ul>\n<li class=\"pf1\"><a href=\"https:\/\/www.bymycar.be\/webzine\/mercedes-eqs-quelle-autonomie-reelle-sur-route-et-autoroute\/\"><span class=\"cf1\">Mercedes EQS : quelle autonomie r\u00e9elle sur route et autoroute ?<\/span><\/a><\/li>\n<li class=\"pf1\"><a href=\"https:\/\/www.bymycar.be\/webzine\/eqs-amg-luxe-et-sportivite-font-ils-bon-menage\/\"><span class=\"cf1\">EQS AMG : luxe et sportivit\u00e9 font-ils bon m\u00e9nage ?<\/span><\/a><\/li>\n<\/ul>\n<p><!--EndFragment --><\/p>\n"}}]}},"yoast_head":"<!-- This site is optimized with the Yoast SEO Premium plugin v26.4 (Yoast SEO v27.1.1) - https:\/\/yoast.com\/product\/yoast-seo-premium-wordpress\/ -->\n<title>Acheter une Mercedes-Benz EQS d&#039;occasion : une limousine \u00e9lectrique accompagn\u00e9e par BYmyCAR - Webzine BE | BYmyCAR<\/title>\n<meta name=\"robots\" content=\"index, follow, max-snippet:-1, max-image-preview:large, max-video-preview:-1\" \/>\n<link rel=\"canonical\" href=\"https:\/\/www.bymycar.be\/webzine\/acheter-une-mercedes-benz-eqs-doccasion-une-limousine-electrique-accompagnee-par-bymycar\/\" \/>\n<meta property=\"og:locale\" content=\"fr_FR\" \/>\n<meta property=\"og:type\" content=\"article\" \/>\n<meta property=\"og:title\" content=\"Acheter une Mercedes-Benz EQS d&#039;occasion : une limousine \u00e9lectrique accompagn\u00e9e par BYmyCAR\" \/>\n<meta property=\"og:url\" content=\"https:\/\/www.bymycar.be\/webzine\/acheter-une-mercedes-benz-eqs-doccasion-une-limousine-electrique-accompagnee-par-bymycar\/\" \/>\n<meta property=\"og:site_name\" content=\"Webzine BE | BYmyCAR\" \/>\n<meta property=\"article:publisher\" content=\"https:\/\/www.facebook.com\/BYmyCAR.officiel\/\" \/>\n<meta property=\"article:published_time\" content=\"2026-01-05T08:51:38+00:00\" \/>\n<meta property=\"article:modified_time\" content=\"2026-01-05T09:05:45+00:00\" \/>\n<meta name=\"author\" content=\"Tom Fernandes\" \/>\n<meta name=\"twitter:card\" content=\"summary_large_image\" \/>\n<meta name=\"twitter:label1\" content=\"\u00c9crit par\" \/>\n\t<meta name=\"twitter:data1\" content=\"Tom Fernandes\" \/>\n<script type=\"application\/ld+json\" class=\"yoast-schema-graph\">{\"@context\":\"https:\/\/schema.org\",\"@graph\":[{\"@type\":\"Article\",\"@id\":\"https:\/\/www.bymycar.be\/webzine\/acheter-une-mercedes-benz-eqs-doccasion-une-limousine-electrique-accompagnee-par-bymycar\/#article\",\"isPartOf\":{\"@id\":\"https:\/\/www.bymycar.be\/webzine\/acheter-une-mercedes-benz-eqs-doccasion-une-limousine-electrique-accompagnee-par-bymycar\/\"},\"author\":{\"name\":\"Tom Fernandes\",\"@id\":\"https:\/\/www.bymycar.be\/webzine\/nl\/#\/schema\/person\/6cd99e624bbd64604349ff20ee1ed853\"},\"headline\":\"Acheter une Mercedes-Benz EQS d&rsquo;occasion : une limousine \u00e9lectrique accompagn\u00e9e par BYmyCAR\",\"datePublished\":\"2026-01-05T08:51:38+00:00\",\"dateModified\":\"2026-01-05T09:05:45+00:00\",\"mainEntityOfPage\":{\"@id\":\"https:\/\/www.bymycar.be\/webzine\/acheter-une-mercedes-benz-eqs-doccasion-une-limousine-electrique-accompagnee-par-bymycar\/\"},\"wordCount\":13,\"publisher\":{\"@id\":\"https:\/\/www.bymycar.be\/webzine\/nl\/#organization\"},\"articleSection\":[\"Guide d'achat Mercedes\"],\"inLanguage\":\"fr-FR\"},{\"@type\":\"WebPage\",\"@id\":\"https:\/\/www.bymycar.be\/webzine\/acheter-une-mercedes-benz-eqs-doccasion-une-limousine-electrique-accompagnee-par-bymycar\/\",\"url\":\"https:\/\/www.bymycar.be\/webzine\/acheter-une-mercedes-benz-eqs-doccasion-une-limousine-electrique-accompagnee-par-bymycar\/\",\"name\":\"Acheter une Mercedes-Benz EQS d'occasion : une limousine \u00e9lectrique accompagn\u00e9e par BYmyCAR - Webzine BE | BYmyCAR\",\"isPartOf\":{\"@id\":\"https:\/\/www.bymycar.be\/webzine\/nl\/#website\"},\"datePublished\":\"2026-01-05T08:51:38+00:00\",\"dateModified\":\"2026-01-05T09:05:45+00:00\",\"breadcrumb\":{\"@id\":\"https:\/\/www.bymycar.be\/webzine\/acheter-une-mercedes-benz-eqs-doccasion-une-limousine-electrique-accompagnee-par-bymycar\/#breadcrumb\"},\"inLanguage\":\"fr-FR\",\"potentialAction\":[{\"@type\":\"ReadAction\",\"target\":[\"https:\/\/www.bymycar.be\/webzine\/acheter-une-mercedes-benz-eqs-doccasion-une-limousine-electrique-accompagnee-par-bymycar\/\"]}]},{\"@type\":\"BreadcrumbList\",\"@id\":\"https:\/\/www.bymycar.be\/webzine\/acheter-une-mercedes-benz-eqs-doccasion-une-limousine-electrique-accompagnee-par-bymycar\/#breadcrumb\",\"itemListElement\":[{\"@type\":\"ListItem\",\"position\":1,\"name\":\"Accueil\",\"item\":\"https:\/\/www.bymycar.be\/webzine\/\"},{\"@type\":\"ListItem\",\"position\":2,\"name\":\"Acheter une Mercedes-Benz EQS d&rsquo;occasion : une limousine \u00e9lectrique accompagn\u00e9e par BYmyCAR\"}]},{\"@type\":\"WebSite\",\"@id\":\"https:\/\/www.bymycar.be\/webzine\/nl\/#website\",\"url\":\"https:\/\/www.bymycar.be\/webzine\/nl\/\",\"name\":\"Webzine | BYmyCAR\",\"description\":\"_Le webzine auto de\",\"publisher\":{\"@id\":\"https:\/\/www.bymycar.be\/webzine\/nl\/#organization\"},\"potentialAction\":[{\"@type\":\"SearchAction\",\"target\":{\"@type\":\"EntryPoint\",\"urlTemplate\":\"https:\/\/www.bymycar.be\/webzine\/nl\/?s={search_term_string}\"},\"query-input\":{\"@type\":\"PropertyValueSpecification\",\"valueRequired\":true,\"valueName\":\"search_term_string\"}}],\"inLanguage\":\"fr-FR\"},{\"@type\":\"Organization\",\"@id\":\"https:\/\/www.bymycar.be\/webzine\/nl\/#organization\",\"name\":\"Webzine | BYmyCAR\",\"url\":\"https:\/\/www.bymycar.be\/webzine\/nl\/\",\"logo\":{\"@type\":\"ImageObject\",\"inLanguage\":\"fr-FR\",\"@id\":\"https:\/\/www.bymycar.be\/webzine\/nl\/#\/schema\/logo\/image\/\",\"url\":\"https:\/\/cdn.bymycar.eu\/be-webzine\/wp-content\/uploads\/2024\/11\/20203047\/logo.png\",\"contentUrl\":\"https:\/\/cdn.bymycar.eu\/be-webzine\/wp-content\/uploads\/2024\/11\/20203047\/logo.png\",\"width\":1280,\"height\":512,\"caption\":\"Webzine | BYmyCAR\"},\"image\":{\"@id\":\"https:\/\/www.bymycar.be\/webzine\/nl\/#\/schema\/logo\/image\/\"},\"sameAs\":[\"https:\/\/www.facebook.com\/BYmyCAR.officiel\/\",\"https:\/\/www.instagram.com\/bymycar.officiel\/\"]},{\"@type\":\"Person\",\"@id\":\"https:\/\/www.bymycar.be\/webzine\/nl\/#\/schema\/person\/6cd99e624bbd64604349ff20ee1ed853\",\"name\":\"Tom Fernandes\",\"image\":{\"@type\":\"ImageObject\",\"inLanguage\":\"fr-FR\",\"@id\":\"https:\/\/www.bymycar.be\/webzine\/nl\/#\/schema\/person\/image\/\",\"url\":\"https:\/\/secure.gravatar.com\/avatar\/81b17c0cc5a6f1f7f394984269a7cbad9c7cca9604839da024242cf665051fbf?s=96&d=mm&r=g\",\"contentUrl\":\"https:\/\/secure.gravatar.com\/avatar\/81b17c0cc5a6f1f7f394984269a7cbad9c7cca9604839da024242cf665051fbf?s=96&d=mm&r=g\",\"caption\":\"Tom Fernandes\"}}]}<\/script>\n<!-- \/ Yoast SEO Premium plugin. -->","yoast_head_json":{"title":"Acheter une Mercedes-Benz EQS d'occasion : une limousine \u00e9lectrique accompagn\u00e9e par BYmyCAR - Webzine BE | BYmyCAR","robots":{"index":"index","follow":"follow","max-snippet":"max-snippet:-1","max-image-preview":"max-image-preview:large","max-video-preview":"max-video-preview:-1"},"canonical":"https:\/\/www.bymycar.be\/webzine\/acheter-une-mercedes-benz-eqs-doccasion-une-limousine-electrique-accompagnee-par-bymycar\/","og_locale":"fr_FR","og_type":"article","og_title":"Acheter une Mercedes-Benz EQS d'occasion : une limousine \u00e9lectrique accompagn\u00e9e par BYmyCAR","og_url":"https:\/\/www.bymycar.be\/webzine\/acheter-une-mercedes-benz-eqs-doccasion-une-limousine-electrique-accompagnee-par-bymycar\/","og_site_name":"Webzine BE | BYmyCAR","article_publisher":"https:\/\/www.facebook.com\/BYmyCAR.officiel\/","article_published_time":"2026-01-05T08:51:38+00:00","article_modified_time":"2026-01-05T09:05:45+00:00","author":"Tom Fernandes","twitter_card":"summary_large_image","twitter_misc":{"\u00c9crit par":"Tom Fernandes"},"schema":{"@context":"https:\/\/schema.org","@graph":[{"@type":"Article","@id":"https:\/\/www.bymycar.be\/webzine\/acheter-une-mercedes-benz-eqs-doccasion-une-limousine-electrique-accompagnee-par-bymycar\/#article","isPartOf":{"@id":"https:\/\/www.bymycar.be\/webzine\/acheter-une-mercedes-benz-eqs-doccasion-une-limousine-electrique-accompagnee-par-bymycar\/"},"author":{"name":"Tom Fernandes","@id":"https:\/\/www.bymycar.be\/webzine\/nl\/#\/schema\/person\/6cd99e624bbd64604349ff20ee1ed853"},"headline":"Acheter une Mercedes-Benz EQS d&rsquo;occasion : une limousine \u00e9lectrique accompagn\u00e9e par BYmyCAR","datePublished":"2026-01-05T08:51:38+00:00","dateModified":"2026-01-05T09:05:45+00:00","mainEntityOfPage":{"@id":"https:\/\/www.bymycar.be\/webzine\/acheter-une-mercedes-benz-eqs-doccasion-une-limousine-electrique-accompagnee-par-bymycar\/"},"wordCount":13,"publisher":{"@id":"https:\/\/www.bymycar.be\/webzine\/nl\/#organization"},"articleSection":["Guide d'achat Mercedes"],"inLanguage":"fr-FR"},{"@type":"WebPage","@id":"https:\/\/www.bymycar.be\/webzine\/acheter-une-mercedes-benz-eqs-doccasion-une-limousine-electrique-accompagnee-par-bymycar\/","url":"https:\/\/www.bymycar.be\/webzine\/acheter-une-mercedes-benz-eqs-doccasion-une-limousine-electrique-accompagnee-par-bymycar\/","name":"Acheter une Mercedes-Benz EQS d'occasion : une limousine \u00e9lectrique accompagn\u00e9e par BYmyCAR - Webzine BE | BYmyCAR","isPartOf":{"@id":"https:\/\/www.bymycar.be\/webzine\/nl\/#website"},"datePublished":"2026-01-05T08:51:38+00:00","dateModified":"2026-01-05T09:05:45+00:00","breadcrumb":{"@id":"https:\/\/www.bymycar.be\/webzine\/acheter-une-mercedes-benz-eqs-doccasion-une-limousine-electrique-accompagnee-par-bymycar\/#breadcrumb"},"inLanguage":"fr-FR","potentialAction":[{"@type":"ReadAction","target":["https:\/\/www.bymycar.be\/webzine\/acheter-une-mercedes-benz-eqs-doccasion-une-limousine-electrique-accompagnee-par-bymycar\/"]}]},{"@type":"BreadcrumbList","@id":"https:\/\/www.bymycar.be\/webzine\/acheter-une-mercedes-benz-eqs-doccasion-une-limousine-electrique-accompagnee-par-bymycar\/#breadcrumb","itemListElement":[{"@type":"ListItem","position":1,"name":"Accueil","item":"https:\/\/www.bymycar.be\/webzine\/"},{"@type":"ListItem","position":2,"name":"Acheter une Mercedes-Benz EQS d&rsquo;occasion : une limousine \u00e9lectrique accompagn\u00e9e par BYmyCAR"}]},{"@type":"WebSite","@id":"https:\/\/www.bymycar.be\/webzine\/nl\/#website","url":"https:\/\/www.bymycar.be\/webzine\/nl\/","name":"Webzine | BYmyCAR","description":"_Le webzine auto de","publisher":{"@id":"https:\/\/www.bymycar.be\/webzine\/nl\/#organization"},"potentialAction":[{"@type":"SearchAction","target":{"@type":"EntryPoint","urlTemplate":"https:\/\/www.bymycar.be\/webzine\/nl\/?s={search_term_string}"},"query-input":{"@type":"PropertyValueSpecification","valueRequired":true,"valueName":"search_term_string"}}],"inLanguage":"fr-FR"},{"@type":"Organization","@id":"https:\/\/www.bymycar.be\/webzine\/nl\/#organization","name":"Webzine | BYmyCAR","url":"https:\/\/www.bymycar.be\/webzine\/nl\/","logo":{"@type":"ImageObject","inLanguage":"fr-FR","@id":"https:\/\/www.bymycar.be\/webzine\/nl\/#\/schema\/logo\/image\/","url":"https:\/\/cdn.bymycar.eu\/be-webzine\/wp-content\/uploads\/2024\/11\/20203047\/logo.png","contentUrl":"https:\/\/cdn.bymycar.eu\/be-webzine\/wp-content\/uploads\/2024\/11\/20203047\/logo.png","width":1280,"height":512,"caption":"Webzine | BYmyCAR"},"image":{"@id":"https:\/\/www.bymycar.be\/webzine\/nl\/#\/schema\/logo\/image\/"},"sameAs":["https:\/\/www.facebook.com\/BYmyCAR.officiel\/","https:\/\/www.instagram.com\/bymycar.officiel\/"]},{"@type":"Person","@id":"https:\/\/www.bymycar.be\/webzine\/nl\/#\/schema\/person\/6cd99e624bbd64604349ff20ee1ed853","name":"Tom Fernandes","image":{"@type":"ImageObject","inLanguage":"fr-FR","@id":"https:\/\/www.bymycar.be\/webzine\/nl\/#\/schema\/person\/image\/","url":"https:\/\/secure.gravatar.com\/avatar\/81b17c0cc5a6f1f7f394984269a7cbad9c7cca9604839da024242cf665051fbf?s=96&d=mm&r=g","contentUrl":"https:\/\/secure.gravatar.com\/avatar\/81b17c0cc5a6f1f7f394984269a7cbad9c7cca9604839da024242cf665051fbf?s=96&d=mm&r=g","caption":"Tom Fernandes"}}]}},"_links":{"self":[{"href":"https:\/\/www.bymycar.be\/webzine\/wp-json\/wp\/v2\/posts\/5605","targetHints":{"allow":["GET"]}}],"collection":[{"href":"https:\/\/www.bymycar.be\/webzine\/wp-json\/wp\/v2\/posts"}],"about":[{"href":"https:\/\/www.bymycar.be\/webzine\/wp-json\/wp\/v2\/types\/post"}],"author":[{"embeddable":true,"href":"https:\/\/www.bymycar.be\/webzine\/wp-json\/wp\/v2\/users\/17"}],"replies":[{"embeddable":true,"href":"https:\/\/www.bymycar.be\/webzine\/wp-json\/wp\/v2\/comments?post=5605"}],"version-history":[{"count":3,"href":"https:\/\/www.bymycar.be\/webzine\/wp-json\/wp\/v2\/posts\/5605\/revisions"}],"predecessor-version":[{"id":5617,"href":"https:\/\/www.bymycar.be\/webzine\/wp-json\/wp\/v2\/posts\/5605\/revisions\/5617"}],"wp:attachment":[{"href":"https:\/\/www.bymycar.be\/webzine\/wp-json\/wp\/v2\/media?parent=5605"}],"wp:term":[{"taxonomy":"category","embeddable":true,"href":"https:\/\/www.bymycar.be\/webzine\/wp-json\/wp\/v2\/categories?post=5605"},{"taxonomy":"post_tag","embeddable":true,"href":"https:\/\/www.bymycar.be\/webzine\/wp-json\/wp\/v2\/tags?post=5605"}],"curies":[{"name":"wp","href":"https:\/\/api.w.org\/{rel}","templated":true}]}}