{"id":5593,"date":"2026-01-05T09:31:17","date_gmt":"2026-01-05T08:31:17","guid":{"rendered":"https:\/\/www.bymycar.be\/webzine\/?p=5593"},"modified":"2026-01-05T09:31:17","modified_gmt":"2026-01-05T08:31:17","slug":"eqs-mercedes-reussit-elle-a-reinventer-la-berline-de-luxe-electrique","status":"publish","type":"post","link":"https:\/\/www.bymycar.be\/webzine\/eqs-mercedes-reussit-elle-a-reinventer-la-berline-de-luxe-electrique\/","title":{"rendered":"EQS : Mercedes r\u00e9ussit-elle \u00e0 r\u00e9inventer la berline de luxe \u00e9lectrique ?"},"content":{"rendered":"","protected":false},"excerpt":{"rendered":"","protected":false},"author":17,"featured_media":0,"comment_status":"closed","ping_status":"closed","sticky":false,"template":"","format":"standard","meta":{"_acf_changed":false,"footnotes":""},"categories":[1458],"tags":[],"class_list":["post-5593","post","type-post","status-publish","format-standard","hentry","category-guide-dachat-mercedes"],"acf":{"image":{"ID":5594,"id":5594,"title":"24c0112-005","filename":"24c0112-005-scaled.jpg","filesize":183321,"url":"https:\/\/cdn.bymycar.eu\/be-webzine\/wp-content\/uploads\/2026\/01\/05092510\/24c0112-005-scaled.jpg","link":"https:\/\/www.bymycar.be\/webzine\/eqs-mercedes-reussit-elle-a-reinventer-la-berline-de-luxe-electrique\/24c0112-005\/","alt":"Mercedes EQS","author":"17","description":"","caption":"","name":"24c0112-005","status":"inherit","uploaded_to":5593,"date":"2026-01-05 08:25:06","modified":"2026-01-05 08:25:31","menu_order":0,"mime_type":"image\/jpeg","type":"image","subtype":"jpeg","icon":"https:\/\/www.bymycar.be\/webzine\/wp-includes\/images\/media\/default.png","width":2560,"height":1706,"sizes":{"thumbnail":"https:\/\/cdn.bymycar.eu\/be-webzine\/wp-content\/uploads\/2026\/01\/05092510\/24c0112-005-150x150.jpg","thumbnail-width":150,"thumbnail-height":150,"medium":"https:\/\/cdn.bymycar.eu\/be-webzine\/wp-content\/uploads\/2026\/01\/05092510\/24c0112-005-300x200.jpg","medium-width":300,"medium-height":200,"medium_large":"https:\/\/cdn.bymycar.eu\/be-webzine\/wp-content\/uploads\/2026\/01\/05092510\/24c0112-005-768x512.jpg","medium_large-width":768,"medium_large-height":512,"large":"https:\/\/cdn.bymycar.eu\/be-webzine\/wp-content\/uploads\/2026\/01\/05092510\/24c0112-005-1024x683.jpg","large-width":1024,"large-height":683,"1536x1536":"https:\/\/cdn.bymycar.eu\/be-webzine\/wp-content\/uploads\/2026\/01\/05092510\/24c0112-005-1536x1024.jpg","1536x1536-width":1536,"1536x1536-height":1024,"2048x2048":"https:\/\/cdn.bymycar.eu\/be-webzine\/wp-content\/uploads\/2026\/01\/05092510\/24c0112-005-2048x1365.jpg","2048x2048-width":2048,"2048x2048-height":1365}},"introduction":"<p>La <a href=\"https:\/\/www.bymycar.be\/fr\/v\/mercedes-eqs\">Mercedes-Benz EQS<\/a> repr\u00e9sente une v\u00e9ritable r\u00e9volution dans l&rsquo;univers des berlines de luxe \u00e9lectriques. Fleuron de la gamme \u00e9lectrique <a href=\"https:\/\/www.bymycar.be\/fr\/v\/mercedes\">Mercedes-Benz<\/a>, ce mod\u00e8le prestigieux allie design avant-gardiste, technologie de pointe et autonomie impressionnante. Nous explorerons en d\u00e9tail ses caract\u00e9ristiques distinctives : de son int\u00e9rieur futuriste avec l&rsquo;Hyperscreen aux performances de sa version AMG, sans oublier les aspects pratiques pour ceux qui envisagent une acquisition neuve ou d&rsquo;occasion.<\/p>\n","add-to-bo":false,"page_content":{"block_content":[{"acf_fc_layout":"carousel-produits"},{"acf_fc_layout":"text-simple","--nav":{"-withNav":false,"-ancre":""},"--group":{"-text":"<h2>Essai Mercedes-Benz EQS : nos premi\u00e8res impressions<\/h2>\n<h3>Confort de conduite et silence \u00e0 bord<\/h3>\n<p>La Mercedes-Benz EQS offre une exp\u00e9rience de conduite exceptionnellement fluide gr\u00e2ce \u00e0 ses diff\u00e9rents modes COMFORT, ECO et SPORT. Son syst\u00e8me de direction des roues arri\u00e8re, pivotant jusqu&rsquo;\u00e0 10 degr\u00e9s, transforme radicalement la maniabilit\u00e9 de cette grande berline \u00e9lectrique. Le silence \u00e0 bord est tout simplement remarquable, cr\u00e9ant une bulle de tranquillit\u00e9 m\u00eame \u00e0 vitesse \u00e9lev\u00e9e.<\/p>\n<h3>Technologie embarqu\u00e9e de pointe<\/h3>\n<p>Le tableau de bord r\u00e9volutionnaire de la Mercedes-Benz EQS s&rsquo;articule autour du spectaculaire MBUX Hyperscreen, une surface vitr\u00e9e incurv\u00e9e de 56 pouces int\u00e9grant trois \u00e9crans distincts. Ce syst\u00e8me intelligent communique avec tous les composants du v\u00e9hicule et s&rsquo;adapte aux besoins du conducteur. Les syst\u00e8mes d&rsquo;aide \u00e0 la conduite avanc\u00e9s ADAS permettent une conduite semi-autonome de niveau 2, offrant une s\u00e9curit\u00e9 et un confort optimaux.<\/p>\n<p>D\u00e9couvrez toute la gamme <a href=\"https:\/\/www.bymycar.be\/fr\/marques\/mercedes-benz\/eqs-berline\">Mercedes-Benz EQS<\/a> disponible chez BYmyCAR.<\/p>\n<h2>Design \u00e9pur\u00e9 et version SUV : proportions &amp; dimensions<\/h2>\n<h3>Silhouette berline vs SUV<\/h3>\n<p>La Mercedes EQS se d\u00e9cline en deux silhouettes distinctes qui incarnent l&rsquo;\u00e9l\u00e9gance \u00e9lectrique de la marque. La berline pr\u00e9sente un profil a\u00e9rodynamique avec sa ligne de toit fuyante, tandis que l&rsquo;<a href=\"https:\/\/www.bymycar.be\/fr\/marques\/mercedes-benz\/eqs-suv\">EQS SUV<\/a> adopte une posture plus imposante avec une hauteur accrue. La vue arri\u00e8re des deux mod\u00e8les conserve cette signature lumineuse caract\u00e9ristique qui traverse toute la largeur du v\u00e9hicule.<\/p>\n<h3>Dimensions ext\u00e9rieures essentielles<\/h3>\n<p>Voici les dimensions principales qui caract\u00e9risent ces mod\u00e8les :<\/p>\n<ul>\n<li>Longueur : 5125 mm pour l&rsquo;EQS SUV ;<\/li>\n<li>Largeur : 1959 mm (hors r\u00e9troviseurs) ;<\/li>\n<li>Hauteur : 1718 mm pour la version SUV ;<\/li>\n<li>Empattement : g\u00e9n\u00e9reux pour maximiser l&rsquo;espace int\u00e9rieur.<\/li>\n<\/ul>\n<p>Ces proportions g\u00e9n\u00e9reuses permettent \u00e0 la Mercedes EQS d&rsquo;offrir un habitacle particuli\u00e8rement spacieux tout en conservant une silhouette \u00e9l\u00e9gante.<\/p>\n<h2>Inside : un tableau de bord r\u00e9volutionnaire<\/h2>\n<h3>MBUX Hyperscreen en d\u00e9tail<\/h3>\n<p>Le tableau de bord de la Mercedes-Benz EQS red\u00e9finit l&rsquo;exp\u00e9rience de conduite gr\u00e2ce au MBUX Hyperscreen. Cet \u00e9cran panoramique courb\u00e9 s&rsquo;\u00e9tend sur presque toute la largeur de l&rsquo;habitacle, offrant un acc\u00e8s intuitif aux fonctions de navigation, multim\u00e9dia et t\u00e9l\u00e9phonie sans sous-menus complexes. Sa technologie OLED garantit des noirs profonds et des couleurs \u00e9clatantes pour une lisibilit\u00e9 parfaite.<\/p>\n<h3>Ambiance lumineuse personnalisable<\/h3>\n<p>L&rsquo;\u00e9clairage d&rsquo;ambiance int\u00e9gr\u00e9 donne au tableau de bord Mercedes-Benz un effet flottant remarquable. Avec 64 coloris disponibles, vous personnalisez l&rsquo;atmosph\u00e8re selon vos pr\u00e9f\u00e9rences. La luminosit\u00e9 s&rsquo;adapte intelligemment aux conditions d&rsquo;\u00e9clairage int\u00e9rieur, renfor\u00e7ant le caract\u00e8re premium des mat\u00e9riaux haut de gamme comme l&rsquo;encadrement \u00ab Silver Shadow \u00bb qui entoure \u00e9l\u00e9gamment l&rsquo;\u00e9cran.<\/p>\n<h2>Autonomie et capacit\u00e9 de la batterie : jusqu&rsquo;o\u00f9 pouvez-vous aller ?<\/h2>\n<h3>Chiffres cl\u00e9s sur l&rsquo;autonomie<\/h3>\n<p>La Mercedes-Benz EQS impressionne par son autonomie exceptionnelle et sa batterie de grande capacit\u00e9. D\u00e9couvrez les performances qui vous permettront de voyager sereinement avec ce fleuron \u00e9lectrique :<\/p>\n<table>\n<thead>\n<tr>\n<th>Version<\/th>\n<th>Capacit\u00e9 de batterie<\/th>\n<th>Autonomie WLTP<\/th>\n<\/tr>\n<\/thead>\n<tbody>\n<tr>\n<td>EQS 450+<\/td>\n<td>118 kWh<\/td>\n<td>Jusqu&rsquo;\u00e0 822 km<\/td>\n<\/tr>\n<tr>\n<td>EQS 580<\/td>\n<td>107,8 kWh<\/td>\n<td>676 km<\/td>\n<\/tr>\n<\/tbody>\n<\/table>\n<h3>Temps de recharge simplifi\u00e9<\/h3>\n<p>La recharge de votre EQS s&rsquo;effectue rapidement, avec environ 40 minutes pour passer de 10 \u00e0 80 % sur une borne rapide. Pour une recharge compl\u00e8te \u00e0 domicile, comptez entre 6h40 et 11h selon la puissance de votre installation. Nos conseillers BYmyCAR vous guideront pour optimiser votre exp\u00e9rience de recharge et vous aider \u00e0 choisir votre Mercedes-Benz EQS 450+ AMG Line.<\/p>\n<h2>Version AMG : performance \u00e9lectrique et style exclusif<\/h2>\n<h3>Puissance et sensations<\/h3>\n<p>La Mercedes-Benz EQS AMG repr\u00e9sente le summum de la performance \u00e9lectrique avec une puissance impressionnante de 649 chevaux. Cette berline d&rsquo;exception vous offre des acc\u00e9l\u00e9rations fulgurantes, atteignant le 0 \u00e0 100 km\/h en seulement 3 secondes. L&rsquo;instantan\u00e9it\u00e9 du couple \u00e9lectrique procure des sensations dignes des meilleures sportives traditionnelles, tout en conservant un silence de fonctionnement caract\u00e9ristique de la mobilit\u00e9 \u00e9lectrique.<\/p>\n<h3>Signature stylistique AMG<\/h3>\n<p>Impossible de confondre la Mercedes-Benz EQS AMG avec ses d\u00e9clinaisons classiques. Son car\u00e9nage de calandre sp\u00e9cifique AMG, son arri\u00e8re muscl\u00e9 avec ar\u00eate de d\u00e9collement et ses grandes jantes en alliage l\u00e9ger affirment son caract\u00e8re sportif. Les \u00e9triers de frein peints et les projecteurs LED High Performance compl\u00e8tent cette signature visuelle exclusive qui ne laisse aucun doute sur l&rsquo;appartenance de ce v\u00e9hicule \u00e0 la prestigieuse famille AMG.<\/p>\n<h2>Nos offres EQS : occasion et accompagnement BYmyCAR<\/h2>\n<h3>Choisir une EQS Mercedes occasion<\/h3>\n<p>Chez BYmyCAR, nous s\u00e9lectionnons avec soin chaque <a href=\"https:\/\/www.bymycar.be\/fr\/v\/mercedes-eqs-occasion\">EQS Mercedes occasion<\/a> disponible dans nos concessions. Tous nos v\u00e9hicules \u00e9lectriques de luxe b\u00e9n\u00e9ficient d&rsquo;un contr\u00f4le rigoureux sur plus de 120 points et d&rsquo;une certification garantissant leur qualit\u00e9 exceptionnelle. Avec une autonomie pouvant d\u00e9passer 590 km, l&rsquo;EQS d&rsquo;occasion repr\u00e9sente un investissement judicieux.<\/p>\n<h3>Un accompagnement personnalis\u00e9<\/h3>\n<p>Nos conseillers BYmyCAR vous accompagnent dans toutes les \u00e9tapes de votre acquisition. Experts en v\u00e9hicules \u00e9lectriques premium, ils vous guideront pour trouver l&rsquo;EQS qui correspond parfaitement \u00e0 vos besoins. Pour conna\u00eetre les modalit\u00e9s de financement et les options disponibles, n&rsquo;h\u00e9sitez pas \u00e0 prendre contact avec nos \u00e9quipes.<\/p>\n<h2>FAQ sur la Mercedes-Benz EQS<\/h2>\n<h3>Combien co\u00fbte une Mercedes EQS ?<\/h3>\n<p>Pour conna\u00eetre le tarif exact d&rsquo;une Mercedes-Benz EQS qui correspond \u00e0 vos attentes, nous vous invitons \u00e0 contacter nos conseillers BYmyCAR. Ils sont \u00e0 votre disposition pour vous proposer une offre personnalis\u00e9e et vous pr\u00e9senter les diff\u00e9rentes options de financement disponibles pour ce v\u00e9hicule \u00e9lectrique d&rsquo;exception.<\/p>\n<h3>Quelle est la vitesse maximale d&rsquo;une Mercedes EQS ?<\/h3>\n<p>La Mercedes-Benz EQS affiche une vitesse de pointe remarquable, parfaitement adapt\u00e9e aux standards des berlines \u00e9lectriques de luxe. Cette performance impressionnante s&rsquo;accompagne d&rsquo;une acc\u00e9l\u00e9ration fluide et d&rsquo;un couple g\u00e9n\u00e9reux, offrant une exp\u00e9rience de conduite \u00e0 la fois dynamique et silencieuse qui caract\u00e9rise l&rsquo;excellence de la marque allemande.<\/p>\n<p><strong>Sources :<\/strong><\/p>\n<ul>\n<li><a href=\"https:\/\/www.mercedes-benz.fr\/passengercars\/models\/saloon\/eqs\/overview.html\" target=\"_blank\" rel=\"noopener\">EQS Berline<\/a><\/li>\n<li><a href=\"https:\/\/mercedes-hamecher.fr\/gammes-mercedes-benz\/eqs\" target=\"_blank\" rel=\"noopener\">Mercedes-Benz EQS : Luxe et Innovation \u00c9lectrique<\/a><\/li>\n<li><a href=\"https:\/\/mercedes-emb.fr\/gammes-mercedes\/eqs\" target=\"_blank\" rel=\"noopener\">D\u00e9couvrez la Mercedes EQS : Luxe et Innovation \u00c9lectrique<\/a><\/li>\n<li><a href=\"https:\/\/www.mercedes-benz.ca\/fr\/vehicles\/class\/eqs\/sedan\" target=\"_blank\" rel=\"noopener\">Mercedes EQS \u2013 Berline de luxe tout \u00e9lectrique<\/a><\/li>\n<li><a href=\"https:\/\/lesvoitures.fr\/mercedes-benz-eqs-record-autonomie-voiture-electrique\/\" target=\"_blank\" rel=\"noopener\">Mercedes-Benz EQS : 1 205 km, record d&rsquo;autonomie avec &#8230;<\/a><\/li>\n<li><a href=\"https:\/\/www.autoplus.fr\/environnement\/une-seule-charge-suffit-lautonomie-hallucinante-de-la-mercedes-eqs-a-batterie-solide-1397287.html\" target=\"_blank\" rel=\"noopener\">L&rsquo;autonomie hallucinante de la Mercedes EQS \u00e0 batterie &#8230;<\/a><\/li>\n<li><a href=\"https:\/\/www.automobile-propre.com\/voitures\/mercedes-eqs\/\" target=\"_blank\" rel=\"noopener\">Mercedes EQS : autonomie, commercialisation, prix &#8230;<\/a><\/li>\n<li><a href=\"https:\/\/www.automobile-propre.com\/voitures\/mercedes-eqs\/autonomie\/\" target=\"_blank\" rel=\"noopener\">Quelle est l&rsquo;autonomie du v\u00e9hicule Mercedes EQS<\/a><\/li>\n<li><a href=\"https:\/\/www.caradisiac.com\/fiches-techniques\/modele--mercedes-eqs\/2025\/\" target=\"_blank\" rel=\"noopener\">Fiches techniques Mercedes Eqs de 2025<\/a><\/li>\n<li><a href=\"https:\/\/virages-auto.com\/essais\/essai-mercedes-benz-eqs-nest-pas-classe-s-qui-veut\/\" target=\"_blank\" rel=\"noopener\">Essai Mercedes-Benz EQS : n&rsquo;est pas Classe S qui veut&#8230;<\/a><\/li>\n<li><a href=\"https:\/\/www.frandroid.com\/versus\/1508544_mercredes-eqe-vs-mercedes-eqs-laquelle-est-la-meilleure-voiture-electrique\" target=\"_blank\" rel=\"noopener\">Mercredes EQE vs. Mercedes EQS : laquelle est la &#8230;<\/a><\/li>\n<\/ul>\n"}}]}},"yoast_head":"<!-- This site is optimized with the Yoast SEO Premium plugin v26.4 (Yoast SEO v27.1.1) - https:\/\/yoast.com\/product\/yoast-seo-premium-wordpress\/ -->\n<title>EQS : Mercedes r\u00e9ussit-elle \u00e0 r\u00e9inventer la berline de luxe \u00e9lectrique ? - Webzine BE | BYmyCAR<\/title>\n<meta name=\"robots\" content=\"index, follow, max-snippet:-1, max-image-preview:large, max-video-preview:-1\" \/>\n<link rel=\"canonical\" href=\"https:\/\/www.bymycar.be\/webzine\/eqs-mercedes-reussit-elle-a-reinventer-la-berline-de-luxe-electrique\/\" \/>\n<meta property=\"og:locale\" content=\"fr_FR\" \/>\n<meta property=\"og:type\" content=\"article\" \/>\n<meta property=\"og:title\" content=\"EQS : Mercedes r\u00e9ussit-elle \u00e0 r\u00e9inventer la berline de luxe \u00e9lectrique ?\" \/>\n<meta property=\"og:url\" content=\"https:\/\/www.bymycar.be\/webzine\/eqs-mercedes-reussit-elle-a-reinventer-la-berline-de-luxe-electrique\/\" \/>\n<meta property=\"og:site_name\" content=\"Webzine BE | BYmyCAR\" \/>\n<meta property=\"article:publisher\" content=\"https:\/\/www.facebook.com\/BYmyCAR.officiel\/\" \/>\n<meta property=\"article:published_time\" content=\"2026-01-05T08:31:17+00:00\" \/>\n<meta name=\"author\" content=\"Tom Fernandes\" \/>\n<meta name=\"twitter:card\" content=\"summary_large_image\" \/>\n<meta name=\"twitter:label1\" content=\"\u00c9crit par\" \/>\n\t<meta name=\"twitter:data1\" content=\"Tom Fernandes\" \/>\n<script type=\"application\/ld+json\" class=\"yoast-schema-graph\">{\"@context\":\"https:\/\/schema.org\",\"@graph\":[{\"@type\":\"Article\",\"@id\":\"https:\/\/www.bymycar.be\/webzine\/eqs-mercedes-reussit-elle-a-reinventer-la-berline-de-luxe-electrique\/#article\",\"isPartOf\":{\"@id\":\"https:\/\/www.bymycar.be\/webzine\/eqs-mercedes-reussit-elle-a-reinventer-la-berline-de-luxe-electrique\/\"},\"author\":{\"name\":\"Tom Fernandes\",\"@id\":\"https:\/\/www.bymycar.be\/webzine\/nl\/#\/schema\/person\/6cd99e624bbd64604349ff20ee1ed853\"},\"headline\":\"EQS : Mercedes r\u00e9ussit-elle \u00e0 r\u00e9inventer la berline de luxe \u00e9lectrique ?\",\"datePublished\":\"2026-01-05T08:31:17+00:00\",\"mainEntityOfPage\":{\"@id\":\"https:\/\/www.bymycar.be\/webzine\/eqs-mercedes-reussit-elle-a-reinventer-la-berline-de-luxe-electrique\/\"},\"wordCount\":11,\"publisher\":{\"@id\":\"https:\/\/www.bymycar.be\/webzine\/nl\/#organization\"},\"articleSection\":[\"Guide d'achat Mercedes\"],\"inLanguage\":\"fr-FR\"},{\"@type\":\"WebPage\",\"@id\":\"https:\/\/www.bymycar.be\/webzine\/eqs-mercedes-reussit-elle-a-reinventer-la-berline-de-luxe-electrique\/\",\"url\":\"https:\/\/www.bymycar.be\/webzine\/eqs-mercedes-reussit-elle-a-reinventer-la-berline-de-luxe-electrique\/\",\"name\":\"EQS : Mercedes r\u00e9ussit-elle \u00e0 r\u00e9inventer la berline de luxe \u00e9lectrique ? - Webzine BE | BYmyCAR\",\"isPartOf\":{\"@id\":\"https:\/\/www.bymycar.be\/webzine\/nl\/#website\"},\"datePublished\":\"2026-01-05T08:31:17+00:00\",\"breadcrumb\":{\"@id\":\"https:\/\/www.bymycar.be\/webzine\/eqs-mercedes-reussit-elle-a-reinventer-la-berline-de-luxe-electrique\/#breadcrumb\"},\"inLanguage\":\"fr-FR\",\"potentialAction\":[{\"@type\":\"ReadAction\",\"target\":[\"https:\/\/www.bymycar.be\/webzine\/eqs-mercedes-reussit-elle-a-reinventer-la-berline-de-luxe-electrique\/\"]}]},{\"@type\":\"BreadcrumbList\",\"@id\":\"https:\/\/www.bymycar.be\/webzine\/eqs-mercedes-reussit-elle-a-reinventer-la-berline-de-luxe-electrique\/#breadcrumb\",\"itemListElement\":[{\"@type\":\"ListItem\",\"position\":1,\"name\":\"Accueil\",\"item\":\"https:\/\/www.bymycar.be\/webzine\/\"},{\"@type\":\"ListItem\",\"position\":2,\"name\":\"EQS : Mercedes r\u00e9ussit-elle \u00e0 r\u00e9inventer la berline de luxe \u00e9lectrique ?\"}]},{\"@type\":\"WebSite\",\"@id\":\"https:\/\/www.bymycar.be\/webzine\/nl\/#website\",\"url\":\"https:\/\/www.bymycar.be\/webzine\/nl\/\",\"name\":\"Webzine | BYmyCAR\",\"description\":\"_Le webzine auto de\",\"publisher\":{\"@id\":\"https:\/\/www.bymycar.be\/webzine\/nl\/#organization\"},\"potentialAction\":[{\"@type\":\"SearchAction\",\"target\":{\"@type\":\"EntryPoint\",\"urlTemplate\":\"https:\/\/www.bymycar.be\/webzine\/nl\/?s={search_term_string}\"},\"query-input\":{\"@type\":\"PropertyValueSpecification\",\"valueRequired\":true,\"valueName\":\"search_term_string\"}}],\"inLanguage\":\"fr-FR\"},{\"@type\":\"Organization\",\"@id\":\"https:\/\/www.bymycar.be\/webzine\/nl\/#organization\",\"name\":\"Webzine | BYmyCAR\",\"url\":\"https:\/\/www.bymycar.be\/webzine\/nl\/\",\"logo\":{\"@type\":\"ImageObject\",\"inLanguage\":\"fr-FR\",\"@id\":\"https:\/\/www.bymycar.be\/webzine\/nl\/#\/schema\/logo\/image\/\",\"url\":\"https:\/\/cdn.bymycar.eu\/be-webzine\/wp-content\/uploads\/2024\/11\/20203047\/logo.png\",\"contentUrl\":\"https:\/\/cdn.bymycar.eu\/be-webzine\/wp-content\/uploads\/2024\/11\/20203047\/logo.png\",\"width\":1280,\"height\":512,\"caption\":\"Webzine | BYmyCAR\"},\"image\":{\"@id\":\"https:\/\/www.bymycar.be\/webzine\/nl\/#\/schema\/logo\/image\/\"},\"sameAs\":[\"https:\/\/www.facebook.com\/BYmyCAR.officiel\/\",\"https:\/\/www.instagram.com\/bymycar.officiel\/\"]},{\"@type\":\"Person\",\"@id\":\"https:\/\/www.bymycar.be\/webzine\/nl\/#\/schema\/person\/6cd99e624bbd64604349ff20ee1ed853\",\"name\":\"Tom Fernandes\",\"image\":{\"@type\":\"ImageObject\",\"inLanguage\":\"fr-FR\",\"@id\":\"https:\/\/www.bymycar.be\/webzine\/nl\/#\/schema\/person\/image\/\",\"url\":\"https:\/\/secure.gravatar.com\/avatar\/81b17c0cc5a6f1f7f394984269a7cbad9c7cca9604839da024242cf665051fbf?s=96&d=mm&r=g\",\"contentUrl\":\"https:\/\/secure.gravatar.com\/avatar\/81b17c0cc5a6f1f7f394984269a7cbad9c7cca9604839da024242cf665051fbf?s=96&d=mm&r=g\",\"caption\":\"Tom Fernandes\"}}]}<\/script>\n<!-- \/ Yoast SEO Premium plugin. -->","yoast_head_json":{"title":"EQS : Mercedes r\u00e9ussit-elle \u00e0 r\u00e9inventer la berline de luxe \u00e9lectrique ? - Webzine BE | BYmyCAR","robots":{"index":"index","follow":"follow","max-snippet":"max-snippet:-1","max-image-preview":"max-image-preview:large","max-video-preview":"max-video-preview:-1"},"canonical":"https:\/\/www.bymycar.be\/webzine\/eqs-mercedes-reussit-elle-a-reinventer-la-berline-de-luxe-electrique\/","og_locale":"fr_FR","og_type":"article","og_title":"EQS : Mercedes r\u00e9ussit-elle \u00e0 r\u00e9inventer la berline de luxe \u00e9lectrique ?","og_url":"https:\/\/www.bymycar.be\/webzine\/eqs-mercedes-reussit-elle-a-reinventer-la-berline-de-luxe-electrique\/","og_site_name":"Webzine BE | BYmyCAR","article_publisher":"https:\/\/www.facebook.com\/BYmyCAR.officiel\/","article_published_time":"2026-01-05T08:31:17+00:00","author":"Tom Fernandes","twitter_card":"summary_large_image","twitter_misc":{"\u00c9crit par":"Tom Fernandes"},"schema":{"@context":"https:\/\/schema.org","@graph":[{"@type":"Article","@id":"https:\/\/www.bymycar.be\/webzine\/eqs-mercedes-reussit-elle-a-reinventer-la-berline-de-luxe-electrique\/#article","isPartOf":{"@id":"https:\/\/www.bymycar.be\/webzine\/eqs-mercedes-reussit-elle-a-reinventer-la-berline-de-luxe-electrique\/"},"author":{"name":"Tom Fernandes","@id":"https:\/\/www.bymycar.be\/webzine\/nl\/#\/schema\/person\/6cd99e624bbd64604349ff20ee1ed853"},"headline":"EQS : Mercedes r\u00e9ussit-elle \u00e0 r\u00e9inventer la berline de luxe \u00e9lectrique ?","datePublished":"2026-01-05T08:31:17+00:00","mainEntityOfPage":{"@id":"https:\/\/www.bymycar.be\/webzine\/eqs-mercedes-reussit-elle-a-reinventer-la-berline-de-luxe-electrique\/"},"wordCount":11,"publisher":{"@id":"https:\/\/www.bymycar.be\/webzine\/nl\/#organization"},"articleSection":["Guide d'achat Mercedes"],"inLanguage":"fr-FR"},{"@type":"WebPage","@id":"https:\/\/www.bymycar.be\/webzine\/eqs-mercedes-reussit-elle-a-reinventer-la-berline-de-luxe-electrique\/","url":"https:\/\/www.bymycar.be\/webzine\/eqs-mercedes-reussit-elle-a-reinventer-la-berline-de-luxe-electrique\/","name":"EQS : Mercedes r\u00e9ussit-elle \u00e0 r\u00e9inventer la berline de luxe \u00e9lectrique ? - Webzine BE | BYmyCAR","isPartOf":{"@id":"https:\/\/www.bymycar.be\/webzine\/nl\/#website"},"datePublished":"2026-01-05T08:31:17+00:00","breadcrumb":{"@id":"https:\/\/www.bymycar.be\/webzine\/eqs-mercedes-reussit-elle-a-reinventer-la-berline-de-luxe-electrique\/#breadcrumb"},"inLanguage":"fr-FR","potentialAction":[{"@type":"ReadAction","target":["https:\/\/www.bymycar.be\/webzine\/eqs-mercedes-reussit-elle-a-reinventer-la-berline-de-luxe-electrique\/"]}]},{"@type":"BreadcrumbList","@id":"https:\/\/www.bymycar.be\/webzine\/eqs-mercedes-reussit-elle-a-reinventer-la-berline-de-luxe-electrique\/#breadcrumb","itemListElement":[{"@type":"ListItem","position":1,"name":"Accueil","item":"https:\/\/www.bymycar.be\/webzine\/"},{"@type":"ListItem","position":2,"name":"EQS : Mercedes r\u00e9ussit-elle \u00e0 r\u00e9inventer la berline de luxe \u00e9lectrique ?"}]},{"@type":"WebSite","@id":"https:\/\/www.bymycar.be\/webzine\/nl\/#website","url":"https:\/\/www.bymycar.be\/webzine\/nl\/","name":"Webzine | BYmyCAR","description":"_Le webzine auto de","publisher":{"@id":"https:\/\/www.bymycar.be\/webzine\/nl\/#organization"},"potentialAction":[{"@type":"SearchAction","target":{"@type":"EntryPoint","urlTemplate":"https:\/\/www.bymycar.be\/webzine\/nl\/?s={search_term_string}"},"query-input":{"@type":"PropertyValueSpecification","valueRequired":true,"valueName":"search_term_string"}}],"inLanguage":"fr-FR"},{"@type":"Organization","@id":"https:\/\/www.bymycar.be\/webzine\/nl\/#organization","name":"Webzine | BYmyCAR","url":"https:\/\/www.bymycar.be\/webzine\/nl\/","logo":{"@type":"ImageObject","inLanguage":"fr-FR","@id":"https:\/\/www.bymycar.be\/webzine\/nl\/#\/schema\/logo\/image\/","url":"https:\/\/cdn.bymycar.eu\/be-webzine\/wp-content\/uploads\/2024\/11\/20203047\/logo.png","contentUrl":"https:\/\/cdn.bymycar.eu\/be-webzine\/wp-content\/uploads\/2024\/11\/20203047\/logo.png","width":1280,"height":512,"caption":"Webzine | BYmyCAR"},"image":{"@id":"https:\/\/www.bymycar.be\/webzine\/nl\/#\/schema\/logo\/image\/"},"sameAs":["https:\/\/www.facebook.com\/BYmyCAR.officiel\/","https:\/\/www.instagram.com\/bymycar.officiel\/"]},{"@type":"Person","@id":"https:\/\/www.bymycar.be\/webzine\/nl\/#\/schema\/person\/6cd99e624bbd64604349ff20ee1ed853","name":"Tom Fernandes","image":{"@type":"ImageObject","inLanguage":"fr-FR","@id":"https:\/\/www.bymycar.be\/webzine\/nl\/#\/schema\/person\/image\/","url":"https:\/\/secure.gravatar.com\/avatar\/81b17c0cc5a6f1f7f394984269a7cbad9c7cca9604839da024242cf665051fbf?s=96&d=mm&r=g","contentUrl":"https:\/\/secure.gravatar.com\/avatar\/81b17c0cc5a6f1f7f394984269a7cbad9c7cca9604839da024242cf665051fbf?s=96&d=mm&r=g","caption":"Tom Fernandes"}}]}},"_links":{"self":[{"href":"https:\/\/www.bymycar.be\/webzine\/wp-json\/wp\/v2\/posts\/5593","targetHints":{"allow":["GET"]}}],"collection":[{"href":"https:\/\/www.bymycar.be\/webzine\/wp-json\/wp\/v2\/posts"}],"about":[{"href":"https:\/\/www.bymycar.be\/webzine\/wp-json\/wp\/v2\/types\/post"}],"author":[{"embeddable":true,"href":"https:\/\/www.bymycar.be\/webzine\/wp-json\/wp\/v2\/users\/17"}],"replies":[{"embeddable":true,"href":"https:\/\/www.bymycar.be\/webzine\/wp-json\/wp\/v2\/comments?post=5593"}],"version-history":[{"count":4,"href":"https:\/\/www.bymycar.be\/webzine\/wp-json\/wp\/v2\/posts\/5593\/revisions"}],"predecessor-version":[{"id":5599,"href":"https:\/\/www.bymycar.be\/webzine\/wp-json\/wp\/v2\/posts\/5593\/revisions\/5599"}],"wp:attachment":[{"href":"https:\/\/www.bymycar.be\/webzine\/wp-json\/wp\/v2\/media?parent=5593"}],"wp:term":[{"taxonomy":"category","embeddable":true,"href":"https:\/\/www.bymycar.be\/webzine\/wp-json\/wp\/v2\/categories?post=5593"},{"taxonomy":"post_tag","embeddable":true,"href":"https:\/\/www.bymycar.be\/webzine\/wp-json\/wp\/v2\/tags?post=5593"}],"curies":[{"name":"wp","href":"https:\/\/api.w.org\/{rel}","templated":true}]}}