{"id":5462,"date":"2025-12-03T10:35:53","date_gmt":"2025-12-03T09:35:53","guid":{"rendered":"https:\/\/www.bymycar.be\/webzine\/?p=5462"},"modified":"2025-12-03T10:36:21","modified_gmt":"2025-12-03T09:36:21","slug":"mercedes-glc-amg-suv-de-luxe-et-sportivite-sont-ils-compatibles","status":"publish","type":"post","link":"https:\/\/www.bymycar.be\/webzine\/mercedes-glc-amg-suv-de-luxe-et-sportivite-sont-ils-compatibles\/","title":{"rendered":"Mercedes GLC AMG : SUV de luxe et sportivit\u00e9 sont-ils compatibles ?"},"content":{"rendered":"","protected":false},"excerpt":{"rendered":"","protected":false},"author":17,"featured_media":0,"comment_status":"closed","ping_status":"closed","sticky":false,"template":"","format":"standard","meta":{"_acf_changed":false,"footnotes":""},"categories":[1458],"tags":[],"class_list":["post-5462","post","type-post","status-publish","format-standard","hentry","category-guide-dachat-mercedes"],"acf":{"image":{"ID":5463,"id":5463,"title":"Das neue GLC Coup\u00e9: Das Lifestyle-Modell in der erfolgreichen SUV-Familie von Mercedes-BenzThe new GLC Coup\u00e9: The lifestyle model in the successful Mercedes-Benz SUV family","filename":"23c0044-010.jpg","filesize":244129,"url":"https:\/\/cdn.bymycar.eu\/be-webzine\/wp-content\/uploads\/2025\/12\/03103244\/23c0044-010.jpg","link":"https:\/\/www.bymycar.be\/webzine\/mercedes-glc-amg-suv-de-luxe-et-sportivite-sont-ils-compatibles\/das-neue-glc-coupe-das-lifestyle-modell-in-der-erfolgreichen-suv-familie-von-mercedes-benzthe-new-glc-coupe-the-lifestyle-model-in-the-successful-mercedes-benz-suv-family-7\/","alt":"Mercedes GLC","author":"17","description":"","caption":"Das neue Mercedes-Benz GLC Coup\u00e9: AMG-Line; Exterieur: Graphitgrau; Interieur: Leder sienabraun\/schwarz \n\nThe new Mercedes-Benz GLC Coup\u00e9: AMG line; exterior: graphite grey; interior: leather siena brown\/black","name":"das-neue-glc-coupe-das-lifestyle-modell-in-der-erfolgreichen-suv-familie-von-mercedes-benzthe-new-glc-coupe-the-lifestyle-model-in-the-successful-mercedes-benz-suv-family-7","status":"inherit","uploaded_to":5462,"date":"2025-12-03 09:32:43","modified":"2025-12-03 09:33:12","menu_order":0,"mime_type":"image\/jpeg","type":"image","subtype":"jpeg","icon":"https:\/\/www.bymycar.be\/webzine\/wp-includes\/images\/media\/default.png","width":1024,"height":683,"sizes":{"thumbnail":"https:\/\/cdn.bymycar.eu\/be-webzine\/wp-content\/uploads\/2025\/12\/03103244\/23c0044-010-150x150.jpg","thumbnail-width":150,"thumbnail-height":150,"medium":"https:\/\/cdn.bymycar.eu\/be-webzine\/wp-content\/uploads\/2025\/12\/03103244\/23c0044-010-300x200.jpg","medium-width":300,"medium-height":200,"medium_large":"https:\/\/cdn.bymycar.eu\/be-webzine\/wp-content\/uploads\/2025\/12\/03103244\/23c0044-010-768x512.jpg","medium_large-width":768,"medium_large-height":512,"large":"https:\/\/cdn.bymycar.eu\/be-webzine\/wp-content\/uploads\/2025\/12\/03103244\/23c0044-010.jpg","large-width":1024,"large-height":683,"1536x1536":"https:\/\/cdn.bymycar.eu\/be-webzine\/wp-content\/uploads\/2025\/12\/03103244\/23c0044-010.jpg","1536x1536-width":1024,"1536x1536-height":683,"2048x2048":"https:\/\/cdn.bymycar.eu\/be-webzine\/wp-content\/uploads\/2025\/12\/03103244\/23c0044-010.jpg","2048x2048-width":1024,"2048x2048-height":683}},"introduction":"<p>Le <a href=\"https:\/\/www.bymycar.be\/fr\/v\/mercedes-glc\">Mercedes GLC AMG<\/a> incarne la parfaite alliance entre l&rsquo;\u00e9l\u00e9gance d&rsquo;un SUV de luxe et les performances exceptionnelles sign\u00e9es AMG. Chez BYmyCAR, nous vous proposons de d\u00e9couvrir ce SUV sportif aux caract\u00e9ristiques impressionnantes. Motorisations puissantes, habitacle raffin\u00e9 et technologies de pointe : ce v\u00e9hicule d\u00e9montre brillamment que sportivit\u00e9 et confort premium peuvent coexister sans compromis. Laissez-vous s\u00e9duire par un mod\u00e8le qui red\u00e9finit les standards du segment.<\/p>\n<p>&nbsp;<\/p>\n<p style=\"text-align: center;\"><a href=\"https:\/\/www.bymycar.be\/webzine\/mercedes-glc-un-suv-premium-qui-allie-luxe-et-polyvalence\/\"  class=\"css-button css-button--gold\" >\n                Tout savoir sur la Mercedes GLC\n        <\/a><\/p>\n","add-to-bo":false,"page_content":{"block_content":[{"acf_fc_layout":"carousel-produits"},{"acf_fc_layout":"text-simple","--nav":{"-withNav":false,"-ancre":""},"--group":{"-text":"<h2>Performances AMG : GLC 43, GLC 63 et m\u00e9canique d&rsquo;exception<\/h2>\n<h3>Mercedes GLC 43 AMG : quatre cylindres \u00e9lectrifi\u00e9<\/h3>\n<p>Le GLC de <a href=\"https:\/\/www.bymycar.be\/fr\/v\/mercedes\">Mercedes<\/a> se d\u00e9cline en plusieurs versions impressionnantes dans sa gamme AMG. Le Mercedes-AMG GLC 43 est \u00e9quip\u00e9 d&rsquo;un quatre cylindres turbo \u00e9lectrifi\u00e9 d\u00e9veloppant une puissance remarquable de 421 ch. Cette motorisation semi-hybride offre des acc\u00e9l\u00e9rations dignes de v\u00e9ritables sportives avec un 0 \u00e0 100 km\/h abattu en seulement 4,5 secondes. Les jantes en alliage AMG de 21 pouces soulignent son caract\u00e8re sportif tout en garantissant une tenue de route exemplaire. La technologie E-Turbo issue de la Formule 1 optimise la r\u00e9ponse du moteur pour des performances instantan\u00e9es.<\/p>\n<h3>Mercedes GLC 63 S E PERFORMANCE : puissance hybride<\/h3>\n<p>La version Mercedes-AMG GLC 63 S E PERFORMANCE repr\u00e9sente le summum de la gamme avec une technologie hybride rechargeable exceptionnelle. Cette motorisation combine un quatre cylindres turbo avec un moteur \u00e9lectrique arri\u00e8re pour d\u00e9livrer une puissance combin\u00e9e impressionnante de 680 ch et un couple colossal de 1 020 Nm. La direction \u00e0 quatre roues directrices am\u00e9liore l&rsquo;agilit\u00e9 en virage tout en renfor\u00e7ant la stabilit\u00e9 \u00e0 haute vitesse. La transmission int\u00e9grale 4MATIC+ et le diff\u00e9rentiel autobloquant garantissent un dynamisme exceptionnel, m\u00eame sur route sinueuse ou circuit.<\/p>\n<h2>Luxe et confort : int\u00e9rieur premium et syst\u00e8me MBUX<\/h2>\n<h3>Habitacle exclusif et mat\u00e9riaux nobles<\/h3>\n<p>L&rsquo;habitacle du Mercedes GLC AMG conjugue raffinement et sportivit\u00e9 avec une attention particuli\u00e8re aux d\u00e9tails. Les mat\u00e9riaux nobles comme le cuir Nappa et les inserts d\u00e9coratifs AMG en carbone subliment l&rsquo;ambiance int\u00e9rieure. Les si\u00e8ges Performance AMG offrent un maintien lat\u00e9ral optimal tout en garantissant un confort exceptionnel lors des longs trajets. L&rsquo;\u00e9clairage d&rsquo;ambiance personnalisable cr\u00e9e une atmosph\u00e8re unique qui s&rsquo;adapte \u00e0 votre humeur, tandis que la finition irr\u00e9prochable t\u00e9moigne de l&rsquo;excellence Mercedes-AMG. Le volant sport AMG en cuir offre une prise en main parfaite et int\u00e8gre tous les contr\u00f4les essentiels.<\/p>\n<h3>Syst\u00e8me multim\u00e9dia MBUX : connectivit\u00e9 sans compromis<\/h3>\n<p>Le syst\u00e8me multim\u00e9dia MBUX \u00e9quipant le Mercedes-AMG GLC impressionne par son \u00e9cran central tactile haute d\u00e9finition et son intelligence artificielle int\u00e9gr\u00e9e. La commande vocale intuitive \u00ab Hey Mercedes \u00bb vous permet de contr\u00f4ler les principales fonctions sans quitter la route des yeux. Le syst\u00e8me apprend vos habitudes pour anticiper vos besoins, qu&rsquo;il s&rsquo;agisse d&rsquo;appels t\u00e9l\u00e9phoniques r\u00e9guliers ou d&rsquo;itin\u00e9raires fr\u00e9quents. Les affichages sp\u00e9cifiques AMG offrent des informations d\u00e9taill\u00e9es sur les performances du v\u00e9hicule en temps r\u00e9el, renfor\u00e7ant l&rsquo;exp\u00e9rience de conduite sportive. La compatibilit\u00e9 Apple CarPlay et Android Auto garantit une connectivit\u00e9 optimale avec vos appareils personnels.<\/p>\n<h2>Sportivit\u00e9 au quotidien : le Mercedes-AMG GLC SUV polyvalent<\/h2>\n<p>Le Mercedes-AMG GLC excelle tant sur circuit que dans la vie de tous les jours gr\u00e2ce \u00e0 ses technologies adaptatives. Ses multiples modes de conduite (Confort, Sport, Sport+, Individuel) permettent d&rsquo;ajuster instantan\u00e9ment la suspension AMG RIDE CONTROL, la r\u00e9ponse de l&rsquo;acc\u00e9l\u00e9rateur et le comportement de la direction \u00e0 chaque situation. Cette polyvalence vous offre le confort d&rsquo;un SUV premium en semaine et les sensations d&rsquo;une sportive le week-end.<\/p>\n<p>C\u00f4t\u00e9 praticit\u00e9, le Mercedes-AMG GLC impressionne avec son coffre g\u00e9n\u00e9reux de 550 litres et sa modularit\u00e9 exemplaire : plancher plat une fois les si\u00e8ges arri\u00e8re rabattus et commandes de d\u00e9verrouillage accessibles depuis le compartiment arri\u00e8re. L&rsquo;acc\u00e8s au coffre facilit\u00e9 par le hayon \u00e9lectrique et la banquette arri\u00e8re rabattable 40\/20\/40 renforcent la polyvalence de ce SUV sportif. Nos conseillers BYmyCAR vous pr\u00e9senteront volontiers tous les atouts de ce v\u00e9hicule d&rsquo;exception lors d&rsquo;un essai personnalis\u00e9.<\/p>\n<h2>Synth\u00e8se : luxe et sportivit\u00e9 peuvent coexister<\/h2>\n<p>Le Mercedes-AMG GLC incarne parfaitement cette alliance entre performance exceptionnelle et raffinement absolu. Avec ses motorisations puissantes, son ch\u00e2ssis sophistiqu\u00e9 et ses technologies embarqu\u00e9es, ce SUV vous offre une exp\u00e9rience de conduite incomparable qui marie sensations fortes et confort premium. Que vous recherchiez les acc\u00e9l\u00e9rations fulgurantes du Mercedes-AMG GLC 63 S E PERFORMANCE ou l&rsquo;\u00e9quilibre parfait du GLC 43, chaque version r\u00e9pond \u00e0 des attentes \u00e9lev\u00e9es. Pour d\u00e9couvrir toutes les subtilit\u00e9s de ce mod\u00e8le d&rsquo;exception et b\u00e9n\u00e9ficier d&rsquo;un essai personnalis\u00e9, nos conseillers BYmyCAR sont \u00e0 votre disposition pour vous accompagner dans votre choix.<\/p>\n<h2>FAQ sur le Mercedes GLC AMG<\/h2>\n<h3>Quel est le GLC le plus puissant ?<\/h3>\n<p>Le Mercedes-AMG GLC 63 S E PERFORMANCE d\u00e9veloppe une impressionnante puissance de 680 ch gr\u00e2ce \u00e0 sa technologie hybride rechargeable exclusive AMG, combinant un quatre cylindres turbo et un moteur \u00e9lectrique arri\u00e8re pour des performances exceptionnelles.<\/p>\n<h3>Quelle est la puissance du GLC 43 AMG ?<\/h3>\n<p>Le Mercedes-AMG GLC 43 d\u00e9livre 421 ch gr\u00e2ce \u00e0 son quatre cylindres turbo \u00e9lectrifi\u00e9, combinant parfaitement sportivit\u00e9 et agr\u00e9ment de conduite au quotidien avec une technologie semi-hybride efficiente.<\/p>\n<h3>Quelle est la puissance du GLC 63 AMG ?<\/h3>\n<p>Le Mercedes-AMG GLC 63 propose 510 ch en version standard, tandis que la version S E PERFORMANCE atteint 680 ch gr\u00e2ce \u00e0 son syst\u00e8me hybride rechargeable pour des sensations de conduite extraordinaires.<\/p>\n<h3>Quel est le prix d&rsquo;une Mercedes GLC 63 S AMG neuve ?<\/h3>\n<p>Pour conna\u00eetre les tarifs actuels et les offres disponibles, nous vous invitons \u00e0 contacter nos conseillers BYmyCAR qui vous proposeront la solution de financement la plus adapt\u00e9e \u00e0 votre projet et \u00e0 vos besoins.<\/p>\n<p><strong>Sources :<\/strong><\/p>\n<ul>\n<li><a href=\"https:\/\/www.mercedes-benz.fr\/passengercars\/models\/suv\/glc\/amg.html\" target=\"_blank\" rel=\"noopener\">Mercedes-AMG GLC<\/a><\/li>\n<li><a href=\"https:\/\/www.motorlegend.com\/fiche-technique\/mercedes-classe-glc-1-suv-63-amg-4matic--476-ch\/2728.html\" target=\"_blank\" rel=\"noopener\">Fiche technique MERCEDES CLASSE GLC (1 (SUV)) 63 AMG 4MATIC 476 ch<\/a><\/li>\n<li><a href=\"https:\/\/media.mercedes-benz.fr\/mercedes-amg----glc-63-4matic-et-glc-63-4matic-coupe\/\" target=\"_blank\" rel=\"noopener\">Mercedes-AMG &#8211; GLC 63 4MATIC+ et &#8230;<\/a><\/li>\n<li><a href=\"https:\/\/www.francesupercars.com\/vehicules\/mercedes-glc-63-amg-s-4matic-3\/\" target=\"_blank\" rel=\"noopener\">Mercedes GLC 63 AMG S 4Matic+<\/a><\/li>\n<li><a href=\"https:\/\/caravenuemercedes.be\/wp-content\/uploads\/brochures\/10-brochure-mercedes-glc-suv-befr.pdf\" target=\"_blank\" rel=\"noopener\">GLC Brochure befr &#8211; Mercedes-Benz CAR Avenue.<\/a><\/li>\n<li><a href=\"https:\/\/media.mercedes-benz.fr\/amg-glc-suv\/\" target=\"_blank\" rel=\"noopener\">GLC (SUV) &#8211; Newsroom Mercedes-Benz France<\/a><\/li>\n<li><a href=\"https:\/\/www.mercedes-amg.com\/en\/glc-suv\" target=\"_blank\" rel=\"noopener\">Mercedes-AMG GLC SUV<\/a><\/li>\n<li><a href=\"https:\/\/www.larevueautomobile.com\/fiche-technique-auto\/Caracteristique-mercedes-glc-amg-43-4matic-2022\" target=\"_blank\" rel=\"noopener\">Fiche technique Mercedes GLC 43 AMG 4Matic ann\u00e9e 2022<\/a><\/li>\n<\/ul>\n"}},{"acf_fc_layout":"text-simple","--nav":{"-withNav":false,"-ancre":""},"--group":{"-text":"<p><!--StartFragment --><\/p>\n<p class=\"pf0\"><strong><span class=\"cf0\">D\u00e9couvrez aussi :<\/span><\/strong><\/p>\n<ul>\n<li class=\"pf1\"><a href=\"https:\/\/www.bymycar.be\/webzine\/mercedes-glc-vs-audi-q5-quel-suv-choisir\/\"><span class=\"cf1\">Mercedes GLC vs Audi Q5 : quel SUV choisir ?<\/span><\/a><\/li>\n<li class=\"pf1\"><a href=\"https:\/\/www.bymycar.be\/webzine\/mercedes-glc-essence-diesel-hybride-ou-electrique-quelle-motorisation-privilegier\/\"><span class=\"cf1\">Mercedes GLC essence, diesel ou hybride : quelle motorisation privil\u00e9gier ?<\/span><\/a><\/li>\n<li class=\"pf1\"><a href=\"https:\/\/www.bymycar.be\/webzine\/mercedes-glc-doccasion-comment-eviter-les-mauvaises-surprises\/\"><span class=\"cf1\">Mercedes GLC d\u2019occasion : comment \u00e9viter les mauvaises surprises ?<\/span><\/a><\/li>\n<li class=\"pf1\"><a href=\"https:\/\/www.bymycar.be\/webzine\/mercedes-glc-vs-gle-quelles-differences\/\"><span class=\"cf1\">Mercedes GLC : quelles diff\u00e9rences entre le GLC et le GLE ?<\/span><\/a><\/li>\n<li class=\"pf1\"><a href=\"https:\/\/www.bymycar.be\/webzine\/mercedes-glc-4matic-avantages-de-la-transmission-integrale\/\"><span class=\"cf1\">Mercedes GLC 4MATIC : avantages de la transmission int\u00e9grale<\/span><\/a><\/li>\n<\/ul>\n<p><!--EndFragment --><\/p>\n"}}]}},"yoast_head":"<!-- This site is optimized with the Yoast SEO Premium plugin v26.4 (Yoast SEO v27.1.1) - https:\/\/yoast.com\/product\/yoast-seo-premium-wordpress\/ -->\n<title>Mercedes GLC AMG : SUV de luxe et sportivit\u00e9 sont-ils compatibles ? - Webzine BE | BYmyCAR<\/title>\n<meta name=\"robots\" content=\"index, follow, max-snippet:-1, max-image-preview:large, max-video-preview:-1\" \/>\n<link rel=\"canonical\" href=\"https:\/\/www.bymycar.be\/webzine\/mercedes-glc-amg-suv-de-luxe-et-sportivite-sont-ils-compatibles\/\" \/>\n<meta property=\"og:locale\" content=\"fr_FR\" \/>\n<meta property=\"og:type\" content=\"article\" \/>\n<meta property=\"og:title\" content=\"Mercedes GLC AMG : SUV de luxe et sportivit\u00e9 sont-ils compatibles ?\" \/>\n<meta property=\"og:url\" content=\"https:\/\/www.bymycar.be\/webzine\/mercedes-glc-amg-suv-de-luxe-et-sportivite-sont-ils-compatibles\/\" \/>\n<meta property=\"og:site_name\" content=\"Webzine BE | BYmyCAR\" \/>\n<meta property=\"article:publisher\" content=\"https:\/\/www.facebook.com\/BYmyCAR.officiel\/\" \/>\n<meta property=\"article:published_time\" content=\"2025-12-03T09:35:53+00:00\" \/>\n<meta property=\"article:modified_time\" content=\"2025-12-03T09:36:21+00:00\" \/>\n<meta name=\"author\" content=\"Tom Fernandes\" \/>\n<meta name=\"twitter:card\" content=\"summary_large_image\" \/>\n<meta name=\"twitter:label1\" content=\"\u00c9crit par\" \/>\n\t<meta name=\"twitter:data1\" content=\"Tom Fernandes\" \/>\n<script type=\"application\/ld+json\" class=\"yoast-schema-graph\">{\"@context\":\"https:\/\/schema.org\",\"@graph\":[{\"@type\":\"Article\",\"@id\":\"https:\/\/www.bymycar.be\/webzine\/mercedes-glc-amg-suv-de-luxe-et-sportivite-sont-ils-compatibles\/#article\",\"isPartOf\":{\"@id\":\"https:\/\/www.bymycar.be\/webzine\/mercedes-glc-amg-suv-de-luxe-et-sportivite-sont-ils-compatibles\/\"},\"author\":{\"name\":\"Tom Fernandes\",\"@id\":\"https:\/\/www.bymycar.be\/webzine\/nl\/#\/schema\/person\/6cd99e624bbd64604349ff20ee1ed853\"},\"headline\":\"Mercedes GLC AMG : SUV de luxe et sportivit\u00e9 sont-ils compatibles ?\",\"datePublished\":\"2025-12-03T09:35:53+00:00\",\"dateModified\":\"2025-12-03T09:36:21+00:00\",\"mainEntityOfPage\":{\"@id\":\"https:\/\/www.bymycar.be\/webzine\/mercedes-glc-amg-suv-de-luxe-et-sportivite-sont-ils-compatibles\/\"},\"wordCount\":10,\"publisher\":{\"@id\":\"https:\/\/www.bymycar.be\/webzine\/nl\/#organization\"},\"articleSection\":[\"Guide d'achat Mercedes\"],\"inLanguage\":\"fr-FR\"},{\"@type\":\"WebPage\",\"@id\":\"https:\/\/www.bymycar.be\/webzine\/mercedes-glc-amg-suv-de-luxe-et-sportivite-sont-ils-compatibles\/\",\"url\":\"https:\/\/www.bymycar.be\/webzine\/mercedes-glc-amg-suv-de-luxe-et-sportivite-sont-ils-compatibles\/\",\"name\":\"Mercedes GLC AMG : SUV de luxe et sportivit\u00e9 sont-ils compatibles ? - Webzine BE | BYmyCAR\",\"isPartOf\":{\"@id\":\"https:\/\/www.bymycar.be\/webzine\/nl\/#website\"},\"datePublished\":\"2025-12-03T09:35:53+00:00\",\"dateModified\":\"2025-12-03T09:36:21+00:00\",\"breadcrumb\":{\"@id\":\"https:\/\/www.bymycar.be\/webzine\/mercedes-glc-amg-suv-de-luxe-et-sportivite-sont-ils-compatibles\/#breadcrumb\"},\"inLanguage\":\"fr-FR\",\"potentialAction\":[{\"@type\":\"ReadAction\",\"target\":[\"https:\/\/www.bymycar.be\/webzine\/mercedes-glc-amg-suv-de-luxe-et-sportivite-sont-ils-compatibles\/\"]}]},{\"@type\":\"BreadcrumbList\",\"@id\":\"https:\/\/www.bymycar.be\/webzine\/mercedes-glc-amg-suv-de-luxe-et-sportivite-sont-ils-compatibles\/#breadcrumb\",\"itemListElement\":[{\"@type\":\"ListItem\",\"position\":1,\"name\":\"Accueil\",\"item\":\"https:\/\/www.bymycar.be\/webzine\/\"},{\"@type\":\"ListItem\",\"position\":2,\"name\":\"Mercedes GLC AMG : SUV de luxe et sportivit\u00e9 sont-ils compatibles ?\"}]},{\"@type\":\"WebSite\",\"@id\":\"https:\/\/www.bymycar.be\/webzine\/nl\/#website\",\"url\":\"https:\/\/www.bymycar.be\/webzine\/nl\/\",\"name\":\"Webzine | BYmyCAR\",\"description\":\"_Le webzine auto de\",\"publisher\":{\"@id\":\"https:\/\/www.bymycar.be\/webzine\/nl\/#organization\"},\"potentialAction\":[{\"@type\":\"SearchAction\",\"target\":{\"@type\":\"EntryPoint\",\"urlTemplate\":\"https:\/\/www.bymycar.be\/webzine\/nl\/?s={search_term_string}\"},\"query-input\":{\"@type\":\"PropertyValueSpecification\",\"valueRequired\":true,\"valueName\":\"search_term_string\"}}],\"inLanguage\":\"fr-FR\"},{\"@type\":\"Organization\",\"@id\":\"https:\/\/www.bymycar.be\/webzine\/nl\/#organization\",\"name\":\"Webzine | BYmyCAR\",\"url\":\"https:\/\/www.bymycar.be\/webzine\/nl\/\",\"logo\":{\"@type\":\"ImageObject\",\"inLanguage\":\"fr-FR\",\"@id\":\"https:\/\/www.bymycar.be\/webzine\/nl\/#\/schema\/logo\/image\/\",\"url\":\"https:\/\/cdn.bymycar.eu\/be-webzine\/wp-content\/uploads\/2024\/11\/20203047\/logo.png\",\"contentUrl\":\"https:\/\/cdn.bymycar.eu\/be-webzine\/wp-content\/uploads\/2024\/11\/20203047\/logo.png\",\"width\":1280,\"height\":512,\"caption\":\"Webzine | BYmyCAR\"},\"image\":{\"@id\":\"https:\/\/www.bymycar.be\/webzine\/nl\/#\/schema\/logo\/image\/\"},\"sameAs\":[\"https:\/\/www.facebook.com\/BYmyCAR.officiel\/\",\"https:\/\/www.instagram.com\/bymycar.officiel\/\"]},{\"@type\":\"Person\",\"@id\":\"https:\/\/www.bymycar.be\/webzine\/nl\/#\/schema\/person\/6cd99e624bbd64604349ff20ee1ed853\",\"name\":\"Tom Fernandes\",\"image\":{\"@type\":\"ImageObject\",\"inLanguage\":\"fr-FR\",\"@id\":\"https:\/\/www.bymycar.be\/webzine\/nl\/#\/schema\/person\/image\/\",\"url\":\"https:\/\/secure.gravatar.com\/avatar\/81b17c0cc5a6f1f7f394984269a7cbad9c7cca9604839da024242cf665051fbf?s=96&d=mm&r=g\",\"contentUrl\":\"https:\/\/secure.gravatar.com\/avatar\/81b17c0cc5a6f1f7f394984269a7cbad9c7cca9604839da024242cf665051fbf?s=96&d=mm&r=g\",\"caption\":\"Tom Fernandes\"}}]}<\/script>\n<!-- \/ Yoast SEO Premium plugin. -->","yoast_head_json":{"title":"Mercedes GLC AMG : SUV de luxe et sportivit\u00e9 sont-ils compatibles ? - Webzine BE | BYmyCAR","robots":{"index":"index","follow":"follow","max-snippet":"max-snippet:-1","max-image-preview":"max-image-preview:large","max-video-preview":"max-video-preview:-1"},"canonical":"https:\/\/www.bymycar.be\/webzine\/mercedes-glc-amg-suv-de-luxe-et-sportivite-sont-ils-compatibles\/","og_locale":"fr_FR","og_type":"article","og_title":"Mercedes GLC AMG : SUV de luxe et sportivit\u00e9 sont-ils compatibles ?","og_url":"https:\/\/www.bymycar.be\/webzine\/mercedes-glc-amg-suv-de-luxe-et-sportivite-sont-ils-compatibles\/","og_site_name":"Webzine BE | BYmyCAR","article_publisher":"https:\/\/www.facebook.com\/BYmyCAR.officiel\/","article_published_time":"2025-12-03T09:35:53+00:00","article_modified_time":"2025-12-03T09:36:21+00:00","author":"Tom Fernandes","twitter_card":"summary_large_image","twitter_misc":{"\u00c9crit par":"Tom Fernandes"},"schema":{"@context":"https:\/\/schema.org","@graph":[{"@type":"Article","@id":"https:\/\/www.bymycar.be\/webzine\/mercedes-glc-amg-suv-de-luxe-et-sportivite-sont-ils-compatibles\/#article","isPartOf":{"@id":"https:\/\/www.bymycar.be\/webzine\/mercedes-glc-amg-suv-de-luxe-et-sportivite-sont-ils-compatibles\/"},"author":{"name":"Tom Fernandes","@id":"https:\/\/www.bymycar.be\/webzine\/nl\/#\/schema\/person\/6cd99e624bbd64604349ff20ee1ed853"},"headline":"Mercedes GLC AMG : SUV de luxe et sportivit\u00e9 sont-ils compatibles ?","datePublished":"2025-12-03T09:35:53+00:00","dateModified":"2025-12-03T09:36:21+00:00","mainEntityOfPage":{"@id":"https:\/\/www.bymycar.be\/webzine\/mercedes-glc-amg-suv-de-luxe-et-sportivite-sont-ils-compatibles\/"},"wordCount":10,"publisher":{"@id":"https:\/\/www.bymycar.be\/webzine\/nl\/#organization"},"articleSection":["Guide d'achat Mercedes"],"inLanguage":"fr-FR"},{"@type":"WebPage","@id":"https:\/\/www.bymycar.be\/webzine\/mercedes-glc-amg-suv-de-luxe-et-sportivite-sont-ils-compatibles\/","url":"https:\/\/www.bymycar.be\/webzine\/mercedes-glc-amg-suv-de-luxe-et-sportivite-sont-ils-compatibles\/","name":"Mercedes GLC AMG : SUV de luxe et sportivit\u00e9 sont-ils compatibles ? - Webzine BE | BYmyCAR","isPartOf":{"@id":"https:\/\/www.bymycar.be\/webzine\/nl\/#website"},"datePublished":"2025-12-03T09:35:53+00:00","dateModified":"2025-12-03T09:36:21+00:00","breadcrumb":{"@id":"https:\/\/www.bymycar.be\/webzine\/mercedes-glc-amg-suv-de-luxe-et-sportivite-sont-ils-compatibles\/#breadcrumb"},"inLanguage":"fr-FR","potentialAction":[{"@type":"ReadAction","target":["https:\/\/www.bymycar.be\/webzine\/mercedes-glc-amg-suv-de-luxe-et-sportivite-sont-ils-compatibles\/"]}]},{"@type":"BreadcrumbList","@id":"https:\/\/www.bymycar.be\/webzine\/mercedes-glc-amg-suv-de-luxe-et-sportivite-sont-ils-compatibles\/#breadcrumb","itemListElement":[{"@type":"ListItem","position":1,"name":"Accueil","item":"https:\/\/www.bymycar.be\/webzine\/"},{"@type":"ListItem","position":2,"name":"Mercedes GLC AMG : SUV de luxe et sportivit\u00e9 sont-ils compatibles ?"}]},{"@type":"WebSite","@id":"https:\/\/www.bymycar.be\/webzine\/nl\/#website","url":"https:\/\/www.bymycar.be\/webzine\/nl\/","name":"Webzine | BYmyCAR","description":"_Le webzine auto de","publisher":{"@id":"https:\/\/www.bymycar.be\/webzine\/nl\/#organization"},"potentialAction":[{"@type":"SearchAction","target":{"@type":"EntryPoint","urlTemplate":"https:\/\/www.bymycar.be\/webzine\/nl\/?s={search_term_string}"},"query-input":{"@type":"PropertyValueSpecification","valueRequired":true,"valueName":"search_term_string"}}],"inLanguage":"fr-FR"},{"@type":"Organization","@id":"https:\/\/www.bymycar.be\/webzine\/nl\/#organization","name":"Webzine | BYmyCAR","url":"https:\/\/www.bymycar.be\/webzine\/nl\/","logo":{"@type":"ImageObject","inLanguage":"fr-FR","@id":"https:\/\/www.bymycar.be\/webzine\/nl\/#\/schema\/logo\/image\/","url":"https:\/\/cdn.bymycar.eu\/be-webzine\/wp-content\/uploads\/2024\/11\/20203047\/logo.png","contentUrl":"https:\/\/cdn.bymycar.eu\/be-webzine\/wp-content\/uploads\/2024\/11\/20203047\/logo.png","width":1280,"height":512,"caption":"Webzine | BYmyCAR"},"image":{"@id":"https:\/\/www.bymycar.be\/webzine\/nl\/#\/schema\/logo\/image\/"},"sameAs":["https:\/\/www.facebook.com\/BYmyCAR.officiel\/","https:\/\/www.instagram.com\/bymycar.officiel\/"]},{"@type":"Person","@id":"https:\/\/www.bymycar.be\/webzine\/nl\/#\/schema\/person\/6cd99e624bbd64604349ff20ee1ed853","name":"Tom Fernandes","image":{"@type":"ImageObject","inLanguage":"fr-FR","@id":"https:\/\/www.bymycar.be\/webzine\/nl\/#\/schema\/person\/image\/","url":"https:\/\/secure.gravatar.com\/avatar\/81b17c0cc5a6f1f7f394984269a7cbad9c7cca9604839da024242cf665051fbf?s=96&d=mm&r=g","contentUrl":"https:\/\/secure.gravatar.com\/avatar\/81b17c0cc5a6f1f7f394984269a7cbad9c7cca9604839da024242cf665051fbf?s=96&d=mm&r=g","caption":"Tom Fernandes"}}]}},"_links":{"self":[{"href":"https:\/\/www.bymycar.be\/webzine\/wp-json\/wp\/v2\/posts\/5462","targetHints":{"allow":["GET"]}}],"collection":[{"href":"https:\/\/www.bymycar.be\/webzine\/wp-json\/wp\/v2\/posts"}],"about":[{"href":"https:\/\/www.bymycar.be\/webzine\/wp-json\/wp\/v2\/types\/post"}],"author":[{"embeddable":true,"href":"https:\/\/www.bymycar.be\/webzine\/wp-json\/wp\/v2\/users\/17"}],"replies":[{"embeddable":true,"href":"https:\/\/www.bymycar.be\/webzine\/wp-json\/wp\/v2\/comments?post=5462"}],"version-history":[{"count":2,"href":"https:\/\/www.bymycar.be\/webzine\/wp-json\/wp\/v2\/posts\/5462\/revisions"}],"predecessor-version":[{"id":5466,"href":"https:\/\/www.bymycar.be\/webzine\/wp-json\/wp\/v2\/posts\/5462\/revisions\/5466"}],"wp:attachment":[{"href":"https:\/\/www.bymycar.be\/webzine\/wp-json\/wp\/v2\/media?parent=5462"}],"wp:term":[{"taxonomy":"category","embeddable":true,"href":"https:\/\/www.bymycar.be\/webzine\/wp-json\/wp\/v2\/categories?post=5462"},{"taxonomy":"post_tag","embeddable":true,"href":"https:\/\/www.bymycar.be\/webzine\/wp-json\/wp\/v2\/tags?post=5462"}],"curies":[{"name":"wp","href":"https:\/\/api.w.org\/{rel}","templated":true}]}}