{"id":5444,"date":"2025-12-03T10:28:17","date_gmt":"2025-12-03T09:28:17","guid":{"rendered":"https:\/\/www.bymycar.be\/webzine\/?p=5444"},"modified":"2025-12-03T10:38:21","modified_gmt":"2025-12-03T09:38:21","slug":"mercedes-glc-4matic-avantages-de-la-transmission-integrale","status":"publish","type":"post","link":"https:\/\/www.bymycar.be\/webzine\/mercedes-glc-4matic-avantages-de-la-transmission-integrale\/","title":{"rendered":"Mercedes GLC 4MATIC : avantages de la transmission int\u00e9grale"},"content":{"rendered":"","protected":false},"excerpt":{"rendered":"","protected":false},"author":17,"featured_media":0,"comment_status":"closed","ping_status":"closed","sticky":false,"template":"","format":"standard","meta":{"_acf_changed":false,"footnotes":""},"categories":[1458],"tags":[],"class_list":["post-5444","post","type-post","status-publish","format-standard","hentry","category-guide-dachat-mercedes"],"acf":{"image":{"ID":5446,"id":5446,"title":"Das neue GLC Coup\u00e9: Das Lifestyle-Modell in der erfolgreichen SUV-Familie von Mercedes-BenzThe new GLC Coup\u00e9: The lifestyle model in the successful Mercedes-Benz SUV family","filename":"23c0044-011.jpg","filesize":253427,"url":"https:\/\/cdn.bymycar.eu\/be-webzine\/wp-content\/uploads\/2025\/12\/03102450\/23c0044-011.jpg","link":"https:\/\/www.bymycar.be\/webzine\/mercedes-glc-4matic-avantages-de-la-transmission-integrale\/das-neue-glc-coupe-das-lifestyle-modell-in-der-erfolgreichen-suv-familie-von-mercedes-benzthe-new-glc-coupe-the-lifestyle-model-in-the-successful-mercedes-benz-suv-family-6\/","alt":"Mercedes GLC","author":"17","description":"","caption":"Das neue Mercedes-Benz GLC Coup\u00e9: AMG-Line; Exterieur: Graphitgrau; Interieur: Leder sienabraun\/schwarz \n\nThe new Mercedes-Benz GLC Coup\u00e9: AMG line; exterior: graphite grey; interior: leather siena brown\/black","name":"das-neue-glc-coupe-das-lifestyle-modell-in-der-erfolgreichen-suv-familie-von-mercedes-benzthe-new-glc-coupe-the-lifestyle-model-in-the-successful-mercedes-benz-suv-family-6","status":"inherit","uploaded_to":5444,"date":"2025-12-03 09:24:49","modified":"2025-12-03 09:25:10","menu_order":0,"mime_type":"image\/jpeg","type":"image","subtype":"jpeg","icon":"https:\/\/www.bymycar.be\/webzine\/wp-includes\/images\/media\/default.png","width":1024,"height":683,"sizes":{"thumbnail":"https:\/\/cdn.bymycar.eu\/be-webzine\/wp-content\/uploads\/2025\/12\/03102450\/23c0044-011-150x150.jpg","thumbnail-width":150,"thumbnail-height":150,"medium":"https:\/\/cdn.bymycar.eu\/be-webzine\/wp-content\/uploads\/2025\/12\/03102450\/23c0044-011-300x200.jpg","medium-width":300,"medium-height":200,"medium_large":"https:\/\/cdn.bymycar.eu\/be-webzine\/wp-content\/uploads\/2025\/12\/03102450\/23c0044-011-768x512.jpg","medium_large-width":768,"medium_large-height":512,"large":"https:\/\/cdn.bymycar.eu\/be-webzine\/wp-content\/uploads\/2025\/12\/03102450\/23c0044-011.jpg","large-width":1024,"large-height":683,"1536x1536":"https:\/\/cdn.bymycar.eu\/be-webzine\/wp-content\/uploads\/2025\/12\/03102450\/23c0044-011.jpg","1536x1536-width":1024,"1536x1536-height":683,"2048x2048":"https:\/\/cdn.bymycar.eu\/be-webzine\/wp-content\/uploads\/2025\/12\/03102450\/23c0044-011.jpg","2048x2048-width":1024,"2048x2048-height":683}},"introduction":"<p>La transmission int\u00e9grale 4MATIC du <a href=\"https:\/\/www.bymycar.be\/fr\/v\/mercedes-glc\">Mercedes-Benz GLC<\/a> offre une s\u00e9curit\u00e9 exceptionnelle et une adh\u00e9rence remarquable sur tous types de rev\u00eatements. Cette technologie garantit un confort optimal et une ma\u00eetrise parfaite, m\u00eame dans les conditions difficiles. Chez BYmyCAR, nos conseillers vous accompagnent pour d\u00e9couvrir tous les atouts de nos v\u00e9hicules neufs et vous orienter vers la version qui correspond \u00e0 vos besoins.<\/p>\n<p>&nbsp;<\/p>\n<p style=\"text-align: center;\"><a href=\"https:\/\/www.bymycar.be\/webzine\/mercedes-glc-un-suv-premium-qui-allie-luxe-et-polyvalence\/\"  class=\"css-button css-button--gold\" >\n                Tout savoir sur la Mercedes GLC\n        <\/a><\/p>\n","add-to-bo":false,"page_content":{"block_content":[{"acf_fc_layout":"carousel-produits"},{"acf_fc_layout":"text-simple","--nav":{"-withNav":false,"-ancre":""},"--group":{"-text":"<h2>S\u00e9curit\u00e9 et ma\u00eetrise en toutes conditions avec 4MATIC<\/h2>\n<p>Le syst\u00e8me 4MATIC r\u00e9partit dynamiquement le couple entre les essieux avant et arri\u00e8re selon l&rsquo;adh\u00e9rence disponible, maximisant la traction et r\u00e9duisant les risques de patinage. Sur le Mercedes-Benz GLC, cette adaptation instantan\u00e9e du couple favorise une conduite sereine au quotidien, m\u00eame face aux conditions les plus exigeantes.<\/p>\n<p>La transmission int\u00e9grale 4MATIC d\u00e9montre toute son efficacit\u00e9 dans plusieurs situations critiques :<\/p>\n<ul>\n<li>Sur chauss\u00e9e d\u00e9tremp\u00e9e par la pluie, o\u00f9 l&rsquo;adh\u00e9rence est souvent compromise ;<\/li>\n<li>En pr\u00e9sence de neige ou sur sol meuble, gr\u00e2ce \u00e0 l&rsquo;association avec l&rsquo;ESP\u00ae et le 4ETS ;<\/li>\n<li>Sur routes sinueuses, en maintenant une stabilit\u00e9 optimale dans les virages serr\u00e9s.<\/li>\n<\/ul>\n<p>Cette technologie assure le maintien de la trajectoire et la stabilit\u00e9 du v\u00e9hicule en permanence.<\/p>\n<h2>Performances du Mercedes-AMG GLC 4MATIC+ : dynamisme et polyvalence<\/h2>\n<p>Sur le Mercedes-AMG GLC, la transmission int\u00e9grale 4MATIC+ se distingue par sa r\u00e9partition du couple enti\u00e8rement variable. Ce syst\u00e8me intelligent peut envoyer jusqu&rsquo;\u00e0 100 % de la puissance vers les roues arri\u00e8re, offrant une pr\u00e9cision remarquable dans les virages et des acc\u00e9l\u00e9rations impressionnantes lors d&rsquo;une conduite sportive.<\/p>\n<p>Le Mercedes-Benz GLC \u00e9quip\u00e9 de cette technologie combine efficience et confort gr\u00e2ce aux diff\u00e9rents programmes de conduite DYNAMIC SELECT. Que vous privil\u00e9giez une conduite d\u00e9tendue ou sportive, la transmission s&rsquo;adapte instantan\u00e9ment \u00e0 votre style, assurant une exp\u00e9rience fluide m\u00eame sur terrains vari\u00e9s.<\/p>\n<h2>Comparaison avec les syst\u00e8mes concurrents<\/h2>\n<p>Le syst\u00e8me 4MATIC de Mercedes se distingue par son approche technologique avanc\u00e9e, offrant une exp\u00e9rience de conduite sup\u00e9rieure en toutes circonstances. Son architecture intelligente r\u00e9pond aux attentes des conducteurs exigeants, tout en optimisant l&rsquo;efficacit\u00e9 \u00e9nerg\u00e9tique gr\u00e2ce \u00e0 sa conception l\u00e9g\u00e8re et sa gestion \u00e9lectronique sophistiqu\u00e9e.<\/p>\n<table>\n<thead>\n<tr>\n<th>Caract\u00e9ristique<\/th>\n<th>4MATIC Mercedes<\/th>\n<th>Syst\u00e8mes concurrents<\/th>\n<th>B\u00e9n\u00e9fice client<\/th>\n<\/tr>\n<\/thead>\n<tbody>\n<tr>\n<td>Poids<\/td>\n<td>Structure l\u00e9g\u00e8re (+65 kg seulement)<\/td>\n<td>G\u00e9n\u00e9ralement plus lourds<\/td>\n<td>Meilleure efficacit\u00e9 \u00e9nerg\u00e9tique<\/td>\n<\/tr>\n<tr>\n<td>R\u00e9activit\u00e9<\/td>\n<td>R\u00e9partition variable instantan\u00e9e du couple<\/td>\n<td>Temps de r\u00e9ponse plus long<\/td>\n<td>S\u00e9curit\u00e9 accrue et stabilit\u00e9 imm\u00e9diate<\/td>\n<\/tr>\n<tr>\n<td>Int\u00e9gration<\/td>\n<td>Coordination parfaite avec ESP\u00ae et 4ETS<\/td>\n<td>Syst\u00e8mes moins interconnect\u00e9s<\/td>\n<td>Exp\u00e9rience de conduite fluide et intuitive<\/td>\n<\/tr>\n<\/tbody>\n<\/table>\n<h2>Synth\u00e8se : pour quel usage choisir le Mercedes-Benz GLC 4MATIC ?<\/h2>\n<p>La transmission int\u00e9grale 4MATIC s&rsquo;av\u00e8re particuli\u00e8rement avantageuse dans ces situations :<\/p>\n<ul>\n<li>Les r\u00e9gions \u00e0 climat variable (neige, pluie, boue) ;<\/li>\n<li>Les trajets o\u00f9 s\u00e9curit\u00e9 et adh\u00e9rence sont prioritaires ;<\/li>\n<li>Les parcours dynamiques ou aventures hors route l\u00e9g\u00e8res.<\/li>\n<\/ul>\n<p>Nos conseillers BYmyCAR vous accompagnent pour d\u00e9couvrir ce syst\u00e8me innovant.<\/p>\n<h2>Versions populaires : GLC 220d 4MATIC et GLC 300e 4MATIC<\/h2>\n<h3>GLC 220d 4MATIC : atouts au quotidien<\/h3>\n<p>Le Mercedes GLC 220d 4MATIC s\u00e9duit par son agr\u00e9ment de conduite et sa s\u00e9curit\u00e9 renforc\u00e9e gr\u00e2ce \u00e0 sa transmission int\u00e9grale qui offre une stabilit\u00e9 remarquable en toutes conditions. Pour d\u00e9couvrir nos v\u00e9hicules neufs et obtenir des informations d\u00e9taill\u00e9es, contactez nos conseillers BYmyCAR.<\/p>\n<h3>GLC 300e 4MATIC : l&rsquo;alternative hybride rechargeable<\/h3>\n<p>Le Mercedes GLC 300e 4MATIC combine puissance et responsabilit\u00e9 environnementale avec une conduite fluide et une autonomie \u00e9lectrique int\u00e9ressante pour vos trajets quotidiens. Nos conseillers BYmyCAR vous pr\u00e9sentent tous les avantages de ce v\u00e9hicule neuf alliant performance et technologie avanc\u00e9e.<\/p>\n<h2>FAQ sur le Mercedes GLC 4MATIC<\/h2>\n<h3>Comment fonctionne le syst\u00e8me 4MATIC ?<\/h3>\n<p>Le syst\u00e8me 4MATIC de <a href=\"https:\/\/www.bymycar.be\/fr\/v\/mercedes\" target=\"_blank\" rel=\"noopener\">Mercedes<\/a> r\u00e9partit intelligemment la puissance entre les quatre roues selon les conditions d&rsquo;adh\u00e9rence, offrant ainsi une traction optimale en toutes circonstances.<\/p>\n<h3>Quel Mercedes GLC est le plus fiable ?<\/h3>\n<p>Le Mercedes GLC se distingue par sa fiabilit\u00e9, particuli\u00e8rement dans sa version 220d 4MATIC qui combine robustesse et excellente tenue de route.<\/p>\n<h3>O\u00f9 conna\u00eetre le prix d&rsquo;une Mercedes GLC 300d 4MATIC ?<\/h3>\n<p>Pour obtenir les meilleures conditions d&rsquo;achat, contactez nos conseillers BYmyCAR qui vous proposeront une offre personnalis\u00e9e.<\/p>\n<p><strong>Sources :<\/strong><\/p>\n<ul>\n<li><a href=\"https:\/\/www.mercedes-benz.fr\/passengercars\/models\/4MATIC.html\" target=\"_blank\" rel=\"noopener\">Mercedes 4MATIC : Transmission int\u00e9grale<\/a><\/li>\n<li><a href=\"https:\/\/www.mercedes-benz.lu\/fr\/passengercars\/services\/manuals.html\/glc-suv-2025-10-x254-mbux\/conduite-et-stationnement\/fonctionnement-de-la-transmission-integrale-4matic\" target=\"_blank\" rel=\"noopener\">Fonctionnement de la transmission int\u00e9grale 4MATIC<\/a><\/li>\n<li><a href=\"https:\/\/caravenuemercedes.be\/wp-content\/uploads\/brochures\/10-brochure-mercedes-glc-suv-befr.pdf\" target=\"_blank\" rel=\"noopener\">GLC Brochure befr &#8211; Mercedes-Benz CAR Avenue<\/a><\/li>\n<li><a href=\"https:\/\/mercedes-chevalley.ch\/actualites\/4matic\" target=\"_blank\" rel=\"noopener\">Mercedes-Benz 4MATIC | Ce que vous devez savoir<\/a><\/li>\n<li><a href=\"https:\/\/www.mercedes-benz-silverstar.ca\/fr\/nouvelles\/afficher\/systeme-4matic-de-mercedes-benz-comment-ca-marche-\/77654\" target=\"_blank\" rel=\"noopener\">Syst\u00e8me 4MATIC de Mercedes-Benz : comment \u00e7a marche<\/a><\/li>\n<li><a href=\"https:\/\/media.mercedes-benz.fr\/download\/303594\/1258123-classe-s-4matic.rtf\" target=\"_blank\" rel=\"noopener\">Mercedes-Benz et la transmission int\u00e9grale<\/a><\/li>\n<li><a href=\"https:\/\/www.lejsl.com\/magazine-automobile\/2020\/12\/05\/quattro-xdrive-4matic-quelle-transmission-integrale-choisir\" target=\"_blank\" rel=\"noopener\">Quattro, xDrive, 4Matic\u2026 Quelle transmission int\u00e9grale choisir<\/a><\/li>\n<li><a href=\"https:\/\/media.mercedes-benz.fr\/mercedes-amg----glc-63-4matic-et-glc-63-4matic-coupe\/\" target=\"_blank\" rel=\"noopener\">Mercedes-AMG &#8211; GLC 63 4MATIC+ et &#8230;<\/a><\/li>\n<\/ul>\n"}},{"acf_fc_layout":"text-simple","--nav":{"-withNav":false,"-ancre":""},"--group":{"-text":"<p><!--StartFragment --><\/p>\n<p class=\"pf0\"><strong><span class=\"cf0\">D\u00e9couvrez aussi :<\/span><\/strong><\/p>\n<ul>\n<li class=\"pf1\"><a href=\"https:\/\/www.bymycar.be\/webzine\/mercedes-glc-vs-audi-q5-quel-suv-choisir\/\"><span class=\"cf1\">Mercedes GLC vs Audi Q5 : quel SUV choisir ?<\/span><\/a><\/li>\n<li class=\"pf1\"><a href=\"https:\/\/www.bymycar.be\/webzine\/mercedes-glc-essence-diesel-hybride-ou-electrique-quelle-motorisation-privilegier\/\"><span class=\"cf1\">Mercedes GLC essence, diesel ou hybride : quelle motorisation privil\u00e9gier ?<\/span><\/a><\/li>\n<li class=\"pf1\"><a href=\"https:\/\/www.bymycar.be\/webzine\/mercedes-glc-doccasion-comment-eviter-les-mauvaises-surprises\/\"><span class=\"cf1\">Mercedes GLC d\u2019occasion : comment \u00e9viter les mauvaises surprises ?<\/span><\/a><\/li>\n<li class=\"pf1\"><a href=\"https:\/\/www.bymycar.be\/webzine\/mercedes-glc-vs-gle-quelles-differences\/\"><span class=\"cf1\">Mercedes GLC : quelles diff\u00e9rences entre le GLC et le GLE ?<\/span><\/a><\/li>\n<li class=\"pf1\"><a href=\"https:\/\/www.bymycar.be\/webzine\/mercedes-glc-amg-suv-de-luxe-et-sportivite-sont-ils-compatibles\/\"><span class=\"cf1\">Mercedes GLC AMG : SUV de luxe et sportivit\u00e9 sont-ils compatibles ?<\/span><\/a><\/li>\n<\/ul>\n<p><!--EndFragment --><\/p>\n"}}]}},"yoast_head":"<!-- This site is optimized with the Yoast SEO Premium plugin v26.4 (Yoast SEO v27.1.1) - https:\/\/yoast.com\/product\/yoast-seo-premium-wordpress\/ -->\n<title>Mercedes GLC 4MATIC : avantages de la transmission int\u00e9grale - Webzine BE | BYmyCAR<\/title>\n<meta name=\"robots\" content=\"index, follow, max-snippet:-1, max-image-preview:large, max-video-preview:-1\" \/>\n<link rel=\"canonical\" href=\"https:\/\/www.bymycar.be\/webzine\/mercedes-glc-4matic-avantages-de-la-transmission-integrale\/\" \/>\n<meta property=\"og:locale\" content=\"fr_FR\" \/>\n<meta property=\"og:type\" content=\"article\" \/>\n<meta property=\"og:title\" content=\"Mercedes GLC 4MATIC : avantages de la transmission int\u00e9grale\" \/>\n<meta property=\"og:url\" content=\"https:\/\/www.bymycar.be\/webzine\/mercedes-glc-4matic-avantages-de-la-transmission-integrale\/\" \/>\n<meta property=\"og:site_name\" content=\"Webzine BE | BYmyCAR\" \/>\n<meta property=\"article:publisher\" content=\"https:\/\/www.facebook.com\/BYmyCAR.officiel\/\" \/>\n<meta property=\"article:published_time\" content=\"2025-12-03T09:28:17+00:00\" \/>\n<meta property=\"article:modified_time\" content=\"2025-12-03T09:38:21+00:00\" \/>\n<meta name=\"author\" content=\"Tom Fernandes\" \/>\n<meta name=\"twitter:card\" content=\"summary_large_image\" \/>\n<meta name=\"twitter:label1\" content=\"\u00c9crit par\" \/>\n\t<meta name=\"twitter:data1\" content=\"Tom Fernandes\" \/>\n<script type=\"application\/ld+json\" class=\"yoast-schema-graph\">{\"@context\":\"https:\/\/schema.org\",\"@graph\":[{\"@type\":\"Article\",\"@id\":\"https:\/\/www.bymycar.be\/webzine\/mercedes-glc-4matic-avantages-de-la-transmission-integrale\/#article\",\"isPartOf\":{\"@id\":\"https:\/\/www.bymycar.be\/webzine\/mercedes-glc-4matic-avantages-de-la-transmission-integrale\/\"},\"author\":{\"name\":\"Tom Fernandes\",\"@id\":\"https:\/\/www.bymycar.be\/webzine\/nl\/#\/schema\/person\/6cd99e624bbd64604349ff20ee1ed853\"},\"headline\":\"Mercedes GLC 4MATIC : avantages de la transmission int\u00e9grale\",\"datePublished\":\"2025-12-03T09:28:17+00:00\",\"dateModified\":\"2025-12-03T09:38:21+00:00\",\"mainEntityOfPage\":{\"@id\":\"https:\/\/www.bymycar.be\/webzine\/mercedes-glc-4matic-avantages-de-la-transmission-integrale\/\"},\"wordCount\":9,\"publisher\":{\"@id\":\"https:\/\/www.bymycar.be\/webzine\/nl\/#organization\"},\"articleSection\":[\"Guide d'achat Mercedes\"],\"inLanguage\":\"fr-FR\"},{\"@type\":\"WebPage\",\"@id\":\"https:\/\/www.bymycar.be\/webzine\/mercedes-glc-4matic-avantages-de-la-transmission-integrale\/\",\"url\":\"https:\/\/www.bymycar.be\/webzine\/mercedes-glc-4matic-avantages-de-la-transmission-integrale\/\",\"name\":\"Mercedes GLC 4MATIC : avantages de la transmission int\u00e9grale - Webzine BE | BYmyCAR\",\"isPartOf\":{\"@id\":\"https:\/\/www.bymycar.be\/webzine\/nl\/#website\"},\"datePublished\":\"2025-12-03T09:28:17+00:00\",\"dateModified\":\"2025-12-03T09:38:21+00:00\",\"breadcrumb\":{\"@id\":\"https:\/\/www.bymycar.be\/webzine\/mercedes-glc-4matic-avantages-de-la-transmission-integrale\/#breadcrumb\"},\"inLanguage\":\"fr-FR\",\"potentialAction\":[{\"@type\":\"ReadAction\",\"target\":[\"https:\/\/www.bymycar.be\/webzine\/mercedes-glc-4matic-avantages-de-la-transmission-integrale\/\"]}]},{\"@type\":\"BreadcrumbList\",\"@id\":\"https:\/\/www.bymycar.be\/webzine\/mercedes-glc-4matic-avantages-de-la-transmission-integrale\/#breadcrumb\",\"itemListElement\":[{\"@type\":\"ListItem\",\"position\":1,\"name\":\"Accueil\",\"item\":\"https:\/\/www.bymycar.be\/webzine\/\"},{\"@type\":\"ListItem\",\"position\":2,\"name\":\"Mercedes GLC 4MATIC : avantages de la transmission int\u00e9grale\"}]},{\"@type\":\"WebSite\",\"@id\":\"https:\/\/www.bymycar.be\/webzine\/nl\/#website\",\"url\":\"https:\/\/www.bymycar.be\/webzine\/nl\/\",\"name\":\"Webzine | BYmyCAR\",\"description\":\"_Le webzine auto de\",\"publisher\":{\"@id\":\"https:\/\/www.bymycar.be\/webzine\/nl\/#organization\"},\"potentialAction\":[{\"@type\":\"SearchAction\",\"target\":{\"@type\":\"EntryPoint\",\"urlTemplate\":\"https:\/\/www.bymycar.be\/webzine\/nl\/?s={search_term_string}\"},\"query-input\":{\"@type\":\"PropertyValueSpecification\",\"valueRequired\":true,\"valueName\":\"search_term_string\"}}],\"inLanguage\":\"fr-FR\"},{\"@type\":\"Organization\",\"@id\":\"https:\/\/www.bymycar.be\/webzine\/nl\/#organization\",\"name\":\"Webzine | BYmyCAR\",\"url\":\"https:\/\/www.bymycar.be\/webzine\/nl\/\",\"logo\":{\"@type\":\"ImageObject\",\"inLanguage\":\"fr-FR\",\"@id\":\"https:\/\/www.bymycar.be\/webzine\/nl\/#\/schema\/logo\/image\/\",\"url\":\"https:\/\/cdn.bymycar.eu\/be-webzine\/wp-content\/uploads\/2024\/11\/20203047\/logo.png\",\"contentUrl\":\"https:\/\/cdn.bymycar.eu\/be-webzine\/wp-content\/uploads\/2024\/11\/20203047\/logo.png\",\"width\":1280,\"height\":512,\"caption\":\"Webzine | BYmyCAR\"},\"image\":{\"@id\":\"https:\/\/www.bymycar.be\/webzine\/nl\/#\/schema\/logo\/image\/\"},\"sameAs\":[\"https:\/\/www.facebook.com\/BYmyCAR.officiel\/\",\"https:\/\/www.instagram.com\/bymycar.officiel\/\"]},{\"@type\":\"Person\",\"@id\":\"https:\/\/www.bymycar.be\/webzine\/nl\/#\/schema\/person\/6cd99e624bbd64604349ff20ee1ed853\",\"name\":\"Tom Fernandes\",\"image\":{\"@type\":\"ImageObject\",\"inLanguage\":\"fr-FR\",\"@id\":\"https:\/\/www.bymycar.be\/webzine\/nl\/#\/schema\/person\/image\/\",\"url\":\"https:\/\/secure.gravatar.com\/avatar\/81b17c0cc5a6f1f7f394984269a7cbad9c7cca9604839da024242cf665051fbf?s=96&d=mm&r=g\",\"contentUrl\":\"https:\/\/secure.gravatar.com\/avatar\/81b17c0cc5a6f1f7f394984269a7cbad9c7cca9604839da024242cf665051fbf?s=96&d=mm&r=g\",\"caption\":\"Tom Fernandes\"}}]}<\/script>\n<!-- \/ Yoast SEO Premium plugin. -->","yoast_head_json":{"title":"Mercedes GLC 4MATIC : avantages de la transmission int\u00e9grale - Webzine BE | BYmyCAR","robots":{"index":"index","follow":"follow","max-snippet":"max-snippet:-1","max-image-preview":"max-image-preview:large","max-video-preview":"max-video-preview:-1"},"canonical":"https:\/\/www.bymycar.be\/webzine\/mercedes-glc-4matic-avantages-de-la-transmission-integrale\/","og_locale":"fr_FR","og_type":"article","og_title":"Mercedes GLC 4MATIC : avantages de la transmission int\u00e9grale","og_url":"https:\/\/www.bymycar.be\/webzine\/mercedes-glc-4matic-avantages-de-la-transmission-integrale\/","og_site_name":"Webzine BE | BYmyCAR","article_publisher":"https:\/\/www.facebook.com\/BYmyCAR.officiel\/","article_published_time":"2025-12-03T09:28:17+00:00","article_modified_time":"2025-12-03T09:38:21+00:00","author":"Tom Fernandes","twitter_card":"summary_large_image","twitter_misc":{"\u00c9crit par":"Tom Fernandes"},"schema":{"@context":"https:\/\/schema.org","@graph":[{"@type":"Article","@id":"https:\/\/www.bymycar.be\/webzine\/mercedes-glc-4matic-avantages-de-la-transmission-integrale\/#article","isPartOf":{"@id":"https:\/\/www.bymycar.be\/webzine\/mercedes-glc-4matic-avantages-de-la-transmission-integrale\/"},"author":{"name":"Tom Fernandes","@id":"https:\/\/www.bymycar.be\/webzine\/nl\/#\/schema\/person\/6cd99e624bbd64604349ff20ee1ed853"},"headline":"Mercedes GLC 4MATIC : avantages de la transmission int\u00e9grale","datePublished":"2025-12-03T09:28:17+00:00","dateModified":"2025-12-03T09:38:21+00:00","mainEntityOfPage":{"@id":"https:\/\/www.bymycar.be\/webzine\/mercedes-glc-4matic-avantages-de-la-transmission-integrale\/"},"wordCount":9,"publisher":{"@id":"https:\/\/www.bymycar.be\/webzine\/nl\/#organization"},"articleSection":["Guide d'achat Mercedes"],"inLanguage":"fr-FR"},{"@type":"WebPage","@id":"https:\/\/www.bymycar.be\/webzine\/mercedes-glc-4matic-avantages-de-la-transmission-integrale\/","url":"https:\/\/www.bymycar.be\/webzine\/mercedes-glc-4matic-avantages-de-la-transmission-integrale\/","name":"Mercedes GLC 4MATIC : avantages de la transmission int\u00e9grale - Webzine BE | BYmyCAR","isPartOf":{"@id":"https:\/\/www.bymycar.be\/webzine\/nl\/#website"},"datePublished":"2025-12-03T09:28:17+00:00","dateModified":"2025-12-03T09:38:21+00:00","breadcrumb":{"@id":"https:\/\/www.bymycar.be\/webzine\/mercedes-glc-4matic-avantages-de-la-transmission-integrale\/#breadcrumb"},"inLanguage":"fr-FR","potentialAction":[{"@type":"ReadAction","target":["https:\/\/www.bymycar.be\/webzine\/mercedes-glc-4matic-avantages-de-la-transmission-integrale\/"]}]},{"@type":"BreadcrumbList","@id":"https:\/\/www.bymycar.be\/webzine\/mercedes-glc-4matic-avantages-de-la-transmission-integrale\/#breadcrumb","itemListElement":[{"@type":"ListItem","position":1,"name":"Accueil","item":"https:\/\/www.bymycar.be\/webzine\/"},{"@type":"ListItem","position":2,"name":"Mercedes GLC 4MATIC : avantages de la transmission int\u00e9grale"}]},{"@type":"WebSite","@id":"https:\/\/www.bymycar.be\/webzine\/nl\/#website","url":"https:\/\/www.bymycar.be\/webzine\/nl\/","name":"Webzine | BYmyCAR","description":"_Le webzine auto de","publisher":{"@id":"https:\/\/www.bymycar.be\/webzine\/nl\/#organization"},"potentialAction":[{"@type":"SearchAction","target":{"@type":"EntryPoint","urlTemplate":"https:\/\/www.bymycar.be\/webzine\/nl\/?s={search_term_string}"},"query-input":{"@type":"PropertyValueSpecification","valueRequired":true,"valueName":"search_term_string"}}],"inLanguage":"fr-FR"},{"@type":"Organization","@id":"https:\/\/www.bymycar.be\/webzine\/nl\/#organization","name":"Webzine | BYmyCAR","url":"https:\/\/www.bymycar.be\/webzine\/nl\/","logo":{"@type":"ImageObject","inLanguage":"fr-FR","@id":"https:\/\/www.bymycar.be\/webzine\/nl\/#\/schema\/logo\/image\/","url":"https:\/\/cdn.bymycar.eu\/be-webzine\/wp-content\/uploads\/2024\/11\/20203047\/logo.png","contentUrl":"https:\/\/cdn.bymycar.eu\/be-webzine\/wp-content\/uploads\/2024\/11\/20203047\/logo.png","width":1280,"height":512,"caption":"Webzine | BYmyCAR"},"image":{"@id":"https:\/\/www.bymycar.be\/webzine\/nl\/#\/schema\/logo\/image\/"},"sameAs":["https:\/\/www.facebook.com\/BYmyCAR.officiel\/","https:\/\/www.instagram.com\/bymycar.officiel\/"]},{"@type":"Person","@id":"https:\/\/www.bymycar.be\/webzine\/nl\/#\/schema\/person\/6cd99e624bbd64604349ff20ee1ed853","name":"Tom Fernandes","image":{"@type":"ImageObject","inLanguage":"fr-FR","@id":"https:\/\/www.bymycar.be\/webzine\/nl\/#\/schema\/person\/image\/","url":"https:\/\/secure.gravatar.com\/avatar\/81b17c0cc5a6f1f7f394984269a7cbad9c7cca9604839da024242cf665051fbf?s=96&d=mm&r=g","contentUrl":"https:\/\/secure.gravatar.com\/avatar\/81b17c0cc5a6f1f7f394984269a7cbad9c7cca9604839da024242cf665051fbf?s=96&d=mm&r=g","caption":"Tom Fernandes"}}]}},"_links":{"self":[{"href":"https:\/\/www.bymycar.be\/webzine\/wp-json\/wp\/v2\/posts\/5444","targetHints":{"allow":["GET"]}}],"collection":[{"href":"https:\/\/www.bymycar.be\/webzine\/wp-json\/wp\/v2\/posts"}],"about":[{"href":"https:\/\/www.bymycar.be\/webzine\/wp-json\/wp\/v2\/types\/post"}],"author":[{"embeddable":true,"href":"https:\/\/www.bymycar.be\/webzine\/wp-json\/wp\/v2\/users\/17"}],"replies":[{"embeddable":true,"href":"https:\/\/www.bymycar.be\/webzine\/wp-json\/wp\/v2\/comments?post=5444"}],"version-history":[{"count":2,"href":"https:\/\/www.bymycar.be\/webzine\/wp-json\/wp\/v2\/posts\/5444\/revisions"}],"predecessor-version":[{"id":5469,"href":"https:\/\/www.bymycar.be\/webzine\/wp-json\/wp\/v2\/posts\/5444\/revisions\/5469"}],"wp:attachment":[{"href":"https:\/\/www.bymycar.be\/webzine\/wp-json\/wp\/v2\/media?parent=5444"}],"wp:term":[{"taxonomy":"category","embeddable":true,"href":"https:\/\/www.bymycar.be\/webzine\/wp-json\/wp\/v2\/categories?post=5444"},{"taxonomy":"post_tag","embeddable":true,"href":"https:\/\/www.bymycar.be\/webzine\/wp-json\/wp\/v2\/tags?post=5444"}],"curies":[{"name":"wp","href":"https:\/\/api.w.org\/{rel}","templated":true}]}}