{"id":5429,"date":"2025-12-03T10:21:06","date_gmt":"2025-12-03T09:21:06","guid":{"rendered":"https:\/\/www.bymycar.be\/webzine\/?p=5429"},"modified":"2025-12-03T10:38:53","modified_gmt":"2025-12-03T09:38:53","slug":"mercedes-glc-vs-gle-quelles-differences","status":"publish","type":"post","link":"https:\/\/www.bymycar.be\/webzine\/mercedes-glc-vs-gle-quelles-differences\/","title":{"rendered":"Mercedes GLC vs GLE : quelles diff\u00e9rences ?"},"content":{"rendered":"","protected":false},"excerpt":{"rendered":"","protected":false},"author":17,"featured_media":0,"comment_status":"closed","ping_status":"closed","sticky":false,"template":"","format":"standard","meta":{"_acf_changed":false,"footnotes":""},"categories":[1458],"tags":[],"class_list":["post-5429","post","type-post","status-publish","format-standard","hentry","category-guide-dachat-mercedes"],"acf":{"image":{"ID":5431,"id":5431,"title":"Das neue GLC Coup\u00e9: Das Lifestyle-Modell in der erfolgreichen SUV-Familie von Mercedes-BenzThe new GLC Coup\u00e9: The lifestyle model in the successful Mercedes-Benz SUV family","filename":"23c0044-012.jpg","filesize":257634,"url":"https:\/\/cdn.bymycar.eu\/be-webzine\/wp-content\/uploads\/2025\/12\/03101814\/23c0044-012.jpg","link":"https:\/\/www.bymycar.be\/webzine\/mercedes-glc-vs-gle-quelles-differences\/das-neue-glc-coupe-das-lifestyle-modell-in-der-erfolgreichen-suv-familie-von-mercedes-benzthe-new-glc-coupe-the-lifestyle-model-in-the-successful-mercedes-benz-suv-family-5\/","alt":"Mercedes GLC","author":"17","description":"","caption":"Das neue Mercedes-Benz GLC Coup\u00e9: AMG-Line; Exterieur: Graphitgrau; Interieur: Leder sienabraun\/schwarz \n\nThe new Mercedes-Benz GLC Coup\u00e9: AMG line; exterior: graphite grey; interior: leather siena brown\/black","name":"das-neue-glc-coupe-das-lifestyle-modell-in-der-erfolgreichen-suv-familie-von-mercedes-benzthe-new-glc-coupe-the-lifestyle-model-in-the-successful-mercedes-benz-suv-family-5","status":"inherit","uploaded_to":5429,"date":"2025-12-03 09:18:13","modified":"2025-12-03 09:18:35","menu_order":0,"mime_type":"image\/jpeg","type":"image","subtype":"jpeg","icon":"https:\/\/www.bymycar.be\/webzine\/wp-includes\/images\/media\/default.png","width":1024,"height":683,"sizes":{"thumbnail":"https:\/\/cdn.bymycar.eu\/be-webzine\/wp-content\/uploads\/2025\/12\/03101814\/23c0044-012-150x150.jpg","thumbnail-width":150,"thumbnail-height":150,"medium":"https:\/\/cdn.bymycar.eu\/be-webzine\/wp-content\/uploads\/2025\/12\/03101814\/23c0044-012-300x200.jpg","medium-width":300,"medium-height":200,"medium_large":"https:\/\/cdn.bymycar.eu\/be-webzine\/wp-content\/uploads\/2025\/12\/03101814\/23c0044-012-768x512.jpg","medium_large-width":768,"medium_large-height":512,"large":"https:\/\/cdn.bymycar.eu\/be-webzine\/wp-content\/uploads\/2025\/12\/03101814\/23c0044-012.jpg","large-width":1024,"large-height":683,"1536x1536":"https:\/\/cdn.bymycar.eu\/be-webzine\/wp-content\/uploads\/2025\/12\/03101814\/23c0044-012.jpg","1536x1536-width":1024,"1536x1536-height":683,"2048x2048":"https:\/\/cdn.bymycar.eu\/be-webzine\/wp-content\/uploads\/2025\/12\/03101814\/23c0044-012.jpg","2048x2048-width":1024,"2048x2048-height":683}},"introduction":"<p>Les Mercedes-Benz GLC et GLE sont deux mod\u00e8les phares de la gamme SUV du constructeur allemand, chacun r\u00e9pondant \u00e0 des besoins sp\u00e9cifiques. Le <a href=\"https:\/\/www.bymycar.be\/fr\/v\/mercedes-glc\">Mercedes GLC<\/a>, plus compact avec ses 4,65 m de longueur, offre une polyvalence urbaine id\u00e9ale et un coffre allant jusqu&rsquo;\u00e0 620 litres. Son grand fr\u00e8re, le <a href=\"https:\/\/www.bymycar.be\/fr\/v\/mercedes-gle\">Mercedes GLE<\/a> (4,92 m), propose davantage d&rsquo;espace, une motorisation plus puissante et la possibilit\u00e9 d&rsquo;accueillir jusqu&rsquo;\u00e0 sept passagers. Chez BYmyCAR, nos conseillers vous accompagnent pour d\u00e9couvrir ces deux SUV premium aux caract\u00e9ristiques distinctes.<\/p>\n<p>&nbsp;<\/p>\n<p style=\"text-align: center;\"><a href=\"https:\/\/www.bymycar.be\/webzine\/mercedes-glc-un-suv-premium-qui-allie-luxe-et-polyvalence\/\"  class=\"css-button css-button--gold\" >\n                Tout savoir sur la Mercedes GLC\n        <\/a><\/p>\n","add-to-bo":false,"page_content":{"block_content":[{"acf_fc_layout":"carousel-produits"},{"acf_fc_layout":"text-simple","--nav":{"-withNav":false,"-ancre":""},"--group":{"-text":"<h2>Dimensions, positionnement et habitabilit\u00e9<\/h2>\n<p>Mercedes-Benz propose deux SUV premium qui se distinguent par leur gabarit et leur modularit\u00e9 : le Mercedes GLC et le Mercedes GLE. Ces deux mod\u00e8les r\u00e9pondent \u00e0 des besoins diff\u00e9rents tout en offrant le luxe caract\u00e9ristique de la marque allemande.<\/p>\n<h3>GLE vs GLC : dimensions d\u00e9taill\u00e9es<\/h3>\n<p>Le Mercedes-Benz GLC s&rsquo;affirme comme un SUV familial aux dimensions ma\u00eetris\u00e9es avec une longueur de 4722 \u00e0 4794 mm selon les versions. Sa hauteur varie de 1597 \u00e0 1646 mm et sa largeur de 1890 \u00e0 1938 mm, offrant un \u00e9quilibre parfait entre prestance et maniabilit\u00e9. Le Mercedes GLE, plus imposant, mesure entre 4924 et 4961 mm de longueur, 1950 \u00e0 2105 mm de largeur et 1716 \u00e0 1797 mm de hauteur, s&rsquo;inscrivant clairement dans un segment sup\u00e9rieur.<\/p>\n<table>\n<thead>\n<tr>\n<th>Caract\u00e9ristiques<\/th>\n<th>Mercedes-Benz GLC<\/th>\n<th>Mercedes-Benz GLE<\/th>\n<\/tr>\n<\/thead>\n<tbody>\n<tr>\n<td>Longueur<\/td>\n<td>4722-4794 mm<\/td>\n<td>4924-4961 mm<\/td>\n<\/tr>\n<tr>\n<td>Largeur<\/td>\n<td>1890-1938 mm<\/td>\n<td>1950-2105 mm<\/td>\n<\/tr>\n<tr>\n<td>Hauteur<\/td>\n<td>1597-1646 mm<\/td>\n<td>1716-1797 mm<\/td>\n<\/tr>\n<tr>\n<td>Volume coffre<\/td>\n<td>460-620 litres<\/td>\n<td>Jusqu&rsquo;\u00e0 630 litres<\/td>\n<\/tr>\n<\/tbody>\n<\/table>\n<h3>Espace int\u00e9rieur et modularit\u00e9<\/h3>\n<p>L&rsquo;espace int\u00e9rieur du Mercedes GLC est con\u00e7u pour accueillir confortablement cinq passagers avec un volume de coffre oscillant entre 460 et 620 litres selon la configuration. Le Mercedes-Benz GLC offre une capacit\u00e9 de r\u00e9servoir g\u00e9n\u00e9reuse pour assurer une autonomie importante.<\/p>\n<p>Le Mercedes GLE se d\u00e9marque par son habitabilit\u00e9 sup\u00e9rieure et sa modularit\u00e9 exceptionnelle, proposant jusqu&rsquo;\u00e0 sept places gr\u00e2ce \u00e0 une troisi\u00e8me rang\u00e9e de si\u00e8ges optionnelle. Son coffre plus volumineux et son espace int\u00e9rieur plus g\u00e9n\u00e9reux en font le v\u00e9hicule id\u00e9al pour les familles nombreuses et les longs trajets.<\/p>\n<h2>Motorisations et performances<\/h2>\n<p>Le Mercedes GLC et le Mercedes GLE offrent une gamme de motorisations diverses qui r\u00e9pondent \u00e0 toutes les exigences. Le Mercedes-Benz GLC se distingue par ses blocs essence, diesel et hybrides rechargeables, dont la puissance varie de 163 \u00e0 367 chevaux. Tous les mod\u00e8les sont \u00e9quip\u00e9s de la transmission int\u00e9grale 4MATIC et de la bo\u00eete automatique 9G-TRONIC \u00e0 9 rapports, offrant une conduite fluide et r\u00e9active en toutes circonstances.<\/p>\n<p>Le Mercedes-Benz GLE monte en puissance avec des blocs allant jusqu&rsquo;\u00e0 585 ch sur les versions AMG, associ\u00e9s \u00e9galement \u00e0 la transmission 4MATIC pour une motricit\u00e9 optimale. Cette puissance sup\u00e9rieure lui conf\u00e8re une force de traction remarquable, id\u00e9ale pour les usages familiaux exigeants ou les gros rouleurs.<\/p>\n<h3>Version hybride rechargeable et consommation<\/h3>\n<p>Les versions hybrides rechargeables des deux SUV <a href=\"https:\/\/www.bymycar.be\/fr\/v\/mercedes\" target=\"_blank\" rel=\"noopener\">Mercedes<\/a> impressionnent par leurs performances et leur sobri\u00e9t\u00e9 :<\/p>\n<ul>\n<li>Le Mercedes GLC hybride offre jusqu&rsquo;\u00e0 130 km d&rsquo;autonomie \u00e9lectrique, une consommation mixte de 1 \u00e0 2 L\/100 km avec batterie charg\u00e9e et un r\u00e9servoir de 49 litres ;<\/li>\n<li>Le Mercedes GLE hybride d\u00e9livre une puissance combin\u00e9e pouvant d\u00e9passer 440 ch, avec une autonomie \u00e9lectrique plus limit\u00e9e mais des performances sup\u00e9rieures ;<\/li>\n<li>Le Mercedes-Benz GLC 300e d\u00e9veloppe 313 ch en puissance cumul\u00e9e, avec une recharge compl\u00e8te en 3h sur borne 11 kW ;<\/li>\n<li>Le Mercedes GLE 53 AMG combine technologie hybride avec 435 ch et un couple de 520 Nm.<\/li>\n<\/ul>\n<p>Ces motorisations avanc\u00e9es offrent un \u00e9quilibre parfait entre performance et efficience, vous permettant de b\u00e9n\u00e9ficier d&rsquo;une conduite dynamique tout en ma\u00eetrisant votre consommation. N&rsquo;h\u00e9sitez pas \u00e0 consulter nos conseillers BYmyCAR pour d\u00e9couvrir la version qui correspond le mieux \u00e0 vos besoins.<\/p>\n<h2>Technologies et \u00e9quipements<\/h2>\n<h3>Syst\u00e8mes d&rsquo;aide \u00e0 la conduite SUV<\/h3>\n<p>Le Mercedes-Benz GLC et le Mercedes-Benz GLE int\u00e8grent des syst\u00e8mes d&rsquo;assistance \u00e0 la conduite parmi les plus avanc\u00e9s du march\u00e9. Le Mercedes GLC propose une quarantaine de syst\u00e8mes d&rsquo;aide, incluant l&rsquo;assistant de r\u00e9gulation de distance Distronic et la fonction ALC (Automatic Lane Change) permettant de changer automatiquement de voie sur autoroute.<\/p>\n<p>Le Mercedes GLE va encore plus loin avec ses technologies de conduite semi-autonome et sa suspension pneumatique AIRMATIC optimis\u00e9e pour le tout-terrain. Les deux SUV b\u00e9n\u00e9ficient de la transmission int\u00e9grale 4MATIC, mais le Mercedes-Benz GLE propose davantage de modes de conduite adapt\u00e9s aux conditions difficiles, offrant ainsi un espace int\u00e9rieur plus s\u00e9curis\u00e9.<\/p>\n<h3>Infodivertissement Mercedes-Benz MBUX<\/h3>\n<p>L&rsquo;exp\u00e9rience \u00e0 bord des mod\u00e8les Mercedes-Benz est sublim\u00e9e par le syst\u00e8me MBUX (Mercedes-Benz User Experience), dot\u00e9 d&rsquo;intelligence artificielle capable d&rsquo;apprendre vos habitudes. Le Mercedes GLC dispose d&rsquo;un \u00e9cran tactile haute d\u00e9finition de 11,9 pouces et d&rsquo;un affichage num\u00e9rique de 12,3 pouces pour le conducteur.<\/p>\n<p>Le Mercedes GLE enrichit cette exp\u00e9rience avec un affichage t\u00eate haute \u00e0 r\u00e9alit\u00e9 augment\u00e9e projetant les informations de navigation directement sur le pare-brise, ainsi qu&rsquo;un assistant vocal activ\u00e9 par \u00ab Hey Mercedes \u00bb comprenant le langage naturel. L&rsquo;ambiance int\u00e9rieure est personnalisable gr\u00e2ce \u00e0 un \u00e9clairage d&rsquo;ambiance proposant jusqu&rsquo;\u00e0 64 couleurs. Pour d\u00e9couvrir toutes les possibilit\u00e9s technologiques de ces SUV d&rsquo;exception, nos conseillers BYmyCAR se tiennent \u00e0 votre disposition.<\/p>\n<h2>Synth\u00e8se des usages<\/h2>\n<p>Le Mercedes GLC et le Mercedes GLE s&rsquo;adressent \u00e0 des conducteurs aux besoins diff\u00e9rents, mais compl\u00e9mentaires. Comme l&rsquo;affirment nos conseillers BYmyCAR : \u00ab\u00a0You&rsquo;ll soon feel the difference behind the wheel\u00a0\u00bb.<\/p>\n<p>Votre choix d\u00e9pendra principalement de votre style de vie et de vos priorit\u00e9s en mati\u00e8re de conduite :<\/p>\n<ul>\n<li>Le Mercedes GLC excelle en milieu urbain gr\u00e2ce \u00e0 sa maniabilit\u00e9, son gabarit compact et sa polyvalence quotidienne id\u00e9ale pour les familles modernes ;<\/li>\n<li>Le Mercedes GLE brille sur les longs trajets avec son confort sup\u00e9rieur, sa puissance accrue et ses \u00e9quipements premium pour une exp\u00e9rience de conduite luxueuse ;<\/li>\n<li>Les deux SUV Mercedes offrent une modularit\u00e9 remarquable, mais le Mercedes-Benz GLE se distingue par sa capacit\u00e9 \u00e0 accueillir jusqu&rsquo;\u00e0 sept passagers et son volume de coffre g\u00e9n\u00e9reux.<\/li>\n<\/ul>\n<p>Que vous optiez pour l&rsquo;agilit\u00e9 du Mercedes-Benz GLC ou la prestance du Mercedes GLE, nos conseillers BYmyCAR vous guideront vers le mod\u00e8le qui correspond parfaitement \u00e0 vos attentes.<\/p>\n<h2>Design ext\u00e9rieur : SUV &amp; Coup\u00e9<\/h2>\n<h3>GLC Coup\u00e9 vs GLE Coup\u00e9<\/h3>\n<p>Les mod\u00e8les Coup\u00e9 de Mercedes-Benz se distinguent par leurs silhouettes dynamiques et \u00e9lanc\u00e9es. Le Mercedes-Benz GLC Coup\u00e9, avec ses 4,65 m de longueur, propose une ligne de toit plongeante qui lui conf\u00e8re une allure sportive tout en conservant la polyvalence d&rsquo;un SUV compact. Le Mercedes-Benz GLE Coup\u00e9, plus imposant avec ses 4,89 m de long et 2,00 m de large, affiche un profil plus muscl\u00e9 et une posture plus dominante sur la route. Sa hauteur de 1,72 m renforce cette impression de robustesse.<\/p>\n<h3>Signature lumineuse et style<\/h3>\n<p>Les deux SUV Coup\u00e9 arborent une signature lumineuse distinctive qui renforce leur caract\u00e8re premium. Le Mercedes GLC Coup\u00e9 se pare de feux LED \u00e9l\u00e9gants \u00e0 l&rsquo;avant et de blocs optiques arri\u00e8re affin\u00e9s qui soulignent sa largeur. Le Mercedes GLE Coup\u00e9 impressionne avec des phares plus anguleux et des feux arri\u00e8re \u00e0 deux blocs qui accentuent sa stature imposante.<\/p>\n<p>Les jantes, disponibles jusqu&rsquo;\u00e0 21 pouces sur le Mercedes-Benz GLE Coup\u00e9 et 19 pouces sur le Mercedes GLC Coup\u00e9, compl\u00e8tent harmonieusement leur design. Chez BYmyCAR, nous sommes particuli\u00e8rement fiers de vous pr\u00e9senter ces mod\u00e8les qui incarnent parfaitement l&rsquo;\u00e9l\u00e9gance et le dynamisme de la marque \u00e0 l&rsquo;\u00e9toile.<\/p>\n<h2>Confort et espace int\u00e9rieur<\/h2>\n<h3>Ambiance premium<\/h3>\n<p>L&rsquo;espace int\u00e9rieur des SUV Mercedes se distingue par une finition exceptionnelle o\u00f9 les mat\u00e9riaux nobles s&rsquo;expriment pleinement. Le Mercedes GLC offre un habitacle \u00e9l\u00e9gant avec des inserts d\u00e9coratifs qui subliment le design int\u00e9rieur. Les si\u00e8ges en cuir chauffants et le poste de conduite sportif avec combin\u00e9 d&rsquo;instruments enti\u00e8rement num\u00e9rique cr\u00e9ent une atmosph\u00e8re raffin\u00e9e.<\/p>\n<p>L&rsquo;\u00e9clairage d&rsquo;ambiance personnalisable avec 64 coloris permet d&rsquo;adapter l&rsquo;ambiance selon vos pr\u00e9f\u00e9rences ou votre humeur, renfor\u00e7ant l&rsquo;exp\u00e9rience premium \u00e0 bord. Le confort est optimis\u00e9 gr\u00e2ce aux technologies avanc\u00e9es et aux r\u00e9glages lombaires \u00e9lectriques.<\/p>\n<h3>Modularit\u00e9 familiale<\/h3>\n<p>L&rsquo;espace int\u00e9rieur du Mercedes GLE se distingue par sa flexibilit\u00e9 exceptionnelle. La deuxi\u00e8me rang\u00e9e de si\u00e8ges enti\u00e8rement \u00e9lectrique avec r\u00e9glage longitudinal permet d&rsquo;ajuster l&rsquo;espace aux jambes selon vos besoins. Le Mercedes-Benz GLE propose \u00e9galement une troisi\u00e8me rang\u00e9e de si\u00e8ges optionnelle pouvant accueillir deux personnes suppl\u00e9mentaires, avec un syst\u00e8me EASY-ENTRY facilitant l&rsquo;acc\u00e8s.<\/p>\n<p>Cette configuration transforme ce SUV en v\u00e9ritable espace familial modulable, capable d&rsquo;adapter son volume de chargement en un simple geste. La commande \u00e9lectrique des si\u00e8ges arri\u00e8re vous permet d&rsquo;agrandir l&rsquo;espace disponible sur simple pression d&rsquo;un bouton.<\/p>\n<h2>Capacit\u00e9s tout-terrain et remorquage<\/h2>\n<p>Les mod\u00e8les Mercedes-Benz GLC et GLE se distinguent par leurs aptitudes hors des sentiers battus. Le Mercedes GLE domine avec sa suspension pneumatique AIRMATIC qui permet d&rsquo;ajuster la garde au sol et d&rsquo;optimiser le franchissement d&rsquo;obstacles, compl\u00e9t\u00e9e par une capacit\u00e9 de remorquage impressionnante jusqu&rsquo;\u00e0 3 500 kg.<\/p>\n<p>Le Mercedes GLC, plus compact et maniable, offre n\u00e9anmoins d&rsquo;excellentes capacit\u00e9s tout-terrain gr\u00e2ce \u00e0 sa transmission 4MATIC, son mode de conduite sp\u00e9cifique et son \u00ab capot transparent \u00bb via les cam\u00e9ras panoramiques, tout en proposant une capacit\u00e9 de tractage d&rsquo;environ 1 600 kg.<\/p>\n<h2>Versions AMG : GLC 63 vs GLE 63<\/h2>\n<h3>Puissance et sensations<\/h3>\n<p>Le Mercedes-Benz GLC 63 S E Performance impressionne avec sa motorisation hybride rechargeable combinant un 4 cylindres turbo et un moteur \u00e9lectrique pour une puissance totale de 671 ch et un couple massif de 1020 Nm. Ce Mercedes GLC d\u00e9livre des sensations sportives avec un 0 \u00e0 100 km\/h en seulement 3,5 secondes.<\/p>\n<p>De son c\u00f4t\u00e9, le Mercedes-Benz GLE 63 S AMG propose une approche diff\u00e9rente avec son V8 biturbo de 612 ch et 850 Nm de couple, associ\u00e9 \u00e0 un syst\u00e8me hybride l\u00e9ger de 22 ch suppl\u00e9mentaires. Ces deux mod\u00e8les offrent une conduite exaltante gr\u00e2ce \u00e0 leur transmission int\u00e9grale 4MATIC+.<\/p>\n<h3>Design sp\u00e9cifique AMG<\/h3>\n<p>Les versions AMG se distinguent par leur allure r\u00e9solument sportive. Le Mercedes GLC 63 arbore une calandre Panamericana caract\u00e9ristique, des prises d&rsquo;air \u00e9largies et des jantes sp\u00e9cifiques. Son habitacle int\u00e8gre un volant AMG Performance en carbone\/microfibre avec boutons d\u00e9di\u00e9s aux r\u00e9glages de conduite.<\/p>\n<p>Le Mercedes GLE 63, plus imposant, affirme davantage sa pr\u00e9sence sur route avec une silhouette muscl\u00e9e, des \u00e9largisseurs d&rsquo;ailes prononc\u00e9s et un syst\u00e8me d&rsquo;\u00e9chappement \u00e0 quatre sorties. Ces deux SUV refl\u00e8tent parfaitement l&rsquo;ADN sportif de la branche AMG.<\/p>\n<h2>FAQ : vos questions sur GLC vs GLE<\/h2>\n<h3>Quelle est la diff\u00e9rence entre un GLC et un GLE ?<\/h3>\n<p>Le Mercedes GLC est un SUV familial compact (4,65 m) tandis que le Mercedes GLE, plus imposant (4,92 m), offre davantage d&rsquo;espace et de puissance. Le Mercedes-Benz GLC privil\u00e9gie l&rsquo;agilit\u00e9 urbaine, quand le Mercedes GLE vise le confort premium et la polyvalence.<\/p>\n<h3>Lequel est le plus adapt\u00e9 \u00e0 la ville ?<\/h3>\n<p>Le Mercedes GLC s&rsquo;av\u00e8re plus maniable en environnement urbain gr\u00e2ce \u00e0 ses dimensions contenues et sa meilleure efficience \u00e9nerg\u00e9tique. Sa version hybride rechargeable offre jusqu&rsquo;\u00e0 135 km d&rsquo;autonomie \u00e9lectrique, id\u00e9ale pour les trajets quotidiens.<\/p>\n<h3>GLC ou GLE : quel SUV pour le long-cours ?<\/h3>\n<p>Le Mercedes GLE excelle sur les longs trajets avec son confort sup\u00e9rieur, sa suspension pneumatique AIRMATIC et son habitacle spacieux. Sa capacit\u00e9 \u00e0 accueillir jusqu&rsquo;\u00e0 sept passagers et son coffre g\u00e9n\u00e9reux en font le choix id\u00e9al des familles voyageuses.<\/p>\n<h3>Existe-t-il une version Coup\u00e9 pour les deux mod\u00e8les ?<\/h3>\n<p>Oui, Mercedes propose des versions Coup\u00e9 pour le Mercedes GLC et le Mercedes GLE. Ces variantes conservent les caract\u00e9ristiques techniques de leurs homologues, mais adoptent une silhouette plus sportive avec une ligne de toit plongeante et un style plus dynamique.<\/p>\n<p><strong>Sources :<\/strong><\/p>\n<ul>\n<li><a href=\"https:\/\/www.auto-selection.com\/fiche-technique\/mercedes-benz\/glc\/2025\/300-e-hybrid-313ch-amg-line-~-4matic-9g-tronic-2920887.php\" target=\"_blank\" rel=\"noopener\">Fiche technique MERCEDES-BENZ GLC 2025 300 e Hybrid 313ch AMG Line + 4Matic 9G-Tronic Hybrid<\/a><\/li>\n<li><a href=\"https:\/\/caravenuemercedes.be\/wp-content\/uploads\/brochures\/10-brochure-mercedes-glc-suv-befr.pdf\" target=\"_blank\" rel=\"noopener\">GLC Brochure befr &#8211; Mercedes-Benz CAR Avenue<\/a><\/li>\n<li><a href=\"https:\/\/www.caradisiac.com\/fiches-techniques\/modele--mercedes-glc-2\/2025\/\" target=\"_blank\" rel=\"noopener\">Fiches techniques Mercedes Glc 2 de 2025<\/a><\/li>\n<li><a href=\"https:\/\/www.motorlegend.com\/fiche-technique\/mercedes-classe-gle-suv-v167-300-d-4matic\/2716.html\" target=\"_blank\" rel=\"noopener\">Fiche technique MERCEDES CLASSE GLE (SUV (V167)) 300 d 4MATIC<\/a><\/li>\n<li><a href=\"https:\/\/www.mercedes-benz.fr\/passengercars\/models\/suv\/gle\/overview.html\" target=\"_blank\" rel=\"noopener\">GLE SUV \u2013 Mercedes-Benz France<\/a><\/li>\n<li><a href=\"https:\/\/www.cea.mercedes-benz.fr\/passengercars\/models\/gle-suv-v167.html\" target=\"_blank\" rel=\"noopener\">GLE SUV. \u2013 Mercedes-Benz<\/a><\/li>\n<\/ul>\n"}},{"acf_fc_layout":"text-simple","--nav":{"-withNav":false,"-ancre":""},"--group":{"-text":"<p><!--StartFragment --><\/p>\n<p class=\"pf0\"><strong><span class=\"cf0\">D\u00e9couvrez aussi :<\/span><\/strong><\/p>\n<ul>\n<li class=\"pf1\"><a href=\"https:\/\/www.bymycar.be\/webzine\/mercedes-glc-vs-audi-q5-quel-suv-choisir\/\"><span class=\"cf1\">Mercedes GLC vs Audi Q5 : quel SUV choisir ?<\/span><\/a><\/li>\n<li class=\"pf1\"><a href=\"https:\/\/www.bymycar.be\/webzine\/mercedes-glc-essence-diesel-hybride-ou-electrique-quelle-motorisation-privilegier\/\"><span class=\"cf1\">Mercedes GLC essence, diesel ou hybride : quelle motorisation privil\u00e9gier ?<\/span><\/a><\/li>\n<li class=\"pf1\"><a href=\"https:\/\/www.bymycar.be\/webzine\/mercedes-glc-doccasion-comment-eviter-les-mauvaises-surprises\/\"><span class=\"cf1\">Mercedes GLC d\u2019occasion : comment \u00e9viter les mauvaises surprises ?<\/span><\/a><\/li>\n<li class=\"pf1\"><a href=\"https:\/\/www.bymycar.be\/webzine\/mercedes-glc-4matic-avantages-de-la-transmission-integrale\/\"><span class=\"cf1\">Mercedes GLC 4MATIC : avantages de la transmission int\u00e9grale<\/span><\/a><\/li>\n<li class=\"pf1\"><a href=\"https:\/\/www.bymycar.be\/webzine\/mercedes-glc-amg-suv-de-luxe-et-sportivite-sont-ils-compatibles\/\"><span class=\"cf1\">Mercedes GLC AMG : SUV de luxe et sportivit\u00e9 sont-ils compatibles ?<\/span><\/a><\/li>\n<\/ul>\n<p><!--EndFragment --><\/p>\n"}}]}},"yoast_head":"<!-- This site is optimized with the Yoast SEO Premium plugin v26.4 (Yoast SEO v27.1.1) - https:\/\/yoast.com\/product\/yoast-seo-premium-wordpress\/ -->\n<title>Mercedes GLC vs GLE : quelles diff\u00e9rences ? - Webzine BE | BYmyCAR<\/title>\n<meta name=\"robots\" content=\"index, follow, max-snippet:-1, max-image-preview:large, max-video-preview:-1\" \/>\n<link rel=\"canonical\" href=\"https:\/\/www.bymycar.be\/webzine\/mercedes-glc-vs-gle-quelles-differences\/\" \/>\n<meta property=\"og:locale\" content=\"fr_FR\" \/>\n<meta property=\"og:type\" content=\"article\" \/>\n<meta property=\"og:title\" content=\"Mercedes GLC vs GLE : quelles diff\u00e9rences ?\" \/>\n<meta property=\"og:url\" content=\"https:\/\/www.bymycar.be\/webzine\/mercedes-glc-vs-gle-quelles-differences\/\" \/>\n<meta property=\"og:site_name\" content=\"Webzine BE | BYmyCAR\" \/>\n<meta property=\"article:publisher\" content=\"https:\/\/www.facebook.com\/BYmyCAR.officiel\/\" \/>\n<meta property=\"article:published_time\" content=\"2025-12-03T09:21:06+00:00\" \/>\n<meta property=\"article:modified_time\" content=\"2025-12-03T09:38:53+00:00\" \/>\n<meta name=\"author\" content=\"Tom Fernandes\" \/>\n<meta name=\"twitter:card\" content=\"summary_large_image\" \/>\n<meta name=\"twitter:label1\" content=\"\u00c9crit par\" \/>\n\t<meta name=\"twitter:data1\" content=\"Tom Fernandes\" \/>\n<script type=\"application\/ld+json\" class=\"yoast-schema-graph\">{\"@context\":\"https:\/\/schema.org\",\"@graph\":[{\"@type\":\"Article\",\"@id\":\"https:\/\/www.bymycar.be\/webzine\/mercedes-glc-vs-gle-quelles-differences\/#article\",\"isPartOf\":{\"@id\":\"https:\/\/www.bymycar.be\/webzine\/mercedes-glc-vs-gle-quelles-differences\/\"},\"author\":{\"name\":\"Tom Fernandes\",\"@id\":\"https:\/\/www.bymycar.be\/webzine\/nl\/#\/schema\/person\/6cd99e624bbd64604349ff20ee1ed853\"},\"headline\":\"Mercedes GLC vs GLE : quelles diff\u00e9rences ?\",\"datePublished\":\"2025-12-03T09:21:06+00:00\",\"dateModified\":\"2025-12-03T09:38:53+00:00\",\"mainEntityOfPage\":{\"@id\":\"https:\/\/www.bymycar.be\/webzine\/mercedes-glc-vs-gle-quelles-differences\/\"},\"wordCount\":7,\"publisher\":{\"@id\":\"https:\/\/www.bymycar.be\/webzine\/nl\/#organization\"},\"articleSection\":[\"Guide d'achat Mercedes\"],\"inLanguage\":\"fr-FR\"},{\"@type\":\"WebPage\",\"@id\":\"https:\/\/www.bymycar.be\/webzine\/mercedes-glc-vs-gle-quelles-differences\/\",\"url\":\"https:\/\/www.bymycar.be\/webzine\/mercedes-glc-vs-gle-quelles-differences\/\",\"name\":\"Mercedes GLC vs GLE : quelles diff\u00e9rences ? - Webzine BE | BYmyCAR\",\"isPartOf\":{\"@id\":\"https:\/\/www.bymycar.be\/webzine\/nl\/#website\"},\"datePublished\":\"2025-12-03T09:21:06+00:00\",\"dateModified\":\"2025-12-03T09:38:53+00:00\",\"breadcrumb\":{\"@id\":\"https:\/\/www.bymycar.be\/webzine\/mercedes-glc-vs-gle-quelles-differences\/#breadcrumb\"},\"inLanguage\":\"fr-FR\",\"potentialAction\":[{\"@type\":\"ReadAction\",\"target\":[\"https:\/\/www.bymycar.be\/webzine\/mercedes-glc-vs-gle-quelles-differences\/\"]}]},{\"@type\":\"BreadcrumbList\",\"@id\":\"https:\/\/www.bymycar.be\/webzine\/mercedes-glc-vs-gle-quelles-differences\/#breadcrumb\",\"itemListElement\":[{\"@type\":\"ListItem\",\"position\":1,\"name\":\"Accueil\",\"item\":\"https:\/\/www.bymycar.be\/webzine\/\"},{\"@type\":\"ListItem\",\"position\":2,\"name\":\"Mercedes GLC vs GLE : quelles diff\u00e9rences ?\"}]},{\"@type\":\"WebSite\",\"@id\":\"https:\/\/www.bymycar.be\/webzine\/nl\/#website\",\"url\":\"https:\/\/www.bymycar.be\/webzine\/nl\/\",\"name\":\"Webzine | BYmyCAR\",\"description\":\"_Le webzine auto de\",\"publisher\":{\"@id\":\"https:\/\/www.bymycar.be\/webzine\/nl\/#organization\"},\"potentialAction\":[{\"@type\":\"SearchAction\",\"target\":{\"@type\":\"EntryPoint\",\"urlTemplate\":\"https:\/\/www.bymycar.be\/webzine\/nl\/?s={search_term_string}\"},\"query-input\":{\"@type\":\"PropertyValueSpecification\",\"valueRequired\":true,\"valueName\":\"search_term_string\"}}],\"inLanguage\":\"fr-FR\"},{\"@type\":\"Organization\",\"@id\":\"https:\/\/www.bymycar.be\/webzine\/nl\/#organization\",\"name\":\"Webzine | BYmyCAR\",\"url\":\"https:\/\/www.bymycar.be\/webzine\/nl\/\",\"logo\":{\"@type\":\"ImageObject\",\"inLanguage\":\"fr-FR\",\"@id\":\"https:\/\/www.bymycar.be\/webzine\/nl\/#\/schema\/logo\/image\/\",\"url\":\"https:\/\/cdn.bymycar.eu\/be-webzine\/wp-content\/uploads\/2024\/11\/20203047\/logo.png\",\"contentUrl\":\"https:\/\/cdn.bymycar.eu\/be-webzine\/wp-content\/uploads\/2024\/11\/20203047\/logo.png\",\"width\":1280,\"height\":512,\"caption\":\"Webzine | BYmyCAR\"},\"image\":{\"@id\":\"https:\/\/www.bymycar.be\/webzine\/nl\/#\/schema\/logo\/image\/\"},\"sameAs\":[\"https:\/\/www.facebook.com\/BYmyCAR.officiel\/\",\"https:\/\/www.instagram.com\/bymycar.officiel\/\"]},{\"@type\":\"Person\",\"@id\":\"https:\/\/www.bymycar.be\/webzine\/nl\/#\/schema\/person\/6cd99e624bbd64604349ff20ee1ed853\",\"name\":\"Tom Fernandes\",\"image\":{\"@type\":\"ImageObject\",\"inLanguage\":\"fr-FR\",\"@id\":\"https:\/\/www.bymycar.be\/webzine\/nl\/#\/schema\/person\/image\/\",\"url\":\"https:\/\/secure.gravatar.com\/avatar\/81b17c0cc5a6f1f7f394984269a7cbad9c7cca9604839da024242cf665051fbf?s=96&d=mm&r=g\",\"contentUrl\":\"https:\/\/secure.gravatar.com\/avatar\/81b17c0cc5a6f1f7f394984269a7cbad9c7cca9604839da024242cf665051fbf?s=96&d=mm&r=g\",\"caption\":\"Tom Fernandes\"}}]}<\/script>\n<!-- \/ Yoast SEO Premium plugin. -->","yoast_head_json":{"title":"Mercedes GLC vs GLE : quelles diff\u00e9rences ? - Webzine BE | BYmyCAR","robots":{"index":"index","follow":"follow","max-snippet":"max-snippet:-1","max-image-preview":"max-image-preview:large","max-video-preview":"max-video-preview:-1"},"canonical":"https:\/\/www.bymycar.be\/webzine\/mercedes-glc-vs-gle-quelles-differences\/","og_locale":"fr_FR","og_type":"article","og_title":"Mercedes GLC vs GLE : quelles diff\u00e9rences ?","og_url":"https:\/\/www.bymycar.be\/webzine\/mercedes-glc-vs-gle-quelles-differences\/","og_site_name":"Webzine BE | BYmyCAR","article_publisher":"https:\/\/www.facebook.com\/BYmyCAR.officiel\/","article_published_time":"2025-12-03T09:21:06+00:00","article_modified_time":"2025-12-03T09:38:53+00:00","author":"Tom Fernandes","twitter_card":"summary_large_image","twitter_misc":{"\u00c9crit par":"Tom Fernandes"},"schema":{"@context":"https:\/\/schema.org","@graph":[{"@type":"Article","@id":"https:\/\/www.bymycar.be\/webzine\/mercedes-glc-vs-gle-quelles-differences\/#article","isPartOf":{"@id":"https:\/\/www.bymycar.be\/webzine\/mercedes-glc-vs-gle-quelles-differences\/"},"author":{"name":"Tom Fernandes","@id":"https:\/\/www.bymycar.be\/webzine\/nl\/#\/schema\/person\/6cd99e624bbd64604349ff20ee1ed853"},"headline":"Mercedes GLC vs GLE : quelles diff\u00e9rences ?","datePublished":"2025-12-03T09:21:06+00:00","dateModified":"2025-12-03T09:38:53+00:00","mainEntityOfPage":{"@id":"https:\/\/www.bymycar.be\/webzine\/mercedes-glc-vs-gle-quelles-differences\/"},"wordCount":7,"publisher":{"@id":"https:\/\/www.bymycar.be\/webzine\/nl\/#organization"},"articleSection":["Guide d'achat Mercedes"],"inLanguage":"fr-FR"},{"@type":"WebPage","@id":"https:\/\/www.bymycar.be\/webzine\/mercedes-glc-vs-gle-quelles-differences\/","url":"https:\/\/www.bymycar.be\/webzine\/mercedes-glc-vs-gle-quelles-differences\/","name":"Mercedes GLC vs GLE : quelles diff\u00e9rences ? - Webzine BE | BYmyCAR","isPartOf":{"@id":"https:\/\/www.bymycar.be\/webzine\/nl\/#website"},"datePublished":"2025-12-03T09:21:06+00:00","dateModified":"2025-12-03T09:38:53+00:00","breadcrumb":{"@id":"https:\/\/www.bymycar.be\/webzine\/mercedes-glc-vs-gle-quelles-differences\/#breadcrumb"},"inLanguage":"fr-FR","potentialAction":[{"@type":"ReadAction","target":["https:\/\/www.bymycar.be\/webzine\/mercedes-glc-vs-gle-quelles-differences\/"]}]},{"@type":"BreadcrumbList","@id":"https:\/\/www.bymycar.be\/webzine\/mercedes-glc-vs-gle-quelles-differences\/#breadcrumb","itemListElement":[{"@type":"ListItem","position":1,"name":"Accueil","item":"https:\/\/www.bymycar.be\/webzine\/"},{"@type":"ListItem","position":2,"name":"Mercedes GLC vs GLE : quelles diff\u00e9rences ?"}]},{"@type":"WebSite","@id":"https:\/\/www.bymycar.be\/webzine\/nl\/#website","url":"https:\/\/www.bymycar.be\/webzine\/nl\/","name":"Webzine | BYmyCAR","description":"_Le webzine auto de","publisher":{"@id":"https:\/\/www.bymycar.be\/webzine\/nl\/#organization"},"potentialAction":[{"@type":"SearchAction","target":{"@type":"EntryPoint","urlTemplate":"https:\/\/www.bymycar.be\/webzine\/nl\/?s={search_term_string}"},"query-input":{"@type":"PropertyValueSpecification","valueRequired":true,"valueName":"search_term_string"}}],"inLanguage":"fr-FR"},{"@type":"Organization","@id":"https:\/\/www.bymycar.be\/webzine\/nl\/#organization","name":"Webzine | BYmyCAR","url":"https:\/\/www.bymycar.be\/webzine\/nl\/","logo":{"@type":"ImageObject","inLanguage":"fr-FR","@id":"https:\/\/www.bymycar.be\/webzine\/nl\/#\/schema\/logo\/image\/","url":"https:\/\/cdn.bymycar.eu\/be-webzine\/wp-content\/uploads\/2024\/11\/20203047\/logo.png","contentUrl":"https:\/\/cdn.bymycar.eu\/be-webzine\/wp-content\/uploads\/2024\/11\/20203047\/logo.png","width":1280,"height":512,"caption":"Webzine | BYmyCAR"},"image":{"@id":"https:\/\/www.bymycar.be\/webzine\/nl\/#\/schema\/logo\/image\/"},"sameAs":["https:\/\/www.facebook.com\/BYmyCAR.officiel\/","https:\/\/www.instagram.com\/bymycar.officiel\/"]},{"@type":"Person","@id":"https:\/\/www.bymycar.be\/webzine\/nl\/#\/schema\/person\/6cd99e624bbd64604349ff20ee1ed853","name":"Tom Fernandes","image":{"@type":"ImageObject","inLanguage":"fr-FR","@id":"https:\/\/www.bymycar.be\/webzine\/nl\/#\/schema\/person\/image\/","url":"https:\/\/secure.gravatar.com\/avatar\/81b17c0cc5a6f1f7f394984269a7cbad9c7cca9604839da024242cf665051fbf?s=96&d=mm&r=g","contentUrl":"https:\/\/secure.gravatar.com\/avatar\/81b17c0cc5a6f1f7f394984269a7cbad9c7cca9604839da024242cf665051fbf?s=96&d=mm&r=g","caption":"Tom Fernandes"}}]}},"_links":{"self":[{"href":"https:\/\/www.bymycar.be\/webzine\/wp-json\/wp\/v2\/posts\/5429","targetHints":{"allow":["GET"]}}],"collection":[{"href":"https:\/\/www.bymycar.be\/webzine\/wp-json\/wp\/v2\/posts"}],"about":[{"href":"https:\/\/www.bymycar.be\/webzine\/wp-json\/wp\/v2\/types\/post"}],"author":[{"embeddable":true,"href":"https:\/\/www.bymycar.be\/webzine\/wp-json\/wp\/v2\/users\/17"}],"replies":[{"embeddable":true,"href":"https:\/\/www.bymycar.be\/webzine\/wp-json\/wp\/v2\/comments?post=5429"}],"version-history":[{"count":2,"href":"https:\/\/www.bymycar.be\/webzine\/wp-json\/wp\/v2\/posts\/5429\/revisions"}],"predecessor-version":[{"id":5470,"href":"https:\/\/www.bymycar.be\/webzine\/wp-json\/wp\/v2\/posts\/5429\/revisions\/5470"}],"wp:attachment":[{"href":"https:\/\/www.bymycar.be\/webzine\/wp-json\/wp\/v2\/media?parent=5429"}],"wp:term":[{"taxonomy":"category","embeddable":true,"href":"https:\/\/www.bymycar.be\/webzine\/wp-json\/wp\/v2\/categories?post=5429"},{"taxonomy":"post_tag","embeddable":true,"href":"https:\/\/www.bymycar.be\/webzine\/wp-json\/wp\/v2\/tags?post=5429"}],"curies":[{"name":"wp","href":"https:\/\/api.w.org\/{rel}","templated":true}]}}