{"id":5385,"date":"2025-12-02T17:28:31","date_gmt":"2025-12-02T16:28:31","guid":{"rendered":"https:\/\/www.bymycar.be\/webzine\/?p=5385"},"modified":"2025-12-03T09:47:39","modified_gmt":"2025-12-03T08:47:39","slug":"mercedes-gla-amg-performances-et-polyvalence-dun-suv-sportif","status":"publish","type":"post","link":"https:\/\/www.bymycar.be\/webzine\/mercedes-gla-amg-performances-et-polyvalence-dun-suv-sportif\/","title":{"rendered":"Mercedes GLA AMG : performances et polyvalence d&rsquo;un SUV sportif"},"content":{"rendered":"","protected":false},"excerpt":{"rendered":"","protected":false},"author":17,"featured_media":0,"comment_status":"closed","ping_status":"closed","sticky":false,"template":"","format":"standard","meta":{"_acf_changed":false,"footnotes":""},"categories":[1458],"tags":[],"class_list":["post-5385","post","type-post","status-publish","format-standard","hentry","category-guide-dachat-mercedes"],"acf":{"image":{"ID":5386,"id":5386,"title":"eo0t9992 (1)","filename":"eo0t9992-1-scaled.jpg","filesize":453505,"url":"https:\/\/cdn.bymycar.eu\/be-webzine\/wp-content\/uploads\/2025\/12\/02172414\/eo0t9992-1-scaled.jpg","link":"https:\/\/www.bymycar.be\/webzine\/mercedes-gla-amg-performances-et-polyvalence-dun-suv-sportif\/eo0t9992-1\/","alt":"Mercedes GLA d'occasion","author":"17","description":"","caption":"","name":"eo0t9992-1","status":"inherit","uploaded_to":5385,"date":"2025-12-02 16:24:00","modified":"2025-12-02 16:24:48","menu_order":0,"mime_type":"image\/jpeg","type":"image","subtype":"jpeg","icon":"https:\/\/www.bymycar.be\/webzine\/wp-includes\/images\/media\/default.png","width":2560,"height":1707,"sizes":{"thumbnail":"https:\/\/cdn.bymycar.eu\/be-webzine\/wp-content\/uploads\/2025\/12\/02172414\/eo0t9992-1-150x150.jpg","thumbnail-width":150,"thumbnail-height":150,"medium":"https:\/\/cdn.bymycar.eu\/be-webzine\/wp-content\/uploads\/2025\/12\/02172414\/eo0t9992-1-300x200.jpg","medium-width":300,"medium-height":200,"medium_large":"https:\/\/cdn.bymycar.eu\/be-webzine\/wp-content\/uploads\/2025\/12\/02172414\/eo0t9992-1-768x512.jpg","medium_large-width":768,"medium_large-height":512,"large":"https:\/\/cdn.bymycar.eu\/be-webzine\/wp-content\/uploads\/2025\/12\/02172414\/eo0t9992-1-1024x683.jpg","large-width":1024,"large-height":683,"1536x1536":"https:\/\/cdn.bymycar.eu\/be-webzine\/wp-content\/uploads\/2025\/12\/02172414\/eo0t9992-1-1536x1024.jpg","1536x1536-width":1536,"1536x1536-height":1024,"2048x2048":"https:\/\/cdn.bymycar.eu\/be-webzine\/wp-content\/uploads\/2025\/12\/02172414\/eo0t9992-1-2048x1365.jpg","2048x2048-width":2048,"2048x2048-height":1365}},"introduction":"<p>La <a href=\"https:\/\/www.bymycar.be\/fr\/v\/mercedes-gla\">Mercedes-Benz GLA<\/a> en version AMG incarne l&rsquo;alliance parfaite entre le dynamisme sportif et la polyvalence d&rsquo;un SUV compact premium. Avec ses motorisations puissantes de 306 ch (GLA 35 AMG) \u00e0 421 ch (GLA 45 S AMG), elle offre des performances exceptionnelles tout en conservant un confort quotidien remarquable. Chez BYmyCAR, nos conseillers vous accompagnent pour d\u00e9couvrir toutes les qualit\u00e9s de ce mod\u00e8le d&rsquo;exception qui s\u00e9duit les passionn\u00e9s d&rsquo;automobiles sportives.<\/p>\n<p>&nbsp;<\/p>\n<p style=\"text-align: center;\"><a href=\"https:\/\/www.bymycar.be\/webzine\/pourquoi-choisir-un-mercedes-gla\/\"  class=\"css-button css-button--gold\" >\n                Tout savoir sur la Mercedes GLA\n        <\/a><\/p>\n","add-to-bo":false,"page_content":{"block_content":[{"acf_fc_layout":"carousel-produits"},{"acf_fc_layout":"text-simple","--nav":{"-withNav":false,"-ancre":""},"--group":{"-text":"<h2>Performances : l&rsquo;ADN AMG du GLA 45 AMG au service du plaisir de conduite<\/h2>\n<p>La Mercedes GLA 45 S AMG impressionne par son moteur 2.0 l turbo d\u00e9veloppant 421 chevaux, un bloc reconnu comme le plus puissant quatre cylindres de s\u00e9rie du march\u00e9. Sa transmission int\u00e9grale 4MATIC+ associ\u00e9e \u00e0 la bo\u00eete automatique 8G-DCT offre une exp\u00e9rience de conduite exaltante, combinant puissance brute et pr\u00e9cision dans les virages. La Mercedes GLA 35 AMG, avec ses 306 chevaux, n&rsquo;est pas en reste et procure des sensations tout aussi grisantes au quotidien.<\/p>\n<p>Ces SUV sportifs se distinguent par plusieurs atouts majeurs :<\/p>\n<ul>\n<li>Un couple g\u00e9n\u00e9reux d\u00e9livr\u00e9 avec une r\u00e9activit\u00e9 impressionnante ;<\/li>\n<li>Une sonorit\u00e9 sportive caract\u00e9ristique de la signature acoustique AMG ;<\/li>\n<li>Une transmission 4MATIC Performance garantissant motricit\u00e9 et stabilit\u00e9 en toutes circonstances.<\/li>\n<\/ul>\n<h2>Polyvalence et usage quotidien<\/h2>\n<h3>GLA AMG int\u00e9rieur : confort et technologies<\/h3>\n<p>Contrairement \u00e0 de nombreuses sportives, la Mercedes GLA AMG offre un confort quotidien remarquable. Ses si\u00e8ges sport \u00e0 maintien lat\u00e9ral ferme, habill\u00e9s de similicuir Artico et microfibre Dinamica, vous garantissent un excellent soutien m\u00eame lors de trajets prolong\u00e9s. L&rsquo;habitacle accueille le syst\u00e8me MBUX avec son \u00e9cran multim\u00e9dia de 10,25 pouces, qui r\u00e9pond instantan\u00e9ment \u00e0 vos commandes vocales et gestuelles.<\/p>\n<p>Les aides \u00e0 la conduite \u00e9volu\u00e9es, comme le r\u00e9gulateur de vitesse adaptatif et l&rsquo;assistant de changement de file, transforment chaque trajet en exp\u00e9rience sereine. La climatisation automatique bi-zone, le hayon Easy-Pack et le volant sport multifonction en cuir nappa compl\u00e8tent cet environnement premium. Venez essayer ce SUV d&rsquo;exception dans nos concessions BYmyCAR pour d\u00e9couvrir son parfait \u00e9quilibre entre sportivit\u00e9 et confort.<\/p>\n<h2>Budget et fiscalit\u00e9 : Mercedes GLA prix et accompagnement BYmyCAR<\/h2>\n<p>La Mercedes GLA AMG offre une efficacit\u00e9 remarquable pour une sportive de ce calibre, alliant performances exceptionnelles et ma\u00eetrise de la consommation. Pour d\u00e9couvrir ces mod\u00e8les d&rsquo;exception et b\u00e9n\u00e9ficier d&rsquo;un accompagnement personnalis\u00e9 concernant les options de financement, nos conseillers BYmyCAR se tiennent \u00e0 votre disposition. Ils vous pr\u00e9senteront les diff\u00e9rentes versions disponibles et vous guideront vers la solution la plus adapt\u00e9e \u00e0 vos attentes.<\/p>\n<h2>Pourquoi choisir la Mercedes GLA AMG face \u00e0 la concurrence ?<\/h2>\n<p>La Mercedes GLA AMG s\u00e9duit par son alliance unique entre performances exceptionnelles et polyvalence quotidienne. Ce SUV compact conjugue l&rsquo;expertise l\u00e9gendaire d&rsquo;AMG en mati\u00e8re de sportivit\u00e9 avec le raffinement <a href=\"https:\/\/www.bymycar.be\/fr\/v\/mercedes\">Mercedes-Benz<\/a>. Chez BYmyCAR, nos conseillers vous accompagnent pour d\u00e9couvrir ses atouts exclusifs : suspensions adaptatives, moteur ultra-performant et finitions premium. Venez essayer ce concentr\u00e9 de technologie dans nos concessions et laissez-vous conqu\u00e9rir par l&rsquo;exp\u00e9rience AMG.<\/p>\n<h2>Mercedes GLA AMG Line : style et finition<\/h2>\n<p>La Mercedes GLA 180 AMG Line arbore un design sportif avec boucliers sp\u00e9cifiques, calandre diamant et jantes alliage exclusives. \u00c0 l&rsquo;int\u00e9rieur, la sellerie en similicuir Artico et microfibre Dinamica ainsi que le volant sport nappa affirment son caract\u00e8re premium. Ces \u00e9l\u00e9ments distinctifs font de la GLA AMG Line une r\u00e9f\u00e9rence stylistique dans sa cat\u00e9gorie.<\/p>\n<h2>Mercedes GLA hybride : l&rsquo;alternative efficiente<\/h2>\n<p>La <a href=\"https:\/\/www.bymycar.be\/fr\/marques\/mercedes\/gla-hybride\">Mercedes GLA hybride<\/a> offre une solution \u00e9co-responsable avec son autonomie \u00e9lectrique jusqu&rsquo;\u00e0 70 km en cycle WLTP. Cette Mercedes-Benz compacte combine faible consommation et \u00e9missions r\u00e9duites de CO\u2082, tout en conservant les atouts dynamiques du SUV pour un usage urbain optimal. Nos conseillers BYmyCAR vous accompagnent pour d\u00e9couvrir cette alternative efficiente.<\/p>\n<h2>Questions fr\u00e9quentes sur la Mercedes GLA AMG<\/h2>\n<h3>C&rsquo;est quoi le pack AMG ?<\/h3>\n<p>Le pack AMG apporte une touche sportive avec jantes en alliage, calandre diamant, si\u00e8ges sport et volant multifonctions. Nos conseillers BYmyCAR vous d\u00e9tailleront toutes ses caract\u00e9ristiques.<\/p>\n<h3>Quel est le prix d&rsquo;une Mercedes GLA AMG ?<\/h3>\n<p>Les tarifs varient selon la finition et les options choisies. Pour conna\u00eetre nos offres actuelles, contactez nos conseillers BYmyCAR qui vous proposeront la formule id\u00e9ale.<\/p>\n<h3>Combien de chevaux affiche la GLA 45 AMG ?<\/h3>\n<p>La Mercedes GLA 45 S AMG d\u00e9veloppe 421 chevaux pour des performances exceptionnelles. D\u00e9couvrez cette puissance impressionnante lors d&rsquo;un essai avec nos conseillers BYmyCAR.<\/p>\n<h3>Qu&rsquo;est-ce que la finition GLA AMG Line ?<\/h3>\n<p>La finition AMG Line offre l&rsquo;ADN sportif Mercedes avec un design dynamique, des \u00e9l\u00e9ments esth\u00e9tiques exclusifs et un confort premium. Nos conseillers BYmyCAR vous pr\u00e9senteront tous ses atouts.<\/p>\n<p><strong>Sources :<\/strong><\/p>\n<ul>\n<li><a href=\"https:\/\/www.mercedes-benz.ch\/fr\/passengercars\/models\/suv\/gla\/amg.html\" target=\"_blank\" rel=\"noopener\">Mercedes-AMG GLA | GLA 35 , GLA 45 S (fiche constructeur)<\/a><\/li>\n<li><a href=\"https:\/\/media.mercedes-benz.fr\/le-nouveau-mercedes-amg-gla-45-s-4matic--un-suv-performance-compact-pour-toutes-les-circonstances\/\" target=\"_blank\" rel=\"noopener\">Le nouveau Mercedes-AMG GLA 45 S 4MATIC+ \u2013 Communiqu\u00e9 technique<\/a><\/li>\n<li><a href=\"https:\/\/www.turbo.fr\/mercedes\/gla\/essai-auto\/essai-mercedes-gla-35-amg-loffre-insolente-de-mercedes-193520\" target=\"_blank\" rel=\"noopener\">ESSAI \u2013 Mercedes GLA 35 AMG : l&rsquo;offre insolente de Mercedes<\/a><\/li>\n<li><a href=\"https:\/\/www.motorlegend.com\/fiche-technique\/mercedes-classe-gla-i-45-amg-4matic-381-ch\/2490.html\" target=\"_blank\" rel=\"noopener\">Fiche technique Mercedes CLASSE GLA (I) 45 AMG 4Matic 381 ch<\/a><\/li>\n<li><a href=\"https:\/\/www.francesupercars.com\/vehicules\/mercedes-benz-gla-45-amg-4-matic\/\" target=\"_blank\" rel=\"noopener\">Mercedes Benz GLA 45 AMG 4 Matic<\/a><\/li>\n<li><a href=\"https:\/\/www.caroom.fr\/fiche-technique\/mercedes-benz\/gla-classe\/consommation\" target=\"_blank\" rel=\"noopener\">Consommation Mercedes-Benz GLA-Classe<\/a><\/li>\n<li><a href=\"https:\/\/www.auto-doc.fr\/info\/moteurs-mercedes-benz-gla\" target=\"_blank\" rel=\"noopener\">Moteurs Mercedes-Benz GLA \u2013 g\u00e9n\u00e9alogie technique<\/a><\/li>\n<li><a href=\"https:\/\/www.mercedes-benz.fr\/passengercars\/models\/suv\/gla\/amg.html\" target=\"_blank\" rel=\"noopener\">Mercedes-AMG &#8211; GLA SUV (fiche constructeur)<\/a><\/li>\n<\/ul>\n"}},{"acf_fc_layout":"text-simple","--nav":{"-withNav":false,"-ancre":""},"--group":{"-text":"<p><!--StartFragment --><\/p>\n<p class=\"pf0\"><strong><span class=\"cf0\">D\u00e9couvrez aussi :<\/span><\/strong><\/p>\n<ul>\n<li class=\"pf1\"><a href=\"https:\/\/www.bymycar.be\/webzine\/mercedes-gla-vs-bmw-x1-lequel-est-le-meilleur-suv-compact\/\"><span class=\"cf1\">Mercedes GLA vs BMW X1 : lequel est le meilleur SUV compact ?<\/span><\/a><\/li>\n<li class=\"pf1\"><a href=\"https:\/\/www.bymycar.be\/webzine\/mercedes-gla-motorisation-essence-diesel-ou-hybride\/\"><span class=\"cf1\">Mercedes GLA : motorisation essence, diesel ou hybride ?<\/span><\/a><\/li>\n<li class=\"pf1\"><a href=\"https:\/\/www.bymycar.be\/webzine\/acheter-une-mercedes-gla-doccasion-les-conseils-de-nos-experts-bymycar\/\"><span class=\"cf1\">Acheter une Mercedes GLA d\u2019occasion : les conseils de nos experts <\/span><span class=\"cf1\">BYmyCAR<\/span><\/a><\/li>\n<li class=\"pf1\"><a href=\"https:\/\/www.bymycar.be\/webzine\/mercedes-gla-finition-quelle-version-offre-le-meilleur-rapport-qualite-prix\/\"><span class=\"cf1\">Mercedes GLA : quelle version offre le meilleur rapport qualit\u00e9\/prix ?<\/span><\/a><\/li>\n<li class=\"pf1\"><a href=\"https:\/\/www.bymycar.be\/webzine\/mercedes-benz-gla-4matic-la-transmission-integrale-qui-inspire-confiance\/\"><span class=\"cf1\">Mercedes GLA 4MATIC : quels sont les avantages de la transmission int\u00e9grale ?<\/span><\/a><\/li>\n<li class=\"pf1\"><a href=\"https:\/\/www.bymycar.be\/webzine\/mercedes-gla-hybride-rechargeable-est-ce-un-bon-choix\/\"><span class=\"cf1\">Mercedes GLA hybride rechargeable : est-ce un bon choix ?<\/span><\/a><\/li>\n<\/ul>\n<p><!--EndFragment --><\/p>\n"}}]}},"yoast_head":"<!-- This site is optimized with the Yoast SEO Premium plugin v26.4 (Yoast SEO v27.1.1) - https:\/\/yoast.com\/product\/yoast-seo-premium-wordpress\/ -->\n<title>Mercedes GLA AMG : performances et polyvalence d&#039;un SUV sportif - Webzine BE | BYmyCAR<\/title>\n<meta name=\"robots\" content=\"index, follow, max-snippet:-1, max-image-preview:large, max-video-preview:-1\" \/>\n<link rel=\"canonical\" href=\"https:\/\/www.bymycar.be\/webzine\/mercedes-gla-amg-performances-et-polyvalence-dun-suv-sportif\/\" \/>\n<meta property=\"og:locale\" content=\"fr_FR\" \/>\n<meta property=\"og:type\" content=\"article\" \/>\n<meta property=\"og:title\" content=\"Mercedes GLA AMG : performances et polyvalence d&#039;un SUV sportif\" \/>\n<meta property=\"og:url\" content=\"https:\/\/www.bymycar.be\/webzine\/mercedes-gla-amg-performances-et-polyvalence-dun-suv-sportif\/\" \/>\n<meta property=\"og:site_name\" content=\"Webzine BE | BYmyCAR\" \/>\n<meta property=\"article:publisher\" content=\"https:\/\/www.facebook.com\/BYmyCAR.officiel\/\" \/>\n<meta property=\"article:published_time\" content=\"2025-12-02T16:28:31+00:00\" \/>\n<meta property=\"article:modified_time\" content=\"2025-12-03T08:47:39+00:00\" \/>\n<meta name=\"author\" content=\"Tom Fernandes\" \/>\n<meta name=\"twitter:card\" content=\"summary_large_image\" \/>\n<meta name=\"twitter:label1\" content=\"\u00c9crit par\" \/>\n\t<meta name=\"twitter:data1\" content=\"Tom Fernandes\" \/>\n<script type=\"application\/ld+json\" class=\"yoast-schema-graph\">{\"@context\":\"https:\/\/schema.org\",\"@graph\":[{\"@type\":\"Article\",\"@id\":\"https:\/\/www.bymycar.be\/webzine\/mercedes-gla-amg-performances-et-polyvalence-dun-suv-sportif\/#article\",\"isPartOf\":{\"@id\":\"https:\/\/www.bymycar.be\/webzine\/mercedes-gla-amg-performances-et-polyvalence-dun-suv-sportif\/\"},\"author\":{\"name\":\"Tom Fernandes\",\"@id\":\"https:\/\/www.bymycar.be\/webzine\/nl\/#\/schema\/person\/6cd99e624bbd64604349ff20ee1ed853\"},\"headline\":\"Mercedes GLA AMG : performances et polyvalence d&rsquo;un SUV sportif\",\"datePublished\":\"2025-12-02T16:28:31+00:00\",\"dateModified\":\"2025-12-03T08:47:39+00:00\",\"mainEntityOfPage\":{\"@id\":\"https:\/\/www.bymycar.be\/webzine\/mercedes-gla-amg-performances-et-polyvalence-dun-suv-sportif\/\"},\"wordCount\":10,\"publisher\":{\"@id\":\"https:\/\/www.bymycar.be\/webzine\/nl\/#organization\"},\"articleSection\":[\"Guide d'achat Mercedes\"],\"inLanguage\":\"fr-FR\"},{\"@type\":\"WebPage\",\"@id\":\"https:\/\/www.bymycar.be\/webzine\/mercedes-gla-amg-performances-et-polyvalence-dun-suv-sportif\/\",\"url\":\"https:\/\/www.bymycar.be\/webzine\/mercedes-gla-amg-performances-et-polyvalence-dun-suv-sportif\/\",\"name\":\"Mercedes GLA AMG : performances et polyvalence d'un SUV sportif - Webzine BE | BYmyCAR\",\"isPartOf\":{\"@id\":\"https:\/\/www.bymycar.be\/webzine\/nl\/#website\"},\"datePublished\":\"2025-12-02T16:28:31+00:00\",\"dateModified\":\"2025-12-03T08:47:39+00:00\",\"breadcrumb\":{\"@id\":\"https:\/\/www.bymycar.be\/webzine\/mercedes-gla-amg-performances-et-polyvalence-dun-suv-sportif\/#breadcrumb\"},\"inLanguage\":\"fr-FR\",\"potentialAction\":[{\"@type\":\"ReadAction\",\"target\":[\"https:\/\/www.bymycar.be\/webzine\/mercedes-gla-amg-performances-et-polyvalence-dun-suv-sportif\/\"]}]},{\"@type\":\"BreadcrumbList\",\"@id\":\"https:\/\/www.bymycar.be\/webzine\/mercedes-gla-amg-performances-et-polyvalence-dun-suv-sportif\/#breadcrumb\",\"itemListElement\":[{\"@type\":\"ListItem\",\"position\":1,\"name\":\"Accueil\",\"item\":\"https:\/\/www.bymycar.be\/webzine\/\"},{\"@type\":\"ListItem\",\"position\":2,\"name\":\"Mercedes GLA AMG : performances et polyvalence d&rsquo;un SUV sportif\"}]},{\"@type\":\"WebSite\",\"@id\":\"https:\/\/www.bymycar.be\/webzine\/nl\/#website\",\"url\":\"https:\/\/www.bymycar.be\/webzine\/nl\/\",\"name\":\"Webzine | BYmyCAR\",\"description\":\"_Le webzine auto de\",\"publisher\":{\"@id\":\"https:\/\/www.bymycar.be\/webzine\/nl\/#organization\"},\"potentialAction\":[{\"@type\":\"SearchAction\",\"target\":{\"@type\":\"EntryPoint\",\"urlTemplate\":\"https:\/\/www.bymycar.be\/webzine\/nl\/?s={search_term_string}\"},\"query-input\":{\"@type\":\"PropertyValueSpecification\",\"valueRequired\":true,\"valueName\":\"search_term_string\"}}],\"inLanguage\":\"fr-FR\"},{\"@type\":\"Organization\",\"@id\":\"https:\/\/www.bymycar.be\/webzine\/nl\/#organization\",\"name\":\"Webzine | BYmyCAR\",\"url\":\"https:\/\/www.bymycar.be\/webzine\/nl\/\",\"logo\":{\"@type\":\"ImageObject\",\"inLanguage\":\"fr-FR\",\"@id\":\"https:\/\/www.bymycar.be\/webzine\/nl\/#\/schema\/logo\/image\/\",\"url\":\"https:\/\/cdn.bymycar.eu\/be-webzine\/wp-content\/uploads\/2024\/11\/20203047\/logo.png\",\"contentUrl\":\"https:\/\/cdn.bymycar.eu\/be-webzine\/wp-content\/uploads\/2024\/11\/20203047\/logo.png\",\"width\":1280,\"height\":512,\"caption\":\"Webzine | BYmyCAR\"},\"image\":{\"@id\":\"https:\/\/www.bymycar.be\/webzine\/nl\/#\/schema\/logo\/image\/\"},\"sameAs\":[\"https:\/\/www.facebook.com\/BYmyCAR.officiel\/\",\"https:\/\/www.instagram.com\/bymycar.officiel\/\"]},{\"@type\":\"Person\",\"@id\":\"https:\/\/www.bymycar.be\/webzine\/nl\/#\/schema\/person\/6cd99e624bbd64604349ff20ee1ed853\",\"name\":\"Tom Fernandes\",\"image\":{\"@type\":\"ImageObject\",\"inLanguage\":\"fr-FR\",\"@id\":\"https:\/\/www.bymycar.be\/webzine\/nl\/#\/schema\/person\/image\/\",\"url\":\"https:\/\/secure.gravatar.com\/avatar\/81b17c0cc5a6f1f7f394984269a7cbad9c7cca9604839da024242cf665051fbf?s=96&d=mm&r=g\",\"contentUrl\":\"https:\/\/secure.gravatar.com\/avatar\/81b17c0cc5a6f1f7f394984269a7cbad9c7cca9604839da024242cf665051fbf?s=96&d=mm&r=g\",\"caption\":\"Tom Fernandes\"}}]}<\/script>\n<!-- \/ Yoast SEO Premium plugin. -->","yoast_head_json":{"title":"Mercedes GLA AMG : performances et polyvalence d'un SUV sportif - Webzine BE | BYmyCAR","robots":{"index":"index","follow":"follow","max-snippet":"max-snippet:-1","max-image-preview":"max-image-preview:large","max-video-preview":"max-video-preview:-1"},"canonical":"https:\/\/www.bymycar.be\/webzine\/mercedes-gla-amg-performances-et-polyvalence-dun-suv-sportif\/","og_locale":"fr_FR","og_type":"article","og_title":"Mercedes GLA AMG : performances et polyvalence d'un SUV sportif","og_url":"https:\/\/www.bymycar.be\/webzine\/mercedes-gla-amg-performances-et-polyvalence-dun-suv-sportif\/","og_site_name":"Webzine BE | BYmyCAR","article_publisher":"https:\/\/www.facebook.com\/BYmyCAR.officiel\/","article_published_time":"2025-12-02T16:28:31+00:00","article_modified_time":"2025-12-03T08:47:39+00:00","author":"Tom Fernandes","twitter_card":"summary_large_image","twitter_misc":{"\u00c9crit par":"Tom Fernandes"},"schema":{"@context":"https:\/\/schema.org","@graph":[{"@type":"Article","@id":"https:\/\/www.bymycar.be\/webzine\/mercedes-gla-amg-performances-et-polyvalence-dun-suv-sportif\/#article","isPartOf":{"@id":"https:\/\/www.bymycar.be\/webzine\/mercedes-gla-amg-performances-et-polyvalence-dun-suv-sportif\/"},"author":{"name":"Tom Fernandes","@id":"https:\/\/www.bymycar.be\/webzine\/nl\/#\/schema\/person\/6cd99e624bbd64604349ff20ee1ed853"},"headline":"Mercedes GLA AMG : performances et polyvalence d&rsquo;un SUV sportif","datePublished":"2025-12-02T16:28:31+00:00","dateModified":"2025-12-03T08:47:39+00:00","mainEntityOfPage":{"@id":"https:\/\/www.bymycar.be\/webzine\/mercedes-gla-amg-performances-et-polyvalence-dun-suv-sportif\/"},"wordCount":10,"publisher":{"@id":"https:\/\/www.bymycar.be\/webzine\/nl\/#organization"},"articleSection":["Guide d'achat Mercedes"],"inLanguage":"fr-FR"},{"@type":"WebPage","@id":"https:\/\/www.bymycar.be\/webzine\/mercedes-gla-amg-performances-et-polyvalence-dun-suv-sportif\/","url":"https:\/\/www.bymycar.be\/webzine\/mercedes-gla-amg-performances-et-polyvalence-dun-suv-sportif\/","name":"Mercedes GLA AMG : performances et polyvalence d'un SUV sportif - Webzine BE | BYmyCAR","isPartOf":{"@id":"https:\/\/www.bymycar.be\/webzine\/nl\/#website"},"datePublished":"2025-12-02T16:28:31+00:00","dateModified":"2025-12-03T08:47:39+00:00","breadcrumb":{"@id":"https:\/\/www.bymycar.be\/webzine\/mercedes-gla-amg-performances-et-polyvalence-dun-suv-sportif\/#breadcrumb"},"inLanguage":"fr-FR","potentialAction":[{"@type":"ReadAction","target":["https:\/\/www.bymycar.be\/webzine\/mercedes-gla-amg-performances-et-polyvalence-dun-suv-sportif\/"]}]},{"@type":"BreadcrumbList","@id":"https:\/\/www.bymycar.be\/webzine\/mercedes-gla-amg-performances-et-polyvalence-dun-suv-sportif\/#breadcrumb","itemListElement":[{"@type":"ListItem","position":1,"name":"Accueil","item":"https:\/\/www.bymycar.be\/webzine\/"},{"@type":"ListItem","position":2,"name":"Mercedes GLA AMG : performances et polyvalence d&rsquo;un SUV sportif"}]},{"@type":"WebSite","@id":"https:\/\/www.bymycar.be\/webzine\/nl\/#website","url":"https:\/\/www.bymycar.be\/webzine\/nl\/","name":"Webzine | BYmyCAR","description":"_Le webzine auto de","publisher":{"@id":"https:\/\/www.bymycar.be\/webzine\/nl\/#organization"},"potentialAction":[{"@type":"SearchAction","target":{"@type":"EntryPoint","urlTemplate":"https:\/\/www.bymycar.be\/webzine\/nl\/?s={search_term_string}"},"query-input":{"@type":"PropertyValueSpecification","valueRequired":true,"valueName":"search_term_string"}}],"inLanguage":"fr-FR"},{"@type":"Organization","@id":"https:\/\/www.bymycar.be\/webzine\/nl\/#organization","name":"Webzine | BYmyCAR","url":"https:\/\/www.bymycar.be\/webzine\/nl\/","logo":{"@type":"ImageObject","inLanguage":"fr-FR","@id":"https:\/\/www.bymycar.be\/webzine\/nl\/#\/schema\/logo\/image\/","url":"https:\/\/cdn.bymycar.eu\/be-webzine\/wp-content\/uploads\/2024\/11\/20203047\/logo.png","contentUrl":"https:\/\/cdn.bymycar.eu\/be-webzine\/wp-content\/uploads\/2024\/11\/20203047\/logo.png","width":1280,"height":512,"caption":"Webzine | BYmyCAR"},"image":{"@id":"https:\/\/www.bymycar.be\/webzine\/nl\/#\/schema\/logo\/image\/"},"sameAs":["https:\/\/www.facebook.com\/BYmyCAR.officiel\/","https:\/\/www.instagram.com\/bymycar.officiel\/"]},{"@type":"Person","@id":"https:\/\/www.bymycar.be\/webzine\/nl\/#\/schema\/person\/6cd99e624bbd64604349ff20ee1ed853","name":"Tom Fernandes","image":{"@type":"ImageObject","inLanguage":"fr-FR","@id":"https:\/\/www.bymycar.be\/webzine\/nl\/#\/schema\/person\/image\/","url":"https:\/\/secure.gravatar.com\/avatar\/81b17c0cc5a6f1f7f394984269a7cbad9c7cca9604839da024242cf665051fbf?s=96&d=mm&r=g","contentUrl":"https:\/\/secure.gravatar.com\/avatar\/81b17c0cc5a6f1f7f394984269a7cbad9c7cca9604839da024242cf665051fbf?s=96&d=mm&r=g","caption":"Tom Fernandes"}}]}},"_links":{"self":[{"href":"https:\/\/www.bymycar.be\/webzine\/wp-json\/wp\/v2\/posts\/5385","targetHints":{"allow":["GET"]}}],"collection":[{"href":"https:\/\/www.bymycar.be\/webzine\/wp-json\/wp\/v2\/posts"}],"about":[{"href":"https:\/\/www.bymycar.be\/webzine\/wp-json\/wp\/v2\/types\/post"}],"author":[{"embeddable":true,"href":"https:\/\/www.bymycar.be\/webzine\/wp-json\/wp\/v2\/users\/17"}],"replies":[{"embeddable":true,"href":"https:\/\/www.bymycar.be\/webzine\/wp-json\/wp\/v2\/comments?post=5385"}],"version-history":[{"count":3,"href":"https:\/\/www.bymycar.be\/webzine\/wp-json\/wp\/v2\/posts\/5385\/revisions"}],"predecessor-version":[{"id":5406,"href":"https:\/\/www.bymycar.be\/webzine\/wp-json\/wp\/v2\/posts\/5385\/revisions\/5406"}],"wp:attachment":[{"href":"https:\/\/www.bymycar.be\/webzine\/wp-json\/wp\/v2\/media?parent=5385"}],"wp:term":[{"taxonomy":"category","embeddable":true,"href":"https:\/\/www.bymycar.be\/webzine\/wp-json\/wp\/v2\/categories?post=5385"},{"taxonomy":"post_tag","embeddable":true,"href":"https:\/\/www.bymycar.be\/webzine\/wp-json\/wp\/v2\/tags?post=5385"}],"curies":[{"name":"wp","href":"https:\/\/api.w.org\/{rel}","templated":true}]}}