{"id":5380,"date":"2025-12-02T17:14:38","date_gmt":"2025-12-02T16:14:38","guid":{"rendered":"https:\/\/www.bymycar.be\/webzine\/?p=5380"},"modified":"2025-12-03T09:46:33","modified_gmt":"2025-12-03T08:46:33","slug":"mercedes-gla-hybride-rechargeable-est-ce-un-bon-choix","status":"publish","type":"post","link":"https:\/\/www.bymycar.be\/webzine\/mercedes-gla-hybride-rechargeable-est-ce-un-bon-choix\/","title":{"rendered":"Mercedes GLA hybride rechargeable : est-ce un bon choix ?"},"content":{"rendered":"","protected":false},"excerpt":{"rendered":"","protected":false},"author":17,"featured_media":0,"comment_status":"closed","ping_status":"closed","sticky":false,"template":"","format":"standard","meta":{"_acf_changed":false,"footnotes":""},"categories":[1458],"tags":[],"class_list":["post-5380","post","type-post","status-publish","format-standard","hentry","category-guide-dachat-mercedes"],"acf":{"image":{"ID":5381,"id":5381,"title":"eo0t9813-2 (1)","filename":"eo0t9813-2-1-scaled.jpg","filesize":866543,"url":"https:\/\/cdn.bymycar.eu\/be-webzine\/wp-content\/uploads\/2025\/12\/02155458\/eo0t9813-2-1-scaled.jpg","link":"https:\/\/www.bymycar.be\/webzine\/mercedes-gla-hybride-rechargeable-est-ce-un-bon-choix\/eo0t9813-2-1\/","alt":"Mercedes GLA","author":"17","description":"","caption":"","name":"eo0t9813-2-1","status":"inherit","uploaded_to":5380,"date":"2025-12-02 14:54:37","modified":"2025-12-02 14:56:27","menu_order":0,"mime_type":"image\/jpeg","type":"image","subtype":"jpeg","icon":"https:\/\/www.bymycar.be\/webzine\/wp-includes\/images\/media\/default.png","width":2560,"height":1707,"sizes":{"thumbnail":"https:\/\/cdn.bymycar.eu\/be-webzine\/wp-content\/uploads\/2025\/12\/02155458\/eo0t9813-2-1-150x150.jpg","thumbnail-width":150,"thumbnail-height":150,"medium":"https:\/\/cdn.bymycar.eu\/be-webzine\/wp-content\/uploads\/2025\/12\/02155458\/eo0t9813-2-1-300x200.jpg","medium-width":300,"medium-height":200,"medium_large":"https:\/\/cdn.bymycar.eu\/be-webzine\/wp-content\/uploads\/2025\/12\/02155458\/eo0t9813-2-1-768x512.jpg","medium_large-width":768,"medium_large-height":512,"large":"https:\/\/cdn.bymycar.eu\/be-webzine\/wp-content\/uploads\/2025\/12\/02155458\/eo0t9813-2-1-1024x683.jpg","large-width":1024,"large-height":683,"1536x1536":"https:\/\/cdn.bymycar.eu\/be-webzine\/wp-content\/uploads\/2025\/12\/02155458\/eo0t9813-2-1-1536x1024.jpg","1536x1536-width":1536,"1536x1536-height":1024,"2048x2048":"https:\/\/cdn.bymycar.eu\/be-webzine\/wp-content\/uploads\/2025\/12\/02155458\/eo0t9813-2-1-2048x1365.jpg","2048x2048-width":2048,"2048x2048-height":1365}},"introduction":"<p>Le <a href=\"https:\/\/www.bymycar.be\/fr\/v\/mercedes-gla\">Mercedes GLA<\/a> hybride rechargeable s&rsquo;impose comme une r\u00e9f\u00e9rence dans le segment des SUV compacts premium. Alliant \u00e9l\u00e9gance et performance, la version hybride rechargeable du GLA offre une autonomie \u00e9lectrique pouvant atteindre 71 km en cycle WLTP. Vous d\u00e9couvrirez dans cet article tout ce qu&rsquo;il faut savoir sur ce Mercedes GLA : son autonomie, ses solutions de recharge, sa fiche technique compl\u00e8te, ainsi que des informations sur son prix et les opportunit\u00e9s en occasion. Un v\u00e9hicule qui combine parfaitement luxe et \u00e9co-responsabilit\u00e9.<\/p>\n<p>&nbsp;<\/p>\n<p style=\"text-align: center;\"><a href=\"https:\/\/www.bymycar.be\/webzine\/pourquoi-choisir-un-mercedes-gla\/\"  class=\"css-button css-button--gold\" >\n                Tout savoir sur la Mercedes GLA\n        <\/a><\/p>\n","add-to-bo":false,"page_content":{"block_content":[{"acf_fc_layout":"carousel-produits"},{"acf_fc_layout":"text-simple","--nav":{"-withNav":false,"-ancre":""},"--group":{"-text":"<h2>Les points forts du Mercedes GLA hybride rechargeable<\/h2>\n<h3>Design et confort haut de gamme<\/h3>\n<p>Le Mercedes GLA hybride rechargeable s\u00e9duit par son design \u00e9l\u00e9gant et ses finitions soign\u00e9es qui refl\u00e8tent parfaitement le savoir-faire de la marque \u00e0 l&rsquo;\u00e9toile. Son habitacle spacieux offre un confort optimal pour tous les passagers, avec des mat\u00e9riaux de qualit\u00e9 sup\u00e9rieure et des \u00e9quipements technologiques de derni\u00e8re g\u00e9n\u00e9ration. La version hybride rechargeable conserve les aspects pratiques qui font le succ\u00e8s du GLA, malgr\u00e9 une l\u00e9g\u00e8re r\u00e9duction du volume de coffre. Vous appr\u00e9cierez \u00e9galement les diff\u00e9rentes finitions disponibles, comme l&rsquo;AMG Line au style plus sportif ou la Progressive Line plus classique.<\/p>\n<h3>Groupe motopropulseur EQ Power performant<\/h3>\n<p>Le groupe motopropulseur EQ Power du Mercedes GLA hybride rechargeable d\u00e9livre une puissance combin\u00e9e impressionnante de 218 chevaux. Ce syst\u00e8me associe harmonieusement un moteur essence 4 cylindres turbocompress\u00e9 de 1,3 litre \u00e0 un moteur \u00e9lectrique de 102 chevaux, offrant des performances dynamiques avec un 0 \u00e0 100 km\/h abattu en 7,1 secondes. Vous profiterez d&rsquo;une autonomie \u00e9lectrique allant jusqu&rsquo;\u00e0 71 km en cycle WLTP, id\u00e9ale pour les trajets quotidiens, tout en b\u00e9n\u00e9ficiant d&rsquo;une consommation remarquablement basse de 1,6 \u00e0 1,8 L\/100 km et d&rsquo;un couple g\u00e9n\u00e9reux de 450 Nm pour des reprises franches et efficaces.<\/p>\n<p>Le Mercedes GLA hybride rechargeable combine ainsi \u00e9l\u00e9gance, confort premium et performances \u00e9co-responsables, faisant de ce SUV compact une r\u00e9f\u00e9rence incontournable dans sa cat\u00e9gorie pour les automobilistes exigeants.<\/p>\n<h2>Autonomie et batterie : jusqu&rsquo;o\u00f9 pouvez-vous rouler ?<\/h2>\n<h3>Capacit\u00e9 de batterie et r\u00e9cup\u00e9ration d&rsquo;\u00e9nergie<\/h3>\n<p>Le Mercedes GLA 250 e est \u00e9quip\u00e9 d&rsquo;une batterie haute tension lithium-ion de 15,6 kWh, plac\u00e9e astucieusement sous le plancher pour pr\u00e9server l&rsquo;habitabilit\u00e9. Cette batterie offre une capacit\u00e9 \u00e9nerg\u00e9tique suffisante pour couvrir vos d\u00e9placements quotidiens en mode 100 % \u00e9lectrique. L&rsquo;un des grands atouts du GLA hybride rechargeable est son syst\u00e8me de r\u00e9cup\u00e9ration d&rsquo;\u00e9nergie : lors des freinages et d\u00e9c\u00e9l\u00e9rations, l&rsquo;\u00e9nergie cin\u00e9tique est convertie en \u00e9lectricit\u00e9 puis stock\u00e9e dans la batterie. Ce dispositif vous permet de prolonger votre autonomie, particuli\u00e8rement en conduite urbaine o\u00f9 les arr\u00eats sont fr\u00e9quents.<\/p>\n<h3>Kilom\u00e8tres d&rsquo;autonomie en cycle WLTP<\/h3>\n<p>L&rsquo;autonomie officielle du Mercedes GLA 250 e est homologu\u00e9e \u00e0 71 km selon le cycle WLTP (Worldwide Harmonised Light vehicles Test Procedure), une norme standardis\u00e9e qui refl\u00e8te mieux les conditions r\u00e9elles que l&rsquo;ancien cycle NEDC. En pratique, vous pouvez compter sur 50 \u00e0 60 km d&rsquo;autonomie \u00e9lectrique en usage urbain, ce qui couvre largement les trajets domicile-travail de la plupart des conducteurs. Les conditions de route influencent naturellement ces chiffres : la conduite urbaine favorise l&rsquo;autonomie gr\u00e2ce \u00e0 la r\u00e9cup\u00e9ration d&rsquo;\u00e9nergie, tandis que les trajets autoroutiers sollicitent davantage le moteur thermique. Nos conseillers BYmyCAR vous accompagnent pour optimiser votre utilisation et maximiser votre autonomie au quotidien.<\/p>\n<h2>Recharge et c\u00e2ble : faites le plein d&rsquo;\u00e9nergie simplement<\/h2>\n<h3>Types de c\u00e2ble et connecteurs compatibles<\/h3>\n<p>Le Mercedes GLA 250 e est \u00e9quip\u00e9 d&rsquo;un connecteur de type 2, standard europ\u00e9en pour la recharge en courant alternatif. Le v\u00e9hicule est livr\u00e9 avec un c\u00e2ble de recharge domestique vous permettant de vous brancher sur une prise classique, bien que cette solution soit la plus lente. Pour une recharge optimale, nous vous recommandons l&rsquo;installation d&rsquo;une wallbox \u00e0 domicile. Le c\u00e2ble Type 2 vers Type 2 vous permet \u00e9galement de vous recharger sur les bornes publiques, offrant ainsi une grande flexibilit\u00e9 pour vos d\u00e9placements. Nos conseillers BYmyCAR peuvent vous orienter vers les \u00e9quipements de recharge les plus adapt\u00e9s \u00e0 votre usage.<\/p>\n<h3>Temps de recharge \u00e0 domicile ou en borne<\/h3>\n<p>Avec une wallbox domestique de 7,4 kW, la batterie de 15,6 kWh du Mercedes GLA 250 e se recharge compl\u00e8tement en environ 1h45. Sur une prise domestique classique, comptez environ 5 heures pour une charge compl\u00e8te. Si vous disposez d&rsquo;une installation triphas\u00e9e, une borne de 11 kW vous permet de r\u00e9duire ce temps \u00e0 environ 1h30. \u00c0 domicile, la recharge peut \u00eatre programm\u00e9e pendant les heures creuses pour optimiser vos co\u00fbts \u00e9nerg\u00e9tiques. Sur les bornes publiques rapides, vous b\u00e9n\u00e9ficiez de temps de charge similaires selon la puissance disponible. Nos conseillers BYmyCAR vous accompagnent dans le choix de la solution la plus adapt\u00e9e \u00e0 votre utilisation quotidienne et \u00e0 votre installation \u00e9lectrique.<\/p>\n<h2>Fiche technique du Mercedes GLA 250 e hybride rechargeable<\/h2>\n<p>Le GLA 250 e hybride rechargeable de <a href=\"https:\/\/www.bymycar.be\/fr\/v\/mercedes\">Mercedes<\/a> se positionne comme une alternative \u00e9co-responsable dans la gamme des SUV compacts premium. Alliant performances dynamiques et efficience \u00e9nerg\u00e9tique, ce mod\u00e8le offre une exp\u00e9rience de conduite polyvalente pour r\u00e9pondre aux besoins quotidiens comme aux trajets plus longs.<\/p>\n<h3>Dimensions et performances<\/h3>\n<p>Le Mercedes GLA 250 e se distingue par son gabarit compact mais g\u00e9n\u00e9reux, parfaitement adapt\u00e9 \u00e0 un usage urbain et p\u00e9riurbain. Avec ses 4 410 mm de longueur, 1 830 mm de largeur et 1 610 mm de hauteur, sa silhouette \u00e9l\u00e9gante cache un habitacle spacieux et fonctionnel. Le volume de coffre de 385 litres reste correct malgr\u00e9 la pr\u00e9sence de la batterie. En mati\u00e8re de performances, ce SUV hybride rechargeable ne fait aucun compromis : il affiche une vitesse de pointe de 220 km\/h et abat le 0 \u00e0 100 km\/h en 7,1 secondes, tout en maintenant une consommation ma\u00eetris\u00e9e de 1,6 \u00e0 1,8 L\/100 km en cycle mixte.<\/p>\n<h3>Motorisation hybride<\/h3>\n<p>Le syst\u00e8me hybride rechargeable du GLA 250 e combine intelligemment un moteur thermique et un moteur \u00e9lectrique. Le quatre cylindres essence de 1,3 litre d\u00e9veloppe 160 chevaux, tandis que le moteur \u00e9lectrique apporte 102 chevaux et 300 Nm de couple instantan\u00e9 pour une conduite silencieuse en mode z\u00e9ro \u00e9mission. La puissance cumul\u00e9e atteint 218 chevaux avec un couple total de 450 Nm. La batterie lithium-ion de 15,6 kWh offre une autonomie \u00e9lectrique de 71 km en cycle WLTP, confortable pour les trajets quotidiens, et peut \u00eatre recharg\u00e9e rapidement sur une borne adapt\u00e9e. Cette technologie EQ Power permet de profiter pleinement des avantages d&rsquo;une conduite \u00e9lectrique en ville, tout en conservant la polyvalence d&rsquo;un SUV conventionnel sur longues distances.<\/p>\n<table>\n<thead>\n<tr>\n<th>Caract\u00e9ristiques techniques<\/th>\n<th>Mercedes GLA 250 e<\/th>\n<\/tr>\n<\/thead>\n<tbody>\n<tr>\n<td>Puissance cumul\u00e9e<\/td>\n<td>218 ch<\/td>\n<\/tr>\n<tr>\n<td>Couple cumul\u00e9<\/td>\n<td>450 Nm<\/td>\n<\/tr>\n<tr>\n<td>Moteur thermique<\/td>\n<td>4 cylindres essence 1,3 L de 160 ch<\/td>\n<\/tr>\n<tr>\n<td>Moteur \u00e9lectrique<\/td>\n<td>102 ch \/ 300 Nm<\/td>\n<\/tr>\n<tr>\n<td>Vitesse de pointe<\/td>\n<td>220 km\/h (140 km\/h en mode \u00e9lectrique)<\/td>\n<\/tr>\n<tr>\n<td>Acc\u00e9l\u00e9ration 0-100 km\/h<\/td>\n<td>7,1 secondes<\/td>\n<\/tr>\n<tr>\n<td>Batterie<\/td>\n<td>15,6 kWh<\/td>\n<\/tr>\n<tr>\n<td>Autonomie \u00e9lectrique<\/td>\n<td>Jusqu&rsquo;\u00e0 71 km (cycle WLTP)<\/td>\n<\/tr>\n<tr>\n<td>Consommation mixte<\/td>\n<td>1,6 \u00e0 1,8 L\/100 km<\/td>\n<\/tr>\n<tr>\n<td>Dimensions (L\u00d7l\u00d7h)<\/td>\n<td>4 410 \u00d7 1 830 \u00d7 1 610 mm<\/td>\n<\/tr>\n<tr>\n<td>Empattement<\/td>\n<td>2 730 mm<\/td>\n<\/tr>\n<tr>\n<td>Poids \u00e0 vide<\/td>\n<td>1 775 kg<\/td>\n<\/tr>\n<tr>\n<td>Volume de coffre<\/td>\n<td>385 litres<\/td>\n<\/tr>\n<\/tbody>\n<\/table>\n<p>Pour d\u00e9couvrir l&rsquo;ensemble des caract\u00e9ristiques et options disponibles sur ce mod\u00e8le, n&rsquo;h\u00e9sitez pas \u00e0 consulter la <a href=\"https:\/\/www.bymycar.be\/fr\/marques\/mercedes-benz\/gla-hybride\">Mercedes GLA 250 e hybride fiche technique<\/a> et \u00e0 prendre rendez-vous avec nos conseillers BYmyCAR.<\/p>\n<h2>Prix et financements : contactez nos conseillers BYmyCAR<\/h2>\n<p>Vous souhaitez conna\u00eetre les tarifs et options de financement pour votre futur Mercedes GLA hybride rechargeable ? BYmyCAR vous propose un accompagnement sur mesure pour r\u00e9pondre pr\u00e9cis\u00e9ment \u00e0 vos besoins et votre budget. Notre \u00e9quipe d&rsquo;experts est \u00e0 votre disposition pour vous pr\u00e9senter les meilleures offres disponibles et vous guider vers la solution id\u00e9ale.<\/p>\n<h3>Solutions de financement LOA et entretien<\/h3>\n<p>BYmyCAR vous offre des formules de Location avec Option d&rsquo;Achat (LOA) flexibles et adapt\u00e9es \u00e0 votre situation. Ces solutions vous permettent de b\u00e9n\u00e9ficier d&rsquo;un v\u00e9hicule neuf avec des mensualit\u00e9s optimis\u00e9es et la possibilit\u00e9 d&rsquo;inclure l&rsquo;entretien complet dans votre contrat. Vous profitez ainsi d&rsquo;une tranquillit\u00e9 d&rsquo;esprit totale tout au long de votre engagement, avec des services d&rsquo;entretien assur\u00e9s par nos ateliers agr\u00e9\u00e9s Mercedes-Benz.<\/p>\n<h3>Simulation personnalis\u00e9e avec BYmyCAR<\/h3>\n<p>Nos conseillers BYmyCAR r\u00e9alisent pour vous une \u00e9tude personnalis\u00e9e tenant compte de votre apport, de la dur\u00e9e souhait\u00e9e et de votre kilom\u00e9trage annuel. Prenez rendez-vous dans l&rsquo;une de nos concessions pour obtenir une simulation d\u00e9taill\u00e9e et d\u00e9couvrir les avantages exclusifs r\u00e9serv\u00e9s \u00e0 nos clients, ainsi que les \u00e9ventuelles offres promotionnelles en cours sur le Mercedes GLA hybride rechargeable.<\/p>\n<h2>Essai sur route : sensations au volant du GLA hybride rechargeable<\/h2>\n<h3>Conduite 100 % \u00e9lectrique en ville<\/h3>\n<p>Le Mercedes GLA hybride rechargeable offre une exp\u00e9rience de conduite remarquable en milieu urbain. Gr\u00e2ce \u00e0 son autonomie \u00e9lectrique de 71 km en cycle WLTP, vous profitez d&rsquo;une conduite silencieuse et fluide, parfaitement adapt\u00e9e aux d\u00e9placements quotidiens. En mode de conduite \u00e9lectrique, vous circulez sans \u00e9mission, tout en b\u00e9n\u00e9ficiant du couple instantan\u00e9 de 300 Nm du moteur \u00e9lectrique pour des acc\u00e9l\u00e9rations franches aux feux. La finition Progressive Line apporte un confort optimal avec ses suspensions parfaitement calibr\u00e9es pour absorber les imperfections de la chauss\u00e9e urbaine.<\/p>\n<h3>Polyvalence sur longues distances<\/h3>\n<p>Sur route, le GLA hybride rechargeable r\u00e9v\u00e8le toute sa polyvalence. La transition entre le moteur \u00e9lectrique et le groupe motopropulseur de 218 chevaux s&rsquo;effectue en douceur, offrant des reprises dynamiques quand n\u00e9cessaire. Les diff\u00e9rents modes de conduite disponibles vous permettent d&rsquo;adapter le comportement du v\u00e9hicule selon vos pr\u00e9f\u00e9rences : mode \u00e9conomique pour maximiser l&rsquo;autonomie, mode hybride pour optimiser la consommation, ou mode plus sportif pour profiter pleinement des performances. La bo\u00eete automatique 8G-DCT \u00e0 double embrayage assure des passages de rapports imperceptibles pour une exp\u00e9rience de conduite premium, tandis que la transmission int\u00e9grale 4MATIC garantit une motricit\u00e9 optimale en toutes circonstances.<\/p>\n<h2>Notre avis BYmyCAR sur le Mercedes GLA hybride rechargeable<\/h2>\n<h3>Pourquoi choisir cette version ?<\/h3>\n<p>Le Mercedes GLA hybride rechargeable se distingue par son groupe motopropulseur EQ Power de 218 chevaux associ\u00e9 \u00e0 la bo\u00eete automatique 8G-DCT et \u00e0 la transmission int\u00e9grale 4MATIC. Cette version offre une autonomie \u00e9lectrique de 71 km en cycle WLTP, id\u00e9ale pour vos d\u00e9placements quotidiens sans consommer une goutte de carburant. Vous appr\u00e9cierez sa consommation remarquablement basse de 1,6 \u00e0 1,8 L\/100 km en cycle mixte, parfaite pour r\u00e9duire votre empreinte \u00e9cologique tout en conservant le plaisir de conduite caract\u00e9ristique de Mercedes. L&rsquo;agr\u00e9ment routier reste intact gr\u00e2ce \u00e0 un ch\u00e2ssis bien \u00e9quilibr\u00e9 et des performances dynamiques dignes de la marque \u00e0 l&rsquo;\u00e9toile.<\/p>\n<h3>Un SUV tourn\u00e9 vers l&rsquo;avenir<\/h3>\n<p>Le Mercedes GLA hybride rechargeable repr\u00e9sente l&rsquo;alliance parfaite entre performances et responsabilit\u00e9 environnementale. Son syst\u00e8me EQ Power combine intelligemment moteur thermique et \u00e9lectrique pour une conduite fluide et dynamique, offrant le meilleur des deux mondes. Nos conseillers BYmyCAR vous confirmeront que ce SUV compact conserve tous les aspects pratiques qui font son succ\u00e8s, avec un design \u00e9l\u00e9gant, des finitions haut de gamme et une technologie embarqu\u00e9e de pointe. Le Mercedes GLA incarne l&rsquo;avenir de la mobilit\u00e9 premium, alliant confort, innovation technologique et respect de l&rsquo;environnement pour une exp\u00e9rience automobile r\u00e9solument moderne.<\/p>\n<h2>Mercedes GLA hybride rechargeable d&rsquo;occasion : une opportunit\u00e9 \u00e0 saisir<\/h2>\n<h3>Contr\u00f4le qualit\u00e9 BYmyCAR<\/h3>\n<p>Chez BYmyCAR, nous vous garantissons une exp\u00e9rience d&rsquo;achat sereine avec notre processus de contr\u00f4le qualit\u00e9 rigoureux. Chaque Mercedes GLA hybride rechargeable d&rsquo;occasion disponible dans notre r\u00e9seau fait l&rsquo;objet d&rsquo;une inspection minutieuse par nos techniciens sp\u00e9cialis\u00e9s. Nos experts v\u00e9rifient l&rsquo;ensemble des composants m\u00e9caniques et \u00e9lectriques, avec une attention particuli\u00e8re port\u00e9e au syst\u00e8me hybride rechargeable et \u00e0 l&rsquo;\u00e9tat de la batterie haute tension. Cette d\u00e9marche vous garantit l&rsquo;acquisition d&rsquo;un v\u00e9hicule en parfait \u00e9tat de fonctionnement, avec une autonomie \u00e9lectrique pr\u00e9serv\u00e9e.<\/p>\n<h3>Garantie et services atelier agr\u00e9\u00e9<\/h3>\n<p>En choisissant un Mercedes GLA hybride rechargeable d&rsquo;occasion chez BYmyCAR, vous b\u00e9n\u00e9ficiez d&rsquo;une garantie compl\u00e8te qui vous prot\u00e8ge contre les \u00e9ventuels d\u00e9fauts. Notre r\u00e9seau d&rsquo;ateliers agr\u00e9\u00e9s Mercedes-Benz assure l&rsquo;entretien de votre v\u00e9hicule avec un \u00e9quipement de pointe et des pi\u00e8ces d&rsquo;origine constructeur. Nos techniciens form\u00e9s aux sp\u00e9cificit\u00e9s des motorisations hybrides vous accompagnent tout au long de la vie de votre Mercedes GLA, pour une tranquillit\u00e9 d&rsquo;esprit totale et une valeur de revente pr\u00e9serv\u00e9e. Vous profitez ainsi de tous les avantages du r\u00e9seau BYmyCAR pour votre v\u00e9hicule d&rsquo;occasion.<\/p>\n<h2>FAQ sur le Mercedes GLA hybride rechargeable<\/h2>\n<h3>Quel est le prix du Mercedes GLA hybride rechargeable ?<\/h3>\n<p>Pour conna\u00eetre le prix exact du Mercedes GLA hybride rechargeable, nous vous invitons \u00e0 contacter directement nos conseillers BYmyCAR. Ils pourront vous proposer une offre personnalis\u00e9e adapt\u00e9e \u00e0 vos besoins et vous informer des diff\u00e9rentes options de financement disponibles, notamment les formules LOA. Nos experts vous accompagneront \u00e9galement dans le choix de la finition et des \u00e9quipements qui correspondent le mieux \u00e0 vos attentes, tout en respectant votre budget. N&rsquo;h\u00e9sitez pas \u00e0 prendre rendez-vous dans l&rsquo;une de nos concessions pour obtenir un devis d\u00e9taill\u00e9.<\/p>\n<h3>Quelle est l&rsquo;autonomie du Mercedes GLA hybride rechargeable ?<\/h3>\n<p>Le Mercedes GLA hybride rechargeable dispose d&rsquo;une batterie lithium-ion de 15,6 kWh offrant une autonomie \u00e9lectrique allant jusqu&rsquo;\u00e0 71 km selon le cycle d&rsquo;homologation WLTP. En conditions r\u00e9elles d&rsquo;utilisation, vous pouvez compter sur environ 50 \u00e0 60 km en zone urbaine, ce qui est amplement suffisant pour les trajets quotidiens sans consommer de carburant. Cette autonomie g\u00e9n\u00e9reuse fait du Mercedes GLA 250 e un choix particuli\u00e8rement adapt\u00e9 pour les conducteurs urbains et p\u00e9riurbains souhaitant r\u00e9duire leur empreinte \u00e9cologique. Sur autoroute, l&rsquo;autonomie sera naturellement plus faible, mais le moteur thermique prend automatiquement le relais pour vous garantir une autonomie totale illimit\u00e9e.<\/p>\n<p><strong>Sources :<\/strong><\/p>\n<ul>\n<li><a href=\"https:\/\/www.mercedes-benz.fr\/passengercars\/models\/suv\/gla\/overview.html\" target=\"_blank\" rel=\"noopener\">GLA \u2013 Mercedes-Benz France (fiche constructeur)<\/a><\/li>\n<li><a href=\"https:\/\/www.automobile-propre.com\/voitures\/mercedes-gla\/\" target=\"_blank\" rel=\"noopener\">Mercedes GLA : prix, autonomie, infos<\/a><\/li>\n<li><a href=\"https:\/\/www.fiches-auto.fr\/fiches-techniques\/hybrides\/f-115-mercedes-gla-250e-eq-218-ch.php\" target=\"_blank\" rel=\"noopener\">Fiche technique Mercedes GLA 250e EQ (2020)<\/a><\/li>\n<li><a href=\"https:\/\/www.caroom.fr\/guide\/marques\/mercedes\/quel-gla-choisir\/hybride-rechargeable\" target=\"_blank\" rel=\"noopener\">GLA hybride rechargeable : pr\u00e9sentation du mod\u00e8le<\/a><\/li>\n<li><a href=\"https:\/\/www.etoile35.mercedes-benz.fr\/passengercars\/models\/suv-gla.html\" target=\"_blank\" rel=\"noopener\">GLA &#8211; Bienvenue chez votre Distributeur Mercedes-Benz<\/a><\/li>\n<li><a href=\"https:\/\/www.latribuneauto.com\/reportages\/environnement\/11183-le-mercedes-gla-hybride-rechargeable-affiche-une-autonomie-electrique-de-64-71-km\" target=\"_blank\" rel=\"noopener\">Le Mercedes GLA hybride rechargeable affiche une autonomie \u00e9lectrique de 64-71 km<\/a><\/li>\n<\/ul>\n"}},{"acf_fc_layout":"text-simple","--nav":{"-withNav":false,"-ancre":""},"--group":{"-text":"<p><!--StartFragment --><\/p>\n<p class=\"pf0\"><strong><span class=\"cf0\">D\u00e9couvrez aussi :<\/span><\/strong><\/p>\n<ul>\n<li class=\"pf1\"><a href=\"https:\/\/www.bymycar.be\/webzine\/mercedes-gla-vs-bmw-x1-lequel-est-le-meilleur-suv-compact\/\"><span class=\"cf1\">Mercedes GLA vs BMW X1 : lequel est le meilleur SUV compact ?<\/span><\/a><\/li>\n<li class=\"pf1\"><a href=\"https:\/\/www.bymycar.be\/webzine\/mercedes-gla-motorisation-essence-diesel-ou-hybride\/\"><span class=\"cf1\">Mercedes GLA : motorisation essence, diesel ou hybride ?<\/span><\/a><\/li>\n<li class=\"pf1\"><a href=\"https:\/\/www.bymycar.be\/webzine\/acheter-une-mercedes-gla-doccasion-les-conseils-de-nos-experts-bymycar\/\"><span class=\"cf1\">Acheter une Mercedes GLA d\u2019occasion : les conseils de nos experts <\/span><span class=\"cf1\">BYmyCAR<\/span><\/a><\/li>\n<li class=\"pf1\"><a href=\"https:\/\/www.bymycar.be\/webzine\/mercedes-gla-finition-quelle-version-offre-le-meilleur-rapport-qualite-prix\/\"><span class=\"cf1\">Mercedes GLA : quelle version offre le meilleur rapport qualit\u00e9\/prix ?<\/span><\/a><\/li>\n<li class=\"pf1\"><a href=\"https:\/\/www.bymycar.be\/webzine\/mercedes-benz-gla-4matic-la-transmission-integrale-qui-inspire-confiance\/\"><span class=\"cf1\">Mercedes GLA 4MATIC : quels sont les avantages de la transmission int\u00e9grale ?<\/span><\/a><\/li>\n<li class=\"pf1\"><a href=\"https:\/\/www.bymycar.be\/webzine\/mercedes-gla-amg-performances-et-polyvalence-dun-suv-sportif\/\"><span class=\"cf1\">Mercedes GLA AMG : la version sportive est-elle int\u00e9ressante ?<\/span><\/a><\/li>\n<\/ul>\n<p><!--EndFragment --><\/p>\n"}}]}},"yoast_head":"<!-- This site is optimized with the Yoast SEO Premium plugin v26.4 (Yoast SEO v27.1.1) - https:\/\/yoast.com\/product\/yoast-seo-premium-wordpress\/ -->\n<title>Mercedes GLA hybride rechargeable : est-ce un bon choix ? - Webzine BE | BYmyCAR<\/title>\n<meta name=\"robots\" content=\"index, follow, max-snippet:-1, max-image-preview:large, max-video-preview:-1\" \/>\n<link rel=\"canonical\" href=\"https:\/\/www.bymycar.be\/webzine\/mercedes-gla-hybride-rechargeable-est-ce-un-bon-choix\/\" \/>\n<meta property=\"og:locale\" content=\"fr_FR\" \/>\n<meta property=\"og:type\" content=\"article\" \/>\n<meta property=\"og:title\" content=\"Mercedes GLA hybride rechargeable : est-ce un bon choix ?\" \/>\n<meta property=\"og:url\" content=\"https:\/\/www.bymycar.be\/webzine\/mercedes-gla-hybride-rechargeable-est-ce-un-bon-choix\/\" \/>\n<meta property=\"og:site_name\" content=\"Webzine BE | BYmyCAR\" \/>\n<meta property=\"article:publisher\" content=\"https:\/\/www.facebook.com\/BYmyCAR.officiel\/\" \/>\n<meta property=\"article:published_time\" content=\"2025-12-02T16:14:38+00:00\" \/>\n<meta property=\"article:modified_time\" content=\"2025-12-03T08:46:33+00:00\" \/>\n<meta name=\"author\" content=\"Tom Fernandes\" \/>\n<meta name=\"twitter:card\" content=\"summary_large_image\" \/>\n<meta name=\"twitter:label1\" content=\"\u00c9crit par\" \/>\n\t<meta name=\"twitter:data1\" content=\"Tom Fernandes\" \/>\n<script type=\"application\/ld+json\" class=\"yoast-schema-graph\">{\"@context\":\"https:\/\/schema.org\",\"@graph\":[{\"@type\":\"Article\",\"@id\":\"https:\/\/www.bymycar.be\/webzine\/mercedes-gla-hybride-rechargeable-est-ce-un-bon-choix\/#article\",\"isPartOf\":{\"@id\":\"https:\/\/www.bymycar.be\/webzine\/mercedes-gla-hybride-rechargeable-est-ce-un-bon-choix\/\"},\"author\":{\"name\":\"Tom Fernandes\",\"@id\":\"https:\/\/www.bymycar.be\/webzine\/nl\/#\/schema\/person\/6cd99e624bbd64604349ff20ee1ed853\"},\"headline\":\"Mercedes GLA hybride rechargeable : est-ce un bon choix ?\",\"datePublished\":\"2025-12-02T16:14:38+00:00\",\"dateModified\":\"2025-12-03T08:46:33+00:00\",\"mainEntityOfPage\":{\"@id\":\"https:\/\/www.bymycar.be\/webzine\/mercedes-gla-hybride-rechargeable-est-ce-un-bon-choix\/\"},\"wordCount\":8,\"publisher\":{\"@id\":\"https:\/\/www.bymycar.be\/webzine\/nl\/#organization\"},\"articleSection\":[\"Guide d'achat Mercedes\"],\"inLanguage\":\"fr-FR\"},{\"@type\":\"WebPage\",\"@id\":\"https:\/\/www.bymycar.be\/webzine\/mercedes-gla-hybride-rechargeable-est-ce-un-bon-choix\/\",\"url\":\"https:\/\/www.bymycar.be\/webzine\/mercedes-gla-hybride-rechargeable-est-ce-un-bon-choix\/\",\"name\":\"Mercedes GLA hybride rechargeable : est-ce un bon choix ? - Webzine BE | BYmyCAR\",\"isPartOf\":{\"@id\":\"https:\/\/www.bymycar.be\/webzine\/nl\/#website\"},\"datePublished\":\"2025-12-02T16:14:38+00:00\",\"dateModified\":\"2025-12-03T08:46:33+00:00\",\"breadcrumb\":{\"@id\":\"https:\/\/www.bymycar.be\/webzine\/mercedes-gla-hybride-rechargeable-est-ce-un-bon-choix\/#breadcrumb\"},\"inLanguage\":\"fr-FR\",\"potentialAction\":[{\"@type\":\"ReadAction\",\"target\":[\"https:\/\/www.bymycar.be\/webzine\/mercedes-gla-hybride-rechargeable-est-ce-un-bon-choix\/\"]}]},{\"@type\":\"BreadcrumbList\",\"@id\":\"https:\/\/www.bymycar.be\/webzine\/mercedes-gla-hybride-rechargeable-est-ce-un-bon-choix\/#breadcrumb\",\"itemListElement\":[{\"@type\":\"ListItem\",\"position\":1,\"name\":\"Accueil\",\"item\":\"https:\/\/www.bymycar.be\/webzine\/\"},{\"@type\":\"ListItem\",\"position\":2,\"name\":\"Mercedes GLA hybride rechargeable : est-ce un bon choix ?\"}]},{\"@type\":\"WebSite\",\"@id\":\"https:\/\/www.bymycar.be\/webzine\/nl\/#website\",\"url\":\"https:\/\/www.bymycar.be\/webzine\/nl\/\",\"name\":\"Webzine | BYmyCAR\",\"description\":\"_Le webzine auto de\",\"publisher\":{\"@id\":\"https:\/\/www.bymycar.be\/webzine\/nl\/#organization\"},\"potentialAction\":[{\"@type\":\"SearchAction\",\"target\":{\"@type\":\"EntryPoint\",\"urlTemplate\":\"https:\/\/www.bymycar.be\/webzine\/nl\/?s={search_term_string}\"},\"query-input\":{\"@type\":\"PropertyValueSpecification\",\"valueRequired\":true,\"valueName\":\"search_term_string\"}}],\"inLanguage\":\"fr-FR\"},{\"@type\":\"Organization\",\"@id\":\"https:\/\/www.bymycar.be\/webzine\/nl\/#organization\",\"name\":\"Webzine | BYmyCAR\",\"url\":\"https:\/\/www.bymycar.be\/webzine\/nl\/\",\"logo\":{\"@type\":\"ImageObject\",\"inLanguage\":\"fr-FR\",\"@id\":\"https:\/\/www.bymycar.be\/webzine\/nl\/#\/schema\/logo\/image\/\",\"url\":\"https:\/\/cdn.bymycar.eu\/be-webzine\/wp-content\/uploads\/2024\/11\/20203047\/logo.png\",\"contentUrl\":\"https:\/\/cdn.bymycar.eu\/be-webzine\/wp-content\/uploads\/2024\/11\/20203047\/logo.png\",\"width\":1280,\"height\":512,\"caption\":\"Webzine | BYmyCAR\"},\"image\":{\"@id\":\"https:\/\/www.bymycar.be\/webzine\/nl\/#\/schema\/logo\/image\/\"},\"sameAs\":[\"https:\/\/www.facebook.com\/BYmyCAR.officiel\/\",\"https:\/\/www.instagram.com\/bymycar.officiel\/\"]},{\"@type\":\"Person\",\"@id\":\"https:\/\/www.bymycar.be\/webzine\/nl\/#\/schema\/person\/6cd99e624bbd64604349ff20ee1ed853\",\"name\":\"Tom Fernandes\",\"image\":{\"@type\":\"ImageObject\",\"inLanguage\":\"fr-FR\",\"@id\":\"https:\/\/www.bymycar.be\/webzine\/nl\/#\/schema\/person\/image\/\",\"url\":\"https:\/\/secure.gravatar.com\/avatar\/81b17c0cc5a6f1f7f394984269a7cbad9c7cca9604839da024242cf665051fbf?s=96&d=mm&r=g\",\"contentUrl\":\"https:\/\/secure.gravatar.com\/avatar\/81b17c0cc5a6f1f7f394984269a7cbad9c7cca9604839da024242cf665051fbf?s=96&d=mm&r=g\",\"caption\":\"Tom Fernandes\"}}]}<\/script>\n<!-- \/ Yoast SEO Premium plugin. -->","yoast_head_json":{"title":"Mercedes GLA hybride rechargeable : est-ce un bon choix ? - Webzine BE | BYmyCAR","robots":{"index":"index","follow":"follow","max-snippet":"max-snippet:-1","max-image-preview":"max-image-preview:large","max-video-preview":"max-video-preview:-1"},"canonical":"https:\/\/www.bymycar.be\/webzine\/mercedes-gla-hybride-rechargeable-est-ce-un-bon-choix\/","og_locale":"fr_FR","og_type":"article","og_title":"Mercedes GLA hybride rechargeable : est-ce un bon choix ?","og_url":"https:\/\/www.bymycar.be\/webzine\/mercedes-gla-hybride-rechargeable-est-ce-un-bon-choix\/","og_site_name":"Webzine BE | BYmyCAR","article_publisher":"https:\/\/www.facebook.com\/BYmyCAR.officiel\/","article_published_time":"2025-12-02T16:14:38+00:00","article_modified_time":"2025-12-03T08:46:33+00:00","author":"Tom Fernandes","twitter_card":"summary_large_image","twitter_misc":{"\u00c9crit par":"Tom Fernandes"},"schema":{"@context":"https:\/\/schema.org","@graph":[{"@type":"Article","@id":"https:\/\/www.bymycar.be\/webzine\/mercedes-gla-hybride-rechargeable-est-ce-un-bon-choix\/#article","isPartOf":{"@id":"https:\/\/www.bymycar.be\/webzine\/mercedes-gla-hybride-rechargeable-est-ce-un-bon-choix\/"},"author":{"name":"Tom Fernandes","@id":"https:\/\/www.bymycar.be\/webzine\/nl\/#\/schema\/person\/6cd99e624bbd64604349ff20ee1ed853"},"headline":"Mercedes GLA hybride rechargeable : est-ce un bon choix ?","datePublished":"2025-12-02T16:14:38+00:00","dateModified":"2025-12-03T08:46:33+00:00","mainEntityOfPage":{"@id":"https:\/\/www.bymycar.be\/webzine\/mercedes-gla-hybride-rechargeable-est-ce-un-bon-choix\/"},"wordCount":8,"publisher":{"@id":"https:\/\/www.bymycar.be\/webzine\/nl\/#organization"},"articleSection":["Guide d'achat Mercedes"],"inLanguage":"fr-FR"},{"@type":"WebPage","@id":"https:\/\/www.bymycar.be\/webzine\/mercedes-gla-hybride-rechargeable-est-ce-un-bon-choix\/","url":"https:\/\/www.bymycar.be\/webzine\/mercedes-gla-hybride-rechargeable-est-ce-un-bon-choix\/","name":"Mercedes GLA hybride rechargeable : est-ce un bon choix ? - Webzine BE | BYmyCAR","isPartOf":{"@id":"https:\/\/www.bymycar.be\/webzine\/nl\/#website"},"datePublished":"2025-12-02T16:14:38+00:00","dateModified":"2025-12-03T08:46:33+00:00","breadcrumb":{"@id":"https:\/\/www.bymycar.be\/webzine\/mercedes-gla-hybride-rechargeable-est-ce-un-bon-choix\/#breadcrumb"},"inLanguage":"fr-FR","potentialAction":[{"@type":"ReadAction","target":["https:\/\/www.bymycar.be\/webzine\/mercedes-gla-hybride-rechargeable-est-ce-un-bon-choix\/"]}]},{"@type":"BreadcrumbList","@id":"https:\/\/www.bymycar.be\/webzine\/mercedes-gla-hybride-rechargeable-est-ce-un-bon-choix\/#breadcrumb","itemListElement":[{"@type":"ListItem","position":1,"name":"Accueil","item":"https:\/\/www.bymycar.be\/webzine\/"},{"@type":"ListItem","position":2,"name":"Mercedes GLA hybride rechargeable : est-ce un bon choix ?"}]},{"@type":"WebSite","@id":"https:\/\/www.bymycar.be\/webzine\/nl\/#website","url":"https:\/\/www.bymycar.be\/webzine\/nl\/","name":"Webzine | BYmyCAR","description":"_Le webzine auto de","publisher":{"@id":"https:\/\/www.bymycar.be\/webzine\/nl\/#organization"},"potentialAction":[{"@type":"SearchAction","target":{"@type":"EntryPoint","urlTemplate":"https:\/\/www.bymycar.be\/webzine\/nl\/?s={search_term_string}"},"query-input":{"@type":"PropertyValueSpecification","valueRequired":true,"valueName":"search_term_string"}}],"inLanguage":"fr-FR"},{"@type":"Organization","@id":"https:\/\/www.bymycar.be\/webzine\/nl\/#organization","name":"Webzine | BYmyCAR","url":"https:\/\/www.bymycar.be\/webzine\/nl\/","logo":{"@type":"ImageObject","inLanguage":"fr-FR","@id":"https:\/\/www.bymycar.be\/webzine\/nl\/#\/schema\/logo\/image\/","url":"https:\/\/cdn.bymycar.eu\/be-webzine\/wp-content\/uploads\/2024\/11\/20203047\/logo.png","contentUrl":"https:\/\/cdn.bymycar.eu\/be-webzine\/wp-content\/uploads\/2024\/11\/20203047\/logo.png","width":1280,"height":512,"caption":"Webzine | BYmyCAR"},"image":{"@id":"https:\/\/www.bymycar.be\/webzine\/nl\/#\/schema\/logo\/image\/"},"sameAs":["https:\/\/www.facebook.com\/BYmyCAR.officiel\/","https:\/\/www.instagram.com\/bymycar.officiel\/"]},{"@type":"Person","@id":"https:\/\/www.bymycar.be\/webzine\/nl\/#\/schema\/person\/6cd99e624bbd64604349ff20ee1ed853","name":"Tom Fernandes","image":{"@type":"ImageObject","inLanguage":"fr-FR","@id":"https:\/\/www.bymycar.be\/webzine\/nl\/#\/schema\/person\/image\/","url":"https:\/\/secure.gravatar.com\/avatar\/81b17c0cc5a6f1f7f394984269a7cbad9c7cca9604839da024242cf665051fbf?s=96&d=mm&r=g","contentUrl":"https:\/\/secure.gravatar.com\/avatar\/81b17c0cc5a6f1f7f394984269a7cbad9c7cca9604839da024242cf665051fbf?s=96&d=mm&r=g","caption":"Tom Fernandes"}}]}},"_links":{"self":[{"href":"https:\/\/www.bymycar.be\/webzine\/wp-json\/wp\/v2\/posts\/5380","targetHints":{"allow":["GET"]}}],"collection":[{"href":"https:\/\/www.bymycar.be\/webzine\/wp-json\/wp\/v2\/posts"}],"about":[{"href":"https:\/\/www.bymycar.be\/webzine\/wp-json\/wp\/v2\/types\/post"}],"author":[{"embeddable":true,"href":"https:\/\/www.bymycar.be\/webzine\/wp-json\/wp\/v2\/users\/17"}],"replies":[{"embeddable":true,"href":"https:\/\/www.bymycar.be\/webzine\/wp-json\/wp\/v2\/comments?post=5380"}],"version-history":[{"count":4,"href":"https:\/\/www.bymycar.be\/webzine\/wp-json\/wp\/v2\/posts\/5380\/revisions"}],"predecessor-version":[{"id":5405,"href":"https:\/\/www.bymycar.be\/webzine\/wp-json\/wp\/v2\/posts\/5380\/revisions\/5405"}],"wp:attachment":[{"href":"https:\/\/www.bymycar.be\/webzine\/wp-json\/wp\/v2\/media?parent=5380"}],"wp:term":[{"taxonomy":"category","embeddable":true,"href":"https:\/\/www.bymycar.be\/webzine\/wp-json\/wp\/v2\/categories?post=5380"},{"taxonomy":"post_tag","embeddable":true,"href":"https:\/\/www.bymycar.be\/webzine\/wp-json\/wp\/v2\/tags?post=5380"}],"curies":[{"name":"wp","href":"https:\/\/api.w.org\/{rel}","templated":true}]}}