{"id":5373,"date":"2025-12-02T15:40:33","date_gmt":"2025-12-02T14:40:33","guid":{"rendered":"https:\/\/www.bymycar.be\/webzine\/?p=5373"},"modified":"2025-12-03T09:45:22","modified_gmt":"2025-12-03T08:45:22","slug":"mercedes-gla-finition-quelle-version-offre-le-meilleur-rapport-qualite-prix","status":"publish","type":"post","link":"https:\/\/www.bymycar.be\/webzine\/mercedes-gla-finition-quelle-version-offre-le-meilleur-rapport-qualite-prix\/","title":{"rendered":"Mercedes GLA finition : quelle version offre le meilleur rapport qualit\u00e9\/prix ?"},"content":{"rendered":"","protected":false},"excerpt":{"rendered":"","protected":false},"author":17,"featured_media":0,"comment_status":"closed","ping_status":"closed","sticky":false,"template":"","format":"standard","meta":{"_acf_changed":false,"footnotes":""},"categories":[1458],"tags":[],"class_list":["post-5373","post","type-post","status-publish","format-standard","hentry","category-guide-dachat-mercedes"],"acf":{"image":{"ID":5374,"id":5374,"title":"eo0t0618 (1)","filename":"eo0t0618-1-scaled.jpg","filesize":320857,"url":"https:\/\/cdn.bymycar.eu\/be-webzine\/wp-content\/uploads\/2025\/12\/02153719\/eo0t0618-1-scaled.jpg","link":"https:\/\/www.bymycar.be\/webzine\/mercedes-gla-finition-quelle-version-offre-le-meilleur-rapport-qualite-prix\/eo0t0618-1\/","alt":"Mercedes GLA","author":"17","description":"","caption":"","name":"eo0t0618-1","status":"inherit","uploaded_to":5373,"date":"2025-12-02 14:37:10","modified":"2025-12-02 14:37:39","menu_order":0,"mime_type":"image\/jpeg","type":"image","subtype":"jpeg","icon":"https:\/\/www.bymycar.be\/webzine\/wp-includes\/images\/media\/default.png","width":2560,"height":1707,"sizes":{"thumbnail":"https:\/\/cdn.bymycar.eu\/be-webzine\/wp-content\/uploads\/2025\/12\/02153719\/eo0t0618-1-150x150.jpg","thumbnail-width":150,"thumbnail-height":150,"medium":"https:\/\/cdn.bymycar.eu\/be-webzine\/wp-content\/uploads\/2025\/12\/02153719\/eo0t0618-1-300x200.jpg","medium-width":300,"medium-height":200,"medium_large":"https:\/\/cdn.bymycar.eu\/be-webzine\/wp-content\/uploads\/2025\/12\/02153719\/eo0t0618-1-768x512.jpg","medium_large-width":768,"medium_large-height":512,"large":"https:\/\/cdn.bymycar.eu\/be-webzine\/wp-content\/uploads\/2025\/12\/02153719\/eo0t0618-1-1024x683.jpg","large-width":1024,"large-height":683,"1536x1536":"https:\/\/cdn.bymycar.eu\/be-webzine\/wp-content\/uploads\/2025\/12\/02153719\/eo0t0618-1-1536x1024.jpg","1536x1536-width":1536,"1536x1536-height":1024,"2048x2048":"https:\/\/cdn.bymycar.eu\/be-webzine\/wp-content\/uploads\/2025\/12\/02153719\/eo0t0618-1-2048x1365.jpg","2048x2048-width":2048,"2048x2048-height":1365}},"introduction":"<p>Vous recherchez le SUV compact <a href=\"https:\/\/www.bymycar.be\/fr\/v\/mercedes-gla\">Mercedes GLA<\/a> id\u00e9al ? Pour faire le bon choix, d\u00e9couvrez les diff\u00e9rentes finitions et motorisations adapt\u00e9es \u00e0 votre usage quotidien. Que vous privil\u00e9giez l&rsquo;\u00e9conomie \u00e0 l&rsquo;usage, la performance ou l&rsquo;aspect \u00e9cologique, nos conseillers BYmyCAR vous accompagnent pour identifier la version du Mercedes GLA qui correspond parfaitement \u00e0 vos besoins et \u00e0 vos attentes.<\/p>\n<p>&nbsp;<\/p>\n<p style=\"text-align: center;\"><a href=\"https:\/\/www.bymycar.be\/webzine\/pourquoi-choisir-un-mercedes-gla\/\"  class=\"css-button css-button--gold\" >\n                Tout savoir sur la Mercedes GLA\n        <\/a><\/p>\n","add-to-bo":false,"page_content":{"block_content":[{"acf_fc_layout":"carousel-produits"},{"acf_fc_layout":"text-simple","--nav":{"-withNav":false,"-ancre":""},"--group":{"-text":"<h2>Mercedes GLA : comment choisir la bonne finition ?<\/h2>\n<h3>Crit\u00e8res d&rsquo;\u00e9valuation<\/h3>\n<p>Pour s\u00e9lectionner la finition id\u00e9ale de votre Mercedes-Benz GLA, plusieurs crit\u00e8res essentiels doivent \u00eatre consid\u00e9r\u00e9s. La polyvalence du v\u00e9hicule d\u00e9termine son adaptation \u00e0 vos besoins quotidiens, tandis que la fiabilit\u00e9 reste un atout majeur des motorisations propos\u00e9es. L&rsquo;\u00e9conomie de carburant varie selon la motorisation choisie, avec des consommations optimis\u00e9es sur les versions diesel et hybrides rechargeables. Les aides \u00e0 la conduite, comme l&rsquo;assistant de franchissement de ligne actif ou l&rsquo;assistant d&rsquo;angle mort, renforcent votre s\u00e9curit\u00e9 au quotidien.<\/p>\n<h3>\u00c9quipement de s\u00e9rie et options disponibles<\/h3>\n<p>Le Mercedes-Benz GLA se distingue par ses technologies de pointe int\u00e9gr\u00e9es selon les finitions. La cam\u00e9ra de recul facilite vos man\u0153uvres quotidiennes, tandis que le syst\u00e8me MBUX (Mercedes-Benz User Experience) constitue le c\u0153ur technologique du v\u00e9hicule avec son \u00e9cran tactile de 10,25&Prime;, sa navigation intelligente et son assistant vocal activable par \u00ab\u00a0Hey Mercedes\u00a0\u00bb.<\/p>\n<table>\n<thead>\n<tr>\n<th>Finition<\/th>\n<th>Points forts<\/th>\n<th>Id\u00e9al pour<\/th>\n<\/tr>\n<\/thead>\n<tbody>\n<tr>\n<td>Progressive Line<\/td>\n<td>\u00c9cran MBUX, climatisation bi-zone, projecteurs LED<\/td>\n<td>Usage polyvalent<\/td>\n<\/tr>\n<tr>\n<td>AMG Line<\/td>\n<td>Si\u00e8ges sport, volant Nappa, recharge sans fil<\/td>\n<td>Conducteurs dynamiques<\/td>\n<\/tr>\n<tr>\n<td>Edition<\/td>\n<td>Pack technologique complet, aide au stationnement<\/td>\n<td>Amateurs de confort<\/td>\n<\/tr>\n<\/tbody>\n<\/table>\n<p>Pour d\u00e9couvrir l&rsquo;ensemble des \u00e9quipements disponibles sur le <a href=\"https:\/\/www.bymycar.be\/fr\/marques\/mercedes-benz\/gla\">Mercedes-Benz GLA<\/a>, consultez nos conseillers BYmyCAR qui vous guideront vers la finition adapt\u00e9e \u00e0 vos besoins.<\/p>\n<h2>Quelles finitions pour la Mercedes GLA ?<\/h2>\n<h3>Progressive Line<\/h3>\n<p>La finition Progressive Line constitue l&rsquo;entr\u00e9e de gamme du Mercedes GLA avec un \u00e9quipement d\u00e9j\u00e0 complet. Elle se distingue par son syst\u00e8me de navigation MBUX Premium, ses projecteurs LED adaptatifs et sa cam\u00e9ra de recul. Les jantes en alliage de 18 pouces et la climatisation automatique bi-zone offrent un excellent compromis entre \u00e9l\u00e9gance et fonctionnalit\u00e9.<\/p>\n<h3>Mercedes GLA finition Business<\/h3>\n<p>Sp\u00e9cialement con\u00e7ue pour les professionnels, la finition Business ajoute des \u00e9quipements pratiques au quotidien. Elle b\u00e9n\u00e9ficie du Pack stationnement avec cam\u00e9ra de recul, d&rsquo;un chargeur \u00e0 induction pour smartphone et d&rsquo;un syst\u00e8me de navigation MBUX optimis\u00e9. Cette version privil\u00e9gie le confort et la fonctionnalit\u00e9 pour les longs trajets professionnels.<\/p>\n<h3>Mercedes GLA Star Edition<\/h3>\n<p>La Star Edition propose une pr\u00e9sentation ext\u00e9rieure plus raffin\u00e9e avec sa calandre \u00e0 l&rsquo;\u00e9toile distinctive et ses feux arri\u00e8re full LED. \u00c0 bord, vous appr\u00e9cierez le toit ouvrant panoramique, le hayon \u00e9lectrique et la console centrale redessin\u00e9e. Cette finition \u00e9quilibr\u00e9e offre un excellent rapport \u00e9quipement\/prix pour une exp\u00e9rience premium.<\/p>\n<h3>Mercedes GLA finition AMG<\/h3>\n<p>La finition AMG apporte une touche sportive avec son kit carrosserie AMG distinctif, ses jantes en alliage de 19 pouces et son ch\u00e2ssis abaiss\u00e9. \u00c0 l&rsquo;int\u00e9rieur, les si\u00e8ges sport, le volant sport multifonction en cuir Nappa et l&rsquo;\u00e9clairage d&rsquo;ambiance cr\u00e9ent une atmosph\u00e8re dynamique. Le pack confort KEYLESS-GO compl\u00e8te cet \u00e9quipement haut de gamme.<\/p>\n<h3>Mercedes GLA finition Fascination<\/h3>\n<p>Au sommet de la gamme, la finition Fascination se distingue par son raffinement exceptionnel. Elle int\u00e8gre le toit ouvrant panoramique, les pneus \u00e0 roulage \u00e0 plat et le pack \u00ab\u00a0conduite dynamique\u00a0\u00bb. La direction param\u00e9trique Sport, les inserts d\u00e9coratifs luxueux et les vitres surteint\u00e9es parach\u00e8vent cette version hautement \u00e9quip\u00e9e.<\/p>\n<p>Quelle que soit la finition qui vous attire, nos conseillers BYmyCAR sont \u00e0 votre disposition pour vous accompagner dans la configuration de votre Mercedes GLA selon vos besoins et pr\u00e9f\u00e9rences.<\/p>\n<h2>Motorisations et usages recommand\u00e9s<\/h2>\n<h3>Diesel : GLA 200d et 220d<\/h3>\n<p>Les motorisations diesel du Mercedes GLA s\u00e9duisent par leur polyvalence et leur efficience remarquable. Le GLA 200d (150 ch) offre une consommation moyenne entre 5,5 et 6,3 l\/100 km, id\u00e9ale pour les longs trajets autoroutiers. Son couple g\u00e9n\u00e9reux assure des reprises franches en toute situation. Le GLA 220d, avec sa puissance sup\u00e9rieure (190 ch) et disponible en version 4MATIC, apporte une s\u00e9curit\u00e9 accrue gr\u00e2ce \u00e0 sa transmission int\u00e9grale, particuli\u00e8rement appr\u00e9ciable sur routes glissantes ou en montagne.<\/p>\n<h3>Essence : GLA 180 et 200<\/h3>\n<p>Les versions essence se distinguent par leur agr\u00e9ment de conduite en milieu urbain. Le GLA 180 (122 ch) offre une consommation ma\u00eetris\u00e9e et une maniabilit\u00e9 parfaite pour la ville. Le GLA 200 (163 ch) propose un meilleur compromis ville-route avec des reprises plus dynamiques. Ces motorisations sont \u00e9quip\u00e9es de l&rsquo;assistant au freinage d&rsquo;urgence, garantissant une s\u00e9curit\u00e9 optimale lors de vos d\u00e9placements quotidiens.<\/p>\n<h3>Hybride rechargeable : GLA 250e<\/h3>\n<p>Le GLA 250e combine un moteur essence et un moteur \u00e9lectrique pour une puissance cumul\u00e9e de 218 ch. Avec plus de 60 km d&rsquo;autonomie en mode 100% \u00e9lectrique et une batterie de 15,6 kWh, il s&rsquo;av\u00e8re parfait pour les trajets urbains quotidiens tout en r\u00e9duisant consid\u00e9rablement votre empreinte carbone. Sa recharge rapide et son co\u00fbt d&rsquo;usage r\u00e9duit en font un choix judicieux pour les conducteurs \u00e9co-responsables.<\/p>\n<p>Nos conseillers BYmyCAR sont \u00e0 votre disposition pour vous proposer un essai et confirmer votre choix de motorisation selon vos besoins sp\u00e9cifiques.<\/p>\n<h2>FAQ Mercedes GLA finition<\/h2>\n<h3>Quel est le Mercedes GLA le plus fiable ?<\/h3>\n<p>Le GLA 200d de <a href=\"https:\/\/www.bymycar.be\/fr\/v\/mercedes\">Mercedes<\/a> se distingue comme le mod\u00e8le le plus fiable, particuli\u00e8rement les versions produites apr\u00e8s 2020. Les conducteurs \u00e0 la recherche d&rsquo;un SUV compact robuste appr\u00e9cieront sa durabilit\u00e9 \u00e9prouv\u00e9e et son excellent comportement routier. N&rsquo;h\u00e9sitez pas \u00e0 consulter nos conseillers BYmyCAR pour plus d&rsquo;informations.<\/p>\n<h3>Quel moteur choisir pour une Mercedes GLA ?<\/h3>\n<p>Le choix du moteur d\u00e9pend de votre usage quotidien. Pour la ville, privil\u00e9giez le GLA 180\/200 essence ou le 250e hybride rechargeable. Pour les longs trajets, le GLA 200d ou 220d offre un excellent compromis entre performances et sobri\u00e9t\u00e9. Nos conseillers BYmyCAR vous guideront vers la motorisation id\u00e9ale pour vos besoins.<\/p>\n<h3>Quelle finition Mercedes GLA offre le meilleur rapport qualit\u00e9\/prix ?<\/h3>\n<p>La finition Progressive Line et la Star Edition offrent un excellent rapport qualit\u00e9\/prix avec un \u00e9quipement complet d\u00e8s l&rsquo;origine. Pour les conducteurs recherchant un caract\u00e8re sportif, la finition AMG Line constitue \u00e9galement un choix judicieux. Nos conseillers BYmyCAR vous accompagnent pour identifier la version la plus adapt\u00e9e \u00e0 votre budget et vos attentes.<\/p>\n<p><strong>Sources :<\/strong><\/p>\n<ul>\n<li><a href=\"https:\/\/www.caroom.fr\/guide\/marques\/mercedes\/quel-gla-choisir\" target=\"_blank\" rel=\"noopener\">Quel Mercedes GLA choisir ? Dimensions, finitions &#8230;<\/a><\/li>\n<li><a href=\"https:\/\/bpmcars.fr\/actualites\/mercedes-gla-occasion-choisir-bpm\" target=\"_blank\" rel=\"noopener\">Mercedes GLA occasion : quelle version choisir ?<\/a><\/li>\n<li><a href=\"https:\/\/www.caradisiac.com\/fiabilite-du-mercedes-gla-la-maxi-fiche-occasion-de-caradisiac-187066.htm\" target=\"_blank\" rel=\"noopener\">Fiabilit\u00e9 du Mercedes GLA : la maxi-fiche occasion de Caradisiac<\/a><\/li>\n<li><a href=\"https:\/\/www.mercedes-benz.fr\/passengercars\/models\/suv\/gla\/overview.html\" target=\"_blank\" rel=\"noopener\">GLA \u2013 Mercedes-Benz France (fiche constructeur)<\/a><\/li>\n<li><a href=\"https:\/\/www.dreamster.fr\/mercedes-gla-modeles-problematiques-6-versions-a-eviter\/\" target=\"_blank\" rel=\"noopener\">Mercedes GLA mod\u00e8les probl\u00e9matiques : 6 versions \u00e0 \u00e9viter<\/a><\/li>\n<li><a href=\"https:\/\/zoomcar.fr\/mercedes-gla-hybride.html\" target=\"_blank\" rel=\"noopener\">Voitures Mercedes GLA hybride d\u2019occasion : 132 annonces<\/a><\/li>\n<\/ul>\n"}},{"acf_fc_layout":"text-simple","--nav":{"-withNav":false,"-ancre":""},"--group":{"-text":"<p><!--StartFragment --><\/p>\n<p class=\"pf0\"><strong><span class=\"cf0\">D\u00e9couvrez aussi :<\/span><\/strong><\/p>\n<ul>\n<li class=\"pf1\"><a href=\"https:\/\/www.bymycar.be\/webzine\/mercedes-gla-vs-bmw-x1-lequel-est-le-meilleur-suv-compact\/\"><span class=\"cf1\">Mercedes GLA vs BMW X1 : lequel est le meilleur SUV compact ?<\/span><\/a><\/li>\n<li class=\"pf1\"><a href=\"https:\/\/www.bymycar.be\/webzine\/mercedes-gla-motorisation-essence-diesel-ou-hybride\/\"><span class=\"cf1\">Mercedes GLA : motorisation essence, diesel ou hybride ?<\/span><\/a><\/li>\n<li class=\"pf1\"><a href=\"https:\/\/www.bymycar.be\/webzine\/acheter-une-mercedes-gla-doccasion-les-conseils-de-nos-experts-bymycar\/\"><span class=\"cf1\">Acheter une Mercedes GLA d\u2019occasion : les conseils de nos experts <\/span><span class=\"cf1\">BYmyCAR<\/span><\/a><\/li>\n<li class=\"pf1\"><a href=\"https:\/\/www.bymycar.be\/webzine\/mercedes-benz-gla-4matic-la-transmission-integrale-qui-inspire-confiance\/\"><span class=\"cf1\">Mercedes GLA 4MATIC : quels sont les avantages de la transmission int\u00e9grale ?<\/span><\/a><\/li>\n<li class=\"pf1\"><a href=\"https:\/\/www.bymycar.be\/webzine\/mercedes-gla-hybride-rechargeable-est-ce-un-bon-choix\/\"><span class=\"cf1\">Mercedes GLA hybride rechargeable : est-ce un bon choix ?<\/span><\/a><\/li>\n<li class=\"pf1\"><a href=\"https:\/\/www.bymycar.be\/webzine\/mercedes-gla-amg-performances-et-polyvalence-dun-suv-sportif\/\"><span class=\"cf1\">Mercedes GLA AMG : la version sportive est-elle int\u00e9ressante ?<\/span><\/a><\/li>\n<\/ul>\n<p><!--EndFragment --><\/p>\n"}}]}},"yoast_head":"<!-- This site is optimized with the Yoast SEO Premium plugin v26.4 (Yoast SEO v27.1.1) - https:\/\/yoast.com\/product\/yoast-seo-premium-wordpress\/ -->\n<title>Mercedes GLA finition : quelle version offre le meilleur rapport qualit\u00e9\/prix ? - Webzine BE | BYmyCAR<\/title>\n<meta name=\"robots\" content=\"index, follow, max-snippet:-1, max-image-preview:large, max-video-preview:-1\" \/>\n<link rel=\"canonical\" href=\"https:\/\/www.bymycar.be\/webzine\/mercedes-gla-finition-quelle-version-offre-le-meilleur-rapport-qualite-prix\/\" \/>\n<meta property=\"og:locale\" content=\"fr_FR\" \/>\n<meta property=\"og:type\" content=\"article\" \/>\n<meta property=\"og:title\" content=\"Mercedes GLA finition : quelle version offre le meilleur rapport qualit\u00e9\/prix ?\" \/>\n<meta property=\"og:url\" content=\"https:\/\/www.bymycar.be\/webzine\/mercedes-gla-finition-quelle-version-offre-le-meilleur-rapport-qualite-prix\/\" \/>\n<meta property=\"og:site_name\" content=\"Webzine BE | BYmyCAR\" \/>\n<meta property=\"article:publisher\" content=\"https:\/\/www.facebook.com\/BYmyCAR.officiel\/\" \/>\n<meta property=\"article:published_time\" content=\"2025-12-02T14:40:33+00:00\" \/>\n<meta property=\"article:modified_time\" content=\"2025-12-03T08:45:22+00:00\" \/>\n<meta name=\"author\" content=\"Tom Fernandes\" \/>\n<meta name=\"twitter:card\" content=\"summary_large_image\" \/>\n<meta name=\"twitter:label1\" content=\"\u00c9crit par\" \/>\n\t<meta name=\"twitter:data1\" content=\"Tom Fernandes\" \/>\n<script type=\"application\/ld+json\" class=\"yoast-schema-graph\">{\"@context\":\"https:\/\/schema.org\",\"@graph\":[{\"@type\":\"Article\",\"@id\":\"https:\/\/www.bymycar.be\/webzine\/mercedes-gla-finition-quelle-version-offre-le-meilleur-rapport-qualite-prix\/#article\",\"isPartOf\":{\"@id\":\"https:\/\/www.bymycar.be\/webzine\/mercedes-gla-finition-quelle-version-offre-le-meilleur-rapport-qualite-prix\/\"},\"author\":{\"name\":\"Tom Fernandes\",\"@id\":\"https:\/\/www.bymycar.be\/webzine\/nl\/#\/schema\/person\/6cd99e624bbd64604349ff20ee1ed853\"},\"headline\":\"Mercedes GLA finition : quelle version offre le meilleur rapport qualit\u00e9\/prix ?\",\"datePublished\":\"2025-12-02T14:40:33+00:00\",\"dateModified\":\"2025-12-03T08:45:22+00:00\",\"mainEntityOfPage\":{\"@id\":\"https:\/\/www.bymycar.be\/webzine\/mercedes-gla-finition-quelle-version-offre-le-meilleur-rapport-qualite-prix\/\"},\"wordCount\":11,\"publisher\":{\"@id\":\"https:\/\/www.bymycar.be\/webzine\/nl\/#organization\"},\"articleSection\":[\"Guide d'achat Mercedes\"],\"inLanguage\":\"fr-FR\"},{\"@type\":\"WebPage\",\"@id\":\"https:\/\/www.bymycar.be\/webzine\/mercedes-gla-finition-quelle-version-offre-le-meilleur-rapport-qualite-prix\/\",\"url\":\"https:\/\/www.bymycar.be\/webzine\/mercedes-gla-finition-quelle-version-offre-le-meilleur-rapport-qualite-prix\/\",\"name\":\"Mercedes GLA finition : quelle version offre le meilleur rapport qualit\u00e9\/prix ? - Webzine BE | BYmyCAR\",\"isPartOf\":{\"@id\":\"https:\/\/www.bymycar.be\/webzine\/nl\/#website\"},\"datePublished\":\"2025-12-02T14:40:33+00:00\",\"dateModified\":\"2025-12-03T08:45:22+00:00\",\"breadcrumb\":{\"@id\":\"https:\/\/www.bymycar.be\/webzine\/mercedes-gla-finition-quelle-version-offre-le-meilleur-rapport-qualite-prix\/#breadcrumb\"},\"inLanguage\":\"fr-FR\",\"potentialAction\":[{\"@type\":\"ReadAction\",\"target\":[\"https:\/\/www.bymycar.be\/webzine\/mercedes-gla-finition-quelle-version-offre-le-meilleur-rapport-qualite-prix\/\"]}]},{\"@type\":\"BreadcrumbList\",\"@id\":\"https:\/\/www.bymycar.be\/webzine\/mercedes-gla-finition-quelle-version-offre-le-meilleur-rapport-qualite-prix\/#breadcrumb\",\"itemListElement\":[{\"@type\":\"ListItem\",\"position\":1,\"name\":\"Accueil\",\"item\":\"https:\/\/www.bymycar.be\/webzine\/\"},{\"@type\":\"ListItem\",\"position\":2,\"name\":\"Mercedes GLA finition : quelle version offre le meilleur rapport qualit\u00e9\/prix ?\"}]},{\"@type\":\"WebSite\",\"@id\":\"https:\/\/www.bymycar.be\/webzine\/nl\/#website\",\"url\":\"https:\/\/www.bymycar.be\/webzine\/nl\/\",\"name\":\"Webzine | BYmyCAR\",\"description\":\"_Le webzine auto de\",\"publisher\":{\"@id\":\"https:\/\/www.bymycar.be\/webzine\/nl\/#organization\"},\"potentialAction\":[{\"@type\":\"SearchAction\",\"target\":{\"@type\":\"EntryPoint\",\"urlTemplate\":\"https:\/\/www.bymycar.be\/webzine\/nl\/?s={search_term_string}\"},\"query-input\":{\"@type\":\"PropertyValueSpecification\",\"valueRequired\":true,\"valueName\":\"search_term_string\"}}],\"inLanguage\":\"fr-FR\"},{\"@type\":\"Organization\",\"@id\":\"https:\/\/www.bymycar.be\/webzine\/nl\/#organization\",\"name\":\"Webzine | BYmyCAR\",\"url\":\"https:\/\/www.bymycar.be\/webzine\/nl\/\",\"logo\":{\"@type\":\"ImageObject\",\"inLanguage\":\"fr-FR\",\"@id\":\"https:\/\/www.bymycar.be\/webzine\/nl\/#\/schema\/logo\/image\/\",\"url\":\"https:\/\/cdn.bymycar.eu\/be-webzine\/wp-content\/uploads\/2024\/11\/20203047\/logo.png\",\"contentUrl\":\"https:\/\/cdn.bymycar.eu\/be-webzine\/wp-content\/uploads\/2024\/11\/20203047\/logo.png\",\"width\":1280,\"height\":512,\"caption\":\"Webzine | BYmyCAR\"},\"image\":{\"@id\":\"https:\/\/www.bymycar.be\/webzine\/nl\/#\/schema\/logo\/image\/\"},\"sameAs\":[\"https:\/\/www.facebook.com\/BYmyCAR.officiel\/\",\"https:\/\/www.instagram.com\/bymycar.officiel\/\"]},{\"@type\":\"Person\",\"@id\":\"https:\/\/www.bymycar.be\/webzine\/nl\/#\/schema\/person\/6cd99e624bbd64604349ff20ee1ed853\",\"name\":\"Tom Fernandes\",\"image\":{\"@type\":\"ImageObject\",\"inLanguage\":\"fr-FR\",\"@id\":\"https:\/\/www.bymycar.be\/webzine\/nl\/#\/schema\/person\/image\/\",\"url\":\"https:\/\/secure.gravatar.com\/avatar\/81b17c0cc5a6f1f7f394984269a7cbad9c7cca9604839da024242cf665051fbf?s=96&d=mm&r=g\",\"contentUrl\":\"https:\/\/secure.gravatar.com\/avatar\/81b17c0cc5a6f1f7f394984269a7cbad9c7cca9604839da024242cf665051fbf?s=96&d=mm&r=g\",\"caption\":\"Tom Fernandes\"}}]}<\/script>\n<!-- \/ Yoast SEO Premium plugin. -->","yoast_head_json":{"title":"Mercedes GLA finition : quelle version offre le meilleur rapport qualit\u00e9\/prix ? - Webzine BE | BYmyCAR","robots":{"index":"index","follow":"follow","max-snippet":"max-snippet:-1","max-image-preview":"max-image-preview:large","max-video-preview":"max-video-preview:-1"},"canonical":"https:\/\/www.bymycar.be\/webzine\/mercedes-gla-finition-quelle-version-offre-le-meilleur-rapport-qualite-prix\/","og_locale":"fr_FR","og_type":"article","og_title":"Mercedes GLA finition : quelle version offre le meilleur rapport qualit\u00e9\/prix ?","og_url":"https:\/\/www.bymycar.be\/webzine\/mercedes-gla-finition-quelle-version-offre-le-meilleur-rapport-qualite-prix\/","og_site_name":"Webzine BE | BYmyCAR","article_publisher":"https:\/\/www.facebook.com\/BYmyCAR.officiel\/","article_published_time":"2025-12-02T14:40:33+00:00","article_modified_time":"2025-12-03T08:45:22+00:00","author":"Tom Fernandes","twitter_card":"summary_large_image","twitter_misc":{"\u00c9crit par":"Tom Fernandes"},"schema":{"@context":"https:\/\/schema.org","@graph":[{"@type":"Article","@id":"https:\/\/www.bymycar.be\/webzine\/mercedes-gla-finition-quelle-version-offre-le-meilleur-rapport-qualite-prix\/#article","isPartOf":{"@id":"https:\/\/www.bymycar.be\/webzine\/mercedes-gla-finition-quelle-version-offre-le-meilleur-rapport-qualite-prix\/"},"author":{"name":"Tom Fernandes","@id":"https:\/\/www.bymycar.be\/webzine\/nl\/#\/schema\/person\/6cd99e624bbd64604349ff20ee1ed853"},"headline":"Mercedes GLA finition : quelle version offre le meilleur rapport qualit\u00e9\/prix ?","datePublished":"2025-12-02T14:40:33+00:00","dateModified":"2025-12-03T08:45:22+00:00","mainEntityOfPage":{"@id":"https:\/\/www.bymycar.be\/webzine\/mercedes-gla-finition-quelle-version-offre-le-meilleur-rapport-qualite-prix\/"},"wordCount":11,"publisher":{"@id":"https:\/\/www.bymycar.be\/webzine\/nl\/#organization"},"articleSection":["Guide d'achat Mercedes"],"inLanguage":"fr-FR"},{"@type":"WebPage","@id":"https:\/\/www.bymycar.be\/webzine\/mercedes-gla-finition-quelle-version-offre-le-meilleur-rapport-qualite-prix\/","url":"https:\/\/www.bymycar.be\/webzine\/mercedes-gla-finition-quelle-version-offre-le-meilleur-rapport-qualite-prix\/","name":"Mercedes GLA finition : quelle version offre le meilleur rapport qualit\u00e9\/prix ? - Webzine BE | BYmyCAR","isPartOf":{"@id":"https:\/\/www.bymycar.be\/webzine\/nl\/#website"},"datePublished":"2025-12-02T14:40:33+00:00","dateModified":"2025-12-03T08:45:22+00:00","breadcrumb":{"@id":"https:\/\/www.bymycar.be\/webzine\/mercedes-gla-finition-quelle-version-offre-le-meilleur-rapport-qualite-prix\/#breadcrumb"},"inLanguage":"fr-FR","potentialAction":[{"@type":"ReadAction","target":["https:\/\/www.bymycar.be\/webzine\/mercedes-gla-finition-quelle-version-offre-le-meilleur-rapport-qualite-prix\/"]}]},{"@type":"BreadcrumbList","@id":"https:\/\/www.bymycar.be\/webzine\/mercedes-gla-finition-quelle-version-offre-le-meilleur-rapport-qualite-prix\/#breadcrumb","itemListElement":[{"@type":"ListItem","position":1,"name":"Accueil","item":"https:\/\/www.bymycar.be\/webzine\/"},{"@type":"ListItem","position":2,"name":"Mercedes GLA finition : quelle version offre le meilleur rapport qualit\u00e9\/prix ?"}]},{"@type":"WebSite","@id":"https:\/\/www.bymycar.be\/webzine\/nl\/#website","url":"https:\/\/www.bymycar.be\/webzine\/nl\/","name":"Webzine | BYmyCAR","description":"_Le webzine auto de","publisher":{"@id":"https:\/\/www.bymycar.be\/webzine\/nl\/#organization"},"potentialAction":[{"@type":"SearchAction","target":{"@type":"EntryPoint","urlTemplate":"https:\/\/www.bymycar.be\/webzine\/nl\/?s={search_term_string}"},"query-input":{"@type":"PropertyValueSpecification","valueRequired":true,"valueName":"search_term_string"}}],"inLanguage":"fr-FR"},{"@type":"Organization","@id":"https:\/\/www.bymycar.be\/webzine\/nl\/#organization","name":"Webzine | BYmyCAR","url":"https:\/\/www.bymycar.be\/webzine\/nl\/","logo":{"@type":"ImageObject","inLanguage":"fr-FR","@id":"https:\/\/www.bymycar.be\/webzine\/nl\/#\/schema\/logo\/image\/","url":"https:\/\/cdn.bymycar.eu\/be-webzine\/wp-content\/uploads\/2024\/11\/20203047\/logo.png","contentUrl":"https:\/\/cdn.bymycar.eu\/be-webzine\/wp-content\/uploads\/2024\/11\/20203047\/logo.png","width":1280,"height":512,"caption":"Webzine | BYmyCAR"},"image":{"@id":"https:\/\/www.bymycar.be\/webzine\/nl\/#\/schema\/logo\/image\/"},"sameAs":["https:\/\/www.facebook.com\/BYmyCAR.officiel\/","https:\/\/www.instagram.com\/bymycar.officiel\/"]},{"@type":"Person","@id":"https:\/\/www.bymycar.be\/webzine\/nl\/#\/schema\/person\/6cd99e624bbd64604349ff20ee1ed853","name":"Tom Fernandes","image":{"@type":"ImageObject","inLanguage":"fr-FR","@id":"https:\/\/www.bymycar.be\/webzine\/nl\/#\/schema\/person\/image\/","url":"https:\/\/secure.gravatar.com\/avatar\/81b17c0cc5a6f1f7f394984269a7cbad9c7cca9604839da024242cf665051fbf?s=96&d=mm&r=g","contentUrl":"https:\/\/secure.gravatar.com\/avatar\/81b17c0cc5a6f1f7f394984269a7cbad9c7cca9604839da024242cf665051fbf?s=96&d=mm&r=g","caption":"Tom Fernandes"}}]}},"_links":{"self":[{"href":"https:\/\/www.bymycar.be\/webzine\/wp-json\/wp\/v2\/posts\/5373","targetHints":{"allow":["GET"]}}],"collection":[{"href":"https:\/\/www.bymycar.be\/webzine\/wp-json\/wp\/v2\/posts"}],"about":[{"href":"https:\/\/www.bymycar.be\/webzine\/wp-json\/wp\/v2\/types\/post"}],"author":[{"embeddable":true,"href":"https:\/\/www.bymycar.be\/webzine\/wp-json\/wp\/v2\/users\/17"}],"replies":[{"embeddable":true,"href":"https:\/\/www.bymycar.be\/webzine\/wp-json\/wp\/v2\/comments?post=5373"}],"version-history":[{"count":4,"href":"https:\/\/www.bymycar.be\/webzine\/wp-json\/wp\/v2\/posts\/5373\/revisions"}],"predecessor-version":[{"id":5404,"href":"https:\/\/www.bymycar.be\/webzine\/wp-json\/wp\/v2\/posts\/5373\/revisions\/5404"}],"wp:attachment":[{"href":"https:\/\/www.bymycar.be\/webzine\/wp-json\/wp\/v2\/media?parent=5373"}],"wp:term":[{"taxonomy":"category","embeddable":true,"href":"https:\/\/www.bymycar.be\/webzine\/wp-json\/wp\/v2\/categories?post=5373"},{"taxonomy":"post_tag","embeddable":true,"href":"https:\/\/www.bymycar.be\/webzine\/wp-json\/wp\/v2\/tags?post=5373"}],"curies":[{"name":"wp","href":"https:\/\/api.w.org\/{rel}","templated":true}]}}