{"id":5366,"date":"2025-12-02T15:30:38","date_gmt":"2025-12-02T14:30:38","guid":{"rendered":"https:\/\/www.bymycar.be\/webzine\/?p=5366"},"modified":"2025-12-03T09:44:00","modified_gmt":"2025-12-03T08:44:00","slug":"acheter-une-mercedes-gla-doccasion-les-conseils-de-nos-experts-bymycar","status":"publish","type":"post","link":"https:\/\/www.bymycar.be\/webzine\/acheter-une-mercedes-gla-doccasion-les-conseils-de-nos-experts-bymycar\/","title":{"rendered":"Acheter une Mercedes GLA d&rsquo;occasion : les conseils de nos experts BYmyCAR"},"content":{"rendered":"","protected":false},"excerpt":{"rendered":"","protected":false},"author":17,"featured_media":0,"comment_status":"closed","ping_status":"closed","sticky":false,"template":"","format":"standard","meta":{"_acf_changed":false,"footnotes":""},"categories":[1458],"tags":[],"class_list":["post-5366","post","type-post","status-publish","format-standard","hentry","category-guide-dachat-mercedes"],"acf":{"image":{"ID":5367,"id":5367,"title":"eo0t82411 (1)","filename":"eo0t82411-1-scaled.jpg","filesize":592893,"url":"https:\/\/cdn.bymycar.eu\/be-webzine\/wp-content\/uploads\/2025\/12\/02152601\/eo0t82411-1-scaled.jpg","link":"https:\/\/www.bymycar.be\/webzine\/acheter-une-mercedes-gla-doccasion-les-conseils-de-nos-experts-bymycar\/eo0t82411-1\/","alt":"Mercedes GLA","author":"17","description":"","caption":"","name":"eo0t82411-1","status":"inherit","uploaded_to":5366,"date":"2025-12-02 14:25:51","modified":"2025-12-02 14:26:16","menu_order":0,"mime_type":"image\/jpeg","type":"image","subtype":"jpeg","icon":"https:\/\/www.bymycar.be\/webzine\/wp-includes\/images\/media\/default.png","width":2560,"height":1707,"sizes":{"thumbnail":"https:\/\/cdn.bymycar.eu\/be-webzine\/wp-content\/uploads\/2025\/12\/02152601\/eo0t82411-1-150x150.jpg","thumbnail-width":150,"thumbnail-height":150,"medium":"https:\/\/cdn.bymycar.eu\/be-webzine\/wp-content\/uploads\/2025\/12\/02152601\/eo0t82411-1-300x200.jpg","medium-width":300,"medium-height":200,"medium_large":"https:\/\/cdn.bymycar.eu\/be-webzine\/wp-content\/uploads\/2025\/12\/02152601\/eo0t82411-1-768x512.jpg","medium_large-width":768,"medium_large-height":512,"large":"https:\/\/cdn.bymycar.eu\/be-webzine\/wp-content\/uploads\/2025\/12\/02152601\/eo0t82411-1-1024x683.jpg","large-width":1024,"large-height":683,"1536x1536":"https:\/\/cdn.bymycar.eu\/be-webzine\/wp-content\/uploads\/2025\/12\/02152601\/eo0t82411-1-1536x1024.jpg","1536x1536-width":1536,"1536x1536-height":1024,"2048x2048":"https:\/\/cdn.bymycar.eu\/be-webzine\/wp-content\/uploads\/2025\/12\/02152601\/eo0t82411-1-2048x1365.jpg","2048x2048-width":2048,"2048x2048-height":1365}},"introduction":"<p>Vous recherchez un <a href=\"https:\/\/www.bymycar.be\/fr\/v\/mercedes-gla-occasion\">Mercedes-Benz GLA d&rsquo;occasion<\/a> ? Ce SUV compact de <a href=\"https:\/\/www.bymycar.be\/fr\/v\/mercedes\">Mercedes-Benz<\/a> s\u00e9duit par son alliance parfaite entre dynamisme et \u00e9l\u00e9gance intemporelle. Acqu\u00e9rir un GLA d&rsquo;occasion repr\u00e9sente une opportunit\u00e9 id\u00e9ale pour profiter d&rsquo;une voiture d&rsquo;occasion au style premium et \u00e0 la polyvalence remarquable. De la version GLA 180 essence \u00e0 la puissante Mercedes-AMG, en passant par l&rsquo;hybride rechargeable GLA 250 e, nos conseillers BYmyCAR vous accompagnent dans votre recherche en Belgique ou en Allemagne, avec une attention particuli\u00e8re port\u00e9e aux motorisations et au contr\u00f4le du kilom\u00e9trage.<\/p>\n<p>&nbsp;<\/p>\n<p style=\"text-align: center;\"><a href=\"https:\/\/www.bymycar.be\/webzine\/pourquoi-choisir-un-mercedes-gla\/\"  class=\"css-button css-button--gold\" >\n                Tout savoir sur la Mercedes GLA\n        <\/a><\/p>\n","add-to-bo":false,"page_content":{"block_content":[{"acf_fc_layout":"carousel-produits"},{"acf_fc_layout":"text-simple","--nav":{"-withNav":false,"-ancre":""},"--group":{"-text":"<h2>Pourquoi choisir un Mercedes-Benz GLA d&rsquo;occasion ?<\/h2>\n<p>Le <a href=\"https:\/\/www.bymycar.be\/fr\/v\/mercedes-gla\">Mercedes-Benz GLA<\/a> s&rsquo;impose comme un choix judicieux sur le march\u00e9 de l&rsquo;occasion. Ce SUV compact premium vous offre une position de conduite sur\u00e9lev\u00e9e id\u00e9ale pour profiter d&rsquo;une visibilit\u00e9 optimale au quotidien. Le GLA s\u00e9duit \u00e9galement par ses nombreuses aides \u00e0 la conduite avanc\u00e9es : assistant d&rsquo;angle mort actif, syst\u00e8me de conduite semi-autonome et assistant de franchissement de ligne qui garantissent votre s\u00e9curit\u00e9. Vous appr\u00e9cierez particuli\u00e8rement le style dynamique de la finition AMG Line disponible sur de nombreux mod\u00e8les d&rsquo;occasion, avec ses jantes en alliage l\u00e9ger distinctives. La Mercedes-Benz GLA conserve par ailleurs une valeur de revente remarquablement stable, un atout financier non n\u00e9gligeable.<\/p>\n<h2>Bien d\u00e9finir vos crit\u00e8res : motorisations et finitions du Mercedes-Benz GLA<\/h2>\n<h3>Essence ou diesel : comment choisir ?<\/h3>\n<p>Le choix entre essence et diesel pour votre Mercedes-Benz GLA d\u00e9pend essentiellement de votre utilisation. Les motorisations essence offrent une conduite souple et dynamique, id\u00e9ales pour les trajets urbains et p\u00e9riurbains. Pour des parcours plus longs d\u00e9passant 15 000 km annuels, les versions diesel comme le GLA 200 d (150 ch) ou le GLA 220 d (190 ch) se r\u00e9v\u00e8lent plus \u00e9conomiques avec une consommation ma\u00eetris\u00e9e. Ces motorisations garantissent un excellent agr\u00e9ment de conduite quelle que soit la distance parcourue.<\/p>\n<h3>Mercedes-Benz GLA 250 e hybride rechargeable<\/h3>\n<p>La version hybride rechargeable GLA 250 e combine un moteur essence de 160 ch avec un bloc \u00e9lectrique de 102 ch pour une puissance cumul\u00e9e de 218 ch. Son principal atout r\u00e9side dans son autonomie \u00e9lectrique pouvant atteindre 70 km en cycle urbain. La batterie de 15,6 kWh se recharge rapidement, vous permettant d&rsquo;effectuer vos trajets quotidiens sans \u00e9missions tout en conservant la polyvalence d&rsquo;un moteur thermique pour les longues distances.<\/p>\n<h3>Version AMG Line et transmission 4&#215;4 4MATIC<\/h3>\n<p>La finition AMG Line sublime l&rsquo;esth\u00e9tique du GLA avec un design sportif distinctif et des jantes sp\u00e9cifiques. Cette version associ\u00e9e \u00e0 la transmission int\u00e9grale 4&#215;4 4MATIC offre une tenue de route exceptionnelle sur tous types de terrains. La technologie 4MATIC r\u00e9partit automatiquement la puissance entre les quatre roues selon les conditions, garantissant s\u00e9curit\u00e9 et ma\u00eetrise. La finition AMG Line ajoute \u00e9galement un habitacle raffin\u00e9 avec des si\u00e8ges sport et un volant \u00e0 m\u00e9plat.<\/p>\n<p>Pour trouver la motorisation et la finition parfaitement adapt\u00e9es \u00e0 vos besoins, n&rsquo;h\u00e9sitez pas \u00e0 contacter nos conseillers BYmyCAR qui sauront vous guider vers le mod\u00e8le id\u00e9al.<\/p>\n<h2>Les points cl\u00e9s \u00e0 v\u00e9rifier avant l&rsquo;achat d&rsquo;un GLA d&rsquo;occasion<\/h2>\n<p>Avant de vous lancer dans l&rsquo;acquisition d&rsquo;un Mercedes-Benz GLA d&rsquo;occasion, voici les informations n\u00e9cessaires concernant les \u00e9l\u00e9ments essentiels \u00e0 contr\u00f4ler :<\/p>\n<ul>\n<li>Le kilom\u00e9trage du v\u00e9hicule : v\u00e9rifiez la coh\u00e9rence entre les km affich\u00e9s au compteur, ceux inscrits dans l&rsquo;historique d&rsquo;entretien et l&rsquo;\u00e9tat g\u00e9n\u00e9ral du v\u00e9hicule ;<\/li>\n<li>Le carnet d&rsquo;entretien complet : indispensable pour confirmer que la maintenance a \u00e9t\u00e9 effectu\u00e9e selon les pr\u00e9conisations Mercedes-Benz, ce qui est crucial pour les droits \u00e0 la garantie ;<\/li>\n<li>L&rsquo;\u00e9tat de la carrosserie : examinez attentivement les alignements de panneaux, les \u00e9ventuelles traces de r\u00e9paration et la qualit\u00e9 de la peinture sur l&rsquo;ensemble du v\u00e9hicule ;<\/li>\n<li>Les aides \u00e0 la conduite : testez le bon fonctionnement de tous les syst\u00e8mes \u00e9lectroniques, particuli\u00e8rement nombreux sur les GLA r\u00e9cents ;<\/li>\n<li>L&rsquo;historique des propri\u00e9taires : un nombre limit\u00e9 de propri\u00e9taires ant\u00e9rieurs est g\u00e9n\u00e9ralement gage d&rsquo;un meilleur suivi et entretien du v\u00e9hicule.<\/li>\n<\/ul>\n<p>Sachez que chaque Mercedes-Benz GLA propos\u00e9 par BYmyCAR est rigoureusement contr\u00f4l\u00e9 sur 178 points pour vous garantir une tranquillit\u00e9 d&rsquo;esprit totale.<\/p>\n<h2>Trouver votre Mercedes-Benz GLA d&rsquo;occasion : Belgique, Bruxelles, Li\u00e8ge\u2026 et m\u00eame Allemagne<\/h2>\n<h3>GLA occasion en Belgique : Bruxelles, Li\u00e8ge et au-del\u00e0<\/h3>\n<p>BYmyCAR dispose d&rsquo;un r\u00e9seau de concessions officielles Mercedes-Benz en Belgique, notamment \u00e0 Bruxelles et en Wallonie. Nos conseillers vous accompagnent dans la recherche de votre voiture d&rsquo;occasion id\u00e9ale avec des mod\u00e8les pr\u00e9sentant diff\u00e9rents kilom\u00e9trages et finitions. Que vous soyez \u00e0 Bruxelles, Li\u00e8ge ou ailleurs en Belgique, vous b\u00e9n\u00e9ficiez de l&rsquo;expertise technique de nos \u00e9quipes et d&rsquo;une garantie constructeur pour votre <a href=\"https:\/\/www.bymycar.be\/fr\/marques\/mercedes-benz\/gla\">Mercedes-Benz GLA<\/a> d&rsquo;occasion.<\/p>\n<h3>Importer un GLA d&rsquo;occasion d&rsquo;Allemagne : nos conseils<\/h3>\n<p>L&rsquo;importation d&rsquo;un Mercedes-Benz GLA depuis l&rsquo;Allemagne peut repr\u00e9senter une option int\u00e9ressante. Nos conseillers BYmyCAR vous accompagnent dans toutes les d\u00e9marches administratives pour simplifier l&rsquo;importation. Nous v\u00e9rifions l&rsquo;historique du v\u00e9hicule, le kilom\u00e9trage certifi\u00e9 et nous assurons que tous les documents n\u00e9cessaires sont conformes. Vous b\u00e9n\u00e9ficiez ainsi d&rsquo;une tranquillit\u00e9 d&rsquo;esprit totale et d&rsquo;une garantie identique \u00e0 celle d&rsquo;un v\u00e9hicule achet\u00e9 localement.<\/p>\n<h2>Quel budget pr\u00e9voir pour un Mercedes-Benz GLA d&rsquo;occasion ?<\/h2>\n<p>Le budget \u00e0 pr\u00e9voir pour un Mercedes-Benz GLA d&rsquo;occasion varie consid\u00e9rablement selon plusieurs facteurs d\u00e9terminants. Le mill\u00e9sime du v\u00e9hicule, la motorisation choisie (du GLA 180 essence jusqu&rsquo;aux versions AMG Line plus sportives), ainsi que le kilom\u00e9trage affich\u00e9 au compteur influencent directement la valeur du SUV. Pour obtenir une estimation pr\u00e9cise correspondant \u00e0 vos crit\u00e8res de recherche et au mod\u00e8le qui vous int\u00e9resse, n&rsquo;h\u00e9sitez pas \u00e0 contacter nos conseillers BYmyCAR qui vous proposeront un devis personnalis\u00e9 adapt\u00e9 \u00e0 vos attentes.<\/p>\n<h2>Questions fr\u00e9quentes sur le Mercedes-Benz GLA d&rsquo;occasion<\/h2>\n<h3>Quelle est la consommation moyenne d&rsquo;un Mercedes-Benz GLA ?<\/h3>\n<p>La consommation moyenne d&rsquo;un Mercedes-Benz GLA varie selon la motorisation. Le GLA 200 essence consomme environ 9 litres aux 100 km, tandis que la version diesel GLA 200 d affiche une consommation entre 7 et 9 litres aux 100 km.<\/p>\n<h3>Le Mercedes-Benz GLA 200 automatique est-il fiable ?<\/h3>\n<p>Le Mercedes-Benz GLA 200 automatique se montre globalement fiable avec une bonne qualit\u00e9 de fabrication. La bo\u00eete automatique 7G-DCT offre une transmission fluide et contribue au confort de conduite au quotidien.<\/p>\n<h3>Quels entretiens pour un Mercedes-Benz GLA 180 d ?<\/h3>\n<p>Le Mercedes-Benz GLA 180 d n\u00e9cessite un entretien r\u00e9gulier selon le plan pr\u00e9conis\u00e9 par le constructeur. Les r\u00e9visions sont programm\u00e9es en fonction de l&rsquo;\u00e2ge et du kilom\u00e9trage, avec une attention particuli\u00e8re au syst\u00e8me d&rsquo;injection diesel.<\/p>\n<h3>Existe-t-il un Mercedes-Benz GLA \u00e9lectrique d&rsquo;occasion ?<\/h3>\n<p>Non, mais Mercedes-Benz propose l&rsquo;EQA, l&rsquo;\u00e9quivalent \u00e9lectrique du GLA. Lanc\u00e9 r\u00e9cemment, ce SUV compact 100 % \u00e9lectrique reprend les fondations du GLA avec une autonomie d\u00e9passant les 400 km et un style distinctif.<\/p>\n<h3>Qu&rsquo;apporte la finition Mercedes-AMG GLA 45 ?<\/h3>\n<p>La finition Mercedes-AMG GLA 45 transforme ce SUV compact en v\u00e9ritable sportif avec un moteur d\u00e9veloppant jusqu&rsquo;\u00e0 381 ch, une transmission int\u00e9grale 4MATIC, un \u00e9chappement performance et des \u00e9quipements exclusifs AMG pour un temp\u00e9rament nettement plus dynamique.<\/p>\n<h2>Sources :<\/h2>\n<ul>\n<li><a href=\"https:\/\/www.bymycar.fr\/webzine\/est-ce-que-la-mercedes-gla-doccasion-est-fiable\/\" target=\"_blank\" rel=\"noopener\">Est-ce que la Mercedes GLA d&rsquo;occasion est fiable ?<\/a><\/li>\n<li><a href=\"https:\/\/www.bymycar.be\/webzine\/quel-est-le-plus-petit-modele-de-suv-chez-mercedes\/\" target=\"_blank\" rel=\"noopener\">Quel est le plus petit mod\u00e8le de SUV chez Mercedes (services BYmyCAR)<\/a><\/li>\n<li><a href=\"https:\/\/www.auto-mechanic-info.com\/comment-choisir-son-mercedes-gla-doccasion-les-points-a-verifier\/\" target=\"_blank\" rel=\"noopener\">Comment choisir son Mercedes GLA d&rsquo;occasion<\/a><\/li>\n<li><a href=\"https:\/\/www.caradisiac.com\/fiabilite-du-mercedes-gla-la-maxi-fiche-occasion-de-caradisiac-187066.htm\" target=\"_blank\" rel=\"noopener\">Fiabilit\u00e9 du Mercedes GLA : la maxi-fiche occasion de Caradisiac<\/a><\/li>\n<li><a href=\"https:\/\/www.fixter.fr\/revision\/mercedes\/gla\" target=\"_blank\" rel=\"noopener\">R\u00e9vision de votre Mercedes GLA \u00e0 partir de 136\u20ac \u2013 Fixter<\/a><\/li>\n<li><a href=\"https:\/\/www.bymycar.fr\/webzine\/les-mercedes-doccasion-sont-elles-faciles-a-entretenir\/\" target=\"_blank\" rel=\"noopener\">Les Mercedes d&rsquo;occasion sont-elles faciles \u00e0 entretenir ?<\/a><\/li>\n<li><a href=\"https:\/\/bpmcars.fr\/actualites\/mercedes-gla-occasion-choisir-bpm\" target=\"_blank\" rel=\"noopener\">Mercedes GLA occasion : quelle version choisir ?<\/a><\/li>\n<li><a href=\"https:\/\/www.bymycar.fr\/webzine\/acheter-une-mercedes-gla-doccasion-quels-sont-les-avantages\/\" target=\"_blank\" rel=\"noopener\">Acheter une Mercedes GLA d&rsquo;occasion : quels sont les avantages ?<\/a><\/li>\n<\/ul>\n"}},{"acf_fc_layout":"text-simple","--nav":{"-withNav":false,"-ancre":""},"--group":{"-text":"<p><!--StartFragment --><\/p>\n<p class=\"pf0\"><strong><span class=\"cf0\">D\u00e9couvrez aussi :<\/span><\/strong><\/p>\n<ul>\n<li class=\"pf1\"><a href=\"https:\/\/www.bymycar.be\/webzine\/mercedes-gla-vs-bmw-x1-lequel-est-le-meilleur-suv-compact\/\"><span class=\"cf1\">Mercedes GLA vs BMW X1 : lequel est le meilleur SUV compact ?<\/span><\/a><\/li>\n<li class=\"pf1\"><a href=\"https:\/\/www.bymycar.be\/webzine\/mercedes-gla-motorisation-essence-diesel-ou-hybride\/\"><span class=\"cf1\">Mercedes GLA : motorisation essence, diesel ou hybride ?<\/span><\/a><\/li>\n<li class=\"pf1\"><a href=\"https:\/\/www.bymycar.be\/webzine\/mercedes-gla-finition-quelle-version-offre-le-meilleur-rapport-qualite-prix\/\"><span class=\"cf1\">Mercedes GLA : quelle version offre le meilleur rapport qualit\u00e9\/prix ?<\/span><\/a><\/li>\n<li class=\"pf1\"><a href=\"https:\/\/www.bymycar.be\/webzine\/mercedes-benz-gla-4matic-la-transmission-integrale-qui-inspire-confiance\/\"><span class=\"cf1\">Mercedes GLA 4MATIC : quels sont les avantages de la transmission int\u00e9grale ?<\/span><\/a><\/li>\n<li class=\"pf1\"><a href=\"https:\/\/www.bymycar.be\/webzine\/mercedes-gla-hybride-rechargeable-est-ce-un-bon-choix\/\"><span class=\"cf1\">Mercedes GLA hybride rechargeable : est-ce un bon choix ?<\/span><\/a><\/li>\n<li class=\"pf1\"><a href=\"https:\/\/www.bymycar.be\/webzine\/mercedes-gla-amg-performances-et-polyvalence-dun-suv-sportif\/\"><span class=\"cf1\">Mercedes GLA AMG : la version sportive est-elle int\u00e9ressante ?<\/span><\/a><\/li>\n<\/ul>\n<p>&nbsp;<\/p>\n<p><!--EndFragment --><\/p>\n"}}]}},"yoast_head":"<!-- This site is optimized with the Yoast SEO Premium plugin v26.4 (Yoast SEO v27.1.1) - https:\/\/yoast.com\/product\/yoast-seo-premium-wordpress\/ -->\n<title>Acheter une Mercedes GLA d&#039;occasion : les conseils de nos experts BYmyCAR - Webzine BE | BYmyCAR<\/title>\n<meta name=\"robots\" content=\"index, follow, max-snippet:-1, max-image-preview:large, max-video-preview:-1\" \/>\n<link rel=\"canonical\" href=\"https:\/\/www.bymycar.be\/webzine\/acheter-une-mercedes-gla-doccasion-les-conseils-de-nos-experts-bymycar\/\" \/>\n<meta property=\"og:locale\" content=\"fr_FR\" \/>\n<meta property=\"og:type\" content=\"article\" \/>\n<meta property=\"og:title\" content=\"Acheter une Mercedes GLA d&#039;occasion : les conseils de nos experts BYmyCAR\" \/>\n<meta property=\"og:url\" content=\"https:\/\/www.bymycar.be\/webzine\/acheter-une-mercedes-gla-doccasion-les-conseils-de-nos-experts-bymycar\/\" \/>\n<meta property=\"og:site_name\" content=\"Webzine BE | BYmyCAR\" \/>\n<meta property=\"article:publisher\" content=\"https:\/\/www.facebook.com\/BYmyCAR.officiel\/\" \/>\n<meta property=\"article:published_time\" content=\"2025-12-02T14:30:38+00:00\" \/>\n<meta property=\"article:modified_time\" content=\"2025-12-03T08:44:00+00:00\" \/>\n<meta name=\"author\" content=\"Tom Fernandes\" \/>\n<meta name=\"twitter:card\" content=\"summary_large_image\" \/>\n<meta name=\"twitter:label1\" content=\"\u00c9crit par\" \/>\n\t<meta name=\"twitter:data1\" content=\"Tom Fernandes\" \/>\n<script type=\"application\/ld+json\" class=\"yoast-schema-graph\">{\"@context\":\"https:\/\/schema.org\",\"@graph\":[{\"@type\":\"Article\",\"@id\":\"https:\/\/www.bymycar.be\/webzine\/acheter-une-mercedes-gla-doccasion-les-conseils-de-nos-experts-bymycar\/#article\",\"isPartOf\":{\"@id\":\"https:\/\/www.bymycar.be\/webzine\/acheter-une-mercedes-gla-doccasion-les-conseils-de-nos-experts-bymycar\/\"},\"author\":{\"name\":\"Tom Fernandes\",\"@id\":\"https:\/\/www.bymycar.be\/webzine\/nl\/#\/schema\/person\/6cd99e624bbd64604349ff20ee1ed853\"},\"headline\":\"Acheter une Mercedes GLA d&rsquo;occasion : les conseils de nos experts BYmyCAR\",\"datePublished\":\"2025-12-02T14:30:38+00:00\",\"dateModified\":\"2025-12-03T08:44:00+00:00\",\"mainEntityOfPage\":{\"@id\":\"https:\/\/www.bymycar.be\/webzine\/acheter-une-mercedes-gla-doccasion-les-conseils-de-nos-experts-bymycar\/\"},\"wordCount\":12,\"publisher\":{\"@id\":\"https:\/\/www.bymycar.be\/webzine\/nl\/#organization\"},\"articleSection\":[\"Guide d'achat Mercedes\"],\"inLanguage\":\"fr-FR\"},{\"@type\":\"WebPage\",\"@id\":\"https:\/\/www.bymycar.be\/webzine\/acheter-une-mercedes-gla-doccasion-les-conseils-de-nos-experts-bymycar\/\",\"url\":\"https:\/\/www.bymycar.be\/webzine\/acheter-une-mercedes-gla-doccasion-les-conseils-de-nos-experts-bymycar\/\",\"name\":\"Acheter une Mercedes GLA d'occasion : les conseils de nos experts BYmyCAR - Webzine BE | BYmyCAR\",\"isPartOf\":{\"@id\":\"https:\/\/www.bymycar.be\/webzine\/nl\/#website\"},\"datePublished\":\"2025-12-02T14:30:38+00:00\",\"dateModified\":\"2025-12-03T08:44:00+00:00\",\"breadcrumb\":{\"@id\":\"https:\/\/www.bymycar.be\/webzine\/acheter-une-mercedes-gla-doccasion-les-conseils-de-nos-experts-bymycar\/#breadcrumb\"},\"inLanguage\":\"fr-FR\",\"potentialAction\":[{\"@type\":\"ReadAction\",\"target\":[\"https:\/\/www.bymycar.be\/webzine\/acheter-une-mercedes-gla-doccasion-les-conseils-de-nos-experts-bymycar\/\"]}]},{\"@type\":\"BreadcrumbList\",\"@id\":\"https:\/\/www.bymycar.be\/webzine\/acheter-une-mercedes-gla-doccasion-les-conseils-de-nos-experts-bymycar\/#breadcrumb\",\"itemListElement\":[{\"@type\":\"ListItem\",\"position\":1,\"name\":\"Accueil\",\"item\":\"https:\/\/www.bymycar.be\/webzine\/\"},{\"@type\":\"ListItem\",\"position\":2,\"name\":\"Acheter une Mercedes GLA d&rsquo;occasion : les conseils de nos experts BYmyCAR\"}]},{\"@type\":\"WebSite\",\"@id\":\"https:\/\/www.bymycar.be\/webzine\/nl\/#website\",\"url\":\"https:\/\/www.bymycar.be\/webzine\/nl\/\",\"name\":\"Webzine | BYmyCAR\",\"description\":\"_Le webzine auto de\",\"publisher\":{\"@id\":\"https:\/\/www.bymycar.be\/webzine\/nl\/#organization\"},\"potentialAction\":[{\"@type\":\"SearchAction\",\"target\":{\"@type\":\"EntryPoint\",\"urlTemplate\":\"https:\/\/www.bymycar.be\/webzine\/nl\/?s={search_term_string}\"},\"query-input\":{\"@type\":\"PropertyValueSpecification\",\"valueRequired\":true,\"valueName\":\"search_term_string\"}}],\"inLanguage\":\"fr-FR\"},{\"@type\":\"Organization\",\"@id\":\"https:\/\/www.bymycar.be\/webzine\/nl\/#organization\",\"name\":\"Webzine | BYmyCAR\",\"url\":\"https:\/\/www.bymycar.be\/webzine\/nl\/\",\"logo\":{\"@type\":\"ImageObject\",\"inLanguage\":\"fr-FR\",\"@id\":\"https:\/\/www.bymycar.be\/webzine\/nl\/#\/schema\/logo\/image\/\",\"url\":\"https:\/\/cdn.bymycar.eu\/be-webzine\/wp-content\/uploads\/2024\/11\/20203047\/logo.png\",\"contentUrl\":\"https:\/\/cdn.bymycar.eu\/be-webzine\/wp-content\/uploads\/2024\/11\/20203047\/logo.png\",\"width\":1280,\"height\":512,\"caption\":\"Webzine | BYmyCAR\"},\"image\":{\"@id\":\"https:\/\/www.bymycar.be\/webzine\/nl\/#\/schema\/logo\/image\/\"},\"sameAs\":[\"https:\/\/www.facebook.com\/BYmyCAR.officiel\/\",\"https:\/\/www.instagram.com\/bymycar.officiel\/\"]},{\"@type\":\"Person\",\"@id\":\"https:\/\/www.bymycar.be\/webzine\/nl\/#\/schema\/person\/6cd99e624bbd64604349ff20ee1ed853\",\"name\":\"Tom Fernandes\",\"image\":{\"@type\":\"ImageObject\",\"inLanguage\":\"fr-FR\",\"@id\":\"https:\/\/www.bymycar.be\/webzine\/nl\/#\/schema\/person\/image\/\",\"url\":\"https:\/\/secure.gravatar.com\/avatar\/81b17c0cc5a6f1f7f394984269a7cbad9c7cca9604839da024242cf665051fbf?s=96&d=mm&r=g\",\"contentUrl\":\"https:\/\/secure.gravatar.com\/avatar\/81b17c0cc5a6f1f7f394984269a7cbad9c7cca9604839da024242cf665051fbf?s=96&d=mm&r=g\",\"caption\":\"Tom Fernandes\"}}]}<\/script>\n<!-- \/ Yoast SEO Premium plugin. -->","yoast_head_json":{"title":"Acheter une Mercedes GLA d'occasion : les conseils de nos experts BYmyCAR - Webzine BE | BYmyCAR","robots":{"index":"index","follow":"follow","max-snippet":"max-snippet:-1","max-image-preview":"max-image-preview:large","max-video-preview":"max-video-preview:-1"},"canonical":"https:\/\/www.bymycar.be\/webzine\/acheter-une-mercedes-gla-doccasion-les-conseils-de-nos-experts-bymycar\/","og_locale":"fr_FR","og_type":"article","og_title":"Acheter une Mercedes GLA d'occasion : les conseils de nos experts BYmyCAR","og_url":"https:\/\/www.bymycar.be\/webzine\/acheter-une-mercedes-gla-doccasion-les-conseils-de-nos-experts-bymycar\/","og_site_name":"Webzine BE | BYmyCAR","article_publisher":"https:\/\/www.facebook.com\/BYmyCAR.officiel\/","article_published_time":"2025-12-02T14:30:38+00:00","article_modified_time":"2025-12-03T08:44:00+00:00","author":"Tom Fernandes","twitter_card":"summary_large_image","twitter_misc":{"\u00c9crit par":"Tom Fernandes"},"schema":{"@context":"https:\/\/schema.org","@graph":[{"@type":"Article","@id":"https:\/\/www.bymycar.be\/webzine\/acheter-une-mercedes-gla-doccasion-les-conseils-de-nos-experts-bymycar\/#article","isPartOf":{"@id":"https:\/\/www.bymycar.be\/webzine\/acheter-une-mercedes-gla-doccasion-les-conseils-de-nos-experts-bymycar\/"},"author":{"name":"Tom Fernandes","@id":"https:\/\/www.bymycar.be\/webzine\/nl\/#\/schema\/person\/6cd99e624bbd64604349ff20ee1ed853"},"headline":"Acheter une Mercedes GLA d&rsquo;occasion : les conseils de nos experts BYmyCAR","datePublished":"2025-12-02T14:30:38+00:00","dateModified":"2025-12-03T08:44:00+00:00","mainEntityOfPage":{"@id":"https:\/\/www.bymycar.be\/webzine\/acheter-une-mercedes-gla-doccasion-les-conseils-de-nos-experts-bymycar\/"},"wordCount":12,"publisher":{"@id":"https:\/\/www.bymycar.be\/webzine\/nl\/#organization"},"articleSection":["Guide d'achat Mercedes"],"inLanguage":"fr-FR"},{"@type":"WebPage","@id":"https:\/\/www.bymycar.be\/webzine\/acheter-une-mercedes-gla-doccasion-les-conseils-de-nos-experts-bymycar\/","url":"https:\/\/www.bymycar.be\/webzine\/acheter-une-mercedes-gla-doccasion-les-conseils-de-nos-experts-bymycar\/","name":"Acheter une Mercedes GLA d'occasion : les conseils de nos experts BYmyCAR - Webzine BE | BYmyCAR","isPartOf":{"@id":"https:\/\/www.bymycar.be\/webzine\/nl\/#website"},"datePublished":"2025-12-02T14:30:38+00:00","dateModified":"2025-12-03T08:44:00+00:00","breadcrumb":{"@id":"https:\/\/www.bymycar.be\/webzine\/acheter-une-mercedes-gla-doccasion-les-conseils-de-nos-experts-bymycar\/#breadcrumb"},"inLanguage":"fr-FR","potentialAction":[{"@type":"ReadAction","target":["https:\/\/www.bymycar.be\/webzine\/acheter-une-mercedes-gla-doccasion-les-conseils-de-nos-experts-bymycar\/"]}]},{"@type":"BreadcrumbList","@id":"https:\/\/www.bymycar.be\/webzine\/acheter-une-mercedes-gla-doccasion-les-conseils-de-nos-experts-bymycar\/#breadcrumb","itemListElement":[{"@type":"ListItem","position":1,"name":"Accueil","item":"https:\/\/www.bymycar.be\/webzine\/"},{"@type":"ListItem","position":2,"name":"Acheter une Mercedes GLA d&rsquo;occasion : les conseils de nos experts BYmyCAR"}]},{"@type":"WebSite","@id":"https:\/\/www.bymycar.be\/webzine\/nl\/#website","url":"https:\/\/www.bymycar.be\/webzine\/nl\/","name":"Webzine | BYmyCAR","description":"_Le webzine auto de","publisher":{"@id":"https:\/\/www.bymycar.be\/webzine\/nl\/#organization"},"potentialAction":[{"@type":"SearchAction","target":{"@type":"EntryPoint","urlTemplate":"https:\/\/www.bymycar.be\/webzine\/nl\/?s={search_term_string}"},"query-input":{"@type":"PropertyValueSpecification","valueRequired":true,"valueName":"search_term_string"}}],"inLanguage":"fr-FR"},{"@type":"Organization","@id":"https:\/\/www.bymycar.be\/webzine\/nl\/#organization","name":"Webzine | BYmyCAR","url":"https:\/\/www.bymycar.be\/webzine\/nl\/","logo":{"@type":"ImageObject","inLanguage":"fr-FR","@id":"https:\/\/www.bymycar.be\/webzine\/nl\/#\/schema\/logo\/image\/","url":"https:\/\/cdn.bymycar.eu\/be-webzine\/wp-content\/uploads\/2024\/11\/20203047\/logo.png","contentUrl":"https:\/\/cdn.bymycar.eu\/be-webzine\/wp-content\/uploads\/2024\/11\/20203047\/logo.png","width":1280,"height":512,"caption":"Webzine | BYmyCAR"},"image":{"@id":"https:\/\/www.bymycar.be\/webzine\/nl\/#\/schema\/logo\/image\/"},"sameAs":["https:\/\/www.facebook.com\/BYmyCAR.officiel\/","https:\/\/www.instagram.com\/bymycar.officiel\/"]},{"@type":"Person","@id":"https:\/\/www.bymycar.be\/webzine\/nl\/#\/schema\/person\/6cd99e624bbd64604349ff20ee1ed853","name":"Tom Fernandes","image":{"@type":"ImageObject","inLanguage":"fr-FR","@id":"https:\/\/www.bymycar.be\/webzine\/nl\/#\/schema\/person\/image\/","url":"https:\/\/secure.gravatar.com\/avatar\/81b17c0cc5a6f1f7f394984269a7cbad9c7cca9604839da024242cf665051fbf?s=96&d=mm&r=g","contentUrl":"https:\/\/secure.gravatar.com\/avatar\/81b17c0cc5a6f1f7f394984269a7cbad9c7cca9604839da024242cf665051fbf?s=96&d=mm&r=g","caption":"Tom Fernandes"}}]}},"_links":{"self":[{"href":"https:\/\/www.bymycar.be\/webzine\/wp-json\/wp\/v2\/posts\/5366","targetHints":{"allow":["GET"]}}],"collection":[{"href":"https:\/\/www.bymycar.be\/webzine\/wp-json\/wp\/v2\/posts"}],"about":[{"href":"https:\/\/www.bymycar.be\/webzine\/wp-json\/wp\/v2\/types\/post"}],"author":[{"embeddable":true,"href":"https:\/\/www.bymycar.be\/webzine\/wp-json\/wp\/v2\/users\/17"}],"replies":[{"embeddable":true,"href":"https:\/\/www.bymycar.be\/webzine\/wp-json\/wp\/v2\/comments?post=5366"}],"version-history":[{"count":5,"href":"https:\/\/www.bymycar.be\/webzine\/wp-json\/wp\/v2\/posts\/5366\/revisions"}],"predecessor-version":[{"id":5403,"href":"https:\/\/www.bymycar.be\/webzine\/wp-json\/wp\/v2\/posts\/5366\/revisions\/5403"}],"wp:attachment":[{"href":"https:\/\/www.bymycar.be\/webzine\/wp-json\/wp\/v2\/media?parent=5366"}],"wp:term":[{"taxonomy":"category","embeddable":true,"href":"https:\/\/www.bymycar.be\/webzine\/wp-json\/wp\/v2\/categories?post=5366"},{"taxonomy":"post_tag","embeddable":true,"href":"https:\/\/www.bymycar.be\/webzine\/wp-json\/wp\/v2\/tags?post=5366"}],"curies":[{"name":"wp","href":"https:\/\/api.w.org\/{rel}","templated":true}]}}