{"id":5358,"date":"2025-12-02T15:19:38","date_gmt":"2025-12-02T14:19:38","guid":{"rendered":"https:\/\/www.bymycar.be\/webzine\/?p=5358"},"modified":"2025-12-03T09:42:41","modified_gmt":"2025-12-03T08:42:41","slug":"mercedes-gla-motorisation-essence-diesel-ou-hybride","status":"publish","type":"post","link":"https:\/\/www.bymycar.be\/webzine\/mercedes-gla-motorisation-essence-diesel-ou-hybride\/","title":{"rendered":"Mercedes GLA : motorisation essence, diesel ou hybride ?"},"content":{"rendered":"","protected":false},"excerpt":{"rendered":"","protected":false},"author":17,"featured_media":0,"comment_status":"closed","ping_status":"closed","sticky":false,"template":"","format":"standard","meta":{"_acf_changed":false,"footnotes":""},"categories":[1458],"tags":[],"class_list":["post-5358","post","type-post","status-publish","format-standard","hentry","category-guide-dachat-mercedes"],"acf":{"image":{"ID":5359,"id":5359,"title":"pbva-mercedes-portfolio-5-2","filename":"pbva-mercedes-portfolio-5-2.jpg","filesize":416036,"url":"https:\/\/cdn.bymycar.eu\/be-webzine\/wp-content\/uploads\/2025\/12\/02151514\/pbva-mercedes-portfolio-5-2.jpg","link":"https:\/\/www.bymycar.be\/webzine\/mercedes-gla-motorisation-essence-diesel-ou-hybride\/pbva-mercedes-portfolio-5-2\/","alt":"Mercedes GLA","author":"17","description":"","caption":"","name":"pbva-mercedes-portfolio-5-2","status":"inherit","uploaded_to":5358,"date":"2025-12-02 14:15:13","modified":"2025-12-02 14:15:29","menu_order":0,"mime_type":"image\/jpeg","type":"image","subtype":"jpeg","icon":"https:\/\/www.bymycar.be\/webzine\/wp-includes\/images\/media\/default.png","width":1200,"height":600,"sizes":{"thumbnail":"https:\/\/cdn.bymycar.eu\/be-webzine\/wp-content\/uploads\/2025\/12\/02151514\/pbva-mercedes-portfolio-5-2-150x150.jpg","thumbnail-width":150,"thumbnail-height":150,"medium":"https:\/\/cdn.bymycar.eu\/be-webzine\/wp-content\/uploads\/2025\/12\/02151514\/pbva-mercedes-portfolio-5-2-300x150.jpg","medium-width":300,"medium-height":150,"medium_large":"https:\/\/cdn.bymycar.eu\/be-webzine\/wp-content\/uploads\/2025\/12\/02151514\/pbva-mercedes-portfolio-5-2-768x384.jpg","medium_large-width":768,"medium_large-height":384,"large":"https:\/\/cdn.bymycar.eu\/be-webzine\/wp-content\/uploads\/2025\/12\/02151514\/pbva-mercedes-portfolio-5-2-1024x512.jpg","large-width":1024,"large-height":512,"1536x1536":"https:\/\/cdn.bymycar.eu\/be-webzine\/wp-content\/uploads\/2025\/12\/02151514\/pbva-mercedes-portfolio-5-2.jpg","1536x1536-width":1200,"1536x1536-height":600,"2048x2048":"https:\/\/cdn.bymycar.eu\/be-webzine\/wp-content\/uploads\/2025\/12\/02151514\/pbva-mercedes-portfolio-5-2.jpg","2048x2048-width":1200,"2048x2048-height":600}},"introduction":"<p>Le <a href=\"https:\/\/www.bymycar.be\/fr\/marques\/mercedes-benz\/gla\">Mercedes-Benz GLA<\/a> vous propose une gamme compl\u00e8te de motorisations pour r\u00e9pondre \u00e0 vos besoins sp\u00e9cifiques. Ce SUV compact allie \u00e9l\u00e9gance et performance avec ses versions essence dynamiques, diesel \u00e9conomiques ou hybride rechargeable respectueuse de l&rsquo;environnement. Nos conseillers BYmyCAR vous accompagnent dans la comparaison des diff\u00e9rentes options pour trouver celle qui correspond parfaitement \u00e0 votre style de conduite.<\/p>\n<p>&nbsp;<\/p>\n<p style=\"text-align: center;\"><a href=\"https:\/\/www.bymycar.be\/webzine\/pourquoi-choisir-un-mercedes-gla\/\"  class=\"css-button css-button--gold\" >\n                Tout savoir sur la Mercedes GLA\n        <\/a><\/p>\n","add-to-bo":false,"page_content":{"block_content":[{"acf_fc_layout":"carousel-produits"},{"acf_fc_layout":"text-simple","--nav":{"-withNav":false,"-ancre":""},"--group":{"-text":"<h2>Vue d&rsquo;ensemble des motorisations du Mercedes GLA<\/h2>\n<p>Le <a href=\"https:\/\/www.bymycar.be\/fr\/v\/mercedes-gla\">Mercedes GLA<\/a> propose une gamme compl\u00e8te de motorisations adapt\u00e9es aux besoins vari\u00e9s des conducteurs. Ce SUV compact allie \u00e9l\u00e9gance et performance avec des technologies de pointe pour r\u00e9duire la consommation de carburant tout en offrant un agr\u00e9ment de conduite optimal. Que vous privil\u00e9giez les trajets urbains, les longs parcours autoroutiers ou une approche plus respectueuse de l&rsquo;environnement, le GLA dispose d&rsquo;une motorisation adapt\u00e9e \u00e0 votre usage.<\/p>\n<h3>Puissances et consommations moyennes<\/h3>\n<table>\n<thead>\n<tr>\n<th>Version<\/th>\n<th>Puissance (ch)<\/th>\n<th>Couple (Nm)<\/th>\n<th>Consommation (l\/100km)<\/th>\n<th>\u00c9missions CO\u2082 (g\/km)<\/th>\n<\/tr>\n<\/thead>\n<tbody>\n<tr>\n<td>GLA 180<\/td>\n<td>136<\/td>\n<td>200<\/td>\n<td>6,5-7,4<\/td>\n<td>148-168<\/td>\n<\/tr>\n<tr>\n<td>GLA 200<\/td>\n<td>163<\/td>\n<td>250<\/td>\n<td>6,5-7,4<\/td>\n<td>148-168<\/td>\n<\/tr>\n<tr>\n<td>GLA 250<\/td>\n<td>224<\/td>\n<td>350<\/td>\n<td>7,5-8,4<\/td>\n<td>171-190<\/td>\n<\/tr>\n<tr>\n<td>GLA 200d<\/td>\n<td>150<\/td>\n<td>320<\/td>\n<td>5,3-5,8<\/td>\n<td>138-153<\/td>\n<\/tr>\n<tr>\n<td>GLA 220d 4MATIC<\/td>\n<td>190<\/td>\n<td>400<\/td>\n<td>5,5-6,2<\/td>\n<td>145-162<\/td>\n<\/tr>\n<tr>\n<td>GLA 250e<\/td>\n<td>218<\/td>\n<td>450<\/td>\n<td>1,3-1,8<\/td>\n<td>29-38<\/td>\n<\/tr>\n<tr>\n<td>AMG 35 4MATIC<\/td>\n<td>306<\/td>\n<td>400<\/td>\n<td>8,3-8,9<\/td>\n<td>188-201<\/td>\n<\/tr>\n<\/tbody>\n<\/table>\n<p>Toutes ces motorisations sont associ\u00e9es \u00e0 une bo\u00eete automatique de s\u00e9rie, offrant une conduite fluide et confortable dans toutes les situations.<\/p>\n<h3>Technologies d&rsquo;hybridation l\u00e9g\u00e8re et rechargeable<\/h3>\n<p>Le Mercedes GLA b\u00e9n\u00e9ficie des derni\u00e8res avanc\u00e9es en mati\u00e8re d&rsquo;\u00e9lectrification. Les versions essence sont d\u00e9sormais \u00e9quip\u00e9es d&rsquo;une hybridation l\u00e9g\u00e8re 48V int\u00e9grant un alterno-d\u00e9marreur qui apporte un boost de puissance temporaire de 13 \u00e0 14 ch au d\u00e9marrage. Ce syst\u00e8me permet au v\u00e9hicule de \u00ab coaster \u00bb (rouler en roue libre) lorsque le moteur thermique est au repos, tout en r\u00e9cup\u00e9rant l&rsquo;\u00e9nergie lors des phases de freinage et d&rsquo;acc\u00e9l\u00e9ration, r\u00e9duisant ainsi la consommation de carburant et les \u00e9missions de CO\u2082.<\/p>\n<p>La version hybride rechargeable GLA 250e associe quant \u00e0 elle un moteur essence 1.3 de 160 ch \u00e0 un moteur \u00e9lectrique de 102 ch pour une puissance cumul\u00e9e de 218 ch. Sa batterie lui conf\u00e8re une autonomie \u00e9lectrique pouvant atteindre 76 km en cycle WLTP, id\u00e9ale pour les trajets quotidiens en mode z\u00e9ro \u00e9mission. Cette technologie permet d&rsquo;abaisser consid\u00e9rablement les \u00e9missions de CO\u2082 \u00e0 seulement 29 g\/km et la consommation \u00e0 1,3 l\/100 km en cycle mixte.<\/p>\n<h2>Motorisations essence : souplesse et agr\u00e9ment<\/h2>\n<p>Le Mercedes GLA propose une gamme compl\u00e8te de motorisations essence alliant performance, r\u00e9activit\u00e9 et technologies avanc\u00e9es. Chaque version b\u00e9n\u00e9ficie d\u00e9sormais de l&rsquo;hybridation l\u00e9g\u00e8re 48V pour une efficience optimis\u00e9e, tout en conservant le plaisir de conduite caract\u00e9ristique de la marque \u00e0 l&rsquo;\u00e9toile.<\/p>\n<h3>Motorisation GLA 180<\/h3>\n<p>Le GLA 180 constitue le point d&rsquo;entr\u00e9e dans l&rsquo;univers des SUV compacts <a href=\"https:\/\/www.bymycar.be\/fr\/v\/mercedes\">Mercedes<\/a>. \u00c9quip\u00e9 d&rsquo;un moteur 1.3 litres turbocompress\u00e9 d\u00e9veloppant 136 ch et un couple g\u00e9n\u00e9reux de 200 Nm, il offre une conduite fluide et r\u00e9active en milieu urbain.<\/p>\n<p>Sa bo\u00eete automatique 7G-DCT Speedshift assure des passages de rapports souples et pr\u00e9cis, favorisant le confort au quotidien. Id\u00e9al pour les trajets en ville, ce bloc essence garantit une consommation ma\u00eetris\u00e9e sans compromettre l&rsquo;agr\u00e9ment de conduite en traction avant.<\/p>\n<h3>Motorisation GLA 200<\/h3>\n<p>Plus puissant, le GLA 200 s&rsquo;\u00e9quipe du m\u00eame bloc 1.3 litres mais pouss\u00e9 \u00e0 163 ch, compl\u00e9t\u00e9 par une assistance mild-hybrid de 14 ch. Avec son couple de 250 Nm disponible d\u00e8s les bas r\u00e9gimes, cette version offre un excellent compromis entre performances et sobri\u00e9t\u00e9.<\/p>\n<p>Sa bo\u00eete automatique 7G-DCT Speedshift s&rsquo;adapte parfaitement \u00e0 votre style de conduite, que ce soit en milieu urbain ou sur route. La r\u00e9activit\u00e9 du moteur et sa souplesse vous garantissent des d\u00e9passements en toute s\u00e9curit\u00e9 et un confort optimal au quotidien.<\/p>\n<h3>Motorisation GLA 250 4MATIC<\/h3>\n<p>Le GLA 250 4MATIC franchit un cap suppl\u00e9mentaire avec son moteur 2.0 litres d\u00e9veloppant 224 ch et un couple impressionnant de 350 Nm. Cette version b\u00e9n\u00e9ficie de la transmission int\u00e9grale 4MATIC, garantissant une motricit\u00e9 optimale quelles que soient les conditions.<\/p>\n<p>Associ\u00e9e \u00e0 la bo\u00eete automatique 8G-DCT Speedshift plus sophistiqu\u00e9e, elle offre une conduite dynamique et s\u00e9curisante. La transmission int\u00e9grale intelligente r\u00e9partit automatiquement la puissance entre les essieux avant et arri\u00e8re pour une adh\u00e9rence maximale, id\u00e9ale pour les escapades hors des sentiers battus.<\/p>\n<h3>Motorisation GLA AMG<\/h3>\n<p>Au sommet de la gamme, les versions Mercedes-AMG GLA 35 et 45 S offrent des performances exceptionnelles. Le GLA 35 4MATIC d\u00e9livre 306 ch (+14 ch d&rsquo;hybridation l\u00e9g\u00e8re) tandis que le GLA 45 S atteint 421 ch, pour des acc\u00e9l\u00e9rations fulgurantes (0-100 km\/h en moins de 4,5 secondes).<\/p>\n<p>Ces versions sportives b\u00e9n\u00e9ficient de la bo\u00eete 8G-DCT Speedshift AMG sp\u00e9cialement calibr\u00e9e et de la transmission int\u00e9grale renforc\u00e9e. Le caract\u00e8re sportif est soulign\u00e9 par une sonorit\u00e9 distinctive et une r\u00e9activit\u00e9 imm\u00e9diate \u00e0 chaque sollicitation.<\/p>\n<p>Les motorisations essence du Mercedes GLA pr\u00e9sentent de nombreux atouts :<\/p>\n<ul>\n<li><strong>Une r\u00e9activit\u00e9 imm\u00e9diate<\/strong> et un agr\u00e9ment de conduite sup\u00e9rieur en milieu urbain.<\/li>\n<li><strong>Une hybridation l\u00e9g\u00e8re<\/strong> sur toutes les versions pour r\u00e9duire la consommation et les \u00e9missions.<\/li>\n<li><strong>Des bo\u00eetes automatiques 7G ou 8G-DCT Speedshift<\/strong> parfaitement adapt\u00e9es \u00e0 chaque motorisation.<\/li>\n<li><strong>Une large gamme de puissances<\/strong> pour r\u00e9pondre \u00e0 tous les besoins, de 136 \u00e0 421 ch.<\/li>\n<\/ul>\n<p>Ces diff\u00e9rentes motorisations vous permettent de choisir le Mercedes GLA qui correspond parfaitement \u00e0 votre style de conduite et \u00e0 vos besoins quotidiens.<\/p>\n<h2>Motorisations diesel : sobri\u00e9t\u00e9 et endurance<\/h2>\n<p>Les versions diesel du Mercedes GLA se distinguent par leur remarquable efficacit\u00e9 \u00e9nerg\u00e9tique et leur puissance ma\u00eetris\u00e9e, id\u00e9ales pour les conducteurs parcourant de nombreux kilom\u00e8tres. Ces motorisations offrent un \u00e9quilibre parfait entre performances, autonomie et respect de l&rsquo;environnement.<\/p>\n<h3>Motorisation GLA 200 d<\/h3>\n<p>Le GLA 200 d est \u00e9quip\u00e9 d&rsquo;un bloc diesel 2.0 litres d\u00e9veloppant 150 ch avec un couple g\u00e9n\u00e9reux de 320 Nm, garantissant une conduite souple et r\u00e9active au quotidien. Cette motorisation affiche une consommation WLTP particuli\u00e8rement ma\u00eetris\u00e9e, oscillant autour de 5,3 l\/100 km, ce qui vous permet de parcourir plus de 950 kilom\u00e8tres avec un plein.<\/p>\n<p>Sa sobri\u00e9t\u00e9 exceptionnelle en fait un choix judicieux pour les longs trajets autoroutiers, tout en conservant un agr\u00e9ment de conduite optimal en milieu urbain.<\/p>\n<h3>Motorisation GLA 220 d 4MATIC<\/h3>\n<p>Plus puissant, le GLA 220 d 4MATIC propose 190 ch et un couple impressionnant de 400 Nm, associ\u00e9s \u00e0 la transmission int\u00e9grale intelligente de Mercedes. Cette configuration offre une adh\u00e9rence optimale sur tous types de terrains et par tous les temps.<\/p>\n<p>Malgr\u00e9 ses performances accrues, cette version diesel conserve une consommation WLTP raisonnable de 5,4 \u00e0 5,7 l\/100 km, permettant une autonomie d\u00e9passant les 900 kilom\u00e8tres. La bo\u00eete automatique \u00e0 8 rapports contribue \u00e0 la fluidit\u00e9 de conduite et \u00e0 l&rsquo;optimisation de la consommation.<\/p>\n<table>\n<thead>\n<tr>\n<th>Mod\u00e8le<\/th>\n<th>Puissance<\/th>\n<th>Couple<\/th>\n<th>Consommation WLTP<\/th>\n<th>Autonomie<\/th>\n<\/tr>\n<\/thead>\n<tbody>\n<tr>\n<td>GLA 200 d<\/td>\n<td>150 ch<\/td>\n<td>320 Nm<\/td>\n<td>5,3 l\/100 km<\/td>\n<td>&gt; 950 km<\/td>\n<\/tr>\n<tr>\n<td>GLA 220 d 4MATIC<\/td>\n<td>190 ch<\/td>\n<td>400 Nm<\/td>\n<td>5,4-5,7 l\/100 km<\/td>\n<td>&gt; 900 km<\/td>\n<\/tr>\n<\/tbody>\n<\/table>\n<p>Ces motorisations diesel du Mercedes GLA se distinguent par leur fiabilit\u00e9 \u00e9prouv\u00e9e et leurs performances constantes, m\u00eame apr\u00e8s plusieurs dizaines de milliers de kilom\u00e8tres. Que vous choisissiez le GLA 200 d ou le GLA 220 d 4MATIC, vous b\u00e9n\u00e9ficierez d&rsquo;un v\u00e9hicule parfaitement adapt\u00e9 aux longs trajets comme aux d\u00e9placements quotidiens.<\/p>\n<h2>Motorisation hybride rechargeable GLA 250 e : \u00e9conomie et polyvalence<\/h2>\n<p>Le Mercedes GLA 250 e repr\u00e9sente l&rsquo;excellence de l&rsquo;\u00e9lectrification au sein de la gamme, combinant les avantages d&rsquo;un moteur thermique et d&rsquo;un moteur \u00e9lectrique pour offrir une exp\u00e9rience de conduite \u00e0 la fois performante et respectueuse de l&rsquo;environnement. Cette version s&rsquo;adresse aux conducteurs soucieux de r\u00e9duire leur empreinte \u00e9cologique sans renoncer au plaisir de conduite.<\/p>\n<h3>Architecture moteur et batterie<\/h3>\n<p>Le GLA 250 e associe un moteur essence 1.3 litre de 160 ch \u00e0 un moteur \u00e9lectrique de 102 ch (80 kW), pour une puissance cumul\u00e9e de 218 ch. Le couple total atteint 450 Nm, garantissant des acc\u00e9l\u00e9rations franches et une r\u00e9activit\u00e9 imm\u00e9diate.<\/p>\n<p>La batterie haute tension de 15,6 kWh se loge sous le plancher, pr\u00e9servant ainsi le volume du coffre. Cette configuration offre un centre de gravit\u00e9 bas, favorisant la stabilit\u00e9 en virage. L&rsquo;hybride rechargeable permet de rouler en mode 100 % \u00e9lectrique, en mode hybride automatique ou en mode thermique selon vos besoins et pr\u00e9f\u00e9rences.<\/p>\n<h3>Autonomie \u00e9lectrique et recharge<\/h3>\n<p>Le Mercedes GLA 250 e offre une autonomie \u00e9lectrique comprise entre 66 et 76 kilom\u00e8tres selon le cycle WLTP, suffisante pour la plupart des trajets quotidiens. Cette capacit\u00e9 vous permet de r\u00e9aliser vos d\u00e9placements urbains et p\u00e9riurbains sans consommer une goutte de carburant.<\/p>\n<p>Vous pouvez choisir diff\u00e9rents modes de conduite pour optimiser votre consommation : le mode Electric privil\u00e9gie la propulsion \u00e9lectrique, le mode Battery Level maintient la charge pour utilisation ult\u00e9rieure, et le mode Hybrid g\u00e8re automatiquement l&rsquo;alternance entre les deux moteurs. La recharge compl\u00e8te s&rsquo;effectue en moins de 2 heures sur une wallbox, ou en 5 heures sur une prise domestique renforc\u00e9e.<\/p>\n<p>Les avantages de la motorisation hybride rechargeable :<\/p>\n<ul>\n<li><strong>Z\u00e9ro \u00e9mission locale<\/strong> lors de la conduite 100 % \u00e9lectrique pour pr\u00e9server la qualit\u00e9 de l&rsquo;air en ville.<\/li>\n<li><strong>Couple instantan\u00e9<\/strong> du moteur \u00e9lectrique pour des acc\u00e9l\u00e9rations dynamiques d\u00e8s l&rsquo;arr\u00eat.<\/li>\n<li><strong>Consommation r\u00e9duite<\/strong> de 1,3 \u00e0 1,8 l\/100 km en cycle mixte WLTP.<\/li>\n<li><strong>\u00c9missions de CO\u2082<\/strong> inf\u00e9rieures \u00e0 30 g\/km, b\u00e9n\u00e9ficiant d&rsquo;avantages fiscaux potentiels.<\/li>\n<\/ul>\n<p>Cette version vous permet de profiter du meilleur des deux mondes : l&rsquo;autonomie et la souplesse d&rsquo;un moteur thermique pour les longs trajets, et l&rsquo;efficacit\u00e9 d&rsquo;un moteur \u00e9lectrique pour vos d\u00e9placements quotidiens.<\/p>\n<h2>Transmissions, traction et technologies d&rsquo;assistance<\/h2>\n<p>Le Mercedes GLA propose une exp\u00e9rience de conduite alliant confort, performance et s\u00e9curit\u00e9 gr\u00e2ce \u00e0 ses technologies de transmission avanc\u00e9es. Que vous soyez en milieu urbain ou sur routes sinueuses, le GLA s&rsquo;adapte \u00e0 toutes les conditions avec une pr\u00e9cision remarquable, offrant aux conducteurs une ma\u00eetrise optimale du v\u00e9hicule en toute situation.<\/p>\n<h3>Bo\u00eete automatique 8G-DCT et double embrayage<\/h3>\n<p>La transmission automatique 8G-DCT (Dual Clutch Transmission) \u00e9quipant le Mercedes GLA repr\u00e9sente une prouesse technologique qui am\u00e9liore consid\u00e9rablement l&rsquo;agr\u00e9ment de conduite. Ce syst\u00e8me \u00e0 double embrayage permet des changements de rapports quasi instantan\u00e9s, sans rupture de couple et sans \u00e0-coups.<\/p>\n<p>La bo\u00eete automatique 8G-DCT Speedshift offre plusieurs modes de conduite adapt\u00e9s \u00e0 vos besoins :<\/p>\n<ul>\n<li><strong>Un mode Confort<\/strong> privil\u00e9giant la douceur et la fluidit\u00e9.<\/li>\n<li><strong>Un mode Sport<\/strong> pour des passages de rapports plus dynamiques.<\/li>\n<li><strong>Un mode Manuel<\/strong> permettant au conducteur de changer les vitesses via les palettes au volant.<\/li>\n<\/ul>\n<p>Cette technologie de double embrayage r\u00e9partit les rapports pairs et impairs sur deux demi-bo\u00eetes distinctes, garantissant une r\u00e9activit\u00e9 imm\u00e9diate et une consommation optimis\u00e9e sur tous vos trajets.<\/p>\n<h3>Syst\u00e8me 4MATIC : s\u00e9curit\u00e9 et plaisir de conduire<\/h3>\n<p>La transmission int\u00e9grale 4MATIC disponible sur plusieurs versions du Mercedes GLA constitue un atout majeur pour la s\u00e9curit\u00e9 et le plaisir de conduite. Ce syst\u00e8me intelligent r\u00e9partit automatiquement le couple entre les quatre roues motrices selon les conditions d&rsquo;adh\u00e9rence, offrant une stabilit\u00e9 accrue sur routes glissantes ou en virage.<\/p>\n<p>La technologie Torque-on-Demand permet de transmettre instantan\u00e9ment aux roues arri\u00e8re le couple exc\u00e9dentaire des roues avant, optimisant la motricit\u00e9 en toutes circonstances.<\/p>\n<table>\n<thead>\n<tr>\n<th>Motorisation<\/th>\n<th>Vitesse de pointe<\/th>\n<\/tr>\n<\/thead>\n<tbody>\n<tr>\n<td>GLA 180 (136 ch)<\/td>\n<td>205 km\/h<\/td>\n<\/tr>\n<tr>\n<td>GLA 200 (163 ch)<\/td>\n<td>210 km\/h<\/td>\n<\/tr>\n<tr>\n<td>GLA 250 4MATIC (224 ch)<\/td>\n<td>233 km\/h<\/td>\n<\/tr>\n<tr>\n<td>GLA 200d (150 ch)<\/td>\n<td>208 km\/h<\/td>\n<\/tr>\n<tr>\n<td>GLA 220d 4MATIC (190 ch)<\/td>\n<td>219 km\/h<\/td>\n<\/tr>\n<tr>\n<td>GLA 250e Hybride (218 ch)<\/td>\n<td>215 km\/h<\/td>\n<\/tr>\n<tr>\n<td>AMG 35 4MATIC (306 ch)<\/td>\n<td>250 km\/h<\/td>\n<\/tr>\n<\/tbody>\n<\/table>\n<p>Vous pouvez ainsi choisir la configuration qui correspond parfaitement \u00e0 vos besoins, avec l&rsquo;assurance d&rsquo;une technologie \u00e9prouv\u00e9e qui vous accompagnera dans tous vos d\u00e9placements. N&rsquo;h\u00e9sitez pas \u00e0 consulter nos conseillers BYmyCAR pour d\u00e9couvrir l&rsquo;ensemble des technologies d&rsquo;assistance \u00e0 la conduite qui compl\u00e8tent ces syst\u00e8mes de transmission.<\/p>\n<h2>Comment choisir la motorisation Mercedes GLA adapt\u00e9e \u00e0 vos trajets<\/h2>\n<p>Le choix d&rsquo;une motorisation pour votre Mercedes GLA est une \u00e9tape cruciale qui influencera votre exp\u00e9rience de conduite au quotidien. Avec une gamme \u00e9tendue de moteurs essence, diesel et hybrides rechargeables, il est essentiel de bien d\u00e9finir vos besoins avant de prendre votre d\u00e9cision.<\/p>\n<h3>Crit\u00e8res cl\u00e9s : usage, km annuels, type de trajets<\/h3>\n<p>Pour s\u00e9lectionner la motorisation id\u00e9ale de votre Mercedes GLA, plusieurs facteurs d\u00e9terminants doivent \u00eatre pris en compte :<\/p>\n<ul>\n<li><strong>Kilom\u00e9trage annuel<\/strong> : un conducteur parcourant plus de 20 000 km par an trouvera g\u00e9n\u00e9ralement un meilleur \u00e9quilibre \u00e9conomique avec une motorisation diesel.<\/li>\n<li><strong>Type de trajets<\/strong> : les d\u00e9placements urbains courts favorisent l&rsquo;hybride rechargeable ou l&rsquo;essence, tandis que les longs parcours autoroutiers sont l&rsquo;apanage du diesel.<\/li>\n<li><strong>Habitudes de recharge<\/strong> : pour une version hybride rechargeable, l&rsquo;acc\u00e8s \u00e0 un point de recharge quotidien est essentiel pour optimiser la consommation de carburant.<\/li>\n<li><strong>Conditions de conduite<\/strong> : le besoin de traction int\u00e9grale (4MATIC) pour les zones \u00e0 m\u00e9t\u00e9o difficile ou les chemins non goudronn\u00e9s.<\/li>\n<li><strong>Budget global<\/strong> : au-del\u00e0 du prix d&rsquo;achat, consid\u00e9rez le co\u00fbt d&rsquo;usage incluant carburant, entretien et fiscalit\u00e9.<\/li>\n<\/ul>\n<h3>Essence, diesel, hybride : tableau comparatif des avantages<\/h3>\n<table>\n<thead>\n<tr>\n<th>Crit\u00e8re<\/th>\n<th>GLA Essence<\/th>\n<th>GLA Diesel<\/th>\n<th>GLA Hybride rechargeable<\/th>\n<\/tr>\n<\/thead>\n<tbody>\n<tr>\n<td>Co\u00fbt d&rsquo;usage<\/td>\n<td>Mod\u00e9r\u00e9 (6,6-7,2 l\/100 km)<\/td>\n<td>\u00c9conomique (5,3-5,7 l\/100 km)<\/td>\n<td>Tr\u00e8s \u00e9conomique (1,3-1,8 l\/100 km)<\/td>\n<\/tr>\n<tr>\n<td>\u00c9missions<\/td>\n<td>Moyennes<\/td>\n<td>R\u00e9duites (normes Euro)<\/td>\n<td>Tr\u00e8s faibles (&lt;30g CO\u2082\/km)<\/td>\n<\/tr>\n<tr>\n<td>Autonomie \u00e9lectrique<\/td>\n<td>Aucune<\/td>\n<td>Aucune<\/td>\n<td>66-76 km (WLTP)<\/td>\n<\/tr>\n<tr>\n<td>Traction<\/td>\n<td>2 ou 4 roues motrices<\/td>\n<td>2 ou 4 roues motrices<\/td>\n<td>2 roues motrices<\/td>\n<\/tr>\n<tr>\n<td>Id\u00e9al pour<\/td>\n<td>Trajets mixtes<\/td>\n<td>Grands rouleurs<\/td>\n<td>Trajets urbains\/p\u00e9riurbains<\/td>\n<\/tr>\n<\/tbody>\n<\/table>\n<p>Toutes les motorisations du Mercedes GLA sont d\u00e9sormais \u00e9quip\u00e9es d&rsquo;une bo\u00eete automatique de s\u00e9rie, offrant un confort de conduite optimal quelle que soit la version choisie. L&rsquo;entr\u00e9e de gamme d\u00e9bute avec le GLA 180 de 136 ch, tandis que les versions les plus dynamiques peuvent atteindre plus de 300 ch pour les d\u00e9clinaisons AMG.<\/p>\n<p>Pour d\u00e9terminer la motorisation qui correspond parfaitement \u00e0 vos besoins et \u00e0 votre budget, n&rsquo;h\u00e9sitez pas \u00e0 contacter nos conseillers BYmyCAR pour un essai personnalis\u00e9.<\/p>\n<h2>FAQ sur les motorisations du Mercedes GLA<\/h2>\n<h3>Quelle motorisation pour Mercedes GLA ?<\/h3>\n<p>Le Mercedes GLA propose une gamme compl\u00e8te de motorisations adapt\u00e9es \u00e0 tous les usages. Vous pouvez opter pour les versions essence (GLA 180, 200, 250 4MATIC) offrant entre 136 et 224 ch, les versions diesel (GLA 200d, 220d 4MATIC) d\u00e9veloppant 150 \u00e0 190 ch avec un excellent couple, ou la version hybride rechargeable GLA 250e combinant un moteur essence avec un moteur \u00e9lectrique pour une puissance cumul\u00e9e de 218 ch.<\/p>\n<h3>Le moteur du GLA 200 est-il un moteur Renault ou Mercedes ?<\/h3>\n<p>Le moteur du GLA 200 essence est un quatre cylindres 1,3 litre de 163 ch d\u00e9velopp\u00e9 en collaboration entre la marque allemande et Renault. Cette alliance technologique a permis de cr\u00e9er un bloc moderne et efficace offrant un excellent compromis entre performances et consommation. Ce moteur se distingue par son couple g\u00e9n\u00e9reux de 250 Nm disponible d\u00e8s 1600 tr\/min, assurant une conduite souple et r\u00e9active en toutes circonstances.<\/p>\n<h3>Quelle est la diff\u00e9rence entre le moteur GLA 200 et le moteur GLA 220 ?<\/h3>\n<p>La principale diff\u00e9rence r\u00e9side dans la puissance et le couple. Le GLA 200 essence dispose d&rsquo;un moteur 1,3 litre d\u00e9veloppant 163 ch, tandis que le GLA 220d est \u00e9quip\u00e9 d&rsquo;un bloc diesel 2,0 litres de 190 ch offrant un couple sup\u00e9rieur (400 Nm). Le GLA 220 est g\u00e9n\u00e9ralement propos\u00e9 avec la transmission int\u00e9grale 4MATIC, absente du GLA 200, ce qui lui conf\u00e8re une meilleure motricit\u00e9 et des capacit\u00e9s tout-terrain plus d\u00e9velopp\u00e9es.<\/p>\n<h3>Quelle est la motorisation du Mercedes GLA hybride ?<\/h3>\n<p>Le Mercedes GLA hybride rechargeable, baptis\u00e9 GLA 250 e EQ Power, associe un moteur essence 1,3 litre de 160 ch \u00e0 un moteur \u00e9lectrique de 102 ch pour une puissance cumul\u00e9e de 218 ch. Cette motorisation offre une autonomie 100 % \u00e9lectrique comprise entre 66 et 76 km (cycle WLTP) et des \u00e9missions de CO\u2082 inf\u00e9rieures \u00e0 30 g\/km. Sa batterie de 15,6 kWh lui permet de combiner performances et sobri\u00e9t\u00e9 exemplaire.<\/p>\n<h3>Quel moteur \u00e9quipe le Mercedes GLA 200 essence ?<\/h3>\n<p>Le Mercedes GLA 200 essence est propuls\u00e9 par un moteur quatre cylindres en ligne de 1332 cm\u00b3 d\u00e9veloppant 163 chevaux. Ce bloc moderne est dot\u00e9 de technologies avanc\u00e9es comme la d\u00e9sactivation partielle des cylindres \u00e0 charge r\u00e9duite pour optimiser la consommation. Associ\u00e9 \u00e0 la bo\u00eete automatique 7G-DCT, il offre un excellent agr\u00e9ment de conduite avec une consommation moyenne de 6,5 l\/100 km, id\u00e9ale pour une utilisation polyvalente.<\/p>\n<p><strong>Sources :<\/strong><\/p>\n<ul>\n<li><a href=\"https:\/\/www.mercedes-benz.fr\/passengercars\/models\/suv\/gla\/overview.html\" target=\"_blank\" rel=\"noopener\">GLA \u2013 Mercedes-Benz France (fiche constructeur)<\/a><\/li>\n<li><a href=\"https:\/\/www.automobile-propre.com\/voitures\/mercedes-gla\/\" target=\"_blank\" rel=\"noopener\">Mercedes GLA : prix, autonomie, infos<\/a><\/li>\n<li><a href=\"https:\/\/www.caroom.fr\/guide\/marques\/mercedes\/quel-gla-choisir\" target=\"_blank\" rel=\"noopener\">Quel Mercedes GLA choisir ? Dimensions, finitions &#8230;<\/a><\/li>\n<li><a href=\"https:\/\/www.etoile35.mercedes-benz.fr\/passengercars\/models\/suv-gla.html\" target=\"_blank\" rel=\"noopener\">GLA &#8211; Bienvenue chez votre Distributeur Mercedes-Benz<\/a><\/li>\n<li><a href=\"https:\/\/www.automobile-magazine.fr\/modele\/mercedes\/gla\" target=\"_blank\" rel=\"noopener\">Mercedes GLA : essais, actualit\u00e9s, prix et fiches techniques<\/a><\/li>\n<\/ul>\n"}},{"acf_fc_layout":"text-simple","--nav":{"-withNav":false,"-ancre":""},"--group":{"-text":"<p><!--StartFragment --><\/p>\n<p class=\"pf0\"><span class=\"cf0\">D\u00e9couvrez aussi :<\/span><\/p>\n<ul>\n<li class=\"pf1\"><a href=\"https:\/\/www.bymycar.be\/webzine\/mercedes-gla-vs-bmw-x1-lequel-est-le-meilleur-suv-compact\/\"><span class=\"cf1\">Mercedes GLA vs BMW X1 : lequel est le meilleur SUV compact ?<\/span><\/a><\/li>\n<li class=\"pf1\"><a href=\"https:\/\/www.bymycar.be\/webzine\/acheter-une-mercedes-gla-doccasion-les-conseils-de-nos-experts-bymycar\/\"><span class=\"cf1\">Acheter une Mercedes GLA d\u2019occasion : les conseils de nos experts <\/span><span class=\"cf1\">BYmyCAR<\/span><\/a><\/li>\n<li class=\"pf1\"><a href=\"https:\/\/www.bymycar.be\/webzine\/mercedes-gla-finition-quelle-version-offre-le-meilleur-rapport-qualite-prix\/\"><span class=\"cf1\">Mercedes GLA : quelle version offre le meilleur rapport qualit\u00e9\/prix ?<\/span><\/a><\/li>\n<li class=\"pf1\"><a href=\"https:\/\/www.bymycar.be\/webzine\/mercedes-benz-gla-4matic-la-transmission-integrale-qui-inspire-confiance\/\"><span class=\"cf1\">Mercedes GLA 4MATIC : quels sont les avantages de la transmission int\u00e9grale ?<\/span><\/a><\/li>\n<li class=\"pf1\"><a href=\"https:\/\/www.bymycar.be\/webzine\/mercedes-gla-hybride-rechargeable-est-ce-un-bon-choix\/\"><span class=\"cf1\">Mercedes GLA hybride rechargeable : est-ce un bon choix ?<\/span><\/a><\/li>\n<li class=\"pf1\"><a href=\"https:\/\/www.bymycar.be\/webzine\/mercedes-gla-amg-performances-et-polyvalence-dun-suv-sportif\/\"><span class=\"cf1\">Mercedes GLA AMG : la version sportive est-elle int\u00e9ressante ?<\/span><\/a><\/li>\n<\/ul>\n<p><!--EndFragment --><\/p>\n"}}]}},"yoast_head":"<!-- This site is optimized with the Yoast SEO Premium plugin v26.4 (Yoast SEO v27.1.1) - https:\/\/yoast.com\/product\/yoast-seo-premium-wordpress\/ -->\n<title>Mercedes GLA : motorisation essence, diesel ou hybride ? - Webzine BE | BYmyCAR<\/title>\n<meta name=\"robots\" content=\"index, follow, max-snippet:-1, max-image-preview:large, max-video-preview:-1\" \/>\n<link rel=\"canonical\" href=\"https:\/\/www.bymycar.be\/webzine\/mercedes-gla-motorisation-essence-diesel-ou-hybride\/\" \/>\n<meta property=\"og:locale\" content=\"fr_FR\" \/>\n<meta property=\"og:type\" content=\"article\" \/>\n<meta property=\"og:title\" content=\"Mercedes GLA : motorisation essence, diesel ou hybride ?\" \/>\n<meta property=\"og:url\" content=\"https:\/\/www.bymycar.be\/webzine\/mercedes-gla-motorisation-essence-diesel-ou-hybride\/\" \/>\n<meta property=\"og:site_name\" content=\"Webzine BE | BYmyCAR\" \/>\n<meta property=\"article:publisher\" content=\"https:\/\/www.facebook.com\/BYmyCAR.officiel\/\" \/>\n<meta property=\"article:published_time\" content=\"2025-12-02T14:19:38+00:00\" \/>\n<meta property=\"article:modified_time\" content=\"2025-12-03T08:42:41+00:00\" \/>\n<meta name=\"author\" content=\"Tom Fernandes\" \/>\n<meta name=\"twitter:card\" content=\"summary_large_image\" \/>\n<meta name=\"twitter:label1\" content=\"\u00c9crit par\" \/>\n\t<meta name=\"twitter:data1\" content=\"Tom Fernandes\" \/>\n<script type=\"application\/ld+json\" class=\"yoast-schema-graph\">{\"@context\":\"https:\/\/schema.org\",\"@graph\":[{\"@type\":\"Article\",\"@id\":\"https:\/\/www.bymycar.be\/webzine\/mercedes-gla-motorisation-essence-diesel-ou-hybride\/#article\",\"isPartOf\":{\"@id\":\"https:\/\/www.bymycar.be\/webzine\/mercedes-gla-motorisation-essence-diesel-ou-hybride\/\"},\"author\":{\"name\":\"Tom Fernandes\",\"@id\":\"https:\/\/www.bymycar.be\/webzine\/nl\/#\/schema\/person\/6cd99e624bbd64604349ff20ee1ed853\"},\"headline\":\"Mercedes GLA : motorisation essence, diesel ou hybride ?\",\"datePublished\":\"2025-12-02T14:19:38+00:00\",\"dateModified\":\"2025-12-03T08:42:41+00:00\",\"mainEntityOfPage\":{\"@id\":\"https:\/\/www.bymycar.be\/webzine\/mercedes-gla-motorisation-essence-diesel-ou-hybride\/\"},\"wordCount\":7,\"publisher\":{\"@id\":\"https:\/\/www.bymycar.be\/webzine\/nl\/#organization\"},\"articleSection\":[\"Guide d'achat Mercedes\"],\"inLanguage\":\"fr-FR\"},{\"@type\":\"WebPage\",\"@id\":\"https:\/\/www.bymycar.be\/webzine\/mercedes-gla-motorisation-essence-diesel-ou-hybride\/\",\"url\":\"https:\/\/www.bymycar.be\/webzine\/mercedes-gla-motorisation-essence-diesel-ou-hybride\/\",\"name\":\"Mercedes GLA : motorisation essence, diesel ou hybride ? - Webzine BE | BYmyCAR\",\"isPartOf\":{\"@id\":\"https:\/\/www.bymycar.be\/webzine\/nl\/#website\"},\"datePublished\":\"2025-12-02T14:19:38+00:00\",\"dateModified\":\"2025-12-03T08:42:41+00:00\",\"breadcrumb\":{\"@id\":\"https:\/\/www.bymycar.be\/webzine\/mercedes-gla-motorisation-essence-diesel-ou-hybride\/#breadcrumb\"},\"inLanguage\":\"fr-FR\",\"potentialAction\":[{\"@type\":\"ReadAction\",\"target\":[\"https:\/\/www.bymycar.be\/webzine\/mercedes-gla-motorisation-essence-diesel-ou-hybride\/\"]}]},{\"@type\":\"BreadcrumbList\",\"@id\":\"https:\/\/www.bymycar.be\/webzine\/mercedes-gla-motorisation-essence-diesel-ou-hybride\/#breadcrumb\",\"itemListElement\":[{\"@type\":\"ListItem\",\"position\":1,\"name\":\"Accueil\",\"item\":\"https:\/\/www.bymycar.be\/webzine\/\"},{\"@type\":\"ListItem\",\"position\":2,\"name\":\"Mercedes GLA : motorisation essence, diesel ou hybride ?\"}]},{\"@type\":\"WebSite\",\"@id\":\"https:\/\/www.bymycar.be\/webzine\/nl\/#website\",\"url\":\"https:\/\/www.bymycar.be\/webzine\/nl\/\",\"name\":\"Webzine | BYmyCAR\",\"description\":\"_Le webzine auto de\",\"publisher\":{\"@id\":\"https:\/\/www.bymycar.be\/webzine\/nl\/#organization\"},\"potentialAction\":[{\"@type\":\"SearchAction\",\"target\":{\"@type\":\"EntryPoint\",\"urlTemplate\":\"https:\/\/www.bymycar.be\/webzine\/nl\/?s={search_term_string}\"},\"query-input\":{\"@type\":\"PropertyValueSpecification\",\"valueRequired\":true,\"valueName\":\"search_term_string\"}}],\"inLanguage\":\"fr-FR\"},{\"@type\":\"Organization\",\"@id\":\"https:\/\/www.bymycar.be\/webzine\/nl\/#organization\",\"name\":\"Webzine | BYmyCAR\",\"url\":\"https:\/\/www.bymycar.be\/webzine\/nl\/\",\"logo\":{\"@type\":\"ImageObject\",\"inLanguage\":\"fr-FR\",\"@id\":\"https:\/\/www.bymycar.be\/webzine\/nl\/#\/schema\/logo\/image\/\",\"url\":\"https:\/\/cdn.bymycar.eu\/be-webzine\/wp-content\/uploads\/2024\/11\/20203047\/logo.png\",\"contentUrl\":\"https:\/\/cdn.bymycar.eu\/be-webzine\/wp-content\/uploads\/2024\/11\/20203047\/logo.png\",\"width\":1280,\"height\":512,\"caption\":\"Webzine | BYmyCAR\"},\"image\":{\"@id\":\"https:\/\/www.bymycar.be\/webzine\/nl\/#\/schema\/logo\/image\/\"},\"sameAs\":[\"https:\/\/www.facebook.com\/BYmyCAR.officiel\/\",\"https:\/\/www.instagram.com\/bymycar.officiel\/\"]},{\"@type\":\"Person\",\"@id\":\"https:\/\/www.bymycar.be\/webzine\/nl\/#\/schema\/person\/6cd99e624bbd64604349ff20ee1ed853\",\"name\":\"Tom Fernandes\",\"image\":{\"@type\":\"ImageObject\",\"inLanguage\":\"fr-FR\",\"@id\":\"https:\/\/www.bymycar.be\/webzine\/nl\/#\/schema\/person\/image\/\",\"url\":\"https:\/\/secure.gravatar.com\/avatar\/81b17c0cc5a6f1f7f394984269a7cbad9c7cca9604839da024242cf665051fbf?s=96&d=mm&r=g\",\"contentUrl\":\"https:\/\/secure.gravatar.com\/avatar\/81b17c0cc5a6f1f7f394984269a7cbad9c7cca9604839da024242cf665051fbf?s=96&d=mm&r=g\",\"caption\":\"Tom Fernandes\"}}]}<\/script>\n<!-- \/ Yoast SEO Premium plugin. -->","yoast_head_json":{"title":"Mercedes GLA : motorisation essence, diesel ou hybride ? - Webzine BE | BYmyCAR","robots":{"index":"index","follow":"follow","max-snippet":"max-snippet:-1","max-image-preview":"max-image-preview:large","max-video-preview":"max-video-preview:-1"},"canonical":"https:\/\/www.bymycar.be\/webzine\/mercedes-gla-motorisation-essence-diesel-ou-hybride\/","og_locale":"fr_FR","og_type":"article","og_title":"Mercedes GLA : motorisation essence, diesel ou hybride ?","og_url":"https:\/\/www.bymycar.be\/webzine\/mercedes-gla-motorisation-essence-diesel-ou-hybride\/","og_site_name":"Webzine BE | BYmyCAR","article_publisher":"https:\/\/www.facebook.com\/BYmyCAR.officiel\/","article_published_time":"2025-12-02T14:19:38+00:00","article_modified_time":"2025-12-03T08:42:41+00:00","author":"Tom Fernandes","twitter_card":"summary_large_image","twitter_misc":{"\u00c9crit par":"Tom Fernandes"},"schema":{"@context":"https:\/\/schema.org","@graph":[{"@type":"Article","@id":"https:\/\/www.bymycar.be\/webzine\/mercedes-gla-motorisation-essence-diesel-ou-hybride\/#article","isPartOf":{"@id":"https:\/\/www.bymycar.be\/webzine\/mercedes-gla-motorisation-essence-diesel-ou-hybride\/"},"author":{"name":"Tom Fernandes","@id":"https:\/\/www.bymycar.be\/webzine\/nl\/#\/schema\/person\/6cd99e624bbd64604349ff20ee1ed853"},"headline":"Mercedes GLA : motorisation essence, diesel ou hybride ?","datePublished":"2025-12-02T14:19:38+00:00","dateModified":"2025-12-03T08:42:41+00:00","mainEntityOfPage":{"@id":"https:\/\/www.bymycar.be\/webzine\/mercedes-gla-motorisation-essence-diesel-ou-hybride\/"},"wordCount":7,"publisher":{"@id":"https:\/\/www.bymycar.be\/webzine\/nl\/#organization"},"articleSection":["Guide d'achat Mercedes"],"inLanguage":"fr-FR"},{"@type":"WebPage","@id":"https:\/\/www.bymycar.be\/webzine\/mercedes-gla-motorisation-essence-diesel-ou-hybride\/","url":"https:\/\/www.bymycar.be\/webzine\/mercedes-gla-motorisation-essence-diesel-ou-hybride\/","name":"Mercedes GLA : motorisation essence, diesel ou hybride ? - Webzine BE | BYmyCAR","isPartOf":{"@id":"https:\/\/www.bymycar.be\/webzine\/nl\/#website"},"datePublished":"2025-12-02T14:19:38+00:00","dateModified":"2025-12-03T08:42:41+00:00","breadcrumb":{"@id":"https:\/\/www.bymycar.be\/webzine\/mercedes-gla-motorisation-essence-diesel-ou-hybride\/#breadcrumb"},"inLanguage":"fr-FR","potentialAction":[{"@type":"ReadAction","target":["https:\/\/www.bymycar.be\/webzine\/mercedes-gla-motorisation-essence-diesel-ou-hybride\/"]}]},{"@type":"BreadcrumbList","@id":"https:\/\/www.bymycar.be\/webzine\/mercedes-gla-motorisation-essence-diesel-ou-hybride\/#breadcrumb","itemListElement":[{"@type":"ListItem","position":1,"name":"Accueil","item":"https:\/\/www.bymycar.be\/webzine\/"},{"@type":"ListItem","position":2,"name":"Mercedes GLA : motorisation essence, diesel ou hybride ?"}]},{"@type":"WebSite","@id":"https:\/\/www.bymycar.be\/webzine\/nl\/#website","url":"https:\/\/www.bymycar.be\/webzine\/nl\/","name":"Webzine | BYmyCAR","description":"_Le webzine auto de","publisher":{"@id":"https:\/\/www.bymycar.be\/webzine\/nl\/#organization"},"potentialAction":[{"@type":"SearchAction","target":{"@type":"EntryPoint","urlTemplate":"https:\/\/www.bymycar.be\/webzine\/nl\/?s={search_term_string}"},"query-input":{"@type":"PropertyValueSpecification","valueRequired":true,"valueName":"search_term_string"}}],"inLanguage":"fr-FR"},{"@type":"Organization","@id":"https:\/\/www.bymycar.be\/webzine\/nl\/#organization","name":"Webzine | BYmyCAR","url":"https:\/\/www.bymycar.be\/webzine\/nl\/","logo":{"@type":"ImageObject","inLanguage":"fr-FR","@id":"https:\/\/www.bymycar.be\/webzine\/nl\/#\/schema\/logo\/image\/","url":"https:\/\/cdn.bymycar.eu\/be-webzine\/wp-content\/uploads\/2024\/11\/20203047\/logo.png","contentUrl":"https:\/\/cdn.bymycar.eu\/be-webzine\/wp-content\/uploads\/2024\/11\/20203047\/logo.png","width":1280,"height":512,"caption":"Webzine | BYmyCAR"},"image":{"@id":"https:\/\/www.bymycar.be\/webzine\/nl\/#\/schema\/logo\/image\/"},"sameAs":["https:\/\/www.facebook.com\/BYmyCAR.officiel\/","https:\/\/www.instagram.com\/bymycar.officiel\/"]},{"@type":"Person","@id":"https:\/\/www.bymycar.be\/webzine\/nl\/#\/schema\/person\/6cd99e624bbd64604349ff20ee1ed853","name":"Tom Fernandes","image":{"@type":"ImageObject","inLanguage":"fr-FR","@id":"https:\/\/www.bymycar.be\/webzine\/nl\/#\/schema\/person\/image\/","url":"https:\/\/secure.gravatar.com\/avatar\/81b17c0cc5a6f1f7f394984269a7cbad9c7cca9604839da024242cf665051fbf?s=96&d=mm&r=g","contentUrl":"https:\/\/secure.gravatar.com\/avatar\/81b17c0cc5a6f1f7f394984269a7cbad9c7cca9604839da024242cf665051fbf?s=96&d=mm&r=g","caption":"Tom Fernandes"}}]}},"_links":{"self":[{"href":"https:\/\/www.bymycar.be\/webzine\/wp-json\/wp\/v2\/posts\/5358","targetHints":{"allow":["GET"]}}],"collection":[{"href":"https:\/\/www.bymycar.be\/webzine\/wp-json\/wp\/v2\/posts"}],"about":[{"href":"https:\/\/www.bymycar.be\/webzine\/wp-json\/wp\/v2\/types\/post"}],"author":[{"embeddable":true,"href":"https:\/\/www.bymycar.be\/webzine\/wp-json\/wp\/v2\/users\/17"}],"replies":[{"embeddable":true,"href":"https:\/\/www.bymycar.be\/webzine\/wp-json\/wp\/v2\/comments?post=5358"}],"version-history":[{"count":7,"href":"https:\/\/www.bymycar.be\/webzine\/wp-json\/wp\/v2\/posts\/5358\/revisions"}],"predecessor-version":[{"id":5402,"href":"https:\/\/www.bymycar.be\/webzine\/wp-json\/wp\/v2\/posts\/5358\/revisions\/5402"}],"wp:attachment":[{"href":"https:\/\/www.bymycar.be\/webzine\/wp-json\/wp\/v2\/media?parent=5358"}],"wp:term":[{"taxonomy":"category","embeddable":true,"href":"https:\/\/www.bymycar.be\/webzine\/wp-json\/wp\/v2\/categories?post=5358"},{"taxonomy":"post_tag","embeddable":true,"href":"https:\/\/www.bymycar.be\/webzine\/wp-json\/wp\/v2\/tags?post=5358"}],"curies":[{"name":"wp","href":"https:\/\/api.w.org\/{rel}","templated":true}]}}