{"id":5352,"date":"2025-12-02T15:09:10","date_gmt":"2025-12-02T14:09:10","guid":{"rendered":"https:\/\/www.bymycar.be\/webzine\/?p=5352"},"modified":"2025-12-03T09:41:37","modified_gmt":"2025-12-03T08:41:37","slug":"mercedes-gla-vs-bmw-x1-lequel-est-le-meilleur-suv-compact","status":"publish","type":"post","link":"https:\/\/www.bymycar.be\/webzine\/mercedes-gla-vs-bmw-x1-lequel-est-le-meilleur-suv-compact\/","title":{"rendered":"Mercedes GLA vs BMW X1 : lequel est le meilleur SUV compact ?"},"content":{"rendered":"","protected":false},"excerpt":{"rendered":"","protected":false},"author":17,"featured_media":0,"comment_status":"closed","ping_status":"closed","sticky":false,"template":"","format":"standard","meta":{"_acf_changed":false,"footnotes":""},"categories":[1458],"tags":[],"class_list":["post-5352","post","type-post","status-publish","format-standard","hentry","category-guide-dachat-mercedes"],"acf":{"image":{"ID":5354,"id":5354,"title":"23c0097-005 (1)","filename":"23c0097-005-1-scaled.jpg","filesize":236968,"url":"https:\/\/cdn.bymycar.eu\/be-webzine\/wp-content\/uploads\/2025\/12\/02150536\/23c0097-005-1-scaled.jpg","link":"https:\/\/www.bymycar.be\/webzine\/mercedes-gla-vs-bmw-x1-lequel-est-le-meilleur-suv-compact\/23c0097-005-1\/","alt":"Mercedes GLA","author":"17","description":"","caption":"","name":"23c0097-005-1","status":"inherit","uploaded_to":5352,"date":"2025-12-02 14:05:24","modified":"2025-12-02 14:05:55","menu_order":0,"mime_type":"image\/jpeg","type":"image","subtype":"jpeg","icon":"https:\/\/www.bymycar.be\/webzine\/wp-includes\/images\/media\/default.png","width":2560,"height":1707,"sizes":{"thumbnail":"https:\/\/cdn.bymycar.eu\/be-webzine\/wp-content\/uploads\/2025\/12\/02150536\/23c0097-005-1-150x150.jpg","thumbnail-width":150,"thumbnail-height":150,"medium":"https:\/\/cdn.bymycar.eu\/be-webzine\/wp-content\/uploads\/2025\/12\/02150536\/23c0097-005-1-300x200.jpg","medium-width":300,"medium-height":200,"medium_large":"https:\/\/cdn.bymycar.eu\/be-webzine\/wp-content\/uploads\/2025\/12\/02150536\/23c0097-005-1-768x512.jpg","medium_large-width":768,"medium_large-height":512,"large":"https:\/\/cdn.bymycar.eu\/be-webzine\/wp-content\/uploads\/2025\/12\/02150536\/23c0097-005-1-1024x683.jpg","large-width":1024,"large-height":683,"1536x1536":"https:\/\/cdn.bymycar.eu\/be-webzine\/wp-content\/uploads\/2025\/12\/02150536\/23c0097-005-1-1536x1024.jpg","1536x1536-width":1536,"1536x1536-height":1024,"2048x2048":"https:\/\/cdn.bymycar.eu\/be-webzine\/wp-content\/uploads\/2025\/12\/02150536\/23c0097-005-1-2048x1365.jpg","2048x2048-width":2048,"2048x2048-height":1365}},"introduction":"<p>\u00c0 la recherche du SUV compact premium id\u00e9al ? BYmyCAR vous guide dans cette comparaison entre deux r\u00e9f\u00e9rences sur le march\u00e9 : le <a href=\"https:\/\/www.bymycar.be\/fr\/v\/mercedes-gla\">Mercedes GLA<\/a> et le BMW X1. Ces mod\u00e8les d&rsquo;exception se distinguent par leur design soign\u00e9, leurs motorisations performantes et leurs technologies avanc\u00e9es. Notre analyse d\u00e9taille leurs performances, leur confort et les services associ\u00e9s pour vous aider \u00e0 faire le choix qui correspond parfaitement \u00e0 vos attentes et \u00e0 votre style de conduite.<\/p>\n<p>&nbsp;<\/p>\n<p style=\"text-align: center;\"><a href=\"https:\/\/www.bymycar.be\/webzine\/pourquoi-choisir-un-mercedes-gla\/\"  class=\"css-button css-button--gold\" >\n                Tout savoir sur la Mercedes GLA\n        <\/a><\/p>\n","add-to-bo":false,"page_content":{"block_content":[{"acf_fc_layout":"carousel-produits"},{"acf_fc_layout":"text-simple","--nav":{"-withNav":false,"-ancre":""},"--group":{"-text":"<h2>Design et espace \u00e0 bord : Mercedes GLA vs BMW X1<\/h2>\n<h3>Silhouettes et finitions ext\u00e9rieures<\/h3>\n<p>Le Mercedes GLA s\u00e9duit par sa silhouette \u00e9l\u00e9gante aux courbes douces et son capot plongeant qui lui conf\u00e8rent une allure \u00e0 la fois sportive et sophistiqu\u00e9e. Sa ligne de toit l\u00e9g\u00e8rement plongeante vers l&rsquo;arri\u00e8re et ses proportions \u00e9quilibr\u00e9es donnent au GLA de <a href=\"https:\/\/www.bymycar.be\/fr\/v\/mercedes\">Mercedes<\/a> un caract\u00e8re dynamique tr\u00e8s appr\u00e9ci\u00e9 dans l&rsquo;univers premium. De son c\u00f4t\u00e9, le BMW X1 adopte un style plus affirm\u00e9 avec des lignes robustes, une calandre imposante et un profil plus statutaire qui refl\u00e8te parfaitement l&rsquo;ADN de la marque bavaroise. Les finitions ext\u00e9rieures des deux mod\u00e8les t\u00e9moignent d&rsquo;un soin particulier apport\u00e9 aux d\u00e9tails, avec des jantes alliage distinctives et des signatures lumineuses caract\u00e9ristiques qui renforcent leur positionnement haut de gamme. Vous pouvez d&rsquo;ailleurs appr\u00e9cier ces diff\u00e9rences stylistiques en visitant nos concessions BYmyCAR.<\/p>\n<h3>Dimensions du GLA et du X1 face au Q3<\/h3>\n<p>Les dimensions ext\u00e9rieures jouent un r\u00f4le essentiel dans le choix d&rsquo;un SUV compact premium. Le Mercedes GLA se distingue par sa longueur de 4,41 m, l\u00e9g\u00e8rement inf\u00e9rieure \u00e0 celle du BMW X1 qui atteint 4,50 m. L&rsquo;Audi Q3, autre r\u00e9f\u00e9rence du segment, se positionne entre les deux avec ses 4,48 m. Cette diff\u00e9rence de gabarit se ressent particuli\u00e8rement en milieu urbain, o\u00f9 le Mercedes GLA offre une maniabilit\u00e9 appr\u00e9ciable. Voici un tableau comparatif des principales dimensions :<\/p>\n<table>\n<thead>\n<tr>\n<th>Mod\u00e8le<\/th>\n<th>Longueur<\/th>\n<th>Largeur<\/th>\n<th>Hauteur<\/th>\n<\/tr>\n<\/thead>\n<tbody>\n<tr>\n<td>Mercedes GLA<\/td>\n<td>4,41 m<\/td>\n<td>1,83 m<\/td>\n<td>1,61 m<\/td>\n<\/tr>\n<tr>\n<td>BMW X1<\/td>\n<td>4,50 m<\/td>\n<td>1,85 m<\/td>\n<td>1,62 m<\/td>\n<\/tr>\n<tr>\n<td>Audi Q3<\/td>\n<td>4,48 m<\/td>\n<td>1,85 m<\/td>\n<td>1,59 m<\/td>\n<\/tr>\n<\/tbody>\n<\/table>\n<p>Ces diff\u00e9rences de dimensions se traduisent par des habitabilit\u00e9s variables, le BMW X1 offrant un espace arri\u00e8re l\u00e9g\u00e8rement plus g\u00e9n\u00e9reux que ses concurrents, id\u00e9al pour les familles.<\/p>\n<h3>Coffres et modularit\u00e9 int\u00e9rieure<\/h3>\n<p>Le volume de coffre constitue un crit\u00e8re d\u00e9terminant pour de nombreux acheteurs. Le BMW X1 prend l&rsquo;avantage avec une capacit\u00e9 allant de 500 \u00e0 1 545 litres (banquette rabattue), contre 425 \u00e0 1 420 litres pour le Mercedes GLA. L&rsquo;Audi Q3 propose quant \u00e0 lui un volume interm\u00e9diaire de 530 \u00e0 1 525 litres. La modularit\u00e9 int\u00e9rieure est particuli\u00e8rement soign\u00e9e sur ces mod\u00e8les premium : le BMW X1 et l&rsquo;Audi Q3 disposent d&rsquo;une banquette coulissante permettant d&rsquo;adapter l&rsquo;espace selon vos besoins, augmentant ainsi la polyvalence d&rsquo;utilisation. Ces syst\u00e8mes permettent soit de privil\u00e9gier l&rsquo;espace pour les passagers arri\u00e8re, soit d&rsquo;optimiser le volume de chargement. Les trois mod\u00e8les proposent \u00e9galement un plancher de coffre ajustable et des dossiers de banquette rabattables selon une configuration 40\/20\/40, offrant de multiples possibilit\u00e9s d&rsquo;agencement. Nos conseillers BYmyCAR se tiennent \u00e0 votre disposition pour vous pr\u00e9senter en d\u00e9tail ces fonctionnalit\u00e9s lors d&rsquo;un essai.<\/p>\n<h2>Motorisations : Mercedes GLA 250e vs BMW X1 25e<\/h2>\n<h3>Hybrides rechargeables : Mercedes GLA 250e vs BMW X1 25e<\/h3>\n<p>Le march\u00e9 des SUV compacts premium s&rsquo;\u00e9lectrifie avec deux mod\u00e8les phares : le Mercedes GLA 250e et le BMW X1 25e. Le Mercedes GLA 250e combine un moteur essence 4 cylindres de 1,33 litre d\u00e9veloppant 160 ch et 250 Nm avec un bloc \u00e9lectrique de 75 kW. Cette association g\u00e9n\u00e8re une puissance cumul\u00e9e de 218 ch et un couple impressionnant de 450 Nm, permettant au v\u00e9hicule d&rsquo;atteindre 100 km\/h en seulement 7,1 secondes.<\/p>\n<p>Le BMW X1 25e r\u00e9pond avec une motorisation hybride rechargeable affichant 245 ch de puissance combin\u00e9e et un agr\u00e9ment de conduite typiquement BMW. Sa transmission int\u00e9grale xDrive assure une motricit\u00e9 optimale en toutes circonstances.<\/p>\n<p>La diff\u00e9rence majeure entre ces deux mod\u00e8les se situe au niveau de la batterie : le Mercedes GLA dispose d&rsquo;une capacit\u00e9 de 15,6 kWh contre 9,7 kWh pour le BMW X1. Cette diff\u00e9rence se traduit directement sur l&rsquo;autonomie \u00e9lectrique, avec 56 \u00e0 71 km en cycle WLTP pour le Mercedes contre environ 50 km pour le BMW.<\/p>\n<table>\n<thead>\n<tr>\n<th>Caract\u00e9ristiques<\/th>\n<th>Mercedes GLA 250e<\/th>\n<th>BMW X1 25e<\/th>\n<\/tr>\n<\/thead>\n<tbody>\n<tr>\n<td>Puissance combin\u00e9e<\/td>\n<td>218 ch<\/td>\n<td>245 ch<\/td>\n<\/tr>\n<tr>\n<td>Couple<\/td>\n<td>450 Nm<\/td>\n<td>385 Nm<\/td>\n<\/tr>\n<tr>\n<td>Autonomie \u00e9lectrique<\/td>\n<td>56-71 km<\/td>\n<td>50-57 km<\/td>\n<\/tr>\n<tr>\n<td>\u00c9missions CO\u2082<\/td>\n<td>&lt; 30 g\/km<\/td>\n<td>&lt; 45 g\/km<\/td>\n<\/tr>\n<\/tbody>\n<\/table>\n<p>Ces deux mod\u00e8les sont disponibles en formule LOA chez BYmyCAR, une solution id\u00e9ale pour profiter de ces technologies avanc\u00e9es avec des mensualit\u00e9s adapt\u00e9es \u00e0 votre budget.<\/p>\n<h3>Essence : BMW X1 vs GLA 200<\/h3>\n<p>Pour ceux qui privil\u00e9gient les motorisations essence classiques, le Mercedes GLA 200 propose un bloc 4 cylindres de 1 332 cc d\u00e9veloppant 161 ch \u00e0 5 500 tr\/min et un couple g\u00e9n\u00e9reux de 270 Nm disponible entre 2 000 et 4 000 tr\/min. Cette motorisation offre un excellent compromis entre performances et consommation pour une utilisation polyvalente.<\/p>\n<p>Le BMW X1 sDrive18i r\u00e9pond avec un moteur essence 3 cylindres de 1 499 cc produisant 134 ch entre 4 400 et 6 500 tr\/min, avec un couple de 230 Nm disponible d\u00e8s 1 500 tr\/min. Si sa puissance est l\u00e9g\u00e8rement inf\u00e9rieure \u00e0 celle du Mercedes GLA 200, le BMW X1 compense par une bo\u00eete automatique particuli\u00e8rement douce et r\u00e9active.<\/p>\n<p>Les deux mod\u00e8les sont \u00e9quip\u00e9s de bo\u00eetes automatiques modernes \u2014 \u00e0 double embrayage pour le Mercedes GLA et \u00e0 convertisseur pour le BMW X1 \u2014 garantissant des passages de rapports fluides et une r\u00e9activit\u00e9 optimale en toutes circonstances. Nos conseillers BYmyCAR sont \u00e0 votre disposition pour vous faire d\u00e9couvrir ces motorisations essence lors d&rsquo;un essai routier.<\/p>\n<h3>Diesel et alternatives pour gros rouleurs<\/h3>\n<p>Les gros rouleurs ne sont pas oubli\u00e9s avec des motorisations diesel efficientes sur les deux mod\u00e8les. Le BMW X1 affiche une consommation mixte WLTP de 4,8 \u00e0 5,3 L\/100 km avec sa motorisation diesel, tandis que le Mercedes GLA \u00e9quivalent consomme entre 5,5 et 6,1 L\/100 km.<\/p>\n<p>Sur route \u00e0 allure constante, les performances sont encore plus impressionnantes avec des relev\u00e9s de 4,9 L\/100 km pour le BMW X1 et 5,5 L\/100 km pour le Mercedes GLA. Ces valeurs d\u00e9montrent l&rsquo;efficience remarquable de ces motorisations pour les conducteurs parcourant de longues distances.<\/p>\n<p>Les deux constructeurs ont \u00e9galement travaill\u00e9 sur le raffinement de leurs blocs diesel : le BMW X1 se distingue par une insonorisation particuli\u00e8rement soign\u00e9e et une micro-hybridation qui adoucit les phases de d\u00e9marrage\/arr\u00eat, tandis que le Mercedes GLA mise sur un couple g\u00e9n\u00e9reux \u00e0 bas r\u00e9gime pour une conduite d\u00e9tendue.<\/p>\n<p>Pour les professionnels et les particuliers effectuant de nombreux trajets, nos conseillers BYmyCAR peuvent vous orienter vers la solution de financement la plus adapt\u00e9e \u00e0 votre profil d&rsquo;utilisation, que ce soit en LOA ou avec d&rsquo;autres formules personnalis\u00e9es.<\/p>\n<h2>Technologies et s\u00e9curit\u00e9 : BMW X1 vs Mercedes GLA<\/h2>\n<h3>Interfaces multim\u00e9dia : MBUX, Apple CarPlay et Android Auto<\/h3>\n<p>Le Mercedes GLA se distingue par son syst\u00e8me MBUX (Mercedes-Benz User Experience) particuli\u00e8rement intuitif. Ce dispositif multim\u00e9dia propose un \u00e9cran tactile haute r\u00e9solution de 10,25 pouces offrant des graphiques \u00e9l\u00e9gants et une interface r\u00e9active. L&rsquo;assistant vocal activ\u00e9 par la commande \u00ab Hey Mercedes \u00bb utilise l&rsquo;intelligence artificielle pour apprendre vos habitudes et s&rsquo;adapter \u00e0 vos besoins, qu&rsquo;il s&rsquo;agisse de sugg\u00e9rer votre station radio pr\u00e9f\u00e9r\u00e9e ou de recommander le trajet le plus rapide vers votre lieu de travail.<\/p>\n<p>De son c\u00f4t\u00e9, le BMW X1 r\u00e9pond avec le syst\u00e8me BMW iDrive, \u00e9quip\u00e9 d&rsquo;\u00e9crans tactiles de grande dimension et d&rsquo;une interface sophistiqu\u00e9e. L&rsquo;assistant personnel \u00ab Hey BMW \u00bb permet \u00e9galement un contr\u00f4le vocal des fonctions du v\u00e9hicule. La version 2025 int\u00e8gre la technologie eSIM compatible avec la connexion 5G en \u00e9quipement standard, garantissant une connectivit\u00e9 optimale en toutes circonstances.<\/p>\n<p>Les deux SUV proposent Apple CarPlay et Android Auto sans fil, permettant une int\u00e9gration parfaite de votre smartphone \u00e0 l&rsquo;\u00e9cran multim\u00e9dia du v\u00e9hicule.<\/p>\n<h3>Aides \u00e0 la conduite et r\u00e9gulateur de vitesse adaptatif<\/h3>\n<p>En mati\u00e8re d&rsquo;assistance \u00e0 la conduite, le BMW X1 se d\u00e9marque avec son Driving Assistant Professional qui inclut un r\u00e9gulateur de vitesse adaptatif et des assistances avanc\u00e9es permettant une conduite semi-autonome jusqu&rsquo;\u00e0 70 km\/h.<\/p>\n<p>Ce pack comprend \u00e9galement :<\/p>\n<ul>\n<li>Un syst\u00e8me de maintien de voie avec intervention minimale ;<\/li>\n<li>Des syst\u00e8mes anti-collision sophistiqu\u00e9s ;<\/li>\n<li>Une assistance au stationnement avec cam\u00e9ra de recul ;<\/li>\n<li>Un assistant de vigilance pour pr\u00e9venir la fatigue ;<\/li>\n<li>Des alertes de trafic transversal lors des man\u0153uvres.<\/li>\n<\/ul>\n<p>Le Mercedes GLA n&rsquo;est pas en reste avec une suite compl\u00e8te d&rsquo;assistances de s\u00e9curit\u00e9 incluant le maintien dans la voie, le freinage d&rsquo;urgence automatique et la surveillance des intersections. Son r\u00e9gulateur de vitesse adaptatif s&rsquo;ajuste automatiquement aux conditions de circulation, maintenant une distance de s\u00e9curit\u00e9 avec le v\u00e9hicule qui vous pr\u00e9c\u00e8de.<\/p>\n<h3>Affichage t\u00eate haute et double dalle num\u00e9rique<\/h3>\n<p>Les deux SUV premium proposent un affichage num\u00e9rique complet qui transforme l&rsquo;exp\u00e9rience de conduite. Le Mercedes GLA offre un combin\u00e9 d&rsquo;instrumentation enti\u00e8rement num\u00e9rique avec des options de personnalisation permettant d&rsquo;adapter l&rsquo;affichage selon vos pr\u00e9f\u00e9rences. L&rsquo;affichage t\u00eate haute disponible en option projette les informations essentielles dans votre champ de vision, vous permettant de rester concentr\u00e9 sur la route.<\/p>\n<p>Le BMW X1 2025 impressionne avec sa double dalle num\u00e9rique incurv\u00e9e, cr\u00e9ant une exp\u00e9rience visuelle immersive et moderne. Le syst\u00e8me BMW Maps offre une navigation pr\u00e9cise et intuitive, tandis que l&rsquo;int\u00e9gration des services connect\u00e9s permet d&rsquo;acc\u00e9der \u00e0 de nombreuses fonctionnalit\u00e9s \u00e0 distance via votre smartphone.<\/p>\n<p>Les technologies embarqu\u00e9es communes aux deux mod\u00e8les incluent :<\/p>\n<ul>\n<li>La connectivit\u00e9 smartphone sans fil pour Apple CarPlay et Android Auto ;<\/li>\n<li>Des syst\u00e8mes de navigation avec cartographie 3D ;<\/li>\n<li>Des assistants vocaux intelligents avec commande naturelle ;<\/li>\n<li>Des syst\u00e8mes de freinage d&rsquo;urgence avec d\u00e9tection des pi\u00e9tons ;<\/li>\n<li>Une assistance au stationnement avec cam\u00e9ras \u00e0 360\u00b0.<\/li>\n<\/ul>\n<p>Ces technologies avanc\u00e9es garantissent non seulement votre s\u00e9curit\u00e9, mais \u00e9galement un confort de conduite optimal, quel que soit votre choix entre ces deux excellents SUV premium.<\/p>\n<h2>Comportement routier : dynamisme du X1 et confort du GLA<\/h2>\n<p>Le BMW X1 et le Mercedes GLA incarnent deux philosophies distinctes dans l&rsquo;univers des SUV compacts premium, chacun privil\u00e9giant des aspects diff\u00e9rents de l&rsquo;exp\u00e9rience de conduite. Cette opposition de caract\u00e8res se ressent imm\u00e9diatement au volant, offrant aux conducteurs des sensations tr\u00e8s contrast\u00e9es selon leurs pr\u00e9f\u00e9rences.<\/p>\n<h3>Ch\u00e2ssis et agr\u00e9ment de conduite<\/h3>\n<p>Le BMW X1 se distingue par un comportement r\u00e9solument dynamique, fid\u00e8le \u00e0 l&rsquo;ADN sportif de la marque bavaroise. Sa direction pr\u00e9cise et directe permet des changements de direction vifs et incisifs, tandis que son ch\u00e2ssis typ\u00e9 sport maintient fermement la caisse en virage. Cette agilit\u00e9 remarquable s&rsquo;exprime pleinement gr\u00e2ce \u00e0 ses motorisations performantes, notamment sa version hybride rechargeable xDrive25e d\u00e9veloppant 245 ch avec un couple g\u00e9n\u00e9reux de 258 Nm. Le BMW X1 offre ainsi un agr\u00e9ment de conduite particuli\u00e8rement appr\u00e9ci\u00e9 des conducteurs recherchant des sensations plus sportives, avec une tenue de route exemplaire m\u00eame sur routes sinueuses.<\/p>\n<h3>Confort de suspension et meilleur confort \u00e0 bord<\/h3>\n<p>\u00c0 l&rsquo;oppos\u00e9, le Mercedes GLA privil\u00e9gie une approche ax\u00e9e sur le confort et la s\u00e9r\u00e9nit\u00e9. Sa suspension, soigneusement calibr\u00e9e, absorbe efficacement les imperfections de la route pour offrir une conduite plus douce et feutr\u00e9e. L&rsquo;isolation phonique, particuli\u00e8rement travaill\u00e9e, cr\u00e9e une ambiance feutr\u00e9e dans l&rsquo;habitacle, m\u00eame \u00e0 vitesse \u00e9lev\u00e9e. Cette orientation vers le confort n&#8217;emp\u00eache pas le Mercedes GLA de proposer des motorisations performantes, avec notamment sa version hybride rechargeable 250e qui combine puissance et sobri\u00e9t\u00e9. Les passagers b\u00e9n\u00e9ficient d&rsquo;un meilleur confort \u00e0 bord gr\u00e2ce \u00e0 des si\u00e8ges enveloppants et un amortissement qui pr\u00e9serve les occupants des asp\u00e9rit\u00e9s de la chauss\u00e9e.<\/p>\n<p>Ces deux SUV premium repr\u00e9sentent donc des choix compl\u00e9mentaires selon vos priorit\u00e9s : dynamisme et pr\u00e9cision directionnelle pour le BMW X1, confort de suspension et raffinement pour le Mercedes GLA. Pour d\u00e9terminer lequel correspond le mieux \u00e0 vos attentes, nos conseillers BYmyCAR vous invitent \u00e0 r\u00e9server un essai comparatif dans nos concessions afin d&rsquo;\u00e9prouver ces diff\u00e9rences par vous-m\u00eame et faire le choix qui vous correspond.<\/p>\n<h2>Budget d&rsquo;utilisation, financement et services BYmyCAR<\/h2>\n<p>Les Mercedes GLA et BMW X1 s\u00e9duisent non seulement par leurs performances et leurs technologies, mais \u00e9galement par leur budget d&rsquo;utilisation optimis\u00e9. Leurs motorisations efficientes permettent de r\u00e9duire consid\u00e9rablement les co\u00fbts d&rsquo;entretien au quotidien. Le Mercedes GLA, avec ses consommations ma\u00eetris\u00e9es (5,5 \u00e0 6,1 L\/100 km en diesel), et le BMW X1, encore plus sobre (4,8 \u00e0 5,3 L\/100 km), vous garantissent une utilisation \u00e9conomique malgr\u00e9 leur statut premium.<\/p>\n<p>Pour vous accompagner dans l&rsquo;acquisition de ces mod\u00e8les d&rsquo;exception, BYmyCAR vous propose des solutions de financement personnalis\u00e9es. La formule LOA (Location avec Option d&rsquo;Achat) est particuli\u00e8rement avantageuse, vous permettant de profiter de mensualit\u00e9s r\u00e9duites tout en b\u00e9n\u00e9ficiant de la libert\u00e9 de choisir \u00e0 la fin du contrat : rendre le v\u00e9hicule ou en devenir propri\u00e9taire.<\/p>\n<p>Nos conseillers BYmyCAR sont \u00e0 votre disposition pour vous pr\u00e9senter l&rsquo;ensemble des services propos\u00e9s : solutions de financement sur mesure, formules d&rsquo;entretien adapt\u00e9es \u00e0 votre utilisation, et reprise de votre ancien v\u00e9hicule dans les meilleures conditions. Les technologies embarqu\u00e9es dans ces SUV premium n\u00e9cessitent un entretien sp\u00e9cifique que nos ateliers agr\u00e9\u00e9s ma\u00eetrisent parfaitement.<\/p>\n<p>N&rsquo;h\u00e9sitez pas \u00e0 prendre rendez-vous avec nos conseillers BYmyCAR pour d\u00e9couvrir ces mod\u00e8les et b\u00e9n\u00e9ficier d&rsquo;un accompagnement personnalis\u00e9.<\/p>\n<h2>FAQ \u2013 Mercedes GLA vs BMW X1<\/h2>\n<h3>Quelle diff\u00e9rence de dimensions entre Mercedes GLA et BMW X1 ?<\/h3>\n<p>Le BMW X1 est significativement plus grand avec ses 4,50 m\u00e8tres de longueur contre 4,41 m\u00e8tres pour le Mercedes GLA. Cette diff\u00e9rence de dimensions se traduit par un espace aux places arri\u00e8re plus g\u00e9n\u00e9reux dans le BMW X1, notamment au niveau des jambes. Le coffre du BMW X1 est \u00e9galement plus spacieux (500 \u00e0 1 545 litres) compar\u00e9 \u00e0 celui du Mercedes GLA (425 \u00e0 1 420 litres).<\/p>\n<h3>Quel mod\u00e8le offre le meilleur confort \u00e0 bord ?<\/h3>\n<p>Le Mercedes GLA privil\u00e9gie un confort raffin\u00e9 avec une suspension plus souple et une excellente isolation phonique. Ses si\u00e8ges enveloppants et son \u00e9clairage d&rsquo;ambiance personnalisable cr\u00e9ent une atmosph\u00e8re unique. Le BMW X1 mise davantage sur l&rsquo;espace et l&rsquo;ergonomie avec un habitacle plus g\u00e9n\u00e9reux, particuli\u00e8rement appr\u00e9ciable pour les passagers des places arri\u00e8re lors des longs trajets.<\/p>\n<h3>Quelles technologies de connectivit\u00e9 sont disponibles ?<\/h3>\n<p>Le Mercedes GLA propose le syst\u00e8me MBUX avec commande vocale intuitive et une connectivit\u00e9 compl\u00e8te pour smartphones. Le BMW X1 r\u00e9pond avec son syst\u00e8me iDrive perfectionn\u00e9, un \u00e9cran tactile central et des technologies comme l&rsquo;assistant vocal intelligent et la recharge sans fil. Les deux mod\u00e8les offrent une exp\u00e9rience connect\u00e9e moderne, avec des mises \u00e0 jour r\u00e9guli\u00e8res et une int\u00e9gration parfaite des applications.<\/p>\n<h3>Quelle motorisation hybride rechargeable choisir ?<\/h3>\n<p>Le Mercedes GLA 250e d\u00e9veloppe 218 ch gr\u00e2ce \u00e0 son moteur 1,3 essence coupl\u00e9 \u00e0 un bloc \u00e9lectrique. Il se distingue par ses \u00e9missions r\u00e9duites (sous les 30 g CO\u2082\/km). Le BMW X1 xDrive 25e offre 245 ch et l&rsquo;avantage d&rsquo;une transmission int\u00e9grale. Les deux mod\u00e8les proposent une autonomie \u00e9lectrique comparable, mais le BMW X1 se d\u00e9marque par ses performances l\u00e9g\u00e8rement sup\u00e9rieures et son agr\u00e9ment de conduite dynamique.<\/p>\n<h3>Comment conna\u00eetre le prix exact de ces SUV compacts premium ?<\/h3>\n<p>Pour obtenir le prix pr\u00e9cis du Mercedes GLA ou du BMW X1, nous vous invitons \u00e0 contacter nos conseillers BYmyCAR. Ils vous proposeront des offres personnalis\u00e9es tenant compte de la finition, des options et des motorisations souhait\u00e9es. Nos experts vous guideront \u00e9galement vers les solutions de financement adapt\u00e9es \u00e0 votre budget et \u00e0 vos besoins de mobilit\u00e9.<\/p>\n<h3>Comment prendre rendez-vous pour un essai chez BYmyCAR ?<\/h3>\n<p>Prendre rendez-vous pour essayer le Mercedes GLA ou le BMW X1 est simple : contactez directement la concession BYmyCAR de votre choix par t\u00e9l\u00e9phone, utilisez le formulaire en ligne sur notre site, ou passez directement en concession. Nos \u00e9quipes commerciales organiseront votre essai dans les meilleurs d\u00e9lais et vous accompagneront pour d\u00e9couvrir toutes les technologies et le confort de ces SUV premium.<\/p>\n<p><strong>Sources :<\/strong><\/p>\n<ul>\n<li><a href=\"https:\/\/www.mercedes-benz.fr\/passengercars\/models\/suv\/gla\/overview.html\" target=\"_blank\" rel=\"noopener\">GLA \u2013 Mercedes-Benz France (fiche constructeur)<\/a><\/li>\n<li><a href=\"https:\/\/www.bmw.fr\/fr\/tous-les-modeles\/x-series\/x1\/bmw-x1.html\" target=\"_blank\" rel=\"noopener\">BMW X1 M Sport \u2013 BMW France (fiche constructeur)<\/a><\/li>\n<li><a href=\"https:\/\/www.caradisiac.com\/fiches-techniques\/modele--mercedes-gla-2\/2025\/\" target=\"_blank\" rel=\"noopener\">Fiches techniques Mercedes Gla 2 mill\u00e9sime 2025<\/a><\/li>\n<li><a href=\"https:\/\/www.bmwlevis.com\/article\/Les_technologies_de_s_curit_impressionnantes_du_BMW_X1_2023-idc1711a83390e349555b0d141d7d386af.html\" target=\"_blank\" rel=\"noopener\">BMW L\u00e9vis | Technologies de s\u00e9curit\u00e9 du BMW X1 2023<\/a><\/li>\n<li><a href=\"https:\/\/www.caradisiac.com\/comparatif-video-bmw-x1-vs-mercedes-gla-une-place-sur-le-trone-200061.htm\" target=\"_blank\" rel=\"noopener\">Comparatif vid\u00e9o &#8211; BMW X1 vs Mercedes GLA<\/a><\/li>\n<\/ul>\n"}},{"acf_fc_layout":"text-simple","--nav":{"-withNav":false,"-ancre":""},"--group":{"-text":"<p><!--StartFragment --><\/p>\n<p class=\"pf0\"><strong><span class=\"cf0\">D\u00e9couvrez aussi :<\/span><\/strong><\/p>\n<ul>\n<li class=\"pf1\"><a href=\"https:\/\/www.bymycar.be\/webzine\/mercedes-gla-motorisation-essence-diesel-ou-hybride\/\"><span class=\"cf1\">Mercedes GLA : motorisation essence, diesel ou hybride ?<\/span><\/a><\/li>\n<li class=\"pf1\"><a href=\"https:\/\/www.bymycar.be\/webzine\/acheter-une-mercedes-gla-doccasion-les-conseils-de-nos-experts-bymycar\/\"><span class=\"cf1\">Acheter une Mercedes GLA d\u2019occasion : les conseils de nos experts <\/span><span class=\"cf1\">BYmyCAR<\/span><\/a><\/li>\n<li class=\"pf1\"><a href=\"https:\/\/www.bymycar.be\/webzine\/mercedes-gla-finition-quelle-version-offre-le-meilleur-rapport-qualite-prix\/\"><span class=\"cf1\">Mercedes GLA : quelle version offre le meilleur rapport qualit\u00e9\/prix ?<\/span><\/a><\/li>\n<li class=\"pf1\"><a href=\"https:\/\/www.bymycar.be\/webzine\/mercedes-benz-gla-4matic-la-transmission-integrale-qui-inspire-confiance\/\"><span class=\"cf1\">Mercedes GLA 4MATIC : quels sont les avantages de la transmission int\u00e9grale ?<\/span><\/a><\/li>\n<li class=\"pf1\"><a href=\"https:\/\/www.bymycar.be\/webzine\/mercedes-gla-hybride-rechargeable-est-ce-un-bon-choix\/\"><span class=\"cf1\">Mercedes GLA hybride rechargeable : est-ce un bon choix ?<\/span><\/a><\/li>\n<li class=\"pf1\"><a href=\"https:\/\/www.bymycar.be\/webzine\/mercedes-gla-amg-performances-et-polyvalence-dun-suv-sportif\/\"><span class=\"cf1\">Mercedes GLA AMG : la version sportive est-elle int\u00e9ressante ?<\/span><\/a><\/li>\n<\/ul>\n<p><!--EndFragment --><\/p>\n"}}]}},"yoast_head":"<!-- This site is optimized with the Yoast SEO Premium plugin v26.4 (Yoast SEO v27.1.1) - https:\/\/yoast.com\/product\/yoast-seo-premium-wordpress\/ -->\n<title>Mercedes GLA vs BMW X1 : lequel est le meilleur SUV compact ? - Webzine BE | BYmyCAR<\/title>\n<meta name=\"robots\" content=\"index, follow, max-snippet:-1, max-image-preview:large, max-video-preview:-1\" \/>\n<link rel=\"canonical\" href=\"https:\/\/www.bymycar.be\/webzine\/mercedes-gla-vs-bmw-x1-lequel-est-le-meilleur-suv-compact\/\" \/>\n<meta property=\"og:locale\" content=\"fr_FR\" \/>\n<meta property=\"og:type\" content=\"article\" \/>\n<meta property=\"og:title\" content=\"Mercedes GLA vs BMW X1 : lequel est le meilleur SUV compact ?\" \/>\n<meta property=\"og:url\" content=\"https:\/\/www.bymycar.be\/webzine\/mercedes-gla-vs-bmw-x1-lequel-est-le-meilleur-suv-compact\/\" \/>\n<meta property=\"og:site_name\" content=\"Webzine BE | BYmyCAR\" \/>\n<meta property=\"article:publisher\" content=\"https:\/\/www.facebook.com\/BYmyCAR.officiel\/\" \/>\n<meta property=\"article:published_time\" content=\"2025-12-02T14:09:10+00:00\" \/>\n<meta property=\"article:modified_time\" content=\"2025-12-03T08:41:37+00:00\" \/>\n<meta name=\"author\" content=\"Tom Fernandes\" \/>\n<meta name=\"twitter:card\" content=\"summary_large_image\" \/>\n<meta name=\"twitter:label1\" content=\"\u00c9crit par\" \/>\n\t<meta name=\"twitter:data1\" content=\"Tom Fernandes\" \/>\n<script type=\"application\/ld+json\" class=\"yoast-schema-graph\">{\"@context\":\"https:\/\/schema.org\",\"@graph\":[{\"@type\":\"Article\",\"@id\":\"https:\/\/www.bymycar.be\/webzine\/mercedes-gla-vs-bmw-x1-lequel-est-le-meilleur-suv-compact\/#article\",\"isPartOf\":{\"@id\":\"https:\/\/www.bymycar.be\/webzine\/mercedes-gla-vs-bmw-x1-lequel-est-le-meilleur-suv-compact\/\"},\"author\":{\"name\":\"Tom Fernandes\",\"@id\":\"https:\/\/www.bymycar.be\/webzine\/nl\/#\/schema\/person\/6cd99e624bbd64604349ff20ee1ed853\"},\"headline\":\"Mercedes GLA vs BMW X1 : lequel est le meilleur SUV compact ?\",\"datePublished\":\"2025-12-02T14:09:10+00:00\",\"dateModified\":\"2025-12-03T08:41:37+00:00\",\"mainEntityOfPage\":{\"@id\":\"https:\/\/www.bymycar.be\/webzine\/mercedes-gla-vs-bmw-x1-lequel-est-le-meilleur-suv-compact\/\"},\"wordCount\":11,\"publisher\":{\"@id\":\"https:\/\/www.bymycar.be\/webzine\/nl\/#organization\"},\"articleSection\":[\"Guide d'achat Mercedes\"],\"inLanguage\":\"fr-FR\"},{\"@type\":\"WebPage\",\"@id\":\"https:\/\/www.bymycar.be\/webzine\/mercedes-gla-vs-bmw-x1-lequel-est-le-meilleur-suv-compact\/\",\"url\":\"https:\/\/www.bymycar.be\/webzine\/mercedes-gla-vs-bmw-x1-lequel-est-le-meilleur-suv-compact\/\",\"name\":\"Mercedes GLA vs BMW X1 : lequel est le meilleur SUV compact ? - Webzine BE | BYmyCAR\",\"isPartOf\":{\"@id\":\"https:\/\/www.bymycar.be\/webzine\/nl\/#website\"},\"datePublished\":\"2025-12-02T14:09:10+00:00\",\"dateModified\":\"2025-12-03T08:41:37+00:00\",\"breadcrumb\":{\"@id\":\"https:\/\/www.bymycar.be\/webzine\/mercedes-gla-vs-bmw-x1-lequel-est-le-meilleur-suv-compact\/#breadcrumb\"},\"inLanguage\":\"fr-FR\",\"potentialAction\":[{\"@type\":\"ReadAction\",\"target\":[\"https:\/\/www.bymycar.be\/webzine\/mercedes-gla-vs-bmw-x1-lequel-est-le-meilleur-suv-compact\/\"]}]},{\"@type\":\"BreadcrumbList\",\"@id\":\"https:\/\/www.bymycar.be\/webzine\/mercedes-gla-vs-bmw-x1-lequel-est-le-meilleur-suv-compact\/#breadcrumb\",\"itemListElement\":[{\"@type\":\"ListItem\",\"position\":1,\"name\":\"Accueil\",\"item\":\"https:\/\/www.bymycar.be\/webzine\/\"},{\"@type\":\"ListItem\",\"position\":2,\"name\":\"Mercedes GLA vs BMW X1 : lequel est le meilleur SUV compact ?\"}]},{\"@type\":\"WebSite\",\"@id\":\"https:\/\/www.bymycar.be\/webzine\/nl\/#website\",\"url\":\"https:\/\/www.bymycar.be\/webzine\/nl\/\",\"name\":\"Webzine | BYmyCAR\",\"description\":\"_Le webzine auto de\",\"publisher\":{\"@id\":\"https:\/\/www.bymycar.be\/webzine\/nl\/#organization\"},\"potentialAction\":[{\"@type\":\"SearchAction\",\"target\":{\"@type\":\"EntryPoint\",\"urlTemplate\":\"https:\/\/www.bymycar.be\/webzine\/nl\/?s={search_term_string}\"},\"query-input\":{\"@type\":\"PropertyValueSpecification\",\"valueRequired\":true,\"valueName\":\"search_term_string\"}}],\"inLanguage\":\"fr-FR\"},{\"@type\":\"Organization\",\"@id\":\"https:\/\/www.bymycar.be\/webzine\/nl\/#organization\",\"name\":\"Webzine | BYmyCAR\",\"url\":\"https:\/\/www.bymycar.be\/webzine\/nl\/\",\"logo\":{\"@type\":\"ImageObject\",\"inLanguage\":\"fr-FR\",\"@id\":\"https:\/\/www.bymycar.be\/webzine\/nl\/#\/schema\/logo\/image\/\",\"url\":\"https:\/\/cdn.bymycar.eu\/be-webzine\/wp-content\/uploads\/2024\/11\/20203047\/logo.png\",\"contentUrl\":\"https:\/\/cdn.bymycar.eu\/be-webzine\/wp-content\/uploads\/2024\/11\/20203047\/logo.png\",\"width\":1280,\"height\":512,\"caption\":\"Webzine | BYmyCAR\"},\"image\":{\"@id\":\"https:\/\/www.bymycar.be\/webzine\/nl\/#\/schema\/logo\/image\/\"},\"sameAs\":[\"https:\/\/www.facebook.com\/BYmyCAR.officiel\/\",\"https:\/\/www.instagram.com\/bymycar.officiel\/\"]},{\"@type\":\"Person\",\"@id\":\"https:\/\/www.bymycar.be\/webzine\/nl\/#\/schema\/person\/6cd99e624bbd64604349ff20ee1ed853\",\"name\":\"Tom Fernandes\",\"image\":{\"@type\":\"ImageObject\",\"inLanguage\":\"fr-FR\",\"@id\":\"https:\/\/www.bymycar.be\/webzine\/nl\/#\/schema\/person\/image\/\",\"url\":\"https:\/\/secure.gravatar.com\/avatar\/81b17c0cc5a6f1f7f394984269a7cbad9c7cca9604839da024242cf665051fbf?s=96&d=mm&r=g\",\"contentUrl\":\"https:\/\/secure.gravatar.com\/avatar\/81b17c0cc5a6f1f7f394984269a7cbad9c7cca9604839da024242cf665051fbf?s=96&d=mm&r=g\",\"caption\":\"Tom Fernandes\"}}]}<\/script>\n<!-- \/ Yoast SEO Premium plugin. -->","yoast_head_json":{"title":"Mercedes GLA vs BMW X1 : lequel est le meilleur SUV compact ? - Webzine BE | BYmyCAR","robots":{"index":"index","follow":"follow","max-snippet":"max-snippet:-1","max-image-preview":"max-image-preview:large","max-video-preview":"max-video-preview:-1"},"canonical":"https:\/\/www.bymycar.be\/webzine\/mercedes-gla-vs-bmw-x1-lequel-est-le-meilleur-suv-compact\/","og_locale":"fr_FR","og_type":"article","og_title":"Mercedes GLA vs BMW X1 : lequel est le meilleur SUV compact ?","og_url":"https:\/\/www.bymycar.be\/webzine\/mercedes-gla-vs-bmw-x1-lequel-est-le-meilleur-suv-compact\/","og_site_name":"Webzine BE | BYmyCAR","article_publisher":"https:\/\/www.facebook.com\/BYmyCAR.officiel\/","article_published_time":"2025-12-02T14:09:10+00:00","article_modified_time":"2025-12-03T08:41:37+00:00","author":"Tom Fernandes","twitter_card":"summary_large_image","twitter_misc":{"\u00c9crit par":"Tom Fernandes"},"schema":{"@context":"https:\/\/schema.org","@graph":[{"@type":"Article","@id":"https:\/\/www.bymycar.be\/webzine\/mercedes-gla-vs-bmw-x1-lequel-est-le-meilleur-suv-compact\/#article","isPartOf":{"@id":"https:\/\/www.bymycar.be\/webzine\/mercedes-gla-vs-bmw-x1-lequel-est-le-meilleur-suv-compact\/"},"author":{"name":"Tom Fernandes","@id":"https:\/\/www.bymycar.be\/webzine\/nl\/#\/schema\/person\/6cd99e624bbd64604349ff20ee1ed853"},"headline":"Mercedes GLA vs BMW X1 : lequel est le meilleur SUV compact ?","datePublished":"2025-12-02T14:09:10+00:00","dateModified":"2025-12-03T08:41:37+00:00","mainEntityOfPage":{"@id":"https:\/\/www.bymycar.be\/webzine\/mercedes-gla-vs-bmw-x1-lequel-est-le-meilleur-suv-compact\/"},"wordCount":11,"publisher":{"@id":"https:\/\/www.bymycar.be\/webzine\/nl\/#organization"},"articleSection":["Guide d'achat Mercedes"],"inLanguage":"fr-FR"},{"@type":"WebPage","@id":"https:\/\/www.bymycar.be\/webzine\/mercedes-gla-vs-bmw-x1-lequel-est-le-meilleur-suv-compact\/","url":"https:\/\/www.bymycar.be\/webzine\/mercedes-gla-vs-bmw-x1-lequel-est-le-meilleur-suv-compact\/","name":"Mercedes GLA vs BMW X1 : lequel est le meilleur SUV compact ? - Webzine BE | BYmyCAR","isPartOf":{"@id":"https:\/\/www.bymycar.be\/webzine\/nl\/#website"},"datePublished":"2025-12-02T14:09:10+00:00","dateModified":"2025-12-03T08:41:37+00:00","breadcrumb":{"@id":"https:\/\/www.bymycar.be\/webzine\/mercedes-gla-vs-bmw-x1-lequel-est-le-meilleur-suv-compact\/#breadcrumb"},"inLanguage":"fr-FR","potentialAction":[{"@type":"ReadAction","target":["https:\/\/www.bymycar.be\/webzine\/mercedes-gla-vs-bmw-x1-lequel-est-le-meilleur-suv-compact\/"]}]},{"@type":"BreadcrumbList","@id":"https:\/\/www.bymycar.be\/webzine\/mercedes-gla-vs-bmw-x1-lequel-est-le-meilleur-suv-compact\/#breadcrumb","itemListElement":[{"@type":"ListItem","position":1,"name":"Accueil","item":"https:\/\/www.bymycar.be\/webzine\/"},{"@type":"ListItem","position":2,"name":"Mercedes GLA vs BMW X1 : lequel est le meilleur SUV compact ?"}]},{"@type":"WebSite","@id":"https:\/\/www.bymycar.be\/webzine\/nl\/#website","url":"https:\/\/www.bymycar.be\/webzine\/nl\/","name":"Webzine | BYmyCAR","description":"_Le webzine auto de","publisher":{"@id":"https:\/\/www.bymycar.be\/webzine\/nl\/#organization"},"potentialAction":[{"@type":"SearchAction","target":{"@type":"EntryPoint","urlTemplate":"https:\/\/www.bymycar.be\/webzine\/nl\/?s={search_term_string}"},"query-input":{"@type":"PropertyValueSpecification","valueRequired":true,"valueName":"search_term_string"}}],"inLanguage":"fr-FR"},{"@type":"Organization","@id":"https:\/\/www.bymycar.be\/webzine\/nl\/#organization","name":"Webzine | BYmyCAR","url":"https:\/\/www.bymycar.be\/webzine\/nl\/","logo":{"@type":"ImageObject","inLanguage":"fr-FR","@id":"https:\/\/www.bymycar.be\/webzine\/nl\/#\/schema\/logo\/image\/","url":"https:\/\/cdn.bymycar.eu\/be-webzine\/wp-content\/uploads\/2024\/11\/20203047\/logo.png","contentUrl":"https:\/\/cdn.bymycar.eu\/be-webzine\/wp-content\/uploads\/2024\/11\/20203047\/logo.png","width":1280,"height":512,"caption":"Webzine | BYmyCAR"},"image":{"@id":"https:\/\/www.bymycar.be\/webzine\/nl\/#\/schema\/logo\/image\/"},"sameAs":["https:\/\/www.facebook.com\/BYmyCAR.officiel\/","https:\/\/www.instagram.com\/bymycar.officiel\/"]},{"@type":"Person","@id":"https:\/\/www.bymycar.be\/webzine\/nl\/#\/schema\/person\/6cd99e624bbd64604349ff20ee1ed853","name":"Tom Fernandes","image":{"@type":"ImageObject","inLanguage":"fr-FR","@id":"https:\/\/www.bymycar.be\/webzine\/nl\/#\/schema\/person\/image\/","url":"https:\/\/secure.gravatar.com\/avatar\/81b17c0cc5a6f1f7f394984269a7cbad9c7cca9604839da024242cf665051fbf?s=96&d=mm&r=g","contentUrl":"https:\/\/secure.gravatar.com\/avatar\/81b17c0cc5a6f1f7f394984269a7cbad9c7cca9604839da024242cf665051fbf?s=96&d=mm&r=g","caption":"Tom Fernandes"}}]}},"_links":{"self":[{"href":"https:\/\/www.bymycar.be\/webzine\/wp-json\/wp\/v2\/posts\/5352","targetHints":{"allow":["GET"]}}],"collection":[{"href":"https:\/\/www.bymycar.be\/webzine\/wp-json\/wp\/v2\/posts"}],"about":[{"href":"https:\/\/www.bymycar.be\/webzine\/wp-json\/wp\/v2\/types\/post"}],"author":[{"embeddable":true,"href":"https:\/\/www.bymycar.be\/webzine\/wp-json\/wp\/v2\/users\/17"}],"replies":[{"embeddable":true,"href":"https:\/\/www.bymycar.be\/webzine\/wp-json\/wp\/v2\/comments?post=5352"}],"version-history":[{"count":7,"href":"https:\/\/www.bymycar.be\/webzine\/wp-json\/wp\/v2\/posts\/5352\/revisions"}],"predecessor-version":[{"id":5401,"href":"https:\/\/www.bymycar.be\/webzine\/wp-json\/wp\/v2\/posts\/5352\/revisions\/5401"}],"wp:attachment":[{"href":"https:\/\/www.bymycar.be\/webzine\/wp-json\/wp\/v2\/media?parent=5352"}],"wp:term":[{"taxonomy":"category","embeddable":true,"href":"https:\/\/www.bymycar.be\/webzine\/wp-json\/wp\/v2\/categories?post=5352"},{"taxonomy":"post_tag","embeddable":true,"href":"https:\/\/www.bymycar.be\/webzine\/wp-json\/wp\/v2\/tags?post=5352"}],"curies":[{"name":"wp","href":"https:\/\/api.w.org\/{rel}","templated":true}]}}