{"id":5346,"date":"2025-12-02T14:56:07","date_gmt":"2025-12-02T13:56:07","guid":{"rendered":"https:\/\/www.bymycar.be\/webzine\/?p=5346"},"modified":"2025-12-02T14:56:07","modified_gmt":"2025-12-02T13:56:07","slug":"pourquoi-choisir-un-mercedes-gla","status":"publish","type":"post","link":"https:\/\/www.bymycar.be\/webzine\/pourquoi-choisir-un-mercedes-gla\/","title":{"rendered":"Pourquoi choisir un Mercedes GLA ?"},"content":{"rendered":"","protected":false},"excerpt":{"rendered":"","protected":false},"author":17,"featured_media":0,"comment_status":"closed","ping_status":"closed","sticky":false,"template":"","format":"standard","meta":{"_acf_changed":false,"footnotes":""},"categories":[1458],"tags":[],"class_list":["post-5346","post","type-post","status-publish","format-standard","hentry","category-guide-dachat-mercedes"],"acf":{"image":{"ID":5347,"id":5347,"title":"The new Mercedes-Benz GLA\r\rThe new Mercedes-Benz GLA","filename":"23c0097-002.jpg","filesize":129577,"url":"https:\/\/cdn.bymycar.eu\/be-webzine\/wp-content\/uploads\/2025\/12\/02145212\/23c0097-002.jpg","link":"https:\/\/www.bymycar.be\/webzine\/pourquoi-choisir-un-mercedes-gla\/the-new-mercedes-benz-glathe-new-mercedes-benz-gla\/","alt":"Mercedes GLA","author":"17","description":"","caption":"The new Mercedes-Benz GLA \r\rThe new Mercedes-Benz GLA","name":"the-new-mercedes-benz-glathe-new-mercedes-benz-gla","status":"inherit","uploaded_to":5346,"date":"2025-12-02 13:52:11","modified":"2025-12-02 13:52:36","menu_order":0,"mime_type":"image\/jpeg","type":"image","subtype":"jpeg","icon":"https:\/\/www.bymycar.be\/webzine\/wp-includes\/images\/media\/default.png","width":1024,"height":683,"sizes":{"thumbnail":"https:\/\/cdn.bymycar.eu\/be-webzine\/wp-content\/uploads\/2025\/12\/02145212\/23c0097-002-150x150.jpg","thumbnail-width":150,"thumbnail-height":150,"medium":"https:\/\/cdn.bymycar.eu\/be-webzine\/wp-content\/uploads\/2025\/12\/02145212\/23c0097-002-300x200.jpg","medium-width":300,"medium-height":200,"medium_large":"https:\/\/cdn.bymycar.eu\/be-webzine\/wp-content\/uploads\/2025\/12\/02145212\/23c0097-002-768x512.jpg","medium_large-width":768,"medium_large-height":512,"large":"https:\/\/cdn.bymycar.eu\/be-webzine\/wp-content\/uploads\/2025\/12\/02145212\/23c0097-002.jpg","large-width":1024,"large-height":683,"1536x1536":"https:\/\/cdn.bymycar.eu\/be-webzine\/wp-content\/uploads\/2025\/12\/02145212\/23c0097-002.jpg","1536x1536-width":1024,"1536x1536-height":683,"2048x2048":"https:\/\/cdn.bymycar.eu\/be-webzine\/wp-content\/uploads\/2025\/12\/02145212\/23c0097-002.jpg","2048x2048-width":1024,"2048x2048-height":683}},"introduction":"<p>Le <a href=\"https:\/\/www.bymycar.be\/fr\/v\/mercedes-gla\">Mercedes GLA<\/a> incarne l&rsquo;excellence des SUV compacts premium. Avec son design dynamique, son int\u00e9rieur raffin\u00e9 et son syst\u00e8me MBUX intuitif, il vous offre une exp\u00e9rience \u00e0 bord exceptionnelle. Ses motorisations hybrides, sa s\u00e9curit\u00e9 active avanc\u00e9e et sa modularit\u00e9 intelligente en font le compagnon id\u00e9al pour tous vos d\u00e9placements. D\u00e9couvrez pourquoi ce SUV compact repr\u00e9sente le parfait \u00e9quilibre entre \u00e9l\u00e9gance, technologie et polyvalence.<\/p>\n","add-to-bo":false,"page_content":{"block_content":[{"acf_fc_layout":"carousel-produits"},{"acf_fc_layout":"text-simple","--nav":{"-withNav":false,"-ancre":""},"--group":{"-text":"<h2>Design int\u00e9rieur du Mercedes GLA : confort premium<\/h2>\n<p>L&rsquo;habitacle du Mercedes-Benz Classe GLA impressionne par son raffinement et sa conception centr\u00e9e sur le bien-\u00eatre des occupants. L&rsquo;ergonomie minutieusement \u00e9tudi\u00e9e s&rsquo;accompagne d&rsquo;une s\u00e9lection de mat\u00e9riaux nobles : cuir Artico, inserts d\u00e9coratifs en aluminium bross\u00e9 et \u00e9clairage d&rsquo;ambiance personnalisable avec 64 teintes disponibles. Les jantes en alliage l\u00e9ger, propos\u00e9es en diff\u00e9rentes dimensions, renforcent l&rsquo;allure dynamique de ce SUV compact premium.<\/p>\n<p>Le poste de conduite se distingue par son tableau de bord num\u00e9rique haute d\u00e9finition coupl\u00e9 au syst\u00e8me d&rsquo;infodivertissement MBUX (Mercedes-Benz User Experience). Cette interface intuitive vous offre une exp\u00e9rience connect\u00e9e compl\u00e8te, pilotable par commandes vocales gr\u00e2ce \u00e0 l&rsquo;assistant \u00ab Hey Mercedes \u00bb, par \u00e9cran tactile ou via le pav\u00e9 tactile sur la console centrale. Chez BYmyCAR, nos conseillers vous accompagnent pour d\u00e9couvrir toutes les subtilit\u00e9s technologiques qui font du Mercedes-Benz Classe GLA un mod\u00e8le d&rsquo;exception dans sa cat\u00e9gorie.<\/p>\n<h2>Technologies embarqu\u00e9es du SUV Mercedes GLA<\/h2>\n<p>Le SUV Mercedes GLA int\u00e8gre les derni\u00e8res aides \u00e0 la conduite de la marque, regroup\u00e9es dans le Pack Assistance. Ce syst\u00e8me complet comprend la d\u00e9tection des angles morts, le freinage d&rsquo;urgence autonome, le maintien actif dans la voie et l&rsquo;assistant d&#8217;embouteillage, renfor\u00e7ant votre s\u00e9curit\u00e9 au quotidien.<\/p>\n<p>Le Mercedes GLA vous propose \u00e9galement une exp\u00e9rience connect\u00e9e de premier ordre gr\u00e2ce \u00e0 son syst\u00e8me MBUX (Mercedes-Benz User Experience) intuitif, compatible Android Auto et Apple CarPlay. L&rsquo;ambiance sonore immersive est assur\u00e9e par un syst\u00e8me audio haut de gamme pour sublimer chaque trajet.<\/p>\n<p>Parmi les \u00e9quipements technologiques qui distinguent le SUV Mercedes GLA :<\/p>\n<ul>\n<li>L&rsquo;affichage t\u00eate haute projetant les informations essentielles dans votre champ de vision ;<\/li>\n<li>La recharge sans fil 15W pour smartphone int\u00e9gr\u00e9e \u00e0 la console centrale ;<\/li>\n<li>Les mises \u00e0 jour \u00e0 distance (OTA) maintenant votre v\u00e9hicule toujours \u00e0 jour.<\/li>\n<\/ul>\n<p>Ces innovations technologiques font du Mercedes GLA un SUV compact \u00e0 la pointe de la modernit\u00e9, alliant confort, s\u00e9curit\u00e9 et connectivit\u00e9.<\/p>\n<h2>Motorisations Mercedes GLA : GLA 180, GLA 200, GLA 250 et AMG<\/h2>\n<h3>Mercedes GLA 180 essence et diesel<\/h3>\n<p>Le Mercedes GLA 180 se distingue par sa polyvalence et son efficience. La version diesel est \u00e9quip\u00e9e d&rsquo;un moteur 4 cylindres de 1950 cm\u00b3 d\u00e9veloppant 116 ch pour un couple g\u00e9n\u00e9reux de 280 Nm. Cette motorisation s&rsquo;associe \u00e0 une bo\u00eete automatique \u00e0 double embrayage \u00e0 8 rapports, garantissant souplesse et r\u00e9activit\u00e9. La version essence vous offre quant \u00e0 elle un excellent compromis entre performances et consommation ma\u00eetris\u00e9e, id\u00e9ale pour une utilisation quotidienne en milieu urbain. Les deux versions b\u00e9n\u00e9ficient des derni\u00e8res technologies de freinage d&rsquo;urgence pour une s\u00e9curit\u00e9 optimale.<\/p>\n<h3>Mercedes GLA 200 : \u00e9quilibre performances\/efficience<\/h3>\n<p>Le Mercedes GLA 200 repr\u00e9sente le c\u0153ur de gamme avec son moteur essence de 163 ch, offrant un \u00e9quilibre parfait entre agr\u00e9ment de conduite et sobri\u00e9t\u00e9. Ce bloc moderne vous permet d&rsquo;atteindre 100 km\/h en seulement 8,7 secondes et une vitesse maximale de 210 km\/h, tout en maintenant une consommation contenue entre 5,6 et 5,9 l\/100 km en cycle mixte. Cette version b\u00e9n\u00e9ficie \u00e9galement des derni\u00e8res \u00e9volutions technologiques de la marque, notamment en mati\u00e8re d&rsquo;aides \u00e0 la conduite et de connectivit\u00e9, pour une exp\u00e9rience \u00e0 bord toujours plus raffin\u00e9e.<\/p>\n<h3>Mercedes GLA 250 et 250 e hybride rechargeable<\/h3>\n<p>La version GLA 250 s&rsquo;\u00e9quipe d&rsquo;un moteur essence de 224 ch, disponible en traction ou avec la transmission int\u00e9grale 4MATIC pour une adh\u00e9rence optimale en toutes conditions. Le mod\u00e8le hybride rechargeable <a href=\"https:\/\/www.bymycar.be\/fr\/marques\/mercedes\/gla-hybride\">Mercedes GLA hybride<\/a> 250e combine un moteur essence de 160 ch \u00e0 un bloc \u00e9lectrique de 102 ch pour une puissance cumul\u00e9e de 218 ch. Sa batterie de 15,6 kWh vous offre jusqu&rsquo;\u00e0 70 km d&rsquo;autonomie en mode 100 % \u00e9lectrique, id\u00e9al pour vos trajets quotidiens. La recharge compl\u00e8te s&rsquo;effectue en seulement 25 minutes (10-80 %) sur une borne rapide.<\/p>\n<h3>Versions AMG : sportivit\u00e9 sign\u00e9e Mercedes-AMG<\/h3>\n<p>Au sommet de la gamme, les versions Mercedes-AMG GLA vous offrent des performances exceptionnelles. Le GLA 45 S 4MATIC+ embarque le moteur 4 cylindres 2.0 litres turbo le plus puissant du march\u00e9 avec 421 ch et 500 Nm de couple. Cette motorisation permet une acc\u00e9l\u00e9ration fulgurante de 0 \u00e0 100 km\/h en seulement 4,3 secondes et une vitesse maximale de 270 km\/h. La transmission int\u00e9grale 4MATIC+ r\u00e9partit intelligemment la puissance entre les roues pour une traction optimale en toutes circonstances, y compris sur sol glissant.<\/p>\n<table>\n<thead>\n<tr>\n<th>Mod\u00e8le<\/th>\n<th>Puissance<\/th>\n<th>Couple<\/th>\n<th>Transmission int\u00e9grale<\/th>\n<th>Autonomie \u00e9lectrique<\/th>\n<\/tr>\n<\/thead>\n<tbody>\n<tr>\n<td>GLA 180 diesel<\/td>\n<td>116 ch<\/td>\n<td>280 Nm<\/td>\n<td>Non<\/td>\n<td>&#8211;<\/td>\n<\/tr>\n<tr>\n<td>GLA 200 essence<\/td>\n<td>163 ch<\/td>\n<td>250 Nm<\/td>\n<td>Non<\/td>\n<td>&#8211;<\/td>\n<\/tr>\n<tr>\n<td>GLA 250 essence<\/td>\n<td>224 ch<\/td>\n<td>350 Nm<\/td>\n<td>Option 4MATIC<\/td>\n<td>&#8211;<\/td>\n<\/tr>\n<tr>\n<td>GLA 250e hybride<\/td>\n<td>218 ch (combin\u00e9e)<\/td>\n<td>450 Nm<\/td>\n<td>Non<\/td>\n<td>70 km<\/td>\n<\/tr>\n<tr>\n<td>GLA 45 S AMG<\/td>\n<td>421 ch<\/td>\n<td>500 Nm<\/td>\n<td>4MATIC+<\/td>\n<td>&#8211;<\/td>\n<\/tr>\n<\/tbody>\n<\/table>\n<h2>S\u00e9curit\u00e9 active du Mercedes-Benz GLA : aides \u00e0 la conduite avanc\u00e9es<\/h2>\n<p>Le Mercedes-Benz GLA impressionne par son arsenal complet de syst\u00e8mes de s\u00e9curit\u00e9 active. Le Pack Assistance \u00e0 la conduite int\u00e8gre des technologies de pointe comme la d\u00e9tection des angles morts, le maintien actif dans la voie et l&rsquo;assistant directionnel actif. Le syst\u00e8me de freinage d&rsquo;urgence avec fonction de d\u00e9tection aux intersections prot\u00e8ge les usagers vuln\u00e9rables comme les cyclistes et les pi\u00e9tons, tandis que l&rsquo;Active Distance Assist DISTRONIC adapte automatiquement votre vitesse au trafic environnant.<\/p>\n<p>Votre s\u00e9curit\u00e9 est notre priorit\u00e9 chez BYmyCAR. C&rsquo;est pourquoi nos conseillers vous guideront dans la d\u00e9couverte de ces aides \u00e0 la conduite du Mercedes-Benz GLA. Pour maintenir ces syst\u00e8mes en parfait \u00e9tat de fonctionnement, vous pouvez compter sur nos ateliers agr\u00e9\u00e9s qui assurent un entretien conforme aux standards de la marque allemande.<\/p>\n<h2>Modularit\u00e9 et vie \u00e0 bord du Mercedes GLA<\/h2>\n<p>M\u00eame dans sa finition entr\u00e9e de gamme, le Mercedes GLA vous propose un espace int\u00e9rieur parfaitement modulable pour s&rsquo;adapter \u00e0 tous vos besoins. L&rsquo;agencement intelligent maximise l&rsquo;espace disponible et vous offre une polyvalence remarquable au quotidien.<\/p>\n<p>Voici les atouts qui font la diff\u00e9rence :<\/p>\n<ul>\n<li>Banquette arri\u00e8re rabattable en trois parties (40\/20\/40) pour une flexibilit\u00e9 optimale ;<\/li>\n<li>Plancher totalement plat une fois les si\u00e8ges rabattus, facilitant le chargement d&rsquo;objets volumineux ;<\/li>\n<li>Volume de coffre g\u00e9n\u00e9reux de 435 litres, extensible jusqu&rsquo;\u00e0 1430 litres ;<\/li>\n<li>Banquette coulissante sur 14 cm pour privil\u00e9gier l&rsquo;espace passagers ou le volume de chargement.<\/li>\n<\/ul>\n<p>Cette modularit\u00e9 intelligente fait du GLA un SUV compact qui s&rsquo;adapte parfaitement \u00e0 tous vos besoins, qu&rsquo;il s&rsquo;agisse de d\u00e9placements urbains ou d&rsquo;escapades plus longues.<\/p>\n<h2>Finitions et s\u00e9ries sp\u00e9ciales : Star Edition, Class Sport, Urban Edition<\/h2>\n<h3>Mercedes GLA Star Edition<\/h3>\n<p>La finition Star Edition du <a href=\"https:\/\/www.bymycar.be\/fr\/marques\/mercedes-benz\/gla\">Mercedes-Benz GLA<\/a> se distingue par son \u00e9quipement enrichi et son ambiance raffin\u00e9e. Vous appr\u00e9cierez particuli\u00e8rement ses jantes alliage sp\u00e9cifiques, son pack \u00e9clairage d&rsquo;ambiance et ses si\u00e8ges confort avec sellerie premium. Cette version s\u00e9duira les conducteurs en qu\u00eate d&rsquo;\u00e9l\u00e9gance et de technologie, avec son syst\u00e8me MBUX derni\u00e8re g\u00e9n\u00e9ration et ses aides \u00e0 la conduite avanc\u00e9es, parfaitement int\u00e9gr\u00e9es pour une exp\u00e9rience de conduite sereine.<\/p>\n<h3>Mercedes-Benz GLA Class Sport<\/h3>\n<p>La d\u00e9clinaison Class Sport du Mercedes-Benz GLA s&rsquo;adresse aux conducteurs privil\u00e9giant le dynamisme. Son pack AMG Line ext\u00e9rieur lui conf\u00e8re une allure plus athl\u00e9tique avec ses boucliers sp\u00e9cifiques et sa calandre distinctive. \u00c0 bord, vous d\u00e9couvrirez un habitacle sportif dot\u00e9 de si\u00e8ges ergonomiques, d&rsquo;un volant sport multifonction et de finitions carbone. Cette version se rapproche esth\u00e9tiquement des versions AMG sans en atteindre les performances, tout en conservant un confort optimal au quotidien.<\/p>\n<h3>Mercedes-Benz GLA Urban Edition<\/h3>\n<p>L&rsquo;Urban Edition du GLA de chez Mercedes\u00a0cible une client\u00e8le urbaine exigeante. Cette finition met l&rsquo;accent sur la connectivit\u00e9 avec navigation augment\u00e9e et int\u00e9gration smartphone optimis\u00e9e. Son gabarit compact associ\u00e9 \u00e0 ses capteurs de stationnement et sa cam\u00e9ra 360\u00b0 facilitent les man\u0153uvres en ville. Vous b\u00e9n\u00e9ficiez \u00e9galement d&rsquo;une pr\u00e9sentation ext\u00e9rieure exclusive avec ses jantes sp\u00e9cifiques et ses \u00e9l\u00e9ments de carrosserie noir brillant pour une allure contemporaine et \u00e9l\u00e9gante.<\/p>\n<h2>Dimensions du Mercedes GLA et aspects pratiques<\/h2>\n<p>Le Mercedes GLA, l&rsquo;un des mod\u00e8les <a href=\"https:\/\/www.bymycar.be\/fr\/v\/mercedes\">Mercedes<\/a> les plus compacts de la gamme SUV, vous offre un parfait \u00e9quilibre entre encombrement urbain ma\u00eetris\u00e9 et habitabilit\u00e9 g\u00e9n\u00e9reuse. Sa banquette arri\u00e8re coulissante permet d&rsquo;adapter l&rsquo;espace selon vos besoins quotidiens.<\/p>\n<table>\n<thead>\n<tr>\n<th>Caract\u00e9ristiques<\/th>\n<th>Dimensions<\/th>\n<\/tr>\n<\/thead>\n<tbody>\n<tr>\n<td>Longueur \u00d7 largeur \u00d7 hauteur<\/td>\n<td>4410 \u00d7 1834 \u00d7 1616 mm<\/td>\n<\/tr>\n<tr>\n<td>Empattement<\/td>\n<td>2729 mm<\/td>\n<\/tr>\n<tr>\n<td>Volume de coffre<\/td>\n<td>435 \u00e0 1430 litres<\/td>\n<\/tr>\n<\/tbody>\n<\/table>\n<p>Vous souhaitez d\u00e9couvrir la modularit\u00e9 du Mercedes GLA par vous-m\u00eame ? Nos conseillers BYmyCAR vous attendent pour un essai personnalis\u00e9.<\/p>\n<h2>Mercedes GLA d&rsquo;occasion : conseils aupr\u00e8s de nos conseillers<\/h2>\n<p>Opter pour un Mercedes GLA d&rsquo;occasion chez BYmyCAR, c&rsquo;est b\u00e9n\u00e9ficier d&rsquo;un SUV premium au meilleur rapport qualit\u00e9-prix. Nos v\u00e9hicules certifi\u00e9s ont subi une inspection rigoureuse et profitent d&rsquo;une garantie compl\u00e8te. Pour financer votre acquisition, nos conseillers vous proposent des solutions adapt\u00e9es, notamment en LOA, vous permettant d&rsquo;acc\u00e9der \u00e0 ce mod\u00e8le dans des conditions avantageuses.<\/p>\n<p>Avant toute mise en vente, chaque GLA d&rsquo;occasion passe par un processus de certification comprenant :<\/p>\n<ul>\n<li>Un contr\u00f4le technique complet de 100 points de v\u00e9rification essentiels ;<\/li>\n<li>Un historique d&rsquo;entretien transparent avec carnet de maintenance v\u00e9rifi\u00e9 ;<\/li>\n<li>Une inspection approfondie de la motorisation et des \u00e9quipements \u00e9lectroniques ;<\/li>\n<li>Un essai routier syst\u00e9matique pour garantir des performances optimales.<\/li>\n<\/ul>\n<p>Nos conseillers BYmyCAR sont \u00e0 votre disposition pour vous orienter vers le GLA qui correspond parfaitement \u00e0 vos attentes et \u00e0 votre budget.<\/p>\n<h2>FAQ Mercedes GLA<\/h2>\n<h3>Est-ce que la Mercedes GLA est une bonne voiture ?<\/h3>\n<p>Absolument ! Le Mercedes GLA est un SUV compact premium qui allie parfaitement \u00e9l\u00e9gance et performances. Avec son design affirm\u00e9, son int\u00e9rieur raffin\u00e9 et ses technologies avanc\u00e9es comme le syst\u00e8me MBUX, cette voiture r\u00e9pond aux attentes des conducteurs les plus exigeants. Sa capacit\u00e9 \u00e0 combiner performance, luxe et polyvalence la distingue nettement dans sa cat\u00e9gorie, vous offrant une exp\u00e9rience de conduite \u00e0 la fois dynamique et confortable au quotidien.<\/p>\n<h3>Quel est le prix d&rsquo;une Mercedes GLA ?<\/h3>\n<p>Nos conseillers BYmyCAR sont \u00e0 votre disposition pour vous pr\u00e9senter les meilleures offres sur le Mercedes GLA. Ils vous proposeront des solutions personnalis\u00e9es adapt\u00e9es \u00e0 votre budget et \u00e0 vos besoins sp\u00e9cifiques. Nos experts vous guideront \u00e9galement parmi les diff\u00e9rentes finitions et options disponibles pour trouver la configuration id\u00e9ale qui correspondra parfaitement \u00e0 vos attentes.<\/p>\n<h3>Quel moteur choisir pour la Mercedes GLA ?<\/h3>\n<p>Le Mercedes GLA vous propose une gamme compl\u00e8te de motorisations pour satisfaire tous les profils de conducteurs. Les versions essence avec hybridation l\u00e9g\u00e8re 48V offrent un excellent compromis entre performance et sobri\u00e9t\u00e9, tandis que les motorisations diesel se distinguent par leur efficience sur les longs trajets. Pour les plus soucieux de l&rsquo;environnement, la version hybride rechargeable vous permet de rouler en mode 100 % \u00e9lectrique sur de courtes distances. Nos conseillers BYmyCAR vous aideront \u00e0 identifier le moteur parfaitement adapt\u00e9 \u00e0 votre style de conduite.<\/p>\n<h3>Quelle Mercedes GLA choisir ?<\/h3>\n<p>Le choix de votre Mercedes GLA d\u00e9pend essentiellement de vos besoins quotidiens. Pour une utilisation urbaine, les versions essence avec finition Progressive Line vous offrent un excellent rapport \u00e9quipement\/prix. Si vous effectuez r\u00e9guli\u00e8rement de longs trajets, les versions diesel ou la transmission int\u00e9grale 4MATIC seront plus adapt\u00e9es. Les amateurs de performance appr\u00e9cieront les versions AMG Line. N&rsquo;h\u00e9sitez pas \u00e0 consulter nos conseillers BYmyCAR pour vous orienter vers la configuration id\u00e9ale selon votre usage.<\/p>\n<p><strong>Sources :\u00a0<\/strong><\/p>\n<ul>\n<li><a href=\"https:\/\/www.mercedes-benz.fr\/passengercars\/models\/suv\/gla\/overview.html\" target=\"_blank\" rel=\"noopener\">GLA \u2013 Mercedes-Benz France (fiche constructeur)<\/a><\/li>\n<li><a href=\"https:\/\/media.mercedes-benz.fr\/nouveau-mercedes-benz-gla--plus-de-caractere-plus-despace-plus-de-securite\/\" target=\"_blank\" rel=\"noopener\">Nouveau Mercedes-Benz GLA : plus de caract\u00e8re, plus d\u2019espace, plus de s\u00e9curit\u00e9 \u2013 Communiqu\u00e9 officiel Mercedes-Benz<\/a><\/li>\n<li><a href=\"https:\/\/www.mercedes-benz-laval.ca\/fr\/nouvelles\/afficher\/decouvrez-10-des-technologies-interieures-du-mercedes-benz-gla-2025\/138600\" target=\"_blank\" rel=\"noopener\">D\u00e9couvrez 10 des technologies int\u00e9rieures du Mercedes-Benz GLA 2025<\/a><\/li>\n<li><a href=\"https:\/\/cars.caravenuemercedes.be\/nouveau-mercedes-benz-gla\/\" target=\"_blank\" rel=\"noopener\">Le nouveau Mercedes-Benz GLA \u2013 CAR Avenue Cars (transmission int\u00e9grale)<\/a><\/li>\n<li><a href=\"https:\/\/www.caradisiac.com\/essai-mercedes-gla-250e-que-vaut-le-suv-compact-hybride-rechargeable-de-mercedes-186025.htm\" target=\"_blank\" rel=\"noopener\">Essai \u2013 Mercedes GLA 250e : que vaut le SUV compact hybride rechargeable de Mercedes ?<\/a><\/li>\n<li><a href=\"https:\/\/chrysler.fr\/experiences-utilisateurs-mercedes-gla\/\" target=\"_blank\" rel=\"noopener\">Mercedes exp\u00e9riences utilisateurs GLA \u2013 Chrysler (r\u00e9f\u00e9rence technique et confort)<\/a><\/li>\n<\/ul>\n"}}]}},"yoast_head":"<!-- This site is optimized with the Yoast SEO Premium plugin v26.4 (Yoast SEO v27.1.1) - https:\/\/yoast.com\/product\/yoast-seo-premium-wordpress\/ -->\n<title>Pourquoi choisir un Mercedes GLA ? - Webzine BE | BYmyCAR<\/title>\n<meta name=\"robots\" content=\"index, follow, max-snippet:-1, max-image-preview:large, max-video-preview:-1\" \/>\n<link rel=\"canonical\" href=\"https:\/\/www.bymycar.be\/webzine\/pourquoi-choisir-un-mercedes-gla\/\" \/>\n<meta property=\"og:locale\" content=\"fr_FR\" \/>\n<meta property=\"og:type\" content=\"article\" \/>\n<meta property=\"og:title\" content=\"Pourquoi choisir un Mercedes GLA ?\" \/>\n<meta property=\"og:url\" content=\"https:\/\/www.bymycar.be\/webzine\/pourquoi-choisir-un-mercedes-gla\/\" \/>\n<meta property=\"og:site_name\" content=\"Webzine BE | BYmyCAR\" \/>\n<meta property=\"article:publisher\" content=\"https:\/\/www.facebook.com\/BYmyCAR.officiel\/\" \/>\n<meta property=\"article:published_time\" content=\"2025-12-02T13:56:07+00:00\" \/>\n<meta name=\"author\" content=\"Tom Fernandes\" \/>\n<meta name=\"twitter:card\" content=\"summary_large_image\" \/>\n<meta name=\"twitter:label1\" content=\"\u00c9crit par\" \/>\n\t<meta name=\"twitter:data1\" content=\"Tom Fernandes\" \/>\n<script type=\"application\/ld+json\" class=\"yoast-schema-graph\">{\"@context\":\"https:\/\/schema.org\",\"@graph\":[{\"@type\":\"Article\",\"@id\":\"https:\/\/www.bymycar.be\/webzine\/pourquoi-choisir-un-mercedes-gla\/#article\",\"isPartOf\":{\"@id\":\"https:\/\/www.bymycar.be\/webzine\/pourquoi-choisir-un-mercedes-gla\/\"},\"author\":{\"name\":\"Tom Fernandes\",\"@id\":\"https:\/\/www.bymycar.be\/webzine\/nl\/#\/schema\/person\/6cd99e624bbd64604349ff20ee1ed853\"},\"headline\":\"Pourquoi choisir un Mercedes GLA ?\",\"datePublished\":\"2025-12-02T13:56:07+00:00\",\"mainEntityOfPage\":{\"@id\":\"https:\/\/www.bymycar.be\/webzine\/pourquoi-choisir-un-mercedes-gla\/\"},\"wordCount\":5,\"publisher\":{\"@id\":\"https:\/\/www.bymycar.be\/webzine\/nl\/#organization\"},\"articleSection\":[\"Guide d'achat Mercedes\"],\"inLanguage\":\"fr-FR\"},{\"@type\":\"WebPage\",\"@id\":\"https:\/\/www.bymycar.be\/webzine\/pourquoi-choisir-un-mercedes-gla\/\",\"url\":\"https:\/\/www.bymycar.be\/webzine\/pourquoi-choisir-un-mercedes-gla\/\",\"name\":\"Pourquoi choisir un Mercedes GLA ? - Webzine BE | BYmyCAR\",\"isPartOf\":{\"@id\":\"https:\/\/www.bymycar.be\/webzine\/nl\/#website\"},\"datePublished\":\"2025-12-02T13:56:07+00:00\",\"breadcrumb\":{\"@id\":\"https:\/\/www.bymycar.be\/webzine\/pourquoi-choisir-un-mercedes-gla\/#breadcrumb\"},\"inLanguage\":\"fr-FR\",\"potentialAction\":[{\"@type\":\"ReadAction\",\"target\":[\"https:\/\/www.bymycar.be\/webzine\/pourquoi-choisir-un-mercedes-gla\/\"]}]},{\"@type\":\"BreadcrumbList\",\"@id\":\"https:\/\/www.bymycar.be\/webzine\/pourquoi-choisir-un-mercedes-gla\/#breadcrumb\",\"itemListElement\":[{\"@type\":\"ListItem\",\"position\":1,\"name\":\"Accueil\",\"item\":\"https:\/\/www.bymycar.be\/webzine\/\"},{\"@type\":\"ListItem\",\"position\":2,\"name\":\"Pourquoi choisir un Mercedes GLA ?\"}]},{\"@type\":\"WebSite\",\"@id\":\"https:\/\/www.bymycar.be\/webzine\/nl\/#website\",\"url\":\"https:\/\/www.bymycar.be\/webzine\/nl\/\",\"name\":\"Webzine | BYmyCAR\",\"description\":\"_Le webzine auto de\",\"publisher\":{\"@id\":\"https:\/\/www.bymycar.be\/webzine\/nl\/#organization\"},\"potentialAction\":[{\"@type\":\"SearchAction\",\"target\":{\"@type\":\"EntryPoint\",\"urlTemplate\":\"https:\/\/www.bymycar.be\/webzine\/nl\/?s={search_term_string}\"},\"query-input\":{\"@type\":\"PropertyValueSpecification\",\"valueRequired\":true,\"valueName\":\"search_term_string\"}}],\"inLanguage\":\"fr-FR\"},{\"@type\":\"Organization\",\"@id\":\"https:\/\/www.bymycar.be\/webzine\/nl\/#organization\",\"name\":\"Webzine | BYmyCAR\",\"url\":\"https:\/\/www.bymycar.be\/webzine\/nl\/\",\"logo\":{\"@type\":\"ImageObject\",\"inLanguage\":\"fr-FR\",\"@id\":\"https:\/\/www.bymycar.be\/webzine\/nl\/#\/schema\/logo\/image\/\",\"url\":\"https:\/\/cdn.bymycar.eu\/be-webzine\/wp-content\/uploads\/2024\/11\/20203047\/logo.png\",\"contentUrl\":\"https:\/\/cdn.bymycar.eu\/be-webzine\/wp-content\/uploads\/2024\/11\/20203047\/logo.png\",\"width\":1280,\"height\":512,\"caption\":\"Webzine | BYmyCAR\"},\"image\":{\"@id\":\"https:\/\/www.bymycar.be\/webzine\/nl\/#\/schema\/logo\/image\/\"},\"sameAs\":[\"https:\/\/www.facebook.com\/BYmyCAR.officiel\/\",\"https:\/\/www.instagram.com\/bymycar.officiel\/\"]},{\"@type\":\"Person\",\"@id\":\"https:\/\/www.bymycar.be\/webzine\/nl\/#\/schema\/person\/6cd99e624bbd64604349ff20ee1ed853\",\"name\":\"Tom Fernandes\",\"image\":{\"@type\":\"ImageObject\",\"inLanguage\":\"fr-FR\",\"@id\":\"https:\/\/www.bymycar.be\/webzine\/nl\/#\/schema\/person\/image\/\",\"url\":\"https:\/\/secure.gravatar.com\/avatar\/81b17c0cc5a6f1f7f394984269a7cbad9c7cca9604839da024242cf665051fbf?s=96&d=mm&r=g\",\"contentUrl\":\"https:\/\/secure.gravatar.com\/avatar\/81b17c0cc5a6f1f7f394984269a7cbad9c7cca9604839da024242cf665051fbf?s=96&d=mm&r=g\",\"caption\":\"Tom Fernandes\"}}]}<\/script>\n<!-- \/ Yoast SEO Premium plugin. -->","yoast_head_json":{"title":"Pourquoi choisir un Mercedes GLA ? - Webzine BE | BYmyCAR","robots":{"index":"index","follow":"follow","max-snippet":"max-snippet:-1","max-image-preview":"max-image-preview:large","max-video-preview":"max-video-preview:-1"},"canonical":"https:\/\/www.bymycar.be\/webzine\/pourquoi-choisir-un-mercedes-gla\/","og_locale":"fr_FR","og_type":"article","og_title":"Pourquoi choisir un Mercedes GLA ?","og_url":"https:\/\/www.bymycar.be\/webzine\/pourquoi-choisir-un-mercedes-gla\/","og_site_name":"Webzine BE | BYmyCAR","article_publisher":"https:\/\/www.facebook.com\/BYmyCAR.officiel\/","article_published_time":"2025-12-02T13:56:07+00:00","author":"Tom Fernandes","twitter_card":"summary_large_image","twitter_misc":{"\u00c9crit par":"Tom Fernandes"},"schema":{"@context":"https:\/\/schema.org","@graph":[{"@type":"Article","@id":"https:\/\/www.bymycar.be\/webzine\/pourquoi-choisir-un-mercedes-gla\/#article","isPartOf":{"@id":"https:\/\/www.bymycar.be\/webzine\/pourquoi-choisir-un-mercedes-gla\/"},"author":{"name":"Tom Fernandes","@id":"https:\/\/www.bymycar.be\/webzine\/nl\/#\/schema\/person\/6cd99e624bbd64604349ff20ee1ed853"},"headline":"Pourquoi choisir un Mercedes GLA ?","datePublished":"2025-12-02T13:56:07+00:00","mainEntityOfPage":{"@id":"https:\/\/www.bymycar.be\/webzine\/pourquoi-choisir-un-mercedes-gla\/"},"wordCount":5,"publisher":{"@id":"https:\/\/www.bymycar.be\/webzine\/nl\/#organization"},"articleSection":["Guide d'achat Mercedes"],"inLanguage":"fr-FR"},{"@type":"WebPage","@id":"https:\/\/www.bymycar.be\/webzine\/pourquoi-choisir-un-mercedes-gla\/","url":"https:\/\/www.bymycar.be\/webzine\/pourquoi-choisir-un-mercedes-gla\/","name":"Pourquoi choisir un Mercedes GLA ? - Webzine BE | BYmyCAR","isPartOf":{"@id":"https:\/\/www.bymycar.be\/webzine\/nl\/#website"},"datePublished":"2025-12-02T13:56:07+00:00","breadcrumb":{"@id":"https:\/\/www.bymycar.be\/webzine\/pourquoi-choisir-un-mercedes-gla\/#breadcrumb"},"inLanguage":"fr-FR","potentialAction":[{"@type":"ReadAction","target":["https:\/\/www.bymycar.be\/webzine\/pourquoi-choisir-un-mercedes-gla\/"]}]},{"@type":"BreadcrumbList","@id":"https:\/\/www.bymycar.be\/webzine\/pourquoi-choisir-un-mercedes-gla\/#breadcrumb","itemListElement":[{"@type":"ListItem","position":1,"name":"Accueil","item":"https:\/\/www.bymycar.be\/webzine\/"},{"@type":"ListItem","position":2,"name":"Pourquoi choisir un Mercedes GLA ?"}]},{"@type":"WebSite","@id":"https:\/\/www.bymycar.be\/webzine\/nl\/#website","url":"https:\/\/www.bymycar.be\/webzine\/nl\/","name":"Webzine | BYmyCAR","description":"_Le webzine auto de","publisher":{"@id":"https:\/\/www.bymycar.be\/webzine\/nl\/#organization"},"potentialAction":[{"@type":"SearchAction","target":{"@type":"EntryPoint","urlTemplate":"https:\/\/www.bymycar.be\/webzine\/nl\/?s={search_term_string}"},"query-input":{"@type":"PropertyValueSpecification","valueRequired":true,"valueName":"search_term_string"}}],"inLanguage":"fr-FR"},{"@type":"Organization","@id":"https:\/\/www.bymycar.be\/webzine\/nl\/#organization","name":"Webzine | BYmyCAR","url":"https:\/\/www.bymycar.be\/webzine\/nl\/","logo":{"@type":"ImageObject","inLanguage":"fr-FR","@id":"https:\/\/www.bymycar.be\/webzine\/nl\/#\/schema\/logo\/image\/","url":"https:\/\/cdn.bymycar.eu\/be-webzine\/wp-content\/uploads\/2024\/11\/20203047\/logo.png","contentUrl":"https:\/\/cdn.bymycar.eu\/be-webzine\/wp-content\/uploads\/2024\/11\/20203047\/logo.png","width":1280,"height":512,"caption":"Webzine | BYmyCAR"},"image":{"@id":"https:\/\/www.bymycar.be\/webzine\/nl\/#\/schema\/logo\/image\/"},"sameAs":["https:\/\/www.facebook.com\/BYmyCAR.officiel\/","https:\/\/www.instagram.com\/bymycar.officiel\/"]},{"@type":"Person","@id":"https:\/\/www.bymycar.be\/webzine\/nl\/#\/schema\/person\/6cd99e624bbd64604349ff20ee1ed853","name":"Tom Fernandes","image":{"@type":"ImageObject","inLanguage":"fr-FR","@id":"https:\/\/www.bymycar.be\/webzine\/nl\/#\/schema\/person\/image\/","url":"https:\/\/secure.gravatar.com\/avatar\/81b17c0cc5a6f1f7f394984269a7cbad9c7cca9604839da024242cf665051fbf?s=96&d=mm&r=g","contentUrl":"https:\/\/secure.gravatar.com\/avatar\/81b17c0cc5a6f1f7f394984269a7cbad9c7cca9604839da024242cf665051fbf?s=96&d=mm&r=g","caption":"Tom Fernandes"}}]}},"_links":{"self":[{"href":"https:\/\/www.bymycar.be\/webzine\/wp-json\/wp\/v2\/posts\/5346","targetHints":{"allow":["GET"]}}],"collection":[{"href":"https:\/\/www.bymycar.be\/webzine\/wp-json\/wp\/v2\/posts"}],"about":[{"href":"https:\/\/www.bymycar.be\/webzine\/wp-json\/wp\/v2\/types\/post"}],"author":[{"embeddable":true,"href":"https:\/\/www.bymycar.be\/webzine\/wp-json\/wp\/v2\/users\/17"}],"replies":[{"embeddable":true,"href":"https:\/\/www.bymycar.be\/webzine\/wp-json\/wp\/v2\/comments?post=5346"}],"version-history":[{"count":3,"href":"https:\/\/www.bymycar.be\/webzine\/wp-json\/wp\/v2\/posts\/5346\/revisions"}],"predecessor-version":[{"id":5351,"href":"https:\/\/www.bymycar.be\/webzine\/wp-json\/wp\/v2\/posts\/5346\/revisions\/5351"}],"wp:attachment":[{"href":"https:\/\/www.bymycar.be\/webzine\/wp-json\/wp\/v2\/media?parent=5346"}],"wp:term":[{"taxonomy":"category","embeddable":true,"href":"https:\/\/www.bymycar.be\/webzine\/wp-json\/wp\/v2\/categories?post=5346"},{"taxonomy":"post_tag","embeddable":true,"href":"https:\/\/www.bymycar.be\/webzine\/wp-json\/wp\/v2\/tags?post=5346"}],"curies":[{"name":"wp","href":"https:\/\/api.w.org\/{rel}","templated":true}]}}