{"id":5264,"date":"2025-12-01T16:18:29","date_gmt":"2025-12-01T15:18:29","guid":{"rendered":"https:\/\/www.bymycar.be\/webzine\/?p=5264"},"modified":"2025-12-01T16:34:45","modified_gmt":"2025-12-01T15:34:45","slug":"mercedes-eqb-vs-volkswagen-id-4-lequel-est-le-plus-adapte","status":"publish","type":"post","link":"https:\/\/www.bymycar.be\/webzine\/mercedes-eqb-vs-volkswagen-id-4-lequel-est-le-plus-adapte\/","title":{"rendered":"Mercedes EQB vs Volkswagen ID.4 : lequel est le plus adapt\u00e9 ?"},"content":{"rendered":"","protected":false},"excerpt":{"rendered":"","protected":false},"author":17,"featured_media":0,"comment_status":"closed","ping_status":"closed","sticky":false,"template":"","format":"standard","meta":{"_acf_changed":false,"footnotes":""},"categories":[1458],"tags":[],"class_list":["post-5264","post","type-post","status-publish","format-standard","hentry","category-guide-dachat-mercedes"],"acf":{"image":{"ID":5265,"id":5265,"title":"i71a9460","filename":"i71a9460.jpg","filesize":112756,"url":"https:\/\/cdn.bymycar.eu\/be-webzine\/wp-content\/uploads\/2025\/12\/01161450\/i71a9460.jpg","link":"https:\/\/www.bymycar.be\/webzine\/mercedes-eqb-vs-volkswagen-id-4-lequel-est-le-plus-adapte\/i71a9460\/","alt":"Mercedes EQB","author":"17","description":"","caption":"","name":"i71a9460","status":"inherit","uploaded_to":5264,"date":"2025-12-01 15:14:47","modified":"2025-12-01 15:15:10","menu_order":0,"mime_type":"image\/jpeg","type":"image","subtype":"jpeg","icon":"https:\/\/www.bymycar.be\/webzine\/wp-includes\/images\/media\/default.png","width":1024,"height":683,"sizes":{"thumbnail":"https:\/\/cdn.bymycar.eu\/be-webzine\/wp-content\/uploads\/2025\/12\/01161450\/i71a9460-150x150.jpg","thumbnail-width":150,"thumbnail-height":150,"medium":"https:\/\/cdn.bymycar.eu\/be-webzine\/wp-content\/uploads\/2025\/12\/01161450\/i71a9460-300x200.jpg","medium-width":300,"medium-height":200,"medium_large":"https:\/\/cdn.bymycar.eu\/be-webzine\/wp-content\/uploads\/2025\/12\/01161450\/i71a9460-768x512.jpg","medium_large-width":768,"medium_large-height":512,"large":"https:\/\/cdn.bymycar.eu\/be-webzine\/wp-content\/uploads\/2025\/12\/01161450\/i71a9460.jpg","large-width":1024,"large-height":683,"1536x1536":"https:\/\/cdn.bymycar.eu\/be-webzine\/wp-content\/uploads\/2025\/12\/01161450\/i71a9460.jpg","1536x1536-width":1024,"1536x1536-height":683,"2048x2048":"https:\/\/cdn.bymycar.eu\/be-webzine\/wp-content\/uploads\/2025\/12\/01161450\/i71a9460.jpg","2048x2048-width":1024,"2048x2048-height":683}},"introduction":"<p>Vous recherchez un v\u00e9hicule \u00e9lectrique familial ? Le <a href=\"https:\/\/www.bymycar.be\/fr\/v\/mercedes-eqb\">Mercedes EQB<\/a> et le Volkswagen ID.4 sont deux SUV \u00e9lectriques aux caract\u00e9ristiques distinctes. Le premier se distingue par sa modularit\u00e9 avec jusqu&rsquo;\u00e0 7 places, tandis que le second offre un espace g\u00e9n\u00e9reux pour 5 passagers et un coffre volumineux. Nos conseillers BYmyCAR vous guideront pour choisir le v\u00e9hicule \u00e9lectrique qui correspond parfaitement \u00e0 vos besoins familiaux, qu&rsquo;ils soient urbains ou longue distance.<\/p>\n<p>&nbsp;<\/p>\n<p style=\"text-align: center;\"><a href=\"https:\/\/www.bymycar.be\/webzine\/mercedes-eqb-un-suv-electrique-concu-pour-les-familles-nombreuses\/\"  class=\"css-button css-button--gold\" >\n                Tout savoir sur la Mercedes EQB\n        <\/a><\/p>\n","add-to-bo":false,"page_content":{"block_content":[{"acf_fc_layout":"carousel-produits"},{"acf_fc_layout":"text-simple","--nav":{"-withNav":false,"-ancre":""},"--group":{"-text":"<h2>Capacit\u00e9 et modulabilit\u00e9<\/h2>\n<p>La Mercedes-Benz EQB se d\u00e9marque comme le seul SUV compact du segment proposant 7 vraies places, gr\u00e2ce \u00e0 ses trois rang\u00e9es de si\u00e8ges modulables. Son coffre varie entre 495 et 1 710 L&rsquo;id\u00e9al pour les familles nombreuses. Apr\u00e8s plusieurs years d&rsquo;\u00e9volution de l&rsquo;habitabilit\u00e9, la Mercedes-Benz EQB offre une modularit\u00e9 exceptionnelle qui facilite les trajets longue distance en famille.<\/p>\n<p>Le Volkswagen ID.4, quant \u00e0 lui, propose 5 places avec un coffre plus spacieux (543 L), parfaitement adapt\u00e9 \u00e0 une famille classique. Son architecture moins flexible c\u00f4t\u00e9 assises gagne en simplicit\u00e9 au quotidien, avec une approche plus \u00e9pur\u00e9e de l&rsquo;espace int\u00e9rieur.<\/p>\n<h3>Acc\u00e8s aux rear door et confort des familles<\/h3>\n<p>Les rear door de la Mercedes-Benz EQB offrent un acc\u00e8s facilit\u00e9 gr\u00e2ce \u00e0 leur ouverture \u00e0 90\u00b0, permettant d&rsquo;installer ais\u00e9ment les si\u00e8ges enfant. Le syst\u00e8me d&rsquo;ouverture \u00e9lectrique des portes arri\u00e8re, activable via le porte-cl\u00e9s, simplifie grandement l&rsquo;acc\u00e8s avec les bras charg\u00e9s. Le Volkswagen ID.4 propose quant \u00e0 lui un acc\u00e8s aux rear door plus conventionnel, n\u00e9cessitant d&rsquo;ouvrir d&rsquo;abord les portes avant pour d\u00e9verrouiller l&rsquo;ensemble du v\u00e9hicule. Pour plus de d\u00e9tails sur ces syst\u00e8mes d&rsquo;acc\u00e8s, n&rsquo;h\u00e9sitez pas \u00e0 contacter nos conseillers BYmyCAR.<\/p>\n<h2>Motorisations EQB 300, autonomie et recharge<\/h2>\n<h3>Puissance et polyvalence<\/h3>\n<p>Le Mercedes-Benz EQB se distingue par une gamme de motorisations parfaitement \u00e9quilibr\u00e9es. La version EQB 300 4MATIC\u00ae d\u00e9livre une puissance de 225 chevaux et un couple g\u00e9n\u00e9reux de 288 Nm, offrant une conduite dynamique et r\u00e9active au quotidien. \u00c9quip\u00e9e d&rsquo;une batterie lithium-ion de 70,5 kWh utiles, la Mercedes-Benz EQB propose une autonomie impressionnante pouvant atteindre 537 km en cycle WLTP, id\u00e9ale pour vos d\u00e9placements urbains comme pour les escapades du week-end.<\/p>\n<p>Le Volkswagen ID.4 propose quant \u00e0 lui plusieurs options de batterie, dont une version de 77 kWh permettant d&rsquo;atteindre jusqu&rsquo;\u00e0 566 km d&rsquo;autonomie pour la version Pro de 286 ch. Les motorisations s&rsquo;\u00e9chelonnent entre 170 ch et 340 ch pour la sportive GTX, offrant ainsi un large choix selon vos besoins.<\/p>\n<h3>Temps de recharge simplifi\u00e9<\/h3>\n<p>La recharge du EQB de chez <a href=\"https:\/\/www.bymycar.be\/fr\/v\/mercedes\" target=\"_blank\" rel=\"noopener\">Mercedes<\/a> s&rsquo;effectue en toute simplicit\u00e9 : comptez environ 32 minutes pour passer de 10 \u00e0 80% sur une borne rapide DC de 100 kW. Les ing\u00e9nieurs de Mercedes-Benz ont r\u00e9alis\u00e9 des progr\u00e8s constants au fil des years dans la densit\u00e9 \u00e9nerg\u00e9tique des batteries, permettant d&rsquo;optimiser les temps de recharge tout en pr\u00e9servant la durabilit\u00e9 des cellules.<\/p>\n<p>Nos conseillers BYmyCAR sont \u00e0 votre disposition pour vous accompagner dans le choix de la batterie et de la motorisation les plus adapt\u00e9es \u00e0 votre style de conduite et \u00e0 vos besoins quotidiens.<\/p>\n<h2>Vie \u00e0 bord, technologie et services BYmyCAR<\/h2>\n<h3>Exp\u00e9rience num\u00e9rique embarqu\u00e9e<\/h3>\n<p>Le Mercedes-Benz EQB offre une exp\u00e9rience premium avec son syst\u00e8me MBUX de derni\u00e8re g\u00e9n\u00e9ration. Cette interface intuitive int\u00e8gre l&rsquo;assistant vocal \u00ab\u00a0Hey Mercedes\u00a0\u00bb qui r\u00e9pond \u00e0 vos demandes en langage naturel. Des ann\u00e9es d&rsquo;expertise Mercedes dans la s\u00e9curit\u00e9 se refl\u00e8tent dans ses \u00e9quipements d&rsquo;assistance \u00e0 la conduite et sa protection enfant exemplaire avec airbags sur les trois rang\u00e9es et multiples points Isofix. Cette technologie avanc\u00e9e s&rsquo;accompagne d&rsquo;une finition soign\u00e9e qui caract\u00e9rise les v\u00e9hicules \u00e9lectriques de la marque.<\/p>\n<h3>Assistance et entretien chez BYmyCAR<\/h3>\n<p>Le Volkswagen ID.4 se distingue par son interface minimaliste et son cockpit num\u00e9rique enti\u00e8rement personnalisable. Son \u00e9cran tactile de 12,9 pouces donne acc\u00e8s \u00e0 tous les services num\u00e9riques Volkswagen, incluant l&rsquo;assistant vocal IDA enrichi par l&rsquo;intelligence artificielle. Son gabarit urbain (4,58 m contre 4,68 m pour l&rsquo;EQB) facilite les man\u0153uvres quotidiennes. Pour d\u00e9couvrir ces deux SUV \u00e9lectriques et b\u00e9n\u00e9ficier d&rsquo;un accompagnement personnalis\u00e9, nos conseillers BYmyCAR sont \u00e0 votre disposition pour vous guider dans votre choix selon vos besoins familiaux.<\/p>\n<h2>Dimensions et size pour un usage quotidien<\/h2>\n<h3>Tableau r\u00e9capitulatif des gabarits<\/h3>\n<p>Le choix entre le Mercedes-Benz EQB et le Volkswagen ID.4 d\u00e9pend souvent de vos besoins en termes d&rsquo;espace. Le Volkswagen ID.4 se distingue par son gabarit plus compact, offrant une meilleure maniabilit\u00e9 en milieu urbain, tandis que le Mercedes-Benz EQB propose la modularit\u00e9 de ses 7 places pour les familles nombreuses.<\/p>\n<table>\n<thead>\n<tr>\n<th>Caract\u00e9ristiques<\/th>\n<th>Mercedes-Benz EQB<\/th>\n<th>Volkswagen ID.4<\/th>\n<\/tr>\n<\/thead>\n<tbody>\n<tr>\n<td>Longueur<\/td>\n<td>4 684 mm<\/td>\n<td>4 584 mm<\/td>\n<\/tr>\n<tr>\n<td>Largeur (sans r\u00e9troviseurs)<\/td>\n<td>1 834 mm<\/td>\n<td>1 852 mm<\/td>\n<\/tr>\n<tr>\n<td>Hauteur<\/td>\n<td>1 667 mm<\/td>\n<td>1 634 mm<\/td>\n<\/tr>\n<tr>\n<td>Volume de coffre<\/td>\n<td>495-1 710 L<\/td>\n<td>543 L (jusqu&rsquo;\u00e0 1 575 L)<\/td>\n<\/tr>\n<\/tbody>\n<\/table>\n<p>Pour mieux appr\u00e9cier ces diff\u00e9rences et trouver le mod\u00e8le qui correspond parfaitement \u00e0 votre mode de vie, nos conseillers BYmyCAR vous invitent \u00e0 venir essayer ces deux SUV \u00e9lectriques en concession.<\/p>\n<h2>FAQ : vos questions sur EQB vs ID.4<\/h2>\n<h3>L&rsquo;ID.4 est-elle une bonne voiture ?<\/h3>\n<p>Le Volkswagen ID.4 est un excellent SUV \u00e9lectrique offrant une qualit\u00e9 de finition remarquable et un confort de conduite exceptionnel. Son habitacle spacieux et son coffre g\u00e9n\u00e9reux de 543 litres en font un v\u00e9hicule id\u00e9al pour les familles et les longs trajets.<\/p>\n<h3>Quelle est l&rsquo;autonomie de la Mercedes EQB ?<\/h3>\n<p>La Mercedes-Benz EQB offre une autonomie impressionnante allant de 433 \u00e0 537 km en cycle WLTP combin\u00e9, et jusqu&rsquo;\u00e0 645 km en cycle urbain. Sa batterie se recharge rapidement en seulement 32 minutes sur une borne rapide pour reprendre vos trajets sereinement.<\/p>\n<p><strong>Sources :<\/strong><\/p>\n<ul>\n<li><a href=\"https:\/\/www.mercedes-benz.fr\/passengercars\/models\/suv\/eqb\/overview.html\" target=\"_blank\" rel=\"noopener\">EQB SUV \u00e9lectrique<\/a><\/li>\n<li><a href=\"https:\/\/www.auto-selection.com\/fiche-technique\/mercedes-benz\/eqb\/2025\/250~-190ch-2922834.php\" target=\"_blank\" rel=\"noopener\">Fiche technique MERCEDES-BENZ EQB 2025 250+ 190ch<\/a><\/li>\n<li><a href=\"https:\/\/www.automobile-propre.com\/voitures\/mercedes-eqb\/\" target=\"_blank\" rel=\"noopener\">Mercedes EQB : commercialisation, prix, autonomie &#8230;<\/a><\/li>\n<li><a href=\"https:\/\/www.volkswagen.fr\/fr\/modeles-et-configurateur\/id-4.html\" target=\"_blank\" rel=\"noopener\">ID.4 &#8211; Mod\u00e8les de voiture ID.4<\/a><\/li>\n<li><a href=\"https:\/\/www.ev-market.fr\/outils-et-services\/comparatif\/volkswagen:id-4-vs-mercedes-benz:eqb\" target=\"_blank\" rel=\"noopener\">Comparatif Volkswagen ID.4 vs Mercedes-Benz EQB<\/a><\/li>\n<li><a href=\"https:\/\/fr.driveduel.de\/compare\/vw\/id-4\/vs\/mercedes-benz\/eqb\" target=\"_blank\" rel=\"noopener\">VW ID.4 vs Mercedes EQB \u2013 Quelle voiture est la meilleure<\/a><\/li>\n<\/ul>\n"}},{"acf_fc_layout":"text-simple","--nav":{"-withNav":false,"-ancre":""},"--group":{"-text":"<p><!--StartFragment --><\/p>\n<p class=\"pf0\"><span class=\"cf0\"><strong>D\u00e9couvrez aussi :<\/strong> <\/span><\/p>\n<ul>\n<li class=\"pf1\"><a href=\"https:\/\/www.bymycar.be\/webzine\/mercedes-eqb-autonomie-et-consommation-electrique\/\"><span class=\"cf1\">Mercedes EQB : autonomie et consommation \u00e9lectrique<\/span><\/a><\/li>\n<li class=\"pf1\"><span class=\"cf1\">Mercedes EQB : quelle finition privil\u00e9gier ?<\/span><\/li>\n<li class=\"pf1\"><span class=\"cf1\">Mercedes EQB neuf ou d\u2019occasion : comment bien choisir ?<\/span><\/li>\n<li class=\"pf1\"><span class=\"cf1\">Mercedes EQB : quelle diff\u00e9rence avec l\u2019EQE ?<\/span><\/li>\n<\/ul>\n<p><!--EndFragment --><\/p>\n"}}]}},"yoast_head":"<!-- This site is optimized with the Yoast SEO Premium plugin v26.4 (Yoast SEO v27.1.1) - https:\/\/yoast.com\/product\/yoast-seo-premium-wordpress\/ -->\n<title>Mercedes EQB vs Volkswagen ID.4 : lequel est le plus adapt\u00e9 ? - Webzine BE | BYmyCAR<\/title>\n<meta name=\"robots\" content=\"index, follow, max-snippet:-1, max-image-preview:large, max-video-preview:-1\" \/>\n<link rel=\"canonical\" href=\"https:\/\/www.bymycar.be\/webzine\/mercedes-eqb-vs-volkswagen-id-4-lequel-est-le-plus-adapte\/\" \/>\n<meta property=\"og:locale\" content=\"fr_FR\" \/>\n<meta property=\"og:type\" content=\"article\" \/>\n<meta property=\"og:title\" content=\"Mercedes EQB vs Volkswagen ID.4 : lequel est le plus adapt\u00e9 ?\" \/>\n<meta property=\"og:url\" content=\"https:\/\/www.bymycar.be\/webzine\/mercedes-eqb-vs-volkswagen-id-4-lequel-est-le-plus-adapte\/\" \/>\n<meta property=\"og:site_name\" content=\"Webzine BE | BYmyCAR\" \/>\n<meta property=\"article:publisher\" content=\"https:\/\/www.facebook.com\/BYmyCAR.officiel\/\" \/>\n<meta property=\"article:published_time\" content=\"2025-12-01T15:18:29+00:00\" \/>\n<meta property=\"article:modified_time\" content=\"2025-12-01T15:34:45+00:00\" \/>\n<meta name=\"author\" content=\"Tom Fernandes\" \/>\n<meta name=\"twitter:card\" content=\"summary_large_image\" \/>\n<meta name=\"twitter:label1\" content=\"\u00c9crit par\" \/>\n\t<meta name=\"twitter:data1\" content=\"Tom Fernandes\" \/>\n<script type=\"application\/ld+json\" class=\"yoast-schema-graph\">{\"@context\":\"https:\/\/schema.org\",\"@graph\":[{\"@type\":\"Article\",\"@id\":\"https:\/\/www.bymycar.be\/webzine\/mercedes-eqb-vs-volkswagen-id-4-lequel-est-le-plus-adapte\/#article\",\"isPartOf\":{\"@id\":\"https:\/\/www.bymycar.be\/webzine\/mercedes-eqb-vs-volkswagen-id-4-lequel-est-le-plus-adapte\/\"},\"author\":{\"name\":\"Tom Fernandes\",\"@id\":\"https:\/\/www.bymycar.be\/webzine\/nl\/#\/schema\/person\/6cd99e624bbd64604349ff20ee1ed853\"},\"headline\":\"Mercedes EQB vs Volkswagen ID.4 : lequel est le plus adapt\u00e9 ?\",\"datePublished\":\"2025-12-01T15:18:29+00:00\",\"dateModified\":\"2025-12-01T15:34:45+00:00\",\"mainEntityOfPage\":{\"@id\":\"https:\/\/www.bymycar.be\/webzine\/mercedes-eqb-vs-volkswagen-id-4-lequel-est-le-plus-adapte\/\"},\"wordCount\":10,\"publisher\":{\"@id\":\"https:\/\/www.bymycar.be\/webzine\/nl\/#organization\"},\"articleSection\":[\"Guide d'achat Mercedes\"],\"inLanguage\":\"fr-FR\"},{\"@type\":\"WebPage\",\"@id\":\"https:\/\/www.bymycar.be\/webzine\/mercedes-eqb-vs-volkswagen-id-4-lequel-est-le-plus-adapte\/\",\"url\":\"https:\/\/www.bymycar.be\/webzine\/mercedes-eqb-vs-volkswagen-id-4-lequel-est-le-plus-adapte\/\",\"name\":\"Mercedes EQB vs Volkswagen ID.4 : lequel est le plus adapt\u00e9 ? - Webzine BE | BYmyCAR\",\"isPartOf\":{\"@id\":\"https:\/\/www.bymycar.be\/webzine\/nl\/#website\"},\"datePublished\":\"2025-12-01T15:18:29+00:00\",\"dateModified\":\"2025-12-01T15:34:45+00:00\",\"breadcrumb\":{\"@id\":\"https:\/\/www.bymycar.be\/webzine\/mercedes-eqb-vs-volkswagen-id-4-lequel-est-le-plus-adapte\/#breadcrumb\"},\"inLanguage\":\"fr-FR\",\"potentialAction\":[{\"@type\":\"ReadAction\",\"target\":[\"https:\/\/www.bymycar.be\/webzine\/mercedes-eqb-vs-volkswagen-id-4-lequel-est-le-plus-adapte\/\"]}]},{\"@type\":\"BreadcrumbList\",\"@id\":\"https:\/\/www.bymycar.be\/webzine\/mercedes-eqb-vs-volkswagen-id-4-lequel-est-le-plus-adapte\/#breadcrumb\",\"itemListElement\":[{\"@type\":\"ListItem\",\"position\":1,\"name\":\"Accueil\",\"item\":\"https:\/\/www.bymycar.be\/webzine\/\"},{\"@type\":\"ListItem\",\"position\":2,\"name\":\"Mercedes EQB vs Volkswagen ID.4 : lequel est le plus adapt\u00e9 ?\"}]},{\"@type\":\"WebSite\",\"@id\":\"https:\/\/www.bymycar.be\/webzine\/nl\/#website\",\"url\":\"https:\/\/www.bymycar.be\/webzine\/nl\/\",\"name\":\"Webzine | BYmyCAR\",\"description\":\"_Le webzine auto de\",\"publisher\":{\"@id\":\"https:\/\/www.bymycar.be\/webzine\/nl\/#organization\"},\"potentialAction\":[{\"@type\":\"SearchAction\",\"target\":{\"@type\":\"EntryPoint\",\"urlTemplate\":\"https:\/\/www.bymycar.be\/webzine\/nl\/?s={search_term_string}\"},\"query-input\":{\"@type\":\"PropertyValueSpecification\",\"valueRequired\":true,\"valueName\":\"search_term_string\"}}],\"inLanguage\":\"fr-FR\"},{\"@type\":\"Organization\",\"@id\":\"https:\/\/www.bymycar.be\/webzine\/nl\/#organization\",\"name\":\"Webzine | BYmyCAR\",\"url\":\"https:\/\/www.bymycar.be\/webzine\/nl\/\",\"logo\":{\"@type\":\"ImageObject\",\"inLanguage\":\"fr-FR\",\"@id\":\"https:\/\/www.bymycar.be\/webzine\/nl\/#\/schema\/logo\/image\/\",\"url\":\"https:\/\/cdn.bymycar.eu\/be-webzine\/wp-content\/uploads\/2024\/11\/20203047\/logo.png\",\"contentUrl\":\"https:\/\/cdn.bymycar.eu\/be-webzine\/wp-content\/uploads\/2024\/11\/20203047\/logo.png\",\"width\":1280,\"height\":512,\"caption\":\"Webzine | BYmyCAR\"},\"image\":{\"@id\":\"https:\/\/www.bymycar.be\/webzine\/nl\/#\/schema\/logo\/image\/\"},\"sameAs\":[\"https:\/\/www.facebook.com\/BYmyCAR.officiel\/\",\"https:\/\/www.instagram.com\/bymycar.officiel\/\"]},{\"@type\":\"Person\",\"@id\":\"https:\/\/www.bymycar.be\/webzine\/nl\/#\/schema\/person\/6cd99e624bbd64604349ff20ee1ed853\",\"name\":\"Tom Fernandes\",\"image\":{\"@type\":\"ImageObject\",\"inLanguage\":\"fr-FR\",\"@id\":\"https:\/\/www.bymycar.be\/webzine\/nl\/#\/schema\/person\/image\/\",\"url\":\"https:\/\/secure.gravatar.com\/avatar\/81b17c0cc5a6f1f7f394984269a7cbad9c7cca9604839da024242cf665051fbf?s=96&d=mm&r=g\",\"contentUrl\":\"https:\/\/secure.gravatar.com\/avatar\/81b17c0cc5a6f1f7f394984269a7cbad9c7cca9604839da024242cf665051fbf?s=96&d=mm&r=g\",\"caption\":\"Tom Fernandes\"}}]}<\/script>\n<!-- \/ Yoast SEO Premium plugin. -->","yoast_head_json":{"title":"Mercedes EQB vs Volkswagen ID.4 : lequel est le plus adapt\u00e9 ? - Webzine BE | BYmyCAR","robots":{"index":"index","follow":"follow","max-snippet":"max-snippet:-1","max-image-preview":"max-image-preview:large","max-video-preview":"max-video-preview:-1"},"canonical":"https:\/\/www.bymycar.be\/webzine\/mercedes-eqb-vs-volkswagen-id-4-lequel-est-le-plus-adapte\/","og_locale":"fr_FR","og_type":"article","og_title":"Mercedes EQB vs Volkswagen ID.4 : lequel est le plus adapt\u00e9 ?","og_url":"https:\/\/www.bymycar.be\/webzine\/mercedes-eqb-vs-volkswagen-id-4-lequel-est-le-plus-adapte\/","og_site_name":"Webzine BE | BYmyCAR","article_publisher":"https:\/\/www.facebook.com\/BYmyCAR.officiel\/","article_published_time":"2025-12-01T15:18:29+00:00","article_modified_time":"2025-12-01T15:34:45+00:00","author":"Tom Fernandes","twitter_card":"summary_large_image","twitter_misc":{"\u00c9crit par":"Tom Fernandes"},"schema":{"@context":"https:\/\/schema.org","@graph":[{"@type":"Article","@id":"https:\/\/www.bymycar.be\/webzine\/mercedes-eqb-vs-volkswagen-id-4-lequel-est-le-plus-adapte\/#article","isPartOf":{"@id":"https:\/\/www.bymycar.be\/webzine\/mercedes-eqb-vs-volkswagen-id-4-lequel-est-le-plus-adapte\/"},"author":{"name":"Tom Fernandes","@id":"https:\/\/www.bymycar.be\/webzine\/nl\/#\/schema\/person\/6cd99e624bbd64604349ff20ee1ed853"},"headline":"Mercedes EQB vs Volkswagen ID.4 : lequel est le plus adapt\u00e9 ?","datePublished":"2025-12-01T15:18:29+00:00","dateModified":"2025-12-01T15:34:45+00:00","mainEntityOfPage":{"@id":"https:\/\/www.bymycar.be\/webzine\/mercedes-eqb-vs-volkswagen-id-4-lequel-est-le-plus-adapte\/"},"wordCount":10,"publisher":{"@id":"https:\/\/www.bymycar.be\/webzine\/nl\/#organization"},"articleSection":["Guide d'achat Mercedes"],"inLanguage":"fr-FR"},{"@type":"WebPage","@id":"https:\/\/www.bymycar.be\/webzine\/mercedes-eqb-vs-volkswagen-id-4-lequel-est-le-plus-adapte\/","url":"https:\/\/www.bymycar.be\/webzine\/mercedes-eqb-vs-volkswagen-id-4-lequel-est-le-plus-adapte\/","name":"Mercedes EQB vs Volkswagen ID.4 : lequel est le plus adapt\u00e9 ? - Webzine BE | BYmyCAR","isPartOf":{"@id":"https:\/\/www.bymycar.be\/webzine\/nl\/#website"},"datePublished":"2025-12-01T15:18:29+00:00","dateModified":"2025-12-01T15:34:45+00:00","breadcrumb":{"@id":"https:\/\/www.bymycar.be\/webzine\/mercedes-eqb-vs-volkswagen-id-4-lequel-est-le-plus-adapte\/#breadcrumb"},"inLanguage":"fr-FR","potentialAction":[{"@type":"ReadAction","target":["https:\/\/www.bymycar.be\/webzine\/mercedes-eqb-vs-volkswagen-id-4-lequel-est-le-plus-adapte\/"]}]},{"@type":"BreadcrumbList","@id":"https:\/\/www.bymycar.be\/webzine\/mercedes-eqb-vs-volkswagen-id-4-lequel-est-le-plus-adapte\/#breadcrumb","itemListElement":[{"@type":"ListItem","position":1,"name":"Accueil","item":"https:\/\/www.bymycar.be\/webzine\/"},{"@type":"ListItem","position":2,"name":"Mercedes EQB vs Volkswagen ID.4 : lequel est le plus adapt\u00e9 ?"}]},{"@type":"WebSite","@id":"https:\/\/www.bymycar.be\/webzine\/nl\/#website","url":"https:\/\/www.bymycar.be\/webzine\/nl\/","name":"Webzine | BYmyCAR","description":"_Le webzine auto de","publisher":{"@id":"https:\/\/www.bymycar.be\/webzine\/nl\/#organization"},"potentialAction":[{"@type":"SearchAction","target":{"@type":"EntryPoint","urlTemplate":"https:\/\/www.bymycar.be\/webzine\/nl\/?s={search_term_string}"},"query-input":{"@type":"PropertyValueSpecification","valueRequired":true,"valueName":"search_term_string"}}],"inLanguage":"fr-FR"},{"@type":"Organization","@id":"https:\/\/www.bymycar.be\/webzine\/nl\/#organization","name":"Webzine | BYmyCAR","url":"https:\/\/www.bymycar.be\/webzine\/nl\/","logo":{"@type":"ImageObject","inLanguage":"fr-FR","@id":"https:\/\/www.bymycar.be\/webzine\/nl\/#\/schema\/logo\/image\/","url":"https:\/\/cdn.bymycar.eu\/be-webzine\/wp-content\/uploads\/2024\/11\/20203047\/logo.png","contentUrl":"https:\/\/cdn.bymycar.eu\/be-webzine\/wp-content\/uploads\/2024\/11\/20203047\/logo.png","width":1280,"height":512,"caption":"Webzine | BYmyCAR"},"image":{"@id":"https:\/\/www.bymycar.be\/webzine\/nl\/#\/schema\/logo\/image\/"},"sameAs":["https:\/\/www.facebook.com\/BYmyCAR.officiel\/","https:\/\/www.instagram.com\/bymycar.officiel\/"]},{"@type":"Person","@id":"https:\/\/www.bymycar.be\/webzine\/nl\/#\/schema\/person\/6cd99e624bbd64604349ff20ee1ed853","name":"Tom Fernandes","image":{"@type":"ImageObject","inLanguage":"fr-FR","@id":"https:\/\/www.bymycar.be\/webzine\/nl\/#\/schema\/person\/image\/","url":"https:\/\/secure.gravatar.com\/avatar\/81b17c0cc5a6f1f7f394984269a7cbad9c7cca9604839da024242cf665051fbf?s=96&d=mm&r=g","contentUrl":"https:\/\/secure.gravatar.com\/avatar\/81b17c0cc5a6f1f7f394984269a7cbad9c7cca9604839da024242cf665051fbf?s=96&d=mm&r=g","caption":"Tom Fernandes"}}]}},"_links":{"self":[{"href":"https:\/\/www.bymycar.be\/webzine\/wp-json\/wp\/v2\/posts\/5264","targetHints":{"allow":["GET"]}}],"collection":[{"href":"https:\/\/www.bymycar.be\/webzine\/wp-json\/wp\/v2\/posts"}],"about":[{"href":"https:\/\/www.bymycar.be\/webzine\/wp-json\/wp\/v2\/types\/post"}],"author":[{"embeddable":true,"href":"https:\/\/www.bymycar.be\/webzine\/wp-json\/wp\/v2\/users\/17"}],"replies":[{"embeddable":true,"href":"https:\/\/www.bymycar.be\/webzine\/wp-json\/wp\/v2\/comments?post=5264"}],"version-history":[{"count":2,"href":"https:\/\/www.bymycar.be\/webzine\/wp-json\/wp\/v2\/posts\/5264\/revisions"}],"predecessor-version":[{"id":5278,"href":"https:\/\/www.bymycar.be\/webzine\/wp-json\/wp\/v2\/posts\/5264\/revisions\/5278"}],"wp:attachment":[{"href":"https:\/\/www.bymycar.be\/webzine\/wp-json\/wp\/v2\/media?parent=5264"}],"wp:term":[{"taxonomy":"category","embeddable":true,"href":"https:\/\/www.bymycar.be\/webzine\/wp-json\/wp\/v2\/categories?post=5264"},{"taxonomy":"post_tag","embeddable":true,"href":"https:\/\/www.bymycar.be\/webzine\/wp-json\/wp\/v2\/tags?post=5264"}],"curies":[{"name":"wp","href":"https:\/\/api.w.org\/{rel}","templated":true}]}}