{"id":5183,"date":"2025-11-28T17:22:26","date_gmt":"2025-11-28T16:22:26","guid":{"rendered":"https:\/\/www.bymycar.be\/webzine\/?p=5183"},"modified":"2025-11-28T17:38:33","modified_gmt":"2025-11-28T16:38:33","slug":"mercedes-classe-a-amg-que-vaut-la-version-sportive","status":"publish","type":"post","link":"https:\/\/www.bymycar.be\/webzine\/mercedes-classe-a-amg-que-vaut-la-version-sportive\/","title":{"rendered":"Mercedes Classe A AMG : que vaut la version sportive ?"},"content":{"rendered":"","protected":false},"excerpt":{"rendered":"","protected":false},"author":17,"featured_media":0,"comment_status":"closed","ping_status":"closed","sticky":false,"template":"","format":"standard","meta":{"_acf_changed":false,"footnotes":""},"categories":[1458],"tags":[],"class_list":["post-5183","post","type-post","status-publish","format-standard","hentry","category-guide-dachat-mercedes"],"acf":{"image":{"ID":5185,"id":5185,"title":"Mercedes-AMG A 35 und CLA 35 \u201eEdition 55\u201c - exklusive Sondermodelle in der KompaktklasseMercedes-AMG A 35 and CLA 35 \"Edition 55\" - exclusive special models in the compact class","filename":"22c0148-002.jpg","filesize":193576,"url":"https:\/\/cdn.bymycar.eu\/be-webzine\/wp-content\/uploads\/2025\/11\/28155951\/22c0148-002.jpg","link":"https:\/\/www.bymycar.be\/webzine\/mercedes-classe-a-amg-que-vaut-la-version-sportive\/mercedes-amg-a-35-und-cla-35-edition-55-exklusive-sondermodelle-in-der-kompaktklassemercedes-amg-a-35-and-cla-35-edition-55-exclusive-special-models-in-the-compact-class\/","alt":"Mercedes Classe A","author":"17","description":"","caption":"AMG feiert seinen 55. Geburtstag \u2013 und Kunden k\u00f6nnen mit exklusiven Sondermodellen daran teilhaben. A 35 4MATIC 55 Edition Kompaktlimousine (WLTP: Kraftstoffverbrauch kombiniert 8,8-8,3 l\/100 km, CO2\u2011Emissionen kombiniert 201-188 g\/km);WLTP: Kraftstoffverbrauch kombiniert 8,8-8,3 l\/100 km, CO2\u2011Emissionen kombiniert 201-188 g\/km*\n\nAMG is celebrating its 55th birthday - and customers can take part with exclusive special edition models. A 35 4MATIC 55 Edition compact sedan (WLTP fuel consumption combined: 8,8-8,3 l\/100 km, CO\u2082-emissions combined: 201-188 g\/km);WLTP: fuel consumption combined: 8,8-8,3 l\/100 km, CO\u2082-emissions combined: 201-188 g\/km*","name":"mercedes-amg-a-35-und-cla-35-edition-55-exklusive-sondermodelle-in-der-kompaktklassemercedes-amg-a-35-and-cla-35-edition-55-exclusive-special-models-in-the-compact-class","status":"inherit","uploaded_to":5183,"date":"2025-11-28 14:59:48","modified":"2025-11-28 15:00:17","menu_order":0,"mime_type":"image\/jpeg","type":"image","subtype":"jpeg","icon":"https:\/\/www.bymycar.be\/webzine\/wp-includes\/images\/media\/default.png","width":1024,"height":768,"sizes":{"thumbnail":"https:\/\/cdn.bymycar.eu\/be-webzine\/wp-content\/uploads\/2025\/11\/28155951\/22c0148-002-150x150.jpg","thumbnail-width":150,"thumbnail-height":150,"medium":"https:\/\/cdn.bymycar.eu\/be-webzine\/wp-content\/uploads\/2025\/11\/28155951\/22c0148-002-300x225.jpg","medium-width":300,"medium-height":225,"medium_large":"https:\/\/cdn.bymycar.eu\/be-webzine\/wp-content\/uploads\/2025\/11\/28155951\/22c0148-002-768x576.jpg","medium_large-width":768,"medium_large-height":576,"large":"https:\/\/cdn.bymycar.eu\/be-webzine\/wp-content\/uploads\/2025\/11\/28155951\/22c0148-002.jpg","large-width":1024,"large-height":768,"1536x1536":"https:\/\/cdn.bymycar.eu\/be-webzine\/wp-content\/uploads\/2025\/11\/28155951\/22c0148-002.jpg","1536x1536-width":1024,"1536x1536-height":768,"2048x2048":"https:\/\/cdn.bymycar.eu\/be-webzine\/wp-content\/uploads\/2025\/11\/28155951\/22c0148-002.jpg","2048x2048-width":1024,"2048x2048-height":768}},"introduction":"<p>La <a href=\"https:\/\/www.bymycar.be\/fr\/v\/mercedes-classe-a\">Mercedes Classe A<\/a> AMG incarne l&rsquo;excellence sportive dans l&rsquo;univers des compactes premium. Disponible en deux versions impressionnantes, la Mercedes-AMG A 35 de 306 ch et la Mercedes-AMG A 45 S de 421 ch, elle combine puissance exceptionnelle et design distinctif AMG Line. Son habitacle technologique int\u00e8gre le syst\u00e8me MBUX d\u00e9di\u00e9 et des finitions exclusives. Chez BYmyCAR, nos conseillers vous accompagnent pour d\u00e9couvrir cette r\u00e9f\u00e9rence qui red\u00e9finit les standards de performance dans sa cat\u00e9gorie.<\/p>\n<p>&nbsp;<\/p>\n<p style=\"text-align: center;\"><a href=\"https:\/\/www.bymycar.be\/webzine\/pourquoi-choisir-une-mercedes-classe-a\/\"  class=\"css-button css-button--gold\" >\n                Tout savoir sur la Mercedes Classe A\n        <\/a><\/p>\n<p>&nbsp;<\/p>\n<p><strong>Ce qu&rsquo;il faut retenir<\/strong><\/p>\n<p>La Mercedes Classe A AMG m\u00e9rite amplement sa r\u00e9putation de r\u00e9f\u00e9rence sportive gr\u00e2ce \u00e0 trois atouts majeurs :<\/p>\n<ul>\n<li><strong>Deux niveaux de performance exceptionnels<\/strong> : l&rsquo;A 35 AMG de 306 ch offre un \u00e9quilibre parfait pour un usage quotidien sportif, tandis que l&rsquo;A 45 S de 421 ch \u00e9tablit une nouvelle r\u00e9f\u00e9rence avec ses 3,9 secondes au 0-100 km\/h ;<\/li>\n<li><strong>Technologies premium et habitabilit\u00e9 pr\u00e9serv\u00e9e<\/strong> : le syst\u00e8me MBUX d\u00e9di\u00e9, l&rsquo;instrumentation sp\u00e9cifique et les cinq places confortables prouvent que sportivit\u00e9 rime avec polyvalence au quotidien ;<\/li>\n<li><strong>Design AMG authentique<\/strong> : la calandre Panamericana, les jantes alliage exclusives et les finitions int\u00e9rieures haut de gamme confirment l&rsquo;appartenance \u00e0 l&rsquo;\u00e9lite des compactes sportives.<\/li>\n<\/ul>\n<p>Nos conseillers BYmyCAR vous accompagnent pour d\u00e9couvrir ces mod\u00e8les d&rsquo;exception et vous proposer les meilleures conditions d&rsquo;acquisition.<\/p>\n","add-to-bo":false,"page_content":{"block_content":[{"acf_fc_layout":"text-simple","--nav":{"-withNav":false,"-ancre":""},"--group":{"-text":"<h2>Motorisations et performances : Mercedes-AMG A 35 et A 45<\/h2>\n<h3>A 35 AMG 4MATIC : sportivit\u00e9 au quotidien<\/h3>\n<p>La Mercedes-AMG A 35 4MATIC repr\u00e9sente le premier niveau d&rsquo;acc\u00e8s \u00e0 l&rsquo;univers sportif AMG. \u00c9quip\u00e9e d&rsquo;un moteur turbo quatre cylindres de 2,0 litres d\u00e9veloppant 306 ch et 400 Nm de couple, elle s&rsquo;associe \u00e0 une transmission int\u00e9grale intelligente et une bo\u00eete automatique \u00e0 double embrayage 7G-DCT SPEEDSHIFT AMG. Vous appr\u00e9cierez son \u00e9quilibre parfait entre performances quotidiennes et sportivit\u00e9, avec un 0 \u00e0 100 km\/h abattu en seulement 4,7 secondes.<\/p>\n<h3>A 45 S 4MATIC+ : puissance de r\u00e9f\u00e9rence<\/h3>\n<p>La Mercedes-AMG A 45 S 4MATIC+ incarne l&rsquo;excellence sportive absolue dans la cat\u00e9gorie des compactes. Son moteur 2,0 litres biturbo d\u00e9livre une puissance impressionnante de 421 ch et un couple de 500 Nm disponible entre 5 000 et 5 250 tr\/min. Associ\u00e9e \u00e0 une bo\u00eete automatique 8G-DCT \u00e0 huit rapports et une transmission int\u00e9grale \u00e9volu\u00e9e, elle catapulte la compacte de 0 \u00e0 100 km\/h en seulement 3,9 secondes avec une vitesse maximale de 270 km\/h.<\/p>\n<table>\n<thead>\n<tr>\n<th>Mod\u00e8le<\/th>\n<th>Puissance<\/th>\n<th>Couple<\/th>\n<th>0-100 km\/h<\/th>\n<th>Transmission<\/th>\n<\/tr>\n<\/thead>\n<tbody>\n<tr>\n<td>A 35 AMG 4MATIC<\/td>\n<td>306 ch<\/td>\n<td>400 Nm<\/td>\n<td>4,7 s<\/td>\n<td>4MATIC + 7G-DCT<\/td>\n<\/tr>\n<tr>\n<td>A 45 S 4MATIC+<\/td>\n<td>421 ch<\/td>\n<td>500 Nm<\/td>\n<td>3,9 s<\/td>\n<td>4MATIC+ + 8G-DCT<\/td>\n<\/tr>\n<\/tbody>\n<\/table>\n<h2>Technologies embarqu\u00e9es et int\u00e9rieur AMG<\/h2>\n<h3>MBUX et instrumentation d\u00e9di\u00e9e<\/h3>\n<p>Le syst\u00e8me multim\u00e9dia MBUX dans l&rsquo;AMG Cockpit offre une exp\u00e9rience num\u00e9rique exceptionnelle avec trois modes d&rsquo;affichage sp\u00e9cifiques, dont le mode Supersport avec son grand compte-tours. L&rsquo;affichage t\u00eate haute disponible projette les informations essentielles dans votre champ de vision, tandis que l&rsquo;assistant vocal \u00ab Hey Mercedes \u00bb r\u00e9pond \u00e0 vos commandes en langage naturel. La connectivit\u00e9 de pointe vous permet de rester connect\u00e9 en permanence gr\u00e2ce aux services Mercedes me connect.<\/p>\n<h3>Confort premium pour cinq passagers<\/h3>\n<p>L&rsquo;habitacle de la Classe A AMG de <a href=\"https:\/\/www.bymycar.be\/fr\/v\/mercedes\">Mercedes <\/a>vous accueille avec des si\u00e8ges baquets offrant un maintien lat\u00e9ral parfait lors des virages sportifs. La sellerie en cuir\/microfibre et les inserts en aluminium cr\u00e9ent une ambiance r\u00e9solument sportive. Malgr\u00e9 son caract\u00e8re performant, la Mercedes Classe A AMG conserve toute sa polyvalence quotidienne avec cinq places confortables et un volume de coffre identique aux versions standard, vous permettant d&rsquo;allier plaisir de conduite et aspects pratiques.<\/p>\n<h2>Efficience \u00e9nerg\u00e9tique et entretien sur-mesure<\/h2>\n<p>La Mercedes-AMG Classe A combine puissance et ma\u00eetrise \u00e9nerg\u00e9tique gr\u00e2ce \u00e0 son mode Comfort qui optimise la consommation lors de vos trajets quotidiens. Pour pr\u00e9server les performances exceptionnelles de votre v\u00e9hicule, BYmyCAR vous propose un planning d&rsquo;entretien AMG personnalis\u00e9 avec des techniciens certifi\u00e9s qui connaissent parfaitement les exigences sp\u00e9cifiques de votre mod\u00e8le. Pour toute question concernant le financement ou les offres LOA adapt\u00e9es \u00e0 votre budget, n&rsquo;h\u00e9sitez pas \u00e0 contacter nos conseillers BYmyCAR qui vous guideront vers la solution id\u00e9ale.<\/p>\n<h2>Design ext\u00e9rieur AMG Line et calandre sp\u00e9cifique<\/h2>\n<h3>Calandre Panamericana et boucliers dynamiques<\/h3>\n<p>La Mercedes-AMG Classe A se distingue imm\u00e9diatement par sa calandre Panamericana embl\u00e9matique aux lamelles verticales chrom\u00e9es, signature visuelle exclusive des mod\u00e8les AMG. Le bouclier avant arbore des prises d&rsquo;air g\u00e9n\u00e9reuses et des \u00e9l\u00e9ments de finition en chrome argent\u00e9, tandis que le capot sculpt\u00e9 avec d\u00f4mes de puissance accentue son caract\u00e8re sportif.<\/p>\n<h3>Jantes alliage et palette de couleurs<\/h3>\n<p>Les jantes alliage AMG de 18 \u00e0 19 pouces, disponibles en plusieurs finitions (argent brillant, noir mat ou gris fonc\u00e9), soulignent l&rsquo;allure athl\u00e9tique de la compacte. La palette de teintes propose des couleurs embl\u00e9matiques comme le gris montagne ou le bleu denim, parfaites pour mettre en valeur les lignes dynamiques de la <a href=\"https:\/\/www.bymycar.be\/fr\/marques\/mercedes-benz\/classe-a-berline\">Mercedes Berline Classe A<\/a>.<\/p>\n<h2>FAQ : vos questions sur la Mercedes Classe A AMG<\/h2>\n<h3>Quel est le prix d&rsquo;une A 45 AMG ?<\/h3>\n<p>Pour conna\u00eetre le tarif exact de la Mercedes-AMG A 45, nous vous invitons \u00e0 consulter nos conseillers BYmyCAR qui pourront vous proposer les meilleures offres personnalis\u00e9es selon vos besoins et les options souhait\u00e9es.<\/p>\n<h3>Quel moteur \u00e9quipe la A 45 AMG ?<\/h3>\n<p>La Mercedes-AMG A 45 est propuls\u00e9e par un impressionnant moteur 4 cylindres 2,0 litres turbo d\u00e9veloppant 421 ch et 500 Nm de couple. Ce bloc est enti\u00e8rement assembl\u00e9 \u00e0 la main dans les ateliers d&rsquo;Affalterbach selon la philosophie \u00ab un homme, un moteur \u00bb.<\/p>\n<h3>Quelle est l&rsquo;AMG la moins ch\u00e8re ?<\/h3>\n<p>La Mercedes-AMG A 35 4MATIC constitue la porte d&rsquo;entr\u00e9e dans l&rsquo;univers AMG avec ses 306 chevaux. Pour d\u00e9couvrir les conditions d&rsquo;acquisition de ce mod\u00e8le plus accessible, nos conseillers BYmyCAR sont \u00e0 votre disposition.<\/p>\n<h3>Une Mercedes Classe A est-elle une AMG ?<\/h3>\n<p>Non, toutes les Mercedes Classe A ne sont pas des AMG. Il faut distinguer les finitions \u00ab AMG Line \u00bb (pack esth\u00e9tique sportif) des v\u00e9ritables AMG (A 35 et A 45) qui b\u00e9n\u00e9ficient de moteurs sp\u00e9cifiques, de ch\u00e2ssis renforc\u00e9s et de performances nettement sup\u00e9rieures.<\/p>\n<p><strong>Sources :<\/strong><\/p>\n<ul>\n<li><a href=\"https:\/\/www.mercedes-benz.fr\/passengercars\/models\/hatchback\/a-class\/amg.html\" target=\"_blank\" rel=\"noopener\">Mercedes-AMG Classe A Compacte.<\/a><\/li>\n<li><a href=\"https:\/\/hollyroad.fr\/mercedes\/classe-a\/fiche-technique-mercedes-benz-classe-a-45-amg\" target=\"_blank\" rel=\"noopener\">Fiche technique Mercedes-Benz Classe A 45 AMG<\/a><\/li>\n<li><a href=\"https:\/\/www.caradisiac.com\/la-fiche-technique-de-la-mercedes-a45-amg-182122.htm\" target=\"_blank\" rel=\"noopener\">2. La fiche technique de la Mercedes A45 AMG<\/a><\/li>\n<li><a href=\"https:\/\/lacentrale.fr\/fiche-technique-voiture-mercedes-classe+a-45+amg+421+s+4matic~+8g_dct+speedshift+amg-2022.html?version-id=25908599&amp;modelCom=classe+a+4+amg\" target=\"_blank\" rel=\"noopener\">Fiche Technique Mercedes Classe A 45 Amg 421 S &#8230;<\/a><\/li>\n<li><a href=\"https:\/\/www.largus.fr\/fiche-technique\/Mercedes-Benz\/Classe+A\/Iv+W177\/2020\/Berline+5+Portes\/45+Amg+421+S+4m+8gdct+Spdshift-2149356.html\" target=\"_blank\" rel=\"noopener\">Mercedes-Benz Classe A IV (W177) 45 AMG 421ch S &#8230;<\/a><\/li>\n<\/ul>\n"}},{"acf_fc_layout":"text-simple","--nav":{"-withNav":false,"-ancre":""},"--group":{"-text":"<p><!--StartFragment --><\/p>\n<p class=\"pf0\"><strong><span class=\"cf1\">D\u00e9couvrez aussi :<\/span><\/strong><\/p>\n<ul>\n<li class=\"pf1\"><a href=\"https:\/\/www.bymycar.be\/webzine\/mercedes-classe-a-moteur-quelle-motorisation-choisir\/\"><span class=\"cf0\">Mercedes Classe A : quelle motorisation choisir ?<\/span><\/a><\/li>\n<li class=\"pf1\"><a href=\"https:\/\/www.bymycar.be\/webzine\/audi-a3-bmw-serie-1-ou-mercedes-classe-a-quelle-compacte-premium-choisir\/\"><span class=\"cf0\">Audi A3, BMW S\u00e9rie 1 ou Mercedes Classe A : quelle compacte premium choisir ?<\/span><\/a><\/li>\n<li class=\"pf1\"><a href=\"https:\/\/www.bymycar.be\/webzine\/mercedes-classe-a-essence-ou-diesel-quel-choix-privilegier\/\"><span class=\"cf0\">Mercedes Classe A essence ou diesel : quel choix privil\u00e9gier ?<\/span><\/a><\/li>\n<li class=\"pf1\"><a href=\"https:\/\/www.bymycar.be\/webzine\/mercedes-classe-a-doccasion-comment-faire-le-bon-choix\/\"><span class=\"cf0\">Mercedes Classe A d\u2019occasion : comment faire le bon choix ?<\/span><\/a><\/li>\n<li class=\"pf1\"><a href=\"https:\/\/www.bymycar.be\/webzine\/quelle-version-de-la-mercedes-classe-a-offre-le-meilleur-rapport-qualite-prix\/\"><span class=\"cf0\">Quelle version de la Mercedes Classe A offre le meilleur rapport qualit\u00e9\/prix ?<\/span><\/a><\/li>\n<li class=\"pf1\"><a href=\"https:\/\/www.bymycar.be\/webzine\/mercedes-classe-a-hybride-est-ce-un-bon-investissement\/\"><span class=\"cf0\">Mercedes Classe A hybride : est-ce un bon investissement ?<\/span><\/a><\/li>\n<li class=\"pf1\"><a href=\"https:\/\/www.bymycar.be\/webzine\/mercedes-classe-a-couts-dentretien-et-fiabilite\/\"><span class=\"cf0\">Mercedes Classe A : co\u00fbts d\u2019entretien et fiabilit\u00e9<\/span><\/a><\/li>\n<\/ul>\n<p><!--EndFragment --><\/p>\n"}}]}},"yoast_head":"<!-- This site is optimized with the Yoast SEO Premium plugin v26.4 (Yoast SEO v27.1.1) - https:\/\/yoast.com\/product\/yoast-seo-premium-wordpress\/ -->\n<title>Mercedes Classe A AMG : que vaut la version sportive ? - Webzine BE | BYmyCAR<\/title>\n<meta name=\"robots\" content=\"index, follow, max-snippet:-1, max-image-preview:large, max-video-preview:-1\" \/>\n<link rel=\"canonical\" href=\"https:\/\/www.bymycar.be\/webzine\/mercedes-classe-a-amg-que-vaut-la-version-sportive\/\" \/>\n<meta property=\"og:locale\" content=\"fr_FR\" \/>\n<meta property=\"og:type\" content=\"article\" \/>\n<meta property=\"og:title\" content=\"Mercedes Classe A AMG : que vaut la version sportive ?\" \/>\n<meta property=\"og:url\" content=\"https:\/\/www.bymycar.be\/webzine\/mercedes-classe-a-amg-que-vaut-la-version-sportive\/\" \/>\n<meta property=\"og:site_name\" content=\"Webzine BE | BYmyCAR\" \/>\n<meta property=\"article:publisher\" content=\"https:\/\/www.facebook.com\/BYmyCAR.officiel\/\" \/>\n<meta property=\"article:published_time\" content=\"2025-11-28T16:22:26+00:00\" \/>\n<meta property=\"article:modified_time\" content=\"2025-11-28T16:38:33+00:00\" \/>\n<meta name=\"author\" content=\"Tom Fernandes\" \/>\n<meta name=\"twitter:card\" content=\"summary_large_image\" \/>\n<meta name=\"twitter:label1\" content=\"\u00c9crit par\" \/>\n\t<meta name=\"twitter:data1\" content=\"Tom Fernandes\" \/>\n<script type=\"application\/ld+json\" class=\"yoast-schema-graph\">{\"@context\":\"https:\/\/schema.org\",\"@graph\":[{\"@type\":\"Article\",\"@id\":\"https:\/\/www.bymycar.be\/webzine\/mercedes-classe-a-amg-que-vaut-la-version-sportive\/#article\",\"isPartOf\":{\"@id\":\"https:\/\/www.bymycar.be\/webzine\/mercedes-classe-a-amg-que-vaut-la-version-sportive\/\"},\"author\":{\"name\":\"Tom Fernandes\",\"@id\":\"https:\/\/www.bymycar.be\/webzine\/nl\/#\/schema\/person\/6cd99e624bbd64604349ff20ee1ed853\"},\"headline\":\"Mercedes Classe A AMG : que vaut la version sportive ?\",\"datePublished\":\"2025-11-28T16:22:26+00:00\",\"dateModified\":\"2025-11-28T16:38:33+00:00\",\"mainEntityOfPage\":{\"@id\":\"https:\/\/www.bymycar.be\/webzine\/mercedes-classe-a-amg-que-vaut-la-version-sportive\/\"},\"wordCount\":9,\"publisher\":{\"@id\":\"https:\/\/www.bymycar.be\/webzine\/nl\/#organization\"},\"articleSection\":[\"Guide d'achat Mercedes\"],\"inLanguage\":\"fr-FR\"},{\"@type\":\"WebPage\",\"@id\":\"https:\/\/www.bymycar.be\/webzine\/mercedes-classe-a-amg-que-vaut-la-version-sportive\/\",\"url\":\"https:\/\/www.bymycar.be\/webzine\/mercedes-classe-a-amg-que-vaut-la-version-sportive\/\",\"name\":\"Mercedes Classe A AMG : que vaut la version sportive ? - Webzine BE | BYmyCAR\",\"isPartOf\":{\"@id\":\"https:\/\/www.bymycar.be\/webzine\/nl\/#website\"},\"datePublished\":\"2025-11-28T16:22:26+00:00\",\"dateModified\":\"2025-11-28T16:38:33+00:00\",\"breadcrumb\":{\"@id\":\"https:\/\/www.bymycar.be\/webzine\/mercedes-classe-a-amg-que-vaut-la-version-sportive\/#breadcrumb\"},\"inLanguage\":\"fr-FR\",\"potentialAction\":[{\"@type\":\"ReadAction\",\"target\":[\"https:\/\/www.bymycar.be\/webzine\/mercedes-classe-a-amg-que-vaut-la-version-sportive\/\"]}]},{\"@type\":\"BreadcrumbList\",\"@id\":\"https:\/\/www.bymycar.be\/webzine\/mercedes-classe-a-amg-que-vaut-la-version-sportive\/#breadcrumb\",\"itemListElement\":[{\"@type\":\"ListItem\",\"position\":1,\"name\":\"Accueil\",\"item\":\"https:\/\/www.bymycar.be\/webzine\/\"},{\"@type\":\"ListItem\",\"position\":2,\"name\":\"Mercedes Classe A AMG : que vaut la version sportive ?\"}]},{\"@type\":\"WebSite\",\"@id\":\"https:\/\/www.bymycar.be\/webzine\/nl\/#website\",\"url\":\"https:\/\/www.bymycar.be\/webzine\/nl\/\",\"name\":\"Webzine | BYmyCAR\",\"description\":\"_Le webzine auto de\",\"publisher\":{\"@id\":\"https:\/\/www.bymycar.be\/webzine\/nl\/#organization\"},\"potentialAction\":[{\"@type\":\"SearchAction\",\"target\":{\"@type\":\"EntryPoint\",\"urlTemplate\":\"https:\/\/www.bymycar.be\/webzine\/nl\/?s={search_term_string}\"},\"query-input\":{\"@type\":\"PropertyValueSpecification\",\"valueRequired\":true,\"valueName\":\"search_term_string\"}}],\"inLanguage\":\"fr-FR\"},{\"@type\":\"Organization\",\"@id\":\"https:\/\/www.bymycar.be\/webzine\/nl\/#organization\",\"name\":\"Webzine | BYmyCAR\",\"url\":\"https:\/\/www.bymycar.be\/webzine\/nl\/\",\"logo\":{\"@type\":\"ImageObject\",\"inLanguage\":\"fr-FR\",\"@id\":\"https:\/\/www.bymycar.be\/webzine\/nl\/#\/schema\/logo\/image\/\",\"url\":\"https:\/\/cdn.bymycar.eu\/be-webzine\/wp-content\/uploads\/2024\/11\/20203047\/logo.png\",\"contentUrl\":\"https:\/\/cdn.bymycar.eu\/be-webzine\/wp-content\/uploads\/2024\/11\/20203047\/logo.png\",\"width\":1280,\"height\":512,\"caption\":\"Webzine | BYmyCAR\"},\"image\":{\"@id\":\"https:\/\/www.bymycar.be\/webzine\/nl\/#\/schema\/logo\/image\/\"},\"sameAs\":[\"https:\/\/www.facebook.com\/BYmyCAR.officiel\/\",\"https:\/\/www.instagram.com\/bymycar.officiel\/\"]},{\"@type\":\"Person\",\"@id\":\"https:\/\/www.bymycar.be\/webzine\/nl\/#\/schema\/person\/6cd99e624bbd64604349ff20ee1ed853\",\"name\":\"Tom Fernandes\",\"image\":{\"@type\":\"ImageObject\",\"inLanguage\":\"fr-FR\",\"@id\":\"https:\/\/www.bymycar.be\/webzine\/nl\/#\/schema\/person\/image\/\",\"url\":\"https:\/\/secure.gravatar.com\/avatar\/81b17c0cc5a6f1f7f394984269a7cbad9c7cca9604839da024242cf665051fbf?s=96&d=mm&r=g\",\"contentUrl\":\"https:\/\/secure.gravatar.com\/avatar\/81b17c0cc5a6f1f7f394984269a7cbad9c7cca9604839da024242cf665051fbf?s=96&d=mm&r=g\",\"caption\":\"Tom Fernandes\"}}]}<\/script>\n<!-- \/ Yoast SEO Premium plugin. -->","yoast_head_json":{"title":"Mercedes Classe A AMG : que vaut la version sportive ? - Webzine BE | BYmyCAR","robots":{"index":"index","follow":"follow","max-snippet":"max-snippet:-1","max-image-preview":"max-image-preview:large","max-video-preview":"max-video-preview:-1"},"canonical":"https:\/\/www.bymycar.be\/webzine\/mercedes-classe-a-amg-que-vaut-la-version-sportive\/","og_locale":"fr_FR","og_type":"article","og_title":"Mercedes Classe A AMG : que vaut la version sportive ?","og_url":"https:\/\/www.bymycar.be\/webzine\/mercedes-classe-a-amg-que-vaut-la-version-sportive\/","og_site_name":"Webzine BE | BYmyCAR","article_publisher":"https:\/\/www.facebook.com\/BYmyCAR.officiel\/","article_published_time":"2025-11-28T16:22:26+00:00","article_modified_time":"2025-11-28T16:38:33+00:00","author":"Tom Fernandes","twitter_card":"summary_large_image","twitter_misc":{"\u00c9crit par":"Tom Fernandes"},"schema":{"@context":"https:\/\/schema.org","@graph":[{"@type":"Article","@id":"https:\/\/www.bymycar.be\/webzine\/mercedes-classe-a-amg-que-vaut-la-version-sportive\/#article","isPartOf":{"@id":"https:\/\/www.bymycar.be\/webzine\/mercedes-classe-a-amg-que-vaut-la-version-sportive\/"},"author":{"name":"Tom Fernandes","@id":"https:\/\/www.bymycar.be\/webzine\/nl\/#\/schema\/person\/6cd99e624bbd64604349ff20ee1ed853"},"headline":"Mercedes Classe A AMG : que vaut la version sportive ?","datePublished":"2025-11-28T16:22:26+00:00","dateModified":"2025-11-28T16:38:33+00:00","mainEntityOfPage":{"@id":"https:\/\/www.bymycar.be\/webzine\/mercedes-classe-a-amg-que-vaut-la-version-sportive\/"},"wordCount":9,"publisher":{"@id":"https:\/\/www.bymycar.be\/webzine\/nl\/#organization"},"articleSection":["Guide d'achat Mercedes"],"inLanguage":"fr-FR"},{"@type":"WebPage","@id":"https:\/\/www.bymycar.be\/webzine\/mercedes-classe-a-amg-que-vaut-la-version-sportive\/","url":"https:\/\/www.bymycar.be\/webzine\/mercedes-classe-a-amg-que-vaut-la-version-sportive\/","name":"Mercedes Classe A AMG : que vaut la version sportive ? - Webzine BE | BYmyCAR","isPartOf":{"@id":"https:\/\/www.bymycar.be\/webzine\/nl\/#website"},"datePublished":"2025-11-28T16:22:26+00:00","dateModified":"2025-11-28T16:38:33+00:00","breadcrumb":{"@id":"https:\/\/www.bymycar.be\/webzine\/mercedes-classe-a-amg-que-vaut-la-version-sportive\/#breadcrumb"},"inLanguage":"fr-FR","potentialAction":[{"@type":"ReadAction","target":["https:\/\/www.bymycar.be\/webzine\/mercedes-classe-a-amg-que-vaut-la-version-sportive\/"]}]},{"@type":"BreadcrumbList","@id":"https:\/\/www.bymycar.be\/webzine\/mercedes-classe-a-amg-que-vaut-la-version-sportive\/#breadcrumb","itemListElement":[{"@type":"ListItem","position":1,"name":"Accueil","item":"https:\/\/www.bymycar.be\/webzine\/"},{"@type":"ListItem","position":2,"name":"Mercedes Classe A AMG : que vaut la version sportive ?"}]},{"@type":"WebSite","@id":"https:\/\/www.bymycar.be\/webzine\/nl\/#website","url":"https:\/\/www.bymycar.be\/webzine\/nl\/","name":"Webzine | BYmyCAR","description":"_Le webzine auto de","publisher":{"@id":"https:\/\/www.bymycar.be\/webzine\/nl\/#organization"},"potentialAction":[{"@type":"SearchAction","target":{"@type":"EntryPoint","urlTemplate":"https:\/\/www.bymycar.be\/webzine\/nl\/?s={search_term_string}"},"query-input":{"@type":"PropertyValueSpecification","valueRequired":true,"valueName":"search_term_string"}}],"inLanguage":"fr-FR"},{"@type":"Organization","@id":"https:\/\/www.bymycar.be\/webzine\/nl\/#organization","name":"Webzine | BYmyCAR","url":"https:\/\/www.bymycar.be\/webzine\/nl\/","logo":{"@type":"ImageObject","inLanguage":"fr-FR","@id":"https:\/\/www.bymycar.be\/webzine\/nl\/#\/schema\/logo\/image\/","url":"https:\/\/cdn.bymycar.eu\/be-webzine\/wp-content\/uploads\/2024\/11\/20203047\/logo.png","contentUrl":"https:\/\/cdn.bymycar.eu\/be-webzine\/wp-content\/uploads\/2024\/11\/20203047\/logo.png","width":1280,"height":512,"caption":"Webzine | BYmyCAR"},"image":{"@id":"https:\/\/www.bymycar.be\/webzine\/nl\/#\/schema\/logo\/image\/"},"sameAs":["https:\/\/www.facebook.com\/BYmyCAR.officiel\/","https:\/\/www.instagram.com\/bymycar.officiel\/"]},{"@type":"Person","@id":"https:\/\/www.bymycar.be\/webzine\/nl\/#\/schema\/person\/6cd99e624bbd64604349ff20ee1ed853","name":"Tom Fernandes","image":{"@type":"ImageObject","inLanguage":"fr-FR","@id":"https:\/\/www.bymycar.be\/webzine\/nl\/#\/schema\/person\/image\/","url":"https:\/\/secure.gravatar.com\/avatar\/81b17c0cc5a6f1f7f394984269a7cbad9c7cca9604839da024242cf665051fbf?s=96&d=mm&r=g","contentUrl":"https:\/\/secure.gravatar.com\/avatar\/81b17c0cc5a6f1f7f394984269a7cbad9c7cca9604839da024242cf665051fbf?s=96&d=mm&r=g","caption":"Tom Fernandes"}}]}},"_links":{"self":[{"href":"https:\/\/www.bymycar.be\/webzine\/wp-json\/wp\/v2\/posts\/5183","targetHints":{"allow":["GET"]}}],"collection":[{"href":"https:\/\/www.bymycar.be\/webzine\/wp-json\/wp\/v2\/posts"}],"about":[{"href":"https:\/\/www.bymycar.be\/webzine\/wp-json\/wp\/v2\/types\/post"}],"author":[{"embeddable":true,"href":"https:\/\/www.bymycar.be\/webzine\/wp-json\/wp\/v2\/users\/17"}],"replies":[{"embeddable":true,"href":"https:\/\/www.bymycar.be\/webzine\/wp-json\/wp\/v2\/comments?post=5183"}],"version-history":[{"count":4,"href":"https:\/\/www.bymycar.be\/webzine\/wp-json\/wp\/v2\/posts\/5183\/revisions"}],"predecessor-version":[{"id":5201,"href":"https:\/\/www.bymycar.be\/webzine\/wp-json\/wp\/v2\/posts\/5183\/revisions\/5201"}],"wp:attachment":[{"href":"https:\/\/www.bymycar.be\/webzine\/wp-json\/wp\/v2\/media?parent=5183"}],"wp:term":[{"taxonomy":"category","embeddable":true,"href":"https:\/\/www.bymycar.be\/webzine\/wp-json\/wp\/v2\/categories?post=5183"},{"taxonomy":"post_tag","embeddable":true,"href":"https:\/\/www.bymycar.be\/webzine\/wp-json\/wp\/v2\/tags?post=5183"}],"curies":[{"name":"wp","href":"https:\/\/api.w.org\/{rel}","templated":true}]}}