{"id":4934,"date":"2025-07-25T15:52:10","date_gmt":"2025-07-25T13:52:10","guid":{"rendered":"https:\/\/www.bymycar.be\/webzine\/?p=4934"},"modified":"2025-07-29T09:21:08","modified_gmt":"2025-07-29T07:21:08","slug":"nouveau-moteur-v8-les-innovations-revolutionnaires-de-2025","status":"publish","type":"post","link":"https:\/\/www.bymycar.be\/webzine\/nouveau-moteur-v8-les-innovations-revolutionnaires-de-2025\/","title":{"rendered":"Nouveau moteur V8 : les innovations r\u00e9volutionnaires de 2025"},"content":{"rendered":"","protected":false},"excerpt":{"rendered":"","protected":false},"author":14,"featured_media":0,"comment_status":"closed","ping_status":"closed","sticky":false,"template":"","format":"standard","meta":{"_acf_changed":false,"footnotes":""},"categories":[1441,1350],"tags":[],"class_list":["post-4934","post","type-post","status-publish","format-standard","hentry","category-actualites-mercedes","category-conseils-et-astuces"],"acf":{"image":{"ID":4935,"id":4935,"title":"Mercedes6-250725","filename":"Mercedes6-250725-scaled.jpg","filesize":355750,"url":"https:\/\/cdn.bymycar.eu\/be-webzine\/wp-content\/uploads\/2025\/07\/25155159\/Mercedes6-250725-scaled.jpg","link":"https:\/\/www.bymycar.be\/webzine\/nouveau-moteur-v8-les-innovations-revolutionnaires-de-2025\/mercedes6-250725\/","alt":"Mercedes AMG verte","author":"14","description":"","caption":"","name":"mercedes6-250725","status":"inherit","uploaded_to":4934,"date":"2025-07-25 13:51:51","modified":"2025-07-25 13:52:08","menu_order":0,"mime_type":"image\/jpeg","type":"image","subtype":"jpeg","icon":"https:\/\/www.bymycar.be\/webzine\/wp-includes\/images\/media\/default.png","width":2560,"height":1706,"sizes":{"thumbnail":"https:\/\/cdn.bymycar.eu\/be-webzine\/wp-content\/uploads\/2025\/07\/25155159\/Mercedes6-250725-150x150.jpg","thumbnail-width":150,"thumbnail-height":150,"medium":"https:\/\/cdn.bymycar.eu\/be-webzine\/wp-content\/uploads\/2025\/07\/25155159\/Mercedes6-250725-300x200.jpg","medium-width":300,"medium-height":200,"medium_large":"https:\/\/cdn.bymycar.eu\/be-webzine\/wp-content\/uploads\/2025\/07\/25155159\/Mercedes6-250725-768x512.jpg","medium_large-width":768,"medium_large-height":512,"large":"https:\/\/cdn.bymycar.eu\/be-webzine\/wp-content\/uploads\/2025\/07\/25155159\/Mercedes6-250725-1024x682.jpg","large-width":1024,"large-height":682,"1536x1536":"https:\/\/cdn.bymycar.eu\/be-webzine\/wp-content\/uploads\/2025\/07\/25155159\/Mercedes6-250725-1536x1023.jpg","1536x1536-width":1536,"1536x1536-height":1023,"2048x2048":"https:\/\/cdn.bymycar.eu\/be-webzine\/wp-content\/uploads\/2025\/07\/25155159\/Mercedes6-250725-2048x1365.jpg","2048x2048-width":2048,"2048x2048-height":1365}},"introduction":"<p>Passionn\u00e9s de m\u00e9canique, savez-vous que 2025 marque un tournant majeur dans l&rsquo;histoire des moteurs V8 ? Alors que certains constructeurs s&rsquo;orientent vers l&rsquo;\u00e9lectrique, Mercedes r\u00e9invente son l\u00e9gendaire huit cylindres avec une approche r\u00e9volutionnaire : un V8 \u00e9lectrifi\u00e9 high-tech. Comment ce nouveau bloc parvient-il \u00e0 concilier performances exceptionnelles et respect des normes environnementales ? D\u00e9couvrez les innovations qui fa\u00e7onnent l&rsquo;avenir de cette motorisation mythique, entre tradition m\u00e9canique et technologies de pointe.<\/p>\n","add-to-bo":false,"page_content":{"block_content":[{"acf_fc_layout":"text-simple","--nav":{"-withNav":false,"-ancre":""},"--group":{"-text":"<h2>L&rsquo;\u00e9volution des V8 en 2025<\/h2>\n<p>Le <strong>nouveau moteur V8<\/strong> de Mercedes marque un tournant sur le <strong>march\u00e9 am\u00e9ricain<\/strong>. Sa cylindr\u00e9e de <strong>4,0 litres,<\/strong> associ\u00e9e \u00e0 une technologie d&rsquo;hybridation l\u00e9g\u00e8re, permet une r\u00e9duction de la consommation de carburant. Le <strong>groupe<\/strong> a repens\u00e9 l&rsquo;architecture interne avec des turbocompresseurs positionn\u00e9s dans le V, optimisant la r\u00e9activit\u00e9 et le rendement.<\/p>\n<p>Mercedes propose un syst\u00e8me de d\u00e9sactivation des cylindres sur certains moteurs, y compris ceux de la Classe S. Cette technologie, particuli\u00e8rement appr\u00e9ci\u00e9e aux <strong>\u00c9tats-Unis<\/strong>, permet de basculer instantan\u00e9ment entre 4 et 8 cylindres selon vos besoins. Le <strong>nouveau V8<\/strong> conserve sa sonorit\u00e9 caract\u00e9ristique tout en r\u00e9pondant aux futures normes d&rsquo;\u00e9missions europ\u00e9ennes.<\/p>\n<p>&nbsp;<\/p>\n<h2>Les caract\u00e9ristiques techniques du nouveau V8<\/h2>\n<p>Dot\u00e9 d&rsquo;une architecture r\u00e9volutionnaire, ce bloc <strong>V8 biturbo<\/strong> se distingue par ses <strong>turbocompresseurs \u00e0 roulements \u00e0 billes<\/strong> positionn\u00e9s strat\u00e9giquement. Vous appr\u00e9cierez sa r\u00e9activit\u00e9 exceptionnelle gr\u00e2ce au <strong>vilebrequin \u00e0 plan plat<\/strong>, une innovation directement inspir\u00e9e de la comp\u00e9tition. La puissance peut atteindre 585 ch et le couple maximal 850 Nm, disponible d\u00e8s 2000 tr\/min, selon les versions.<\/p>\n<p>Les ing\u00e9nieurs allemands ont int\u00e9gr\u00e9 un syst\u00e8me d&rsquo;<strong>hybridation l\u00e9g\u00e8re 48V<\/strong>, permettant une r\u00e9cup\u00e9ration d&rsquo;\u00e9nergie au freinage et une assistance \u00e9lectrique instantan\u00e9e. Cette technologie, coupl\u00e9e \u00e0 une bo\u00eete automatique \u00e0 9 rapports, contribue \u00e0 am\u00e9liorer les performances et \u00e0 r\u00e9duire les \u00e9missions de CO2 par rapport \u00e0 la g\u00e9n\u00e9ration pr\u00e9c\u00e9dente.<\/p>\n<p>&nbsp;<\/p>\n<h2>Quels sont les avantages du moteur V8 ?<\/h2>\n<p>La configuration en V du <strong>huit cylindres<\/strong> Mercedes offre des atouts majeurs que vous appr\u00e9cierez au quotidien. Son architecture compacte permet un centre de gravit\u00e9 bas, garantissant une stabilit\u00e9 optimale dans les virages. La r\u00e9partition \u00e9quilibr\u00e9e des masses entre l&rsquo;avant et l&rsquo;arri\u00e8re am\u00e9liore significativement la tenue de route.<\/p>\n<p>Le <strong>couple impressionnant<\/strong> disponible sur une large plage de r\u00e9gimes vous assure des reprises franches sans avoir \u00e0 r\u00e9trograder. La sonorit\u00e9 caract\u00e9ristique du V8, savamment travaill\u00e9e par les ing\u00e9nieurs, participe au caract\u00e8re premium de votre Mercedes tout en respectant les normes acoustiques actuelles.<\/p>\n<p>La robustesse l\u00e9gendaire du bloc <strong>V8 Mercedes<\/strong> se traduit par une excellente long\u00e9vit\u00e9 m\u00e9canique et des intervalles de maintenance espac\u00e9s, r\u00e9duisant vos co\u00fbts d&rsquo;entretien sur le long terme.<\/p>\n<p>&nbsp;<\/p>\n<p>&nbsp;<\/p>\n<p style=\"text-align: center;\"><a href=\"https:\/\/www.bymycar.be\/fr\/v\/mercedes\" target=\"_blank\" class=\"css-button css-button--gold\" >\n                D\u00e9couvrez tous nos v\u00e9hicules Mercedes en stock\n        <\/a><\/p>\n<p>&nbsp;<\/p>\n<p>&nbsp;<\/p>\n<h2>Mercedes : le retour en force du V8<\/h2>\n<p>Face \u00e0 un march\u00e9 domin\u00e9 par l&rsquo;\u00e9lectrification, Mercedes affirme sa position unique avec son <strong>nouveau V8<\/strong>. Alors que Stellantis mise sur l&rsquo;\u00e9lectrique, la marque \u00e0 l&rsquo;\u00e9toile investit massivement dans le d\u00e9veloppement de ses moteurs thermiques premium. La d\u00e9cision de conserver le V8 au-del\u00e0 de <strong>2030<\/strong> s&rsquo;inscrit dans une strat\u00e9gie audacieuse visant les march\u00e9s am\u00e9ricain et chinois.<\/p>\n<p>Le constructeur allemand a investi plus de <strong>500 millions d&rsquo;euros<\/strong> dans la modernisation de ses lignes de production \u00e0 Affalterbach. Cette nouvelle g\u00e9n\u00e9ration de V8 repr\u00e9sente un pari technologique majeur : vous b\u00e9n\u00e9ficiez d&rsquo;une motorisation capable de satisfaire les normes environnementales les plus strictes tout en pr\u00e9servant l&rsquo;ADN sportif de la marque.<\/p>\n<p>&nbsp;<\/p>\n<h2>Performance et efficacit\u00e9 \u00e9nerg\u00e9tique<\/h2>\n<p>La puissance brute n&rsquo;est pas le seul atout de ce <strong>V8 biturbo<\/strong>. Vous appr\u00e9cierez sa r\u00e9activit\u00e9 exceptionnelle gr\u00e2ce au syst\u00e8me de gestion thermique avanc\u00e9, r\u00e9duisant la consommation de <strong>15%<\/strong> en conditions r\u00e9elles. Un nouveau calculateur moteur analyse en temps r\u00e9el vos besoins en puissance pour optimiser le rendement \u00e9nerg\u00e9tique.<\/p>\n<p>La technologie <strong>AMG Cylinder Management<\/strong> adapte le fonctionnement du moteur \u00e0 votre style de conduite. Sur autoroute, la d\u00e9sactivation intelligente des cylindres vous permet d&rsquo;atteindre une efficacit\u00e9 proche d&rsquo;un six cylindres, sans compromettre les performances disponibles instantan\u00e9ment \u00e0 la moindre sollicitation de l&rsquo;acc\u00e9l\u00e9rateur.<\/p>\n<p>Un syst\u00e8me de r\u00e9cup\u00e9ration d&rsquo;\u00e9nergie au freinage, associ\u00e9 \u00e0 un alterno-d\u00e9marreur 48V, fournit une assistance \u00e9lectrique lors des acc\u00e9l\u00e9rations, am\u00e9liorant ainsi l&rsquo;efficacit\u00e9 \u00e9nerg\u00e9tique et les performances.<\/p>\n<p>&nbsp;<\/p>\n<h2>L&rsquo;hybridation : l&rsquo;avenir des V8<\/h2>\n<p>L&rsquo;association entre puissance traditionnelle et \u00e9lectrification ouvre de nouvelles perspectives pour les <strong>V8 Mercedes<\/strong>. Le constructeur d\u00e9veloppe actuellement une architecture r\u00e9volutionnaire combinant le <strong>bloc 4,0 litres<\/strong> \u00e0 un syst\u00e8me \u00e9lectrique haute performance de <strong>200 kW<\/strong>. Cette synergie entre thermique et \u00e9lectrique propulse la motorisation vers des sommets in\u00e9dits.<\/p>\n<p>La prochaine g\u00e9n\u00e9ration de <strong>V8 hybrides<\/strong> pourrait b\u00e9n\u00e9ficier d&rsquo;une batterie offrant une autonomie \u00e9lectrique en cycle urbain. Les ing\u00e9nieurs ont con\u00e7u un syst\u00e8me de gestion thermique intelligent qui optimise les phases de transition entre les deux motorisations.<\/p>\n<p>L&rsquo;int\u00e9gration d&rsquo;une unit\u00e9 de contr\u00f4le d\u00e9di\u00e9e \u00e0 l&rsquo;hybridation supervise en temps r\u00e9el les flux d&rsquo;\u00e9nergie, maximisant l&rsquo;efficience du groupe motopropulseur tout en pr\u00e9servant les sensations de conduite caract\u00e9ristiques du <strong>V8 Mercedes<\/strong>.<\/p>\n<p>&nbsp;<\/p>\n<h2>Perspectives et d\u00e9veloppements futurs<\/h2>\n<p>Les recherches men\u00e9es par Mercedes pour la prochaine d\u00e9cennie r\u00e9volutionnent l&rsquo;approche du <strong>V8<\/strong>. Vous d\u00e9couvrirez bient\u00f4t un syst\u00e8me d&rsquo;intelligence artificielle embarqu\u00e9e capable d&rsquo;anticiper vos besoins en puissance et d&rsquo;optimiser la combustion en temps r\u00e9el. Les ing\u00e9nieurs d&rsquo;Affalterbach travaillent \u00e9galement sur une architecture modulaire permettant d&rsquo;adapter le <strong>bloc V8<\/strong> aux carburants synth\u00e9tiques de demain.<\/p>\n<p>Mercedes explore l&rsquo;utilisation de rev\u00eatements nano-c\u00e9ramiques pour les cylindres afin de potentiellement r\u00e9duire les frottements. Cette innovation majeure, combin\u00e9e \u00e0 un syst\u00e8me de refroidissement par micro-canaux, ouvre la voie \u00e0 une nouvelle g\u00e9n\u00e9ration de <strong>V8<\/strong> encore plus performants et efficients.<\/p>\n<p>&nbsp;<\/p>\n<p>D\u2019autres articles qui pourraient vous int\u00e9resser\u00a0:<\/p>\n<p><a href=\"https:\/\/www.bymycar.be\/webzine\/mercedes-amg-cle-63-le-nouveau-coupe-sportif-qui-revolutionne-2025\/\">Mercedes AMG CLE 63 : le nouveau coup\u00e9 sportif qui r\u00e9volutionne 2025<\/a><\/p>\n<p><a href=\"https:\/\/www.bymycar.be\/webzine\/nouveaux-modeles-mercedes-2025-toutes-les-nouveautes-et-tendances-a-venir\/\">Nouveaux mod\u00e8les Mercedes 2025 : toutes les nouveaut\u00e9s et tendances \u00e0 venir<\/a><\/p>\n<p><a href=\"https:\/\/www.bymycar.be\/webzine\/quel-avenir-pour-les-modeles-electriques-chez-mercedes\/\">Quel avenir pour les mod\u00e8les \u00e9lectriques chez Mercedes ?<\/a><\/p>\n<p><a href=\"https:\/\/www.bymycar.be\/webzine\/suv-compact-inspire-du-classe-g-mercedes-prepare-t-elle-une-revolution\/\">SUV compact inspir\u00e9 du Classe G : Mercedes pr\u00e9pare-t-elle une r\u00e9volution ?<\/a><\/p>\n<p><a href=\"https:\/\/www.bymycar.be\/webzine\/nouvelle-mercedes-cla-2025-lavenir-du-luxe-compact-se-devoile\/\">Nouvelle Mercedes CLA 2025 : l\u2019avenir du luxe compact se d\u00e9voile<\/a><\/p>\n"}}]}},"yoast_head":"<!-- This site is optimized with the Yoast SEO Premium plugin v26.4 (Yoast SEO v27.1.1) - https:\/\/yoast.com\/product\/yoast-seo-premium-wordpress\/ -->\n<title>Nouveau moteur V8 : les innovations r\u00e9volutionnaires de 2025 - Webzine BE | BYmyCAR<\/title>\n<meta name=\"robots\" content=\"index, follow, max-snippet:-1, max-image-preview:large, max-video-preview:-1\" \/>\n<link rel=\"canonical\" href=\"https:\/\/www.bymycar.be\/webzine\/nouveau-moteur-v8-les-innovations-revolutionnaires-de-2025\/\" \/>\n<meta property=\"og:locale\" content=\"fr_FR\" \/>\n<meta property=\"og:type\" content=\"article\" \/>\n<meta property=\"og:title\" content=\"Nouveau moteur V8 : les innovations r\u00e9volutionnaires de 2025\" \/>\n<meta property=\"og:url\" content=\"https:\/\/www.bymycar.be\/webzine\/nouveau-moteur-v8-les-innovations-revolutionnaires-de-2025\/\" \/>\n<meta property=\"og:site_name\" content=\"Webzine BE | BYmyCAR\" \/>\n<meta property=\"article:publisher\" content=\"https:\/\/www.facebook.com\/BYmyCAR.officiel\/\" \/>\n<meta property=\"article:published_time\" content=\"2025-07-25T13:52:10+00:00\" \/>\n<meta property=\"article:modified_time\" content=\"2025-07-29T07:21:08+00:00\" \/>\n<meta name=\"author\" content=\"Lola Vieira Da Silva\" \/>\n<meta name=\"twitter:card\" content=\"summary_large_image\" \/>\n<meta name=\"twitter:label1\" content=\"\u00c9crit par\" \/>\n\t<meta name=\"twitter:data1\" content=\"Lola Vieira Da Silva\" \/>\n<script type=\"application\/ld+json\" class=\"yoast-schema-graph\">{\"@context\":\"https:\/\/schema.org\",\"@graph\":[{\"@type\":\"Article\",\"@id\":\"https:\/\/www.bymycar.be\/webzine\/nouveau-moteur-v8-les-innovations-revolutionnaires-de-2025\/#article\",\"isPartOf\":{\"@id\":\"https:\/\/www.bymycar.be\/webzine\/nouveau-moteur-v8-les-innovations-revolutionnaires-de-2025\/\"},\"author\":{\"name\":\"Lola Vieira Da Silva\",\"@id\":\"https:\/\/www.bymycar.be\/webzine\/nl\/#\/schema\/person\/62e6ba497b0835d16ce47e28f2f08327\"},\"headline\":\"Nouveau moteur V8 : les innovations r\u00e9volutionnaires de 2025\",\"datePublished\":\"2025-07-25T13:52:10+00:00\",\"dateModified\":\"2025-07-29T07:21:08+00:00\",\"mainEntityOfPage\":{\"@id\":\"https:\/\/www.bymycar.be\/webzine\/nouveau-moteur-v8-les-innovations-revolutionnaires-de-2025\/\"},\"wordCount\":8,\"publisher\":{\"@id\":\"https:\/\/www.bymycar.be\/webzine\/nl\/#organization\"},\"articleSection\":[\"Actualit\u00e9s Mercedes\",\"Conseils et Astuces\"],\"inLanguage\":\"fr-FR\"},{\"@type\":\"WebPage\",\"@id\":\"https:\/\/www.bymycar.be\/webzine\/nouveau-moteur-v8-les-innovations-revolutionnaires-de-2025\/\",\"url\":\"https:\/\/www.bymycar.be\/webzine\/nouveau-moteur-v8-les-innovations-revolutionnaires-de-2025\/\",\"name\":\"Nouveau moteur V8 : les innovations r\u00e9volutionnaires de 2025 - Webzine BE | BYmyCAR\",\"isPartOf\":{\"@id\":\"https:\/\/www.bymycar.be\/webzine\/nl\/#website\"},\"datePublished\":\"2025-07-25T13:52:10+00:00\",\"dateModified\":\"2025-07-29T07:21:08+00:00\",\"breadcrumb\":{\"@id\":\"https:\/\/www.bymycar.be\/webzine\/nouveau-moteur-v8-les-innovations-revolutionnaires-de-2025\/#breadcrumb\"},\"inLanguage\":\"fr-FR\",\"potentialAction\":[{\"@type\":\"ReadAction\",\"target\":[\"https:\/\/www.bymycar.be\/webzine\/nouveau-moteur-v8-les-innovations-revolutionnaires-de-2025\/\"]}]},{\"@type\":\"BreadcrumbList\",\"@id\":\"https:\/\/www.bymycar.be\/webzine\/nouveau-moteur-v8-les-innovations-revolutionnaires-de-2025\/#breadcrumb\",\"itemListElement\":[{\"@type\":\"ListItem\",\"position\":1,\"name\":\"Accueil\",\"item\":\"https:\/\/www.bymycar.be\/webzine\/\"},{\"@type\":\"ListItem\",\"position\":2,\"name\":\"Nouveau moteur V8 : les innovations r\u00e9volutionnaires de 2025\"}]},{\"@type\":\"WebSite\",\"@id\":\"https:\/\/www.bymycar.be\/webzine\/nl\/#website\",\"url\":\"https:\/\/www.bymycar.be\/webzine\/nl\/\",\"name\":\"Webzine | BYmyCAR\",\"description\":\"_Le webzine auto de\",\"publisher\":{\"@id\":\"https:\/\/www.bymycar.be\/webzine\/nl\/#organization\"},\"potentialAction\":[{\"@type\":\"SearchAction\",\"target\":{\"@type\":\"EntryPoint\",\"urlTemplate\":\"https:\/\/www.bymycar.be\/webzine\/nl\/?s={search_term_string}\"},\"query-input\":{\"@type\":\"PropertyValueSpecification\",\"valueRequired\":true,\"valueName\":\"search_term_string\"}}],\"inLanguage\":\"fr-FR\"},{\"@type\":\"Organization\",\"@id\":\"https:\/\/www.bymycar.be\/webzine\/nl\/#organization\",\"name\":\"Webzine | BYmyCAR\",\"url\":\"https:\/\/www.bymycar.be\/webzine\/nl\/\",\"logo\":{\"@type\":\"ImageObject\",\"inLanguage\":\"fr-FR\",\"@id\":\"https:\/\/www.bymycar.be\/webzine\/nl\/#\/schema\/logo\/image\/\",\"url\":\"https:\/\/cdn.bymycar.eu\/be-webzine\/wp-content\/uploads\/2024\/11\/20203047\/logo.png\",\"contentUrl\":\"https:\/\/cdn.bymycar.eu\/be-webzine\/wp-content\/uploads\/2024\/11\/20203047\/logo.png\",\"width\":1280,\"height\":512,\"caption\":\"Webzine | BYmyCAR\"},\"image\":{\"@id\":\"https:\/\/www.bymycar.be\/webzine\/nl\/#\/schema\/logo\/image\/\"},\"sameAs\":[\"https:\/\/www.facebook.com\/BYmyCAR.officiel\/\",\"https:\/\/www.instagram.com\/bymycar.officiel\/\"]},{\"@type\":\"Person\",\"@id\":\"https:\/\/www.bymycar.be\/webzine\/nl\/#\/schema\/person\/62e6ba497b0835d16ce47e28f2f08327\",\"name\":\"Lola Vieira Da Silva\",\"image\":{\"@type\":\"ImageObject\",\"inLanguage\":\"fr-FR\",\"@id\":\"https:\/\/www.bymycar.be\/webzine\/nl\/#\/schema\/person\/image\/\",\"url\":\"https:\/\/secure.gravatar.com\/avatar\/8d491122de3cbfd87e645bbdbd392d04626ebb95f4929de9cc1231399984b34b?s=96&d=mm&r=g\",\"contentUrl\":\"https:\/\/secure.gravatar.com\/avatar\/8d491122de3cbfd87e645bbdbd392d04626ebb95f4929de9cc1231399984b34b?s=96&d=mm&r=g\",\"caption\":\"Lola Vieira Da Silva\"}}]}<\/script>\n<!-- \/ Yoast SEO Premium plugin. -->","yoast_head_json":{"title":"Nouveau moteur V8 : les innovations r\u00e9volutionnaires de 2025 - Webzine BE | BYmyCAR","robots":{"index":"index","follow":"follow","max-snippet":"max-snippet:-1","max-image-preview":"max-image-preview:large","max-video-preview":"max-video-preview:-1"},"canonical":"https:\/\/www.bymycar.be\/webzine\/nouveau-moteur-v8-les-innovations-revolutionnaires-de-2025\/","og_locale":"fr_FR","og_type":"article","og_title":"Nouveau moteur V8 : les innovations r\u00e9volutionnaires de 2025","og_url":"https:\/\/www.bymycar.be\/webzine\/nouveau-moteur-v8-les-innovations-revolutionnaires-de-2025\/","og_site_name":"Webzine BE | BYmyCAR","article_publisher":"https:\/\/www.facebook.com\/BYmyCAR.officiel\/","article_published_time":"2025-07-25T13:52:10+00:00","article_modified_time":"2025-07-29T07:21:08+00:00","author":"Lola Vieira Da Silva","twitter_card":"summary_large_image","twitter_misc":{"\u00c9crit par":"Lola Vieira Da Silva"},"schema":{"@context":"https:\/\/schema.org","@graph":[{"@type":"Article","@id":"https:\/\/www.bymycar.be\/webzine\/nouveau-moteur-v8-les-innovations-revolutionnaires-de-2025\/#article","isPartOf":{"@id":"https:\/\/www.bymycar.be\/webzine\/nouveau-moteur-v8-les-innovations-revolutionnaires-de-2025\/"},"author":{"name":"Lola Vieira Da Silva","@id":"https:\/\/www.bymycar.be\/webzine\/nl\/#\/schema\/person\/62e6ba497b0835d16ce47e28f2f08327"},"headline":"Nouveau moteur V8 : les innovations r\u00e9volutionnaires de 2025","datePublished":"2025-07-25T13:52:10+00:00","dateModified":"2025-07-29T07:21:08+00:00","mainEntityOfPage":{"@id":"https:\/\/www.bymycar.be\/webzine\/nouveau-moteur-v8-les-innovations-revolutionnaires-de-2025\/"},"wordCount":8,"publisher":{"@id":"https:\/\/www.bymycar.be\/webzine\/nl\/#organization"},"articleSection":["Actualit\u00e9s Mercedes","Conseils et Astuces"],"inLanguage":"fr-FR"},{"@type":"WebPage","@id":"https:\/\/www.bymycar.be\/webzine\/nouveau-moteur-v8-les-innovations-revolutionnaires-de-2025\/","url":"https:\/\/www.bymycar.be\/webzine\/nouveau-moteur-v8-les-innovations-revolutionnaires-de-2025\/","name":"Nouveau moteur V8 : les innovations r\u00e9volutionnaires de 2025 - Webzine BE | BYmyCAR","isPartOf":{"@id":"https:\/\/www.bymycar.be\/webzine\/nl\/#website"},"datePublished":"2025-07-25T13:52:10+00:00","dateModified":"2025-07-29T07:21:08+00:00","breadcrumb":{"@id":"https:\/\/www.bymycar.be\/webzine\/nouveau-moteur-v8-les-innovations-revolutionnaires-de-2025\/#breadcrumb"},"inLanguage":"fr-FR","potentialAction":[{"@type":"ReadAction","target":["https:\/\/www.bymycar.be\/webzine\/nouveau-moteur-v8-les-innovations-revolutionnaires-de-2025\/"]}]},{"@type":"BreadcrumbList","@id":"https:\/\/www.bymycar.be\/webzine\/nouveau-moteur-v8-les-innovations-revolutionnaires-de-2025\/#breadcrumb","itemListElement":[{"@type":"ListItem","position":1,"name":"Accueil","item":"https:\/\/www.bymycar.be\/webzine\/"},{"@type":"ListItem","position":2,"name":"Nouveau moteur V8 : les innovations r\u00e9volutionnaires de 2025"}]},{"@type":"WebSite","@id":"https:\/\/www.bymycar.be\/webzine\/nl\/#website","url":"https:\/\/www.bymycar.be\/webzine\/nl\/","name":"Webzine | BYmyCAR","description":"_Le webzine auto de","publisher":{"@id":"https:\/\/www.bymycar.be\/webzine\/nl\/#organization"},"potentialAction":[{"@type":"SearchAction","target":{"@type":"EntryPoint","urlTemplate":"https:\/\/www.bymycar.be\/webzine\/nl\/?s={search_term_string}"},"query-input":{"@type":"PropertyValueSpecification","valueRequired":true,"valueName":"search_term_string"}}],"inLanguage":"fr-FR"},{"@type":"Organization","@id":"https:\/\/www.bymycar.be\/webzine\/nl\/#organization","name":"Webzine | BYmyCAR","url":"https:\/\/www.bymycar.be\/webzine\/nl\/","logo":{"@type":"ImageObject","inLanguage":"fr-FR","@id":"https:\/\/www.bymycar.be\/webzine\/nl\/#\/schema\/logo\/image\/","url":"https:\/\/cdn.bymycar.eu\/be-webzine\/wp-content\/uploads\/2024\/11\/20203047\/logo.png","contentUrl":"https:\/\/cdn.bymycar.eu\/be-webzine\/wp-content\/uploads\/2024\/11\/20203047\/logo.png","width":1280,"height":512,"caption":"Webzine | BYmyCAR"},"image":{"@id":"https:\/\/www.bymycar.be\/webzine\/nl\/#\/schema\/logo\/image\/"},"sameAs":["https:\/\/www.facebook.com\/BYmyCAR.officiel\/","https:\/\/www.instagram.com\/bymycar.officiel\/"]},{"@type":"Person","@id":"https:\/\/www.bymycar.be\/webzine\/nl\/#\/schema\/person\/62e6ba497b0835d16ce47e28f2f08327","name":"Lola Vieira Da Silva","image":{"@type":"ImageObject","inLanguage":"fr-FR","@id":"https:\/\/www.bymycar.be\/webzine\/nl\/#\/schema\/person\/image\/","url":"https:\/\/secure.gravatar.com\/avatar\/8d491122de3cbfd87e645bbdbd392d04626ebb95f4929de9cc1231399984b34b?s=96&d=mm&r=g","contentUrl":"https:\/\/secure.gravatar.com\/avatar\/8d491122de3cbfd87e645bbdbd392d04626ebb95f4929de9cc1231399984b34b?s=96&d=mm&r=g","caption":"Lola Vieira Da Silva"}}]}},"_links":{"self":[{"href":"https:\/\/www.bymycar.be\/webzine\/wp-json\/wp\/v2\/posts\/4934","targetHints":{"allow":["GET"]}}],"collection":[{"href":"https:\/\/www.bymycar.be\/webzine\/wp-json\/wp\/v2\/posts"}],"about":[{"href":"https:\/\/www.bymycar.be\/webzine\/wp-json\/wp\/v2\/types\/post"}],"author":[{"embeddable":true,"href":"https:\/\/www.bymycar.be\/webzine\/wp-json\/wp\/v2\/users\/14"}],"replies":[{"embeddable":true,"href":"https:\/\/www.bymycar.be\/webzine\/wp-json\/wp\/v2\/comments?post=4934"}],"version-history":[{"count":2,"href":"https:\/\/www.bymycar.be\/webzine\/wp-json\/wp\/v2\/posts\/4934\/revisions"}],"predecessor-version":[{"id":4945,"href":"https:\/\/www.bymycar.be\/webzine\/wp-json\/wp\/v2\/posts\/4934\/revisions\/4945"}],"wp:attachment":[{"href":"https:\/\/www.bymycar.be\/webzine\/wp-json\/wp\/v2\/media?parent=4934"}],"wp:term":[{"taxonomy":"category","embeddable":true,"href":"https:\/\/www.bymycar.be\/webzine\/wp-json\/wp\/v2\/categories?post=4934"},{"taxonomy":"post_tag","embeddable":true,"href":"https:\/\/www.bymycar.be\/webzine\/wp-json\/wp\/v2\/tags?post=4934"}],"curies":[{"name":"wp","href":"https:\/\/api.w.org\/{rel}","templated":true}]}}