{"id":4923,"date":"2025-07-25T14:38:36","date_gmt":"2025-07-25T12:38:36","guid":{"rendered":"https:\/\/www.bymycar.be\/webzine\/?p=4923"},"modified":"2025-07-29T09:19:56","modified_gmt":"2025-07-29T07:19:56","slug":"suv-compact-inspire-du-classe-g-mercedes-prepare-t-elle-une-revolution","status":"publish","type":"post","link":"https:\/\/www.bymycar.be\/webzine\/suv-compact-inspire-du-classe-g-mercedes-prepare-t-elle-une-revolution\/","title":{"rendered":"SUV compact inspir\u00e9 du Classe G : Mercedes pr\u00e9pare-t-elle une r\u00e9volution ?"},"content":{"rendered":"","protected":false},"excerpt":{"rendered":"","protected":false},"author":14,"featured_media":0,"comment_status":"closed","ping_status":"closed","sticky":false,"template":"","format":"standard","meta":{"_acf_changed":false,"footnotes":""},"categories":[1441,1350],"tags":[],"class_list":["post-4923","post","type-post","status-publish","format-standard","hentry","category-actualites-mercedes","category-conseils-et-astuces"],"acf":{"image":{"ID":4924,"id":4924,"title":"Mercedes4-250725","filename":"Mercedes4-250725-scaled.jpg","filesize":275356,"url":"https:\/\/cdn.bymycar.eu\/be-webzine\/wp-content\/uploads\/2025\/07\/25143809\/Mercedes4-250725-scaled.jpg","link":"https:\/\/www.bymycar.be\/webzine\/suv-compact-inspire-du-classe-g-mercedes-prepare-t-elle-une-revolution\/mercedes4-250725\/","alt":"Mercedes classe G verte","author":"14","description":"","caption":"","name":"mercedes4-250725","status":"inherit","uploaded_to":4923,"date":"2025-07-25 12:38:03","modified":"2025-07-25 12:38:18","menu_order":0,"mime_type":"image\/jpeg","type":"image","subtype":"jpeg","icon":"https:\/\/www.bymycar.be\/webzine\/wp-includes\/images\/media\/default.png","width":2560,"height":1440,"sizes":{"thumbnail":"https:\/\/cdn.bymycar.eu\/be-webzine\/wp-content\/uploads\/2025\/07\/25143809\/Mercedes4-250725-150x150.jpg","thumbnail-width":150,"thumbnail-height":150,"medium":"https:\/\/cdn.bymycar.eu\/be-webzine\/wp-content\/uploads\/2025\/07\/25143809\/Mercedes4-250725-300x169.jpg","medium-width":300,"medium-height":169,"medium_large":"https:\/\/cdn.bymycar.eu\/be-webzine\/wp-content\/uploads\/2025\/07\/25143809\/Mercedes4-250725-768x432.jpg","medium_large-width":768,"medium_large-height":432,"large":"https:\/\/cdn.bymycar.eu\/be-webzine\/wp-content\/uploads\/2025\/07\/25143809\/Mercedes4-250725-1024x576.jpg","large-width":1024,"large-height":576,"1536x1536":"https:\/\/cdn.bymycar.eu\/be-webzine\/wp-content\/uploads\/2025\/07\/25143809\/Mercedes4-250725-1536x864.jpg","1536x1536-width":1536,"1536x1536-height":864,"2048x2048":"https:\/\/cdn.bymycar.eu\/be-webzine\/wp-content\/uploads\/2025\/07\/25143809\/Mercedes4-250725-2048x1152.jpg","2048x2048-width":2048,"2048x2048-height":1152}},"introduction":"<p>Vous r\u00eavez de poss\u00e9der l&rsquo;iconique Classe G mais son gabarit vous semble trop imposant ? Mercedes-Benz pr\u00e9pare une r\u00e9volution pour 2025 avec un SUV compact directement inspir\u00e9 de sa l\u00e9gende tout-terrain. Comment la marque \u00e0 l&rsquo;\u00e9toile va-t-elle r\u00e9ussir \u00e0 miniaturiser son embl\u00e9matique 4&#215;4 sans perdre son ADN ? Quelles innovations technologiques seront embarqu\u00e9es dans cette version compacte 100% \u00e9lectrique ? D\u00e9couvrez en avant-premi\u00e8re les ambitions de Mercedes pour r\u00e9inventer son mod\u00e8le le plus mythique dans un format adapt\u00e9 \u00e0 la ville.<\/p>\n","add-to-bo":false,"page_content":{"block_content":[{"acf_fc_layout":"text-simple","--nav":{"-withNav":false,"-ancre":""},"--group":{"-text":"<h2>Le concept Mercedes 4&#215;4 nouvelle g\u00e9n\u00e9ration<\/h2>\n<p>Le projet de <strong>petit Classe G<\/strong> repose sur la plateforme MMA de nouvelle g\u00e9n\u00e9ration, con\u00e7ue pour les v\u00e9hicules compacts, thermiques et \u00e9lectriques. Vous retrouverez une transmission int\u00e9grale permanente avec quatre moteurs \u00e9lectriques ind\u00e9pendants, chacun pilotant sa propre roue. Cette architecture innovante offre des qualit\u00e9s routi\u00e8res exceptionnelles, avec une r\u00e9partition optimale du couple sur chaque roue.<\/p>\n<p>La technologie embarqu\u00e9e comprend des syst\u00e8mes d&rsquo;assistance \u00e0 la conduite avanc\u00e9s, incluant l&rsquo;aide au freinage d&rsquo;urgence actif et l&rsquo;avertisseur de franchissement de ligne. Le syst\u00e8me de <strong>capacit\u00e9 de charge rapide<\/strong> permet de r\u00e9cup\u00e9rer 80% d&rsquo;autonomie en moins de 30 minutes, tout en maintenant des <strong>\u00e9missions de CO2<\/strong> nulles en phase d&rsquo;utilisation.<\/p>\n<p>&nbsp;<\/p>\n<h2>Design : l&rsquo;h\u00e9ritage du Classe G revisit\u00e9<\/h2>\n<p>Les lignes embl\u00e9matiques du <strong>Classe G traditionnel<\/strong> se retrouvent dans ce nouveau mod\u00e8le compact, avec des <strong>proportions<\/strong> savamment adapt\u00e9es. La silhouette carr\u00e9e caract\u00e9ristique et la calandre verticale demeurent, tandis que les passages de roues marqu\u00e9s rappellent l&rsquo;ADN tout-terrain de son grand fr\u00e8re.<\/p>\n<p>\u00c0 l&rsquo;arri\u00e8re, la <strong>roue de secours<\/strong> apparente laisse place \u00e0 un coffre au <strong>design<\/strong> plus urbain, int\u00e9grant astucieusement la trappe de recharge. Les <strong>d\u00e9tails<\/strong> chrom\u00e9s et les feux LED signature cr\u00e9ent un lien visuel fort avec la gamme Mercedes actuelle, tout en pr\u00e9servant le caract\u00e8re robuste propre \u00e0 la lign\u00e9e G.<\/p>\n<p>&nbsp;<\/p>\n<p>&nbsp;<\/p>\n<p style=\"text-align: center;\"><a href=\"https:\/\/www.bymycar.be\/fr\/v\/mercedes\" target=\"_blank\" class=\"css-button css-button--gold\" >\n                D\u00e9couvrez tous nos v\u00e9hicules Mercedes en stock\n        <\/a><\/p>\n<p>&nbsp;<\/p>\n<p>&nbsp;<\/p>\n<h2>Une nouvelle Mercedes Benz 100% \u00e9lectrique<\/h2>\n<p>\u00c0 bord de ce nouveau SUV compact, vous profitez des <strong>services apr\u00e8s-vente<\/strong> exclusifs Mercedes-Benz, incluant une garantie \u00e9tendue de 8 ans sur la batterie. L&rsquo;habitacle conjugue technologie et raffinement avec un \u00e9cran central tactile de 12,8 pouces et un combin\u00e9 d&rsquo;instrumentation num\u00e9rique de 12,3 pouces.<\/p>\n<p>Les <strong>\u00e9quipements<\/strong> de s\u00e9rie comprennent la climatisation bi-zone avec purification de l&rsquo;air, les si\u00e8ges avant chauffants \u00e0 r\u00e9glages \u00e9lectriques et la recharge par induction pour smartphone. Le syst\u00e8me audio premium Burmester \u00e0 15 haut-parleurs transforme chaque trajet en exp\u00e9rience acoustique exceptionnelle.<\/p>\n<p>&nbsp;<\/p>\n<h2>Prix et positionnement sur le march\u00e9<\/h2>\n<p>Pour acc\u00e9der \u00e0 ce <strong>SUV compact \u00e9lectrique<\/strong>, vous devrez patienter jusqu&rsquo;\u00e0 fin 2025. Mercedes-Benz positionne son mod\u00e8le entre <strong>55 000 \u20ac* et 65 000 \u20ac*<\/strong> en entr\u00e9e de gamme, un tarif nettement plus accessible que les <strong>126 929 \u20ac*<\/strong> du Classe G traditionnel. La version haut de gamme avec <strong>transmission int\u00e9grale<\/strong> et <strong>pack technologique<\/strong> avoisinera les <strong>75 000 \u20ac*<\/strong>.<\/p>\n<p>Ce positionnement tarifaire place le SUV compact au c\u0153ur du segment premium \u00e9lectrique, face au BMW iX1\/iX3 et \u00e0 l&rsquo;Audi Q4 e-tron. Vous b\u00e9n\u00e9ficiez d&rsquo;une politique de prix agressive pour un mod\u00e8le portant l&rsquo;\u00e9toile, avec des mensualit\u00e9s d\u00e9marrant \u00e0 <strong>699 \u20ac* par mois<\/strong> en Location Longue Dur\u00e9e sur 36 mois.<\/p>\n<p>&nbsp;<\/p>\n<h2>Les atouts face \u00e0 la concurrence premium<\/h2>\n<p>Face aux SUV \u00e9lectriques premium, ce nouveau mod\u00e8le compact se d\u00e9marque par sa polyvalence unique. Son gabarit contenu de 4,50 m\u00e8tres offre une agilit\u00e9 remarquable en ville, sans sacrifier les capacit\u00e9s tout-terrain h\u00e9rit\u00e9es du Classe G traditionnel.<\/p>\n<p>La garde au sol sur\u00e9lev\u00e9e et les angles d&rsquo;attaque g\u00e9n\u00e9reux vous permettent d&rsquo;affronter les chemins escarp\u00e9s avec s\u00e9r\u00e9nit\u00e9. Le syst\u00e8me de vectorisation du couple sur chaque roue contribue \u00e0 une bonne motricit\u00e9, potentiellement sup\u00e9rieure \u00e0 celle de certains concurrents comme le BMW iX1 et l&rsquo;Audi Q4 e-tron, selon les tests comparatifs.<\/p>\n<p>L&rsquo;habitabilit\u00e9 impressionnante pour un <strong>SUV compact<\/strong> et la modularit\u00e9 de l&rsquo;espace de chargement r\u00e9pondent parfaitement aux besoins quotidiens. Vous appr\u00e9cierez \u00e9galement l&rsquo;insonorisation exceptionnelle et le confort des suspensions pilot\u00e9es, deux domaines o\u00f9 Mercedes \u00e9tablit de nouveaux standards dans la cat\u00e9gorie.<\/p>\n<p>&nbsp;<\/p>\n<p>*Les prix mentionn\u00e9s sont donn\u00e9s \u00e0 titre indicatif et ont \u00e9t\u00e9 constat\u00e9s au moment de la r\u00e9daction. Ils sont susceptibles d\u2019\u00e9voluer. Pour obtenir une information exacte et \u00e0 jour, nous vous recommandons de contacter directement votre <a href=\"https:\/\/www.bymycar.be\/fr\/concessions\">concession BYmyCAR<\/a>.<\/p>\n<p>&nbsp;<\/p>\n<p>D\u2019autres articles qui pourraient vous int\u00e9resser\u00a0:<\/p>\n<p><a href=\"https:\/\/www.bymycar.be\/webzine\/mercedes-amg-cle-63-le-nouveau-coupe-sportif-qui-revolutionne-2025\/\">Mercedes AMG CLE 63 : le nouveau coup\u00e9 sportif qui r\u00e9volutionne 2025<\/a><\/p>\n<p><a href=\"https:\/\/www.bymycar.be\/webzine\/nouveaux-modeles-mercedes-2025-toutes-les-nouveautes-et-tendances-a-venir\/\">Nouveaux mod\u00e8les Mercedes 2025 : toutes les nouveaut\u00e9s et tendances \u00e0 venir<\/a><\/p>\n<p><a href=\"https:\/\/www.bymycar.be\/webzine\/quel-avenir-pour-les-modeles-electriques-chez-mercedes\/\">Quel avenir pour les mod\u00e8les \u00e9lectriques chez Mercedes ?<\/a><\/p>\n<p><a href=\"https:\/\/www.bymycar.be\/webzine\/nouvelle-mercedes-cla-2025-lavenir-du-luxe-compact-se-devoile\/\">Nouvelle Mercedes CLA 2025 : l\u2019avenir du luxe compact se d\u00e9voile<\/a><\/p>\n<p><a href=\"https:\/\/www.bymycar.be\/webzine\/nouveau-moteur-v8-les-innovations-revolutionnaires-de-2025\/\">Nouveau moteur V8 : les innovations r\u00e9volutionnaires de 2025<\/a><\/p>\n"}}]}},"yoast_head":"<!-- This site is optimized with the Yoast SEO Premium plugin v26.4 (Yoast SEO v27.1.1) - https:\/\/yoast.com\/product\/yoast-seo-premium-wordpress\/ -->\n<title>SUV compact inspir\u00e9 du Classe G : Mercedes pr\u00e9pare-t-elle une r\u00e9volution ? - Webzine BE | BYmyCAR<\/title>\n<meta name=\"robots\" content=\"index, follow, max-snippet:-1, max-image-preview:large, max-video-preview:-1\" \/>\n<link rel=\"canonical\" href=\"https:\/\/www.bymycar.be\/webzine\/suv-compact-inspire-du-classe-g-mercedes-prepare-t-elle-une-revolution\/\" \/>\n<meta property=\"og:locale\" content=\"fr_FR\" \/>\n<meta property=\"og:type\" content=\"article\" \/>\n<meta property=\"og:title\" content=\"SUV compact inspir\u00e9 du Classe G : Mercedes pr\u00e9pare-t-elle une r\u00e9volution ?\" \/>\n<meta property=\"og:url\" content=\"https:\/\/www.bymycar.be\/webzine\/suv-compact-inspire-du-classe-g-mercedes-prepare-t-elle-une-revolution\/\" \/>\n<meta property=\"og:site_name\" content=\"Webzine BE | BYmyCAR\" \/>\n<meta property=\"article:publisher\" content=\"https:\/\/www.facebook.com\/BYmyCAR.officiel\/\" \/>\n<meta property=\"article:published_time\" content=\"2025-07-25T12:38:36+00:00\" \/>\n<meta property=\"article:modified_time\" content=\"2025-07-29T07:19:56+00:00\" \/>\n<meta name=\"author\" content=\"Lola Vieira Da Silva\" \/>\n<meta name=\"twitter:card\" content=\"summary_large_image\" \/>\n<meta name=\"twitter:label1\" content=\"\u00c9crit par\" \/>\n\t<meta name=\"twitter:data1\" content=\"Lola Vieira Da Silva\" \/>\n<script type=\"application\/ld+json\" class=\"yoast-schema-graph\">{\"@context\":\"https:\/\/schema.org\",\"@graph\":[{\"@type\":\"Article\",\"@id\":\"https:\/\/www.bymycar.be\/webzine\/suv-compact-inspire-du-classe-g-mercedes-prepare-t-elle-une-revolution\/#article\",\"isPartOf\":{\"@id\":\"https:\/\/www.bymycar.be\/webzine\/suv-compact-inspire-du-classe-g-mercedes-prepare-t-elle-une-revolution\/\"},\"author\":{\"name\":\"Lola Vieira Da Silva\",\"@id\":\"https:\/\/www.bymycar.be\/webzine\/nl\/#\/schema\/person\/62e6ba497b0835d16ce47e28f2f08327\"},\"headline\":\"SUV compact inspir\u00e9 du Classe G : Mercedes pr\u00e9pare-t-elle une r\u00e9volution ?\",\"datePublished\":\"2025-07-25T12:38:36+00:00\",\"dateModified\":\"2025-07-29T07:19:56+00:00\",\"mainEntityOfPage\":{\"@id\":\"https:\/\/www.bymycar.be\/webzine\/suv-compact-inspire-du-classe-g-mercedes-prepare-t-elle-une-revolution\/\"},\"wordCount\":12,\"publisher\":{\"@id\":\"https:\/\/www.bymycar.be\/webzine\/nl\/#organization\"},\"articleSection\":[\"Actualit\u00e9s Mercedes\",\"Conseils et Astuces\"],\"inLanguage\":\"fr-FR\"},{\"@type\":\"WebPage\",\"@id\":\"https:\/\/www.bymycar.be\/webzine\/suv-compact-inspire-du-classe-g-mercedes-prepare-t-elle-une-revolution\/\",\"url\":\"https:\/\/www.bymycar.be\/webzine\/suv-compact-inspire-du-classe-g-mercedes-prepare-t-elle-une-revolution\/\",\"name\":\"SUV compact inspir\u00e9 du Classe G : Mercedes pr\u00e9pare-t-elle une r\u00e9volution ? - Webzine BE | BYmyCAR\",\"isPartOf\":{\"@id\":\"https:\/\/www.bymycar.be\/webzine\/nl\/#website\"},\"datePublished\":\"2025-07-25T12:38:36+00:00\",\"dateModified\":\"2025-07-29T07:19:56+00:00\",\"breadcrumb\":{\"@id\":\"https:\/\/www.bymycar.be\/webzine\/suv-compact-inspire-du-classe-g-mercedes-prepare-t-elle-une-revolution\/#breadcrumb\"},\"inLanguage\":\"fr-FR\",\"potentialAction\":[{\"@type\":\"ReadAction\",\"target\":[\"https:\/\/www.bymycar.be\/webzine\/suv-compact-inspire-du-classe-g-mercedes-prepare-t-elle-une-revolution\/\"]}]},{\"@type\":\"BreadcrumbList\",\"@id\":\"https:\/\/www.bymycar.be\/webzine\/suv-compact-inspire-du-classe-g-mercedes-prepare-t-elle-une-revolution\/#breadcrumb\",\"itemListElement\":[{\"@type\":\"ListItem\",\"position\":1,\"name\":\"Accueil\",\"item\":\"https:\/\/www.bymycar.be\/webzine\/\"},{\"@type\":\"ListItem\",\"position\":2,\"name\":\"SUV compact inspir\u00e9 du Classe G : Mercedes pr\u00e9pare-t-elle une r\u00e9volution ?\"}]},{\"@type\":\"WebSite\",\"@id\":\"https:\/\/www.bymycar.be\/webzine\/nl\/#website\",\"url\":\"https:\/\/www.bymycar.be\/webzine\/nl\/\",\"name\":\"Webzine | BYmyCAR\",\"description\":\"_Le webzine auto de\",\"publisher\":{\"@id\":\"https:\/\/www.bymycar.be\/webzine\/nl\/#organization\"},\"potentialAction\":[{\"@type\":\"SearchAction\",\"target\":{\"@type\":\"EntryPoint\",\"urlTemplate\":\"https:\/\/www.bymycar.be\/webzine\/nl\/?s={search_term_string}\"},\"query-input\":{\"@type\":\"PropertyValueSpecification\",\"valueRequired\":true,\"valueName\":\"search_term_string\"}}],\"inLanguage\":\"fr-FR\"},{\"@type\":\"Organization\",\"@id\":\"https:\/\/www.bymycar.be\/webzine\/nl\/#organization\",\"name\":\"Webzine | BYmyCAR\",\"url\":\"https:\/\/www.bymycar.be\/webzine\/nl\/\",\"logo\":{\"@type\":\"ImageObject\",\"inLanguage\":\"fr-FR\",\"@id\":\"https:\/\/www.bymycar.be\/webzine\/nl\/#\/schema\/logo\/image\/\",\"url\":\"https:\/\/cdn.bymycar.eu\/be-webzine\/wp-content\/uploads\/2024\/11\/20203047\/logo.png\",\"contentUrl\":\"https:\/\/cdn.bymycar.eu\/be-webzine\/wp-content\/uploads\/2024\/11\/20203047\/logo.png\",\"width\":1280,\"height\":512,\"caption\":\"Webzine | BYmyCAR\"},\"image\":{\"@id\":\"https:\/\/www.bymycar.be\/webzine\/nl\/#\/schema\/logo\/image\/\"},\"sameAs\":[\"https:\/\/www.facebook.com\/BYmyCAR.officiel\/\",\"https:\/\/www.instagram.com\/bymycar.officiel\/\"]},{\"@type\":\"Person\",\"@id\":\"https:\/\/www.bymycar.be\/webzine\/nl\/#\/schema\/person\/62e6ba497b0835d16ce47e28f2f08327\",\"name\":\"Lola Vieira Da Silva\",\"image\":{\"@type\":\"ImageObject\",\"inLanguage\":\"fr-FR\",\"@id\":\"https:\/\/www.bymycar.be\/webzine\/nl\/#\/schema\/person\/image\/\",\"url\":\"https:\/\/secure.gravatar.com\/avatar\/8d491122de3cbfd87e645bbdbd392d04626ebb95f4929de9cc1231399984b34b?s=96&d=mm&r=g\",\"contentUrl\":\"https:\/\/secure.gravatar.com\/avatar\/8d491122de3cbfd87e645bbdbd392d04626ebb95f4929de9cc1231399984b34b?s=96&d=mm&r=g\",\"caption\":\"Lola Vieira Da Silva\"}}]}<\/script>\n<!-- \/ Yoast SEO Premium plugin. -->","yoast_head_json":{"title":"SUV compact inspir\u00e9 du Classe G : Mercedes pr\u00e9pare-t-elle une r\u00e9volution ? - Webzine BE | BYmyCAR","robots":{"index":"index","follow":"follow","max-snippet":"max-snippet:-1","max-image-preview":"max-image-preview:large","max-video-preview":"max-video-preview:-1"},"canonical":"https:\/\/www.bymycar.be\/webzine\/suv-compact-inspire-du-classe-g-mercedes-prepare-t-elle-une-revolution\/","og_locale":"fr_FR","og_type":"article","og_title":"SUV compact inspir\u00e9 du Classe G : Mercedes pr\u00e9pare-t-elle une r\u00e9volution ?","og_url":"https:\/\/www.bymycar.be\/webzine\/suv-compact-inspire-du-classe-g-mercedes-prepare-t-elle-une-revolution\/","og_site_name":"Webzine BE | BYmyCAR","article_publisher":"https:\/\/www.facebook.com\/BYmyCAR.officiel\/","article_published_time":"2025-07-25T12:38:36+00:00","article_modified_time":"2025-07-29T07:19:56+00:00","author":"Lola Vieira Da Silva","twitter_card":"summary_large_image","twitter_misc":{"\u00c9crit par":"Lola Vieira Da Silva"},"schema":{"@context":"https:\/\/schema.org","@graph":[{"@type":"Article","@id":"https:\/\/www.bymycar.be\/webzine\/suv-compact-inspire-du-classe-g-mercedes-prepare-t-elle-une-revolution\/#article","isPartOf":{"@id":"https:\/\/www.bymycar.be\/webzine\/suv-compact-inspire-du-classe-g-mercedes-prepare-t-elle-une-revolution\/"},"author":{"name":"Lola Vieira Da Silva","@id":"https:\/\/www.bymycar.be\/webzine\/nl\/#\/schema\/person\/62e6ba497b0835d16ce47e28f2f08327"},"headline":"SUV compact inspir\u00e9 du Classe G : Mercedes pr\u00e9pare-t-elle une r\u00e9volution ?","datePublished":"2025-07-25T12:38:36+00:00","dateModified":"2025-07-29T07:19:56+00:00","mainEntityOfPage":{"@id":"https:\/\/www.bymycar.be\/webzine\/suv-compact-inspire-du-classe-g-mercedes-prepare-t-elle-une-revolution\/"},"wordCount":12,"publisher":{"@id":"https:\/\/www.bymycar.be\/webzine\/nl\/#organization"},"articleSection":["Actualit\u00e9s Mercedes","Conseils et Astuces"],"inLanguage":"fr-FR"},{"@type":"WebPage","@id":"https:\/\/www.bymycar.be\/webzine\/suv-compact-inspire-du-classe-g-mercedes-prepare-t-elle-une-revolution\/","url":"https:\/\/www.bymycar.be\/webzine\/suv-compact-inspire-du-classe-g-mercedes-prepare-t-elle-une-revolution\/","name":"SUV compact inspir\u00e9 du Classe G : Mercedes pr\u00e9pare-t-elle une r\u00e9volution ? - Webzine BE | BYmyCAR","isPartOf":{"@id":"https:\/\/www.bymycar.be\/webzine\/nl\/#website"},"datePublished":"2025-07-25T12:38:36+00:00","dateModified":"2025-07-29T07:19:56+00:00","breadcrumb":{"@id":"https:\/\/www.bymycar.be\/webzine\/suv-compact-inspire-du-classe-g-mercedes-prepare-t-elle-une-revolution\/#breadcrumb"},"inLanguage":"fr-FR","potentialAction":[{"@type":"ReadAction","target":["https:\/\/www.bymycar.be\/webzine\/suv-compact-inspire-du-classe-g-mercedes-prepare-t-elle-une-revolution\/"]}]},{"@type":"BreadcrumbList","@id":"https:\/\/www.bymycar.be\/webzine\/suv-compact-inspire-du-classe-g-mercedes-prepare-t-elle-une-revolution\/#breadcrumb","itemListElement":[{"@type":"ListItem","position":1,"name":"Accueil","item":"https:\/\/www.bymycar.be\/webzine\/"},{"@type":"ListItem","position":2,"name":"SUV compact inspir\u00e9 du Classe G : Mercedes pr\u00e9pare-t-elle une r\u00e9volution ?"}]},{"@type":"WebSite","@id":"https:\/\/www.bymycar.be\/webzine\/nl\/#website","url":"https:\/\/www.bymycar.be\/webzine\/nl\/","name":"Webzine | BYmyCAR","description":"_Le webzine auto de","publisher":{"@id":"https:\/\/www.bymycar.be\/webzine\/nl\/#organization"},"potentialAction":[{"@type":"SearchAction","target":{"@type":"EntryPoint","urlTemplate":"https:\/\/www.bymycar.be\/webzine\/nl\/?s={search_term_string}"},"query-input":{"@type":"PropertyValueSpecification","valueRequired":true,"valueName":"search_term_string"}}],"inLanguage":"fr-FR"},{"@type":"Organization","@id":"https:\/\/www.bymycar.be\/webzine\/nl\/#organization","name":"Webzine | BYmyCAR","url":"https:\/\/www.bymycar.be\/webzine\/nl\/","logo":{"@type":"ImageObject","inLanguage":"fr-FR","@id":"https:\/\/www.bymycar.be\/webzine\/nl\/#\/schema\/logo\/image\/","url":"https:\/\/cdn.bymycar.eu\/be-webzine\/wp-content\/uploads\/2024\/11\/20203047\/logo.png","contentUrl":"https:\/\/cdn.bymycar.eu\/be-webzine\/wp-content\/uploads\/2024\/11\/20203047\/logo.png","width":1280,"height":512,"caption":"Webzine | BYmyCAR"},"image":{"@id":"https:\/\/www.bymycar.be\/webzine\/nl\/#\/schema\/logo\/image\/"},"sameAs":["https:\/\/www.facebook.com\/BYmyCAR.officiel\/","https:\/\/www.instagram.com\/bymycar.officiel\/"]},{"@type":"Person","@id":"https:\/\/www.bymycar.be\/webzine\/nl\/#\/schema\/person\/62e6ba497b0835d16ce47e28f2f08327","name":"Lola Vieira Da Silva","image":{"@type":"ImageObject","inLanguage":"fr-FR","@id":"https:\/\/www.bymycar.be\/webzine\/nl\/#\/schema\/person\/image\/","url":"https:\/\/secure.gravatar.com\/avatar\/8d491122de3cbfd87e645bbdbd392d04626ebb95f4929de9cc1231399984b34b?s=96&d=mm&r=g","contentUrl":"https:\/\/secure.gravatar.com\/avatar\/8d491122de3cbfd87e645bbdbd392d04626ebb95f4929de9cc1231399984b34b?s=96&d=mm&r=g","caption":"Lola Vieira Da Silva"}}]}},"_links":{"self":[{"href":"https:\/\/www.bymycar.be\/webzine\/wp-json\/wp\/v2\/posts\/4923","targetHints":{"allow":["GET"]}}],"collection":[{"href":"https:\/\/www.bymycar.be\/webzine\/wp-json\/wp\/v2\/posts"}],"about":[{"href":"https:\/\/www.bymycar.be\/webzine\/wp-json\/wp\/v2\/types\/post"}],"author":[{"embeddable":true,"href":"https:\/\/www.bymycar.be\/webzine\/wp-json\/wp\/v2\/users\/14"}],"replies":[{"embeddable":true,"href":"https:\/\/www.bymycar.be\/webzine\/wp-json\/wp\/v2\/comments?post=4923"}],"version-history":[{"count":3,"href":"https:\/\/www.bymycar.be\/webzine\/wp-json\/wp\/v2\/posts\/4923\/revisions"}],"predecessor-version":[{"id":4943,"href":"https:\/\/www.bymycar.be\/webzine\/wp-json\/wp\/v2\/posts\/4923\/revisions\/4943"}],"wp:attachment":[{"href":"https:\/\/www.bymycar.be\/webzine\/wp-json\/wp\/v2\/media?parent=4923"}],"wp:term":[{"taxonomy":"category","embeddable":true,"href":"https:\/\/www.bymycar.be\/webzine\/wp-json\/wp\/v2\/categories?post=4923"},{"taxonomy":"post_tag","embeddable":true,"href":"https:\/\/www.bymycar.be\/webzine\/wp-json\/wp\/v2\/tags?post=4923"}],"curies":[{"name":"wp","href":"https:\/\/api.w.org\/{rel}","templated":true}]}}