{"id":4911,"date":"2025-07-25T11:28:35","date_gmt":"2025-07-25T09:28:35","guid":{"rendered":"https:\/\/www.bymycar.be\/webzine\/?p=4911"},"modified":"2025-07-29T09:15:36","modified_gmt":"2025-07-29T07:15:36","slug":"mercedes-amg-cle-63-le-nouveau-coupe-sportif-qui-revolutionne-2025","status":"publish","type":"post","link":"https:\/\/www.bymycar.be\/webzine\/mercedes-amg-cle-63-le-nouveau-coupe-sportif-qui-revolutionne-2025\/","title":{"rendered":"Mercedes AMG CLE 63 : le nouveau coup\u00e9 sportif qui r\u00e9volutionne 2025"},"content":{"rendered":"","protected":false},"excerpt":{"rendered":"","protected":false},"author":14,"featured_media":0,"comment_status":"closed","ping_status":"closed","sticky":false,"template":"","format":"standard","meta":{"_acf_changed":false,"footnotes":""},"categories":[1441,1350],"tags":[],"class_list":["post-4911","post","type-post","status-publish","format-standard","hentry","category-actualites-mercedes","category-conseils-et-astuces"],"acf":{"image":{"ID":4912,"id":4912,"title":"Mercedes1-250725","filename":"Mercedes1-250725-scaled.jpg","filesize":163475,"url":"https:\/\/cdn.bymycar.eu\/be-webzine\/wp-content\/uploads\/2025\/07\/25112817\/Mercedes1-250725-scaled.jpg","link":"https:\/\/www.bymycar.be\/webzine\/mercedes-amg-cle-63-le-nouveau-coupe-sportif-qui-revolutionne-2025\/mercedes1-250725\/","alt":"Mercedes AMG blanche","author":"14","description":"","caption":"","name":"mercedes1-250725","status":"inherit","uploaded_to":4911,"date":"2025-07-25 09:28:08","modified":"2025-07-25 09:28:31","menu_order":0,"mime_type":"image\/jpeg","type":"image","subtype":"jpeg","icon":"https:\/\/www.bymycar.be\/webzine\/wp-includes\/images\/media\/default.png","width":2560,"height":1708,"sizes":{"thumbnail":"https:\/\/cdn.bymycar.eu\/be-webzine\/wp-content\/uploads\/2025\/07\/25112817\/Mercedes1-250725-150x150.jpg","thumbnail-width":150,"thumbnail-height":150,"medium":"https:\/\/cdn.bymycar.eu\/be-webzine\/wp-content\/uploads\/2025\/07\/25112817\/Mercedes1-250725-300x200.jpg","medium-width":300,"medium-height":200,"medium_large":"https:\/\/cdn.bymycar.eu\/be-webzine\/wp-content\/uploads\/2025\/07\/25112817\/Mercedes1-250725-768x512.jpg","medium_large-width":768,"medium_large-height":512,"large":"https:\/\/cdn.bymycar.eu\/be-webzine\/wp-content\/uploads\/2025\/07\/25112817\/Mercedes1-250725-1024x683.jpg","large-width":1024,"large-height":683,"1536x1536":"https:\/\/cdn.bymycar.eu\/be-webzine\/wp-content\/uploads\/2025\/07\/25112817\/Mercedes1-250725-1536x1025.jpg","1536x1536-width":1536,"1536x1536-height":1025,"2048x2048":"https:\/\/cdn.bymycar.eu\/be-webzine\/wp-content\/uploads\/2025\/07\/25112817\/Mercedes1-250725-2048x1366.jpg","2048x2048-width":2048,"2048x2048-height":1366}},"introduction":"<p>Vous r\u00eavez d&rsquo;une sportive au caract\u00e8re bien tremp\u00e9 ? La nouvelle <strong>Mercedes-AMG CLE 63<\/strong> pourrait bien \u00eatre la r\u00e9ponse \u00e0 vos attentes. Avec son retour au mythique V8 biturbo, elle marque un virage strat\u00e9gique pour la marque \u00e0 l&rsquo;\u00e9toile. Mais que vaut r\u00e9ellement ce coup\u00e9 face \u00e0 sa petite s\u0153ur, la CLE 53 et ses 443 chevaux ? Entre performances, design rac\u00e9 et technologies de pointe, d\u00e9couvrez pourquoi ce nouveau mod\u00e8le s&rsquo;annonce comme la r\u00e9f\u00e9rence incontournable des coup\u00e9s sportifs pour 2025.<\/p>\n","add-to-bo":false,"page_content":{"block_content":[{"acf_fc_layout":"text-simple","--nav":{"-withNav":false,"-ancre":""},"--group":{"-text":"<h2>Le retour triomphal du V8<\/h2>\n<p>Les <strong>chasseurs de scoop<\/strong> ont confirm\u00e9 la nouvelle sur la <strong>piste du N\u00fcrburgring<\/strong> : Mercedes fait machine arri\u00e8re avec ses <strong>prototypes<\/strong> de CLE 63. Exit le quatre <strong>cylindres en ligne<\/strong> hybride rechargeable controvers\u00e9, place au retour du mythique V8 biturbo de <strong>4,0 litres<\/strong>. Un choix strat\u00e9gique face aux r\u00e9actions mitig\u00e9es des clients envers le <strong>groupe motopropulseur hybride<\/strong> de la Classe C 63.<\/p>\n<p>Sous le <strong>soleil d&rsquo;Espagne<\/strong>, les derniers essais r\u00e9v\u00e8lent une <strong>puissance<\/strong> avoisinant les <strong>585 chevaux<\/strong> et <strong>750 Nm de couple<\/strong>. La <strong>nouvelle vid\u00e9o<\/strong> des tests d\u00e9voile une sonorit\u00e9 caract\u00e9ristique s&rsquo;\u00e9chappant des <strong>sorties d&rsquo;\u00e9chappement rectangulaires<\/strong>. Cette <strong>version haut de gamme<\/strong> promet d&rsquo;offrir aux puristes l&rsquo;exp\u00e9rience AMG authentique qu&rsquo;ils attendaient.<\/p>\n<p>&nbsp;<\/p>\n<h2>Design : l&rsquo;\u00e9l\u00e9gance du coup\u00e9 sportif<\/h2>\n<p>Face \u00e0 vous, la <strong>Mercedes-AMG CLE 63<\/strong> impose sa pr\u00e9sence avec une silhouette muscl\u00e9e et rac\u00e9e. Les voies \u00e9largies\u00a0lui conf\u00e8rent une stature impressionnante. Vous remarquerez imm\u00e9diatement la signature lumineuse in\u00e9dite \u00e0 trois blocs LED et la calandre Panamericana caract\u00e9ristique.<\/p>\n<p>Le profil lat\u00e9ral r\u00e9v\u00e8le des jantes de 20 pouces, soulign\u00e9es par des \u00e9triers de freins rouges sign\u00e9s AMG. Les \u00e9l\u00e9ments en <strong>noir vulcano<\/strong> comme les coques de r\u00e9troviseurs et les contours de vitres surteint\u00e9es renforcent le caract\u00e8re sportif du coup\u00e9. \u00c0 l&rsquo;arri\u00e8re, un becquet int\u00e9gr\u00e9 et une jupe sp\u00e9cifique AMG parach\u00e8vent cette esth\u00e9tique aussi \u00e9l\u00e9gante qu&rsquo;athl\u00e9tique.<\/p>\n<p>&nbsp;<\/p>\n<p>&nbsp;<\/p>\n<p style=\"text-align: center;\"><a href=\"https:\/\/www.bymycar.be\/fr\/v\/mercedes\" target=\"_blank\" class=\"css-button css-button--gold\" >\n                D\u00e9couvrez tous nos v\u00e9hicules Mercedes en stock\n        <\/a><\/p>\n<p>&nbsp;<\/p>\n<p>&nbsp;<\/p>\n<h2>CLE 63 vs CLE 53 : le match des performances<\/h2>\n<p>Sur le papier, la diff\u00e9rence est marquante : la <strong>CLE 63<\/strong> d\u00e9livre <strong>585 chevaux<\/strong> contre <strong>443 chevaux<\/strong> pour sa petite s\u0153ur, la <strong>CLE 53<\/strong>. Cette puissance sup\u00e9rieure devrait se traduire par un 0 \u00e0 100 km\/h abattu en environ 3,8 secondes, soit plus rapidement que la version CLE 53.<\/p>\n<p>La <strong>transmission int\u00e9grale 4MATIC+<\/strong> est pr\u00e9sente sur les deux mod\u00e8les, mais seule la <strong>CLE 63<\/strong> propose le mode <strong>Race<\/strong> de s\u00e9rie, optimisant tous les r\u00e9glages pour la piste. Le couple grimpe \u00e0 750 Nm sur la version V8, quand la CLE 53 offre 560 Nm, m\u00eame si son six cylindres offre d\u00e9j\u00e0 des sensations grisantes au quotidien.<\/p>\n<p>&nbsp;<\/p>\n<h2>Technologie et \u00e9quipements de pointe<\/h2>\n<p>\u00c0 bord de votre <strong>Mercedes-AMG CLE 63<\/strong>, vous profitez d&rsquo;un \u00e9cran conducteur <strong>12,3 pouces<\/strong> associ\u00e9 \u00e0 une dalle centrale <strong>11,9 pouces<\/strong>. Le syst\u00e8me MBUX nouvelle g\u00e9n\u00e9ration int\u00e8gre des affichages sp\u00e9cifiques AMG, tandis que le volant Performance AMG avec ses touches de commande vous permet de modifier instantan\u00e9ment les r\u00e9glages du v\u00e9hicule.<\/p>\n<p>La <strong>suspension AMG Active Ride Control<\/strong> s&rsquo;adapte en temps r\u00e9el gr\u00e2ce \u00e0 ses amortisseurs pilot\u00e9s, pendant que les roues arri\u00e8re directrices optimisent l&rsquo;agilit\u00e9. Le syst\u00e8me Pre-Safe anticipe les situations d&rsquo;urgence, pendant que la cam\u00e9ra 360\u00b0 facilite vos man\u0153uvres.<\/p>\n<p>L&rsquo;ambiance sonore est sublim\u00e9e par le syst\u00e8me <strong>Burmester\u00ae 3D<\/strong> surround sound system avec 17 haut-parleurs, tandis que l&rsquo;\u00e9clairage d&rsquo;ambiance actif avec 64 couleurs transforme l&rsquo;habitacle selon vos envies. Les si\u00e8ges Performance en cuir Nappa int\u00e8grent la ventilation et le massage dynamique pour un confort optimal.<\/p>\n<p>&nbsp;<\/p>\n<h2>Quel prix pour ce bijou Mercedes ?<\/h2>\n<p>Face aux <strong>89 900 \u20ac*<\/strong> demand\u00e9s pour la CLE 53 AMG, la nouvelle CLE 63 s&rsquo;affiche \u00e0 partir de <strong>115 000 \u20ac*<\/strong> sur le march\u00e9 belge. Un positionnement premium justifi\u00e9 par sa motorisation V8 exclusive et ses performances de supercar. Les premi\u00e8res livraisons sont attendues pour l&rsquo;automne 2025, avec une liste d&rsquo;options permettant de personnaliser votre bolide jusqu&rsquo;\u00e0 <strong>135 000 \u20ac*<\/strong>. Le <strong>Pack Dynamic Plus<\/strong> factur\u00e9 <strong>12 500 \u20ac*<\/strong> int\u00e8gre notamment les freins carbone-c\u00e9ramique et rel\u00e8ve la vitesse maximale \u00e0 <strong>290 km\/h<\/strong>.<\/p>\n<p>&nbsp;<\/p>\n<p>*Les prix mentionn\u00e9s sont donn\u00e9s \u00e0 titre indicatif et ont \u00e9t\u00e9 constat\u00e9s au moment de la r\u00e9daction. Ils sont susceptibles d\u2019\u00e9voluer. Pour obtenir une information exacte et \u00e0 jour, nous vous recommandons de contacter directement votre <a href=\"https:\/\/www.bymycar.be\/fr\/concessions\">concession BYmyCAR<\/a>.<\/p>\n<p>&nbsp;<\/p>\n<p>D\u2019autres articles qui pourraient vous int\u00e9resser\u00a0:<\/p>\n<p><a href=\"https:\/\/www.bymycar.be\/webzine\/nouveaux-modeles-mercedes-2025-toutes-les-nouveautes-et-tendances-a-venir\/\">Nouveaux mod\u00e8les Mercedes 2025 : toutes les nouveaut\u00e9s et tendances \u00e0 venir<\/a><\/p>\n<p><a href=\"https:\/\/www.bymycar.be\/webzine\/quel-avenir-pour-les-modeles-electriques-chez-mercedes\/\">Quel avenir pour les mod\u00e8les \u00e9lectriques chez Mercedes ?<\/a><\/p>\n<p><a href=\"https:\/\/www.bymycar.be\/webzine\/suv-compact-inspire-du-classe-g-mercedes-prepare-t-elle-une-revolution\/\">SUV compact inspir\u00e9 du Classe G : Mercedes pr\u00e9pare-t-elle une r\u00e9volution ?<\/a><\/p>\n<p><a href=\"https:\/\/www.bymycar.be\/webzine\/nouvelle-mercedes-cla-2025-lavenir-du-luxe-compact-se-devoile\/\">Nouvelle Mercedes CLA 2025 : l\u2019avenir du luxe compact se d\u00e9voile<\/a><\/p>\n<p><a href=\"https:\/\/www.bymycar.be\/webzine\/nouveau-moteur-v8-les-innovations-revolutionnaires-de-2025\/\">Nouveau moteur V8 : les innovations r\u00e9volutionnaires de 2025<\/a><\/p>\n"}}]}},"yoast_head":"<!-- This site is optimized with the Yoast SEO Premium plugin v26.4 (Yoast SEO v27.1.1) - https:\/\/yoast.com\/product\/yoast-seo-premium-wordpress\/ -->\n<title>Mercedes AMG CLE 63 : le nouveau coup\u00e9 sportif qui r\u00e9volutionne 2025 - Webzine BE | BYmyCAR<\/title>\n<meta name=\"robots\" content=\"index, follow, max-snippet:-1, max-image-preview:large, max-video-preview:-1\" \/>\n<link rel=\"canonical\" href=\"https:\/\/www.bymycar.be\/webzine\/mercedes-amg-cle-63-le-nouveau-coupe-sportif-qui-revolutionne-2025\/\" \/>\n<meta property=\"og:locale\" content=\"fr_FR\" \/>\n<meta property=\"og:type\" content=\"article\" \/>\n<meta property=\"og:title\" content=\"Mercedes AMG CLE 63 : le nouveau coup\u00e9 sportif qui r\u00e9volutionne 2025\" \/>\n<meta property=\"og:url\" content=\"https:\/\/www.bymycar.be\/webzine\/mercedes-amg-cle-63-le-nouveau-coupe-sportif-qui-revolutionne-2025\/\" \/>\n<meta property=\"og:site_name\" content=\"Webzine BE | BYmyCAR\" \/>\n<meta property=\"article:publisher\" content=\"https:\/\/www.facebook.com\/BYmyCAR.officiel\/\" \/>\n<meta property=\"article:published_time\" content=\"2025-07-25T09:28:35+00:00\" \/>\n<meta property=\"article:modified_time\" content=\"2025-07-29T07:15:36+00:00\" \/>\n<meta name=\"author\" content=\"Lola Vieira Da Silva\" \/>\n<meta name=\"twitter:card\" content=\"summary_large_image\" \/>\n<meta name=\"twitter:label1\" content=\"\u00c9crit par\" \/>\n\t<meta name=\"twitter:data1\" content=\"Lola Vieira Da Silva\" \/>\n<script type=\"application\/ld+json\" class=\"yoast-schema-graph\">{\"@context\":\"https:\/\/schema.org\",\"@graph\":[{\"@type\":\"Article\",\"@id\":\"https:\/\/www.bymycar.be\/webzine\/mercedes-amg-cle-63-le-nouveau-coupe-sportif-qui-revolutionne-2025\/#article\",\"isPartOf\":{\"@id\":\"https:\/\/www.bymycar.be\/webzine\/mercedes-amg-cle-63-le-nouveau-coupe-sportif-qui-revolutionne-2025\/\"},\"author\":{\"name\":\"Lola Vieira Da Silva\",\"@id\":\"https:\/\/www.bymycar.be\/webzine\/nl\/#\/schema\/person\/62e6ba497b0835d16ce47e28f2f08327\"},\"headline\":\"Mercedes AMG CLE 63 : le nouveau coup\u00e9 sportif qui r\u00e9volutionne 2025\",\"datePublished\":\"2025-07-25T09:28:35+00:00\",\"dateModified\":\"2025-07-29T07:15:36+00:00\",\"mainEntityOfPage\":{\"@id\":\"https:\/\/www.bymycar.be\/webzine\/mercedes-amg-cle-63-le-nouveau-coupe-sportif-qui-revolutionne-2025\/\"},\"wordCount\":10,\"publisher\":{\"@id\":\"https:\/\/www.bymycar.be\/webzine\/nl\/#organization\"},\"articleSection\":[\"Actualit\u00e9s Mercedes\",\"Conseils et Astuces\"],\"inLanguage\":\"fr-FR\"},{\"@type\":\"WebPage\",\"@id\":\"https:\/\/www.bymycar.be\/webzine\/mercedes-amg-cle-63-le-nouveau-coupe-sportif-qui-revolutionne-2025\/\",\"url\":\"https:\/\/www.bymycar.be\/webzine\/mercedes-amg-cle-63-le-nouveau-coupe-sportif-qui-revolutionne-2025\/\",\"name\":\"Mercedes AMG CLE 63 : le nouveau coup\u00e9 sportif qui r\u00e9volutionne 2025 - Webzine BE | BYmyCAR\",\"isPartOf\":{\"@id\":\"https:\/\/www.bymycar.be\/webzine\/nl\/#website\"},\"datePublished\":\"2025-07-25T09:28:35+00:00\",\"dateModified\":\"2025-07-29T07:15:36+00:00\",\"breadcrumb\":{\"@id\":\"https:\/\/www.bymycar.be\/webzine\/mercedes-amg-cle-63-le-nouveau-coupe-sportif-qui-revolutionne-2025\/#breadcrumb\"},\"inLanguage\":\"fr-FR\",\"potentialAction\":[{\"@type\":\"ReadAction\",\"target\":[\"https:\/\/www.bymycar.be\/webzine\/mercedes-amg-cle-63-le-nouveau-coupe-sportif-qui-revolutionne-2025\/\"]}]},{\"@type\":\"BreadcrumbList\",\"@id\":\"https:\/\/www.bymycar.be\/webzine\/mercedes-amg-cle-63-le-nouveau-coupe-sportif-qui-revolutionne-2025\/#breadcrumb\",\"itemListElement\":[{\"@type\":\"ListItem\",\"position\":1,\"name\":\"Accueil\",\"item\":\"https:\/\/www.bymycar.be\/webzine\/\"},{\"@type\":\"ListItem\",\"position\":2,\"name\":\"Mercedes AMG CLE 63 : le nouveau coup\u00e9 sportif qui r\u00e9volutionne 2025\"}]},{\"@type\":\"WebSite\",\"@id\":\"https:\/\/www.bymycar.be\/webzine\/nl\/#website\",\"url\":\"https:\/\/www.bymycar.be\/webzine\/nl\/\",\"name\":\"Webzine | BYmyCAR\",\"description\":\"_Le webzine auto de\",\"publisher\":{\"@id\":\"https:\/\/www.bymycar.be\/webzine\/nl\/#organization\"},\"potentialAction\":[{\"@type\":\"SearchAction\",\"target\":{\"@type\":\"EntryPoint\",\"urlTemplate\":\"https:\/\/www.bymycar.be\/webzine\/nl\/?s={search_term_string}\"},\"query-input\":{\"@type\":\"PropertyValueSpecification\",\"valueRequired\":true,\"valueName\":\"search_term_string\"}}],\"inLanguage\":\"fr-FR\"},{\"@type\":\"Organization\",\"@id\":\"https:\/\/www.bymycar.be\/webzine\/nl\/#organization\",\"name\":\"Webzine | BYmyCAR\",\"url\":\"https:\/\/www.bymycar.be\/webzine\/nl\/\",\"logo\":{\"@type\":\"ImageObject\",\"inLanguage\":\"fr-FR\",\"@id\":\"https:\/\/www.bymycar.be\/webzine\/nl\/#\/schema\/logo\/image\/\",\"url\":\"https:\/\/cdn.bymycar.eu\/be-webzine\/wp-content\/uploads\/2024\/11\/20203047\/logo.png\",\"contentUrl\":\"https:\/\/cdn.bymycar.eu\/be-webzine\/wp-content\/uploads\/2024\/11\/20203047\/logo.png\",\"width\":1280,\"height\":512,\"caption\":\"Webzine | BYmyCAR\"},\"image\":{\"@id\":\"https:\/\/www.bymycar.be\/webzine\/nl\/#\/schema\/logo\/image\/\"},\"sameAs\":[\"https:\/\/www.facebook.com\/BYmyCAR.officiel\/\",\"https:\/\/www.instagram.com\/bymycar.officiel\/\"]},{\"@type\":\"Person\",\"@id\":\"https:\/\/www.bymycar.be\/webzine\/nl\/#\/schema\/person\/62e6ba497b0835d16ce47e28f2f08327\",\"name\":\"Lola Vieira Da Silva\",\"image\":{\"@type\":\"ImageObject\",\"inLanguage\":\"fr-FR\",\"@id\":\"https:\/\/www.bymycar.be\/webzine\/nl\/#\/schema\/person\/image\/\",\"url\":\"https:\/\/secure.gravatar.com\/avatar\/8d491122de3cbfd87e645bbdbd392d04626ebb95f4929de9cc1231399984b34b?s=96&d=mm&r=g\",\"contentUrl\":\"https:\/\/secure.gravatar.com\/avatar\/8d491122de3cbfd87e645bbdbd392d04626ebb95f4929de9cc1231399984b34b?s=96&d=mm&r=g\",\"caption\":\"Lola Vieira Da Silva\"}}]}<\/script>\n<!-- \/ Yoast SEO Premium plugin. -->","yoast_head_json":{"title":"Mercedes AMG CLE 63 : le nouveau coup\u00e9 sportif qui r\u00e9volutionne 2025 - Webzine BE | BYmyCAR","robots":{"index":"index","follow":"follow","max-snippet":"max-snippet:-1","max-image-preview":"max-image-preview:large","max-video-preview":"max-video-preview:-1"},"canonical":"https:\/\/www.bymycar.be\/webzine\/mercedes-amg-cle-63-le-nouveau-coupe-sportif-qui-revolutionne-2025\/","og_locale":"fr_FR","og_type":"article","og_title":"Mercedes AMG CLE 63 : le nouveau coup\u00e9 sportif qui r\u00e9volutionne 2025","og_url":"https:\/\/www.bymycar.be\/webzine\/mercedes-amg-cle-63-le-nouveau-coupe-sportif-qui-revolutionne-2025\/","og_site_name":"Webzine BE | BYmyCAR","article_publisher":"https:\/\/www.facebook.com\/BYmyCAR.officiel\/","article_published_time":"2025-07-25T09:28:35+00:00","article_modified_time":"2025-07-29T07:15:36+00:00","author":"Lola Vieira Da Silva","twitter_card":"summary_large_image","twitter_misc":{"\u00c9crit par":"Lola Vieira Da Silva"},"schema":{"@context":"https:\/\/schema.org","@graph":[{"@type":"Article","@id":"https:\/\/www.bymycar.be\/webzine\/mercedes-amg-cle-63-le-nouveau-coupe-sportif-qui-revolutionne-2025\/#article","isPartOf":{"@id":"https:\/\/www.bymycar.be\/webzine\/mercedes-amg-cle-63-le-nouveau-coupe-sportif-qui-revolutionne-2025\/"},"author":{"name":"Lola Vieira Da Silva","@id":"https:\/\/www.bymycar.be\/webzine\/nl\/#\/schema\/person\/62e6ba497b0835d16ce47e28f2f08327"},"headline":"Mercedes AMG CLE 63 : le nouveau coup\u00e9 sportif qui r\u00e9volutionne 2025","datePublished":"2025-07-25T09:28:35+00:00","dateModified":"2025-07-29T07:15:36+00:00","mainEntityOfPage":{"@id":"https:\/\/www.bymycar.be\/webzine\/mercedes-amg-cle-63-le-nouveau-coupe-sportif-qui-revolutionne-2025\/"},"wordCount":10,"publisher":{"@id":"https:\/\/www.bymycar.be\/webzine\/nl\/#organization"},"articleSection":["Actualit\u00e9s Mercedes","Conseils et Astuces"],"inLanguage":"fr-FR"},{"@type":"WebPage","@id":"https:\/\/www.bymycar.be\/webzine\/mercedes-amg-cle-63-le-nouveau-coupe-sportif-qui-revolutionne-2025\/","url":"https:\/\/www.bymycar.be\/webzine\/mercedes-amg-cle-63-le-nouveau-coupe-sportif-qui-revolutionne-2025\/","name":"Mercedes AMG CLE 63 : le nouveau coup\u00e9 sportif qui r\u00e9volutionne 2025 - Webzine BE | BYmyCAR","isPartOf":{"@id":"https:\/\/www.bymycar.be\/webzine\/nl\/#website"},"datePublished":"2025-07-25T09:28:35+00:00","dateModified":"2025-07-29T07:15:36+00:00","breadcrumb":{"@id":"https:\/\/www.bymycar.be\/webzine\/mercedes-amg-cle-63-le-nouveau-coupe-sportif-qui-revolutionne-2025\/#breadcrumb"},"inLanguage":"fr-FR","potentialAction":[{"@type":"ReadAction","target":["https:\/\/www.bymycar.be\/webzine\/mercedes-amg-cle-63-le-nouveau-coupe-sportif-qui-revolutionne-2025\/"]}]},{"@type":"BreadcrumbList","@id":"https:\/\/www.bymycar.be\/webzine\/mercedes-amg-cle-63-le-nouveau-coupe-sportif-qui-revolutionne-2025\/#breadcrumb","itemListElement":[{"@type":"ListItem","position":1,"name":"Accueil","item":"https:\/\/www.bymycar.be\/webzine\/"},{"@type":"ListItem","position":2,"name":"Mercedes AMG CLE 63 : le nouveau coup\u00e9 sportif qui r\u00e9volutionne 2025"}]},{"@type":"WebSite","@id":"https:\/\/www.bymycar.be\/webzine\/nl\/#website","url":"https:\/\/www.bymycar.be\/webzine\/nl\/","name":"Webzine | BYmyCAR","description":"_Le webzine auto de","publisher":{"@id":"https:\/\/www.bymycar.be\/webzine\/nl\/#organization"},"potentialAction":[{"@type":"SearchAction","target":{"@type":"EntryPoint","urlTemplate":"https:\/\/www.bymycar.be\/webzine\/nl\/?s={search_term_string}"},"query-input":{"@type":"PropertyValueSpecification","valueRequired":true,"valueName":"search_term_string"}}],"inLanguage":"fr-FR"},{"@type":"Organization","@id":"https:\/\/www.bymycar.be\/webzine\/nl\/#organization","name":"Webzine | BYmyCAR","url":"https:\/\/www.bymycar.be\/webzine\/nl\/","logo":{"@type":"ImageObject","inLanguage":"fr-FR","@id":"https:\/\/www.bymycar.be\/webzine\/nl\/#\/schema\/logo\/image\/","url":"https:\/\/cdn.bymycar.eu\/be-webzine\/wp-content\/uploads\/2024\/11\/20203047\/logo.png","contentUrl":"https:\/\/cdn.bymycar.eu\/be-webzine\/wp-content\/uploads\/2024\/11\/20203047\/logo.png","width":1280,"height":512,"caption":"Webzine | BYmyCAR"},"image":{"@id":"https:\/\/www.bymycar.be\/webzine\/nl\/#\/schema\/logo\/image\/"},"sameAs":["https:\/\/www.facebook.com\/BYmyCAR.officiel\/","https:\/\/www.instagram.com\/bymycar.officiel\/"]},{"@type":"Person","@id":"https:\/\/www.bymycar.be\/webzine\/nl\/#\/schema\/person\/62e6ba497b0835d16ce47e28f2f08327","name":"Lola Vieira Da Silva","image":{"@type":"ImageObject","inLanguage":"fr-FR","@id":"https:\/\/www.bymycar.be\/webzine\/nl\/#\/schema\/person\/image\/","url":"https:\/\/secure.gravatar.com\/avatar\/8d491122de3cbfd87e645bbdbd392d04626ebb95f4929de9cc1231399984b34b?s=96&d=mm&r=g","contentUrl":"https:\/\/secure.gravatar.com\/avatar\/8d491122de3cbfd87e645bbdbd392d04626ebb95f4929de9cc1231399984b34b?s=96&d=mm&r=g","caption":"Lola Vieira Da Silva"}}]}},"_links":{"self":[{"href":"https:\/\/www.bymycar.be\/webzine\/wp-json\/wp\/v2\/posts\/4911","targetHints":{"allow":["GET"]}}],"collection":[{"href":"https:\/\/www.bymycar.be\/webzine\/wp-json\/wp\/v2\/posts"}],"about":[{"href":"https:\/\/www.bymycar.be\/webzine\/wp-json\/wp\/v2\/types\/post"}],"author":[{"embeddable":true,"href":"https:\/\/www.bymycar.be\/webzine\/wp-json\/wp\/v2\/users\/14"}],"replies":[{"embeddable":true,"href":"https:\/\/www.bymycar.be\/webzine\/wp-json\/wp\/v2\/comments?post=4911"}],"version-history":[{"count":2,"href":"https:\/\/www.bymycar.be\/webzine\/wp-json\/wp\/v2\/posts\/4911\/revisions"}],"predecessor-version":[{"id":4939,"href":"https:\/\/www.bymycar.be\/webzine\/wp-json\/wp\/v2\/posts\/4911\/revisions\/4939"}],"wp:attachment":[{"href":"https:\/\/www.bymycar.be\/webzine\/wp-json\/wp\/v2\/media?parent=4911"}],"wp:term":[{"taxonomy":"category","embeddable":true,"href":"https:\/\/www.bymycar.be\/webzine\/wp-json\/wp\/v2\/categories?post=4911"},{"taxonomy":"post_tag","embeddable":true,"href":"https:\/\/www.bymycar.be\/webzine\/wp-json\/wp\/v2\/tags?post=4911"}],"curies":[{"name":"wp","href":"https:\/\/api.w.org\/{rel}","templated":true}]}}