{"id":4823,"date":"2025-07-18T15:31:38","date_gmt":"2025-07-18T13:31:38","guid":{"rendered":"https:\/\/www.bymycar.be\/webzine\/?p=4823"},"modified":"2025-07-21T09:58:37","modified_gmt":"2025-07-21T07:58:37","slug":"meilleur-utilitaire-mercedes-lequel-choisir-pour-votre-activite-professionnelle","status":"publish","type":"post","link":"https:\/\/www.bymycar.be\/webzine\/meilleur-utilitaire-mercedes-lequel-choisir-pour-votre-activite-professionnelle\/","title":{"rendered":"Meilleur utilitaire Mercedes : lequel choisir pour votre activit\u00e9 professionnelle ?"},"content":{"rendered":"","protected":false},"excerpt":{"rendered":"","protected":false},"author":14,"featured_media":0,"comment_status":"closed","ping_status":"closed","sticky":false,"template":"","format":"standard","meta":{"_acf_changed":false,"footnotes":""},"categories":[1440,1350],"tags":[],"class_list":["post-4823","post","type-post","status-publish","format-standard","hentry","category-choisir-sa-mercedes","category-conseils-et-astuces"],"acf":{"image":{"ID":4828,"id":4828,"title":"Mercedes-utilitaire","filename":"Mercedes-utilitaire-scaled.jpg","filesize":357230,"url":"https:\/\/cdn.bymycar.eu\/be-webzine\/wp-content\/uploads\/2025\/07\/18153018\/Mercedes-utilitaire-scaled.jpg","link":"https:\/\/www.bymycar.be\/webzine\/meilleur-utilitaire-mercedes-lequel-choisir-pour-votre-activite-professionnelle\/mercedes-utilitaire\/","alt":"Mercedes utilitaires","author":"14","description":"","caption":"","name":"mercedes-utilitaire","status":"inherit","uploaded_to":4823,"date":"2025-07-18 13:30:12","modified":"2025-07-18 13:31:34","menu_order":0,"mime_type":"image\/jpeg","type":"image","subtype":"jpeg","icon":"https:\/\/www.bymycar.be\/webzine\/wp-includes\/images\/media\/default.png","width":2560,"height":1440,"sizes":{"thumbnail":"https:\/\/cdn.bymycar.eu\/be-webzine\/wp-content\/uploads\/2025\/07\/18153018\/Mercedes-utilitaire-150x150.jpg","thumbnail-width":150,"thumbnail-height":150,"medium":"https:\/\/cdn.bymycar.eu\/be-webzine\/wp-content\/uploads\/2025\/07\/18153018\/Mercedes-utilitaire-300x169.jpg","medium-width":300,"medium-height":169,"medium_large":"https:\/\/cdn.bymycar.eu\/be-webzine\/wp-content\/uploads\/2025\/07\/18153018\/Mercedes-utilitaire-768x432.jpg","medium_large-width":768,"medium_large-height":432,"large":"https:\/\/cdn.bymycar.eu\/be-webzine\/wp-content\/uploads\/2025\/07\/18153018\/Mercedes-utilitaire-1024x576.jpg","large-width":1024,"large-height":576,"1536x1536":"https:\/\/cdn.bymycar.eu\/be-webzine\/wp-content\/uploads\/2025\/07\/18153018\/Mercedes-utilitaire-1536x864.jpg","1536x1536-width":1536,"1536x1536-height":864,"2048x2048":"https:\/\/cdn.bymycar.eu\/be-webzine\/wp-content\/uploads\/2025\/07\/18153018\/Mercedes-utilitaire-2048x1152.jpg","2048x2048-width":2048,"2048x2048-height":1152}},"introduction":"<p>Mercedes-Benz s&rsquo;impose comme la r\u00e9f\u00e9rence incontournable des utilitaires haut de gamme, avec plus de 20 000 v\u00e9hicules vendus chaque ann\u00e9e en Europe. Vous recherchez le meilleur utilitaire Mercedes pour votre activit\u00e9 professionnelle ? La marque \u00e0 l&rsquo;\u00e9toile propose une gamme compl\u00e8te adapt\u00e9e \u00e0 tous les besoins professionnels, du compact urbain au grand fourgon. D\u00e9couvrez notre analyse compl\u00e8te des\u00a0<strong>Sprinter<\/strong>, <strong>Vito<\/strong> et <strong>Citan<\/strong>, trois mod\u00e8les embl\u00e9matiques qui dominent le march\u00e9 des v\u00e9hicules utilitaires premium.\u00a0Nos experts BYmyCAR vous accompagnent dans le choix de votre futur utilitaire Mercedes. Volume de chargement, motorisation, \u00e9quipements : nous vous renseignons sur chaque crit\u00e8re pour s\u00e9lectionner le mod\u00e8le parfaitement adapt\u00e9 \u00e0 votre m\u00e9tier.<\/p>\n","add-to-bo":false,"page_content":{"block_content":[{"acf_fc_layout":"text-simple","--nav":{"-withNav":false,"-ancre":""},"--group":{"-text":"<h2>Le Sprinter : le roi des grands utilitaires<\/h2>\n<p>R\u00e9f\u00e9rence incontest\u00e9e des grands utilitaires, le <a href=\"https:\/\/www.bymycar.be\/fr\/v\/mercedes-sprinter\"> <strong>Mercedes Sprinter<\/strong> <\/a> domine son segment gr\u00e2ce \u00e0 une <strong>capacit\u00e9 de chargement<\/strong> maximale allant jusqu&rsquo;\u00e0 17 m\u00b3. Face au\u00a0<strong>Ford Transit<\/strong> ou au <strong>Master<\/strong>, il se d\u00e9marque par sa robustesse l\u00e9gendaire et son <strong>moteur diesel<\/strong> derni\u00e8re g\u00e9n\u00e9ration, offrant une <strong>consommation de carburant<\/strong> optimis\u00e9e.<\/p>\n<p>Nos experts appr\u00e9cient particuli\u00e8rement sa polyvalence exceptionnelle, avec pas moins de 1700 configurations possibles pour r\u00e9pondre aux besoins des <strong>entreprises de livraison<\/strong> les plus exigeantes. Le <strong>syst\u00e8me de navigation<\/strong> intelligent et l&rsquo;<strong>assistance au d\u00e9marrage<\/strong> en c\u00f4te facilitent vos trajets quotidiens.<\/p>\n<p>Pour votre s\u00e9curit\u00e9, le Sprinter embarque des technologies de pointe comme le <strong>contr\u00f4le de traction<\/strong> adaptatif et la d\u00e9tection d&rsquo;angle mort, assurant une <strong>s\u00e9curit\u00e9 sur la route<\/strong> optimale m\u00eame avec des <strong>charges lourdes<\/strong>.<\/p>\n<p>&nbsp;<\/p>\n<h2>Le Vito : l&rsquo;utilitaire polyvalent par excellence<\/h2>\n<p>Vous recherchez un utilitaire capable de s&rsquo;adapter \u00e0 toutes les situations ? Le <a href=\"https:\/\/www.bymycar.be\/fr\/v\/mercedes-vito\"> <strong>Mercedes Vito<\/strong> <\/a> r\u00e9pond parfaitement \u00e0 vos attentes avec sa conception modulaire unique. Nos experts appr\u00e9cient particuli\u00e8rement sa <strong>motorisation diesel 114 CDI<\/strong> d\u00e9veloppant 136 ch, id\u00e9ale pour les trajets urbains comme autoroutiers.<\/p>\n<p>Disponible en trois longueurs et diff\u00e9rentes configurations d&rsquo;am\u00e9nagement, le Vito se r\u00e9v\u00e8le un <strong>utilitaire fiable<\/strong> pl\u00e9biscit\u00e9 par les professionnels. Son volume de chargement allant jusqu&rsquo;\u00e0 6,6 m\u00b3 et sa charge utile jusqu&rsquo;\u00e0 1 369 kg vous offrent une flexibilit\u00e9 optimale pour vos missions quotidiennes.<\/p>\n<p>La version <strong>Tourer<\/strong> transforme votre Vito en navette premium pour le transport de personnes, tandis que le <strong>Mixto<\/strong> combine astucieusement espace passagers et zone de chargement. Nos clients artisans et transporteurs t\u00e9moignent d&rsquo;une satisfaction exceptionnelle quant \u00e0 sa robustesse et son confort de conduite.<\/p>\n<p>&nbsp;<\/p>\n<h2>Le Citan : compact mais performant<\/h2>\n<p>Le <a href=\"https:\/\/www.bymycar.be\/fr\/v\/mercedes-citan\"> <strong>Mercedes Citan<\/strong> <\/a> red\u00e9finit les standards du segment compact avec son agilit\u00e9 remarquable en milieu urbain. Son volume de chargement de 2,4 m\u00b3 et sa largeur hors-tout d&rsquo;1,86 m permettent d&rsquo;acc\u00e9der aux zones les plus \u00e9troites sans compromettre la capacit\u00e9 de transport.<\/p>\n<p>Nos experts BYmyCAR appr\u00e9cient particuli\u00e8rement sa motorisation <strong>113 CDI<\/strong> d\u00e9veloppant 95 ch, parfaitement adapt\u00e9e aux livraisons urbaines. La version \u00e9lectrique <strong>eCitan<\/strong> propose quant \u00e0 elle une autonomie de 285 km, id\u00e9ale pour vos missions quotidiennes sans \u00e9missions.<\/p>\n<p>Le poste de conduite b\u00e9n\u00e9ficie du syst\u00e8me MBUX avec \u00e9cran tactile jusqu&rsquo;\u00e0 7 pouces et commandes vocales, une option disponible dans cette cat\u00e9gorie. Le\u00a0<strong>Citan<\/strong> se d\u00e9marque \u00e9galement par ses \u00e9quipements de s\u00e9curit\u00e9 avanc\u00e9s comme le freinage d&rsquo;urgence actif et l&rsquo;assistant de franchissement de ligne.<\/p>\n<p>&nbsp;<\/p>\n<p>&nbsp;<\/p>\n<p style=\"text-align: center;\"><a href=\"https:\/\/www.bymycar.be\/fr\/v\/mercedes\" target=\"_blank\" class=\"css-button css-button--gold\" >\n                D\u00e9couvrez tous nos v\u00e9hicules Mercedes en stock\n        <\/a><\/p>\n<p>&nbsp;<\/p>\n<p>&nbsp;<\/p>\n<h2>Van ou fourgon : quel format choisir ?<\/h2>\n<p>Comment choisir entre un <strong>van<\/strong> compact et un <strong>fourgon<\/strong> spacieux pour votre activit\u00e9 ? Nos experts BYmyCAR vous guident vers la solution id\u00e9ale selon vos besoins quotidiens.<\/p>\n<p><strong>Le van<\/strong>, plus maniable, excelle dans les missions urbaines avec son gabarit r\u00e9duit et sa consommation ma\u00eetris\u00e9e.<\/p>\n<p>Pour les charges volumineuses, nous vous recommandons le <strong>fourgon<\/strong>, particuli\u00e8rement adapt\u00e9 au transport de mat\u00e9riel encombrant. Son plancher plat et ses portes larges facilitent le chargement, tandis que sa suspension renforc\u00e9e absorbe les contraintes des <strong>charges lourdes<\/strong>.<\/p>\n<p>La satisfaction des utilisateurs confirme cette distinction : les artisans en ville privil\u00e9gient le format van, quand les entreprises de livraison optent majoritairement pour le fourgon. Les <strong>options de motorisation<\/strong> diversifi\u00e9es des deux formats vous permettent d&rsquo;optimiser votre choix selon vos trajets types.<\/p>\n<p>&nbsp;<\/p>\n<h2>Nos conseils pour les professionnels<\/h2>\n<p>La s\u00e9lection de votre utilitaire Mercedes m\u00e9rite une analyse approfondie de vos besoins quotidiens. Commencez par \u00e9valuer votre kilom\u00e9trage annuel : le <strong>Sprinter<\/strong> excelle sur les longues distances gr\u00e2ce \u00e0 sa motorisation optimis\u00e9e, tandis que le <strong>Citan<\/strong> s&rsquo;impose en ville avec sa maniabilit\u00e9.<\/p>\n<p>Prenez en compte l&rsquo;accessibilit\u00e9 de vos zones de livraison : nos experts recommandent le <strong>Vito<\/strong> pour sa polyvalence remarquable entre zones urbaines et p\u00e9riurbaines. Son gabarit interm\u00e9diaire, souvent pl\u00e9biscit\u00e9 par le jury du Van of the Year, offre un excellent compromis.<\/p>\n<p>Consid\u00e9rez \u00e9galement l&rsquo;\u00e9volution de votre activit\u00e9 sur 4 ans : un <strong>volume de chargement<\/strong> modulable comme celui du Sprinter vous permettra d&rsquo;accompagner votre croissance. Pour les artisans transportant des mat\u00e9riaux lourds, privil\u00e9giez les versions \u00e0 plancher renforc\u00e9 avec protection lat\u00e9rale int\u00e9gr\u00e9e.<\/p>\n<p>&nbsp;<\/p>\n<h2>Le choix de l&rsquo;occasion : une alternative<\/h2>\n<p>Face aux tarifs des utilitaires neufs, l&rsquo;achat d&rsquo;un <a href=\"https:\/\/www.bymycar.be\/fr\/v\/mercedes-occasion\"> <strong>Mercedes<\/strong> d&rsquo;occasion<\/a> repr\u00e9sente une alternative \u00e9conomique pertinente. Nos experts BYmyCAR constatent que les mod\u00e8les r\u00e9cents de <strong>Sprinter<\/strong>, <strong>Vito<\/strong> et <strong>Citan<\/strong> conservent leur valeur et leurs performances sur le march\u00e9 de la seconde main.<\/p>\n<p>Les v\u00e9hicules Mercedes d&rsquo;occasion b\u00e9n\u00e9ficient souvent d&rsquo;un historique d&rsquo;entretien complet, garantissant leur fiabilit\u00e9 sur le long terme. Nous vous proposons une s\u00e9lection rigoureuse d&rsquo;utilitaires certifi\u00e9s avec garantie constructeur, pour un investissement serein et ma\u00eetris\u00e9.<\/p>\n<p>Le march\u00e9 de l&rsquo;occasion permet aussi d&rsquo;acc\u00e9der \u00e0 des finitions haut de gamme, habituellement on\u00e9reuses en neuf. Un <strong>Vito Premium<\/strong> ou un <strong>Sprinter<\/strong> bien \u00e9quip\u00e9 de seconde main s&rsquo;av\u00e8re plus avantageux qu&rsquo;un <strong>Ducato<\/strong> ou <strong>Jumper<\/strong> neuf d&rsquo;entr\u00e9e de gamme.<\/p>\n<p>&nbsp;<\/p>\n<h2>L&rsquo;avis de nos experts BYmyCAR<\/h2>\n<p>Fort de notre exp\u00e9rience quotidienne aupr\u00e8s des professionnels, nous recommandons le <strong>Mercedes Sprinter<\/strong> comme meilleur utilitaire polyvalent. Sa robustesse \u00e9prouv\u00e9e et sa modularit\u00e9 en font un partenaire de confiance pour les artisans comme pour les grandes flottes. En tant que <strong>constructeur allemand<\/strong>, Mercedes-Benz a particuli\u00e8rement soign\u00e9 l&rsquo;<strong>habitacle spacieux<\/strong> et ergonomique, adapt\u00e9 aux longues journ\u00e9es de travail.<\/p>\n<p>Le <strong>Vito<\/strong> repr\u00e9sente quant \u00e0 lui le choix id\u00e9al si vous recherchez un compromis entre capacit\u00e9 et maniabilit\u00e9 urbaine. Sa polyvalence s\u00e9duit particuli\u00e8rement nos clients du secteur du b\u00e2timent et des services. \u00c9quip\u00e9 de <strong>technologies avanc\u00e9es<\/strong> comme la <strong>cam\u00e9ra de recul<\/strong> et l&rsquo;aide au stationnement, il facilite grandement les man\u0153uvres quotidiennes tout en r\u00e9pondant parfaitement aux <strong>besoins des professionnels<\/strong>.<\/p>\n<p>Pour les professionnels \u00e9voluant principalement en ville, le <strong>Citan<\/strong> s&rsquo;impose comme la solution la plus pertinente. Nos experts appr\u00e9cient sa facilit\u00e9 de prise en main et son rayon de braquage optimal pour les livraisons du dernier kilom\u00e8tre. Particuli\u00e8rement adapt\u00e9 au <strong>transport de marchandises<\/strong> en zone urbaine dense, il offre un excellent compromis entre volume utile et encombrement r\u00e9duit, tout en garantissant une <strong>satisfaction des utilisateurs<\/strong> optimale au quotidien.<\/p>\n<p>&nbsp;<\/p>\n<p>D\u2019autres articles qui pourraient vous int\u00e9resser\u00a0:<\/p>\n<p><a href=\"https:\/\/www.bymycar.be\/webzine\/comment-choisir-sa-mercedes\/\">Comment choisir sa Mercedes ?<\/a><\/p>\n<p><a href=\"https:\/\/www.bymycar.be\/webzine\/mercedes-en-lld-comment-profiter-du-luxe-allemand-sans-contrainte\/\">Mercedes en LLD : comment profiter du luxe allemand sans contrainte ?<\/a><\/p>\n<p><a href=\"https:\/\/www.bymycar.be\/webzine\/quelle-est-la-plus-grosse-voiture-mercedes\/\">Quelle est la plus grosse voiture Mercedes ?<\/a><\/p>\n<p><a href=\"https:\/\/www.bymycar.be\/webzine\/analyse-et-estimation-gratuite-de-votre-mercedes-en-belgique\/\">Analyse et estimation gratuite de votre Mercedes en Belgique<\/a><\/p>\n<p><a href=\"https:\/\/www.bymycar.be\/webzine\/mercedes-et-leasing-quelles-sont-les-options-et-avantages-pour-votre-projet-automobile\/\">Mercedes et leasing : quelles sont les options et avantages pour votre projet automobile ?<\/a><\/p>\n<p><a href=\"https:\/\/www.bymycar.be\/webzine\/quel-est-le-meilleur-moteur-mercedes-en-termes-de-fiabilite\/\">Quel est le meilleur moteur Mercedes en termes de fiabilit\u00e9 ?<\/a><\/p>\n<p><a href=\"https:\/\/www.bymycar.be\/webzine\/quelle-mercedes-familiale-choisir-pour-votre-famille\/\">Quelle Mercedes familiale choisir pour votre famille ?<\/a><\/p>\n<p><a href=\"https:\/\/www.bymycar.be\/webzine\/quest-ce-que-mercedes-certified\/\">Qu\u2019est-ce que Mercedes Certified ?<\/a><\/p>\n<p><a href=\"https:\/\/www.bymycar.be\/webzine\/quelle-mercedes-offre-la-meilleure-finition-interieure\/\">Quelle Mercedes offre la meilleure finition int\u00e9rieure ?\u00a0<\/a><\/p>\n<p><a href=\"https:\/\/www.bymycar.be\/webzine\/quelle-est-la-mercedes-la-plus-rare\/\">Quelle est la Mercedes la plus rare ?<\/a><\/p>\n<p><a href=\"https:\/\/www.bymycar.be\/webzine\/comment-identifier-et-verifier-les-options-de-votre-mercedes\/\">Comment identifier et v\u00e9rifier les options de votre Mercedes ?<\/a><\/p>\n<p><a href=\"https:\/\/www.bymycar.be\/webzine\/quelle-est-la-mercedes-la-plus-confortable\/\">Quelle est la Mercedes la plus confortable ?<\/a><\/p>\n<p><a href=\"https:\/\/www.bymycar.be\/webzine\/quelles-sont-les-forces-de-la-marque-mercedes-benz\/\">Quelles sont les forces de la marque Mercedes-Benz ?<\/a><\/p>\n<p><a href=\"https:\/\/www.bymycar.be\/webzine\/quelle-est-la-plus-petite-mercedes\/\">Quelle est la plus petite Mercedes ?<\/a><\/p>\n"}}]}},"yoast_head":"<!-- This site is optimized with the Yoast SEO Premium plugin v26.4 (Yoast SEO v27.1.1) - https:\/\/yoast.com\/product\/yoast-seo-premium-wordpress\/ -->\n<title>Meilleur utilitaire Mercedes : lequel choisir pour votre activit\u00e9 professionnelle ? - Webzine BE | BYmyCAR<\/title>\n<meta name=\"robots\" content=\"index, follow, max-snippet:-1, max-image-preview:large, max-video-preview:-1\" \/>\n<link rel=\"canonical\" href=\"https:\/\/www.bymycar.be\/webzine\/meilleur-utilitaire-mercedes-lequel-choisir-pour-votre-activite-professionnelle\/\" \/>\n<meta property=\"og:locale\" content=\"fr_FR\" \/>\n<meta property=\"og:type\" content=\"article\" \/>\n<meta property=\"og:title\" content=\"Meilleur utilitaire Mercedes : lequel choisir pour votre activit\u00e9 professionnelle ?\" \/>\n<meta property=\"og:url\" content=\"https:\/\/www.bymycar.be\/webzine\/meilleur-utilitaire-mercedes-lequel-choisir-pour-votre-activite-professionnelle\/\" \/>\n<meta property=\"og:site_name\" content=\"Webzine BE | BYmyCAR\" \/>\n<meta property=\"article:publisher\" content=\"https:\/\/www.facebook.com\/BYmyCAR.officiel\/\" \/>\n<meta property=\"article:published_time\" content=\"2025-07-18T13:31:38+00:00\" \/>\n<meta property=\"article:modified_time\" content=\"2025-07-21T07:58:37+00:00\" \/>\n<meta name=\"author\" content=\"Lola Vieira Da Silva\" \/>\n<meta name=\"twitter:card\" content=\"summary_large_image\" \/>\n<meta name=\"twitter:label1\" content=\"\u00c9crit par\" \/>\n\t<meta name=\"twitter:data1\" content=\"Lola Vieira Da Silva\" \/>\n<script type=\"application\/ld+json\" class=\"yoast-schema-graph\">{\"@context\":\"https:\/\/schema.org\",\"@graph\":[{\"@type\":\"Article\",\"@id\":\"https:\/\/www.bymycar.be\/webzine\/meilleur-utilitaire-mercedes-lequel-choisir-pour-votre-activite-professionnelle\/#article\",\"isPartOf\":{\"@id\":\"https:\/\/www.bymycar.be\/webzine\/meilleur-utilitaire-mercedes-lequel-choisir-pour-votre-activite-professionnelle\/\"},\"author\":{\"name\":\"Lola Vieira Da Silva\",\"@id\":\"https:\/\/www.bymycar.be\/webzine\/nl\/#\/schema\/person\/62e6ba497b0835d16ce47e28f2f08327\"},\"headline\":\"Meilleur utilitaire Mercedes : lequel choisir pour votre activit\u00e9 professionnelle ?\",\"datePublished\":\"2025-07-18T13:31:38+00:00\",\"dateModified\":\"2025-07-21T07:58:37+00:00\",\"mainEntityOfPage\":{\"@id\":\"https:\/\/www.bymycar.be\/webzine\/meilleur-utilitaire-mercedes-lequel-choisir-pour-votre-activite-professionnelle\/\"},\"wordCount\":9,\"publisher\":{\"@id\":\"https:\/\/www.bymycar.be\/webzine\/nl\/#organization\"},\"articleSection\":[\"Choisir sa Mercedes\",\"Conseils et Astuces\"],\"inLanguage\":\"fr-FR\"},{\"@type\":\"WebPage\",\"@id\":\"https:\/\/www.bymycar.be\/webzine\/meilleur-utilitaire-mercedes-lequel-choisir-pour-votre-activite-professionnelle\/\",\"url\":\"https:\/\/www.bymycar.be\/webzine\/meilleur-utilitaire-mercedes-lequel-choisir-pour-votre-activite-professionnelle\/\",\"name\":\"Meilleur utilitaire Mercedes : lequel choisir pour votre activit\u00e9 professionnelle ? - Webzine BE | BYmyCAR\",\"isPartOf\":{\"@id\":\"https:\/\/www.bymycar.be\/webzine\/nl\/#website\"},\"datePublished\":\"2025-07-18T13:31:38+00:00\",\"dateModified\":\"2025-07-21T07:58:37+00:00\",\"breadcrumb\":{\"@id\":\"https:\/\/www.bymycar.be\/webzine\/meilleur-utilitaire-mercedes-lequel-choisir-pour-votre-activite-professionnelle\/#breadcrumb\"},\"inLanguage\":\"fr-FR\",\"potentialAction\":[{\"@type\":\"ReadAction\",\"target\":[\"https:\/\/www.bymycar.be\/webzine\/meilleur-utilitaire-mercedes-lequel-choisir-pour-votre-activite-professionnelle\/\"]}]},{\"@type\":\"BreadcrumbList\",\"@id\":\"https:\/\/www.bymycar.be\/webzine\/meilleur-utilitaire-mercedes-lequel-choisir-pour-votre-activite-professionnelle\/#breadcrumb\",\"itemListElement\":[{\"@type\":\"ListItem\",\"position\":1,\"name\":\"Accueil\",\"item\":\"https:\/\/www.bymycar.be\/webzine\/\"},{\"@type\":\"ListItem\",\"position\":2,\"name\":\"Meilleur utilitaire Mercedes : lequel choisir pour votre activit\u00e9 professionnelle ?\"}]},{\"@type\":\"WebSite\",\"@id\":\"https:\/\/www.bymycar.be\/webzine\/nl\/#website\",\"url\":\"https:\/\/www.bymycar.be\/webzine\/nl\/\",\"name\":\"Webzine | BYmyCAR\",\"description\":\"_Le webzine auto de\",\"publisher\":{\"@id\":\"https:\/\/www.bymycar.be\/webzine\/nl\/#organization\"},\"potentialAction\":[{\"@type\":\"SearchAction\",\"target\":{\"@type\":\"EntryPoint\",\"urlTemplate\":\"https:\/\/www.bymycar.be\/webzine\/nl\/?s={search_term_string}\"},\"query-input\":{\"@type\":\"PropertyValueSpecification\",\"valueRequired\":true,\"valueName\":\"search_term_string\"}}],\"inLanguage\":\"fr-FR\"},{\"@type\":\"Organization\",\"@id\":\"https:\/\/www.bymycar.be\/webzine\/nl\/#organization\",\"name\":\"Webzine | BYmyCAR\",\"url\":\"https:\/\/www.bymycar.be\/webzine\/nl\/\",\"logo\":{\"@type\":\"ImageObject\",\"inLanguage\":\"fr-FR\",\"@id\":\"https:\/\/www.bymycar.be\/webzine\/nl\/#\/schema\/logo\/image\/\",\"url\":\"https:\/\/cdn.bymycar.eu\/be-webzine\/wp-content\/uploads\/2024\/11\/20203047\/logo.png\",\"contentUrl\":\"https:\/\/cdn.bymycar.eu\/be-webzine\/wp-content\/uploads\/2024\/11\/20203047\/logo.png\",\"width\":1280,\"height\":512,\"caption\":\"Webzine | BYmyCAR\"},\"image\":{\"@id\":\"https:\/\/www.bymycar.be\/webzine\/nl\/#\/schema\/logo\/image\/\"},\"sameAs\":[\"https:\/\/www.facebook.com\/BYmyCAR.officiel\/\",\"https:\/\/www.instagram.com\/bymycar.officiel\/\"]},{\"@type\":\"Person\",\"@id\":\"https:\/\/www.bymycar.be\/webzine\/nl\/#\/schema\/person\/62e6ba497b0835d16ce47e28f2f08327\",\"name\":\"Lola Vieira Da Silva\",\"image\":{\"@type\":\"ImageObject\",\"inLanguage\":\"fr-FR\",\"@id\":\"https:\/\/www.bymycar.be\/webzine\/nl\/#\/schema\/person\/image\/\",\"url\":\"https:\/\/secure.gravatar.com\/avatar\/8d491122de3cbfd87e645bbdbd392d04626ebb95f4929de9cc1231399984b34b?s=96&d=mm&r=g\",\"contentUrl\":\"https:\/\/secure.gravatar.com\/avatar\/8d491122de3cbfd87e645bbdbd392d04626ebb95f4929de9cc1231399984b34b?s=96&d=mm&r=g\",\"caption\":\"Lola Vieira Da Silva\"}}]}<\/script>\n<!-- \/ Yoast SEO Premium plugin. -->","yoast_head_json":{"title":"Meilleur utilitaire Mercedes : lequel choisir pour votre activit\u00e9 professionnelle ? - Webzine BE | BYmyCAR","robots":{"index":"index","follow":"follow","max-snippet":"max-snippet:-1","max-image-preview":"max-image-preview:large","max-video-preview":"max-video-preview:-1"},"canonical":"https:\/\/www.bymycar.be\/webzine\/meilleur-utilitaire-mercedes-lequel-choisir-pour-votre-activite-professionnelle\/","og_locale":"fr_FR","og_type":"article","og_title":"Meilleur utilitaire Mercedes : lequel choisir pour votre activit\u00e9 professionnelle ?","og_url":"https:\/\/www.bymycar.be\/webzine\/meilleur-utilitaire-mercedes-lequel-choisir-pour-votre-activite-professionnelle\/","og_site_name":"Webzine BE | BYmyCAR","article_publisher":"https:\/\/www.facebook.com\/BYmyCAR.officiel\/","article_published_time":"2025-07-18T13:31:38+00:00","article_modified_time":"2025-07-21T07:58:37+00:00","author":"Lola Vieira Da Silva","twitter_card":"summary_large_image","twitter_misc":{"\u00c9crit par":"Lola Vieira Da Silva"},"schema":{"@context":"https:\/\/schema.org","@graph":[{"@type":"Article","@id":"https:\/\/www.bymycar.be\/webzine\/meilleur-utilitaire-mercedes-lequel-choisir-pour-votre-activite-professionnelle\/#article","isPartOf":{"@id":"https:\/\/www.bymycar.be\/webzine\/meilleur-utilitaire-mercedes-lequel-choisir-pour-votre-activite-professionnelle\/"},"author":{"name":"Lola Vieira Da Silva","@id":"https:\/\/www.bymycar.be\/webzine\/nl\/#\/schema\/person\/62e6ba497b0835d16ce47e28f2f08327"},"headline":"Meilleur utilitaire Mercedes : lequel choisir pour votre activit\u00e9 professionnelle ?","datePublished":"2025-07-18T13:31:38+00:00","dateModified":"2025-07-21T07:58:37+00:00","mainEntityOfPage":{"@id":"https:\/\/www.bymycar.be\/webzine\/meilleur-utilitaire-mercedes-lequel-choisir-pour-votre-activite-professionnelle\/"},"wordCount":9,"publisher":{"@id":"https:\/\/www.bymycar.be\/webzine\/nl\/#organization"},"articleSection":["Choisir sa Mercedes","Conseils et Astuces"],"inLanguage":"fr-FR"},{"@type":"WebPage","@id":"https:\/\/www.bymycar.be\/webzine\/meilleur-utilitaire-mercedes-lequel-choisir-pour-votre-activite-professionnelle\/","url":"https:\/\/www.bymycar.be\/webzine\/meilleur-utilitaire-mercedes-lequel-choisir-pour-votre-activite-professionnelle\/","name":"Meilleur utilitaire Mercedes : lequel choisir pour votre activit\u00e9 professionnelle ? - Webzine BE | BYmyCAR","isPartOf":{"@id":"https:\/\/www.bymycar.be\/webzine\/nl\/#website"},"datePublished":"2025-07-18T13:31:38+00:00","dateModified":"2025-07-21T07:58:37+00:00","breadcrumb":{"@id":"https:\/\/www.bymycar.be\/webzine\/meilleur-utilitaire-mercedes-lequel-choisir-pour-votre-activite-professionnelle\/#breadcrumb"},"inLanguage":"fr-FR","potentialAction":[{"@type":"ReadAction","target":["https:\/\/www.bymycar.be\/webzine\/meilleur-utilitaire-mercedes-lequel-choisir-pour-votre-activite-professionnelle\/"]}]},{"@type":"BreadcrumbList","@id":"https:\/\/www.bymycar.be\/webzine\/meilleur-utilitaire-mercedes-lequel-choisir-pour-votre-activite-professionnelle\/#breadcrumb","itemListElement":[{"@type":"ListItem","position":1,"name":"Accueil","item":"https:\/\/www.bymycar.be\/webzine\/"},{"@type":"ListItem","position":2,"name":"Meilleur utilitaire Mercedes : lequel choisir pour votre activit\u00e9 professionnelle ?"}]},{"@type":"WebSite","@id":"https:\/\/www.bymycar.be\/webzine\/nl\/#website","url":"https:\/\/www.bymycar.be\/webzine\/nl\/","name":"Webzine | BYmyCAR","description":"_Le webzine auto de","publisher":{"@id":"https:\/\/www.bymycar.be\/webzine\/nl\/#organization"},"potentialAction":[{"@type":"SearchAction","target":{"@type":"EntryPoint","urlTemplate":"https:\/\/www.bymycar.be\/webzine\/nl\/?s={search_term_string}"},"query-input":{"@type":"PropertyValueSpecification","valueRequired":true,"valueName":"search_term_string"}}],"inLanguage":"fr-FR"},{"@type":"Organization","@id":"https:\/\/www.bymycar.be\/webzine\/nl\/#organization","name":"Webzine | BYmyCAR","url":"https:\/\/www.bymycar.be\/webzine\/nl\/","logo":{"@type":"ImageObject","inLanguage":"fr-FR","@id":"https:\/\/www.bymycar.be\/webzine\/nl\/#\/schema\/logo\/image\/","url":"https:\/\/cdn.bymycar.eu\/be-webzine\/wp-content\/uploads\/2024\/11\/20203047\/logo.png","contentUrl":"https:\/\/cdn.bymycar.eu\/be-webzine\/wp-content\/uploads\/2024\/11\/20203047\/logo.png","width":1280,"height":512,"caption":"Webzine | BYmyCAR"},"image":{"@id":"https:\/\/www.bymycar.be\/webzine\/nl\/#\/schema\/logo\/image\/"},"sameAs":["https:\/\/www.facebook.com\/BYmyCAR.officiel\/","https:\/\/www.instagram.com\/bymycar.officiel\/"]},{"@type":"Person","@id":"https:\/\/www.bymycar.be\/webzine\/nl\/#\/schema\/person\/62e6ba497b0835d16ce47e28f2f08327","name":"Lola Vieira Da Silva","image":{"@type":"ImageObject","inLanguage":"fr-FR","@id":"https:\/\/www.bymycar.be\/webzine\/nl\/#\/schema\/person\/image\/","url":"https:\/\/secure.gravatar.com\/avatar\/8d491122de3cbfd87e645bbdbd392d04626ebb95f4929de9cc1231399984b34b?s=96&d=mm&r=g","contentUrl":"https:\/\/secure.gravatar.com\/avatar\/8d491122de3cbfd87e645bbdbd392d04626ebb95f4929de9cc1231399984b34b?s=96&d=mm&r=g","caption":"Lola Vieira Da Silva"}}]}},"_links":{"self":[{"href":"https:\/\/www.bymycar.be\/webzine\/wp-json\/wp\/v2\/posts\/4823","targetHints":{"allow":["GET"]}}],"collection":[{"href":"https:\/\/www.bymycar.be\/webzine\/wp-json\/wp\/v2\/posts"}],"about":[{"href":"https:\/\/www.bymycar.be\/webzine\/wp-json\/wp\/v2\/types\/post"}],"author":[{"embeddable":true,"href":"https:\/\/www.bymycar.be\/webzine\/wp-json\/wp\/v2\/users\/14"}],"replies":[{"embeddable":true,"href":"https:\/\/www.bymycar.be\/webzine\/wp-json\/wp\/v2\/comments?post=4823"}],"version-history":[{"count":4,"href":"https:\/\/www.bymycar.be\/webzine\/wp-json\/wp\/v2\/posts\/4823\/revisions"}],"predecessor-version":[{"id":4864,"href":"https:\/\/www.bymycar.be\/webzine\/wp-json\/wp\/v2\/posts\/4823\/revisions\/4864"}],"wp:attachment":[{"href":"https:\/\/www.bymycar.be\/webzine\/wp-json\/wp\/v2\/media?parent=4823"}],"wp:term":[{"taxonomy":"category","embeddable":true,"href":"https:\/\/www.bymycar.be\/webzine\/wp-json\/wp\/v2\/categories?post=4823"},{"taxonomy":"post_tag","embeddable":true,"href":"https:\/\/www.bymycar.be\/webzine\/wp-json\/wp\/v2\/tags?post=4823"}],"curies":[{"name":"wp","href":"https:\/\/api.w.org\/{rel}","templated":true}]}}