{"id":4722,"date":"2025-07-11T16:33:45","date_gmt":"2025-07-11T14:33:45","guid":{"rendered":"https:\/\/www.bymycar.be\/webzine\/?p=4722"},"modified":"2025-07-15T10:32:04","modified_gmt":"2025-07-15T08:32:04","slug":"comment-sont-fabriquees-les-jantes-mercedes-amg","status":"publish","type":"post","link":"https:\/\/www.bymycar.be\/webzine\/comment-sont-fabriquees-les-jantes-mercedes-amg\/","title":{"rendered":"Comment sont fabriqu\u00e9es les jantes Mercedes-AMG ?"},"content":{"rendered":"","protected":false},"excerpt":{"rendered":"","protected":false},"author":14,"featured_media":0,"comment_status":"closed","ping_status":"closed","sticky":false,"template":"","format":"standard","meta":{"_acf_changed":false,"footnotes":""},"categories":[1350,1437],"tags":[],"class_list":["post-4722","post","type-post","status-publish","format-standard","hentry","category-conseils-et-astuces","category-entretien-mercedes"],"acf":{"image":{"ID":4724,"id":4724,"title":"Mercedes12-110725","filename":"Mercedes12-110725-scaled.jpg","filesize":342929,"url":"https:\/\/cdn.bymycar.eu\/be-webzine\/wp-content\/uploads\/2025\/07\/11163243\/Mercedes12-110725-scaled.jpg","link":"https:\/\/www.bymycar.be\/webzine\/comment-sont-fabriquees-les-jantes-mercedes-amg\/mercedes12-110725\/","alt":"SUV Mercedes GLC noir","author":"14","description":"","caption":"","name":"mercedes12-110725","status":"inherit","uploaded_to":4722,"date":"2025-07-11 14:32:35","modified":"2025-07-11 14:32:58","menu_order":0,"mime_type":"image\/jpeg","type":"image","subtype":"jpeg","icon":"https:\/\/www.bymycar.be\/webzine\/wp-includes\/images\/media\/default.png","width":2560,"height":1708,"sizes":{"thumbnail":"https:\/\/cdn.bymycar.eu\/be-webzine\/wp-content\/uploads\/2025\/07\/11163243\/Mercedes12-110725-150x150.jpg","thumbnail-width":150,"thumbnail-height":150,"medium":"https:\/\/cdn.bymycar.eu\/be-webzine\/wp-content\/uploads\/2025\/07\/11163243\/Mercedes12-110725-300x200.jpg","medium-width":300,"medium-height":200,"medium_large":"https:\/\/cdn.bymycar.eu\/be-webzine\/wp-content\/uploads\/2025\/07\/11163243\/Mercedes12-110725-768x513.jpg","medium_large-width":768,"medium_large-height":513,"large":"https:\/\/cdn.bymycar.eu\/be-webzine\/wp-content\/uploads\/2025\/07\/11163243\/Mercedes12-110725-1024x683.jpg","large-width":1024,"large-height":683,"1536x1536":"https:\/\/cdn.bymycar.eu\/be-webzine\/wp-content\/uploads\/2025\/07\/11163243\/Mercedes12-110725-1536x1025.jpg","1536x1536-width":1536,"1536x1536-height":1025,"2048x2048":"https:\/\/cdn.bymycar.eu\/be-webzine\/wp-content\/uploads\/2025\/07\/11163243\/Mercedes12-110725-2048x1367.jpg","2048x2048-width":2048,"2048x2048-height":1367}},"introduction":"<p>Vous \u00eates-vous d\u00e9j\u00e0 demand\u00e9 comment les mythiques jantes <strong>AMG<\/strong> sont fabriqu\u00e9es ? Symboles d&rsquo;excellence et de performance, ces chefs-d&rsquo;\u0153uvre d&rsquo;ing\u00e9nierie sont le fruit d&rsquo;un processus de fabrication ultra-sophistiqu\u00e9.\u00a0<strong>Mercedes-AMG<\/strong> repousse encore les limites avec des innovations r\u00e9volutionnaires dans la conception de ses jantes. Du choix des alliages haute performance aux techniques de forge avanc\u00e9es, en passant par les derni\u00e8res technologies d&rsquo;optimisation a\u00e9rodynamique, d\u00e9couvrez les secrets de fabrication qui font la r\u00e9putation mondiale des jantes <strong>AMG<\/strong>.<\/p>\n","add-to-bo":false,"page_content":{"block_content":[{"acf_fc_layout":"text-simple","--nav":{"-withNav":false,"-ancre":""},"--group":{"-text":"<h2>L&rsquo;histoire d&rsquo;AMG : qui fabrique les jantes de l\u00e9gende ?<\/h2>\n<h3><strong>Qu&rsquo;est-ce que signifie AMG pour Mercedes ?<\/strong><\/h3>\n<p>Savez-vous ce que repr\u00e9sentent vraiment ces trois lettres mythiques que vous apercevez sur les <strong>mod\u00e8les<\/strong> les plus prestigieux de <strong>Mercedes<\/strong> ? AMG tire son nom des initiales de ses fondateurs Hans Werner <strong>Aufrecht<\/strong> et Erhard <strong>Melcher<\/strong>, ainsi que de <strong>Gro\u00dfaspach<\/strong>, ville natale d&rsquo;Aufrecht. Ces deux ing\u00e9nieurs passionn\u00e9s ont cr\u00e9\u00e9 en 1967 leur propre soci\u00e9t\u00e9 sp\u00e9cialis\u00e9e dans la pr\u00e9paration des <strong>voitures<\/strong> Mercedes-Benz. Une aventure unique qui a d\u00e9but\u00e9 dans un modeste atelier pour devenir aujourd&rsquo;hui la signature des <strong>pi\u00e8ces d&rsquo;origine<\/strong> les plus performantes du constructeur \u00e0 l&rsquo;\u00e9toile. Rachet\u00e9e par Mercedes-Benz en 1999, AMG perp\u00e9tue sa philosophie d&rsquo;excellence artisanale avec sa c\u00e9l\u00e8bre devise \u00ab\u00a0Un homme, un moteur\u00a0\u00bb.<\/p>\n<p>&nbsp;<\/p>\n<h3><strong>Les origines de la fabrication des jantes AMG<\/strong><\/h3>\n<p>D\u00e8s 1975, l&rsquo;atelier d&rsquo;Affalterbach se distingue par ses premi\u00e8res <strong>jantes en aluminium<\/strong> sur mesure. Vous retrouvez dans ces cr\u00e9ations originelles l&rsquo;ADN des jantes AMG actuelles : un design audacieux coupl\u00e9 \u00e0 un <strong>ajustement parfait<\/strong> pour optimiser les performances.<\/p>\n<p>Les ing\u00e9nieurs d\u00e9veloppent alors une expertise unique dans le travail des alliages l\u00e9gers, \u00e9tablissant de nouveaux standards pour l&rsquo;industrie. La Mercedes 190 (W201) des ann\u00e9es 1980 marque un tournant : ses jantes, souvent modifi\u00e9es par des pr\u00e9parateurs pour \u00eatre plus larges et plus l\u00e9g\u00e8res, ont influenc\u00e9 une g\u00e9n\u00e9ration. Cette qu\u00eate d&rsquo;excellence technique forge la r\u00e9putation mondiale d&rsquo;AMG dans la conception des jantes hautes performances.<\/p>\n<p>&nbsp;<\/p>\n<h2>Les processus de fabrication innovants<\/h2>\n<h3><strong>Comment reconna\u00eetre une v\u00e9ritable jante AMG ?<\/strong><\/h3>\n<p>Vous souhaitez acqu\u00e9rir des <strong>roues compl\u00e8tes<\/strong> AMG mais vous vous interrogez sur leur authenticit\u00e9 ? Commencez par examiner le marquage : une v\u00e9ritable jante AMG arbore syst\u00e9matiquement un num\u00e9ro de s\u00e9rie unique grav\u00e9 sur la face int\u00e9rieure. Observez ensuite la finition : les <strong>produits<\/strong> authentiques pr\u00e9sentent une qualit\u00e9 de moulage irr\u00e9prochable, sans bavures ni imperfections.<\/p>\n<p>Le logo AMG, subtilement int\u00e9gr\u00e9 dans le design, doit \u00eatre parfaitement net et align\u00e9. Les surfaces usin\u00e9es r\u00e9v\u00e8lent une pr\u00e9cision millim\u00e9trique, notamment au niveau des branches et du voile. Un dernier d\u00e9tail qui ne trompe pas : le poids optimis\u00e9 de la jante, r\u00e9sultat d&rsquo;une conception haute performance exclusive \u00e0 Mercedes-AMG.<\/p>\n<p>&nbsp;<\/p>\n<h3><strong>La technologie de forge avanc\u00e9e<\/strong><\/h3>\n<p>Comment les ing\u00e9nieurs AMG parviennent-ils \u00e0 cr\u00e9er des jantes \u00e0 la fois ultra-l\u00e9g\u00e8res et exceptionnellement r\u00e9sistantes ? La r\u00e9ponse se trouve dans leur <strong>technologie de forge avanc\u00e9e<\/strong> exclusive. Vous d\u00e9couvrirez que le processus d\u00e9bute par un bloc d&rsquo;aluminium de qualit\u00e9 a\u00e9rospatiale, compress\u00e9 sous une pression colossale de 8000 tonnes, cr\u00e9ant une structure mol\u00e9culaire plus dense.<\/p>\n<p>Cette compression extr\u00eame, associ\u00e9e \u00e0 un contr\u00f4le thermique de pr\u00e9cision (temp\u00e9rature \u00e0 v\u00e9rifier), permet d&rsquo;obtenir des avantages uniques : une r\u00e9duction de poids significative et une augmentation de la r\u00e9sistance \u00e0 la torsion. Pour toute question technique, n&rsquo;h\u00e9sitez pas \u00e0 nous contacter par <strong>E-mail<\/strong>.<\/p>\n<p>&nbsp;<\/p>\n<h3><strong>Le moulage sous pression de pr\u00e9cision<\/strong><\/h3>\n<p>La ma\u00eetrise du <strong>moulage sous pression<\/strong> repr\u00e9sente l&rsquo;une des innovations majeures d&rsquo;AMG en 2025. Cette technique r\u00e9volutionnaire permet d&rsquo;injecter l&rsquo;aluminium en fusion dans les moules \u00e0 une pression spectaculaire de <strong>175 MPa<\/strong>, soit pr\u00e8s de 1750 fois la pression atmosph\u00e9rique. Vous appr\u00e9cierez la pr\u00e9cision exceptionnelle obtenue gr\u00e2ce \u00e0 ce processus, garantissant une tol\u00e9rance dimensionnelle inf\u00e9rieure \u00e0 <strong>0,1 mm<\/strong>.<\/p>\n<p>Le contr\u00f4le ultra-pr\u00e9cis de la temp\u00e9rature, maintenue \u00e0 <strong>700\u00b0C<\/strong>, combin\u00e9 \u00e0 un refroidissement progressif orchestr\u00e9 par intelligence artificielle, assure une structure mol\u00e9culaire parfaitement homog\u00e8ne. Cette ma\u00eetrise technologique permet d&rsquo;obtenir des jantes aux propri\u00e9t\u00e9s m\u00e9caniques sup\u00e9rieures, avec une r\u00e9sistance accrue aux contraintes routi\u00e8res et une dur\u00e9e de vie optimis\u00e9e.<\/p>\n<p>&nbsp;<\/p>\n<h2>Les mat\u00e9riaux haute performance<\/h2>\n<h3><strong>L&rsquo;alliage exclusif Mercedes-AMG<\/strong><\/h3>\n<p>Quels secrets se cachent derri\u00e8re la composition des alliages Mercedes-AMG ? Vous d\u00e9couvrirez que les jantes AMG utilisent un <strong>alliage d&rsquo;aluminium s\u00e9rie 6000<\/strong> enrichi au silicium et au magn\u00e9sium. Cette formulation exclusive offre un rapport r\u00e9sistance\/poids optimal, avec une densit\u00e9 de seulement <strong>2,7 g\/cm\u00b3<\/strong>.<\/p>\n<p>L&rsquo;ajout de <strong>titane<\/strong> et de <strong>scandium<\/strong> dans des proportions millim\u00e9triques renforce la structure mol\u00e9culaire. Les ing\u00e9nieurs AMG ont d\u00e9velopp\u00e9 une m\u00e9thode de traitement thermique \u00e0 <strong>540\u00b0C<\/strong> qui augmente la duret\u00e9 Brinell de 30%. Cette composition unique permet aux jantes de r\u00e9sister \u00e0 des contraintes lat\u00e9rales sup\u00e9rieures \u00e0 <strong>1200 kg<\/strong> tout en conservant leur g\u00e9om\u00e9trie parfaite.<\/p>\n<p>&nbsp;<\/p>\n<h3><strong>Les traitements de surface innovants<\/strong><\/h3>\n<p>Les jantes Mercedes-AMG b\u00e9n\u00e9ficient d&rsquo;un <strong>traitement multi-couches<\/strong> r\u00e9volutionnaire en 2025. La premi\u00e8re phase applique une base de conversion chimique au <strong>zirconium<\/strong>, plus \u00e9cologique que les traitements traditionnels au chrome. Un rev\u00eatement nano-c\u00e9ramique est ensuite pulv\u00e9ris\u00e9 \u00e0 <strong>1200\u00b0C<\/strong>, cr\u00e9ant une barri\u00e8re protectrice de seulement <strong>40 microns<\/strong>.<\/p>\n<p>La finition exclusive <strong>Diamond Cut<\/strong> combine un usinage de pr\u00e9cision et une anodisation profonde de <strong>25 microns<\/strong>. Cette technologie brevet\u00e9e offre une r\u00e9sistance exceptionnelle aux rayures et \u00e0 la corrosion, m\u00eame dans les conditions les plus extr\u00eames. Les tests en brouillard salin d\u00e9montrent une bonne protection contre la corrosion.<\/p>\n<p>&nbsp;<\/p>\n<h2>Les dimensions embl\u00e9matiques Mercedes<\/h2>\n<h3><strong>Mercedes 19 pouces origine : le standard sportif<\/strong><\/h3>\n<p>Pourquoi les jantes <strong>19 pouces<\/strong> sont-elles devenues la r\u00e9f\u00e9rence en mati\u00e8re de sportivit\u00e9 chez Mercedes-AMG ? Vous appr\u00e9cierez leur polyvalence unique, offrant un \u00e9quilibre optimal entre performances dynamiques et confort quotidien. Ces jantes sont con\u00e7ues avec un ratio largeur\/diam\u00e8tre de <strong>8,5 x 19 pouces<\/strong> \u00e0 l&rsquo;avant et <strong>9,5 x 19 pouces<\/strong> \u00e0 l&rsquo;arri\u00e8re, garantissant une tenue de route exemplaire.<\/p>\n<p>La g\u00e9om\u00e9trie sp\u00e9cifique des branches, associ\u00e9e \u00e0 un d\u00e9port (<strong>ET<\/strong>) de 35 mm, permet d&rsquo;abaisser les masses non suspendues. Cette configuration assure une r\u00e9activit\u00e9 accrue dans les changements d&rsquo;appui, tout en pr\u00e9servant un niveau d&rsquo;absorption des irr\u00e9gularit\u00e9s routi\u00e8res remarquable.<\/p>\n<p>&nbsp;<\/p>\n<h3><strong>Mercedes 20 pouces origine : l&rsquo;excellence grand format<\/strong><\/h3>\n<p>Que recherchez-vous en optant pour des jantes <strong>20 pouces<\/strong> Mercedes-AMG ? Ces roues grand format vous offrent une pr\u00e9sence visuelle incomparable avec leur design imposant et leur finition <strong>Diamond Cut<\/strong> exclusive. La configuration optimale associe des jantes avant de <strong>9,5 x 20 pouces<\/strong> \u00e0 des jantes arri\u00e8re de <strong>10,5 x 20 pouces<\/strong>, maximisant l&rsquo;adh\u00e9rence en virage.<\/p>\n<p>L&rsquo;architecture sp\u00e9cifique des branches en <strong>Y<\/strong> permet une ventilation optimale des freins, tandis que la g\u00e9om\u00e9trie variable assure une r\u00e9partition id\u00e9ale des masses. Vous b\u00e9n\u00e9ficiez d&rsquo;une stabilit\u00e9 accrue \u00e0 haute vitesse gr\u00e2ce au profil a\u00e9rodynamique \u00e9tudi\u00e9 en soufflerie.<\/p>\n<p>&nbsp;<\/p>\n<h3><strong>Jantes 18 pouces occasion : le compromis id\u00e9al<\/strong><\/h3>\n<p>Les <strong>jantes 18 pouces<\/strong> d&rsquo;occasion AMG repr\u00e9sentent une solution \u00e9quilibr\u00e9e entre performance et budget ma\u00eetris\u00e9. Leur design compact optimise la r\u00e9ponse dynamique tout en pr\u00e9servant un excellent confort routier, notamment gr\u00e2ce \u00e0 leur ratio <strong>pneu\/jante<\/strong> plus g\u00e9n\u00e9reux.<\/p>\n<p>Un atout majeur de ces roues r\u00e9side dans leur polyvalence unique : leur configuration standard en <strong>8 x 18 pouces<\/strong> s&rsquo;adapte parfaitement aux mod\u00e8les Mercedes r\u00e9cents, tandis que leur poids contenu am\u00e9liore l&rsquo;agilit\u00e9 du v\u00e9hicule. Le march\u00e9 de l&rsquo;occasion vous offre un acc\u00e8s \u00e0 ces jantes authentiques AMG \u00e0 des tarifs attractifs, avec des \u00e9conomies pouvant atteindre <strong>40%<\/strong> par rapport au neuf.<\/p>\n<p>&nbsp;<\/p>\n<p>&nbsp;<\/p>\n<p style=\"text-align: center;\"><a href=\"https:\/\/www.bymycar.be\/fr\/v\/mercedes\" target=\"_blank\" class=\"css-button css-button--gold\" >\n                D\u00e9couvrez tous nos v\u00e9hicules Mercedes en stock\n        <\/a><\/p>\n<p>&nbsp;<\/p>\n<p>&nbsp;<\/p>\n<h2>Les innovations technologiques 2025<\/h2>\n<h3><strong>L&rsquo;optimisation a\u00e9rodynamique<\/strong><\/h3>\n<p>Les ing\u00e9nieurs AMG r\u00e9volutionnent l&rsquo;a\u00e9rodynamisme des jantes en 2025 avec leur technologie <strong>Flow-Forming<\/strong>. Comment ces innovations vous permettent-elles de gagner en efficience ? Les nouvelles jantes int\u00e8grent des \u00e9l\u00e9ments a\u00e9rodynamiques qui s&rsquo;adaptent \u00e0 la vitesse, r\u00e9duisant la tra\u00een\u00e9e.<\/p>\n<p>La g\u00e9om\u00e9trie variable des branches, fruit de <strong>2500 heures<\/strong> de simulation num\u00e9rique, optimise les flux d&rsquo;air autour des roues. Vous b\u00e9n\u00e9ficiez d&rsquo;une r\u00e9duction de consommation gr\u00e2ce aux d\u00e9flecteurs actifs int\u00e9gr\u00e9s. Cette technologie brevet\u00e9e s&rsquo;accompagne d&rsquo;un syst\u00e8me de refroidissement intelligent qui r\u00e9gule la temp\u00e9rature des freins via des canaux d&rsquo;air \u00e0 section variable.<\/p>\n<p>&nbsp;<\/p>\n<h3><strong>La r\u00e9duction du poids<\/strong><\/h3>\n<p>Quels b\u00e9n\u00e9fices vous apporte la nouvelle g\u00e9n\u00e9ration de jantes AMG ultra-l\u00e9g\u00e8res ? Les ing\u00e9nieurs ont d\u00e9velopp\u00e9 un proc\u00e9d\u00e9 qui permet d&rsquo;obtenir des jantes plus l\u00e9g\u00e8res que les mod\u00e8les traditionnels. Cette technologie exclusive utilise un alliage d&rsquo;aluminium-lithium travaill\u00e9 \u00e0 <strong>1100\u00b0C<\/strong> sous atmosph\u00e8re contr\u00f4l\u00e9e.<\/p>\n<p>Les structures internes en nid d&rsquo;abeille, invisibles de l&rsquo;ext\u00e9rieur, maximisent la rigidit\u00e9 tout en minimisant la masse. Vous profitez d&rsquo;une r\u00e9duction significative des masses non suspendues, am\u00e9liorant la r\u00e9activit\u00e9 et le comportement dynamique de votre v\u00e9hicule. La g\u00e9om\u00e9trie biomim\u00e9tique des branches, inspir\u00e9e des structures naturelles, combine r\u00e9sistance optimale et l\u00e9g\u00e8ret\u00e9 extr\u00eame gr\u00e2ce \u00e0 une r\u00e9partition intelligente de la mati\u00e8re.<\/p>\n<p>&nbsp;<\/p>\n<h3><strong>Les nouveaux designs A45 origine<\/strong><\/h3>\n<p>La nouvelle <strong>A45 AMG<\/strong> 2025 r\u00e9invente les codes esth\u00e9tiques avec sa gamme de jantes signature. Avez-vous remarqu\u00e9 les subtils d\u00e9tails qui distinguent le design <strong>SPEEDSHIFT<\/strong> ? Les branches asym\u00e9triques, sculpt\u00e9es dans la masse, cr\u00e9ent un effet de mouvement m\u00eame \u00e0 l&rsquo;arr\u00eat. Mercedes-AMG propose trois finitions exclusives : <strong>Titanium Black<\/strong>, <strong>Polished Ceramic<\/strong> et <strong>Night Edition<\/strong>.<\/p>\n<p>Les motifs en <strong>Y dynamique<\/strong> s&rsquo;inspirent des turbines a\u00e9ronautiques, tandis que la finition bicolore met en valeur chaque courbe avec un jeu d&rsquo;ombre et de lumi\u00e8re. La personnalisation atteint son apog\u00e9e avec le programme <strong>AMG Performance Studio<\/strong>, o\u00f9 votre signature personnelle peut \u00eatre grav\u00e9e discr\u00e8tement sur le rebord de la jante.<\/p>\n<p>&nbsp;<\/p>\n<h2>Performance et s\u00e9curit\u00e9<\/h2>\n<h3><strong>Tests et certifications Mercedes-Benz<\/strong><\/h3>\n<p>Savez-vous que chaque jante AMG subit plus de <strong>nombreux tests<\/strong> diff\u00e9rents avant d&rsquo;\u00eatre homologu\u00e9e ? La batterie d&rsquo;\u00e9preuves commence par un scan 3D ultra-pr\u00e9cis v\u00e9rifiant 150 points de mesure au micron pr\u00e8s. Vos jantes sont ensuite soumises \u00e0 des cycles thermiques extr\u00eames, alternant entre <strong>-40\u00b0C<\/strong> et <strong>+80\u00b0C<\/strong>.<\/p>\n<p>Le banc d&rsquo;essai Mercedes-Benz Certified simule une utilisation intensive en conditions r\u00e9elles. Les roues subissent des chocs radiaux \u00e9quivalents \u00e0 10 ans de nids-de-poule, tandis que des contraintes lat\u00e9rales reproduisent les virages les plus serr\u00e9s. Seules les jantes ayant pass\u00e9 l&rsquo;int\u00e9gralit\u00e9 des tests avec succ\u00e8s re\u00e7oivent la certification <strong>AMG Performance<\/strong>, gage ultime de qualit\u00e9 et de s\u00e9curit\u00e9.<\/p>\n<p>&nbsp;<\/p>\n<h3><strong>R\u00e9sistance et durabilit\u00e9<\/strong><\/h3>\n<p>La r\u00e9sistance l\u00e9gendaire des jantes AMG repose sur une structure mol\u00e9culaire ultra-dense obtenue par <strong>compression isostatique \u00e0 chaud<\/strong>. Cette technologie garantit une r\u00e9sistance aux impacts \u00e9lev\u00e9e.<\/p>\n<p>Les ing\u00e9nieurs d&rsquo;Affalterbach ont d\u00e9velopp\u00e9 un rev\u00eatement c\u00e9ramique multicouche qui prot\u00e8ge vos jantes contre l&rsquo;usure quotidienne. Sa formulation brevet\u00e9e associe des nanoparticules de <strong>zirconium<\/strong> et d&rsquo;<strong>alumine<\/strong> pour une durabilit\u00e9 accrue. Vous b\u00e9n\u00e9ficiez ainsi d&rsquo;une protection optimale contre la corrosion et les micro-rayures pendant plus de <strong>8 ans<\/strong>, sans alt\u00e9ration des performances.<\/p>\n<p>&nbsp;<\/p>\n<h2>Entretien et maintenance<\/h2>\n<h3><strong>Comment pr\u00e9server vos jantes AMG ?<\/strong><\/h3>\n<p>Vous vous demandez comment prot\u00e9ger vos pr\u00e9cieuses jantes AMG au quotidien ? Un nettoyage r\u00e9gulier avec un <strong>produit neutre<\/strong> sp\u00e9cial jantes est indispensable. \u00c9vitez les nettoyeurs haute pression qui risqueraient d&rsquo;endommager le rev\u00eatement protecteur.<\/p>\n<p>Pour un entretien optimal, passez une <strong>cire protectrice<\/strong> tous les trois mois. Cette barri\u00e8re invisible prot\u00e8ge vos jantes des agressions ext\u00e9rieures et facilite les nettoyages futurs. Pensez \u00e9galement \u00e0 inspecter r\u00e9guli\u00e8rement l&rsquo;\u00e9tat des <strong>joints d&rsquo;\u00e9tanch\u00e9it\u00e9<\/strong> entre la jante et le pneu.<\/p>\n<p>En hiver, redoublez de vigilance face au sel de d\u00e9neigement. Un rin\u00e7age hebdomadaire \u00e0 l&rsquo;eau claire et l&rsquo;application d&rsquo;un <strong>spray hydrofuge<\/strong> vous permettront de pr\u00e9server l&rsquo;\u00e9clat de vos jantes AMG saison apr\u00e8s saison.<\/p>\n<p>&nbsp;<\/p>\n<h3><strong>Solutions de r\u00e9paration certifi\u00e9es<\/strong><\/h3>\n<p>Quelles sont les solutions certifi\u00e9es Mercedes-AMG pour r\u00e9parer vos jantes endommag\u00e9es ? Le <a href=\"https:\/\/www.bymycar.be\/fr\/concessions\">r\u00e9seau <strong>BYmyCAR<\/strong> <\/a> vous propose un diagnostic complet r\u00e9alis\u00e9 par des techniciens form\u00e9s aux derni\u00e8res technologies de r\u00e9paration. Notre processus exclusif de <strong>restauration mol\u00e9culaire<\/strong> permet de traiter les rayures profondes et d\u00e9formations jusqu&rsquo;\u00e0 <strong>2,5 mm<\/strong> sans compromettre l&rsquo;int\u00e9grit\u00e9 structurelle.<\/p>\n<p>Les ateliers certifi\u00e9s utilisent un syst\u00e8me de <strong>soudure plasma<\/strong> \u00e0 atmosph\u00e8re contr\u00f4l\u00e9e pour reconstituer les zones fragilis\u00e9es. Chaque intervention est valid\u00e9e par un contr\u00f4le qualit\u00e9 rigoureux incluant tests de r\u00e9sistance et analyse par <strong>rayons X<\/strong>. Vos jantes retrouvent leurs sp\u00e9cifications d&rsquo;origine avec une garantie constructeur pr\u00e9serv\u00e9e.<\/p>\n<p>&nbsp;<\/p>\n<p>&nbsp;<\/p>\n<p>D\u2019autres articles qui pourraient vous int\u00e9resser\u00a0:<\/p>\n<p><a href=\"https:\/\/www.bymycar.be\/webzine\/guide-complet-des-injecteurs-mercedes-modeles-diagnostic-et-solutions\/\">Guide complet des injecteurs Mercedes : mod\u00e8les, diagnostic et solutions<\/a><\/p>\n<p><a href=\"https:\/\/www.bymycar.be\/webzine\/pourquoi-et-quand-changer-le-liquide-de-refroidissement-dune-mercedes\/\">Pourquoi et quand changer le liquide de refroidissement d\u2019une Mercedes ?<\/a><\/p>\n<p><a href=\"https:\/\/www.bymycar.be\/webzine\/comment-entretenir-sa-mercedes-pour-prolonger-sa-duree-de-vie\/\">Comment entretenir sa Mercedes pour prolonger sa dur\u00e9e de vie ?<\/a><\/p>\n<p><a href=\"https:\/\/www.bymycar.be\/webzine\/boite-automatique-mercedes-entretien-pannes-et-solutions\/\">Bo\u00eete automatique Mercedes : entretien, pannes et solutions\u00a0<\/a><\/p>\n<p><a href=\"https:\/\/www.bymycar.be\/webzine\/batterie-de-mercedes-comment-la-choisir-lentretenir-et-la-remplacer\/\">Batterie de Mercedes : comment la choisir, l\u2019entretenir et la remplacer ?<\/a><\/p>\n<p><a href=\"https:\/\/www.bymycar.be\/webzine\/quel-type-de-pare-chocs-choisir-pour-votre-voiture-mercedes\/\">Quel type de pare-chocs choisir pour votre voiture Mercedes ?<\/a><\/p>\n<p><a href=\"https:\/\/www.bymycar.be\/webzine\/quelle-huile-moteur-choisir-pour-une-mercedes-benz\/\">Quelle huile moteur choisir pour une Mercedes-Benz ?<\/a><\/p>\n<p><a href=\"https:\/\/www.bymycar.be\/webzine\/quand-et-comment-changer-les-freins-de-votre-mercedes\/\">Quand et comment changer les freins de votre Mercedes ?<\/a><\/p>\n<p><a href=\"https:\/\/www.bymycar.be\/webzine\/comment-choisir-vos-essuie-glaces-mercedes\/\">Comment choisir vos essuie-glaces Mercedes ?<\/a><\/p>\n<p><a href=\"https:\/\/www.bymycar.be\/webzine\/maintenance-hybride-mercedes-quelles-precautions-prendre-pour-preserver-votre-vehicule\/\">Maintenance hybride Mercedes : quelles pr\u00e9cautions prendre pour pr\u00e9server votre v\u00e9hicule ?<\/a><\/p>\n<p><a href=\"https:\/\/www.bymycar.be\/webzine\/quels-sont-les-meilleurs-accessoires-pour-votre-voiture-mercedes\/\">Quels sont les meilleurs accessoires pour votre voiture Mercedes ?<\/a><\/p>\n"}}]}},"yoast_head":"<!-- This site is optimized with the Yoast SEO Premium plugin v26.4 (Yoast SEO v27.1.1) - https:\/\/yoast.com\/product\/yoast-seo-premium-wordpress\/ -->\n<title>Comment sont fabriqu\u00e9es les jantes Mercedes-AMG ? - Webzine BE | BYmyCAR<\/title>\n<meta name=\"robots\" content=\"index, follow, max-snippet:-1, max-image-preview:large, max-video-preview:-1\" \/>\n<link rel=\"canonical\" href=\"https:\/\/www.bymycar.be\/webzine\/comment-sont-fabriquees-les-jantes-mercedes-amg\/\" \/>\n<meta property=\"og:locale\" content=\"fr_FR\" \/>\n<meta property=\"og:type\" content=\"article\" \/>\n<meta property=\"og:title\" content=\"Comment sont fabriqu\u00e9es les jantes Mercedes-AMG ?\" \/>\n<meta property=\"og:url\" content=\"https:\/\/www.bymycar.be\/webzine\/comment-sont-fabriquees-les-jantes-mercedes-amg\/\" \/>\n<meta property=\"og:site_name\" content=\"Webzine BE | BYmyCAR\" \/>\n<meta property=\"article:publisher\" content=\"https:\/\/www.facebook.com\/BYmyCAR.officiel\/\" \/>\n<meta property=\"article:published_time\" content=\"2025-07-11T14:33:45+00:00\" \/>\n<meta property=\"article:modified_time\" content=\"2025-07-15T08:32:04+00:00\" \/>\n<meta name=\"author\" content=\"Lola Vieira Da Silva\" \/>\n<meta name=\"twitter:card\" content=\"summary_large_image\" \/>\n<meta name=\"twitter:label1\" content=\"\u00c9crit par\" \/>\n\t<meta name=\"twitter:data1\" content=\"Lola Vieira Da Silva\" \/>\n<script type=\"application\/ld+json\" class=\"yoast-schema-graph\">{\"@context\":\"https:\/\/schema.org\",\"@graph\":[{\"@type\":\"Article\",\"@id\":\"https:\/\/www.bymycar.be\/webzine\/comment-sont-fabriquees-les-jantes-mercedes-amg\/#article\",\"isPartOf\":{\"@id\":\"https:\/\/www.bymycar.be\/webzine\/comment-sont-fabriquees-les-jantes-mercedes-amg\/\"},\"author\":{\"name\":\"Lola Vieira Da Silva\",\"@id\":\"https:\/\/www.bymycar.be\/webzine\/nl\/#\/schema\/person\/62e6ba497b0835d16ce47e28f2f08327\"},\"headline\":\"Comment sont fabriqu\u00e9es les jantes Mercedes-AMG ?\",\"datePublished\":\"2025-07-11T14:33:45+00:00\",\"dateModified\":\"2025-07-15T08:32:04+00:00\",\"mainEntityOfPage\":{\"@id\":\"https:\/\/www.bymycar.be\/webzine\/comment-sont-fabriquees-les-jantes-mercedes-amg\/\"},\"wordCount\":7,\"publisher\":{\"@id\":\"https:\/\/www.bymycar.be\/webzine\/nl\/#organization\"},\"articleSection\":[\"Conseils et Astuces\",\"Entretien Mercedes\"],\"inLanguage\":\"fr-FR\"},{\"@type\":\"WebPage\",\"@id\":\"https:\/\/www.bymycar.be\/webzine\/comment-sont-fabriquees-les-jantes-mercedes-amg\/\",\"url\":\"https:\/\/www.bymycar.be\/webzine\/comment-sont-fabriquees-les-jantes-mercedes-amg\/\",\"name\":\"Comment sont fabriqu\u00e9es les jantes Mercedes-AMG ? - Webzine BE | BYmyCAR\",\"isPartOf\":{\"@id\":\"https:\/\/www.bymycar.be\/webzine\/nl\/#website\"},\"datePublished\":\"2025-07-11T14:33:45+00:00\",\"dateModified\":\"2025-07-15T08:32:04+00:00\",\"breadcrumb\":{\"@id\":\"https:\/\/www.bymycar.be\/webzine\/comment-sont-fabriquees-les-jantes-mercedes-amg\/#breadcrumb\"},\"inLanguage\":\"fr-FR\",\"potentialAction\":[{\"@type\":\"ReadAction\",\"target\":[\"https:\/\/www.bymycar.be\/webzine\/comment-sont-fabriquees-les-jantes-mercedes-amg\/\"]}]},{\"@type\":\"BreadcrumbList\",\"@id\":\"https:\/\/www.bymycar.be\/webzine\/comment-sont-fabriquees-les-jantes-mercedes-amg\/#breadcrumb\",\"itemListElement\":[{\"@type\":\"ListItem\",\"position\":1,\"name\":\"Accueil\",\"item\":\"https:\/\/www.bymycar.be\/webzine\/\"},{\"@type\":\"ListItem\",\"position\":2,\"name\":\"Comment sont fabriqu\u00e9es les jantes Mercedes-AMG ?\"}]},{\"@type\":\"WebSite\",\"@id\":\"https:\/\/www.bymycar.be\/webzine\/nl\/#website\",\"url\":\"https:\/\/www.bymycar.be\/webzine\/nl\/\",\"name\":\"Webzine | BYmyCAR\",\"description\":\"_Le webzine auto de\",\"publisher\":{\"@id\":\"https:\/\/www.bymycar.be\/webzine\/nl\/#organization\"},\"potentialAction\":[{\"@type\":\"SearchAction\",\"target\":{\"@type\":\"EntryPoint\",\"urlTemplate\":\"https:\/\/www.bymycar.be\/webzine\/nl\/?s={search_term_string}\"},\"query-input\":{\"@type\":\"PropertyValueSpecification\",\"valueRequired\":true,\"valueName\":\"search_term_string\"}}],\"inLanguage\":\"fr-FR\"},{\"@type\":\"Organization\",\"@id\":\"https:\/\/www.bymycar.be\/webzine\/nl\/#organization\",\"name\":\"Webzine | BYmyCAR\",\"url\":\"https:\/\/www.bymycar.be\/webzine\/nl\/\",\"logo\":{\"@type\":\"ImageObject\",\"inLanguage\":\"fr-FR\",\"@id\":\"https:\/\/www.bymycar.be\/webzine\/nl\/#\/schema\/logo\/image\/\",\"url\":\"https:\/\/cdn.bymycar.eu\/be-webzine\/wp-content\/uploads\/2024\/11\/20203047\/logo.png\",\"contentUrl\":\"https:\/\/cdn.bymycar.eu\/be-webzine\/wp-content\/uploads\/2024\/11\/20203047\/logo.png\",\"width\":1280,\"height\":512,\"caption\":\"Webzine | BYmyCAR\"},\"image\":{\"@id\":\"https:\/\/www.bymycar.be\/webzine\/nl\/#\/schema\/logo\/image\/\"},\"sameAs\":[\"https:\/\/www.facebook.com\/BYmyCAR.officiel\/\",\"https:\/\/www.instagram.com\/bymycar.officiel\/\"]},{\"@type\":\"Person\",\"@id\":\"https:\/\/www.bymycar.be\/webzine\/nl\/#\/schema\/person\/62e6ba497b0835d16ce47e28f2f08327\",\"name\":\"Lola Vieira Da Silva\",\"image\":{\"@type\":\"ImageObject\",\"inLanguage\":\"fr-FR\",\"@id\":\"https:\/\/www.bymycar.be\/webzine\/nl\/#\/schema\/person\/image\/\",\"url\":\"https:\/\/secure.gravatar.com\/avatar\/8d491122de3cbfd87e645bbdbd392d04626ebb95f4929de9cc1231399984b34b?s=96&d=mm&r=g\",\"contentUrl\":\"https:\/\/secure.gravatar.com\/avatar\/8d491122de3cbfd87e645bbdbd392d04626ebb95f4929de9cc1231399984b34b?s=96&d=mm&r=g\",\"caption\":\"Lola Vieira Da Silva\"}}]}<\/script>\n<!-- \/ Yoast SEO Premium plugin. -->","yoast_head_json":{"title":"Comment sont fabriqu\u00e9es les jantes Mercedes-AMG ? - Webzine BE | BYmyCAR","robots":{"index":"index","follow":"follow","max-snippet":"max-snippet:-1","max-image-preview":"max-image-preview:large","max-video-preview":"max-video-preview:-1"},"canonical":"https:\/\/www.bymycar.be\/webzine\/comment-sont-fabriquees-les-jantes-mercedes-amg\/","og_locale":"fr_FR","og_type":"article","og_title":"Comment sont fabriqu\u00e9es les jantes Mercedes-AMG ?","og_url":"https:\/\/www.bymycar.be\/webzine\/comment-sont-fabriquees-les-jantes-mercedes-amg\/","og_site_name":"Webzine BE | BYmyCAR","article_publisher":"https:\/\/www.facebook.com\/BYmyCAR.officiel\/","article_published_time":"2025-07-11T14:33:45+00:00","article_modified_time":"2025-07-15T08:32:04+00:00","author":"Lola Vieira Da Silva","twitter_card":"summary_large_image","twitter_misc":{"\u00c9crit par":"Lola Vieira Da Silva"},"schema":{"@context":"https:\/\/schema.org","@graph":[{"@type":"Article","@id":"https:\/\/www.bymycar.be\/webzine\/comment-sont-fabriquees-les-jantes-mercedes-amg\/#article","isPartOf":{"@id":"https:\/\/www.bymycar.be\/webzine\/comment-sont-fabriquees-les-jantes-mercedes-amg\/"},"author":{"name":"Lola Vieira Da Silva","@id":"https:\/\/www.bymycar.be\/webzine\/nl\/#\/schema\/person\/62e6ba497b0835d16ce47e28f2f08327"},"headline":"Comment sont fabriqu\u00e9es les jantes Mercedes-AMG ?","datePublished":"2025-07-11T14:33:45+00:00","dateModified":"2025-07-15T08:32:04+00:00","mainEntityOfPage":{"@id":"https:\/\/www.bymycar.be\/webzine\/comment-sont-fabriquees-les-jantes-mercedes-amg\/"},"wordCount":7,"publisher":{"@id":"https:\/\/www.bymycar.be\/webzine\/nl\/#organization"},"articleSection":["Conseils et Astuces","Entretien Mercedes"],"inLanguage":"fr-FR"},{"@type":"WebPage","@id":"https:\/\/www.bymycar.be\/webzine\/comment-sont-fabriquees-les-jantes-mercedes-amg\/","url":"https:\/\/www.bymycar.be\/webzine\/comment-sont-fabriquees-les-jantes-mercedes-amg\/","name":"Comment sont fabriqu\u00e9es les jantes Mercedes-AMG ? - Webzine BE | BYmyCAR","isPartOf":{"@id":"https:\/\/www.bymycar.be\/webzine\/nl\/#website"},"datePublished":"2025-07-11T14:33:45+00:00","dateModified":"2025-07-15T08:32:04+00:00","breadcrumb":{"@id":"https:\/\/www.bymycar.be\/webzine\/comment-sont-fabriquees-les-jantes-mercedes-amg\/#breadcrumb"},"inLanguage":"fr-FR","potentialAction":[{"@type":"ReadAction","target":["https:\/\/www.bymycar.be\/webzine\/comment-sont-fabriquees-les-jantes-mercedes-amg\/"]}]},{"@type":"BreadcrumbList","@id":"https:\/\/www.bymycar.be\/webzine\/comment-sont-fabriquees-les-jantes-mercedes-amg\/#breadcrumb","itemListElement":[{"@type":"ListItem","position":1,"name":"Accueil","item":"https:\/\/www.bymycar.be\/webzine\/"},{"@type":"ListItem","position":2,"name":"Comment sont fabriqu\u00e9es les jantes Mercedes-AMG ?"}]},{"@type":"WebSite","@id":"https:\/\/www.bymycar.be\/webzine\/nl\/#website","url":"https:\/\/www.bymycar.be\/webzine\/nl\/","name":"Webzine | BYmyCAR","description":"_Le webzine auto de","publisher":{"@id":"https:\/\/www.bymycar.be\/webzine\/nl\/#organization"},"potentialAction":[{"@type":"SearchAction","target":{"@type":"EntryPoint","urlTemplate":"https:\/\/www.bymycar.be\/webzine\/nl\/?s={search_term_string}"},"query-input":{"@type":"PropertyValueSpecification","valueRequired":true,"valueName":"search_term_string"}}],"inLanguage":"fr-FR"},{"@type":"Organization","@id":"https:\/\/www.bymycar.be\/webzine\/nl\/#organization","name":"Webzine | BYmyCAR","url":"https:\/\/www.bymycar.be\/webzine\/nl\/","logo":{"@type":"ImageObject","inLanguage":"fr-FR","@id":"https:\/\/www.bymycar.be\/webzine\/nl\/#\/schema\/logo\/image\/","url":"https:\/\/cdn.bymycar.eu\/be-webzine\/wp-content\/uploads\/2024\/11\/20203047\/logo.png","contentUrl":"https:\/\/cdn.bymycar.eu\/be-webzine\/wp-content\/uploads\/2024\/11\/20203047\/logo.png","width":1280,"height":512,"caption":"Webzine | BYmyCAR"},"image":{"@id":"https:\/\/www.bymycar.be\/webzine\/nl\/#\/schema\/logo\/image\/"},"sameAs":["https:\/\/www.facebook.com\/BYmyCAR.officiel\/","https:\/\/www.instagram.com\/bymycar.officiel\/"]},{"@type":"Person","@id":"https:\/\/www.bymycar.be\/webzine\/nl\/#\/schema\/person\/62e6ba497b0835d16ce47e28f2f08327","name":"Lola Vieira Da Silva","image":{"@type":"ImageObject","inLanguage":"fr-FR","@id":"https:\/\/www.bymycar.be\/webzine\/nl\/#\/schema\/person\/image\/","url":"https:\/\/secure.gravatar.com\/avatar\/8d491122de3cbfd87e645bbdbd392d04626ebb95f4929de9cc1231399984b34b?s=96&d=mm&r=g","contentUrl":"https:\/\/secure.gravatar.com\/avatar\/8d491122de3cbfd87e645bbdbd392d04626ebb95f4929de9cc1231399984b34b?s=96&d=mm&r=g","caption":"Lola Vieira Da Silva"}}]}},"_links":{"self":[{"href":"https:\/\/www.bymycar.be\/webzine\/wp-json\/wp\/v2\/posts\/4722","targetHints":{"allow":["GET"]}}],"collection":[{"href":"https:\/\/www.bymycar.be\/webzine\/wp-json\/wp\/v2\/posts"}],"about":[{"href":"https:\/\/www.bymycar.be\/webzine\/wp-json\/wp\/v2\/types\/post"}],"author":[{"embeddable":true,"href":"https:\/\/www.bymycar.be\/webzine\/wp-json\/wp\/v2\/users\/14"}],"replies":[{"embeddable":true,"href":"https:\/\/www.bymycar.be\/webzine\/wp-json\/wp\/v2\/comments?post=4722"}],"version-history":[{"count":3,"href":"https:\/\/www.bymycar.be\/webzine\/wp-json\/wp\/v2\/posts\/4722\/revisions"}],"predecessor-version":[{"id":4740,"href":"https:\/\/www.bymycar.be\/webzine\/wp-json\/wp\/v2\/posts\/4722\/revisions\/4740"}],"wp:attachment":[{"href":"https:\/\/www.bymycar.be\/webzine\/wp-json\/wp\/v2\/media?parent=4722"}],"wp:term":[{"taxonomy":"category","embeddable":true,"href":"https:\/\/www.bymycar.be\/webzine\/wp-json\/wp\/v2\/categories?post=4722"},{"taxonomy":"post_tag","embeddable":true,"href":"https:\/\/www.bymycar.be\/webzine\/wp-json\/wp\/v2\/tags?post=4722"}],"curies":[{"name":"wp","href":"https:\/\/api.w.org\/{rel}","templated":true}]}}