{"id":4718,"date":"2025-07-11T15:45:52","date_gmt":"2025-07-11T13:45:52","guid":{"rendered":"https:\/\/www.bymycar.be\/webzine\/?p=4718"},"modified":"2025-07-15T10:31:23","modified_gmt":"2025-07-15T08:31:23","slug":"quels-sont-les-meilleurs-accessoires-pour-votre-voiture-mercedes","status":"publish","type":"post","link":"https:\/\/www.bymycar.be\/webzine\/quels-sont-les-meilleurs-accessoires-pour-votre-voiture-mercedes\/","title":{"rendered":"Quels sont les meilleurs accessoires pour votre voiture Mercedes ?"},"content":{"rendered":"","protected":false},"excerpt":{"rendered":"","protected":false},"author":14,"featured_media":0,"comment_status":"closed","ping_status":"closed","sticky":false,"template":"","format":"standard","meta":{"_acf_changed":false,"footnotes":""},"categories":[1350,1437],"tags":[],"class_list":["post-4718","post","type-post","status-publish","format-standard","hentry","category-conseils-et-astuces","category-entretien-mercedes"],"acf":{"image":{"ID":4719,"id":4719,"title":"Mercedes11-110725","filename":"Mercedes11-110725-scaled.jpg","filesize":314697,"url":"https:\/\/cdn.bymycar.eu\/be-webzine\/wp-content\/uploads\/2025\/07\/11154522\/Mercedes11-110725-scaled.jpg","link":"https:\/\/www.bymycar.be\/webzine\/quels-sont-les-meilleurs-accessoires-pour-votre-voiture-mercedes\/mercedes11-110725\/","alt":"Mercedes classe E grise","author":"14","description":"","caption":"","name":"mercedes11-110725","status":"inherit","uploaded_to":4718,"date":"2025-07-11 13:45:14","modified":"2025-07-11 13:45:33","menu_order":0,"mime_type":"image\/jpeg","type":"image","subtype":"jpeg","icon":"https:\/\/www.bymycar.be\/webzine\/wp-includes\/images\/media\/default.png","width":2560,"height":1708,"sizes":{"thumbnail":"https:\/\/cdn.bymycar.eu\/be-webzine\/wp-content\/uploads\/2025\/07\/11154522\/Mercedes11-110725-150x150.jpg","thumbnail-width":150,"thumbnail-height":150,"medium":"https:\/\/cdn.bymycar.eu\/be-webzine\/wp-content\/uploads\/2025\/07\/11154522\/Mercedes11-110725-300x200.jpg","medium-width":300,"medium-height":200,"medium_large":"https:\/\/cdn.bymycar.eu\/be-webzine\/wp-content\/uploads\/2025\/07\/11154522\/Mercedes11-110725-768x512.jpg","medium_large-width":768,"medium_large-height":512,"large":"https:\/\/cdn.bymycar.eu\/be-webzine\/wp-content\/uploads\/2025\/07\/11154522\/Mercedes11-110725-1024x683.jpg","large-width":1024,"large-height":683,"1536x1536":"https:\/\/cdn.bymycar.eu\/be-webzine\/wp-content\/uploads\/2025\/07\/11154522\/Mercedes11-110725-1536x1025.jpg","1536x1536-width":1536,"1536x1536-height":1025,"2048x2048":"https:\/\/cdn.bymycar.eu\/be-webzine\/wp-content\/uploads\/2025\/07\/11154522\/Mercedes11-110725-2048x1366.jpg","2048x2048-width":2048,"2048x2048-height":1366}},"introduction":"<p>Vous poss\u00e9dez une <strong>Mercedes-Benz<\/strong> et souhaitez sublimer son \u00e9l\u00e9gance naturelle ? Envie d&rsquo;accessoires exclusifs alliant performance et raffinement pour personnaliser votre v\u00e9hicule ? Des tapis de sol sur mesure aux jantes <strong>AMG<\/strong> distinctives, en passant par les syst\u00e8mes de transport innovants et les \u00e9quipements int\u00e9rieurs luxueux, d\u00e9couvrez notre s\u00e9lection d&rsquo;accessoires d&rsquo;origine <strong>Mercedes-Benz<\/strong>. Chaque pi\u00e8ce est con\u00e7ue pour enrichir votre exp\u00e9rience de conduite tout en pr\u00e9servant l&rsquo;ADN unique de votre \u00e9toile. Nos <a href=\"https:\/\/www.bymycar.be\/fr\/concessions\">experts BYmyCAR<\/a> vous renseignent sur les accessoires qui transformeront votre\u00a0<strong>Mercedes<\/strong> en une cr\u00e9ation encore plus exceptionnelle.<\/p>\n","add-to-bo":false,"page_content":{"block_content":[{"acf_fc_layout":"text-simple","--nav":{"-withNav":false,"-ancre":""},"--group":{"-text":"<h2>Les accessoires d&rsquo;origine Mercedes-Benz<\/h2>\n<p>Les <strong>accessoires d&rsquo;origine Mercedes-Benz<\/strong> repr\u00e9sentent bien plus qu&rsquo;une simple garantie de qualit\u00e9. Chaque pi\u00e8ce subit des tests rigoureux dans les centres techniques allemands, avec plus de <strong>1000 heures<\/strong> d&rsquo;essais en conditions extr\u00eames. Cette exigence assure une int\u00e9gration parfaite \u00e0 votre v\u00e9hicule, sans compromettre ses performances ni sa s\u00e9curit\u00e9.<\/p>\n<p>Les accessoires d&rsquo;origine Mercedes-Benz garantissent une durabilit\u00e9 exceptionnelle et une compatibilit\u00e9 totale avec les syst\u00e8mes \u00e9lectroniques de votre voiture. Fabriqu\u00e9s avec des mat\u00e9riaux premium et des finitions irr\u00e9prochables, ces accessoires contribuent \u00e0 maintenir la valeur de revente de votre Mercedes et ne compromettent pas sa garantie constructeur.<\/p>\n<p>&nbsp;<\/p>\n<h2>Les essentiels AMG pour votre Mercedes<\/h2>\n<p>Sublimez la sportivit\u00e9 de votre <strong>Mercedes<\/strong> avec la signature <strong>AMG<\/strong>, v\u00e9ritable label d&rsquo;excellence en mati\u00e8re de performance. Les jantes forg\u00e9es AMG, disponibles en diff\u00e9rentes tailles dont 19 ou 20 pouces, magnifient la prestance de votre v\u00e9hicule, tandis que la calandre Panamericana affirme son caract\u00e8re rac\u00e9. \u00c0 l&rsquo;int\u00e9rieur, les baguettes de seuil illumin\u00e9es <strong>AMG<\/strong> et le p\u00e9dalier sport en acier bross\u00e9 cr\u00e9ent une ambiance r\u00e9solument dynamique. Pour une sonorit\u00e9 plus expressive, optez pour le syst\u00e8me d&rsquo;\u00e9chappement <strong>Performance AMG<\/strong> \u00e0 valves pilot\u00e9es, transformant chaque acc\u00e9l\u00e9ration en une symphonie m\u00e9canique captivante.<\/p>\n<p>&nbsp;<\/p>\n<p>&nbsp;<\/p>\n<p style=\"text-align: center;\"><a href=\"https:\/\/www.bymycar.be\/fr\/v\/mercedes\" target=\"_blank\" class=\"css-button css-button--gold\" >\n                D\u00e9couvrez tous nos v\u00e9hicules Mercedes en stock\n        <\/a><\/p>\n<p>&nbsp;<\/p>\n<p>&nbsp;<\/p>\n<h2>Les solutions de transport et coffres de toit<\/h2>\n<p>Optimisez la capacit\u00e9 de chargement de votre v\u00e9hicule avec nos <strong>solutions de transport<\/strong> innovantes. Le <strong>coffre de toit<\/strong> de 430 litres, disponible en finition noir m\u00e9tallis\u00e9 ou argent mat, s&rsquo;ouvre des deux c\u00f4t\u00e9s pour un acc\u00e8s facilit\u00e9. Sa charge maximale de <strong>75 kg<\/strong> permet d&#8217;emporter skis, \u00e9quipements sportifs ou bagages suppl\u00e9mentaires en toute s\u00e9curit\u00e9.<\/p>\n<p>Les <strong>barres de toit<\/strong> en aluminium, sp\u00e9cialement con\u00e7ues pour votre mod\u00e8le, offrent une base robuste pour l&rsquo;installation de divers accessoires. Le syst\u00e8me de fixation rapide sans outil et les capuchons verrouillables assurent un montage simple et s\u00e9curis\u00e9. Un <strong>sac de transport<\/strong> en nylon haute qualit\u00e9 prot\u00e8ge vos barres lors du rangement.<\/p>\n<p>&nbsp;<\/p>\n<h2>Les pi\u00e8ces auto et accessoires int\u00e9rieurs<\/h2>\n<p>Comment transformer l&rsquo;habitacle de votre <strong>Mercedes<\/strong> en un cocon personnalis\u00e9 ? Les tapis de sol sur mesure en velours ou caoutchouc prot\u00e8gent votre v\u00e9hicule avec \u00e9l\u00e9gance, tandis que les baguettes de seuil illumin\u00e9es ajoutent une signature lumineuse raffin\u00e9e \u00e0 chaque ouverture de porte.<\/p>\n<p>Le projecteur \u00e0 <strong>LED Mercedes<\/strong> cr\u00e9e une ambiance feutr\u00e9e personnalisable selon vos envies, sublim\u00e9e par des boutons de porte <strong>AMG<\/strong> en aluminium bross\u00e9. Le confort n&rsquo;est pas en reste avec la glaci\u00e8re \u00e9lectrique int\u00e9gr\u00e9e qui maintient vos boissons \u00e0 temp\u00e9rature id\u00e9ale, m\u00eame lors des longs trajets. Ces accessoires d&rsquo;origine transforment chaque trajet en une exp\u00e9rience premium unique.<\/p>\n<p>&nbsp;<\/p>\n<h2>Les \u00e9quipements ext\u00e9rieurs<\/h2>\n<p>L&rsquo;esth\u00e9tique ext\u00e9rieure de votre <strong>Mercedes-Benz<\/strong> m\u00e9rite une attention particuli\u00e8re. Les jantes forg\u00e9es AMG, disponibles en finition noir brillant ou chrome satin\u00e9, soulignent la prestance de votre v\u00e9hicule, tandis que la calandre Panamericana \u00e0 lamelles verticales transforme radicalement sa face avant.<\/p>\n<p>Le becquet arri\u00e8re en carbone v\u00e9ritable renforce le caract\u00e8re sportif de votre <strong>Mercedes<\/strong> tout en am\u00e9liorant son a\u00e9rodynamisme. Pour une personnalisation plus subtile, les embl\u00e8mes <strong>AMG<\/strong> noir brillant et les coques de r\u00e9troviseurs assorties cr\u00e9ent une signature visuelle distinctive.<\/p>\n<p>Les finitions chrom\u00e9es des bas de caisse et l&rsquo;\u00e9clairage d&rsquo;ambiance ext\u00e9rieur \u00e0 <strong>LED<\/strong> parach\u00e8vent cette m\u00e9tamorphose, sublimant chaque ligne de votre v\u00e9hicule. Ces \u00e9quipements, test\u00e9s en soufflerie, combinent design et performances pour une personnalisation sans compromis.<\/p>\n<p>&nbsp;<\/p>\n<p>&nbsp;<\/p>\n<p>D\u2019autres articles qui pourraient vous int\u00e9resser\u00a0:<\/p>\n<p><a href=\"https:\/\/www.bymycar.be\/webzine\/guide-complet-des-injecteurs-mercedes-modeles-diagnostic-et-solutions\/\">Guide complet des injecteurs Mercedes : mod\u00e8les, diagnostic et solutions<\/a><\/p>\n<p><a href=\"https:\/\/www.bymycar.be\/webzine\/pourquoi-et-quand-changer-le-liquide-de-refroidissement-dune-mercedes\/\">Pourquoi et quand changer le liquide de refroidissement d\u2019une Mercedes ?<\/a><\/p>\n<p><a href=\"https:\/\/www.bymycar.be\/webzine\/comment-entretenir-sa-mercedes-pour-prolonger-sa-duree-de-vie\/\">Comment entretenir sa Mercedes pour prolonger sa dur\u00e9e de vie ?<\/a><\/p>\n<p><a href=\"https:\/\/www.bymycar.be\/webzine\/boite-automatique-mercedes-entretien-pannes-et-solutions\/\">Bo\u00eete automatique Mercedes : entretien, pannes et solutions\u00a0<\/a><\/p>\n<p><a href=\"https:\/\/www.bymycar.be\/webzine\/batterie-de-mercedes-comment-la-choisir-lentretenir-et-la-remplacer\/\">Batterie de Mercedes : comment la choisir, l\u2019entretenir et la remplacer ?<\/a><\/p>\n<p><a href=\"https:\/\/www.bymycar.be\/webzine\/quel-type-de-pare-chocs-choisir-pour-votre-voiture-mercedes\/\">Quel type de pare-chocs choisir pour votre voiture Mercedes ?<\/a><\/p>\n<p><a href=\"https:\/\/www.bymycar.be\/webzine\/quelle-huile-moteur-choisir-pour-une-mercedes-benz\/\">Quelle huile moteur choisir pour une Mercedes-Benz ?<\/a><\/p>\n<p><a href=\"https:\/\/www.bymycar.be\/webzine\/quand-et-comment-changer-les-freins-de-votre-mercedes\/\">Quand et comment changer les freins de votre Mercedes ?<\/a><\/p>\n<p><a href=\"https:\/\/www.bymycar.be\/webzine\/comment-choisir-vos-essuie-glaces-mercedes\/\">Comment choisir vos essuie-glaces Mercedes ?<\/a><\/p>\n<p><a href=\"https:\/\/www.bymycar.be\/webzine\/maintenance-hybride-mercedes-quelles-precautions-prendre-pour-preserver-votre-vehicule\/\">Maintenance hybride Mercedes : quelles pr\u00e9cautions prendre pour pr\u00e9server votre v\u00e9hicule ?<\/a><\/p>\n<p><a href=\"https:\/\/www.bymycar.be\/webzine\/comment-sont-fabriquees-les-jantes-mercedes-amg\/\">Comment sont fabriqu\u00e9es les jantes Mercedes-AMG ?<\/a><\/p>\n"}}]}},"yoast_head":"<!-- This site is optimized with the Yoast SEO Premium plugin v26.4 (Yoast SEO v27.1.1) - https:\/\/yoast.com\/product\/yoast-seo-premium-wordpress\/ -->\n<title>Quels sont les meilleurs accessoires pour votre voiture Mercedes ? - Webzine BE | BYmyCAR<\/title>\n<meta name=\"robots\" content=\"index, follow, max-snippet:-1, max-image-preview:large, max-video-preview:-1\" \/>\n<link rel=\"canonical\" href=\"https:\/\/www.bymycar.be\/webzine\/quels-sont-les-meilleurs-accessoires-pour-votre-voiture-mercedes\/\" \/>\n<meta property=\"og:locale\" content=\"fr_FR\" \/>\n<meta property=\"og:type\" content=\"article\" \/>\n<meta property=\"og:title\" content=\"Quels sont les meilleurs accessoires pour votre voiture Mercedes ?\" \/>\n<meta property=\"og:url\" content=\"https:\/\/www.bymycar.be\/webzine\/quels-sont-les-meilleurs-accessoires-pour-votre-voiture-mercedes\/\" \/>\n<meta property=\"og:site_name\" content=\"Webzine BE | BYmyCAR\" \/>\n<meta property=\"article:publisher\" content=\"https:\/\/www.facebook.com\/BYmyCAR.officiel\/\" \/>\n<meta property=\"article:published_time\" content=\"2025-07-11T13:45:52+00:00\" \/>\n<meta property=\"article:modified_time\" content=\"2025-07-15T08:31:23+00:00\" \/>\n<meta name=\"author\" content=\"Lola Vieira Da Silva\" \/>\n<meta name=\"twitter:card\" content=\"summary_large_image\" \/>\n<meta name=\"twitter:label1\" content=\"\u00c9crit par\" \/>\n\t<meta name=\"twitter:data1\" content=\"Lola Vieira Da Silva\" \/>\n<script type=\"application\/ld+json\" class=\"yoast-schema-graph\">{\"@context\":\"https:\/\/schema.org\",\"@graph\":[{\"@type\":\"Article\",\"@id\":\"https:\/\/www.bymycar.be\/webzine\/quels-sont-les-meilleurs-accessoires-pour-votre-voiture-mercedes\/#article\",\"isPartOf\":{\"@id\":\"https:\/\/www.bymycar.be\/webzine\/quels-sont-les-meilleurs-accessoires-pour-votre-voiture-mercedes\/\"},\"author\":{\"name\":\"Lola Vieira Da Silva\",\"@id\":\"https:\/\/www.bymycar.be\/webzine\/nl\/#\/schema\/person\/62e6ba497b0835d16ce47e28f2f08327\"},\"headline\":\"Quels sont les meilleurs accessoires pour votre voiture Mercedes ?\",\"datePublished\":\"2025-07-11T13:45:52+00:00\",\"dateModified\":\"2025-07-15T08:31:23+00:00\",\"mainEntityOfPage\":{\"@id\":\"https:\/\/www.bymycar.be\/webzine\/quels-sont-les-meilleurs-accessoires-pour-votre-voiture-mercedes\/\"},\"wordCount\":9,\"publisher\":{\"@id\":\"https:\/\/www.bymycar.be\/webzine\/nl\/#organization\"},\"articleSection\":[\"Conseils et Astuces\",\"Entretien Mercedes\"],\"inLanguage\":\"fr-FR\"},{\"@type\":\"WebPage\",\"@id\":\"https:\/\/www.bymycar.be\/webzine\/quels-sont-les-meilleurs-accessoires-pour-votre-voiture-mercedes\/\",\"url\":\"https:\/\/www.bymycar.be\/webzine\/quels-sont-les-meilleurs-accessoires-pour-votre-voiture-mercedes\/\",\"name\":\"Quels sont les meilleurs accessoires pour votre voiture Mercedes ? - Webzine BE | BYmyCAR\",\"isPartOf\":{\"@id\":\"https:\/\/www.bymycar.be\/webzine\/nl\/#website\"},\"datePublished\":\"2025-07-11T13:45:52+00:00\",\"dateModified\":\"2025-07-15T08:31:23+00:00\",\"breadcrumb\":{\"@id\":\"https:\/\/www.bymycar.be\/webzine\/quels-sont-les-meilleurs-accessoires-pour-votre-voiture-mercedes\/#breadcrumb\"},\"inLanguage\":\"fr-FR\",\"potentialAction\":[{\"@type\":\"ReadAction\",\"target\":[\"https:\/\/www.bymycar.be\/webzine\/quels-sont-les-meilleurs-accessoires-pour-votre-voiture-mercedes\/\"]}]},{\"@type\":\"BreadcrumbList\",\"@id\":\"https:\/\/www.bymycar.be\/webzine\/quels-sont-les-meilleurs-accessoires-pour-votre-voiture-mercedes\/#breadcrumb\",\"itemListElement\":[{\"@type\":\"ListItem\",\"position\":1,\"name\":\"Accueil\",\"item\":\"https:\/\/www.bymycar.be\/webzine\/\"},{\"@type\":\"ListItem\",\"position\":2,\"name\":\"Quels sont les meilleurs accessoires pour votre voiture Mercedes ?\"}]},{\"@type\":\"WebSite\",\"@id\":\"https:\/\/www.bymycar.be\/webzine\/nl\/#website\",\"url\":\"https:\/\/www.bymycar.be\/webzine\/nl\/\",\"name\":\"Webzine | BYmyCAR\",\"description\":\"_Le webzine auto de\",\"publisher\":{\"@id\":\"https:\/\/www.bymycar.be\/webzine\/nl\/#organization\"},\"potentialAction\":[{\"@type\":\"SearchAction\",\"target\":{\"@type\":\"EntryPoint\",\"urlTemplate\":\"https:\/\/www.bymycar.be\/webzine\/nl\/?s={search_term_string}\"},\"query-input\":{\"@type\":\"PropertyValueSpecification\",\"valueRequired\":true,\"valueName\":\"search_term_string\"}}],\"inLanguage\":\"fr-FR\"},{\"@type\":\"Organization\",\"@id\":\"https:\/\/www.bymycar.be\/webzine\/nl\/#organization\",\"name\":\"Webzine | BYmyCAR\",\"url\":\"https:\/\/www.bymycar.be\/webzine\/nl\/\",\"logo\":{\"@type\":\"ImageObject\",\"inLanguage\":\"fr-FR\",\"@id\":\"https:\/\/www.bymycar.be\/webzine\/nl\/#\/schema\/logo\/image\/\",\"url\":\"https:\/\/cdn.bymycar.eu\/be-webzine\/wp-content\/uploads\/2024\/11\/20203047\/logo.png\",\"contentUrl\":\"https:\/\/cdn.bymycar.eu\/be-webzine\/wp-content\/uploads\/2024\/11\/20203047\/logo.png\",\"width\":1280,\"height\":512,\"caption\":\"Webzine | BYmyCAR\"},\"image\":{\"@id\":\"https:\/\/www.bymycar.be\/webzine\/nl\/#\/schema\/logo\/image\/\"},\"sameAs\":[\"https:\/\/www.facebook.com\/BYmyCAR.officiel\/\",\"https:\/\/www.instagram.com\/bymycar.officiel\/\"]},{\"@type\":\"Person\",\"@id\":\"https:\/\/www.bymycar.be\/webzine\/nl\/#\/schema\/person\/62e6ba497b0835d16ce47e28f2f08327\",\"name\":\"Lola Vieira Da Silva\",\"image\":{\"@type\":\"ImageObject\",\"inLanguage\":\"fr-FR\",\"@id\":\"https:\/\/www.bymycar.be\/webzine\/nl\/#\/schema\/person\/image\/\",\"url\":\"https:\/\/secure.gravatar.com\/avatar\/8d491122de3cbfd87e645bbdbd392d04626ebb95f4929de9cc1231399984b34b?s=96&d=mm&r=g\",\"contentUrl\":\"https:\/\/secure.gravatar.com\/avatar\/8d491122de3cbfd87e645bbdbd392d04626ebb95f4929de9cc1231399984b34b?s=96&d=mm&r=g\",\"caption\":\"Lola Vieira Da Silva\"}}]}<\/script>\n<!-- \/ Yoast SEO Premium plugin. -->","yoast_head_json":{"title":"Quels sont les meilleurs accessoires pour votre voiture Mercedes ? - Webzine BE | BYmyCAR","robots":{"index":"index","follow":"follow","max-snippet":"max-snippet:-1","max-image-preview":"max-image-preview:large","max-video-preview":"max-video-preview:-1"},"canonical":"https:\/\/www.bymycar.be\/webzine\/quels-sont-les-meilleurs-accessoires-pour-votre-voiture-mercedes\/","og_locale":"fr_FR","og_type":"article","og_title":"Quels sont les meilleurs accessoires pour votre voiture Mercedes ?","og_url":"https:\/\/www.bymycar.be\/webzine\/quels-sont-les-meilleurs-accessoires-pour-votre-voiture-mercedes\/","og_site_name":"Webzine BE | BYmyCAR","article_publisher":"https:\/\/www.facebook.com\/BYmyCAR.officiel\/","article_published_time":"2025-07-11T13:45:52+00:00","article_modified_time":"2025-07-15T08:31:23+00:00","author":"Lola Vieira Da Silva","twitter_card":"summary_large_image","twitter_misc":{"\u00c9crit par":"Lola Vieira Da Silva"},"schema":{"@context":"https:\/\/schema.org","@graph":[{"@type":"Article","@id":"https:\/\/www.bymycar.be\/webzine\/quels-sont-les-meilleurs-accessoires-pour-votre-voiture-mercedes\/#article","isPartOf":{"@id":"https:\/\/www.bymycar.be\/webzine\/quels-sont-les-meilleurs-accessoires-pour-votre-voiture-mercedes\/"},"author":{"name":"Lola Vieira Da Silva","@id":"https:\/\/www.bymycar.be\/webzine\/nl\/#\/schema\/person\/62e6ba497b0835d16ce47e28f2f08327"},"headline":"Quels sont les meilleurs accessoires pour votre voiture Mercedes ?","datePublished":"2025-07-11T13:45:52+00:00","dateModified":"2025-07-15T08:31:23+00:00","mainEntityOfPage":{"@id":"https:\/\/www.bymycar.be\/webzine\/quels-sont-les-meilleurs-accessoires-pour-votre-voiture-mercedes\/"},"wordCount":9,"publisher":{"@id":"https:\/\/www.bymycar.be\/webzine\/nl\/#organization"},"articleSection":["Conseils et Astuces","Entretien Mercedes"],"inLanguage":"fr-FR"},{"@type":"WebPage","@id":"https:\/\/www.bymycar.be\/webzine\/quels-sont-les-meilleurs-accessoires-pour-votre-voiture-mercedes\/","url":"https:\/\/www.bymycar.be\/webzine\/quels-sont-les-meilleurs-accessoires-pour-votre-voiture-mercedes\/","name":"Quels sont les meilleurs accessoires pour votre voiture Mercedes ? - Webzine BE | BYmyCAR","isPartOf":{"@id":"https:\/\/www.bymycar.be\/webzine\/nl\/#website"},"datePublished":"2025-07-11T13:45:52+00:00","dateModified":"2025-07-15T08:31:23+00:00","breadcrumb":{"@id":"https:\/\/www.bymycar.be\/webzine\/quels-sont-les-meilleurs-accessoires-pour-votre-voiture-mercedes\/#breadcrumb"},"inLanguage":"fr-FR","potentialAction":[{"@type":"ReadAction","target":["https:\/\/www.bymycar.be\/webzine\/quels-sont-les-meilleurs-accessoires-pour-votre-voiture-mercedes\/"]}]},{"@type":"BreadcrumbList","@id":"https:\/\/www.bymycar.be\/webzine\/quels-sont-les-meilleurs-accessoires-pour-votre-voiture-mercedes\/#breadcrumb","itemListElement":[{"@type":"ListItem","position":1,"name":"Accueil","item":"https:\/\/www.bymycar.be\/webzine\/"},{"@type":"ListItem","position":2,"name":"Quels sont les meilleurs accessoires pour votre voiture Mercedes ?"}]},{"@type":"WebSite","@id":"https:\/\/www.bymycar.be\/webzine\/nl\/#website","url":"https:\/\/www.bymycar.be\/webzine\/nl\/","name":"Webzine | BYmyCAR","description":"_Le webzine auto de","publisher":{"@id":"https:\/\/www.bymycar.be\/webzine\/nl\/#organization"},"potentialAction":[{"@type":"SearchAction","target":{"@type":"EntryPoint","urlTemplate":"https:\/\/www.bymycar.be\/webzine\/nl\/?s={search_term_string}"},"query-input":{"@type":"PropertyValueSpecification","valueRequired":true,"valueName":"search_term_string"}}],"inLanguage":"fr-FR"},{"@type":"Organization","@id":"https:\/\/www.bymycar.be\/webzine\/nl\/#organization","name":"Webzine | BYmyCAR","url":"https:\/\/www.bymycar.be\/webzine\/nl\/","logo":{"@type":"ImageObject","inLanguage":"fr-FR","@id":"https:\/\/www.bymycar.be\/webzine\/nl\/#\/schema\/logo\/image\/","url":"https:\/\/cdn.bymycar.eu\/be-webzine\/wp-content\/uploads\/2024\/11\/20203047\/logo.png","contentUrl":"https:\/\/cdn.bymycar.eu\/be-webzine\/wp-content\/uploads\/2024\/11\/20203047\/logo.png","width":1280,"height":512,"caption":"Webzine | BYmyCAR"},"image":{"@id":"https:\/\/www.bymycar.be\/webzine\/nl\/#\/schema\/logo\/image\/"},"sameAs":["https:\/\/www.facebook.com\/BYmyCAR.officiel\/","https:\/\/www.instagram.com\/bymycar.officiel\/"]},{"@type":"Person","@id":"https:\/\/www.bymycar.be\/webzine\/nl\/#\/schema\/person\/62e6ba497b0835d16ce47e28f2f08327","name":"Lola Vieira Da Silva","image":{"@type":"ImageObject","inLanguage":"fr-FR","@id":"https:\/\/www.bymycar.be\/webzine\/nl\/#\/schema\/person\/image\/","url":"https:\/\/secure.gravatar.com\/avatar\/8d491122de3cbfd87e645bbdbd392d04626ebb95f4929de9cc1231399984b34b?s=96&d=mm&r=g","contentUrl":"https:\/\/secure.gravatar.com\/avatar\/8d491122de3cbfd87e645bbdbd392d04626ebb95f4929de9cc1231399984b34b?s=96&d=mm&r=g","caption":"Lola Vieira Da Silva"}}]}},"_links":{"self":[{"href":"https:\/\/www.bymycar.be\/webzine\/wp-json\/wp\/v2\/posts\/4718","targetHints":{"allow":["GET"]}}],"collection":[{"href":"https:\/\/www.bymycar.be\/webzine\/wp-json\/wp\/v2\/posts"}],"about":[{"href":"https:\/\/www.bymycar.be\/webzine\/wp-json\/wp\/v2\/types\/post"}],"author":[{"embeddable":true,"href":"https:\/\/www.bymycar.be\/webzine\/wp-json\/wp\/v2\/users\/14"}],"replies":[{"embeddable":true,"href":"https:\/\/www.bymycar.be\/webzine\/wp-json\/wp\/v2\/comments?post=4718"}],"version-history":[{"count":2,"href":"https:\/\/www.bymycar.be\/webzine\/wp-json\/wp\/v2\/posts\/4718\/revisions"}],"predecessor-version":[{"id":4739,"href":"https:\/\/www.bymycar.be\/webzine\/wp-json\/wp\/v2\/posts\/4718\/revisions\/4739"}],"wp:attachment":[{"href":"https:\/\/www.bymycar.be\/webzine\/wp-json\/wp\/v2\/media?parent=4718"}],"wp:term":[{"taxonomy":"category","embeddable":true,"href":"https:\/\/www.bymycar.be\/webzine\/wp-json\/wp\/v2\/categories?post=4718"},{"taxonomy":"post_tag","embeddable":true,"href":"https:\/\/www.bymycar.be\/webzine\/wp-json\/wp\/v2\/tags?post=4718"}],"curies":[{"name":"wp","href":"https:\/\/api.w.org\/{rel}","templated":true}]}}