{"id":4696,"date":"2025-07-11T12:02:58","date_gmt":"2025-07-11T10:02:58","guid":{"rendered":"https:\/\/www.bymycar.be\/webzine\/?p=4696"},"modified":"2025-07-15T10:25:53","modified_gmt":"2025-07-15T08:25:53","slug":"quel-type-de-pare-chocs-choisir-pour-votre-voiture-mercedes","status":"publish","type":"post","link":"https:\/\/www.bymycar.be\/webzine\/quel-type-de-pare-chocs-choisir-pour-votre-voiture-mercedes\/","title":{"rendered":"Quel type de pare-chocs choisir pour votre voiture Mercedes ?"},"content":{"rendered":"","protected":false},"excerpt":{"rendered":"","protected":false},"author":14,"featured_media":0,"comment_status":"closed","ping_status":"closed","sticky":false,"template":"","format":"standard","meta":{"_acf_changed":false,"footnotes":""},"categories":[1350,1437],"tags":[],"class_list":["post-4696","post","type-post","status-publish","format-standard","hentry","category-conseils-et-astuces","category-entretien-mercedes"],"acf":{"image":{"ID":4698,"id":4698,"title":"Mercedes6-110725","filename":"Mercedes6-110725.jpg","filesize":118052,"url":"https:\/\/cdn.bymycar.eu\/be-webzine\/wp-content\/uploads\/2025\/07\/11120230\/Mercedes6-110725.jpg","link":"https:\/\/www.bymycar.be\/webzine\/quel-type-de-pare-chocs-choisir-pour-votre-voiture-mercedes\/mercedes6-110725\/","alt":"Mercedes bleue","author":"14","description":"","caption":"","name":"mercedes6-110725","status":"inherit","uploaded_to":4696,"date":"2025-07-11 10:02:29","modified":"2025-07-11 10:02:39","menu_order":0,"mime_type":"image\/jpeg","type":"image","subtype":"jpeg","icon":"https:\/\/www.bymycar.be\/webzine\/wp-includes\/images\/media\/default.png","width":1280,"height":854,"sizes":{"thumbnail":"https:\/\/cdn.bymycar.eu\/be-webzine\/wp-content\/uploads\/2025\/07\/11120230\/Mercedes6-110725-150x150.jpg","thumbnail-width":150,"thumbnail-height":150,"medium":"https:\/\/cdn.bymycar.eu\/be-webzine\/wp-content\/uploads\/2025\/07\/11120230\/Mercedes6-110725-300x200.jpg","medium-width":300,"medium-height":200,"medium_large":"https:\/\/cdn.bymycar.eu\/be-webzine\/wp-content\/uploads\/2025\/07\/11120230\/Mercedes6-110725-768x512.jpg","medium_large-width":768,"medium_large-height":512,"large":"https:\/\/cdn.bymycar.eu\/be-webzine\/wp-content\/uploads\/2025\/07\/11120230\/Mercedes6-110725-1024x683.jpg","large-width":1024,"large-height":683,"1536x1536":"https:\/\/cdn.bymycar.eu\/be-webzine\/wp-content\/uploads\/2025\/07\/11120230\/Mercedes6-110725.jpg","1536x1536-width":1280,"1536x1536-height":854,"2048x2048":"https:\/\/cdn.bymycar.eu\/be-webzine\/wp-content\/uploads\/2025\/07\/11120230\/Mercedes6-110725.jpg","2048x2048-width":1280,"2048x2048-height":854}},"introduction":"<p>Vous recherchez le pare-choc id\u00e9al pour votre Mercedes mais vous h\u00e9sitez entre les diff\u00e9rentes options disponibles ? Le choix d&rsquo;un nouveau pare-choc repr\u00e9sente un investissement significatif qui m\u00e9rite une attention particuli\u00e8re. Quel mat\u00e9riau privil\u00e9gier ? Faut-il opter pour une pi\u00e8ce d&rsquo;origine ou une alternative aftermarket ? Notre guide complet vous accompagne dans la s\u00e9lection du pare-choc parfaitement adapt\u00e9 \u00e0 votre mod\u00e8le Mercedes.<\/p>\n","add-to-bo":false,"page_content":{"block_content":[{"acf_fc_layout":"text-simple","--nav":{"-withNav":false,"-ancre":""},"--group":{"-text":"<h2>Les mod\u00e8les : du W204 au W211<\/h2>\n<p>La Mercedes <strong>W204<\/strong>, produite de 2007 \u00e0 2014, marque une \u00e9volution significative dans la conception des pare-chocs avec sa structure en <strong>polym\u00e8re haute r\u00e9sistance<\/strong>. Son design int\u00e8gre des canaux de ventilation lat\u00e9raux et une grille de calandre sp\u00e9cifique, adapt\u00e9s aux syst\u00e8mes d&rsquo;aide au stationnement.<\/p>\n<p>La <strong>W211<\/strong>, commercialis\u00e9e entre 2002 et 2009, se d\u00e9marque par ses pare-chocs avant dot\u00e9s d&rsquo;une structure en plusieurs pi\u00e8ces facilitant le remplacement. Les fabricants <strong>BLIC<\/strong> et <strong>Van Wezel<\/strong> proposent des versions aftermarket incluant une couche d&rsquo;appr\u00eat couleur, parfaitement adapt\u00e9es aux passages de roue et aux feux antibrouillard d&rsquo;origine.<\/p>\n<p>Pour ces deux g\u00e9n\u00e9rations, le choix du pare-chocs d\u00e9pendra des \u00e9quipements pr\u00e9sents sur votre v\u00e9hicule. Les projecteurs adaptatifs, les capteurs de stationnement et les packs AMG n\u00e9cessitent des pare-chocs sp\u00e9cifiques.<\/p>\n<p>&nbsp;<\/p>\n<h2>Classe A, B et CLA : sp\u00e9cificit\u00e9s techniques<\/h2>\n<p>Les pare-chocs des classes compactes Mercedes (<a href=\"https:\/\/www.bymycar.be\/fr\/v\/mercedes-classe-a\">Classe A<\/a>, <a href=\"https:\/\/www.bymycar.be\/fr\/v\/mercedes-classe-b\">Classe B<\/a>, <a href=\"https:\/\/www.bymycar.be\/fr\/v\/mercedes-cla\">CLA<\/a>) se distinguent par leur structure en polym\u00e8re composite renforc\u00e9. Cette conception moderne offre un excellent compromis entre l\u00e9g\u00e8ret\u00e9 et r\u00e9sistance aux impacts. Pour la <strong>Classe A W177<\/strong>, la partie inf\u00e9rieure int\u00e8gre des d\u00e9flecteurs a\u00e9rodynamiques actifs, tandis que la <strong>Classe B W247<\/strong> adopte une grille plus large avec des prises d&rsquo;air lat\u00e9rales redessin\u00e9es.<\/p>\n<p>Le <strong>CLA C118<\/strong> peut b\u00e9n\u00e9ficier d&rsquo;une conception sp\u00e9cifique avec des renforts en aluminium au niveau des points d&rsquo;ancrage. Les v\u00e9hicules \u00e9quip\u00e9s du pack AMG Line n\u00e9cessitent des pare-chocs sp\u00e9cifiques, compatibles avec les jupes lat\u00e9rales \u00e9largies et les inserts chrom\u00e9s caract\u00e9ristiques de ce pack. Le choix du pare-chocs devra tenir compte de la pr\u00e9sence \u00e9ventuelle de radars de stationnement et de projecteurs adaptatifs, car leurs emplacements peuvent varier selon la motorisation et les options du v\u00e9hicule.<\/p>\n<p>&nbsp;<\/p>\n<h2>Sprinter et Vito : gamme utilitaire<\/h2>\n<p>Les v\u00e9hicules utilitaires Mercedes n\u00e9cessitent des pare-chocs adapt\u00e9s \u00e0 un usage professionnel intensif. Le <a href=\"https:\/\/www.bymycar.be\/fr\/v\/mercedes-sprinter\">Mercedes-Benz <\/a> <strong> <a href=\"https:\/\/www.bymycar.be\/fr\/v\/mercedes-sprinter\">Sprinter<\/a> <\/strong>propose diff\u00e9rentes options de pare-chocs, dont des versions renforc\u00e9es en polym\u00e8re haute densit\u00e9, con\u00e7ues pour une utilisation professionnelle intensive et les man\u0153uvres fr\u00e9quentes en zone urbaine. La partie inf\u00e9rieure int\u00e8gre des renforts m\u00e9talliques dissimul\u00e9s, garantissant une protection optimale du ch\u00e2ssis.<\/p>\n<p>Le Mercedes-Benz <strong>Vito <\/strong>propose une structure de pare-chocs permettant, dans certains cas, le remplacement partiel des \u00e9l\u00e9ments endommag\u00e9s. La version longue peut b\u00e9n\u00e9ficier d&rsquo;une protection lat\u00e9rale suppl\u00e9mentaire, tandis que les mod\u00e8les \u00e9quip\u00e9s du pack carrosserie disposent d&rsquo;extensions sp\u00e9cifiques aux passages de roue. Un rev\u00eatement textur\u00e9 noir mat, particuli\u00e8rement r\u00e9sistant aux rayures, peut \u00eatre propos\u00e9 sur les pare-chocs du Vito, ce qui s&rsquo;av\u00e8re id\u00e9al pour une utilisation quotidienne exigeante.<\/p>\n<p>&nbsp;<\/p>\n<h2>Avant ou arri\u00e8re : guide de compatibilit\u00e9<\/h2>\n<p>La compatibilit\u00e9 de votre pare-choc Mercedes d\u00e9pend avant tout de sa position sur le v\u00e9hicule. Pour l&rsquo;<strong>avant<\/strong>, v\u00e9rifiez la pr\u00e9sence d&rsquo;orifices sp\u00e9cifiques correspondant \u00e0 vos \u00e9quipements : buses de lave-phares, capteurs de distance, cam\u00e9ras de stationnement. Les r\u00e9f\u00e9rences comportent un suffixe indiquant ces caract\u00e9ristiques.<\/p>\n<p>L&rsquo;<strong>arri\u00e8re<\/strong> requiert une attention particuli\u00e8re aux points d&rsquo;ancrage du syst\u00e8me d&rsquo;attelage et aux d\u00e9coupes pour les sorties d&rsquo;\u00e9chappement. Les mod\u00e8les r\u00e9cents n\u00e9cessitent des emplacements pr\u00e9cis pour les radars de recul et les cam\u00e9ras 360\u00b0. Votre choix doit \u00e9galement tenir compte des finitions <strong>AMG Line<\/strong> ou <strong>Sport<\/strong>, qui modifient substantiellement la forme et les fixations des pare-chocs.<\/p>\n<p>&nbsp;<\/p>\n<p>&nbsp;<\/p>\n<p style=\"text-align: center;\"><a href=\"https:\/\/www.bymycar.be\/fr\/v\/mercedes\" target=\"_blank\" class=\"css-button css-button--gold\" >\n                D\u00e9couvrez tous nos v\u00e9hicules Mercedes en stock\n        <\/a><\/p>\n<p>&nbsp;<\/p>\n<p>&nbsp;<\/p>\n<h2>Original vs aftermarket : que choisir ?<\/h2>\n<p>Vous h\u00e9sitez entre un pare-choc d&rsquo;origine Mercedes-Benz et une version aftermarket ? Les <strong>pi\u00e8ces d&rsquo;origine<\/strong> garantissent une qualit\u00e9 irr\u00e9prochable et une compatibilit\u00e9 parfaite avec votre v\u00e9hicule, mais leur tarif peut atteindre le double des alternatives. Les fabricants certifi\u00e9s comme <strong>BLIC<\/strong> et <strong>DIEDERICHS<\/strong> proposent des solutions homologu\u00e9es offrant un excellent rapport qualit\u00e9-prix.<\/p>\n<p>Votre choix d\u00e9pendra notamment de l&rsquo;\u00e2ge de votre v\u00e9hicule. Sur un mod\u00e8le r\u00e9cent, l&rsquo;utilisation de pi\u00e8ces d&rsquo;origine peut aider \u00e0 pr\u00e9server la valeur de revente et permet de conserver la garantie constructeur sur les \u00e9l\u00e9ments li\u00e9s au pare-choc. Pour les s\u00e9ries plus anciennes, les versions aftermarket de qualit\u00e9 constituent une alternative pertinente, avec des mat\u00e9riaux et des finitions comparables aux standards Mercedes-Benz.<\/p>\n<p>&nbsp;<\/p>\n<h2>Comment savoir si un pare-chocs est r\u00e9parable ?<\/h2>\n<p>L\u2019\u00e9valuation m\u00e9thodique d\u2019un pare-chocs Mercedes demande une attention particuli\u00e8re aux zones strat\u00e9giques.<\/p>\n<p>Le technicien examine la surface sous diff\u00e9rents angles afin de d\u00e9tecter d\u2019\u00e9ventuelles microfissures dissimul\u00e9es sous la peinture. Il proc\u00e8de ensuite \u00e0 une inspection minutieuse des points d\u2019ancrage et des clips de fixation, dont l\u2019usure ou la casse peut compromettre la stabilit\u00e9 de l\u2019ensemble.\u00a0Un contr\u00f4le tactile des jointures avec les ailes et le capot permet souvent de r\u00e9v\u00e9ler des d\u00e9fauts non visibles \u00e0 l\u2019\u0153il nu. Il v\u00e9rifie \u00e9galement la souplesse du mat\u00e9riau en appliquant une l\u00e9g\u00e8re pression : une rigidit\u00e9 anormale peut signaler une r\u00e9paration ant\u00e9rieure de mauvaise qualit\u00e9.<\/p>\n<p>Enfin, il s\u2019assure du bon \u00e9tat des emplacements d\u00e9di\u00e9s aux capteurs et aux buses de lave-phares, zones sensibles qui subissent fr\u00e9quemment des impacts.<\/p>\n<p>&nbsp;<\/p>\n<h2>Les baguettes et finitions disponibles<\/h2>\n<p>Les <strong>baguettes de protection<\/strong> lat\u00e9rales se d\u00e9clinent en plusieurs versions pour votre Mercedes. Le mod\u00e8le standard en <strong>polym\u00e8re noir mat<\/strong> assure une protection efficace contre les chocs mineurs. Pour un rendu plus premium, vous pouvez opter pour des <strong>finitions chrom\u00e9es<\/strong> parfaitement assorties aux inserts de votre v\u00e9hicule.<\/p>\n<p>La gamme <strong>AMG Line<\/strong> propose des baguettes sp\u00e9cifiques avec un design plus sportif et une texture exclusive. Le montage s&rsquo;effectue via un syst\u00e8me de clips renforc\u00e9s garantissant une tenue optimale dans le temps. Des <strong>baguettes r\u00e9tro\u00e9clair\u00e9es<\/strong> sont \u00e9galement disponibles sur certains mod\u00e8les haut de gamme, cr\u00e9ant une signature lumineuse unique la nuit.<\/p>\n<p>Pour les passages de roue, Mercedes propose des <strong>o\u00efes \u00e0 plusieurs pi\u00e8ces<\/strong> permettant un remplacement partiel en cas de dommage localis\u00e9. Une info compl\u00e9mentaire essentielle : pensez \u00e0 v\u00e9rifier la compatibilit\u00e9 avec votre <strong>cat\u00e9gorie pare-choc<\/strong> lors du choix des baguettes, notamment autour de la <strong>grille de calandre<\/strong>.<\/p>\n<p>&nbsp;<\/p>\n<h2>Installation et points de contr\u00f4le<\/h2>\n<p>Avant d\u2019entamer l\u2019installation d\u2019un nouveau pare-chocs Mercedes, le technicien pr\u00e9pare l\u2019outillage n\u00e9cessaire, notamment un jeu de tournevis et une cl\u00e9 dynamom\u00e9trique. L\u2019op\u00e9ration s\u2019effectue sur une surface plane et bien \u00e9clair\u00e9e afin de faciliter l\u2019acc\u00e8s aux points de fixation situ\u00e9s sous le v\u00e9hicule.<\/p>\n<p>Il commence par v\u00e9rifier la pr\u00e9sence et le bon \u00e9tat de l\u2019ensemble des clips de fixation. Un contr\u00f4le rigoureux des supports m\u00e9talliques est \u00e9galement r\u00e9alis\u00e9, car une d\u00e9formation pourrait nuire \u00e0 l\u2019alignement final du pare-chocs.\u00a0Lors du montage, le technicien respecte scrupuleusement le couple de serrage recommand\u00e9, g\u00e9n\u00e9ralement compris entre 8 et 12 Nm pour les vis principales.<\/p>\n<p>Il proc\u00e8de ensuite au raccordement des connecteurs \u00e9lectriques des capteurs, en s\u2019assurant de leur bon fonctionnement avant de poursuivre le remontage complet. Un test d\u2019alignement avec les ailes et le capot permet de valider la qualit\u00e9 et la pr\u00e9cision de l\u2019installation.<\/p>\n<p>N&rsquo;h\u00e9sitez pas \u00e0 prendre rendez-vous en <a href=\"https:\/\/www.bymycar.be\/fr\/concessions\">concession BYmyCAR<\/a> pour l&rsquo;entretien de votre pare-choc.<\/p>\n<p>&nbsp;<\/p>\n<p>&nbsp;<\/p>\n<p>D\u2019autres articles qui pourraient vous int\u00e9resser\u00a0:<\/p>\n<p><a href=\"https:\/\/www.bymycar.be\/webzine\/guide-complet-des-injecteurs-mercedes-modeles-diagnostic-et-solutions\/\">Guide complet des injecteurs Mercedes : mod\u00e8les, diagnostic et solutions<\/a><\/p>\n<p><a href=\"https:\/\/www.bymycar.be\/webzine\/pourquoi-et-quand-changer-le-liquide-de-refroidissement-dune-mercedes\/\">Pourquoi et quand changer le liquide de refroidissement d\u2019une Mercedes ?<\/a><\/p>\n<p><a href=\"https:\/\/www.bymycar.be\/webzine\/comment-entretenir-sa-mercedes-pour-prolonger-sa-duree-de-vie\/\">Comment entretenir sa Mercedes pour prolonger sa dur\u00e9e de vie ?<\/a><\/p>\n<p><a href=\"https:\/\/www.bymycar.be\/webzine\/boite-automatique-mercedes-entretien-pannes-et-solutions\/\">Bo\u00eete automatique Mercedes : entretien, pannes et solutions\u00a0<\/a><\/p>\n<p><a href=\"https:\/\/www.bymycar.be\/webzine\/batterie-de-mercedes-comment-la-choisir-lentretenir-et-la-remplacer\/\">Batterie de Mercedes : comment la choisir, l\u2019entretenir et la remplacer ?<\/a><\/p>\n<p><a href=\"https:\/\/www.bymycar.be\/webzine\/quelle-huile-moteur-choisir-pour-une-mercedes-benz\/\">Quelle huile moteur choisir pour une Mercedes-Benz ?<\/a><\/p>\n<p><a href=\"https:\/\/www.bymycar.be\/webzine\/quand-et-comment-changer-les-freins-de-votre-mercedes\/\">Quand et comment changer les freins de votre Mercedes ?<\/a><\/p>\n<p><a href=\"https:\/\/www.bymycar.be\/webzine\/comment-choisir-vos-essuie-glaces-mercedes\/\">Comment choisir vos essuie-glaces Mercedes ?<\/a><\/p>\n<p><a href=\"https:\/\/www.bymycar.be\/webzine\/maintenance-hybride-mercedes-quelles-precautions-prendre-pour-preserver-votre-vehicule\/\">Maintenance hybride Mercedes : quelles pr\u00e9cautions prendre pour pr\u00e9server votre v\u00e9hicule ?<\/a><\/p>\n<p><a href=\"https:\/\/www.bymycar.be\/webzine\/quels-sont-les-meilleurs-accessoires-pour-votre-voiture-mercedes\/\">Quels sont les meilleurs accessoires pour votre voiture Mercedes ?<\/a><\/p>\n<p><a href=\"https:\/\/www.bymycar.be\/webzine\/comment-sont-fabriquees-les-jantes-mercedes-amg\/\">Comment sont fabriqu\u00e9es les jantes Mercedes-AMG ?<\/a><\/p>\n"}}]}},"yoast_head":"<!-- This site is optimized with the Yoast SEO Premium plugin v26.4 (Yoast SEO v27.1.1) - https:\/\/yoast.com\/product\/yoast-seo-premium-wordpress\/ -->\n<title>Quel type de pare-chocs choisir pour votre voiture Mercedes ? - Webzine BE | BYmyCAR<\/title>\n<meta name=\"robots\" content=\"index, follow, max-snippet:-1, max-image-preview:large, max-video-preview:-1\" \/>\n<link rel=\"canonical\" href=\"https:\/\/www.bymycar.be\/webzine\/quel-type-de-pare-chocs-choisir-pour-votre-voiture-mercedes\/\" \/>\n<meta property=\"og:locale\" content=\"fr_FR\" \/>\n<meta property=\"og:type\" content=\"article\" \/>\n<meta property=\"og:title\" content=\"Quel type de pare-chocs choisir pour votre voiture Mercedes ?\" \/>\n<meta property=\"og:url\" content=\"https:\/\/www.bymycar.be\/webzine\/quel-type-de-pare-chocs-choisir-pour-votre-voiture-mercedes\/\" \/>\n<meta property=\"og:site_name\" content=\"Webzine BE | BYmyCAR\" \/>\n<meta property=\"article:publisher\" content=\"https:\/\/www.facebook.com\/BYmyCAR.officiel\/\" \/>\n<meta property=\"article:published_time\" content=\"2025-07-11T10:02:58+00:00\" \/>\n<meta property=\"article:modified_time\" content=\"2025-07-15T08:25:53+00:00\" \/>\n<meta name=\"author\" content=\"Lola Vieira Da Silva\" \/>\n<meta name=\"twitter:card\" content=\"summary_large_image\" \/>\n<meta name=\"twitter:label1\" content=\"\u00c9crit par\" \/>\n\t<meta name=\"twitter:data1\" content=\"Lola Vieira Da Silva\" \/>\n<script type=\"application\/ld+json\" class=\"yoast-schema-graph\">{\"@context\":\"https:\/\/schema.org\",\"@graph\":[{\"@type\":\"Article\",\"@id\":\"https:\/\/www.bymycar.be\/webzine\/quel-type-de-pare-chocs-choisir-pour-votre-voiture-mercedes\/#article\",\"isPartOf\":{\"@id\":\"https:\/\/www.bymycar.be\/webzine\/quel-type-de-pare-chocs-choisir-pour-votre-voiture-mercedes\/\"},\"author\":{\"name\":\"Lola Vieira Da Silva\",\"@id\":\"https:\/\/www.bymycar.be\/webzine\/nl\/#\/schema\/person\/62e6ba497b0835d16ce47e28f2f08327\"},\"headline\":\"Quel type de pare-chocs choisir pour votre voiture Mercedes ?\",\"datePublished\":\"2025-07-11T10:02:58+00:00\",\"dateModified\":\"2025-07-15T08:25:53+00:00\",\"mainEntityOfPage\":{\"@id\":\"https:\/\/www.bymycar.be\/webzine\/quel-type-de-pare-chocs-choisir-pour-votre-voiture-mercedes\/\"},\"wordCount\":9,\"publisher\":{\"@id\":\"https:\/\/www.bymycar.be\/webzine\/nl\/#organization\"},\"articleSection\":[\"Conseils et Astuces\",\"Entretien Mercedes\"],\"inLanguage\":\"fr-FR\"},{\"@type\":\"WebPage\",\"@id\":\"https:\/\/www.bymycar.be\/webzine\/quel-type-de-pare-chocs-choisir-pour-votre-voiture-mercedes\/\",\"url\":\"https:\/\/www.bymycar.be\/webzine\/quel-type-de-pare-chocs-choisir-pour-votre-voiture-mercedes\/\",\"name\":\"Quel type de pare-chocs choisir pour votre voiture Mercedes ? - Webzine BE | BYmyCAR\",\"isPartOf\":{\"@id\":\"https:\/\/www.bymycar.be\/webzine\/nl\/#website\"},\"datePublished\":\"2025-07-11T10:02:58+00:00\",\"dateModified\":\"2025-07-15T08:25:53+00:00\",\"breadcrumb\":{\"@id\":\"https:\/\/www.bymycar.be\/webzine\/quel-type-de-pare-chocs-choisir-pour-votre-voiture-mercedes\/#breadcrumb\"},\"inLanguage\":\"fr-FR\",\"potentialAction\":[{\"@type\":\"ReadAction\",\"target\":[\"https:\/\/www.bymycar.be\/webzine\/quel-type-de-pare-chocs-choisir-pour-votre-voiture-mercedes\/\"]}]},{\"@type\":\"BreadcrumbList\",\"@id\":\"https:\/\/www.bymycar.be\/webzine\/quel-type-de-pare-chocs-choisir-pour-votre-voiture-mercedes\/#breadcrumb\",\"itemListElement\":[{\"@type\":\"ListItem\",\"position\":1,\"name\":\"Accueil\",\"item\":\"https:\/\/www.bymycar.be\/webzine\/\"},{\"@type\":\"ListItem\",\"position\":2,\"name\":\"Quel type de pare-chocs choisir pour votre voiture Mercedes ?\"}]},{\"@type\":\"WebSite\",\"@id\":\"https:\/\/www.bymycar.be\/webzine\/nl\/#website\",\"url\":\"https:\/\/www.bymycar.be\/webzine\/nl\/\",\"name\":\"Webzine | BYmyCAR\",\"description\":\"_Le webzine auto de\",\"publisher\":{\"@id\":\"https:\/\/www.bymycar.be\/webzine\/nl\/#organization\"},\"potentialAction\":[{\"@type\":\"SearchAction\",\"target\":{\"@type\":\"EntryPoint\",\"urlTemplate\":\"https:\/\/www.bymycar.be\/webzine\/nl\/?s={search_term_string}\"},\"query-input\":{\"@type\":\"PropertyValueSpecification\",\"valueRequired\":true,\"valueName\":\"search_term_string\"}}],\"inLanguage\":\"fr-FR\"},{\"@type\":\"Organization\",\"@id\":\"https:\/\/www.bymycar.be\/webzine\/nl\/#organization\",\"name\":\"Webzine | BYmyCAR\",\"url\":\"https:\/\/www.bymycar.be\/webzine\/nl\/\",\"logo\":{\"@type\":\"ImageObject\",\"inLanguage\":\"fr-FR\",\"@id\":\"https:\/\/www.bymycar.be\/webzine\/nl\/#\/schema\/logo\/image\/\",\"url\":\"https:\/\/cdn.bymycar.eu\/be-webzine\/wp-content\/uploads\/2024\/11\/20203047\/logo.png\",\"contentUrl\":\"https:\/\/cdn.bymycar.eu\/be-webzine\/wp-content\/uploads\/2024\/11\/20203047\/logo.png\",\"width\":1280,\"height\":512,\"caption\":\"Webzine | BYmyCAR\"},\"image\":{\"@id\":\"https:\/\/www.bymycar.be\/webzine\/nl\/#\/schema\/logo\/image\/\"},\"sameAs\":[\"https:\/\/www.facebook.com\/BYmyCAR.officiel\/\",\"https:\/\/www.instagram.com\/bymycar.officiel\/\"]},{\"@type\":\"Person\",\"@id\":\"https:\/\/www.bymycar.be\/webzine\/nl\/#\/schema\/person\/62e6ba497b0835d16ce47e28f2f08327\",\"name\":\"Lola Vieira Da Silva\",\"image\":{\"@type\":\"ImageObject\",\"inLanguage\":\"fr-FR\",\"@id\":\"https:\/\/www.bymycar.be\/webzine\/nl\/#\/schema\/person\/image\/\",\"url\":\"https:\/\/secure.gravatar.com\/avatar\/8d491122de3cbfd87e645bbdbd392d04626ebb95f4929de9cc1231399984b34b?s=96&d=mm&r=g\",\"contentUrl\":\"https:\/\/secure.gravatar.com\/avatar\/8d491122de3cbfd87e645bbdbd392d04626ebb95f4929de9cc1231399984b34b?s=96&d=mm&r=g\",\"caption\":\"Lola Vieira Da Silva\"}}]}<\/script>\n<!-- \/ Yoast SEO Premium plugin. -->","yoast_head_json":{"title":"Quel type de pare-chocs choisir pour votre voiture Mercedes ? - Webzine BE | BYmyCAR","robots":{"index":"index","follow":"follow","max-snippet":"max-snippet:-1","max-image-preview":"max-image-preview:large","max-video-preview":"max-video-preview:-1"},"canonical":"https:\/\/www.bymycar.be\/webzine\/quel-type-de-pare-chocs-choisir-pour-votre-voiture-mercedes\/","og_locale":"fr_FR","og_type":"article","og_title":"Quel type de pare-chocs choisir pour votre voiture Mercedes ?","og_url":"https:\/\/www.bymycar.be\/webzine\/quel-type-de-pare-chocs-choisir-pour-votre-voiture-mercedes\/","og_site_name":"Webzine BE | BYmyCAR","article_publisher":"https:\/\/www.facebook.com\/BYmyCAR.officiel\/","article_published_time":"2025-07-11T10:02:58+00:00","article_modified_time":"2025-07-15T08:25:53+00:00","author":"Lola Vieira Da Silva","twitter_card":"summary_large_image","twitter_misc":{"\u00c9crit par":"Lola Vieira Da Silva"},"schema":{"@context":"https:\/\/schema.org","@graph":[{"@type":"Article","@id":"https:\/\/www.bymycar.be\/webzine\/quel-type-de-pare-chocs-choisir-pour-votre-voiture-mercedes\/#article","isPartOf":{"@id":"https:\/\/www.bymycar.be\/webzine\/quel-type-de-pare-chocs-choisir-pour-votre-voiture-mercedes\/"},"author":{"name":"Lola Vieira Da Silva","@id":"https:\/\/www.bymycar.be\/webzine\/nl\/#\/schema\/person\/62e6ba497b0835d16ce47e28f2f08327"},"headline":"Quel type de pare-chocs choisir pour votre voiture Mercedes ?","datePublished":"2025-07-11T10:02:58+00:00","dateModified":"2025-07-15T08:25:53+00:00","mainEntityOfPage":{"@id":"https:\/\/www.bymycar.be\/webzine\/quel-type-de-pare-chocs-choisir-pour-votre-voiture-mercedes\/"},"wordCount":9,"publisher":{"@id":"https:\/\/www.bymycar.be\/webzine\/nl\/#organization"},"articleSection":["Conseils et Astuces","Entretien Mercedes"],"inLanguage":"fr-FR"},{"@type":"WebPage","@id":"https:\/\/www.bymycar.be\/webzine\/quel-type-de-pare-chocs-choisir-pour-votre-voiture-mercedes\/","url":"https:\/\/www.bymycar.be\/webzine\/quel-type-de-pare-chocs-choisir-pour-votre-voiture-mercedes\/","name":"Quel type de pare-chocs choisir pour votre voiture Mercedes ? - Webzine BE | BYmyCAR","isPartOf":{"@id":"https:\/\/www.bymycar.be\/webzine\/nl\/#website"},"datePublished":"2025-07-11T10:02:58+00:00","dateModified":"2025-07-15T08:25:53+00:00","breadcrumb":{"@id":"https:\/\/www.bymycar.be\/webzine\/quel-type-de-pare-chocs-choisir-pour-votre-voiture-mercedes\/#breadcrumb"},"inLanguage":"fr-FR","potentialAction":[{"@type":"ReadAction","target":["https:\/\/www.bymycar.be\/webzine\/quel-type-de-pare-chocs-choisir-pour-votre-voiture-mercedes\/"]}]},{"@type":"BreadcrumbList","@id":"https:\/\/www.bymycar.be\/webzine\/quel-type-de-pare-chocs-choisir-pour-votre-voiture-mercedes\/#breadcrumb","itemListElement":[{"@type":"ListItem","position":1,"name":"Accueil","item":"https:\/\/www.bymycar.be\/webzine\/"},{"@type":"ListItem","position":2,"name":"Quel type de pare-chocs choisir pour votre voiture Mercedes ?"}]},{"@type":"WebSite","@id":"https:\/\/www.bymycar.be\/webzine\/nl\/#website","url":"https:\/\/www.bymycar.be\/webzine\/nl\/","name":"Webzine | BYmyCAR","description":"_Le webzine auto de","publisher":{"@id":"https:\/\/www.bymycar.be\/webzine\/nl\/#organization"},"potentialAction":[{"@type":"SearchAction","target":{"@type":"EntryPoint","urlTemplate":"https:\/\/www.bymycar.be\/webzine\/nl\/?s={search_term_string}"},"query-input":{"@type":"PropertyValueSpecification","valueRequired":true,"valueName":"search_term_string"}}],"inLanguage":"fr-FR"},{"@type":"Organization","@id":"https:\/\/www.bymycar.be\/webzine\/nl\/#organization","name":"Webzine | BYmyCAR","url":"https:\/\/www.bymycar.be\/webzine\/nl\/","logo":{"@type":"ImageObject","inLanguage":"fr-FR","@id":"https:\/\/www.bymycar.be\/webzine\/nl\/#\/schema\/logo\/image\/","url":"https:\/\/cdn.bymycar.eu\/be-webzine\/wp-content\/uploads\/2024\/11\/20203047\/logo.png","contentUrl":"https:\/\/cdn.bymycar.eu\/be-webzine\/wp-content\/uploads\/2024\/11\/20203047\/logo.png","width":1280,"height":512,"caption":"Webzine | BYmyCAR"},"image":{"@id":"https:\/\/www.bymycar.be\/webzine\/nl\/#\/schema\/logo\/image\/"},"sameAs":["https:\/\/www.facebook.com\/BYmyCAR.officiel\/","https:\/\/www.instagram.com\/bymycar.officiel\/"]},{"@type":"Person","@id":"https:\/\/www.bymycar.be\/webzine\/nl\/#\/schema\/person\/62e6ba497b0835d16ce47e28f2f08327","name":"Lola Vieira Da Silva","image":{"@type":"ImageObject","inLanguage":"fr-FR","@id":"https:\/\/www.bymycar.be\/webzine\/nl\/#\/schema\/person\/image\/","url":"https:\/\/secure.gravatar.com\/avatar\/8d491122de3cbfd87e645bbdbd392d04626ebb95f4929de9cc1231399984b34b?s=96&d=mm&r=g","contentUrl":"https:\/\/secure.gravatar.com\/avatar\/8d491122de3cbfd87e645bbdbd392d04626ebb95f4929de9cc1231399984b34b?s=96&d=mm&r=g","caption":"Lola Vieira Da Silva"}}]}},"_links":{"self":[{"href":"https:\/\/www.bymycar.be\/webzine\/wp-json\/wp\/v2\/posts\/4696","targetHints":{"allow":["GET"]}}],"collection":[{"href":"https:\/\/www.bymycar.be\/webzine\/wp-json\/wp\/v2\/posts"}],"about":[{"href":"https:\/\/www.bymycar.be\/webzine\/wp-json\/wp\/v2\/types\/post"}],"author":[{"embeddable":true,"href":"https:\/\/www.bymycar.be\/webzine\/wp-json\/wp\/v2\/users\/14"}],"replies":[{"embeddable":true,"href":"https:\/\/www.bymycar.be\/webzine\/wp-json\/wp\/v2\/comments?post=4696"}],"version-history":[{"count":3,"href":"https:\/\/www.bymycar.be\/webzine\/wp-json\/wp\/v2\/posts\/4696\/revisions"}],"predecessor-version":[{"id":4734,"href":"https:\/\/www.bymycar.be\/webzine\/wp-json\/wp\/v2\/posts\/4696\/revisions\/4734"}],"wp:attachment":[{"href":"https:\/\/www.bymycar.be\/webzine\/wp-json\/wp\/v2\/media?parent=4696"}],"wp:term":[{"taxonomy":"category","embeddable":true,"href":"https:\/\/www.bymycar.be\/webzine\/wp-json\/wp\/v2\/categories?post=4696"},{"taxonomy":"post_tag","embeddable":true,"href":"https:\/\/www.bymycar.be\/webzine\/wp-json\/wp\/v2\/tags?post=4696"}],"curies":[{"name":"wp","href":"https:\/\/api.w.org\/{rel}","templated":true}]}}