{"id":4690,"date":"2025-07-11T10:51:51","date_gmt":"2025-07-11T08:51:51","guid":{"rendered":"https:\/\/www.bymycar.be\/webzine\/?p=4690"},"modified":"2025-07-15T10:24:59","modified_gmt":"2025-07-15T08:24:59","slug":"batterie-de-mercedes-comment-la-choisir-lentretenir-et-la-remplacer","status":"publish","type":"post","link":"https:\/\/www.bymycar.be\/webzine\/batterie-de-mercedes-comment-la-choisir-lentretenir-et-la-remplacer\/","title":{"rendered":"Batterie de Mercedes : comment la choisir, l&rsquo;entretenir et la remplacer ?"},"content":{"rendered":"","protected":false},"excerpt":{"rendered":"","protected":false},"author":14,"featured_media":0,"comment_status":"closed","ping_status":"closed","sticky":false,"template":"","format":"standard","meta":{"_acf_changed":false,"footnotes":""},"categories":[1350,1437],"tags":[],"class_list":["post-4690","post","type-post","status-publish","format-standard","hentry","category-conseils-et-astuces","category-entretien-mercedes"],"acf":{"image":{"ID":4691,"id":4691,"title":"Mercedes5-110725","filename":"Mercedes5-110725-scaled.jpg","filesize":503623,"url":"https:\/\/cdn.bymycar.eu\/be-webzine\/wp-content\/uploads\/2025\/07\/11105050\/Mercedes5-110725-scaled.jpg","link":"https:\/\/www.bymycar.be\/webzine\/batterie-de-mercedes-comment-la-choisir-lentretenir-et-la-remplacer\/mercedes5-110725\/","alt":"Mercedes grise","author":"14","description":"","caption":"","name":"mercedes5-110725","status":"inherit","uploaded_to":4690,"date":"2025-07-11 08:50:43","modified":"2025-07-11 08:50:58","menu_order":0,"mime_type":"image\/jpeg","type":"image","subtype":"jpeg","icon":"https:\/\/www.bymycar.be\/webzine\/wp-includes\/images\/media\/default.png","width":2560,"height":1698,"sizes":{"thumbnail":"https:\/\/cdn.bymycar.eu\/be-webzine\/wp-content\/uploads\/2025\/07\/11105050\/Mercedes5-110725-150x150.jpg","thumbnail-width":150,"thumbnail-height":150,"medium":"https:\/\/cdn.bymycar.eu\/be-webzine\/wp-content\/uploads\/2025\/07\/11105050\/Mercedes5-110725-300x199.jpg","medium-width":300,"medium-height":199,"medium_large":"https:\/\/cdn.bymycar.eu\/be-webzine\/wp-content\/uploads\/2025\/07\/11105050\/Mercedes5-110725-768x509.jpg","medium_large-width":768,"medium_large-height":509,"large":"https:\/\/cdn.bymycar.eu\/be-webzine\/wp-content\/uploads\/2025\/07\/11105050\/Mercedes5-110725-1024x679.jpg","large-width":1024,"large-height":679,"1536x1536":"https:\/\/cdn.bymycar.eu\/be-webzine\/wp-content\/uploads\/2025\/07\/11105050\/Mercedes5-110725-1536x1019.jpg","1536x1536-width":1536,"1536x1536-height":1019,"2048x2048":"https:\/\/cdn.bymycar.eu\/be-webzine\/wp-content\/uploads\/2025\/07\/11105050\/Mercedes5-110725-2048x1359.jpg","2048x2048-width":2048,"2048x2048-height":1359}},"introduction":"<p>Votre Mercedes m\u00e9rite une batterie \u00e0 la hauteur de ses performances, mais comment choisir parmi les nombreuses options disponibles ? Entre les batteries d&rsquo;origine Mercedes-Benz, les mod\u00e8les Start-Stop et les versions standard, vous vous demandez peut-\u00eatre quelle est la solution id\u00e9ale pour votre v\u00e9hicule ? La dur\u00e9e de vie moyenne d&rsquo;une batterie Mercedes \u00e9tant de 4 \u00e0 5 ans, il est crucial de s\u00e9lectionner un mod\u00e8le adapt\u00e9 \u00e0 vos besoins sp\u00e9cifiques. D\u00e9couvrez notre guide complet pour faire le meilleur choix et garantir des d\u00e9marrages sans faille \u00e0 votre Mercedes.<\/p>\n","add-to-bo":false,"page_content":{"block_content":[{"acf_fc_layout":"text-simple","--nav":{"-withNav":false,"-ancre":""},"--group":{"-text":"<h2>Quels sont les diff\u00e9rents types de batteries Mercedes ?<\/h2>\n<h3><strong>Les batteries d&rsquo;origine Mercedes-Benz<\/strong><\/h3>\n<p>Reconnues pour leur excellence technique, les <strong>batteries d&rsquo;origine Mercedes-Benz<\/strong> r\u00e9pondent aux exigences les plus strictes de votre v\u00e9hicule. La <strong>disposition des p\u00f4les<\/strong> et le <strong>voltage<\/strong> sont sp\u00e9cifiquement calibr\u00e9s selon votre <strong>type de v\u00e9hicule<\/strong>, garantissant une compatibilit\u00e9 parfaite avec les syst\u00e8mes \u00e9lectroniques embarqu\u00e9s.<\/p>\n<p>Ces batteries premium maintiennent une <strong>tension<\/strong> nominale de 12V m\u00eame dans des conditions extr\u00eames, assurant le bon fonctionnement de vos \u00e9quipements de s\u00e9curit\u00e9 et de confort. Leur conception robuste int\u00e8gre la technologie AGM (Absorbent Glass Mat), qui am\u00e9liore la durabilit\u00e9 et les performances, notamment en termes de r\u00e9sistance aux cycles de charge\/d\u00e9charge et de d\u00e9marrage \u00e0 froid.<\/p>\n<p>BYmyCAR s\u00e9lectionne exclusivement des batteries certifi\u00e9es Mercedes-Benz, dot\u00e9es d&rsquo;une capacit\u00e9 adapt\u00e9e \u00e0 chaque mod\u00e8le et d&rsquo;une r\u00e9sistance accrue aux cycles de charge-d\u00e9charge fr\u00e9quents.<\/p>\n<p>&nbsp;<\/p>\n<h3><strong>Les batteries Start-Stop : La technologie moderne<\/strong><\/h3>\n<p>La <strong>technologie Start-Stop<\/strong> repr\u00e9sente une \u00e9volution majeure, particuli\u00e8rement pr\u00e9sente sur les mod\u00e8les r\u00e9cents de Classe C. Votre ancienne batterie conventionnelle ne peut supporter les milliers de cycles d\u00e9marrage-arr\u00eat impos\u00e9s par ce syst\u00e8me.<\/p>\n<p>Les batteries d\u00e9di\u00e9es Start-Stop se d\u00e9clinent en deux technologies : l&rsquo;<strong>EFB<\/strong> (Enhanced Flooded Battery) et l&rsquo;<strong>AGM<\/strong> (Absorbent Glass Mat). BYmyCAR vous aide \u00e0 choisir la batterie \u00e0 l&rsquo;aide d&rsquo;un diagnostic pr\u00e9cis de vos besoins.<\/p>\n<p>Pour choisir la batterie la plus adapt\u00e9e, nos experts vous recommandent g\u00e9n\u00e9ralement une batterie AGM pour les v\u00e9hicules \u00e9quip\u00e9s de la r\u00e9cup\u00e9ration d&rsquo;\u00e9nergie au freinage, et une batterie EFB pour les syst\u00e8mes Start-Stop plus simples. Un diagnostic pr\u00e9cis est toutefois n\u00e9cessaire.<\/p>\n<p>&nbsp;<\/p>\n<h3><strong>Les batteries standard : Le choix classique<\/strong><\/h3>\n<p>Pour votre Mercedes plus ancienne ou celles sans syst\u00e8me Start-Stop, les\u00a0<strong>batteries standard au plomb-acide<\/strong> peuvent repr\u00e9senter une solution \u00e9conomique. Ces mod\u00e8les conventionnels offrent un excellent rapport qualit\u00e9-prix avec une dur\u00e9e de vie moyenne de 4 \u00e0 5 ans dans des conditions normales d&rsquo;utilisation.<\/p>\n<p>Vous appr\u00e9cierez leur fiabilit\u00e9 reconnue et leur capacit\u00e9 \u00e0 d\u00e9livrer un courant de d\u00e9marrage suffisant pour les moteurs classiques. Les versions r\u00e9centes int\u00e8grent des grilles en alliage calcium-argent qui limitent l&rsquo;auto-d\u00e9charge et augmentent la r\u00e9sistance aux temp\u00e9ratures extr\u00eames.<\/p>\n<p>Ces batteries sans entretien maintiennent des performances stables m\u00eame apr\u00e8s de longues p\u00e9riodes d&rsquo;immobilisation, un atout majeur si vous utilisez votre Mercedes de fa\u00e7on occasionnelle.<\/p>\n<p>&nbsp;<\/p>\n<h2>Quelle batterie choisir selon votre mod\u00e8le Mercedes ?<\/h2>\n<h3><strong>Les batteries pour Mercedes Classe C et C220<\/strong><\/h3>\n<p>Les <strong> <a href=\"https:\/\/www.bymycar.be\/fr\/v\/mercedes-classe-c\">Mercedes Classe C<\/a> et C220<\/strong> exigent des batteries parfaitement adapt\u00e9es \u00e0 leur syst\u00e8me \u00e9lectrique sophistiqu\u00e9. Certains mod\u00e8les peuvent n\u00e9cessiter une puissance de d\u00e9marrage de 760A et une capacit\u00e9 d&rsquo;au moins 100Ah pour alimenter tous les \u00e9quipements.<\/p>\n<p>Pour votre Classe C \u00e9quip\u00e9e du syst\u00e8me Start-Stop, une batterie <strong>AGM<\/strong> optimis\u00e9e s&rsquo;impose, avec des bouchons sertis et un t\u00e9moin d&rsquo;\u00e9tat int\u00e9gr\u00e9 : <strong>noir pour OK, blanc pour remplacement<\/strong>. La version <strong>C220<\/strong> requiert quant \u00e0 elle une tension stable de <strong>14,2V<\/strong> en fonctionnement pour maintenir les performances optimales du syst\u00e8me d&rsquo;injection.<\/p>\n<p>Certains mod\u00e8les r\u00e9cents peuvent \u00eatre \u00e9quip\u00e9s d&rsquo;une batterie auxiliaire, souvent situ\u00e9e sous le plancher c\u00f4t\u00e9 passager, qui assure la continuit\u00e9 de l&rsquo;alimentation de certains syst\u00e8mes lors des phases d&rsquo;arr\u00eat automatique du moteur.<\/p>\n<p>&nbsp;<\/p>\n<h3><strong>Les solutions pour GLE et Sprinter<\/strong><\/h3>\n<p>Le <a href=\"https:\/\/www.bymycar.be\/fr\/v\/mercedes-gle\">Mercedes GLE<\/a>, avec ses nombreux \u00e9quipements, peut n\u00e9cessiter une batterie puissante. Un mod\u00e8le AGM de 95Ah avec une capacit\u00e9 de d\u00e9marrage de 850A peut \u00eatre adapt\u00e9, mais il est crucial de v\u00e9rifier les sp\u00e9cifications exactes recommand\u00e9es pour votre mod\u00e8le sp\u00e9cifique.<\/p>\n<p>Pour le <a href=\"https:\/\/www.bymycar.be\/fr\/v\/mercedes-sprinter\"> <strong>Sprinter<\/strong> <\/a>, la robustesse de la batterie est essentielle. Une batterie EFB de 100Ah avec 950A au d\u00e9marrage peut \u00eatre appropri\u00e9e, mais il est imp\u00e9ratif de consulter les recommandations du constructeur pour garantir une fiabilit\u00e9 optimale en fonction de l&rsquo;utilisation.<\/p>\n<p>BYmyCAR vous propose des solutions adapt\u00e9es \u00e0 votre usage : batteries renforc\u00e9es pour les <strong>Sprinter<\/strong> effectuant de longues distances, ou versions haute performance pour les <strong>GLE<\/strong> \u00e9quip\u00e9s de syst\u00e8mes multim\u00e9dias avanc\u00e9s.<\/p>\n<p>&nbsp;<\/p>\n<h3><strong>Les sp\u00e9cificit\u00e9s Classe 200 et Vito<\/strong><\/h3>\n<p>Certains mod\u00e8les de Mercedes Classe 200 peuvent \u00eatre \u00e9quip\u00e9s d&rsquo;une batterie auxiliaire situ\u00e9e sous le si\u00e8ge conducteur. Cette batterie, si pr\u00e9sente, doit avoir une capacit\u00e9 et une puissance de d\u00e9marrage adapt\u00e9es aux syst\u00e8mes \u00e9lectroniques du v\u00e9hicule. Il est important de v\u00e9rifier les sp\u00e9cifications exactes pour votre mod\u00e8le.<\/p>\n<p>Certains mod\u00e8les de Vito peuvent avoir une architecture \u00e9lectrique avec deux batteries : une principale pour le d\u00e9marrage et une secondaire pour les \u00e9quipements de confort. Cette configuration peut am\u00e9liorer l&rsquo;autonomie, mais les sp\u00e9cifications exactes varient selon le mod\u00e8le et l&rsquo;ann\u00e9e de fabrication.<\/p>\n<p>Les mod\u00e8les r\u00e9cents b\u00e9n\u00e9ficient d&rsquo;un syst\u00e8me de gestion intelligent qui optimise la r\u00e9partition des charges entre les deux batteries, prolongeant significativement leur dur\u00e9e de vie.<\/p>\n<p>&nbsp;<\/p>\n<p>&nbsp;<\/p>\n<p style=\"text-align: center;\"><a href=\"https:\/\/www.bymycar.be\/fr\/v\/mercedes\" target=\"_blank\" class=\"css-button css-button--gold\" >\n                D\u00e9couvrez tous nos v\u00e9hicules Mercedes en stock\n        <\/a><\/p>\n<p>&nbsp;<\/p>\n<p>&nbsp;<\/p>\n<h2>Quand changer la batterie d&rsquo;une Mercedes ?<\/h2>\n<h3><strong>Surveiller les voyants et alertes\u00a0\u00a0<\/strong><\/h3>\n<p>Le <strong>voyant de batterie<\/strong> sur votre tableau de bord Mercedes se pr\u00e9sente sous forme d&rsquo;un rectangle avec les signes \u00ab\u00a0+\u00a0\u00bb et \u00ab\u00a0-\u00ab\u00a0. Sa couleur vous indique la gravit\u00e9 du probl\u00e8me : <strong>rouge<\/strong> pour un arr\u00eat imm\u00e9diat n\u00e9cessaire, <strong>orange<\/strong> pour une v\u00e9rification rapide recommand\u00e9e.<\/p>\n<p>Un <strong>t\u00e9moin rouge fixe<\/strong> accompagn\u00e9 du message \u00ab\u00a0Batterie\/Alternateur\u00a0\u00bb exige votre attention imm\u00e9diate. Dans ce cas, v\u00e9rifiez la tension de la batterie avec un voltm\u00e8tre. Une tension \u00e0 vide inf\u00e9rieure \u00e0 12,4V peut indiquer un probl\u00e8me et n\u00e9cessiter un remplacement, mais un test de charge est recommand\u00e9 pour confirmer le diagnostic.<\/p>\n<p>D&rsquo;autres signes s&rsquo;ajoutent souvent au voyant principal : <strong>syst\u00e8me Start-Stop<\/strong> inop\u00e9rant, <strong>climatisation<\/strong> qui s&rsquo;\u00e9teint subitement ou <strong>\u00e9clairage<\/strong> qui faiblit. Ces sympt\u00f4mes, combin\u00e9s \u00e0 des <strong>d\u00e9marrages laborieux<\/strong>, confirment le diagnostic d&rsquo;une batterie en fin de vie.<\/p>\n<p>&nbsp;<\/p>\n<h3><strong>S&rsquo;int\u00e9resser aux probl\u00e8mes de d\u00e9charge fr\u00e9quents<\/strong><\/h3>\n<p>Si votre Mercedes a du mal \u00e0 d\u00e9marrer apr\u00e8s une p\u00e9riode d&rsquo;immobilisation, cela peut indiquer un probl\u00e8me avec le syst\u00e8me \u00e9lectrique. L&rsquo;alternateur est un composant essentiel, et une tension de charge inf\u00e9rieure \u00e0 13,8V, mesur\u00e9e lors du fonctionnement du moteur, peut signaler un dysfonctionnement. Il est recommand\u00e9 de faire v\u00e9rifier l&rsquo;alternateur par un professionnel.<\/p>\n<p>Les <strong>trajets courts r\u00e9p\u00e9t\u00e9s<\/strong> impactent \u00e9galement la dur\u00e9e de vie de votre batterie. En effet, votre v\u00e9hicule consomme davantage d&rsquo;\u00e9nergie au d\u00e9marrage qu&rsquo;il n&rsquo;en r\u00e9cup\u00e8re sur ces courtes distances. Un <strong>test de capacit\u00e9<\/strong> r\u00e9alis\u00e9 par votre technicien BYmyCAR permet de mesurer la sant\u00e9 r\u00e9elle de votre batterie.<\/p>\n<p>Un <strong>courant de repos<\/strong> anormalement \u00e9lev\u00e9 constitue une autre source fr\u00e9quente de d\u00e9charge. Des \u00e9quipements comme le <strong>syst\u00e8me d&rsquo;alarme<\/strong> ou les <strong>calculateurs de position des si\u00e8ges<\/strong> peuvent continuer \u00e0 solliciter la batterie m\u00eame contact coup\u00e9.<\/p>\n<p>&nbsp;<\/p>\n<h2>Installation et maintenance : que retenir ?<\/h2>\n<h3><strong>Le r\u00f4le du chargeur<\/strong><\/h3>\n<p>L&rsquo;utilisation d&rsquo;un chargeur de batterie intelligent peut aider \u00e0 maintenir les performances de votre Mercedes, en particulier si le v\u00e9hicule est immobilis\u00e9 pendant de longues p\u00e9riodes. Cette solution vous permet de pr\u00e9server la charge m\u00eame lors des p\u00e9riodes d&rsquo;immobilisation prolong\u00e9es, sans risque de surcharge gr\u00e2ce \u00e0 sa r\u00e9gulation automatique.<\/p>\n<p>Vous disposez de plusieurs options selon vos besoins. Le <strong>chargeur de maintien<\/strong> assure une charge constante \u00e0 faible amp\u00e9rage, id\u00e9al pour un stationnement longue dur\u00e9e. Le <strong>chargeur rapide<\/strong>, lui, d\u00e9livre jusqu&rsquo;\u00e0 15 amp\u00e8res pour une recharge compl\u00e8te en quelques heures.<\/p>\n<p>La connexion s&rsquo;effectue simplement via les cosses de votre batterie, en respectant la polarit\u00e9. Un voyant vert vous confirme la bonne charge, tandis qu&rsquo;un t\u00e9moin rouge signale une inversion de branchement. Pour votre s\u00e9curit\u00e9, privil\u00e9giez les mod\u00e8les \u00e9quip\u00e9s d&rsquo;une protection contre les courts-circuits.<\/p>\n<p>&nbsp;<\/p>\n<h3><strong>Entretien pr\u00e9ventif recommand\u00e9<\/strong><\/h3>\n<p>Un contr\u00f4le r\u00e9gulier des connexions \u00e9lectriques peut aider \u00e0 pr\u00e9venir les pannes. Il est conseill\u00e9 de nettoyer les cosses de la batterie avec une brosse m\u00e9tallique pour \u00e9liminer l&rsquo;oxydation, qui peut r\u00e9duire l&rsquo;efficacit\u00e9 du syst\u00e8me \u00e9lectrique.<\/p>\n<p>La v\u00e9rification mensuelle du niveau d&rsquo;\u00e9lectrolyte, sur les mod\u00e8les qui le permettent, garantit une capacit\u00e9 optimale. Pensez \u00e9galement \u00e0 maintenir votre v\u00e9hicule dans un environnement temp\u00e9r\u00e9 : les variations extr\u00eames de temp\u00e9rature affectent significativement les performances de votre syst\u00e8me \u00e9lectrique.<\/p>\n<p>Lors de vos passages en <a href=\"https:\/\/www.bymycar.be\/fr\/concessions\">atelier BYmyCAR<\/a>, nos techniciens r\u00e9alisent un diagnostic complet incluant la mesure de la tension de repos et le test de l&rsquo;alternateur. Cette approche pr\u00e9ventive peut aider \u00e0 pr\u00e9venir les d\u00e9faillances courantes.<\/p>\n<p>&nbsp;<\/p>\n<p>&nbsp;<\/p>\n<p>D\u2019autres articles qui pourraient vous int\u00e9resser\u00a0:<\/p>\n<p><a href=\"https:\/\/www.bymycar.be\/webzine\/guide-complet-des-injecteurs-mercedes-modeles-diagnostic-et-solutions\/\">Guide complet des injecteurs Mercedes : mod\u00e8les, diagnostic et solutions<\/a><\/p>\n<p><a href=\"https:\/\/www.bymycar.be\/webzine\/pourquoi-et-quand-changer-le-liquide-de-refroidissement-dune-mercedes\/\">Pourquoi et quand changer le liquide de refroidissement d\u2019une Mercedes ?<\/a><\/p>\n<p><a href=\"https:\/\/www.bymycar.be\/webzine\/comment-entretenir-sa-mercedes-pour-prolonger-sa-duree-de-vie\/\">Comment entretenir sa Mercedes pour prolonger sa dur\u00e9e de vie ?<\/a><\/p>\n<p><a href=\"https:\/\/www.bymycar.be\/webzine\/boite-automatique-mercedes-entretien-pannes-et-solutions\/\">Bo\u00eete automatique Mercedes : entretien, pannes et solutions\u00a0<\/a><\/p>\n<p><a href=\"https:\/\/www.bymycar.be\/webzine\/quel-type-de-pare-chocs-choisir-pour-votre-voiture-mercedes\/\">Quel type de pare-chocs choisir pour votre voiture Mercedes ?<\/a><\/p>\n<p><a href=\"https:\/\/www.bymycar.be\/webzine\/quelle-huile-moteur-choisir-pour-une-mercedes-benz\/\">Quelle huile moteur choisir pour une Mercedes-Benz ?<\/a><\/p>\n<p><a href=\"https:\/\/www.bymycar.be\/webzine\/quand-et-comment-changer-les-freins-de-votre-mercedes\/\">Quand et comment changer les freins de votre Mercedes ?<\/a><\/p>\n<p><a href=\"https:\/\/www.bymycar.be\/webzine\/comment-choisir-vos-essuie-glaces-mercedes\/\">Comment choisir vos essuie-glaces Mercedes ?<\/a><\/p>\n<p><a href=\"https:\/\/www.bymycar.be\/webzine\/maintenance-hybride-mercedes-quelles-precautions-prendre-pour-preserver-votre-vehicule\/\">Maintenance hybride Mercedes : quelles pr\u00e9cautions prendre pour pr\u00e9server votre v\u00e9hicule ?<\/a><\/p>\n<p><a href=\"https:\/\/www.bymycar.be\/webzine\/quels-sont-les-meilleurs-accessoires-pour-votre-voiture-mercedes\/\">Quels sont les meilleurs accessoires pour votre voiture Mercedes ?<\/a><\/p>\n<p><a href=\"https:\/\/www.bymycar.be\/webzine\/comment-sont-fabriquees-les-jantes-mercedes-amg\/\">Comment sont fabriqu\u00e9es les jantes Mercedes-AMG ?<\/a><\/p>\n"}}]}},"yoast_head":"<!-- This site is optimized with the Yoast SEO Premium plugin v26.4 (Yoast SEO v27.1.1) - https:\/\/yoast.com\/product\/yoast-seo-premium-wordpress\/ -->\n<title>Batterie de Mercedes : comment la choisir, l&#039;entretenir et la remplacer ? - Webzine BE | BYmyCAR<\/title>\n<meta name=\"robots\" content=\"index, follow, max-snippet:-1, max-image-preview:large, max-video-preview:-1\" \/>\n<link rel=\"canonical\" href=\"https:\/\/www.bymycar.be\/webzine\/batterie-de-mercedes-comment-la-choisir-lentretenir-et-la-remplacer\/\" \/>\n<meta property=\"og:locale\" content=\"fr_FR\" \/>\n<meta property=\"og:type\" content=\"article\" \/>\n<meta property=\"og:title\" content=\"Batterie de Mercedes : comment la choisir, l&#039;entretenir et la remplacer ?\" \/>\n<meta property=\"og:url\" content=\"https:\/\/www.bymycar.be\/webzine\/batterie-de-mercedes-comment-la-choisir-lentretenir-et-la-remplacer\/\" \/>\n<meta property=\"og:site_name\" content=\"Webzine BE | BYmyCAR\" \/>\n<meta property=\"article:publisher\" content=\"https:\/\/www.facebook.com\/BYmyCAR.officiel\/\" \/>\n<meta property=\"article:published_time\" content=\"2025-07-11T08:51:51+00:00\" \/>\n<meta property=\"article:modified_time\" content=\"2025-07-15T08:24:59+00:00\" \/>\n<meta name=\"author\" content=\"Lola Vieira Da Silva\" \/>\n<meta name=\"twitter:card\" content=\"summary_large_image\" \/>\n<meta name=\"twitter:label1\" content=\"\u00c9crit par\" \/>\n\t<meta name=\"twitter:data1\" content=\"Lola Vieira Da Silva\" \/>\n<script type=\"application\/ld+json\" class=\"yoast-schema-graph\">{\"@context\":\"https:\/\/schema.org\",\"@graph\":[{\"@type\":\"Article\",\"@id\":\"https:\/\/www.bymycar.be\/webzine\/batterie-de-mercedes-comment-la-choisir-lentretenir-et-la-remplacer\/#article\",\"isPartOf\":{\"@id\":\"https:\/\/www.bymycar.be\/webzine\/batterie-de-mercedes-comment-la-choisir-lentretenir-et-la-remplacer\/\"},\"author\":{\"name\":\"Lola Vieira Da Silva\",\"@id\":\"https:\/\/www.bymycar.be\/webzine\/nl\/#\/schema\/person\/62e6ba497b0835d16ce47e28f2f08327\"},\"headline\":\"Batterie de Mercedes : comment la choisir, l&rsquo;entretenir et la remplacer ?\",\"datePublished\":\"2025-07-11T08:51:51+00:00\",\"dateModified\":\"2025-07-15T08:24:59+00:00\",\"mainEntityOfPage\":{\"@id\":\"https:\/\/www.bymycar.be\/webzine\/batterie-de-mercedes-comment-la-choisir-lentretenir-et-la-remplacer\/\"},\"wordCount\":11,\"publisher\":{\"@id\":\"https:\/\/www.bymycar.be\/webzine\/nl\/#organization\"},\"articleSection\":[\"Conseils et Astuces\",\"Entretien Mercedes\"],\"inLanguage\":\"fr-FR\"},{\"@type\":\"WebPage\",\"@id\":\"https:\/\/www.bymycar.be\/webzine\/batterie-de-mercedes-comment-la-choisir-lentretenir-et-la-remplacer\/\",\"url\":\"https:\/\/www.bymycar.be\/webzine\/batterie-de-mercedes-comment-la-choisir-lentretenir-et-la-remplacer\/\",\"name\":\"Batterie de Mercedes : comment la choisir, l'entretenir et la remplacer ? - Webzine BE | BYmyCAR\",\"isPartOf\":{\"@id\":\"https:\/\/www.bymycar.be\/webzine\/nl\/#website\"},\"datePublished\":\"2025-07-11T08:51:51+00:00\",\"dateModified\":\"2025-07-15T08:24:59+00:00\",\"breadcrumb\":{\"@id\":\"https:\/\/www.bymycar.be\/webzine\/batterie-de-mercedes-comment-la-choisir-lentretenir-et-la-remplacer\/#breadcrumb\"},\"inLanguage\":\"fr-FR\",\"potentialAction\":[{\"@type\":\"ReadAction\",\"target\":[\"https:\/\/www.bymycar.be\/webzine\/batterie-de-mercedes-comment-la-choisir-lentretenir-et-la-remplacer\/\"]}]},{\"@type\":\"BreadcrumbList\",\"@id\":\"https:\/\/www.bymycar.be\/webzine\/batterie-de-mercedes-comment-la-choisir-lentretenir-et-la-remplacer\/#breadcrumb\",\"itemListElement\":[{\"@type\":\"ListItem\",\"position\":1,\"name\":\"Accueil\",\"item\":\"https:\/\/www.bymycar.be\/webzine\/\"},{\"@type\":\"ListItem\",\"position\":2,\"name\":\"Batterie de Mercedes : comment la choisir, l&rsquo;entretenir et la remplacer ?\"}]},{\"@type\":\"WebSite\",\"@id\":\"https:\/\/www.bymycar.be\/webzine\/nl\/#website\",\"url\":\"https:\/\/www.bymycar.be\/webzine\/nl\/\",\"name\":\"Webzine | BYmyCAR\",\"description\":\"_Le webzine auto de\",\"publisher\":{\"@id\":\"https:\/\/www.bymycar.be\/webzine\/nl\/#organization\"},\"potentialAction\":[{\"@type\":\"SearchAction\",\"target\":{\"@type\":\"EntryPoint\",\"urlTemplate\":\"https:\/\/www.bymycar.be\/webzine\/nl\/?s={search_term_string}\"},\"query-input\":{\"@type\":\"PropertyValueSpecification\",\"valueRequired\":true,\"valueName\":\"search_term_string\"}}],\"inLanguage\":\"fr-FR\"},{\"@type\":\"Organization\",\"@id\":\"https:\/\/www.bymycar.be\/webzine\/nl\/#organization\",\"name\":\"Webzine | BYmyCAR\",\"url\":\"https:\/\/www.bymycar.be\/webzine\/nl\/\",\"logo\":{\"@type\":\"ImageObject\",\"inLanguage\":\"fr-FR\",\"@id\":\"https:\/\/www.bymycar.be\/webzine\/nl\/#\/schema\/logo\/image\/\",\"url\":\"https:\/\/cdn.bymycar.eu\/be-webzine\/wp-content\/uploads\/2024\/11\/20203047\/logo.png\",\"contentUrl\":\"https:\/\/cdn.bymycar.eu\/be-webzine\/wp-content\/uploads\/2024\/11\/20203047\/logo.png\",\"width\":1280,\"height\":512,\"caption\":\"Webzine | BYmyCAR\"},\"image\":{\"@id\":\"https:\/\/www.bymycar.be\/webzine\/nl\/#\/schema\/logo\/image\/\"},\"sameAs\":[\"https:\/\/www.facebook.com\/BYmyCAR.officiel\/\",\"https:\/\/www.instagram.com\/bymycar.officiel\/\"]},{\"@type\":\"Person\",\"@id\":\"https:\/\/www.bymycar.be\/webzine\/nl\/#\/schema\/person\/62e6ba497b0835d16ce47e28f2f08327\",\"name\":\"Lola Vieira Da Silva\",\"image\":{\"@type\":\"ImageObject\",\"inLanguage\":\"fr-FR\",\"@id\":\"https:\/\/www.bymycar.be\/webzine\/nl\/#\/schema\/person\/image\/\",\"url\":\"https:\/\/secure.gravatar.com\/avatar\/8d491122de3cbfd87e645bbdbd392d04626ebb95f4929de9cc1231399984b34b?s=96&d=mm&r=g\",\"contentUrl\":\"https:\/\/secure.gravatar.com\/avatar\/8d491122de3cbfd87e645bbdbd392d04626ebb95f4929de9cc1231399984b34b?s=96&d=mm&r=g\",\"caption\":\"Lola Vieira Da Silva\"}}]}<\/script>\n<!-- \/ Yoast SEO Premium plugin. -->","yoast_head_json":{"title":"Batterie de Mercedes : comment la choisir, l'entretenir et la remplacer ? - Webzine BE | BYmyCAR","robots":{"index":"index","follow":"follow","max-snippet":"max-snippet:-1","max-image-preview":"max-image-preview:large","max-video-preview":"max-video-preview:-1"},"canonical":"https:\/\/www.bymycar.be\/webzine\/batterie-de-mercedes-comment-la-choisir-lentretenir-et-la-remplacer\/","og_locale":"fr_FR","og_type":"article","og_title":"Batterie de Mercedes : comment la choisir, l'entretenir et la remplacer ?","og_url":"https:\/\/www.bymycar.be\/webzine\/batterie-de-mercedes-comment-la-choisir-lentretenir-et-la-remplacer\/","og_site_name":"Webzine BE | BYmyCAR","article_publisher":"https:\/\/www.facebook.com\/BYmyCAR.officiel\/","article_published_time":"2025-07-11T08:51:51+00:00","article_modified_time":"2025-07-15T08:24:59+00:00","author":"Lola Vieira Da Silva","twitter_card":"summary_large_image","twitter_misc":{"\u00c9crit par":"Lola Vieira Da Silva"},"schema":{"@context":"https:\/\/schema.org","@graph":[{"@type":"Article","@id":"https:\/\/www.bymycar.be\/webzine\/batterie-de-mercedes-comment-la-choisir-lentretenir-et-la-remplacer\/#article","isPartOf":{"@id":"https:\/\/www.bymycar.be\/webzine\/batterie-de-mercedes-comment-la-choisir-lentretenir-et-la-remplacer\/"},"author":{"name":"Lola Vieira Da Silva","@id":"https:\/\/www.bymycar.be\/webzine\/nl\/#\/schema\/person\/62e6ba497b0835d16ce47e28f2f08327"},"headline":"Batterie de Mercedes : comment la choisir, l&rsquo;entretenir et la remplacer ?","datePublished":"2025-07-11T08:51:51+00:00","dateModified":"2025-07-15T08:24:59+00:00","mainEntityOfPage":{"@id":"https:\/\/www.bymycar.be\/webzine\/batterie-de-mercedes-comment-la-choisir-lentretenir-et-la-remplacer\/"},"wordCount":11,"publisher":{"@id":"https:\/\/www.bymycar.be\/webzine\/nl\/#organization"},"articleSection":["Conseils et Astuces","Entretien Mercedes"],"inLanguage":"fr-FR"},{"@type":"WebPage","@id":"https:\/\/www.bymycar.be\/webzine\/batterie-de-mercedes-comment-la-choisir-lentretenir-et-la-remplacer\/","url":"https:\/\/www.bymycar.be\/webzine\/batterie-de-mercedes-comment-la-choisir-lentretenir-et-la-remplacer\/","name":"Batterie de Mercedes : comment la choisir, l'entretenir et la remplacer ? - Webzine BE | BYmyCAR","isPartOf":{"@id":"https:\/\/www.bymycar.be\/webzine\/nl\/#website"},"datePublished":"2025-07-11T08:51:51+00:00","dateModified":"2025-07-15T08:24:59+00:00","breadcrumb":{"@id":"https:\/\/www.bymycar.be\/webzine\/batterie-de-mercedes-comment-la-choisir-lentretenir-et-la-remplacer\/#breadcrumb"},"inLanguage":"fr-FR","potentialAction":[{"@type":"ReadAction","target":["https:\/\/www.bymycar.be\/webzine\/batterie-de-mercedes-comment-la-choisir-lentretenir-et-la-remplacer\/"]}]},{"@type":"BreadcrumbList","@id":"https:\/\/www.bymycar.be\/webzine\/batterie-de-mercedes-comment-la-choisir-lentretenir-et-la-remplacer\/#breadcrumb","itemListElement":[{"@type":"ListItem","position":1,"name":"Accueil","item":"https:\/\/www.bymycar.be\/webzine\/"},{"@type":"ListItem","position":2,"name":"Batterie de Mercedes : comment la choisir, l&rsquo;entretenir et la remplacer ?"}]},{"@type":"WebSite","@id":"https:\/\/www.bymycar.be\/webzine\/nl\/#website","url":"https:\/\/www.bymycar.be\/webzine\/nl\/","name":"Webzine | BYmyCAR","description":"_Le webzine auto de","publisher":{"@id":"https:\/\/www.bymycar.be\/webzine\/nl\/#organization"},"potentialAction":[{"@type":"SearchAction","target":{"@type":"EntryPoint","urlTemplate":"https:\/\/www.bymycar.be\/webzine\/nl\/?s={search_term_string}"},"query-input":{"@type":"PropertyValueSpecification","valueRequired":true,"valueName":"search_term_string"}}],"inLanguage":"fr-FR"},{"@type":"Organization","@id":"https:\/\/www.bymycar.be\/webzine\/nl\/#organization","name":"Webzine | BYmyCAR","url":"https:\/\/www.bymycar.be\/webzine\/nl\/","logo":{"@type":"ImageObject","inLanguage":"fr-FR","@id":"https:\/\/www.bymycar.be\/webzine\/nl\/#\/schema\/logo\/image\/","url":"https:\/\/cdn.bymycar.eu\/be-webzine\/wp-content\/uploads\/2024\/11\/20203047\/logo.png","contentUrl":"https:\/\/cdn.bymycar.eu\/be-webzine\/wp-content\/uploads\/2024\/11\/20203047\/logo.png","width":1280,"height":512,"caption":"Webzine | BYmyCAR"},"image":{"@id":"https:\/\/www.bymycar.be\/webzine\/nl\/#\/schema\/logo\/image\/"},"sameAs":["https:\/\/www.facebook.com\/BYmyCAR.officiel\/","https:\/\/www.instagram.com\/bymycar.officiel\/"]},{"@type":"Person","@id":"https:\/\/www.bymycar.be\/webzine\/nl\/#\/schema\/person\/62e6ba497b0835d16ce47e28f2f08327","name":"Lola Vieira Da Silva","image":{"@type":"ImageObject","inLanguage":"fr-FR","@id":"https:\/\/www.bymycar.be\/webzine\/nl\/#\/schema\/person\/image\/","url":"https:\/\/secure.gravatar.com\/avatar\/8d491122de3cbfd87e645bbdbd392d04626ebb95f4929de9cc1231399984b34b?s=96&d=mm&r=g","contentUrl":"https:\/\/secure.gravatar.com\/avatar\/8d491122de3cbfd87e645bbdbd392d04626ebb95f4929de9cc1231399984b34b?s=96&d=mm&r=g","caption":"Lola Vieira Da Silva"}}]}},"_links":{"self":[{"href":"https:\/\/www.bymycar.be\/webzine\/wp-json\/wp\/v2\/posts\/4690","targetHints":{"allow":["GET"]}}],"collection":[{"href":"https:\/\/www.bymycar.be\/webzine\/wp-json\/wp\/v2\/posts"}],"about":[{"href":"https:\/\/www.bymycar.be\/webzine\/wp-json\/wp\/v2\/types\/post"}],"author":[{"embeddable":true,"href":"https:\/\/www.bymycar.be\/webzine\/wp-json\/wp\/v2\/users\/14"}],"replies":[{"embeddable":true,"href":"https:\/\/www.bymycar.be\/webzine\/wp-json\/wp\/v2\/comments?post=4690"}],"version-history":[{"count":5,"href":"https:\/\/www.bymycar.be\/webzine\/wp-json\/wp\/v2\/posts\/4690\/revisions"}],"predecessor-version":[{"id":4733,"href":"https:\/\/www.bymycar.be\/webzine\/wp-json\/wp\/v2\/posts\/4690\/revisions\/4733"}],"wp:attachment":[{"href":"https:\/\/www.bymycar.be\/webzine\/wp-json\/wp\/v2\/media?parent=4690"}],"wp:term":[{"taxonomy":"category","embeddable":true,"href":"https:\/\/www.bymycar.be\/webzine\/wp-json\/wp\/v2\/categories?post=4690"},{"taxonomy":"post_tag","embeddable":true,"href":"https:\/\/www.bymycar.be\/webzine\/wp-json\/wp\/v2\/tags?post=4690"}],"curies":[{"name":"wp","href":"https:\/\/api.w.org\/{rel}","templated":true}]}}