{"id":4614,"date":"2025-07-07T15:50:45","date_gmt":"2025-07-07T13:50:45","guid":{"rendered":"https:\/\/www.bymycar.be\/webzine\/?p=4614"},"modified":"2025-07-08T15:35:14","modified_gmt":"2025-07-08T13:35:14","slug":"series-limitees-et-collections-mercedes-2025-lexcellence-en-edition-limitee","status":"publish","type":"post","link":"https:\/\/www.bymycar.be\/webzine\/series-limitees-et-collections-mercedes-2025-lexcellence-en-edition-limitee\/","title":{"rendered":"S\u00e9ries limit\u00e9es et collections Mercedes 2025 : l&rsquo;excellence en \u00e9dition limit\u00e9e"},"content":{"rendered":"","protected":false},"excerpt":{"rendered":"","protected":false},"author":15,"featured_media":0,"comment_status":"closed","ping_status":"closed","sticky":false,"template":"","format":"standard","meta":{"_acf_changed":false,"footnotes":""},"categories":[1350,1436],"tags":[],"class_list":["post-4614","post","type-post","status-publish","format-standard","hentry","category-conseils-et-astuces","category-histoire-et-origine"],"acf":{"image":{"ID":4632,"id":4632,"title":"serie-limitees-collections","filename":"serie-limitees-collections.jpg","filesize":904997,"url":"https:\/\/www.bymycar.be\/webzine\/wp-content\/uploads\/2025\/07\/serie-limitees-collections.jpg","link":"https:\/\/www.bymycar.be\/webzine\/series-limitees-et-collections-mercedes-2025-lexcellence-en-edition-limitee\/serie-limitees-collections\/","alt":"Les s\u00e9ries limit\u00e9es et collections sont nombreuses au sein de Mercedes-Benz","author":"15","description":"","caption":"","name":"serie-limitees-collections","status":"inherit","uploaded_to":4614,"date":"2025-07-07 13:47:59","modified":"2025-07-07 13:48:43","menu_order":0,"mime_type":"image\/jpeg","type":"image","subtype":"jpeg","icon":"https:\/\/www.bymycar.be\/webzine\/wp-includes\/images\/media\/default.png","width":8688,"height":5792,"sizes":{"thumbnail":"https:\/\/www.bymycar.be\/webzine\/wp-content\/uploads\/2025\/07\/serie-limitees-collections-150x150.jpg","thumbnail-width":150,"thumbnail-height":150,"medium":"https:\/\/www.bymycar.be\/webzine\/wp-content\/uploads\/2025\/07\/serie-limitees-collections-300x200.jpg","medium-width":300,"medium-height":200,"medium_large":"https:\/\/www.bymycar.be\/webzine\/wp-content\/uploads\/2025\/07\/serie-limitees-collections-768x512.jpg","medium_large-width":768,"medium_large-height":512,"large":"https:\/\/www.bymycar.be\/webzine\/wp-content\/uploads\/2025\/07\/serie-limitees-collections-1024x683.jpg","large-width":1024,"large-height":683,"1536x1536":"https:\/\/www.bymycar.be\/webzine\/wp-content\/uploads\/2025\/07\/serie-limitees-collections.jpg","1536x1536-width":1536,"1536x1536-height":1024,"2048x2048":"https:\/\/www.bymycar.be\/webzine\/wp-content\/uploads\/2025\/07\/serie-limitees-collections.jpg","2048x2048-width":2048,"2048x2048-height":1365}},"introduction":"<p>Quelle marque propose les s\u00e9ries limit\u00e9es les plus exclusives en 2025 ? Mercedes frappe fort avec des mod\u00e8les d&rsquo;exception comme l&rsquo;AMG PureSpeed, limit\u00e9e \u00e0 250 exemplaires, et la luxueuse Maybach Haute Voiture, produite \u00e0 seulement 150 unit\u00e9s. Envie de d\u00e9couvrir le summum du luxe automobile ? Le constructeur allemand d\u00e9voile \u00e9galement la GT 63 S E PERFORMANCE Motorsport Collectors Edition et la rarissime Classe G Past II Future, compl\u00e9t\u00e9es par une collection d&rsquo;accessoires premium assortis.<\/p>\n","add-to-bo":false,"page_content":{"block_content":[{"acf_fc_layout":"text-simple","--nav":{"-withNav":false,"-ancre":""},"--group":{"-text":"<h2><strong>Mercedes-AMG PureSpeed : l&rsquo;exclusivit\u00e9 \u00e0 son paroxysme<\/strong><\/h2>\n<h3><strong>Un design radical inspir\u00e9 de la course<\/strong><\/h3>\n<p>L&rsquo;absence de toit et de pare-brise marque d&#8217;embl\u00e9e la radicalit\u00e9 du concept. \u00c0 leur place, un syst\u00e8me HALO, directement issu de la Formule 1, prot\u00e8ge les occupants tout en affirmant une signature visuelle unique. La silhouette basse et \u00e9lanc\u00e9e, sculpt\u00e9e par les ing\u00e9nieurs a\u00e9rodynamiciens, s&rsquo;inspire de l&rsquo;hypercar\u00a0<strong>Mercedes-AMG ONE<\/strong>.<\/p>\n<p>Le nez plongeant adopte une forme caract\u00e9ristique de requin, tandis que les flancs muscl\u00e9s int\u00e8grent des \u00e9l\u00e9ments en fibre de carbone apparente. \u00c0 l&rsquo;arri\u00e8re, deux d\u00f4mes type \u00ab\u00a0speedster\u00a0\u00bb prolongent l&rsquo;habitacle et dissimulent des arceaux de s\u00e9curit\u00e9. La livr\u00e9e bicolore exclusive associe le rouge historique Le Mans \u00e0 un gris anthracite profond, s\u00e9par\u00e9s par un motif damier AMG signature.<\/p>\n<p>&nbsp;<\/p>\n<h3><strong>250 exemplaires num\u00e9rot\u00e9s<\/strong><\/h3>\n<p>La <strong>Mercedes-AMG PureSpeed<\/strong> symbolise l&rsquo;excellence du savoir-faire de la marque \u00e0 l&rsquo;\u00e9toile. Chaque exemplaire de cette s\u00e9rie strictement limit\u00e9e arbore un badge num\u00e9rot\u00e9 sur la console centrale, attestant son appartenance au cercle tr\u00e8s ferm\u00e9 des 250 unit\u00e9s produites.<\/p>\n<p>Les clients privil\u00e9gi\u00e9s re\u00e7oivent deux casques int\u00e9graux aux couleurs de leur v\u00e9hicule, \u00e9quip\u00e9s d&rsquo;un syst\u00e8me d&rsquo;interphone pour communiquer \u00e0 haute vitesse. Une housse de protection sur mesure et un porte-cl\u00e9s exclusif compl\u00e8tent cette exp\u00e9rience sensorielle unique.<\/p>\n<p>La <strong>manufacture de Sindelfingen<\/strong> assure une finition irr\u00e9prochable, avec des \u00e9l\u00e9ments de design exclusifs comme l&rsquo;\u00e9clairage d&rsquo;ambiance personnalis\u00e9 et les tapis de sol num\u00e9rot\u00e9s. L&rsquo;\u00e9quipe de personnalisation propose \u00e9galement des accessoires raffin\u00e9s pour sublimer chaque exemplaire.<\/p>\n<p>&nbsp;<\/p>\n<h3><strong>Performance et distinction<\/strong><\/h3>\n<p>Le V8 biturbo AMG de 4,0 litres d\u00e9veloppe une puissance maximale d&rsquo;environ 585 ch et un couple de 800 Nm. Cette m\u00e9canique d&rsquo;exception, associ\u00e9e \u00e0 la transmission int\u00e9grale AMG Performance 4MATIC+ et \u00e0 une bo\u00eete de vitesses AMG SPEEDSHIFT MCT 9G, propulse la PureSpeed de 0 \u00e0 100 km\/h en 3,6 secondes pour une vitesse maximale de 315 km\/h.<\/p>\n<p>La suspension AMG RIDE CONTROL avec amortissement adaptatif r\u00e9glable garantit un comportement dynamique irr\u00e9prochable. Les freins carbone-c\u00e9ramique haute performance assurent un freinage puissant et endurant, avec des \u00e9triers 6 pistons \u00e0 l&rsquo;avant arborant le logo AMG.<\/p>\n<p>L&rsquo;a\u00e9rodynamique active, comprenant un aileron arri\u00e8re ajustable et des \u00e9l\u00e9ments de soubassement optimis\u00e9s, maintient la stabilit\u00e9 \u00e0 haute vitesse. Les jantes forg\u00e9es de 21 pouces, ouvertes \u00e0 l&rsquo;avant pour le refroidissement des freins et ferm\u00e9es \u00e0 l&rsquo;arri\u00e8re pour r\u00e9duire la tra\u00een\u00e9e, compl\u00e8tent cette machine taill\u00e9e pour les sensations pures.<\/p>\n<p>&nbsp;<\/p>\n<h2><strong>Haute Voiture : la fusion du luxe et de la raret\u00e9<\/strong><\/h2>\n<h3><strong>L&rsquo;h\u00e9ritage de la haute couture<\/strong><\/h3>\n<p>Perp\u00e9tuant la tradition des ateliers parisiens, la <strong>Mercedes-Maybach Haute Voiture<\/strong> marie les savoir-faire ancestraux de la haute couture aux codes du luxe automobile. Les 150 exemplaires num\u00e9rot\u00e9s arborent une robe bicolore nautique blue associ\u00e9e \u00e0 un l\u00e9ger ton rose chatoyant, sublim\u00e9e par des jantes assorties.<\/p>\n<p>L&rsquo;habitacle r\u00e9v\u00e8le un travail d&rsquo;orf\u00e8vre avec ses selleries boucl\u00e9es m\u00ealant bleu, beige et or rose, rappelant les cr\u00e9ations des grands couturiers. Les surpiq\u00fbres main et les inserts en mohair t\u00e9moignent d&rsquo;une minutie artisanale rare. Le ciel de pavillon, orn\u00e9 de motifs g\u00e9om\u00e9triques complexes, \u00e9voque les plus belles \u00e9toffes des maisons de couture.<\/p>\n<p>Une collection de maroquinerie exclusive accompagne chaque v\u00e9hicule, d\u00e9clinant les mat\u00e9riaux nobles de l&rsquo;habitacle en sacs et accessoires num\u00e9rot\u00e9s. Un coffret collector r\u00e9unit miniature, porte-cl\u00e9s et certificat d&rsquo;authenticit\u00e9.<\/p>\n<p>&nbsp;<\/p>\n<h3><strong>Une collection d&rsquo;accessoires assortis<\/strong><\/h3>\n<p>Sublimant l&rsquo;exp\u00e9rience Haute Voiture, Mercedes-Maybach d\u00e9voile une gamme d&rsquo;accessoires raffin\u00e9s aux teintes nautique blue et rose chatoyant. Un sac week-end en cuir nappa, assorti \u00e0 la sellerie du v\u00e9hicule, arbore des surpiq\u00fbres g\u00e9om\u00e9triques rappelant les motifs du ciel de pavillon. La maison propose \u00e9galement une collection de bagagerie sur mesure, comprenant un \u00e9l\u00e9gant porte-documents et une pochette pour tablette num\u00e9rique.<\/p>\n<p>Pour parfaire cette harmonie stylistique, un n\u00e9cessaire de voyage en mohair et cuir reprend les codes chromatiques de l&rsquo;habitacle. Les propri\u00e9taires peuvent aussi opter pour un ensemble de valises rigides coordonn\u00e9es, fabriqu\u00e9es \u00e0 la main dans les ateliers Maybach Icons of Luxury. Chaque accessoire, num\u00e9rot\u00e9 individuellement, porte une plaque distinctive attestant son appartenance \u00e0 cette s\u00e9rie exclusive.<\/p>\n<p>&nbsp;<\/p>\n<h2><strong>Les s\u00e9ries Mythos : l&rsquo;art de la collection<\/strong><\/h2>\n<h3><strong>Design et innovation<\/strong><\/h3>\n<p>D\u00e9voil\u00e9e au printemps 2025, la premi\u00e8re cr\u00e9ation <strong>Mythos<\/strong> red\u00e9finit les codes du luxe automobile avec son design avant-gardiste. Son profil distinctif marie les lignes fluides de la SL aux attributs sportifs AMG, sublim\u00e9s par une signature lumineuse tridimensionnelle in\u00e9dite.<\/p>\n<p>La technologie MBUX nouvelle g\u00e9n\u00e9ration projette une interface holographique sur le pare-brise, tandis que les si\u00e8ges adaptatifs en cuir nappa int\u00e8grent un syst\u00e8me de climatisation par micro-perforations. Les surfaces tactiles r\u00e9agissent au toucher avec un retour haptique personnalisable, cr\u00e9ant une exp\u00e9rience sensorielle unique.<\/p>\n<p>Les artisans de Sindelfingen fa\u00e7onnent chaque \u00e9l\u00e9ment dans des mat\u00e9riaux nobles : aluminium bross\u00e9 \u00e0 la main, fibre de carbone teint\u00e9e dans la masse, cristal taill\u00e9 pour les commandes. Un travail d&rsquo;orf\u00e8vre qui n\u00e9cessite plus de 750 heures de fabrication par v\u00e9hicule.<\/p>\n<p>&nbsp;<\/p>\n<h3><strong>Production ultra-limit\u00e9e<\/strong><\/h3>\n<p>Symbole ultime d&rsquo;exclusivit\u00e9, chaque cr\u00e9ation <strong>Mythos<\/strong> sera produite \u00e0 seulement 75 exemplaires dans l&rsquo;atelier haute performance de Affalterbach. Un processus de fabrication artisanal exigeant plus de 1000 heures de travail minutieux par v\u00e9hicule, supervis\u00e9 par des ma\u00eetres-artisans d\u00e9di\u00e9s \u00e0 l&rsquo;excellence.<\/p>\n<p>Les finitions en aluminium poli \u00e0 la main et les inserts en fibre de carbone teint\u00e9e dans la masse n\u00e9cessitent plusieurs semaines de pr\u00e9paration. Un badge num\u00e9rot\u00e9 en platine, grav\u00e9 au laser, orne le tableau de bord tandis qu&rsquo;une plaque comm\u00e9morative personnalis\u00e9e immortalise la signature du ma\u00eetre-artisan responsable de l&rsquo;assemblage.<\/p>\n<p>La livraison s&rsquo;effectue lors d&rsquo;une c\u00e9r\u00e9monie priv\u00e9e au <strong>Mercedes-Benz Museum<\/strong> de Stuttgart, o\u00f9 chaque propri\u00e9taire re\u00e7oit un portfolio en cuir contenant les croquis originaux et le certificat d&rsquo;authenticit\u00e9 sign\u00e9 par le designer en chef.<\/p>\n<p>&nbsp;<\/p>\n<h2><strong>GT 63 PRO Motorsport : l&rsquo;esprit comp\u00e9tition<\/strong><\/h2>\n<h3><strong>612 chevaux de pure puissance<\/strong><\/h3>\n<p>La nouvelle Mercedes-AMG GT 63 PRO pousse les limites de la performance avec ses <strong>612 chevaux<\/strong> et son couple maximal de <strong>850 Nm<\/strong>. Cette m\u00e9canique d&rsquo;exception propulse le coup\u00e9 de 0 \u00e0 100 km\/h en seulement 3,2 secondes, pour une vitesse maximale de 317 km\/h.<\/p>\n<p>Les ing\u00e9nieurs d&rsquo;Affalterbach ont optimis\u00e9 l&rsquo;a\u00e9rodynamisme avec un bouclier avant redessin\u00e9 et des d\u00e9flecteurs en fibre de carbone. Un \u00e9l\u00e9ment actif sous la voiture canalise les flux d&rsquo;air vers les freins, limitant la mont\u00e9e en temp\u00e9rature lors des sessions intensives sur circuit.<\/p>\n<p>Le syst\u00e8me de refroidissement a \u00e9t\u00e9 enti\u00e8rement repens\u00e9 pour maximiser les performances en usage sportif. Les radiateurs additionnels et les prises d&rsquo;air \u00e9largies permettent d&rsquo;abaisser la temp\u00e9rature du groupe motopropulseur de 15% par rapport \u00e0 la version standard, garantissant une puissance optimale m\u00eame dans les conditions les plus exigeantes.<\/p>\n<p>&nbsp;<\/p>\n<h3><strong>200 unit\u00e9s d&rsquo;exception<\/strong><\/h3>\n<p>Chaque exemplaire de cette \u00e9dition sp\u00e9ciale arbore une livr\u00e9e exclusive, inspir\u00e9e des monoplaces de l&rsquo;\u00e9quipe Mercedes-AMG PETRONAS F1. Un motif d&rsquo;\u00e9toiles argent\u00e9es se marie aux accents aux couleurs PETRONAS.<\/p>\n<p>L&rsquo;habitacle r\u00e9v\u00e8le des si\u00e8ges Performance AMG en cuir Nappa et microfibre noire, rehauss\u00e9s de surpiq\u00fbres aux teintes PETRONAS. Le pack Sport Black AMG II ajoute une touche de myst\u00e8re avec ses \u00e9l\u00e9ments en chrome noir, tandis que le toit panoramique en verre baigne l&rsquo;int\u00e9rieur de lumi\u00e8re naturelle.<\/p>\n<p>La <strong>Motorsport Collectors Edition<\/strong> se distingue par un niveau d&rsquo;\u00e9quipement exceptionnel : syst\u00e8me audio Burmester High-End 3D, cam\u00e9ra 360\u00b0 et une housse de protection sur mesure. Une plaque num\u00e9rot\u00e9e \u00ab\u00a01 sur 200\u00a0\u00bb sur la console centrale certifie l&rsquo;authenticit\u00e9 de chaque mod\u00e8le.<\/p>\n<p>&nbsp;<\/p>\n<h2><strong>Classe G Past II Future : tradition r\u00e9invent\u00e9e<\/strong><\/h2>\n<h3><strong>20 exemplaires collector<\/strong><\/h3>\n<p>Fruit d&rsquo;une collaboration unique entre Mercedes-Benz et la maison Moncler, cette \u00e9dition anniversaire c\u00e9l\u00e8bre 45 ans d&rsquo;histoire du mythique Classe G. La carrosserie arbore une teinte bi-ton subtile, mariant un vert profond \u00e0 des notes de gris m\u00e9tallis\u00e9, sublim\u00e9e par des jantes AMG exclusives de 20 pouces au design r\u00e9tro.<\/p>\n<p>L&rsquo;habitacle rend hommage aux premiers mod\u00e8les avec une sellerie \u00e0 motifs \u00e9cossais signature, rehauss\u00e9e de surpiq\u00fbres artisanales. La poign\u00e9e du tableau de bord accueille une gravure \u00ab\u00a0Past II Future\u00a0\u00bb tandis que la console centrale r\u00e9v\u00e8le un \u00e9cusson \u00ab\u00a0one of 20\u00a0\u00bb en platine, t\u00e9moignant de l&rsquo;extr\u00eame raret\u00e9 de cette s\u00e9rie.<\/p>\n<p>Disponible avec les motorisations actuelles de la Classe G, chaque exemplaire sera remis \u00e0 son propri\u00e9taire lors d&rsquo;une c\u00e9r\u00e9monie exclusive, accompagn\u00e9 d&rsquo;une collection capsule sign\u00e9e Moncler sp\u00e9cialement cr\u00e9\u00e9e pour l&rsquo;occasion.<\/p>\n<p>&nbsp;<\/p>\n<h3><strong>\u00c9quipements sp\u00e9cifiques<\/strong><\/h3>\n<p>La ma\u00eetrise du tout-terrain s&rsquo;exprime \u00e0 travers un cockpit OFFROAD modernis\u00e9, dot\u00e9 d&rsquo;une fonction \u00ab\u00a0Capot transparent\u00a0\u00bb utilisant la cam\u00e9ra 360\u00b0 pour visualiser les obstacles sous le v\u00e9hicule. Une technologie exclusive permettant au conducteur d&rsquo;anticiper chaque d\u00e9fi avec pr\u00e9cision.<\/p>\n<p>Le nouveau syst\u00e8me de contr\u00f4le de mission offre un menu de s\u00e9lection intuitif pour adapter la conduite aux terrains les plus exigeants. Les donn\u00e9es essentielles comme le positionnement, l&rsquo;altitude et l&rsquo;angle de braquage s&rsquo;affichent sur l&rsquo;\u00e9cran central via une interface repens\u00e9e.<\/p>\n<p>L&rsquo;Assistant directionnel actif et l&rsquo;Aide active \u00e0 l&rsquo;arr\u00eat d&rsquo;urgence compl\u00e8tent les \u00e9quipements de s\u00e9curit\u00e9, tandis que les porte-gobelets \u00e0 temp\u00e9rature contr\u00f4l\u00e9e et la recharge sans fil apportent une touche de raffinement \u00e0 cette \u00e9dition Past II Future.<\/p>\n<p>&nbsp;<\/p>\n<h2><strong>La gamme AMG Black Series<\/strong><\/h2>\n<h3><strong>Performance et exclusivit\u00e9<\/strong><\/h3>\n<p>H\u00e9riti\u00e8re des l\u00e9gendaires <strong>AMG Black Series<\/strong>, cette nouvelle mouture perp\u00e9tue une tradition d&rsquo;excellence n\u00e9e en 2006. Le V8 biturbo de 4.0L atteint des sommets avec <strong>730 chevaux<\/strong> et un couple maximal de <strong>800 Nm<\/strong>. Les ing\u00e9nieurs d&rsquo;Affalterbach ont optimis\u00e9 l&rsquo;a\u00e9rodynamisme avec un splitter avant pro\u00e9minent et un aileron arri\u00e8re actif g\u00e9n\u00e9rant un appui important.<\/p>\n<p>La transmission int\u00e9grale 4MATIC+ et la bo\u00eete AMG SPEEDSHIFT \u00e0 9 rapports propulsent cette machine d&rsquo;exception de 0 \u00e0 100 km\/h en <strong>3,2 secondes<\/strong>. Le ch\u00e2ssis adaptatif AMG RIDE CONTROL et les freins carbone-c\u00e9ramique de <strong>402 mm<\/strong> \u00e0 l&rsquo;avant assurent un comportement radical sur circuit.<\/p>\n<p>Limit\u00e9e \u00e0 <strong>275 exemplaires<\/strong> num\u00e9rot\u00e9s, chaque Black Series b\u00e9n\u00e9ficie d&rsquo;une finition artisanale minutieuse. Les surfaces en carbone apparent et les inserts en aluminium bross\u00e9 t\u00e9moignent d&rsquo;un savoir-faire d&rsquo;exception, sublim\u00e9 par une livr\u00e9e exclusive PETRONAS.<\/p>\n<p>&nbsp;<\/p>\n<h3><strong>Finitions sur mesure<\/strong><\/h3>\n<p>La signature <strong>Manufaktur<\/strong> permet aux futurs propri\u00e9taires de sublimer leur Black Series selon leurs envies les plus exigeantes. Un catalogue de <strong>12 teintes exclusives<\/strong> comprend notamment le spectaculaire Magma Beam et le sophistiqu\u00e9 Graphite Grey Magno, appliqu\u00e9s \u00e0 la main par les ma\u00eetres artisans d&rsquo;Affalterbach.<\/p>\n<p>L&rsquo;habitacle r\u00e9v\u00e8le des possibilit\u00e9s de personnalisation infinies avec des selleries en cuir Nappa deux tons, rehauss\u00e9es de surpiq\u00fbres contrastantes et d&rsquo;inserts en fibre de carbone mate. Le pack Night ajoute une touche de myst\u00e8re avec ses \u00e9l\u00e9ments chrom\u00e9s noir brillant, tandis que le cockpit peut recevoir un volant Performance AMG en microfibre DINAMICA avec rep\u00e8re \u00ab\u00a012 heures\u00a0\u00bb.<\/p>\n<p>Une collection d&rsquo;accessoires sur mesure compl\u00e8te l&rsquo;offre : housse de protection int\u00e9rieure griff\u00e9e AMG, malles de voyage assorties \u00e0 la teinte du v\u00e9hicule et casque int\u00e9gral aux couleurs de la voiture.<\/p>\n<p>&nbsp;<\/p>\n<h2><strong>Les \u00e9ditions Maybach<\/strong><\/h2>\n<h3><strong>Le summum du raffinement<\/strong><\/h3>\n<p>L&rsquo;habitacle de la nouvelle <strong>Mercedes-Maybach Monogram Series<\/strong> transporte ses occupants dans un univers o\u00f9 le temps semble suspendu. Les boiseries pr\u00e9cieuses en noyer \u00e0 pores ouverts s&rsquo;harmonisent avec le cuir Nappa blanc cristal, tandis que les motifs g\u00e9om\u00e9triques signature habillent les panneaux de portes et la planche de bord.<\/p>\n<p>Le nouveau toit ouvrant panoramique MBUX Immersive r\u00e9volutionne l&rsquo;exp\u00e9rience \u00e0 bord gr\u00e2ce \u00e0 sa technologie \u00e9lectrochromique avanc\u00e9e. D&rsquo;une simple commande vocale, le verre passe de transparent \u00e0 teint\u00e9, cr\u00e9ant une ambiance feutr\u00e9e sublim\u00e9e par l&rsquo;\u00e9clairage d&rsquo;ambiance actif avec de nombreuses LED individuelles.<\/p>\n<p>Les si\u00e8ges Executive arri\u00e8re int\u00e8grent d\u00e9sormais la fonction massage des mollets avec syst\u00e8me de chromoth\u00e9rapie, une premi\u00e8re mondiale qui red\u00e9finit les standards du voyage grand luxe. Le syst\u00e8me audio Burmester 4D High-End transforme chaque trajet en exp\u00e9rience sensorielle unique gr\u00e2ce \u00e0 ses <strong>30 haut-parleurs<\/strong> strat\u00e9giquement positionn\u00e9s.<\/p>\n<p>&nbsp;<\/p>\n<h3><strong>Personnalisation ultime<\/strong><\/h3>\n<p>Le programme <strong>MANUFAKTUR<\/strong> \u00e9l\u00e8ve la personnalisation au rang d&rsquo;art avec une palette de <strong>25 teintes exclusives<\/strong>, dont le myst\u00e9rieux \u00ab\u00a0Northern Lights Violet\u00a0\u00bb aux reflets changeants. Les artisans de la Manufaktur de Sindelfingen sculptent chaque v\u00e9hicule selon les d\u00e9sirs les plus exigeants, transformant la carrosserie en v\u00e9ritable \u0153uvre d&rsquo;art mobile.<\/p>\n<p>La signature int\u00e9rieure r\u00e9v\u00e8le des combinaisons uniques de cuirs nobles et de bois pr\u00e9cieux, sublim\u00e9es par des motifs de fleur de magnolia brod\u00e9s \u00e0 la main. Les zones d&rsquo;entr\u00e9e arborent des seuils lumineux personnalisables, tandis que le nouveau syst\u00e8me d&rsquo;\u00e9clairage d&rsquo;ambiance r\u00e9actif synchronise <strong>253 LED<\/strong> au rythme de la conduite.<\/p>\n<p>Le sur-mesure atteint son apog\u00e9e avec la possibilit\u00e9 de cr\u00e9er ses propres motifs de surpiq\u00fbres et monogrammes, appliqu\u00e9s avec une pr\u00e9cision d&rsquo;orf\u00e8vre sur chaque \u00e9l\u00e9ment de l&rsquo;habitacle. Une collection d&rsquo;accessoires assortis, des bagages aux \u00e9tuis pour tablette, compl\u00e8te cette exp\u00e9rience de personnalisation absolue.<\/p>\n<p>&nbsp;<\/p>\n<h2><strong>Quelle est la Mercedes la plus rare en 2025 ?<\/strong><\/h2>\n<h3><strong>Les mod\u00e8les introuvables<\/strong><\/h3>\n<p>Sur le march\u00e9 des s\u00e9ries sp\u00e9ciales Mercedes, certains mod\u00e8les atteignent des sommets de raret\u00e9. La <strong>Mercedes-AMG G 63 4&#215;4\u00b2<\/strong> fascine par son extr\u00eame confidentialit\u00e9, avec seulement <strong>99 exemplaires<\/strong> produits. Cette exclusivit\u00e9 se refl\u00e8te dans sa valorisation, qui d\u00e9passe aujourd&rsquo;hui les <strong>450 000 \u20ac<\/strong>.<\/p>\n<p>La <strong>SL 63 S E Performance<\/strong> en finition Night Series brille par son absence des showrooms europ\u00e9ens. Produite en tr\u00e8s petite s\u00e9rie, cette \u00e9dition collector combine le raffinement du grand tourisme \u00e0 une motorisation hybride de plus de 800 chevaux.<\/p>\n<p>Le bijou le plus insaisissable reste la <strong>Mercedes-AMG ONE<\/strong>, dont les <strong>275 exemplaires<\/strong> ont tous trouv\u00e9 preneur avant m\u00eame leur pr\u00e9sentation. Cette hypercar dot\u00e9e d&rsquo;un groupe propulseur issu de la F1 s&rsquo;\u00e9change d\u00e9sormais au-del\u00e0 du million d&rsquo;euros sur le march\u00e9 de la collection.<\/p>\n<p>&nbsp;<\/p>\n<h3><strong>Cotes et investissement<\/strong><\/h3>\n<p>Les s\u00e9ries limit\u00e9es Mercedes-Benz constituent un placement d&rsquo;avenir prometteur. Les mod\u00e8les Mythos voient leur valeur grimper de <strong>15% \u00e0 25%<\/strong> d\u00e8s leur premi\u00e8re ann\u00e9e, tandis que les cr\u00e9ations Maybach sign\u00e9es par des designers de renom s&rsquo;appr\u00e9cient jusqu&rsquo;\u00e0 <strong>40%<\/strong> en cinq ans. La PureSpeed, avec sa production restreinte \u00e0 250 exemplaires, pourrait voir sa valeur augmenter sur le march\u00e9 secondaire.<\/p>\n<p>Le programme de certification <strong>Mercedes-Benz Classics<\/strong> garantit l&rsquo;authenticit\u00e9 et la tra\u00e7abilit\u00e9 de chaque v\u00e9hicule collector, un atout majeur pour s\u00e9curiser son investissement. Les acqu\u00e9reurs b\u00e9n\u00e9ficient \u00e9galement d&rsquo;un service de conciergerie d\u00e9di\u00e9 et d&rsquo;un acc\u00e8s privil\u00e9gi\u00e9 aux \u00e9v\u00e9nements du constructeur, renfor\u00e7ant l&rsquo;attrait patrimonial de ces \u00e9ditions d&rsquo;exception.<\/p>\n<p>&nbsp;<\/p>\n<h2><strong>Collections et accessoires Mercedes<\/strong><\/h2>\n<h3><strong>Objets d\u00e9riv\u00e9s exclusifs<\/strong><\/h3>\n<p>L&rsquo;univers Mercedes transcende l&rsquo;automobile pour s&rsquo;inviter dans votre quotidien. La nouvelle gamme <strong>Mythos Lifestyle<\/strong> c\u00e9l\u00e8bre l&rsquo;excellence artisanale avec des pi\u00e8ces uniques fa\u00e7onn\u00e9es dans les ateliers historiques de Stuttgart. Les maroquiniers perp\u00e9tuent la tradition en cr\u00e9ant des bagages coordonn\u00e9s aux teintes des s\u00e9ries sp\u00e9ciales <strong>PureSpeed<\/strong> et <strong>Haute Voiture<\/strong>.<\/p>\n<p>Le savoir-faire horloger suisse s&rsquo;exprime \u00e0 travers une collection de montres automatiques <strong>IWC for Mercedes-AMG<\/strong>, limit\u00e9e \u00e0 <strong>100 exemplaires<\/strong>. Leur bo\u00eetier en titane grade 5 int\u00e8gre un mouvement manufacture visible par le fond saphir grav\u00e9 aux armoiries AMG.<\/p>\n<p>La boutique Mercedes propose \u00e9galement des miniatures collector des mod\u00e8les embl\u00e9matiques <strong>2025<\/strong>. Ces reproductions au 1\/18e, r\u00e9alis\u00e9es en r\u00e9sine haute densit\u00e9, capturent chaque d\u00e9tail des \u00e9ditions limit\u00e9es avec une pr\u00e9cision d&rsquo;orf\u00e8vre.<\/p>\n<p>&nbsp;<\/p>\n<h3><strong>Miniatures en s\u00e9rie limit\u00e9e<\/strong><\/h3>\n<p>Pour c\u00e9l\u00e9brer ses cr\u00e9ations les plus embl\u00e9matiques de 2025, Mercedes-Benz d\u00e9voile une gamme de reproductions miniatures d&rsquo;exception. La <strong>Mercedes-AMG PureSpeed<\/strong> se d\u00e9cline au 1\/43 en r\u00e9sine haute densit\u00e9, avec seulement <strong>75 exemplaires<\/strong> num\u00e9rot\u00e9s. Son prix de <strong>950\u20ac<\/strong> refl\u00e8te la complexit\u00e9 de fabrication n\u00e9cessitant plus de 180 heures de travail artisanal.<\/p>\n<p>La <strong>Maybach Monogram Series<\/strong> b\u00e9n\u00e9ficie d&rsquo;une r\u00e9plique au 1\/18 dont les portes et le capot s&rsquo;ouvrent pour r\u00e9v\u00e9ler un int\u00e9rieur minutieusement d\u00e9taill\u00e9. Assembl\u00e9e \u00e0 la main dans les ateliers Minichamps, cette pi\u00e8ce exclusive produite \u00e0 <strong>150 unit\u00e9s<\/strong> arbore une finition bicolore nacr\u00e9e signature.<\/p>\n<p>Le savoir-faire allemand s&rsquo;exprime \u00e9galement \u00e0 travers la miniature de la <strong>GT 63 PRO<\/strong>, dont les <strong>250 exemplaires<\/strong> reproduisent fid\u00e8lement la livr\u00e9e PETRONAS et int\u00e8grent un \u00e9clairage LED fonctionnel, une premi\u00e8re mondiale sur ce segment.<\/p>\n"}},{"acf_fc_layout":"text-simple","--nav":{"-withNav":false,"-ancre":""},"--group":{"-text":"<p><a href=\"https:\/\/www.bymycar.be\/webzine\/mercedes-benz-lexcellence-du-luxe-automobile-redefinie-pour-2025\/\">Mercedes-Benz : l&rsquo;excellence du luxe automobile red\u00e9finie pour 2025<\/a><br \/>\n<a href=\"https:\/\/www.bymycar.be\/webzine\/la-fondation-mercedes-benz-un-heritage-dexcellence-au-service-de-linnovation-et-de-la-recherche\/\">La Fondation Mercedes-Benz : un h\u00e9ritage d&rsquo;excellence au service de l&rsquo;innovation et de la recherche<\/a><br \/>\n<a href=\"https:\/\/www.bymycar.be\/webzine\/quel-est-le-concept-car-de-mercedes-benz\/\">Quel est le concept car de Mercedes-Benz ?<\/a><br \/>\n<a href=\"https:\/\/www.bymycar.be\/webzine\/usines-mercedes-lexcellence-de-la-production-mondiale\/\">Usines Mercedes : l&rsquo;excellence de la production mondiale ?<\/a><br \/>\n<a href=\"https:\/\/www.bymycar.be\/webzine\/innovations-historiques-mercedes-140-ans-dheritage-technologique-revolutionnaire\/\">Innovations historiques Mercedes : 140 ans d&rsquo;h\u00e9ritage technologique r\u00e9volutionnaire<\/a><br \/>\n<a href=\"https:\/\/www.bymycar.be\/webzine\/quelle-est-la-mercedes-la-plus-vendue-en-2025\/\">Quelle est la Mercedes la plus vendue en 2025 ?<\/a><br \/>\n<a href=\"https:\/\/www.bymycar.be\/webzine\/logo-mercedes-histoire-et-signification-de-letoile-mythique-a-travers-les-epoques\/\">Logo Mercedes : histoire et signification de l&rsquo;\u00e9toile mythique \u00e0 travers les \u00e9poques<\/a><br \/>\n<a href=\"https:\/\/www.bymycar.be\/webzine\/quel-est-le-premier-modele-emblematique-de-mercedes\/\">Quel est le premier mod\u00e8le embl\u00e9matique de Mercedes ?<\/a><\/p>\n"}}]}},"yoast_head":"<!-- This site is optimized with the Yoast SEO Premium plugin v26.4 (Yoast SEO v27.1.1) - https:\/\/yoast.com\/product\/yoast-seo-premium-wordpress\/ -->\n<title>S\u00e9ries limit\u00e9es et collections Mercedes 2025 : l&#039;excellence en \u00e9dition limit\u00e9e - Webzine BE | BYmyCAR<\/title>\n<meta name=\"robots\" content=\"index, follow, max-snippet:-1, max-image-preview:large, max-video-preview:-1\" \/>\n<link rel=\"canonical\" href=\"https:\/\/www.bymycar.be\/webzine\/series-limitees-et-collections-mercedes-2025-lexcellence-en-edition-limitee\/\" \/>\n<meta property=\"og:locale\" content=\"fr_FR\" \/>\n<meta property=\"og:type\" content=\"article\" \/>\n<meta property=\"og:title\" content=\"S\u00e9ries limit\u00e9es et collections Mercedes 2025 : l&#039;excellence en \u00e9dition limit\u00e9e\" \/>\n<meta property=\"og:url\" content=\"https:\/\/www.bymycar.be\/webzine\/series-limitees-et-collections-mercedes-2025-lexcellence-en-edition-limitee\/\" \/>\n<meta property=\"og:site_name\" content=\"Webzine BE | BYmyCAR\" \/>\n<meta property=\"article:publisher\" content=\"https:\/\/www.facebook.com\/BYmyCAR.officiel\/\" \/>\n<meta property=\"article:published_time\" content=\"2025-07-07T13:50:45+00:00\" \/>\n<meta property=\"article:modified_time\" content=\"2025-07-08T13:35:14+00:00\" \/>\n<meta name=\"author\" content=\"Maxime Teyzier\" \/>\n<meta name=\"twitter:card\" content=\"summary_large_image\" \/>\n<meta name=\"twitter:label1\" content=\"\u00c9crit par\" \/>\n\t<meta name=\"twitter:data1\" content=\"Maxime Teyzier\" \/>\n<script type=\"application\/ld+json\" class=\"yoast-schema-graph\">{\"@context\":\"https:\/\/schema.org\",\"@graph\":[{\"@type\":\"Article\",\"@id\":\"https:\/\/www.bymycar.be\/webzine\/series-limitees-et-collections-mercedes-2025-lexcellence-en-edition-limitee\/#article\",\"isPartOf\":{\"@id\":\"https:\/\/www.bymycar.be\/webzine\/series-limitees-et-collections-mercedes-2025-lexcellence-en-edition-limitee\/\"},\"author\":{\"name\":\"Maxime Teyzier\",\"@id\":\"https:\/\/www.bymycar.be\/webzine\/nl\/#\/schema\/person\/132327b208e4671c2360160372210c5f\"},\"headline\":\"S\u00e9ries limit\u00e9es et collections Mercedes 2025 : l&rsquo;excellence en \u00e9dition limit\u00e9e\",\"datePublished\":\"2025-07-07T13:50:45+00:00\",\"dateModified\":\"2025-07-08T13:35:14+00:00\",\"mainEntityOfPage\":{\"@id\":\"https:\/\/www.bymycar.be\/webzine\/series-limitees-et-collections-mercedes-2025-lexcellence-en-edition-limitee\/\"},\"wordCount\":13,\"publisher\":{\"@id\":\"https:\/\/www.bymycar.be\/webzine\/nl\/#organization\"},\"articleSection\":[\"Conseils et Astuces\",\"Histoire et Origine\"],\"inLanguage\":\"fr-FR\"},{\"@type\":\"WebPage\",\"@id\":\"https:\/\/www.bymycar.be\/webzine\/series-limitees-et-collections-mercedes-2025-lexcellence-en-edition-limitee\/\",\"url\":\"https:\/\/www.bymycar.be\/webzine\/series-limitees-et-collections-mercedes-2025-lexcellence-en-edition-limitee\/\",\"name\":\"S\u00e9ries limit\u00e9es et collections Mercedes 2025 : l'excellence en \u00e9dition limit\u00e9e - Webzine BE | BYmyCAR\",\"isPartOf\":{\"@id\":\"https:\/\/www.bymycar.be\/webzine\/nl\/#website\"},\"datePublished\":\"2025-07-07T13:50:45+00:00\",\"dateModified\":\"2025-07-08T13:35:14+00:00\",\"breadcrumb\":{\"@id\":\"https:\/\/www.bymycar.be\/webzine\/series-limitees-et-collections-mercedes-2025-lexcellence-en-edition-limitee\/#breadcrumb\"},\"inLanguage\":\"fr-FR\",\"potentialAction\":[{\"@type\":\"ReadAction\",\"target\":[\"https:\/\/www.bymycar.be\/webzine\/series-limitees-et-collections-mercedes-2025-lexcellence-en-edition-limitee\/\"]}]},{\"@type\":\"BreadcrumbList\",\"@id\":\"https:\/\/www.bymycar.be\/webzine\/series-limitees-et-collections-mercedes-2025-lexcellence-en-edition-limitee\/#breadcrumb\",\"itemListElement\":[{\"@type\":\"ListItem\",\"position\":1,\"name\":\"Accueil\",\"item\":\"https:\/\/www.bymycar.be\/webzine\/\"},{\"@type\":\"ListItem\",\"position\":2,\"name\":\"S\u00e9ries limit\u00e9es et collections Mercedes 2025 : l&rsquo;excellence en \u00e9dition limit\u00e9e\"}]},{\"@type\":\"WebSite\",\"@id\":\"https:\/\/www.bymycar.be\/webzine\/nl\/#website\",\"url\":\"https:\/\/www.bymycar.be\/webzine\/nl\/\",\"name\":\"Webzine | BYmyCAR\",\"description\":\"_Le webzine auto de\",\"publisher\":{\"@id\":\"https:\/\/www.bymycar.be\/webzine\/nl\/#organization\"},\"potentialAction\":[{\"@type\":\"SearchAction\",\"target\":{\"@type\":\"EntryPoint\",\"urlTemplate\":\"https:\/\/www.bymycar.be\/webzine\/nl\/?s={search_term_string}\"},\"query-input\":{\"@type\":\"PropertyValueSpecification\",\"valueRequired\":true,\"valueName\":\"search_term_string\"}}],\"inLanguage\":\"fr-FR\"},{\"@type\":\"Organization\",\"@id\":\"https:\/\/www.bymycar.be\/webzine\/nl\/#organization\",\"name\":\"Webzine | BYmyCAR\",\"url\":\"https:\/\/www.bymycar.be\/webzine\/nl\/\",\"logo\":{\"@type\":\"ImageObject\",\"inLanguage\":\"fr-FR\",\"@id\":\"https:\/\/www.bymycar.be\/webzine\/nl\/#\/schema\/logo\/image\/\",\"url\":\"https:\/\/cdn.bymycar.eu\/be-webzine\/wp-content\/uploads\/2024\/11\/20203047\/logo.png\",\"contentUrl\":\"https:\/\/cdn.bymycar.eu\/be-webzine\/wp-content\/uploads\/2024\/11\/20203047\/logo.png\",\"width\":1280,\"height\":512,\"caption\":\"Webzine | BYmyCAR\"},\"image\":{\"@id\":\"https:\/\/www.bymycar.be\/webzine\/nl\/#\/schema\/logo\/image\/\"},\"sameAs\":[\"https:\/\/www.facebook.com\/BYmyCAR.officiel\/\",\"https:\/\/www.instagram.com\/bymycar.officiel\/\"]},{\"@type\":\"Person\",\"@id\":\"https:\/\/www.bymycar.be\/webzine\/nl\/#\/schema\/person\/132327b208e4671c2360160372210c5f\",\"name\":\"Maxime Teyzier\",\"image\":{\"@type\":\"ImageObject\",\"inLanguage\":\"fr-FR\",\"@id\":\"https:\/\/www.bymycar.be\/webzine\/nl\/#\/schema\/person\/image\/\",\"url\":\"https:\/\/secure.gravatar.com\/avatar\/775d7ca272b1127774665641ffacd51187de7f74691b8a87f73c892af1cbd9b7?s=96&d=mm&r=g\",\"contentUrl\":\"https:\/\/secure.gravatar.com\/avatar\/775d7ca272b1127774665641ffacd51187de7f74691b8a87f73c892af1cbd9b7?s=96&d=mm&r=g\",\"caption\":\"Maxime Teyzier\"}}]}<\/script>\n<!-- \/ Yoast SEO Premium plugin. -->","yoast_head_json":{"title":"S\u00e9ries limit\u00e9es et collections Mercedes 2025 : l'excellence en \u00e9dition limit\u00e9e - Webzine BE | BYmyCAR","robots":{"index":"index","follow":"follow","max-snippet":"max-snippet:-1","max-image-preview":"max-image-preview:large","max-video-preview":"max-video-preview:-1"},"canonical":"https:\/\/www.bymycar.be\/webzine\/series-limitees-et-collections-mercedes-2025-lexcellence-en-edition-limitee\/","og_locale":"fr_FR","og_type":"article","og_title":"S\u00e9ries limit\u00e9es et collections Mercedes 2025 : l'excellence en \u00e9dition limit\u00e9e","og_url":"https:\/\/www.bymycar.be\/webzine\/series-limitees-et-collections-mercedes-2025-lexcellence-en-edition-limitee\/","og_site_name":"Webzine BE | BYmyCAR","article_publisher":"https:\/\/www.facebook.com\/BYmyCAR.officiel\/","article_published_time":"2025-07-07T13:50:45+00:00","article_modified_time":"2025-07-08T13:35:14+00:00","author":"Maxime Teyzier","twitter_card":"summary_large_image","twitter_misc":{"\u00c9crit par":"Maxime Teyzier"},"schema":{"@context":"https:\/\/schema.org","@graph":[{"@type":"Article","@id":"https:\/\/www.bymycar.be\/webzine\/series-limitees-et-collections-mercedes-2025-lexcellence-en-edition-limitee\/#article","isPartOf":{"@id":"https:\/\/www.bymycar.be\/webzine\/series-limitees-et-collections-mercedes-2025-lexcellence-en-edition-limitee\/"},"author":{"name":"Maxime Teyzier","@id":"https:\/\/www.bymycar.be\/webzine\/nl\/#\/schema\/person\/132327b208e4671c2360160372210c5f"},"headline":"S\u00e9ries limit\u00e9es et collections Mercedes 2025 : l&rsquo;excellence en \u00e9dition limit\u00e9e","datePublished":"2025-07-07T13:50:45+00:00","dateModified":"2025-07-08T13:35:14+00:00","mainEntityOfPage":{"@id":"https:\/\/www.bymycar.be\/webzine\/series-limitees-et-collections-mercedes-2025-lexcellence-en-edition-limitee\/"},"wordCount":13,"publisher":{"@id":"https:\/\/www.bymycar.be\/webzine\/nl\/#organization"},"articleSection":["Conseils et Astuces","Histoire et Origine"],"inLanguage":"fr-FR"},{"@type":"WebPage","@id":"https:\/\/www.bymycar.be\/webzine\/series-limitees-et-collections-mercedes-2025-lexcellence-en-edition-limitee\/","url":"https:\/\/www.bymycar.be\/webzine\/series-limitees-et-collections-mercedes-2025-lexcellence-en-edition-limitee\/","name":"S\u00e9ries limit\u00e9es et collections Mercedes 2025 : l'excellence en \u00e9dition limit\u00e9e - Webzine BE | BYmyCAR","isPartOf":{"@id":"https:\/\/www.bymycar.be\/webzine\/nl\/#website"},"datePublished":"2025-07-07T13:50:45+00:00","dateModified":"2025-07-08T13:35:14+00:00","breadcrumb":{"@id":"https:\/\/www.bymycar.be\/webzine\/series-limitees-et-collections-mercedes-2025-lexcellence-en-edition-limitee\/#breadcrumb"},"inLanguage":"fr-FR","potentialAction":[{"@type":"ReadAction","target":["https:\/\/www.bymycar.be\/webzine\/series-limitees-et-collections-mercedes-2025-lexcellence-en-edition-limitee\/"]}]},{"@type":"BreadcrumbList","@id":"https:\/\/www.bymycar.be\/webzine\/series-limitees-et-collections-mercedes-2025-lexcellence-en-edition-limitee\/#breadcrumb","itemListElement":[{"@type":"ListItem","position":1,"name":"Accueil","item":"https:\/\/www.bymycar.be\/webzine\/"},{"@type":"ListItem","position":2,"name":"S\u00e9ries limit\u00e9es et collections Mercedes 2025 : l&rsquo;excellence en \u00e9dition limit\u00e9e"}]},{"@type":"WebSite","@id":"https:\/\/www.bymycar.be\/webzine\/nl\/#website","url":"https:\/\/www.bymycar.be\/webzine\/nl\/","name":"Webzine | BYmyCAR","description":"_Le webzine auto de","publisher":{"@id":"https:\/\/www.bymycar.be\/webzine\/nl\/#organization"},"potentialAction":[{"@type":"SearchAction","target":{"@type":"EntryPoint","urlTemplate":"https:\/\/www.bymycar.be\/webzine\/nl\/?s={search_term_string}"},"query-input":{"@type":"PropertyValueSpecification","valueRequired":true,"valueName":"search_term_string"}}],"inLanguage":"fr-FR"},{"@type":"Organization","@id":"https:\/\/www.bymycar.be\/webzine\/nl\/#organization","name":"Webzine | BYmyCAR","url":"https:\/\/www.bymycar.be\/webzine\/nl\/","logo":{"@type":"ImageObject","inLanguage":"fr-FR","@id":"https:\/\/www.bymycar.be\/webzine\/nl\/#\/schema\/logo\/image\/","url":"https:\/\/cdn.bymycar.eu\/be-webzine\/wp-content\/uploads\/2024\/11\/20203047\/logo.png","contentUrl":"https:\/\/cdn.bymycar.eu\/be-webzine\/wp-content\/uploads\/2024\/11\/20203047\/logo.png","width":1280,"height":512,"caption":"Webzine | BYmyCAR"},"image":{"@id":"https:\/\/www.bymycar.be\/webzine\/nl\/#\/schema\/logo\/image\/"},"sameAs":["https:\/\/www.facebook.com\/BYmyCAR.officiel\/","https:\/\/www.instagram.com\/bymycar.officiel\/"]},{"@type":"Person","@id":"https:\/\/www.bymycar.be\/webzine\/nl\/#\/schema\/person\/132327b208e4671c2360160372210c5f","name":"Maxime Teyzier","image":{"@type":"ImageObject","inLanguage":"fr-FR","@id":"https:\/\/www.bymycar.be\/webzine\/nl\/#\/schema\/person\/image\/","url":"https:\/\/secure.gravatar.com\/avatar\/775d7ca272b1127774665641ffacd51187de7f74691b8a87f73c892af1cbd9b7?s=96&d=mm&r=g","contentUrl":"https:\/\/secure.gravatar.com\/avatar\/775d7ca272b1127774665641ffacd51187de7f74691b8a87f73c892af1cbd9b7?s=96&d=mm&r=g","caption":"Maxime Teyzier"}}]}},"_links":{"self":[{"href":"https:\/\/www.bymycar.be\/webzine\/wp-json\/wp\/v2\/posts\/4614","targetHints":{"allow":["GET"]}}],"collection":[{"href":"https:\/\/www.bymycar.be\/webzine\/wp-json\/wp\/v2\/posts"}],"about":[{"href":"https:\/\/www.bymycar.be\/webzine\/wp-json\/wp\/v2\/types\/post"}],"author":[{"embeddable":true,"href":"https:\/\/www.bymycar.be\/webzine\/wp-json\/wp\/v2\/users\/15"}],"replies":[{"embeddable":true,"href":"https:\/\/www.bymycar.be\/webzine\/wp-json\/wp\/v2\/comments?post=4614"}],"version-history":[{"count":2,"href":"https:\/\/www.bymycar.be\/webzine\/wp-json\/wp\/v2\/posts\/4614\/revisions"}],"predecessor-version":[{"id":4659,"href":"https:\/\/www.bymycar.be\/webzine\/wp-json\/wp\/v2\/posts\/4614\/revisions\/4659"}],"wp:attachment":[{"href":"https:\/\/www.bymycar.be\/webzine\/wp-json\/wp\/v2\/media?parent=4614"}],"wp:term":[{"taxonomy":"category","embeddable":true,"href":"https:\/\/www.bymycar.be\/webzine\/wp-json\/wp\/v2\/categories?post=4614"},{"taxonomy":"post_tag","embeddable":true,"href":"https:\/\/www.bymycar.be\/webzine\/wp-json\/wp\/v2\/tags?post=4614"}],"curies":[{"name":"wp","href":"https:\/\/api.w.org\/{rel}","templated":true}]}}