{"id":4575,"date":"2025-07-07T10:09:33","date_gmt":"2025-07-07T08:09:33","guid":{"rendered":"https:\/\/www.bymycar.be\/webzine\/?p=4575"},"modified":"2025-07-08T15:23:36","modified_gmt":"2025-07-08T13:23:36","slug":"comment-reconnaitre-un-moteur-renault-dans-une-mercedes","status":"publish","type":"post","link":"https:\/\/www.bymycar.be\/webzine\/comment-reconnaitre-un-moteur-renault-dans-une-mercedes\/","title":{"rendered":"Comment reconnaitre un moteur Renault dans une Mercedes ?"},"content":{"rendered":"","protected":false},"excerpt":{"rendered":"","protected":false},"author":15,"featured_media":0,"comment_status":"closed","ping_status":"closed","sticky":false,"template":"","format":"standard","meta":{"_acf_changed":false,"footnotes":""},"categories":[1350,1435],"tags":[],"class_list":["post-4575","post","type-post","status-publish","format-standard","hentry","category-conseils-et-astuces","category-fiabilite-et-securite"],"acf":{"image":{"ID":4583,"id":4583,"title":"mercedes-moteur-renault","filename":"mercedes-moteur-renault.jpg","filesize":295799,"url":"https:\/\/cdn.bymycar.eu\/be-webzine\/wp-content\/uploads\/2025\/07\/07100501\/mercedes-moteur-renault.jpg","link":"https:\/\/www.bymycar.be\/webzine\/comment-reconnaitre-un-moteur-renault-dans-une-mercedes\/mercedes-moteur-renault\/","alt":"Certains v\u00e9hicules Mercedes sont \u00e9quip\u00e9s de moteurs Renault","author":"15","description":"","caption":"","name":"mercedes-moteur-renault","status":"inherit","uploaded_to":4575,"date":"2025-07-07 08:04:59","modified":"2025-07-07 08:05:21","menu_order":0,"mime_type":"image\/jpeg","type":"image","subtype":"jpeg","icon":"https:\/\/www.bymycar.be\/webzine\/wp-includes\/images\/media\/default.png","width":2048,"height":1366,"sizes":{"thumbnail":"https:\/\/cdn.bymycar.eu\/be-webzine\/wp-content\/uploads\/2025\/07\/07100501\/mercedes-moteur-renault-150x150.jpg","thumbnail-width":150,"thumbnail-height":150,"medium":"https:\/\/cdn.bymycar.eu\/be-webzine\/wp-content\/uploads\/2025\/07\/07100501\/mercedes-moteur-renault-300x200.jpg","medium-width":300,"medium-height":200,"medium_large":"https:\/\/cdn.bymycar.eu\/be-webzine\/wp-content\/uploads\/2025\/07\/07100501\/mercedes-moteur-renault-768x512.jpg","medium_large-width":768,"medium_large-height":512,"large":"https:\/\/cdn.bymycar.eu\/be-webzine\/wp-content\/uploads\/2025\/07\/07100501\/mercedes-moteur-renault-1024x683.jpg","large-width":1024,"large-height":683,"1536x1536":"https:\/\/cdn.bymycar.eu\/be-webzine\/wp-content\/uploads\/2025\/07\/07100501\/mercedes-moteur-renault-1536x1025.jpg","1536x1536-width":1536,"1536x1536-height":1025,"2048x2048":"https:\/\/cdn.bymycar.eu\/be-webzine\/wp-content\/uploads\/2025\/07\/07100501\/mercedes-moteur-renault.jpg","2048x2048-width":2048,"2048x2048-height":1366}},"introduction":"<p>Vous poss\u00e9dez une Mercedes Classe A, Classe B, CLA, GLA, Citan ou Classe X et vous vous demandez si votre v\u00e9hicule est \u00e9quip\u00e9 d&rsquo;un moteur Renault ? La collaboration entre les deux constructeurs, initi\u00e9e en 2010, a conduit \u00e0 l&rsquo;int\u00e9gration de moteurs fran\u00e7ais dans plusieurs mod\u00e8les de la marque \u00e0 l&rsquo;\u00e9toile. Comment identifier l&rsquo;origine de votre motorisation ? Quels sont les signes distinctifs qui permettent de reconna\u00eetre un bloc Renault sous le capot d&rsquo;une Mercedes ? D\u00e9couvrez tous nos conseils pour percer les secrets de votre motorisation et comprendre les subtilit\u00e9s de ce partenariat franco-allemand.<\/p>\n","add-to-bo":false,"page_content":{"block_content":[{"acf_fc_layout":"text-simple","--nav":{"-withNav":false,"-ancre":""},"--group":{"-text":"<h2><strong>L&rsquo;histoire du partenariat Renault-Mercedes<\/strong><\/h2>\n<p>Le <strong>partenariat Renault-Mercedes<\/strong> a d\u00e9but\u00e9 en 2010, marquant une alliance strat\u00e9gique entre deux g\u00e9ants de l&rsquo;industrie automobile. Cette collaboration a permis \u00e0 Mercedes de b\u00e9n\u00e9ficier de l&rsquo;expertise fran\u00e7aise en mati\u00e8re de petits moteurs pour ses mod\u00e8les d&rsquo;entr\u00e9e de gamme, r\u00e9alisant d&rsquo;importantes \u00e9conomies d&rsquo;\u00e9chelle.<\/p>\n<p>Les premiers \u00e9changes technologiques se sont concr\u00e9tis\u00e9s en 2012 avec l&rsquo;int\u00e9gration du moteur 1.5 dCi (OM607) dans la Mercedes Classe A (W176). Le succ\u00e8s de cette union a conduit au d\u00e9veloppement conjoint du moteur essence 1.3 TCe (M282 chez Mercedes) en 2018, utilis\u00e9 dans de nombreux mod\u00e8les des deux marques.<\/p>\n<p>La collaboration s&rsquo;est \u00e9tendue au-del\u00e0 des motorisations avec la production du <strong>Mercedes Citan<\/strong>, bas\u00e9 sur le Renault Kangoo. Mais en 2022, face aux nouvelles orientations strat\u00e9giques vers l&rsquo;\u00e9lectrification, Mercedes a d\u00e9cid\u00e9 de d\u00e9velopper ses propres solutions techniques.<\/p>\n<p>&nbsp;<\/p>\n<h2><strong>Quelles sont les Mercedes \u00e9quip\u00e9es d&rsquo;un moteur Renault ?<\/strong><\/h2>\n<h3><strong>La gamme Classe A et ses motorisations<\/strong><\/h3>\n<p>La Mercedes Classe A s&rsquo;est distingu\u00e9e comme le premier mod\u00e8le \u00e0 accueillir les <strong>moteurs d&rsquo;origine Renault<\/strong> d\u00e8s 2012. Sur les versions diesel, vous retrouvez le 1.5 dCi (OM607) d\u00e9veloppant 90 \u00e0 116 ch, particuli\u00e8rement appr\u00e9ci\u00e9 pour son couple \u00e0 bas r\u00e9gime. Ce bloc est associ\u00e9 \u00e0 une <strong>bo\u00eete de vitesse automatique<\/strong> \u00e0 7 ou 8 rapports selon les mill\u00e9simes.<\/p>\n<p>Le moteur essence 1.3 TCe (M282), fruit d&rsquo;une conception commune entre les deux marques, \u00e9quipe les versions A160 (uniquement sur certains march\u00e9s), A180 et A200. D\u00e9veloppant de 102 \u00e0 163 ch, cette motorisation se r\u00e9v\u00e8le plus dynamique tout en maintenant des \u00e9missions de CO2 contenues. Les ing\u00e9nieurs de la marque allemande ont optimis\u00e9 sa cartographie pour l&rsquo;adapter aux exigences premium de Mercedes.<\/p>\n<p>&nbsp;<\/p>\n<h3><strong>Les moteurs Renault chez la Classe B<\/strong><\/h3>\n<p>La <strong>Classe B<\/strong>, monospace compact de Mercedes, b\u00e9n\u00e9ficie des m\u00eames blocs que sa cousine la Classe A. Vous retrouvez sous son capot le <strong>diesel 1.5 dCi<\/strong> qui d\u00e9livre une puissance adapt\u00e9e aux usages familiaux. Ce groupe propulseur se distingue par sa sobri\u00e9t\u00e9, avec une consommation moyenne de <strong>4,5 L\/100 km<\/strong> en cycle mixte.<\/p>\n<p>Le 1.3 TCe essence propose quant \u00e0 lui plusieurs niveaux de puissance, allant de 115 \u00e0 163 ch. Cette motorisation, particuli\u00e8rement souple \u00e0 bas r\u00e9gime, s&rsquo;accorde parfaitement avec la transmission <strong>automatique 7G-DCT<\/strong>. Mercedes a d&rsquo;ailleurs optimis\u00e9 sa cartographie pour offrir des acc\u00e9l\u00e9rations plus franches tout en pr\u00e9servant le confort de conduite caract\u00e9ristique de la marque.<\/p>\n<p>&nbsp;<\/p>\n<h3><strong>CLA et GLA : quelles versions sont concern\u00e9es ?<\/strong><\/h3>\n<p>Le <strong>CLA<\/strong>, s\u00e9duisant coup\u00e9 4 portes, a adopt\u00e9 les motorisations Renault d\u00e8s son lancement en 2013. Les versions 180d ont b\u00e9n\u00e9fici\u00e9 du bloc 1.5 dCi d\u00e9veloppant entre 109 et 116 ch, parfaitement adapt\u00e9 \u00e0 cette carrosserie \u00e9lanc\u00e9e. La version 200d n&rsquo;a jamais \u00e9t\u00e9 \u00e9quip\u00e9e du 1.5 dCi. Le <strong>SUV GLA<\/strong>, plus aventurier, a \u00e9galement re\u00e7u ce moteur diesel jusqu&rsquo;en 2020, avant son remplacement par un <strong>2.0 litres maison<\/strong>.<\/p>\n<p>La motorisation essence <strong>1.3 TCe<\/strong> s&rsquo;est r\u00e9v\u00e9l\u00e9e particuli\u00e8rement dynamique sur ces deux mod\u00e8les, notamment sur le <strong>CLA 200<\/strong> avec ses <strong>163 ch<\/strong>. Mercedes a d&rsquo;ailleurs sp\u00e9cifiquement retravaill\u00e9 sa cartographie pour offrir des sensations plus sportives, en accord avec le positionnement premium de ces v\u00e9hicules.<\/p>\n<p>&nbsp;<\/p>\n<h2><strong>Comment identifier un moteur Renault chez Mercedes ?<\/strong><\/h2>\n<h3><strong>La plaque d&rsquo;identification du moteur<\/strong><\/h3>\n<p>Pour rep\u00e9rer l&rsquo;origine de votre motorisation, commencez par localiser la plaque d&rsquo;identification fix\u00e9e sur le bloc moteur. L&#8217;emplacement exact peut varier selon le mod\u00e8le. Cette plaquette m\u00e9tallique comporte trois caract\u00e8res essentiels : une lettre suivie d&rsquo;un chiffre puis une autre lettre. Le <strong>manuel du constructeur<\/strong> vous indique pr\u00e9cis\u00e9ment son emplacement selon votre mod\u00e8le.<\/p>\n<p>La plaque r\u00e9v\u00e8le \u00e9galement le type et l&rsquo;indice du <strong>moteur<\/strong> ainsi qu&rsquo;un num\u00e9ro unique, informations \u00e0 rappeler lors de vos demandes d&rsquo;entretien ou de pi\u00e8ces d\u00e9tach\u00e9es. Un <strong>appel \u00e0 Renault<\/strong> avec ces donn\u00e9es permet de confirmer rapidement l&rsquo;origine de votre bloc moteur.<\/p>\n<p>&nbsp;<\/p>\n<h3><strong>Les codes moteurs sp\u00e9cifiques<\/strong><\/h3>\n<p>Les constructeurs utilisent un syst\u00e8me de codification propre pour identifier leurs motorisations. Chez Mercedes, le code D.2 de la carte grise peut donner une indication sur le type de moteur, mais ne r\u00e9v\u00e8le pas directement son origine (Renault ou Mercedes). Les blocs Renault se distinguent par une nomenclature sp\u00e9cifique : le <strong>K9K<\/strong> d\u00e9signe le fameux <strong>1.5 dCi<\/strong>, tandis que le <strong>H5Ht<\/strong> correspond au <strong>1.3 TCe<\/strong>. Mercedes a adapt\u00e9 cette codification en ajoutant ses propres r\u00e9f\u00e9rences : le <strong>OM608<\/strong> pour le diesel d&rsquo;origine Renault et le <strong>M282<\/strong> pour la version essence co-d\u00e9velopp\u00e9e. Une consultation des bases de donn\u00e9es constructeur permet de retracer pr\u00e9cis\u00e9ment la lign\u00e9e de votre motorisation.<\/p>\n<p>&nbsp;<\/p>\n<h3><strong>Les caract\u00e9ristiques techniques r\u00e9v\u00e9latrices<\/strong><\/h3>\n<p>L&rsquo;observation attentive du compartiment moteur r\u00e9v\u00e8le des indices caract\u00e9ristiques des blocs Renault. La disposition du <strong>vase d&rsquo;expansion<\/strong> et le positionnement sp\u00e9cifique de la <strong>pompe \u00e0 eau<\/strong> sur le c\u00f4t\u00e9 gauche trahissent leur origine. Le <strong>carter d&rsquo;huile<\/strong> en aluminium, signature des <strong>moteurs fiables<\/strong> du constructeur fran\u00e7ais, se distingue par sa forme particuli\u00e8re.<\/p>\n<p>Les <strong>versions \u00e9lectriques<\/strong> partagent \u00e9galement certains composants, comme le module de puissance. La pr\u00e9sence d&rsquo;une <strong>conception de moteurs<\/strong> typique se remarque au niveau de l&rsquo;<strong>arbre \u00e0 came<\/strong> et de son syst\u00e8me de distribution, avec une architecture propre aux blocs Renault.<\/p>\n<p>&nbsp;<\/p>\n<h2><strong>Quels sont les diff\u00e9rents types de moteurs Renault utilis\u00e9s chez Mercedes-Benz ?<\/strong><\/h2>\n<h3><strong>La gamme diesel : du 1.5 dCi au 2.3 dCi<\/strong><\/h3>\n<p>La gamme diesel Renault chez Mercedes s&rsquo;articule autour de plusieurs blocs, dont le 1.5 dCi et le 2.0 dCi. La puissance maximale des moteurs Renault utilis\u00e9s par Mercedes ne va pas jusqu&rsquo;\u00e0 190 ch. Vous retrouverez le c\u00e9l\u00e8bre <strong>1.5 dCi<\/strong> principalement sur les versions d&rsquo;entr\u00e9e de gamme, offrant un excellent compromis consommation-performances avec <strong>4,1 L\/100 km<\/strong> en cycle mixte.<\/p>\n<p>Plus muscl\u00e9, le <strong>2.0 dCi<\/strong> \u00e9quipe notamment le <strong>fourgon Vito<\/strong>, avec une puissance port\u00e9e \u00e0 <strong>150 ch<\/strong>. Au sommet de la hi\u00e9rarchie, le robuste 2.3 dCi du pick-up Classe X d\u00e9livre jusqu&rsquo;\u00e0 190 ch et un couple g\u00e9n\u00e9reux de 450 Nm d\u00e8s 1500 tr\/min. Cette motorisation, d&rsquo;origine Nissan (Renault-Nissan-Mitsubishi), se distingue par sa polyvalence entre usage professionnel et familial.<\/p>\n<p>&nbsp;<\/p>\n<h3><strong>Les moteurs essence : focus sur le 1.3 TCe<\/strong><\/h3>\n<p>Le 1.3 TCe repr\u00e9sente une avanc\u00e9e majeure dans la collaboration franco-allemande. Ce bloc moderne int\u00e8gre une injection directe et, selon les versions, un turbocompresseur \u00e0 g\u00e9om\u00e9trie variable, technologies d\u00e9velopp\u00e9es conjointement par les deux constructeurs. Sa conception innovante permet d&rsquo;atteindre des puissances allant de <strong>115 \u00e0 163 chevaux<\/strong>.<\/p>\n<p>Le moteur se distingue par son <strong>carter en aluminium<\/strong> et sa <strong>culasse \u00e0 calage variable<\/strong>, optimisant la combustion. Un <strong>couple g\u00e9n\u00e9reux de 270 Nm<\/strong> disponible d\u00e8s <strong>1800 tr\/min<\/strong> garantit une r\u00e9activit\u00e9 impressionnante, particuli\u00e8rement appr\u00e9ci\u00e9e sur les mod\u00e8les premium de Mercedes.<\/p>\n<p>&nbsp;<\/p>\n<h2><strong>Quid de la fiabilit\u00e9 des moteurs Renault chez Mercedes ?<\/strong><\/h2>\n<h3><strong>Les modifications apport\u00e9es par Mercedes<\/strong><\/h3>\n<p>La marque \u00e0 l&rsquo;\u00e9toile ne s&rsquo;est pas content\u00e9e d&rsquo;int\u00e9grer les <strong>blocs moteurs<\/strong> Renault sans y apporter sa touche d&rsquo;excellence. Les ing\u00e9nieurs de Stuttgart ont notamment renforc\u00e9 l&rsquo;isolation phonique avec des mat\u00e9riaux composites, r\u00e9duisant les nuisances sonores.<\/p>\n<p>Le <strong>circuit de refroidissement<\/strong> a \u00e9t\u00e9 enti\u00e8rement repens\u00e9, avec l&rsquo;ajout d&rsquo;un second radiateur et d&rsquo;une pompe \u00e0 eau \u00e9lectrique plus performante. La <strong>gestion \u00e9lectronique<\/strong> b\u00e9n\u00e9ficie \u00e9galement d&rsquo;une calibration exclusive Mercedes, optimisant les phases d&rsquo;acc\u00e9l\u00e9ration tout en pr\u00e9servant la sobri\u00e9t\u00e9 caract\u00e9ristique des moteurs Renault.<\/p>\n<p>&nbsp;<\/p>\n<h3><strong>Retours d&rsquo;exp\u00e9rience des utilisateurs<\/strong><\/h3>\n<p>Les propri\u00e9taires de Mercedes \u00e9quip\u00e9es d&rsquo;un <strong>moteur Renault<\/strong> partagent des retours majoritairement positifs sur la durabilit\u00e9 et les performances. La sobri\u00e9t\u00e9 des blocs fran\u00e7ais est particuli\u00e8rement appr\u00e9ci\u00e9e, avec des consommations r\u00e9elles proches des valeurs annonc\u00e9es. Un <strong>accueil favorable<\/strong> qui se confirme dans le temps : de nombreux utilisateurs rapportent avoir d\u00e9pass\u00e9 les <strong>200 000 kilom\u00e8tres<\/strong> sans souci majeur.<\/p>\n<p>Les forums sp\u00e9cialis\u00e9s soulignent notamment la robustesse du <strong>1.5 dCi<\/strong>, pl\u00e9biscit\u00e9 pour son excellent compromis entre agr\u00e9ment et co\u00fbt d&rsquo;usage. Le <strong>nouveau moteur TCe<\/strong> re\u00e7oit \u00e9galement des \u00e9loges pour son dynamisme et sa discr\u00e9tion sonore, des qualit\u00e9s essentielles pour une <strong>Mercedes<\/strong>.<\/p>\n<p>&nbsp;<\/p>\n<h2><strong>Quel avenir pour les motorisations Mercedes ?<\/strong><\/h2>\n<p>Mercedes poursuit sa transition vers l&rsquo;\u00e9lectrification avec le d\u00e9veloppement de plateformes d\u00e9di\u00e9es aux v\u00e9hicules \u00e9lectriques, tout en continuant \u00e0 proposer des motorisations hybrides pour certains march\u00e9s. Cette architecture innovante permettra d&rsquo;int\u00e9grer des <strong>motorisations 100% \u00e9lectriques<\/strong> tout en conservant la possibilit\u00e9 d&rsquo;hybridation pour certains march\u00e9s sp\u00e9cifiques.<\/p>\n<p>Sur le segment compact, vous d\u00e9couvrirez une gamme enti\u00e8rement repens\u00e9e autour de quatre mod\u00e8les phares, propuls\u00e9s par des groupes motopropulseurs d\u00e9veloppant jusqu&rsquo;\u00e0 <strong>475 ch<\/strong>. La technologie <strong>800V<\/strong> permettra une recharge ultrarapide en seulement <strong>15 minutes<\/strong> pour 400 km d&rsquo;autonomie.<\/p>\n<p>Mercedes continue d&rsquo;explorer des partenariats pour le d\u00e9veloppement de nouvelles technologies et motorisations.<\/p>\n"}},{"acf_fc_layout":"text-simple","--nav":{"-withNav":false,"-ancre":""},"--group":{"-text":"<p>D\u00e9couvrez nos autres articles sur le sujet :<\/p>\n<p><a href=\"https:\/\/www.bymycar.be\/webzine\/quels-sont-les-modeles-les-plus-fiables-chez-mercedes-benz\/\">Quels sont les mod\u00e8les les plus fiables chez Mercedes-Benz ?<\/a><br \/>\n<a href=\"https:\/\/www.bymycar.be\/webzine\/classement-des-meilleures-notes-ncap-des-vehicules-mercedes\/\">Classement des meilleures notes NCAP des v\u00e9hicules Mercedes<\/a><br \/>\n<a href=\"https:\/\/www.bymycar.be\/webzine\/quels-sont-les-systemes-de-securite-innovants-chez-mercedes-benz\/\">Quels sont les syst\u00e8mes de s\u00e9curit\u00e9 innovants chez Mercedes-Benz ?<\/a><br \/>\n<a href=\"https:\/\/www.bymycar.be\/webzine\/quelle-est-la-duree-de-vie-dune-mercedes-benz\/\">Quelle est la dur\u00e9e de vie d&rsquo;une Mercedes-Benz ?<\/a><br \/>\n<a href=\"https:\/\/www.bymycar.be\/webzine\/quelle-est-la-consommation-de-carburant-dune-mercedes\/\">Quelle est la consommation de carburant d&rsquo;une Mercedes ?<\/a><\/p>\n"}}]}},"yoast_head":"<!-- This site is optimized with the Yoast SEO Premium plugin v26.4 (Yoast SEO v27.1.1) - https:\/\/yoast.com\/product\/yoast-seo-premium-wordpress\/ -->\n<title>Comment reconnaitre un moteur Renault dans une Mercedes ? - Webzine BE | BYmyCAR<\/title>\n<meta name=\"robots\" content=\"index, follow, max-snippet:-1, max-image-preview:large, max-video-preview:-1\" \/>\n<link rel=\"canonical\" href=\"https:\/\/www.bymycar.be\/webzine\/comment-reconnaitre-un-moteur-renault-dans-une-mercedes\/\" \/>\n<meta property=\"og:locale\" content=\"fr_FR\" \/>\n<meta property=\"og:type\" content=\"article\" \/>\n<meta property=\"og:title\" content=\"Comment reconnaitre un moteur Renault dans une Mercedes ?\" \/>\n<meta property=\"og:url\" content=\"https:\/\/www.bymycar.be\/webzine\/comment-reconnaitre-un-moteur-renault-dans-une-mercedes\/\" \/>\n<meta property=\"og:site_name\" content=\"Webzine BE | BYmyCAR\" \/>\n<meta property=\"article:publisher\" content=\"https:\/\/www.facebook.com\/BYmyCAR.officiel\/\" \/>\n<meta property=\"article:published_time\" content=\"2025-07-07T08:09:33+00:00\" \/>\n<meta property=\"article:modified_time\" content=\"2025-07-08T13:23:36+00:00\" \/>\n<meta name=\"author\" content=\"Maxime Teyzier\" \/>\n<meta name=\"twitter:card\" content=\"summary_large_image\" \/>\n<meta name=\"twitter:label1\" content=\"\u00c9crit par\" \/>\n\t<meta name=\"twitter:data1\" content=\"Maxime Teyzier\" \/>\n<script type=\"application\/ld+json\" class=\"yoast-schema-graph\">{\"@context\":\"https:\/\/schema.org\",\"@graph\":[{\"@type\":\"Article\",\"@id\":\"https:\/\/www.bymycar.be\/webzine\/comment-reconnaitre-un-moteur-renault-dans-une-mercedes\/#article\",\"isPartOf\":{\"@id\":\"https:\/\/www.bymycar.be\/webzine\/comment-reconnaitre-un-moteur-renault-dans-une-mercedes\/\"},\"author\":{\"name\":\"Maxime Teyzier\",\"@id\":\"https:\/\/www.bymycar.be\/webzine\/nl\/#\/schema\/person\/132327b208e4671c2360160372210c5f\"},\"headline\":\"Comment reconnaitre un moteur Renault dans une Mercedes ?\",\"datePublished\":\"2025-07-07T08:09:33+00:00\",\"dateModified\":\"2025-07-08T13:23:36+00:00\",\"mainEntityOfPage\":{\"@id\":\"https:\/\/www.bymycar.be\/webzine\/comment-reconnaitre-un-moteur-renault-dans-une-mercedes\/\"},\"wordCount\":8,\"publisher\":{\"@id\":\"https:\/\/www.bymycar.be\/webzine\/nl\/#organization\"},\"articleSection\":[\"Conseils et Astuces\",\"Fiabilit\u00e9 et S\u00e9curit\u00e9\"],\"inLanguage\":\"fr-FR\"},{\"@type\":\"WebPage\",\"@id\":\"https:\/\/www.bymycar.be\/webzine\/comment-reconnaitre-un-moteur-renault-dans-une-mercedes\/\",\"url\":\"https:\/\/www.bymycar.be\/webzine\/comment-reconnaitre-un-moteur-renault-dans-une-mercedes\/\",\"name\":\"Comment reconnaitre un moteur Renault dans une Mercedes ? - Webzine BE | BYmyCAR\",\"isPartOf\":{\"@id\":\"https:\/\/www.bymycar.be\/webzine\/nl\/#website\"},\"datePublished\":\"2025-07-07T08:09:33+00:00\",\"dateModified\":\"2025-07-08T13:23:36+00:00\",\"breadcrumb\":{\"@id\":\"https:\/\/www.bymycar.be\/webzine\/comment-reconnaitre-un-moteur-renault-dans-une-mercedes\/#breadcrumb\"},\"inLanguage\":\"fr-FR\",\"potentialAction\":[{\"@type\":\"ReadAction\",\"target\":[\"https:\/\/www.bymycar.be\/webzine\/comment-reconnaitre-un-moteur-renault-dans-une-mercedes\/\"]}]},{\"@type\":\"BreadcrumbList\",\"@id\":\"https:\/\/www.bymycar.be\/webzine\/comment-reconnaitre-un-moteur-renault-dans-une-mercedes\/#breadcrumb\",\"itemListElement\":[{\"@type\":\"ListItem\",\"position\":1,\"name\":\"Accueil\",\"item\":\"https:\/\/www.bymycar.be\/webzine\/\"},{\"@type\":\"ListItem\",\"position\":2,\"name\":\"Comment reconnaitre un moteur Renault dans une Mercedes ?\"}]},{\"@type\":\"WebSite\",\"@id\":\"https:\/\/www.bymycar.be\/webzine\/nl\/#website\",\"url\":\"https:\/\/www.bymycar.be\/webzine\/nl\/\",\"name\":\"Webzine | BYmyCAR\",\"description\":\"_Le webzine auto de\",\"publisher\":{\"@id\":\"https:\/\/www.bymycar.be\/webzine\/nl\/#organization\"},\"potentialAction\":[{\"@type\":\"SearchAction\",\"target\":{\"@type\":\"EntryPoint\",\"urlTemplate\":\"https:\/\/www.bymycar.be\/webzine\/nl\/?s={search_term_string}\"},\"query-input\":{\"@type\":\"PropertyValueSpecification\",\"valueRequired\":true,\"valueName\":\"search_term_string\"}}],\"inLanguage\":\"fr-FR\"},{\"@type\":\"Organization\",\"@id\":\"https:\/\/www.bymycar.be\/webzine\/nl\/#organization\",\"name\":\"Webzine | BYmyCAR\",\"url\":\"https:\/\/www.bymycar.be\/webzine\/nl\/\",\"logo\":{\"@type\":\"ImageObject\",\"inLanguage\":\"fr-FR\",\"@id\":\"https:\/\/www.bymycar.be\/webzine\/nl\/#\/schema\/logo\/image\/\",\"url\":\"https:\/\/cdn.bymycar.eu\/be-webzine\/wp-content\/uploads\/2024\/11\/20203047\/logo.png\",\"contentUrl\":\"https:\/\/cdn.bymycar.eu\/be-webzine\/wp-content\/uploads\/2024\/11\/20203047\/logo.png\",\"width\":1280,\"height\":512,\"caption\":\"Webzine | BYmyCAR\"},\"image\":{\"@id\":\"https:\/\/www.bymycar.be\/webzine\/nl\/#\/schema\/logo\/image\/\"},\"sameAs\":[\"https:\/\/www.facebook.com\/BYmyCAR.officiel\/\",\"https:\/\/www.instagram.com\/bymycar.officiel\/\"]},{\"@type\":\"Person\",\"@id\":\"https:\/\/www.bymycar.be\/webzine\/nl\/#\/schema\/person\/132327b208e4671c2360160372210c5f\",\"name\":\"Maxime Teyzier\",\"image\":{\"@type\":\"ImageObject\",\"inLanguage\":\"fr-FR\",\"@id\":\"https:\/\/www.bymycar.be\/webzine\/nl\/#\/schema\/person\/image\/\",\"url\":\"https:\/\/secure.gravatar.com\/avatar\/775d7ca272b1127774665641ffacd51187de7f74691b8a87f73c892af1cbd9b7?s=96&d=mm&r=g\",\"contentUrl\":\"https:\/\/secure.gravatar.com\/avatar\/775d7ca272b1127774665641ffacd51187de7f74691b8a87f73c892af1cbd9b7?s=96&d=mm&r=g\",\"caption\":\"Maxime Teyzier\"}}]}<\/script>\n<!-- \/ Yoast SEO Premium plugin. -->","yoast_head_json":{"title":"Comment reconnaitre un moteur Renault dans une Mercedes ? - Webzine BE | BYmyCAR","robots":{"index":"index","follow":"follow","max-snippet":"max-snippet:-1","max-image-preview":"max-image-preview:large","max-video-preview":"max-video-preview:-1"},"canonical":"https:\/\/www.bymycar.be\/webzine\/comment-reconnaitre-un-moteur-renault-dans-une-mercedes\/","og_locale":"fr_FR","og_type":"article","og_title":"Comment reconnaitre un moteur Renault dans une Mercedes ?","og_url":"https:\/\/www.bymycar.be\/webzine\/comment-reconnaitre-un-moteur-renault-dans-une-mercedes\/","og_site_name":"Webzine BE | BYmyCAR","article_publisher":"https:\/\/www.facebook.com\/BYmyCAR.officiel\/","article_published_time":"2025-07-07T08:09:33+00:00","article_modified_time":"2025-07-08T13:23:36+00:00","author":"Maxime Teyzier","twitter_card":"summary_large_image","twitter_misc":{"\u00c9crit par":"Maxime Teyzier"},"schema":{"@context":"https:\/\/schema.org","@graph":[{"@type":"Article","@id":"https:\/\/www.bymycar.be\/webzine\/comment-reconnaitre-un-moteur-renault-dans-une-mercedes\/#article","isPartOf":{"@id":"https:\/\/www.bymycar.be\/webzine\/comment-reconnaitre-un-moteur-renault-dans-une-mercedes\/"},"author":{"name":"Maxime Teyzier","@id":"https:\/\/www.bymycar.be\/webzine\/nl\/#\/schema\/person\/132327b208e4671c2360160372210c5f"},"headline":"Comment reconnaitre un moteur Renault dans une Mercedes ?","datePublished":"2025-07-07T08:09:33+00:00","dateModified":"2025-07-08T13:23:36+00:00","mainEntityOfPage":{"@id":"https:\/\/www.bymycar.be\/webzine\/comment-reconnaitre-un-moteur-renault-dans-une-mercedes\/"},"wordCount":8,"publisher":{"@id":"https:\/\/www.bymycar.be\/webzine\/nl\/#organization"},"articleSection":["Conseils et Astuces","Fiabilit\u00e9 et S\u00e9curit\u00e9"],"inLanguage":"fr-FR"},{"@type":"WebPage","@id":"https:\/\/www.bymycar.be\/webzine\/comment-reconnaitre-un-moteur-renault-dans-une-mercedes\/","url":"https:\/\/www.bymycar.be\/webzine\/comment-reconnaitre-un-moteur-renault-dans-une-mercedes\/","name":"Comment reconnaitre un moteur Renault dans une Mercedes ? - Webzine BE | BYmyCAR","isPartOf":{"@id":"https:\/\/www.bymycar.be\/webzine\/nl\/#website"},"datePublished":"2025-07-07T08:09:33+00:00","dateModified":"2025-07-08T13:23:36+00:00","breadcrumb":{"@id":"https:\/\/www.bymycar.be\/webzine\/comment-reconnaitre-un-moteur-renault-dans-une-mercedes\/#breadcrumb"},"inLanguage":"fr-FR","potentialAction":[{"@type":"ReadAction","target":["https:\/\/www.bymycar.be\/webzine\/comment-reconnaitre-un-moteur-renault-dans-une-mercedes\/"]}]},{"@type":"BreadcrumbList","@id":"https:\/\/www.bymycar.be\/webzine\/comment-reconnaitre-un-moteur-renault-dans-une-mercedes\/#breadcrumb","itemListElement":[{"@type":"ListItem","position":1,"name":"Accueil","item":"https:\/\/www.bymycar.be\/webzine\/"},{"@type":"ListItem","position":2,"name":"Comment reconnaitre un moteur Renault dans une Mercedes ?"}]},{"@type":"WebSite","@id":"https:\/\/www.bymycar.be\/webzine\/nl\/#website","url":"https:\/\/www.bymycar.be\/webzine\/nl\/","name":"Webzine | BYmyCAR","description":"_Le webzine auto de","publisher":{"@id":"https:\/\/www.bymycar.be\/webzine\/nl\/#organization"},"potentialAction":[{"@type":"SearchAction","target":{"@type":"EntryPoint","urlTemplate":"https:\/\/www.bymycar.be\/webzine\/nl\/?s={search_term_string}"},"query-input":{"@type":"PropertyValueSpecification","valueRequired":true,"valueName":"search_term_string"}}],"inLanguage":"fr-FR"},{"@type":"Organization","@id":"https:\/\/www.bymycar.be\/webzine\/nl\/#organization","name":"Webzine | BYmyCAR","url":"https:\/\/www.bymycar.be\/webzine\/nl\/","logo":{"@type":"ImageObject","inLanguage":"fr-FR","@id":"https:\/\/www.bymycar.be\/webzine\/nl\/#\/schema\/logo\/image\/","url":"https:\/\/cdn.bymycar.eu\/be-webzine\/wp-content\/uploads\/2024\/11\/20203047\/logo.png","contentUrl":"https:\/\/cdn.bymycar.eu\/be-webzine\/wp-content\/uploads\/2024\/11\/20203047\/logo.png","width":1280,"height":512,"caption":"Webzine | BYmyCAR"},"image":{"@id":"https:\/\/www.bymycar.be\/webzine\/nl\/#\/schema\/logo\/image\/"},"sameAs":["https:\/\/www.facebook.com\/BYmyCAR.officiel\/","https:\/\/www.instagram.com\/bymycar.officiel\/"]},{"@type":"Person","@id":"https:\/\/www.bymycar.be\/webzine\/nl\/#\/schema\/person\/132327b208e4671c2360160372210c5f","name":"Maxime Teyzier","image":{"@type":"ImageObject","inLanguage":"fr-FR","@id":"https:\/\/www.bymycar.be\/webzine\/nl\/#\/schema\/person\/image\/","url":"https:\/\/secure.gravatar.com\/avatar\/775d7ca272b1127774665641ffacd51187de7f74691b8a87f73c892af1cbd9b7?s=96&d=mm&r=g","contentUrl":"https:\/\/secure.gravatar.com\/avatar\/775d7ca272b1127774665641ffacd51187de7f74691b8a87f73c892af1cbd9b7?s=96&d=mm&r=g","caption":"Maxime Teyzier"}}]}},"_links":{"self":[{"href":"https:\/\/www.bymycar.be\/webzine\/wp-json\/wp\/v2\/posts\/4575","targetHints":{"allow":["GET"]}}],"collection":[{"href":"https:\/\/www.bymycar.be\/webzine\/wp-json\/wp\/v2\/posts"}],"about":[{"href":"https:\/\/www.bymycar.be\/webzine\/wp-json\/wp\/v2\/types\/post"}],"author":[{"embeddable":true,"href":"https:\/\/www.bymycar.be\/webzine\/wp-json\/wp\/v2\/users\/15"}],"replies":[{"embeddable":true,"href":"https:\/\/www.bymycar.be\/webzine\/wp-json\/wp\/v2\/comments?post=4575"}],"version-history":[{"count":2,"href":"https:\/\/www.bymycar.be\/webzine\/wp-json\/wp\/v2\/posts\/4575\/revisions"}],"predecessor-version":[{"id":4605,"href":"https:\/\/www.bymycar.be\/webzine\/wp-json\/wp\/v2\/posts\/4575\/revisions\/4605"}],"wp:attachment":[{"href":"https:\/\/www.bymycar.be\/webzine\/wp-json\/wp\/v2\/media?parent=4575"}],"wp:term":[{"taxonomy":"category","embeddable":true,"href":"https:\/\/www.bymycar.be\/webzine\/wp-json\/wp\/v2\/categories?post=4575"},{"taxonomy":"post_tag","embeddable":true,"href":"https:\/\/www.bymycar.be\/webzine\/wp-json\/wp\/v2\/tags?post=4575"}],"curies":[{"name":"wp","href":"https:\/\/api.w.org\/{rel}","templated":true}]}}