{"id":4572,"date":"2025-07-07T10:14:54","date_gmt":"2025-07-07T08:14:54","guid":{"rendered":"https:\/\/www.bymycar.be\/webzine\/?p=4572"},"modified":"2025-07-08T15:24:36","modified_gmt":"2025-07-08T13:24:36","slug":"quels-sont-les-modeles-les-plus-fiables-chez-mercedes-benz","status":"publish","type":"post","link":"https:\/\/www.bymycar.be\/webzine\/quels-sont-les-modeles-les-plus-fiables-chez-mercedes-benz\/","title":{"rendered":"Quels sont les mod\u00e8les les plus fiables chez Mercedes-Benz ?"},"content":{"rendered":"","protected":false},"excerpt":{"rendered":"","protected":false},"author":15,"featured_media":0,"comment_status":"closed","ping_status":"closed","sticky":false,"template":"","format":"standard","meta":{"_acf_changed":false,"footnotes":""},"categories":[1350,1435],"tags":[],"class_list":["post-4572","post","type-post","status-publish","format-standard","hentry","category-conseils-et-astuces","category-fiabilite-et-securite"],"acf":{"image":{"ID":4586,"id":4586,"title":"modeles-mercedes-fiable","filename":"modeles-mercedes-fiable.jpg","filesize":48227,"url":"https:\/\/cdn.bymycar.eu\/be-webzine\/wp-content\/uploads\/2025\/07\/07100959\/modeles-mercedes-fiable.jpg","link":"https:\/\/www.bymycar.be\/webzine\/quels-sont-les-modeles-les-plus-fiables-chez-mercedes-benz\/modeles-mercedes-fiable\/","alt":"Nombreux sont les mod\u00e8les fiables chez Mercedes-Benz","author":"15","description":"","caption":"","name":"modeles-mercedes-fiable","status":"inherit","uploaded_to":4572,"date":"2025-07-07 08:09:58","modified":"2025-07-07 08:10:18","menu_order":0,"mime_type":"image\/jpeg","type":"image","subtype":"jpeg","icon":"https:\/\/www.bymycar.be\/webzine\/wp-includes\/images\/media\/default.png","width":1280,"height":960,"sizes":{"thumbnail":"https:\/\/cdn.bymycar.eu\/be-webzine\/wp-content\/uploads\/2025\/07\/07100959\/modeles-mercedes-fiable-150x150.jpg","thumbnail-width":150,"thumbnail-height":150,"medium":"https:\/\/cdn.bymycar.eu\/be-webzine\/wp-content\/uploads\/2025\/07\/07100959\/modeles-mercedes-fiable-300x225.jpg","medium-width":300,"medium-height":225,"medium_large":"https:\/\/cdn.bymycar.eu\/be-webzine\/wp-content\/uploads\/2025\/07\/07100959\/modeles-mercedes-fiable-768x576.jpg","medium_large-width":768,"medium_large-height":576,"large":"https:\/\/cdn.bymycar.eu\/be-webzine\/wp-content\/uploads\/2025\/07\/07100959\/modeles-mercedes-fiable-1024x768.jpg","large-width":1024,"large-height":768,"1536x1536":"https:\/\/cdn.bymycar.eu\/be-webzine\/wp-content\/uploads\/2025\/07\/07100959\/modeles-mercedes-fiable.jpg","1536x1536-width":1280,"1536x1536-height":960,"2048x2048":"https:\/\/cdn.bymycar.eu\/be-webzine\/wp-content\/uploads\/2025\/07\/07100959\/modeles-mercedes-fiable.jpg","2048x2048-width":1280,"2048x2048-height":960}},"introduction":"<p>Vous recherchez une <strong>Mercedes<\/strong> alliant prestige et fiabilit\u00e9 ? Vous h\u00e9sitez entre les mod\u00e8les <strong>EQB<\/strong>, <strong>EQA<\/strong>, <strong>Classe A<\/strong>, <strong>GLC<\/strong>, <strong>EQE<\/strong>, <strong>CLA<\/strong>, <strong>GLA<\/strong> ou <strong>GLE<\/strong> ? Si tous les v\u00e9hicules Mercedes-Benz sont r\u00e9put\u00e9s pour leur robustesse exceptionnelle, certains se distinguent particuli\u00e8rement par leur endurance et leurs performances \u00e0 long terme. Entre les SUV familiaux, les berlines \u00e9l\u00e9gantes et la nouvelle gamme \u00e9lectrique, d\u00e9couvrez dans ce guide complet quels sont les mod\u00e8les Mercedes les plus fiables pour faire le meilleur choix selon vos besoins.<\/p>\n","add-to-bo":false,"page_content":{"block_content":[{"acf_fc_layout":"text-simple","--nav":{"-withNav":false,"-ancre":""},"--group":{"-text":"<h2><strong>L&rsquo;h\u00e9ritage de fiabilit\u00e9 Mercedes <\/strong><\/h2>\n<p>Depuis pr\u00e8s d&rsquo;un si\u00e8cle, la <strong>marque \u00e0 l&rsquo;\u00e9toile<\/strong> fa\u00e7onne son excellence \u00e0 travers des v\u00e9hicules pens\u00e9s pour durer. Cette qu\u00eate de perfection se refl\u00e8te particuli\u00e8rement dans la conception des mod\u00e8les actuels comme l&rsquo;<strong>EQA<\/strong> et l&rsquo;<strong>EQB<\/strong>, h\u00e9ritiers d&rsquo;un savoir-faire unique en mati\u00e8re de robustesse.<\/p>\n<p>La <strong>Classe A<\/strong> et le <strong>CLA<\/strong> perp\u00e9tuent cette tradition d&rsquo;excellence dans le segment compact, tandis que les SUV <strong>GLA<\/strong>, <strong>GLC<\/strong> et <strong>GLE<\/strong> d\u00e9montrent leur endurance quotidienne sur tous les terrains. Sans oublier l&rsquo;<strong>EQE<\/strong>, qui transpose cet h\u00e9ritage de fiabilit\u00e9 dans l&rsquo;\u00e8re \u00e9lectrique avec une garantie batterie de 10 ans attestant la confiance du constructeur.<\/p>\n<p>&nbsp;<\/p>\n<h2><strong>Les mod\u00e8les \u00e9lectriques : une nouvelle \u00e8re de fiabilit\u00e9<\/strong><\/h2>\n<h3><strong>EQA : le compact fiable<\/strong><\/h3>\n<p>Le <strong>Mercedes EQA<\/strong> se distingue par sa conception robuste h\u00e9rit\u00e9e de la <strong>plateforme de Classe A<\/strong>. Vous appr\u00e9cierez particuli\u00e8rement sa batterie offrant une autonomie allant jusqu&rsquo;\u00e0 496 kilom\u00e8tres en cycle mixte WLTP, attestant sa fiabilit\u00e9 sur les longs trajets.<\/p>\n<p>Son syst\u00e8me de recharge intelligent et sa <strong>reconnaissance vocale \u00e9volu\u00e9e<\/strong> garantissent une exp\u00e9rience sans faille au quotidien. Les propri\u00e9taires soulignent la qualit\u00e9 des mat\u00e9riaux et des finitions, renforc\u00e9e par une garantie batterie de 8 ans pour votre tranquillit\u00e9 d&rsquo;esprit.<\/p>\n<p>Le <strong>syst\u00e8me de gestion thermique<\/strong> de la batterie assure des performances constantes, tandis que les mises \u00e0 jour \u00e0 distance maintiennent vos syst\u00e8mes \u00e0 jour. Une conception pens\u00e9e pour durer qui fait de l&rsquo;EQA un choix pertinent pour la mobilit\u00e9 \u00e9lectrique.<\/p>\n<p>&nbsp;<\/p>\n<p style=\"text-align: center;\"><a href=\"https:\/\/www.bymycar.be\/fr\/v\/mercedes-eqa-occasion\" target=\"_blank\" class=\"css-button css-button--gold\" >\n                Mercedes EQA occasion : le stock BYmyCAR\n        <\/a><\/p>\n<p>&nbsp;<\/p>\n<h3><strong>EQB : le SUV familial sans faille<\/strong><\/h3>\n<p>L&rsquo;<strong>EQB<\/strong> se d\u00e9marque par sa polyvalence exceptionnelle avec une configuration jusqu&rsquo;\u00e0 7 places sans compromis sur la performance. Vous appr\u00e9cierez sa <strong>transmission 4MATIC<\/strong> qui garantit une motricit\u00e9 optimale en toutes circonstances, soutenue par une batterie d&rsquo;une capacit\u00e9 utile de <strong>66,5 kWh<\/strong> ou <strong>70,7 kWh<\/strong> con\u00e7ue pour durer.<\/p>\n<p>La solidit\u00e9 de construction h\u00e9rit\u00e9e du GLB thermique s&rsquo;accompagne d&rsquo;innovations comme le <strong>syst\u00e8me de refroidissement intelligent<\/strong> qui pr\u00e9serve la long\u00e9vit\u00e9 de la batterie. Les propri\u00e9taires t\u00e9moignent d&rsquo;une endurance remarquable, avec une usure minimale des composants m\u00eame apr\u00e8s des milliers de kilom\u00e8tres.<\/p>\n<p>Sa <strong>capacit\u00e9 de remorquage de 1700 kg<\/strong> (frein\u00e9e, selon version) attest\u00e9e par Mercedes-Benz d\u00e9montre la robustesse de sa plateforme, tandis que les mises \u00e0 jour \u00e0 distance maintiennent ses syst\u00e8mes au meilleur niveau de performance.<\/p>\n<p>&nbsp;<\/p>\n<p style=\"text-align: center;\"><a href=\"https:\/\/www.bymycar.be\/fr\/v\/mercedes-eqb-occasion\" target=\"_blank\" class=\"css-button css-button--gold\" >\n                D\u00e9couvrez tous nos Mercedes EQB d'occasion\n        <\/a><\/p>\n<p>&nbsp;<\/p>\n<h3><strong>EQE : l&rsquo;excellence \u00e9lectrique<\/strong><\/h3>\n<p>L&rsquo;<strong>EQE<\/strong> incarne le summum de l&rsquo;innovation \u00e9lectrique Mercedes avec sa <strong>plateforme EVA2<\/strong> d\u00e9di\u00e9e, garantissant une autonomie record jusqu&rsquo;\u00e0 645 km. Sa motorisation de 245 ch \u00e0 625 ch selon la version, associ\u00e9e \u00e0 une batterie de 89 kWh ou 90,6 kWh offre des performances dignes de la marque \u00e0 l&rsquo;\u00e9toile, tandis que la suspension pneumatique adaptative assure un confort exceptionnel.<\/p>\n<p>Le raffinement int\u00e9rieur atteint de nouveaux sommets gr\u00e2ce au <strong>syst\u00e8me MBUX<\/strong> derni\u00e8re g\u00e9n\u00e9ration et \u00e0 l&rsquo;<strong>Hyperscreen<\/strong> optionnel de 141 cm. L&rsquo;insonorisation remarquable et les <strong>mat\u00e9riaux premium<\/strong> cr\u00e9ent une atmosph\u00e8re feutr\u00e9e digne d&rsquo;une limousine, confirmant la position de l&rsquo;EQE comme r\u00e9f\u00e9rence du segment \u00e9lectrique haut de gamme.<\/p>\n<p>&nbsp;<\/p>\n<h2><strong>Les SUV : robustesse et long\u00e9vit\u00e9<\/strong><\/h2>\n<h3><strong>GLA : le crossover urbain \u00e9prouv\u00e9<\/strong><\/h3>\n<p>Le <strong>GLA<\/strong> prouve sa robustesse au quotidien avec un taux de retour en atelier parmi les plus bas de sa cat\u00e9gorie. Vous appr\u00e9cierez particuli\u00e8rement sa <strong>bo\u00eete automatique \u00e0 double embrayage<\/strong> qui d\u00e9montre une excellente durabilit\u00e9, m\u00eame sur les versions les plus sollicit\u00e9es. La conception de son ch\u00e2ssis, renforc\u00e9e par des \u00e9l\u00e9ments en acier haute r\u00e9sistance, garantit une tenue de route irr\u00e9prochable ann\u00e9e apr\u00e8s ann\u00e9e.<\/p>\n<p>Les propri\u00e9taires t\u00e9moignent d&rsquo;une consommation ma\u00eetris\u00e9e sur le long terme, notamment avec les moteurs diesel qui maintiennent leurs performances au fil des kilom\u00e8tres. Le <strong>syst\u00e8me 4MATIC<\/strong> optionnel ajoute une dimension de s\u00e9curit\u00e9 sans compromettre la fiabilit\u00e9 m\u00e9canique, une prouesse salu\u00e9e par la <strong>communaut\u00e9 automobile<\/strong>.<\/p>\n<p>&nbsp;<\/p>\n<h3><strong>GLC : le best-seller fiable<\/strong><\/h3>\n<p><strong>Premier SUV Mercedes<\/strong> en termes de ventes en Europe, le GLC affirme sa position de leader gr\u00e2ce \u00e0 une fiabilit\u00e9 \u00e9prouv\u00e9e. Vous appr\u00e9cierez particuli\u00e8rement ses motorisations diesel qui d\u00e9montrent une excellente endurance, avec des exemplaires d\u00e9passant les 200 000 kilom\u00e8tres sans incident majeur.<\/p>\n<p>La conception robuste de sa plateforme, partag\u00e9e avec la Classe C, garantit une stabilit\u00e9 exceptionnelle dans le temps. Les propri\u00e9taires t\u00e9moignent d&rsquo;une usure minimale des composants essentiels comme la <strong>bo\u00eete automatique 9G-TRONIC<\/strong>, tandis que le <strong>syst\u00e8me 4MATIC<\/strong> assure une motricit\u00e9 sans faille m\u00eame apr\u00e8s des ann\u00e9es d&rsquo;utilisation.<\/p>\n<p>La qualit\u00e9 des mat\u00e9riaux et l&rsquo;assemblage soign\u00e9 contribuent \u00e0 maintenir l&rsquo;habitacle dans un \u00e9tat remarquable malgr\u00e9 les ann\u00e9es. Un choix rassurant pour ceux qui recherchent un SUV premium capable de traverser le temps.<\/p>\n<p>&nbsp;<\/p>\n<h3><strong>GLE : le grand SUV durable<\/strong><\/h3>\n<p>Le <strong>Mercedes GLE<\/strong> s&rsquo;impose comme une r\u00e9f\u00e9rence en mati\u00e8re de long\u00e9vit\u00e9 avec sa conception robuste h\u00e9rit\u00e9e du mythique ML. Sa <strong>plateforme renforc\u00e9e<\/strong> et sa <strong>transmission 4MATIC<\/strong> \u00e9volu\u00e9e garantissent une fiabilit\u00e9 exceptionnelle, m\u00eame apr\u00e8s des centaines de milliers de kilom\u00e8tres.<\/p>\n<p>Les moteurs diesel\u00a0d\u00e9montrent une endurance remarquable, particuli\u00e8rement adapt\u00e9e aux <strong>gros rouleurs<\/strong>. La <strong>suspension pneumatique AIRMATIC<\/strong> pr\u00e9serve son efficacit\u00e9 ann\u00e9e apr\u00e8s ann\u00e9e, assurant un confort constant malgr\u00e9 les sollicitations intensives.<\/p>\n<p>Les statistiques de fiabilit\u00e9 placent le GLE parmi les SUV premium les plus durables, avec un taux de retour en atelier parmi les plus bas du segment. Une robustesse qui se traduit par une <strong>valeur r\u00e9siduelle<\/strong> sup\u00e9rieure \u00e0 la moyenne, faisant du GLE un investissement p\u00e9renne pour votre mobilit\u00e9.<\/p>\n<p>&nbsp;<\/p>\n<h2><strong>Les berlines : la fiabilit\u00e9 incarn\u00e9e<\/strong><\/h2>\n<h3><strong>Classe A : la compacte qui dure<\/strong><\/h3>\n<p>La <strong>Classe A<\/strong> a su \u00e9voluer au fil des g\u00e9n\u00e9rations pour offrir une fiabilit\u00e9 exemplaire, notamment avec sa derni\u00e8re version dot\u00e9e du <strong>moteur M282<\/strong>. Vous appr\u00e9cierez ses bo\u00eetes de vitesses automatiques qui d\u00e9montrent une excellente endurance, m\u00eame au-del\u00e0 des 200 000 kilom\u00e8tres. La robustesse de sa <strong>plateforme MFA2<\/strong> se traduit par une tenue de route irr\u00e9prochable et une usure minimale des composants.<\/p>\n<p>Les versions <strong>A180<\/strong> et <strong>A200<\/strong> se distinguent par leur sobri\u00e9t\u00e9 et leur durabilit\u00e9, avec une consommation stable dans le temps. Le <strong>syst\u00e8me de gestion thermique intelligent<\/strong> pr\u00e9serve la long\u00e9vit\u00e9 du groupe motopropulseur, tandis que la conception modulaire facilite la maintenance pr\u00e9ventive.<\/p>\n<p>La qualit\u00e9 de l&rsquo;assemblage et les <strong>aciers haute r\u00e9sistance<\/strong> utilis\u00e9s dans sa structure en font une compacte premium capable d&rsquo;encha\u00eener les kilom\u00e8tres sans montrer de signes de fatigue, aussi bien en usage urbain que sur autoroute.<\/p>\n<p>&nbsp;<\/p>\n<p style=\"text-align: center;\"><a href=\"https:\/\/www.bymycar.be\/fr\/v\/mercedes-classe-a-occasion\" target=\"_blank\" class=\"css-button css-button--gold\" >\n                Toutes les Classe A d'occasion\n        <\/a><\/p>\n<p>&nbsp;<\/p>\n<h3><strong>CLA : le coup\u00e9 4 portes sans souci<\/strong><\/h3>\n<p>Vous r\u00eavez d&rsquo;une berline au style de coup\u00e9 sans compromis sur la fiabilit\u00e9 ? Le <strong>Mercedes CLA<\/strong> transforme ce r\u00eave en r\u00e9alit\u00e9 avec sa conception d\u00e9riv\u00e9e de la robuste <strong>Classe A<\/strong>. Ses bo\u00eetes de vitesses automatiques d\u00e9montrent une excellente endurance, tandis que le moteur 200 de 163 ch maintient ses performances au fil des ann\u00e9es.<\/p>\n<p>Les propri\u00e9taires t\u00e9moignent d&rsquo;une usure minimale des composants, m\u00eame apr\u00e8s <strong>100 000 kilom\u00e8tres<\/strong>. La qualit\u00e9 de construction se refl\u00e8te dans un habitacle qui conserve son lustre d&rsquo;origine, soutenu par des <strong>mat\u00e9riaux premium<\/strong> rigoureusement s\u00e9lectionn\u00e9s. Le <strong>syst\u00e8me de gestion \u00e9lectronique<\/strong> sophistiqu\u00e9 assure une fiabilit\u00e9 remarquable des \u00e9quipements de confort et de s\u00e9curit\u00e9.<\/p>\n<p>&nbsp;<\/p>\n<h2><strong>Quel moteur Mercedes choisir ? <\/strong><\/h2>\n<h3><strong>Les motorisations essence recommand\u00e9es<\/strong><\/h3>\n<p>Les blocs essence Mercedes-Benz incarnent l&rsquo;excellence m\u00e9canique avec le <strong>moteur M282<\/strong> de derni\u00e8re g\u00e9n\u00e9ration. Sur la <strong>Classe A<\/strong> et le <strong>CLA<\/strong>, ce <strong>quatre cylindres 1.3l<\/strong> d\u00e9veloppe une puissance optimale (de 100 kW \u00e0 120 kW) tout en maintenant une consommation ma\u00eetris\u00e9e. Le <strong>GLA<\/strong> et le <strong>GLC<\/strong> profitent quant \u00e0 eux du performant <strong>2.0l turbo<\/strong>, particuli\u00e8rement appr\u00e9ci\u00e9 pour son couple g\u00e9n\u00e9reux d\u00e8s les bas r\u00e9gimes.<\/p>\n<p>La technologie <strong>EQ Boost<\/strong> int\u00e9gr\u00e9e aux versions <strong>48V<\/strong> assure une r\u00e9activit\u00e9 accrue tout en r\u00e9duisant l&rsquo;usure m\u00e9canique. Les statistiques de durabilit\u00e9 placent ces motorisations parmi les plus endurantes du march\u00e9 premium, avec des exemplaires d\u00e9passant les <strong>200 000 kilom\u00e8tres<\/strong> sans intervention majeure.<\/p>\n<p>&nbsp;<\/p>\n<h3><strong>Les blocs diesel de confiance<\/strong><\/h3>\n<p>La gamme diesel Mercedes-Benz se distingue par le <strong>moteur OM654<\/strong> de nouvelle g\u00e9n\u00e9ration. Sur le <strong>GLC<\/strong> et le <strong>GLE<\/strong>, ce <strong>bloc 2.0L<\/strong> d\u00e9veloppe jusqu&rsquo;\u00e0 <strong>194 ch<\/strong> avec un couple g\u00e9n\u00e9reux de <strong>400 Nm<\/strong> d\u00e8s 1600 tr\/min. La <strong>technologie AdBlue<\/strong> optimis\u00e9e r\u00e9duit la consommation sans compromettre les performances.<\/p>\n<p>Le <strong>GLA<\/strong> et la <strong>Classe A<\/strong> profitent quant \u00e0 eux d&rsquo;une version sp\u00e9cifique du <strong>OM654<\/strong>, particuli\u00e8rement sobre avec une consommation mixte \u00e0 partir de\u00a0<strong>4.8L\/100km<\/strong>. Les statistiques de durabilit\u00e9 placent ces motorisations parmi les plus endurantes, avec des exemplaires d\u00e9passant les <strong>300 000 kilom\u00e8tres<\/strong> sans intervention majeure sur la <strong>cha\u00eene de distribution<\/strong>.<\/p>\n<p>&nbsp;<\/p>\n<h3><strong>L&rsquo;hybride : le meilleur des deux mondes<\/strong><\/h3>\n<p>La technologie <strong>hybride rechargeable<\/strong> Mercedes-Benz repr\u00e9sente une prouesse d&rsquo;ing\u00e9nierie avec son association moteur thermique-\u00e9lectrique. Les versions <strong>350e<\/strong> et <strong>300e<\/strong> d\u00e9veloppent une puissance cumul\u00e9e jusqu&rsquo;\u00e0 <strong>313 ch<\/strong> tout en maintenant une consommation ma\u00eetris\u00e9e de <strong>1.5L\/100km<\/strong> en cycle mixte.<\/p>\n<p>Vous appr\u00e9cierez particuli\u00e8rement l&rsquo;autonomie \u00e9lectrique qui peut atteindre <strong>100 km<\/strong> sur certaines des derni\u00e8res g\u00e9n\u00e9rations, un record dans le segment premium. La transition entre les modes de propulsion s&rsquo;effectue avec une fluidit\u00e9 remarquable gr\u00e2ce au\u00a0<strong>syst\u00e8me de gestion intelligent<\/strong>.<\/p>\n<p>Les statistiques de retour atelier placent les motorisations hybrides parmi les plus endurantes de la gamme, avec une usure m\u00e9canique r\u00e9duite gr\u00e2ce au fonctionnement altern\u00e9 des moteurs. Une solution id\u00e9ale pour conjuguer performances et \u00e9conomies au quotidien.<\/p>\n<p>&nbsp;<\/p>\n<h2><strong>Quelle ann\u00e9e Mercedes privil\u00e9gier ? <\/strong><\/h2>\n<h3><strong>Les mill\u00e9simes les plus fiables par mod\u00e8le<\/strong><\/h3>\n<p>La <strong>Classe A<\/strong> de 2018 (W177) s&rsquo;impose comme une r\u00e9f\u00e9rence avec sa conception robuste et ses motorisations \u00e9prouv\u00e9es. Le\u00a0<strong>GLC<\/strong> mill\u00e9sime 2015-2019 (X253) se distingue par son excellent bilan qualit\u00e9, tandis que le <strong>GLA<\/strong> produit apr\u00e8s 2020 (H247) b\u00e9n\u00e9ficie d&rsquo;am\u00e9liorations significatives sur sa transmission.<\/p>\n<p>Le <strong>CLA<\/strong> de seconde g\u00e9n\u00e9ration (2019+) profite d&rsquo;une meilleure finition et d&rsquo;une \u00e9lectronique optimis\u00e9e. Pour les mod\u00e8les \u00e9lectriques, l&rsquo;<strong>EQA<\/strong> et l&rsquo;<strong>EQB<\/strong> des ann\u00e9es 2021-2022 d\u00e9montrent une excellente fiabilit\u00e9, notamment sur leur batterie haute tension.<\/p>\n<p>Le <strong>GLE<\/strong> se r\u00e9v\u00e8le particuli\u00e8rement robuste dans sa version post-2019, avec un taux de panne historiquement bas. Quant \u00e0 l&rsquo;<strong>EQE<\/strong>, ses premiers mill\u00e9simes 2022-2023 affichent des r\u00e9sultats prometteurs en termes de fiabilit\u00e9.<\/p>\n<p>&nbsp;<\/p>\n<h2><strong>Les s\u00e9ries sp\u00e9ciales \u00e0 ne pas manquer<\/strong><\/h2>\n<p>Mercedes-Benz enrichit sa gamme avec des s\u00e9ries sp\u00e9ciales, comme l&rsquo;Edition Digital, disponible sur certains mod\u00e8les comme la Classe A, le GLA et l&rsquo;EQA. Ces s\u00e9ries limit\u00e9es offrent des avantages clients sur les \u00e9quipements connect\u00e9s, incluant des packs d&rsquo;aide \u00e0 la conduite et des cam\u00e9ras 360\u00b0.<\/p>\n<p>Certaines s\u00e9ries sp\u00e9ciales, comme la S\u00e9rie WhiteArt du CLA et du GLC (mod\u00e8les pr\u00e9c\u00e9dents), proposaient une finition exclusive en blanc digital avec des jantes AMG et un habitacle sp\u00e9cifique. Ces versions incluaient souvent un syst\u00e8me audio Burmester.<\/p>\n<p>&nbsp;<\/p>\n<h2><strong>Entretien : la cl\u00e9 de la long\u00e9vit\u00e9 ?<\/strong><\/h2>\n<h3><strong>Le programme de maintenance BYmyCAR<\/strong><\/h3>\n<p>Chez <strong>BYmyCAR<\/strong>, votre satisfaction est notre priorit\u00e9. Notre programme d&rsquo;entretien personnalis\u00e9 s&rsquo;adapte aux sp\u00e9cificit\u00e9s de votre <strong>Mercedes<\/strong>, qu&rsquo;il s&rsquo;agisse d&rsquo;une berline <strong>Classe A<\/strong> ou d&rsquo;un SUV <strong>GLC<\/strong>. Vous b\u00e9n\u00e9ficiez d&rsquo;un suivi digital complet avec le <strong>carnet d&rsquo;entretien num\u00e9rique<\/strong>, accessible 24h\/24 via votre espace client.<\/p>\n<p>Nos techniciens certifi\u00e9s <strong>Mercedes-Benz<\/strong> r\u00e9alisent des diagnostics approfondis selon un protocole en <strong>128 points<\/strong> de contr\u00f4le. Le <strong>pack ServiceCare<\/strong> inclut les r\u00e9visions programm\u00e9es et l&rsquo;extension de garantie <strong>Mobilo<\/strong> jusqu&rsquo;\u00e0 30 ans, une exclusivit\u00e9 qui t\u00e9moigne de notre engagement pour la long\u00e9vit\u00e9 de votre v\u00e9hicule.<\/p>\n<p>&nbsp;<\/p>\n<h3><strong>Les points de contr\u00f4le essentiels<\/strong><\/h3>\n<p>La <strong>motorisation \u00e9lectrique<\/strong> de votre <strong>EQA<\/strong> ou <strong>EQB<\/strong> n\u00e9cessite une attention particuli\u00e8re sur le syst\u00e8me de refroidissement de la batterie et les connexions haute tension. Pour votre <strong>GLC<\/strong> ou <strong>GLE<\/strong>, la v\u00e9rification du syst\u00e8me <strong>4MATIC<\/strong> s&rsquo;accompagne d&rsquo;un contr\u00f4le des paliers de transmission tous les 30 000 km.<\/p>\n<p>Votre <strong>Classe A<\/strong> ou <strong>CLA<\/strong> requiert une inspection minutieuse du train avant et de la direction assist\u00e9e \u00e9lectrique. Le <strong>GLA<\/strong>, particuli\u00e8rement sollicit\u00e9 en usage urbain, demande un suivi r\u00e9gulier des amortisseurs et des silent-blocs.<\/p>\n<p>L&rsquo;<strong>EQE<\/strong>, avec sa technologie de pointe, b\u00e9n\u00e9ficie d&rsquo;un protocole sp\u00e9cifique incluant l&rsquo;analyse des modules de puissance et du syst\u00e8me de r\u00e9cup\u00e9ration d&rsquo;\u00e9nergie. Ces v\u00e9rifications garantissent une performance optimale de votre Mercedes sur le long terme.<\/p>\n<p>&nbsp;<\/p>\n<h2><strong>L&rsquo;expertise BYmyCAR \u00e0 votre service<\/strong><\/h2>\n<h3><strong>Notre s\u00e9lection de Mercedes d&rsquo;occasion<\/strong><\/h3>\n<p>Notre expertise s&rsquo;illustre particuli\u00e8rement dans <a href=\"https:\/\/www.bymycar.be\/fr\/v\/mercedes-occasion\">la s\u00e9lection des <strong>Mercedes<\/strong> d&rsquo;occasion les plus fiables<\/a>. Les <strong>GLC<\/strong> et <strong>GLA<\/strong> de moins de 5 ans affichent des taux de satisfaction exceptionnels de <strong>95%<\/strong> aupr\u00e8s de nos clients. Vous appr\u00e9cierez notamment nos <strong>Classe A<\/strong> avec le moteur <strong>M282<\/strong> qui cumulent moins de <strong>50 000 km<\/strong>, id\u00e9ales pour une conduite urbaine sereine.<\/p>\n<p>La <strong>gamme EQ<\/strong> \u00e9lectrique s\u00e9duit avec des <strong>EQA<\/strong> et <strong>EQB<\/strong> r\u00e9cents propos\u00e9s avec une garantie batterie \u00e9tendue. Notre s\u00e9lection inclut \u00e9galement des <strong>CLA<\/strong> et <strong>GLE<\/strong> soigneusement inspect\u00e9s selon <strong>128 points<\/strong> de contr\u00f4le, pour vous garantir une exp\u00e9rience premium sans compromis.<\/p>\n<p>Votre tranquillit\u00e9 d&rsquo;esprit commence par une <strong>garantie constructeur de 24 mois<\/strong> sans limite de kilom\u00e9trage sur l&rsquo;ensemble de la gamme Mercedes-Benz. Vous b\u00e9n\u00e9ficiez \u00e9galement de l&rsquo;assistance <strong>Mobilo<\/strong> 24h\/24 dans toute l&rsquo;Europe, incluant le d\u00e9pannage et l&rsquo;h\u00e9bergement si n\u00e9cessaire.<\/p>\n"}},{"acf_fc_layout":"text-simple","--nav":{"-withNav":false,"-ancre":""},"--group":{"-text":"<p>D\u00e9couvrez nos autres articles sur le sujet :<\/p>\n<p><a href=\"https:\/\/www.bymycar.be\/webzine\/comment-reconnaitre-un-moteur-renault-dans-une-mercedes\/\">Comment reconnaitre un moteur Renault dans une Mercedes ?<\/a><br \/>\n<a href=\"https:\/\/www.bymycar.be\/webzine\/classement-des-meilleures-notes-ncap-des-vehicules-mercedes\/\">Classement des meilleures notes NCAP des v\u00e9hicules Mercedes<\/a><br \/>\n<a href=\"https:\/\/www.bymycar.be\/webzine\/quels-sont-les-systemes-de-securite-innovants-chez-mercedes-benz\/\">Quels sont les syst\u00e8mes de s\u00e9curit\u00e9 innovants chez Mercedes-Benz ?<\/a><br \/>\n<a href=\"https:\/\/www.bymycar.be\/webzine\/quelle-est-la-duree-de-vie-dune-mercedes-benz\/\">Quelle est la dur\u00e9e de vie d&rsquo;une Mercedes-Benz ?<\/a><br \/>\n<a href=\"https:\/\/www.bymycar.be\/webzine\/quelle-est-la-consommation-de-carburant-dune-mercedes\/\">Quelle est la consommation de carburant d&rsquo;une Mercedes ?<\/a><\/p>\n"}}]}},"yoast_head":"<!-- This site is optimized with the Yoast SEO Premium plugin v26.4 (Yoast SEO v27.1.1) - https:\/\/yoast.com\/product\/yoast-seo-premium-wordpress\/ -->\n<title>Quels sont les mod\u00e8les les plus fiables chez Mercedes-Benz ? - Webzine BE | BYmyCAR<\/title>\n<meta name=\"robots\" content=\"index, follow, max-snippet:-1, max-image-preview:large, max-video-preview:-1\" \/>\n<link rel=\"canonical\" href=\"https:\/\/www.bymycar.be\/webzine\/quels-sont-les-modeles-les-plus-fiables-chez-mercedes-benz\/\" \/>\n<meta property=\"og:locale\" content=\"fr_FR\" \/>\n<meta property=\"og:type\" content=\"article\" \/>\n<meta property=\"og:title\" content=\"Quels sont les mod\u00e8les les plus fiables chez Mercedes-Benz ?\" \/>\n<meta property=\"og:url\" content=\"https:\/\/www.bymycar.be\/webzine\/quels-sont-les-modeles-les-plus-fiables-chez-mercedes-benz\/\" \/>\n<meta property=\"og:site_name\" content=\"Webzine BE | BYmyCAR\" \/>\n<meta property=\"article:publisher\" content=\"https:\/\/www.facebook.com\/BYmyCAR.officiel\/\" \/>\n<meta property=\"article:published_time\" content=\"2025-07-07T08:14:54+00:00\" \/>\n<meta property=\"article:modified_time\" content=\"2025-07-08T13:24:36+00:00\" \/>\n<meta name=\"author\" content=\"Maxime Teyzier\" \/>\n<meta name=\"twitter:card\" content=\"summary_large_image\" \/>\n<meta name=\"twitter:label1\" content=\"\u00c9crit par\" \/>\n\t<meta name=\"twitter:data1\" content=\"Maxime Teyzier\" \/>\n<script type=\"application\/ld+json\" class=\"yoast-schema-graph\">{\"@context\":\"https:\/\/schema.org\",\"@graph\":[{\"@type\":\"Article\",\"@id\":\"https:\/\/www.bymycar.be\/webzine\/quels-sont-les-modeles-les-plus-fiables-chez-mercedes-benz\/#article\",\"isPartOf\":{\"@id\":\"https:\/\/www.bymycar.be\/webzine\/quels-sont-les-modeles-les-plus-fiables-chez-mercedes-benz\/\"},\"author\":{\"name\":\"Maxime Teyzier\",\"@id\":\"https:\/\/www.bymycar.be\/webzine\/nl\/#\/schema\/person\/132327b208e4671c2360160372210c5f\"},\"headline\":\"Quels sont les mod\u00e8les les plus fiables chez Mercedes-Benz ?\",\"datePublished\":\"2025-07-07T08:14:54+00:00\",\"dateModified\":\"2025-07-08T13:24:36+00:00\",\"mainEntityOfPage\":{\"@id\":\"https:\/\/www.bymycar.be\/webzine\/quels-sont-les-modeles-les-plus-fiables-chez-mercedes-benz\/\"},\"wordCount\":10,\"publisher\":{\"@id\":\"https:\/\/www.bymycar.be\/webzine\/nl\/#organization\"},\"articleSection\":[\"Conseils et Astuces\",\"Fiabilit\u00e9 et S\u00e9curit\u00e9\"],\"inLanguage\":\"fr-FR\"},{\"@type\":\"WebPage\",\"@id\":\"https:\/\/www.bymycar.be\/webzine\/quels-sont-les-modeles-les-plus-fiables-chez-mercedes-benz\/\",\"url\":\"https:\/\/www.bymycar.be\/webzine\/quels-sont-les-modeles-les-plus-fiables-chez-mercedes-benz\/\",\"name\":\"Quels sont les mod\u00e8les les plus fiables chez Mercedes-Benz ? - Webzine BE | BYmyCAR\",\"isPartOf\":{\"@id\":\"https:\/\/www.bymycar.be\/webzine\/nl\/#website\"},\"datePublished\":\"2025-07-07T08:14:54+00:00\",\"dateModified\":\"2025-07-08T13:24:36+00:00\",\"breadcrumb\":{\"@id\":\"https:\/\/www.bymycar.be\/webzine\/quels-sont-les-modeles-les-plus-fiables-chez-mercedes-benz\/#breadcrumb\"},\"inLanguage\":\"fr-FR\",\"potentialAction\":[{\"@type\":\"ReadAction\",\"target\":[\"https:\/\/www.bymycar.be\/webzine\/quels-sont-les-modeles-les-plus-fiables-chez-mercedes-benz\/\"]}]},{\"@type\":\"BreadcrumbList\",\"@id\":\"https:\/\/www.bymycar.be\/webzine\/quels-sont-les-modeles-les-plus-fiables-chez-mercedes-benz\/#breadcrumb\",\"itemListElement\":[{\"@type\":\"ListItem\",\"position\":1,\"name\":\"Accueil\",\"item\":\"https:\/\/www.bymycar.be\/webzine\/\"},{\"@type\":\"ListItem\",\"position\":2,\"name\":\"Quels sont les mod\u00e8les les plus fiables chez Mercedes-Benz ?\"}]},{\"@type\":\"WebSite\",\"@id\":\"https:\/\/www.bymycar.be\/webzine\/nl\/#website\",\"url\":\"https:\/\/www.bymycar.be\/webzine\/nl\/\",\"name\":\"Webzine | BYmyCAR\",\"description\":\"_Le webzine auto de\",\"publisher\":{\"@id\":\"https:\/\/www.bymycar.be\/webzine\/nl\/#organization\"},\"potentialAction\":[{\"@type\":\"SearchAction\",\"target\":{\"@type\":\"EntryPoint\",\"urlTemplate\":\"https:\/\/www.bymycar.be\/webzine\/nl\/?s={search_term_string}\"},\"query-input\":{\"@type\":\"PropertyValueSpecification\",\"valueRequired\":true,\"valueName\":\"search_term_string\"}}],\"inLanguage\":\"fr-FR\"},{\"@type\":\"Organization\",\"@id\":\"https:\/\/www.bymycar.be\/webzine\/nl\/#organization\",\"name\":\"Webzine | BYmyCAR\",\"url\":\"https:\/\/www.bymycar.be\/webzine\/nl\/\",\"logo\":{\"@type\":\"ImageObject\",\"inLanguage\":\"fr-FR\",\"@id\":\"https:\/\/www.bymycar.be\/webzine\/nl\/#\/schema\/logo\/image\/\",\"url\":\"https:\/\/cdn.bymycar.eu\/be-webzine\/wp-content\/uploads\/2024\/11\/20203047\/logo.png\",\"contentUrl\":\"https:\/\/cdn.bymycar.eu\/be-webzine\/wp-content\/uploads\/2024\/11\/20203047\/logo.png\",\"width\":1280,\"height\":512,\"caption\":\"Webzine | BYmyCAR\"},\"image\":{\"@id\":\"https:\/\/www.bymycar.be\/webzine\/nl\/#\/schema\/logo\/image\/\"},\"sameAs\":[\"https:\/\/www.facebook.com\/BYmyCAR.officiel\/\",\"https:\/\/www.instagram.com\/bymycar.officiel\/\"]},{\"@type\":\"Person\",\"@id\":\"https:\/\/www.bymycar.be\/webzine\/nl\/#\/schema\/person\/132327b208e4671c2360160372210c5f\",\"name\":\"Maxime Teyzier\",\"image\":{\"@type\":\"ImageObject\",\"inLanguage\":\"fr-FR\",\"@id\":\"https:\/\/www.bymycar.be\/webzine\/nl\/#\/schema\/person\/image\/\",\"url\":\"https:\/\/secure.gravatar.com\/avatar\/775d7ca272b1127774665641ffacd51187de7f74691b8a87f73c892af1cbd9b7?s=96&d=mm&r=g\",\"contentUrl\":\"https:\/\/secure.gravatar.com\/avatar\/775d7ca272b1127774665641ffacd51187de7f74691b8a87f73c892af1cbd9b7?s=96&d=mm&r=g\",\"caption\":\"Maxime Teyzier\"}}]}<\/script>\n<!-- \/ Yoast SEO Premium plugin. -->","yoast_head_json":{"title":"Quels sont les mod\u00e8les les plus fiables chez Mercedes-Benz ? - Webzine BE | BYmyCAR","robots":{"index":"index","follow":"follow","max-snippet":"max-snippet:-1","max-image-preview":"max-image-preview:large","max-video-preview":"max-video-preview:-1"},"canonical":"https:\/\/www.bymycar.be\/webzine\/quels-sont-les-modeles-les-plus-fiables-chez-mercedes-benz\/","og_locale":"fr_FR","og_type":"article","og_title":"Quels sont les mod\u00e8les les plus fiables chez Mercedes-Benz ?","og_url":"https:\/\/www.bymycar.be\/webzine\/quels-sont-les-modeles-les-plus-fiables-chez-mercedes-benz\/","og_site_name":"Webzine BE | BYmyCAR","article_publisher":"https:\/\/www.facebook.com\/BYmyCAR.officiel\/","article_published_time":"2025-07-07T08:14:54+00:00","article_modified_time":"2025-07-08T13:24:36+00:00","author":"Maxime Teyzier","twitter_card":"summary_large_image","twitter_misc":{"\u00c9crit par":"Maxime Teyzier"},"schema":{"@context":"https:\/\/schema.org","@graph":[{"@type":"Article","@id":"https:\/\/www.bymycar.be\/webzine\/quels-sont-les-modeles-les-plus-fiables-chez-mercedes-benz\/#article","isPartOf":{"@id":"https:\/\/www.bymycar.be\/webzine\/quels-sont-les-modeles-les-plus-fiables-chez-mercedes-benz\/"},"author":{"name":"Maxime Teyzier","@id":"https:\/\/www.bymycar.be\/webzine\/nl\/#\/schema\/person\/132327b208e4671c2360160372210c5f"},"headline":"Quels sont les mod\u00e8les les plus fiables chez Mercedes-Benz ?","datePublished":"2025-07-07T08:14:54+00:00","dateModified":"2025-07-08T13:24:36+00:00","mainEntityOfPage":{"@id":"https:\/\/www.bymycar.be\/webzine\/quels-sont-les-modeles-les-plus-fiables-chez-mercedes-benz\/"},"wordCount":10,"publisher":{"@id":"https:\/\/www.bymycar.be\/webzine\/nl\/#organization"},"articleSection":["Conseils et Astuces","Fiabilit\u00e9 et S\u00e9curit\u00e9"],"inLanguage":"fr-FR"},{"@type":"WebPage","@id":"https:\/\/www.bymycar.be\/webzine\/quels-sont-les-modeles-les-plus-fiables-chez-mercedes-benz\/","url":"https:\/\/www.bymycar.be\/webzine\/quels-sont-les-modeles-les-plus-fiables-chez-mercedes-benz\/","name":"Quels sont les mod\u00e8les les plus fiables chez Mercedes-Benz ? - Webzine BE | BYmyCAR","isPartOf":{"@id":"https:\/\/www.bymycar.be\/webzine\/nl\/#website"},"datePublished":"2025-07-07T08:14:54+00:00","dateModified":"2025-07-08T13:24:36+00:00","breadcrumb":{"@id":"https:\/\/www.bymycar.be\/webzine\/quels-sont-les-modeles-les-plus-fiables-chez-mercedes-benz\/#breadcrumb"},"inLanguage":"fr-FR","potentialAction":[{"@type":"ReadAction","target":["https:\/\/www.bymycar.be\/webzine\/quels-sont-les-modeles-les-plus-fiables-chez-mercedes-benz\/"]}]},{"@type":"BreadcrumbList","@id":"https:\/\/www.bymycar.be\/webzine\/quels-sont-les-modeles-les-plus-fiables-chez-mercedes-benz\/#breadcrumb","itemListElement":[{"@type":"ListItem","position":1,"name":"Accueil","item":"https:\/\/www.bymycar.be\/webzine\/"},{"@type":"ListItem","position":2,"name":"Quels sont les mod\u00e8les les plus fiables chez Mercedes-Benz ?"}]},{"@type":"WebSite","@id":"https:\/\/www.bymycar.be\/webzine\/nl\/#website","url":"https:\/\/www.bymycar.be\/webzine\/nl\/","name":"Webzine | BYmyCAR","description":"_Le webzine auto de","publisher":{"@id":"https:\/\/www.bymycar.be\/webzine\/nl\/#organization"},"potentialAction":[{"@type":"SearchAction","target":{"@type":"EntryPoint","urlTemplate":"https:\/\/www.bymycar.be\/webzine\/nl\/?s={search_term_string}"},"query-input":{"@type":"PropertyValueSpecification","valueRequired":true,"valueName":"search_term_string"}}],"inLanguage":"fr-FR"},{"@type":"Organization","@id":"https:\/\/www.bymycar.be\/webzine\/nl\/#organization","name":"Webzine | BYmyCAR","url":"https:\/\/www.bymycar.be\/webzine\/nl\/","logo":{"@type":"ImageObject","inLanguage":"fr-FR","@id":"https:\/\/www.bymycar.be\/webzine\/nl\/#\/schema\/logo\/image\/","url":"https:\/\/cdn.bymycar.eu\/be-webzine\/wp-content\/uploads\/2024\/11\/20203047\/logo.png","contentUrl":"https:\/\/cdn.bymycar.eu\/be-webzine\/wp-content\/uploads\/2024\/11\/20203047\/logo.png","width":1280,"height":512,"caption":"Webzine | BYmyCAR"},"image":{"@id":"https:\/\/www.bymycar.be\/webzine\/nl\/#\/schema\/logo\/image\/"},"sameAs":["https:\/\/www.facebook.com\/BYmyCAR.officiel\/","https:\/\/www.instagram.com\/bymycar.officiel\/"]},{"@type":"Person","@id":"https:\/\/www.bymycar.be\/webzine\/nl\/#\/schema\/person\/132327b208e4671c2360160372210c5f","name":"Maxime Teyzier","image":{"@type":"ImageObject","inLanguage":"fr-FR","@id":"https:\/\/www.bymycar.be\/webzine\/nl\/#\/schema\/person\/image\/","url":"https:\/\/secure.gravatar.com\/avatar\/775d7ca272b1127774665641ffacd51187de7f74691b8a87f73c892af1cbd9b7?s=96&d=mm&r=g","contentUrl":"https:\/\/secure.gravatar.com\/avatar\/775d7ca272b1127774665641ffacd51187de7f74691b8a87f73c892af1cbd9b7?s=96&d=mm&r=g","caption":"Maxime Teyzier"}}]}},"_links":{"self":[{"href":"https:\/\/www.bymycar.be\/webzine\/wp-json\/wp\/v2\/posts\/4572","targetHints":{"allow":["GET"]}}],"collection":[{"href":"https:\/\/www.bymycar.be\/webzine\/wp-json\/wp\/v2\/posts"}],"about":[{"href":"https:\/\/www.bymycar.be\/webzine\/wp-json\/wp\/v2\/types\/post"}],"author":[{"embeddable":true,"href":"https:\/\/www.bymycar.be\/webzine\/wp-json\/wp\/v2\/users\/15"}],"replies":[{"embeddable":true,"href":"https:\/\/www.bymycar.be\/webzine\/wp-json\/wp\/v2\/comments?post=4572"}],"version-history":[{"count":2,"href":"https:\/\/www.bymycar.be\/webzine\/wp-json\/wp\/v2\/posts\/4572\/revisions"}],"predecessor-version":[{"id":4606,"href":"https:\/\/www.bymycar.be\/webzine\/wp-json\/wp\/v2\/posts\/4572\/revisions\/4606"}],"wp:attachment":[{"href":"https:\/\/www.bymycar.be\/webzine\/wp-json\/wp\/v2\/media?parent=4572"}],"wp:term":[{"taxonomy":"category","embeddable":true,"href":"https:\/\/www.bymycar.be\/webzine\/wp-json\/wp\/v2\/categories?post=4572"},{"taxonomy":"post_tag","embeddable":true,"href":"https:\/\/www.bymycar.be\/webzine\/wp-json\/wp\/v2\/tags?post=4572"}],"curies":[{"name":"wp","href":"https:\/\/api.w.org\/{rel}","templated":true}]}}