{"id":4505,"date":"2025-06-20T11:30:12","date_gmt":"2025-06-20T09:30:12","guid":{"rendered":"https:\/\/www.bymycar.be\/webzine\/?p=4505"},"modified":"2025-06-24T11:09:21","modified_gmt":"2025-06-24T09:09:21","slug":"que-penser-du-systeme-de-son-immersif-dolby-atmos-de-mercedes","status":"publish","type":"post","link":"https:\/\/www.bymycar.be\/webzine\/que-penser-du-systeme-de-son-immersif-dolby-atmos-de-mercedes\/","title":{"rendered":"Que penser du syst\u00e8me de son immersif Dolby Atmos de Mercedes ?"},"content":{"rendered":"","protected":false},"excerpt":{"rendered":"","protected":false},"author":14,"featured_media":0,"comment_status":"closed","ping_status":"closed","sticky":false,"template":"","format":"standard","meta":{"_acf_changed":false,"footnotes":""},"categories":[1350,1404],"tags":[],"class_list":["post-4505","post","type-post","status-publish","format-standard","hentry","category-conseils-et-astuces","category-innovations-et-technologies"],"acf":{"image":{"ID":4507,"id":4507,"title":"Mercedes3-200625","filename":"Mercedes3-200625-scaled.jpg","filesize":493621,"url":"https:\/\/cdn.bymycar.eu\/be-webzine\/wp-content\/uploads\/2025\/06\/20112905\/Mercedes3-200625-scaled.jpg","link":"https:\/\/www.bymycar.be\/webzine\/que-penser-du-systeme-de-son-immersif-dolby-atmos-de-mercedes\/mercedes3-200625\/","alt":"Mercedes Classe C grise","author":"14","description":"","caption":"","name":"mercedes3-200625","status":"inherit","uploaded_to":4505,"date":"2025-06-20 09:28:57","modified":"2025-06-20 09:29:25","menu_order":0,"mime_type":"image\/jpeg","type":"image","subtype":"jpeg","icon":"https:\/\/www.bymycar.be\/webzine\/wp-includes\/images\/media\/default.png","width":2560,"height":1711,"sizes":{"thumbnail":"https:\/\/cdn.bymycar.eu\/be-webzine\/wp-content\/uploads\/2025\/06\/20112905\/Mercedes3-200625-150x150.jpg","thumbnail-width":150,"thumbnail-height":150,"medium":"https:\/\/cdn.bymycar.eu\/be-webzine\/wp-content\/uploads\/2025\/06\/20112905\/Mercedes3-200625-300x201.jpg","medium-width":300,"medium-height":201,"medium_large":"https:\/\/cdn.bymycar.eu\/be-webzine\/wp-content\/uploads\/2025\/06\/20112905\/Mercedes3-200625-768x513.jpg","medium_large-width":768,"medium_large-height":513,"large":"https:\/\/cdn.bymycar.eu\/be-webzine\/wp-content\/uploads\/2025\/06\/20112905\/Mercedes3-200625-1024x684.jpg","large-width":1024,"large-height":684,"1536x1536":"https:\/\/cdn.bymycar.eu\/be-webzine\/wp-content\/uploads\/2025\/06\/20112905\/Mercedes3-200625-1536x1027.jpg","1536x1536-width":1536,"1536x1536-height":1027,"2048x2048":"https:\/\/cdn.bymycar.eu\/be-webzine\/wp-content\/uploads\/2025\/06\/20112905\/Mercedes3-200625-2048x1369.jpg","2048x2048-width":2048,"2048x2048-height":1369}},"introduction":"<p>Vous recherchez une exp\u00e9rience sonore exceptionnelle dans votre <a href=\"https:\/\/www.bymycar.be\/fr\/v\/mercedes\">Mercedes<\/a> ? Avec jusqu&rsquo;\u00e0 31 haut-parleurs et une puissance pouvant atteindre 1750 watts, le syst\u00e8me audio Burmester transforme l&rsquo;habitacle de votre v\u00e9hicule en v\u00e9ritable salle de concert. Mais savez-vous vraiment ce qui rend unique cette collaboration entre Mercedes et le prestigieux fabricant allemand ? Du syst\u00e8me Dolby Atmos \u00e0 la technologie 4D en passant par les r\u00e9glages personnalis\u00e9s, d\u00e9couvrez comment Mercedes red\u00e9finit l&rsquo;excellence acoustique automobile \u00e0 travers une exp\u00e9rience sonore r\u00e9volutionnaire.<\/p>\n","add-to-bo":false,"page_content":{"block_content":[{"acf_fc_layout":"text-simple","--nav":{"-withNav":false,"-ancre":""},"--group":{"-text":"<h2>L&rsquo;expertise Burmester chez Mercedes<\/h2>\n<p>La collaboration entre <strong>Mercedes-Benz<\/strong> et <strong>Burmester<\/strong> remonte \u00e0 2013 avec le lancement de la <a href=\"https:\/\/www.bymycar.be\/fr\/v\/mercedes-classe-s\">Classe S<\/a>. Vous b\u00e9n\u00e9ficiez aujourd&rsquo;hui de cette alliance unique entre deux experts allemands : un savoir-faire acoustique de plus de 40 ans combin\u00e9 \u00e0 une <strong>int\u00e9gration parfaite<\/strong> dans l&rsquo;habitacle de votre v\u00e9hicule.<\/p>\n<p>Les ing\u00e9nieurs <strong>Burmester<\/strong> d\u00e9veloppent des solutions sur-mesure pour chaque mod\u00e8le Mercedes. Les woofers sont positionn\u00e9s strat\u00e9giquement, les transducteurs sonores calibr\u00e9s individuellement, et l&rsquo;amplification analogique soigneusement ajust\u00e9e pour cr\u00e9er une signature acoustique distinctive.<\/p>\n<p>Le syst\u00e8me <strong>4D haut de gamme<\/strong> repr\u00e9sente l&rsquo;aboutissement de cette expertise avec ses algorithmes de traitement sophistiqu\u00e9s et ses r\u00e9glages personnalisables. Votre Mercedes-Maybach ou Classe S peut ainsi reproduire la qualit\u00e9 d&rsquo;\u00e9coute d&rsquo;une salle de concert prestigieuse.<\/p>\n<p>&nbsp;<\/p>\n<h2>La technologie Dolby Atmos \u00e0 bord<\/h2>\n<p>R\u00e9volutionnaire, le <strong>Dolby Atmos<\/strong> transforme radicalement votre exp\u00e9rience d&rsquo;\u00e9coute \u00e0 bord des v\u00e9hicules <strong>Mercedes-Benz<\/strong>. Cette technologie cr\u00e9e un champ sonore tridimensionnel o\u00f9 chaque note semble flotter dans l&rsquo;espace, vous enveloppant d&rsquo;une bulle musicale parfaite.<\/p>\n<p>Les <strong>artistes<\/strong> peuvent d\u00e9sormais positionner chaque \u00e9l\u00e9ment sonore avec une pr\u00e9cision chirurgicale dans l&rsquo;habitacle. Une exclusivit\u00e9 rendue possible gr\u00e2ce au partenariat entre <strong>Mercedes-Benz Group<\/strong> et <strong>Apple Music<\/strong>, offrant l&rsquo;<strong>Audio Spatial<\/strong> en natif dans votre v\u00e9hicule.<\/p>\n<p>Disponible sur la <strong>Maybach<\/strong>, l&rsquo;<strong>EQS SUV<\/strong> et la Classe S, ce syst\u00e8me r\u00e9volutionnaire valide chaque morceau dans un studio sp\u00e9cialement con\u00e7u \u00e0 Sindelfingen. Une certification \u00ab\u00a0Approuv\u00e9 dans une Mercedes-Benz\u00a0\u00bb garantissant une qualit\u00e9 sonore exceptionnelle pour les <strong>fans<\/strong> les plus exigeants.<\/p>\n<p>&nbsp;<\/p>\n<h2>Audio haute-fid\u00e9lit\u00e9 et amplification<\/h2>\n<p>Le <strong>syst\u00e8me audio Burmester<\/strong> vous offre une amplification analogique de <strong>590 watts<\/strong> dans sa version Surround, montant jusqu&rsquo;\u00e0 <strong>1750 watts<\/strong> pour la configuration 4D premium. Vous appr\u00e9cierez la chaleur naturelle des <strong>filtres analogiques<\/strong> sur les m\u00e9diums et les aigus, combin\u00e9e \u00e0 une amplification num\u00e9rique pour les basses fr\u00e9quences.<\/p>\n<p>Les ing\u00e9nieurs ont d\u00e9velopp\u00e9 un <strong>\u00e9galiseur 10 bandes<\/strong> permettant d&rsquo;affiner la signature sonore selon vos pr\u00e9f\u00e9rences d&rsquo;\u00e9coute. Trois modes pr\u00e9d\u00e9finis &#8211; Pure, Live et Smooth &#8211; s&rsquo;adaptent instantan\u00e9ment \u00e0 vos diff\u00e9rents styles musicaux, du classique au rock en passant par le jazz.<\/p>\n<p>&nbsp;<\/p>\n<h2>Le syst\u00e8me sonore par classe de v\u00e9hicule<\/h2>\n<p>Chaque gamme <strong>Mercedes-Benz<\/strong> b\u00e9n\u00e9ficie d&rsquo;une configuration sonore sp\u00e9cifique. La <a href=\"https:\/\/www.bymycar.be\/fr\/v\/mercedes-classe-a\"> <strong>Classe A<\/strong> <\/a> re\u00e7oit un syst\u00e8me Burmester Surround de <strong>590 watts<\/strong> avec 12 haut-parleurs strat\u00e9giquement positionn\u00e9s. Pour votre <a href=\"https:\/\/www.bymycar.be\/fr\/v\/mercedes-classe-c\"> <strong>Classe C<\/strong> <\/a> et <a href=\"https:\/\/www.bymycar.be\/fr\/v\/mercedes-classe-e\"> <strong>Classe E<\/strong> <\/a>, vous profitez d&rsquo;une installation enrichie int\u00e9grant une voie centrale d\u00e9di\u00e9e aux voix.<\/p>\n<p>Les <a href=\"https:\/\/www.bymycar.be\/fr\/v\/mercedes-gle\"> <strong>SUV GLE<\/strong> <\/a> et <strong>GLS<\/strong> exploitent pleinement le volume de leur habitacle avec une configuration \u00e0 <strong>13 haut-parleurs<\/strong> et un caisson de basses optimis\u00e9. Au sommet de la gamme, votre <strong>Classe S<\/strong> ou <strong>Mercedes-Maybach<\/strong> vous offre le nec plus ultra : un syst\u00e8me <strong>4D High-End<\/strong> d\u00e9velopp\u00e9 sp\u00e9cifiquement par les ing\u00e9nieurs de Burmester pour ces mod\u00e8les d&rsquo;exception.<\/p>\n<p>&nbsp;<\/p>\n<h2>L&rsquo;exp\u00e9rience acoustique premium<\/h2>\n<p>Installez-vous confortablement dans votre <strong>Mercedes-Benz<\/strong> et laissez-vous transporter par une exp\u00e9rience sonore unique. Le <strong>vice-pr\u00e9sident<\/strong> d&rsquo;<strong>Apple Music<\/strong>, <strong>Oliver Schusser<\/strong>, collabore \u00e9troitement avec le <strong>conseil d&rsquo;administration<\/strong> de <strong>Mercedes-Benz AG<\/strong> pour vous offrir une immersion musicale sans pr\u00e9c\u00e9dent.<\/p>\n<p>Chaque note prend vie autour de vous gr\u00e2ce aux transducteurs sonores int\u00e9gr\u00e9s aux si\u00e8ges, cr\u00e9ant un v\u00e9ritable massage acoustique. <strong>Ola K\u00e4llenius<\/strong>, pr\u00e9sident du conseil, a fait de cette innovation une priorit\u00e9 pour les millions de <strong>personnes dans le monde<\/strong> en qu\u00eate d&rsquo;excellence acoustique.<\/p>\n<p>La certification \u00ab\u00a0Approuv\u00e9 dans une Mercedes-Benz\u00a0\u00bb, <strong>premi\u00e8re fois disponible<\/strong> sur le march\u00e9, garantit une reproduction fid\u00e8le de chaque morceau, valid\u00e9e dans les studios de Sindelfingen. Une r\u00e9volution sonore qui transforme chaque trajet en exp\u00e9rience sensorielle unique.<\/p>\n<p>&nbsp;<\/p>\n<p>&nbsp;<\/p>\n<p style=\"text-align: center;\"><a href=\"https:\/\/www.bymycar.be\/fr\/v\/mercedes\" target=\"_blank\" class=\"css-button css-button--gold\" >\n                D\u00e9couvrez tous nos v\u00e9hicules Mercedes en stock\n        <\/a><\/p>\n<p>&nbsp;<\/p>\n<p>&nbsp;<\/p>\n<h2>FAQ<\/h2>\n<h3>Qu&rsquo;est-ce que le syst\u00e8me audio Mercedes premium ?<\/h3>\n<p>Vous r\u00eavez d&rsquo;une exp\u00e9rience sonore exceptionnelle dans votre <strong>Mercedes-Benz<\/strong> ? L&rsquo;\u00e9quipement acoustique premium transforme votre habitacle en v\u00e9ritable salle de concert priv\u00e9e. Cette solution haut de gamme se d\u00e9cline en trois niveaux : l&rsquo;<strong>Advanced Sound System<\/strong> avec 9 haut-parleurs et amplificateur de 225 watts, la configuration <strong>Surround<\/strong> int\u00e9grant 13 transducteurs, et l&rsquo;option <strong>High-End<\/strong> offrant jusqu&rsquo;\u00e0 31 points d&rsquo;\u00e9mission sonore.<\/p>\n<p>La signature acoustique s&rsquo;adapte automatiquement \u00e0 votre vitesse gr\u00e2ce aux capteurs embarqu\u00e9s, tandis que l&rsquo;\u00e9galiseur 10 bandes vous permet d&rsquo;affiner chaque fr\u00e9quence selon vos go\u00fbts musicaux. Un <strong>assistant vocal<\/strong> d\u00e9di\u00e9 facilite les r\u00e9glages en mouvement, pour une immersion sonore parfaite \u00e0 chaque trajet.<\/p>\n<h3>Quel syst\u00e8me audio utilise Mercedes ?<\/h3>\n<p>Pour \u00e9quiper ses v\u00e9hicules, <strong>Mercedes-Benz<\/strong> s&rsquo;appuie sur trois configurations audio distinctes. Le syst\u00e8me de base <strong>Advanced<\/strong> offre une installation 9 haut-parleurs de <strong>225 watts<\/strong>. La version <strong>Sound System<\/strong> interm\u00e9diaire monte en gamme avec une configuration <strong>13 haut-parleurs<\/strong> int\u00e9grant un caisson de basses d\u00e9di\u00e9.<\/p>\n<p>Au sommet de la pyramide, le <strong>syst\u00e8me premium Burmester<\/strong> se d\u00e9cline en versions <strong>Surround<\/strong> et <strong>High-End 4D<\/strong>. Ces configurations exploitent des amplificateurs hybrides combinant la chaleur de l&rsquo;analogique pour les m\u00e9diums-aigus \u00e0 la pr\u00e9cision du num\u00e9rique pour les basses fr\u00e9quences. Vous pouvez personnaliser votre exp\u00e9rience gr\u00e2ce \u00e0 l&rsquo;<strong>\u00e9galiseur 10 bandes<\/strong> et aux modes d&rsquo;\u00e9coute pr\u00e9d\u00e9finis.<\/p>\n<h3>Quelle marque d&rsquo;enceinte\u00a0utilise\u00a0Mercedes ?<\/h3>\n<p>Le constructeur allemand <strong>Mercedes-Benz<\/strong> a fait le choix strat\u00e9gique de s&rsquo;associer principalement avec <strong>Burmester<\/strong>, un prestigieux fabricant berlinois d&rsquo;\u00e9quipements audio haut de gamme. Cette collaboration exclusive, initi\u00e9e en 2013, s&rsquo;est impos\u00e9e comme une r\u00e9f\u00e9rence dans l&rsquo;industrie automobile premium.<\/p>\n<p>Avant Burmester, <strong>Harman Kardon<\/strong> \u00e9quipait certains mod\u00e8les Mercedes avec des syst\u00e8mes <strong>Logic 7<\/strong> r\u00e9put\u00e9s. Pour les v\u00e9hicules d&rsquo;entr\u00e9e de gamme, vous retrouverez l&rsquo;<strong>Advanced Sound System<\/strong> d\u00e9velopp\u00e9 en interne par Mercedes, tandis que certaines s\u00e9ries limit\u00e9es ont b\u00e9n\u00e9fici\u00e9 de partenariats ponctuels avec <strong>Bang &amp; Olufsen<\/strong>.<\/p>\n<p>Les ing\u00e9nieurs de Burmester adaptent chaque configuration aux sp\u00e9cificit\u00e9s acoustiques de votre Mercedes, avec un travail minutieux sur le placement des haut-parleurs et l&rsquo;\u00e9talonnage du son.<\/p>\n<h3>Quel syst\u00e8me audio est pr\u00e9sent dans la Mercedes classe c ?<\/h3>\n<p>La <strong>Mercedes Classe C<\/strong> red\u00e9finit les standards acoustiques de sa cat\u00e9gorie. Avez-vous d\u00e9j\u00e0 imagin\u00e9 profiter d&rsquo;un concert priv\u00e9 lors de vos trajets quotidiens ? Entre l&rsquo;<strong>Advanced Sound System<\/strong> de s\u00e9rie et le <strong>syst\u00e8me Burmester Surround<\/strong> en option, quelle configuration sonore correspond le mieux \u00e0 vos attentes ? D\u00e9couvrez comment cette berline premium transforme chaque note en une exp\u00e9rience sensorielle unique.<\/p>\n<p>Le syst\u00e8me audio de base offre une acoustique remarquable gr\u00e2ce \u00e0 ses <strong>9 haut-parleurs<\/strong> strat\u00e9giquement positionn\u00e9s. La calibration sp\u00e9cifique \u00e0 l&rsquo;habitacle de la Classe C assure une reproduction fid\u00e8le des voix et une excellente s\u00e9paration des instruments.<\/p>\n<p>Pour les m\u00e9lomanes les plus exigeants, le <strong>syst\u00e8me Burmester Surround<\/strong> \u00e9l\u00e8ve l&rsquo;exp\u00e9rience sonore \u00e0 un niveau sup\u00e9rieur. Les ing\u00e9nieurs ont d\u00e9velopp\u00e9 une configuration exclusive int\u00e9grant une <strong>voie centrale d\u00e9di\u00e9e<\/strong> et un <strong>caisson de basses<\/strong> optimis\u00e9 pour l&rsquo;acoustique particuli\u00e8re de la Classe C. Les mat\u00e9riaux nobles comme l&rsquo;aluminium des grilles de haut-parleurs participent \u00e0 cette signature sonore unique.<\/p>\n<p>&nbsp;<\/p>\n<p>&nbsp;<\/p>\n<p>D\u2019autres articles qui pourraient vous int\u00e9resser\u00a0:<\/p>\n<p><a href=\"https:\/\/www.bymycar.be\/webzine\/e-active-body-control-la-revolution-technologique-signee-mercedes-pour-une-suspension-intelligente\/\">E-Active Body Control\u00a0: la r\u00e9volution technologique sign\u00e9e Mercedes pour une suspension intelligente<\/a><\/p>\n<p><a href=\"https:\/\/www.bymycar.be\/webzine\/mercedes-et-lintegration-de-lia-linnovation-au-service-de-votre-conduite\/\">Mercedes et l\u2019int\u00e9gration de l\u2019IA\u00a0: l\u2019innovation au service de votre conduite<\/a><\/p>\n<p><a href=\"https:\/\/www.bymycar.be\/webzine\/mbux-2025-lintelligence-artificielle-revolutionne-lexperience-mercedes\/\">MBUX 2025\u00a0: l\u2019intelligence artificielle r\u00e9volutionne l\u2019exp\u00e9rience Mercedes<\/a><\/p>\n<p><a href=\"https:\/\/www.bymycar.be\/webzine\/mercedes-drive-pilot-lavenir-de-la-conduite-autonome\/\">Mercedes Drive Pilot\u00a0: l\u2019avenir de la conduite autonome\u00a0?<\/a><\/p>\n<p><a href=\"https:\/\/www.bymycar.be\/webzine\/distronic-mercedes-comment-fonctionne-cette-assistance-a-la-conduite\/\">DISTRONIC Mercedes\u00a0: comment fonctionne cette assistance \u00e0 la conduite\u00a0?<\/a><\/p>\n"}}]}},"yoast_head":"<!-- This site is optimized with the Yoast SEO Premium plugin v26.4 (Yoast SEO v27.1.1) - https:\/\/yoast.com\/product\/yoast-seo-premium-wordpress\/ -->\n<title>Que penser du syst\u00e8me de son immersif Dolby Atmos de Mercedes ? - Webzine BE | BYmyCAR<\/title>\n<meta name=\"robots\" content=\"index, follow, max-snippet:-1, max-image-preview:large, max-video-preview:-1\" \/>\n<link rel=\"canonical\" href=\"https:\/\/www.bymycar.be\/webzine\/que-penser-du-systeme-de-son-immersif-dolby-atmos-de-mercedes\/\" \/>\n<meta property=\"og:locale\" content=\"fr_FR\" \/>\n<meta property=\"og:type\" content=\"article\" \/>\n<meta property=\"og:title\" content=\"Que penser du syst\u00e8me de son immersif Dolby Atmos de Mercedes ?\" \/>\n<meta property=\"og:url\" content=\"https:\/\/www.bymycar.be\/webzine\/que-penser-du-systeme-de-son-immersif-dolby-atmos-de-mercedes\/\" \/>\n<meta property=\"og:site_name\" content=\"Webzine BE | BYmyCAR\" \/>\n<meta property=\"article:publisher\" content=\"https:\/\/www.facebook.com\/BYmyCAR.officiel\/\" \/>\n<meta property=\"article:published_time\" content=\"2025-06-20T09:30:12+00:00\" \/>\n<meta property=\"article:modified_time\" content=\"2025-06-24T09:09:21+00:00\" \/>\n<meta name=\"author\" content=\"Lola Vieira Da Silva\" \/>\n<meta name=\"twitter:card\" content=\"summary_large_image\" \/>\n<meta name=\"twitter:label1\" content=\"\u00c9crit par\" \/>\n\t<meta name=\"twitter:data1\" content=\"Lola Vieira Da Silva\" \/>\n<script type=\"application\/ld+json\" class=\"yoast-schema-graph\">{\"@context\":\"https:\/\/schema.org\",\"@graph\":[{\"@type\":\"Article\",\"@id\":\"https:\/\/www.bymycar.be\/webzine\/que-penser-du-systeme-de-son-immersif-dolby-atmos-de-mercedes\/#article\",\"isPartOf\":{\"@id\":\"https:\/\/www.bymycar.be\/webzine\/que-penser-du-systeme-de-son-immersif-dolby-atmos-de-mercedes\/\"},\"author\":{\"name\":\"Lola Vieira Da Silva\",\"@id\":\"https:\/\/www.bymycar.be\/webzine\/nl\/#\/schema\/person\/62e6ba497b0835d16ce47e28f2f08327\"},\"headline\":\"Que penser du syst\u00e8me de son immersif Dolby Atmos de Mercedes ?\",\"datePublished\":\"2025-06-20T09:30:12+00:00\",\"dateModified\":\"2025-06-24T09:09:21+00:00\",\"mainEntityOfPage\":{\"@id\":\"https:\/\/www.bymycar.be\/webzine\/que-penser-du-systeme-de-son-immersif-dolby-atmos-de-mercedes\/\"},\"wordCount\":12,\"publisher\":{\"@id\":\"https:\/\/www.bymycar.be\/webzine\/nl\/#organization\"},\"articleSection\":[\"Conseils et Astuces\",\"Innovations et Technologies\"],\"inLanguage\":\"fr-FR\"},{\"@type\":\"WebPage\",\"@id\":\"https:\/\/www.bymycar.be\/webzine\/que-penser-du-systeme-de-son-immersif-dolby-atmos-de-mercedes\/\",\"url\":\"https:\/\/www.bymycar.be\/webzine\/que-penser-du-systeme-de-son-immersif-dolby-atmos-de-mercedes\/\",\"name\":\"Que penser du syst\u00e8me de son immersif Dolby Atmos de Mercedes ? - Webzine BE | BYmyCAR\",\"isPartOf\":{\"@id\":\"https:\/\/www.bymycar.be\/webzine\/nl\/#website\"},\"datePublished\":\"2025-06-20T09:30:12+00:00\",\"dateModified\":\"2025-06-24T09:09:21+00:00\",\"breadcrumb\":{\"@id\":\"https:\/\/www.bymycar.be\/webzine\/que-penser-du-systeme-de-son-immersif-dolby-atmos-de-mercedes\/#breadcrumb\"},\"inLanguage\":\"fr-FR\",\"potentialAction\":[{\"@type\":\"ReadAction\",\"target\":[\"https:\/\/www.bymycar.be\/webzine\/que-penser-du-systeme-de-son-immersif-dolby-atmos-de-mercedes\/\"]}]},{\"@type\":\"BreadcrumbList\",\"@id\":\"https:\/\/www.bymycar.be\/webzine\/que-penser-du-systeme-de-son-immersif-dolby-atmos-de-mercedes\/#breadcrumb\",\"itemListElement\":[{\"@type\":\"ListItem\",\"position\":1,\"name\":\"Accueil\",\"item\":\"https:\/\/www.bymycar.be\/webzine\/\"},{\"@type\":\"ListItem\",\"position\":2,\"name\":\"Que penser du syst\u00e8me de son immersif Dolby Atmos de Mercedes ?\"}]},{\"@type\":\"WebSite\",\"@id\":\"https:\/\/www.bymycar.be\/webzine\/nl\/#website\",\"url\":\"https:\/\/www.bymycar.be\/webzine\/nl\/\",\"name\":\"Webzine | BYmyCAR\",\"description\":\"_Le webzine auto de\",\"publisher\":{\"@id\":\"https:\/\/www.bymycar.be\/webzine\/nl\/#organization\"},\"potentialAction\":[{\"@type\":\"SearchAction\",\"target\":{\"@type\":\"EntryPoint\",\"urlTemplate\":\"https:\/\/www.bymycar.be\/webzine\/nl\/?s={search_term_string}\"},\"query-input\":{\"@type\":\"PropertyValueSpecification\",\"valueRequired\":true,\"valueName\":\"search_term_string\"}}],\"inLanguage\":\"fr-FR\"},{\"@type\":\"Organization\",\"@id\":\"https:\/\/www.bymycar.be\/webzine\/nl\/#organization\",\"name\":\"Webzine | BYmyCAR\",\"url\":\"https:\/\/www.bymycar.be\/webzine\/nl\/\",\"logo\":{\"@type\":\"ImageObject\",\"inLanguage\":\"fr-FR\",\"@id\":\"https:\/\/www.bymycar.be\/webzine\/nl\/#\/schema\/logo\/image\/\",\"url\":\"https:\/\/cdn.bymycar.eu\/be-webzine\/wp-content\/uploads\/2024\/11\/20203047\/logo.png\",\"contentUrl\":\"https:\/\/cdn.bymycar.eu\/be-webzine\/wp-content\/uploads\/2024\/11\/20203047\/logo.png\",\"width\":1280,\"height\":512,\"caption\":\"Webzine | BYmyCAR\"},\"image\":{\"@id\":\"https:\/\/www.bymycar.be\/webzine\/nl\/#\/schema\/logo\/image\/\"},\"sameAs\":[\"https:\/\/www.facebook.com\/BYmyCAR.officiel\/\",\"https:\/\/www.instagram.com\/bymycar.officiel\/\"]},{\"@type\":\"Person\",\"@id\":\"https:\/\/www.bymycar.be\/webzine\/nl\/#\/schema\/person\/62e6ba497b0835d16ce47e28f2f08327\",\"name\":\"Lola Vieira Da Silva\",\"image\":{\"@type\":\"ImageObject\",\"inLanguage\":\"fr-FR\",\"@id\":\"https:\/\/www.bymycar.be\/webzine\/nl\/#\/schema\/person\/image\/\",\"url\":\"https:\/\/secure.gravatar.com\/avatar\/8d491122de3cbfd87e645bbdbd392d04626ebb95f4929de9cc1231399984b34b?s=96&d=mm&r=g\",\"contentUrl\":\"https:\/\/secure.gravatar.com\/avatar\/8d491122de3cbfd87e645bbdbd392d04626ebb95f4929de9cc1231399984b34b?s=96&d=mm&r=g\",\"caption\":\"Lola Vieira Da Silva\"}}]}<\/script>\n<!-- \/ Yoast SEO Premium plugin. -->","yoast_head_json":{"title":"Que penser du syst\u00e8me de son immersif Dolby Atmos de Mercedes ? - Webzine BE | BYmyCAR","robots":{"index":"index","follow":"follow","max-snippet":"max-snippet:-1","max-image-preview":"max-image-preview:large","max-video-preview":"max-video-preview:-1"},"canonical":"https:\/\/www.bymycar.be\/webzine\/que-penser-du-systeme-de-son-immersif-dolby-atmos-de-mercedes\/","og_locale":"fr_FR","og_type":"article","og_title":"Que penser du syst\u00e8me de son immersif Dolby Atmos de Mercedes ?","og_url":"https:\/\/www.bymycar.be\/webzine\/que-penser-du-systeme-de-son-immersif-dolby-atmos-de-mercedes\/","og_site_name":"Webzine BE | BYmyCAR","article_publisher":"https:\/\/www.facebook.com\/BYmyCAR.officiel\/","article_published_time":"2025-06-20T09:30:12+00:00","article_modified_time":"2025-06-24T09:09:21+00:00","author":"Lola Vieira Da Silva","twitter_card":"summary_large_image","twitter_misc":{"\u00c9crit par":"Lola Vieira Da Silva"},"schema":{"@context":"https:\/\/schema.org","@graph":[{"@type":"Article","@id":"https:\/\/www.bymycar.be\/webzine\/que-penser-du-systeme-de-son-immersif-dolby-atmos-de-mercedes\/#article","isPartOf":{"@id":"https:\/\/www.bymycar.be\/webzine\/que-penser-du-systeme-de-son-immersif-dolby-atmos-de-mercedes\/"},"author":{"name":"Lola Vieira Da Silva","@id":"https:\/\/www.bymycar.be\/webzine\/nl\/#\/schema\/person\/62e6ba497b0835d16ce47e28f2f08327"},"headline":"Que penser du syst\u00e8me de son immersif Dolby Atmos de Mercedes ?","datePublished":"2025-06-20T09:30:12+00:00","dateModified":"2025-06-24T09:09:21+00:00","mainEntityOfPage":{"@id":"https:\/\/www.bymycar.be\/webzine\/que-penser-du-systeme-de-son-immersif-dolby-atmos-de-mercedes\/"},"wordCount":12,"publisher":{"@id":"https:\/\/www.bymycar.be\/webzine\/nl\/#organization"},"articleSection":["Conseils et Astuces","Innovations et Technologies"],"inLanguage":"fr-FR"},{"@type":"WebPage","@id":"https:\/\/www.bymycar.be\/webzine\/que-penser-du-systeme-de-son-immersif-dolby-atmos-de-mercedes\/","url":"https:\/\/www.bymycar.be\/webzine\/que-penser-du-systeme-de-son-immersif-dolby-atmos-de-mercedes\/","name":"Que penser du syst\u00e8me de son immersif Dolby Atmos de Mercedes ? - Webzine BE | BYmyCAR","isPartOf":{"@id":"https:\/\/www.bymycar.be\/webzine\/nl\/#website"},"datePublished":"2025-06-20T09:30:12+00:00","dateModified":"2025-06-24T09:09:21+00:00","breadcrumb":{"@id":"https:\/\/www.bymycar.be\/webzine\/que-penser-du-systeme-de-son-immersif-dolby-atmos-de-mercedes\/#breadcrumb"},"inLanguage":"fr-FR","potentialAction":[{"@type":"ReadAction","target":["https:\/\/www.bymycar.be\/webzine\/que-penser-du-systeme-de-son-immersif-dolby-atmos-de-mercedes\/"]}]},{"@type":"BreadcrumbList","@id":"https:\/\/www.bymycar.be\/webzine\/que-penser-du-systeme-de-son-immersif-dolby-atmos-de-mercedes\/#breadcrumb","itemListElement":[{"@type":"ListItem","position":1,"name":"Accueil","item":"https:\/\/www.bymycar.be\/webzine\/"},{"@type":"ListItem","position":2,"name":"Que penser du syst\u00e8me de son immersif Dolby Atmos de Mercedes ?"}]},{"@type":"WebSite","@id":"https:\/\/www.bymycar.be\/webzine\/nl\/#website","url":"https:\/\/www.bymycar.be\/webzine\/nl\/","name":"Webzine | BYmyCAR","description":"_Le webzine auto de","publisher":{"@id":"https:\/\/www.bymycar.be\/webzine\/nl\/#organization"},"potentialAction":[{"@type":"SearchAction","target":{"@type":"EntryPoint","urlTemplate":"https:\/\/www.bymycar.be\/webzine\/nl\/?s={search_term_string}"},"query-input":{"@type":"PropertyValueSpecification","valueRequired":true,"valueName":"search_term_string"}}],"inLanguage":"fr-FR"},{"@type":"Organization","@id":"https:\/\/www.bymycar.be\/webzine\/nl\/#organization","name":"Webzine | BYmyCAR","url":"https:\/\/www.bymycar.be\/webzine\/nl\/","logo":{"@type":"ImageObject","inLanguage":"fr-FR","@id":"https:\/\/www.bymycar.be\/webzine\/nl\/#\/schema\/logo\/image\/","url":"https:\/\/cdn.bymycar.eu\/be-webzine\/wp-content\/uploads\/2024\/11\/20203047\/logo.png","contentUrl":"https:\/\/cdn.bymycar.eu\/be-webzine\/wp-content\/uploads\/2024\/11\/20203047\/logo.png","width":1280,"height":512,"caption":"Webzine | BYmyCAR"},"image":{"@id":"https:\/\/www.bymycar.be\/webzine\/nl\/#\/schema\/logo\/image\/"},"sameAs":["https:\/\/www.facebook.com\/BYmyCAR.officiel\/","https:\/\/www.instagram.com\/bymycar.officiel\/"]},{"@type":"Person","@id":"https:\/\/www.bymycar.be\/webzine\/nl\/#\/schema\/person\/62e6ba497b0835d16ce47e28f2f08327","name":"Lola Vieira Da Silva","image":{"@type":"ImageObject","inLanguage":"fr-FR","@id":"https:\/\/www.bymycar.be\/webzine\/nl\/#\/schema\/person\/image\/","url":"https:\/\/secure.gravatar.com\/avatar\/8d491122de3cbfd87e645bbdbd392d04626ebb95f4929de9cc1231399984b34b?s=96&d=mm&r=g","contentUrl":"https:\/\/secure.gravatar.com\/avatar\/8d491122de3cbfd87e645bbdbd392d04626ebb95f4929de9cc1231399984b34b?s=96&d=mm&r=g","caption":"Lola Vieira Da Silva"}}]}},"_links":{"self":[{"href":"https:\/\/www.bymycar.be\/webzine\/wp-json\/wp\/v2\/posts\/4505","targetHints":{"allow":["GET"]}}],"collection":[{"href":"https:\/\/www.bymycar.be\/webzine\/wp-json\/wp\/v2\/posts"}],"about":[{"href":"https:\/\/www.bymycar.be\/webzine\/wp-json\/wp\/v2\/types\/post"}],"author":[{"embeddable":true,"href":"https:\/\/www.bymycar.be\/webzine\/wp-json\/wp\/v2\/users\/14"}],"replies":[{"embeddable":true,"href":"https:\/\/www.bymycar.be\/webzine\/wp-json\/wp\/v2\/comments?post=4505"}],"version-history":[{"count":3,"href":"https:\/\/www.bymycar.be\/webzine\/wp-json\/wp\/v2\/posts\/4505\/revisions"}],"predecessor-version":[{"id":4563,"href":"https:\/\/www.bymycar.be\/webzine\/wp-json\/wp\/v2\/posts\/4505\/revisions\/4563"}],"wp:attachment":[{"href":"https:\/\/www.bymycar.be\/webzine\/wp-json\/wp\/v2\/media?parent=4505"}],"wp:term":[{"taxonomy":"category","embeddable":true,"href":"https:\/\/www.bymycar.be\/webzine\/wp-json\/wp\/v2\/categories?post=4505"},{"taxonomy":"post_tag","embeddable":true,"href":"https:\/\/www.bymycar.be\/webzine\/wp-json\/wp\/v2\/tags?post=4505"}],"curies":[{"name":"wp","href":"https:\/\/api.w.org\/{rel}","templated":true}]}}