{"id":4478,"date":"2025-06-13T11:21:59","date_gmt":"2025-06-13T09:21:59","guid":{"rendered":"https:\/\/www.bymycar.be\/webzine\/?p=4478"},"modified":"2025-06-24T10:45:25","modified_gmt":"2025-06-24T08:45:25","slug":"comment-recharger-efficacement-la-batterie-dune-mercedes-electrique","status":"publish","type":"post","link":"https:\/\/www.bymycar.be\/webzine\/comment-recharger-efficacement-la-batterie-dune-mercedes-electrique\/","title":{"rendered":"Comment recharger efficacement la batterie d&rsquo;une Mercedes \u00e9lectrique ?"},"content":{"rendered":"","protected":false},"excerpt":{"rendered":"","protected":false},"author":14,"featured_media":0,"comment_status":"closed","ping_status":"closed","sticky":false,"template":"","format":"standard","meta":{"_acf_changed":false,"footnotes":""},"categories":[1350,1403],"tags":[],"class_list":["post-4478","post","type-post","status-publish","format-standard","hentry","category-conseils-et-astuces","category-mercedes-electrique"],"acf":{"image":{"ID":4479,"id":4479,"title":"Mercedes6-130625","filename":"Mercedes6-130625.jpg","filesize":149210,"url":"https:\/\/cdn.bymycar.eu\/be-webzine\/wp-content\/uploads\/2025\/06\/13112118\/Mercedes6-130625.jpg","link":"https:\/\/www.bymycar.be\/webzine\/comment-recharger-efficacement-la-batterie-dune-mercedes-electrique\/mercedes6-130625\/","alt":"Mercedes grise fonc\u00e9e","author":"14","description":"","caption":"","name":"mercedes6-130625","status":"inherit","uploaded_to":4478,"date":"2025-06-13 09:21:17","modified":"2025-06-13 09:21:37","menu_order":0,"mime_type":"image\/jpeg","type":"image","subtype":"jpeg","icon":"https:\/\/www.bymycar.be\/webzine\/wp-includes\/images\/media\/default.png","width":1280,"height":853,"sizes":{"thumbnail":"https:\/\/cdn.bymycar.eu\/be-webzine\/wp-content\/uploads\/2025\/06\/13112118\/Mercedes6-130625-150x150.jpg","thumbnail-width":150,"thumbnail-height":150,"medium":"https:\/\/cdn.bymycar.eu\/be-webzine\/wp-content\/uploads\/2025\/06\/13112118\/Mercedes6-130625-300x200.jpg","medium-width":300,"medium-height":200,"medium_large":"https:\/\/cdn.bymycar.eu\/be-webzine\/wp-content\/uploads\/2025\/06\/13112118\/Mercedes6-130625-768x512.jpg","medium_large-width":768,"medium_large-height":512,"large":"https:\/\/cdn.bymycar.eu\/be-webzine\/wp-content\/uploads\/2025\/06\/13112118\/Mercedes6-130625-1024x682.jpg","large-width":1024,"large-height":682,"1536x1536":"https:\/\/cdn.bymycar.eu\/be-webzine\/wp-content\/uploads\/2025\/06\/13112118\/Mercedes6-130625.jpg","1536x1536-width":1280,"1536x1536-height":853,"2048x2048":"https:\/\/cdn.bymycar.eu\/be-webzine\/wp-content\/uploads\/2025\/06\/13112118\/Mercedes6-130625.jpg","2048x2048-width":1280,"2048x2048-height":853}},"introduction":"<p>Propri\u00e9taire d&rsquo;une <a href=\"https:\/\/www.bymycar.be\/fr\/v\/mercedes-electrique\">Mercedes \u00e9lectrique<\/a> ou sur le point de le devenir ? Vous vous interrogez sur les meilleures solutions pour recharger votre v\u00e9hicule en 2025 ? Les options de recharge se sont multipli\u00e9es ces derni\u00e8res ann\u00e9es, entre wallbox domestiques, bornes publiques et stations rapides. Nous vous guidons \u00e0 travers toutes les solutions disponibles pour optimiser la recharge de votre Mercedes \u00e9lectrique et profiter sereinement de votre mobilit\u00e9 z\u00e9ro \u00e9mission.<\/p>\n","add-to-bo":false,"page_content":{"block_content":[{"acf_fc_layout":"text-simple","--nav":{"-withNav":false,"-ancre":""},"--group":{"-text":"<h2>Quelles sont les solutions de recharge \u00e0 domicile ?<\/h2>\n<p>La recharge \u00e0 votre domicile repr\u00e9sente la solution la plus pratique pour votre Mercedes \u00e9lectrique, avec 80% des recharges effectu\u00e9es chez soi. Vous avez le choix entre une <strong>prise renforc\u00e9e Green&rsquo;up<\/strong> d\u00e9livrant jusqu&rsquo;\u00e0 3,7 kW, ou une <strong>Wallbox<\/strong> plus puissante allant de 7,4 \u00e0 22 kW selon votre installation \u00e9lectrique.<\/p>\n<p>Nous vous recommandons la Wallbox connect\u00e9e qui permet de piloter vos <strong>sessions de recharge<\/strong> via l&rsquo;<strong>application Mercedes<\/strong>, de programmer les heures creuses et de suivre votre consommation. Cette solution intelligente r\u00e9duit votre <strong>temps de recharge<\/strong> de 60% par rapport \u00e0 une prise classique.<\/p>\n<p>Votre Mercedes accepte les <strong>prises de type 2<\/strong> en courant alternatif pour la recharge domestique, tout en \u00e9tant compatible avec le <strong>courant continu<\/strong> des <strong>grands r\u00e9seaux de recharge<\/strong> publics. Le <strong>mode de paiement<\/strong> s&rsquo;effectue simplement via l&rsquo;application ou votre contrat d&rsquo;\u00e9nergie habituel.<\/p>\n<p>&nbsp;<\/p>\n<h2>Des bornes de recharges Mercedes Me pour votre voiture \u00e9lectrique ?<\/h2>\n<p>Avec plus de <strong>200 000 points de recharge<\/strong> \u00e0 travers l&rsquo;Europe, le r\u00e9seau Mercedes me Charge vous offre une libert\u00e9 de d\u00e9placement sans pr\u00e9c\u00e9dent. Votre Mercedes \u00e9lectrique vous guide intelligemment vers les bornes disponibles gr\u00e2ce \u00e0 la <strong>navigation Electric Intelligence<\/strong>, qui planifie automatiquement vos arr\u00eats recharge sur les longs trajets.<\/p>\n<p>La <strong>carte Mercedes me Charge<\/strong> vous donne acc\u00e8s \u00e0 toutes ces bornes en un seul geste, des stations urbaines aux <strong>chargeurs rapides<\/strong> sur autoroute d\u00e9livrant jusqu&rsquo;\u00e0 <strong>350 kW<\/strong>. Nous vous conseillons d&rsquo;utiliser l&rsquo;application d\u00e9di\u00e9e pour v\u00e9rifier en temps r\u00e9el la disponibilit\u00e9 et les tarifs des bornes pr\u00e8s de vous.<\/p>\n<p>Pour une recharge optimale en d\u00e9placement, privil\u00e9giez les stations \u00e9quip\u00e9es de <strong>bornes rapides<\/strong> qui permettent de r\u00e9cup\u00e9rer <strong>80% d&rsquo;autonomie en 30 minutes<\/strong>. Le syst\u00e8me <strong>Plug &amp; Charge<\/strong> de votre Mercedes simplifie encore plus l&rsquo;exp\u00e9rience : branchez simplement le c\u00e2ble, la borne reconna\u00eet automatiquement votre v\u00e9hicule.<\/p>\n<p>&nbsp;<\/p>\n<p>&nbsp;<\/p>\n<p style=\"text-align: center;\"><a href=\"https:\/\/www.bymycar.be\/fr\/v\/mercedes-electrique\" target=\"_blank\" class=\"css-button css-button--gold\" >\n                D\u00e9couvrez tous nos v\u00e9hicules Mercedes \u00e9lectriques en stock\n        <\/a><\/p>\n<p>&nbsp;<\/p>\n<p>&nbsp;<\/p>\n<h2>Quels sont les temps de charge selon votre mod\u00e8le de voiture Mercedes ?<\/h2>\n<p>Les <strong>temps de charge<\/strong> varient significativement selon votre Mercedes \u00e9lectrique. La nouvelle <strong>EQA<\/strong> r\u00e9cup\u00e8re 300 km d&rsquo;autonomie en seulement 30 minutes sur une borne rapide, tandis que l&rsquo;<strong>EQS<\/strong> passe de 10 \u00e0 80% de batterie en 37 minutes gr\u00e2ce \u00e0 son chargeur 200 kW.<\/p>\n<p>La <strong>Classe E 300e<\/strong> hybride rechargeable requiert 4 heures sur une Wallbox 22 kW pour une charge compl\u00e8te. Nous vous recommandons d&rsquo;adapter votre rythme de recharge \u00e0 votre usage : quotidien avec la Wallbox domestique ou ponctuel sur les bornes rapides lors de vos d\u00e9placements.<\/p>\n<p>La nouvelle <strong>CLA \u00e9lectrique<\/strong> red\u00e9finit les standards avec sa technologie 800V, vous offrant 300 km suppl\u00e9mentaires apr\u00e8s 10 minutes de connexion sur les bornes ultra-rapides. Sur les trajets longue distance, votre navigation calcule automatiquement les arr\u00eats optimaux.<\/p>\n<p>&nbsp;<\/p>\n<h2>Comment optimiser l&rsquo;autonomie de votre Mercedes ?<\/h2>\n<p>La conduite adapt\u00e9e repr\u00e9sente votre meilleur atout pour maximiser l&rsquo;autonomie de votre Mercedes \u00e9lectrique. Privil\u00e9giez le mode ECO qui limite la puissance du moteur et optimise la r\u00e9cup\u00e9ration d&rsquo;\u00e9nergie au freinage.<\/p>\n<p>Pour un trajet serein, nous vous recommandons d&rsquo;activer la climatisation pendant la recharge plut\u00f4t qu&rsquo;en roulant. Le pr\u00e9chauffage de l&rsquo;habitacle, directement depuis votre smartphone, permet d&rsquo;\u00e9conomiser jusqu&rsquo;\u00e0 30% d&rsquo;autonomie en hiver.<\/p>\n<p>Maintenez une pression optimale des pneumatiques et \u00e9vitez les charges inutiles dans le coffre. Sur autoroute, rouler \u00e0 110 km\/h plut\u00f4t qu&rsquo;\u00e0 130 km\/h vous fait gagner pr\u00e8s de 45 km d&rsquo;autonomie suppl\u00e9mentaire. Le r\u00e9gulateur de vitesse adaptatif aide \u00e0 maintenir une allure constante, id\u00e9ale pour pr\u00e9server votre batterie.<\/p>\n<p>&nbsp;<\/p>\n<h2>Services de recharge : BYmyCAR vous conseille<\/h2>\n<p>Nos experts BYmyCAR vous accompagnent dans le choix et l&rsquo;installation de votre solution de recharge Mercedes. Nous vous proposons un <strong>diagnostic personnalis\u00e9<\/strong> de votre installation \u00e9lectrique et la fourniture d&rsquo;une <strong>Wallbox Mercedes<\/strong> adapt\u00e9e \u00e0 vos besoins.<\/p>\n<p>Le <strong>service d&rsquo;installation<\/strong> comprend la pose par nos techniciens certifi\u00e9s, la mise en service et une formation \u00e0 l&rsquo;utilisation. Nos \u00e9quipes g\u00e8rent \u00e9galement toutes les d\u00e9marches administratives aupr\u00e8s de votre syndic de copropri\u00e9t\u00e9.<\/p>\n<p>Un <strong>suivi personnalis\u00e9<\/strong> vous est assur\u00e9 par votre <a href=\"https:\/\/www.bymycar.be\/fr\/concessions\">conseiller BYmyCAR<\/a> : assistance t\u00e9l\u00e9phonique 24\/7, maintenance pr\u00e9ventive et intervention rapide en cas de besoin. Notre <strong>garantie satisfaction<\/strong> vous permet de b\u00e9n\u00e9ficier d&rsquo;un remplacement sous 48h en cas de dysfonctionnement.<\/p>\n<p>&nbsp;<\/p>\n<p>&nbsp;<\/p>\n<p>D\u2019autres articles qui pourraient vous int\u00e9resser\u00a0:<\/p>\n<p><a href=\"https:\/\/www.bymycar.be\/webzine\/quelle-mercedes-electrique-a-la-meilleure-autonomie\/\">Quelle Mercedes \u00e9lectrique a la meilleure autonomie\u00a0?<\/a><\/p>\n<p><a href=\"https:\/\/www.bymycar.be\/webzine\/mercedes-eqs-la-berline-electrique-de-luxe-par-excellence\/\">Mercedes EQS\u00a0: la berline \u00e9lectrique de luxe par excellence\u00a0?<\/a><\/p>\n<p><a href=\"https:\/\/www.bymycar.be\/webzine\/quelle-est-la-mercedes-electrique-la-moins-chere\/\">Quelle est la Mercedes \u00e9lectrique la moins ch\u00e8re\u00a0?<\/a><\/p>\n<p><a href=\"https:\/\/www.bymycar.be\/webzine\/quelles-sont-les-specificites-de-la-conduite-dune-mercedes-electrique\/\">Quelles sont les sp\u00e9cificit\u00e9s de la conduite d\u2019une Mercedes \u00e9lectrique\u00a0?<\/a><\/p>\n<p><a href=\"https:\/\/www.bymycar.be\/webzine\/quelle-est-la-meilleure-mercedes-electrique-en-2025\/\">Quelle est la meilleure Mercedes \u00e9lectrique en 2025\u00a0?<\/a><\/p>\n<p><a href=\"https:\/\/www.bymycar.be\/webzine\/batteries-des-mercedes-electriques-que-faut-il-savoir\/\">Batteries des Mercedes \u00e9lectriques\u00a0: que faut-il savoir\u00a0?<\/a><\/p>\n<p><a href=\"https:\/\/www.bymycar.be\/webzine\/quelle-est-la-gamme-de-voitures-electriques-mercedes-eq-100-electrique\/\">Quelle est la gamme de voitures \u00e9lectriques Mercedes EQ 100% \u00e9lectrique\u00a0?<\/a><\/p>\n<p><a href=\"https:\/\/www.bymycar.be\/webzine\/comparatif-des-differentes-classes-de-mercedes-electriques\/\">Comparatif des diff\u00e9rentes classes de Mercedes \u00e9lectriques\u00a0?<\/a><\/p>\n"}}]}},"yoast_head":"<!-- This site is optimized with the Yoast SEO Premium plugin v26.4 (Yoast SEO v27.1.1) - https:\/\/yoast.com\/product\/yoast-seo-premium-wordpress\/ -->\n<title>Comment recharger efficacement la batterie d&#039;une Mercedes \u00e9lectrique ? - Webzine BE | BYmyCAR<\/title>\n<meta name=\"robots\" content=\"index, follow, max-snippet:-1, max-image-preview:large, max-video-preview:-1\" \/>\n<link rel=\"canonical\" href=\"https:\/\/www.bymycar.be\/webzine\/comment-recharger-efficacement-la-batterie-dune-mercedes-electrique\/\" \/>\n<meta property=\"og:locale\" content=\"fr_FR\" \/>\n<meta property=\"og:type\" content=\"article\" \/>\n<meta property=\"og:title\" content=\"Comment recharger efficacement la batterie d&#039;une Mercedes \u00e9lectrique ?\" \/>\n<meta property=\"og:url\" content=\"https:\/\/www.bymycar.be\/webzine\/comment-recharger-efficacement-la-batterie-dune-mercedes-electrique\/\" \/>\n<meta property=\"og:site_name\" content=\"Webzine BE | BYmyCAR\" \/>\n<meta property=\"article:publisher\" content=\"https:\/\/www.facebook.com\/BYmyCAR.officiel\/\" \/>\n<meta property=\"article:published_time\" content=\"2025-06-13T09:21:59+00:00\" \/>\n<meta property=\"article:modified_time\" content=\"2025-06-24T08:45:25+00:00\" \/>\n<meta name=\"author\" content=\"Lola Vieira Da Silva\" \/>\n<meta name=\"twitter:card\" content=\"summary_large_image\" \/>\n<meta name=\"twitter:label1\" content=\"\u00c9crit par\" \/>\n\t<meta name=\"twitter:data1\" content=\"Lola Vieira Da Silva\" \/>\n<script type=\"application\/ld+json\" class=\"yoast-schema-graph\">{\"@context\":\"https:\/\/schema.org\",\"@graph\":[{\"@type\":\"Article\",\"@id\":\"https:\/\/www.bymycar.be\/webzine\/comment-recharger-efficacement-la-batterie-dune-mercedes-electrique\/#article\",\"isPartOf\":{\"@id\":\"https:\/\/www.bymycar.be\/webzine\/comment-recharger-efficacement-la-batterie-dune-mercedes-electrique\/\"},\"author\":{\"name\":\"Lola Vieira Da Silva\",\"@id\":\"https:\/\/www.bymycar.be\/webzine\/nl\/#\/schema\/person\/62e6ba497b0835d16ce47e28f2f08327\"},\"headline\":\"Comment recharger efficacement la batterie d&rsquo;une Mercedes \u00e9lectrique ?\",\"datePublished\":\"2025-06-13T09:21:59+00:00\",\"dateModified\":\"2025-06-24T08:45:25+00:00\",\"mainEntityOfPage\":{\"@id\":\"https:\/\/www.bymycar.be\/webzine\/comment-recharger-efficacement-la-batterie-dune-mercedes-electrique\/\"},\"wordCount\":9,\"publisher\":{\"@id\":\"https:\/\/www.bymycar.be\/webzine\/nl\/#organization\"},\"articleSection\":[\"Conseils et Astuces\",\"Mercedes \u00e9lectrique\"],\"inLanguage\":\"fr-FR\"},{\"@type\":\"WebPage\",\"@id\":\"https:\/\/www.bymycar.be\/webzine\/comment-recharger-efficacement-la-batterie-dune-mercedes-electrique\/\",\"url\":\"https:\/\/www.bymycar.be\/webzine\/comment-recharger-efficacement-la-batterie-dune-mercedes-electrique\/\",\"name\":\"Comment recharger efficacement la batterie d'une Mercedes \u00e9lectrique ? - Webzine BE | BYmyCAR\",\"isPartOf\":{\"@id\":\"https:\/\/www.bymycar.be\/webzine\/nl\/#website\"},\"datePublished\":\"2025-06-13T09:21:59+00:00\",\"dateModified\":\"2025-06-24T08:45:25+00:00\",\"breadcrumb\":{\"@id\":\"https:\/\/www.bymycar.be\/webzine\/comment-recharger-efficacement-la-batterie-dune-mercedes-electrique\/#breadcrumb\"},\"inLanguage\":\"fr-FR\",\"potentialAction\":[{\"@type\":\"ReadAction\",\"target\":[\"https:\/\/www.bymycar.be\/webzine\/comment-recharger-efficacement-la-batterie-dune-mercedes-electrique\/\"]}]},{\"@type\":\"BreadcrumbList\",\"@id\":\"https:\/\/www.bymycar.be\/webzine\/comment-recharger-efficacement-la-batterie-dune-mercedes-electrique\/#breadcrumb\",\"itemListElement\":[{\"@type\":\"ListItem\",\"position\":1,\"name\":\"Accueil\",\"item\":\"https:\/\/www.bymycar.be\/webzine\/\"},{\"@type\":\"ListItem\",\"position\":2,\"name\":\"Comment recharger efficacement la batterie d&rsquo;une Mercedes \u00e9lectrique ?\"}]},{\"@type\":\"WebSite\",\"@id\":\"https:\/\/www.bymycar.be\/webzine\/nl\/#website\",\"url\":\"https:\/\/www.bymycar.be\/webzine\/nl\/\",\"name\":\"Webzine | BYmyCAR\",\"description\":\"_Le webzine auto de\",\"publisher\":{\"@id\":\"https:\/\/www.bymycar.be\/webzine\/nl\/#organization\"},\"potentialAction\":[{\"@type\":\"SearchAction\",\"target\":{\"@type\":\"EntryPoint\",\"urlTemplate\":\"https:\/\/www.bymycar.be\/webzine\/nl\/?s={search_term_string}\"},\"query-input\":{\"@type\":\"PropertyValueSpecification\",\"valueRequired\":true,\"valueName\":\"search_term_string\"}}],\"inLanguage\":\"fr-FR\"},{\"@type\":\"Organization\",\"@id\":\"https:\/\/www.bymycar.be\/webzine\/nl\/#organization\",\"name\":\"Webzine | BYmyCAR\",\"url\":\"https:\/\/www.bymycar.be\/webzine\/nl\/\",\"logo\":{\"@type\":\"ImageObject\",\"inLanguage\":\"fr-FR\",\"@id\":\"https:\/\/www.bymycar.be\/webzine\/nl\/#\/schema\/logo\/image\/\",\"url\":\"https:\/\/cdn.bymycar.eu\/be-webzine\/wp-content\/uploads\/2024\/11\/20203047\/logo.png\",\"contentUrl\":\"https:\/\/cdn.bymycar.eu\/be-webzine\/wp-content\/uploads\/2024\/11\/20203047\/logo.png\",\"width\":1280,\"height\":512,\"caption\":\"Webzine | BYmyCAR\"},\"image\":{\"@id\":\"https:\/\/www.bymycar.be\/webzine\/nl\/#\/schema\/logo\/image\/\"},\"sameAs\":[\"https:\/\/www.facebook.com\/BYmyCAR.officiel\/\",\"https:\/\/www.instagram.com\/bymycar.officiel\/\"]},{\"@type\":\"Person\",\"@id\":\"https:\/\/www.bymycar.be\/webzine\/nl\/#\/schema\/person\/62e6ba497b0835d16ce47e28f2f08327\",\"name\":\"Lola Vieira Da Silva\",\"image\":{\"@type\":\"ImageObject\",\"inLanguage\":\"fr-FR\",\"@id\":\"https:\/\/www.bymycar.be\/webzine\/nl\/#\/schema\/person\/image\/\",\"url\":\"https:\/\/secure.gravatar.com\/avatar\/8d491122de3cbfd87e645bbdbd392d04626ebb95f4929de9cc1231399984b34b?s=96&d=mm&r=g\",\"contentUrl\":\"https:\/\/secure.gravatar.com\/avatar\/8d491122de3cbfd87e645bbdbd392d04626ebb95f4929de9cc1231399984b34b?s=96&d=mm&r=g\",\"caption\":\"Lola Vieira Da Silva\"}}]}<\/script>\n<!-- \/ Yoast SEO Premium plugin. -->","yoast_head_json":{"title":"Comment recharger efficacement la batterie d'une Mercedes \u00e9lectrique ? - Webzine BE | BYmyCAR","robots":{"index":"index","follow":"follow","max-snippet":"max-snippet:-1","max-image-preview":"max-image-preview:large","max-video-preview":"max-video-preview:-1"},"canonical":"https:\/\/www.bymycar.be\/webzine\/comment-recharger-efficacement-la-batterie-dune-mercedes-electrique\/","og_locale":"fr_FR","og_type":"article","og_title":"Comment recharger efficacement la batterie d'une Mercedes \u00e9lectrique ?","og_url":"https:\/\/www.bymycar.be\/webzine\/comment-recharger-efficacement-la-batterie-dune-mercedes-electrique\/","og_site_name":"Webzine BE | BYmyCAR","article_publisher":"https:\/\/www.facebook.com\/BYmyCAR.officiel\/","article_published_time":"2025-06-13T09:21:59+00:00","article_modified_time":"2025-06-24T08:45:25+00:00","author":"Lola Vieira Da Silva","twitter_card":"summary_large_image","twitter_misc":{"\u00c9crit par":"Lola Vieira Da Silva"},"schema":{"@context":"https:\/\/schema.org","@graph":[{"@type":"Article","@id":"https:\/\/www.bymycar.be\/webzine\/comment-recharger-efficacement-la-batterie-dune-mercedes-electrique\/#article","isPartOf":{"@id":"https:\/\/www.bymycar.be\/webzine\/comment-recharger-efficacement-la-batterie-dune-mercedes-electrique\/"},"author":{"name":"Lola Vieira Da Silva","@id":"https:\/\/www.bymycar.be\/webzine\/nl\/#\/schema\/person\/62e6ba497b0835d16ce47e28f2f08327"},"headline":"Comment recharger efficacement la batterie d&rsquo;une Mercedes \u00e9lectrique ?","datePublished":"2025-06-13T09:21:59+00:00","dateModified":"2025-06-24T08:45:25+00:00","mainEntityOfPage":{"@id":"https:\/\/www.bymycar.be\/webzine\/comment-recharger-efficacement-la-batterie-dune-mercedes-electrique\/"},"wordCount":9,"publisher":{"@id":"https:\/\/www.bymycar.be\/webzine\/nl\/#organization"},"articleSection":["Conseils et Astuces","Mercedes \u00e9lectrique"],"inLanguage":"fr-FR"},{"@type":"WebPage","@id":"https:\/\/www.bymycar.be\/webzine\/comment-recharger-efficacement-la-batterie-dune-mercedes-electrique\/","url":"https:\/\/www.bymycar.be\/webzine\/comment-recharger-efficacement-la-batterie-dune-mercedes-electrique\/","name":"Comment recharger efficacement la batterie d'une Mercedes \u00e9lectrique ? - Webzine BE | BYmyCAR","isPartOf":{"@id":"https:\/\/www.bymycar.be\/webzine\/nl\/#website"},"datePublished":"2025-06-13T09:21:59+00:00","dateModified":"2025-06-24T08:45:25+00:00","breadcrumb":{"@id":"https:\/\/www.bymycar.be\/webzine\/comment-recharger-efficacement-la-batterie-dune-mercedes-electrique\/#breadcrumb"},"inLanguage":"fr-FR","potentialAction":[{"@type":"ReadAction","target":["https:\/\/www.bymycar.be\/webzine\/comment-recharger-efficacement-la-batterie-dune-mercedes-electrique\/"]}]},{"@type":"BreadcrumbList","@id":"https:\/\/www.bymycar.be\/webzine\/comment-recharger-efficacement-la-batterie-dune-mercedes-electrique\/#breadcrumb","itemListElement":[{"@type":"ListItem","position":1,"name":"Accueil","item":"https:\/\/www.bymycar.be\/webzine\/"},{"@type":"ListItem","position":2,"name":"Comment recharger efficacement la batterie d&rsquo;une Mercedes \u00e9lectrique ?"}]},{"@type":"WebSite","@id":"https:\/\/www.bymycar.be\/webzine\/nl\/#website","url":"https:\/\/www.bymycar.be\/webzine\/nl\/","name":"Webzine | BYmyCAR","description":"_Le webzine auto de","publisher":{"@id":"https:\/\/www.bymycar.be\/webzine\/nl\/#organization"},"potentialAction":[{"@type":"SearchAction","target":{"@type":"EntryPoint","urlTemplate":"https:\/\/www.bymycar.be\/webzine\/nl\/?s={search_term_string}"},"query-input":{"@type":"PropertyValueSpecification","valueRequired":true,"valueName":"search_term_string"}}],"inLanguage":"fr-FR"},{"@type":"Organization","@id":"https:\/\/www.bymycar.be\/webzine\/nl\/#organization","name":"Webzine | BYmyCAR","url":"https:\/\/www.bymycar.be\/webzine\/nl\/","logo":{"@type":"ImageObject","inLanguage":"fr-FR","@id":"https:\/\/www.bymycar.be\/webzine\/nl\/#\/schema\/logo\/image\/","url":"https:\/\/cdn.bymycar.eu\/be-webzine\/wp-content\/uploads\/2024\/11\/20203047\/logo.png","contentUrl":"https:\/\/cdn.bymycar.eu\/be-webzine\/wp-content\/uploads\/2024\/11\/20203047\/logo.png","width":1280,"height":512,"caption":"Webzine | BYmyCAR"},"image":{"@id":"https:\/\/www.bymycar.be\/webzine\/nl\/#\/schema\/logo\/image\/"},"sameAs":["https:\/\/www.facebook.com\/BYmyCAR.officiel\/","https:\/\/www.instagram.com\/bymycar.officiel\/"]},{"@type":"Person","@id":"https:\/\/www.bymycar.be\/webzine\/nl\/#\/schema\/person\/62e6ba497b0835d16ce47e28f2f08327","name":"Lola Vieira Da Silva","image":{"@type":"ImageObject","inLanguage":"fr-FR","@id":"https:\/\/www.bymycar.be\/webzine\/nl\/#\/schema\/person\/image\/","url":"https:\/\/secure.gravatar.com\/avatar\/8d491122de3cbfd87e645bbdbd392d04626ebb95f4929de9cc1231399984b34b?s=96&d=mm&r=g","contentUrl":"https:\/\/secure.gravatar.com\/avatar\/8d491122de3cbfd87e645bbdbd392d04626ebb95f4929de9cc1231399984b34b?s=96&d=mm&r=g","caption":"Lola Vieira Da Silva"}}]}},"_links":{"self":[{"href":"https:\/\/www.bymycar.be\/webzine\/wp-json\/wp\/v2\/posts\/4478","targetHints":{"allow":["GET"]}}],"collection":[{"href":"https:\/\/www.bymycar.be\/webzine\/wp-json\/wp\/v2\/posts"}],"about":[{"href":"https:\/\/www.bymycar.be\/webzine\/wp-json\/wp\/v2\/types\/post"}],"author":[{"embeddable":true,"href":"https:\/\/www.bymycar.be\/webzine\/wp-json\/wp\/v2\/users\/14"}],"replies":[{"embeddable":true,"href":"https:\/\/www.bymycar.be\/webzine\/wp-json\/wp\/v2\/comments?post=4478"}],"version-history":[{"count":2,"href":"https:\/\/www.bymycar.be\/webzine\/wp-json\/wp\/v2\/posts\/4478\/revisions"}],"predecessor-version":[{"id":4557,"href":"https:\/\/www.bymycar.be\/webzine\/wp-json\/wp\/v2\/posts\/4478\/revisions\/4557"}],"wp:attachment":[{"href":"https:\/\/www.bymycar.be\/webzine\/wp-json\/wp\/v2\/media?parent=4478"}],"wp:term":[{"taxonomy":"category","embeddable":true,"href":"https:\/\/www.bymycar.be\/webzine\/wp-json\/wp\/v2\/categories?post=4478"},{"taxonomy":"post_tag","embeddable":true,"href":"https:\/\/www.bymycar.be\/webzine\/wp-json\/wp\/v2\/tags?post=4478"}],"curies":[{"name":"wp","href":"https:\/\/api.w.org\/{rel}","templated":true}]}}