{"id":4469,"date":"2025-06-13T10:49:25","date_gmt":"2025-06-13T08:49:25","guid":{"rendered":"https:\/\/www.bymycar.be\/webzine\/?p=4469"},"modified":"2025-06-24T10:37:57","modified_gmt":"2025-06-24T08:37:57","slug":"quelle-est-la-meilleure-mercedes-electrique-en-2025","status":"publish","type":"post","link":"https:\/\/www.bymycar.be\/webzine\/quelle-est-la-meilleure-mercedes-electrique-en-2025\/","title":{"rendered":"Quelle est la meilleure Mercedes \u00e9lectrique en 2025 ?\u00a0\u00a0"},"content":{"rendered":"","protected":false},"excerpt":{"rendered":"","protected":false},"author":14,"featured_media":0,"comment_status":"closed","ping_status":"closed","sticky":false,"template":"","format":"standard","meta":{"_acf_changed":false,"footnotes":""},"categories":[1350,1403],"tags":[],"class_list":["post-4469","post","type-post","status-publish","format-standard","hentry","category-conseils-et-astuces","category-mercedes-electrique"],"acf":{"image":{"ID":4470,"id":4470,"title":"Mercedes4-130625","filename":"Mercedes4-130625-scaled.jpg","filesize":378104,"url":"https:\/\/cdn.bymycar.eu\/be-webzine\/wp-content\/uploads\/2025\/06\/13104834\/Mercedes4-130625-scaled.jpg","link":"https:\/\/www.bymycar.be\/webzine\/quelle-est-la-meilleure-mercedes-electrique-en-2025\/mercedes4-130625\/","alt":"Mercedes EQS SUV blanc","author":"14","description":"","caption":"","name":"mercedes4-130625","status":"inherit","uploaded_to":4469,"date":"2025-06-13 08:48:27","modified":"2025-06-13 08:48:47","menu_order":0,"mime_type":"image\/jpeg","type":"image","subtype":"jpeg","icon":"https:\/\/www.bymycar.be\/webzine\/wp-includes\/images\/media\/default.png","width":2560,"height":1703,"sizes":{"thumbnail":"https:\/\/cdn.bymycar.eu\/be-webzine\/wp-content\/uploads\/2025\/06\/13104834\/Mercedes4-130625-150x150.jpg","thumbnail-width":150,"thumbnail-height":150,"medium":"https:\/\/cdn.bymycar.eu\/be-webzine\/wp-content\/uploads\/2025\/06\/13104834\/Mercedes4-130625-300x200.jpg","medium-width":300,"medium-height":200,"medium_large":"https:\/\/cdn.bymycar.eu\/be-webzine\/wp-content\/uploads\/2025\/06\/13104834\/Mercedes4-130625-768x511.jpg","medium_large-width":768,"medium_large-height":511,"large":"https:\/\/cdn.bymycar.eu\/be-webzine\/wp-content\/uploads\/2025\/06\/13104834\/Mercedes4-130625-1024x681.jpg","large-width":1024,"large-height":681,"1536x1536":"https:\/\/cdn.bymycar.eu\/be-webzine\/wp-content\/uploads\/2025\/06\/13104834\/Mercedes4-130625-1536x1022.jpg","1536x1536-width":1536,"1536x1536-height":1022,"2048x2048":"https:\/\/cdn.bymycar.eu\/be-webzine\/wp-content\/uploads\/2025\/06\/13104834\/Mercedes4-130625-2048x1363.jpg","2048x2048-width":2048,"2048x2048-height":1363}},"introduction":"<p>Vous recherchez la <a href=\"https:\/\/www.bymycar.be\/fr\/v\/mercedes-electrique\">Mercedes \u00e9lectrique<\/a> id\u00e9ale en 2025 ? Entre l&rsquo;EQS et son autonomie record de 700 km, la nouvelle CLA \u00e9lectrique capable de parcourir 750 km d&rsquo;une seule charge, ou encore les autres mod\u00e8les de la gamme EQ, comment faire le meilleur choix ? Nous vous proposons une analyse d\u00e9taill\u00e9e des derniers mod\u00e8les \u00e9lectriques Mercedes pour vous aider \u00e0 identifier celui qui correspondra parfaitement \u00e0 vos besoins et \u00e0 vos attentes.<\/p>\n","add-to-bo":false,"page_content":{"block_content":[{"acf_fc_layout":"text-simple","--nav":{"-withNav":false,"-ancre":""},"--group":{"-text":"<h2>La gamme \u00e9lectrique Mercedes-Benz en 2025<\/h2>\n<h3>Les diff\u00e9rents mod\u00e8les EQ disponibles<\/h3>\n<p>La gamme \u00e9lectrique Mercedes-Benz s&rsquo;articule autour de plusieurs mod\u00e8les adapt\u00e9s \u00e0 vos besoins. L&rsquo;<a href=\"https:\/\/www.bymycar.be\/fr\/v\/mercedes-eqb\"> <strong>EQB<\/strong> <\/a>, avec ses <strong>7 places<\/strong> et son <strong>coffre de 495 litres<\/strong>, vous offre une polyvalence familiale unique. Le SUV compact <strong>EQA<\/strong> brille en <strong>milieu urbain<\/strong> gr\u00e2ce \u00e0 son gabarit ma\u00eetris\u00e9 de <strong>4,46 m\u00e8tres de long<\/strong>.<\/p>\n<p>Pour le segment premium, l&rsquo;<a href=\"https:\/\/www.bymycar.be\/fr\/v\/mercedes-eqe\"> <strong>EQE<\/strong> <\/a> s\u00e9duit par sa <strong>planche de bord Hyperscreen<\/strong> de <strong>141 cm<\/strong> et ses <strong>roues arri\u00e8re directrices<\/strong>. Sa <strong>suspension adaptative<\/strong> garantit un confort optimal sur les <strong>longs trajets<\/strong>. Le <strong>syst\u00e8me de climatisation<\/strong> intelligent avec <strong>chauffage de la nuque<\/strong> compl\u00e8te l&rsquo;exp\u00e9rience luxueuse propre \u00e0 Mercedes-Benz.<\/p>\n<p>L&rsquo;<strong>EQE SUV<\/strong> combine quant \u00e0 lui \u00e9l\u00e9gance et praticit\u00e9 avec son <strong>volume de chargement<\/strong> modulable jusqu&rsquo;\u00e0 <strong>1 675 litres<\/strong>. Sa <strong>batterie de 90,6 kWh<\/strong> assure une autonomie id\u00e9ale pour votre <strong>usage quotidien<\/strong>.<\/p>\n<h3>Les nouveaut\u00e9s \u00e9lectriques de l&rsquo;ann\u00e9e<\/h3>\n<p>L&rsquo;ann\u00e9e 2025 marque un tournant majeur dans l&rsquo;\u00e9lectrification de Mercedes avec la nouvelle <a href=\"https:\/\/www.bymycar.be\/fr\/v\/mercedes-cla\"> <strong>CLA<\/strong> <\/a>, premi\u00e8re berline compacte \u00e0 atteindre <strong>750 km<\/strong> d&rsquo;autonomie. Sa plateforme r\u00e9volutionnaire <strong>MMA<\/strong> int\u00e8gre l&rsquo;architecture <strong>800 volts<\/strong>, permettant une recharge ultrarapide de <strong>400 km<\/strong> en seulement <strong>15 minutes<\/strong>.<\/p>\n<p>Le constructeur allemand d\u00e9voile \u00e9galement son <a href=\"https:\/\/www.bymycar.be\/fr\/v\/mercedes-glc\"> <strong>GLC \u00e9lectrique<\/strong> <\/a> reposant sur la plateforme <strong>MB.EA<\/strong>, con\u00e7ue sp\u00e9cifiquement pour les <strong>voitures<\/strong> familiales. Cette nouvelle g\u00e9n\u00e9ration \u00e9tablit de nouveaux standards avec une batterie optimis\u00e9e offrant jusqu&rsquo;\u00e0 <strong>87 km<\/strong> d&rsquo;autonomie en cycle urbain.<\/p>\n<p>Nous vous invitons \u00e0 d\u00e9couvrir ces innovations dans nos showrooms BYmyCAR, o\u00f9 nos conseillers vous guideront vers le mod\u00e8le correspondant parfaitement \u00e0 vos attentes. Vous pouvez aussi rechercher un v\u00e9hicule en ligne.<\/p>\n<h3>La s\u00e9lection de v\u00e9hicules \u00e9lectriques de BYmyCAR<\/h3>\n<p>Les mod\u00e8les phares retenus par nos experts refl\u00e8tent l&rsquo;excellence Mercedes dans chaque segment. La majestueuse <a href=\"https:\/\/www.bymycar.be\/fr\/v\/mercedes-classe-s\"> <strong>Classe S<\/strong> <\/a> \u00e9lectrique EQS s\u00e9duit par son raffinement sur autoroute, tandis que l&rsquo;EQA brille en milieu urbain avec ses <strong>4,46 m\u00e8tres de large<\/strong>. Pour les familles, l&rsquo;EQB <strong>7 places<\/strong> conjugue modularit\u00e9 et autonomie \u00e9tendue.<\/p>\n<p>Notre \u00e9quipe appr\u00e9cie particuli\u00e8rement la nouvelle CLA \u00e9lectrique, dont la plateforme r\u00e9volutionnaire MMA \u00e9tablit de nouveaux standards d&rsquo;efficience. Son architecture <strong>800 volts<\/strong> permet des recharges ultrarapides, id\u00e9ales pour vos grands trajets.<\/p>\n<p>&nbsp;<\/p>\n<h2>Mercedes EQS : le vaisseau amiral \u00e9lectrique<\/h2>\n<h3>Une autonomie record de 700 km<\/h3>\n<p>La nouvelle batterie de <strong>118 kWh<\/strong> de l&rsquo;EQS 2025 vous permet d\u00e9sormais de parcourir jusqu&rsquo;\u00e0 <strong>700 km d&rsquo;autoroute<\/strong> sans recharge. Le syst\u00e8me de freinage r\u00e9g\u00e9n\u00e9ratif optimis\u00e9 r\u00e9cup\u00e8re davantage d&rsquo;\u00e9nergie lors des d\u00e9c\u00e9l\u00e9rations, tandis que la pompe \u00e0 chaleur int\u00e9gr\u00e9e pr\u00e9serve votre autonomie en hiver.<\/p>\n<p>Nos clients appr\u00e9cient particuli\u00e8rement la pr\u00e9cision de l&rsquo;ordinateur de bord, qui calcule votre autonomie restante en tenant compte de votre style de conduite et des conditions climatiques. L&rsquo;affichage en temps r\u00e9el des stations de recharge sur votre trajet vous garantit une s\u00e9r\u00e9nit\u00e9 totale, m\u00eame sur les plus longs parcours.<\/p>\n<h3>Un confort de conduite exceptionnel<\/h3>\n<p>Prenez place \u00e0 bord de l&rsquo;<a href=\"https:\/\/www.bymycar.be\/fr\/v\/mercedes-eqs\">EQS<\/a> et d\u00e9couvrez un niveau de raffinement in\u00e9dit. La <strong>suspension pneumatique adaptative<\/strong> ajuste instantan\u00e9ment son comportement selon vos conditions de route, tandis que les <strong>roues arri\u00e8re directrices<\/strong> vous offrent une agilit\u00e9 surprenante malgr\u00e9 les dimensions imposantes.<\/p>\n<p>Le <strong>syst\u00e8me de climatisation intelligent<\/strong> avec <strong>chauffage de la nuque<\/strong> et <strong>si\u00e8ges multicontours<\/strong> vous enveloppe dans une bulle de confort absolu. Vous appr\u00e9cierez particuli\u00e8rement le <strong>silence de fonctionnement<\/strong> exceptionnel, fruit d&rsquo;une isolation acoustique pouss\u00e9e et d&rsquo;une a\u00e9rodynamique perfectionn\u00e9e avec un <strong>Cx de 0,20<\/strong>.<\/p>\n<h3>Les tarifs et \u00e9quipements disponibles<\/h3>\n<p>L&rsquo;EQS se d\u00e9cline en deux versions majeures pour 2025. La <strong>450+ propulsion<\/strong> s&rsquo;affiche \u00e0 partir de <strong>127 250 \u20ac*<\/strong> avec la finition AMG Line de s\u00e9rie, incluant jantes 20 pouces et sellerie cuir. La <strong>580 4MATIC<\/strong> d\u00e9marre \u00e0 <strong>152 800 \u20ac*<\/strong> et ajoute l&rsquo;impressionnant <strong>Hyperscreen<\/strong> de s\u00e9rie.<\/p>\n<p>Nos clients pl\u00e9biscitent particuli\u00e8rement le <strong>pack Luxury Line<\/strong>, nouveaut\u00e9 2025, qui apporte la calandre chrom\u00e9e \u00e0 lamelles et l&#8217;embl\u00e9matique \u00e9toile Mercedes sur le capot. Les roues arri\u00e8re directrices avec angle de 10\u00b0 sont d\u00e9sormais disponibles en achat ferme pour <strong>1 600 \u20ac*<\/strong>, tandis que l&rsquo;affichage t\u00eate haute en r\u00e9alit\u00e9 augment\u00e9e reste exclusif \u00e0 la version 580 pour <strong>1 350 \u20ac*<\/strong>.<\/p>\n<p>&nbsp;<\/p>\n<h2>Mercedes EQA : le SUV compact \u00e9lectrifi\u00e9<\/h2>\n<h3>Design et habitabilit\u00e9<\/h3>\n<p>Le <a href=\"https:\/\/www.bymycar.be\/fr\/v\/mercedes-eqa\"> <strong>Mercedes EQA<\/strong> <\/a> affirme sa personnalit\u00e9 \u00e9lectrique \u00e0 travers une signature visuelle distinctive. Sa calandre <strong>Black Panel<\/strong> int\u00e8gre \u00e9l\u00e9gamment l&rsquo;\u00e9toile Mercedes, tandis que le bandeau lumineux traversant sublime sa face avant. Vous appr\u00e9cierez particuli\u00e8rement les jantes a\u00e9rodynamiques sp\u00e9cifiques et les inserts bleus caract\u00e9ristiques de la gamme EQ.<\/p>\n<p>\u00c0 l&rsquo;int\u00e9rieur, nous retrouvons l&rsquo;excellence Mercedes avec une planche de bord domin\u00e9e par deux \u00e9crans haute d\u00e9finition de <strong>10,25 pouces<\/strong>. L&rsquo;ambiance feutr\u00e9e vous accueille avec des mat\u00e9riaux soigneusement s\u00e9lectionn\u00e9s et un \u00e9clairage d&rsquo;ambiance personnalisable. Le coffre de <strong>340 litres<\/strong> s&rsquo;av\u00e8re pratique pour vos bagages, malgr\u00e9 une l\u00e9g\u00e8re r\u00e9duction par rapport \u00e0 la version thermique due \u00e0 l&rsquo;int\u00e9gration des batteries.<\/p>\n<h3>Performance et autonomie<\/h3>\n<p>La motorisation <strong>EQA 250+<\/strong> d\u00e9livre <strong>190 ch<\/strong> et un couple g\u00e9n\u00e9reux de <strong>385 Nm<\/strong>, disponible instantan\u00e9ment pour des acc\u00e9l\u00e9rations franches de <strong>0 \u00e0 100 km\/h en 8,6 secondes<\/strong>. Sa nouvelle batterie de <strong>70,5 kWh<\/strong> vous permet d&rsquo;atteindre une autonomie maximale de <strong>557 km<\/strong> en cycle WLTP, tandis que la version <strong>350 4MATIC<\/strong> \u00e0 transmission int\u00e9grale et ses <strong>292 ch<\/strong> offre jusqu&rsquo;\u00e0 <strong>459 km<\/strong> d&rsquo;autonomie.<\/p>\n<p>Nous appr\u00e9cions particuli\u00e8rement la recharge rapide en courant continu, capable d&rsquo;accepter <strong>100 kW<\/strong> pour r\u00e9cup\u00e9rer <strong>80%<\/strong> de la batterie en <strong>30 minutes<\/strong>. Le chargeur embarqu\u00e9 de <strong>11 kW<\/strong> en courant alternatif assure quant \u00e0 lui une charge compl\u00e8te en <strong>6 heures<\/strong> sur votre wallbox domestique.<\/p>\n<h3>Prix et versions propos\u00e9es<\/h3>\n<p>Nous vous proposons l&rsquo;EQA 250+ \u00e0 partir de <strong>46 950 \u20ac*<\/strong>, un tarif attractif permettant de b\u00e9n\u00e9ficier du bonus \u00e9cologique 2025. La finition Essential Line inclut la navigation avec planification des trajets \u00e9lectriques et les jantes 18 pouces a\u00e9rodynamiques. La Progressive Line, \u00e0 <strong>55 750 \u20ac*<\/strong>, ajoute le syst\u00e8me <strong>MBUX<\/strong> augment\u00e9 et les si\u00e8ges \u00e9lectriques.<\/p>\n<p>Pour une exp\u00e9rience premium, la version <strong>350 4MATIC AMG Line<\/strong> s&rsquo;affiche \u00e0 <strong>64 700 \u20ac*<\/strong> avec ses <strong>292 ch<\/strong> et sa transmission int\u00e9grale. Vous appr\u00e9cierez ses jantes <strong>20 pouces<\/strong> et sa sellerie cuir exclusive. D\u00e9couvrez chez BYmyCAR nos offres de lancement incluant 2 ans d&rsquo;entretien offerts.<\/p>\n<p>&nbsp;<\/p>\n<p>&nbsp;<\/p>\n<p style=\"text-align: center;\"><a href=\"https:\/\/www.bymycar.be\/fr\/v\/mercedes-electrique\" target=\"_blank\" class=\"css-button css-button--gold\" >\n                D\u00e9couvrez tous nos v\u00e9hicules Mercedes \u00e9lectriques en stock\n        <\/a><\/p>\n<p>&nbsp;<\/p>\n<p>&nbsp;<\/p>\n<h2>Mercedes CLA \u00e9lectrique : la berline du futur<\/h2>\n<h3>Une technologie de pointe<\/h3>\n<p>L&rsquo;architecture r\u00e9volutionnaire <strong>800 volts<\/strong> de la nouvelle CLA \u00e9lectrique red\u00e9finit les standards de performance. Son onduleur en carbure de silicium, d\u00e9velopp\u00e9 sp\u00e9cifiquement pour maximiser l&rsquo;efficience, vous garantit un rendement \u00e9nerg\u00e9tique exceptionnel de <strong>93%<\/strong>. La transmission \u00e0 deux rapports optimise automatiquement la distribution de puissance selon vos conditions de route.<\/p>\n<p>Cette berline inaugure \u00e9galement le nouveau syst\u00e8me d&rsquo;exploitation <strong>MB.OS<\/strong>, fruit de trois ann\u00e9es de d\u00e9veloppement. Nous appr\u00e9cions particuli\u00e8rement son assistant vocal nouvelle g\u00e9n\u00e9ration, capable d&rsquo;interagir naturellement avec vous gr\u00e2ce \u00e0 l&rsquo;intelligence artificielle embarqu\u00e9e. La connectivit\u00e9 5G int\u00e9gr\u00e9e permet des mises \u00e0 jour en temps r\u00e9el de l&rsquo;ensemble des fonctionnalit\u00e9s.<\/p>\n<h3>750 km d&rsquo;autonomie WLTP<\/h3>\n<p>Imaginez parcourir Paris-Marseille sans la moindre recharge : c&rsquo;est d\u00e9sormais possible avec la nouvelle CLA \u00e9lectrique. Sa <strong>batterie de 85 kWh<\/strong> associ\u00e9e \u00e0 une <strong>consommation ma\u00eetris\u00e9e de 12 kWh\/100 km<\/strong> vous garantit une autonomie record de <strong>750 km<\/strong> en cycle WLTP.<\/p>\n<p>Cette performance s&rsquo;appuie sur une a\u00e9rodynamique perfectionn\u00e9e avec un <strong>Cx de 0,22<\/strong>, tandis que le syst\u00e8me de r\u00e9cup\u00e9ration d&rsquo;\u00e9nergie adaptatif optimise chaque freinage. En conditions r\u00e9elles d&rsquo;utilisation sur autoroute, vous pouvez compter sur plus de <strong>600 km<\/strong> d&rsquo;autonomie \u00e0 130 km\/h, m\u00eame avec la climatisation.<\/p>\n<p>Le planificateur d&rsquo;itin\u00e9raire intelligent int\u00e8gre les conditions m\u00e9t\u00e9o et le relief pour calculer pr\u00e9cis\u00e9ment votre autonomie restante, vous lib\u00e9rant de toute anxi\u00e9t\u00e9 lors de vos trajets.<\/p>\n<h3>Un rapport prix-prestations attractif<\/h3>\n<p>Commercialis\u00e9e \u00e0 partir de <strong>49 900 \u20ac*<\/strong>, la nouvelle CLA \u00e9lectrique se positionne strat\u00e9giquement face \u00e0 ses concurrentes premium. Cette tarification vous permet de b\u00e9n\u00e9ficier du bonus \u00e9cologique 2025, r\u00e9duisant votre investissement initial de <strong>4 000 \u20ac*<\/strong>.<\/p>\n<p>La finition Progressive Line int\u00e8gre de s\u00e9rie le syst\u00e8me <strong>MB.OS<\/strong> avec navigation pr\u00e9dictive et l&rsquo;assistant vocal nouvelle g\u00e9n\u00e9ration. Nous vous proposons \u00e9galement la version AMG Line \u00e0 <strong>58 500 \u20ac*<\/strong>, qui ajoute les jantes <strong>19 pouces<\/strong> exclusives et la suspension adaptative.<\/p>\n<p>La CLA \u00e9lectrique se distingue par son rapport \u00e9quipement-prix optimal dans sa cat\u00e9gorie, avec notamment la recharge ultra-rapide <strong>320 kW<\/strong> incluse sans suppl\u00e9ment.<\/p>\n<p>&nbsp;<\/p>\n<h2>Quelle voiture Mercedes \u00e9lectrique choisir selon vos besoins ?<\/h2>\n<h3>Pour un usage quotidien en ville<\/h3>\n<p>La nouvelle <strong>Mercedes EQA<\/strong> s&rsquo;impose comme la compagne id\u00e9ale de vos trajets urbains. Son gabarit compact de <strong>4,46 m\u00e8tres<\/strong> facilite les man\u0153uvres dans les rues \u00e9troites, tandis que ses <strong>rayons de braquage de 11,4 m\u00e8tres<\/strong> vous garantissent une agilit\u00e9 remarquable en ville.<\/p>\n<p>Son mode de conduite \u00ab\u00a0Urban\u00a0\u00bb ajuste la sensibilit\u00e9 de l&rsquo;acc\u00e9l\u00e9rateur et optimise la r\u00e9cup\u00e9ration d&rsquo;\u00e9nergie au freinage, vous permettant de maximiser votre autonomie dans les embouteillages. La cam\u00e9ra 360\u00b0 et les capteurs de stationnement vous assistent dans chaque cr\u00e9neau.<\/p>\n<p>Nous appr\u00e9cions particuli\u00e8rement le syst\u00e8me <strong>Pre-Safe Sound<\/strong>, qui prot\u00e8ge votre audition des bruits urbains intempestifs, ainsi que le nouveau filtre <strong>HEPA<\/strong> purifiant l&rsquo;air de l&rsquo;habitacle. La climatisation intelligente pr\u00e9-conditionne votre Mercedes \u00e0 distance via l&rsquo;application, un confort appr\u00e9ciable avant chaque trajet.<\/p>\n<h3>Pour les longs trajets<\/h3>\n<p>Vous envisagez de parcourir r\u00e9guli\u00e8rement de longues distances ? La <strong>Mercedes EQS 450+<\/strong> transforme vos trajets autoroutiers en moments de d\u00e9tente absolue. Sa <strong>batterie de 118 kWh<\/strong> coupl\u00e9e \u00e0 un <strong>Cx record de 0,20<\/strong> vous garantit une autonomie r\u00e9elle de <strong>550 km<\/strong> sur autoroute \u00e0 130 km\/h.<\/p>\n<p>Le syst\u00e8me de navigation \u00e9lectrique intelligent int\u00e8gre les donn\u00e9es m\u00e9t\u00e9o et le relief pour optimiser votre itin\u00e9raire. Nous vous recommandons particuli\u00e8rement le pack <strong>Voyage Serein<\/strong> qui ajoute le massage des si\u00e8ges avant et la fonction de repos programm\u00e9, synchronis\u00e9e avec vos arr\u00eats recharge.<\/p>\n<p>La nouvelle <strong>CLA \u00e9lectrique<\/strong> propose quant \u00e0 elle une approche diff\u00e9rente des grands trajets. Sa recharge ultra-rapide <strong>320 kW<\/strong> vous permet de r\u00e9cup\u00e9rer <strong>400 km<\/strong> d&rsquo;autonomie en seulement <strong>15 minutes<\/strong> de pause. Le planificateur d&rsquo;itin\u00e9raire calcule automatiquement vos arr\u00eats optimaux en privil\u00e9giant les bornes les plus puissantes.<\/p>\n<h3>Pour un maximum de luxe et technologie<\/h3>\n<p>L&rsquo;<strong>EQS Maybach<\/strong> repr\u00e9sente l&rsquo;apog\u00e9e du luxe \u00e9lectrifi\u00e9 avec son int\u00e9rieur personnalisable parmi <strong>64 combinaisons<\/strong> de cuirs et bois pr\u00e9cieux. Son syst\u00e8me audio <strong>Burmester 4D<\/strong> avec <strong>31 haut-parleurs<\/strong> transforme chaque trajet en exp\u00e9rience sensorielle unique.<\/p>\n<p>Les si\u00e8ges arri\u00e8re Executive offrent <strong>10 programmes<\/strong> de massage diff\u00e9rents, tandis que l&rsquo;\u00e9clairage d&rsquo;ambiance actif synchronise <strong>253 LED<\/strong> avec vos pr\u00e9f\u00e9rences de conduite. Le nouveau toit panoramique <strong>MAGIC SKY<\/strong> s&rsquo;opacifie \u00e9lectroniquement selon l&rsquo;ensoleillement.<\/p>\n<p>Nous vous invitons \u00e0 d\u00e9couvrir dans nos showrooms BYmyCAR le raffinement des mat\u00e9riaux exclusifs comme le cuir Nappa cousu main ou les inserts en bois de fr\u00eane noir \u00e0 pores ouverts. Le syst\u00e8me de purification d&rsquo;air actif avec ionisation et diffusion de parfum personnalis\u00e9 parach\u00e8ve cette exp\u00e9rience ultime du luxe automobile.<\/p>\n<p>&nbsp;<\/p>\n<h2>Les services BYmyCAR pour votre Mercedes \u00e9lectrique<\/h2>\n<h3>Notre accompagnement personnalis\u00e9<\/h3>\n<p>Nos conseillers sp\u00e9cialis\u00e9s Mercedes vous accompagnent dans votre transition vers l&rsquo;\u00e9lectrique avec un programme sur mesure. Votre parcours d\u00e9bute par une analyse approfondie de vos besoins en mobilit\u00e9 et une pr\u00e9sentation personnalis\u00e9e des mod\u00e8les adapt\u00e9s \u00e0 votre usage.<\/p>\n<p>Nous mettons \u00e0 votre disposition un <strong>expert d\u00e9di\u00e9<\/strong> qui vous guide dans la configuration de votre Mercedes \u00e9lectrique et vous propose un essai prolong\u00e9 de <strong>48 heures<\/strong>. Cette immersion compl\u00e8te vous permet d&rsquo;exp\u00e9rimenter la recharge \u00e0 domicile gr\u00e2ce \u00e0 notre pack d\u00e9couverte incluant une <strong>wallbox temporaire<\/strong>.<\/p>\n<p>Notre \u00e9quipe vous accompagne \u00e9galement dans l&rsquo;installation de votre solution de recharge d\u00e9finitive, en partenariat avec des professionnels certifi\u00e9s Mercedes-Benz.<\/p>\n<h3>Des solutions de financement adapt\u00e9es<\/h3>\n<p>Votre nouvelle Mercedes \u00e9lectrique devient accessible gr\u00e2ce \u00e0 nos formules de financement sur mesure. La Location avec Option d&rsquo;Achat vous permet de rouler en EQA d\u00e8s <strong>399 \u20ac*<\/strong> par mois avec un premier loyer de <strong>3 500 \u20ac*<\/strong>, incluant la maintenance et l&rsquo;assistance.<\/p>\n<p>Pour les professionnels, notre offre de Location Longue Dur\u00e9e s&rsquo;adapte \u00e0 vos besoins avec des dur\u00e9es flexibles de <strong>24 \u00e0 60 mois<\/strong>. Le pack \u00ab\u00a0S\u00e9r\u00e9nit\u00e9 Pro\u00a0\u00bb couvre l&rsquo;entretien, les pneumatiques et l&rsquo;assurance tous risques pour une gestion simplifi\u00e9e de votre budget.<\/p>\n<p>Notre simulateur en ligne calcule instantan\u00e9ment votre mensualit\u00e9 selon votre apport et la dur\u00e9e souhait\u00e9e. Un cr\u00e9dit classique reste possible avec des taux privil\u00e9gi\u00e9s \u00e0 partir de <strong>2,9%<\/strong> TAEG fixe sur <strong>48 mois<\/strong>.<\/p>\n<h3>Un service apr\u00e8s-vente d\u00e9di\u00e9<\/h3>\n<p>Votre Mercedes \u00e9lectrique b\u00e9n\u00e9ficie d&rsquo;un programme d&rsquo;entretien personnalis\u00e9 dans nos ateliers sp\u00e9cialis\u00e9s. Notre diagnostic <strong>ReadyToGo<\/strong> analyse 21 points critiques sp\u00e9cifiques aux motorisations \u00e9lectriques, tandis que la maintenance pr\u00e9dictive surveille en temps r\u00e9el l&rsquo;\u00e9tat de votre batterie.<\/p>\n<p>Un atelier mobile se d\u00e9place \u00e0 votre domicile ou sur votre lieu de travail pour les interventions courantes. La mise \u00e0 jour des syst\u00e8mes s&rsquo;effectue \u00e0 distance gr\u00e2ce \u00e0 la connectivit\u00e9 <strong>OTA<\/strong> int\u00e9gr\u00e9e. En cas d&rsquo;immobilisation, une solution de mobilit\u00e9 alternative vous est syst\u00e9matiquement propos\u00e9e avec un v\u00e9hicule \u00e9lectrique de courtoisie.<\/p>\n<p>&nbsp;<\/p>\n<p>*Les prix mentionn\u00e9s sont donn\u00e9s \u00e0 titre indicatif et ont \u00e9t\u00e9 constat\u00e9s au moment de la r\u00e9daction. Ils sont susceptibles d\u2019\u00e9voluer. Pour obtenir une information exacte et \u00e0 jour, nous vous recommandons de contacter directement votre <a href=\"https:\/\/www.bymycar.be\/fr\/concessions\">concession BYmyCAR<\/a>.<\/p>\n<p>&nbsp;<\/p>\n<p>&nbsp;<\/p>\n<p>D\u2019autres articles qui pourraient vous int\u00e9resser\u00a0:<\/p>\n<p><a href=\"https:\/\/www.bymycar.be\/webzine\/quelle-mercedes-electrique-a-la-meilleure-autonomie\/\">Quelle Mercedes \u00e9lectrique a la meilleure autonomie\u00a0?<\/a><\/p>\n<p><a href=\"https:\/\/www.bymycar.be\/webzine\/mercedes-eqs-la-berline-electrique-de-luxe-par-excellence\/\">Mercedes EQS\u00a0: la berline \u00e9lectrique de luxe par excellence\u00a0?<\/a><\/p>\n<p><a href=\"https:\/\/www.bymycar.be\/webzine\/quelle-est-la-mercedes-electrique-la-moins-chere\/\">Quelle est la Mercedes \u00e9lectrique la moins ch\u00e8re\u00a0?<\/a><\/p>\n<p><a href=\"https:\/\/www.bymycar.be\/webzine\/quelles-sont-les-specificites-de-la-conduite-dune-mercedes-electrique\/\">Quelles sont les sp\u00e9cificit\u00e9s de la conduite d\u2019une Mercedes \u00e9lectrique\u00a0?<\/a><\/p>\n<p><a href=\"https:\/\/www.bymycar.be\/webzine\/batteries-des-mercedes-electriques-que-faut-il-savoir\/\">Batteries des Mercedes \u00e9lectriques\u00a0: que faut-il savoir\u00a0?<\/a><\/p>\n<p><a href=\"https:\/\/www.bymycar.be\/webzine\/comment-recharger-efficacement-la-batterie-dune-mercedes-electrique\/\">Comment recharger efficacement la batterie d\u2019une Mercedes \u00e9lectrique\u00a0?<\/a><\/p>\n<p><a href=\"https:\/\/www.bymycar.be\/webzine\/quelle-est-la-gamme-de-voitures-electriques-mercedes-eq-100-electrique\/\">Quelle est la gamme de voitures \u00e9lectriques Mercedes EQ 100% \u00e9lectrique\u00a0?<\/a><\/p>\n<p><a href=\"https:\/\/www.bymycar.be\/webzine\/comparatif-des-differentes-classes-de-mercedes-electriques\/\">Comparatif des diff\u00e9rentes classes de Mercedes \u00e9lectriques\u00a0?<\/a><\/p>\n"}}]}},"yoast_head":"<!-- This site is optimized with the Yoast SEO Premium plugin v26.4 (Yoast SEO v27.1.1) - https:\/\/yoast.com\/product\/yoast-seo-premium-wordpress\/ -->\n<title>Quelle est la meilleure Mercedes \u00e9lectrique en 2025 ?\u00a0\u00a0 - Webzine BE | BYmyCAR<\/title>\n<meta name=\"robots\" content=\"index, follow, max-snippet:-1, max-image-preview:large, max-video-preview:-1\" \/>\n<link rel=\"canonical\" href=\"https:\/\/www.bymycar.be\/webzine\/quelle-est-la-meilleure-mercedes-electrique-en-2025\/\" \/>\n<meta property=\"og:locale\" content=\"fr_FR\" \/>\n<meta property=\"og:type\" content=\"article\" \/>\n<meta property=\"og:title\" content=\"Quelle est la meilleure Mercedes \u00e9lectrique en 2025 ?\u00a0\u00a0\" \/>\n<meta property=\"og:url\" content=\"https:\/\/www.bymycar.be\/webzine\/quelle-est-la-meilleure-mercedes-electrique-en-2025\/\" \/>\n<meta property=\"og:site_name\" content=\"Webzine BE | BYmyCAR\" \/>\n<meta property=\"article:publisher\" content=\"https:\/\/www.facebook.com\/BYmyCAR.officiel\/\" \/>\n<meta property=\"article:published_time\" content=\"2025-06-13T08:49:25+00:00\" \/>\n<meta property=\"article:modified_time\" content=\"2025-06-24T08:37:57+00:00\" \/>\n<meta name=\"author\" content=\"Lola Vieira Da Silva\" \/>\n<meta name=\"twitter:card\" content=\"summary_large_image\" \/>\n<meta name=\"twitter:label1\" content=\"\u00c9crit par\" \/>\n\t<meta name=\"twitter:data1\" content=\"Lola Vieira Da Silva\" \/>\n<script type=\"application\/ld+json\" class=\"yoast-schema-graph\">{\"@context\":\"https:\/\/schema.org\",\"@graph\":[{\"@type\":\"Article\",\"@id\":\"https:\/\/www.bymycar.be\/webzine\/quelle-est-la-meilleure-mercedes-electrique-en-2025\/#article\",\"isPartOf\":{\"@id\":\"https:\/\/www.bymycar.be\/webzine\/quelle-est-la-meilleure-mercedes-electrique-en-2025\/\"},\"author\":{\"name\":\"Lola Vieira Da Silva\",\"@id\":\"https:\/\/www.bymycar.be\/webzine\/nl\/#\/schema\/person\/62e6ba497b0835d16ce47e28f2f08327\"},\"headline\":\"Quelle est la meilleure Mercedes \u00e9lectrique en 2025 ?\u00a0\u00a0\",\"datePublished\":\"2025-06-13T08:49:25+00:00\",\"dateModified\":\"2025-06-24T08:37:57+00:00\",\"mainEntityOfPage\":{\"@id\":\"https:\/\/www.bymycar.be\/webzine\/quelle-est-la-meilleure-mercedes-electrique-en-2025\/\"},\"wordCount\":7,\"publisher\":{\"@id\":\"https:\/\/www.bymycar.be\/webzine\/nl\/#organization\"},\"articleSection\":[\"Conseils et Astuces\",\"Mercedes \u00e9lectrique\"],\"inLanguage\":\"fr-FR\"},{\"@type\":\"WebPage\",\"@id\":\"https:\/\/www.bymycar.be\/webzine\/quelle-est-la-meilleure-mercedes-electrique-en-2025\/\",\"url\":\"https:\/\/www.bymycar.be\/webzine\/quelle-est-la-meilleure-mercedes-electrique-en-2025\/\",\"name\":\"Quelle est la meilleure Mercedes \u00e9lectrique en 2025 ?\u00a0\u00a0 - Webzine BE | BYmyCAR\",\"isPartOf\":{\"@id\":\"https:\/\/www.bymycar.be\/webzine\/nl\/#website\"},\"datePublished\":\"2025-06-13T08:49:25+00:00\",\"dateModified\":\"2025-06-24T08:37:57+00:00\",\"breadcrumb\":{\"@id\":\"https:\/\/www.bymycar.be\/webzine\/quelle-est-la-meilleure-mercedes-electrique-en-2025\/#breadcrumb\"},\"inLanguage\":\"fr-FR\",\"potentialAction\":[{\"@type\":\"ReadAction\",\"target\":[\"https:\/\/www.bymycar.be\/webzine\/quelle-est-la-meilleure-mercedes-electrique-en-2025\/\"]}]},{\"@type\":\"BreadcrumbList\",\"@id\":\"https:\/\/www.bymycar.be\/webzine\/quelle-est-la-meilleure-mercedes-electrique-en-2025\/#breadcrumb\",\"itemListElement\":[{\"@type\":\"ListItem\",\"position\":1,\"name\":\"Accueil\",\"item\":\"https:\/\/www.bymycar.be\/webzine\/\"},{\"@type\":\"ListItem\",\"position\":2,\"name\":\"Quelle est la meilleure Mercedes \u00e9lectrique en 2025 ?\u00a0\u00a0\"}]},{\"@type\":\"WebSite\",\"@id\":\"https:\/\/www.bymycar.be\/webzine\/nl\/#website\",\"url\":\"https:\/\/www.bymycar.be\/webzine\/nl\/\",\"name\":\"Webzine | BYmyCAR\",\"description\":\"_Le webzine auto de\",\"publisher\":{\"@id\":\"https:\/\/www.bymycar.be\/webzine\/nl\/#organization\"},\"potentialAction\":[{\"@type\":\"SearchAction\",\"target\":{\"@type\":\"EntryPoint\",\"urlTemplate\":\"https:\/\/www.bymycar.be\/webzine\/nl\/?s={search_term_string}\"},\"query-input\":{\"@type\":\"PropertyValueSpecification\",\"valueRequired\":true,\"valueName\":\"search_term_string\"}}],\"inLanguage\":\"fr-FR\"},{\"@type\":\"Organization\",\"@id\":\"https:\/\/www.bymycar.be\/webzine\/nl\/#organization\",\"name\":\"Webzine | BYmyCAR\",\"url\":\"https:\/\/www.bymycar.be\/webzine\/nl\/\",\"logo\":{\"@type\":\"ImageObject\",\"inLanguage\":\"fr-FR\",\"@id\":\"https:\/\/www.bymycar.be\/webzine\/nl\/#\/schema\/logo\/image\/\",\"url\":\"https:\/\/cdn.bymycar.eu\/be-webzine\/wp-content\/uploads\/2024\/11\/20203047\/logo.png\",\"contentUrl\":\"https:\/\/cdn.bymycar.eu\/be-webzine\/wp-content\/uploads\/2024\/11\/20203047\/logo.png\",\"width\":1280,\"height\":512,\"caption\":\"Webzine | BYmyCAR\"},\"image\":{\"@id\":\"https:\/\/www.bymycar.be\/webzine\/nl\/#\/schema\/logo\/image\/\"},\"sameAs\":[\"https:\/\/www.facebook.com\/BYmyCAR.officiel\/\",\"https:\/\/www.instagram.com\/bymycar.officiel\/\"]},{\"@type\":\"Person\",\"@id\":\"https:\/\/www.bymycar.be\/webzine\/nl\/#\/schema\/person\/62e6ba497b0835d16ce47e28f2f08327\",\"name\":\"Lola Vieira Da Silva\",\"image\":{\"@type\":\"ImageObject\",\"inLanguage\":\"fr-FR\",\"@id\":\"https:\/\/www.bymycar.be\/webzine\/nl\/#\/schema\/person\/image\/\",\"url\":\"https:\/\/secure.gravatar.com\/avatar\/8d491122de3cbfd87e645bbdbd392d04626ebb95f4929de9cc1231399984b34b?s=96&d=mm&r=g\",\"contentUrl\":\"https:\/\/secure.gravatar.com\/avatar\/8d491122de3cbfd87e645bbdbd392d04626ebb95f4929de9cc1231399984b34b?s=96&d=mm&r=g\",\"caption\":\"Lola Vieira Da Silva\"}}]}<\/script>\n<!-- \/ Yoast SEO Premium plugin. -->","yoast_head_json":{"title":"Quelle est la meilleure Mercedes \u00e9lectrique en 2025 ?\u00a0\u00a0 - Webzine BE | BYmyCAR","robots":{"index":"index","follow":"follow","max-snippet":"max-snippet:-1","max-image-preview":"max-image-preview:large","max-video-preview":"max-video-preview:-1"},"canonical":"https:\/\/www.bymycar.be\/webzine\/quelle-est-la-meilleure-mercedes-electrique-en-2025\/","og_locale":"fr_FR","og_type":"article","og_title":"Quelle est la meilleure Mercedes \u00e9lectrique en 2025 ?\u00a0\u00a0","og_url":"https:\/\/www.bymycar.be\/webzine\/quelle-est-la-meilleure-mercedes-electrique-en-2025\/","og_site_name":"Webzine BE | BYmyCAR","article_publisher":"https:\/\/www.facebook.com\/BYmyCAR.officiel\/","article_published_time":"2025-06-13T08:49:25+00:00","article_modified_time":"2025-06-24T08:37:57+00:00","author":"Lola Vieira Da Silva","twitter_card":"summary_large_image","twitter_misc":{"\u00c9crit par":"Lola Vieira Da Silva"},"schema":{"@context":"https:\/\/schema.org","@graph":[{"@type":"Article","@id":"https:\/\/www.bymycar.be\/webzine\/quelle-est-la-meilleure-mercedes-electrique-en-2025\/#article","isPartOf":{"@id":"https:\/\/www.bymycar.be\/webzine\/quelle-est-la-meilleure-mercedes-electrique-en-2025\/"},"author":{"name":"Lola Vieira Da Silva","@id":"https:\/\/www.bymycar.be\/webzine\/nl\/#\/schema\/person\/62e6ba497b0835d16ce47e28f2f08327"},"headline":"Quelle est la meilleure Mercedes \u00e9lectrique en 2025 ?\u00a0\u00a0","datePublished":"2025-06-13T08:49:25+00:00","dateModified":"2025-06-24T08:37:57+00:00","mainEntityOfPage":{"@id":"https:\/\/www.bymycar.be\/webzine\/quelle-est-la-meilleure-mercedes-electrique-en-2025\/"},"wordCount":7,"publisher":{"@id":"https:\/\/www.bymycar.be\/webzine\/nl\/#organization"},"articleSection":["Conseils et Astuces","Mercedes \u00e9lectrique"],"inLanguage":"fr-FR"},{"@type":"WebPage","@id":"https:\/\/www.bymycar.be\/webzine\/quelle-est-la-meilleure-mercedes-electrique-en-2025\/","url":"https:\/\/www.bymycar.be\/webzine\/quelle-est-la-meilleure-mercedes-electrique-en-2025\/","name":"Quelle est la meilleure Mercedes \u00e9lectrique en 2025 ?\u00a0\u00a0 - Webzine BE | BYmyCAR","isPartOf":{"@id":"https:\/\/www.bymycar.be\/webzine\/nl\/#website"},"datePublished":"2025-06-13T08:49:25+00:00","dateModified":"2025-06-24T08:37:57+00:00","breadcrumb":{"@id":"https:\/\/www.bymycar.be\/webzine\/quelle-est-la-meilleure-mercedes-electrique-en-2025\/#breadcrumb"},"inLanguage":"fr-FR","potentialAction":[{"@type":"ReadAction","target":["https:\/\/www.bymycar.be\/webzine\/quelle-est-la-meilleure-mercedes-electrique-en-2025\/"]}]},{"@type":"BreadcrumbList","@id":"https:\/\/www.bymycar.be\/webzine\/quelle-est-la-meilleure-mercedes-electrique-en-2025\/#breadcrumb","itemListElement":[{"@type":"ListItem","position":1,"name":"Accueil","item":"https:\/\/www.bymycar.be\/webzine\/"},{"@type":"ListItem","position":2,"name":"Quelle est la meilleure Mercedes \u00e9lectrique en 2025 ?\u00a0\u00a0"}]},{"@type":"WebSite","@id":"https:\/\/www.bymycar.be\/webzine\/nl\/#website","url":"https:\/\/www.bymycar.be\/webzine\/nl\/","name":"Webzine | BYmyCAR","description":"_Le webzine auto de","publisher":{"@id":"https:\/\/www.bymycar.be\/webzine\/nl\/#organization"},"potentialAction":[{"@type":"SearchAction","target":{"@type":"EntryPoint","urlTemplate":"https:\/\/www.bymycar.be\/webzine\/nl\/?s={search_term_string}"},"query-input":{"@type":"PropertyValueSpecification","valueRequired":true,"valueName":"search_term_string"}}],"inLanguage":"fr-FR"},{"@type":"Organization","@id":"https:\/\/www.bymycar.be\/webzine\/nl\/#organization","name":"Webzine | BYmyCAR","url":"https:\/\/www.bymycar.be\/webzine\/nl\/","logo":{"@type":"ImageObject","inLanguage":"fr-FR","@id":"https:\/\/www.bymycar.be\/webzine\/nl\/#\/schema\/logo\/image\/","url":"https:\/\/cdn.bymycar.eu\/be-webzine\/wp-content\/uploads\/2024\/11\/20203047\/logo.png","contentUrl":"https:\/\/cdn.bymycar.eu\/be-webzine\/wp-content\/uploads\/2024\/11\/20203047\/logo.png","width":1280,"height":512,"caption":"Webzine | BYmyCAR"},"image":{"@id":"https:\/\/www.bymycar.be\/webzine\/nl\/#\/schema\/logo\/image\/"},"sameAs":["https:\/\/www.facebook.com\/BYmyCAR.officiel\/","https:\/\/www.instagram.com\/bymycar.officiel\/"]},{"@type":"Person","@id":"https:\/\/www.bymycar.be\/webzine\/nl\/#\/schema\/person\/62e6ba497b0835d16ce47e28f2f08327","name":"Lola Vieira Da Silva","image":{"@type":"ImageObject","inLanguage":"fr-FR","@id":"https:\/\/www.bymycar.be\/webzine\/nl\/#\/schema\/person\/image\/","url":"https:\/\/secure.gravatar.com\/avatar\/8d491122de3cbfd87e645bbdbd392d04626ebb95f4929de9cc1231399984b34b?s=96&d=mm&r=g","contentUrl":"https:\/\/secure.gravatar.com\/avatar\/8d491122de3cbfd87e645bbdbd392d04626ebb95f4929de9cc1231399984b34b?s=96&d=mm&r=g","caption":"Lola Vieira Da Silva"}}]}},"_links":{"self":[{"href":"https:\/\/www.bymycar.be\/webzine\/wp-json\/wp\/v2\/posts\/4469","targetHints":{"allow":["GET"]}}],"collection":[{"href":"https:\/\/www.bymycar.be\/webzine\/wp-json\/wp\/v2\/posts"}],"about":[{"href":"https:\/\/www.bymycar.be\/webzine\/wp-json\/wp\/v2\/types\/post"}],"author":[{"embeddable":true,"href":"https:\/\/www.bymycar.be\/webzine\/wp-json\/wp\/v2\/users\/14"}],"replies":[{"embeddable":true,"href":"https:\/\/www.bymycar.be\/webzine\/wp-json\/wp\/v2\/comments?post=4469"}],"version-history":[{"count":3,"href":"https:\/\/www.bymycar.be\/webzine\/wp-json\/wp\/v2\/posts\/4469\/revisions"}],"predecessor-version":[{"id":4555,"href":"https:\/\/www.bymycar.be\/webzine\/wp-json\/wp\/v2\/posts\/4469\/revisions\/4555"}],"wp:attachment":[{"href":"https:\/\/www.bymycar.be\/webzine\/wp-json\/wp\/v2\/media?parent=4469"}],"wp:term":[{"taxonomy":"category","embeddable":true,"href":"https:\/\/www.bymycar.be\/webzine\/wp-json\/wp\/v2\/categories?post=4469"},{"taxonomy":"post_tag","embeddable":true,"href":"https:\/\/www.bymycar.be\/webzine\/wp-json\/wp\/v2\/tags?post=4469"}],"curies":[{"name":"wp","href":"https:\/\/api.w.org\/{rel}","templated":true}]}}