{"id":4428,"date":"2025-06-06T16:19:38","date_gmt":"2025-06-06T14:19:38","guid":{"rendered":"https:\/\/www.bymycar.be\/webzine\/?p=4428"},"modified":"2025-06-24T10:10:18","modified_gmt":"2025-06-24T08:10:18","slug":"mercedes-vs-marques-chinoises-la-bataille-du-premium-sur-le-marche-automobile","status":"publish","type":"post","link":"https:\/\/www.bymycar.be\/webzine\/mercedes-vs-marques-chinoises-la-bataille-du-premium-sur-le-marche-automobile\/","title":{"rendered":"Mercedes vs marques chinoises : la bataille du premium sur le march\u00e9 automobile\u00a0"},"content":{"rendered":"","protected":false},"excerpt":{"rendered":"","protected":false},"author":14,"featured_media":0,"comment_status":"closed","ping_status":"closed","sticky":false,"template":"","format":"standard","meta":{"_acf_changed":false,"footnotes":""},"categories":[1350,1402],"tags":[],"class_list":["post-4428","post","type-post","status-publish","format-standard","hentry","category-conseils-et-astuces","category-mercedes-vs-autres-marques"],"acf":{"image":{"ID":4429,"id":4429,"title":"Mercedes5-060625","filename":"Mercedes5-060625.jpg","filesize":121060,"url":"https:\/\/cdn.bymycar.eu\/be-webzine\/wp-content\/uploads\/2025\/06\/06161831\/Mercedes5-060625.jpg","link":"https:\/\/www.bymycar.be\/webzine\/mercedes-vs-marques-chinoises-la-bataille-du-premium-sur-le-marche-automobile\/mercedes5-060625\/","alt":"Mercedes CLA rouge","author":"14","description":"","caption":"","name":"mercedes5-060625","status":"inherit","uploaded_to":4428,"date":"2025-06-06 14:18:30","modified":"2025-06-06 14:18:39","menu_order":0,"mime_type":"image\/jpeg","type":"image","subtype":"jpeg","icon":"https:\/\/www.bymycar.be\/webzine\/wp-includes\/images\/media\/default.png","width":1280,"height":853,"sizes":{"thumbnail":"https:\/\/cdn.bymycar.eu\/be-webzine\/wp-content\/uploads\/2025\/06\/06161831\/Mercedes5-060625-150x150.jpg","thumbnail-width":150,"thumbnail-height":150,"medium":"https:\/\/cdn.bymycar.eu\/be-webzine\/wp-content\/uploads\/2025\/06\/06161831\/Mercedes5-060625-300x200.jpg","medium-width":300,"medium-height":200,"medium_large":"https:\/\/cdn.bymycar.eu\/be-webzine\/wp-content\/uploads\/2025\/06\/06161831\/Mercedes5-060625-768x512.jpg","medium_large-width":768,"medium_large-height":512,"large":"https:\/\/cdn.bymycar.eu\/be-webzine\/wp-content\/uploads\/2025\/06\/06161831\/Mercedes5-060625-1024x682.jpg","large-width":1024,"large-height":682,"1536x1536":"https:\/\/cdn.bymycar.eu\/be-webzine\/wp-content\/uploads\/2025\/06\/06161831\/Mercedes5-060625.jpg","1536x1536-width":1280,"1536x1536-height":853,"2048x2048":"https:\/\/cdn.bymycar.eu\/be-webzine\/wp-content\/uploads\/2025\/06\/06161831\/Mercedes5-060625.jpg","2048x2048-width":1280,"2048x2048-height":853}},"introduction":"<p>La concurrence fait rage sur le march\u00e9 automobile premium entre Mercedes-Benz, figure historique du luxe allemand, et les constructeurs chinois en pleine ascension. Alors que le g\u00e9ant de Stuttgart voit ses ventes reculer face \u00e0 des marques comme BYD, la bataille s&rsquo;intensifie particuli\u00e8rement sur le segment \u00e9lectrique. Entre expertise centenaire et innovation technologique, qui sortira vainqueur de ce duel ? Analyse des forces en pr\u00e9sence et des enjeux qui redessinent l&rsquo;avenir du premium automobile.<\/p>\n","add-to-bo":false,"page_content":{"block_content":[{"acf_fc_layout":"text-simple","--nav":{"-withNav":false,"-ancre":""},"--group":{"-text":"<h2>Un duel historique en mutation<\/h2>\n<p>Sur le <strong>march\u00e9 premium<\/strong>, la <strong>comp\u00e9tition extr\u00eame<\/strong> entre <strong>Mercedes-Benz<\/strong> et les <strong>constructeurs locaux<\/strong> prend une nouvelle dimension. Le <strong>groupe de Stuttgart<\/strong> a vu ses ventes chuter de 12% au <strong>troisi\u00e8me trimestre<\/strong> 2024 face aux <strong>marques chinoises<\/strong>. Cette baisse s&rsquo;explique notamment par l&rsquo;<strong>image de BYD<\/strong> et d&rsquo;autres acteurs qui s\u00e9duisent une client\u00e8le jeune avec des mod\u00e8les ultra-connect\u00e9s.<\/p>\n<p>L&rsquo;<strong>heure de la transition<\/strong> \u00e9nerg\u00e9tique bouleverse aussi la donne. Les <strong>hybrides rechargeables<\/strong> et <strong>voitures \u00e9lectriques<\/strong> repr\u00e9sentent d\u00e9sormais 40% des ventes premium en Europe, un segment o\u00f9 les nouveaux entrants excellent. Le <strong>patron de Mercedes<\/strong>, r\u00e9agissant \u00e0 cette mutation du march\u00e9, annonce un plan d&rsquo;investissement massif dans les technologies vertes pour 2026.<\/p>\n<p>&nbsp;<\/p>\n<h2>Les atouts de Mercedes face aux Chinois<\/h2>\n<p>L&rsquo;expertise centenaire de <strong>Mercedes<\/strong> dans les syst\u00e8mes d&rsquo;aide \u00e0 la conduite et la s\u00e9curit\u00e9 active reste in\u00e9gal\u00e9e. La nouvelle <strong>CLA \u00e9lectrique<\/strong> affiche des chiffres impressionnants : une <strong>consommation<\/strong> de seulement 12 kWh\/100km et une <strong>autonomie<\/strong> d\u00e9passant les 750 km, surpassant nettement les mod\u00e8les premium chinois.<\/p>\n<p>La marque \u00e0 l&rsquo;\u00e9toile conserve aussi son leadership dans la qualit\u00e9 per\u00e7ue. Son r\u00e9seau de <strong>concessionnaires<\/strong> europ\u00e9en, fort de 6000 points de vente, offre un maillage territorial que les nouveaux entrants mettront des ann\u00e9es \u00e0 \u00e9galer. La <strong>cha\u00eene d&rsquo;approvisionnement<\/strong> europ\u00e9enne de Mercedes, moins d\u00e9pendante de l&rsquo;Asie, repr\u00e9sente \u00e9galement un atout strat\u00e9gique face aux potentielles tensions commerciales avec la Chine.<\/p>\n<p>La <strong>fiabilit\u00e9<\/strong> des mod\u00e8les Mercedes, valid\u00e9e par des d\u00e9cennies d&rsquo;exp\u00e9rience, reste un argument de poids pour une client\u00e8le premium attach\u00e9e \u00e0 la p\u00e9rennit\u00e9 de son investissement.<\/p>\n<p>&nbsp;<\/p>\n<h2>La mont\u00e9e en puissance des marques chinoises<\/h2>\n<p>L&rsquo;ann\u00e9e 2025 marque un tournant avec l&rsquo;arriv\u00e9e massive des v\u00e9hicules \u00e9lectriques venus de l&rsquo;Empire du Milieu. <strong>BYD<\/strong>, leader sur son march\u00e9 domestique, affiche des objectifs ambitieux en Europe avec sa berline <strong>Seal<\/strong>. Le constructeur pr\u00e9voit d&rsquo;ouvrir 120 points de vente d&rsquo;ici fin 2025.<\/p>\n<p>La <strong>hausse<\/strong> spectaculaire des ventes s&rsquo;explique par une ma\u00eetrise technologique impressionnante. Les batteries nouvelle g\u00e9n\u00e9ration d\u00e9velopp\u00e9es par <strong>CATL<\/strong> permettent d\u00e9sormais une autonomie de 800 km, quand l&rsquo;<strong>Union Europ\u00e9enne<\/strong> s&rsquo;inqui\u00e8te de cette avance technologique. Face \u00e0 ces <strong>difficult\u00e9s des marques traditionnelles<\/strong>, Bruxelles envisage de nouveaux <strong>droits de douane<\/strong>.<\/p>\n<p>Les <strong>premi\u00e8res marques pr\u00e9sentes<\/strong> comme MG et Xpeng ont d\u00e9j\u00e0 conquis 5% du march\u00e9 premium europ\u00e9en. Une performance qui pousse l&rsquo;<strong>Ursula von der Leyen<\/strong> \u00e0 r\u00e9clamer des mesures de protection pour l&rsquo;industrie automobile europ\u00e9enne.<\/p>\n<p>&nbsp;<\/p>\n<h2>La course \u00e0 l&rsquo;innovation technologique<\/h2>\n<p>Le constructeur de Stuttgart acc\u00e9l\u00e8re dans la course aux nouvelles technologies avec sa plateforme MMA r\u00e9volutionnaire. Cette architecture \u00e9lectrique de nouvelle g\u00e9n\u00e9ration promet une <strong>autonomie de 800 km<\/strong> et une recharge ultrarapide en seulement 15 minutes. L&rsquo;int\u00e9gration de l&rsquo;<strong>intelligence artificielle<\/strong> dans le syst\u00e8me MBUX nouvelle g\u00e9n\u00e9ration permet une personnalisation pouss\u00e9e de l&rsquo;exp\u00e9rience utilisateur.<\/p>\n<p>Les avanc\u00e9es dans le domaine des <strong>batteries solides<\/strong> marquent \u00e9galement un tournant d\u00e9cisif. Le partenariat avec ProLogium Technology aboutit \u00e0 des cellules offrant une densit\u00e9 \u00e9nerg\u00e9tique 30% sup\u00e9rieure aux solutions actuelles. Une innovation qui pourrait red\u00e9finir les standards de l&rsquo;industrie d\u00e8s 2026.<\/p>\n<p>La r\u00e9ponse aux d\u00e9fis asiatiques passe aussi par le d\u00e9veloppement d&rsquo;un \u00e9cosyst\u00e8me connect\u00e9 propri\u00e9taire. Le <strong>MB.OS<\/strong>, syst\u00e8me d&rsquo;exploitation maison, promet une exp\u00e9rience digitale unifi\u00e9e du v\u00e9hicule au smartphone.<\/p>\n<p>&nbsp;<\/p>\n<p>&nbsp;<\/p>\n<p style=\"text-align: center;\"><a href=\"https:\/\/www.bymycar.be\/fr\/v\/mercedes\" target=\"_blank\" class=\"css-button css-button--gold\" >\n                D\u00e9couvrez tous nos v\u00e9hicules Mercedes en stock\n        <\/a><\/p>\n<p>&nbsp;<\/p>\n<p>&nbsp;<\/p>\n<h2>Qui est le concurrent le plus mena\u00e7ant ?<\/h2>\n<p>Parmi les nouveaux acteurs chinois, <strong>BYD<\/strong> s&rsquo;impose comme le rival le plus redoutable pour <strong>Mercedes<\/strong>. Le g\u00e9ant de Shenzhen a d\u00e9j\u00e0 conquis 8% du march\u00e9 premium en Asie avec sa gamme <strong>Seal<\/strong> et <strong>Tang<\/strong>. Sa ma\u00eetrise des batteries, coupl\u00e9e \u00e0 une int\u00e9gration verticale unique, lui permet de proposer des tarifs 25% inf\u00e9rieurs aux mod\u00e8les allemands comparables.<\/p>\n<p>Le <strong>chiffre d&rsquo;affaires<\/strong> de BYD sur le segment haut de gamme a bondi de 45% au dernier trimestre, quand <strong>BMW<\/strong> et <strong>VW<\/strong> accusent un recul. La <strong>Tesla Model<\/strong> S, jusqu&rsquo;ici r\u00e9f\u00e9rence \u00e9lectrique premium, se trouve \u00e9galement bouscul\u00e9e par l&rsquo;offensive chinoise. La <strong>question<\/strong> n&rsquo;est plus de savoir si BYD peut rivaliser, mais quand il d\u00e9passera les constructeurs traditionnels en Europe.<\/p>\n<p>&nbsp;<\/p>\n<h2>Les strat\u00e9gies de production en Europe<\/h2>\n<p>Mercedes bouscule sa strat\u00e9gie manufacturi\u00e8re en d\u00e9localisant la production de 100 000 v\u00e9hicules vers son usine hongroise de Kecskem\u00e9t. Une d\u00e9cision qui vise \u00e0 r\u00e9duire les co\u00fbts de fabrication de 10% d&rsquo;ici 2026. La marque \u00e0 l&rsquo;\u00e9toile anticipe l&rsquo;ann\u00e9e prochaine une baisse de sa marge automobile \u00e0 6%, loin des 12,6% de 2023.<\/p>\n<p>Les constructeurs chinois, \u00e0 l&rsquo;image de BYD, r\u00e9pliquent en acc\u00e9l\u00e9rant leur implantation sur le sol europ\u00e9en. Le g\u00e9ant de Shenzhen inaugurera sa premi\u00e8re usine continentale \u00e0 Szeged, \u00e9galement en Hongrie. La question soulev\u00e9e par l&rsquo;\u00e9mergence de ces nouvelles capacit\u00e9s de production locales remet en cause l&rsquo;\u00e9quilibre historique du march\u00e9 premium europ\u00e9en.<\/p>\n<p>&nbsp;<\/p>\n<h2>Les parts de march\u00e9 en 2025<\/h2>\n<p>Communiqu\u00e9 jeudi par le cabinet d&rsquo;\u00e9tudes Jato Dynamics, le bilan du premier trimestre 2025 r\u00e9v\u00e8le un bouleversement majeur : les constructeurs chinois captent d\u00e9sormais 12% du segment premium europ\u00e9en. Une progression fulgurante compar\u00e9e aux 3,6% de 2024.<\/p>\n<p>Le groupe Mercedes conserve sa position de leader avec 23% de parts de march\u00e9, mais accuse un recul de 5 points sur 12 mois. La marque \u00e0 l&rsquo;\u00e9toile reste n\u00e9anmoins le premier choix des acheteurs premium en France et en Allemagne, avec respectivement 28% et 31% des ventes.<\/p>\n<p>BYD s&rsquo;impose comme le challenger principal, passant de 4% \u00e0 8,5% de p\u00e9n\u00e9tration sur le segment haut de gamme. Son offensive commerciale agressive, coupl\u00e9e \u00e0 des tarifs inf\u00e9rieurs de 20% aux mod\u00e8les allemands comparables, s\u00e9duit une nouvelle g\u00e9n\u00e9ration d&rsquo;acheteurs premium.<\/p>\n<p>&nbsp;<\/p>\n<h2>Chez BYmyCAR<\/h2>\n<p>Pour faire le meilleur choix entre Mercedes-Benz et les marques chinoises comme BYD, rien ne vaut l&rsquo;expertise des professionnels. Les \u00e9quipes BYmyCAR vous accueillent dans leurs concessions de Bruxelles et Wavre pour vous faire d\u00e9couvrir l&rsquo;ensemble des gammes. Nos conseillers sp\u00e9cialis\u00e9s sauront vous guider dans le choix du v\u00e9hicule le plus adapt\u00e9 \u00e0 vos besoins.<\/p>\n<p>Venez essayer les derniers mod\u00e8les et b\u00e9n\u00e9ficiez des conseils personnalis\u00e9s de nos experts form\u00e9s aux sp\u00e9cificit\u00e9s de chaque marque. Nos \u00e9quipes sont \u00e0 votre disposition pour r\u00e9pondre \u00e0 toutes vos questions et vous accompagner dans votre projet automobile.<\/p>\n<p>N&rsquo;h\u00e9sitez pas \u00e0 prendre rendez-vous dans l&rsquo;une de nos<a href=\"https:\/\/www.bymycar.be\/fr\/concessions\"> concessions BYmyCAR<\/a> pour une exp\u00e9rience premium sur mesure et d\u00e9couvrir quelle marque saura le mieux r\u00e9pondre \u00e0 vos attentes.<\/p>\n<p>&nbsp;<\/p>\n<p>&nbsp;<\/p>\n<p>D\u2019autres articles qui pourraient vous int\u00e9resser\u00a0:<\/p>\n<p><a href=\"https:\/\/www.bymycar.be\/webzine\/mercedes-vs-volkswagen-le-match-des-constructeurs-allemands\/\">Mercedes vs Volkswagen\u00a0: le match des constructeurs allemands<\/a><\/p>\n<p><a href=\"https:\/\/www.bymycar.be\/webzine\/mercedes-vs-audi-le-match-ultime-des-constructeurs-premium-allemands\/\">Mercedes vs Audi\u00a0: le match ultime des constructeurs premium allemands<\/a><\/p>\n<p><a href=\"https:\/\/www.bymycar.be\/webzine\/mercedes-neuves-vs-occasion-comment-faire-le-meilleur-choix\/\">Mercedes neuves vs occasion\u00a0: comment faire le meilleur choix\u00a0?<\/a><\/p>\n<p><a href=\"https:\/\/www.bymycar.be\/webzine\/mercedes-benz-vs-range-rover-le-grand-match-des-suv-premium\/\">Mercedes-Benz vs Range Rover\u00a0: le grand match des SUV premium<\/a><\/p>\n<p><a href=\"https:\/\/www.bymycar.be\/webzine\/mercedes-ou-bmw-que-choisir-pour-votre-prochain-vehicule\/\">Mercedes ou BMW\u00a0: que choisir pour votre prochain v\u00e9hicule\u00a0?<\/a><\/p>\n<p><a href=\"https:\/\/www.bymycar.be\/webzine\/mercedes-vs-tesla-vers-quel-constructeur-automobile-se-tourner\/\">Mercedes vs Tesla\u00a0: vers quel constructeur automobile se tourner\u00a0?<\/a><\/p>\n"}}]}},"yoast_head":"<!-- This site is optimized with the Yoast SEO Premium plugin v26.4 (Yoast SEO v27.1.1) - https:\/\/yoast.com\/product\/yoast-seo-premium-wordpress\/ -->\n<title>Mercedes vs marques chinoises : la bataille du premium sur le march\u00e9 automobile\u00a0 - Webzine BE | BYmyCAR<\/title>\n<meta name=\"robots\" content=\"index, follow, max-snippet:-1, max-image-preview:large, max-video-preview:-1\" \/>\n<link rel=\"canonical\" href=\"https:\/\/www.bymycar.be\/webzine\/mercedes-vs-marques-chinoises-la-bataille-du-premium-sur-le-marche-automobile\/\" \/>\n<meta property=\"og:locale\" content=\"fr_FR\" \/>\n<meta property=\"og:type\" content=\"article\" \/>\n<meta property=\"og:title\" content=\"Mercedes vs marques chinoises : la bataille du premium sur le march\u00e9 automobile\u00a0\" \/>\n<meta property=\"og:url\" content=\"https:\/\/www.bymycar.be\/webzine\/mercedes-vs-marques-chinoises-la-bataille-du-premium-sur-le-marche-automobile\/\" \/>\n<meta property=\"og:site_name\" content=\"Webzine BE | BYmyCAR\" \/>\n<meta property=\"article:publisher\" content=\"https:\/\/www.facebook.com\/BYmyCAR.officiel\/\" \/>\n<meta property=\"article:published_time\" content=\"2025-06-06T14:19:38+00:00\" \/>\n<meta property=\"article:modified_time\" content=\"2025-06-24T08:10:18+00:00\" \/>\n<meta name=\"author\" content=\"Lola Vieira Da Silva\" \/>\n<meta name=\"twitter:card\" content=\"summary_large_image\" \/>\n<meta name=\"twitter:label1\" content=\"\u00c9crit par\" \/>\n\t<meta name=\"twitter:data1\" content=\"Lola Vieira Da Silva\" \/>\n<script type=\"application\/ld+json\" class=\"yoast-schema-graph\">{\"@context\":\"https:\/\/schema.org\",\"@graph\":[{\"@type\":\"Article\",\"@id\":\"https:\/\/www.bymycar.be\/webzine\/mercedes-vs-marques-chinoises-la-bataille-du-premium-sur-le-marche-automobile\/#article\",\"isPartOf\":{\"@id\":\"https:\/\/www.bymycar.be\/webzine\/mercedes-vs-marques-chinoises-la-bataille-du-premium-sur-le-marche-automobile\/\"},\"author\":{\"name\":\"Lola Vieira Da Silva\",\"@id\":\"https:\/\/www.bymycar.be\/webzine\/nl\/#\/schema\/person\/62e6ba497b0835d16ce47e28f2f08327\"},\"headline\":\"Mercedes vs marques chinoises : la bataille du premium sur le march\u00e9 automobile\u00a0\",\"datePublished\":\"2025-06-06T14:19:38+00:00\",\"dateModified\":\"2025-06-24T08:10:18+00:00\",\"mainEntityOfPage\":{\"@id\":\"https:\/\/www.bymycar.be\/webzine\/mercedes-vs-marques-chinoises-la-bataille-du-premium-sur-le-marche-automobile\/\"},\"wordCount\":12,\"publisher\":{\"@id\":\"https:\/\/www.bymycar.be\/webzine\/nl\/#organization\"},\"articleSection\":[\"Conseils et Astuces\",\"Mercedes vs autres marques\"],\"inLanguage\":\"fr-FR\"},{\"@type\":\"WebPage\",\"@id\":\"https:\/\/www.bymycar.be\/webzine\/mercedes-vs-marques-chinoises-la-bataille-du-premium-sur-le-marche-automobile\/\",\"url\":\"https:\/\/www.bymycar.be\/webzine\/mercedes-vs-marques-chinoises-la-bataille-du-premium-sur-le-marche-automobile\/\",\"name\":\"Mercedes vs marques chinoises : la bataille du premium sur le march\u00e9 automobile\u00a0 - Webzine BE | BYmyCAR\",\"isPartOf\":{\"@id\":\"https:\/\/www.bymycar.be\/webzine\/nl\/#website\"},\"datePublished\":\"2025-06-06T14:19:38+00:00\",\"dateModified\":\"2025-06-24T08:10:18+00:00\",\"breadcrumb\":{\"@id\":\"https:\/\/www.bymycar.be\/webzine\/mercedes-vs-marques-chinoises-la-bataille-du-premium-sur-le-marche-automobile\/#breadcrumb\"},\"inLanguage\":\"fr-FR\",\"potentialAction\":[{\"@type\":\"ReadAction\",\"target\":[\"https:\/\/www.bymycar.be\/webzine\/mercedes-vs-marques-chinoises-la-bataille-du-premium-sur-le-marche-automobile\/\"]}]},{\"@type\":\"BreadcrumbList\",\"@id\":\"https:\/\/www.bymycar.be\/webzine\/mercedes-vs-marques-chinoises-la-bataille-du-premium-sur-le-marche-automobile\/#breadcrumb\",\"itemListElement\":[{\"@type\":\"ListItem\",\"position\":1,\"name\":\"Accueil\",\"item\":\"https:\/\/www.bymycar.be\/webzine\/\"},{\"@type\":\"ListItem\",\"position\":2,\"name\":\"Mercedes vs marques chinoises : la bataille du premium sur le march\u00e9 automobile\u00a0\"}]},{\"@type\":\"WebSite\",\"@id\":\"https:\/\/www.bymycar.be\/webzine\/nl\/#website\",\"url\":\"https:\/\/www.bymycar.be\/webzine\/nl\/\",\"name\":\"Webzine | BYmyCAR\",\"description\":\"_Le webzine auto de\",\"publisher\":{\"@id\":\"https:\/\/www.bymycar.be\/webzine\/nl\/#organization\"},\"potentialAction\":[{\"@type\":\"SearchAction\",\"target\":{\"@type\":\"EntryPoint\",\"urlTemplate\":\"https:\/\/www.bymycar.be\/webzine\/nl\/?s={search_term_string}\"},\"query-input\":{\"@type\":\"PropertyValueSpecification\",\"valueRequired\":true,\"valueName\":\"search_term_string\"}}],\"inLanguage\":\"fr-FR\"},{\"@type\":\"Organization\",\"@id\":\"https:\/\/www.bymycar.be\/webzine\/nl\/#organization\",\"name\":\"Webzine | BYmyCAR\",\"url\":\"https:\/\/www.bymycar.be\/webzine\/nl\/\",\"logo\":{\"@type\":\"ImageObject\",\"inLanguage\":\"fr-FR\",\"@id\":\"https:\/\/www.bymycar.be\/webzine\/nl\/#\/schema\/logo\/image\/\",\"url\":\"https:\/\/cdn.bymycar.eu\/be-webzine\/wp-content\/uploads\/2024\/11\/20203047\/logo.png\",\"contentUrl\":\"https:\/\/cdn.bymycar.eu\/be-webzine\/wp-content\/uploads\/2024\/11\/20203047\/logo.png\",\"width\":1280,\"height\":512,\"caption\":\"Webzine | BYmyCAR\"},\"image\":{\"@id\":\"https:\/\/www.bymycar.be\/webzine\/nl\/#\/schema\/logo\/image\/\"},\"sameAs\":[\"https:\/\/www.facebook.com\/BYmyCAR.officiel\/\",\"https:\/\/www.instagram.com\/bymycar.officiel\/\"]},{\"@type\":\"Person\",\"@id\":\"https:\/\/www.bymycar.be\/webzine\/nl\/#\/schema\/person\/62e6ba497b0835d16ce47e28f2f08327\",\"name\":\"Lola Vieira Da Silva\",\"image\":{\"@type\":\"ImageObject\",\"inLanguage\":\"fr-FR\",\"@id\":\"https:\/\/www.bymycar.be\/webzine\/nl\/#\/schema\/person\/image\/\",\"url\":\"https:\/\/secure.gravatar.com\/avatar\/8d491122de3cbfd87e645bbdbd392d04626ebb95f4929de9cc1231399984b34b?s=96&d=mm&r=g\",\"contentUrl\":\"https:\/\/secure.gravatar.com\/avatar\/8d491122de3cbfd87e645bbdbd392d04626ebb95f4929de9cc1231399984b34b?s=96&d=mm&r=g\",\"caption\":\"Lola Vieira Da Silva\"}}]}<\/script>\n<!-- \/ Yoast SEO Premium plugin. -->","yoast_head_json":{"title":"Mercedes vs marques chinoises : la bataille du premium sur le march\u00e9 automobile\u00a0 - Webzine BE | BYmyCAR","robots":{"index":"index","follow":"follow","max-snippet":"max-snippet:-1","max-image-preview":"max-image-preview:large","max-video-preview":"max-video-preview:-1"},"canonical":"https:\/\/www.bymycar.be\/webzine\/mercedes-vs-marques-chinoises-la-bataille-du-premium-sur-le-marche-automobile\/","og_locale":"fr_FR","og_type":"article","og_title":"Mercedes vs marques chinoises : la bataille du premium sur le march\u00e9 automobile\u00a0","og_url":"https:\/\/www.bymycar.be\/webzine\/mercedes-vs-marques-chinoises-la-bataille-du-premium-sur-le-marche-automobile\/","og_site_name":"Webzine BE | BYmyCAR","article_publisher":"https:\/\/www.facebook.com\/BYmyCAR.officiel\/","article_published_time":"2025-06-06T14:19:38+00:00","article_modified_time":"2025-06-24T08:10:18+00:00","author":"Lola Vieira Da Silva","twitter_card":"summary_large_image","twitter_misc":{"\u00c9crit par":"Lola Vieira Da Silva"},"schema":{"@context":"https:\/\/schema.org","@graph":[{"@type":"Article","@id":"https:\/\/www.bymycar.be\/webzine\/mercedes-vs-marques-chinoises-la-bataille-du-premium-sur-le-marche-automobile\/#article","isPartOf":{"@id":"https:\/\/www.bymycar.be\/webzine\/mercedes-vs-marques-chinoises-la-bataille-du-premium-sur-le-marche-automobile\/"},"author":{"name":"Lola Vieira Da Silva","@id":"https:\/\/www.bymycar.be\/webzine\/nl\/#\/schema\/person\/62e6ba497b0835d16ce47e28f2f08327"},"headline":"Mercedes vs marques chinoises : la bataille du premium sur le march\u00e9 automobile\u00a0","datePublished":"2025-06-06T14:19:38+00:00","dateModified":"2025-06-24T08:10:18+00:00","mainEntityOfPage":{"@id":"https:\/\/www.bymycar.be\/webzine\/mercedes-vs-marques-chinoises-la-bataille-du-premium-sur-le-marche-automobile\/"},"wordCount":12,"publisher":{"@id":"https:\/\/www.bymycar.be\/webzine\/nl\/#organization"},"articleSection":["Conseils et Astuces","Mercedes vs autres marques"],"inLanguage":"fr-FR"},{"@type":"WebPage","@id":"https:\/\/www.bymycar.be\/webzine\/mercedes-vs-marques-chinoises-la-bataille-du-premium-sur-le-marche-automobile\/","url":"https:\/\/www.bymycar.be\/webzine\/mercedes-vs-marques-chinoises-la-bataille-du-premium-sur-le-marche-automobile\/","name":"Mercedes vs marques chinoises : la bataille du premium sur le march\u00e9 automobile\u00a0 - Webzine BE | BYmyCAR","isPartOf":{"@id":"https:\/\/www.bymycar.be\/webzine\/nl\/#website"},"datePublished":"2025-06-06T14:19:38+00:00","dateModified":"2025-06-24T08:10:18+00:00","breadcrumb":{"@id":"https:\/\/www.bymycar.be\/webzine\/mercedes-vs-marques-chinoises-la-bataille-du-premium-sur-le-marche-automobile\/#breadcrumb"},"inLanguage":"fr-FR","potentialAction":[{"@type":"ReadAction","target":["https:\/\/www.bymycar.be\/webzine\/mercedes-vs-marques-chinoises-la-bataille-du-premium-sur-le-marche-automobile\/"]}]},{"@type":"BreadcrumbList","@id":"https:\/\/www.bymycar.be\/webzine\/mercedes-vs-marques-chinoises-la-bataille-du-premium-sur-le-marche-automobile\/#breadcrumb","itemListElement":[{"@type":"ListItem","position":1,"name":"Accueil","item":"https:\/\/www.bymycar.be\/webzine\/"},{"@type":"ListItem","position":2,"name":"Mercedes vs marques chinoises : la bataille du premium sur le march\u00e9 automobile\u00a0"}]},{"@type":"WebSite","@id":"https:\/\/www.bymycar.be\/webzine\/nl\/#website","url":"https:\/\/www.bymycar.be\/webzine\/nl\/","name":"Webzine | BYmyCAR","description":"_Le webzine auto de","publisher":{"@id":"https:\/\/www.bymycar.be\/webzine\/nl\/#organization"},"potentialAction":[{"@type":"SearchAction","target":{"@type":"EntryPoint","urlTemplate":"https:\/\/www.bymycar.be\/webzine\/nl\/?s={search_term_string}"},"query-input":{"@type":"PropertyValueSpecification","valueRequired":true,"valueName":"search_term_string"}}],"inLanguage":"fr-FR"},{"@type":"Organization","@id":"https:\/\/www.bymycar.be\/webzine\/nl\/#organization","name":"Webzine | BYmyCAR","url":"https:\/\/www.bymycar.be\/webzine\/nl\/","logo":{"@type":"ImageObject","inLanguage":"fr-FR","@id":"https:\/\/www.bymycar.be\/webzine\/nl\/#\/schema\/logo\/image\/","url":"https:\/\/cdn.bymycar.eu\/be-webzine\/wp-content\/uploads\/2024\/11\/20203047\/logo.png","contentUrl":"https:\/\/cdn.bymycar.eu\/be-webzine\/wp-content\/uploads\/2024\/11\/20203047\/logo.png","width":1280,"height":512,"caption":"Webzine | BYmyCAR"},"image":{"@id":"https:\/\/www.bymycar.be\/webzine\/nl\/#\/schema\/logo\/image\/"},"sameAs":["https:\/\/www.facebook.com\/BYmyCAR.officiel\/","https:\/\/www.instagram.com\/bymycar.officiel\/"]},{"@type":"Person","@id":"https:\/\/www.bymycar.be\/webzine\/nl\/#\/schema\/person\/62e6ba497b0835d16ce47e28f2f08327","name":"Lola Vieira Da Silva","image":{"@type":"ImageObject","inLanguage":"fr-FR","@id":"https:\/\/www.bymycar.be\/webzine\/nl\/#\/schema\/person\/image\/","url":"https:\/\/secure.gravatar.com\/avatar\/8d491122de3cbfd87e645bbdbd392d04626ebb95f4929de9cc1231399984b34b?s=96&d=mm&r=g","contentUrl":"https:\/\/secure.gravatar.com\/avatar\/8d491122de3cbfd87e645bbdbd392d04626ebb95f4929de9cc1231399984b34b?s=96&d=mm&r=g","caption":"Lola Vieira Da Silva"}}]}},"_links":{"self":[{"href":"https:\/\/www.bymycar.be\/webzine\/wp-json\/wp\/v2\/posts\/4428","targetHints":{"allow":["GET"]}}],"collection":[{"href":"https:\/\/www.bymycar.be\/webzine\/wp-json\/wp\/v2\/posts"}],"about":[{"href":"https:\/\/www.bymycar.be\/webzine\/wp-json\/wp\/v2\/types\/post"}],"author":[{"embeddable":true,"href":"https:\/\/www.bymycar.be\/webzine\/wp-json\/wp\/v2\/users\/14"}],"replies":[{"embeddable":true,"href":"https:\/\/www.bymycar.be\/webzine\/wp-json\/wp\/v2\/comments?post=4428"}],"version-history":[{"count":3,"href":"https:\/\/www.bymycar.be\/webzine\/wp-json\/wp\/v2\/posts\/4428\/revisions"}],"predecessor-version":[{"id":4549,"href":"https:\/\/www.bymycar.be\/webzine\/wp-json\/wp\/v2\/posts\/4428\/revisions\/4549"}],"wp:attachment":[{"href":"https:\/\/www.bymycar.be\/webzine\/wp-json\/wp\/v2\/media?parent=4428"}],"wp:term":[{"taxonomy":"category","embeddable":true,"href":"https:\/\/www.bymycar.be\/webzine\/wp-json\/wp\/v2\/categories?post=4428"},{"taxonomy":"post_tag","embeddable":true,"href":"https:\/\/www.bymycar.be\/webzine\/wp-json\/wp\/v2\/tags?post=4428"}],"curies":[{"name":"wp","href":"https:\/\/api.w.org\/{rel}","templated":true}]}}