{"id":4418,"date":"2025-06-06T15:38:20","date_gmt":"2025-06-06T13:38:20","guid":{"rendered":"https:\/\/www.bymycar.be\/webzine\/?p=4418"},"modified":"2025-06-24T10:07:23","modified_gmt":"2025-06-24T08:07:23","slug":"mercedes-ou-bmw-que-choisir-pour-votre-prochain-vehicule","status":"publish","type":"post","link":"https:\/\/www.bymycar.be\/webzine\/mercedes-ou-bmw-que-choisir-pour-votre-prochain-vehicule\/","title":{"rendered":"Mercedes ou BMW : que choisir pour votre prochain v\u00e9hicule ?"},"content":{"rendered":"","protected":false},"excerpt":{"rendered":"","protected":false},"author":14,"featured_media":0,"comment_status":"closed","ping_status":"closed","sticky":false,"template":"","format":"standard","meta":{"_acf_changed":false,"footnotes":""},"categories":[1350,1402],"tags":[],"class_list":["post-4418","post","type-post","status-publish","format-standard","hentry","category-conseils-et-astuces","category-mercedes-vs-autres-marques"],"acf":{"image":{"ID":4425,"id":4425,"title":"Mercedes4-060625","filename":"Mercedes4-060625-1-scaled.jpg","filesize":298584,"url":"https:\/\/cdn.bymycar.eu\/be-webzine\/wp-content\/uploads\/2025\/06\/06154158\/Mercedes4-060625-1-scaled.jpg","link":"https:\/\/www.bymycar.be\/webzine\/mercedes-ou-bmw-que-choisir-pour-votre-prochain-vehicule\/mercedes4-060625-2\/","alt":"Mercedes classe E bleu","author":"14","description":"","caption":"","name":"mercedes4-060625-2","status":"inherit","uploaded_to":4418,"date":"2025-06-06 13:41:50","modified":"2025-06-06 13:42:07","menu_order":0,"mime_type":"image\/jpeg","type":"image","subtype":"jpeg","icon":"https:\/\/www.bymycar.be\/webzine\/wp-includes\/images\/media\/default.png","width":2560,"height":1708,"sizes":{"thumbnail":"https:\/\/cdn.bymycar.eu\/be-webzine\/wp-content\/uploads\/2025\/06\/06154158\/Mercedes4-060625-1-150x150.jpg","thumbnail-width":150,"thumbnail-height":150,"medium":"https:\/\/cdn.bymycar.eu\/be-webzine\/wp-content\/uploads\/2025\/06\/06154158\/Mercedes4-060625-1-300x200.jpg","medium-width":300,"medium-height":200,"medium_large":"https:\/\/cdn.bymycar.eu\/be-webzine\/wp-content\/uploads\/2025\/06\/06154158\/Mercedes4-060625-1-768x512.jpg","medium_large-width":768,"medium_large-height":512,"large":"https:\/\/cdn.bymycar.eu\/be-webzine\/wp-content\/uploads\/2025\/06\/06154158\/Mercedes4-060625-1-1024x683.jpg","large-width":1024,"large-height":683,"1536x1536":"https:\/\/cdn.bymycar.eu\/be-webzine\/wp-content\/uploads\/2025\/06\/06154158\/Mercedes4-060625-1-1536x1025.jpg","1536x1536-width":1536,"1536x1536-height":1025,"2048x2048":"https:\/\/cdn.bymycar.eu\/be-webzine\/wp-content\/uploads\/2025\/06\/06154158\/Mercedes4-060625-1-2048x1366.jpg","2048x2048-width":2048,"2048x2048-height":1366}},"introduction":"<p>Vous h\u00e9sitez entre Mercedes et BMW pour votre prochain v\u00e9hicule premium ? Le choix est complexe entre ces g\u00e9ants allemands, qui ont vendu respectivement 2,04 et 2,25 millions de v\u00e9hicules en 2024. Mercedes excelle en confort et luxe avec sa gamme \u00e9lectrique EQS, EQE et EQB, tandis que BMW reste fid\u00e8le \u00e0 son ADN sportif tout en diversifiant son offre avec ses mod\u00e8les \u00e9lectriques i4, i7 et iX2. Intelligence artificielle, conduite autonome, syst\u00e8mes connect\u00e9s&#8230; D\u00e9couvrez comment ces constructeurs se r\u00e9inventent pour s\u00e9duire les clients les plus exigeants et trouvez la marque qui vous correspond le mieux.<\/p>\n","add-to-bo":false,"page_content":{"block_content":[{"acf_fc_layout":"text-simple","--nav":{"-withNav":false,"-ancre":""},"--group":{"-text":"<h2>Une rivalit\u00e9 historique<\/h2>\n<p>Au c\u0153ur de Munich, dans les ann\u00e9es 1920, <strong>BMW<\/strong> se forge une r\u00e9putation dans les moteurs hautes performances tandis que <strong>Mercedes-Benz<\/strong> domine d\u00e9j\u00e0 le segment du luxe avec ses berlines raffin\u00e9es. Cette opposition de philosophies marque le d\u00e9but d&rsquo;une comp\u00e9tition acharn\u00e9e qui transformera l&rsquo;industrie automobile.<\/p>\n<p>Les ann\u00e9es 1950 voient na\u00eetre les premi\u00e8res confrontations directes : la <strong>Mercedes 300 SL<\/strong> d\u00e9fie la <strong>BMW 507<\/strong> sur le terrain des voitures de sport. Une d\u00e9cennie plus tard, la <strong>BMW S\u00e9rie 02<\/strong> r\u00e9volutionne le segment des berlines compactes sportives, poussant Mercedes \u00e0 riposter avec sa nouvelle <strong>Classe C<\/strong>.<\/p>\n<p>Cette \u00e9mulation continue d&rsquo;alimenter l&rsquo;innovation. <strong>Mercedes<\/strong> mise sur une approche holistique du luxe avec ses syst\u00e8mes <strong>MBUX<\/strong> ultra-connect\u00e9s, quand <strong>BMW<\/strong> privil\u00e9gie l&rsquo;exp\u00e9rience dynamique avec sa technologie <strong>iDrive<\/strong>. Deux visions distinctes qui enrichissent l&rsquo;offre premium moderne.<\/p>\n<p>&nbsp;<\/p>\n<h2>Design et style : qui gagne entre Mercedes et BMW ?<\/h2>\n<h3>L&rsquo;ext\u00e9rieur : deux visions du premium<\/h3>\n<p>La signature stylistique de Mercedes s&rsquo;exprime \u00e0 travers une calandre imposante, orn\u00e9e de l&#8217;embl\u00e9matique \u00e9toile \u00e0 trois branches. Les surfaces lisses et les lignes fluides cr\u00e9ent une silhouette \u00e9l\u00e9gante, renforc\u00e9e par des <strong>feux LED adaptatifs<\/strong> aux motifs distinctifs. La nouvelle <a href=\"https:\/\/www.bymycar.be\/fr\/v\/mercedes-classe-e\"> <strong>Classe E<\/strong> <\/a> illustre parfaitement cette approche avec ses proportions harmonieuses et ses chromes savamment dos\u00e9s.<\/p>\n<p>Face \u00e0 elle, BMW affirme son caract\u00e8re sportif avec une calandre verticale surdimensionn\u00e9e et des optiques effil\u00e9es. Les lignes de caract\u00e8re marqu\u00e9es et les surfaces sculpt\u00e9es de la <strong>S\u00e9rie 5<\/strong> traduisent une volont\u00e9 d&rsquo;afficher un dynamisme visuel. Les <strong>jantes alliage<\/strong> sp\u00e9cifiques et les accents noirs brillants soulignent cette personnalit\u00e9 athl\u00e9tique qui s\u00e9duit une client\u00e8le plus jeune.<\/p>\n<h3>L&rsquo;interieur : luxe et technologie<\/h3>\n<p>Le cockpit num\u00e9rique <strong>MBUX Hyperscreen<\/strong> de Mercedes \u00e9tend ses <strong>141 cm<\/strong> de dalle incurv\u00e9e sur toute la largeur du tableau de bord. Cette prouesse technologique int\u00e8gre trois \u00e9crans distincts sous une surface vitr\u00e9e unique, cr\u00e9ant une ambiance futuriste et \u00e9pur\u00e9e. Face \u00e0 cette d\u00e9bauche digitale, BMW privil\u00e9gie son nouvel affichage <strong>BMW Curved Display<\/strong>, associant un \u00e9cran central de <strong>14,9 pouces<\/strong> \u00e0 une instrumentation de <strong>12,3 pouces<\/strong>.<\/p>\n<p>Les mat\u00e9riaux nobles affirment l&rsquo;identit\u00e9 de chaque constructeur : cuir Nappa et bois pr\u00e9cieux chez Mercedes, aluminium bross\u00e9 et carbone chez BMW. Les si\u00e8ges multicontours proposent des r\u00e9glages \u00e9lectriques \u00e9tendus, avec fonction massage c\u00f4t\u00e9 Mercedes et maintien dynamique pour BMW.<\/p>\n<p>L&rsquo;ergonomie reste un point de diff\u00e9renciation majeur : Mercedes mise sur une interface tactile quasi-totale quand BMW conserve son <strong>iDrive<\/strong> \u00e0 molette centrale, pl\u00e9biscit\u00e9 pour sa facilit\u00e9 d&rsquo;utilisation en conduite.<\/p>\n<h3>Les finitions et mat\u00e9riaux<\/h3>\n<p>Les mat\u00e9riaux nobles d\u00e9finissent l&rsquo;ambiance \u00e0 bord de ces berlines premium. Mercedes privil\u00e9gie une approche minimaliste avec des surfaces lisses en <strong>cuir Nappa<\/strong> et des inserts en bois pr\u00e9cieux vernis. Les a\u00e9rateurs chrom\u00e9s adoptent un design turbine caract\u00e9ristique, tandis que l&rsquo;\u00e9clairage d&rsquo;ambiance propose <strong>64 coloris<\/strong> personnalisables.<\/p>\n<p>BMW affirme son caract\u00e8re sportif \u00e0 travers des mat\u00e9riaux plus techniques comme le carbone forg\u00e9 ou l&rsquo;aluminium bross\u00e9. La planche de bord int\u00e8gre des surpiq\u00fbres contrast\u00e9es et un bandeau lumineux interactif <strong>BMW Interaction Bar<\/strong>. Les si\u00e8ges Sport en cuir Merino offrent un maintien lat\u00e9ral renforc\u00e9 avec <strong>r\u00e9glages \u00e9lectriques 20 positions<\/strong>.<\/p>\n<p>La qualit\u00e9 per\u00e7ue atteint des sommets avec des assemblages millim\u00e9tr\u00e9s et des ajustements parfaits. Les deux constructeurs proposent d\u00e9sormais des mat\u00e9riaux recycl\u00e9s premium comme le <strong>PET recycl\u00e9<\/strong> pour les tapis et les garnissages de pavillon.<\/p>\n<p>&nbsp;<\/p>\n<h2>Performances et sensations<\/h2>\n<h3>Qui est le plus rapide entre Mercedes Benz et BMW ?<\/h3>\n<p>Les chiffres parlent d&rsquo;eux-m\u00eames : la <strong>BMW M5 Competition<\/strong> abat le 0 \u00e0 100 km\/h en <strong>3,3 secondes<\/strong>, quand la <strong>Mercedes-AMG E 63 S<\/strong> r\u00e9clame <strong>3,4 secondes<\/strong>. Un \u00e9cart minime qui traduit l&rsquo;excellence des deux constructeurs en mati\u00e8re de performances pures. Les versions plus accessibles conservent cette rivalit\u00e9 : la <strong>BMW 530i<\/strong> atteint <strong>250 km\/h<\/strong> en pointe, une vitesse identique \u00e0 la <strong>Mercedes E 350<\/strong>.<\/p>\n<p>La diff\u00e9rence se joue davantage sur les sensations. BMW conserve son ADN sportif avec une r\u00e9ponse \u00e0 l&rsquo;acc\u00e9l\u00e9rateur plus incisive et une bo\u00eete <strong>ZF 8 rapports<\/strong> aux passages ultra-rapides. Mercedes opte pour une mont\u00e9e en r\u00e9gime plus progressive, sa transmission <strong>9G-TRONIC<\/strong> privil\u00e9giant la douceur sans sacrifier l&rsquo;efficacit\u00e9.<\/p>\n<h3>Comportement routier<\/h3>\n<p>Sur les routes sinueuses, la <strong>dynamique de conduite<\/strong> r\u00e9v\u00e8le deux philosophies distinctes. La <strong>BMW S\u00e9rie 5<\/strong> privil\u00e9gie une direction pr\u00e9cise et un ch\u00e2ssis rigide, offrant des sensations plus sportives au conducteur. Les ing\u00e9nieurs de Munich ont opt\u00e9 pour des suspensions fermes qui maximisent l&rsquo;adh\u00e9rence en virage.<\/p>\n<p>La <strong>Mercedes Classe E<\/strong> adopte une approche diff\u00e9rente avec une suspension pneumatique adaptative qui absorbe les imperfections de la chauss\u00e9e. Cette technologie, associ\u00e9e \u00e0 un syst\u00e8me de compensation du roulis, garantit un confort optimal sur <strong>longs trajets<\/strong> sans compromettre la stabilit\u00e9.<\/p>\n<p>Le syst\u00e8me xDrive de BMW permet une r\u00e9partition variable du couple entre les essieux, tandis que la transmission 4MATIC+ de Mercedes favorise une motricit\u00e9 plus rassurante. Ces choix techniques refl\u00e8tent la vision de chaque constructeur : agilit\u00e9 pour BMW, s\u00e9r\u00e9nit\u00e9 pour Mercedes.<\/p>\n<h3>Puissance et motorisations<\/h3>\n<p>Les gammes de <strong>motorisations<\/strong> s&rsquo;\u00e9toffent avec des blocs essence micro-hybrides performants. La\u00a0<strong>BMW 530e<\/strong> exploite un <strong>4 cylindres 2.0L<\/strong> d\u00e9veloppant <strong>299 ch<\/strong> en puissance combin\u00e9e, tandis que la <strong>Mercedes E300e<\/strong> propose <strong>313 ch<\/strong> gr\u00e2ce \u00e0 son architecture hybride rechargeable sophistiqu\u00e9e.<\/p>\n<p>Du c\u00f4t\u00e9 des versions sportives, la <strong>BMW M550i xDrive<\/strong> fait rugir son <strong>V8 4.4L<\/strong> de <strong>530 ch<\/strong>, quand la <strong>Mercedes-AMG E53<\/strong> mise sur un <strong>6 cylindres en ligne<\/strong> \u00e9lectrifi\u00e9 de <strong>435 ch<\/strong>. Les <strong>bo\u00eetes de vitesses<\/strong> automatiques \u00e0 8 et 9 rapports subliment ces m\u00e9caniques d&rsquo;exception.<\/p>\n<p>Les <strong>co\u00fbts d&rsquo;entretien<\/strong> demeurent \u00e9lev\u00e9s mais la fiabilit\u00e9 progresse, notamment gr\u00e2ce aux nouvelles technologies de <strong>moteurs d&rsquo;avion<\/strong> adapt\u00e9es \u00e0 l&rsquo;automobile. Un h\u00e9ritage des origines de ces deux constructeurs qui perdure dans leurs <strong>designs \u00e9l\u00e9gants<\/strong> actuels.<\/p>\n<p>&nbsp;<\/p>\n<p>&nbsp;<\/p>\n<p style=\"text-align: center;\"><a href=\"https:\/\/www.bymycar.be\/fr\/v\/mercedes\" target=\"_blank\" class=\"css-button css-button--gold\" >\n                D\u00e9couvrez tous nos v\u00e9hicules Mercedes en stock\n        <\/a><\/p>\n<p>&nbsp;<\/p>\n<p>&nbsp;<\/p>\n<h2>Le match des gammes<\/h2>\n<h3>Classe C vs Serie 3 : le c\u0153ur de gamme<\/h3>\n<p>Sur le segment des berlines compactes premium, la bataille fait rage entre la <a href=\"https:\/\/www.bymycar.be\/fr\/v\/mercedes-classe-c\"> <strong>Mercedes Classe C<\/strong> <\/a> et la <strong>BMW S\u00e9rie 3<\/strong>. Les <strong>voitures de luxe<\/strong> se d\u00e9marquent par leurs approches distinctes du confort. La Mercedes privil\u00e9gie une suspension souple et des si\u00e8ges enveloppants, quand BMW opte pour un ch\u00e2ssis plus ferme et un maintien dynamique.<\/p>\n<p>Les <strong>int\u00e9rieurs<\/strong> refl\u00e8tent ces philosophies oppos\u00e9es. La Classe C d\u00e9ploie une planche de bord minimaliste domin\u00e9e par un \u00e9cran vertical, tandis que la S\u00e9rie 3 conserve des commandes physiques appr\u00e9ci\u00e9es pour leur ergonomie au quotidien. Les <strong>technologies de s\u00e9curit\u00e9<\/strong> s&rsquo;enrichissent avec des assistances \u00e0 la conduite \u00e9tendues chez Mercedes, face \u00e0 une approche plus sobre chez BMW.<\/p>\n<h3>SUV : l&rsquo;offensive tout-terrain<\/h3>\n<p>Dans la <strong>cat\u00e9gorie des SUV<\/strong>, la bataille fait rage entre les deux g\u00e9ants de Stuttgart et Munich. Le <a href=\"https:\/\/www.bymycar.be\/fr\/v\/mercedes-glc\"> <strong>GLC<\/strong> <\/a> de Mercedes s\u00e9duit par son habitacle raffin\u00e9 et sa suspension pneumatique adaptative, garantissant un confort de premi\u00e8re classe sur tous les terrains. Face \u00e0 lui, le <strong>BMW X3<\/strong> mise sur une conduite plus dynamique avec sa direction pr\u00e9cise et son ch\u00e2ssis sport.<\/p>\n<p>Les motorisations refl\u00e8tent ces orientations distinctes. Mercedes \u00e9quipe son GLC d&rsquo;un <strong>4 cylindres 2.0L hybride<\/strong> d\u00e9veloppant <strong>313 ch<\/strong>, tandis que BMW propose sur son X3 un bloc essence de <strong>360 ch<\/strong> en version <strong>M40i<\/strong>. Les deux SUV disposent d&rsquo;une transmission int\u00e9grale sophistiqu\u00e9e pour affronter les conditions difficiles.<\/p>\n<p>L&rsquo;approche du luxe diff\u00e8re \u00e9galement : sellerie cuir Nappa et <strong>pare-chocs<\/strong> sp\u00e9cifiques AMG pour Mercedes, pack M Sport et jantes exclusives pour BMW. Un duel qui illustre parfaitement l&rsquo;h\u00e9ritage de <strong>Karl Benz<\/strong> face au <strong>meilleur choix<\/strong> munichois en mati\u00e8re de dynamisme.<\/p>\n<p>&nbsp;<\/p>\n<h2>Le face \u00e0 face avec Audi<\/h2>\n<p>Troisi\u00e8me force du premium allemand, <strong>Audi<\/strong> s&rsquo;impose comme un concurrent redoutable avec sa signature technologique distinctive. La marque aux anneaux mise sur une approche radicalement diff\u00e9rente, symbolis\u00e9e par sa transmission <strong>quattro<\/strong> et son design \u00e9pur\u00e9.<\/p>\n<p>Le constructeur d&rsquo;Ingolstadt propose une alternative s\u00e9duisante sur le segment des berlines compactes. Son <strong>A4<\/strong> se distingue par une qualit\u00e9 per\u00e7ue remarquable et des motorisations efficientes, comme le <strong>2.0 TFSI<\/strong> de <strong>265 ch<\/strong>. La finition int\u00e9rieure soign\u00e9e et l&rsquo;ergonomie intuitive du syst\u00e8me <strong>MMI Touch<\/strong> rivalisent avec le <strong>MBUX<\/strong> de Mercedes et l&rsquo;<strong>iDrive<\/strong> de BMW.<\/p>\n<p>L&rsquo;offensive \u00e9lectrique renforce cette position unique : la gamme <strong>e-tron<\/strong> conjugue performances et autonomie \u00e9tendue, avec jusqu&rsquo;\u00e0 <strong>600 km<\/strong> en cycle <strong>WLTP<\/strong>. Une approche qui bouscule la hi\u00e9rarchie traditionnelle du premium allemand.<\/p>\n<p>&nbsp;<\/p>\n<h2>Mercedes vs BMW : quelle marque choisir ?<\/h2>\n<p>Le choix entre ces deux g\u00e9ants allemands d\u00e9passe la simple question technique. BMW s\u00e9duit par son caract\u00e8re sportif et sa pr\u00e9cision de conduite, parfaits pour les conducteurs passionn\u00e9s qui appr\u00e9cient les sensations fortes au volant.<\/p>\n<p>La philosophie Mercedes privil\u00e9gie le confort et le raffinement, avec une approche plus statutaire qui comblera les amateurs de luxe discret. La marque \u00e0 l&rsquo;\u00e9toile excelle particuli\u00e8rement dans les longs trajets autoroutiers.<\/p>\n<p>Le meilleur compromis se dessine selon votre usage : optez pour BMW si vous recherchez l&rsquo;engagement dynamique et des technologies intuitives, pr\u00e9f\u00e9rez Mercedes pour son confort souverain et son prestige intemporel. Une d\u00e9cision qui refl\u00e8te autant votre personnalit\u00e9 que vos besoins quotidiens.<\/p>\n<p>Pour d\u00e9couvrir en d\u00e9tail ces marques embl\u00e9matiques et b\u00e9n\u00e9ficier de conseils personnalis\u00e9s, rendez-vous dans nos\u00a0<a href=\"https:\/\/www.bymycar.be\/fr\/concessions\">concessions BYmyCAR<\/a>. Nos experts passionn\u00e9s vous accompagneront dans le choix de votre futur v\u00e9hicule. Ils pourront r\u00e9pondre \u00e0 toutes vos questions, que ce soit sur les diff\u00e9rentes motorisations, les \u00e9quipements, ou encore les derni\u00e8res innovations technologiques.<\/p>\n<p>N&rsquo;h\u00e9sitez pas \u00e0 venir essayer les mod\u00e8les qui vous int\u00e9ressent pour faire votre choix en toute s\u00e9r\u00e9nit\u00e9. Nos \u00e9quipes BYmyCAR sont \u00e0 votre disposition pour vous faire vivre une exp\u00e9rience premium sur mesure.<\/p>\n<p>&nbsp;<\/p>\n<p>&nbsp;<\/p>\n<p>D\u2019autres articles qui pourraient vous int\u00e9resser\u00a0:<\/p>\n<p><a href=\"https:\/\/www.bymycar.be\/webzine\/mercedes-vs-volkswagen-le-match-des-constructeurs-allemands\/\">Mercedes vs Volkswagen\u00a0: le match des constructeurs allemands<\/a><\/p>\n<p><a href=\"https:\/\/www.bymycar.be\/webzine\/mercedes-vs-audi-le-match-ultime-des-constructeurs-premium-allemands\/\">Mercedes vs Audi\u00a0: le match ultime des constructeurs premium allemands<\/a><\/p>\n<p><a href=\"https:\/\/www.bymycar.be\/webzine\/mercedes-neuves-vs-occasion-comment-faire-le-meilleur-choix\/\">Mercedes neuves vs occasion\u00a0: comment faire le meilleur choix\u00a0?<\/a><\/p>\n<p><a href=\"https:\/\/www.bymycar.be\/webzine\/mercedes-benz-vs-range-rover-le-grand-match-des-suv-premium\/\">Mercedes-Benz vs Range Rover\u00a0: le grand match des SUV premium<\/a><\/p>\n<p><a href=\"https:\/\/www.bymycar.be\/webzine\/mercedes-vs-marques-chinoises-la-bataille-du-premium-sur-le-marche-automobile\/\">Mercedes vs marques chinoises\u00a0: la bataille du premium sur le march\u00e9 automobile<\/a><\/p>\n<p><a href=\"https:\/\/www.bymycar.be\/webzine\/mercedes-vs-tesla-vers-quel-constructeur-automobile-se-tourner\/\">Mercedes vs Tesla\u00a0: vers quel constructeur automobile se tourner\u00a0?<\/a><\/p>\n"}}]}},"yoast_head":"<!-- This site is optimized with the Yoast SEO Premium plugin v26.4 (Yoast SEO v27.1.1) - https:\/\/yoast.com\/product\/yoast-seo-premium-wordpress\/ -->\n<title>Mercedes ou BMW : que choisir pour votre prochain v\u00e9hicule ? - Webzine BE | BYmyCAR<\/title>\n<meta name=\"robots\" content=\"index, follow, max-snippet:-1, max-image-preview:large, max-video-preview:-1\" \/>\n<link rel=\"canonical\" href=\"https:\/\/www.bymycar.be\/webzine\/mercedes-ou-bmw-que-choisir-pour-votre-prochain-vehicule\/\" \/>\n<meta property=\"og:locale\" content=\"fr_FR\" \/>\n<meta property=\"og:type\" content=\"article\" \/>\n<meta property=\"og:title\" content=\"Mercedes ou BMW : que choisir pour votre prochain v\u00e9hicule ?\" \/>\n<meta property=\"og:url\" content=\"https:\/\/www.bymycar.be\/webzine\/mercedes-ou-bmw-que-choisir-pour-votre-prochain-vehicule\/\" \/>\n<meta property=\"og:site_name\" content=\"Webzine BE | BYmyCAR\" \/>\n<meta property=\"article:publisher\" content=\"https:\/\/www.facebook.com\/BYmyCAR.officiel\/\" \/>\n<meta property=\"article:published_time\" content=\"2025-06-06T13:38:20+00:00\" \/>\n<meta property=\"article:modified_time\" content=\"2025-06-24T08:07:23+00:00\" \/>\n<meta name=\"author\" content=\"Lola Vieira Da Silva\" \/>\n<meta name=\"twitter:card\" content=\"summary_large_image\" \/>\n<meta name=\"twitter:label1\" content=\"\u00c9crit par\" \/>\n\t<meta name=\"twitter:data1\" content=\"Lola Vieira Da Silva\" \/>\n<script type=\"application\/ld+json\" class=\"yoast-schema-graph\">{\"@context\":\"https:\/\/schema.org\",\"@graph\":[{\"@type\":\"Article\",\"@id\":\"https:\/\/www.bymycar.be\/webzine\/mercedes-ou-bmw-que-choisir-pour-votre-prochain-vehicule\/#article\",\"isPartOf\":{\"@id\":\"https:\/\/www.bymycar.be\/webzine\/mercedes-ou-bmw-que-choisir-pour-votre-prochain-vehicule\/\"},\"author\":{\"name\":\"Lola Vieira Da Silva\",\"@id\":\"https:\/\/www.bymycar.be\/webzine\/nl\/#\/schema\/person\/62e6ba497b0835d16ce47e28f2f08327\"},\"headline\":\"Mercedes ou BMW : que choisir pour votre prochain v\u00e9hicule ?\",\"datePublished\":\"2025-06-06T13:38:20+00:00\",\"dateModified\":\"2025-06-24T08:07:23+00:00\",\"mainEntityOfPage\":{\"@id\":\"https:\/\/www.bymycar.be\/webzine\/mercedes-ou-bmw-que-choisir-pour-votre-prochain-vehicule\/\"},\"wordCount\":10,\"publisher\":{\"@id\":\"https:\/\/www.bymycar.be\/webzine\/nl\/#organization\"},\"articleSection\":[\"Conseils et Astuces\",\"Mercedes vs autres marques\"],\"inLanguage\":\"fr-FR\"},{\"@type\":\"WebPage\",\"@id\":\"https:\/\/www.bymycar.be\/webzine\/mercedes-ou-bmw-que-choisir-pour-votre-prochain-vehicule\/\",\"url\":\"https:\/\/www.bymycar.be\/webzine\/mercedes-ou-bmw-que-choisir-pour-votre-prochain-vehicule\/\",\"name\":\"Mercedes ou BMW : que choisir pour votre prochain v\u00e9hicule ? - Webzine BE | BYmyCAR\",\"isPartOf\":{\"@id\":\"https:\/\/www.bymycar.be\/webzine\/nl\/#website\"},\"datePublished\":\"2025-06-06T13:38:20+00:00\",\"dateModified\":\"2025-06-24T08:07:23+00:00\",\"breadcrumb\":{\"@id\":\"https:\/\/www.bymycar.be\/webzine\/mercedes-ou-bmw-que-choisir-pour-votre-prochain-vehicule\/#breadcrumb\"},\"inLanguage\":\"fr-FR\",\"potentialAction\":[{\"@type\":\"ReadAction\",\"target\":[\"https:\/\/www.bymycar.be\/webzine\/mercedes-ou-bmw-que-choisir-pour-votre-prochain-vehicule\/\"]}]},{\"@type\":\"BreadcrumbList\",\"@id\":\"https:\/\/www.bymycar.be\/webzine\/mercedes-ou-bmw-que-choisir-pour-votre-prochain-vehicule\/#breadcrumb\",\"itemListElement\":[{\"@type\":\"ListItem\",\"position\":1,\"name\":\"Accueil\",\"item\":\"https:\/\/www.bymycar.be\/webzine\/\"},{\"@type\":\"ListItem\",\"position\":2,\"name\":\"Mercedes ou BMW : que choisir pour votre prochain v\u00e9hicule ?\"}]},{\"@type\":\"WebSite\",\"@id\":\"https:\/\/www.bymycar.be\/webzine\/nl\/#website\",\"url\":\"https:\/\/www.bymycar.be\/webzine\/nl\/\",\"name\":\"Webzine | BYmyCAR\",\"description\":\"_Le webzine auto de\",\"publisher\":{\"@id\":\"https:\/\/www.bymycar.be\/webzine\/nl\/#organization\"},\"potentialAction\":[{\"@type\":\"SearchAction\",\"target\":{\"@type\":\"EntryPoint\",\"urlTemplate\":\"https:\/\/www.bymycar.be\/webzine\/nl\/?s={search_term_string}\"},\"query-input\":{\"@type\":\"PropertyValueSpecification\",\"valueRequired\":true,\"valueName\":\"search_term_string\"}}],\"inLanguage\":\"fr-FR\"},{\"@type\":\"Organization\",\"@id\":\"https:\/\/www.bymycar.be\/webzine\/nl\/#organization\",\"name\":\"Webzine | BYmyCAR\",\"url\":\"https:\/\/www.bymycar.be\/webzine\/nl\/\",\"logo\":{\"@type\":\"ImageObject\",\"inLanguage\":\"fr-FR\",\"@id\":\"https:\/\/www.bymycar.be\/webzine\/nl\/#\/schema\/logo\/image\/\",\"url\":\"https:\/\/cdn.bymycar.eu\/be-webzine\/wp-content\/uploads\/2024\/11\/20203047\/logo.png\",\"contentUrl\":\"https:\/\/cdn.bymycar.eu\/be-webzine\/wp-content\/uploads\/2024\/11\/20203047\/logo.png\",\"width\":1280,\"height\":512,\"caption\":\"Webzine | BYmyCAR\"},\"image\":{\"@id\":\"https:\/\/www.bymycar.be\/webzine\/nl\/#\/schema\/logo\/image\/\"},\"sameAs\":[\"https:\/\/www.facebook.com\/BYmyCAR.officiel\/\",\"https:\/\/www.instagram.com\/bymycar.officiel\/\"]},{\"@type\":\"Person\",\"@id\":\"https:\/\/www.bymycar.be\/webzine\/nl\/#\/schema\/person\/62e6ba497b0835d16ce47e28f2f08327\",\"name\":\"Lola Vieira Da Silva\",\"image\":{\"@type\":\"ImageObject\",\"inLanguage\":\"fr-FR\",\"@id\":\"https:\/\/www.bymycar.be\/webzine\/nl\/#\/schema\/person\/image\/\",\"url\":\"https:\/\/secure.gravatar.com\/avatar\/8d491122de3cbfd87e645bbdbd392d04626ebb95f4929de9cc1231399984b34b?s=96&d=mm&r=g\",\"contentUrl\":\"https:\/\/secure.gravatar.com\/avatar\/8d491122de3cbfd87e645bbdbd392d04626ebb95f4929de9cc1231399984b34b?s=96&d=mm&r=g\",\"caption\":\"Lola Vieira Da Silva\"}}]}<\/script>\n<!-- \/ Yoast SEO Premium plugin. -->","yoast_head_json":{"title":"Mercedes ou BMW : que choisir pour votre prochain v\u00e9hicule ? - Webzine BE | BYmyCAR","robots":{"index":"index","follow":"follow","max-snippet":"max-snippet:-1","max-image-preview":"max-image-preview:large","max-video-preview":"max-video-preview:-1"},"canonical":"https:\/\/www.bymycar.be\/webzine\/mercedes-ou-bmw-que-choisir-pour-votre-prochain-vehicule\/","og_locale":"fr_FR","og_type":"article","og_title":"Mercedes ou BMW : que choisir pour votre prochain v\u00e9hicule ?","og_url":"https:\/\/www.bymycar.be\/webzine\/mercedes-ou-bmw-que-choisir-pour-votre-prochain-vehicule\/","og_site_name":"Webzine BE | BYmyCAR","article_publisher":"https:\/\/www.facebook.com\/BYmyCAR.officiel\/","article_published_time":"2025-06-06T13:38:20+00:00","article_modified_time":"2025-06-24T08:07:23+00:00","author":"Lola Vieira Da Silva","twitter_card":"summary_large_image","twitter_misc":{"\u00c9crit par":"Lola Vieira Da Silva"},"schema":{"@context":"https:\/\/schema.org","@graph":[{"@type":"Article","@id":"https:\/\/www.bymycar.be\/webzine\/mercedes-ou-bmw-que-choisir-pour-votre-prochain-vehicule\/#article","isPartOf":{"@id":"https:\/\/www.bymycar.be\/webzine\/mercedes-ou-bmw-que-choisir-pour-votre-prochain-vehicule\/"},"author":{"name":"Lola Vieira Da Silva","@id":"https:\/\/www.bymycar.be\/webzine\/nl\/#\/schema\/person\/62e6ba497b0835d16ce47e28f2f08327"},"headline":"Mercedes ou BMW : que choisir pour votre prochain v\u00e9hicule ?","datePublished":"2025-06-06T13:38:20+00:00","dateModified":"2025-06-24T08:07:23+00:00","mainEntityOfPage":{"@id":"https:\/\/www.bymycar.be\/webzine\/mercedes-ou-bmw-que-choisir-pour-votre-prochain-vehicule\/"},"wordCount":10,"publisher":{"@id":"https:\/\/www.bymycar.be\/webzine\/nl\/#organization"},"articleSection":["Conseils et Astuces","Mercedes vs autres marques"],"inLanguage":"fr-FR"},{"@type":"WebPage","@id":"https:\/\/www.bymycar.be\/webzine\/mercedes-ou-bmw-que-choisir-pour-votre-prochain-vehicule\/","url":"https:\/\/www.bymycar.be\/webzine\/mercedes-ou-bmw-que-choisir-pour-votre-prochain-vehicule\/","name":"Mercedes ou BMW : que choisir pour votre prochain v\u00e9hicule ? - Webzine BE | BYmyCAR","isPartOf":{"@id":"https:\/\/www.bymycar.be\/webzine\/nl\/#website"},"datePublished":"2025-06-06T13:38:20+00:00","dateModified":"2025-06-24T08:07:23+00:00","breadcrumb":{"@id":"https:\/\/www.bymycar.be\/webzine\/mercedes-ou-bmw-que-choisir-pour-votre-prochain-vehicule\/#breadcrumb"},"inLanguage":"fr-FR","potentialAction":[{"@type":"ReadAction","target":["https:\/\/www.bymycar.be\/webzine\/mercedes-ou-bmw-que-choisir-pour-votre-prochain-vehicule\/"]}]},{"@type":"BreadcrumbList","@id":"https:\/\/www.bymycar.be\/webzine\/mercedes-ou-bmw-que-choisir-pour-votre-prochain-vehicule\/#breadcrumb","itemListElement":[{"@type":"ListItem","position":1,"name":"Accueil","item":"https:\/\/www.bymycar.be\/webzine\/"},{"@type":"ListItem","position":2,"name":"Mercedes ou BMW : que choisir pour votre prochain v\u00e9hicule ?"}]},{"@type":"WebSite","@id":"https:\/\/www.bymycar.be\/webzine\/nl\/#website","url":"https:\/\/www.bymycar.be\/webzine\/nl\/","name":"Webzine | BYmyCAR","description":"_Le webzine auto de","publisher":{"@id":"https:\/\/www.bymycar.be\/webzine\/nl\/#organization"},"potentialAction":[{"@type":"SearchAction","target":{"@type":"EntryPoint","urlTemplate":"https:\/\/www.bymycar.be\/webzine\/nl\/?s={search_term_string}"},"query-input":{"@type":"PropertyValueSpecification","valueRequired":true,"valueName":"search_term_string"}}],"inLanguage":"fr-FR"},{"@type":"Organization","@id":"https:\/\/www.bymycar.be\/webzine\/nl\/#organization","name":"Webzine | BYmyCAR","url":"https:\/\/www.bymycar.be\/webzine\/nl\/","logo":{"@type":"ImageObject","inLanguage":"fr-FR","@id":"https:\/\/www.bymycar.be\/webzine\/nl\/#\/schema\/logo\/image\/","url":"https:\/\/cdn.bymycar.eu\/be-webzine\/wp-content\/uploads\/2024\/11\/20203047\/logo.png","contentUrl":"https:\/\/cdn.bymycar.eu\/be-webzine\/wp-content\/uploads\/2024\/11\/20203047\/logo.png","width":1280,"height":512,"caption":"Webzine | BYmyCAR"},"image":{"@id":"https:\/\/www.bymycar.be\/webzine\/nl\/#\/schema\/logo\/image\/"},"sameAs":["https:\/\/www.facebook.com\/BYmyCAR.officiel\/","https:\/\/www.instagram.com\/bymycar.officiel\/"]},{"@type":"Person","@id":"https:\/\/www.bymycar.be\/webzine\/nl\/#\/schema\/person\/62e6ba497b0835d16ce47e28f2f08327","name":"Lola Vieira Da Silva","image":{"@type":"ImageObject","inLanguage":"fr-FR","@id":"https:\/\/www.bymycar.be\/webzine\/nl\/#\/schema\/person\/image\/","url":"https:\/\/secure.gravatar.com\/avatar\/8d491122de3cbfd87e645bbdbd392d04626ebb95f4929de9cc1231399984b34b?s=96&d=mm&r=g","contentUrl":"https:\/\/secure.gravatar.com\/avatar\/8d491122de3cbfd87e645bbdbd392d04626ebb95f4929de9cc1231399984b34b?s=96&d=mm&r=g","caption":"Lola Vieira Da Silva"}}]}},"_links":{"self":[{"href":"https:\/\/www.bymycar.be\/webzine\/wp-json\/wp\/v2\/posts\/4418","targetHints":{"allow":["GET"]}}],"collection":[{"href":"https:\/\/www.bymycar.be\/webzine\/wp-json\/wp\/v2\/posts"}],"about":[{"href":"https:\/\/www.bymycar.be\/webzine\/wp-json\/wp\/v2\/types\/post"}],"author":[{"embeddable":true,"href":"https:\/\/www.bymycar.be\/webzine\/wp-json\/wp\/v2\/users\/14"}],"replies":[{"embeddable":true,"href":"https:\/\/www.bymycar.be\/webzine\/wp-json\/wp\/v2\/comments?post=4418"}],"version-history":[{"count":3,"href":"https:\/\/www.bymycar.be\/webzine\/wp-json\/wp\/v2\/posts\/4418\/revisions"}],"predecessor-version":[{"id":4547,"href":"https:\/\/www.bymycar.be\/webzine\/wp-json\/wp\/v2\/posts\/4418\/revisions\/4547"}],"wp:attachment":[{"href":"https:\/\/www.bymycar.be\/webzine\/wp-json\/wp\/v2\/media?parent=4418"}],"wp:term":[{"taxonomy":"category","embeddable":true,"href":"https:\/\/www.bymycar.be\/webzine\/wp-json\/wp\/v2\/categories?post=4418"},{"taxonomy":"post_tag","embeddable":true,"href":"https:\/\/www.bymycar.be\/webzine\/wp-json\/wp\/v2\/tags?post=4418"}],"curies":[{"name":"wp","href":"https:\/\/api.w.org\/{rel}","templated":true}]}}