{"id":4410,"date":"2025-06-06T14:35:22","date_gmt":"2025-06-06T12:35:22","guid":{"rendered":"https:\/\/www.bymycar.be\/webzine\/?p=4410"},"modified":"2025-06-24T10:06:18","modified_gmt":"2025-06-24T08:06:18","slug":"mercedes-neuves-vs-occasion-comment-faire-le-meilleur-choix","status":"publish","type":"post","link":"https:\/\/www.bymycar.be\/webzine\/mercedes-neuves-vs-occasion-comment-faire-le-meilleur-choix\/","title":{"rendered":"Mercedes neuves vs occasion : comment faire le meilleur choix ?"},"content":{"rendered":"","protected":false},"excerpt":{"rendered":"","protected":false},"author":14,"featured_media":0,"comment_status":"closed","ping_status":"closed","sticky":false,"template":"","format":"standard","meta":{"_acf_changed":false,"footnotes":""},"categories":[1350,1402],"tags":[],"class_list":["post-4410","post","type-post","status-publish","format-standard","hentry","category-conseils-et-astuces","category-mercedes-vs-autres-marques"],"acf":{"image":{"ID":4411,"id":4411,"title":"Mercedes2-060625","filename":"Mercedes2-060625.jpg","filesize":143671,"url":"https:\/\/cdn.bymycar.eu\/be-webzine\/wp-content\/uploads\/2025\/06\/06143416\/Mercedes2-060625.jpg","link":"https:\/\/www.bymycar.be\/webzine\/mercedes-neuves-vs-occasion-comment-faire-le-meilleur-choix\/mercedes2-060625\/","alt":"Mercedes AMG CLE coup\u00e9 gris","author":"14","description":"","caption":"","name":"mercedes2-060625","status":"inherit","uploaded_to":4410,"date":"2025-06-06 12:34:15","modified":"2025-06-06 12:34:49","menu_order":0,"mime_type":"image\/jpeg","type":"image","subtype":"jpeg","icon":"https:\/\/www.bymycar.be\/webzine\/wp-includes\/images\/media\/default.png","width":1280,"height":853,"sizes":{"thumbnail":"https:\/\/cdn.bymycar.eu\/be-webzine\/wp-content\/uploads\/2025\/06\/06143416\/Mercedes2-060625-150x150.jpg","thumbnail-width":150,"thumbnail-height":150,"medium":"https:\/\/cdn.bymycar.eu\/be-webzine\/wp-content\/uploads\/2025\/06\/06143416\/Mercedes2-060625-300x200.jpg","medium-width":300,"medium-height":200,"medium_large":"https:\/\/cdn.bymycar.eu\/be-webzine\/wp-content\/uploads\/2025\/06\/06143416\/Mercedes2-060625-768x512.jpg","medium_large-width":768,"medium_large-height":512,"large":"https:\/\/cdn.bymycar.eu\/be-webzine\/wp-content\/uploads\/2025\/06\/06143416\/Mercedes2-060625-1024x682.jpg","large-width":1024,"large-height":682,"1536x1536":"https:\/\/cdn.bymycar.eu\/be-webzine\/wp-content\/uploads\/2025\/06\/06143416\/Mercedes2-060625.jpg","1536x1536-width":1280,"1536x1536-height":853,"2048x2048":"https:\/\/cdn.bymycar.eu\/be-webzine\/wp-content\/uploads\/2025\/06\/06143416\/Mercedes2-060625.jpg","2048x2048-width":1280,"2048x2048-height":853}},"introduction":"<p>Vous envisagez d\u2019acqu\u00e9rir une Mercedes, mais h\u00e9sitez entre <a href=\"https:\/\/www.bymycar.be\/fr\/v\/mercedes\">un mod\u00e8le neuf<\/a> et <a href=\"https:\/\/www.bymycar.be\/fr\/v\/mercedes-occasion\">une voiture d\u2019occasion<\/a> ? Qu\u2019est-ce qui correspondrait le mieux \u00e0 vos besoins : le prestige d\u2019une voiture neuve ou le rapport qualit\u00e9-prix d\u2019un v\u00e9hicule de seconde main ? Et surtout, quels sont les avantages et les inconv\u00e9nients de chaque option ? Nos experts BYmyCAR vous guident pour faire le choix id\u00e9al, en tenant compte de vos attentes et de votre budget. Pr\u00e9parez-vous \u00e0 d\u00e9couvrir tous les aspects qui feront pencher la balance !<\/p>\n","add-to-bo":false,"page_content":{"block_content":[{"acf_fc_layout":"text-simple","--nav":{"-withNav":false,"-ancre":""},"--group":{"-text":"<h2>Les diff\u00e9rences essentielles entre neuf vs occasion<\/h2>\n<p>La <strong>qualit\u00e9 de fabrication<\/strong> des Mercedes neuves se distingue par des mat\u00e9riaux premium et des assemblages irr\u00e9prochables. Les mod\u00e8les r\u00e9cents int\u00e8grent la <strong>technologie PRE-SAFE<\/strong> et des <strong>\u00e9quipements de s\u00e9curit\u00e9 avanc\u00e9e<\/strong> comme le freinage d&rsquo;urgence automatique ou la surveillance d&rsquo;angle mort.<\/p>\n<p>Le march\u00e9 des <strong>voitures d&rsquo;occasion<\/strong> Mercedes propose des v\u00e9hicules ayant pass\u00e9 un <strong>contr\u00f4le technique minutieux<\/strong>, souvent \u00e9quip\u00e9s d&rsquo;<strong>accessoires automobiles<\/strong> valorisants d\u00e9j\u00e0 install\u00e9s. Les mod\u00e8les de 2-3 ans, particuli\u00e8rement pris\u00e9s, affichent une d\u00e9cote moyenne de <strong>35%<\/strong> tout en conservant des prestations proches du neuf.<\/p>\n<p>Un <strong>concessionnaire fiable<\/strong> comme BYmyCAR offre des garanties \u00e9tendues sur les Mercedes d&rsquo;occasion, r\u00e9duisant l&rsquo;\u00e9cart avec le neuf en termes de tranquillit\u00e9 d&rsquo;esprit. Les <strong>co\u00fbts d&rsquo;assurance<\/strong> restent similaires entre neuf et occasion pour des mod\u00e8les \u00e9quivalents, la marque b\u00e9n\u00e9ficiant d&rsquo;une excellente r\u00e9putation aupr\u00e8s des assureurs.<\/p>\n<p>&nbsp;<\/p>\n<h2>Comparatif des prix et co\u00fbts \u00e0 long terme des voitures Mercedes<\/h2>\n<p>Avec un <strong>budget<\/strong> initial de 35 090 \u20ac* pour une <a href=\"https:\/\/www.bymycar.be\/fr\/v\/mercedes-classe-a\">Classe A<\/a> neuve, le <strong>catalogue du constructeur<\/strong> offre des prestations premium compl\u00e8tes. Les mod\u00e8les d&rsquo;occasion de 3 ans affichent une d\u00e9cote moyenne de 40%, permettant des <strong>\u00e9conomies substantielles<\/strong> tout en conservant une <strong>qualit\u00e9 de fabrication haut<\/strong> de gamme.<\/p>\n<p>Sur une p\u00e9riode de 5 ans, les <strong>d\u00e9cisions judicieuses<\/strong> en mati\u00e8re d&rsquo;entretien impactent significativement le co\u00fbt total. Une Mercedes neuve b\u00e9n\u00e9ficie d&rsquo;une garantie constructeur et d&rsquo;un plan de maintenance pr\u00e9visible, tandis qu&rsquo;une occasion certifi\u00e9e n\u00e9cessite une attention particuli\u00e8re \u00e0 l&rsquo;<strong>\u00e9tat g\u00e9n\u00e9ral<\/strong> avant la <strong>mise en vente<\/strong>.<\/p>\n<p>Les mod\u00e8les comme la <a href=\"https:\/\/www.bymycar.be\/fr\/v\/mercedes-classe-b\"> <strong>Mercedes Classe B<\/strong> <\/a> ou le <a href=\"https:\/\/www.bymycar.be\/fr\/v\/mercedes-citan\"> <strong>Mercedes Citan<\/strong> <\/a> conservent particuli\u00e8rement bien leur valeur r\u00e9siduelle, avec une d\u00e9pr\u00e9ciation limit\u00e9e \u00e0 25% sur 3 ans pour certaines motorisations. Le <strong>Mercedes Atego<\/strong>, quant \u00e0 lui, reste une r\u00e9f\u00e9rence en mati\u00e8re de rentabilit\u00e9 sur le segment des utilitaires, neuf comme occasion.<\/p>\n<p>&nbsp;<\/p>\n<h2>Les mod\u00e8les Mercedes Benz en stock chez BYmyCAR<\/h2>\n<p>Le r\u00e9seau BYmyCAR vous propose une s\u00e9lection compl\u00e8te des derniers mod\u00e8les Mercedes. La nouvelle <strong>Classe A<\/strong> brille par son design contemporain et sa technologie embarqu\u00e9e de derni\u00e8re g\u00e9n\u00e9ration, disponible en version berline et SUV compact.<\/p>\n<p>Les passionn\u00e9s de conduite dynamique appr\u00e9cieront particuli\u00e8rement le <strong>GLA 250e<\/strong>, associant performances et efficience gr\u00e2ce \u00e0 sa motorisation hybride rechargeable de <strong>218 ch<\/strong>. Sa version AMG Line ajoute une touche sportive avec ses jantes alliage exclusives de <strong>19 pouces<\/strong>.<\/p>\n<p>Le <strong>GLC Coup\u00e9<\/strong> se distingue par ses avantages ind\u00e9niables en mati\u00e8re de polyvalence, combinant l&rsquo;\u00e9l\u00e9gance d&rsquo;un coup\u00e9 au caract\u00e8re pratique d&rsquo;un SUV. Son habitacle premium int\u00e8gre le syst\u00e8me <strong>MBUX<\/strong> derni\u00e8re g\u00e9n\u00e9ration avec commande vocale intelligente et \u00e9cran tactile haute d\u00e9finition de <strong>12,3 pouces<\/strong>.<\/p>\n<p>&nbsp;<\/p>\n<p>&nbsp;<\/p>\n<p style=\"text-align: center;\"><a href=\"https:\/\/www.bymycar.be\/fr\/v\/mercedes\" target=\"_blank\" class=\"css-button css-button--gold\" >\n                D\u00e9couvrez tous nos v\u00e9hicules Mercedes en stock\n        <\/a><\/p>\n<p>&nbsp;<\/p>\n<p>&nbsp;<\/p>\n<h2>Quelle Classe Mercedes garde sa valeur ?<\/h2>\n<p>La <strong>Mercedes Classe A<\/strong> se distingue par une d\u00e9pr\u00e9ciation remarquablement ma\u00eetris\u00e9e sur le march\u00e9 de l&rsquo;occasion. Les versions <strong>AMG Line<\/strong> conservent jusqu&rsquo;\u00e0 62% de leur valeur apr\u00e8s trois ans d&rsquo;utilisation, un score qui place cette compacte premium parmi les r\u00e9f\u00e9rences de sa cat\u00e9gorie.<\/p>\n<p>Le <a href=\"https:\/\/www.bymycar.be\/fr\/v\/mercedes-glc\"> <strong>GLC<\/strong> <\/a> fait \u00e9galement preuve d&rsquo;une excellente tenue sur le march\u00e9 de la revente. Ce SUV familial affiche une d\u00e9cote limit\u00e9e \u00e0 58% apr\u00e8s 5 ans, particuli\u00e8rement pour les motorisations hybrides rechargeables qui s\u00e9duisent une client\u00e8le grandissante.<\/p>\n<p>La <strong>Classe CLS<\/strong>, avec sa silhouette distinctive de coup\u00e9 4 portes, maintient une valeur r\u00e9siduelle stable autour de 43% apr\u00e8s 3 ans. Un atout majeur pour les amateurs de berlines statutaires qui souhaitent conjuguer style et investissement raisonn\u00e9.<\/p>\n<p>&nbsp;<\/p>\n<h2>Garanties : neuves vs Certified occasion<\/h2>\n<p>La garantie constructeur sur les Mercedes neuves s&rsquo;\u00e9tend sur <strong>24 mois<\/strong> sans limitation de kilom\u00e9trage. Un atout majeur qui s&rsquo;accompagne d&rsquo;une assistance routi\u00e8re compl\u00e8te et d&rsquo;un suivi personnalis\u00e9 dans le r\u00e9seau agr\u00e9\u00e9.<\/p>\n<p>Le label <strong>Certified<\/strong> propose une couverture \u00e9quivalente sur les v\u00e9hicules d&rsquo;occasion de moins de <strong>6 ans<\/strong> et <strong>150 000 km<\/strong>. Cette certification inclut un contr\u00f4le rigoureux sur <strong>126 points<\/strong> et une extension de garantie gratuite de <strong>12 mois<\/strong> suppl\u00e9mentaires. Les propri\u00e9taires b\u00e9n\u00e9ficient \u00e9galement des services Mobilo et d&rsquo;un historique d&rsquo;entretien transparent.<\/p>\n<p>Des options d&rsquo;extension jusqu&rsquo;\u00e0 <strong>4 ans<\/strong> sont disponibles pour les deux cat\u00e9gories, avec des formules adapt\u00e9es aux diff\u00e9rents usages. Les v\u00e9hicules \u00e9lectriques et hybrides rechargeables profitent d&rsquo;une garantie sp\u00e9cifique sur la batterie pouvant atteindre <strong>8 ans<\/strong> ou <strong>160 000 km<\/strong>.<\/p>\n<p>&nbsp;<\/p>\n<h2>Le meilleur choix selon votre budget<\/h2>\n<p>La gamme Mercedes s&rsquo;adapte \u00e0 diff\u00e9rents niveaux d&rsquo;investissement. Pour un premier achat dans l&rsquo;univers premium, une Classe A d&rsquo;occasion de 3 ans propose un rapport prestations-prix s\u00e9duisant autour de 24 000 \u20ac*. Les versions essence <strong>180<\/strong> et diesel <strong>200d<\/strong> combinent agr\u00e9ment et co\u00fbts d&rsquo;usage ma\u00eetris\u00e9s.<\/p>\n<p>Les acheteurs disposant d&rsquo;une enveloppe de 35 000* \u00e0 45 000 \u20ac* trouveront leur bonheur dans la nouvelle g\u00e9n\u00e9ration du <strong>GLA<\/strong>, disponible en motorisations thermiques et hybrides. Son positionnement de SUV compact premium r\u00e9pond aux attentes actuelles, avec des mensualit\u00e9s attractives en financement.<\/p>\n<p>Les budgets plus confortables, au-del\u00e0 de 60 000 \u20ac*, ouvrent les portes de la\u00a0<a href=\"https:\/\/www.bymycar.be\/fr\/v\/mercedes-classe-e\"> <strong>Classe E<\/strong> <\/a> derni\u00e8re g\u00e9n\u00e9ration ou d&rsquo;un <a href=\"https:\/\/www.bymycar.be\/fr\/v\/mercedes-gle\"> <strong>GLE<\/strong> <\/a> d&rsquo;occasion r\u00e9cent. Ces mod\u00e8les haut de gamme associent prestige, confort exceptionnel et technologies de pointe, justifiant pleinement leur positionnement tarifaire.<\/p>\n<p>&nbsp;<\/p>\n<p>*Les prix mentionn\u00e9s sont donn\u00e9s \u00e0 titre indicatif et ont \u00e9t\u00e9 constat\u00e9s au moment de la r\u00e9daction. Ils sont susceptibles d\u2019\u00e9voluer. Pour obtenir une information exacte et \u00e0 jour, nous vous recommandons de contacter directement votre <a href=\"https:\/\/www.bymycar.be\/fr\/concessions\">concession BYmyCAR<\/a>.<\/p>\n<p>&nbsp;<\/p>\n<p>&nbsp;<\/p>\n<p>D\u2019autres articles qui pourraient vous int\u00e9resser\u00a0:<\/p>\n<p><a href=\"https:\/\/www.bymycar.be\/webzine\/mercedes-vs-volkswagen-le-match-des-constructeurs-allemands\/\">Mercedes vs Volkswagen\u00a0: le match des constructeurs allemands<\/a><\/p>\n<p><a href=\"https:\/\/www.bymycar.be\/webzine\/mercedes-vs-audi-le-match-ultime-des-constructeurs-premium-allemands\/\">Mercedes vs Audi\u00a0: le match ultime des constructeurs premium allemands<\/a><\/p>\n<p><a href=\"https:\/\/www.bymycar.be\/webzine\/mercedes-benz-vs-range-rover-le-grand-match-des-suv-premium\/\">Mercedes-Benz vs Range Rover\u00a0: le grand match des SUV premium<\/a><\/p>\n<p><a href=\"https:\/\/www.bymycar.be\/webzine\/mercedes-ou-bmw-que-choisir-pour-votre-prochain-vehicule\/\">Mercedes ou BMW\u00a0: que choisir pour votre prochain v\u00e9hicule\u00a0?<\/a><\/p>\n<p><a href=\"https:\/\/www.bymycar.be\/webzine\/mercedes-vs-marques-chinoises-la-bataille-du-premium-sur-le-marche-automobile\/\">Mercedes vs marques chinoises\u00a0: la bataille du premium sur le march\u00e9 automobile<\/a><\/p>\n<p><a href=\"https:\/\/www.bymycar.be\/webzine\/mercedes-vs-tesla-vers-quel-constructeur-automobile-se-tourner\/\">Mercedes vs Tesla\u00a0: vers quel constructeur automobile se tourner\u00a0?<\/a><\/p>\n"}}]}},"yoast_head":"<!-- This site is optimized with the Yoast SEO Premium plugin v26.4 (Yoast SEO v27.1.1) - https:\/\/yoast.com\/product\/yoast-seo-premium-wordpress\/ -->\n<title>Mercedes neuves vs occasion : comment faire le meilleur choix ? - Webzine BE | BYmyCAR<\/title>\n<meta name=\"robots\" content=\"index, follow, max-snippet:-1, max-image-preview:large, max-video-preview:-1\" \/>\n<link rel=\"canonical\" href=\"https:\/\/www.bymycar.be\/webzine\/mercedes-neuves-vs-occasion-comment-faire-le-meilleur-choix\/\" \/>\n<meta property=\"og:locale\" content=\"fr_FR\" \/>\n<meta property=\"og:type\" content=\"article\" \/>\n<meta property=\"og:title\" content=\"Mercedes neuves vs occasion : comment faire le meilleur choix ?\" \/>\n<meta property=\"og:url\" content=\"https:\/\/www.bymycar.be\/webzine\/mercedes-neuves-vs-occasion-comment-faire-le-meilleur-choix\/\" \/>\n<meta property=\"og:site_name\" content=\"Webzine BE | BYmyCAR\" \/>\n<meta property=\"article:publisher\" content=\"https:\/\/www.facebook.com\/BYmyCAR.officiel\/\" \/>\n<meta property=\"article:published_time\" content=\"2025-06-06T12:35:22+00:00\" \/>\n<meta property=\"article:modified_time\" content=\"2025-06-24T08:06:18+00:00\" \/>\n<meta name=\"author\" content=\"Lola Vieira Da Silva\" \/>\n<meta name=\"twitter:card\" content=\"summary_large_image\" \/>\n<meta name=\"twitter:label1\" content=\"\u00c9crit par\" \/>\n\t<meta name=\"twitter:data1\" content=\"Lola Vieira Da Silva\" \/>\n<script type=\"application\/ld+json\" class=\"yoast-schema-graph\">{\"@context\":\"https:\/\/schema.org\",\"@graph\":[{\"@type\":\"Article\",\"@id\":\"https:\/\/www.bymycar.be\/webzine\/mercedes-neuves-vs-occasion-comment-faire-le-meilleur-choix\/#article\",\"isPartOf\":{\"@id\":\"https:\/\/www.bymycar.be\/webzine\/mercedes-neuves-vs-occasion-comment-faire-le-meilleur-choix\/\"},\"author\":{\"name\":\"Lola Vieira Da Silva\",\"@id\":\"https:\/\/www.bymycar.be\/webzine\/nl\/#\/schema\/person\/62e6ba497b0835d16ce47e28f2f08327\"},\"headline\":\"Mercedes neuves vs occasion : comment faire le meilleur choix ?\",\"datePublished\":\"2025-06-06T12:35:22+00:00\",\"dateModified\":\"2025-06-24T08:06:18+00:00\",\"mainEntityOfPage\":{\"@id\":\"https:\/\/www.bymycar.be\/webzine\/mercedes-neuves-vs-occasion-comment-faire-le-meilleur-choix\/\"},\"wordCount\":9,\"publisher\":{\"@id\":\"https:\/\/www.bymycar.be\/webzine\/nl\/#organization\"},\"articleSection\":[\"Conseils et Astuces\",\"Mercedes vs autres marques\"],\"inLanguage\":\"fr-FR\"},{\"@type\":\"WebPage\",\"@id\":\"https:\/\/www.bymycar.be\/webzine\/mercedes-neuves-vs-occasion-comment-faire-le-meilleur-choix\/\",\"url\":\"https:\/\/www.bymycar.be\/webzine\/mercedes-neuves-vs-occasion-comment-faire-le-meilleur-choix\/\",\"name\":\"Mercedes neuves vs occasion : comment faire le meilleur choix ? - Webzine BE | BYmyCAR\",\"isPartOf\":{\"@id\":\"https:\/\/www.bymycar.be\/webzine\/nl\/#website\"},\"datePublished\":\"2025-06-06T12:35:22+00:00\",\"dateModified\":\"2025-06-24T08:06:18+00:00\",\"breadcrumb\":{\"@id\":\"https:\/\/www.bymycar.be\/webzine\/mercedes-neuves-vs-occasion-comment-faire-le-meilleur-choix\/#breadcrumb\"},\"inLanguage\":\"fr-FR\",\"potentialAction\":[{\"@type\":\"ReadAction\",\"target\":[\"https:\/\/www.bymycar.be\/webzine\/mercedes-neuves-vs-occasion-comment-faire-le-meilleur-choix\/\"]}]},{\"@type\":\"BreadcrumbList\",\"@id\":\"https:\/\/www.bymycar.be\/webzine\/mercedes-neuves-vs-occasion-comment-faire-le-meilleur-choix\/#breadcrumb\",\"itemListElement\":[{\"@type\":\"ListItem\",\"position\":1,\"name\":\"Accueil\",\"item\":\"https:\/\/www.bymycar.be\/webzine\/\"},{\"@type\":\"ListItem\",\"position\":2,\"name\":\"Mercedes neuves vs occasion : comment faire le meilleur choix ?\"}]},{\"@type\":\"WebSite\",\"@id\":\"https:\/\/www.bymycar.be\/webzine\/nl\/#website\",\"url\":\"https:\/\/www.bymycar.be\/webzine\/nl\/\",\"name\":\"Webzine | BYmyCAR\",\"description\":\"_Le webzine auto de\",\"publisher\":{\"@id\":\"https:\/\/www.bymycar.be\/webzine\/nl\/#organization\"},\"potentialAction\":[{\"@type\":\"SearchAction\",\"target\":{\"@type\":\"EntryPoint\",\"urlTemplate\":\"https:\/\/www.bymycar.be\/webzine\/nl\/?s={search_term_string}\"},\"query-input\":{\"@type\":\"PropertyValueSpecification\",\"valueRequired\":true,\"valueName\":\"search_term_string\"}}],\"inLanguage\":\"fr-FR\"},{\"@type\":\"Organization\",\"@id\":\"https:\/\/www.bymycar.be\/webzine\/nl\/#organization\",\"name\":\"Webzine | BYmyCAR\",\"url\":\"https:\/\/www.bymycar.be\/webzine\/nl\/\",\"logo\":{\"@type\":\"ImageObject\",\"inLanguage\":\"fr-FR\",\"@id\":\"https:\/\/www.bymycar.be\/webzine\/nl\/#\/schema\/logo\/image\/\",\"url\":\"https:\/\/cdn.bymycar.eu\/be-webzine\/wp-content\/uploads\/2024\/11\/20203047\/logo.png\",\"contentUrl\":\"https:\/\/cdn.bymycar.eu\/be-webzine\/wp-content\/uploads\/2024\/11\/20203047\/logo.png\",\"width\":1280,\"height\":512,\"caption\":\"Webzine | BYmyCAR\"},\"image\":{\"@id\":\"https:\/\/www.bymycar.be\/webzine\/nl\/#\/schema\/logo\/image\/\"},\"sameAs\":[\"https:\/\/www.facebook.com\/BYmyCAR.officiel\/\",\"https:\/\/www.instagram.com\/bymycar.officiel\/\"]},{\"@type\":\"Person\",\"@id\":\"https:\/\/www.bymycar.be\/webzine\/nl\/#\/schema\/person\/62e6ba497b0835d16ce47e28f2f08327\",\"name\":\"Lola Vieira Da Silva\",\"image\":{\"@type\":\"ImageObject\",\"inLanguage\":\"fr-FR\",\"@id\":\"https:\/\/www.bymycar.be\/webzine\/nl\/#\/schema\/person\/image\/\",\"url\":\"https:\/\/secure.gravatar.com\/avatar\/8d491122de3cbfd87e645bbdbd392d04626ebb95f4929de9cc1231399984b34b?s=96&d=mm&r=g\",\"contentUrl\":\"https:\/\/secure.gravatar.com\/avatar\/8d491122de3cbfd87e645bbdbd392d04626ebb95f4929de9cc1231399984b34b?s=96&d=mm&r=g\",\"caption\":\"Lola Vieira Da Silva\"}}]}<\/script>\n<!-- \/ Yoast SEO Premium plugin. -->","yoast_head_json":{"title":"Mercedes neuves vs occasion : comment faire le meilleur choix ? - Webzine BE | BYmyCAR","robots":{"index":"index","follow":"follow","max-snippet":"max-snippet:-1","max-image-preview":"max-image-preview:large","max-video-preview":"max-video-preview:-1"},"canonical":"https:\/\/www.bymycar.be\/webzine\/mercedes-neuves-vs-occasion-comment-faire-le-meilleur-choix\/","og_locale":"fr_FR","og_type":"article","og_title":"Mercedes neuves vs occasion : comment faire le meilleur choix ?","og_url":"https:\/\/www.bymycar.be\/webzine\/mercedes-neuves-vs-occasion-comment-faire-le-meilleur-choix\/","og_site_name":"Webzine BE | BYmyCAR","article_publisher":"https:\/\/www.facebook.com\/BYmyCAR.officiel\/","article_published_time":"2025-06-06T12:35:22+00:00","article_modified_time":"2025-06-24T08:06:18+00:00","author":"Lola Vieira Da Silva","twitter_card":"summary_large_image","twitter_misc":{"\u00c9crit par":"Lola Vieira Da Silva"},"schema":{"@context":"https:\/\/schema.org","@graph":[{"@type":"Article","@id":"https:\/\/www.bymycar.be\/webzine\/mercedes-neuves-vs-occasion-comment-faire-le-meilleur-choix\/#article","isPartOf":{"@id":"https:\/\/www.bymycar.be\/webzine\/mercedes-neuves-vs-occasion-comment-faire-le-meilleur-choix\/"},"author":{"name":"Lola Vieira Da Silva","@id":"https:\/\/www.bymycar.be\/webzine\/nl\/#\/schema\/person\/62e6ba497b0835d16ce47e28f2f08327"},"headline":"Mercedes neuves vs occasion : comment faire le meilleur choix ?","datePublished":"2025-06-06T12:35:22+00:00","dateModified":"2025-06-24T08:06:18+00:00","mainEntityOfPage":{"@id":"https:\/\/www.bymycar.be\/webzine\/mercedes-neuves-vs-occasion-comment-faire-le-meilleur-choix\/"},"wordCount":9,"publisher":{"@id":"https:\/\/www.bymycar.be\/webzine\/nl\/#organization"},"articleSection":["Conseils et Astuces","Mercedes vs autres marques"],"inLanguage":"fr-FR"},{"@type":"WebPage","@id":"https:\/\/www.bymycar.be\/webzine\/mercedes-neuves-vs-occasion-comment-faire-le-meilleur-choix\/","url":"https:\/\/www.bymycar.be\/webzine\/mercedes-neuves-vs-occasion-comment-faire-le-meilleur-choix\/","name":"Mercedes neuves vs occasion : comment faire le meilleur choix ? - Webzine BE | BYmyCAR","isPartOf":{"@id":"https:\/\/www.bymycar.be\/webzine\/nl\/#website"},"datePublished":"2025-06-06T12:35:22+00:00","dateModified":"2025-06-24T08:06:18+00:00","breadcrumb":{"@id":"https:\/\/www.bymycar.be\/webzine\/mercedes-neuves-vs-occasion-comment-faire-le-meilleur-choix\/#breadcrumb"},"inLanguage":"fr-FR","potentialAction":[{"@type":"ReadAction","target":["https:\/\/www.bymycar.be\/webzine\/mercedes-neuves-vs-occasion-comment-faire-le-meilleur-choix\/"]}]},{"@type":"BreadcrumbList","@id":"https:\/\/www.bymycar.be\/webzine\/mercedes-neuves-vs-occasion-comment-faire-le-meilleur-choix\/#breadcrumb","itemListElement":[{"@type":"ListItem","position":1,"name":"Accueil","item":"https:\/\/www.bymycar.be\/webzine\/"},{"@type":"ListItem","position":2,"name":"Mercedes neuves vs occasion : comment faire le meilleur choix ?"}]},{"@type":"WebSite","@id":"https:\/\/www.bymycar.be\/webzine\/nl\/#website","url":"https:\/\/www.bymycar.be\/webzine\/nl\/","name":"Webzine | BYmyCAR","description":"_Le webzine auto de","publisher":{"@id":"https:\/\/www.bymycar.be\/webzine\/nl\/#organization"},"potentialAction":[{"@type":"SearchAction","target":{"@type":"EntryPoint","urlTemplate":"https:\/\/www.bymycar.be\/webzine\/nl\/?s={search_term_string}"},"query-input":{"@type":"PropertyValueSpecification","valueRequired":true,"valueName":"search_term_string"}}],"inLanguage":"fr-FR"},{"@type":"Organization","@id":"https:\/\/www.bymycar.be\/webzine\/nl\/#organization","name":"Webzine | BYmyCAR","url":"https:\/\/www.bymycar.be\/webzine\/nl\/","logo":{"@type":"ImageObject","inLanguage":"fr-FR","@id":"https:\/\/www.bymycar.be\/webzine\/nl\/#\/schema\/logo\/image\/","url":"https:\/\/cdn.bymycar.eu\/be-webzine\/wp-content\/uploads\/2024\/11\/20203047\/logo.png","contentUrl":"https:\/\/cdn.bymycar.eu\/be-webzine\/wp-content\/uploads\/2024\/11\/20203047\/logo.png","width":1280,"height":512,"caption":"Webzine | BYmyCAR"},"image":{"@id":"https:\/\/www.bymycar.be\/webzine\/nl\/#\/schema\/logo\/image\/"},"sameAs":["https:\/\/www.facebook.com\/BYmyCAR.officiel\/","https:\/\/www.instagram.com\/bymycar.officiel\/"]},{"@type":"Person","@id":"https:\/\/www.bymycar.be\/webzine\/nl\/#\/schema\/person\/62e6ba497b0835d16ce47e28f2f08327","name":"Lola Vieira Da Silva","image":{"@type":"ImageObject","inLanguage":"fr-FR","@id":"https:\/\/www.bymycar.be\/webzine\/nl\/#\/schema\/person\/image\/","url":"https:\/\/secure.gravatar.com\/avatar\/8d491122de3cbfd87e645bbdbd392d04626ebb95f4929de9cc1231399984b34b?s=96&d=mm&r=g","contentUrl":"https:\/\/secure.gravatar.com\/avatar\/8d491122de3cbfd87e645bbdbd392d04626ebb95f4929de9cc1231399984b34b?s=96&d=mm&r=g","caption":"Lola Vieira Da Silva"}}]}},"_links":{"self":[{"href":"https:\/\/www.bymycar.be\/webzine\/wp-json\/wp\/v2\/posts\/4410","targetHints":{"allow":["GET"]}}],"collection":[{"href":"https:\/\/www.bymycar.be\/webzine\/wp-json\/wp\/v2\/posts"}],"about":[{"href":"https:\/\/www.bymycar.be\/webzine\/wp-json\/wp\/v2\/types\/post"}],"author":[{"embeddable":true,"href":"https:\/\/www.bymycar.be\/webzine\/wp-json\/wp\/v2\/users\/14"}],"replies":[{"embeddable":true,"href":"https:\/\/www.bymycar.be\/webzine\/wp-json\/wp\/v2\/comments?post=4410"}],"version-history":[{"count":2,"href":"https:\/\/www.bymycar.be\/webzine\/wp-json\/wp\/v2\/posts\/4410\/revisions"}],"predecessor-version":[{"id":4546,"href":"https:\/\/www.bymycar.be\/webzine\/wp-json\/wp\/v2\/posts\/4410\/revisions\/4546"}],"wp:attachment":[{"href":"https:\/\/www.bymycar.be\/webzine\/wp-json\/wp\/v2\/media?parent=4410"}],"wp:term":[{"taxonomy":"category","embeddable":true,"href":"https:\/\/www.bymycar.be\/webzine\/wp-json\/wp\/v2\/categories?post=4410"},{"taxonomy":"post_tag","embeddable":true,"href":"https:\/\/www.bymycar.be\/webzine\/wp-json\/wp\/v2\/tags?post=4410"}],"curies":[{"name":"wp","href":"https:\/\/api.w.org\/{rel}","templated":true}]}}