{"id":4406,"date":"2025-06-06T14:22:20","date_gmt":"2025-06-06T12:22:20","guid":{"rendered":"https:\/\/www.bymycar.be\/webzine\/?p=4406"},"modified":"2025-06-24T10:04:43","modified_gmt":"2025-06-24T08:04:43","slug":"mercedes-vs-audi-le-match-ultime-des-constructeurs-premium-allemands","status":"publish","type":"post","link":"https:\/\/www.bymycar.be\/webzine\/mercedes-vs-audi-le-match-ultime-des-constructeurs-premium-allemands\/","title":{"rendered":"Mercedes vs Audi : le match ultime des constructeurs premium allemands"},"content":{"rendered":"","protected":false},"excerpt":{"rendered":"","protected":false},"author":14,"featured_media":0,"comment_status":"closed","ping_status":"closed","sticky":false,"template":"","format":"standard","meta":{"_acf_changed":false,"footnotes":""},"categories":[1350,1402],"tags":[],"class_list":["post-4406","post","type-post","status-publish","format-standard","hentry","category-conseils-et-astuces","category-mercedes-vs-autres-marques"],"acf":{"image":{"ID":4407,"id":4407,"title":"Mercedes1-060625","filename":"Mercedes1-060625-scaled.jpg","filesize":436557,"url":"https:\/\/cdn.bymycar.eu\/be-webzine\/wp-content\/uploads\/2025\/06\/06142125\/Mercedes1-060625-scaled.jpg","link":"https:\/\/www.bymycar.be\/webzine\/mercedes-vs-audi-le-match-ultime-des-constructeurs-premium-allemands\/mercedes1-060625\/","alt":"SUV Mercedes GLC blanc","author":"14","description":"","caption":"","name":"mercedes1-060625","status":"inherit","uploaded_to":4406,"date":"2025-06-06 12:21:19","modified":"2025-06-06 12:21:41","menu_order":0,"mime_type":"image\/jpeg","type":"image","subtype":"jpeg","icon":"https:\/\/www.bymycar.be\/webzine\/wp-includes\/images\/media\/default.png","width":2560,"height":1706,"sizes":{"thumbnail":"https:\/\/cdn.bymycar.eu\/be-webzine\/wp-content\/uploads\/2025\/06\/06142125\/Mercedes1-060625-150x150.jpg","thumbnail-width":150,"thumbnail-height":150,"medium":"https:\/\/cdn.bymycar.eu\/be-webzine\/wp-content\/uploads\/2025\/06\/06142125\/Mercedes1-060625-300x200.jpg","medium-width":300,"medium-height":200,"medium_large":"https:\/\/cdn.bymycar.eu\/be-webzine\/wp-content\/uploads\/2025\/06\/06142125\/Mercedes1-060625-768x512.jpg","medium_large-width":768,"medium_large-height":512,"large":"https:\/\/cdn.bymycar.eu\/be-webzine\/wp-content\/uploads\/2025\/06\/06142125\/Mercedes1-060625-1024x682.jpg","large-width":1024,"large-height":682,"1536x1536":"https:\/\/cdn.bymycar.eu\/be-webzine\/wp-content\/uploads\/2025\/06\/06142125\/Mercedes1-060625-1536x1023.jpg","1536x1536-width":1536,"1536x1536-height":1023,"2048x2048":"https:\/\/cdn.bymycar.eu\/be-webzine\/wp-content\/uploads\/2025\/06\/06142125\/Mercedes1-060625-2048x1365.jpg","2048x2048-width":2048,"2048x2048-height":1365}},"introduction":"<p>Le match entre <strong>Mercedes<\/strong> et <strong>Audi<\/strong> repr\u00e9sente l&rsquo;une des plus grandes rivalit\u00e9s du secteur automobile premium. Ces deux constructeurs allemands se livrent une bataille sans merci depuis des d\u00e9cennies pour conqu\u00e9rir le c\u0153ur des automobilistes exigeants. Si Mercedes-Benz puise sa l\u00e9gitimit\u00e9 dans son h\u00e9ritage centenaire et son statut de pionnier de l&rsquo;automobile, Audi s&rsquo;est impos\u00e9e comme une r\u00e9f\u00e9rence incontournable gr\u00e2ce \u00e0 son innovation technologique permanente et son design avant-gardiste. Nos experts <strong>BYmyCAR <\/strong>vous renseignent sur les\u00a0 forces et sp\u00e9cificit\u00e9s de chaque constructeur, des berlines compactes aux grands SUV, pour vous aider \u00e0 choisir la marque qui correspond le mieux \u00e0 vos attentes.<\/p>\n","add-to-bo":false,"page_content":{"block_content":[{"acf_fc_layout":"text-simple","--nav":{"-withNav":false,"-ancre":""},"--group":{"-text":"<h2>L&rsquo;h\u00e9ritage de deux g\u00e9ants automobiles<\/h2>\n<p>L&rsquo;ann\u00e9e 1886 marque un tournant dans l&rsquo;histoire automobile avec le brevet d\u00e9pos\u00e9 par Karl Benz pour sa premi\u00e8re voiture \u00e0 essence. Cette innovation pose les fondations de <strong>Mercedes-Benz<\/strong>, qui s&rsquo;impose rapidement comme r\u00e9f\u00e9rence du luxe automobile gr\u00e2ce \u00e0 sa <strong>fameuse \u00e9toile<\/strong> et ses mod\u00e8les prestigieux.<\/p>\n<p>Face \u00e0 ce g\u00e9ant historique, <strong>Audi<\/strong> trace sa propre voie d\u00e8s 1909 sous l&rsquo;impulsion d&rsquo;August Horch, ancien ing\u00e9nieur de <strong>Mercedes<\/strong>. La marque aux quatre anneaux d\u00e9veloppe rapidement une expertise unique en mati\u00e8re de <strong>transmission int\u00e9grale<\/strong> et de <strong>conduite dynamique<\/strong>.<\/p>\n<p>Les ann\u00e9es 1960-70 voient l&rsquo;\u00e9mergence d&rsquo;une v\u00e9ritable rivalit\u00e9 technologique entre les deux constructeurs. Pendant que Mercedes r\u00e9volutionne la s\u00e9curit\u00e9 avec l&rsquo;ABS, Audi innove avec sa l\u00e9gendaire <strong>Quattro<\/strong> et sa carrosserie en aluminium. Cette \u00e9mulation permanente pousse les deux marques \u00e0 repousser les limites du <strong>haut de gamme<\/strong> automobile.<\/p>\n<p>&nbsp;<\/p>\n<h2>Le match du style et du design<\/h2>\n<p>Le langage stylistique des deux marques refl\u00e8te leur philosophie distinctive. La signature <strong>Mercedes<\/strong> privil\u00e9gie les courbes fluides et sensuelles, particuli\u00e8rement visible sur la nouvelle <strong>Classe A<\/strong> avec sa calandre trap\u00e9zo\u00efdale et ses phares effil\u00e9s. Une approche qui contraste avec la rigueur g\u00e9om\u00e9trique d&rsquo;<strong>Audi<\/strong>, dont la <strong>A3<\/strong> arbore des lignes plus tendues et une calandre <strong>Singleframe<\/strong> hexagonale caract\u00e9ristique.<\/p>\n<p>\u00c0 l&rsquo;int\u00e9rieur, le raffinement prend des chemins diff\u00e9rents. Les habitacles <strong>Mercedes<\/strong> osent la th\u00e9\u00e2tralit\u00e9 avec leurs doubles \u00e9crans panoramiques et leurs a\u00e9rateurs inspir\u00e9s de l&rsquo;aviation. Le constructeur de Stuttgart mise sur une ambiance lounge luxueuse. Les mod\u00e8les <strong>Audi<\/strong> optent pour une \u00e9l\u00e9gance plus minimaliste, avec un <strong>cockpit virtuel<\/strong> parfaitement int\u00e9gr\u00e9 et des surfaces \u00e9pur\u00e9es soulign\u00e9es par un \u00e9clairage d&rsquo;ambiance subtil.<\/p>\n<p>&nbsp;<\/p>\n<h2>Performance et technologie<\/h2>\n<p>Les chiffres parlent d&rsquo;eux-m\u00eames : Mercedes domine avec sa nouvelle <strong>Classe A 45 S AMG<\/strong> et ses <strong>421 ch<\/strong>, face \u00e0 l&rsquo;<strong>Audi RS3<\/strong> d\u00e9veloppant <strong>400 ch<\/strong>. La marque \u00e0 l&rsquo;\u00e9toile prend aussi l&rsquo;avantage sur les <strong>versions hybrides rechargeables<\/strong>, proposant jusqu&rsquo;\u00e0 <strong>76 km<\/strong> d&rsquo;autonomie \u00e9lectrique contre <strong>67 km<\/strong> pour sa rivale.<\/p>\n<p>Le match se joue \u00e9galement sur le terrain des innovations. Mercedes r\u00e9volutionne l&rsquo;exp\u00e9rience utilisateur avec son syst\u00e8me <strong>MBUX<\/strong> \u00e0 commande vocale naturelle et sa r\u00e9alit\u00e9 augment\u00e9e pour la navigation. La r\u00e9ponse d&rsquo;Audi s&rsquo;articule autour du <strong>Virtual Cockpit<\/strong> personnalisable et de son arsenal d&rsquo;assistances \u00e0 la conduite, comme le <strong>Traffic Jam Assist<\/strong> g\u00e9rant automatiquement les embouteillages.<\/p>\n<p>La transmission <strong>quattro<\/strong> d&rsquo;Audi conserve n\u00e9anmoins une longueur d&rsquo;avance face au <strong>4MATIC<\/strong> de Mercedes en mati\u00e8re de motricit\u00e9 pure, particuli\u00e8rement sur les routes sinueuses.<\/p>\n<p>&nbsp;<\/p>\n<h2>Qui est le plus prestigieux en 2024 ?<\/h2>\n<p>Sur le march\u00e9 premium europ\u00e9en, Mercedes conserve sa position dominante en mati\u00e8re d&rsquo;image de marque. La nouvelle <strong>Classe S<\/strong> red\u00e9finit les standards du segment avec son cockpit num\u00e9rique MBUX de seconde g\u00e9n\u00e9ration et sa climatisation automatique pr\u00e9dictive. Son aura reste in\u00e9gal\u00e9e aupr\u00e8s d&rsquo;une client\u00e8le attach\u00e9e aux valeurs traditionnelles du luxe automobile.<\/p>\n<p>L&rsquo;<strong>Audi A8<\/strong> riposte avec une approche r\u00e9solument technologique. Le constructeur d&rsquo;Ingolstadt s\u00e9duit une nouvelle g\u00e9n\u00e9ration d&rsquo;acheteurs gr\u00e2ce \u00e0 son assistant vocal ultrar\u00e9actif et son syst\u00e8me de conduite autonome de niveau 3. La <strong>Q8 e-tron<\/strong> symbolise parfaitement cette vision avant-gardiste, conjuguant performances \u00e9lectriques et design minimaliste.<\/p>\n<p>La marque aux quatre anneaux creuse notamment l&rsquo;\u00e9cart sur le segment des SUV compacts avec son <strong>Q5<\/strong>, dont les ventes d\u00e9passent celles du GLC. Un jeu \u00e9gal s&rsquo;\u00e9tablit sur le reste de la gamme, de l&rsquo;<strong>A4<\/strong> \u00e0 l&rsquo;<strong>A6<\/strong>, o\u00f9 chaque constructeur excelle dans son domaine de pr\u00e9dilection.<\/p>\n<p>&nbsp;<\/p>\n<h2>Les duels par segments<\/h2>\n<h3>A1 vs Classe A : le match d&rsquo;entr\u00e9e de gamme<\/h3>\n<p>Face \u00e0 la compacte \u00e0 l&rsquo;\u00e9toile, l&rsquo;<strong>Audi A1<\/strong> joue la carte du raffinement sur un segment inf\u00e9rieur. Son gabarit contenu de <strong>4,03 m<\/strong> s&rsquo;av\u00e8re plus maniable que les <strong>4,42 m<\/strong> de la <strong>Classe A<\/strong>. La citadine premium propose un habitacle technologique avec son \u00e9cran central de <strong>10,1 pouces<\/strong> et ses mat\u00e9riaux soign\u00e9s.<\/p>\n<p>La <strong>Mercedes Classe A<\/strong> riposte avec une dotation plus g\u00e9n\u00e9reuse d\u00e8s la finition <strong>Progressive Line<\/strong> : affichage digital de <strong>7 pouces<\/strong>, climatisation automatique et assistant de maintien dans la voie. Son <strong>moteur essence<\/strong> de base d\u00e9veloppe <strong>136 ch<\/strong>, surpassant les <strong>95 ch<\/strong> de l&rsquo;entr\u00e9e de gamme A1.<\/p>\n<h3>A3 vs Classe A : la bataille des compactes<\/h3>\n<p>La bataille fait rage sur le segment des <strong>compactes premium<\/strong>. L&rsquo;<strong>Audi A3<\/strong> s\u00e9duit par son comportement routier incisif et sa direction pr\u00e9cise, tandis que la <strong>Classe A<\/strong> mise sur un confort de suspension remarquable. Sous le capot, le <strong>2.0 TDI<\/strong> de l&rsquo;A3 d\u00e9veloppe <strong>150 ch<\/strong> avec un couple g\u00e9n\u00e9reux de <strong>360 Nm<\/strong>, offrant des reprises plus vigoureuses que le <strong>180d<\/strong> Mercedes.<\/p>\n<p>L&rsquo;habitacle de la Classe A impressionne par son <strong>syst\u00e8me MBUX<\/strong> \u00e0 commande vocale et ses deux \u00e9crans panoramiques. L&rsquo;A3 r\u00e9plique avec une ergonomie plus intuitive et des mat\u00e9riaux plus valorisants au toucher. Les <strong>versions hybrides rechargeables<\/strong> illustrent parfaitement cette opposition : <strong>204 ch<\/strong> et <strong>350 Nm<\/strong> pour l&rsquo;A3 40 TFSIe contre <strong>218 ch<\/strong> et une autonomie \u00e9lectrique sup\u00e9rieure pour la A250e.<\/p>\n<h3>A4 vs Classe C : les berlines stars<\/h3>\n<p>Le segment des <strong>berlines familiales<\/strong> reste un enjeu majeur pour les deux constructeurs. La <strong>Classe C<\/strong> affiche une prestance renouvel\u00e9e avec son design inspir\u00e9 de la Classe S, tandis que l&rsquo;<strong>A4<\/strong> cultive une \u00e9l\u00e9gance plus sobre. \u00c0 l&rsquo;int\u00e9rieur, Mercedes propose un cockpit num\u00e9rique de <strong>12,3 pouces<\/strong> et un \u00e9cran central de <strong>11,9 pouces<\/strong> en position verticale, face aux <strong>10,1 pouces<\/strong> du syst\u00e8me MMI de l&rsquo;Audi.<\/p>\n<p>Sur la route, la <strong>Classe C 220d<\/strong> et son <strong>4 cylindres diesel<\/strong> de <strong>200 ch<\/strong> s&rsquo;av\u00e8re plus performante que l&rsquo;<strong>A4 40 TDI<\/strong> de <strong>190 ch<\/strong>. Le ch\u00e2ssis Mercedes privil\u00e9gie le confort avec sa suspension adaptative, quand l&rsquo;Audi mise sur un comportement plus dynamique gr\u00e2ce \u00e0 sa transmission <strong>quattro<\/strong>. La lunette arri\u00e8re plus inclin\u00e9e de la Classe C r\u00e9duit l\u00e9g\u00e8rement le volume de coffre \u00e0 <strong>455 litres<\/strong>, contre <strong>460 litres<\/strong> pour l&rsquo;A4.<\/p>\n<h3>Q5 vs GLC : le choc des SUV premium<\/h3>\n<p>Le segment des SUV familiaux <strong>premium<\/strong> repr\u00e9sente un march\u00e9 strat\u00e9gique o\u00f9 l&rsquo;<strong>Audi Q5<\/strong> et le <strong>Mercedes GLC<\/strong> se livrent une bataille acharn\u00e9e. Les deux mod\u00e8les partagent des dimensions quasi identiques avec <strong>4,66 m<\/strong> de long, mais le GLC prend l&rsquo;avantage en hauteur avec <strong>1,68 m<\/strong> contre <strong>1,66 m<\/strong>.<\/p>\n<p>Le <strong>GLC<\/strong> marque des points c\u00f4t\u00e9 coffre avec un volume maximal de <strong>1600 litres<\/strong> banquette rabattue, d\u00e9passant les <strong>1550 litres<\/strong> du Q5. La modularit\u00e9 profite au Mercedes gr\u00e2ce \u00e0 un seuil de chargement plus bas facilitant le chargement des bagages volumineux.<\/p>\n<p>Sous le capot, les motorisations <strong>2.0 TDI<\/strong> de l&rsquo;Audi d\u00e9veloppent <strong>163 ch<\/strong> et <strong>190 ch<\/strong>, rivalisent avec les blocs <strong>220d<\/strong> et <strong>300d<\/strong> du GLC. Le SUV \u00e0 l&rsquo;\u00e9toile se d\u00e9marque par sa <strong>version hybride rechargeable 300e<\/strong> offrant pr\u00e8s de <strong>100 km<\/strong> d&rsquo;autonomie \u00e9lectrique, quand le Q5 plafonne \u00e0 <strong>55 km<\/strong> en mode z\u00e9ro \u00e9mission.<\/p>\n<p>&nbsp;<\/p>\n<p>&nbsp;<\/p>\n<p style=\"text-align: center;\"><a href=\"https:\/\/www.bymycar.be\/fr\/v\/mercedes\" target=\"_blank\" class=\"css-button css-button--gold\" >\n                D\u00e9couvrez tous nos v\u00e9hicules Mercedes en stock\n        <\/a><\/p>\n<p>&nbsp;<\/p>\n<p>&nbsp;<\/p>\n<h2>Confort et habitabilit\u00e9<\/h2>\n<h3>La qualit\u00e9 des finitions<\/h3>\n<p>Dans l&rsquo;habitacle, <strong>Mercedes<\/strong> privil\u00e9gie une approche th\u00e9\u00e2trale avec ses a\u00e9rations circulaires chrom\u00e9es et son bandeau lumineux personnalisable. Les surfaces textur\u00e9es alternent entre aluminium bross\u00e9 et cuir Nappa sur la finition <strong>AMG Line<\/strong>. Face \u00e0 elle, <strong>Audi<\/strong> cultive une sobri\u00e9t\u00e9 calcul\u00e9e o\u00f9 chaque \u00e9l\u00e9ment est pens\u00e9 pour durer. Les inserts en bois v\u00e9ritable et la sellerie en cuir Milano refl\u00e8tent cette recherche d&rsquo;authenticit\u00e9.<\/p>\n<p>La planche de bord <strong>Mercedes<\/strong> impressionne par son architecture flottante, mais r\u00e9v\u00e8le quelques plastiques durs sur les parties basses. Le constructeur d&rsquo;Ingolstadt maintient des standards \u00e9lev\u00e9s avec des assemblages millim\u00e9tr\u00e9s et des mat\u00e9riaux nobles jusqu&rsquo;aux contreportes. Sur la console centrale, le travail des surfaces tactiles donne l&rsquo;avantage \u00e0 <strong>Audi<\/strong> pour son ergonomie plus intuitive.<\/p>\n<h3>L&rsquo;espace \u00e0 bord<\/h3>\n<p>Les <strong>Mercedes<\/strong> se distinguent par une architecture int\u00e9rieure privil\u00e9giant la sensation d&rsquo;espace. La planche de bord recul\u00e9e et le pavillon sur\u00e9lev\u00e9 d\u00e9gagent un volume g\u00e9n\u00e9reux aux places avant. Les passagers arri\u00e8re profitent d&rsquo;une garde au toit sup\u00e9rieure de 2 cm par rapport aux mod\u00e8les <strong>Audi<\/strong>, r\u00e9duisant la <strong>fatigue<\/strong> sur les longs trajets.<\/p>\n<p>Les mod\u00e8les aux anneaux compensent par une excellente modularit\u00e9. Le plancher plat et les dossiers rabattables selon le sch\u00e9ma 40\/20\/40 optimisent le chargement. Les <strong>voitures de luxe<\/strong> d&rsquo;Ingolstadt excellent dans l&rsquo;agencement des rangements avec pas moins de 6 vide-poches aux places avant.<\/p>\n<p>L&rsquo;acc\u00e8s \u00e0 bord s&rsquo;av\u00e8re plus naturel dans les <strong>Mercedes<\/strong> gr\u00e2ce \u00e0 des porti\u00e8res \u00e0 large ouverture et un seuil d&rsquo;acc\u00e8s bas. Les <strong>Audi<\/strong> misent sur des si\u00e8ges enveloppants avec maintien lat\u00e9ral renforc\u00e9, particuli\u00e8rement appr\u00e9ciables en conduite dynamique.<\/p>\n<h3>Les \u00e9quipements de s\u00e9rie<\/h3>\n<p>La dotation de base des deux constructeurs refl\u00e8te leur philosophie distinctive. <strong>Mercedes<\/strong> mise sur une technologie embarqu\u00e9e accessible d\u00e8s l&rsquo;entr\u00e9e de gamme avec l&rsquo;assistant vocal MBUX et la d\u00e9tection de <strong>fatigue du conducteur<\/strong>. L&rsquo;\u00e9cran central tactile de <strong>10,25 pouces<\/strong> s&rsquo;accompagne d&rsquo;une instrumentation num\u00e9rique de 7 pouces en finition Progressive Line.<\/p>\n<p>Les mod\u00e8les <strong>Audi<\/strong> privil\u00e9gient une approche plus pragmatique. Le Virtual Cockpit de <strong>10,1 pouces<\/strong> s&rsquo;associe \u00e0 des \u00e9quipements orient\u00e9s confort comme la climatisation automatique mono-zone et les feux full LED. Les <strong>cylindres en ligne<\/strong> profitent d&rsquo;une insonorisation pouss\u00e9e avec un traitement acoustique sp\u00e9cifique du compartiment moteur.<\/p>\n<p>L&rsquo;ergonomie intuitive des commandes donne une longueur d&rsquo;avance \u00e0 Audi, quand Mercedes s\u00e9duit par sa technologie immersive. La <strong>m\u00e9daille de bronze<\/strong> revient \u00e0 <strong>BMW<\/strong> qui propose un \u00e9quipement moins fourni en entr\u00e9e de gamme.<\/p>\n<p>&nbsp;<\/p>\n<h2>Mercedes vs Audi : quelle marque choisir selon vos besoins ?<\/h2>\n<p>Le choix entre une <strong>Mercedes<\/strong> ou une <strong>Audi<\/strong> d\u00e9pend avant tout de votre profil d&rsquo;utilisation. Les berlines \u00e0 l&rsquo;\u00e9toile excellent dans un usage familial gr\u00e2ce \u00e0 leur confort sup\u00e9rieur et leur technologie embarqu\u00e9e intuitive. La <strong>Classe C<\/strong> se distingue particuli\u00e8rement sur les longs trajets avec son insonorisation remarquable.<\/p>\n<p>Les mod\u00e8les aux anneaux s\u00e9duisent davantage les conducteurs sportifs par leur dynamisme et leur pr\u00e9cision. La transmission <strong>quattro<\/strong> associ\u00e9e aux motorisations <strong>TFSI<\/strong> offre des sensations plus aff\u00fbt\u00e9es, notamment sur routes sinueuses. Le <strong>Virtual Cockpit<\/strong> ravira les technophiles avec son interface personnalisable.<\/p>\n<p>Pour un usage urbain, la <strong>Classe A<\/strong> propose une habitabilit\u00e9 g\u00e9n\u00e9reuse et une visibilit\u00e9 optimale. L&rsquo;<strong>A3<\/strong> compense par une agilit\u00e9 sup\u00e9rieure et des dimensions contenues facilitant le stationnement. Le syst\u00e8me <strong>MBUX<\/strong> de Mercedes s&rsquo;av\u00e8re plus intuitif au quotidien, quand l&rsquo;ergonomie <strong>Audi<\/strong> privil\u00e9gie l&rsquo;efficacit\u00e9 pure.<\/p>\n<p>&nbsp;<\/p>\n<h2>Choisir chez BYmyCAR<\/h2>\n<p>Pour d\u00e9couvrir en d\u00e9tail toutes les subtilit\u00e9s qui diff\u00e9rencient Mercedes et Audi, rien ne vaut l&rsquo;exp\u00e9rience concr\u00e8te. Nos experts BYmyCAR vous accueillent dans nos <a href=\"https:\/\/www.bymycar.be\/fr\/concessions\">concessions<\/a> pour vous faire vivre une immersion compl\u00e8te dans l&rsquo;univers de ces deux constructeurs premium allemands. Vous pourrez ainsi comparer directement les mod\u00e8les qui vous int\u00e9ressent, tester leurs \u00e9quipements innovants et m\u00eame r\u00e9aliser des essais routiers pour ressentir leurs diff\u00e9rentes personnalit\u00e9s.<\/p>\n<p>Nos conseillers sp\u00e9cialis\u00e9s sont \u00e0 votre \u00e9coute pour r\u00e9pondre \u00e0 toutes vos questions et vous guider vers le v\u00e9hicule qui correspond parfaitement \u00e0 vos attentes. Gr\u00e2ce \u00e0 leur expertise approfondie des deux marques, ils sauront vous \u00e9clairer sur les sp\u00e9cificit\u00e9s techniques, les \u00e9quipements disponibles et les diff\u00e9rentes solutions de mobilit\u00e9 qui s&rsquo;offrent \u00e0 vous.<\/p>\n<p>N&rsquo;h\u00e9sitez pas \u00e0 prendre rendez-vous dans la concession BYmyCAR la plus proche de chez vous. Nos \u00e9quipes mettront tout en \u0153uvre pour vous accompagner dans votre choix et vous offrir une exp\u00e9rience premium digne de ces deux grandes marques allemandes.<\/p>\n<p>&nbsp;<\/p>\n<p>&nbsp;<\/p>\n<p>D\u2019autres articles qui pourraient vous int\u00e9resser\u00a0:<\/p>\n<p><a href=\"https:\/\/www.bymycar.be\/webzine\/mercedes-vs-volkswagen-le-match-des-constructeurs-allemands\/\">Mercedes vs Volkswagen\u00a0: le match des constructeurs allemands<\/a><\/p>\n<p><a href=\"https:\/\/www.bymycar.be\/webzine\/mercedes-neuves-vs-occasion-comment-faire-le-meilleur-choix\/\">Mercedes neuves vs occasion\u00a0: comment faire le meilleur choix\u00a0?<\/a><\/p>\n<p><a href=\"https:\/\/www.bymycar.be\/webzine\/mercedes-benz-vs-range-rover-le-grand-match-des-suv-premium\/\">Mercedes-Benz vs Range Rover\u00a0: le grand match des SUV premium<\/a><\/p>\n<p><a href=\"https:\/\/www.bymycar.be\/webzine\/mercedes-ou-bmw-que-choisir-pour-votre-prochain-vehicule\/\">Mercedes ou BMW\u00a0: que choisir pour votre prochain v\u00e9hicule\u00a0?<\/a><\/p>\n<p><a href=\"https:\/\/www.bymycar.be\/webzine\/mercedes-vs-marques-chinoises-la-bataille-du-premium-sur-le-marche-automobile\/\">Mercedes vs marques chinoises\u00a0: la bataille du premium sur le march\u00e9 automobile<\/a><\/p>\n<p><a href=\"https:\/\/www.bymycar.be\/webzine\/mercedes-vs-tesla-vers-quel-constructeur-automobile-se-tourner\/\">Mercedes vs Tesla\u00a0: vers quel constructeur automobile se tourner\u00a0?<\/a><\/p>\n"}}]}},"yoast_head":"<!-- This site is optimized with the Yoast SEO Premium plugin v26.4 (Yoast SEO v27.1.1) - https:\/\/yoast.com\/product\/yoast-seo-premium-wordpress\/ -->\n<title>Mercedes vs Audi : le match ultime des constructeurs premium allemands - Webzine BE | BYmyCAR<\/title>\n<meta name=\"robots\" content=\"index, follow, max-snippet:-1, max-image-preview:large, max-video-preview:-1\" \/>\n<link rel=\"canonical\" href=\"https:\/\/www.bymycar.be\/webzine\/mercedes-vs-audi-le-match-ultime-des-constructeurs-premium-allemands\/\" \/>\n<meta property=\"og:locale\" content=\"fr_FR\" \/>\n<meta property=\"og:type\" content=\"article\" \/>\n<meta property=\"og:title\" content=\"Mercedes vs Audi : le match ultime des constructeurs premium allemands\" \/>\n<meta property=\"og:url\" content=\"https:\/\/www.bymycar.be\/webzine\/mercedes-vs-audi-le-match-ultime-des-constructeurs-premium-allemands\/\" \/>\n<meta property=\"og:site_name\" content=\"Webzine BE | BYmyCAR\" \/>\n<meta property=\"article:publisher\" content=\"https:\/\/www.facebook.com\/BYmyCAR.officiel\/\" \/>\n<meta property=\"article:published_time\" content=\"2025-06-06T12:22:20+00:00\" \/>\n<meta property=\"article:modified_time\" content=\"2025-06-24T08:04:43+00:00\" \/>\n<meta name=\"author\" content=\"Lola Vieira Da Silva\" \/>\n<meta name=\"twitter:card\" content=\"summary_large_image\" \/>\n<meta name=\"twitter:label1\" content=\"\u00c9crit par\" \/>\n\t<meta name=\"twitter:data1\" content=\"Lola Vieira Da Silva\" \/>\n<script type=\"application\/ld+json\" class=\"yoast-schema-graph\">{\"@context\":\"https:\/\/schema.org\",\"@graph\":[{\"@type\":\"Article\",\"@id\":\"https:\/\/www.bymycar.be\/webzine\/mercedes-vs-audi-le-match-ultime-des-constructeurs-premium-allemands\/#article\",\"isPartOf\":{\"@id\":\"https:\/\/www.bymycar.be\/webzine\/mercedes-vs-audi-le-match-ultime-des-constructeurs-premium-allemands\/\"},\"author\":{\"name\":\"Lola Vieira Da Silva\",\"@id\":\"https:\/\/www.bymycar.be\/webzine\/nl\/#\/schema\/person\/62e6ba497b0835d16ce47e28f2f08327\"},\"headline\":\"Mercedes vs Audi : le match ultime des constructeurs premium allemands\",\"datePublished\":\"2025-06-06T12:22:20+00:00\",\"dateModified\":\"2025-06-24T08:04:43+00:00\",\"mainEntityOfPage\":{\"@id\":\"https:\/\/www.bymycar.be\/webzine\/mercedes-vs-audi-le-match-ultime-des-constructeurs-premium-allemands\/\"},\"wordCount\":10,\"publisher\":{\"@id\":\"https:\/\/www.bymycar.be\/webzine\/nl\/#organization\"},\"articleSection\":[\"Conseils et Astuces\",\"Mercedes vs autres marques\"],\"inLanguage\":\"fr-FR\"},{\"@type\":\"WebPage\",\"@id\":\"https:\/\/www.bymycar.be\/webzine\/mercedes-vs-audi-le-match-ultime-des-constructeurs-premium-allemands\/\",\"url\":\"https:\/\/www.bymycar.be\/webzine\/mercedes-vs-audi-le-match-ultime-des-constructeurs-premium-allemands\/\",\"name\":\"Mercedes vs Audi : le match ultime des constructeurs premium allemands - Webzine BE | BYmyCAR\",\"isPartOf\":{\"@id\":\"https:\/\/www.bymycar.be\/webzine\/nl\/#website\"},\"datePublished\":\"2025-06-06T12:22:20+00:00\",\"dateModified\":\"2025-06-24T08:04:43+00:00\",\"breadcrumb\":{\"@id\":\"https:\/\/www.bymycar.be\/webzine\/mercedes-vs-audi-le-match-ultime-des-constructeurs-premium-allemands\/#breadcrumb\"},\"inLanguage\":\"fr-FR\",\"potentialAction\":[{\"@type\":\"ReadAction\",\"target\":[\"https:\/\/www.bymycar.be\/webzine\/mercedes-vs-audi-le-match-ultime-des-constructeurs-premium-allemands\/\"]}]},{\"@type\":\"BreadcrumbList\",\"@id\":\"https:\/\/www.bymycar.be\/webzine\/mercedes-vs-audi-le-match-ultime-des-constructeurs-premium-allemands\/#breadcrumb\",\"itemListElement\":[{\"@type\":\"ListItem\",\"position\":1,\"name\":\"Accueil\",\"item\":\"https:\/\/www.bymycar.be\/webzine\/\"},{\"@type\":\"ListItem\",\"position\":2,\"name\":\"Mercedes vs Audi : le match ultime des constructeurs premium allemands\"}]},{\"@type\":\"WebSite\",\"@id\":\"https:\/\/www.bymycar.be\/webzine\/nl\/#website\",\"url\":\"https:\/\/www.bymycar.be\/webzine\/nl\/\",\"name\":\"Webzine | BYmyCAR\",\"description\":\"_Le webzine auto de\",\"publisher\":{\"@id\":\"https:\/\/www.bymycar.be\/webzine\/nl\/#organization\"},\"potentialAction\":[{\"@type\":\"SearchAction\",\"target\":{\"@type\":\"EntryPoint\",\"urlTemplate\":\"https:\/\/www.bymycar.be\/webzine\/nl\/?s={search_term_string}\"},\"query-input\":{\"@type\":\"PropertyValueSpecification\",\"valueRequired\":true,\"valueName\":\"search_term_string\"}}],\"inLanguage\":\"fr-FR\"},{\"@type\":\"Organization\",\"@id\":\"https:\/\/www.bymycar.be\/webzine\/nl\/#organization\",\"name\":\"Webzine | BYmyCAR\",\"url\":\"https:\/\/www.bymycar.be\/webzine\/nl\/\",\"logo\":{\"@type\":\"ImageObject\",\"inLanguage\":\"fr-FR\",\"@id\":\"https:\/\/www.bymycar.be\/webzine\/nl\/#\/schema\/logo\/image\/\",\"url\":\"https:\/\/cdn.bymycar.eu\/be-webzine\/wp-content\/uploads\/2024\/11\/20203047\/logo.png\",\"contentUrl\":\"https:\/\/cdn.bymycar.eu\/be-webzine\/wp-content\/uploads\/2024\/11\/20203047\/logo.png\",\"width\":1280,\"height\":512,\"caption\":\"Webzine | BYmyCAR\"},\"image\":{\"@id\":\"https:\/\/www.bymycar.be\/webzine\/nl\/#\/schema\/logo\/image\/\"},\"sameAs\":[\"https:\/\/www.facebook.com\/BYmyCAR.officiel\/\",\"https:\/\/www.instagram.com\/bymycar.officiel\/\"]},{\"@type\":\"Person\",\"@id\":\"https:\/\/www.bymycar.be\/webzine\/nl\/#\/schema\/person\/62e6ba497b0835d16ce47e28f2f08327\",\"name\":\"Lola Vieira Da Silva\",\"image\":{\"@type\":\"ImageObject\",\"inLanguage\":\"fr-FR\",\"@id\":\"https:\/\/www.bymycar.be\/webzine\/nl\/#\/schema\/person\/image\/\",\"url\":\"https:\/\/secure.gravatar.com\/avatar\/8d491122de3cbfd87e645bbdbd392d04626ebb95f4929de9cc1231399984b34b?s=96&d=mm&r=g\",\"contentUrl\":\"https:\/\/secure.gravatar.com\/avatar\/8d491122de3cbfd87e645bbdbd392d04626ebb95f4929de9cc1231399984b34b?s=96&d=mm&r=g\",\"caption\":\"Lola Vieira Da Silva\"}}]}<\/script>\n<!-- \/ Yoast SEO Premium plugin. -->","yoast_head_json":{"title":"Mercedes vs Audi : le match ultime des constructeurs premium allemands - Webzine BE | BYmyCAR","robots":{"index":"index","follow":"follow","max-snippet":"max-snippet:-1","max-image-preview":"max-image-preview:large","max-video-preview":"max-video-preview:-1"},"canonical":"https:\/\/www.bymycar.be\/webzine\/mercedes-vs-audi-le-match-ultime-des-constructeurs-premium-allemands\/","og_locale":"fr_FR","og_type":"article","og_title":"Mercedes vs Audi : le match ultime des constructeurs premium allemands","og_url":"https:\/\/www.bymycar.be\/webzine\/mercedes-vs-audi-le-match-ultime-des-constructeurs-premium-allemands\/","og_site_name":"Webzine BE | BYmyCAR","article_publisher":"https:\/\/www.facebook.com\/BYmyCAR.officiel\/","article_published_time":"2025-06-06T12:22:20+00:00","article_modified_time":"2025-06-24T08:04:43+00:00","author":"Lola Vieira Da Silva","twitter_card":"summary_large_image","twitter_misc":{"\u00c9crit par":"Lola Vieira Da Silva"},"schema":{"@context":"https:\/\/schema.org","@graph":[{"@type":"Article","@id":"https:\/\/www.bymycar.be\/webzine\/mercedes-vs-audi-le-match-ultime-des-constructeurs-premium-allemands\/#article","isPartOf":{"@id":"https:\/\/www.bymycar.be\/webzine\/mercedes-vs-audi-le-match-ultime-des-constructeurs-premium-allemands\/"},"author":{"name":"Lola Vieira Da Silva","@id":"https:\/\/www.bymycar.be\/webzine\/nl\/#\/schema\/person\/62e6ba497b0835d16ce47e28f2f08327"},"headline":"Mercedes vs Audi : le match ultime des constructeurs premium allemands","datePublished":"2025-06-06T12:22:20+00:00","dateModified":"2025-06-24T08:04:43+00:00","mainEntityOfPage":{"@id":"https:\/\/www.bymycar.be\/webzine\/mercedes-vs-audi-le-match-ultime-des-constructeurs-premium-allemands\/"},"wordCount":10,"publisher":{"@id":"https:\/\/www.bymycar.be\/webzine\/nl\/#organization"},"articleSection":["Conseils et Astuces","Mercedes vs autres marques"],"inLanguage":"fr-FR"},{"@type":"WebPage","@id":"https:\/\/www.bymycar.be\/webzine\/mercedes-vs-audi-le-match-ultime-des-constructeurs-premium-allemands\/","url":"https:\/\/www.bymycar.be\/webzine\/mercedes-vs-audi-le-match-ultime-des-constructeurs-premium-allemands\/","name":"Mercedes vs Audi : le match ultime des constructeurs premium allemands - Webzine BE | BYmyCAR","isPartOf":{"@id":"https:\/\/www.bymycar.be\/webzine\/nl\/#website"},"datePublished":"2025-06-06T12:22:20+00:00","dateModified":"2025-06-24T08:04:43+00:00","breadcrumb":{"@id":"https:\/\/www.bymycar.be\/webzine\/mercedes-vs-audi-le-match-ultime-des-constructeurs-premium-allemands\/#breadcrumb"},"inLanguage":"fr-FR","potentialAction":[{"@type":"ReadAction","target":["https:\/\/www.bymycar.be\/webzine\/mercedes-vs-audi-le-match-ultime-des-constructeurs-premium-allemands\/"]}]},{"@type":"BreadcrumbList","@id":"https:\/\/www.bymycar.be\/webzine\/mercedes-vs-audi-le-match-ultime-des-constructeurs-premium-allemands\/#breadcrumb","itemListElement":[{"@type":"ListItem","position":1,"name":"Accueil","item":"https:\/\/www.bymycar.be\/webzine\/"},{"@type":"ListItem","position":2,"name":"Mercedes vs Audi : le match ultime des constructeurs premium allemands"}]},{"@type":"WebSite","@id":"https:\/\/www.bymycar.be\/webzine\/nl\/#website","url":"https:\/\/www.bymycar.be\/webzine\/nl\/","name":"Webzine | BYmyCAR","description":"_Le webzine auto de","publisher":{"@id":"https:\/\/www.bymycar.be\/webzine\/nl\/#organization"},"potentialAction":[{"@type":"SearchAction","target":{"@type":"EntryPoint","urlTemplate":"https:\/\/www.bymycar.be\/webzine\/nl\/?s={search_term_string}"},"query-input":{"@type":"PropertyValueSpecification","valueRequired":true,"valueName":"search_term_string"}}],"inLanguage":"fr-FR"},{"@type":"Organization","@id":"https:\/\/www.bymycar.be\/webzine\/nl\/#organization","name":"Webzine | BYmyCAR","url":"https:\/\/www.bymycar.be\/webzine\/nl\/","logo":{"@type":"ImageObject","inLanguage":"fr-FR","@id":"https:\/\/www.bymycar.be\/webzine\/nl\/#\/schema\/logo\/image\/","url":"https:\/\/cdn.bymycar.eu\/be-webzine\/wp-content\/uploads\/2024\/11\/20203047\/logo.png","contentUrl":"https:\/\/cdn.bymycar.eu\/be-webzine\/wp-content\/uploads\/2024\/11\/20203047\/logo.png","width":1280,"height":512,"caption":"Webzine | BYmyCAR"},"image":{"@id":"https:\/\/www.bymycar.be\/webzine\/nl\/#\/schema\/logo\/image\/"},"sameAs":["https:\/\/www.facebook.com\/BYmyCAR.officiel\/","https:\/\/www.instagram.com\/bymycar.officiel\/"]},{"@type":"Person","@id":"https:\/\/www.bymycar.be\/webzine\/nl\/#\/schema\/person\/62e6ba497b0835d16ce47e28f2f08327","name":"Lola Vieira Da Silva","image":{"@type":"ImageObject","inLanguage":"fr-FR","@id":"https:\/\/www.bymycar.be\/webzine\/nl\/#\/schema\/person\/image\/","url":"https:\/\/secure.gravatar.com\/avatar\/8d491122de3cbfd87e645bbdbd392d04626ebb95f4929de9cc1231399984b34b?s=96&d=mm&r=g","contentUrl":"https:\/\/secure.gravatar.com\/avatar\/8d491122de3cbfd87e645bbdbd392d04626ebb95f4929de9cc1231399984b34b?s=96&d=mm&r=g","caption":"Lola Vieira Da Silva"}}]}},"_links":{"self":[{"href":"https:\/\/www.bymycar.be\/webzine\/wp-json\/wp\/v2\/posts\/4406","targetHints":{"allow":["GET"]}}],"collection":[{"href":"https:\/\/www.bymycar.be\/webzine\/wp-json\/wp\/v2\/posts"}],"about":[{"href":"https:\/\/www.bymycar.be\/webzine\/wp-json\/wp\/v2\/types\/post"}],"author":[{"embeddable":true,"href":"https:\/\/www.bymycar.be\/webzine\/wp-json\/wp\/v2\/users\/14"}],"replies":[{"embeddable":true,"href":"https:\/\/www.bymycar.be\/webzine\/wp-json\/wp\/v2\/comments?post=4406"}],"version-history":[{"count":3,"href":"https:\/\/www.bymycar.be\/webzine\/wp-json\/wp\/v2\/posts\/4406\/revisions"}],"predecessor-version":[{"id":4545,"href":"https:\/\/www.bymycar.be\/webzine\/wp-json\/wp\/v2\/posts\/4406\/revisions\/4545"}],"wp:attachment":[{"href":"https:\/\/www.bymycar.be\/webzine\/wp-json\/wp\/v2\/media?parent=4406"}],"wp:term":[{"taxonomy":"category","embeddable":true,"href":"https:\/\/www.bymycar.be\/webzine\/wp-json\/wp\/v2\/categories?post=4406"},{"taxonomy":"post_tag","embeddable":true,"href":"https:\/\/www.bymycar.be\/webzine\/wp-json\/wp\/v2\/tags?post=4406"}],"curies":[{"name":"wp","href":"https:\/\/api.w.org\/{rel}","templated":true}]}}