{"id":4023,"date":"2024-12-16T12:59:38","date_gmt":"2024-12-16T11:59:38","guid":{"rendered":"https:\/\/www.bymycar.be\/webzine\/?p=4023"},"modified":"2025-03-20T11:17:50","modified_gmt":"2025-03-20T10:17:50","slug":"location-mercedes-bymycar","status":"publish","type":"post","link":"https:\/\/www.bymycar.be\/webzine\/location-mercedes-bymycar\/","title":{"rendered":"Location Mercedes BYmyCAR"},"content":{"rendered":"","protected":false},"excerpt":{"rendered":"","protected":false},"author":7,"featured_media":0,"comment_status":"closed","ping_status":"closed","sticky":false,"template":"","format":"standard","meta":{"_acf_changed":false,"footnotes":""},"categories":[1356],"tags":[],"class_list":["post-4023","post","type-post","status-publish","format-standard","hentry","category-location-ucar","type_articles-gondolahead"],"acf":{"image":{"ID":4002,"id":4002,"title":"2015 \/ Service Contract \/ Compact \/ Generic Motivf \/ Variable format","filename":"GSP_BILD_2015_00401.jpg","filesize":448216,"url":"https:\/\/cdn.bymycar.eu\/be-webzine\/wp-content\/uploads\/2024\/12\/13145535\/GSP_BILD_2015_00401.jpg","link":"https:\/\/www.bymycar.be\/webzine\/location-mercedes-bymycar\/2015-service-contract-compact-generic-motivf-variable-format\/","alt":"","author":"7","description":"","caption":"2015, Service Contract, Compact, service, satisfaction, generic motive, 2015 cars, repairs, workshop, customer, my service,\nE-class, convertible","name":"2015-service-contract-compact-generic-motivf-variable-format","status":"inherit","uploaded_to":4023,"date":"2024-12-13 13:55:33","modified":"2025-03-20 10:15:40","menu_order":0,"mime_type":"image\/jpeg","type":"image","subtype":"jpeg","icon":"https:\/\/www.bymycar.be\/webzine\/wp-includes\/images\/media\/default.png","width":1920,"height":1330,"sizes":{"thumbnail":"https:\/\/cdn.bymycar.eu\/be-webzine\/wp-content\/uploads\/2024\/12\/13145535\/GSP_BILD_2015_00401-150x150.jpg","thumbnail-width":150,"thumbnail-height":150,"medium":"https:\/\/cdn.bymycar.eu\/be-webzine\/wp-content\/uploads\/2024\/12\/13145535\/GSP_BILD_2015_00401-300x208.jpg","medium-width":300,"medium-height":208,"medium_large":"https:\/\/cdn.bymycar.eu\/be-webzine\/wp-content\/uploads\/2024\/12\/13145535\/GSP_BILD_2015_00401-768x532.jpg","medium_large-width":768,"medium_large-height":532,"large":"https:\/\/cdn.bymycar.eu\/be-webzine\/wp-content\/uploads\/2024\/12\/13145535\/GSP_BILD_2015_00401-1024x709.jpg","large-width":1024,"large-height":709,"1536x1536":"https:\/\/cdn.bymycar.eu\/be-webzine\/wp-content\/uploads\/2024\/12\/13145535\/GSP_BILD_2015_00401-1536x1064.jpg","1536x1536-width":1536,"1536x1536-height":1064,"2048x2048":"https:\/\/cdn.bymycar.eu\/be-webzine\/wp-content\/uploads\/2024\/12\/13145535\/GSP_BILD_2015_00401.jpg","2048x2048-width":1920,"2048x2048-height":1330}},"introduction":"<h3><strong>Besoin d\u2019un v\u00e9hicule adapt\u00e9 \u00e0 votre prochain d\u00e9placement ?<\/strong><\/h3>\n<p><strong>Mercedes BYmyCAR Brussels<\/strong> r\u00e9pond \u00e0 tous vos besoins de mobilit\u00e9 avec son d\u00e9partement <strong>UCAR+<\/strong>.<\/p>\n<p>Nous vous proposons la <strong>location de v\u00e9hicules Mercedes-Benz<\/strong> pour :<\/p>\n<ul>\n<li>Un week-end.<\/li>\n<li>Des vacances.<\/li>\n<li>Un voyage d\u2019affaires.<\/li>\n<li>Un d\u00e9m\u00e9nagement avec un v\u00e9hicule utilitaire.<\/li>\n<\/ul>\n<p><strong>Contactez-nous d\u00e8s maintenant pour plus d\u2019informations :<\/strong><br \/>\n? <strong>02 730 66 44<\/strong><\/p>\n<p>? <a href=\"mailto:ucar.mb.brussels@bymycar.be\">Par E-mail<\/a><\/p>\n<p>&nbsp;<\/p>\n","add-to-bo":false,"page_content":{"block_content":false},"meta-BMC":{"select--meta--region":[],"select--meta--marque":["1386"],"select--meta--concession":["4273"],"type":{"term_id":233,"name":"gondolaHead","slug":"gondolahead","term_group":0,"term_taxonomy_id":233,"taxonomy":"type_articles","description":"","parent":0,"count":1,"filter":"raw"}}},"yoast_head":"<!-- This site is optimized with the Yoast SEO Premium plugin v26.4 (Yoast SEO v27.1.1) - https:\/\/yoast.com\/product\/yoast-seo-premium-wordpress\/ -->\n<title>Location Mercedes BYmyCAR - Webzine BE | BYmyCAR<\/title>\n<meta name=\"description\" content=\"BYmyCAR r\u00e9pond \u00e0 vos besoins de mobilit\u00e9 en vous proposant la location court terme de v\u00e9hicules de la gamme Mercedes-Benz.\" \/>\n<meta name=\"robots\" content=\"index, follow, max-snippet:-1, max-image-preview:large, max-video-preview:-1\" \/>\n<link rel=\"canonical\" href=\"https:\/\/www.bymycar.be\/webzine\/location-mercedes-bymycar\/\" \/>\n<meta property=\"og:locale\" content=\"fr_FR\" \/>\n<meta property=\"og:type\" content=\"article\" \/>\n<meta property=\"og:title\" content=\"Location Mercedes BYmyCAR\" \/>\n<meta property=\"og:description\" content=\"BYmyCAR r\u00e9pond \u00e0 vos besoins de mobilit\u00e9 en vous proposant la location court terme de v\u00e9hicules de la gamme Mercedes-Benz.\" \/>\n<meta property=\"og:url\" content=\"https:\/\/www.bymycar.be\/webzine\/location-mercedes-bymycar\/\" \/>\n<meta property=\"og:site_name\" content=\"Webzine BE | BYmyCAR\" \/>\n<meta property=\"article:publisher\" content=\"https:\/\/www.facebook.com\/BYmyCAR.officiel\/\" \/>\n<meta property=\"article:published_time\" content=\"2024-12-16T11:59:38+00:00\" \/>\n<meta property=\"article:modified_time\" content=\"2025-03-20T10:17:50+00:00\" \/>\n<meta name=\"author\" content=\"Justine Tibbaut\" \/>\n<meta name=\"twitter:card\" content=\"summary_large_image\" \/>\n<meta name=\"twitter:label1\" content=\"\u00c9crit par\" \/>\n\t<meta name=\"twitter:data1\" content=\"Justine Tibbaut\" \/>\n<script type=\"application\/ld+json\" class=\"yoast-schema-graph\">{\"@context\":\"https:\/\/schema.org\",\"@graph\":[{\"@type\":\"Article\",\"@id\":\"https:\/\/www.bymycar.be\/webzine\/location-mercedes-bymycar\/#article\",\"isPartOf\":{\"@id\":\"https:\/\/www.bymycar.be\/webzine\/location-mercedes-bymycar\/\"},\"author\":{\"name\":\"Justine Tibbaut\",\"@id\":\"https:\/\/www.bymycar.be\/webzine\/nl\/#\/schema\/person\/14fd70b753c32bf847bb128b7e790218\"},\"headline\":\"Location Mercedes BYmyCAR\",\"datePublished\":\"2024-12-16T11:59:38+00:00\",\"dateModified\":\"2025-03-20T10:17:50+00:00\",\"mainEntityOfPage\":{\"@id\":\"https:\/\/www.bymycar.be\/webzine\/location-mercedes-bymycar\/\"},\"wordCount\":3,\"publisher\":{\"@id\":\"https:\/\/www.bymycar.be\/webzine\/nl\/#organization\"},\"articleSection\":[\"Location UCAR+\"],\"inLanguage\":\"fr-FR\"},{\"@type\":\"WebPage\",\"@id\":\"https:\/\/www.bymycar.be\/webzine\/location-mercedes-bymycar\/\",\"url\":\"https:\/\/www.bymycar.be\/webzine\/location-mercedes-bymycar\/\",\"name\":\"Location Mercedes BYmyCAR - Webzine BE | BYmyCAR\",\"isPartOf\":{\"@id\":\"https:\/\/www.bymycar.be\/webzine\/nl\/#website\"},\"datePublished\":\"2024-12-16T11:59:38+00:00\",\"dateModified\":\"2025-03-20T10:17:50+00:00\",\"description\":\"BYmyCAR r\u00e9pond \u00e0 vos besoins de mobilit\u00e9 en vous proposant la location court terme de v\u00e9hicules de la gamme Mercedes-Benz.\",\"breadcrumb\":{\"@id\":\"https:\/\/www.bymycar.be\/webzine\/location-mercedes-bymycar\/#breadcrumb\"},\"inLanguage\":\"fr-FR\",\"potentialAction\":[{\"@type\":\"ReadAction\",\"target\":[\"https:\/\/www.bymycar.be\/webzine\/location-mercedes-bymycar\/\"]}]},{\"@type\":\"BreadcrumbList\",\"@id\":\"https:\/\/www.bymycar.be\/webzine\/location-mercedes-bymycar\/#breadcrumb\",\"itemListElement\":[{\"@type\":\"ListItem\",\"position\":1,\"name\":\"Accueil\",\"item\":\"https:\/\/www.bymycar.be\/webzine\/\"},{\"@type\":\"ListItem\",\"position\":2,\"name\":\"Location Mercedes BYmyCAR\"}]},{\"@type\":\"WebSite\",\"@id\":\"https:\/\/www.bymycar.be\/webzine\/nl\/#website\",\"url\":\"https:\/\/www.bymycar.be\/webzine\/nl\/\",\"name\":\"Webzine | BYmyCAR\",\"description\":\"_Le webzine auto de\",\"publisher\":{\"@id\":\"https:\/\/www.bymycar.be\/webzine\/nl\/#organization\"},\"potentialAction\":[{\"@type\":\"SearchAction\",\"target\":{\"@type\":\"EntryPoint\",\"urlTemplate\":\"https:\/\/www.bymycar.be\/webzine\/nl\/?s={search_term_string}\"},\"query-input\":{\"@type\":\"PropertyValueSpecification\",\"valueRequired\":true,\"valueName\":\"search_term_string\"}}],\"inLanguage\":\"fr-FR\"},{\"@type\":\"Organization\",\"@id\":\"https:\/\/www.bymycar.be\/webzine\/nl\/#organization\",\"name\":\"Webzine | BYmyCAR\",\"url\":\"https:\/\/www.bymycar.be\/webzine\/nl\/\",\"logo\":{\"@type\":\"ImageObject\",\"inLanguage\":\"fr-FR\",\"@id\":\"https:\/\/www.bymycar.be\/webzine\/nl\/#\/schema\/logo\/image\/\",\"url\":\"https:\/\/cdn.bymycar.eu\/be-webzine\/wp-content\/uploads\/2024\/11\/20203047\/logo.png\",\"contentUrl\":\"https:\/\/cdn.bymycar.eu\/be-webzine\/wp-content\/uploads\/2024\/11\/20203047\/logo.png\",\"width\":1280,\"height\":512,\"caption\":\"Webzine | BYmyCAR\"},\"image\":{\"@id\":\"https:\/\/www.bymycar.be\/webzine\/nl\/#\/schema\/logo\/image\/\"},\"sameAs\":[\"https:\/\/www.facebook.com\/BYmyCAR.officiel\/\",\"https:\/\/www.instagram.com\/bymycar.officiel\/\"]},{\"@type\":\"Person\",\"@id\":\"https:\/\/www.bymycar.be\/webzine\/nl\/#\/schema\/person\/14fd70b753c32bf847bb128b7e790218\",\"name\":\"Justine Tibbaut\",\"image\":{\"@type\":\"ImageObject\",\"inLanguage\":\"fr-FR\",\"@id\":\"https:\/\/www.bymycar.be\/webzine\/nl\/#\/schema\/person\/image\/\",\"url\":\"https:\/\/secure.gravatar.com\/avatar\/711da9a60476265804a6d84abd478fcec4a9b94fdcd7265cdda6e48808afa8bc?s=96&d=mm&r=g\",\"contentUrl\":\"https:\/\/secure.gravatar.com\/avatar\/711da9a60476265804a6d84abd478fcec4a9b94fdcd7265cdda6e48808afa8bc?s=96&d=mm&r=g\",\"caption\":\"Justine Tibbaut\"}}]}<\/script>\n<!-- \/ Yoast SEO Premium plugin. -->","yoast_head_json":{"title":"Location Mercedes BYmyCAR - Webzine BE | BYmyCAR","description":"BYmyCAR r\u00e9pond \u00e0 vos besoins de mobilit\u00e9 en vous proposant la location court terme de v\u00e9hicules de la gamme Mercedes-Benz.","robots":{"index":"index","follow":"follow","max-snippet":"max-snippet:-1","max-image-preview":"max-image-preview:large","max-video-preview":"max-video-preview:-1"},"canonical":"https:\/\/www.bymycar.be\/webzine\/location-mercedes-bymycar\/","og_locale":"fr_FR","og_type":"article","og_title":"Location Mercedes BYmyCAR","og_description":"BYmyCAR r\u00e9pond \u00e0 vos besoins de mobilit\u00e9 en vous proposant la location court terme de v\u00e9hicules de la gamme Mercedes-Benz.","og_url":"https:\/\/www.bymycar.be\/webzine\/location-mercedes-bymycar\/","og_site_name":"Webzine BE | BYmyCAR","article_publisher":"https:\/\/www.facebook.com\/BYmyCAR.officiel\/","article_published_time":"2024-12-16T11:59:38+00:00","article_modified_time":"2025-03-20T10:17:50+00:00","author":"Justine Tibbaut","twitter_card":"summary_large_image","twitter_misc":{"\u00c9crit par":"Justine Tibbaut"},"schema":{"@context":"https:\/\/schema.org","@graph":[{"@type":"Article","@id":"https:\/\/www.bymycar.be\/webzine\/location-mercedes-bymycar\/#article","isPartOf":{"@id":"https:\/\/www.bymycar.be\/webzine\/location-mercedes-bymycar\/"},"author":{"name":"Justine Tibbaut","@id":"https:\/\/www.bymycar.be\/webzine\/nl\/#\/schema\/person\/14fd70b753c32bf847bb128b7e790218"},"headline":"Location Mercedes BYmyCAR","datePublished":"2024-12-16T11:59:38+00:00","dateModified":"2025-03-20T10:17:50+00:00","mainEntityOfPage":{"@id":"https:\/\/www.bymycar.be\/webzine\/location-mercedes-bymycar\/"},"wordCount":3,"publisher":{"@id":"https:\/\/www.bymycar.be\/webzine\/nl\/#organization"},"articleSection":["Location UCAR+"],"inLanguage":"fr-FR"},{"@type":"WebPage","@id":"https:\/\/www.bymycar.be\/webzine\/location-mercedes-bymycar\/","url":"https:\/\/www.bymycar.be\/webzine\/location-mercedes-bymycar\/","name":"Location Mercedes BYmyCAR - Webzine BE | BYmyCAR","isPartOf":{"@id":"https:\/\/www.bymycar.be\/webzine\/nl\/#website"},"datePublished":"2024-12-16T11:59:38+00:00","dateModified":"2025-03-20T10:17:50+00:00","description":"BYmyCAR r\u00e9pond \u00e0 vos besoins de mobilit\u00e9 en vous proposant la location court terme de v\u00e9hicules de la gamme Mercedes-Benz.","breadcrumb":{"@id":"https:\/\/www.bymycar.be\/webzine\/location-mercedes-bymycar\/#breadcrumb"},"inLanguage":"fr-FR","potentialAction":[{"@type":"ReadAction","target":["https:\/\/www.bymycar.be\/webzine\/location-mercedes-bymycar\/"]}]},{"@type":"BreadcrumbList","@id":"https:\/\/www.bymycar.be\/webzine\/location-mercedes-bymycar\/#breadcrumb","itemListElement":[{"@type":"ListItem","position":1,"name":"Accueil","item":"https:\/\/www.bymycar.be\/webzine\/"},{"@type":"ListItem","position":2,"name":"Location Mercedes BYmyCAR"}]},{"@type":"WebSite","@id":"https:\/\/www.bymycar.be\/webzine\/nl\/#website","url":"https:\/\/www.bymycar.be\/webzine\/nl\/","name":"Webzine | BYmyCAR","description":"_Le webzine auto de","publisher":{"@id":"https:\/\/www.bymycar.be\/webzine\/nl\/#organization"},"potentialAction":[{"@type":"SearchAction","target":{"@type":"EntryPoint","urlTemplate":"https:\/\/www.bymycar.be\/webzine\/nl\/?s={search_term_string}"},"query-input":{"@type":"PropertyValueSpecification","valueRequired":true,"valueName":"search_term_string"}}],"inLanguage":"fr-FR"},{"@type":"Organization","@id":"https:\/\/www.bymycar.be\/webzine\/nl\/#organization","name":"Webzine | BYmyCAR","url":"https:\/\/www.bymycar.be\/webzine\/nl\/","logo":{"@type":"ImageObject","inLanguage":"fr-FR","@id":"https:\/\/www.bymycar.be\/webzine\/nl\/#\/schema\/logo\/image\/","url":"https:\/\/cdn.bymycar.eu\/be-webzine\/wp-content\/uploads\/2024\/11\/20203047\/logo.png","contentUrl":"https:\/\/cdn.bymycar.eu\/be-webzine\/wp-content\/uploads\/2024\/11\/20203047\/logo.png","width":1280,"height":512,"caption":"Webzine | BYmyCAR"},"image":{"@id":"https:\/\/www.bymycar.be\/webzine\/nl\/#\/schema\/logo\/image\/"},"sameAs":["https:\/\/www.facebook.com\/BYmyCAR.officiel\/","https:\/\/www.instagram.com\/bymycar.officiel\/"]},{"@type":"Person","@id":"https:\/\/www.bymycar.be\/webzine\/nl\/#\/schema\/person\/14fd70b753c32bf847bb128b7e790218","name":"Justine Tibbaut","image":{"@type":"ImageObject","inLanguage":"fr-FR","@id":"https:\/\/www.bymycar.be\/webzine\/nl\/#\/schema\/person\/image\/","url":"https:\/\/secure.gravatar.com\/avatar\/711da9a60476265804a6d84abd478fcec4a9b94fdcd7265cdda6e48808afa8bc?s=96&d=mm&r=g","contentUrl":"https:\/\/secure.gravatar.com\/avatar\/711da9a60476265804a6d84abd478fcec4a9b94fdcd7265cdda6e48808afa8bc?s=96&d=mm&r=g","caption":"Justine Tibbaut"}}]}},"_links":{"self":[{"href":"https:\/\/www.bymycar.be\/webzine\/wp-json\/wp\/v2\/posts\/4023","targetHints":{"allow":["GET"]}}],"collection":[{"href":"https:\/\/www.bymycar.be\/webzine\/wp-json\/wp\/v2\/posts"}],"about":[{"href":"https:\/\/www.bymycar.be\/webzine\/wp-json\/wp\/v2\/types\/post"}],"author":[{"embeddable":true,"href":"https:\/\/www.bymycar.be\/webzine\/wp-json\/wp\/v2\/users\/7"}],"replies":[{"embeddable":true,"href":"https:\/\/www.bymycar.be\/webzine\/wp-json\/wp\/v2\/comments?post=4023"}],"version-history":[{"count":6,"href":"https:\/\/www.bymycar.be\/webzine\/wp-json\/wp\/v2\/posts\/4023\/revisions"}],"predecessor-version":[{"id":4313,"href":"https:\/\/www.bymycar.be\/webzine\/wp-json\/wp\/v2\/posts\/4023\/revisions\/4313"}],"wp:attachment":[{"href":"https:\/\/www.bymycar.be\/webzine\/wp-json\/wp\/v2\/media?parent=4023"}],"wp:term":[{"taxonomy":"category","embeddable":true,"href":"https:\/\/www.bymycar.be\/webzine\/wp-json\/wp\/v2\/categories?post=4023"},{"taxonomy":"post_tag","embeddable":true,"href":"https:\/\/www.bymycar.be\/webzine\/wp-json\/wp\/v2\/tags?post=4023"}],"curies":[{"name":"wp","href":"https:\/\/api.w.org\/{rel}","templated":true}]}}